{"id":382,"date":"2021-03-09T13:16:39","date_gmt":"2021-03-09T13:16:39","guid":{"rendered":"https:\/\/website.prod.unilu.spikeseed.cloud\/fhse-fr\/news\/neuerscheinung-zeitrahmenuberschreitungen-im-vormodernen-erzahlen\/"},"modified":"2021-03-09T13:16:39","modified_gmt":"2021-03-09T13:16:39","slug":"neuerscheinung-zeitrahmenuberschreitungen-im-vormodernen-erzahlen","status":"publish","type":"news","link":"https:\/\/www.uni.lu\/fhse-fr\/news\/neuerscheinung-zeitrahmenuberschreitungen-im-vormodernen-erzahlen\/","title":{"rendered":"Neuerscheinung: ZeitRahmen\u00dcberschreitungen im vormodernen Erz\u00e4hlen"},"content":{"rendered":"<section class=\"wp-block-unilux-blocks-free-section section\"><div class=\"container xl:max-w-screen-xl\"><p>Das Themenheft der Beitr\u00e4ge zur medi\u00e4vistischen Erz\u00e4hlforschung ist von Amelie Bendheim und Martin Sebastian Hammer herausgegeben. Es verortet sich im Schnittfeld dreier Diskurse medi\u00e4vistischer Erz\u00e4hlforschung, indem es nach Interdependenzen von \u203aZeit\u2039, \u203aRahmen\u2039 und \u203a\u00dcberschreitung\u2039 fragt.<\/p><p>In den Blick treten u. a. Reibungen zwischen konkurrierenden Modellen erz\u00e4hlter Zeit sowie Kurzschl\u00fcsse von Erz\u00e4hlzeit und erz\u00e4hlter Zeit, die jeweils zuvor etablierte Rahmungen zu transgredieren verm\u00f6gen. Die Beitr\u00e4ge widmen sich einer bisher kaum beachteten Metalepse des \u203aErec\u2039, dem Verh\u00e4ltnis von Zeit und Transzendenz im Kyot-Exkurs des \u203aParzival\u2039, der Transgressivit\u00e4t des Stierwunders in Konrads von W\u00fcrzburg \u203aSilvester\u2039, der Narrativierung von Zeit(enthobenheit) in der Brandantradition und im \u203aM\u00f6nch Felix\u2039, den Trink- und Ratsheischen der Spielmannsepik sowie Formen und Funktionen anachronistischen Erz\u00e4hlens im \u203aScotichronicon\u2039. In der Zusammenschau unterstreichen sie nicht nur die Vielfalt an Zug\u00e4ngen, sondern insbesondere die text- und gattungs\u00fcbergreifende Relevanz von \u203aZeitRahmen\u00dcberschreitungen\u2039 im vormodernen Erz\u00e4hlen.<\/p><\/div><\/section>","protected":false},"excerpt":{"rendered":"<p>Das Themenheft der Beitr\u00e4ge zur medi\u00e4vistischen Erz\u00e4hlforschung ist von Amelie Bendheim und Martin Sebastian Hammer herausgegeben. Es verortet sich im Schnittfeld dreier Diskurse medi\u00e4vistischer Erz\u00e4hlforschung, indem es nach Interdependenzen von \u203aZeit\u2039, \u203aRahmen\u2039 und \u203a\u00dcberschreitung\u2039 fragt.<\/p>\n","protected":false},"author":0,"featured_media":383,"template":"","format":"standard","meta":{"featured_image_focal_point":[],"show_featured_caption":false,"ulux_newsletter_groups":"","uluxPostTitle":"","uluxPrePostTitle":"","_trash_the_other_posts":false,"_price":"","_stock":"","_tribe_ticket_header":"","_tribe_default_ticket_provider":"","_tribe_ticket_capacity":"0","_ticket_start_date":"","_ticket_end_date":"","_tribe_ticket_show_description":"","_tribe_ticket_show_not_going":false,"_tribe_ticket_use_global_stock":"","_tribe_ticket_global_stock_level":"","_global_stock_mode":"","_global_stock_cap":"","_tribe_rsvp_for_event":"","_tribe_ticket_going_count":"","_tribe_ticket_not_going_count":"","_tribe_tickets_list":"[]","_tribe_ticket_has_attendee_info_fields":false},"news-category":[3],"news-topic":[16],"organisation":[170,171],"authorship":[],"acf":[],"yoast_head":"<!-- This site is optimized with the Yoast SEO Premium plugin v22.3 (Yoast SEO v22.3) - https:\/\/yoast.com\/wordpress\/plugins\/seo\/ -->\n<title>Neuerscheinung: ZeitRahmen\u00dcberschreitungen im vormodernen Erz\u00e4hlen - FHSE actualit\u00e9s I Universit\u00e9 du Luxembourg<\/title>\n<meta name=\"description\" content=\"Das Themenheft der Beitr\u00e4ge zur medi\u00e4vistischen Erz\u00e4hlforschung ist von Amelie Bendheim und Martin Sebastian Hammer herausgegeben. Es verortet sich im Schnittfeld dreier Diskurse medi\u00e4vistischer Erz\u00e4hlforschung, indem es nach Interdependenzen von \u203aZeit\u2039, \u203aRahmen\u2039 und \u203a\u00dcberschreitung\u2039 fragt.\" \/>\n<meta name=\"robots\" content=\"index, follow, max-snippet:-1, max-image-preview:large, max-video-preview:-1\" \/>\n<link rel=\"canonical\" href=\"https:\/\/www.uni.lu\/fhse-fr\/news\/neuerscheinung-zeitrahmenuberschreitungen-im-vormodernen-erzahlen\/\" \/>\n<meta property=\"og:locale\" content=\"fr_FR\" \/>\n<meta property=\"og:type\" content=\"article\" \/>\n<meta property=\"og:title\" content=\"Neuerscheinung: ZeitRahmen\u00dcberschreitungen im vormodernen Erz\u00e4hlen\" \/>\n<meta property=\"og:description\" content=\"Das Themenheft der Beitr\u00e4ge zur medi\u00e4vistischen Erz\u00e4hlforschung ist von Amelie Bendheim und Martin Sebastian Hammer herausgegeben. Es verortet sich im Schnittfeld dreier Diskurse medi\u00e4vistischer Erz\u00e4hlforschung, indem es nach Interdependenzen von \u203aZeit\u2039, \u203aRahmen\u2039 und \u203a\u00dcberschreitung\u2039 fragt.\" \/>\n<meta property=\"og:url\" content=\"https:\/\/www.uni.lu\/fhse-fr\/news\/neuerscheinung-zeitrahmenuberschreitungen-im-vormodernen-erzahlen\/\" \/>\n<meta property=\"og:site_name\" content=\"FHSE FR\" \/>\n<meta property=\"og:image\" content=\"https:\/\/www.uni.lu\/wp-content\/uploads\/sites\/16\/2021\/03\/neuerscheinung_zeitrahmenueberschreitungen_im_vormodernen_erzaehlen.jpg\" \/>\n\t<meta property=\"og:image:width\" content=\"800\" \/>\n\t<meta property=\"og:image:height\" content=\"600\" \/>\n\t<meta property=\"og:image:type\" content=\"image\/jpeg\" \/>\n<meta name=\"twitter:card\" content=\"summary_large_image\" \/>\n<meta name=\"twitter:label1\" content=\"Dur\u00e9e de lecture estim\u00e9e\" \/>\n\t<meta name=\"twitter:data1\" content=\"1 minute\" \/>\n<script type=\"application\/ld+json\" class=\"yoast-schema-graph\">{\"@context\":\"https:\/\/schema.org\",\"@graph\":[{\"@type\":\"NewsArticle\",\"@id\":\"https:\/\/www.uni.lu\/fhse-fr\/news\/neuerscheinung-zeitrahmenuberschreitungen-im-vormodernen-erzahlen\/#article\",\"isPartOf\":{\"@id\":\"https:\/\/www.uni.lu\/fhse-fr\/news\/neuerscheinung-zeitrahmenuberschreitungen-im-vormodernen-erzahlen\/\"},\"author\":{\"name\":\"\",\"@id\":\"\"},\"headline\":\"Neuerscheinung: ZeitRahmen\u00dcberschreitungen im vormodernen Erz\u00e4hlen\",\"datePublished\":\"2021-03-09T13:16:39+00:00\",\"dateModified\":\"2021-03-09T13:16:39+00:00\",\"mainEntityOfPage\":{\"@id\":\"https:\/\/www.uni.lu\/fhse-fr\/news\/neuerscheinung-zeitrahmenuberschreitungen-im-vormodernen-erzahlen\/\"},\"wordCount\":168,\"publisher\":{\"@id\":\"https:\/\/www.uni.lu\/fhse-fr\/#organization\"},\"image\":{\"@id\":\"https:\/\/www.uni.lu\/fhse-fr\/news\/neuerscheinung-zeitrahmenuberschreitungen-im-vormodernen-erzahlen\/#primaryimage\"},\"thumbnailUrl\":\"https:\/\/www.uni.lu\/wp-content\/uploads\/sites\/16\/2021\/03\/neuerscheinung_zeitrahmenueberschreitungen_im_vormodernen_erzaehlen.jpg\",\"inLanguage\":\"fr-FR\"},{\"@type\":\"WebPage\",\"@id\":\"https:\/\/www.uni.lu\/fhse-fr\/news\/neuerscheinung-zeitrahmenuberschreitungen-im-vormodernen-erzahlen\/\",\"url\":\"https:\/\/www.uni.lu\/fhse-fr\/news\/neuerscheinung-zeitrahmenuberschreitungen-im-vormodernen-erzahlen\/\",\"name\":\"Neuerscheinung: ZeitRahmen\u00dcberschreitungen im vormodernen Erz\u00e4hlen - FHSE actualit\u00e9s I Universit\u00e9 du Luxembourg\",\"isPartOf\":{\"@id\":\"https:\/\/www.uni.lu\/fhse-fr\/#website\"},\"primaryImageOfPage\":{\"@id\":\"https:\/\/www.uni.lu\/fhse-fr\/news\/neuerscheinung-zeitrahmenuberschreitungen-im-vormodernen-erzahlen\/#primaryimage\"},\"image\":{\"@id\":\"https:\/\/www.uni.lu\/fhse-fr\/news\/neuerscheinung-zeitrahmenuberschreitungen-im-vormodernen-erzahlen\/#primaryimage\"},\"thumbnailUrl\":\"https:\/\/www.uni.lu\/wp-content\/uploads\/sites\/16\/2021\/03\/neuerscheinung_zeitrahmenueberschreitungen_im_vormodernen_erzaehlen.jpg\",\"datePublished\":\"2021-03-09T13:16:39+00:00\",\"dateModified\":\"2021-03-09T13:16:39+00:00\",\"description\":\"Das Themenheft der Beitr\u00e4ge zur medi\u00e4vistischen Erz\u00e4hlforschung ist von Amelie Bendheim und Martin Sebastian Hammer herausgegeben. Es verortet sich im Schnittfeld dreier Diskurse medi\u00e4vistischer Erz\u00e4hlforschung, indem es nach Interdependenzen von \u203aZeit\u2039, \u203aRahmen\u2039 und \u203a\u00dcberschreitung\u2039 fragt.\",\"breadcrumb\":{\"@id\":\"https:\/\/www.uni.lu\/fhse-fr\/news\/neuerscheinung-zeitrahmenuberschreitungen-im-vormodernen-erzahlen\/#breadcrumb\"},\"inLanguage\":\"fr-FR\",\"potentialAction\":[{\"@type\":\"ReadAction\",\"target\":[\"https:\/\/www.uni.lu\/fhse-fr\/news\/neuerscheinung-zeitrahmenuberschreitungen-im-vormodernen-erzahlen\/\"]}]},{\"@type\":\"ImageObject\",\"inLanguage\":\"fr-FR\",\"@id\":\"https:\/\/www.uni.lu\/fhse-fr\/news\/neuerscheinung-zeitrahmenuberschreitungen-im-vormodernen-erzahlen\/#primaryimage\",\"url\":\"https:\/\/www.uni.lu\/wp-content\/uploads\/sites\/16\/2021\/03\/neuerscheinung_zeitrahmenueberschreitungen_im_vormodernen_erzaehlen.jpg\",\"contentUrl\":\"https:\/\/www.uni.lu\/wp-content\/uploads\/sites\/16\/2021\/03\/neuerscheinung_zeitrahmenueberschreitungen_im_vormodernen_erzaehlen.jpg\",\"width\":800,\"height\":600},{\"@type\":\"BreadcrumbList\",\"@id\":\"https:\/\/www.uni.lu\/fhse-fr\/news\/neuerscheinung-zeitrahmenuberschreitungen-im-vormodernen-erzahlen\/#breadcrumb\",\"itemListElement\":[{\"@type\":\"ListItem\",\"position\":1,\"name\":\"Home\",\"item\":\"https:\/\/www.uni.lu\/fr\"},{\"@type\":\"ListItem\",\"position\":2,\"name\":\"Facult\u00e9 des Sciences Humaines, des Sciences de l\u2019\u00c9ducation et des Sciences Sociales\u200b\",\"item\":\"https:\/\/www.uni.lu\/fhse-fr\/\"},{\"@type\":\"ListItem\",\"position\":3,\"name\":\"News\",\"item\":\"https:\/\/www.uni.lu\/fhse-fr\/news\/\"},{\"@type\":\"ListItem\",\"position\":4,\"name\":\"Neuerscheinung: ZeitRahmen\u00dcberschreitungen im vormodernen Erz\u00e4hlen\"}]},{\"@type\":\"WebSite\",\"@id\":\"https:\/\/www.uni.lu\/fhse-fr\/#website\",\"url\":\"https:\/\/www.uni.lu\/fhse-fr\/\",\"name\":\"FHSE\",\"description\":\"Facult\u00e9 des Sciences Humaines, des Sciences de l\u2019\u00c9ducation et des Sciences Sociales\u200b I Uni.lu\",\"publisher\":{\"@id\":\"https:\/\/www.uni.lu\/fhse-fr\/#organization\"},\"alternateName\":\"Facult\u00e9 des Sciences Humaines, des Sciences de l\u2019\u00c9ducation et des Sciences Sociales\u200b I Universit\u00e9 du Luxembourg\",\"potentialAction\":[{\"@type\":\"SearchAction\",\"target\":{\"@type\":\"EntryPoint\",\"urlTemplate\":\"https:\/\/www.uni.lu\/fhse-fr\/?s={search_term_string}\"},\"query-input\":\"required name=search_term_string\"}],\"inLanguage\":\"fr-FR\"},{\"@type\":\"Organization\",\"@id\":\"https:\/\/www.uni.lu\/fhse-fr\/#organization\",\"name\":\"FHSE - Universit\u00e9 du Luxembourg I Uni.lu\",\"alternateName\":\"Facult\u00e9 des Sciences Humaines, des Sciences de l\u2019\u00c9ducation et des Sciences Sociales\u200b\",\"url\":\"https:\/\/www.uni.lu\/fhse-fr\/\",\"logo\":{\"@type\":\"ImageObject\",\"inLanguage\":\"fr-FR\",\"@id\":\"https:\/\/www.uni.lu\/fhse-fr\/#\/schema\/logo\/image\/\",\"url\":\"https:\/\/www.uni.lu\/wp-content\/uploads\/sites\/16\/2026\/03\/03112325\/FHSE_SM-Profile_1600x1600px-scaled.jpg\",\"contentUrl\":\"https:\/\/www.uni.lu\/wp-content\/uploads\/sites\/16\/2026\/03\/03112325\/FHSE_SM-Profile_1600x1600px-scaled.jpg\",\"width\":2560,\"height\":2560,\"caption\":\"FHSE - Universit\u00e9 du Luxembourg I Uni.lu\"},\"image\":\"https:\/\/www.uni.lu\/wp-content\/uploads\/sites\/16\/2026\/04\/24144331\/20200609-Belval-Campus_Henri-Goergen-23.jpg\",\"sameAs\":[\"https:\/\/humanities.uni.lu\/\"],\"email\":\"communication@uni.lu\",\"telephone\":\"+3524666441\",\"address\":{\"@type\":\"PostalAddress\",\"streetAddress\":\"11, Porte des Sciences\",\"addressLocality\":\"Esch-sur-Alzette\",\"postalCode\":\"4365\",\"addressCountry\":\"LU\"},\"description\":\"Facult\u00e9 des Sciences Humaines, des Sciences de l\u2019\u00c9ducation et des Sciences Sociales\u200b I Uni.lu\"}]}<\/script>\n<!-- \/ Yoast SEO Premium plugin. -->","yoast_head_json":{"title":"Neuerscheinung: ZeitRahmen\u00dcberschreitungen im vormodernen Erz\u00e4hlen - FHSE actualit\u00e9s I Universit\u00e9 du Luxembourg","description":"Das Themenheft der Beitr\u00e4ge zur medi\u00e4vistischen Erz\u00e4hlforschung ist von Amelie Bendheim und Martin Sebastian Hammer herausgegeben. Es verortet sich im Schnittfeld dreier Diskurse medi\u00e4vistischer Erz\u00e4hlforschung, indem es nach Interdependenzen von \u203aZeit\u2039, \u203aRahmen\u2039 und \u203a\u00dcberschreitung\u2039 fragt.","robots":{"index":"index","follow":"follow","max-snippet":"max-snippet:-1","max-image-preview":"max-image-preview:large","max-video-preview":"max-video-preview:-1"},"canonical":"https:\/\/www.uni.lu\/fhse-fr\/news\/neuerscheinung-zeitrahmenuberschreitungen-im-vormodernen-erzahlen\/","og_locale":"fr_FR","og_type":"article","og_title":"Neuerscheinung: ZeitRahmen\u00dcberschreitungen im vormodernen Erz\u00e4hlen","og_description":"Das Themenheft der Beitr\u00e4ge zur medi\u00e4vistischen Erz\u00e4hlforschung ist von Amelie Bendheim und Martin Sebastian Hammer herausgegeben. Es verortet sich im Schnittfeld dreier Diskurse medi\u00e4vistischer Erz\u00e4hlforschung, indem es nach Interdependenzen von \u203aZeit\u2039, \u203aRahmen\u2039 und \u203a\u00dcberschreitung\u2039 fragt.","og_url":"https:\/\/www.uni.lu\/fhse-fr\/news\/neuerscheinung-zeitrahmenuberschreitungen-im-vormodernen-erzahlen\/","og_site_name":"FHSE FR","og_image":[{"width":800,"height":600,"url":"https:\/\/www.uni.lu\/wp-content\/uploads\/sites\/16\/2021\/03\/neuerscheinung_zeitrahmenueberschreitungen_im_vormodernen_erzaehlen.jpg","type":"image\/jpeg"}],"twitter_card":"summary_large_image","twitter_misc":{"Dur\u00e9e de lecture estim\u00e9e":"1 minute"},"schema":{"@context":"https:\/\/schema.org","@graph":[{"@type":"NewsArticle","@id":"https:\/\/www.uni.lu\/fhse-fr\/news\/neuerscheinung-zeitrahmenuberschreitungen-im-vormodernen-erzahlen\/#article","isPartOf":{"@id":"https:\/\/www.uni.lu\/fhse-fr\/news\/neuerscheinung-zeitrahmenuberschreitungen-im-vormodernen-erzahlen\/"},"author":{"name":"","@id":""},"headline":"Neuerscheinung: ZeitRahmen\u00dcberschreitungen im vormodernen Erz\u00e4hlen","datePublished":"2021-03-09T13:16:39+00:00","dateModified":"2021-03-09T13:16:39+00:00","mainEntityOfPage":{"@id":"https:\/\/www.uni.lu\/fhse-fr\/news\/neuerscheinung-zeitrahmenuberschreitungen-im-vormodernen-erzahlen\/"},"wordCount":168,"publisher":{"@id":"https:\/\/www.uni.lu\/fhse-fr\/#organization"},"image":{"@id":"https:\/\/www.uni.lu\/fhse-fr\/news\/neuerscheinung-zeitrahmenuberschreitungen-im-vormodernen-erzahlen\/#primaryimage"},"thumbnailUrl":"https:\/\/www.uni.lu\/wp-content\/uploads\/sites\/16\/2021\/03\/neuerscheinung_zeitrahmenueberschreitungen_im_vormodernen_erzaehlen.jpg","inLanguage":"fr-FR"},{"@type":"WebPage","@id":"https:\/\/www.uni.lu\/fhse-fr\/news\/neuerscheinung-zeitrahmenuberschreitungen-im-vormodernen-erzahlen\/","url":"https:\/\/www.uni.lu\/fhse-fr\/news\/neuerscheinung-zeitrahmenuberschreitungen-im-vormodernen-erzahlen\/","name":"Neuerscheinung: ZeitRahmen\u00dcberschreitungen im vormodernen Erz\u00e4hlen - FHSE actualit\u00e9s I Universit\u00e9 du Luxembourg","isPartOf":{"@id":"https:\/\/www.uni.lu\/fhse-fr\/#website"},"primaryImageOfPage":{"@id":"https:\/\/www.uni.lu\/fhse-fr\/news\/neuerscheinung-zeitrahmenuberschreitungen-im-vormodernen-erzahlen\/#primaryimage"},"image":{"@id":"https:\/\/www.uni.lu\/fhse-fr\/news\/neuerscheinung-zeitrahmenuberschreitungen-im-vormodernen-erzahlen\/#primaryimage"},"thumbnailUrl":"https:\/\/www.uni.lu\/wp-content\/uploads\/sites\/16\/2021\/03\/neuerscheinung_zeitrahmenueberschreitungen_im_vormodernen_erzaehlen.jpg","datePublished":"2021-03-09T13:16:39+00:00","dateModified":"2021-03-09T13:16:39+00:00","description":"Das Themenheft der Beitr\u00e4ge zur medi\u00e4vistischen Erz\u00e4hlforschung ist von Amelie Bendheim und Martin Sebastian Hammer herausgegeben. Es verortet sich im Schnittfeld dreier Diskurse medi\u00e4vistischer Erz\u00e4hlforschung, indem es nach Interdependenzen von \u203aZeit\u2039, \u203aRahmen\u2039 und \u203a\u00dcberschreitung\u2039 fragt.","breadcrumb":{"@id":"https:\/\/www.uni.lu\/fhse-fr\/news\/neuerscheinung-zeitrahmenuberschreitungen-im-vormodernen-erzahlen\/#breadcrumb"},"inLanguage":"fr-FR","potentialAction":[{"@type":"ReadAction","target":["https:\/\/www.uni.lu\/fhse-fr\/news\/neuerscheinung-zeitrahmenuberschreitungen-im-vormodernen-erzahlen\/"]}]},{"@type":"ImageObject","inLanguage":"fr-FR","@id":"https:\/\/www.uni.lu\/fhse-fr\/news\/neuerscheinung-zeitrahmenuberschreitungen-im-vormodernen-erzahlen\/#primaryimage","url":"https:\/\/www.uni.lu\/wp-content\/uploads\/sites\/16\/2021\/03\/neuerscheinung_zeitrahmenueberschreitungen_im_vormodernen_erzaehlen.jpg","contentUrl":"https:\/\/www.uni.lu\/wp-content\/uploads\/sites\/16\/2021\/03\/neuerscheinung_zeitrahmenueberschreitungen_im_vormodernen_erzaehlen.jpg","width":800,"height":600},{"@type":"BreadcrumbList","@id":"https:\/\/www.uni.lu\/fhse-fr\/news\/neuerscheinung-zeitrahmenuberschreitungen-im-vormodernen-erzahlen\/#breadcrumb","itemListElement":[{"@type":"ListItem","position":1,"name":"Home","item":"https:\/\/www.uni.lu\/fr"},{"@type":"ListItem","position":2,"name":"Facult\u00e9 des Sciences Humaines, des Sciences de l\u2019\u00c9ducation et des Sciences Sociales\u200b","item":"https:\/\/www.uni.lu\/fhse-fr\/"},{"@type":"ListItem","position":3,"name":"News","item":"https:\/\/www.uni.lu\/fhse-fr\/news\/"},{"@type":"ListItem","position":4,"name":"Neuerscheinung: ZeitRahmen\u00dcberschreitungen im vormodernen Erz\u00e4hlen"}]},{"@type":"WebSite","@id":"https:\/\/www.uni.lu\/fhse-fr\/#website","url":"https:\/\/www.uni.lu\/fhse-fr\/","name":"FHSE","description":"Facult\u00e9 des Sciences Humaines, des Sciences de l\u2019\u00c9ducation et des Sciences Sociales\u200b I Uni.lu","publisher":{"@id":"https:\/\/www.uni.lu\/fhse-fr\/#organization"},"alternateName":"Facult\u00e9 des Sciences Humaines, des Sciences de l\u2019\u00c9ducation et des Sciences Sociales\u200b I Universit\u00e9 du Luxembourg","potentialAction":[{"@type":"SearchAction","target":{"@type":"EntryPoint","urlTemplate":"https:\/\/www.uni.lu\/fhse-fr\/?s={search_term_string}"},"query-input":"required name=search_term_string"}],"inLanguage":"fr-FR"},{"@type":"Organization","@id":"https:\/\/www.uni.lu\/fhse-fr\/#organization","name":"FHSE - Universit\u00e9 du Luxembourg I Uni.lu","alternateName":"Facult\u00e9 des Sciences Humaines, des Sciences de l\u2019\u00c9ducation et des Sciences Sociales\u200b","url":"https:\/\/www.uni.lu\/fhse-fr\/","logo":{"@type":"ImageObject","inLanguage":"fr-FR","@id":"https:\/\/www.uni.lu\/fhse-fr\/#\/schema\/logo\/image\/","url":"https:\/\/www.uni.lu\/wp-content\/uploads\/sites\/16\/2026\/03\/03112325\/FHSE_SM-Profile_1600x1600px-scaled.jpg","contentUrl":"https:\/\/www.uni.lu\/wp-content\/uploads\/sites\/16\/2026\/03\/03112325\/FHSE_SM-Profile_1600x1600px-scaled.jpg","width":2560,"height":2560,"caption":"FHSE - Universit\u00e9 du Luxembourg I Uni.lu"},"image":"https:\/\/www.uni.lu\/wp-content\/uploads\/sites\/16\/2026\/04\/24144331\/20200609-Belval-Campus_Henri-Goergen-23.jpg","sameAs":["https:\/\/humanities.uni.lu\/"],"email":"communication@uni.lu","telephone":"+3524666441","address":{"@type":"PostalAddress","streetAddress":"11, Porte des Sciences","addressLocality":"Esch-sur-Alzette","postalCode":"4365","addressCountry":"LU"},"description":"Facult\u00e9 des Sciences Humaines, des Sciences de l\u2019\u00c9ducation et des Sciences Sociales\u200b I Uni.lu"}]}},"blog_id":16,"_links":{"self":[{"href":"https:\/\/www.uni.lu\/fhse-fr\/wp-json\/wp\/v2\/news\/382"}],"collection":[{"href":"https:\/\/www.uni.lu\/fhse-fr\/wp-json\/wp\/v2\/news"}],"about":[{"href":"https:\/\/www.uni.lu\/fhse-fr\/wp-json\/wp\/v2\/types\/news"}],"version-history":[{"count":0,"href":"https:\/\/www.uni.lu\/fhse-fr\/wp-json\/wp\/v2\/news\/382\/revisions"}],"wp:featuredmedia":[{"embeddable":true,"href":"https:\/\/www.uni.lu\/fhse-fr\/wp-json\/wp\/v2\/media\/383"}],"wp:attachment":[{"href":"https:\/\/www.uni.lu\/fhse-fr\/wp-json\/wp\/v2\/media?parent=382"}],"wp:term":[{"taxonomy":"news-category","embeddable":true,"href":"https:\/\/www.uni.lu\/fhse-fr\/wp-json\/wp\/v2\/news-category?post=382"},{"taxonomy":"news-topic","embeddable":true,"href":"https:\/\/www.uni.lu\/fhse-fr\/wp-json\/wp\/v2\/news-topic?post=382"},{"taxonomy":"organisation","embeddable":true,"href":"https:\/\/www.uni.lu\/fhse-fr\/wp-json\/wp\/v2\/organisation?post=382"}],"curies":[{"name":"wp","href":"https:\/\/api.w.org\/{rel}","templated":true}]}}