{"id":38,"date":"2018-02-27T09:57:50","date_gmt":"2018-02-27T09:57:50","guid":{"rendered":"https:\/\/website.prod.unilu.spikeseed.cloud\/fhse-fr\/news\/neuerscheinung-das-deutsche-als-plurizentrische-sprache\/"},"modified":"2018-02-27T09:57:50","modified_gmt":"2018-02-27T09:57:50","slug":"neuerscheinung-das-deutsche-als-plurizentrische-sprache","status":"publish","type":"news","link":"https:\/\/www.uni.lu\/fhse-fr\/news\/neuerscheinung-das-deutsche-als-plurizentrische-sprache\/","title":{"rendered":"Neuerscheinung: Das Deutsche als plurizentrische Sprache"},"content":{"rendered":"<section class=\"wp-block-unilux-blocks-free-section section\"><div class=\"container xl:max-w-screen-xl\"><p>Der von Heinz Sieburg und Hans-Joachim Solms herausgegebene Band stellt neben theoretisch-methodischen Grundannahmen zentrale Erkenntnisse des Plurizentrizit\u00e4tskonzeptes sowie rezente Forschungsprojekte vor.<\/p><p>Dabei wird die Situation in unterschiedlichen L\u00e4ndern in den Blick genommen, wobei das mehrsprachige Luxemburg, neben \u00d6sterreich, der Schweiz und Belgien, einen Schwerpunkt bildet.<\/p><p>Entgegen der im Alltagsbewusstsein noch weit verbreiteten Ansicht, allein die deutsche Sprache in Deutschland sei normgerecht, hat sich in der Variet\u00e4tenlinguistik das Konzept der Plurizentrik weitgehend durchgesetzt. Demnach gliedert sich das Deutsche, wie auch viele andere Sprachen, in verschiedene nationale Standardsprachen, verf\u00fcgt also entsprechend \u00fcber unterschiedliche, und zwar gleichberechtigte Normauspr\u00e4gungen.<\/p><p>Der vorliegende Band bietet hierzu einen grundlegenden und zugleich kritischen Ein- und \u00dcberblick.<\/p><p>224 S., kartoniert, Preis: 49,95\u20ac<\/p><p>ISBN: 978-3-503-17713-4<\/p><p>auch als E-Book erh\u00e4ltlich, Preis: 59,98\u20ac<\/p><p>Inhaltsverzeichnis: http:\/\/www.esv.info\/download\/katalog\/inhvzch\/9783503177134.pdf<\/p><\/div><\/section>","protected":false},"excerpt":{"rendered":"<p>Der von Heinz Sieburg und Hans-Joachim Solms herausgegebene Band stellt neben theoretisch-methodischen Grundannahmen zentrale Erkenntnisse des Plurizentrizit\u00e4tskonzeptes sowie rezente Forschungsprojekte vor.<\/p>\n","protected":false},"author":0,"featured_media":39,"template":"","format":"standard","meta":{"featured_image_focal_point":[],"show_featured_caption":false,"ulux_newsletter_groups":"","uluxPostTitle":"","uluxPrePostTitle":"","_trash_the_other_posts":false,"_price":"","_stock":"","_tribe_ticket_header":"","_tribe_default_ticket_provider":"","_tribe_ticket_capacity":"0","_ticket_start_date":"","_ticket_end_date":"","_tribe_ticket_show_description":"","_tribe_ticket_show_not_going":false,"_tribe_ticket_use_global_stock":"","_tribe_ticket_global_stock_level":"","_global_stock_mode":"","_global_stock_cap":"","_tribe_rsvp_for_event":"","_tribe_ticket_going_count":"","_tribe_ticket_not_going_count":"","_tribe_tickets_list":"[]","_tribe_ticket_has_attendee_info_fields":false},"news-category":[3],"news-topic":[16],"organisation":[170,171],"authorship":[],"acf":[],"yoast_head":"<!-- This site is optimized with the Yoast SEO Premium plugin v22.3 (Yoast SEO v22.3) - https:\/\/yoast.com\/wordpress\/plugins\/seo\/ -->\n<title>Neuerscheinung: Das Deutsche als plurizentrische Sprache - FHSE actualit\u00e9s I Universit\u00e9 du Luxembourg<\/title>\n<meta name=\"description\" content=\"Der von Heinz Sieburg und Hans-Joachim Solms herausgegebene Band stellt neben theoretisch-methodischen Grundannahmen zentrale Erkenntnisse des Plurizentrizit\u00e4tskonzeptes sowie rezente Forschungsprojekte vor.\" \/>\n<meta name=\"robots\" content=\"index, follow, max-snippet:-1, max-image-preview:large, max-video-preview:-1\" \/>\n<link rel=\"canonical\" href=\"https:\/\/www.uni.lu\/fhse-fr\/news\/neuerscheinung-das-deutsche-als-plurizentrische-sprache\/\" \/>\n<meta property=\"og:locale\" content=\"fr_FR\" \/>\n<meta property=\"og:type\" content=\"article\" \/>\n<meta property=\"og:title\" content=\"Neuerscheinung: Das Deutsche als plurizentrische Sprache\" \/>\n<meta property=\"og:description\" content=\"Der von Heinz Sieburg und Hans-Joachim Solms herausgegebene Band stellt neben theoretisch-methodischen Grundannahmen zentrale Erkenntnisse des Plurizentrizit\u00e4tskonzeptes sowie rezente Forschungsprojekte vor.\" \/>\n<meta property=\"og:url\" content=\"https:\/\/www.uni.lu\/fhse-fr\/news\/neuerscheinung-das-deutsche-als-plurizentrische-sprache\/\" \/>\n<meta property=\"og:site_name\" content=\"FHSE FR\" \/>\n<meta property=\"og:image\" content=\"https:\/\/www.uni.lu\/wp-content\/uploads\/sites\/16\/2018\/02\/neuerscheinung_das_deutsche_als_plurizentrische_sprache.jpg\" \/>\n\t<meta property=\"og:image:width\" content=\"800\" \/>\n\t<meta property=\"og:image:height\" content=\"600\" \/>\n\t<meta property=\"og:image:type\" content=\"image\/jpeg\" \/>\n<meta name=\"twitter:card\" content=\"summary_large_image\" \/>\n<meta name=\"twitter:label1\" content=\"Dur\u00e9e de lecture estim\u00e9e\" \/>\n\t<meta name=\"twitter:data1\" content=\"1 minute\" \/>\n<script type=\"application\/ld+json\" class=\"yoast-schema-graph\">{\"@context\":\"https:\/\/schema.org\",\"@graph\":[{\"@type\":\"NewsArticle\",\"@id\":\"https:\/\/www.uni.lu\/fhse-fr\/news\/neuerscheinung-das-deutsche-als-plurizentrische-sprache\/#article\",\"isPartOf\":{\"@id\":\"https:\/\/www.uni.lu\/fhse-fr\/news\/neuerscheinung-das-deutsche-als-plurizentrische-sprache\/\"},\"author\":{\"name\":\"\",\"@id\":\"\"},\"headline\":\"Neuerscheinung: Das Deutsche als plurizentrische Sprache\",\"datePublished\":\"2018-02-27T09:57:50+00:00\",\"dateModified\":\"2018-02-27T09:57:50+00:00\",\"mainEntityOfPage\":{\"@id\":\"https:\/\/www.uni.lu\/fhse-fr\/news\/neuerscheinung-das-deutsche-als-plurizentrische-sprache\/\"},\"wordCount\":142,\"publisher\":{\"@id\":\"https:\/\/www.uni.lu\/fhse-fr\/#organization\"},\"image\":{\"@id\":\"https:\/\/www.uni.lu\/fhse-fr\/news\/neuerscheinung-das-deutsche-als-plurizentrische-sprache\/#primaryimage\"},\"thumbnailUrl\":\"https:\/\/www.uni.lu\/wp-content\/uploads\/sites\/16\/2018\/02\/neuerscheinung_das_deutsche_als_plurizentrische_sprache.jpg\",\"inLanguage\":\"fr-FR\"},{\"@type\":\"WebPage\",\"@id\":\"https:\/\/www.uni.lu\/fhse-fr\/news\/neuerscheinung-das-deutsche-als-plurizentrische-sprache\/\",\"url\":\"https:\/\/www.uni.lu\/fhse-fr\/news\/neuerscheinung-das-deutsche-als-plurizentrische-sprache\/\",\"name\":\"Neuerscheinung: Das Deutsche als plurizentrische Sprache - FHSE actualit\u00e9s I Universit\u00e9 du Luxembourg\",\"isPartOf\":{\"@id\":\"https:\/\/www.uni.lu\/fhse-fr\/#website\"},\"primaryImageOfPage\":{\"@id\":\"https:\/\/www.uni.lu\/fhse-fr\/news\/neuerscheinung-das-deutsche-als-plurizentrische-sprache\/#primaryimage\"},\"image\":{\"@id\":\"https:\/\/www.uni.lu\/fhse-fr\/news\/neuerscheinung-das-deutsche-als-plurizentrische-sprache\/#primaryimage\"},\"thumbnailUrl\":\"https:\/\/www.uni.lu\/wp-content\/uploads\/sites\/16\/2018\/02\/neuerscheinung_das_deutsche_als_plurizentrische_sprache.jpg\",\"datePublished\":\"2018-02-27T09:57:50+00:00\",\"dateModified\":\"2018-02-27T09:57:50+00:00\",\"description\":\"Der von Heinz Sieburg und Hans-Joachim Solms herausgegebene Band stellt neben theoretisch-methodischen Grundannahmen zentrale Erkenntnisse des Plurizentrizit\u00e4tskonzeptes sowie rezente Forschungsprojekte vor.\",\"breadcrumb\":{\"@id\":\"https:\/\/www.uni.lu\/fhse-fr\/news\/neuerscheinung-das-deutsche-als-plurizentrische-sprache\/#breadcrumb\"},\"inLanguage\":\"fr-FR\",\"potentialAction\":[{\"@type\":\"ReadAction\",\"target\":[\"https:\/\/www.uni.lu\/fhse-fr\/news\/neuerscheinung-das-deutsche-als-plurizentrische-sprache\/\"]}]},{\"@type\":\"ImageObject\",\"inLanguage\":\"fr-FR\",\"@id\":\"https:\/\/www.uni.lu\/fhse-fr\/news\/neuerscheinung-das-deutsche-als-plurizentrische-sprache\/#primaryimage\",\"url\":\"https:\/\/www.uni.lu\/wp-content\/uploads\/sites\/16\/2018\/02\/neuerscheinung_das_deutsche_als_plurizentrische_sprache.jpg\",\"contentUrl\":\"https:\/\/www.uni.lu\/wp-content\/uploads\/sites\/16\/2018\/02\/neuerscheinung_das_deutsche_als_plurizentrische_sprache.jpg\",\"width\":800,\"height\":600},{\"@type\":\"BreadcrumbList\",\"@id\":\"https:\/\/www.uni.lu\/fhse-fr\/news\/neuerscheinung-das-deutsche-als-plurizentrische-sprache\/#breadcrumb\",\"itemListElement\":[{\"@type\":\"ListItem\",\"position\":1,\"name\":\"Home\",\"item\":\"https:\/\/www.uni.lu\/fr\"},{\"@type\":\"ListItem\",\"position\":2,\"name\":\"Facult\u00e9 des Sciences Humaines, des Sciences de l\u2019\u00c9ducation et des Sciences Sociales\u200b\",\"item\":\"https:\/\/www.uni.lu\/fhse-fr\/\"},{\"@type\":\"ListItem\",\"position\":3,\"name\":\"News\",\"item\":\"https:\/\/www.uni.lu\/fhse-fr\/news\/\"},{\"@type\":\"ListItem\",\"position\":4,\"name\":\"Neuerscheinung: Das Deutsche als plurizentrische Sprache\"}]},{\"@type\":\"WebSite\",\"@id\":\"https:\/\/www.uni.lu\/fhse-fr\/#website\",\"url\":\"https:\/\/www.uni.lu\/fhse-fr\/\",\"name\":\"FHSE\",\"description\":\"Facult\u00e9 des Sciences Humaines, des Sciences de l\u2019\u00c9ducation et des Sciences Sociales\u200b I Uni.lu\",\"publisher\":{\"@id\":\"https:\/\/www.uni.lu\/fhse-fr\/#organization\"},\"alternateName\":\"Facult\u00e9 des Sciences Humaines, des Sciences de l\u2019\u00c9ducation et des Sciences Sociales\u200b I Universit\u00e9 du Luxembourg\",\"potentialAction\":[{\"@type\":\"SearchAction\",\"target\":{\"@type\":\"EntryPoint\",\"urlTemplate\":\"https:\/\/www.uni.lu\/fhse-fr\/?s={search_term_string}\"},\"query-input\":\"required name=search_term_string\"}],\"inLanguage\":\"fr-FR\"},{\"@type\":\"Organization\",\"@id\":\"https:\/\/www.uni.lu\/fhse-fr\/#organization\",\"name\":\"FHSE - Universit\u00e9 du Luxembourg I Uni.lu\",\"alternateName\":\"Facult\u00e9 des Sciences Humaines, des Sciences de l\u2019\u00c9ducation et des Sciences Sociales\u200b\",\"url\":\"https:\/\/www.uni.lu\/fhse-fr\/\",\"logo\":{\"@type\":\"ImageObject\",\"inLanguage\":\"fr-FR\",\"@id\":\"https:\/\/www.uni.lu\/fhse-fr\/#\/schema\/logo\/image\/\",\"url\":\"https:\/\/www.uni.lu\/wp-content\/uploads\/sites\/16\/2026\/03\/03112325\/FHSE_SM-Profile_1600x1600px-scaled.jpg\",\"contentUrl\":\"https:\/\/www.uni.lu\/wp-content\/uploads\/sites\/16\/2026\/03\/03112325\/FHSE_SM-Profile_1600x1600px-scaled.jpg\",\"width\":2560,\"height\":2560,\"caption\":\"FHSE - Universit\u00e9 du Luxembourg I Uni.lu\"},\"image\":\"https:\/\/www.uni.lu\/wp-content\/uploads\/sites\/16\/2026\/04\/24144331\/20200609-Belval-Campus_Henri-Goergen-23.jpg\",\"sameAs\":[\"https:\/\/humanities.uni.lu\/\"],\"email\":\"communication@uni.lu\",\"telephone\":\"+3524666441\",\"address\":{\"@type\":\"PostalAddress\",\"streetAddress\":\"11, Porte des Sciences\",\"addressLocality\":\"Esch-sur-Alzette\",\"postalCode\":\"4365\",\"addressCountry\":\"LU\"},\"description\":\"Facult\u00e9 des Sciences Humaines, des Sciences de l\u2019\u00c9ducation et des Sciences Sociales\u200b I Uni.lu\"}]}<\/script>\n<!-- \/ Yoast SEO Premium plugin. -->","yoast_head_json":{"title":"Neuerscheinung: Das Deutsche als plurizentrische Sprache - FHSE actualit\u00e9s I Universit\u00e9 du Luxembourg","description":"Der von Heinz Sieburg und Hans-Joachim Solms herausgegebene Band stellt neben theoretisch-methodischen Grundannahmen zentrale Erkenntnisse des Plurizentrizit\u00e4tskonzeptes sowie rezente Forschungsprojekte vor.","robots":{"index":"index","follow":"follow","max-snippet":"max-snippet:-1","max-image-preview":"max-image-preview:large","max-video-preview":"max-video-preview:-1"},"canonical":"https:\/\/www.uni.lu\/fhse-fr\/news\/neuerscheinung-das-deutsche-als-plurizentrische-sprache\/","og_locale":"fr_FR","og_type":"article","og_title":"Neuerscheinung: Das Deutsche als plurizentrische Sprache","og_description":"Der von Heinz Sieburg und Hans-Joachim Solms herausgegebene Band stellt neben theoretisch-methodischen Grundannahmen zentrale Erkenntnisse des Plurizentrizit\u00e4tskonzeptes sowie rezente Forschungsprojekte vor.","og_url":"https:\/\/www.uni.lu\/fhse-fr\/news\/neuerscheinung-das-deutsche-als-plurizentrische-sprache\/","og_site_name":"FHSE FR","og_image":[{"width":800,"height":600,"url":"https:\/\/www.uni.lu\/wp-content\/uploads\/sites\/16\/2018\/02\/neuerscheinung_das_deutsche_als_plurizentrische_sprache.jpg","type":"image\/jpeg"}],"twitter_card":"summary_large_image","twitter_misc":{"Dur\u00e9e de lecture estim\u00e9e":"1 minute"},"schema":{"@context":"https:\/\/schema.org","@graph":[{"@type":"NewsArticle","@id":"https:\/\/www.uni.lu\/fhse-fr\/news\/neuerscheinung-das-deutsche-als-plurizentrische-sprache\/#article","isPartOf":{"@id":"https:\/\/www.uni.lu\/fhse-fr\/news\/neuerscheinung-das-deutsche-als-plurizentrische-sprache\/"},"author":{"name":"","@id":""},"headline":"Neuerscheinung: Das Deutsche als plurizentrische Sprache","datePublished":"2018-02-27T09:57:50+00:00","dateModified":"2018-02-27T09:57:50+00:00","mainEntityOfPage":{"@id":"https:\/\/www.uni.lu\/fhse-fr\/news\/neuerscheinung-das-deutsche-als-plurizentrische-sprache\/"},"wordCount":142,"publisher":{"@id":"https:\/\/www.uni.lu\/fhse-fr\/#organization"},"image":{"@id":"https:\/\/www.uni.lu\/fhse-fr\/news\/neuerscheinung-das-deutsche-als-plurizentrische-sprache\/#primaryimage"},"thumbnailUrl":"https:\/\/www.uni.lu\/wp-content\/uploads\/sites\/16\/2018\/02\/neuerscheinung_das_deutsche_als_plurizentrische_sprache.jpg","inLanguage":"fr-FR"},{"@type":"WebPage","@id":"https:\/\/www.uni.lu\/fhse-fr\/news\/neuerscheinung-das-deutsche-als-plurizentrische-sprache\/","url":"https:\/\/www.uni.lu\/fhse-fr\/news\/neuerscheinung-das-deutsche-als-plurizentrische-sprache\/","name":"Neuerscheinung: Das Deutsche als plurizentrische Sprache - FHSE actualit\u00e9s I Universit\u00e9 du Luxembourg","isPartOf":{"@id":"https:\/\/www.uni.lu\/fhse-fr\/#website"},"primaryImageOfPage":{"@id":"https:\/\/www.uni.lu\/fhse-fr\/news\/neuerscheinung-das-deutsche-als-plurizentrische-sprache\/#primaryimage"},"image":{"@id":"https:\/\/www.uni.lu\/fhse-fr\/news\/neuerscheinung-das-deutsche-als-plurizentrische-sprache\/#primaryimage"},"thumbnailUrl":"https:\/\/www.uni.lu\/wp-content\/uploads\/sites\/16\/2018\/02\/neuerscheinung_das_deutsche_als_plurizentrische_sprache.jpg","datePublished":"2018-02-27T09:57:50+00:00","dateModified":"2018-02-27T09:57:50+00:00","description":"Der von Heinz Sieburg und Hans-Joachim Solms herausgegebene Band stellt neben theoretisch-methodischen Grundannahmen zentrale Erkenntnisse des Plurizentrizit\u00e4tskonzeptes sowie rezente Forschungsprojekte vor.","breadcrumb":{"@id":"https:\/\/www.uni.lu\/fhse-fr\/news\/neuerscheinung-das-deutsche-als-plurizentrische-sprache\/#breadcrumb"},"inLanguage":"fr-FR","potentialAction":[{"@type":"ReadAction","target":["https:\/\/www.uni.lu\/fhse-fr\/news\/neuerscheinung-das-deutsche-als-plurizentrische-sprache\/"]}]},{"@type":"ImageObject","inLanguage":"fr-FR","@id":"https:\/\/www.uni.lu\/fhse-fr\/news\/neuerscheinung-das-deutsche-als-plurizentrische-sprache\/#primaryimage","url":"https:\/\/www.uni.lu\/wp-content\/uploads\/sites\/16\/2018\/02\/neuerscheinung_das_deutsche_als_plurizentrische_sprache.jpg","contentUrl":"https:\/\/www.uni.lu\/wp-content\/uploads\/sites\/16\/2018\/02\/neuerscheinung_das_deutsche_als_plurizentrische_sprache.jpg","width":800,"height":600},{"@type":"BreadcrumbList","@id":"https:\/\/www.uni.lu\/fhse-fr\/news\/neuerscheinung-das-deutsche-als-plurizentrische-sprache\/#breadcrumb","itemListElement":[{"@type":"ListItem","position":1,"name":"Home","item":"https:\/\/www.uni.lu\/fr"},{"@type":"ListItem","position":2,"name":"Facult\u00e9 des Sciences Humaines, des Sciences de l\u2019\u00c9ducation et des Sciences Sociales\u200b","item":"https:\/\/www.uni.lu\/fhse-fr\/"},{"@type":"ListItem","position":3,"name":"News","item":"https:\/\/www.uni.lu\/fhse-fr\/news\/"},{"@type":"ListItem","position":4,"name":"Neuerscheinung: Das Deutsche als plurizentrische Sprache"}]},{"@type":"WebSite","@id":"https:\/\/www.uni.lu\/fhse-fr\/#website","url":"https:\/\/www.uni.lu\/fhse-fr\/","name":"FHSE","description":"Facult\u00e9 des Sciences Humaines, des Sciences de l\u2019\u00c9ducation et des Sciences Sociales\u200b I Uni.lu","publisher":{"@id":"https:\/\/www.uni.lu\/fhse-fr\/#organization"},"alternateName":"Facult\u00e9 des Sciences Humaines, des Sciences de l\u2019\u00c9ducation et des Sciences Sociales\u200b I Universit\u00e9 du Luxembourg","potentialAction":[{"@type":"SearchAction","target":{"@type":"EntryPoint","urlTemplate":"https:\/\/www.uni.lu\/fhse-fr\/?s={search_term_string}"},"query-input":"required name=search_term_string"}],"inLanguage":"fr-FR"},{"@type":"Organization","@id":"https:\/\/www.uni.lu\/fhse-fr\/#organization","name":"FHSE - Universit\u00e9 du Luxembourg I Uni.lu","alternateName":"Facult\u00e9 des Sciences Humaines, des Sciences de l\u2019\u00c9ducation et des Sciences Sociales\u200b","url":"https:\/\/www.uni.lu\/fhse-fr\/","logo":{"@type":"ImageObject","inLanguage":"fr-FR","@id":"https:\/\/www.uni.lu\/fhse-fr\/#\/schema\/logo\/image\/","url":"https:\/\/www.uni.lu\/wp-content\/uploads\/sites\/16\/2026\/03\/03112325\/FHSE_SM-Profile_1600x1600px-scaled.jpg","contentUrl":"https:\/\/www.uni.lu\/wp-content\/uploads\/sites\/16\/2026\/03\/03112325\/FHSE_SM-Profile_1600x1600px-scaled.jpg","width":2560,"height":2560,"caption":"FHSE - Universit\u00e9 du Luxembourg I Uni.lu"},"image":"https:\/\/www.uni.lu\/wp-content\/uploads\/sites\/16\/2026\/04\/24144331\/20200609-Belval-Campus_Henri-Goergen-23.jpg","sameAs":["https:\/\/humanities.uni.lu\/"],"email":"communication@uni.lu","telephone":"+3524666441","address":{"@type":"PostalAddress","streetAddress":"11, Porte des Sciences","addressLocality":"Esch-sur-Alzette","postalCode":"4365","addressCountry":"LU"},"description":"Facult\u00e9 des Sciences Humaines, des Sciences de l\u2019\u00c9ducation et des Sciences Sociales\u200b I Uni.lu"}]}},"blog_id":16,"_links":{"self":[{"href":"https:\/\/www.uni.lu\/fhse-fr\/wp-json\/wp\/v2\/news\/38"}],"collection":[{"href":"https:\/\/www.uni.lu\/fhse-fr\/wp-json\/wp\/v2\/news"}],"about":[{"href":"https:\/\/www.uni.lu\/fhse-fr\/wp-json\/wp\/v2\/types\/news"}],"version-history":[{"count":0,"href":"https:\/\/www.uni.lu\/fhse-fr\/wp-json\/wp\/v2\/news\/38\/revisions"}],"wp:featuredmedia":[{"embeddable":true,"href":"https:\/\/www.uni.lu\/fhse-fr\/wp-json\/wp\/v2\/media\/39"}],"wp:attachment":[{"href":"https:\/\/www.uni.lu\/fhse-fr\/wp-json\/wp\/v2\/media?parent=38"}],"wp:term":[{"taxonomy":"news-category","embeddable":true,"href":"https:\/\/www.uni.lu\/fhse-fr\/wp-json\/wp\/v2\/news-category?post=38"},{"taxonomy":"news-topic","embeddable":true,"href":"https:\/\/www.uni.lu\/fhse-fr\/wp-json\/wp\/v2\/news-topic?post=38"},{"taxonomy":"organisation","embeddable":true,"href":"https:\/\/www.uni.lu\/fhse-fr\/wp-json\/wp\/v2\/organisation?post=38"}],"curies":[{"name":"wp","href":"https:\/\/api.w.org\/{rel}","templated":true}]}}