{"id":3651,"date":"2024-07-10T09:33:05","date_gmt":"2024-07-10T07:33:05","guid":{"rendered":"https:\/\/www.uni.lu\/fhse-fr\/?post_type=news&#038;p=3651"},"modified":"2024-08-08T10:14:58","modified_gmt":"2024-08-08T08:14:58","slug":"montee-de-lextreme-droite-en-europe-comprendre-le-virage-politique","status":"publish","type":"news","link":"https:\/\/www.uni.lu\/fhse-fr\/news\/montee-de-lextreme-droite-en-europe-comprendre-le-virage-politique\/","title":{"rendered":"Mont\u00e9e de l&rsquo;extr\u00eame droite en Europe : comprendre le virage politique"},"content":{"rendered":"\n<section class=\"wp-block-unilux-blocks-free-section section\"><div class=\"container xl:max-w-screen-xl\">\n<p><strong>Si la coalition de gauche du Nouveau Front populaire a remport\u00e9 les \u00e9lections l\u00e9gislatives anticip\u00e9es en France le 7 juillet, l&rsquo;extr\u00eame droite a n\u00e9anmoins r\u00e9alis\u00e9 la perc\u00e9e la plus importante de son histoire. L&rsquo;onde de choc qui a suivi les \u00e9lections europ\u00e9ennes du 9 juin n\u2019a pas termin\u00e9 de secouer le vieux continent. Le constat semble clair au sein des pays europ\u00e9ens : l&rsquo;extr\u00eame droite est la grande gagnante de ce scrutin. La France n\u2019est pas un cas isol\u00e9. Les partis d&rsquo;extr\u00eame droite ont remport\u00e9 les \u00e9lections europ\u00e9ennes en Italie, en Autriche, en Hongrie et en Belgique. Comment l&rsquo;Europe a-t-elle gliss\u00e9 vers cet extr\u00eame ? \u00c0 l&rsquo;Universit\u00e9 du Luxembourg, des chercheurs se penchent sur cette question pour mieux comprendre le red\u00e9coupage en cours de la carte politique.<\/strong><\/p>\n\n\n\n<p>En 2019, alors que la crise sanitaire provoqu\u00e9e par l\u2019\u00e9mergence du COVID-19 \u00e9clate, les scientifiques d\u00e9cident d\u2019observer les cons\u00e9quences de la pand\u00e9mie sur la soci\u00e9t\u00e9, l\u2019\u00e9conomie, la politique et la sant\u00e9 mentale. \u00c0 cette \u00e9poque,<a href=\"http:\/\/uni.lu\/fhse-en\/people\/josip-glaurdic\/\"> Josip Glaurdi\u0107 <\/a>et <a href=\"https:\/\/www.uni.lu\/fhse-en\/people\/christophe-lesschaeve\/\">Christophe Lesschaeve<\/a> s\u2019int\u00e9ressent aux comportements \u00e9lectoraux et \u00e0 la comp\u00e9tition politique au cours des trois derni\u00e8res d\u00e9cennies dans les pays des balkans. La pand\u00e9mie s\u2019invite et de nouvelles interrogations surgissent : \u00ab&nbsp;<em>La r\u00e9gion qui nous int\u00e9ressait \u00e9tait l\u2019une des plus touch\u00e9es par le Covid-19. L\u2019Europe du Sud-Est avait les chiffres les plus sombres concernant la mortalit\u00e9 li\u00e9e au coronavirus. Nous pensions que le probl\u00e8me \u00e9tait politique et avons abord\u00e9 le ph\u00e9nom\u00e8ne en nous focalisant sur le nationalisme et le populisme, les deux id\u00e9ologies qui dominent le paysage politique dans presque toute l\u2019Europe actuellement. Nous avons donc mesur\u00e9 l\u2019adh\u00e9rence des individus \u00e0 ces visions id\u00e9ologiques pour comprendre \u00e0 quel point c\u2019\u00e9tait ou non un facteur d\u00e9terminant pour pr\u00e9dire la croyance aux th\u00e9ories du complot, envers la science, \u00e0 la vaccination<\/em>\u2026&nbsp;\u00bb, explique Josip Glaurdi\u0107. Le constat des chercheurs est sans appel&nbsp;: <em>\u201cLe nationalisme et le populisme pr\u00e9valent sur toutes les autres explications du comportement et des croyances des individus li\u00e9s \u00e0 la pand\u00e9mie, y compris l&rsquo;\u00e9ducation&nbsp;\u00bb. <\/em>Il ajoute&nbsp;:<em> \u00ab&nbsp;G\u00e9rer une pand\u00e9mie n\u2019est qu\u2019un aspect de la soci\u00e9t\u00e9 contemporaine, il y a aussi l\u2019in\u00e9galit\u00e9 \u00e9conomique, la migration, \u2026 l\u2019ampleur des clivages nationalistes et populistes dans ces domaines est tout simplement stup\u00e9fiante. La polarisation de la soci\u00e9t\u00e9 est tout simplement folle&nbsp;\u00bb.<\/em><\/p>\n\n\n\n<h5 class=\"has-text-align-left wp-block-unilux-blocks-heading\"        id=\"economie-insecurite-et-repli-identitaire\"\n    >\n<strong>\u00c9conomie, ins\u00e9curit\u00e9 et repli identitaire<\/strong><\/h5>\n\n\n\n<p>La soci\u00e9t\u00e9 europ\u00e9enne a \u00e9volu\u00e9 et ses pr\u00e9occupations autrefois \u00e9conomiques sont aujourd\u2019hui de plus en plus li\u00e9es \u00e0 l\u2019identit\u00e9. \u00ab&nbsp;I<em>l y a eu un glissement vers des questions plus culturelles au fil des derni\u00e8res d\u00e9cennies. L\u2019immigration est devenue le point central d\u2019un nouveau r\u00e9cit. Les pr\u00e9f\u00e9rences de vote aujourd\u2019hui sont davantage influenc\u00e9es par l\u2019identit\u00e9 culturelle d\u2019une soci\u00e9t\u00e9 que par l\u2019int\u00e9r\u00eat \u00e9conomique<\/em>&nbsp;\u00bb, remarque Christophe Lesschaeve.<\/p>\n\n\n\n<p>Le succ\u00e8s r\u00e9cent des partis politiques conservateurs est \u00e9galement au c\u0153ur de plusieurs projets men\u00e9s par <a href=\"http:\/\/uni.lu\/fhse-en\/people\/conchita-dambrosio\">Conchita d\u2019Ambrosio <\/a>avec <a href=\"https:\/\/www.uni.lu\/fhse-en\/people\/anthony-lepinteur\/\">Anthony Lepinteur <\/a>et d\u2019autres membres de son \u00e9quipe de recherche. Elle s\u2019est int\u00e9ress\u00e9e \u00e0 l\u2019impact de l\u2019ins\u00e9curit\u00e9 \u00e9conomique individuelle dans le choix de vote.&nbsp;\u00ab&nbsp;<em>Nous avons d\u00e9montr\u00e9 \u00e0 quel point l\u2019ins\u00e9curit\u00e9 \u00e9conomique encourage l\u2019activisme politique, mais d\u2019un certain type&nbsp;: le soutien aux partis plus conservateurs et de droite<\/em> \u00bb, pr\u00e9cise-t-elle avant d\u2019ajouter : \u00ab&nbsp;<em>Il semble que depuis les ann\u00e9es 2000, l\u2019ins\u00e9curit\u00e9 \u00e9conomique compte davantage pour pr\u00e9dire les pr\u00e9f\u00e9rences politiques que par le pass\u00e9<\/em>&nbsp;\u00bb.<\/p>\n\n\n\n<p>Ce sentiment grandissant d\u2019ins\u00e9curit\u00e9 mondiale aliment\u00e9s entre autres par les pr\u00e9occupations li\u00e9es au ch\u00f4mage, \u00e0 la num\u00e9risation, \u00e0 l\u2019intelligence artificielle, aux pand\u00e9mies, aux conflits arm\u00e9s et \u00e0 la crise s un nouveau programme de doctorat \u00e0 l&rsquo;Universit\u00e9 du Luxembourg, cofinanc\u00e9 par le <a href=\"https:\/\/www.fnr.lu\/\">FNR<\/a>. \u00ab\u00a0Insecurity \u00e9conomique : Causes, Cons\u00e9quences et Actions (EICCA)\u00a0\u00bb financera 14 postes de doctorants en sciences sociales, en partenariat avec le<a href=\"https:\/\/www.liser.lu\/\"> LISER<\/a>, et vise \u00e0 fournir de nouvelles m\u00e9thodes pour mesurer l&rsquo;ins\u00e9curit\u00e9 \u00e9conomique, comprendre ses origines et son impact, et \u00e9valuer les r\u00e9ponses politiques.<\/p>\n\n\n\n<h5 class=\"has-text-align-left wp-block-unilux-blocks-heading\"        id=\"des-propos-filtres-au-filtre-de-bulles\"\n    >\n<strong>Des propos filtr\u00e9s au filtre de bull<\/strong>es<\/h5>\n\n\n\n<p>Les partis d\u2019extr\u00eame droite b\u00e9n\u00e9ficient d\u2019une autre \u00e9volution, celle des m\u00e9dias. Les discours des leaders d\u2019opinions autrefois analys\u00e9s par des professionnels sont aujourd\u2019hui diffus\u00e9s quasiment sans contr\u00f4le sur les r\u00e9seaux sociaux. \u00ab&nbsp;<em>La diversit\u00e9 de l\u2019information est remplac\u00e9e par un algorithme personnalis\u00e9. Cela ne favorise pas la construction d\u2019une opinion r\u00e9fl\u00e9chie, mais bien la cr\u00e9ation de filtre de bulles au sein de laquelle les croyances de l\u2019utilisateurs se reproduisent majoritairement, ce qui renforce les avis uniques<\/em> \u00bb, d\u00e9crit <a href=\"https:\/\/www.uni.lu\/fhse-en\/people\/raphael-kies\/\">Raphael Kies<\/a>, impliqu\u00e9 dans de l\u2019\u00e9tude <a href=\"https:\/\/mediareform.public.lu\/fr.html\">Mediareform.lu<\/a> qui tente de r\u00e9\u00e9valuer la loi sur les m\u00e9dias \u00e9lectroniques au Luxembourg. Les partis politiques d\u2019extr\u00eame droite ont bien compris l\u2019int\u00e9r\u00eat de ses plateformes et \u00ab&nbsp;<em>sont devenus des pros de la communication en quelques g\u00e9n\u00e9rations. Ils ma\u00eetrisent les codes et ont r\u00e9ussi \u00e0 se rendre plus pr\u00e9sentables, allant jusqu\u2019\u00e0 convaincre leurs opposants politiques de faire alliance avec eux<\/em>&nbsp;\u00bb, ajoute Christophe Lesschaeve.<\/p>\n\n\n\n<h5 class=\"has-text-align-left wp-block-unilux-blocks-heading\"        id=\"une-agora-pour-la-democratie\"\n    >\n<strong>Une agora pour la d\u00e9mocratie<\/strong><\/h5>\n\n\n\n<p>\u00c0 travers leur travail, les chercheurs d\u2019Uni.lu r\u00e9v\u00e8lent \u00e0 quel point la situation politique actuelle en Europe est un ph\u00e9nom\u00e8ne complexe aux multiples facettes. L\u2019Universit\u00e9 comme agora, lieu d\u2019\u00e9change et d\u2019\u00e9ducation prend ici tout son sens. C\u2019est pourquoi, <em>\u00ab&nbsp;nous essayons d\u2019aider les citoyens luxembourgeois \u00e0 s\u2019informer et comprendre les enjeux politiques gr\u00e2ce \u00e0 l\u2019application \u00ab&nbsp;<a href=\"https:\/\/www.uni.lu\/en\/news\/vote-your-way-with-smartwielen\/\">smartwielen&nbsp;<\/a>\u00bb,<\/em> raconte Kiess. \u00ab&nbsp;<em>La d\u00e9mocratie est un \u00e9ternel consensus qui n\u00e9cessite une conversation et une d\u00e9lib\u00e9ration constante. Cela ne se limite aux p\u00e9riodes \u00e9lectorales. C\u2019est l\u00e0 toute la plus-value d\u2019une Universit\u00e9. Sans elle, la soci\u00e9t\u00e9 serait beaucoup plus faible. D\u00e9battre et informer fait partie de notre mission&nbsp;\u00bb<\/em>, insiste Josip Glaurdi\u0107.<\/p>\n\n\n\n<h3 class=\"has-text-align-left wp-block-unilux-blocks-heading\"        id=\"vous-pourriez-egalement-aimer\"\n    >\nVous pourriez \u00e9galement aimer<\/h3>\n\n\n<ul class=\"flex flex-wrap mt-24 -mx-16  wp-block-unilux-blocks-free-content-card\">\n    <li class=\"w-full sm:w-1\/2 lg:w-1\/3 px-16  wp-block-unilux-blocks-free-content-card-item\">\n    <div class=\"ulux-card card-facilities bg-theme\">\n        <div class=\"ulux-card__container card__container\">\n                        <div class=\"ulux-card__visual wp-block-unilux-blocks-free-content-card-item-visual\">\n    \n<div class=\"wp-block-unilux-blocks-image-video-wrapper\">\n    <figure class=\"wp-block-dev4-reusable-blocks-image  object-fit--cover\">\n    \n<img decoding=\"async\" class=\"wp-block-image unilux-custom-image-block\"\n                alt=\"\"\n            src=\"https:\/\/www.uni.lu\/wp-content\/uploads\/sites\/2\/2024\/05\/Vote-aux-europeennes.jpeg\"\n                    style=\"object-position: 50.00% 50.00%; font-family: &quot;object-fit: cover; object-position: 50.00% 50.00%;&quot;; aspect-ratio: 4\/3; object-fit: cover; width: 100%;\"\n        loading=\"lazy\"\n\/>    <\/figure><\/div><\/div><div class=\"ulux-card__body wp-block-unilux-blocks-free-content-card-item-body\">\n    \n<h3 class=\"ulux-card__title has-text-align-left wp-block-unilux-blocks-heading\"        id=\"observatoire-du-politique-polindex\"\n    >\nObservatoire du Politique \u2013 POLINDEX<\/h3>\n<div class=\"ulux-card__description wp-block-unilux-blocks-free-content-card-item-free-content-area\">\n    \n<p>POLINDEX, vise \u00e0 rendre compte sur une base annuelle, non-partisane et scientifique, des \u00e9ventuelles transformations des valeurs individuelles et collectives (et leurs cons\u00e9quences en termes de coh\u00e9sion sociale et de l\u00e9gitimit\u00e9 politique) des Luxembourgeois de citoyennet\u00e9 et des r\u00e9sidents \u00e9trangers au Grand-Duch\u00e9 de Luxembourg<\/p>\n<\/div><div class=\"wp-block-unilux-blocks-simple-cta\">\n    <a\n        href=\"https:\/\/www.uni.lu\/fhse-fr\/research-projects\/polindex\/\"\n        title=\"Learn more\"\n        class=\"link-text link-text--icon ulux-card__link link-text link-absolute\"\n        target=\"\"\n    >\n        <span class=\"link-text__body\">\n            <span class=\"link-text__name\">Lire plus<\/span>\n        <\/span>\n        <svg aria-hidden=\"true\" focusable=\"false\" class=\"icon icon-outline icon--arrow-right \"><use xlink:href=\"https:\/\/www.uni.lu\/wp-content\/themes\/unilux-theme\/assets\/images\/icons\/icons-outline.svg#icon--arrow-right\"><\/use><\/svg>    <\/a>\n<\/div>\n<\/div>        <\/div>\n    <\/div>\n<\/li><li class=\"w-full sm:w-1\/2 lg:w-1\/3 px-16  wp-block-unilux-blocks-free-content-card-item\">\n    <div class=\"ulux-card card-facilities bg-theme\">\n        <div class=\"ulux-card__container card__container\">\n                        <div class=\"ulux-card__visual wp-block-unilux-blocks-free-content-card-item-visual\">\n    \n<div class=\"wp-block-unilux-blocks-image-video-wrapper\">\n    <figure class=\"wp-block-dev4-reusable-blocks-image  object-fit--cover\">\n    \n<img decoding=\"async\" class=\"wp-block-image unilux-custom-image-block\"\n                alt=\"\"\n            src=\"https:\/\/www.uni.lu\/wp-content\/uploads\/sites\/2\/2024\/07\/iStock-854830586-2.jpg\"\n                    style=\"object-position: 50.00% 50.00%; font-family: &quot;object-fit: cover; object-position: 50.00% 50.00%;&quot;; aspect-ratio: 4\/3; object-fit: cover; width: 100%;\"\n        loading=\"lazy\"\n\/>    <\/figure><\/div><\/div><div class=\"ulux-card__body wp-block-unilux-blocks-free-content-card-item-body\">\n    \n<h3 class=\"ulux-card__title has-text-align-left wp-block-unilux-blocks-heading\"        id=\"elwar-electoral-legacies-of-war\"\n    >\nELWar &#8211; Electoral Legacies of War<\/h3>\n<div class=\"ulux-card__description wp-block-unilux-blocks-free-content-card-item-free-content-area\">\n    \n<p>ELWar aims to fill the gap in our understanding of electoral legacies of war by analyzing the evolution of political competition over the course of more than two decades in the six postwar states of Southeast Europe: Bosnia-Herzegovina, Croatia, Kosovo, Macedonia, Montenegro, and Serbia.<\/p>\n<\/div><div class=\"wp-block-unilux-blocks-simple-cta\">\n    <a\n        href=\"https:\/\/www.uni.lu\/fhse-en\/research-projects\/elwar-electoral-legacies-of-war\/\"\n        title=\"Learn more\"\n        class=\"link-text link-text--icon ulux-card__link link-text link-absolute\"\n        target=\"\"\n    >\n        <span class=\"link-text__body\">\n            <span class=\"link-text__name\">Learn more<\/span>\n        <\/span>\n        <svg aria-hidden=\"true\" focusable=\"false\" class=\"icon icon-outline icon--arrow-right \"><use xlink:href=\"https:\/\/www.uni.lu\/wp-content\/themes\/unilux-theme\/assets\/images\/icons\/icons-outline.svg#icon--arrow-right\"><\/use><\/svg>    <\/a>\n<\/div>\n<\/div>        <\/div>\n    <\/div>\n<\/li><li class=\"w-full sm:w-1\/2 lg:w-1\/3 px-16  wp-block-unilux-blocks-free-content-card-item\">\n    <div class=\"ulux-card card-facilities bg-theme\">\n        <div class=\"ulux-card__container card__container\">\n                        <div class=\"ulux-card__visual wp-block-unilux-blocks-free-content-card-item-visual\">\n    \n<div class=\"wp-block-unilux-blocks-image-video-wrapper\">\n    <figure class=\"wp-block-dev4-reusable-blocks-image  object-fit--cover\">\n    \n<img decoding=\"async\" class=\"wp-block-image unilux-custom-image-block\"\n                alt=\"\"\n            src=\"https:\/\/www.uni.lu\/wp-content\/uploads\/sites\/2\/2024\/07\/iStock-542295984.jpg\"\n                    style=\"object-position: 50.00% 50.00%; font-family: &quot;object-fit: cover; object-position: 50.00% 50.00%;&quot;; aspect-ratio: 4\/3; object-fit: cover; width: 100%;\"\n        loading=\"lazy\"\n\/>    <\/figure><\/div><\/div><div class=\"ulux-card__body wp-block-unilux-blocks-free-content-card-item-body\">\n    \n<h3 class=\"ulux-card__title has-text-align-left wp-block-unilux-blocks-heading\"        id=\"economic-insecurity-and-political-preferences\"\n    >\nEconomic insecurity and political preferences<\/h3>\n<div class=\"ulux-card__description wp-block-unilux-blocks-free-content-card-item-free-content-area\">\n    \n<p>Economic insecurity has attracted growing attention, but there is no consensus as to its definition. We characterize a class of individual economic-insecurity measures<br>based on the time profile of economic resources. We apply this economic-insecurity measure to political-preference data in the USA, UK, and Germany. <\/p>\n<\/div><div class=\"wp-block-unilux-blocks-simple-cta\">\n    <a\n        href=\"https:\/\/orbilu.uni.lu\/handle\/10993\/52315\"\n        title=\"Learn more\"\n        class=\"link-text link-text--icon ulux-card__link link-text link-absolute\"\n        target=\"_blank\"\n    >\n        <span class=\"link-text__body\">\n            <span class=\"link-text__name\">Learn more<\/span>\n        <\/span>\n        <svg aria-hidden=\"true\" focusable=\"false\" class=\"icon icon-outline icon--external-link \"><use xlink:href=\"https:\/\/www.uni.lu\/wp-content\/themes\/unilux-theme\/assets\/images\/icons\/icons-outline.svg#icon--external-link\"><\/use><\/svg>    <\/a>\n<\/div>\n<\/div>        <\/div>\n    <\/div>\n<\/li><\/ul><\/div><\/section>\n","protected":false},"excerpt":{"rendered":"<p>\u00c0 l&rsquo;Universit\u00e9 du Luxembourg, des chercheurs essaient de mieux comprendre le red\u00e9coupage en cours de la carte politique.<\/p>\n","protected":false},"author":126,"featured_media":3659,"template":"","format":"standard","meta":{"featured_image_focal_point":[],"show_featured_caption":false,"ulux_newsletter_groups":"","uluxPostTitle":"","uluxPrePostTitle":"","_trash_the_other_posts":false,"_price":"","_stock":"","_tribe_ticket_header":"","_tribe_default_ticket_provider":"","_tribe_ticket_capacity":"0","_ticket_start_date":"","_ticket_end_date":"","_tribe_ticket_show_description":"","_tribe_ticket_show_not_going":false,"_tribe_ticket_use_global_stock":"","_tribe_ticket_global_stock_level":"","_global_stock_mode":"","_global_stock_cap":"","_tribe_rsvp_for_event":"","_tribe_ticket_going_count":"","_tribe_ticket_not_going_count":"","_tribe_tickets_list":"[]","_tribe_ticket_has_attendee_info_fields":false},"news-category":[3],"news-topic":[22],"organisation":[146],"authorship":[126],"acf":[],"yoast_head":"<!-- This site is optimized with the Yoast SEO Premium plugin v22.3 (Yoast SEO v22.3) - https:\/\/yoast.com\/wordpress\/plugins\/seo\/ -->\n<title>Mont\u00e9e de l&#039;extr\u00eame droite en Europe : comprendre le virage politique - FHSE actualit\u00e9s I Universit\u00e9 du Luxembourg<\/title>\n<meta name=\"description\" content=\"\u00c0 l&#039;Universit\u00e9 du Luxembourg, des chercheurs essaient de mieux comprendre le red\u00e9coupage en cours de la carte politique.\" \/>\n<meta name=\"robots\" content=\"index, follow, max-snippet:-1, max-image-preview:large, max-video-preview:-1\" \/>\n<link rel=\"canonical\" href=\"https:\/\/www.uni.lu\/fhse-fr\/news\/montee-de-lextreme-droite-en-europe-comprendre-le-virage-politique\/\" \/>\n<meta property=\"og:locale\" content=\"fr_FR\" \/>\n<meta property=\"og:type\" content=\"article\" \/>\n<meta property=\"og:title\" content=\"Mont\u00e9e de l&#039;extr\u00eame droite en Europe : comprendre le virage politique\" \/>\n<meta property=\"og:description\" content=\"\u00c0 l&#039;Universit\u00e9 du Luxembourg, des chercheurs essaient de mieux comprendre le red\u00e9coupage en cours de la carte politique.\" \/>\n<meta property=\"og:url\" content=\"https:\/\/www.uni.lu\/fhse-fr\/news\/montee-de-lextreme-droite-en-europe-comprendre-le-virage-politique\/\" \/>\n<meta property=\"og:site_name\" content=\"FHSE FR\" \/>\n<meta property=\"article:modified_time\" content=\"2024-08-08T08:14:58+00:00\" \/>\n<meta property=\"og:image\" content=\"https:\/\/www.uni.lu\/wp-content\/uploads\/sites\/16\/2024\/07\/european-union-map-with-flags-of-countries-europe-2023-11-27-05-19-46-utc-1-scaled-1.jpg\" \/>\n\t<meta property=\"og:image:width\" content=\"2560\" \/>\n\t<meta property=\"og:image:height\" content=\"1920\" \/>\n\t<meta property=\"og:image:type\" content=\"image\/jpeg\" \/>\n<meta name=\"twitter:card\" content=\"summary_large_image\" \/>\n<meta name=\"twitter:label1\" content=\"Dur\u00e9e de lecture estim\u00e9e\" \/>\n\t<meta name=\"twitter:data1\" content=\"6 minutes\" \/>\n<script type=\"application\/ld+json\" class=\"yoast-schema-graph\">{\"@context\":\"https:\/\/schema.org\",\"@graph\":[{\"@type\":\"NewsArticle\",\"@id\":\"https:\/\/www.uni.lu\/fhse-fr\/news\/montee-de-lextreme-droite-en-europe-comprendre-le-virage-politique\/#article\",\"isPartOf\":{\"@id\":\"https:\/\/www.uni.lu\/fhse-fr\/news\/montee-de-lextreme-droite-en-europe-comprendre-le-virage-politique\/\"},\"author\":{\"name\":\"arianehenry\",\"@id\":\"https:\/\/www.uni.lu\/fhse-fr\/#\/schema\/person\/50dac366965fc35b0dde6e8a18162560\"},\"headline\":\"Mont\u00e9e de l&rsquo;extr\u00eame droite en Europe : comprendre le virage politique\",\"datePublished\":\"2024-07-10T07:33:05+00:00\",\"dateModified\":\"2024-08-08T08:14:58+00:00\",\"mainEntityOfPage\":{\"@id\":\"https:\/\/www.uni.lu\/fhse-fr\/news\/montee-de-lextreme-droite-en-europe-comprendre-le-virage-politique\/\"},\"wordCount\":1187,\"publisher\":{\"@id\":\"https:\/\/www.uni.lu\/fhse-fr\/#organization\"},\"image\":{\"@id\":\"https:\/\/www.uni.lu\/fhse-fr\/news\/montee-de-lextreme-droite-en-europe-comprendre-le-virage-politique\/#primaryimage\"},\"thumbnailUrl\":\"https:\/\/www.uni.lu\/wp-content\/uploads\/sites\/16\/2024\/07\/european-union-map-with-flags-of-countries-europe-2023-11-27-05-19-46-utc-1-scaled-1.jpg\",\"inLanguage\":\"fr-FR\"},{\"@type\":\"WebPage\",\"@id\":\"https:\/\/www.uni.lu\/fhse-fr\/news\/montee-de-lextreme-droite-en-europe-comprendre-le-virage-politique\/\",\"url\":\"https:\/\/www.uni.lu\/fhse-fr\/news\/montee-de-lextreme-droite-en-europe-comprendre-le-virage-politique\/\",\"name\":\"Mont\u00e9e de l'extr\u00eame droite en Europe : comprendre le virage politique - FHSE actualit\u00e9s I Universit\u00e9 du Luxembourg\",\"isPartOf\":{\"@id\":\"https:\/\/www.uni.lu\/fhse-fr\/#website\"},\"primaryImageOfPage\":{\"@id\":\"https:\/\/www.uni.lu\/fhse-fr\/news\/montee-de-lextreme-droite-en-europe-comprendre-le-virage-politique\/#primaryimage\"},\"image\":{\"@id\":\"https:\/\/www.uni.lu\/fhse-fr\/news\/montee-de-lextreme-droite-en-europe-comprendre-le-virage-politique\/#primaryimage\"},\"thumbnailUrl\":\"https:\/\/www.uni.lu\/wp-content\/uploads\/sites\/16\/2024\/07\/european-union-map-with-flags-of-countries-europe-2023-11-27-05-19-46-utc-1-scaled-1.jpg\",\"datePublished\":\"2024-07-10T07:33:05+00:00\",\"dateModified\":\"2024-08-08T08:14:58+00:00\",\"description\":\"\u00c0 l'Universit\u00e9 du Luxembourg, des chercheurs essaient de mieux comprendre le red\u00e9coupage en cours de la carte politique.\",\"breadcrumb\":{\"@id\":\"https:\/\/www.uni.lu\/fhse-fr\/news\/montee-de-lextreme-droite-en-europe-comprendre-le-virage-politique\/#breadcrumb\"},\"inLanguage\":\"fr-FR\",\"potentialAction\":[{\"@type\":\"ReadAction\",\"target\":[\"https:\/\/www.uni.lu\/fhse-fr\/news\/montee-de-lextreme-droite-en-europe-comprendre-le-virage-politique\/\"]}]},{\"@type\":\"ImageObject\",\"inLanguage\":\"fr-FR\",\"@id\":\"https:\/\/www.uni.lu\/fhse-fr\/news\/montee-de-lextreme-droite-en-europe-comprendre-le-virage-politique\/#primaryimage\",\"url\":\"https:\/\/www.uni.lu\/wp-content\/uploads\/sites\/16\/2024\/07\/european-union-map-with-flags-of-countries-europe-2023-11-27-05-19-46-utc-1-scaled-1.jpg\",\"contentUrl\":\"https:\/\/www.uni.lu\/wp-content\/uploads\/sites\/16\/2024\/07\/european-union-map-with-flags-of-countries-europe-2023-11-27-05-19-46-utc-1-scaled-1.jpg\",\"width\":2560,\"height\":1920},{\"@type\":\"BreadcrumbList\",\"@id\":\"https:\/\/www.uni.lu\/fhse-fr\/news\/montee-de-lextreme-droite-en-europe-comprendre-le-virage-politique\/#breadcrumb\",\"itemListElement\":[{\"@type\":\"ListItem\",\"position\":1,\"name\":\"Home\",\"item\":\"https:\/\/www.uni.lu\/fr\"},{\"@type\":\"ListItem\",\"position\":2,\"name\":\"Facult\u00e9 des Sciences Humaines, des Sciences de l\u2019\u00c9ducation et des Sciences Sociales\u200b\",\"item\":\"https:\/\/www.uni.lu\/fhse-fr\/\"},{\"@type\":\"ListItem\",\"position\":3,\"name\":\"News\",\"item\":\"https:\/\/www.uni.lu\/fhse-fr\/news\/\"},{\"@type\":\"ListItem\",\"position\":4,\"name\":\"Mont\u00e9e de l'extr\u00eame droite en Europe : comprendre le virage politique\"}]},{\"@type\":\"WebSite\",\"@id\":\"https:\/\/www.uni.lu\/fhse-fr\/#website\",\"url\":\"https:\/\/www.uni.lu\/fhse-fr\/\",\"name\":\"FHSE\",\"description\":\"Facult\u00e9 des Sciences Humaines, des Sciences de l\u2019\u00c9ducation et des Sciences Sociales\u200b I Uni.lu\",\"publisher\":{\"@id\":\"https:\/\/www.uni.lu\/fhse-fr\/#organization\"},\"alternateName\":\"Facult\u00e9 des Sciences Humaines, des Sciences de l\u2019\u00c9ducation et des Sciences Sociales\u200b I Universit\u00e9 du Luxembourg\",\"potentialAction\":[{\"@type\":\"SearchAction\",\"target\":{\"@type\":\"EntryPoint\",\"urlTemplate\":\"https:\/\/www.uni.lu\/fhse-fr\/?s={search_term_string}\"},\"query-input\":\"required name=search_term_string\"}],\"inLanguage\":\"fr-FR\"},{\"@type\":\"Organization\",\"@id\":\"https:\/\/www.uni.lu\/fhse-fr\/#organization\",\"name\":\"FHSE - Universit\u00e9 du Luxembourg I Uni.lu\",\"alternateName\":\"Facult\u00e9 des Sciences Humaines, des Sciences de l\u2019\u00c9ducation et des Sciences Sociales\u200b\",\"url\":\"https:\/\/www.uni.lu\/fhse-fr\/\",\"logo\":{\"@type\":\"ImageObject\",\"inLanguage\":\"fr-FR\",\"@id\":\"https:\/\/www.uni.lu\/fhse-fr\/#\/schema\/logo\/image\/\",\"url\":\"https:\/\/www.uni.lu\/wp-content\/uploads\/sites\/16\/2026\/03\/03112325\/FHSE_SM-Profile_1600x1600px-scaled.jpg\",\"contentUrl\":\"https:\/\/www.uni.lu\/wp-content\/uploads\/sites\/16\/2026\/03\/03112325\/FHSE_SM-Profile_1600x1600px-scaled.jpg\",\"width\":2560,\"height\":2560,\"caption\":\"FHSE - Universit\u00e9 du Luxembourg I Uni.lu\"},\"image\":\"https:\/\/www.uni.lu\/wp-content\/uploads\/sites\/16\/2026\/04\/24144331\/20200609-Belval-Campus_Henri-Goergen-23.jpg\",\"sameAs\":[\"https:\/\/humanities.uni.lu\/\"],\"email\":\"communication@uni.lu\",\"telephone\":\"+3524666441\",\"address\":{\"@type\":\"PostalAddress\",\"streetAddress\":\"11, Porte des Sciences\",\"addressLocality\":\"Esch-sur-Alzette\",\"postalCode\":\"4365\",\"addressCountry\":\"LU\"},\"description\":\"Facult\u00e9 des Sciences Humaines, des Sciences de l\u2019\u00c9ducation et des Sciences Sociales\u200b I Uni.lu\"},{\"@type\":\"Person\",\"@id\":\"https:\/\/www.uni.lu\/fhse-fr\/#\/schema\/person\/50dac366965fc35b0dde6e8a18162560\",\"name\":\"arianehenry\",\"image\":{\"@type\":\"ImageObject\",\"inLanguage\":\"fr-FR\",\"@id\":\"https:\/\/www.uni.lu\/fhse-fr\/#\/schema\/person\/image\/\",\"url\":\"https:\/\/secure.gravatar.com\/avatar\/e55b62daeed975e86d45b47f53bc22c9?s=96&d=mm&r=g\",\"contentUrl\":\"https:\/\/secure.gravatar.com\/avatar\/e55b62daeed975e86d45b47f53bc22c9?s=96&d=mm&r=g\",\"caption\":\"arianehenry\"}}]}<\/script>\n<!-- \/ Yoast SEO Premium plugin. -->","yoast_head_json":{"title":"Mont\u00e9e de l'extr\u00eame droite en Europe : comprendre le virage politique - FHSE actualit\u00e9s I Universit\u00e9 du Luxembourg","description":"\u00c0 l'Universit\u00e9 du Luxembourg, des chercheurs essaient de mieux comprendre le red\u00e9coupage en cours de la carte politique.","robots":{"index":"index","follow":"follow","max-snippet":"max-snippet:-1","max-image-preview":"max-image-preview:large","max-video-preview":"max-video-preview:-1"},"canonical":"https:\/\/www.uni.lu\/fhse-fr\/news\/montee-de-lextreme-droite-en-europe-comprendre-le-virage-politique\/","og_locale":"fr_FR","og_type":"article","og_title":"Mont\u00e9e de l'extr\u00eame droite en Europe : comprendre le virage politique","og_description":"\u00c0 l'Universit\u00e9 du Luxembourg, des chercheurs essaient de mieux comprendre le red\u00e9coupage en cours de la carte politique.","og_url":"https:\/\/www.uni.lu\/fhse-fr\/news\/montee-de-lextreme-droite-en-europe-comprendre-le-virage-politique\/","og_site_name":"FHSE FR","article_modified_time":"2024-08-08T08:14:58+00:00","og_image":[{"width":2560,"height":1920,"url":"https:\/\/www.uni.lu\/wp-content\/uploads\/sites\/16\/2024\/07\/european-union-map-with-flags-of-countries-europe-2023-11-27-05-19-46-utc-1-scaled-1.jpg","type":"image\/jpeg"}],"twitter_card":"summary_large_image","twitter_misc":{"Dur\u00e9e de lecture estim\u00e9e":"6 minutes"},"schema":{"@context":"https:\/\/schema.org","@graph":[{"@type":"NewsArticle","@id":"https:\/\/www.uni.lu\/fhse-fr\/news\/montee-de-lextreme-droite-en-europe-comprendre-le-virage-politique\/#article","isPartOf":{"@id":"https:\/\/www.uni.lu\/fhse-fr\/news\/montee-de-lextreme-droite-en-europe-comprendre-le-virage-politique\/"},"author":{"name":"arianehenry","@id":"https:\/\/www.uni.lu\/fhse-fr\/#\/schema\/person\/50dac366965fc35b0dde6e8a18162560"},"headline":"Mont\u00e9e de l&rsquo;extr\u00eame droite en Europe : comprendre le virage politique","datePublished":"2024-07-10T07:33:05+00:00","dateModified":"2024-08-08T08:14:58+00:00","mainEntityOfPage":{"@id":"https:\/\/www.uni.lu\/fhse-fr\/news\/montee-de-lextreme-droite-en-europe-comprendre-le-virage-politique\/"},"wordCount":1187,"publisher":{"@id":"https:\/\/www.uni.lu\/fhse-fr\/#organization"},"image":{"@id":"https:\/\/www.uni.lu\/fhse-fr\/news\/montee-de-lextreme-droite-en-europe-comprendre-le-virage-politique\/#primaryimage"},"thumbnailUrl":"https:\/\/www.uni.lu\/wp-content\/uploads\/sites\/16\/2024\/07\/european-union-map-with-flags-of-countries-europe-2023-11-27-05-19-46-utc-1-scaled-1.jpg","inLanguage":"fr-FR"},{"@type":"WebPage","@id":"https:\/\/www.uni.lu\/fhse-fr\/news\/montee-de-lextreme-droite-en-europe-comprendre-le-virage-politique\/","url":"https:\/\/www.uni.lu\/fhse-fr\/news\/montee-de-lextreme-droite-en-europe-comprendre-le-virage-politique\/","name":"Mont\u00e9e de l'extr\u00eame droite en Europe : comprendre le virage politique - FHSE actualit\u00e9s I Universit\u00e9 du Luxembourg","isPartOf":{"@id":"https:\/\/www.uni.lu\/fhse-fr\/#website"},"primaryImageOfPage":{"@id":"https:\/\/www.uni.lu\/fhse-fr\/news\/montee-de-lextreme-droite-en-europe-comprendre-le-virage-politique\/#primaryimage"},"image":{"@id":"https:\/\/www.uni.lu\/fhse-fr\/news\/montee-de-lextreme-droite-en-europe-comprendre-le-virage-politique\/#primaryimage"},"thumbnailUrl":"https:\/\/www.uni.lu\/wp-content\/uploads\/sites\/16\/2024\/07\/european-union-map-with-flags-of-countries-europe-2023-11-27-05-19-46-utc-1-scaled-1.jpg","datePublished":"2024-07-10T07:33:05+00:00","dateModified":"2024-08-08T08:14:58+00:00","description":"\u00c0 l'Universit\u00e9 du Luxembourg, des chercheurs essaient de mieux comprendre le red\u00e9coupage en cours de la carte politique.","breadcrumb":{"@id":"https:\/\/www.uni.lu\/fhse-fr\/news\/montee-de-lextreme-droite-en-europe-comprendre-le-virage-politique\/#breadcrumb"},"inLanguage":"fr-FR","potentialAction":[{"@type":"ReadAction","target":["https:\/\/www.uni.lu\/fhse-fr\/news\/montee-de-lextreme-droite-en-europe-comprendre-le-virage-politique\/"]}]},{"@type":"ImageObject","inLanguage":"fr-FR","@id":"https:\/\/www.uni.lu\/fhse-fr\/news\/montee-de-lextreme-droite-en-europe-comprendre-le-virage-politique\/#primaryimage","url":"https:\/\/www.uni.lu\/wp-content\/uploads\/sites\/16\/2024\/07\/european-union-map-with-flags-of-countries-europe-2023-11-27-05-19-46-utc-1-scaled-1.jpg","contentUrl":"https:\/\/www.uni.lu\/wp-content\/uploads\/sites\/16\/2024\/07\/european-union-map-with-flags-of-countries-europe-2023-11-27-05-19-46-utc-1-scaled-1.jpg","width":2560,"height":1920},{"@type":"BreadcrumbList","@id":"https:\/\/www.uni.lu\/fhse-fr\/news\/montee-de-lextreme-droite-en-europe-comprendre-le-virage-politique\/#breadcrumb","itemListElement":[{"@type":"ListItem","position":1,"name":"Home","item":"https:\/\/www.uni.lu\/fr"},{"@type":"ListItem","position":2,"name":"Facult\u00e9 des Sciences Humaines, des Sciences de l\u2019\u00c9ducation et des Sciences Sociales\u200b","item":"https:\/\/www.uni.lu\/fhse-fr\/"},{"@type":"ListItem","position":3,"name":"News","item":"https:\/\/www.uni.lu\/fhse-fr\/news\/"},{"@type":"ListItem","position":4,"name":"Mont\u00e9e de l'extr\u00eame droite en Europe : comprendre le virage politique"}]},{"@type":"WebSite","@id":"https:\/\/www.uni.lu\/fhse-fr\/#website","url":"https:\/\/www.uni.lu\/fhse-fr\/","name":"FHSE","description":"Facult\u00e9 des Sciences Humaines, des Sciences de l\u2019\u00c9ducation et des Sciences Sociales\u200b I Uni.lu","publisher":{"@id":"https:\/\/www.uni.lu\/fhse-fr\/#organization"},"alternateName":"Facult\u00e9 des Sciences Humaines, des Sciences de l\u2019\u00c9ducation et des Sciences Sociales\u200b I Universit\u00e9 du Luxembourg","potentialAction":[{"@type":"SearchAction","target":{"@type":"EntryPoint","urlTemplate":"https:\/\/www.uni.lu\/fhse-fr\/?s={search_term_string}"},"query-input":"required name=search_term_string"}],"inLanguage":"fr-FR"},{"@type":"Organization","@id":"https:\/\/www.uni.lu\/fhse-fr\/#organization","name":"FHSE - Universit\u00e9 du Luxembourg I Uni.lu","alternateName":"Facult\u00e9 des Sciences Humaines, des Sciences de l\u2019\u00c9ducation et des Sciences Sociales\u200b","url":"https:\/\/www.uni.lu\/fhse-fr\/","logo":{"@type":"ImageObject","inLanguage":"fr-FR","@id":"https:\/\/www.uni.lu\/fhse-fr\/#\/schema\/logo\/image\/","url":"https:\/\/www.uni.lu\/wp-content\/uploads\/sites\/16\/2026\/03\/03112325\/FHSE_SM-Profile_1600x1600px-scaled.jpg","contentUrl":"https:\/\/www.uni.lu\/wp-content\/uploads\/sites\/16\/2026\/03\/03112325\/FHSE_SM-Profile_1600x1600px-scaled.jpg","width":2560,"height":2560,"caption":"FHSE - Universit\u00e9 du Luxembourg I Uni.lu"},"image":"https:\/\/www.uni.lu\/wp-content\/uploads\/sites\/16\/2026\/04\/24144331\/20200609-Belval-Campus_Henri-Goergen-23.jpg","sameAs":["https:\/\/humanities.uni.lu\/"],"email":"communication@uni.lu","telephone":"+3524666441","address":{"@type":"PostalAddress","streetAddress":"11, Porte des Sciences","addressLocality":"Esch-sur-Alzette","postalCode":"4365","addressCountry":"LU"},"description":"Facult\u00e9 des Sciences Humaines, des Sciences de l\u2019\u00c9ducation et des Sciences Sociales\u200b I Uni.lu"},{"@type":"Person","@id":"https:\/\/www.uni.lu\/fhse-fr\/#\/schema\/person\/50dac366965fc35b0dde6e8a18162560","name":"arianehenry","image":{"@type":"ImageObject","inLanguage":"fr-FR","@id":"https:\/\/www.uni.lu\/fhse-fr\/#\/schema\/person\/image\/","url":"https:\/\/secure.gravatar.com\/avatar\/e55b62daeed975e86d45b47f53bc22c9?s=96&d=mm&r=g","contentUrl":"https:\/\/secure.gravatar.com\/avatar\/e55b62daeed975e86d45b47f53bc22c9?s=96&d=mm&r=g","caption":"arianehenry"}}]}},"blog_id":16,"_links":{"self":[{"href":"https:\/\/www.uni.lu\/fhse-fr\/wp-json\/wp\/v2\/news\/3651"}],"collection":[{"href":"https:\/\/www.uni.lu\/fhse-fr\/wp-json\/wp\/v2\/news"}],"about":[{"href":"https:\/\/www.uni.lu\/fhse-fr\/wp-json\/wp\/v2\/types\/news"}],"author":[{"embeddable":true,"href":"https:\/\/www.uni.lu\/fhse-fr\/wp-json\/wp\/v2\/users\/126"}],"version-history":[{"count":4,"href":"https:\/\/www.uni.lu\/fhse-fr\/wp-json\/wp\/v2\/news\/3651\/revisions"}],"predecessor-version":[{"id":3829,"href":"https:\/\/www.uni.lu\/fhse-fr\/wp-json\/wp\/v2\/news\/3651\/revisions\/3829"}],"wp:authorship":[{"embeddable":true,"href":"https:\/\/www.uni.lu\/fhse-fr\/wp-json\/wp\/v2\/users\/126"}],"wp:featuredmedia":[{"embeddable":true,"href":"https:\/\/www.uni.lu\/fhse-fr\/wp-json\/wp\/v2\/media\/3659"}],"wp:attachment":[{"href":"https:\/\/www.uni.lu\/fhse-fr\/wp-json\/wp\/v2\/media?parent=3651"}],"wp:term":[{"taxonomy":"news-category","embeddable":true,"href":"https:\/\/www.uni.lu\/fhse-fr\/wp-json\/wp\/v2\/news-category?post=3651"},{"taxonomy":"news-topic","embeddable":true,"href":"https:\/\/www.uni.lu\/fhse-fr\/wp-json\/wp\/v2\/news-topic?post=3651"},{"taxonomy":"organisation","embeddable":true,"href":"https:\/\/www.uni.lu\/fhse-fr\/wp-json\/wp\/v2\/organisation?post=3651"}],"curies":[{"name":"wp","href":"https:\/\/api.w.org\/{rel}","templated":true}]}}