{"id":24,"date":"2018-02-06T10:58:03","date_gmt":"2018-02-06T10:58:03","guid":{"rendered":"https:\/\/website.prod.unilu.spikeseed.cloud\/fhse-fr\/news\/new-article-from-caruso-pigeron-piroth-et-al\/"},"modified":"2018-02-06T10:58:03","modified_gmt":"2018-02-06T10:58:03","slug":"new-article-from-caruso-pigeron-piroth-et-al","status":"publish","type":"news","link":"https:\/\/www.uni.lu\/fhse-fr\/news\/new-article-from-caruso-pigeron-piroth-et-al\/","title":{"rendered":"New article from Caruso, Pigeron-Piroth et al."},"content":{"rendered":"<section class=\"wp-block-unilux-blocks-free-section section\"><div class=\"container xl:max-w-screen-xl\"><p>Individual and territorial determinants of internal or cross-border commutes of the working population living in France<\/p><p>FR:\u00a0Cet article \u00e9tudie les d\u00e9terminants individuels et territoriaux des navettes transfrontali\u00e8res de travail ayant lieu depuis la France vers les pays voisins. L\u2019objectif est de d\u00e9celer si le travail transfrontalier se distingue des autres navettes, notamment des navettes effectu\u00e9es par les actifs en dehors de leur propre aire urbaine. Nous mobilisons les donn\u00e9es du recensement de la population de 2013 au niveau individuel et caract\u00e9risons le territoire \u00e0 l&rsquo;\u00e9chelle des communes afin de capter la relative polarisation des lieux de r\u00e9sidence au sein du syst\u00e8me urbain national. Sur base de mod\u00e8les logistiques multinomiaux appliqu\u00e9s \u00e0 toute la France ou \u00e0 la fa\u00e7ade frontali\u00e8re, nous trouvons que les facteurs li\u00e9s au genre, \u00e0 l\u2019\u00e2ge, \u00e0 l\u2019\u00e9ducation, au type et au secteur d\u2019emploi, ou encore \u00e0 la localisation de la r\u00e9sidence par rapport aux p\u00f4les d\u2019emplois, en France expliquent les navettes vers une autre aire urbaine fran\u00e7aise comme les navettes transfrontali\u00e8res. Cependant, l\u2019effet sur le travail frontalier est souvent plus intense que l\u2019effet de sortie vers une autre aire urbaine. Apr\u00e8s avoir contr\u00f4l\u00e9 l\u2019effet des diff\u00e9rents pays de travail, nous identifions encore clairement un comportement diff\u00e9renci\u00e9 des migrants r\u00e9sidentiels (\u00e9lastiques) aux fronti\u00e8res ainsi qu\u2019un effet de la distance \u00e0 la fronti\u00e8re et de la densit\u00e9 d\u2019emplois \u00e0 proximit\u00e9, sur les navettes transfrontali\u00e8res.<\/p><p><\/p><p>EN:\u00a0This article focuses on the individual and territorial determinants of cross-border commuting from France to its neighbouring countries. We seek to identify whether cross-border commuting is a distinct form of commuting, especially whether it differs for an active resident from commuting outside his\/her reference functional urban area. We use individual data from the 2013 census and characterize the territory at the municipal scale in order to capture the relative polarisation of residential places within the national urban system. From our multinomial logistic models applied to the whole France or the border fringe, we find that gender, age, education, type and sector of activity, as well as the location of the commune with respect to employment poles in France, explain similarly the commute of active individuals towards another urban area in France and across the border. However, the effect is more intensive for cross-border commuting. After controlling the impact of the different neighbouring countries, we still clearly identify a different behaviour from elastic migrants in border areas and an effect of the distance to the border and of the job density on the cross-border commutes.<\/p><p><a href=\"http:\/\/journals.openedition.org\/eps\/7239\" target=\"_self\" title=\"\" rel=\"noopener\">http:\/\/journals.openedition.org\/eps\/7239<\/a>\u00a0<\/p><\/div><\/section>","protected":false},"excerpt":{"rendered":"<p>Individual and territorial determinants of internal or cross-border commutes of the working population living in France<\/p>\n","protected":false},"author":0,"featured_media":25,"template":"","format":"standard","meta":{"featured_image_focal_point":[],"show_featured_caption":false,"ulux_newsletter_groups":"","uluxPostTitle":"","uluxPrePostTitle":"","_trash_the_other_posts":false,"_price":"","_stock":"","_tribe_ticket_header":"","_tribe_default_ticket_provider":"","_tribe_ticket_capacity":"0","_ticket_start_date":"","_ticket_end_date":"","_tribe_ticket_show_description":"","_tribe_ticket_show_not_going":false,"_tribe_ticket_use_global_stock":"","_tribe_ticket_global_stock_level":"","_global_stock_mode":"","_global_stock_cap":"","_tribe_rsvp_for_event":"","_tribe_ticket_going_count":"","_tribe_ticket_not_going_count":"","_tribe_tickets_list":"[]","_tribe_ticket_has_attendee_info_fields":false},"news-category":[3],"news-topic":[14],"organisation":[148],"authorship":[],"acf":[],"yoast_head":"<!-- This site is optimized with the Yoast SEO Premium plugin v22.3 (Yoast SEO v22.3) - https:\/\/yoast.com\/wordpress\/plugins\/seo\/ -->\n<title>New article from Caruso, Pigeron-Piroth et al. - FHSE actualit\u00e9s I Universit\u00e9 du Luxembourg<\/title>\n<meta name=\"description\" content=\"Individual and territorial determinants of internal or cross-border commutes of the working population living in France\" \/>\n<meta name=\"robots\" content=\"index, follow, max-snippet:-1, max-image-preview:large, max-video-preview:-1\" \/>\n<link rel=\"canonical\" href=\"https:\/\/www.uni.lu\/fhse-fr\/news\/new-article-from-caruso-pigeron-piroth-et-al\/\" \/>\n<meta property=\"og:locale\" content=\"fr_FR\" \/>\n<meta property=\"og:type\" content=\"article\" \/>\n<meta property=\"og:title\" content=\"New article from Caruso, Pigeron-Piroth et al.\" \/>\n<meta property=\"og:description\" content=\"Individual and territorial determinants of internal or cross-border commutes of the working population living in France\" \/>\n<meta property=\"og:url\" content=\"https:\/\/www.uni.lu\/fhse-fr\/news\/new-article-from-caruso-pigeron-piroth-et-al\/\" \/>\n<meta property=\"og:site_name\" content=\"FHSE FR\" \/>\n<meta property=\"og:image\" content=\"https:\/\/www.uni.lu\/wp-content\/uploads\/sites\/16\/2018\/02\/new_article_from_caruso_pigeron_piroth_et_al.png\" \/>\n\t<meta property=\"og:image:width\" content=\"979\" \/>\n\t<meta property=\"og:image:height\" content=\"848\" \/>\n\t<meta property=\"og:image:type\" content=\"image\/png\" \/>\n<meta name=\"twitter:card\" content=\"summary_large_image\" \/>\n<meta name=\"twitter:label1\" content=\"Dur\u00e9e de lecture estim\u00e9e\" \/>\n\t<meta name=\"twitter:data1\" content=\"2 minutes\" \/>\n<script type=\"application\/ld+json\" class=\"yoast-schema-graph\">{\"@context\":\"https:\/\/schema.org\",\"@graph\":[{\"@type\":\"NewsArticle\",\"@id\":\"https:\/\/www.uni.lu\/fhse-fr\/news\/new-article-from-caruso-pigeron-piroth-et-al\/#article\",\"isPartOf\":{\"@id\":\"https:\/\/www.uni.lu\/fhse-fr\/news\/new-article-from-caruso-pigeron-piroth-et-al\/\"},\"author\":{\"name\":\"\",\"@id\":\"\"},\"headline\":\"New article from Caruso, Pigeron-Piroth et al.\",\"datePublished\":\"2018-02-06T10:58:03+00:00\",\"dateModified\":\"2018-02-06T10:58:03+00:00\",\"mainEntityOfPage\":{\"@id\":\"https:\/\/www.uni.lu\/fhse-fr\/news\/new-article-from-caruso-pigeron-piroth-et-al\/\"},\"wordCount\":451,\"publisher\":{\"@id\":\"https:\/\/www.uni.lu\/fhse-fr\/#organization\"},\"image\":{\"@id\":\"https:\/\/www.uni.lu\/fhse-fr\/news\/new-article-from-caruso-pigeron-piroth-et-al\/#primaryimage\"},\"thumbnailUrl\":\"https:\/\/www.uni.lu\/wp-content\/uploads\/sites\/16\/2018\/02\/new_article_from_caruso_pigeron_piroth_et_al.png\",\"inLanguage\":\"fr-FR\"},{\"@type\":\"WebPage\",\"@id\":\"https:\/\/www.uni.lu\/fhse-fr\/news\/new-article-from-caruso-pigeron-piroth-et-al\/\",\"url\":\"https:\/\/www.uni.lu\/fhse-fr\/news\/new-article-from-caruso-pigeron-piroth-et-al\/\",\"name\":\"New article from Caruso, Pigeron-Piroth et al. - FHSE actualit\u00e9s I Universit\u00e9 du Luxembourg\",\"isPartOf\":{\"@id\":\"https:\/\/www.uni.lu\/fhse-fr\/#website\"},\"primaryImageOfPage\":{\"@id\":\"https:\/\/www.uni.lu\/fhse-fr\/news\/new-article-from-caruso-pigeron-piroth-et-al\/#primaryimage\"},\"image\":{\"@id\":\"https:\/\/www.uni.lu\/fhse-fr\/news\/new-article-from-caruso-pigeron-piroth-et-al\/#primaryimage\"},\"thumbnailUrl\":\"https:\/\/www.uni.lu\/wp-content\/uploads\/sites\/16\/2018\/02\/new_article_from_caruso_pigeron_piroth_et_al.png\",\"datePublished\":\"2018-02-06T10:58:03+00:00\",\"dateModified\":\"2018-02-06T10:58:03+00:00\",\"description\":\"Individual and territorial determinants of internal or cross-border commutes of the working population living in France\",\"breadcrumb\":{\"@id\":\"https:\/\/www.uni.lu\/fhse-fr\/news\/new-article-from-caruso-pigeron-piroth-et-al\/#breadcrumb\"},\"inLanguage\":\"fr-FR\",\"potentialAction\":[{\"@type\":\"ReadAction\",\"target\":[\"https:\/\/www.uni.lu\/fhse-fr\/news\/new-article-from-caruso-pigeron-piroth-et-al\/\"]}]},{\"@type\":\"ImageObject\",\"inLanguage\":\"fr-FR\",\"@id\":\"https:\/\/www.uni.lu\/fhse-fr\/news\/new-article-from-caruso-pigeron-piroth-et-al\/#primaryimage\",\"url\":\"https:\/\/www.uni.lu\/wp-content\/uploads\/sites\/16\/2018\/02\/new_article_from_caruso_pigeron_piroth_et_al.png\",\"contentUrl\":\"https:\/\/www.uni.lu\/wp-content\/uploads\/sites\/16\/2018\/02\/new_article_from_caruso_pigeron_piroth_et_al.png\",\"width\":979,\"height\":848},{\"@type\":\"BreadcrumbList\",\"@id\":\"https:\/\/www.uni.lu\/fhse-fr\/news\/new-article-from-caruso-pigeron-piroth-et-al\/#breadcrumb\",\"itemListElement\":[{\"@type\":\"ListItem\",\"position\":1,\"name\":\"Home\",\"item\":\"https:\/\/www.uni.lu\/fr\"},{\"@type\":\"ListItem\",\"position\":2,\"name\":\"Facult\u00e9 des Sciences Humaines, des Sciences de l\u2019\u00c9ducation et des Sciences Sociales\u200b\",\"item\":\"https:\/\/www.uni.lu\/fhse-fr\/\"},{\"@type\":\"ListItem\",\"position\":3,\"name\":\"News\",\"item\":\"https:\/\/www.uni.lu\/fhse-fr\/news\/\"},{\"@type\":\"ListItem\",\"position\":4,\"name\":\"New article from Caruso, Pigeron-Piroth et al.\"}]},{\"@type\":\"WebSite\",\"@id\":\"https:\/\/www.uni.lu\/fhse-fr\/#website\",\"url\":\"https:\/\/www.uni.lu\/fhse-fr\/\",\"name\":\"FHSE\",\"description\":\"Facult\u00e9 des Sciences Humaines, des Sciences de l\u2019\u00c9ducation et des Sciences Sociales\u200b I Uni.lu\",\"publisher\":{\"@id\":\"https:\/\/www.uni.lu\/fhse-fr\/#organization\"},\"alternateName\":\"Facult\u00e9 des Sciences Humaines, des Sciences de l\u2019\u00c9ducation et des Sciences Sociales\u200b I Universit\u00e9 du Luxembourg\",\"potentialAction\":[{\"@type\":\"SearchAction\",\"target\":{\"@type\":\"EntryPoint\",\"urlTemplate\":\"https:\/\/www.uni.lu\/fhse-fr\/?s={search_term_string}\"},\"query-input\":\"required name=search_term_string\"}],\"inLanguage\":\"fr-FR\"},{\"@type\":\"Organization\",\"@id\":\"https:\/\/www.uni.lu\/fhse-fr\/#organization\",\"name\":\"FHSE - Universit\u00e9 du Luxembourg I Uni.lu\",\"alternateName\":\"Facult\u00e9 des Sciences Humaines, des Sciences de l\u2019\u00c9ducation et des Sciences Sociales\u200b\",\"url\":\"https:\/\/www.uni.lu\/fhse-fr\/\",\"logo\":{\"@type\":\"ImageObject\",\"inLanguage\":\"fr-FR\",\"@id\":\"https:\/\/www.uni.lu\/fhse-fr\/#\/schema\/logo\/image\/\",\"url\":\"https:\/\/www.uni.lu\/wp-content\/uploads\/sites\/16\/2026\/03\/03112325\/FHSE_SM-Profile_1600x1600px-scaled.jpg\",\"contentUrl\":\"https:\/\/www.uni.lu\/wp-content\/uploads\/sites\/16\/2026\/03\/03112325\/FHSE_SM-Profile_1600x1600px-scaled.jpg\",\"width\":2560,\"height\":2560,\"caption\":\"FHSE - Universit\u00e9 du Luxembourg I Uni.lu\"},\"image\":\"https:\/\/www.uni.lu\/wp-content\/uploads\/sites\/16\/2026\/04\/24144331\/20200609-Belval-Campus_Henri-Goergen-23.jpg\",\"sameAs\":[\"https:\/\/humanities.uni.lu\/\"],\"email\":\"communication@uni.lu\",\"telephone\":\"+3524666441\",\"address\":{\"@type\":\"PostalAddress\",\"streetAddress\":\"11, Porte des Sciences\",\"addressLocality\":\"Esch-sur-Alzette\",\"postalCode\":\"4365\",\"addressCountry\":\"LU\"},\"description\":\"Facult\u00e9 des Sciences Humaines, des Sciences de l\u2019\u00c9ducation et des Sciences Sociales\u200b I Uni.lu\"}]}<\/script>\n<!-- \/ Yoast SEO Premium plugin. -->","yoast_head_json":{"title":"New article from Caruso, Pigeron-Piroth et al. - FHSE actualit\u00e9s I Universit\u00e9 du Luxembourg","description":"Individual and territorial determinants of internal or cross-border commutes of the working population living in France","robots":{"index":"index","follow":"follow","max-snippet":"max-snippet:-1","max-image-preview":"max-image-preview:large","max-video-preview":"max-video-preview:-1"},"canonical":"https:\/\/www.uni.lu\/fhse-fr\/news\/new-article-from-caruso-pigeron-piroth-et-al\/","og_locale":"fr_FR","og_type":"article","og_title":"New article from Caruso, Pigeron-Piroth et al.","og_description":"Individual and territorial determinants of internal or cross-border commutes of the working population living in France","og_url":"https:\/\/www.uni.lu\/fhse-fr\/news\/new-article-from-caruso-pigeron-piroth-et-al\/","og_site_name":"FHSE FR","og_image":[{"width":979,"height":848,"url":"https:\/\/www.uni.lu\/wp-content\/uploads\/sites\/16\/2018\/02\/new_article_from_caruso_pigeron_piroth_et_al.png","type":"image\/png"}],"twitter_card":"summary_large_image","twitter_misc":{"Dur\u00e9e de lecture estim\u00e9e":"2 minutes"},"schema":{"@context":"https:\/\/schema.org","@graph":[{"@type":"NewsArticle","@id":"https:\/\/www.uni.lu\/fhse-fr\/news\/new-article-from-caruso-pigeron-piroth-et-al\/#article","isPartOf":{"@id":"https:\/\/www.uni.lu\/fhse-fr\/news\/new-article-from-caruso-pigeron-piroth-et-al\/"},"author":{"name":"","@id":""},"headline":"New article from Caruso, Pigeron-Piroth et al.","datePublished":"2018-02-06T10:58:03+00:00","dateModified":"2018-02-06T10:58:03+00:00","mainEntityOfPage":{"@id":"https:\/\/www.uni.lu\/fhse-fr\/news\/new-article-from-caruso-pigeron-piroth-et-al\/"},"wordCount":451,"publisher":{"@id":"https:\/\/www.uni.lu\/fhse-fr\/#organization"},"image":{"@id":"https:\/\/www.uni.lu\/fhse-fr\/news\/new-article-from-caruso-pigeron-piroth-et-al\/#primaryimage"},"thumbnailUrl":"https:\/\/www.uni.lu\/wp-content\/uploads\/sites\/16\/2018\/02\/new_article_from_caruso_pigeron_piroth_et_al.png","inLanguage":"fr-FR"},{"@type":"WebPage","@id":"https:\/\/www.uni.lu\/fhse-fr\/news\/new-article-from-caruso-pigeron-piroth-et-al\/","url":"https:\/\/www.uni.lu\/fhse-fr\/news\/new-article-from-caruso-pigeron-piroth-et-al\/","name":"New article from Caruso, Pigeron-Piroth et al. - FHSE actualit\u00e9s I Universit\u00e9 du Luxembourg","isPartOf":{"@id":"https:\/\/www.uni.lu\/fhse-fr\/#website"},"primaryImageOfPage":{"@id":"https:\/\/www.uni.lu\/fhse-fr\/news\/new-article-from-caruso-pigeron-piroth-et-al\/#primaryimage"},"image":{"@id":"https:\/\/www.uni.lu\/fhse-fr\/news\/new-article-from-caruso-pigeron-piroth-et-al\/#primaryimage"},"thumbnailUrl":"https:\/\/www.uni.lu\/wp-content\/uploads\/sites\/16\/2018\/02\/new_article_from_caruso_pigeron_piroth_et_al.png","datePublished":"2018-02-06T10:58:03+00:00","dateModified":"2018-02-06T10:58:03+00:00","description":"Individual and territorial determinants of internal or cross-border commutes of the working population living in France","breadcrumb":{"@id":"https:\/\/www.uni.lu\/fhse-fr\/news\/new-article-from-caruso-pigeron-piroth-et-al\/#breadcrumb"},"inLanguage":"fr-FR","potentialAction":[{"@type":"ReadAction","target":["https:\/\/www.uni.lu\/fhse-fr\/news\/new-article-from-caruso-pigeron-piroth-et-al\/"]}]},{"@type":"ImageObject","inLanguage":"fr-FR","@id":"https:\/\/www.uni.lu\/fhse-fr\/news\/new-article-from-caruso-pigeron-piroth-et-al\/#primaryimage","url":"https:\/\/www.uni.lu\/wp-content\/uploads\/sites\/16\/2018\/02\/new_article_from_caruso_pigeron_piroth_et_al.png","contentUrl":"https:\/\/www.uni.lu\/wp-content\/uploads\/sites\/16\/2018\/02\/new_article_from_caruso_pigeron_piroth_et_al.png","width":979,"height":848},{"@type":"BreadcrumbList","@id":"https:\/\/www.uni.lu\/fhse-fr\/news\/new-article-from-caruso-pigeron-piroth-et-al\/#breadcrumb","itemListElement":[{"@type":"ListItem","position":1,"name":"Home","item":"https:\/\/www.uni.lu\/fr"},{"@type":"ListItem","position":2,"name":"Facult\u00e9 des Sciences Humaines, des Sciences de l\u2019\u00c9ducation et des Sciences Sociales\u200b","item":"https:\/\/www.uni.lu\/fhse-fr\/"},{"@type":"ListItem","position":3,"name":"News","item":"https:\/\/www.uni.lu\/fhse-fr\/news\/"},{"@type":"ListItem","position":4,"name":"New article from Caruso, Pigeron-Piroth et al."}]},{"@type":"WebSite","@id":"https:\/\/www.uni.lu\/fhse-fr\/#website","url":"https:\/\/www.uni.lu\/fhse-fr\/","name":"FHSE","description":"Facult\u00e9 des Sciences Humaines, des Sciences de l\u2019\u00c9ducation et des Sciences Sociales\u200b I Uni.lu","publisher":{"@id":"https:\/\/www.uni.lu\/fhse-fr\/#organization"},"alternateName":"Facult\u00e9 des Sciences Humaines, des Sciences de l\u2019\u00c9ducation et des Sciences Sociales\u200b I Universit\u00e9 du Luxembourg","potentialAction":[{"@type":"SearchAction","target":{"@type":"EntryPoint","urlTemplate":"https:\/\/www.uni.lu\/fhse-fr\/?s={search_term_string}"},"query-input":"required name=search_term_string"}],"inLanguage":"fr-FR"},{"@type":"Organization","@id":"https:\/\/www.uni.lu\/fhse-fr\/#organization","name":"FHSE - Universit\u00e9 du Luxembourg I Uni.lu","alternateName":"Facult\u00e9 des Sciences Humaines, des Sciences de l\u2019\u00c9ducation et des Sciences Sociales\u200b","url":"https:\/\/www.uni.lu\/fhse-fr\/","logo":{"@type":"ImageObject","inLanguage":"fr-FR","@id":"https:\/\/www.uni.lu\/fhse-fr\/#\/schema\/logo\/image\/","url":"https:\/\/www.uni.lu\/wp-content\/uploads\/sites\/16\/2026\/03\/03112325\/FHSE_SM-Profile_1600x1600px-scaled.jpg","contentUrl":"https:\/\/www.uni.lu\/wp-content\/uploads\/sites\/16\/2026\/03\/03112325\/FHSE_SM-Profile_1600x1600px-scaled.jpg","width":2560,"height":2560,"caption":"FHSE - Universit\u00e9 du Luxembourg I Uni.lu"},"image":"https:\/\/www.uni.lu\/wp-content\/uploads\/sites\/16\/2026\/04\/24144331\/20200609-Belval-Campus_Henri-Goergen-23.jpg","sameAs":["https:\/\/humanities.uni.lu\/"],"email":"communication@uni.lu","telephone":"+3524666441","address":{"@type":"PostalAddress","streetAddress":"11, Porte des Sciences","addressLocality":"Esch-sur-Alzette","postalCode":"4365","addressCountry":"LU"},"description":"Facult\u00e9 des Sciences Humaines, des Sciences de l\u2019\u00c9ducation et des Sciences Sociales\u200b I Uni.lu"}]}},"blog_id":16,"_links":{"self":[{"href":"https:\/\/www.uni.lu\/fhse-fr\/wp-json\/wp\/v2\/news\/24"}],"collection":[{"href":"https:\/\/www.uni.lu\/fhse-fr\/wp-json\/wp\/v2\/news"}],"about":[{"href":"https:\/\/www.uni.lu\/fhse-fr\/wp-json\/wp\/v2\/types\/news"}],"version-history":[{"count":0,"href":"https:\/\/www.uni.lu\/fhse-fr\/wp-json\/wp\/v2\/news\/24\/revisions"}],"wp:featuredmedia":[{"embeddable":true,"href":"https:\/\/www.uni.lu\/fhse-fr\/wp-json\/wp\/v2\/media\/25"}],"wp:attachment":[{"href":"https:\/\/www.uni.lu\/fhse-fr\/wp-json\/wp\/v2\/media?parent=24"}],"wp:term":[{"taxonomy":"news-category","embeddable":true,"href":"https:\/\/www.uni.lu\/fhse-fr\/wp-json\/wp\/v2\/news-category?post=24"},{"taxonomy":"news-topic","embeddable":true,"href":"https:\/\/www.uni.lu\/fhse-fr\/wp-json\/wp\/v2\/news-topic?post=24"},{"taxonomy":"organisation","embeddable":true,"href":"https:\/\/www.uni.lu\/fhse-fr\/wp-json\/wp\/v2\/organisation?post=24"}],"curies":[{"name":"wp","href":"https:\/\/api.w.org\/{rel}","templated":true}]}}