{"id":2278,"date":"2024-01-18T15:42:14","date_gmt":"2024-01-18T14:42:14","guid":{"rendered":"https:\/\/www.uni.lu\/fhse-fr\/?post_type=news&#038;p=2278"},"modified":"2024-02-22T12:39:24","modified_gmt":"2024-02-22T11:39:24","slug":"la-solitude-comment-la-recherche-leve-le-voile-sur-les-faits-et-les-legendes","status":"publish","type":"news","link":"https:\/\/www.uni.lu\/fhse-fr\/news\/la-solitude-comment-la-recherche-leve-le-voile-sur-les-faits-et-les-legendes\/","title":{"rendered":"La solitude : comment la recherche l\u00e8ve le voile sur les faits et les l\u00e9gendes"},"content":{"rendered":"\n<section class=\"wp-block-unilux-blocks-free-section section\"><div class=\"container xl:max-w-screen-xl\">\n<p>\u00ab Celui qui se sent seul meurt t\u00f4t \u00bb, dit un vieux dicton allemand. Il y a du vrai derri\u00e8re ce vieux dicton : Une vaste m\u00e9ta-analyse portant sur 70 \u00e9tudes r\u00e9alis\u00e9es dans le monde entier a conclu que les personnes qui se sentent seules ont 26% de risques suppl\u00e9mentaires de mourir plus t\u00f4t que pr\u00e9vu. Les effets du sentiment de solitude sont tr\u00e8s r\u00e9els et tr\u00e8s dangereux.&nbsp;&nbsp;<\/p>\n\n\n\n<h2 class=\"has-text-align-left wp-block-unilux-blocks-heading\"        id=\"les-jeunes-generations-sont-les-plus-exposees\"\n    >\nLes jeunes g\u00e9n\u00e9rations sont les plus expos\u00e9es<\/h2>\n\n\n\n<p>Les chercheurs peuvent aujourd&rsquo;hui r\u00e9futer une id\u00e9e re\u00e7ue selon laquelle la solitude est un ph\u00e9nom\u00e8ne qui frappe surtout les personnes \u00e2g\u00e9es. Des \u00e9tudes men\u00e9es en France ou en Allemagne ont montr\u00e9 que les personnes de moins de 30 ans font \u00e9tat de taux alarmants de solitude, allant dans certains cas jusqu&rsquo;\u00e0 50%.&nbsp;&nbsp;<\/p>\n\n\n\n<p>Si la pand\u00e9mie a attir\u00e9 l&rsquo;attention du grand public et des acteurs politiques et sociaux sur <a href=\"https:\/\/orbilu.uni.lu\/bitstream\/10993\/52882\/1\/SSM_published.pdf\" target=\"_blank\" rel=\"noreferrer noopener\">la solitude et son impact sur la sant\u00e9<\/a>, elle n&rsquo;est que la partie visible de l&rsquo;iceberg. Les changements soci\u00e9taux et les exigences ont contribu\u00e9 \u00e0 une augmentation de la perception de la solitude. Les jeunes en particulier, qui traversent un champ de mines de changements physiques, \u00e9motionnels et dans leur vie personnelle, ont besoin de liens \u00e9motionnels et collectifs stables.&nbsp;&nbsp;<\/p>\n\n\n\n<p>\u00ab La recherche montre que les interactions num\u00e9riques peuvent att\u00e9nuer les effets n\u00e9gatifs de la solitude sur une p\u00e9riode prolong\u00e9e, par exemple dans des conditions de confinement pendant la pand\u00e9mie. C&rsquo;est particuli\u00e8rement vrai pour les jeunes, qui ont l&rsquo;habitude de communiquer sur les plateformes de m\u00e9dias sociaux \u00bb, explique le professeur <a href=\"https:\/\/www.uni.lu\/en\/person\/NTAwMDMyNzVfX0NsYXVzIFbDlkdFTEU=\/\">Claus V\u00f6gele<\/a>. \u00ab Toutefois, cela devient probl\u00e9matique si le digital remplace ce qui pourrait \u00eatre une discussion de visu. Une grande partie des interactions et des signaux de communication s&rsquo;\u00e9vaporent lors des discussions virtuelles, ce qui conduit t\u00f4t ou tard \u00e0 ce que ces \u00e9changes ne suffisent pas \u00e0 r\u00e9pondre \u00e0 nos besoins \u00bb.&nbsp;&nbsp;<\/p>\n\n\n\n<h2 class=\"has-text-align-left wp-block-unilux-blocks-heading\"        id=\"comprendre-les-facteurs-de-la-solitude-pour-mieux-intervenir\"\n    >\nComprendre les facteurs de la solitude pour mieux intervenir<\/h2>\n\n\n\n<p>\u00c0 l&rsquo;Universit\u00e9 du Luxembourg, le professeur Claus V\u00f6gele, la docteure <a href=\"https:\/\/www.uni.lu\/en\/person\/NTAwMDIyMzlfX0FubmlrYSBMVVRa\/\">Annika Lutz<\/a> et la doctorante <a href=\"https:\/\/www.uni.lu\/en\/person\/NTAwMTc3NDNfX0p1bGllIE9SVE1BTk4=\/\">Julie Ortmann<\/a> s&rsquo;efforcent de comprendre pourquoi la solitude a des effets n\u00e9fastes sur la sant\u00e9. Seule une meilleure compr\u00e9hension de ces m\u00e9canismes peut permettre d&rsquo;am\u00e9liorer les dispositifs de lutte contre la solitude. Ils m\u00e8nent une exp\u00e9rience dans le <a href=\"https:\/\/www.uni.lu\/fhse-en\/research-groups\/brain-body-interaction\/clipslab\/\">Clinical Psychophysiology Laboratory (CLIPSLAB)<\/a> dans laquelle les r\u00e9actions des participants \u00e0 l&rsquo;exclusion sociale sont \u00e9valu\u00e9es.&nbsp;&nbsp;&nbsp;<\/p>\n\n\n\n<p>\u00ab Dans cette exp\u00e9rience, le participant est inform\u00e9 qu&rsquo;il joue \u00e0 un jeu de lancer de balle en ligne avec deux autres participants. \u00c0 un moment donn\u00e9, le participant re\u00e7oit la balle moins souvent que les autres joueurs \u00bb, explique la Dr Lutz. \u00ab Nous mesurons l&rsquo;activit\u00e9 \u00e9lectrique du cerveau de ce participant et, apr\u00e8s le jeu, nous lui demandons de r\u00e9pondre \u00e0 un questionnaire \u00bb. Celui-ci \u00e9value dans quelle mesure les besoins sociaux du participant ont \u00e9t\u00e9 satisfaits, c&rsquo;est-\u00e0-dire les sentiments d&rsquo;adh\u00e9sion au groupe, de l\u00e9gitimit\u00e9 et l&rsquo;interaction. Lorsque le participant s&rsquo;est senti exclu des autres pendant le jeu de lancer de balle en ligne, il a indiqu\u00e9 dans le questionnaire que ses besoins sociaux \u00e9taient moins satisfaits.&nbsp;&nbsp;<\/p>\n\n\n\n<p>L&rsquo;\u00e9quipe de recherche analyse actuellement les donn\u00e9es issues des mesures de l&rsquo;activit\u00e9 c\u00e9r\u00e9brale, en se basant sur le fait que le cerveau enregistre la r\u00e9currence de certains \u00e9v\u00e9nements. Lorsque les autres joueurs jouent entre eux et excluent le participant, une inclusion soudaine sera ressentie de mani\u00e8re particuli\u00e8rement forte. Cela laisse une trace dans les ondes c\u00e9r\u00e9brales, montrant que le cerveau a remarqu\u00e9 l&rsquo;exclusion.&nbsp;&nbsp;<\/p>\n\n\n\n<p>La solitude ne doit pas \u00eatre confondue avec l&rsquo;isolement ou le fait d&rsquo;\u00eatre seul. La solitude est d\u00e9finie comme l&rsquo;absence de relations dont une personne a besoin ou qu&rsquo;elle d\u00e9sire, lorsque les relations ne peuvent pas satisfaire notre besoin le plus fondamental, le plus \u00e9l\u00e9mentaire, de faire partie d&rsquo;un groupe. Les psychologues identifient la solitude au niveau \u00e9motionnel (manque d&rsquo;une personne avec laquelle on partage son intimit\u00e9), au niveau social (manque d&rsquo;appartenance \u00e0 un groupe) et au niveau collectif (manque d&rsquo;appartenance \u00e0 une communaut\u00e9 plus large).&nbsp;&nbsp;&nbsp;<\/p>\n\n\n\n<h2 class=\"has-text-align-left wp-block-unilux-blocks-heading\"        id=\"dossier-de-presse\"\n    >\nDossier de presse<\/h2>\n\n\n\n<ul class=\"ulux-list\">\n<li class=\"ulux-list-item\">Visionner le documentaire allemand <a href=\"https:\/\/www.zdf.de\/nachrichten\/wissen\/einsamkeit-gesellschaft-terrax-eric-mayer-kolumne-100.html\" target=\"_blank\" rel=\"noreferrer noopener\">TerraX<\/a> sur les recherches men\u00e9es \u00e0 l&rsquo;Universit\u00e9 du Luxembourg (14 janvier 2024)&nbsp;&nbsp;<\/li>\n\n\n\n<li class=\"ulux-list-item\">Lire \u201c<a href=\"https:\/\/orbilu.uni.lu\/bitstream\/10993\/52882\/1\/SSM_published.pdf\" target=\"_blank\" rel=\"noreferrer noopener\">The impact of COVID-19 lockdown stringency on loneliness in five European countries<\/a>\u201d, publi\u00e9 dans Social Science &amp; Medicine (2022)&nbsp;<\/li>\n<\/ul>\n<\/div><\/section>\n\n\n\n<section class=\"py-0 wp-block-unilux-blocks-free-section section\"><div class=\"container xl:max-w-screen-xl\">\n<h2 class=\"has-text-align-left wp-block-unilux-blocks-heading\"        id=\"lire-egalement\"\n    >\nLire \u00e9galement<\/h2>\n\n\n\n<ul class=\"wp-block-unilux-blocks-news-card-group flex flex-wrap -mx-16\"><li class=\"w-full sm:w-1\/2 px-16 w-full px-16 sm:w-1\/2  wp-block-unilux-blocks-news-card\">\n    <div class=\"ulux-card card-news bg-theme\">\n        <div class=\"ulux-card__container\">\n            <div class=\"ulux-card__visual\">\n                <img decoding=\"async\" class=\"w-full\" src=\"https:\/\/www.uni.lu\/wp-content\/uploads\/sites\/11\/2023\/10\/iStock-1389127113_credit_Hakase_-300x200.jpg\" srcset=\"https:\/\/www.uni.lu\/wp-content\/uploads\/sites\/11\/2023\/10\/iStock-1389127113_credit_Hakase_-768x512.jpg 768w, https:\/\/www.uni.lu\/wp-content\/uploads\/sites\/11\/2023\/10\/iStock-1389127113_credit_Hakase_-300x200.jpg 300w, https:\/\/www.uni.lu\/wp-content\/uploads\/sites\/11\/2023\/10\/iStock-1389127113_credit_Hakase_-1024x683.jpg 1024w, https:\/\/www.uni.lu\/wp-content\/uploads\/sites\/11\/2023\/10\/iStock-1389127113_credit_Hakase_.jpg 1254w\" sizes=\"(max-width: 768px) 100vw, 768px\" alt=\"\" \/>\n            <\/div>\n\n            <div class=\"ulux-card__body\">\n                <h3 class=\"ulux-card__title break-words\">Un tiers des jeunes filles ressentent de la solitude au Luxembourg<\/h3>\n                <div class=\"ulux-card__category break-words\">Recherche<\/div>\n                <time class=\"ulux-card__date break-words\"\n                        datetime=\"2023-10-11\">11 octobre 2023<\/time>\n                <div class=\"ulux-card__topic break-words\">Sciences humaines<\/div>\n                <a class=\"ulux-card__link link-text link-absolute\"\n                    href=\"https:\/\/www.uni.lu\/fr\/news\/un-tiers-des-jeunes-filles-ressentent-de-la-solitude-au-luxembourg\/\"\n                    target=\"\">\n                    <span class=\"link-text__name\">En savoir plus<\/span>\n                    <svg aria-hidden=\"true\" focusable=\"false\" class=\"icon icon-outline icon--arrow-right icon--2xs\"><use xlink:href=\"https:\/\/www.uni.lu\/wp-content\/themes\/unilux-theme\/assets\/images\/icons\/icons-outline.svg#icon--arrow-right\"><\/use><\/svg>                <\/a>\n            <\/div>\n        <\/div>\n    <\/div>\n<\/li>\n<\/ul>\n<\/div><\/section>\n","protected":false},"excerpt":{"rendered":"<p>\u00ab Celui qui se sent seul meurt t\u00f4t \u00bb, dit un vieux dicton allemand. Il y a du vrai derri\u00e8re ce vieux dicton : Une vaste m\u00e9ta-analyse portant sur 70 \u00e9tudes r\u00e9alis\u00e9es dans le monde entier a conclu que les personnes qui se sentent seules ont 26% de risques suppl\u00e9mentaires de mourir plus t\u00f4t que pr\u00e9vu. <\/p>\n","protected":false},"author":33,"featured_media":2282,"template":"","format":"standard","meta":{"featured_image_focal_point":[],"show_featured_caption":false,"ulux_newsletter_groups":"","uluxPostTitle":"","uluxPrePostTitle":"","_trash_the_other_posts":false,"_price":"","_stock":"","_tribe_ticket_header":"","_tribe_default_ticket_provider":"","_tribe_ticket_capacity":"0","_ticket_start_date":"","_ticket_end_date":"","_tribe_ticket_show_description":"","_tribe_ticket_show_not_going":false,"_tribe_ticket_use_global_stock":"","_tribe_ticket_global_stock_level":"","_global_stock_mode":"","_global_stock_cap":"","_tribe_rsvp_for_event":"","_tribe_ticket_going_count":"","_tribe_ticket_not_going_count":"","_tribe_tickets_list":"[]","_tribe_ticket_has_attendee_info_fields":false},"news-category":[3],"news-topic":[21],"organisation":[149,146],"authorship":[33],"acf":[],"yoast_head":"<!-- This site is optimized with the Yoast SEO Premium plugin v22.3 (Yoast SEO v22.3) - https:\/\/yoast.com\/wordpress\/plugins\/seo\/ -->\n<title>La solitude : comment la recherche l\u00e8ve le voile sur les faits et les l\u00e9gendes - FHSE actualit\u00e9s I Universit\u00e9 du Luxembourg<\/title>\n<meta name=\"description\" content=\"\u00ab Celui qui se sent seul meurt t\u00f4t \u00bb, dit un vieux dicton allemand. Il y a du vrai derri\u00e8re ce vieux dicton : Une vaste m\u00e9ta-analyse portant sur 70 \u00e9tudes r\u00e9alis\u00e9es dans le monde entier a conclu que les personnes qui se sentent seules ont 26% de risques suppl\u00e9mentaires de mourir plus t\u00f4t que pr\u00e9vu.\" \/>\n<meta name=\"robots\" content=\"index, follow, max-snippet:-1, max-image-preview:large, max-video-preview:-1\" \/>\n<link rel=\"canonical\" href=\"https:\/\/www.uni.lu\/fhse-fr\/news\/la-solitude-comment-la-recherche-leve-le-voile-sur-les-faits-et-les-legendes\/\" \/>\n<meta property=\"og:locale\" content=\"fr_FR\" \/>\n<meta property=\"og:type\" content=\"article\" \/>\n<meta property=\"og:title\" content=\"La solitude : comment la recherche l\u00e8ve le voile sur les faits et les l\u00e9gendes\" \/>\n<meta property=\"og:description\" content=\"\u00ab Celui qui se sent seul meurt t\u00f4t \u00bb, dit un vieux dicton allemand. Il y a du vrai derri\u00e8re ce vieux dicton : Une vaste m\u00e9ta-analyse portant sur 70 \u00e9tudes r\u00e9alis\u00e9es dans le monde entier a conclu que les personnes qui se sentent seules ont 26% de risques suppl\u00e9mentaires de mourir plus t\u00f4t que pr\u00e9vu.\" \/>\n<meta property=\"og:url\" content=\"https:\/\/www.uni.lu\/fhse-fr\/news\/la-solitude-comment-la-recherche-leve-le-voile-sur-les-faits-et-les-legendes\/\" \/>\n<meta property=\"og:site_name\" content=\"FHSE FR\" \/>\n<meta property=\"article:modified_time\" content=\"2024-02-22T11:39:24+00:00\" \/>\n<meta property=\"og:image\" content=\"https:\/\/www.uni.lu\/wp-content\/uploads\/sites\/16\/2024\/01\/iStock-905586800.jpg\" \/>\n\t<meta property=\"og:image:width\" content=\"1254\" \/>\n\t<meta property=\"og:image:height\" content=\"836\" \/>\n\t<meta property=\"og:image:type\" content=\"image\/jpeg\" \/>\n<meta name=\"twitter:card\" content=\"summary_large_image\" \/>\n<meta name=\"twitter:label1\" content=\"Dur\u00e9e de lecture estim\u00e9e\" \/>\n\t<meta name=\"twitter:data1\" content=\"4 minutes\" \/>\n<script type=\"application\/ld+json\" class=\"yoast-schema-graph\">{\"@context\":\"https:\/\/schema.org\",\"@graph\":[{\"@type\":\"NewsArticle\",\"@id\":\"https:\/\/www.uni.lu\/fhse-fr\/news\/la-solitude-comment-la-recherche-leve-le-voile-sur-les-faits-et-les-legendes\/#article\",\"isPartOf\":{\"@id\":\"https:\/\/www.uni.lu\/fhse-fr\/news\/la-solitude-comment-la-recherche-leve-le-voile-sur-les-faits-et-les-legendes\/\"},\"author\":{\"name\":\"mchristen\",\"@id\":\"https:\/\/www.uni.lu\/fhse-fr\/#\/schema\/person\/c438f03d51b691a88d09778fc4b1e214\"},\"headline\":\"La solitude : comment la recherche l\u00e8ve le voile sur les faits et les l\u00e9gendes\",\"datePublished\":\"2024-01-18T14:42:14+00:00\",\"dateModified\":\"2024-02-22T11:39:24+00:00\",\"mainEntityOfPage\":{\"@id\":\"https:\/\/www.uni.lu\/fhse-fr\/news\/la-solitude-comment-la-recherche-leve-le-voile-sur-les-faits-et-les-legendes\/\"},\"wordCount\":770,\"publisher\":{\"@id\":\"https:\/\/www.uni.lu\/fhse-fr\/#organization\"},\"image\":{\"@id\":\"https:\/\/www.uni.lu\/fhse-fr\/news\/la-solitude-comment-la-recherche-leve-le-voile-sur-les-faits-et-les-legendes\/#primaryimage\"},\"thumbnailUrl\":\"https:\/\/www.uni.lu\/wp-content\/uploads\/sites\/16\/2024\/01\/iStock-905586800.jpg\",\"inLanguage\":\"fr-FR\"},{\"@type\":\"WebPage\",\"@id\":\"https:\/\/www.uni.lu\/fhse-fr\/news\/la-solitude-comment-la-recherche-leve-le-voile-sur-les-faits-et-les-legendes\/\",\"url\":\"https:\/\/www.uni.lu\/fhse-fr\/news\/la-solitude-comment-la-recherche-leve-le-voile-sur-les-faits-et-les-legendes\/\",\"name\":\"La solitude : comment la recherche l\u00e8ve le voile sur les faits et les l\u00e9gendes - FHSE actualit\u00e9s I Universit\u00e9 du Luxembourg\",\"isPartOf\":{\"@id\":\"https:\/\/www.uni.lu\/fhse-fr\/#website\"},\"primaryImageOfPage\":{\"@id\":\"https:\/\/www.uni.lu\/fhse-fr\/news\/la-solitude-comment-la-recherche-leve-le-voile-sur-les-faits-et-les-legendes\/#primaryimage\"},\"image\":{\"@id\":\"https:\/\/www.uni.lu\/fhse-fr\/news\/la-solitude-comment-la-recherche-leve-le-voile-sur-les-faits-et-les-legendes\/#primaryimage\"},\"thumbnailUrl\":\"https:\/\/www.uni.lu\/wp-content\/uploads\/sites\/16\/2024\/01\/iStock-905586800.jpg\",\"datePublished\":\"2024-01-18T14:42:14+00:00\",\"dateModified\":\"2024-02-22T11:39:24+00:00\",\"description\":\"\u00ab Celui qui se sent seul meurt t\u00f4t \u00bb, dit un vieux dicton allemand. Il y a du vrai derri\u00e8re ce vieux dicton : Une vaste m\u00e9ta-analyse portant sur 70 \u00e9tudes r\u00e9alis\u00e9es dans le monde entier a conclu que les personnes qui se sentent seules ont 26% de risques suppl\u00e9mentaires de mourir plus t\u00f4t que pr\u00e9vu.\",\"breadcrumb\":{\"@id\":\"https:\/\/www.uni.lu\/fhse-fr\/news\/la-solitude-comment-la-recherche-leve-le-voile-sur-les-faits-et-les-legendes\/#breadcrumb\"},\"inLanguage\":\"fr-FR\",\"potentialAction\":[{\"@type\":\"ReadAction\",\"target\":[\"https:\/\/www.uni.lu\/fhse-fr\/news\/la-solitude-comment-la-recherche-leve-le-voile-sur-les-faits-et-les-legendes\/\"]}]},{\"@type\":\"ImageObject\",\"inLanguage\":\"fr-FR\",\"@id\":\"https:\/\/www.uni.lu\/fhse-fr\/news\/la-solitude-comment-la-recherche-leve-le-voile-sur-les-faits-et-les-legendes\/#primaryimage\",\"url\":\"https:\/\/www.uni.lu\/wp-content\/uploads\/sites\/16\/2024\/01\/iStock-905586800.jpg\",\"contentUrl\":\"https:\/\/www.uni.lu\/wp-content\/uploads\/sites\/16\/2024\/01\/iStock-905586800.jpg\",\"width\":1254,\"height\":836,\"caption\":\"Unhappy looking woman hiding face with her hair from a couple in the background.\"},{\"@type\":\"BreadcrumbList\",\"@id\":\"https:\/\/www.uni.lu\/fhse-fr\/news\/la-solitude-comment-la-recherche-leve-le-voile-sur-les-faits-et-les-legendes\/#breadcrumb\",\"itemListElement\":[{\"@type\":\"ListItem\",\"position\":1,\"name\":\"Home\",\"item\":\"https:\/\/www.uni.lu\/fr\"},{\"@type\":\"ListItem\",\"position\":2,\"name\":\"Facult\u00e9 des Sciences Humaines, des Sciences de l\u2019\u00c9ducation et des Sciences Sociales\u200b\",\"item\":\"https:\/\/www.uni.lu\/fhse-fr\/\"},{\"@type\":\"ListItem\",\"position\":3,\"name\":\"News\",\"item\":\"https:\/\/www.uni.lu\/fhse-fr\/news\/\"},{\"@type\":\"ListItem\",\"position\":4,\"name\":\"La solitude : comment la recherche l\u00e8ve le voile sur les faits et les l\u00e9gendes\"}]},{\"@type\":\"WebSite\",\"@id\":\"https:\/\/www.uni.lu\/fhse-fr\/#website\",\"url\":\"https:\/\/www.uni.lu\/fhse-fr\/\",\"name\":\"FHSE\",\"description\":\"Facult\u00e9 des Sciences Humaines, des Sciences de l\u2019\u00c9ducation et des Sciences Sociales\u200b I Uni.lu\",\"publisher\":{\"@id\":\"https:\/\/www.uni.lu\/fhse-fr\/#organization\"},\"alternateName\":\"Facult\u00e9 des Sciences Humaines, des Sciences de l\u2019\u00c9ducation et des Sciences Sociales\u200b I Universit\u00e9 du Luxembourg\",\"potentialAction\":[{\"@type\":\"SearchAction\",\"target\":{\"@type\":\"EntryPoint\",\"urlTemplate\":\"https:\/\/www.uni.lu\/fhse-fr\/?s={search_term_string}\"},\"query-input\":\"required name=search_term_string\"}],\"inLanguage\":\"fr-FR\"},{\"@type\":\"Organization\",\"@id\":\"https:\/\/www.uni.lu\/fhse-fr\/#organization\",\"name\":\"FHSE - Universit\u00e9 du Luxembourg I Uni.lu\",\"alternateName\":\"Facult\u00e9 des Sciences Humaines, des Sciences de l\u2019\u00c9ducation et des Sciences Sociales\u200b\",\"url\":\"https:\/\/www.uni.lu\/fhse-fr\/\",\"logo\":{\"@type\":\"ImageObject\",\"inLanguage\":\"fr-FR\",\"@id\":\"https:\/\/www.uni.lu\/fhse-fr\/#\/schema\/logo\/image\/\",\"url\":\"https:\/\/www.uni.lu\/wp-content\/uploads\/sites\/16\/2026\/03\/03112325\/FHSE_SM-Profile_1600x1600px-scaled.jpg\",\"contentUrl\":\"https:\/\/www.uni.lu\/wp-content\/uploads\/sites\/16\/2026\/03\/03112325\/FHSE_SM-Profile_1600x1600px-scaled.jpg\",\"width\":2560,\"height\":2560,\"caption\":\"FHSE - Universit\u00e9 du Luxembourg I Uni.lu\"},\"image\":\"https:\/\/www.uni.lu\/wp-content\/uploads\/sites\/16\/2026\/04\/24144331\/20200609-Belval-Campus_Henri-Goergen-23.jpg\",\"sameAs\":[\"https:\/\/humanities.uni.lu\/\"],\"email\":\"communication@uni.lu\",\"telephone\":\"+3524666441\",\"address\":{\"@type\":\"PostalAddress\",\"streetAddress\":\"11, Porte des Sciences\",\"addressLocality\":\"Esch-sur-Alzette\",\"postalCode\":\"4365\",\"addressCountry\":\"LU\"},\"description\":\"Facult\u00e9 des Sciences Humaines, des Sciences de l\u2019\u00c9ducation et des Sciences Sociales\u200b I Uni.lu\"},{\"@type\":\"Person\",\"@id\":\"https:\/\/www.uni.lu\/fhse-fr\/#\/schema\/person\/c438f03d51b691a88d09778fc4b1e214\",\"name\":\"mchristen\",\"image\":{\"@type\":\"ImageObject\",\"inLanguage\":\"fr-FR\",\"@id\":\"https:\/\/www.uni.lu\/fhse-fr\/#\/schema\/person\/image\/\",\"url\":\"https:\/\/secure.gravatar.com\/avatar\/16d82684b572872e8e543a3c7bfe637a?s=96&d=mm&r=g\",\"contentUrl\":\"https:\/\/secure.gravatar.com\/avatar\/16d82684b572872e8e543a3c7bfe637a?s=96&d=mm&r=g\",\"caption\":\"mchristen\"}}]}<\/script>\n<!-- \/ Yoast SEO Premium plugin. -->","yoast_head_json":{"title":"La solitude : comment la recherche l\u00e8ve le voile sur les faits et les l\u00e9gendes - FHSE actualit\u00e9s I Universit\u00e9 du Luxembourg","description":"\u00ab Celui qui se sent seul meurt t\u00f4t \u00bb, dit un vieux dicton allemand. Il y a du vrai derri\u00e8re ce vieux dicton : Une vaste m\u00e9ta-analyse portant sur 70 \u00e9tudes r\u00e9alis\u00e9es dans le monde entier a conclu que les personnes qui se sentent seules ont 26% de risques suppl\u00e9mentaires de mourir plus t\u00f4t que pr\u00e9vu.","robots":{"index":"index","follow":"follow","max-snippet":"max-snippet:-1","max-image-preview":"max-image-preview:large","max-video-preview":"max-video-preview:-1"},"canonical":"https:\/\/www.uni.lu\/fhse-fr\/news\/la-solitude-comment-la-recherche-leve-le-voile-sur-les-faits-et-les-legendes\/","og_locale":"fr_FR","og_type":"article","og_title":"La solitude : comment la recherche l\u00e8ve le voile sur les faits et les l\u00e9gendes","og_description":"\u00ab Celui qui se sent seul meurt t\u00f4t \u00bb, dit un vieux dicton allemand. Il y a du vrai derri\u00e8re ce vieux dicton : Une vaste m\u00e9ta-analyse portant sur 70 \u00e9tudes r\u00e9alis\u00e9es dans le monde entier a conclu que les personnes qui se sentent seules ont 26% de risques suppl\u00e9mentaires de mourir plus t\u00f4t que pr\u00e9vu.","og_url":"https:\/\/www.uni.lu\/fhse-fr\/news\/la-solitude-comment-la-recherche-leve-le-voile-sur-les-faits-et-les-legendes\/","og_site_name":"FHSE FR","article_modified_time":"2024-02-22T11:39:24+00:00","og_image":[{"width":1254,"height":836,"url":"https:\/\/www.uni.lu\/wp-content\/uploads\/sites\/16\/2024\/01\/iStock-905586800.jpg","type":"image\/jpeg"}],"twitter_card":"summary_large_image","twitter_misc":{"Dur\u00e9e de lecture estim\u00e9e":"4 minutes"},"schema":{"@context":"https:\/\/schema.org","@graph":[{"@type":"NewsArticle","@id":"https:\/\/www.uni.lu\/fhse-fr\/news\/la-solitude-comment-la-recherche-leve-le-voile-sur-les-faits-et-les-legendes\/#article","isPartOf":{"@id":"https:\/\/www.uni.lu\/fhse-fr\/news\/la-solitude-comment-la-recherche-leve-le-voile-sur-les-faits-et-les-legendes\/"},"author":{"name":"mchristen","@id":"https:\/\/www.uni.lu\/fhse-fr\/#\/schema\/person\/c438f03d51b691a88d09778fc4b1e214"},"headline":"La solitude : comment la recherche l\u00e8ve le voile sur les faits et les l\u00e9gendes","datePublished":"2024-01-18T14:42:14+00:00","dateModified":"2024-02-22T11:39:24+00:00","mainEntityOfPage":{"@id":"https:\/\/www.uni.lu\/fhse-fr\/news\/la-solitude-comment-la-recherche-leve-le-voile-sur-les-faits-et-les-legendes\/"},"wordCount":770,"publisher":{"@id":"https:\/\/www.uni.lu\/fhse-fr\/#organization"},"image":{"@id":"https:\/\/www.uni.lu\/fhse-fr\/news\/la-solitude-comment-la-recherche-leve-le-voile-sur-les-faits-et-les-legendes\/#primaryimage"},"thumbnailUrl":"https:\/\/www.uni.lu\/wp-content\/uploads\/sites\/16\/2024\/01\/iStock-905586800.jpg","inLanguage":"fr-FR"},{"@type":"WebPage","@id":"https:\/\/www.uni.lu\/fhse-fr\/news\/la-solitude-comment-la-recherche-leve-le-voile-sur-les-faits-et-les-legendes\/","url":"https:\/\/www.uni.lu\/fhse-fr\/news\/la-solitude-comment-la-recherche-leve-le-voile-sur-les-faits-et-les-legendes\/","name":"La solitude : comment la recherche l\u00e8ve le voile sur les faits et les l\u00e9gendes - FHSE actualit\u00e9s I Universit\u00e9 du Luxembourg","isPartOf":{"@id":"https:\/\/www.uni.lu\/fhse-fr\/#website"},"primaryImageOfPage":{"@id":"https:\/\/www.uni.lu\/fhse-fr\/news\/la-solitude-comment-la-recherche-leve-le-voile-sur-les-faits-et-les-legendes\/#primaryimage"},"image":{"@id":"https:\/\/www.uni.lu\/fhse-fr\/news\/la-solitude-comment-la-recherche-leve-le-voile-sur-les-faits-et-les-legendes\/#primaryimage"},"thumbnailUrl":"https:\/\/www.uni.lu\/wp-content\/uploads\/sites\/16\/2024\/01\/iStock-905586800.jpg","datePublished":"2024-01-18T14:42:14+00:00","dateModified":"2024-02-22T11:39:24+00:00","description":"\u00ab Celui qui se sent seul meurt t\u00f4t \u00bb, dit un vieux dicton allemand. Il y a du vrai derri\u00e8re ce vieux dicton : Une vaste m\u00e9ta-analyse portant sur 70 \u00e9tudes r\u00e9alis\u00e9es dans le monde entier a conclu que les personnes qui se sentent seules ont 26% de risques suppl\u00e9mentaires de mourir plus t\u00f4t que pr\u00e9vu.","breadcrumb":{"@id":"https:\/\/www.uni.lu\/fhse-fr\/news\/la-solitude-comment-la-recherche-leve-le-voile-sur-les-faits-et-les-legendes\/#breadcrumb"},"inLanguage":"fr-FR","potentialAction":[{"@type":"ReadAction","target":["https:\/\/www.uni.lu\/fhse-fr\/news\/la-solitude-comment-la-recherche-leve-le-voile-sur-les-faits-et-les-legendes\/"]}]},{"@type":"ImageObject","inLanguage":"fr-FR","@id":"https:\/\/www.uni.lu\/fhse-fr\/news\/la-solitude-comment-la-recherche-leve-le-voile-sur-les-faits-et-les-legendes\/#primaryimage","url":"https:\/\/www.uni.lu\/wp-content\/uploads\/sites\/16\/2024\/01\/iStock-905586800.jpg","contentUrl":"https:\/\/www.uni.lu\/wp-content\/uploads\/sites\/16\/2024\/01\/iStock-905586800.jpg","width":1254,"height":836,"caption":"Unhappy looking woman hiding face with her hair from a couple in the background."},{"@type":"BreadcrumbList","@id":"https:\/\/www.uni.lu\/fhse-fr\/news\/la-solitude-comment-la-recherche-leve-le-voile-sur-les-faits-et-les-legendes\/#breadcrumb","itemListElement":[{"@type":"ListItem","position":1,"name":"Home","item":"https:\/\/www.uni.lu\/fr"},{"@type":"ListItem","position":2,"name":"Facult\u00e9 des Sciences Humaines, des Sciences de l\u2019\u00c9ducation et des Sciences Sociales\u200b","item":"https:\/\/www.uni.lu\/fhse-fr\/"},{"@type":"ListItem","position":3,"name":"News","item":"https:\/\/www.uni.lu\/fhse-fr\/news\/"},{"@type":"ListItem","position":4,"name":"La solitude : comment la recherche l\u00e8ve le voile sur les faits et les l\u00e9gendes"}]},{"@type":"WebSite","@id":"https:\/\/www.uni.lu\/fhse-fr\/#website","url":"https:\/\/www.uni.lu\/fhse-fr\/","name":"FHSE","description":"Facult\u00e9 des Sciences Humaines, des Sciences de l\u2019\u00c9ducation et des Sciences Sociales\u200b I Uni.lu","publisher":{"@id":"https:\/\/www.uni.lu\/fhse-fr\/#organization"},"alternateName":"Facult\u00e9 des Sciences Humaines, des Sciences de l\u2019\u00c9ducation et des Sciences Sociales\u200b I Universit\u00e9 du Luxembourg","potentialAction":[{"@type":"SearchAction","target":{"@type":"EntryPoint","urlTemplate":"https:\/\/www.uni.lu\/fhse-fr\/?s={search_term_string}"},"query-input":"required name=search_term_string"}],"inLanguage":"fr-FR"},{"@type":"Organization","@id":"https:\/\/www.uni.lu\/fhse-fr\/#organization","name":"FHSE - Universit\u00e9 du Luxembourg I Uni.lu","alternateName":"Facult\u00e9 des Sciences Humaines, des Sciences de l\u2019\u00c9ducation et des Sciences Sociales\u200b","url":"https:\/\/www.uni.lu\/fhse-fr\/","logo":{"@type":"ImageObject","inLanguage":"fr-FR","@id":"https:\/\/www.uni.lu\/fhse-fr\/#\/schema\/logo\/image\/","url":"https:\/\/www.uni.lu\/wp-content\/uploads\/sites\/16\/2026\/03\/03112325\/FHSE_SM-Profile_1600x1600px-scaled.jpg","contentUrl":"https:\/\/www.uni.lu\/wp-content\/uploads\/sites\/16\/2026\/03\/03112325\/FHSE_SM-Profile_1600x1600px-scaled.jpg","width":2560,"height":2560,"caption":"FHSE - Universit\u00e9 du Luxembourg I Uni.lu"},"image":"https:\/\/www.uni.lu\/wp-content\/uploads\/sites\/16\/2026\/04\/24144331\/20200609-Belval-Campus_Henri-Goergen-23.jpg","sameAs":["https:\/\/humanities.uni.lu\/"],"email":"communication@uni.lu","telephone":"+3524666441","address":{"@type":"PostalAddress","streetAddress":"11, Porte des Sciences","addressLocality":"Esch-sur-Alzette","postalCode":"4365","addressCountry":"LU"},"description":"Facult\u00e9 des Sciences Humaines, des Sciences de l\u2019\u00c9ducation et des Sciences Sociales\u200b I Uni.lu"},{"@type":"Person","@id":"https:\/\/www.uni.lu\/fhse-fr\/#\/schema\/person\/c438f03d51b691a88d09778fc4b1e214","name":"mchristen","image":{"@type":"ImageObject","inLanguage":"fr-FR","@id":"https:\/\/www.uni.lu\/fhse-fr\/#\/schema\/person\/image\/","url":"https:\/\/secure.gravatar.com\/avatar\/16d82684b572872e8e543a3c7bfe637a?s=96&d=mm&r=g","contentUrl":"https:\/\/secure.gravatar.com\/avatar\/16d82684b572872e8e543a3c7bfe637a?s=96&d=mm&r=g","caption":"mchristen"}}]}},"blog_id":16,"_links":{"self":[{"href":"https:\/\/www.uni.lu\/fhse-fr\/wp-json\/wp\/v2\/news\/2278"}],"collection":[{"href":"https:\/\/www.uni.lu\/fhse-fr\/wp-json\/wp\/v2\/news"}],"about":[{"href":"https:\/\/www.uni.lu\/fhse-fr\/wp-json\/wp\/v2\/types\/news"}],"author":[{"embeddable":true,"href":"https:\/\/www.uni.lu\/fhse-fr\/wp-json\/wp\/v2\/users\/33"}],"version-history":[{"count":4,"href":"https:\/\/www.uni.lu\/fhse-fr\/wp-json\/wp\/v2\/news\/2278\/revisions"}],"predecessor-version":[{"id":2297,"href":"https:\/\/www.uni.lu\/fhse-fr\/wp-json\/wp\/v2\/news\/2278\/revisions\/2297"}],"wp:authorship":[{"embeddable":true,"href":"https:\/\/www.uni.lu\/fhse-fr\/wp-json\/wp\/v2\/users\/33"}],"wp:featuredmedia":[{"embeddable":true,"href":"https:\/\/www.uni.lu\/fhse-fr\/wp-json\/wp\/v2\/media\/2282"}],"wp:attachment":[{"href":"https:\/\/www.uni.lu\/fhse-fr\/wp-json\/wp\/v2\/media?parent=2278"}],"wp:term":[{"taxonomy":"news-category","embeddable":true,"href":"https:\/\/www.uni.lu\/fhse-fr\/wp-json\/wp\/v2\/news-category?post=2278"},{"taxonomy":"news-topic","embeddable":true,"href":"https:\/\/www.uni.lu\/fhse-fr\/wp-json\/wp\/v2\/news-topic?post=2278"},{"taxonomy":"organisation","embeddable":true,"href":"https:\/\/www.uni.lu\/fhse-fr\/wp-json\/wp\/v2\/organisation?post=2278"}],"curies":[{"name":"wp","href":"https:\/\/api.w.org\/{rel}","templated":true}]}}