{"id":2274,"date":"2024-01-17T17:32:42","date_gmt":"2024-01-17T16:32:42","guid":{"rendered":"https:\/\/www.uni.lu\/fhse-fr\/?post_type=news&#038;p=2274"},"modified":"2024-08-08T14:08:09","modified_gmt":"2024-08-08T12:08:09","slug":"les-assemblees-citoyennes-un-outil-pour-une-politique-inclusive","status":"publish","type":"news","link":"https:\/\/www.uni.lu\/fhse-fr\/news\/les-assemblees-citoyennes-un-outil-pour-une-politique-inclusive\/","title":{"rendered":"Les assembl\u00e9es citoyennes : un outil pour une politique inclusive"},"content":{"rendered":"\n<section class=\"wp-block-unilux-blocks-free-section section\"><div class=\"container xl:max-w-screen-xl\">\n<p>Au cours de la derni\u00e8re l\u00e9gislature, le gouvernement luxembourgeois a mis en place pour la premi\u00e8re fois <strong>deux assembl\u00e9es citoyennes<\/strong> qui visaient \u00e0 consulter les citoyens sur la marche \u00e0 suivre en mati\u00e8re de politique climatique.<\/p>\n\n\n\n<p>Le \u00ab&nbsp;<strong>Biergerkommittee<\/strong>&nbsp;\u00bb, un groupe de 30 citoyens mis en place \u00e0 la demande du Minist\u00e8re de l\u2019\u00c9nergie et de l\u2019Am\u00e9nagement du territoire, a \u00e9t\u00e9 mis en place pour accompagner la consultation internationale \u00ab&nbsp;Luxembourg in Transition&nbsp;\u00bb. Cette assembl\u00e9e citoyenne a \u00e9mis des recommandations au gouvernement relatives \u00e0 la transition durable du Luxembourg et la protection de l\u2019environnement dans le cadre de l\u2019am\u00e9nagement du territoire. Le \u00ab&nbsp;<strong>Klima-Biergerrot<\/strong>&nbsp;\u00bb (Bureau du Citoyen pour le Climat) a \u00e9t\u00e9 commissionn\u00e9 par le Minist\u00e8re d\u2019Etat. Il rassemble une centaine de citoyens et a pour mission de s\u2019exprimer sur l&rsquo;engagement actuel du Luxembourg au niveau de la lutte contre le changement climatique dans le cadre du Plan National int\u00e9gr\u00e9 pour l\u2019Energie et le Climat (PNEC).<\/p>\n\n\n\n<p>L\u2019objectif principal des assembl\u00e9es citoyennes, qui ont d\u00e9j\u00e0 \u00e9t\u00e9 exp\u00e9riment\u00e9es dans plusieurs pays comme l\u2019Irlande, le Danemark, la France, ou la Finlande -, est de donner la possibilit\u00e9 aux citoyens r\u00e9sidents et frontaliers de participer activement \u00e0 l\u2019\u00e9laboration de recommandations sur la mani\u00e8re dont le territoire devrait \u00eatre organis\u00e9 pour atteindre les objectifs climatiques. Elles repr\u00e9sentent des voix compl\u00e9mentaires \u00e0 celle des experts et de la soci\u00e9t\u00e9 civile venant enrichir les discussions sur les changements climatiques. Elles ont pour finalit\u00e9 de rendre les d\u00e9cisions politiques plus inclusives, socialement acceptables et l\u00e9gitimes pour l\u2019ensemble de la population.<\/p>\n\n\n\n<p>Dans le cadre de cette exp\u00e9rience d\u00e9mocratique in\u00e9dite pour le Luxembourg, l\u2019Universit\u00e9 du Luxembourg m\u00e8ne un projet d\u2019<strong>\u00e9valuation de la qualit\u00e9 et de l\u2019impact des deux processus<\/strong>. Cette recherche invite \u00e9galement \u00e0 la r\u00e9flexion sur la mani\u00e8re dont les instruments participatifs d\u2019\u00e9laboration de politiques publiques peuvent \u00eatre reproduits et int\u00e9gr\u00e9s au mieux dans le syst\u00e8me repr\u00e9sentatif actuel. Le projet a \u00e9t\u00e9 men\u00e9 par <a href=\"https:\/\/pldp.lu\/team\/\" target=\"_blank\" rel=\"noreferrer noopener\">l\u2019\u00e9quipe de recherche de la Plateforme Luxembourgeoise de la D\u00e9mocratie Participative<\/a> (PLDP), compos\u00e9e de Dr. <a href=\"https:\/\/www.uni.lu\/en\/person\/NTAwNTkyODdfX0VtaWxpZW4gUEFVTElT\/\">Emilien Paulis<\/a>, <a href=\"https:\/\/www.uni.lu\/en\/person\/NTAwNDE3MTJfX0xpc2EgTGF1cmEgTWFyaWEgVkVSSEFTU0VMVA==\/\">Lisa Verhasselt<\/a> et Dr. <a href=\"https:\/\/www.uni.lu\/en\/person\/NTAwMDg4MTZfX1JhcGhhw6tsIEtJRVM=\/\">Rapha\u00ebl Kies<\/a> (coordinateur).<\/p>\n\n\n\n<p><strong>Les conclusions de cette \u00e9tude seront pr\u00e9sent\u00e9es lors de la conf\u00e9rence publique \u00ab <a href=\"https:\/\/pldp.lu\/assemblees-citoyennes-au-luxembourg\/\" target=\"_blank\" rel=\"noreferrer noopener\">Assembl\u00e9es Citoyennes au Luxembourg : Enseignements du Biergerkommitee et le Klima Biergerrot<\/a><\/strong> \u00bb, le mercredi 24 janvier \u00e0 Luxembourg-Ville aux Rotondes. En plus d\u2019une pr\u00e9sentation des r\u00e9sultats de l\u2019\u00e9valuation, une table ronde abordera les recommandations pour renforcer les assembl\u00e9es citoyennes sur le climat au Luxembourg.<\/p>\n\n\n\n<p>Les rapports, qui sont accessibles sur le <a href=\"https:\/\/pldp.lu\/\" target=\"_blank\" rel=\"noreferrer noopener\">site pdlp.lu<\/a>, \u00e9valuent les processus eux-m\u00eames, y compris l\u2019organisation, la s\u00e9lection des participants, les informations aux participations, les d\u00e9lib\u00e9rations, la m\u00e9diation et la prise de d\u00e9cision. Ils couvrent en outre le ressenti des membres et l\u2019impact des assembl\u00e9es citoyennes sur la politique, les citoyens et les d\u00e9bats. L\u2019\u00e9valuation est bas\u00e9e sur des enqu\u00eates de sondage aupr\u00e8s des participants et de la population, des entretiens semi-directifs avec les volontaires, l\u2019organisation et les mod\u00e9rateurs, l\u2019observation non-participative, l\u2019analyse de documents, et l\u2019examen de la couverture m\u00e9diatique. <\/p>\n\n\n\n<p>L\u2019\u00e9tude r\u00e9v\u00e8le qu\u2019il s\u2019agit globalement d\u2019initiatives vertueuses qui ont servi de plateforme essentielle pour les d\u00e9bats d\u00e9mocratiques, favorisant la diversit\u00e9 des points de vue, des discussions \u00e9clair\u00e9es et la recherche d\u2019un consensus. Dans un paysage de d\u00e9mocratie participative en constante \u00e9volution, le \u00ab Biergerkommitee \u00bb et le \u00ab Klima Biergerrot \u00bb servent de mod\u00e8le pr\u00e9cieux pour la prise de d\u00e9cision participative, d\u00e9montrant \u00e0 la fois les possibilit\u00e9s et les domaines qui n\u00e9cessitent des am\u00e9liorations. \u00c0 mesure que l\u2019engagement citoyen progresse, les efforts visant \u00e0 renforcer l\u2019inclusivit\u00e9, \u00e0 r\u00e9duire la consommation des ressources et \u00e0 acc\u00e9l\u00e9rer l\u2019impact sur les politiques seront essentiels pour consolider davantage son succ\u00e8s en tant qu\u2019instrument d\u00e9mocratique.<\/p>\n\n\n\n<ul class=\"wp-block-unilux-blocks-button-list-v2\">\n<li class=\"wp-block-unilux-blocks-button-list-item-v2\"><a class=\"quick-link\" href=\"https:\/\/pldp.lu\/project\/klima-biergerrot-conseil-des-citoyens-sur-le-climat\/\" target=\"_blank\" role=\"link\" rel=\"noopener\" tabindex=\"0\"><span class=\"quick-link__container\">\n<div class=\"wp-block-unilux-blocks-block-inserter quick-link__img\">\n<div class=\"icon--primary icon--secondary-2 icon--xl wp-block-unilux-blocks-icon-picker\">\n    <svg aria-hidden=\"true\" focusable=\"false\" class=\"icon icon-outline icon--external-link \"><use xlink:href=\"https:\/\/www.uni.lu\/wp-content\/themes\/unilux-theme\/assets\/images\/icons\/icons-outline.svg#icon--external-link\"><\/use><\/svg><\/div><\/div>\n\n\n\n<span class=\"quick-link__name wp-block-unilux-blocks-plain-text\">Rapport sur le Klima Biegerrot <\/span>\n\n<svg aria-hidden=\"true\" focusable=\"false\" class=\"icon icon-outline icon--arrow-right \"><use xlink:href=\"https:\/\/www.uni.lu\/wp-content\/themes\/unilux-theme\/assets\/images\/icons\/icons-outline.svg#icon--arrow-right\"><\/use><\/svg><\/span><\/a><\/li>\n\n\n\n<li class=\"wp-block-unilux-blocks-button-list-item-v2\"><a class=\"quick-link\" href=\"https:\/\/pldp.lu\/project\/luxembourg-en-transition-2050\/\" target=\"_blank\" role=\"link\" rel=\"noopener\" tabindex=\"0\"><span class=\"quick-link__container\">\n<div class=\"wp-block-unilux-blocks-block-inserter quick-link__img\">\n<div class=\"icon--primary icon--secondary-2 icon--xl wp-block-unilux-blocks-icon-picker\">\n    <svg aria-hidden=\"true\" focusable=\"false\" class=\"icon icon-outline icon--external-link \"><use xlink:href=\"https:\/\/www.uni.lu\/wp-content\/themes\/unilux-theme\/assets\/images\/icons\/icons-outline.svg#icon--external-link\"><\/use><\/svg><\/div><\/div>\n\n\n\n<span class=\"quick-link__name wp-block-unilux-blocks-plain-text\">Rapport sur le Biergerkommittee <\/span>\n\n<svg aria-hidden=\"true\" focusable=\"false\" class=\"icon icon-outline icon--arrow-right \"><use xlink:href=\"https:\/\/www.uni.lu\/wp-content\/themes\/unilux-theme\/assets\/images\/icons\/icons-outline.svg#icon--arrow-right\"><\/use><\/svg><\/span><\/a><\/li>\n<\/ul>\n\n\n<div class=\"wp-block-unilux-blocks-spacer is-spacer-size-lg\"><\/div>\n\n\n<h2 class=\"has-text-align-left wp-block-unilux-blocks-heading\"        id=\"assemblees-citoyennes-au-luxembourg\"\n    >\nAssembl\u00e9es citoyennes au Luxembourg<\/h2>\n\n\n\n<p>L\u2019\u00e9v\u00e9nement \u00ab&nbsp;Assembl\u00e9es citoyennes au Luxembourg&nbsp;\u00bb se tiendra le <strong>mercredi 24 janvier \u00e0 partir de 16.30 aux Rotondes<\/strong>. La conf\u00e9rence est gratuite, des supports de traduction seront propos\u00e9s.<\/p>\n\n\n\n<ul class=\"wp-block-unilux-blocks-button-list-v2\">\n<li class=\"wp-block-unilux-blocks-button-list-item-v2\"><a class=\"quick-link\" href=\"https:\/\/pldp.lu\/assemblees-citoyennes-au-luxembourg\/\" target=\"_blank\" role=\"link\" rel=\"noopener\" tabindex=\"0\"><span class=\"quick-link__container\">\n<div class=\"wp-block-unilux-blocks-block-inserter quick-link__img\">\n<div class=\"icon--primary icon--secondary-2 icon--xl wp-block-unilux-blocks-icon-picker\">\n    <svg aria-hidden=\"true\" focusable=\"false\" class=\"icon icon-outline icon--external-link \"><use xlink:href=\"https:\/\/www.uni.lu\/wp-content\/themes\/unilux-theme\/assets\/images\/icons\/icons-outline.svg#icon--external-link\"><\/use><\/svg><\/div><\/div>\n\n\n\n<span class=\"quick-link__name wp-block-unilux-blocks-plain-text\">Assembl\u00e9es citoyennes au Luxembourg d\u00e9tails de l&rsquo;\u00e9v\u00e9nement<\/span>\n\n<svg aria-hidden=\"true\" focusable=\"false\" class=\"icon icon-outline icon--arrow-right \"><use xlink:href=\"https:\/\/www.uni.lu\/wp-content\/themes\/unilux-theme\/assets\/images\/icons\/icons-outline.svg#icon--arrow-right\"><\/use><\/svg><\/span><\/a><\/li>\n<\/ul>\n\n\n<div class=\"wp-block-unilux-blocks-spacer is-spacer-size-lg\"><\/div>\n\n\n<h2 class=\"has-text-align-left wp-block-unilux-blocks-heading\"        id=\"lire-egalement\"\n    >\nLire \u00e9galement<\/h2>\n\n\n<ul class=\"flex flex-wrap mt-24 -mx-16  wp-block-unilux-blocks-free-content-card\">\n    <li class=\"w-full sm:w-1\/2 lg:w-1\/3 px-16  wp-block-unilux-blocks-free-content-card-item\">\n    <div class=\"ulux-card card-facilities bg-theme\">\n        <div class=\"ulux-card__container card__container\">\n                        <div class=\"ulux-card__visual wp-block-unilux-blocks-free-content-card-item-visual\">\n    \n<div class=\"wp-block-unilux-blocks-image-video-wrapper\">\n    <figure class=\"wp-block-dev4-reusable-blocks-image  object-fit--cover\">\n    \n<img decoding=\"async\" class=\"wp-block-image unilux-custom-image-block\"\n                alt=\"\"\n            src=\"https:\/\/www.uni.lu\/wp-content\/uploads\/sites\/11\/2024\/01\/uni_lu_et_dudelange_s_engagent_pour_la_democratie_participative.jpg\"\n                    style=\"object-position: 50.00% 50.00%; font-family: &quot;object-fit: cover; object-position: 50.00% 50.00%;&quot;; aspect-ratio: 4\/3; object-fit: cover; width: 100%;\"\n        loading=\"lazy\"\n\/>    <\/figure><\/div><\/div><div class=\"ulux-card__body wp-block-unilux-blocks-free-content-card-item-body\">\n    \n<h3 class=\"ulux-card__title has-text-align-left wp-block-unilux-blocks-heading\"        id=\"9-decembre-2020\"\n    >\n9 d\u00e9cembre 2020<\/h3>\n<div class=\"ulux-card__description wp-block-unilux-blocks-free-content-card-item-free-content-area\">\n    \n<p>Uni.lu et Dudelange s\u2019engagent pour la d\u00e9mocratie participative<\/p>\n<\/div><div class=\"wp-block-unilux-blocks-simple-cta\">\n    <a\n        href=\"https:\/\/www.uni.lu\/fr\/news\/uni-lu-et-dudelange-sengagent-pour-la-democratie-participative\/\"\n        title=\"Learn more\"\n        class=\"link-text link-text--icon ulux-card__link link-text link-absolute\"\n        target=\"\"\n    >\n        <span class=\"link-text__body\">\n            <span class=\"link-text__name\">Savoir plus<\/span>\n        <\/span>\n        <svg aria-hidden=\"true\" focusable=\"false\" class=\"icon icon-outline icon--arrow-right \"><use xlink:href=\"https:\/\/www.uni.lu\/wp-content\/themes\/unilux-theme\/assets\/images\/icons\/icons-outline.svg#icon--arrow-right\"><\/use><\/svg>    <\/a>\n<\/div>\n<\/div>        <\/div>\n    <\/div>\n<\/li><\/ul><\/div><\/section>\n","protected":false},"excerpt":{"rendered":"<p>L&rsquo;Universit\u00e9 du Luxembourg a \u00e9tudi\u00e9 l&rsquo;impact et la qualit\u00e9 d&rsquo;une exp\u00e9rience d\u00e9mocratique in\u00e9dite au Luxembourg: le lancement de deux assembl\u00e9es citoyennes d\u00e9di\u00e9es \u00e0 la politique climatique.<\/p>\n","protected":false},"author":42,"featured_media":2294,"template":"","format":"standard","meta":{"featured_image_focal_point":[],"show_featured_caption":false,"ulux_newsletter_groups":"","uluxPostTitle":"","uluxPrePostTitle":"","_trash_the_other_posts":false,"_price":"","_stock":"","_tribe_ticket_header":"","_tribe_default_ticket_provider":"","_tribe_ticket_capacity":"0","_ticket_start_date":"","_ticket_end_date":"","_tribe_ticket_show_description":"","_tribe_ticket_show_not_going":false,"_tribe_ticket_use_global_stock":"","_tribe_ticket_global_stock_level":"","_global_stock_mode":"","_global_stock_cap":"","_tribe_rsvp_for_event":"","_tribe_ticket_going_count":"","_tribe_ticket_not_going_count":"","_tribe_tickets_list":"[]","_tribe_ticket_has_attendee_info_fields":false},"news-category":[3],"news-topic":[16],"organisation":[146],"authorship":[42],"acf":[],"yoast_head":"<!-- This site is optimized with the Yoast SEO Premium plugin v22.3 (Yoast SEO v22.3) - https:\/\/yoast.com\/wordpress\/plugins\/seo\/ -->\n<title>Les assembl\u00e9es citoyennes : un outil pour une politique inclusive - FHSE actualit\u00e9s I Universit\u00e9 du Luxembourg<\/title>\n<meta name=\"description\" content=\"L&#039;Universit\u00e9 du Luxembourg a \u00e9tudi\u00e9 l&#039;impact et la qualit\u00e9 d&#039;une exp\u00e9rience d\u00e9mocratique in\u00e9dite au Luxembourg: le lancement de deux assembl\u00e9es citoyennes d\u00e9di\u00e9es \u00e0 la politique climatique.\" \/>\n<meta name=\"robots\" content=\"index, follow, max-snippet:-1, max-image-preview:large, max-video-preview:-1\" \/>\n<link rel=\"canonical\" href=\"https:\/\/www.uni.lu\/fhse-fr\/news\/les-assemblees-citoyennes-un-outil-pour-une-politique-inclusive\/\" \/>\n<meta property=\"og:locale\" content=\"fr_FR\" \/>\n<meta property=\"og:type\" content=\"article\" \/>\n<meta property=\"og:title\" content=\"Les assembl\u00e9es citoyennes : un outil pour une politique inclusive\" \/>\n<meta property=\"og:description\" content=\"L&#039;Universit\u00e9 du Luxembourg a \u00e9tudi\u00e9 l&#039;impact et la qualit\u00e9 d&#039;une exp\u00e9rience d\u00e9mocratique in\u00e9dite au Luxembourg: le lancement de deux assembl\u00e9es citoyennes d\u00e9di\u00e9es \u00e0 la politique climatique.\" \/>\n<meta property=\"og:url\" content=\"https:\/\/www.uni.lu\/fhse-fr\/news\/les-assemblees-citoyennes-un-outil-pour-une-politique-inclusive\/\" \/>\n<meta property=\"og:site_name\" content=\"FHSE FR\" \/>\n<meta property=\"article:modified_time\" content=\"2024-08-08T12:08:09+00:00\" \/>\n<meta property=\"og:image\" content=\"https:\/\/www.uni.lu\/wp-content\/uploads\/sites\/16\/2024\/01\/iStock-1157846557_people.png\" \/>\n\t<meta property=\"og:image:width\" content=\"1134\" \/>\n\t<meta property=\"og:image:height\" content=\"941\" \/>\n\t<meta property=\"og:image:type\" content=\"image\/png\" \/>\n<meta name=\"twitter:card\" content=\"summary_large_image\" \/>\n<meta name=\"twitter:label1\" content=\"Dur\u00e9e de lecture estim\u00e9e\" \/>\n\t<meta name=\"twitter:data1\" content=\"4 minutes\" \/>\n<script type=\"application\/ld+json\" class=\"yoast-schema-graph\">{\"@context\":\"https:\/\/schema.org\",\"@graph\":[{\"@type\":\"NewsArticle\",\"@id\":\"https:\/\/www.uni.lu\/fhse-fr\/news\/les-assemblees-citoyennes-un-outil-pour-une-politique-inclusive\/#article\",\"isPartOf\":{\"@id\":\"https:\/\/www.uni.lu\/fhse-fr\/news\/les-assemblees-citoyennes-un-outil-pour-une-politique-inclusive\/\"},\"author\":{\"name\":\"svankelst\",\"@id\":\"https:\/\/www.uni.lu\/fhse-fr\/#\/schema\/person\/bbacc9db2c68a323b1a3cbdab743cd0c\"},\"headline\":\"Les assembl\u00e9es citoyennes : un outil pour une politique inclusive\",\"datePublished\":\"2024-01-17T16:32:42+00:00\",\"dateModified\":\"2024-08-08T12:08:09+00:00\",\"mainEntityOfPage\":{\"@id\":\"https:\/\/www.uni.lu\/fhse-fr\/news\/les-assemblees-citoyennes-un-outil-pour-une-politique-inclusive\/\"},\"wordCount\":739,\"publisher\":{\"@id\":\"https:\/\/www.uni.lu\/fhse-fr\/#organization\"},\"image\":{\"@id\":\"https:\/\/www.uni.lu\/fhse-fr\/news\/les-assemblees-citoyennes-un-outil-pour-une-politique-inclusive\/#primaryimage\"},\"thumbnailUrl\":\"https:\/\/www.uni.lu\/wp-content\/uploads\/sites\/16\/2024\/01\/iStock-1157846557_people.png\",\"inLanguage\":\"fr-FR\"},{\"@type\":\"WebPage\",\"@id\":\"https:\/\/www.uni.lu\/fhse-fr\/news\/les-assemblees-citoyennes-un-outil-pour-une-politique-inclusive\/\",\"url\":\"https:\/\/www.uni.lu\/fhse-fr\/news\/les-assemblees-citoyennes-un-outil-pour-une-politique-inclusive\/\",\"name\":\"Les assembl\u00e9es citoyennes : un outil pour une politique inclusive - FHSE actualit\u00e9s I Universit\u00e9 du Luxembourg\",\"isPartOf\":{\"@id\":\"https:\/\/www.uni.lu\/fhse-fr\/#website\"},\"primaryImageOfPage\":{\"@id\":\"https:\/\/www.uni.lu\/fhse-fr\/news\/les-assemblees-citoyennes-un-outil-pour-une-politique-inclusive\/#primaryimage\"},\"image\":{\"@id\":\"https:\/\/www.uni.lu\/fhse-fr\/news\/les-assemblees-citoyennes-un-outil-pour-une-politique-inclusive\/#primaryimage\"},\"thumbnailUrl\":\"https:\/\/www.uni.lu\/wp-content\/uploads\/sites\/16\/2024\/01\/iStock-1157846557_people.png\",\"datePublished\":\"2024-01-17T16:32:42+00:00\",\"dateModified\":\"2024-08-08T12:08:09+00:00\",\"description\":\"L'Universit\u00e9 du Luxembourg a \u00e9tudi\u00e9 l'impact et la qualit\u00e9 d'une exp\u00e9rience d\u00e9mocratique in\u00e9dite au Luxembourg: le lancement de deux assembl\u00e9es citoyennes d\u00e9di\u00e9es \u00e0 la politique climatique.\",\"breadcrumb\":{\"@id\":\"https:\/\/www.uni.lu\/fhse-fr\/news\/les-assemblees-citoyennes-un-outil-pour-une-politique-inclusive\/#breadcrumb\"},\"inLanguage\":\"fr-FR\",\"potentialAction\":[{\"@type\":\"ReadAction\",\"target\":[\"https:\/\/www.uni.lu\/fhse-fr\/news\/les-assemblees-citoyennes-un-outil-pour-une-politique-inclusive\/\"]}]},{\"@type\":\"ImageObject\",\"inLanguage\":\"fr-FR\",\"@id\":\"https:\/\/www.uni.lu\/fhse-fr\/news\/les-assemblees-citoyennes-un-outil-pour-une-politique-inclusive\/#primaryimage\",\"url\":\"https:\/\/www.uni.lu\/wp-content\/uploads\/sites\/16\/2024\/01\/iStock-1157846557_people.png\",\"contentUrl\":\"https:\/\/www.uni.lu\/wp-content\/uploads\/sites\/16\/2024\/01\/iStock-1157846557_people.png\",\"width\":1134,\"height\":941,\"caption\":\"Group of people \u00a9 iStock\"},{\"@type\":\"BreadcrumbList\",\"@id\":\"https:\/\/www.uni.lu\/fhse-fr\/news\/les-assemblees-citoyennes-un-outil-pour-une-politique-inclusive\/#breadcrumb\",\"itemListElement\":[{\"@type\":\"ListItem\",\"position\":1,\"name\":\"Home\",\"item\":\"https:\/\/www.uni.lu\/fr\"},{\"@type\":\"ListItem\",\"position\":2,\"name\":\"Facult\u00e9 des Sciences Humaines, des Sciences de l\u2019\u00c9ducation et des Sciences Sociales\u200b\",\"item\":\"https:\/\/www.uni.lu\/fhse-fr\/\"},{\"@type\":\"ListItem\",\"position\":3,\"name\":\"News\",\"item\":\"https:\/\/www.uni.lu\/fhse-fr\/news\/\"},{\"@type\":\"ListItem\",\"position\":4,\"name\":\"Les assembl\u00e9es citoyennes : un outil pour une politique inclusive\"}]},{\"@type\":\"WebSite\",\"@id\":\"https:\/\/www.uni.lu\/fhse-fr\/#website\",\"url\":\"https:\/\/www.uni.lu\/fhse-fr\/\",\"name\":\"FHSE\",\"description\":\"Facult\u00e9 des Sciences Humaines, des Sciences de l\u2019\u00c9ducation et des Sciences Sociales\u200b I Uni.lu\",\"publisher\":{\"@id\":\"https:\/\/www.uni.lu\/fhse-fr\/#organization\"},\"alternateName\":\"Facult\u00e9 des Sciences Humaines, des Sciences de l\u2019\u00c9ducation et des Sciences Sociales\u200b I Universit\u00e9 du Luxembourg\",\"potentialAction\":[{\"@type\":\"SearchAction\",\"target\":{\"@type\":\"EntryPoint\",\"urlTemplate\":\"https:\/\/www.uni.lu\/fhse-fr\/?s={search_term_string}\"},\"query-input\":\"required name=search_term_string\"}],\"inLanguage\":\"fr-FR\"},{\"@type\":\"Organization\",\"@id\":\"https:\/\/www.uni.lu\/fhse-fr\/#organization\",\"name\":\"FHSE - Universit\u00e9 du Luxembourg I Uni.lu\",\"alternateName\":\"Facult\u00e9 des Sciences Humaines, des Sciences de l\u2019\u00c9ducation et des Sciences Sociales\u200b\",\"url\":\"https:\/\/www.uni.lu\/fhse-fr\/\",\"logo\":{\"@type\":\"ImageObject\",\"inLanguage\":\"fr-FR\",\"@id\":\"https:\/\/www.uni.lu\/fhse-fr\/#\/schema\/logo\/image\/\",\"url\":\"https:\/\/www.uni.lu\/wp-content\/uploads\/sites\/16\/2026\/03\/03112325\/FHSE_SM-Profile_1600x1600px-scaled.jpg\",\"contentUrl\":\"https:\/\/www.uni.lu\/wp-content\/uploads\/sites\/16\/2026\/03\/03112325\/FHSE_SM-Profile_1600x1600px-scaled.jpg\",\"width\":2560,\"height\":2560,\"caption\":\"FHSE - Universit\u00e9 du Luxembourg I Uni.lu\"},\"image\":\"https:\/\/www.uni.lu\/wp-content\/uploads\/sites\/16\/2026\/04\/24144331\/20200609-Belval-Campus_Henri-Goergen-23.jpg\",\"sameAs\":[\"https:\/\/humanities.uni.lu\/\"],\"email\":\"communication@uni.lu\",\"telephone\":\"+3524666441\",\"address\":{\"@type\":\"PostalAddress\",\"streetAddress\":\"11, Porte des Sciences\",\"addressLocality\":\"Esch-sur-Alzette\",\"postalCode\":\"4365\",\"addressCountry\":\"LU\"},\"description\":\"Facult\u00e9 des Sciences Humaines, des Sciences de l\u2019\u00c9ducation et des Sciences Sociales\u200b I Uni.lu\"},{\"@type\":\"Person\",\"@id\":\"https:\/\/www.uni.lu\/fhse-fr\/#\/schema\/person\/bbacc9db2c68a323b1a3cbdab743cd0c\",\"name\":\"svankelst\",\"image\":{\"@type\":\"ImageObject\",\"inLanguage\":\"fr-FR\",\"@id\":\"https:\/\/www.uni.lu\/fhse-fr\/#\/schema\/person\/image\/\",\"url\":\"https:\/\/secure.gravatar.com\/avatar\/54b090610f90377561821e2f82f83b9f?s=96&d=mm&r=g\",\"contentUrl\":\"https:\/\/secure.gravatar.com\/avatar\/54b090610f90377561821e2f82f83b9f?s=96&d=mm&r=g\",\"caption\":\"svankelst\"}}]}<\/script>\n<!-- \/ Yoast SEO Premium plugin. -->","yoast_head_json":{"title":"Les assembl\u00e9es citoyennes : un outil pour une politique inclusive - FHSE actualit\u00e9s I Universit\u00e9 du Luxembourg","description":"L'Universit\u00e9 du Luxembourg a \u00e9tudi\u00e9 l'impact et la qualit\u00e9 d'une exp\u00e9rience d\u00e9mocratique in\u00e9dite au Luxembourg: le lancement de deux assembl\u00e9es citoyennes d\u00e9di\u00e9es \u00e0 la politique climatique.","robots":{"index":"index","follow":"follow","max-snippet":"max-snippet:-1","max-image-preview":"max-image-preview:large","max-video-preview":"max-video-preview:-1"},"canonical":"https:\/\/www.uni.lu\/fhse-fr\/news\/les-assemblees-citoyennes-un-outil-pour-une-politique-inclusive\/","og_locale":"fr_FR","og_type":"article","og_title":"Les assembl\u00e9es citoyennes : un outil pour une politique inclusive","og_description":"L'Universit\u00e9 du Luxembourg a \u00e9tudi\u00e9 l'impact et la qualit\u00e9 d'une exp\u00e9rience d\u00e9mocratique in\u00e9dite au Luxembourg: le lancement de deux assembl\u00e9es citoyennes d\u00e9di\u00e9es \u00e0 la politique climatique.","og_url":"https:\/\/www.uni.lu\/fhse-fr\/news\/les-assemblees-citoyennes-un-outil-pour-une-politique-inclusive\/","og_site_name":"FHSE FR","article_modified_time":"2024-08-08T12:08:09+00:00","og_image":[{"width":1134,"height":941,"url":"https:\/\/www.uni.lu\/wp-content\/uploads\/sites\/16\/2024\/01\/iStock-1157846557_people.png","type":"image\/png"}],"twitter_card":"summary_large_image","twitter_misc":{"Dur\u00e9e de lecture estim\u00e9e":"4 minutes"},"schema":{"@context":"https:\/\/schema.org","@graph":[{"@type":"NewsArticle","@id":"https:\/\/www.uni.lu\/fhse-fr\/news\/les-assemblees-citoyennes-un-outil-pour-une-politique-inclusive\/#article","isPartOf":{"@id":"https:\/\/www.uni.lu\/fhse-fr\/news\/les-assemblees-citoyennes-un-outil-pour-une-politique-inclusive\/"},"author":{"name":"svankelst","@id":"https:\/\/www.uni.lu\/fhse-fr\/#\/schema\/person\/bbacc9db2c68a323b1a3cbdab743cd0c"},"headline":"Les assembl\u00e9es citoyennes : un outil pour une politique inclusive","datePublished":"2024-01-17T16:32:42+00:00","dateModified":"2024-08-08T12:08:09+00:00","mainEntityOfPage":{"@id":"https:\/\/www.uni.lu\/fhse-fr\/news\/les-assemblees-citoyennes-un-outil-pour-une-politique-inclusive\/"},"wordCount":739,"publisher":{"@id":"https:\/\/www.uni.lu\/fhse-fr\/#organization"},"image":{"@id":"https:\/\/www.uni.lu\/fhse-fr\/news\/les-assemblees-citoyennes-un-outil-pour-une-politique-inclusive\/#primaryimage"},"thumbnailUrl":"https:\/\/www.uni.lu\/wp-content\/uploads\/sites\/16\/2024\/01\/iStock-1157846557_people.png","inLanguage":"fr-FR"},{"@type":"WebPage","@id":"https:\/\/www.uni.lu\/fhse-fr\/news\/les-assemblees-citoyennes-un-outil-pour-une-politique-inclusive\/","url":"https:\/\/www.uni.lu\/fhse-fr\/news\/les-assemblees-citoyennes-un-outil-pour-une-politique-inclusive\/","name":"Les assembl\u00e9es citoyennes : un outil pour une politique inclusive - FHSE actualit\u00e9s I Universit\u00e9 du Luxembourg","isPartOf":{"@id":"https:\/\/www.uni.lu\/fhse-fr\/#website"},"primaryImageOfPage":{"@id":"https:\/\/www.uni.lu\/fhse-fr\/news\/les-assemblees-citoyennes-un-outil-pour-une-politique-inclusive\/#primaryimage"},"image":{"@id":"https:\/\/www.uni.lu\/fhse-fr\/news\/les-assemblees-citoyennes-un-outil-pour-une-politique-inclusive\/#primaryimage"},"thumbnailUrl":"https:\/\/www.uni.lu\/wp-content\/uploads\/sites\/16\/2024\/01\/iStock-1157846557_people.png","datePublished":"2024-01-17T16:32:42+00:00","dateModified":"2024-08-08T12:08:09+00:00","description":"L'Universit\u00e9 du Luxembourg a \u00e9tudi\u00e9 l'impact et la qualit\u00e9 d'une exp\u00e9rience d\u00e9mocratique in\u00e9dite au Luxembourg: le lancement de deux assembl\u00e9es citoyennes d\u00e9di\u00e9es \u00e0 la politique climatique.","breadcrumb":{"@id":"https:\/\/www.uni.lu\/fhse-fr\/news\/les-assemblees-citoyennes-un-outil-pour-une-politique-inclusive\/#breadcrumb"},"inLanguage":"fr-FR","potentialAction":[{"@type":"ReadAction","target":["https:\/\/www.uni.lu\/fhse-fr\/news\/les-assemblees-citoyennes-un-outil-pour-une-politique-inclusive\/"]}]},{"@type":"ImageObject","inLanguage":"fr-FR","@id":"https:\/\/www.uni.lu\/fhse-fr\/news\/les-assemblees-citoyennes-un-outil-pour-une-politique-inclusive\/#primaryimage","url":"https:\/\/www.uni.lu\/wp-content\/uploads\/sites\/16\/2024\/01\/iStock-1157846557_people.png","contentUrl":"https:\/\/www.uni.lu\/wp-content\/uploads\/sites\/16\/2024\/01\/iStock-1157846557_people.png","width":1134,"height":941,"caption":"Group of people \u00a9 iStock"},{"@type":"BreadcrumbList","@id":"https:\/\/www.uni.lu\/fhse-fr\/news\/les-assemblees-citoyennes-un-outil-pour-une-politique-inclusive\/#breadcrumb","itemListElement":[{"@type":"ListItem","position":1,"name":"Home","item":"https:\/\/www.uni.lu\/fr"},{"@type":"ListItem","position":2,"name":"Facult\u00e9 des Sciences Humaines, des Sciences de l\u2019\u00c9ducation et des Sciences Sociales\u200b","item":"https:\/\/www.uni.lu\/fhse-fr\/"},{"@type":"ListItem","position":3,"name":"News","item":"https:\/\/www.uni.lu\/fhse-fr\/news\/"},{"@type":"ListItem","position":4,"name":"Les assembl\u00e9es citoyennes : un outil pour une politique inclusive"}]},{"@type":"WebSite","@id":"https:\/\/www.uni.lu\/fhse-fr\/#website","url":"https:\/\/www.uni.lu\/fhse-fr\/","name":"FHSE","description":"Facult\u00e9 des Sciences Humaines, des Sciences de l\u2019\u00c9ducation et des Sciences Sociales\u200b I Uni.lu","publisher":{"@id":"https:\/\/www.uni.lu\/fhse-fr\/#organization"},"alternateName":"Facult\u00e9 des Sciences Humaines, des Sciences de l\u2019\u00c9ducation et des Sciences Sociales\u200b I Universit\u00e9 du Luxembourg","potentialAction":[{"@type":"SearchAction","target":{"@type":"EntryPoint","urlTemplate":"https:\/\/www.uni.lu\/fhse-fr\/?s={search_term_string}"},"query-input":"required name=search_term_string"}],"inLanguage":"fr-FR"},{"@type":"Organization","@id":"https:\/\/www.uni.lu\/fhse-fr\/#organization","name":"FHSE - Universit\u00e9 du Luxembourg I Uni.lu","alternateName":"Facult\u00e9 des Sciences Humaines, des Sciences de l\u2019\u00c9ducation et des Sciences Sociales\u200b","url":"https:\/\/www.uni.lu\/fhse-fr\/","logo":{"@type":"ImageObject","inLanguage":"fr-FR","@id":"https:\/\/www.uni.lu\/fhse-fr\/#\/schema\/logo\/image\/","url":"https:\/\/www.uni.lu\/wp-content\/uploads\/sites\/16\/2026\/03\/03112325\/FHSE_SM-Profile_1600x1600px-scaled.jpg","contentUrl":"https:\/\/www.uni.lu\/wp-content\/uploads\/sites\/16\/2026\/03\/03112325\/FHSE_SM-Profile_1600x1600px-scaled.jpg","width":2560,"height":2560,"caption":"FHSE - Universit\u00e9 du Luxembourg I Uni.lu"},"image":"https:\/\/www.uni.lu\/wp-content\/uploads\/sites\/16\/2026\/04\/24144331\/20200609-Belval-Campus_Henri-Goergen-23.jpg","sameAs":["https:\/\/humanities.uni.lu\/"],"email":"communication@uni.lu","telephone":"+3524666441","address":{"@type":"PostalAddress","streetAddress":"11, Porte des Sciences","addressLocality":"Esch-sur-Alzette","postalCode":"4365","addressCountry":"LU"},"description":"Facult\u00e9 des Sciences Humaines, des Sciences de l\u2019\u00c9ducation et des Sciences Sociales\u200b I Uni.lu"},{"@type":"Person","@id":"https:\/\/www.uni.lu\/fhse-fr\/#\/schema\/person\/bbacc9db2c68a323b1a3cbdab743cd0c","name":"svankelst","image":{"@type":"ImageObject","inLanguage":"fr-FR","@id":"https:\/\/www.uni.lu\/fhse-fr\/#\/schema\/person\/image\/","url":"https:\/\/secure.gravatar.com\/avatar\/54b090610f90377561821e2f82f83b9f?s=96&d=mm&r=g","contentUrl":"https:\/\/secure.gravatar.com\/avatar\/54b090610f90377561821e2f82f83b9f?s=96&d=mm&r=g","caption":"svankelst"}}]}},"blog_id":16,"_links":{"self":[{"href":"https:\/\/www.uni.lu\/fhse-fr\/wp-json\/wp\/v2\/news\/2274"}],"collection":[{"href":"https:\/\/www.uni.lu\/fhse-fr\/wp-json\/wp\/v2\/news"}],"about":[{"href":"https:\/\/www.uni.lu\/fhse-fr\/wp-json\/wp\/v2\/types\/news"}],"author":[{"embeddable":true,"href":"https:\/\/www.uni.lu\/fhse-fr\/wp-json\/wp\/v2\/users\/42"}],"version-history":[{"count":3,"href":"https:\/\/www.uni.lu\/fhse-fr\/wp-json\/wp\/v2\/news\/2274\/revisions"}],"predecessor-version":[{"id":2295,"href":"https:\/\/www.uni.lu\/fhse-fr\/wp-json\/wp\/v2\/news\/2274\/revisions\/2295"}],"wp:authorship":[{"embeddable":true,"href":"https:\/\/www.uni.lu\/fhse-fr\/wp-json\/wp\/v2\/users\/42"}],"wp:featuredmedia":[{"embeddable":true,"href":"https:\/\/www.uni.lu\/fhse-fr\/wp-json\/wp\/v2\/media\/2294"}],"wp:attachment":[{"href":"https:\/\/www.uni.lu\/fhse-fr\/wp-json\/wp\/v2\/media?parent=2274"}],"wp:term":[{"taxonomy":"news-category","embeddable":true,"href":"https:\/\/www.uni.lu\/fhse-fr\/wp-json\/wp\/v2\/news-category?post=2274"},{"taxonomy":"news-topic","embeddable":true,"href":"https:\/\/www.uni.lu\/fhse-fr\/wp-json\/wp\/v2\/news-topic?post=2274"},{"taxonomy":"organisation","embeddable":true,"href":"https:\/\/www.uni.lu\/fhse-fr\/wp-json\/wp\/v2\/organisation?post=2274"}],"curies":[{"name":"wp","href":"https:\/\/api.w.org\/{rel}","templated":true}]}}