{"id":18,"date":"2018-01-30T14:12:38","date_gmt":"2018-01-30T14:12:38","guid":{"rendered":"https:\/\/website.prod.unilu.spikeseed.cloud\/fhse-fr\/news\/new-publication-c-wille-etudier-les-identites-spatiales\/"},"modified":"2018-01-30T14:12:38","modified_gmt":"2018-01-30T14:12:38","slug":"new-publication-c-wille-etudier-les-identites-spatiales","status":"publish","type":"news","link":"https:\/\/www.uni.lu\/fhse-fr\/news\/new-publication-c-wille-etudier-les-identites-spatiales\/","title":{"rendered":"New publication: C. Wille: \u00c9tudier les identit\u00e9s spatiales &#8230;"},"content":{"rendered":"<section class=\"wp-block-unilux-blocks-free-section section\"><div class=\"container xl:max-w-screen-xl\"><p><strong>Christian Wille: \u00c9tudier les identit\u00e9s spatiales pour \u00e9tudier la fronti\u00e8re. Une analyse pluridimensionnelle<\/strong><\/p><p>[fr] Cette contribution a pour objet d&rsquo;analyser l&rsquo;importance des fronti\u00e8res nationales pour les identit\u00e9s spatiales dans des r\u00e9gions transfrontali\u00e8res. \u00c0 cet effet, elle \u00e9laborera un mod\u00e8le d&rsquo;analyse pluridimensionnel permettant d&rsquo;\u00e9tudier les identit\u00e9s au sens de Doing Identiy et, \u00e0 l&rsquo;exemple de la Grande R\u00e9gion SaarLorLux, posera la question de savoir comment les habitants se repr\u00e9sentent l&rsquo;espace et organisent leur pratiques de vie quotidienne sur le plan spatial. Par ailleurs, l&rsquo;analyse r\u00e9v\u00e8lera des projections spatiales dans le discours politique et montrera dans quelle mesure celles-ci constituent une base de processus identitaires. Cette contribution d\u00e9montre que, malgr\u00e9 des imbrications transfrontali\u00e8res, les fronti\u00e8res nationales jouent un r\u00f4le important dans les processus de projection et d&rsquo;appropriation identitaires des habitants de la Grande R\u00e9gion SaarLorLux, mais pas n\u00e9cessairement en tant que cat\u00e9gories rigides.<\/p><p><i>[de] In diesem Beitrag wird die Bedeutung von nationalen Grenzen f\u00fcr r\u00e4umliche Identit\u00e4ten in Grenzregionen analysiert. Daf\u00fcr wird ein mehrdimensionales Analysemodell entwickelt, das Identit\u00e4ten als Doing Identiy zu untersuchen erlaubt, und am Beispiel der Gro\u00dfregion SaarLorLux gefragt, wie die Einwohner den Raum repr\u00e4sentieren und wie sie ihre alltagskulturellen Praktiken r\u00e4umlich organisieren. Au\u00dferdem werden r\u00e4umliche Projektionen im politischen Diskurs aufgedeckt und gezeigt, inwiefern diese eine Grundlage bilden f\u00fcr Identifizierungsprozesse. Der Beitrag macht deutlich, dass nationale Grenzen in den Identifikations- und Identifizierungsvorg\u00e4ngen der Einwohner der Gro\u00dfregion SaarLorLux trotz grenz\u00fcberschreitender Verflechtungen eine wichtige Rolle spielen, aber nicht zwangsl\u00e4ufig als starre Ordnungskategorien.<\/i><\/p><\/div><\/section>","protected":false},"excerpt":{"rendered":"<p>Christian Wille: \u00c9tudier les identit\u00e9s spatiales pour \u00e9tudier la fronti\u00e8re. Une analyse pluridimensionnelle<\/p>\n","protected":false},"author":0,"featured_media":19,"template":"","format":"standard","meta":{"featured_image_focal_point":[],"show_featured_caption":false,"ulux_newsletter_groups":"","uluxPostTitle":"","uluxPrePostTitle":"","_trash_the_other_posts":false,"_price":"","_stock":"","_tribe_ticket_header":"","_tribe_default_ticket_provider":"","_tribe_ticket_capacity":"0","_ticket_start_date":"","_ticket_end_date":"","_tribe_ticket_show_description":"","_tribe_ticket_show_not_going":false,"_tribe_ticket_use_global_stock":"","_tribe_ticket_global_stock_level":"","_global_stock_mode":"","_global_stock_cap":"","_tribe_rsvp_for_event":"","_tribe_ticket_going_count":"","_tribe_ticket_not_going_count":"","_tribe_tickets_list":"[]","_tribe_ticket_has_attendee_info_fields":false},"news-category":[3],"news-topic":[14],"organisation":[148],"authorship":[],"acf":[],"yoast_head":"<!-- This site is optimized with the Yoast SEO Premium plugin v22.3 (Yoast SEO v22.3) - https:\/\/yoast.com\/wordpress\/plugins\/seo\/ -->\n<title>New publication: C. Wille: \u00c9tudier les identit\u00e9s spatiales ... - FHSE actualit\u00e9s I Universit\u00e9 du Luxembourg<\/title>\n<meta name=\"description\" content=\"Christian Wille: \u00c9tudier les identit\u00e9s spatiales pour \u00e9tudier la fronti\u00e8re. Une analyse pluridimensionnelle\" \/>\n<meta name=\"robots\" content=\"index, follow, max-snippet:-1, max-image-preview:large, max-video-preview:-1\" \/>\n<link rel=\"canonical\" href=\"https:\/\/www.uni.lu\/fhse-fr\/news\/new-publication-c-wille-etudier-les-identites-spatiales\/\" \/>\n<meta property=\"og:locale\" content=\"fr_FR\" \/>\n<meta property=\"og:type\" content=\"article\" \/>\n<meta property=\"og:title\" content=\"New publication: C. Wille: \u00c9tudier les identit\u00e9s spatiales ...\" \/>\n<meta property=\"og:description\" content=\"Christian Wille: \u00c9tudier les identit\u00e9s spatiales pour \u00e9tudier la fronti\u00e8re. Une analyse pluridimensionnelle\" \/>\n<meta property=\"og:url\" content=\"https:\/\/www.uni.lu\/fhse-fr\/news\/new-publication-c-wille-etudier-les-identites-spatiales\/\" \/>\n<meta property=\"og:site_name\" content=\"FHSE FR\" \/>\n<meta property=\"og:image\" content=\"https:\/\/www.uni.lu\/wp-content\/uploads\/sites\/16\/2018\/01\/new_publication_c_wille_etudier_les_identites_spatiales.jpg\" \/>\n\t<meta property=\"og:image:width\" content=\"1280\" \/>\n\t<meta property=\"og:image:height\" content=\"853\" \/>\n\t<meta property=\"og:image:type\" content=\"image\/jpeg\" \/>\n<meta name=\"twitter:card\" content=\"summary_large_image\" \/>\n<meta name=\"twitter:label1\" content=\"Dur\u00e9e de lecture estim\u00e9e\" \/>\n\t<meta name=\"twitter:data1\" content=\"1 minute\" \/>\n<script type=\"application\/ld+json\" class=\"yoast-schema-graph\">{\"@context\":\"https:\/\/schema.org\",\"@graph\":[{\"@type\":\"NewsArticle\",\"@id\":\"https:\/\/www.uni.lu\/fhse-fr\/news\/new-publication-c-wille-etudier-les-identites-spatiales\/#article\",\"isPartOf\":{\"@id\":\"https:\/\/www.uni.lu\/fhse-fr\/news\/new-publication-c-wille-etudier-les-identites-spatiales\/\"},\"author\":{\"name\":\"\",\"@id\":\"\"},\"headline\":\"New publication: C. Wille: \u00c9tudier les identit\u00e9s spatiales &#8230;\",\"datePublished\":\"2018-01-30T14:12:38+00:00\",\"dateModified\":\"2018-01-30T14:12:38+00:00\",\"mainEntityOfPage\":{\"@id\":\"https:\/\/www.uni.lu\/fhse-fr\/news\/new-publication-c-wille-etudier-les-identites-spatiales\/\"},\"wordCount\":288,\"publisher\":{\"@id\":\"https:\/\/www.uni.lu\/fhse-fr\/#organization\"},\"image\":{\"@id\":\"https:\/\/www.uni.lu\/fhse-fr\/news\/new-publication-c-wille-etudier-les-identites-spatiales\/#primaryimage\"},\"thumbnailUrl\":\"https:\/\/www.uni.lu\/wp-content\/uploads\/sites\/16\/2018\/01\/new_publication_c_wille_etudier_les_identites_spatiales.jpg\",\"inLanguage\":\"fr-FR\"},{\"@type\":\"WebPage\",\"@id\":\"https:\/\/www.uni.lu\/fhse-fr\/news\/new-publication-c-wille-etudier-les-identites-spatiales\/\",\"url\":\"https:\/\/www.uni.lu\/fhse-fr\/news\/new-publication-c-wille-etudier-les-identites-spatiales\/\",\"name\":\"New publication: C. Wille: \u00c9tudier les identit\u00e9s spatiales ... - FHSE actualit\u00e9s I Universit\u00e9 du Luxembourg\",\"isPartOf\":{\"@id\":\"https:\/\/www.uni.lu\/fhse-fr\/#website\"},\"primaryImageOfPage\":{\"@id\":\"https:\/\/www.uni.lu\/fhse-fr\/news\/new-publication-c-wille-etudier-les-identites-spatiales\/#primaryimage\"},\"image\":{\"@id\":\"https:\/\/www.uni.lu\/fhse-fr\/news\/new-publication-c-wille-etudier-les-identites-spatiales\/#primaryimage\"},\"thumbnailUrl\":\"https:\/\/www.uni.lu\/wp-content\/uploads\/sites\/16\/2018\/01\/new_publication_c_wille_etudier_les_identites_spatiales.jpg\",\"datePublished\":\"2018-01-30T14:12:38+00:00\",\"dateModified\":\"2018-01-30T14:12:38+00:00\",\"description\":\"Christian Wille: \u00c9tudier les identit\u00e9s spatiales pour \u00e9tudier la fronti\u00e8re. Une analyse pluridimensionnelle\",\"breadcrumb\":{\"@id\":\"https:\/\/www.uni.lu\/fhse-fr\/news\/new-publication-c-wille-etudier-les-identites-spatiales\/#breadcrumb\"},\"inLanguage\":\"fr-FR\",\"potentialAction\":[{\"@type\":\"ReadAction\",\"target\":[\"https:\/\/www.uni.lu\/fhse-fr\/news\/new-publication-c-wille-etudier-les-identites-spatiales\/\"]}]},{\"@type\":\"ImageObject\",\"inLanguage\":\"fr-FR\",\"@id\":\"https:\/\/www.uni.lu\/fhse-fr\/news\/new-publication-c-wille-etudier-les-identites-spatiales\/#primaryimage\",\"url\":\"https:\/\/www.uni.lu\/wp-content\/uploads\/sites\/16\/2018\/01\/new_publication_c_wille_etudier_les_identites_spatiales.jpg\",\"contentUrl\":\"https:\/\/www.uni.lu\/wp-content\/uploads\/sites\/16\/2018\/01\/new_publication_c_wille_etudier_les_identites_spatiales.jpg\",\"width\":1280,\"height\":853},{\"@type\":\"BreadcrumbList\",\"@id\":\"https:\/\/www.uni.lu\/fhse-fr\/news\/new-publication-c-wille-etudier-les-identites-spatiales\/#breadcrumb\",\"itemListElement\":[{\"@type\":\"ListItem\",\"position\":1,\"name\":\"Home\",\"item\":\"https:\/\/www.uni.lu\/fr\"},{\"@type\":\"ListItem\",\"position\":2,\"name\":\"Facult\u00e9 des Sciences Humaines, des Sciences de l\u2019\u00c9ducation et des Sciences Sociales\u200b\",\"item\":\"https:\/\/www.uni.lu\/fhse-fr\/\"},{\"@type\":\"ListItem\",\"position\":3,\"name\":\"News\",\"item\":\"https:\/\/www.uni.lu\/fhse-fr\/news\/\"},{\"@type\":\"ListItem\",\"position\":4,\"name\":\"New publication: C. Wille: \u00c9tudier les identit\u00e9s spatiales &#8230;\"}]},{\"@type\":\"WebSite\",\"@id\":\"https:\/\/www.uni.lu\/fhse-fr\/#website\",\"url\":\"https:\/\/www.uni.lu\/fhse-fr\/\",\"name\":\"FHSE\",\"description\":\"Facult\u00e9 des Sciences Humaines, des Sciences de l\u2019\u00c9ducation et des Sciences Sociales\u200b I Uni.lu\",\"publisher\":{\"@id\":\"https:\/\/www.uni.lu\/fhse-fr\/#organization\"},\"alternateName\":\"Facult\u00e9 des Sciences Humaines, des Sciences de l\u2019\u00c9ducation et des Sciences Sociales\u200b I Universit\u00e9 du Luxembourg\",\"potentialAction\":[{\"@type\":\"SearchAction\",\"target\":{\"@type\":\"EntryPoint\",\"urlTemplate\":\"https:\/\/www.uni.lu\/fhse-fr\/?s={search_term_string}\"},\"query-input\":\"required name=search_term_string\"}],\"inLanguage\":\"fr-FR\"},{\"@type\":\"Organization\",\"@id\":\"https:\/\/www.uni.lu\/fhse-fr\/#organization\",\"name\":\"FHSE - Universit\u00e9 du Luxembourg I Uni.lu\",\"alternateName\":\"Facult\u00e9 des Sciences Humaines, des Sciences de l\u2019\u00c9ducation et des Sciences Sociales\u200b\",\"url\":\"https:\/\/www.uni.lu\/fhse-fr\/\",\"logo\":{\"@type\":\"ImageObject\",\"inLanguage\":\"fr-FR\",\"@id\":\"https:\/\/www.uni.lu\/fhse-fr\/#\/schema\/logo\/image\/\",\"url\":\"https:\/\/www.uni.lu\/wp-content\/uploads\/sites\/16\/2026\/03\/03112325\/FHSE_SM-Profile_1600x1600px-scaled.jpg\",\"contentUrl\":\"https:\/\/www.uni.lu\/wp-content\/uploads\/sites\/16\/2026\/03\/03112325\/FHSE_SM-Profile_1600x1600px-scaled.jpg\",\"width\":2560,\"height\":2560,\"caption\":\"FHSE - Universit\u00e9 du Luxembourg I Uni.lu\"},\"image\":\"https:\/\/www.uni.lu\/wp-content\/uploads\/sites\/16\/2026\/04\/24144331\/20200609-Belval-Campus_Henri-Goergen-23.jpg\",\"sameAs\":[\"https:\/\/humanities.uni.lu\/\"],\"email\":\"communication@uni.lu\",\"telephone\":\"+3524666441\",\"address\":{\"@type\":\"PostalAddress\",\"streetAddress\":\"11, Porte des Sciences\",\"addressLocality\":\"Esch-sur-Alzette\",\"postalCode\":\"4365\",\"addressCountry\":\"LU\"},\"description\":\"Facult\u00e9 des Sciences Humaines, des Sciences de l\u2019\u00c9ducation et des Sciences Sociales\u200b I Uni.lu\"}]}<\/script>\n<!-- \/ Yoast SEO Premium plugin. -->","yoast_head_json":{"title":"New publication: C. Wille: \u00c9tudier les identit\u00e9s spatiales ... - FHSE actualit\u00e9s I Universit\u00e9 du Luxembourg","description":"Christian Wille: \u00c9tudier les identit\u00e9s spatiales pour \u00e9tudier la fronti\u00e8re. Une analyse pluridimensionnelle","robots":{"index":"index","follow":"follow","max-snippet":"max-snippet:-1","max-image-preview":"max-image-preview:large","max-video-preview":"max-video-preview:-1"},"canonical":"https:\/\/www.uni.lu\/fhse-fr\/news\/new-publication-c-wille-etudier-les-identites-spatiales\/","og_locale":"fr_FR","og_type":"article","og_title":"New publication: C. Wille: \u00c9tudier les identit\u00e9s spatiales ...","og_description":"Christian Wille: \u00c9tudier les identit\u00e9s spatiales pour \u00e9tudier la fronti\u00e8re. Une analyse pluridimensionnelle","og_url":"https:\/\/www.uni.lu\/fhse-fr\/news\/new-publication-c-wille-etudier-les-identites-spatiales\/","og_site_name":"FHSE FR","og_image":[{"width":1280,"height":853,"url":"https:\/\/www.uni.lu\/wp-content\/uploads\/sites\/16\/2018\/01\/new_publication_c_wille_etudier_les_identites_spatiales.jpg","type":"image\/jpeg"}],"twitter_card":"summary_large_image","twitter_misc":{"Dur\u00e9e de lecture estim\u00e9e":"1 minute"},"schema":{"@context":"https:\/\/schema.org","@graph":[{"@type":"NewsArticle","@id":"https:\/\/www.uni.lu\/fhse-fr\/news\/new-publication-c-wille-etudier-les-identites-spatiales\/#article","isPartOf":{"@id":"https:\/\/www.uni.lu\/fhse-fr\/news\/new-publication-c-wille-etudier-les-identites-spatiales\/"},"author":{"name":"","@id":""},"headline":"New publication: C. Wille: \u00c9tudier les identit\u00e9s spatiales &#8230;","datePublished":"2018-01-30T14:12:38+00:00","dateModified":"2018-01-30T14:12:38+00:00","mainEntityOfPage":{"@id":"https:\/\/www.uni.lu\/fhse-fr\/news\/new-publication-c-wille-etudier-les-identites-spatiales\/"},"wordCount":288,"publisher":{"@id":"https:\/\/www.uni.lu\/fhse-fr\/#organization"},"image":{"@id":"https:\/\/www.uni.lu\/fhse-fr\/news\/new-publication-c-wille-etudier-les-identites-spatiales\/#primaryimage"},"thumbnailUrl":"https:\/\/www.uni.lu\/wp-content\/uploads\/sites\/16\/2018\/01\/new_publication_c_wille_etudier_les_identites_spatiales.jpg","inLanguage":"fr-FR"},{"@type":"WebPage","@id":"https:\/\/www.uni.lu\/fhse-fr\/news\/new-publication-c-wille-etudier-les-identites-spatiales\/","url":"https:\/\/www.uni.lu\/fhse-fr\/news\/new-publication-c-wille-etudier-les-identites-spatiales\/","name":"New publication: C. Wille: \u00c9tudier les identit\u00e9s spatiales ... - FHSE actualit\u00e9s I Universit\u00e9 du Luxembourg","isPartOf":{"@id":"https:\/\/www.uni.lu\/fhse-fr\/#website"},"primaryImageOfPage":{"@id":"https:\/\/www.uni.lu\/fhse-fr\/news\/new-publication-c-wille-etudier-les-identites-spatiales\/#primaryimage"},"image":{"@id":"https:\/\/www.uni.lu\/fhse-fr\/news\/new-publication-c-wille-etudier-les-identites-spatiales\/#primaryimage"},"thumbnailUrl":"https:\/\/www.uni.lu\/wp-content\/uploads\/sites\/16\/2018\/01\/new_publication_c_wille_etudier_les_identites_spatiales.jpg","datePublished":"2018-01-30T14:12:38+00:00","dateModified":"2018-01-30T14:12:38+00:00","description":"Christian Wille: \u00c9tudier les identit\u00e9s spatiales pour \u00e9tudier la fronti\u00e8re. Une analyse pluridimensionnelle","breadcrumb":{"@id":"https:\/\/www.uni.lu\/fhse-fr\/news\/new-publication-c-wille-etudier-les-identites-spatiales\/#breadcrumb"},"inLanguage":"fr-FR","potentialAction":[{"@type":"ReadAction","target":["https:\/\/www.uni.lu\/fhse-fr\/news\/new-publication-c-wille-etudier-les-identites-spatiales\/"]}]},{"@type":"ImageObject","inLanguage":"fr-FR","@id":"https:\/\/www.uni.lu\/fhse-fr\/news\/new-publication-c-wille-etudier-les-identites-spatiales\/#primaryimage","url":"https:\/\/www.uni.lu\/wp-content\/uploads\/sites\/16\/2018\/01\/new_publication_c_wille_etudier_les_identites_spatiales.jpg","contentUrl":"https:\/\/www.uni.lu\/wp-content\/uploads\/sites\/16\/2018\/01\/new_publication_c_wille_etudier_les_identites_spatiales.jpg","width":1280,"height":853},{"@type":"BreadcrumbList","@id":"https:\/\/www.uni.lu\/fhse-fr\/news\/new-publication-c-wille-etudier-les-identites-spatiales\/#breadcrumb","itemListElement":[{"@type":"ListItem","position":1,"name":"Home","item":"https:\/\/www.uni.lu\/fr"},{"@type":"ListItem","position":2,"name":"Facult\u00e9 des Sciences Humaines, des Sciences de l\u2019\u00c9ducation et des Sciences Sociales\u200b","item":"https:\/\/www.uni.lu\/fhse-fr\/"},{"@type":"ListItem","position":3,"name":"News","item":"https:\/\/www.uni.lu\/fhse-fr\/news\/"},{"@type":"ListItem","position":4,"name":"New publication: C. Wille: \u00c9tudier les identit\u00e9s spatiales &#8230;"}]},{"@type":"WebSite","@id":"https:\/\/www.uni.lu\/fhse-fr\/#website","url":"https:\/\/www.uni.lu\/fhse-fr\/","name":"FHSE","description":"Facult\u00e9 des Sciences Humaines, des Sciences de l\u2019\u00c9ducation et des Sciences Sociales\u200b I Uni.lu","publisher":{"@id":"https:\/\/www.uni.lu\/fhse-fr\/#organization"},"alternateName":"Facult\u00e9 des Sciences Humaines, des Sciences de l\u2019\u00c9ducation et des Sciences Sociales\u200b I Universit\u00e9 du Luxembourg","potentialAction":[{"@type":"SearchAction","target":{"@type":"EntryPoint","urlTemplate":"https:\/\/www.uni.lu\/fhse-fr\/?s={search_term_string}"},"query-input":"required name=search_term_string"}],"inLanguage":"fr-FR"},{"@type":"Organization","@id":"https:\/\/www.uni.lu\/fhse-fr\/#organization","name":"FHSE - Universit\u00e9 du Luxembourg I Uni.lu","alternateName":"Facult\u00e9 des Sciences Humaines, des Sciences de l\u2019\u00c9ducation et des Sciences Sociales\u200b","url":"https:\/\/www.uni.lu\/fhse-fr\/","logo":{"@type":"ImageObject","inLanguage":"fr-FR","@id":"https:\/\/www.uni.lu\/fhse-fr\/#\/schema\/logo\/image\/","url":"https:\/\/www.uni.lu\/wp-content\/uploads\/sites\/16\/2026\/03\/03112325\/FHSE_SM-Profile_1600x1600px-scaled.jpg","contentUrl":"https:\/\/www.uni.lu\/wp-content\/uploads\/sites\/16\/2026\/03\/03112325\/FHSE_SM-Profile_1600x1600px-scaled.jpg","width":2560,"height":2560,"caption":"FHSE - Universit\u00e9 du Luxembourg I Uni.lu"},"image":"https:\/\/www.uni.lu\/wp-content\/uploads\/sites\/16\/2026\/04\/24144331\/20200609-Belval-Campus_Henri-Goergen-23.jpg","sameAs":["https:\/\/humanities.uni.lu\/"],"email":"communication@uni.lu","telephone":"+3524666441","address":{"@type":"PostalAddress","streetAddress":"11, Porte des Sciences","addressLocality":"Esch-sur-Alzette","postalCode":"4365","addressCountry":"LU"},"description":"Facult\u00e9 des Sciences Humaines, des Sciences de l\u2019\u00c9ducation et des Sciences Sociales\u200b I Uni.lu"}]}},"blog_id":16,"_links":{"self":[{"href":"https:\/\/www.uni.lu\/fhse-fr\/wp-json\/wp\/v2\/news\/18"}],"collection":[{"href":"https:\/\/www.uni.lu\/fhse-fr\/wp-json\/wp\/v2\/news"}],"about":[{"href":"https:\/\/www.uni.lu\/fhse-fr\/wp-json\/wp\/v2\/types\/news"}],"version-history":[{"count":0,"href":"https:\/\/www.uni.lu\/fhse-fr\/wp-json\/wp\/v2\/news\/18\/revisions"}],"wp:featuredmedia":[{"embeddable":true,"href":"https:\/\/www.uni.lu\/fhse-fr\/wp-json\/wp\/v2\/media\/19"}],"wp:attachment":[{"href":"https:\/\/www.uni.lu\/fhse-fr\/wp-json\/wp\/v2\/media?parent=18"}],"wp:term":[{"taxonomy":"news-category","embeddable":true,"href":"https:\/\/www.uni.lu\/fhse-fr\/wp-json\/wp\/v2\/news-category?post=18"},{"taxonomy":"news-topic","embeddable":true,"href":"https:\/\/www.uni.lu\/fhse-fr\/wp-json\/wp\/v2\/news-topic?post=18"},{"taxonomy":"organisation","embeddable":true,"href":"https:\/\/www.uni.lu\/fhse-fr\/wp-json\/wp\/v2\/organisation?post=18"}],"curies":[{"name":"wp","href":"https:\/\/api.w.org\/{rel}","templated":true}]}}