{"id":8421,"date":"2024-05-22T14:09:20","date_gmt":"2024-05-22T12:09:20","guid":{"rendered":"https:\/\/www.uni.lu\/fhse-en\/?post_type=news&#038;p=8421"},"modified":"2024-05-22T14:16:30","modified_gmt":"2024-05-22T12:16:30","slug":"cross-border-work-in-europe-realities-and-challenges","status":"publish","type":"news","link":"https:\/\/www.uni.lu\/fhse-en\/news\/cross-border-work-in-europe-realities-and-challenges\/","title":{"rendered":"Cross-border work in Europe &#8211; Realities and challenges"},"content":{"rendered":"\n<section class=\"wp-block-unilux-blocks-free-section section\"><div class=\"container xl:max-w-screen-xl\">\n<p>More and more people in Europe commute daily to their workplace in a neighboring country, especially Switzerland and Luxembourg. Cross-border mobility results from socioeconomic imbalances in border regions, provides growth and purchasing power, and requires close coordination of European social systems. At the same time, it sets regional policy cooperation processes in motion, generates a cross-border regional belonging and calls civil society actors on both sides of borders into action. Thus, cross-border work cannot be explained in economic terms alone, but requires considerations from different perspectives.<\/p>\n\n\n\n<p>The editors of the book &#8220;Cross-border Work in Europe&#8221; have made it their task to take such a multi-perspective view. They distinguish between socio-economic, socio-cultural, territorial and legal dimensions of cross-border work and discuss them on the basis of case studies in European border regions. The topics range from income differences, labor market access, employee representation, language, identity, and everyday life to regional development, transport, and legal issues.<\/p>\n\n\n<figure class=\"wp-block-dev4-reusable-blocks-image  object-fit--contain\">\n    \n<img decoding=\"async\" class=\"wp-block-image unilux-custom-image-block\"\n                alt=\"\"\n            src=\"https:\/\/www.uni.lu\/wp-content\/uploads\/sites\/2\/2024\/05\/Livre-le-travail-frontalier.png\"\n                srcset=\"https:\/\/www.uni.lu\/wp-content\/uploads\/sites\/2\/2024\/05\/Livre-le-travail-frontalier-200x300.png 200w, https:\/\/www.uni.lu\/wp-content\/uploads\/sites\/2\/2024\/05\/Livre-le-travail-frontalier-683x1024.png 683w, https:\/\/www.uni.lu\/wp-content\/uploads\/sites\/2\/2024\/05\/Livre-le-travail-frontalier-768x1152.png 768w, https:\/\/www.uni.lu\/wp-content\/uploads\/sites\/2\/2024\/05\/Livre-le-travail-frontalier-1024x1536.png 1024w, https:\/\/www.uni.lu\/wp-content\/uploads\/sites\/2\/2024\/05\/Livre-le-travail-frontalier-1365x2048.png 1365w, https:\/\/www.uni.lu\/wp-content\/uploads\/sites\/2\/2024\/05\/Livre-le-travail-frontalier.png 1890w\"\n                style=\"object-position: 18.00% 82.00%; font-family: &quot;object-fit: contain; object-position: 18.00% 82.00%;&quot;; aspect-ratio: 1\/1; object-fit: contain; width: 50%;\"\n        loading=\"lazy\"\n\/>    <\/figure>\n\n\n<p>The book contributions show that cross-border flows regulate the supply and demand of labor in border regions, but are also effective in other societal fields from the local to the European scale. Cross-border work therefore stands for a research object that brings together different dimensions and topics and offers a great potential for cross-border learning and development processes. For this reason, the book\u2019s editors propose the establishment of a European research program on cross-border work: The transversal &#8220;European Cross-border Work Studies&#8221; should present practice-oriented approaches for integrated development in border regions and build an interdisciplinary as well as intersectoral bridge between border scholars and regional decision-makers<\/p>\n\n\n\n<h2 class=\"has-text-align-left wp-block-unilux-blocks-heading\"        id=\"bibliographic-information\"\n    >\n<strong>Bibliographic information<\/strong><\/h2>\n\n\n\n<p>Cl\u00e9ment, Franz \/ Belkacem, Rachid \/ <a href=\"https:\/\/www.uni.lu\/fhse-en\/people\/isabelle-pigeron-piroth\/\">Pigeron-Piroth, Isabelle<\/a> \/ <a href=\"https:\/\/www.uni.lu\/fhse-en\/people\/christian-wille\/\">Wille, Christian<\/a> (ed.) (2023): Cross-border Work in Europe. Regional Practices and Realities | Le travail frontalier en Europe. Pratiques et r\u00e9alit\u00e9s r\u00e9gionales. Bruxelles, Larcier.<\/p>\n\n\n\n<h2 class=\"has-text-align-left wp-block-unilux-blocks-heading\"        id=\"authors\"\n    >\n<strong>Authors<\/strong><\/h2>\n\n\n\n<p>Dorte Jagetic Andersen, Moreno Baruffini, Rachid Belkacem, Claudio Bolzman, Martine Camiade, Franz Cl\u00e9ment, Anne Hartung, Nicole Kerschen, Cornelius J. K\u00f6nig, Jean-Marc Lambotte, Ornella Larenza, Isabelle Pigeron-Piroth, Rose-Marie Quintana, Paul Reiff, H\u00e9l\u00e8ne Rouchet, Adrien Thomas, Danuscia Tschudi, Denise Vesper, Christian Wille, Ingo Winkler, Fr\u00e9d\u00e9ric de Wispelaere. <\/p>\n\n\n\n<p>The book is the result of an international conference organised by the Luxembourg Institute of Socio-Economic Research in 2022 in collaboration with the <a href=\"https:\/\/center-border-studies.uni-gr.eu\/index.php\/en\">UniGR-Center for Border Studies<\/a>.<\/p>\n\n\n\n<ul class=\"wp-block-unilux-blocks-custom-buttons btn-list\"><li class=\"wp-block-unilux-blocks-custom-button\"    aria-disabled=\"false\"\n    >\n    <a\n        role=\"link\"\n        aria-disabled=\"false\"\n                    href=\"https:\/\/www.larcier-intersentia.com\/en\/travail-frontalier-europe-cross-border-work-europe-9782879988719.html\"\n                target=\"_self\"\n        class=\"btn btn--primary\"\n            >More info<\/a>\n<\/li>\n<\/ul>\n<\/div><\/section>\n","protected":false},"excerpt":{"rendered":"","protected":false},"author":76,"featured_media":8433,"template":"","format":"standard","meta":{"featured_image_focal_point":[],"show_featured_caption":false,"ulux_newsletter_groups":"","uluxPostTitle":"","uluxPrePostTitle":"","_trash_the_other_posts":false,"_price":"","_stock":"","_tribe_ticket_header":"","_tribe_default_ticket_provider":"","_tribe_ticket_capacity":"0","_ticket_start_date":"","_ticket_end_date":"","_tribe_ticket_show_description":"","_tribe_ticket_show_not_going":false,"_tribe_ticket_use_global_stock":"","_tribe_ticket_global_stock_level":"","_global_stock_mode":"","_global_stock_cap":"","_tribe_rsvp_for_event":"","_tribe_ticket_going_count":"","_tribe_ticket_not_going_count":"","_tribe_tickets_list":"[]","_tribe_ticket_has_attendee_info_fields":false},"news-category":[7],"news-topic":[15],"organisation":[149,147],"authorship":[76],"acf":[],"yoast_head":"<!-- This site is optimized with the Yoast SEO Premium plugin v22.3 (Yoast SEO v22.3) - https:\/\/yoast.com\/wordpress\/plugins\/seo\/ -->\n<title>Cross-border work in Europe - Realities and challenges - FHSE news I University of Luxembourg<\/title>\n<meta name=\"description\" content=\"More and more people in Europe commute daily to their workplace in a neighboring country, especially Switzerland and Luxembourg. Cross-border mobility\" \/>\n<meta name=\"robots\" content=\"index, follow, max-snippet:-1, max-image-preview:large, max-video-preview:-1\" \/>\n<link rel=\"canonical\" href=\"https:\/\/www.uni.lu\/fhse-en\/news\/cross-border-work-in-europe-realities-and-challenges\/\" \/>\n<meta property=\"og:locale\" content=\"en_GB\" \/>\n<meta property=\"og:type\" content=\"article\" \/>\n<meta property=\"og:title\" content=\"Cross-border work in Europe - Realities and challenges\" \/>\n<meta property=\"og:description\" content=\"More and more people in Europe commute daily to their workplace in a neighboring country, especially Switzerland and Luxembourg. Cross-border mobility\" \/>\n<meta property=\"og:url\" content=\"https:\/\/www.uni.lu\/fhse-en\/news\/cross-border-work-in-europe-realities-and-challenges\/\" \/>\n<meta property=\"og:site_name\" content=\"FHSE EN\" \/>\n<meta property=\"article:modified_time\" content=\"2024-05-22T12:16:30+00:00\" \/>\n<meta property=\"og:image\" content=\"https:\/\/www.uni.lu\/wp-content\/uploads\/sites\/2\/2024\/05\/Walking-with-a-blur.jpeg\" \/>\n\t<meta property=\"og:image:width\" content=\"1024\" \/>\n\t<meta property=\"og:image:height\" content=\"1024\" \/>\n\t<meta property=\"og:image:type\" content=\"image\/jpeg\" \/>\n<meta name=\"twitter:card\" content=\"summary_large_image\" \/>\n<meta name=\"twitter:label1\" content=\"Estimated reading time\" \/>\n\t<meta name=\"twitter:data1\" content=\"2 minutes\" \/>\n<script type=\"application\/ld+json\" class=\"yoast-schema-graph\">{\"@context\":\"https:\/\/schema.org\",\"@graph\":[{\"@type\":\"NewsArticle\",\"@id\":\"https:\/\/www.uni.lu\/fhse-en\/news\/cross-border-work-in-europe-realities-and-challenges\/#article\",\"isPartOf\":{\"@id\":\"https:\/\/www.uni.lu\/fhse-en\/news\/cross-border-work-in-europe-realities-and-challenges\/\"},\"author\":{\"name\":\"jcarnevale\",\"@id\":\"https:\/\/www.uni.lu\/fhse-en\/#\/schema\/person\/d0fd5a1309d5c3cce8fa6ea04f990bb9\"},\"headline\":\"Cross-border work in Europe &#8211; Realities and challenges\",\"datePublished\":\"2024-05-22T12:09:20+00:00\",\"dateModified\":\"2024-05-22T12:16:30+00:00\",\"mainEntityOfPage\":{\"@id\":\"https:\/\/www.uni.lu\/fhse-en\/news\/cross-border-work-in-europe-realities-and-challenges\/\"},\"wordCount\":378,\"publisher\":{\"@id\":\"https:\/\/www.uni.lu\/fhse-en\/#organization\"},\"image\":{\"@id\":\"https:\/\/www.uni.lu\/fhse-en\/news\/cross-border-work-in-europe-realities-and-challenges\/#primaryimage\"},\"thumbnailUrl\":\"https:\/\/www.uni.lu\/wp-content\/uploads\/sites\/2\/2024\/05\/Walking-with-a-blur.jpeg\",\"inLanguage\":\"en-GB\"},{\"@type\":\"WebPage\",\"@id\":\"https:\/\/www.uni.lu\/fhse-en\/news\/cross-border-work-in-europe-realities-and-challenges\/\",\"url\":\"https:\/\/www.uni.lu\/fhse-en\/news\/cross-border-work-in-europe-realities-and-challenges\/\",\"name\":\"Cross-border work in Europe - Realities and challenges - FHSE news I University of Luxembourg\",\"isPartOf\":{\"@id\":\"https:\/\/www.uni.lu\/fhse-en\/#website\"},\"primaryImageOfPage\":{\"@id\":\"https:\/\/www.uni.lu\/fhse-en\/news\/cross-border-work-in-europe-realities-and-challenges\/#primaryimage\"},\"image\":{\"@id\":\"https:\/\/www.uni.lu\/fhse-en\/news\/cross-border-work-in-europe-realities-and-challenges\/#primaryimage\"},\"thumbnailUrl\":\"https:\/\/www.uni.lu\/wp-content\/uploads\/sites\/2\/2024\/05\/Walking-with-a-blur.jpeg\",\"datePublished\":\"2024-05-22T12:09:20+00:00\",\"dateModified\":\"2024-05-22T12:16:30+00:00\",\"description\":\"More and more people in Europe commute daily to their workplace in a neighboring country, especially Switzerland and Luxembourg. Cross-border mobility\",\"breadcrumb\":{\"@id\":\"https:\/\/www.uni.lu\/fhse-en\/news\/cross-border-work-in-europe-realities-and-challenges\/#breadcrumb\"},\"inLanguage\":\"en-GB\",\"potentialAction\":[{\"@type\":\"ReadAction\",\"target\":[\"https:\/\/www.uni.lu\/fhse-en\/news\/cross-border-work-in-europe-realities-and-challenges\/\"]}]},{\"@type\":\"ImageObject\",\"inLanguage\":\"en-GB\",\"@id\":\"https:\/\/www.uni.lu\/fhse-en\/news\/cross-border-work-in-europe-realities-and-challenges\/#primaryimage\",\"url\":\"https:\/\/www.uni.lu\/wp-content\/uploads\/sites\/2\/2024\/05\/Walking-with-a-blur.jpeg\",\"contentUrl\":\"https:\/\/www.uni.lu\/wp-content\/uploads\/sites\/2\/2024\/05\/Walking-with-a-blur.jpeg\",\"width\":1024,\"height\":1024},{\"@type\":\"BreadcrumbList\",\"@id\":\"https:\/\/www.uni.lu\/fhse-en\/news\/cross-border-work-in-europe-realities-and-challenges\/#breadcrumb\",\"itemListElement\":[{\"@type\":\"ListItem\",\"position\":1,\"name\":\"Home\",\"item\":\"https:\/\/www.uni.lu\/en\"},{\"@type\":\"ListItem\",\"position\":2,\"name\":\"Faculty of Humanities, Education and Social Sciences\",\"item\":\"https:\/\/www.uni.lu\/fhse-en\/\"},{\"@type\":\"ListItem\",\"position\":3,\"name\":\"News\",\"item\":\"https:\/\/www.uni.lu\/fhse-en\/news\/\"},{\"@type\":\"ListItem\",\"position\":4,\"name\":\"Cross-border work in Europe - Realities and challenges\"}]},{\"@type\":\"WebSite\",\"@id\":\"https:\/\/www.uni.lu\/fhse-en\/#website\",\"url\":\"https:\/\/www.uni.lu\/fhse-en\/\",\"name\":\"FHSE\",\"description\":\"Faculty of Humanities, Education and Social Sciences I Uni.lu\",\"publisher\":{\"@id\":\"https:\/\/www.uni.lu\/fhse-en\/#organization\"},\"alternateName\":\"Faculty of Humanities, Education and Social Sciences I University of Luxembourg\",\"potentialAction\":[{\"@type\":\"SearchAction\",\"target\":{\"@type\":\"EntryPoint\",\"urlTemplate\":\"https:\/\/www.uni.lu\/fhse-en\/?s={search_term_string}\"},\"query-input\":\"required name=search_term_string\"}],\"inLanguage\":\"en-GB\"},{\"@type\":\"Organization\",\"@id\":\"https:\/\/www.uni.lu\/fhse-en\/#organization\",\"name\":\"FHSE - University of Luxembourg I Uni.lu\",\"alternateName\":\"Faculty of Humanities, Education and Social Sciences\",\"url\":\"https:\/\/www.uni.lu\/fhse-en\/\",\"logo\":{\"@type\":\"ImageObject\",\"inLanguage\":\"en-GB\",\"@id\":\"https:\/\/www.uni.lu\/fhse-en\/#\/schema\/logo\/image\/\",\"url\":\"https:\/\/www.uni.lu\/wp-content\/uploads\/sites\/2\/2026\/03\/03112240\/FHSE_SM-Profile_1600x1600px-scaled.jpg\",\"contentUrl\":\"https:\/\/www.uni.lu\/wp-content\/uploads\/sites\/2\/2026\/03\/03112240\/FHSE_SM-Profile_1600x1600px-scaled.jpg\",\"width\":2560,\"height\":2560,\"caption\":\"FHSE - University of Luxembourg I Uni.lu\"},\"image\":\"https:\/\/www.uni.lu\/wp-content\/uploads\/sites\/2\/2026\/04\/24144328\/20200609-Belval-Campus_Henri-Goergen-23.jpg\",\"sameAs\":[\"https:\/\/humanities.uni.lu\/\"],\"email\":\"communication@uni.lu\",\"telephone\":\"+3524666441\",\"address\":{\"@type\":\"PostalAddress\",\"streetAddress\":\"11, Porte des Sciences\",\"addressLocality\":\"Esch-sur-Alzette\",\"postalCode\":\"4365\",\"addressCountry\":\"LU\"},\"description\":\"Faculty of Humanities, Education and Social Sciences I Uni.lu\"},{\"@type\":\"Person\",\"@id\":\"https:\/\/www.uni.lu\/fhse-en\/#\/schema\/person\/d0fd5a1309d5c3cce8fa6ea04f990bb9\",\"name\":\"jcarnevale\",\"image\":{\"@type\":\"ImageObject\",\"inLanguage\":\"en-GB\",\"@id\":\"https:\/\/www.uni.lu\/fhse-en\/#\/schema\/person\/image\/\",\"url\":\"https:\/\/secure.gravatar.com\/avatar\/ea74ec75134f0b15dd44e97309e8d725?s=96&d=mm&r=g\",\"contentUrl\":\"https:\/\/secure.gravatar.com\/avatar\/ea74ec75134f0b15dd44e97309e8d725?s=96&d=mm&r=g\",\"caption\":\"jcarnevale\"}}]}<\/script>\n<!-- \/ Yoast SEO Premium plugin. -->","yoast_head_json":{"title":"Cross-border work in Europe - Realities and challenges - FHSE news I University of Luxembourg","description":"More and more people in Europe commute daily to their workplace in a neighboring country, especially Switzerland and Luxembourg. Cross-border mobility","robots":{"index":"index","follow":"follow","max-snippet":"max-snippet:-1","max-image-preview":"max-image-preview:large","max-video-preview":"max-video-preview:-1"},"canonical":"https:\/\/www.uni.lu\/fhse-en\/news\/cross-border-work-in-europe-realities-and-challenges\/","og_locale":"en_GB","og_type":"article","og_title":"Cross-border work in Europe - Realities and challenges","og_description":"More and more people in Europe commute daily to their workplace in a neighboring country, especially Switzerland and Luxembourg. Cross-border mobility","og_url":"https:\/\/www.uni.lu\/fhse-en\/news\/cross-border-work-in-europe-realities-and-challenges\/","og_site_name":"FHSE EN","article_modified_time":"2024-05-22T12:16:30+00:00","og_image":[{"width":1024,"height":1024,"url":"https:\/\/www.uni.lu\/wp-content\/uploads\/sites\/2\/2024\/05\/Walking-with-a-blur.jpeg","type":"image\/jpeg"}],"twitter_card":"summary_large_image","twitter_misc":{"Estimated reading time":"2 minutes"},"schema":{"@context":"https:\/\/schema.org","@graph":[{"@type":"NewsArticle","@id":"https:\/\/www.uni.lu\/fhse-en\/news\/cross-border-work-in-europe-realities-and-challenges\/#article","isPartOf":{"@id":"https:\/\/www.uni.lu\/fhse-en\/news\/cross-border-work-in-europe-realities-and-challenges\/"},"author":{"name":"jcarnevale","@id":"https:\/\/www.uni.lu\/fhse-en\/#\/schema\/person\/d0fd5a1309d5c3cce8fa6ea04f990bb9"},"headline":"Cross-border work in Europe &#8211; Realities and challenges","datePublished":"2024-05-22T12:09:20+00:00","dateModified":"2024-05-22T12:16:30+00:00","mainEntityOfPage":{"@id":"https:\/\/www.uni.lu\/fhse-en\/news\/cross-border-work-in-europe-realities-and-challenges\/"},"wordCount":378,"publisher":{"@id":"https:\/\/www.uni.lu\/fhse-en\/#organization"},"image":{"@id":"https:\/\/www.uni.lu\/fhse-en\/news\/cross-border-work-in-europe-realities-and-challenges\/#primaryimage"},"thumbnailUrl":"https:\/\/www.uni.lu\/wp-content\/uploads\/sites\/2\/2024\/05\/Walking-with-a-blur.jpeg","inLanguage":"en-GB"},{"@type":"WebPage","@id":"https:\/\/www.uni.lu\/fhse-en\/news\/cross-border-work-in-europe-realities-and-challenges\/","url":"https:\/\/www.uni.lu\/fhse-en\/news\/cross-border-work-in-europe-realities-and-challenges\/","name":"Cross-border work in Europe - Realities and challenges - FHSE news I University of Luxembourg","isPartOf":{"@id":"https:\/\/www.uni.lu\/fhse-en\/#website"},"primaryImageOfPage":{"@id":"https:\/\/www.uni.lu\/fhse-en\/news\/cross-border-work-in-europe-realities-and-challenges\/#primaryimage"},"image":{"@id":"https:\/\/www.uni.lu\/fhse-en\/news\/cross-border-work-in-europe-realities-and-challenges\/#primaryimage"},"thumbnailUrl":"https:\/\/www.uni.lu\/wp-content\/uploads\/sites\/2\/2024\/05\/Walking-with-a-blur.jpeg","datePublished":"2024-05-22T12:09:20+00:00","dateModified":"2024-05-22T12:16:30+00:00","description":"More and more people in Europe commute daily to their workplace in a neighboring country, especially Switzerland and Luxembourg. Cross-border mobility","breadcrumb":{"@id":"https:\/\/www.uni.lu\/fhse-en\/news\/cross-border-work-in-europe-realities-and-challenges\/#breadcrumb"},"inLanguage":"en-GB","potentialAction":[{"@type":"ReadAction","target":["https:\/\/www.uni.lu\/fhse-en\/news\/cross-border-work-in-europe-realities-and-challenges\/"]}]},{"@type":"ImageObject","inLanguage":"en-GB","@id":"https:\/\/www.uni.lu\/fhse-en\/news\/cross-border-work-in-europe-realities-and-challenges\/#primaryimage","url":"https:\/\/www.uni.lu\/wp-content\/uploads\/sites\/2\/2024\/05\/Walking-with-a-blur.jpeg","contentUrl":"https:\/\/www.uni.lu\/wp-content\/uploads\/sites\/2\/2024\/05\/Walking-with-a-blur.jpeg","width":1024,"height":1024},{"@type":"BreadcrumbList","@id":"https:\/\/www.uni.lu\/fhse-en\/news\/cross-border-work-in-europe-realities-and-challenges\/#breadcrumb","itemListElement":[{"@type":"ListItem","position":1,"name":"Home","item":"https:\/\/www.uni.lu\/en"},{"@type":"ListItem","position":2,"name":"Faculty of Humanities, Education and Social Sciences","item":"https:\/\/www.uni.lu\/fhse-en\/"},{"@type":"ListItem","position":3,"name":"News","item":"https:\/\/www.uni.lu\/fhse-en\/news\/"},{"@type":"ListItem","position":4,"name":"Cross-border work in Europe - Realities and challenges"}]},{"@type":"WebSite","@id":"https:\/\/www.uni.lu\/fhse-en\/#website","url":"https:\/\/www.uni.lu\/fhse-en\/","name":"FHSE","description":"Faculty of Humanities, Education and Social Sciences I Uni.lu","publisher":{"@id":"https:\/\/www.uni.lu\/fhse-en\/#organization"},"alternateName":"Faculty of Humanities, Education and Social Sciences I University of Luxembourg","potentialAction":[{"@type":"SearchAction","target":{"@type":"EntryPoint","urlTemplate":"https:\/\/www.uni.lu\/fhse-en\/?s={search_term_string}"},"query-input":"required name=search_term_string"}],"inLanguage":"en-GB"},{"@type":"Organization","@id":"https:\/\/www.uni.lu\/fhse-en\/#organization","name":"FHSE - University of Luxembourg I Uni.lu","alternateName":"Faculty of Humanities, Education and Social Sciences","url":"https:\/\/www.uni.lu\/fhse-en\/","logo":{"@type":"ImageObject","inLanguage":"en-GB","@id":"https:\/\/www.uni.lu\/fhse-en\/#\/schema\/logo\/image\/","url":"https:\/\/www.uni.lu\/wp-content\/uploads\/sites\/2\/2026\/03\/03112240\/FHSE_SM-Profile_1600x1600px-scaled.jpg","contentUrl":"https:\/\/www.uni.lu\/wp-content\/uploads\/sites\/2\/2026\/03\/03112240\/FHSE_SM-Profile_1600x1600px-scaled.jpg","width":2560,"height":2560,"caption":"FHSE - University of Luxembourg I Uni.lu"},"image":"https:\/\/www.uni.lu\/wp-content\/uploads\/sites\/2\/2026\/04\/24144328\/20200609-Belval-Campus_Henri-Goergen-23.jpg","sameAs":["https:\/\/humanities.uni.lu\/"],"email":"communication@uni.lu","telephone":"+3524666441","address":{"@type":"PostalAddress","streetAddress":"11, Porte des Sciences","addressLocality":"Esch-sur-Alzette","postalCode":"4365","addressCountry":"LU"},"description":"Faculty of Humanities, Education and Social Sciences I Uni.lu"},{"@type":"Person","@id":"https:\/\/www.uni.lu\/fhse-en\/#\/schema\/person\/d0fd5a1309d5c3cce8fa6ea04f990bb9","name":"jcarnevale","image":{"@type":"ImageObject","inLanguage":"en-GB","@id":"https:\/\/www.uni.lu\/fhse-en\/#\/schema\/person\/image\/","url":"https:\/\/secure.gravatar.com\/avatar\/ea74ec75134f0b15dd44e97309e8d725?s=96&d=mm&r=g","contentUrl":"https:\/\/secure.gravatar.com\/avatar\/ea74ec75134f0b15dd44e97309e8d725?s=96&d=mm&r=g","caption":"jcarnevale"}}]}},"blog_id":2,"_links":{"self":[{"href":"https:\/\/www.uni.lu\/fhse-en\/wp-json\/wp\/v2\/news\/8421"}],"collection":[{"href":"https:\/\/www.uni.lu\/fhse-en\/wp-json\/wp\/v2\/news"}],"about":[{"href":"https:\/\/www.uni.lu\/fhse-en\/wp-json\/wp\/v2\/types\/news"}],"author":[{"embeddable":true,"href":"https:\/\/www.uni.lu\/fhse-en\/wp-json\/wp\/v2\/users\/76"}],"version-history":[{"count":5,"href":"https:\/\/www.uni.lu\/fhse-en\/wp-json\/wp\/v2\/news\/8421\/revisions"}],"predecessor-version":[{"id":8469,"href":"https:\/\/www.uni.lu\/fhse-en\/wp-json\/wp\/v2\/news\/8421\/revisions\/8469"}],"wp:authorship":[{"embeddable":true,"href":"https:\/\/www.uni.lu\/fhse-en\/wp-json\/wp\/v2\/users\/76"}],"wp:featuredmedia":[{"embeddable":true,"href":"https:\/\/www.uni.lu\/fhse-en\/wp-json\/wp\/v2\/media\/8433"}],"wp:attachment":[{"href":"https:\/\/www.uni.lu\/fhse-en\/wp-json\/wp\/v2\/media?parent=8421"}],"wp:term":[{"taxonomy":"news-category","embeddable":true,"href":"https:\/\/www.uni.lu\/fhse-en\/wp-json\/wp\/v2\/news-category?post=8421"},{"taxonomy":"news-topic","embeddable":true,"href":"https:\/\/www.uni.lu\/fhse-en\/wp-json\/wp\/v2\/news-topic?post=8421"},{"taxonomy":"organisation","embeddable":true,"href":"https:\/\/www.uni.lu\/fhse-en\/wp-json\/wp\/v2\/organisation?post=8421"}],"curies":[{"name":"wp","href":"https:\/\/api.w.org\/{rel}","templated":true}]}}