{"id":31693,"date":"2025-12-15T16:28:35","date_gmt":"2025-12-15T15:28:35","guid":{"rendered":"https:\/\/www.uni.lu\/fhse-en\/?post_type=news&#038;p=31693"},"modified":"2025-12-16T09:50:26","modified_gmt":"2025-12-16T08:50:26","slug":"fhse-graduation-ceremonies-hats-off-to-2025-classes","status":"publish","type":"news","link":"https:\/\/www.uni.lu\/fhse-en\/news\/fhse-graduation-ceremonies-hats-off-to-2025-classes\/","title":{"rendered":"FHSE Graduation Ceremonies: Hats Off to 2025 Classes!"},"content":{"rendered":"\n<section class=\"wp-block-unilux-blocks-free-section section\"><div class=\"container xl:max-w-screen-xl\">\n<p>Last 11 December, the Faculty proudly held its annual <a href=\"https:\/\/www.uni.lu\/en\/about\/academic-calendar\/graduation\/\">Graduation ceremonies<\/a>, marking a significant milestone in our students\u2019 academic journey. This year, 569 graduates celebrated the completion of their Bachelor\u2019s, Master\u2019s or Certificate programmes.<\/p>\n\n\n\n<section class=\"wp-block-unilux-blocks-quote-people\">\n    <div class=\"quote-people\" role=\"group\">\n        <figure class=\"quote-people__body\">\n            <blockquote class=\"quote-people__blockquote\">\n    <span class=\"quote-people__quote\">\u201f<\/span>\n    <em>We [&#8230;] hope that you will look back very fondly on your time with us, as well as the formative periods of your life where you developed new understandings of the world, where you made lifetime friendships and where you drew inspiration for crafting your own, unique, story.<\/em>\u201d\n<\/blockquote>\n<div class=\"wp-block-unilux-blocks-wrapper quote-people__visual\"><figure class=\"wp-block-dev4-reusable-blocks-image  object-fit--cover\">\n    \n<img decoding=\"async\" class=\"wp-block-image unilux-custom-image-block\"\n                alt=\"Picture of Robert Harmsen - Dean of the Faculty of Humanities, Education and Social Sciences - University of Luxembourg\"\n            src=\"https:\/\/www.uni.lu\/wp-content\/uploads\/sites\/2\/2025\/12\/15154610\/robert_harmsen.png\"\n                srcset=\"https:\/\/www.uni.lu\/wp-content\/uploads\/sites\/2\/2025\/12\/15154610\/robert_harmsen-300x207.png 300w, https:\/\/www.uni.lu\/wp-content\/uploads\/sites\/2\/2025\/12\/15154610\/robert_harmsen-768x530.png 768w, https:\/\/www.uni.lu\/wp-content\/uploads\/sites\/2\/2025\/12\/15154610\/robert_harmsen.png 801w\"\n                style=\"object-position: 50.00% 50.00%; font-family: &quot;object-fit: cover; object-position: 50.00% 50.00%;&quot;; aspect-ratio: 1\/1; object-fit: cover; width: 100%;\"\n        loading=\"lazy\"\n\/>    <\/figure><\/div>\n\n<div class=\"wp-block-unilux-blocks-wrapper quote-people__figcaption\">\n<p class=\"quote-people__author wp-block-unilux-blocks-plain-text\">Robert HARMSEN<\/p>\n\n\n<p class=\"quote-people__position wp-block-unilux-blocks-plain-text\">Dean of the Faculty of Humanities, Education and Social Sciences<\/p>\n\n<div class=\"wp-block-unilux-blocks-simple-cta\">\n    <a\n        href=\"https:\/\/www.uni.lu\/fhse-en\/people\/robert-harmsen\/\"\n        title=\"View Profile\"\n        class=\"link-text link-text--icon quote-people__link\"\n        target=\"\"\n    >\n        <span class=\"link-text__body\">\n            <span class=\"link-text__name\">View profile<\/span>\n        <\/span>\n        <svg aria-hidden=\"true\" focusable=\"false\" class=\"icon icon-outline icon--arrow-right \"><use xlink:href=\"https:\/\/www.uni.lu\/wp-content\/themes\/unilux-theme\/assets\/images\/icons\/icons-outline.svg#icon--arrow-right\"><\/use><\/svg>    <\/a>\n<\/div>\n<\/div>\n        <\/figure>\n    <\/div>\n<\/section>\n\n<div class=\"wp-block-unilux-blocks-spacer is-spacer-size-sm\"><\/div>\n\n<div class=\"wp-block-unilux-blocks-spacer is-spacer-size-sm\"><\/div>\n\n\n<p>This year, three ceremonies were organised for our students: <\/p>\n\n\n\n<div class=\"wp-block-columns is-layout-flex wp-block-columns-is-layout-flex\">\n<div class=\"wp-block-column is-layout-flow wp-block-column-is-layout-flow\">\n<h4 class=\"has-text-align-left wp-block-unilux-blocks-heading\"        id=\"the-bachelors\"\n    >\nThe Bachelors&#8217;<\/h4>\n\n\n<div class=\"wp-block-unilux-blocks-spacer is-spacer-size-sm\"><\/div>\n\n<figure class=\"wp-block-dev4-reusable-blocks-image  object-fit--cover\">\n    \n<img decoding=\"async\" class=\"wp-block-image unilux-custom-image-block\"\n                alt=\"\"\n            src=\"https:\/\/www.uni.lu\/wp-content\/uploads\/sites\/2\/2025\/12\/16091436\/20251211-FHSE-BA-77-scaled.jpg\"\n                srcset=\"https:\/\/www.uni.lu\/wp-content\/uploads\/sites\/2\/2025\/12\/16091436\/20251211-FHSE-BA-77-300x200.jpg 300w, https:\/\/www.uni.lu\/wp-content\/uploads\/sites\/2\/2025\/12\/16091436\/20251211-FHSE-BA-77-1024x683.jpg 1024w, https:\/\/www.uni.lu\/wp-content\/uploads\/sites\/2\/2025\/12\/16091436\/20251211-FHSE-BA-77-768x512.jpg 768w, https:\/\/www.uni.lu\/wp-content\/uploads\/sites\/2\/2025\/12\/16091436\/20251211-FHSE-BA-77-1536x1024.jpg 1536w, https:\/\/www.uni.lu\/wp-content\/uploads\/sites\/2\/2025\/12\/16091436\/20251211-FHSE-BA-77-2048x1366.jpg 2048w\"\n                style=\"object-position: 50.00% 50.00%; font-family: &quot;object-fit: cover; object-position: 50.00% 50.00%;&quot;; aspect-ratio: 16\/9; object-fit: cover; width: 100%;\"\n        loading=\"lazy\"\n\/>    <\/figure><\/div>\n\n\n\n<div class=\"wp-block-column is-layout-flow wp-block-column-is-layout-flow\">\n<h4 class=\"has-text-align-left wp-block-unilux-blocks-heading\"        id=\"the-masters-continuing-programmes\"\n    >\nThe Masters&#8217; &amp; Continuing Programmes&#8217;<\/h4>\n\n\n<figure class=\"wp-block-dev4-reusable-blocks-image  object-fit--cover\">\n    \n<img decoding=\"async\" class=\"wp-block-image unilux-custom-image-block\"\n                alt=\"\"\n            src=\"https:\/\/www.uni.lu\/wp-content\/uploads\/sites\/2\/2025\/12\/16091905\/20251211-FHSE-MA-62-scaled.jpg\"\n                srcset=\"https:\/\/www.uni.lu\/wp-content\/uploads\/sites\/2\/2025\/12\/16091905\/20251211-FHSE-MA-62-300x200.jpg 300w, https:\/\/www.uni.lu\/wp-content\/uploads\/sites\/2\/2025\/12\/16091905\/20251211-FHSE-MA-62-1024x683.jpg 1024w, https:\/\/www.uni.lu\/wp-content\/uploads\/sites\/2\/2025\/12\/16091905\/20251211-FHSE-MA-62-768x512.jpg 768w, https:\/\/www.uni.lu\/wp-content\/uploads\/sites\/2\/2025\/12\/16091905\/20251211-FHSE-MA-62-1536x1024.jpg 1536w, https:\/\/www.uni.lu\/wp-content\/uploads\/sites\/2\/2025\/12\/16091905\/20251211-FHSE-MA-62-2048x1366.jpg 2048w\"\n                style=\"object-position: 50.00% 50.00%; font-family: &quot;object-fit: cover; object-position: 50.00% 50.00%;&quot;; aspect-ratio: 16\/9; object-fit: cover; width: 100%;\"\n        loading=\"lazy\"\n\/>    <\/figure><\/div>\n\n\n\n<div class=\"wp-block-column is-layout-flow wp-block-column-is-layout-flow\">\n<h4 class=\"has-text-align-left wp-block-unilux-blocks-heading\"        id=\"the-bachelors-and-masters-in-education\"\n    >\nThe Bachelors&#8217; and Master&#8217;s in Education<\/h4>\n\n\n<figure class=\"wp-block-dev4-reusable-blocks-image  object-fit--cover\">\n    \n<img decoding=\"async\" class=\"wp-block-image unilux-custom-image-block\"\n                alt=\"\"\n            src=\"https:\/\/www.uni.lu\/wp-content\/uploads\/sites\/2\/2025\/12\/16092017\/20251211-Education-51-scaled.jpg\"\n                srcset=\"https:\/\/www.uni.lu\/wp-content\/uploads\/sites\/2\/2025\/12\/16092017\/20251211-Education-51-300x200.jpg 300w, https:\/\/www.uni.lu\/wp-content\/uploads\/sites\/2\/2025\/12\/16092017\/20251211-Education-51-1024x683.jpg 1024w, https:\/\/www.uni.lu\/wp-content\/uploads\/sites\/2\/2025\/12\/16092017\/20251211-Education-51-768x512.jpg 768w, https:\/\/www.uni.lu\/wp-content\/uploads\/sites\/2\/2025\/12\/16092017\/20251211-Education-51-1536x1024.jpg 1536w, https:\/\/www.uni.lu\/wp-content\/uploads\/sites\/2\/2025\/12\/16092017\/20251211-Education-51-2048x1366.jpg 2048w\"\n                style=\"object-position: 50.00% 50.00%; font-family: &quot;object-fit: cover; object-position: 50.00% 50.00%;&quot;; aspect-ratio: 16\/9; object-fit: cover; width: 100%;\"\n        loading=\"lazy\"\n\/>    <\/figure><\/div>\n<\/div>\n\n\n\n<p>During the Bachelors&#8217; and Master&#8217;s in Education ceremony, we were notably honoured by the presence of <strong>St\u00e9phanie Obertin<\/strong>, Minister for Research and Higher Education, to congratulate the up-and-coming teachers of Luxembourg. <\/p>\n\n\n\n<p>Beyond the joy of graduation, the ceremonies were also an opportunity to honour excellence. As per tradition, we presented the Student and Teaching Awards, recognising outstanding achievements and contributions within our community.<\/p>\n\n\n\n<p>During the ceremonies, our student awardees comprised:<\/p>\n\n\n\n<h2 class=\"has-text-align-left wp-block-unilux-blocks-heading\"        id=\"bachelors\"\n    >\nBachelors<\/h2>\n\n\n\n<div class=\"wp-block-columns is-layout-flex wp-block-columns-is-layout-flex\">\n<div class=\"wp-block-column is-layout-flow wp-block-column-is-layout-flow\">\n<h4 class=\"has-text-align-left wp-block-unilux-blocks-heading\"        id=\"prix-portabella-excellence-academique\"\n    >\nPrix Portabella \u2013 Excellence Acad\u00e9mique<\/h4>\n\n\n\n<p><strong>F\u00e1bio Samuel GOMES TEIXEIRA<\/strong> <br><a href=\"https:\/\/www.uni.lu\/fhse-en\/study-programs\/bachelor-en-cultures-europeennes-germanistik\/\">Bachelor en Cultures Europ\u00e9ennes \u2013 Germanistik<\/a><\/p>\n\n\n<figure class=\"wp-block-dev4-reusable-blocks-image  object-fit--cover\">\n    \n<img decoding=\"async\" class=\"wp-block-image unilux-custom-image-block\"\n                alt=\"2025 Graduation Ceremony - Prix Portabella Excellence Acad\u00e9mique - Fabio Samuel Gomes Teixeira - University of Luxembourg\"\n            src=\"https:\/\/www.uni.lu\/wp-content\/uploads\/sites\/2\/2025\/12\/15160213\/20251211-FHSE-BA-46-scaled.jpg\"\n                srcset=\"https:\/\/www.uni.lu\/wp-content\/uploads\/sites\/2\/2025\/12\/15160213\/20251211-FHSE-BA-46-300x200.jpg 300w, https:\/\/www.uni.lu\/wp-content\/uploads\/sites\/2\/2025\/12\/15160213\/20251211-FHSE-BA-46-1024x683.jpg 1024w, https:\/\/www.uni.lu\/wp-content\/uploads\/sites\/2\/2025\/12\/15160213\/20251211-FHSE-BA-46-768x512.jpg 768w, https:\/\/www.uni.lu\/wp-content\/uploads\/sites\/2\/2025\/12\/15160213\/20251211-FHSE-BA-46-1536x1024.jpg 1536w, https:\/\/www.uni.lu\/wp-content\/uploads\/sites\/2\/2025\/12\/15160213\/20251211-FHSE-BA-46-2048x1366.jpg 2048w\"\n                style=\"object-position: 50.00% 50.00%; font-family: &quot;object-fit: cover; object-position: 50.00% 50.00%;&quot;; aspect-ratio: 16\/9; object-fit: cover; width: 100%;\"\n        loading=\"lazy\"\n\/>    <\/figure><\/div>\n\n\n\n<div class=\"wp-block-column is-layout-flow wp-block-column-is-layout-flow\">\n<h4 class=\"has-text-align-left wp-block-unilux-blocks-heading\"        id=\"prix-portabella-excellence-mobilite\"\n    >\nPrix Portabella \u2013 Excellence Mobilit\u00e9<\/h4>\n\n\n\n<p><strong>Auriane M\u00d6CK <br><\/strong><a href=\"https:\/\/www.uni.lu\/fhse-en\/study-programs\/bachelor-in-psychology\/\">Bachelor in Psychology<\/a><\/p>\n\n\n<figure class=\"wp-block-dev4-reusable-blocks-image  object-fit--cover\">\n    \n<img decoding=\"async\" class=\"wp-block-image unilux-custom-image-block\"\n                alt=\"2025 Graduation Ceremony - Prix Portabella Excellence Mobilit\u00e9 - Auriane M\u00f6ck - University of Luxembourg\"\n            src=\"https:\/\/www.uni.lu\/wp-content\/uploads\/sites\/2\/2025\/12\/15160322\/20251211-FHSE-BA-48-scaled.jpg\"\n                srcset=\"https:\/\/www.uni.lu\/wp-content\/uploads\/sites\/2\/2025\/12\/15160322\/20251211-FHSE-BA-48-300x200.jpg 300w, https:\/\/www.uni.lu\/wp-content\/uploads\/sites\/2\/2025\/12\/15160322\/20251211-FHSE-BA-48-1024x683.jpg 1024w, https:\/\/www.uni.lu\/wp-content\/uploads\/sites\/2\/2025\/12\/15160322\/20251211-FHSE-BA-48-768x512.jpg 768w, https:\/\/www.uni.lu\/wp-content\/uploads\/sites\/2\/2025\/12\/15160322\/20251211-FHSE-BA-48-1536x1024.jpg 1536w, https:\/\/www.uni.lu\/wp-content\/uploads\/sites\/2\/2025\/12\/15160322\/20251211-FHSE-BA-48-2048x1366.jpg 2048w\"\n                style=\"object-position: 50.00% 50.00%; font-family: &quot;object-fit: cover; object-position: 50.00% 50.00%;&quot;; aspect-ratio: 16\/9; object-fit: cover; width: 100%;\"\n        loading=\"lazy\"\n\/>    <\/figure><\/div>\n<\/div>\n\n\n\n<h2 class=\"has-text-align-left wp-block-unilux-blocks-heading\"        id=\"masters\"\n    >\nMasters<\/h2>\n\n\n\n<div class=\"wp-block-columns is-layout-flex wp-block-columns-is-layout-flex\">\n<div class=\"wp-block-column is-layout-flow wp-block-column-is-layout-flow\">\n<h4 class=\"has-text-align-left wp-block-unilux-blocks-heading\"        id=\"germain-dondelinger-award\"\n    >\nGermain Dondelinger Award<\/h4>\n\n\n\n<p><strong>Magdalena PASZKO<\/strong><br><a href=\"https:\/\/www.uni.lu\/fhse-en\/study-programs\/master-in-modern-and-contemporary-european-philosophy\/\">Master in Modern and Contemporary European Philosophy<\/a><\/p>\n\n\n<figure class=\"wp-block-dev4-reusable-blocks-image  object-fit--cover\">\n    \n<img decoding=\"async\" class=\"wp-block-image unilux-custom-image-block\"\n                alt=\"2025 Uni Lu Graduation Ceremony - Germain Dondelinger Award - Magdalena PASZKO - University of Luxembourg\"\n            src=\"https:\/\/www.uni.lu\/wp-content\/uploads\/sites\/2\/2025\/12\/15160654\/20251211-FHSE-MA-40-scaled.jpg\"\n                srcset=\"https:\/\/www.uni.lu\/wp-content\/uploads\/sites\/2\/2025\/12\/15160654\/20251211-FHSE-MA-40-300x200.jpg 300w, https:\/\/www.uni.lu\/wp-content\/uploads\/sites\/2\/2025\/12\/15160654\/20251211-FHSE-MA-40-1024x683.jpg 1024w, https:\/\/www.uni.lu\/wp-content\/uploads\/sites\/2\/2025\/12\/15160654\/20251211-FHSE-MA-40-768x512.jpg 768w, https:\/\/www.uni.lu\/wp-content\/uploads\/sites\/2\/2025\/12\/15160654\/20251211-FHSE-MA-40-1536x1024.jpg 1536w, https:\/\/www.uni.lu\/wp-content\/uploads\/sites\/2\/2025\/12\/15160654\/20251211-FHSE-MA-40-2048x1366.jpg 2048w\"\n                style=\"object-position: 50.00% 50.00%; font-family: &quot;object-fit: cover; object-position: 50.00% 50.00%;&quot;; aspect-ratio: 16\/9; object-fit: cover; width: 100%;\"\n        loading=\"lazy\"\n\/>    <\/figure><\/div>\n\n\n\n<div class=\"wp-block-column is-layout-flow wp-block-column-is-layout-flow\">\n<h4 class=\"has-text-align-left wp-block-unilux-blocks-heading\"        id=\"prix-de-la-fondation-du-merite-europeen\"\n    >\nPrix de la Fondation du M\u00e9rite Europ\u00e9en<\/h4>\n\n\n\n<p><strong>Casper Julian PETERSE<\/strong><br><a href=\"https:\/\/www.uni.lu\/fhse-en\/study-programs\/master-in-european-governance\/\">Master in European Governance<\/a><\/p>\n\n\n<figure class=\"wp-block-dev4-reusable-blocks-image  object-fit--cover\">\n    \n<img decoding=\"async\" class=\"wp-block-image unilux-custom-image-block\"\n                alt=\"\"\n            src=\"https:\/\/www.uni.lu\/wp-content\/uploads\/sites\/2\/2025\/12\/15161355\/20251211-FHSE-MA-42-scaled.jpg\"\n                srcset=\"https:\/\/www.uni.lu\/wp-content\/uploads\/sites\/2\/2025\/12\/15161355\/20251211-FHSE-MA-42-300x200.jpg 300w, https:\/\/www.uni.lu\/wp-content\/uploads\/sites\/2\/2025\/12\/15161355\/20251211-FHSE-MA-42-1024x683.jpg 1024w, https:\/\/www.uni.lu\/wp-content\/uploads\/sites\/2\/2025\/12\/15161355\/20251211-FHSE-MA-42-768x512.jpg 768w, https:\/\/www.uni.lu\/wp-content\/uploads\/sites\/2\/2025\/12\/15161355\/20251211-FHSE-MA-42-1536x1024.jpg 1536w, https:\/\/www.uni.lu\/wp-content\/uploads\/sites\/2\/2025\/12\/15161355\/20251211-FHSE-MA-42-2048x1366.jpg 2048w\"\n                style=\"object-position: 50.00% 50.00%; font-family: &quot;object-fit: cover; object-position: 50.00% 50.00%;&quot;; aspect-ratio: 16\/9; object-fit: cover; width: 100%;\"\n        loading=\"lazy\"\n\/>    <\/figure><\/div>\n<\/div>\n\n\n\n<div class=\"wp-block-columns is-layout-flex wp-block-columns-is-layout-flex\">\n<div class=\"wp-block-column is-layout-flow wp-block-column-is-layout-flow\">\n<h4 class=\"has-text-align-left wp-block-unilux-blocks-heading\"        id=\"translating-cultures-prize\"\n    >\nTranslating Cultures Prize <\/h4>\n\n\n\n<p><strong>Esther CHUKWU<\/strong> &amp; <strong>Abigail SLATE<\/strong><br><a href=\"https:\/\/www.uni.lu\/fhse-en\/study-programs\/master-in-modern-and-contemporary-european-philosophy\/\"><a href=\"https:\/\/www.uni.lu\/fhse-en\/study-programs\/master-in-learning-and-communication-in-multilingual-and-multicultural-contexts\/\">Master in Learning and Communication in Multilingual and Multicultural Contexts<\/a><\/a><\/p>\n\n\n<figure class=\"wp-block-dev4-reusable-blocks-image  object-fit--cover\">\n    \n<img decoding=\"async\" class=\"wp-block-image unilux-custom-image-block\"\n                alt=\"2025 Graduation Ceremony - Trabslating Cultures Prize - Abigail Slate and Esther Chukwu - University of Luxembourg\"\n            src=\"https:\/\/www.uni.lu\/wp-content\/uploads\/sites\/2\/2025\/12\/15161142\/20251211-FHSE-MA-43-scaled.jpg\"\n                srcset=\"https:\/\/www.uni.lu\/wp-content\/uploads\/sites\/2\/2025\/12\/15161142\/20251211-FHSE-MA-43-300x200.jpg 300w, https:\/\/www.uni.lu\/wp-content\/uploads\/sites\/2\/2025\/12\/15161142\/20251211-FHSE-MA-43-1024x683.jpg 1024w, https:\/\/www.uni.lu\/wp-content\/uploads\/sites\/2\/2025\/12\/15161142\/20251211-FHSE-MA-43-768x512.jpg 768w, https:\/\/www.uni.lu\/wp-content\/uploads\/sites\/2\/2025\/12\/15161142\/20251211-FHSE-MA-43-1536x1024.jpg 1536w, https:\/\/www.uni.lu\/wp-content\/uploads\/sites\/2\/2025\/12\/15161142\/20251211-FHSE-MA-43-2048x1366.jpg 2048w\"\n                style=\"object-position: 50.00% 50.00%; font-family: &quot;object-fit: cover; object-position: 50.00% 50.00%;&quot;; aspect-ratio: 16\/9; object-fit: cover; width: 100%;\"\n        loading=\"lazy\"\n\/>    <\/figure><\/div>\n\n\n\n<div class=\"wp-block-column is-layout-flow wp-block-column-is-layout-flow\">\n<h4 class=\"has-text-align-left wp-block-unilux-blocks-heading\"        id=\"oai-ordre-des-architectes-et-des-ingenieurs-conseils-award\"\n    >\nOAI (Ordre des Architectes et des Ing\u00e9nieurs-Conseils) Award<\/h4>\n\n\n\n<p><strong>Jessie Awulaa Dede ADDY<\/strong><br><a href=\"https:\/\/www.uni.lu\/fhse-en\/study-programs\/master-in-european-governance\/\"><a href=\"https:\/\/www.uni.lu\/fhse-en\/study-programs\/master-in-architecture\/\">Master in Architecture<\/a><\/a><\/p>\n\n\n<figure class=\"wp-block-dev4-reusable-blocks-image  object-fit--cover\">\n    \n<img decoding=\"async\" class=\"wp-block-image unilux-custom-image-block\"\n                alt=\"2025 Graduation Ceremony - OAI Prize - Jessie Awulaa Dede ADDY - FHSE - University of Luxembourg\"\n            src=\"https:\/\/www.uni.lu\/wp-content\/uploads\/sites\/2\/2025\/12\/15161251\/20251211-FHSE-MA-46-scaled.jpg\"\n                srcset=\"https:\/\/www.uni.lu\/wp-content\/uploads\/sites\/2\/2025\/12\/15161251\/20251211-FHSE-MA-46-300x200.jpg 300w, https:\/\/www.uni.lu\/wp-content\/uploads\/sites\/2\/2025\/12\/15161251\/20251211-FHSE-MA-46-1024x683.jpg 1024w, https:\/\/www.uni.lu\/wp-content\/uploads\/sites\/2\/2025\/12\/15161251\/20251211-FHSE-MA-46-768x512.jpg 768w, https:\/\/www.uni.lu\/wp-content\/uploads\/sites\/2\/2025\/12\/15161251\/20251211-FHSE-MA-46-1536x1024.jpg 1536w, https:\/\/www.uni.lu\/wp-content\/uploads\/sites\/2\/2025\/12\/15161251\/20251211-FHSE-MA-46-2048x1366.jpg 2048w\"\n                style=\"object-position: 50.00% 50.00%; font-family: &quot;object-fit: cover; object-position: 50.00% 50.00%;&quot;; aspect-ratio: 16\/9; object-fit: cover; width: 100%;\"\n        loading=\"lazy\"\n\/>    <\/figure><\/div>\n<\/div>\n\n\n\n<div class=\"wp-block-columns is-layout-flex wp-block-columns-is-layout-flex\">\n<div class=\"wp-block-column is-layout-flow wp-block-column-is-layout-flow\">\n<h4 class=\"has-text-align-left wp-block-unilux-blocks-heading\"        id=\"prix-de-la-societe-luxembourgeoise-de-geographie\"\n    >\nPrix de la Soci\u00e9t\u00e9 Luxembourgeoise de G\u00e9ographie <\/h4>\n\n\n\n<p><strong>Raphael KEMMER<\/strong><br><a href=\"https:\/\/www.uni.lu\/fhse-en\/study-programs\/master-in-modern-and-contemporary-european-philosophy\/\"><\/a><a href=\"https:\/\/www.uni.lu\/fhse-en\/study-programs\/master-in-geography-and-spatial-planning\/\">Master in Geography and Spatial Planning<\/a><\/p>\n\n\n<figure class=\"wp-block-dev4-reusable-blocks-image  object-fit--cover\">\n    \n<img decoding=\"async\" class=\"wp-block-image unilux-custom-image-block\"\n                alt=\"\"\n            src=\"https:\/\/www.uni.lu\/wp-content\/uploads\/sites\/2\/2025\/12\/15161804\/20251211-FHSE-MA-48-scaled.jpg\"\n                srcset=\"https:\/\/www.uni.lu\/wp-content\/uploads\/sites\/2\/2025\/12\/15161804\/20251211-FHSE-MA-48-300x200.jpg 300w, https:\/\/www.uni.lu\/wp-content\/uploads\/sites\/2\/2025\/12\/15161804\/20251211-FHSE-MA-48-1024x683.jpg 1024w, https:\/\/www.uni.lu\/wp-content\/uploads\/sites\/2\/2025\/12\/15161804\/20251211-FHSE-MA-48-768x512.jpg 768w, https:\/\/www.uni.lu\/wp-content\/uploads\/sites\/2\/2025\/12\/15161804\/20251211-FHSE-MA-48-1536x1024.jpg 1536w, https:\/\/www.uni.lu\/wp-content\/uploads\/sites\/2\/2025\/12\/15161804\/20251211-FHSE-MA-48-2048x1366.jpg 2048w\"\n                style=\"object-position: 50.00% 50.00%; font-family: &quot;object-fit: cover; object-position: 50.00% 50.00%;&quot;; aspect-ratio: 16\/9; object-fit: cover; width: 100%;\"\n        loading=\"lazy\"\n\/>    <\/figure><\/div>\n\n\n\n<div class=\"wp-block-column is-layout-flow wp-block-column-is-layout-flow\">\n<h4 class=\"has-text-align-left wp-block-unilux-blocks-heading\"        id=\"societe-luxembourgeoise-de-psychologie-award\"\n    >\nSoci\u00e9t\u00e9 Luxembourgeoise de Psychologie Award <\/h4>\n\n\n\n<p><strong>Micolas HAAGEN<\/strong><br><a href=\"https:\/\/www.uni.lu\/fhse-en\/study-programs\/master-in-european-governance\/\"><\/a><a href=\"https:\/\/www.uni.lu\/fhse-en\/study-programs\/master-in-psychology-psychological-intervention\/\">Master in Psychology \u2013 Psychological Intervention<\/a><\/p>\n\n\n<figure class=\"wp-block-dev4-reusable-blocks-image  object-fit--cover\">\n    \n<img decoding=\"async\" class=\"wp-block-image unilux-custom-image-block\"\n                alt=\"\"\n            src=\"https:\/\/www.uni.lu\/wp-content\/uploads\/sites\/2\/2025\/12\/15161837\/20251211-FHSE-MA-44-scaled.jpg\"\n                srcset=\"https:\/\/www.uni.lu\/wp-content\/uploads\/sites\/2\/2025\/12\/15161837\/20251211-FHSE-MA-44-300x200.jpg 300w, https:\/\/www.uni.lu\/wp-content\/uploads\/sites\/2\/2025\/12\/15161837\/20251211-FHSE-MA-44-1024x683.jpg 1024w, https:\/\/www.uni.lu\/wp-content\/uploads\/sites\/2\/2025\/12\/15161837\/20251211-FHSE-MA-44-768x512.jpg 768w, https:\/\/www.uni.lu\/wp-content\/uploads\/sites\/2\/2025\/12\/15161837\/20251211-FHSE-MA-44-1536x1024.jpg 1536w, https:\/\/www.uni.lu\/wp-content\/uploads\/sites\/2\/2025\/12\/15161837\/20251211-FHSE-MA-44-2048x1366.jpg 2048w\"\n                style=\"object-position: 50.00% 50.00%; font-family: &quot;object-fit: cover; object-position: 50.00% 50.00%;&quot;; aspect-ratio: 16\/9; object-fit: cover; width: 100%;\"\n        loading=\"lazy\"\n\/>    <\/figure><\/div>\n<\/div>\n\n\n\n<p>This was also an opportunity to reward the valuable work and dedication of our teachers. This year, our teaching awards comprised:<\/p>\n\n\n\n<div class=\"wp-block-columns is-layout-flex wp-block-columns-is-layout-flex\">\n<div class=\"wp-block-column is-layout-flow wp-block-column-is-layout-flow\">\n<h4 class=\"has-text-align-left wp-block-unilux-blocks-heading\"        id=\"teaching-award-junior\"\n    >\nTeaching Award (Junior)<\/h4>\n\n\n\n<p><a href=\"https:\/\/www.uni.lu\/fhse-en\/people\/marcelo-marques\/\"><strong>Marcelo MARQUES<\/strong><\/a><\/p>\n\n\n<figure class=\"wp-block-dev4-reusable-blocks-image  object-fit--cover\">\n    \n<img decoding=\"async\" class=\"wp-block-image unilux-custom-image-block\"\n                alt=\"\"\n            src=\"https:\/\/www.uni.lu\/wp-content\/uploads\/sites\/2\/2025\/12\/15162339\/20251211-FHSE-MA-51-scaled.jpg\"\n                srcset=\"https:\/\/www.uni.lu\/wp-content\/uploads\/sites\/2\/2025\/12\/15162339\/20251211-FHSE-MA-51-300x200.jpg 300w, https:\/\/www.uni.lu\/wp-content\/uploads\/sites\/2\/2025\/12\/15162339\/20251211-FHSE-MA-51-1024x683.jpg 1024w, https:\/\/www.uni.lu\/wp-content\/uploads\/sites\/2\/2025\/12\/15162339\/20251211-FHSE-MA-51-768x512.jpg 768w, https:\/\/www.uni.lu\/wp-content\/uploads\/sites\/2\/2025\/12\/15162339\/20251211-FHSE-MA-51-1536x1024.jpg 1536w, https:\/\/www.uni.lu\/wp-content\/uploads\/sites\/2\/2025\/12\/15162339\/20251211-FHSE-MA-51-2048x1366.jpg 2048w\"\n                style=\"object-position: 50.00% 50.00%; font-family: &quot;object-fit: cover; object-position: 50.00% 50.00%;&quot;; aspect-ratio: 16\/9; object-fit: cover; width: 100%;\"\n        loading=\"lazy\"\n\/>    <\/figure><\/div>\n\n\n\n<div class=\"wp-block-column is-layout-flow wp-block-column-is-layout-flow\">\n<h4 class=\"has-text-align-left wp-block-unilux-blocks-heading\"        id=\"teaching-award-senior\"\n    >\nTeaching Award (Senior)<\/h4>\n\n\n\n<p><a href=\"https:\/\/www.uni.lu\/fhse-en\/people\/josip-glaurdic\/\"><strong>Josip GLAURDI\u0106<\/strong><\/a><\/p>\n\n\n<figure class=\"wp-block-dev4-reusable-blocks-image  object-fit--cover\">\n    \n<img decoding=\"async\" class=\"wp-block-image unilux-custom-image-block\"\n                alt=\"\"\n            src=\"https:\/\/www.uni.lu\/wp-content\/uploads\/sites\/2\/2025\/12\/15162230\/20251211-FHSE-MA-52-scaled.jpg\"\n                srcset=\"https:\/\/www.uni.lu\/wp-content\/uploads\/sites\/2\/2025\/12\/15162230\/20251211-FHSE-MA-52-300x200.jpg 300w, https:\/\/www.uni.lu\/wp-content\/uploads\/sites\/2\/2025\/12\/15162230\/20251211-FHSE-MA-52-1024x683.jpg 1024w, https:\/\/www.uni.lu\/wp-content\/uploads\/sites\/2\/2025\/12\/15162230\/20251211-FHSE-MA-52-768x512.jpg 768w, https:\/\/www.uni.lu\/wp-content\/uploads\/sites\/2\/2025\/12\/15162230\/20251211-FHSE-MA-52-1536x1024.jpg 1536w, https:\/\/www.uni.lu\/wp-content\/uploads\/sites\/2\/2025\/12\/15162230\/20251211-FHSE-MA-52-2048x1366.jpg 2048w\"\n                style=\"object-position: 50.00% 50.00%; font-family: &quot;object-fit: cover; object-position: 50.00% 50.00%;&quot;; aspect-ratio: 16\/9; object-fit: cover; width: 100%;\"\n        loading=\"lazy\"\n\/>    <\/figure><\/div>\n<\/div>\n\n\n\n<p>Let us extend our heartfelt congratulations to all graduates and award recipients. Your success is a testament to dedication and passion \u2013 <em>and we are proud to celebrate it with you!<\/em><\/p>\n\n\n\n<p>Finally, a special thank you to our teaching and administrative staff, whose commitment greatly contributed to our students\u2019 success; and thank you to all stakeholders who made these ceremonies memorable. \u00a0<\/p>\n\n\n\n<p>View all pictures from our ceremonies: <\/p>\n\n\n\n<ul class=\"wp-block-unilux-blocks-custom-buttons btn-list\"><li class=\"wp-block-unilux-blocks-custom-button\"    aria-disabled=\"false\"\n    >\n    <a\n        role=\"link\"\n        aria-disabled=\"false\"\n                    href=\"https:\/\/www.alumni.uni.lu\/events\/graduation-photos\/2025-1889\"\n                target=\"_blank\"\n        class=\"btn btn--primary\"\n            >See more<\/a>\n<\/li>\n<\/ul>\n\n\n<div class=\"wp-block-unilux-blocks-spacer is-spacer-size-sm\"><\/div>\n\n\n<p>Pictures&#8217; copyrights: University of Luxembourg \/ Sophie Margue<\/p>\n<\/div><\/section>\n","protected":false},"excerpt":{"rendered":"","protected":false},"author":378,"featured_media":31716,"template":"","format":"standard","meta":{"featured_image_focal_point":[],"show_featured_caption":false,"ulux_newsletter_groups":"","uluxPostTitle":"","uluxPrePostTitle":"","_trash_the_other_posts":false,"_price":"","_stock":"","_tribe_ticket_header":"","_tribe_default_ticket_provider":"","_tribe_ticket_capacity":"0","_ticket_start_date":"","_ticket_end_date":"","_tribe_ticket_show_description":"","_tribe_ticket_show_not_going":false,"_tribe_ticket_use_global_stock":"","_tribe_ticket_global_stock_level":"","_global_stock_mode":"","_global_stock_cap":"","_tribe_rsvp_for_event":"","_tribe_ticket_going_count":"","_tribe_ticket_not_going_count":"","_tribe_tickets_list":"[]","_tribe_ticket_has_attendee_info_fields":false},"news-category":[3],"news-topic":[431],"organisation":[147],"authorship":[378],"acf":[],"yoast_head":"<!-- This site is optimized with the Yoast SEO Premium plugin v22.3 (Yoast SEO v22.3) - https:\/\/yoast.com\/wordpress\/plugins\/seo\/ -->\n<title>FHSE Graduation Ceremonies: Hats Off to 2025 Classes! - FHSE news I University of Luxembourg<\/title>\n<meta name=\"description\" content=\"Last 11 December, the Faculty proudly held its annual Graduation ceremonies, marking a significant milestone in our students\u2019 academic journey. This year, Last 11 December, the Faculty proudly held its annual Graduation ceremonies, marking a significant milestone in our students&#039; academic journey.\" \/>\n<meta name=\"robots\" content=\"index, follow, max-snippet:-1, max-image-preview:large, max-video-preview:-1\" \/>\n<link rel=\"canonical\" href=\"https:\/\/www.uni.lu\/fhse-en\/news\/fhse-graduation-ceremonies-hats-off-to-2025-classes\/\" \/>\n<meta property=\"og:locale\" content=\"en_GB\" \/>\n<meta property=\"og:type\" content=\"article\" \/>\n<meta property=\"og:title\" content=\"FHSE Graduation Ceremonies: Hats Off to 2025 Classes!\" \/>\n<meta property=\"og:description\" content=\"Last 11 December, the Faculty proudly held its annual Graduation ceremonies, marking a significant milestone in our students\u2019 academic journey. This year,\" \/>\n<meta property=\"og:url\" content=\"https:\/\/www.uni.lu\/fhse-en\/news\/fhse-graduation-ceremonies-hats-off-to-2025-classes\/\" \/>\n<meta property=\"og:site_name\" content=\"FHSE EN\" \/>\n<meta property=\"article:modified_time\" content=\"2025-12-16T08:50:26+00:00\" \/>\n<meta property=\"og:image\" content=\"https:\/\/www.uni.lu\/wp-content\/uploads\/sites\/2\/2025\/12\/15162707\/20251211-Education-35-scaled.jpg\" \/>\n\t<meta property=\"og:image:width\" content=\"2560\" \/>\n\t<meta property=\"og:image:height\" content=\"1707\" \/>\n\t<meta property=\"og:image:type\" content=\"image\/jpeg\" \/>\n<meta name=\"twitter:card\" content=\"summary_large_image\" \/>\n<meta name=\"twitter:label1\" content=\"Estimated reading time\" \/>\n\t<meta name=\"twitter:data1\" content=\"2 minutes\" \/>\n<script type=\"application\/ld+json\" class=\"yoast-schema-graph\">{\"@context\":\"https:\/\/schema.org\",\"@graph\":[{\"@type\":\"NewsArticle\",\"@id\":\"https:\/\/www.uni.lu\/fhse-en\/news\/fhse-graduation-ceremonies-hats-off-to-2025-classes\/#article\",\"isPartOf\":{\"@id\":\"https:\/\/www.uni.lu\/fhse-en\/news\/fhse-graduation-ceremonies-hats-off-to-2025-classes\/\"},\"author\":{\"name\":\"samirajoineau\",\"@id\":\"https:\/\/www.uni.lu\/fhse-en\/#\/schema\/person\/e2717a149170baf6d9f823191285dc89\"},\"headline\":\"FHSE Graduation Ceremonies: Hats Off to 2025 Classes!\",\"datePublished\":\"2025-12-15T15:28:35+00:00\",\"dateModified\":\"2025-12-16T08:50:26+00:00\",\"mainEntityOfPage\":{\"@id\":\"https:\/\/www.uni.lu\/fhse-en\/news\/fhse-graduation-ceremonies-hats-off-to-2025-classes\/\"},\"wordCount\":290,\"publisher\":{\"@id\":\"https:\/\/www.uni.lu\/fhse-en\/#organization\"},\"image\":{\"@id\":\"https:\/\/www.uni.lu\/fhse-en\/news\/fhse-graduation-ceremonies-hats-off-to-2025-classes\/#primaryimage\"},\"thumbnailUrl\":\"https:\/\/www.uni.lu\/wp-content\/uploads\/sites\/2\/2025\/12\/15162707\/20251211-Education-35-scaled.jpg\",\"inLanguage\":\"en-GB\"},{\"@type\":\"WebPage\",\"@id\":\"https:\/\/www.uni.lu\/fhse-en\/news\/fhse-graduation-ceremonies-hats-off-to-2025-classes\/\",\"url\":\"https:\/\/www.uni.lu\/fhse-en\/news\/fhse-graduation-ceremonies-hats-off-to-2025-classes\/\",\"name\":\"FHSE Graduation Ceremonies: Hats Off to 2025 Classes! - FHSE news I University of Luxembourg\",\"isPartOf\":{\"@id\":\"https:\/\/www.uni.lu\/fhse-en\/#website\"},\"primaryImageOfPage\":{\"@id\":\"https:\/\/www.uni.lu\/fhse-en\/news\/fhse-graduation-ceremonies-hats-off-to-2025-classes\/#primaryimage\"},\"image\":{\"@id\":\"https:\/\/www.uni.lu\/fhse-en\/news\/fhse-graduation-ceremonies-hats-off-to-2025-classes\/#primaryimage\"},\"thumbnailUrl\":\"https:\/\/www.uni.lu\/wp-content\/uploads\/sites\/2\/2025\/12\/15162707\/20251211-Education-35-scaled.jpg\",\"datePublished\":\"2025-12-15T15:28:35+00:00\",\"dateModified\":\"2025-12-16T08:50:26+00:00\",\"description\":\"Last 11 December, the Faculty proudly held its annual Graduation ceremonies, marking a significant milestone in our students\u2019 academic journey. This year, Last 11 December, the Faculty proudly held its annual Graduation ceremonies, marking a significant milestone in our students' academic journey.\",\"breadcrumb\":{\"@id\":\"https:\/\/www.uni.lu\/fhse-en\/news\/fhse-graduation-ceremonies-hats-off-to-2025-classes\/#breadcrumb\"},\"inLanguage\":\"en-GB\",\"potentialAction\":[{\"@type\":\"ReadAction\",\"target\":[\"https:\/\/www.uni.lu\/fhse-en\/news\/fhse-graduation-ceremonies-hats-off-to-2025-classes\/\"]}]},{\"@type\":\"ImageObject\",\"inLanguage\":\"en-GB\",\"@id\":\"https:\/\/www.uni.lu\/fhse-en\/news\/fhse-graduation-ceremonies-hats-off-to-2025-classes\/#primaryimage\",\"url\":\"https:\/\/www.uni.lu\/wp-content\/uploads\/sites\/2\/2025\/12\/15162707\/20251211-Education-35-scaled.jpg\",\"contentUrl\":\"https:\/\/www.uni.lu\/wp-content\/uploads\/sites\/2\/2025\/12\/15162707\/20251211-Education-35-scaled.jpg\",\"width\":2560,\"height\":1707},{\"@type\":\"BreadcrumbList\",\"@id\":\"https:\/\/www.uni.lu\/fhse-en\/news\/fhse-graduation-ceremonies-hats-off-to-2025-classes\/#breadcrumb\",\"itemListElement\":[{\"@type\":\"ListItem\",\"position\":1,\"name\":\"Home\",\"item\":\"https:\/\/www.uni.lu\/en\"},{\"@type\":\"ListItem\",\"position\":2,\"name\":\"Faculty of Humanities, Education and Social Sciences\",\"item\":\"https:\/\/www.uni.lu\/fhse-en\/\"},{\"@type\":\"ListItem\",\"position\":3,\"name\":\"News\",\"item\":\"https:\/\/www.uni.lu\/fhse-en\/news\/\"},{\"@type\":\"ListItem\",\"position\":4,\"name\":\"FHSE Graduation Ceremonies: Hats Off to 2025 Classes!\"}]},{\"@type\":\"WebSite\",\"@id\":\"https:\/\/www.uni.lu\/fhse-en\/#website\",\"url\":\"https:\/\/www.uni.lu\/fhse-en\/\",\"name\":\"FHSE\",\"description\":\"Faculty of Humanities, Education and Social Sciences I Uni.lu\",\"publisher\":{\"@id\":\"https:\/\/www.uni.lu\/fhse-en\/#organization\"},\"alternateName\":\"Faculty of Humanities, Education and Social Sciences I University of Luxembourg\",\"potentialAction\":[{\"@type\":\"SearchAction\",\"target\":{\"@type\":\"EntryPoint\",\"urlTemplate\":\"https:\/\/www.uni.lu\/fhse-en\/?s={search_term_string}\"},\"query-input\":\"required name=search_term_string\"}],\"inLanguage\":\"en-GB\"},{\"@type\":\"Organization\",\"@id\":\"https:\/\/www.uni.lu\/fhse-en\/#organization\",\"name\":\"FHSE - University of Luxembourg I Uni.lu\",\"alternateName\":\"Faculty of Humanities, Education and Social Sciences\",\"url\":\"https:\/\/www.uni.lu\/fhse-en\/\",\"logo\":{\"@type\":\"ImageObject\",\"inLanguage\":\"en-GB\",\"@id\":\"https:\/\/www.uni.lu\/fhse-en\/#\/schema\/logo\/image\/\",\"url\":\"https:\/\/www.uni.lu\/wp-content\/uploads\/sites\/2\/2026\/03\/03112240\/FHSE_SM-Profile_1600x1600px-scaled.jpg\",\"contentUrl\":\"https:\/\/www.uni.lu\/wp-content\/uploads\/sites\/2\/2026\/03\/03112240\/FHSE_SM-Profile_1600x1600px-scaled.jpg\",\"width\":2560,\"height\":2560,\"caption\":\"FHSE - University of Luxembourg I Uni.lu\"},\"image\":\"https:\/\/www.uni.lu\/wp-content\/uploads\/sites\/2\/2026\/04\/24144328\/20200609-Belval-Campus_Henri-Goergen-23.jpg\",\"sameAs\":[\"https:\/\/humanities.uni.lu\/\"],\"email\":\"communication@uni.lu\",\"telephone\":\"+3524666441\",\"address\":{\"@type\":\"PostalAddress\",\"streetAddress\":\"11, Porte des Sciences\",\"addressLocality\":\"Esch-sur-Alzette\",\"postalCode\":\"4365\",\"addressCountry\":\"LU\"},\"description\":\"Faculty of Humanities, Education and Social Sciences I Uni.lu\"},{\"@type\":\"Person\",\"@id\":\"https:\/\/www.uni.lu\/fhse-en\/#\/schema\/person\/e2717a149170baf6d9f823191285dc89\",\"name\":\"samirajoineau\",\"image\":{\"@type\":\"ImageObject\",\"inLanguage\":\"en-GB\",\"@id\":\"https:\/\/www.uni.lu\/fhse-en\/#\/schema\/person\/image\/\",\"url\":\"https:\/\/secure.gravatar.com\/avatar\/a6178103932973140893d84147e7432c?s=96&d=mm&r=g\",\"contentUrl\":\"https:\/\/secure.gravatar.com\/avatar\/a6178103932973140893d84147e7432c?s=96&d=mm&r=g\",\"caption\":\"samirajoineau\"}}]}<\/script>\n<!-- \/ Yoast SEO Premium plugin. -->","yoast_head_json":{"title":"FHSE Graduation Ceremonies: Hats Off to 2025 Classes! - FHSE news I University of Luxembourg","description":"Last 11 December, the Faculty proudly held its annual Graduation ceremonies, marking a significant milestone in our students\u2019 academic journey. This year, Last 11 December, the Faculty proudly held its annual Graduation ceremonies, marking a significant milestone in our students' academic journey.","robots":{"index":"index","follow":"follow","max-snippet":"max-snippet:-1","max-image-preview":"max-image-preview:large","max-video-preview":"max-video-preview:-1"},"canonical":"https:\/\/www.uni.lu\/fhse-en\/news\/fhse-graduation-ceremonies-hats-off-to-2025-classes\/","og_locale":"en_GB","og_type":"article","og_title":"FHSE Graduation Ceremonies: Hats Off to 2025 Classes!","og_description":"Last 11 December, the Faculty proudly held its annual Graduation ceremonies, marking a significant milestone in our students\u2019 academic journey. This year,","og_url":"https:\/\/www.uni.lu\/fhse-en\/news\/fhse-graduation-ceremonies-hats-off-to-2025-classes\/","og_site_name":"FHSE EN","article_modified_time":"2025-12-16T08:50:26+00:00","og_image":[{"width":2560,"height":1707,"url":"https:\/\/www.uni.lu\/wp-content\/uploads\/sites\/2\/2025\/12\/15162707\/20251211-Education-35-scaled.jpg","type":"image\/jpeg"}],"twitter_card":"summary_large_image","twitter_misc":{"Estimated reading time":"2 minutes"},"schema":{"@context":"https:\/\/schema.org","@graph":[{"@type":"NewsArticle","@id":"https:\/\/www.uni.lu\/fhse-en\/news\/fhse-graduation-ceremonies-hats-off-to-2025-classes\/#article","isPartOf":{"@id":"https:\/\/www.uni.lu\/fhse-en\/news\/fhse-graduation-ceremonies-hats-off-to-2025-classes\/"},"author":{"name":"samirajoineau","@id":"https:\/\/www.uni.lu\/fhse-en\/#\/schema\/person\/e2717a149170baf6d9f823191285dc89"},"headline":"FHSE Graduation Ceremonies: Hats Off to 2025 Classes!","datePublished":"2025-12-15T15:28:35+00:00","dateModified":"2025-12-16T08:50:26+00:00","mainEntityOfPage":{"@id":"https:\/\/www.uni.lu\/fhse-en\/news\/fhse-graduation-ceremonies-hats-off-to-2025-classes\/"},"wordCount":290,"publisher":{"@id":"https:\/\/www.uni.lu\/fhse-en\/#organization"},"image":{"@id":"https:\/\/www.uni.lu\/fhse-en\/news\/fhse-graduation-ceremonies-hats-off-to-2025-classes\/#primaryimage"},"thumbnailUrl":"https:\/\/www.uni.lu\/wp-content\/uploads\/sites\/2\/2025\/12\/15162707\/20251211-Education-35-scaled.jpg","inLanguage":"en-GB"},{"@type":"WebPage","@id":"https:\/\/www.uni.lu\/fhse-en\/news\/fhse-graduation-ceremonies-hats-off-to-2025-classes\/","url":"https:\/\/www.uni.lu\/fhse-en\/news\/fhse-graduation-ceremonies-hats-off-to-2025-classes\/","name":"FHSE Graduation Ceremonies: Hats Off to 2025 Classes! - FHSE news I University of Luxembourg","isPartOf":{"@id":"https:\/\/www.uni.lu\/fhse-en\/#website"},"primaryImageOfPage":{"@id":"https:\/\/www.uni.lu\/fhse-en\/news\/fhse-graduation-ceremonies-hats-off-to-2025-classes\/#primaryimage"},"image":{"@id":"https:\/\/www.uni.lu\/fhse-en\/news\/fhse-graduation-ceremonies-hats-off-to-2025-classes\/#primaryimage"},"thumbnailUrl":"https:\/\/www.uni.lu\/wp-content\/uploads\/sites\/2\/2025\/12\/15162707\/20251211-Education-35-scaled.jpg","datePublished":"2025-12-15T15:28:35+00:00","dateModified":"2025-12-16T08:50:26+00:00","description":"Last 11 December, the Faculty proudly held its annual Graduation ceremonies, marking a significant milestone in our students\u2019 academic journey. This year, Last 11 December, the Faculty proudly held its annual Graduation ceremonies, marking a significant milestone in our students' academic journey.","breadcrumb":{"@id":"https:\/\/www.uni.lu\/fhse-en\/news\/fhse-graduation-ceremonies-hats-off-to-2025-classes\/#breadcrumb"},"inLanguage":"en-GB","potentialAction":[{"@type":"ReadAction","target":["https:\/\/www.uni.lu\/fhse-en\/news\/fhse-graduation-ceremonies-hats-off-to-2025-classes\/"]}]},{"@type":"ImageObject","inLanguage":"en-GB","@id":"https:\/\/www.uni.lu\/fhse-en\/news\/fhse-graduation-ceremonies-hats-off-to-2025-classes\/#primaryimage","url":"https:\/\/www.uni.lu\/wp-content\/uploads\/sites\/2\/2025\/12\/15162707\/20251211-Education-35-scaled.jpg","contentUrl":"https:\/\/www.uni.lu\/wp-content\/uploads\/sites\/2\/2025\/12\/15162707\/20251211-Education-35-scaled.jpg","width":2560,"height":1707},{"@type":"BreadcrumbList","@id":"https:\/\/www.uni.lu\/fhse-en\/news\/fhse-graduation-ceremonies-hats-off-to-2025-classes\/#breadcrumb","itemListElement":[{"@type":"ListItem","position":1,"name":"Home","item":"https:\/\/www.uni.lu\/en"},{"@type":"ListItem","position":2,"name":"Faculty of Humanities, Education and Social Sciences","item":"https:\/\/www.uni.lu\/fhse-en\/"},{"@type":"ListItem","position":3,"name":"News","item":"https:\/\/www.uni.lu\/fhse-en\/news\/"},{"@type":"ListItem","position":4,"name":"FHSE Graduation Ceremonies: Hats Off to 2025 Classes!"}]},{"@type":"WebSite","@id":"https:\/\/www.uni.lu\/fhse-en\/#website","url":"https:\/\/www.uni.lu\/fhse-en\/","name":"FHSE","description":"Faculty of Humanities, Education and Social Sciences I Uni.lu","publisher":{"@id":"https:\/\/www.uni.lu\/fhse-en\/#organization"},"alternateName":"Faculty of Humanities, Education and Social Sciences I University of Luxembourg","potentialAction":[{"@type":"SearchAction","target":{"@type":"EntryPoint","urlTemplate":"https:\/\/www.uni.lu\/fhse-en\/?s={search_term_string}"},"query-input":"required name=search_term_string"}],"inLanguage":"en-GB"},{"@type":"Organization","@id":"https:\/\/www.uni.lu\/fhse-en\/#organization","name":"FHSE - University of Luxembourg I Uni.lu","alternateName":"Faculty of Humanities, Education and Social Sciences","url":"https:\/\/www.uni.lu\/fhse-en\/","logo":{"@type":"ImageObject","inLanguage":"en-GB","@id":"https:\/\/www.uni.lu\/fhse-en\/#\/schema\/logo\/image\/","url":"https:\/\/www.uni.lu\/wp-content\/uploads\/sites\/2\/2026\/03\/03112240\/FHSE_SM-Profile_1600x1600px-scaled.jpg","contentUrl":"https:\/\/www.uni.lu\/wp-content\/uploads\/sites\/2\/2026\/03\/03112240\/FHSE_SM-Profile_1600x1600px-scaled.jpg","width":2560,"height":2560,"caption":"FHSE - University of Luxembourg I Uni.lu"},"image":"https:\/\/www.uni.lu\/wp-content\/uploads\/sites\/2\/2026\/04\/24144328\/20200609-Belval-Campus_Henri-Goergen-23.jpg","sameAs":["https:\/\/humanities.uni.lu\/"],"email":"communication@uni.lu","telephone":"+3524666441","address":{"@type":"PostalAddress","streetAddress":"11, Porte des Sciences","addressLocality":"Esch-sur-Alzette","postalCode":"4365","addressCountry":"LU"},"description":"Faculty of Humanities, Education and Social Sciences I Uni.lu"},{"@type":"Person","@id":"https:\/\/www.uni.lu\/fhse-en\/#\/schema\/person\/e2717a149170baf6d9f823191285dc89","name":"samirajoineau","image":{"@type":"ImageObject","inLanguage":"en-GB","@id":"https:\/\/www.uni.lu\/fhse-en\/#\/schema\/person\/image\/","url":"https:\/\/secure.gravatar.com\/avatar\/a6178103932973140893d84147e7432c?s=96&d=mm&r=g","contentUrl":"https:\/\/secure.gravatar.com\/avatar\/a6178103932973140893d84147e7432c?s=96&d=mm&r=g","caption":"samirajoineau"}}]}},"blog_id":2,"_links":{"self":[{"href":"https:\/\/www.uni.lu\/fhse-en\/wp-json\/wp\/v2\/news\/31693"}],"collection":[{"href":"https:\/\/www.uni.lu\/fhse-en\/wp-json\/wp\/v2\/news"}],"about":[{"href":"https:\/\/www.uni.lu\/fhse-en\/wp-json\/wp\/v2\/types\/news"}],"author":[{"embeddable":true,"href":"https:\/\/www.uni.lu\/fhse-en\/wp-json\/wp\/v2\/users\/378"}],"version-history":[{"count":5,"href":"https:\/\/www.uni.lu\/fhse-en\/wp-json\/wp\/v2\/news\/31693\/revisions"}],"predecessor-version":[{"id":31740,"href":"https:\/\/www.uni.lu\/fhse-en\/wp-json\/wp\/v2\/news\/31693\/revisions\/31740"}],"wp:authorship":[{"embeddable":true,"href":"https:\/\/www.uni.lu\/fhse-en\/wp-json\/wp\/v2\/users\/378"}],"wp:featuredmedia":[{"embeddable":true,"href":"https:\/\/www.uni.lu\/fhse-en\/wp-json\/wp\/v2\/media\/31716"}],"wp:attachment":[{"href":"https:\/\/www.uni.lu\/fhse-en\/wp-json\/wp\/v2\/media?parent=31693"}],"wp:term":[{"taxonomy":"news-category","embeddable":true,"href":"https:\/\/www.uni.lu\/fhse-en\/wp-json\/wp\/v2\/news-category?post=31693"},{"taxonomy":"news-topic","embeddable":true,"href":"https:\/\/www.uni.lu\/fhse-en\/wp-json\/wp\/v2\/news-topic?post=31693"},{"taxonomy":"organisation","embeddable":true,"href":"https:\/\/www.uni.lu\/fhse-en\/wp-json\/wp\/v2\/organisation?post=31693"}],"curies":[{"name":"wp","href":"https:\/\/api.w.org\/{rel}","templated":true}]}}