{"id":27223,"date":"2025-06-06T10:22:46","date_gmt":"2025-06-06T08:22:46","guid":{"rendered":"https:\/\/www.uni.lu\/fhse-en\/?post_type=news&#038;p=27223"},"modified":"2025-06-06T13:58:00","modified_gmt":"2025-06-06T11:58:00","slug":"2015-2025-la-formation-continue-en-langue-culture-et-societe-italiennes-fete-ses-10-ans-una-festa-per-tutti","status":"publish","type":"news","link":"https:\/\/www.uni.lu\/fhse-en\/news\/2015-2025-la-formation-continue-en-langue-culture-et-societe-italiennes-fete-ses-10-ans-una-festa-per-tutti\/","title":{"rendered":"2015 &#8211; 2025: La Formation continue en Langue, Culture et Soci\u00e9t\u00e9 Italiennes f\u00eate ses 10 ans: Una Festa per tutti!"},"content":{"rendered":"\n<section class=\"wp-block-unilux-blocks-free-section section\"><div class=\"container xl:max-w-screen-xl\">\n<h3 class=\"has-text-align-left wp-block-unilux-blocks-heading\"        id=\"dix-ans-de-lcsi-une-soiree-anniversaire-riche-en-emotions\"\n    >\n<strong>Dix ans de LCSI: une soir\u00e9e anniversaire riche en \u00e9motions<\/strong><\/h3>\n\n\n\n<p>Il y a d\u00e9j\u00e0 dix ans d\u00e9butait le tout premier cours de la Formation Continue en Langue, Culture et Soci\u00e9t\u00e9 Italiennes (LCSI). \u00c0 l\u2019occasion de cet anniversaire marquant, une soir\u00e9e festive a r\u00e9uni anciens et actuels \u00e9tudiants, amis de la formation ainsi que curieux int\u00e9ress\u00e9s par l\u2019Italie et sa culture et par son lien historique avec le Luxembourg depuis 150 ans.<\/p>\n\n\n\n<p>L\u2019\u00e9v\u00e9nement qui a eu lieu le 6 mai dans la Maison des Sciences Humaines \u00e9tait plac\u00e9 sous le signe de la convivialit\u00e9 et du partage, s\u2019est d\u00e9roul\u00e9 dans une ambiance chaleureuse et artistique. Le programme a d\u00e9but\u00e9 par un r\u00e9cital de po\u00e9sie et de musique propos\u00e9 par Jean Portante et le multi-instrumentiste Lex Gillen, suivi d\u2019une parenth\u00e8se lyrique de la cantatrice Luisa Mauro, accompagn\u00e9e au piano par Iveta Calite. En fin de soir\u00e9e, Enrico Lunghi a apport\u00e9 une touche plus pop en reprenant \u00e0 la guitare quelques-unes des plus belles chansons italiennes, reprises en ch\u0153ur par le public.<\/p>\n\n\n\n<p>Les invit\u00e9s ont \u00e9galement eu l\u2019occasion de se retrouver autour d\u2019un \u00ab apericena \u00bb.<\/p>\n\n\n\n<p>En parall\u00e8le des performances, une exposition retra\u00e7ait le parcours de la formation LCSI \u00e0 travers une s\u00e9lection de travaux r\u00e9alis\u00e9s par les \u00e9tudiants au fil des ann\u00e9es. Un catalogue a \u00e9t\u00e9 \u00e9dit\u00e9 pour l\u2019occasion, illustrant l\u2019\u00e9volution et la richesse des contenus abord\u00e9s depuis la cr\u00e9ation de la formation.<\/p>\n<\/div><\/section>\n\n\n\n<section class=\"py-0 wp-block-unilux-blocks-free-section section\"><div class=\"container xl:max-w-screen-xl\">\n<h3 class=\"has-text-align-left wp-block-unilux-blocks-heading\"        id=\"galerie-photos-10-ans-de-la-formation-continue-en-langue-culture-et-societes-italiennes\"\n    >\nGalerie photos : 10 ans de la Formation continue en Langue, Culture et Soci\u00e9t\u00e9s Italiennes<\/h3>\n<\/div><\/section>\n\n\n\n<section class=\"py-0 wp-block-unilux-blocks-free-section section\"><div class=\"container xl:max-w-screen-xl\">\n<section class=\"alignfull wp-block-unilux-blocks-gallery-carousel\">\n    <div class=\"swiper swiper-gallery\" aria-roledescription=\"carousel\" aria-label=\"A gallery of images\">\n        <!-- Swiper button Next & Prev -->\n        <div class=\"swiper-nav\">\n            <div class=\"swiper-nav__container\">\n                <div class=\"swiper-nav__grid\">\n                    <button type=\"button\" class=\"swiper-button-next\">\n                        <svg aria-hidden=\"true\" focusable=\"false\" class=\"icon icon-outline icon--arrow-right \"><use xlink:href=\"https:\/\/www.uni.lu\/wp-content\/themes\/unilux-theme\/assets\/images\/icons\/icons-outline.svg#icon--arrow-right\"><\/use><\/svg>                    <\/button>\n                    <button type=\"button\" class=\"swiper-button-prev\">\n                        <svg aria-hidden=\"true\" focusable=\"false\" class=\"icon icon-outline icon--arrow-left \"><use xlink:href=\"https:\/\/www.uni.lu\/wp-content\/themes\/unilux-theme\/assets\/images\/icons\/icons-outline.svg#icon--arrow-left\"><\/use><\/svg>                    <\/button>\n                <\/div>\n            <\/div>\n        <\/div>\n\n        <!-- swiper slides -->\n        <ul class=\"swiper-wrapper\">\n            \n<li class=\"swiper-slide\" aria-roledescription=\"slide\">\n    <figure class=\"wp-block-dev4-reusable-blocks-image swiper-slide__bg object-fit--cover\">\n    \n<img decoding=\"async\" class=\"wp-block-image unilux-custom-image-block\"\n                alt=\"\"\n            src=\"https:\/\/www.uni.lu\/wp-content\/uploads\/sites\/2\/2025\/06\/05132415\/LCSI-10-ans-2.png\"\n                srcset=\"https:\/\/www.uni.lu\/wp-content\/uploads\/sites\/2\/2025\/06\/05132415\/LCSI-10-ans-2-300x225.png 300w, https:\/\/www.uni.lu\/wp-content\/uploads\/sites\/2\/2025\/06\/05132415\/LCSI-10-ans-2-1024x768.png 1024w, https:\/\/www.uni.lu\/wp-content\/uploads\/sites\/2\/2025\/06\/05132415\/LCSI-10-ans-2-768x576.png 768w, https:\/\/www.uni.lu\/wp-content\/uploads\/sites\/2\/2025\/06\/05132415\/LCSI-10-ans-2-1536x1152.png 1536w, https:\/\/www.uni.lu\/wp-content\/uploads\/sites\/2\/2025\/06\/05132415\/LCSI-10-ans-2-2048x1536.png 2048w\"\n                style=\"object-position: 54.00% 100.00%; font-family: &quot;object-fit: cover; object-position: 54.00% 100.00%;&quot;; aspect-ratio: 16\/9; object-fit: cover; width: 100%;\"\n        loading=\"lazy\"\n\/>    <\/figure><\/li>\n<li class=\"swiper-slide\" aria-roledescription=\"slide\">\n    <figure class=\"wp-block-dev4-reusable-blocks-image swiper-slide__bg object-fit--cover\">\n    \n<img decoding=\"async\" class=\"wp-block-image unilux-custom-image-block\"\n                alt=\"\"\n            src=\"https:\/\/www.uni.lu\/wp-content\/uploads\/sites\/2\/2025\/06\/05132457\/LCSI-10-ans-3.png\"\n                srcset=\"https:\/\/www.uni.lu\/wp-content\/uploads\/sites\/2\/2025\/06\/05132457\/LCSI-10-ans-3-300x225.png 300w, https:\/\/www.uni.lu\/wp-content\/uploads\/sites\/2\/2025\/06\/05132457\/LCSI-10-ans-3-1024x768.png 1024w, https:\/\/www.uni.lu\/wp-content\/uploads\/sites\/2\/2025\/06\/05132457\/LCSI-10-ans-3-768x576.png 768w, https:\/\/www.uni.lu\/wp-content\/uploads\/sites\/2\/2025\/06\/05132457\/LCSI-10-ans-3-1536x1152.png 1536w, https:\/\/www.uni.lu\/wp-content\/uploads\/sites\/2\/2025\/06\/05132457\/LCSI-10-ans-3-2048x1536.png 2048w\"\n                style=\"object-position: 61.00% 100.00%; font-family: &quot;object-fit: cover; object-position: 61.00% 100.00%;&quot;; aspect-ratio: 16\/9; object-fit: cover; width: 100%;\"\n        loading=\"lazy\"\n\/>    <\/figure><\/li>\n<li class=\"swiper-slide\" aria-roledescription=\"slide\">\n    <figure class=\"wp-block-dev4-reusable-blocks-image swiper-slide__bg object-fit--cover\">\n    \n<img decoding=\"async\" class=\"wp-block-image unilux-custom-image-block\"\n                alt=\"\"\n            src=\"https:\/\/www.uni.lu\/wp-content\/uploads\/sites\/2\/2025\/06\/05132540\/LCSI-10-ans-4.png\"\n                srcset=\"https:\/\/www.uni.lu\/wp-content\/uploads\/sites\/2\/2025\/06\/05132540\/LCSI-10-ans-4-300x225.png 300w, https:\/\/www.uni.lu\/wp-content\/uploads\/sites\/2\/2025\/06\/05132540\/LCSI-10-ans-4-1024x768.png 1024w, https:\/\/www.uni.lu\/wp-content\/uploads\/sites\/2\/2025\/06\/05132540\/LCSI-10-ans-4-768x576.png 768w, https:\/\/www.uni.lu\/wp-content\/uploads\/sites\/2\/2025\/06\/05132540\/LCSI-10-ans-4-1536x1152.png 1536w, https:\/\/www.uni.lu\/wp-content\/uploads\/sites\/2\/2025\/06\/05132540\/LCSI-10-ans-4-2048x1536.png 2048w\"\n                style=\"object-position: 45.00% 47.00%; font-family: &quot;object-fit: cover; object-position: 45.00% 47.00%;&quot;; aspect-ratio: 16\/9; object-fit: cover; width: 100%;\"\n        loading=\"lazy\"\n\/>    <\/figure><\/li>\n<li class=\"swiper-slide\" aria-roledescription=\"slide\">\n    <figure class=\"wp-block-dev4-reusable-blocks-image swiper-slide__bg object-fit--cover\">\n    \n<img decoding=\"async\" class=\"wp-block-image unilux-custom-image-block\"\n                alt=\"\"\n            src=\"https:\/\/www.uni.lu\/wp-content\/uploads\/sites\/2\/2025\/06\/05132900\/LCSI-10-ans-7.png\"\n                srcset=\"https:\/\/www.uni.lu\/wp-content\/uploads\/sites\/2\/2025\/06\/05132900\/LCSI-10-ans-7-300x225.png 300w, https:\/\/www.uni.lu\/wp-content\/uploads\/sites\/2\/2025\/06\/05132900\/LCSI-10-ans-7-1024x768.png 1024w, https:\/\/www.uni.lu\/wp-content\/uploads\/sites\/2\/2025\/06\/05132900\/LCSI-10-ans-7-768x576.png 768w, https:\/\/www.uni.lu\/wp-content\/uploads\/sites\/2\/2025\/06\/05132900\/LCSI-10-ans-7-1536x1152.png 1536w, https:\/\/www.uni.lu\/wp-content\/uploads\/sites\/2\/2025\/06\/05132900\/LCSI-10-ans-7-2048x1536.png 2048w\"\n                style=\"object-position: 51.00% 91.00%; font-family: &quot;object-fit: cover; object-position: 51.00% 91.00%;&quot;; aspect-ratio: 16\/9; object-fit: cover; width: 100%;\"\n        loading=\"lazy\"\n\/>    <\/figure><\/li>\n<li class=\"swiper-slide\" aria-roledescription=\"slide\">\n    <figure class=\"wp-block-dev4-reusable-blocks-image swiper-slide__bg object-fit--cover\">\n    \n<img decoding=\"async\" class=\"wp-block-image unilux-custom-image-block\"\n                alt=\"\"\n            src=\"https:\/\/www.uni.lu\/wp-content\/uploads\/sites\/2\/2025\/06\/05133025\/LCSI-10-ans-8.png\"\n                srcset=\"https:\/\/www.uni.lu\/wp-content\/uploads\/sites\/2\/2025\/06\/05133025\/LCSI-10-ans-8-300x225.png 300w, https:\/\/www.uni.lu\/wp-content\/uploads\/sites\/2\/2025\/06\/05133025\/LCSI-10-ans-8-1024x768.png 1024w, https:\/\/www.uni.lu\/wp-content\/uploads\/sites\/2\/2025\/06\/05133025\/LCSI-10-ans-8-768x576.png 768w, https:\/\/www.uni.lu\/wp-content\/uploads\/sites\/2\/2025\/06\/05133025\/LCSI-10-ans-8-1536x1152.png 1536w, https:\/\/www.uni.lu\/wp-content\/uploads\/sites\/2\/2025\/06\/05133025\/LCSI-10-ans-8-2048x1536.png 2048w\"\n                style=\"object-position: 50.00% 50.00%; font-family: &quot;object-fit: cover; object-position: 50.00% 50.00%;&quot;; aspect-ratio: 16\/9; object-fit: cover; width: 100%;\"\n        loading=\"lazy\"\n\/>    <\/figure><\/li>\n<li class=\"swiper-slide\" aria-roledescription=\"slide\">\n    <figure class=\"wp-block-dev4-reusable-blocks-image swiper-slide__bg object-fit--cover\">\n    \n<img decoding=\"async\" class=\"wp-block-image unilux-custom-image-block\"\n                alt=\"\"\n            src=\"https:\/\/www.uni.lu\/wp-content\/uploads\/sites\/2\/2025\/06\/05133124\/LCSI-10-ans-10.png\"\n                srcset=\"https:\/\/www.uni.lu\/wp-content\/uploads\/sites\/2\/2025\/06\/05133124\/LCSI-10-ans-10-300x225.png 300w, https:\/\/www.uni.lu\/wp-content\/uploads\/sites\/2\/2025\/06\/05133124\/LCSI-10-ans-10-1024x768.png 1024w, https:\/\/www.uni.lu\/wp-content\/uploads\/sites\/2\/2025\/06\/05133124\/LCSI-10-ans-10-768x576.png 768w, https:\/\/www.uni.lu\/wp-content\/uploads\/sites\/2\/2025\/06\/05133124\/LCSI-10-ans-10-1536x1152.png 1536w, https:\/\/www.uni.lu\/wp-content\/uploads\/sites\/2\/2025\/06\/05133124\/LCSI-10-ans-10-2048x1536.png 2048w\"\n                style=\"object-position: 54.00% 100.00%; font-family: &quot;object-fit: cover; object-position: 54.00% 100.00%;&quot;; aspect-ratio: 16\/9; object-fit: cover; width: 100%;\"\n        loading=\"lazy\"\n\/>    <\/figure><\/li>        <\/ul>\n\n        <!-- Swiper pagination -->\n        <div class=\"swiper-pagination\">\n            <div class=\"swiper-pagination__bullets\"><\/div>\n        <\/div>\n    <\/div>\n<\/section><\/div><\/section>\n\n\n\n<section class=\"wp-block-unilux-blocks-free-section section\"><div class=\"container xl:max-w-screen-xl\">\n<h2 class=\"has-text-align-left wp-block-unilux-blocks-heading\"        id=\"cette-belle-soiree-danniversaire-a-permis-de-mesurer-le-chemin-parcouru-et-de-raviver-les-liens-entre-toutes-celles-et-ceux-qui-ont-contribue-de-pres-ou-de-loin-a-faire-vivre-les\"\n    >\n<strong>&#8221; <em>Cette belle soir\u00e9e d\u2019anniversaire a permis de mesurer le chemin parcouru et de raviver les liens entre toutes celles et ceux qui ont contribu\u00e9, de pr\u00e8s ou de loin, \u00e0 faire vivre l\u2019esprit de la LCSI. Un grand merci \u00e0 toutes et tous pour votre pr\u00e9sence et votre enthousiasme !<\/em> &#8220;<\/strong><\/h2>\n\n\n<div class=\"flex flex-wrap -mx-16  wp-block-unilux-blocks-highlighted-person-list\">\n    <div class=\"w-full md:w-1\/2 px-16  wp-block-unilux-blocks-highlighted-person-list-item\">\n    \n<h3 class=\"has-text-align-left wp-block-unilux-blocks-heading\"    >\n<\/h3>\n\n<div class=\"wp-block-unilux-blocks-wrapper list-people bg-theme\">\n<div class=\"wp-block-unilux-blocks-wrapper list-people__container\">\n<div class=\"wp-block-unilux-blocks-wrapper list-people__visual\"><figure class=\"wp-block-dev4-reusable-blocks-image w-full object-fit--cover\">\n    \n<img decoding=\"async\" class=\"wp-block-image unilux-custom-image-block\"\n                alt=\"\"\n            src=\"https:\/\/www.uni.lu\/wp-content\/uploads\/sites\/2\/2023\/07\/Photo_Claudio-CICOTTI.png\"\n                srcset=\"https:\/\/www.uni.lu\/wp-content\/uploads\/sites\/2\/2023\/07\/Photo_Claudio-CICOTTI-300x207.png 300w, https:\/\/www.uni.lu\/wp-content\/uploads\/sites\/2\/2023\/07\/Photo_Claudio-CICOTTI-768x530.png 768w, https:\/\/www.uni.lu\/wp-content\/uploads\/sites\/2\/2023\/07\/Photo_Claudio-CICOTTI.png 812w\"\n                style=\"object-position: 50.00% 50.00%; font-family: &quot;object-fit: cover; object-position: 50.00% 50.00%;&quot;; aspect-ratio: 1\/1; object-fit: cover; width: 100%;\"\n        loading=\"lazy\"\n\/>    <\/figure><\/div>\n\n\n\n<div class=\"wp-block-unilux-blocks-wrapper list-people__body\">\n<h5 class=\"list-people__title has-text-align-left wp-block-unilux-blocks-heading\"        id=\"dr-claudio-cicotti\"\n    >\nDr. Claudio Cicotti<\/h5>\n\n\n\n<p class=\"list-people__description wp-block-unilux-blocks-plain-text\">Study Programme Director LCSI<\/p>\n\n<div class=\"wp-block-unilux-blocks-simple-cta\">\n    <a\n        href=\"http:\/\/uni.lu\/fhse-en\/people\/claudio-cicotti\/\"\n        title=\"Learn More\"\n        class=\"link-text link-text--icon link-absolute\"\n        target=\"\"\n    >\n        <span class=\"link-text__body\">\n            <span class=\"link-text__name\">Learn More<\/span>\n        <\/span>\n        <svg aria-hidden=\"true\" focusable=\"false\" class=\"icon icon-outline icon--arrow-right \"><use xlink:href=\"https:\/\/www.uni.lu\/wp-content\/themes\/unilux-theme\/assets\/images\/icons\/icons-outline.svg#icon--arrow-right\"><\/use><\/svg>    <\/a>\n<\/div>\n<\/div>\n<\/div>\n<\/div>\n<\/div><\/div><\/div><\/section>\n\n\n\n<section class=\"py-0 wp-block-unilux-blocks-free-section section\"><div class=\"container xl:max-w-screen-xl\">\n<ul class=\"wp-block-unilux-blocks-custom-buttons btn-list\"><li class=\"wp-block-unilux-blocks-custom-button\"    aria-disabled=\"false\"\n    >\n    <a\n        role=\"link\"\n        aria-disabled=\"false\"\n                    href=\"https:\/\/www.uni.lu\/wp-content\/uploads\/sites\/2\/2025\/06\/06100458\/20250506_AFF_DHUM_CLSI_10-ans.pdf\"\n                target=\"_blank\"\n        class=\"btn btn--primary\"\n            >T\u00e9l\u00e9charger l&#8217;affiche<\/a>\n<\/li>\n\n\n<li class=\"wp-block-unilux-blocks-custom-button\"    aria-disabled=\"false\"\n    >\n    <a\n        role=\"link\"\n        aria-disabled=\"false\"\n                    href=\"https:\/\/www.uni.lu\/fhse-en\/study-programs\/formation-continue-en-langue-culture-et-societe-italiennes\/\"\n                target=\"_blank\"\n        class=\"btn btn--secondary\"\n            >D\u00e9couvrir la formation<\/a>\n<\/li>\n<\/ul>\n<\/div><\/section>\n","protected":false},"excerpt":{"rendered":"","protected":false},"author":197,"featured_media":27290,"template":"","format":"standard","meta":{"featured_image_focal_point":[],"show_featured_caption":false,"ulux_newsletter_groups":"","uluxPostTitle":"","uluxPrePostTitle":"","_trash_the_other_posts":false,"_price":"","_stock":"","_tribe_ticket_header":"","_tribe_default_ticket_provider":"","_tribe_ticket_capacity":"0","_ticket_start_date":"","_ticket_end_date":"","_tribe_ticket_show_description":"","_tribe_ticket_show_not_going":false,"_tribe_ticket_use_global_stock":"","_tribe_ticket_global_stock_level":"","_global_stock_mode":"","_global_stock_cap":"","_tribe_rsvp_for_event":"","_tribe_ticket_going_count":"","_tribe_ticket_not_going_count":"","_tribe_tickets_list":"[]","_tribe_ticket_has_attendee_info_fields":false},"news-category":[7],"news-topic":[17],"organisation":[171,147,177],"authorship":[197],"acf":[],"yoast_head":"<!-- This site is optimized with the Yoast SEO Premium plugin v22.3 (Yoast SEO v22.3) - https:\/\/yoast.com\/wordpress\/plugins\/seo\/ -->\n<title>2015 - 2025: La Formation continue en Langue, Culture et Soci\u00e9t\u00e9 Italiennes f\u00eate ses 10 ans: Una Festa per tutti! - FHSE news I University of Luxembourg<\/title>\n<meta name=\"description\" content=\"Il y a d\u00e9j\u00e0 dix ans d\u00e9butait le tout premier cours de la Formation Continue en Langue, Culture et Soci\u00e9t\u00e9 Italiennes (LCSI). \u00c0 l\u2019occasion de cet\" \/>\n<meta name=\"robots\" content=\"index, follow, max-snippet:-1, max-image-preview:large, max-video-preview:-1\" \/>\n<link rel=\"canonical\" href=\"https:\/\/www.uni.lu\/fhse-en\/news\/2015-2025-la-formation-continue-en-langue-culture-et-societe-italiennes-fete-ses-10-ans-una-festa-per-tutti\/\" \/>\n<meta property=\"og:locale\" content=\"en_GB\" \/>\n<meta property=\"og:type\" content=\"article\" \/>\n<meta property=\"og:title\" content=\"2015 - 2025: La Formation continue en Langue, Culture et Soci\u00e9t\u00e9 Italiennes f\u00eate ses 10 ans: Una Festa per tutti!\" \/>\n<meta property=\"og:description\" content=\"Il y a d\u00e9j\u00e0 dix ans d\u00e9butait le tout premier cours de la Formation Continue en Langue, Culture et Soci\u00e9t\u00e9 Italiennes (LCSI). \u00c0 l\u2019occasion de cet\" \/>\n<meta property=\"og:url\" content=\"https:\/\/www.uni.lu\/fhse-en\/news\/2015-2025-la-formation-continue-en-langue-culture-et-societe-italiennes-fete-ses-10-ans-una-festa-per-tutti\/\" \/>\n<meta property=\"og:site_name\" content=\"FHSE EN\" \/>\n<meta property=\"article:modified_time\" content=\"2025-06-06T11:58:00+00:00\" \/>\n<meta property=\"og:image\" content=\"https:\/\/www.uni.lu\/wp-content\/uploads\/sites\/2\/2025\/06\/05135733\/Screenshot-2025-06-05-135616.png\" \/>\n\t<meta property=\"og:image:width\" content=\"319\" \/>\n\t<meta property=\"og:image:height\" content=\"240\" \/>\n\t<meta property=\"og:image:type\" content=\"image\/png\" \/>\n<meta name=\"twitter:card\" content=\"summary_large_image\" \/>\n<meta name=\"twitter:label1\" content=\"Estimated reading time\" \/>\n\t<meta name=\"twitter:data1\" content=\"2 minutes\" \/>\n<script type=\"application\/ld+json\" class=\"yoast-schema-graph\">{\"@context\":\"https:\/\/schema.org\",\"@graph\":[{\"@type\":\"NewsArticle\",\"@id\":\"https:\/\/www.uni.lu\/fhse-en\/news\/2015-2025-la-formation-continue-en-langue-culture-et-societe-italiennes-fete-ses-10-ans-una-festa-per-tutti\/#article\",\"isPartOf\":{\"@id\":\"https:\/\/www.uni.lu\/fhse-en\/news\/2015-2025-la-formation-continue-en-langue-culture-et-societe-italiennes-fete-ses-10-ans-una-festa-per-tutti\/\"},\"author\":{\"name\":\"andreahake\",\"@id\":\"https:\/\/www.uni.lu\/fhse-en\/#\/schema\/person\/e9be5d650d8c2631b6fd405a83efbadd\"},\"headline\":\"2015 &#8211; 2025: La Formation continue en Langue, Culture et Soci\u00e9t\u00e9 Italiennes f\u00eate ses 10 ans: Una Festa per tutti!\",\"datePublished\":\"2025-06-06T08:22:46+00:00\",\"dateModified\":\"2025-06-06T11:58:00+00:00\",\"mainEntityOfPage\":{\"@id\":\"https:\/\/www.uni.lu\/fhse-en\/news\/2015-2025-la-formation-continue-en-langue-culture-et-societe-italiennes-fete-ses-10-ans-una-festa-per-tutti\/\"},\"wordCount\":267,\"publisher\":{\"@id\":\"https:\/\/www.uni.lu\/fhse-en\/#organization\"},\"image\":{\"@id\":\"https:\/\/www.uni.lu\/fhse-en\/news\/2015-2025-la-formation-continue-en-langue-culture-et-societe-italiennes-fete-ses-10-ans-una-festa-per-tutti\/#primaryimage\"},\"thumbnailUrl\":\"https:\/\/www.uni.lu\/wp-content\/uploads\/sites\/2\/2025\/06\/05135733\/Screenshot-2025-06-05-135616.png\",\"inLanguage\":\"en-GB\"},{\"@type\":\"WebPage\",\"@id\":\"https:\/\/www.uni.lu\/fhse-en\/news\/2015-2025-la-formation-continue-en-langue-culture-et-societe-italiennes-fete-ses-10-ans-una-festa-per-tutti\/\",\"url\":\"https:\/\/www.uni.lu\/fhse-en\/news\/2015-2025-la-formation-continue-en-langue-culture-et-societe-italiennes-fete-ses-10-ans-una-festa-per-tutti\/\",\"name\":\"2015 - 2025: La Formation continue en Langue, Culture et Soci\u00e9t\u00e9 Italiennes f\u00eate ses 10 ans: Una Festa per tutti! - FHSE news I University of Luxembourg\",\"isPartOf\":{\"@id\":\"https:\/\/www.uni.lu\/fhse-en\/#website\"},\"primaryImageOfPage\":{\"@id\":\"https:\/\/www.uni.lu\/fhse-en\/news\/2015-2025-la-formation-continue-en-langue-culture-et-societe-italiennes-fete-ses-10-ans-una-festa-per-tutti\/#primaryimage\"},\"image\":{\"@id\":\"https:\/\/www.uni.lu\/fhse-en\/news\/2015-2025-la-formation-continue-en-langue-culture-et-societe-italiennes-fete-ses-10-ans-una-festa-per-tutti\/#primaryimage\"},\"thumbnailUrl\":\"https:\/\/www.uni.lu\/wp-content\/uploads\/sites\/2\/2025\/06\/05135733\/Screenshot-2025-06-05-135616.png\",\"datePublished\":\"2025-06-06T08:22:46+00:00\",\"dateModified\":\"2025-06-06T11:58:00+00:00\",\"description\":\"Il y a d\u00e9j\u00e0 dix ans d\u00e9butait le tout premier cours de la Formation Continue en Langue, Culture et Soci\u00e9t\u00e9 Italiennes (LCSI). \u00c0 l\u2019occasion de cet\",\"breadcrumb\":{\"@id\":\"https:\/\/www.uni.lu\/fhse-en\/news\/2015-2025-la-formation-continue-en-langue-culture-et-societe-italiennes-fete-ses-10-ans-una-festa-per-tutti\/#breadcrumb\"},\"inLanguage\":\"en-GB\",\"potentialAction\":[{\"@type\":\"ReadAction\",\"target\":[\"https:\/\/www.uni.lu\/fhse-en\/news\/2015-2025-la-formation-continue-en-langue-culture-et-societe-italiennes-fete-ses-10-ans-una-festa-per-tutti\/\"]}]},{\"@type\":\"ImageObject\",\"inLanguage\":\"en-GB\",\"@id\":\"https:\/\/www.uni.lu\/fhse-en\/news\/2015-2025-la-formation-continue-en-langue-culture-et-societe-italiennes-fete-ses-10-ans-una-festa-per-tutti\/#primaryimage\",\"url\":\"https:\/\/www.uni.lu\/wp-content\/uploads\/sites\/2\/2025\/06\/05135733\/Screenshot-2025-06-05-135616.png\",\"contentUrl\":\"https:\/\/www.uni.lu\/wp-content\/uploads\/sites\/2\/2025\/06\/05135733\/Screenshot-2025-06-05-135616.png\",\"width\":319,\"height\":240},{\"@type\":\"BreadcrumbList\",\"@id\":\"https:\/\/www.uni.lu\/fhse-en\/news\/2015-2025-la-formation-continue-en-langue-culture-et-societe-italiennes-fete-ses-10-ans-una-festa-per-tutti\/#breadcrumb\",\"itemListElement\":[{\"@type\":\"ListItem\",\"position\":1,\"name\":\"Home\",\"item\":\"https:\/\/www.uni.lu\/en\"},{\"@type\":\"ListItem\",\"position\":2,\"name\":\"Faculty of Humanities, Education and Social Sciences\",\"item\":\"https:\/\/www.uni.lu\/fhse-en\/\"},{\"@type\":\"ListItem\",\"position\":3,\"name\":\"News\",\"item\":\"https:\/\/www.uni.lu\/fhse-en\/news\/\"},{\"@type\":\"ListItem\",\"position\":4,\"name\":\"2015 - 2025: La Formation continue en Langue, Culture et Soci\u00e9t\u00e9 Italiennes f\u00eate ses 10 ans: Una Festa per tutti!\"}]},{\"@type\":\"WebSite\",\"@id\":\"https:\/\/www.uni.lu\/fhse-en\/#website\",\"url\":\"https:\/\/www.uni.lu\/fhse-en\/\",\"name\":\"FHSE\",\"description\":\"Faculty of Humanities, Education and Social Sciences I Uni.lu\",\"publisher\":{\"@id\":\"https:\/\/www.uni.lu\/fhse-en\/#organization\"},\"alternateName\":\"Faculty of Humanities, Education and Social Sciences I University of Luxembourg\",\"potentialAction\":[{\"@type\":\"SearchAction\",\"target\":{\"@type\":\"EntryPoint\",\"urlTemplate\":\"https:\/\/www.uni.lu\/fhse-en\/?s={search_term_string}\"},\"query-input\":\"required name=search_term_string\"}],\"inLanguage\":\"en-GB\"},{\"@type\":\"Organization\",\"@id\":\"https:\/\/www.uni.lu\/fhse-en\/#organization\",\"name\":\"FHSE - University of Luxembourg I Uni.lu\",\"alternateName\":\"Faculty of Humanities, Education and Social Sciences\",\"url\":\"https:\/\/www.uni.lu\/fhse-en\/\",\"logo\":{\"@type\":\"ImageObject\",\"inLanguage\":\"en-GB\",\"@id\":\"https:\/\/www.uni.lu\/fhse-en\/#\/schema\/logo\/image\/\",\"url\":\"https:\/\/www.uni.lu\/wp-content\/uploads\/sites\/2\/2026\/03\/03112240\/FHSE_SM-Profile_1600x1600px-scaled.jpg\",\"contentUrl\":\"https:\/\/www.uni.lu\/wp-content\/uploads\/sites\/2\/2026\/03\/03112240\/FHSE_SM-Profile_1600x1600px-scaled.jpg\",\"width\":2560,\"height\":2560,\"caption\":\"FHSE - University of Luxembourg I Uni.lu\"},\"image\":\"https:\/\/www.uni.lu\/wp-content\/uploads\/sites\/2\/2026\/04\/24144328\/20200609-Belval-Campus_Henri-Goergen-23.jpg\",\"sameAs\":[\"https:\/\/humanities.uni.lu\/\"],\"email\":\"communication@uni.lu\",\"telephone\":\"+3524666441\",\"address\":{\"@type\":\"PostalAddress\",\"streetAddress\":\"11, Porte des Sciences\",\"addressLocality\":\"Esch-sur-Alzette\",\"postalCode\":\"4365\",\"addressCountry\":\"LU\"},\"description\":\"Faculty of Humanities, Education and Social Sciences I Uni.lu\"},{\"@type\":\"Person\",\"@id\":\"https:\/\/www.uni.lu\/fhse-en\/#\/schema\/person\/e9be5d650d8c2631b6fd405a83efbadd\",\"name\":\"andreahake\",\"image\":{\"@type\":\"ImageObject\",\"inLanguage\":\"en-GB\",\"@id\":\"https:\/\/www.uni.lu\/fhse-en\/#\/schema\/person\/image\/\",\"url\":\"https:\/\/secure.gravatar.com\/avatar\/5781235087d20ce7497d3d0ecc4a5d68?s=96&d=mm&r=g\",\"contentUrl\":\"https:\/\/secure.gravatar.com\/avatar\/5781235087d20ce7497d3d0ecc4a5d68?s=96&d=mm&r=g\",\"caption\":\"andreahake\"},\"description\":\"Can edit the department of humanities And the research groups within the department of humanities https:\/\/www.uni.lu\/fhse-en\/research-departments\/department-of-humanities\/ https:\/\/www.uni.lu\/fhse-en\/research-groups\/institute-for-german-language-literature-and-interculturality\/ https:\/\/www.uni.lu\/fhse-en\/research-groups\/institute-of-history\/ https:\/\/www.uni.lu\/fhse-en\/research-groups\/research-institute-of-multilingualism\/ https:\/\/www.uni.lu\/fhse-en\/research-groups\/institute-of-romance-studies-media-and-arts\/ https:\/\/www.uni.lu\/fhse-en\/research-groups\/institute-of-english-studies\/ https:\/\/www.uni.lu\/fhse-en\/research-groups\/institute-of-luxembourgish-language-and-literature\/ https:\/\/www.uni.lu\/fhse-en\/research-groups\/institute-of-philosophy\/\"}]}<\/script>\n<!-- \/ Yoast SEO Premium plugin. -->","yoast_head_json":{"title":"2015 - 2025: La Formation continue en Langue, Culture et Soci\u00e9t\u00e9 Italiennes f\u00eate ses 10 ans: Una Festa per tutti! - FHSE news I University of Luxembourg","description":"Il y a d\u00e9j\u00e0 dix ans d\u00e9butait le tout premier cours de la Formation Continue en Langue, Culture et Soci\u00e9t\u00e9 Italiennes (LCSI). \u00c0 l\u2019occasion de cet","robots":{"index":"index","follow":"follow","max-snippet":"max-snippet:-1","max-image-preview":"max-image-preview:large","max-video-preview":"max-video-preview:-1"},"canonical":"https:\/\/www.uni.lu\/fhse-en\/news\/2015-2025-la-formation-continue-en-langue-culture-et-societe-italiennes-fete-ses-10-ans-una-festa-per-tutti\/","og_locale":"en_GB","og_type":"article","og_title":"2015 - 2025: La Formation continue en Langue, Culture et Soci\u00e9t\u00e9 Italiennes f\u00eate ses 10 ans: Una Festa per tutti!","og_description":"Il y a d\u00e9j\u00e0 dix ans d\u00e9butait le tout premier cours de la Formation Continue en Langue, Culture et Soci\u00e9t\u00e9 Italiennes (LCSI). \u00c0 l\u2019occasion de cet","og_url":"https:\/\/www.uni.lu\/fhse-en\/news\/2015-2025-la-formation-continue-en-langue-culture-et-societe-italiennes-fete-ses-10-ans-una-festa-per-tutti\/","og_site_name":"FHSE EN","article_modified_time":"2025-06-06T11:58:00+00:00","og_image":[{"width":319,"height":240,"url":"https:\/\/www.uni.lu\/wp-content\/uploads\/sites\/2\/2025\/06\/05135733\/Screenshot-2025-06-05-135616.png","type":"image\/png"}],"twitter_card":"summary_large_image","twitter_misc":{"Estimated reading time":"2 minutes"},"schema":{"@context":"https:\/\/schema.org","@graph":[{"@type":"NewsArticle","@id":"https:\/\/www.uni.lu\/fhse-en\/news\/2015-2025-la-formation-continue-en-langue-culture-et-societe-italiennes-fete-ses-10-ans-una-festa-per-tutti\/#article","isPartOf":{"@id":"https:\/\/www.uni.lu\/fhse-en\/news\/2015-2025-la-formation-continue-en-langue-culture-et-societe-italiennes-fete-ses-10-ans-una-festa-per-tutti\/"},"author":{"name":"andreahake","@id":"https:\/\/www.uni.lu\/fhse-en\/#\/schema\/person\/e9be5d650d8c2631b6fd405a83efbadd"},"headline":"2015 &#8211; 2025: La Formation continue en Langue, Culture et Soci\u00e9t\u00e9 Italiennes f\u00eate ses 10 ans: Una Festa per tutti!","datePublished":"2025-06-06T08:22:46+00:00","dateModified":"2025-06-06T11:58:00+00:00","mainEntityOfPage":{"@id":"https:\/\/www.uni.lu\/fhse-en\/news\/2015-2025-la-formation-continue-en-langue-culture-et-societe-italiennes-fete-ses-10-ans-una-festa-per-tutti\/"},"wordCount":267,"publisher":{"@id":"https:\/\/www.uni.lu\/fhse-en\/#organization"},"image":{"@id":"https:\/\/www.uni.lu\/fhse-en\/news\/2015-2025-la-formation-continue-en-langue-culture-et-societe-italiennes-fete-ses-10-ans-una-festa-per-tutti\/#primaryimage"},"thumbnailUrl":"https:\/\/www.uni.lu\/wp-content\/uploads\/sites\/2\/2025\/06\/05135733\/Screenshot-2025-06-05-135616.png","inLanguage":"en-GB"},{"@type":"WebPage","@id":"https:\/\/www.uni.lu\/fhse-en\/news\/2015-2025-la-formation-continue-en-langue-culture-et-societe-italiennes-fete-ses-10-ans-una-festa-per-tutti\/","url":"https:\/\/www.uni.lu\/fhse-en\/news\/2015-2025-la-formation-continue-en-langue-culture-et-societe-italiennes-fete-ses-10-ans-una-festa-per-tutti\/","name":"2015 - 2025: La Formation continue en Langue, Culture et Soci\u00e9t\u00e9 Italiennes f\u00eate ses 10 ans: Una Festa per tutti! - FHSE news I University of Luxembourg","isPartOf":{"@id":"https:\/\/www.uni.lu\/fhse-en\/#website"},"primaryImageOfPage":{"@id":"https:\/\/www.uni.lu\/fhse-en\/news\/2015-2025-la-formation-continue-en-langue-culture-et-societe-italiennes-fete-ses-10-ans-una-festa-per-tutti\/#primaryimage"},"image":{"@id":"https:\/\/www.uni.lu\/fhse-en\/news\/2015-2025-la-formation-continue-en-langue-culture-et-societe-italiennes-fete-ses-10-ans-una-festa-per-tutti\/#primaryimage"},"thumbnailUrl":"https:\/\/www.uni.lu\/wp-content\/uploads\/sites\/2\/2025\/06\/05135733\/Screenshot-2025-06-05-135616.png","datePublished":"2025-06-06T08:22:46+00:00","dateModified":"2025-06-06T11:58:00+00:00","description":"Il y a d\u00e9j\u00e0 dix ans d\u00e9butait le tout premier cours de la Formation Continue en Langue, Culture et Soci\u00e9t\u00e9 Italiennes (LCSI). \u00c0 l\u2019occasion de cet","breadcrumb":{"@id":"https:\/\/www.uni.lu\/fhse-en\/news\/2015-2025-la-formation-continue-en-langue-culture-et-societe-italiennes-fete-ses-10-ans-una-festa-per-tutti\/#breadcrumb"},"inLanguage":"en-GB","potentialAction":[{"@type":"ReadAction","target":["https:\/\/www.uni.lu\/fhse-en\/news\/2015-2025-la-formation-continue-en-langue-culture-et-societe-italiennes-fete-ses-10-ans-una-festa-per-tutti\/"]}]},{"@type":"ImageObject","inLanguage":"en-GB","@id":"https:\/\/www.uni.lu\/fhse-en\/news\/2015-2025-la-formation-continue-en-langue-culture-et-societe-italiennes-fete-ses-10-ans-una-festa-per-tutti\/#primaryimage","url":"https:\/\/www.uni.lu\/wp-content\/uploads\/sites\/2\/2025\/06\/05135733\/Screenshot-2025-06-05-135616.png","contentUrl":"https:\/\/www.uni.lu\/wp-content\/uploads\/sites\/2\/2025\/06\/05135733\/Screenshot-2025-06-05-135616.png","width":319,"height":240},{"@type":"BreadcrumbList","@id":"https:\/\/www.uni.lu\/fhse-en\/news\/2015-2025-la-formation-continue-en-langue-culture-et-societe-italiennes-fete-ses-10-ans-una-festa-per-tutti\/#breadcrumb","itemListElement":[{"@type":"ListItem","position":1,"name":"Home","item":"https:\/\/www.uni.lu\/en"},{"@type":"ListItem","position":2,"name":"Faculty of Humanities, Education and Social Sciences","item":"https:\/\/www.uni.lu\/fhse-en\/"},{"@type":"ListItem","position":3,"name":"News","item":"https:\/\/www.uni.lu\/fhse-en\/news\/"},{"@type":"ListItem","position":4,"name":"2015 - 2025: La Formation continue en Langue, Culture et Soci\u00e9t\u00e9 Italiennes f\u00eate ses 10 ans: Una Festa per tutti!"}]},{"@type":"WebSite","@id":"https:\/\/www.uni.lu\/fhse-en\/#website","url":"https:\/\/www.uni.lu\/fhse-en\/","name":"FHSE","description":"Faculty of Humanities, Education and Social Sciences I Uni.lu","publisher":{"@id":"https:\/\/www.uni.lu\/fhse-en\/#organization"},"alternateName":"Faculty of Humanities, Education and Social Sciences I University of Luxembourg","potentialAction":[{"@type":"SearchAction","target":{"@type":"EntryPoint","urlTemplate":"https:\/\/www.uni.lu\/fhse-en\/?s={search_term_string}"},"query-input":"required name=search_term_string"}],"inLanguage":"en-GB"},{"@type":"Organization","@id":"https:\/\/www.uni.lu\/fhse-en\/#organization","name":"FHSE - University of Luxembourg I Uni.lu","alternateName":"Faculty of Humanities, Education and Social Sciences","url":"https:\/\/www.uni.lu\/fhse-en\/","logo":{"@type":"ImageObject","inLanguage":"en-GB","@id":"https:\/\/www.uni.lu\/fhse-en\/#\/schema\/logo\/image\/","url":"https:\/\/www.uni.lu\/wp-content\/uploads\/sites\/2\/2026\/03\/03112240\/FHSE_SM-Profile_1600x1600px-scaled.jpg","contentUrl":"https:\/\/www.uni.lu\/wp-content\/uploads\/sites\/2\/2026\/03\/03112240\/FHSE_SM-Profile_1600x1600px-scaled.jpg","width":2560,"height":2560,"caption":"FHSE - University of Luxembourg I Uni.lu"},"image":"https:\/\/www.uni.lu\/wp-content\/uploads\/sites\/2\/2026\/04\/24144328\/20200609-Belval-Campus_Henri-Goergen-23.jpg","sameAs":["https:\/\/humanities.uni.lu\/"],"email":"communication@uni.lu","telephone":"+3524666441","address":{"@type":"PostalAddress","streetAddress":"11, Porte des Sciences","addressLocality":"Esch-sur-Alzette","postalCode":"4365","addressCountry":"LU"},"description":"Faculty of Humanities, Education and Social Sciences I Uni.lu"},{"@type":"Person","@id":"https:\/\/www.uni.lu\/fhse-en\/#\/schema\/person\/e9be5d650d8c2631b6fd405a83efbadd","name":"andreahake","image":{"@type":"ImageObject","inLanguage":"en-GB","@id":"https:\/\/www.uni.lu\/fhse-en\/#\/schema\/person\/image\/","url":"https:\/\/secure.gravatar.com\/avatar\/5781235087d20ce7497d3d0ecc4a5d68?s=96&d=mm&r=g","contentUrl":"https:\/\/secure.gravatar.com\/avatar\/5781235087d20ce7497d3d0ecc4a5d68?s=96&d=mm&r=g","caption":"andreahake"},"description":"Can edit the department of humanities And the research groups within the department of humanities https:\/\/www.uni.lu\/fhse-en\/research-departments\/department-of-humanities\/ https:\/\/www.uni.lu\/fhse-en\/research-groups\/institute-for-german-language-literature-and-interculturality\/ https:\/\/www.uni.lu\/fhse-en\/research-groups\/institute-of-history\/ https:\/\/www.uni.lu\/fhse-en\/research-groups\/research-institute-of-multilingualism\/ https:\/\/www.uni.lu\/fhse-en\/research-groups\/institute-of-romance-studies-media-and-arts\/ https:\/\/www.uni.lu\/fhse-en\/research-groups\/institute-of-english-studies\/ https:\/\/www.uni.lu\/fhse-en\/research-groups\/institute-of-luxembourgish-language-and-literature\/ https:\/\/www.uni.lu\/fhse-en\/research-groups\/institute-of-philosophy\/"}]}},"blog_id":2,"_links":{"self":[{"href":"https:\/\/www.uni.lu\/fhse-en\/wp-json\/wp\/v2\/news\/27223"}],"collection":[{"href":"https:\/\/www.uni.lu\/fhse-en\/wp-json\/wp\/v2\/news"}],"about":[{"href":"https:\/\/www.uni.lu\/fhse-en\/wp-json\/wp\/v2\/types\/news"}],"author":[{"embeddable":true,"href":"https:\/\/www.uni.lu\/fhse-en\/wp-json\/wp\/v2\/users\/197"}],"version-history":[{"count":4,"href":"https:\/\/www.uni.lu\/fhse-en\/wp-json\/wp\/v2\/news\/27223\/revisions"}],"predecessor-version":[{"id":27348,"href":"https:\/\/www.uni.lu\/fhse-en\/wp-json\/wp\/v2\/news\/27223\/revisions\/27348"}],"wp:authorship":[{"embeddable":true,"href":"https:\/\/www.uni.lu\/fhse-en\/wp-json\/wp\/v2\/users\/197"}],"wp:featuredmedia":[{"embeddable":true,"href":"https:\/\/www.uni.lu\/fhse-en\/wp-json\/wp\/v2\/media\/27290"}],"wp:attachment":[{"href":"https:\/\/www.uni.lu\/fhse-en\/wp-json\/wp\/v2\/media?parent=27223"}],"wp:term":[{"taxonomy":"news-category","embeddable":true,"href":"https:\/\/www.uni.lu\/fhse-en\/wp-json\/wp\/v2\/news-category?post=27223"},{"taxonomy":"news-topic","embeddable":true,"href":"https:\/\/www.uni.lu\/fhse-en\/wp-json\/wp\/v2\/news-topic?post=27223"},{"taxonomy":"organisation","embeddable":true,"href":"https:\/\/www.uni.lu\/fhse-en\/wp-json\/wp\/v2\/organisation?post=27223"}],"curies":[{"name":"wp","href":"https:\/\/api.w.org\/{rel}","templated":true}]}}