{"id":841,"date":"2024-07-10T09:38:34","date_gmt":"2024-07-10T07:38:34","guid":{"rendered":"https:\/\/www.uni.lu\/fhse-de\/?post_type=news&#038;p=841"},"modified":"2024-08-08T10:14:53","modified_gmt":"2024-08-08T08:14:53","slug":"aufstieg-der-extremen-rechten-in-europa-den-politischen-wandel-verstehen","status":"publish","type":"news","link":"https:\/\/www.uni.lu\/fhse-de\/news\/aufstieg-der-extremen-rechten-in-europa-den-politischen-wandel-verstehen\/","title":{"rendered":"Aufstieg der extremen Rechten in Europa: Den politischen Wandel verstehen"},"content":{"rendered":"\n<section class=\"wp-block-unilux-blocks-free-section section\"><div class=\"container xl:max-w-screen-xl\">\n<p>Wenngleich die linke Koalition der Neuen Volksfront (Nouveau Front Populaire) am 7. Juli die fr\u00fchen Parlamentswahlen in Frankreich gewann, gelang der extremen Rechten dennoch der wichtigste Durchbruch in ihrer Geschichte. Die Europawahlen vom 9. Juni l\u00f6ste eine Schockwelle auf dem alten Kontinent aus. Es gibt keinen Zweifel: in den europ\u00e4ischen L\u00e4ndern ist die extreme Rechte der gro\u00dfe Gewinner dieser Wahlen. Rechtsextreme Parteien haben die Europawahlen in Italien, \u00d6sterreich, Ungarn und Belgien gewonnen. Wie konnte Europa in dieses Extrem abrutschen? An der Universit\u00e4t Luxemburg gehen Forscher dieser Frage nach, um die Neugestaltung der politischen Landkarte besser zu verstehen.<\/p>\n\n\n\n<p><a href=\"https:\/\/www.uni.lu\/fhse-en\/news\/the-rise-of-the-far-right-in-europe-understanding-the-political-shift-through-research\/\">Lesen Sie den kompletten Artikel auf English.<\/a><a href=\"https:\/\/translate.google.com\/history\"><\/a><\/p>\n\n\n\n<h3 class=\"has-text-align-left wp-block-unilux-blocks-heading\"        id=\"sie-koennten-auch-moegen\"\n    >\nSie k\u00f6nnten auch m\u00f6gen<\/h3>\n\n\n<ul class=\"flex flex-wrap mt-24 -mx-16  wp-block-unilux-blocks-free-content-card\">\n    <li class=\"w-full sm:w-1\/2 lg:w-1\/3 px-16  wp-block-unilux-blocks-free-content-card-item\">\n    <div class=\"ulux-card card-facilities bg-theme\">\n        <div class=\"ulux-card__container card__container\">\n                        <div class=\"ulux-card__visual wp-block-unilux-blocks-free-content-card-item-visual\">\n    \n<div class=\"wp-block-unilux-blocks-image-video-wrapper\">\n    <figure class=\"wp-block-dev4-reusable-blocks-image  object-fit--cover\">\n    \n<img decoding=\"async\" class=\"wp-block-image unilux-custom-image-block\"\n                alt=\"\"\n            src=\"https:\/\/www.uni.lu\/wp-content\/uploads\/sites\/2\/2024\/05\/Vote-aux-europeennes.jpeg\"\n                    style=\"object-position: 50.00% 50.00%; font-family: &quot;object-fit: cover; object-position: 50.00% 50.00%;&quot;; aspect-ratio: 4\/3; object-fit: cover; width: 100%;\"\n        loading=\"lazy\"\n\/>    <\/figure><\/div><\/div><div class=\"ulux-card__body wp-block-unilux-blocks-free-content-card-item-body\">\n    \n<h3 class=\"ulux-card__title has-text-align-left wp-block-unilux-blocks-heading\"        id=\"observatoire-du-politique-polindex\"\n    >\nObservatoire du Politique \u2013 POLINDEX<\/h3>\n<div class=\"ulux-card__description wp-block-unilux-blocks-free-content-card-item-free-content-area\">\n    \n<p>POLINDEX, vise \u00e0 rendre compte sur une base annuelle, non-partisane et scientifique, des \u00e9ventuelles transformations des valeurs individuelles et collectives (et leurs cons\u00e9quences en termes de coh\u00e9sion sociale et de l\u00e9gitimit\u00e9 politique) des Luxembourgeois de citoyennet\u00e9 et des r\u00e9sidents \u00e9trangers au Grand-Duch\u00e9 de Luxembourg<\/p>\n<\/div><div class=\"wp-block-unilux-blocks-simple-cta\">\n    <a\n        href=\"https:\/\/www.uni.lu\/fhse-fr\/research-projects\/polindex\/\"\n        title=\"Learn more\"\n        class=\"link-text link-text--icon ulux-card__link link-text link-absolute\"\n        target=\"\"\n    >\n        <span class=\"link-text__body\">\n            <span class=\"link-text__name\">Lire plus<\/span>\n        <\/span>\n        <svg aria-hidden=\"true\" focusable=\"false\" class=\"icon icon-outline icon--arrow-right \"><use xlink:href=\"https:\/\/www.uni.lu\/wp-content\/themes\/unilux-theme\/assets\/images\/icons\/icons-outline.svg#icon--arrow-right\"><\/use><\/svg>    <\/a>\n<\/div>\n<\/div>        <\/div>\n    <\/div>\n<\/li><li class=\"w-full sm:w-1\/2 lg:w-1\/3 px-16  wp-block-unilux-blocks-free-content-card-item\">\n    <div class=\"ulux-card card-facilities bg-theme\">\n        <div class=\"ulux-card__container card__container\">\n                        <div class=\"ulux-card__visual wp-block-unilux-blocks-free-content-card-item-visual\">\n    \n<div class=\"wp-block-unilux-blocks-image-video-wrapper\">\n    <figure class=\"wp-block-dev4-reusable-blocks-image  object-fit--cover\">\n    \n<img decoding=\"async\" class=\"wp-block-image unilux-custom-image-block\"\n                alt=\"\"\n            src=\"https:\/\/www.uni.lu\/wp-content\/uploads\/sites\/2\/2024\/07\/iStock-854830586-2.jpg\"\n                    style=\"object-position: 50.00% 50.00%; font-family: &quot;object-fit: cover; object-position: 50.00% 50.00%;&quot;; aspect-ratio: 4\/3; object-fit: cover; width: 100%;\"\n        loading=\"lazy\"\n\/>    <\/figure><\/div><\/div><div class=\"ulux-card__body wp-block-unilux-blocks-free-content-card-item-body\">\n    \n<h3 class=\"ulux-card__title has-text-align-left wp-block-unilux-blocks-heading\"        id=\"elwar-electoral-legacies-of-war\"\n    >\nELWar &#8211; Electoral Legacies of War<\/h3>\n<div class=\"ulux-card__description wp-block-unilux-blocks-free-content-card-item-free-content-area\">\n    \n<p>ELWar aims to fill the gap in our understanding of electoral legacies of war by analyzing the evolution of political competition over the course of more than two decades in the six postwar states of Southeast Europe: Bosnia-Herzegovina, Croatia, Kosovo, Macedonia, Montenegro, and Serbia.<\/p>\n<\/div><div class=\"wp-block-unilux-blocks-simple-cta\">\n    <a\n        href=\"https:\/\/www.uni.lu\/fhse-en\/research-projects\/elwar-electoral-legacies-of-war\/\"\n        title=\"Learn more\"\n        class=\"link-text link-text--icon ulux-card__link link-text link-absolute\"\n        target=\"\"\n    >\n        <span class=\"link-text__body\">\n            <span class=\"link-text__name\">Learn more<\/span>\n        <\/span>\n        <svg aria-hidden=\"true\" focusable=\"false\" class=\"icon icon-outline icon--arrow-right \"><use xlink:href=\"https:\/\/www.uni.lu\/wp-content\/themes\/unilux-theme\/assets\/images\/icons\/icons-outline.svg#icon--arrow-right\"><\/use><\/svg>    <\/a>\n<\/div>\n<\/div>        <\/div>\n    <\/div>\n<\/li><li class=\"w-full sm:w-1\/2 lg:w-1\/3 px-16  wp-block-unilux-blocks-free-content-card-item\">\n    <div class=\"ulux-card card-facilities bg-theme\">\n        <div class=\"ulux-card__container card__container\">\n                        <div class=\"ulux-card__visual wp-block-unilux-blocks-free-content-card-item-visual\">\n    \n<div class=\"wp-block-unilux-blocks-image-video-wrapper\">\n    <figure class=\"wp-block-dev4-reusable-blocks-image  object-fit--cover\">\n    \n<img decoding=\"async\" class=\"wp-block-image unilux-custom-image-block\"\n                alt=\"\"\n            src=\"https:\/\/www.uni.lu\/wp-content\/uploads\/sites\/2\/2024\/07\/iStock-542295984.jpg\"\n                    style=\"object-position: 50.00% 50.00%; font-family: &quot;object-fit: cover; object-position: 50.00% 50.00%;&quot;; aspect-ratio: 4\/3; object-fit: cover; width: 100%;\"\n        loading=\"lazy\"\n\/>    <\/figure><\/div><\/div><div class=\"ulux-card__body wp-block-unilux-blocks-free-content-card-item-body\">\n    \n<h3 class=\"ulux-card__title has-text-align-left wp-block-unilux-blocks-heading\"        id=\"economic-insecurity-and-political-preferences\"\n    >\nEconomic insecurity and political preferences<\/h3>\n<div class=\"ulux-card__description wp-block-unilux-blocks-free-content-card-item-free-content-area\">\n    \n<p>Economic insecurity has attracted growing attention, but there is no consensus as to its definition. We characterize a class of individual economic-insecurity measures<br>based on the time profile of economic resources. We apply this economic-insecurity measure to political-preference data in the USA, UK, and Germany. <\/p>\n<\/div><div class=\"wp-block-unilux-blocks-simple-cta\">\n    <a\n        href=\"https:\/\/orbilu.uni.lu\/handle\/10993\/52315\"\n        title=\"Learn more\"\n        class=\"link-text link-text--icon ulux-card__link link-text link-absolute\"\n        target=\"_blank\"\n    >\n        <span class=\"link-text__body\">\n            <span class=\"link-text__name\">Learn more<\/span>\n        <\/span>\n        <svg aria-hidden=\"true\" focusable=\"false\" class=\"icon icon-outline icon--external-link \"><use xlink:href=\"https:\/\/www.uni.lu\/wp-content\/themes\/unilux-theme\/assets\/images\/icons\/icons-outline.svg#icon--external-link\"><\/use><\/svg>    <\/a>\n<\/div>\n<\/div>        <\/div>\n    <\/div>\n<\/li><\/ul><\/div><\/section>\n","protected":false},"excerpt":{"rendered":"<p>Die Europawahlen und verschiedene Parlamentswahlen lassen keinen Zweifel daran: Die extreme Rechte st\u00e4rkt ihre Position in der Europapolitik. Politikwissenschaftler suchen nach Antworten. <\/p>\n","protected":false},"author":126,"featured_media":844,"template":"","format":"standard","meta":{"featured_image_focal_point":[],"show_featured_caption":false,"ulux_newsletter_groups":"","uluxPostTitle":"","uluxPrePostTitle":"","_trash_the_other_posts":false,"_price":"","_stock":"","_tribe_ticket_header":"","_tribe_default_ticket_provider":"","_tribe_ticket_capacity":"0","_ticket_start_date":"","_ticket_end_date":"","_tribe_ticket_show_description":"","_tribe_ticket_show_not_going":false,"_tribe_ticket_use_global_stock":"","_tribe_ticket_global_stock_level":"","_global_stock_mode":"","_global_stock_cap":"","_tribe_rsvp_for_event":"","_tribe_ticket_going_count":"","_tribe_ticket_not_going_count":"","_tribe_tickets_list":"[]","_tribe_ticket_has_attendee_info_fields":false},"news-category":[],"news-topic":[],"organisation":[],"authorship":[126],"acf":[],"yoast_head":"<!-- This site is optimized with the Yoast SEO Premium plugin v22.3 (Yoast SEO v22.3) - https:\/\/yoast.com\/wordpress\/plugins\/seo\/ -->\n<title>Aufstieg der extremen Rechten in Europa: Den politischen Wandel verstehen - FHSE Aktualit\u00e4ten I Universit\u00e4t Luxemburg<\/title>\n<meta name=\"description\" content=\"Die Europawahlen und verschiedene Parlamentswahlen lassen keinen Zweifel daran: Die extreme Rechte st\u00e4rkt ihre Position in der Europapolitik. Politikwissenschaftler suchen nach Antworten.\" \/>\n<meta name=\"robots\" content=\"index, follow, max-snippet:-1, max-image-preview:large, max-video-preview:-1\" \/>\n<link rel=\"canonical\" href=\"https:\/\/www.uni.lu\/fhse-de\/news\/aufstieg-der-extremen-rechten-in-europa-den-politischen-wandel-verstehen\/\" \/>\n<meta property=\"og:locale\" content=\"de_DE\" \/>\n<meta property=\"og:type\" content=\"article\" \/>\n<meta property=\"og:title\" content=\"Aufstieg der extremen Rechten in Europa: Den politischen Wandel verstehen\" \/>\n<meta property=\"og:description\" content=\"Die Europawahlen und verschiedene Parlamentswahlen lassen keinen Zweifel daran: Die extreme Rechte st\u00e4rkt ihre Position in der Europapolitik. Politikwissenschaftler suchen nach Antworten.\" \/>\n<meta property=\"og:url\" content=\"https:\/\/www.uni.lu\/fhse-de\/news\/aufstieg-der-extremen-rechten-in-europa-den-politischen-wandel-verstehen\/\" \/>\n<meta property=\"og:site_name\" content=\"FHSE DE\" \/>\n<meta property=\"article:modified_time\" content=\"2024-08-08T08:14:53+00:00\" \/>\n<meta property=\"og:image\" content=\"https:\/\/www.uni.lu\/wp-content\/uploads\/sites\/15\/2024\/07\/european-union-map-with-flags-of-countries-europe-2023-11-27-05-19-46-utc-1-scaled-1.jpg\" \/>\n\t<meta property=\"og:image:width\" content=\"2560\" \/>\n\t<meta property=\"og:image:height\" content=\"1920\" \/>\n\t<meta property=\"og:image:type\" content=\"image\/jpeg\" \/>\n<meta name=\"twitter:card\" content=\"summary_large_image\" \/>\n<meta name=\"twitter:label1\" content=\"Gesch\u00e4tzte Lesezeit\" \/>\n\t<meta name=\"twitter:data1\" content=\"2 Minuten\" \/>\n<script type=\"application\/ld+json\" class=\"yoast-schema-graph\">{\"@context\":\"https:\/\/schema.org\",\"@graph\":[{\"@type\":\"NewsArticle\",\"@id\":\"https:\/\/www.uni.lu\/fhse-de\/news\/aufstieg-der-extremen-rechten-in-europa-den-politischen-wandel-verstehen\/#article\",\"isPartOf\":{\"@id\":\"https:\/\/www.uni.lu\/fhse-de\/news\/aufstieg-der-extremen-rechten-in-europa-den-politischen-wandel-verstehen\/\"},\"author\":{\"name\":\"arianehenry\",\"@id\":\"https:\/\/www.uni.lu\/fhse-de\/#\/schema\/person\/50dac366965fc35b0dde6e8a18162560\"},\"headline\":\"Aufstieg der extremen Rechten in Europa: Den politischen Wandel verstehen\",\"datePublished\":\"2024-07-10T07:38:34+00:00\",\"dateModified\":\"2024-08-08T08:14:53+00:00\",\"mainEntityOfPage\":{\"@id\":\"https:\/\/www.uni.lu\/fhse-de\/news\/aufstieg-der-extremen-rechten-in-europa-den-politischen-wandel-verstehen\/\"},\"wordCount\":253,\"publisher\":{\"@id\":\"https:\/\/www.uni.lu\/fhse-de\/#organization\"},\"image\":{\"@id\":\"https:\/\/www.uni.lu\/fhse-de\/news\/aufstieg-der-extremen-rechten-in-europa-den-politischen-wandel-verstehen\/#primaryimage\"},\"thumbnailUrl\":\"https:\/\/www.uni.lu\/wp-content\/uploads\/sites\/15\/2024\/07\/european-union-map-with-flags-of-countries-europe-2023-11-27-05-19-46-utc-1-scaled-1.jpg\",\"inLanguage\":\"de-DE\"},{\"@type\":\"WebPage\",\"@id\":\"https:\/\/www.uni.lu\/fhse-de\/news\/aufstieg-der-extremen-rechten-in-europa-den-politischen-wandel-verstehen\/\",\"url\":\"https:\/\/www.uni.lu\/fhse-de\/news\/aufstieg-der-extremen-rechten-in-europa-den-politischen-wandel-verstehen\/\",\"name\":\"Aufstieg der extremen Rechten in Europa: Den politischen Wandel verstehen - FHSE Aktualit\u00e4ten I Universit\u00e4t Luxemburg\",\"isPartOf\":{\"@id\":\"https:\/\/www.uni.lu\/fhse-de\/#website\"},\"primaryImageOfPage\":{\"@id\":\"https:\/\/www.uni.lu\/fhse-de\/news\/aufstieg-der-extremen-rechten-in-europa-den-politischen-wandel-verstehen\/#primaryimage\"},\"image\":{\"@id\":\"https:\/\/www.uni.lu\/fhse-de\/news\/aufstieg-der-extremen-rechten-in-europa-den-politischen-wandel-verstehen\/#primaryimage\"},\"thumbnailUrl\":\"https:\/\/www.uni.lu\/wp-content\/uploads\/sites\/15\/2024\/07\/european-union-map-with-flags-of-countries-europe-2023-11-27-05-19-46-utc-1-scaled-1.jpg\",\"datePublished\":\"2024-07-10T07:38:34+00:00\",\"dateModified\":\"2024-08-08T08:14:53+00:00\",\"description\":\"Die Europawahlen und verschiedene Parlamentswahlen lassen keinen Zweifel daran: Die extreme Rechte st\u00e4rkt ihre Position in der Europapolitik. Politikwissenschaftler suchen nach Antworten.\",\"breadcrumb\":{\"@id\":\"https:\/\/www.uni.lu\/fhse-de\/news\/aufstieg-der-extremen-rechten-in-europa-den-politischen-wandel-verstehen\/#breadcrumb\"},\"inLanguage\":\"de-DE\",\"potentialAction\":[{\"@type\":\"ReadAction\",\"target\":[\"https:\/\/www.uni.lu\/fhse-de\/news\/aufstieg-der-extremen-rechten-in-europa-den-politischen-wandel-verstehen\/\"]}]},{\"@type\":\"ImageObject\",\"inLanguage\":\"de-DE\",\"@id\":\"https:\/\/www.uni.lu\/fhse-de\/news\/aufstieg-der-extremen-rechten-in-europa-den-politischen-wandel-verstehen\/#primaryimage\",\"url\":\"https:\/\/www.uni.lu\/wp-content\/uploads\/sites\/15\/2024\/07\/european-union-map-with-flags-of-countries-europe-2023-11-27-05-19-46-utc-1-scaled-1.jpg\",\"contentUrl\":\"https:\/\/www.uni.lu\/wp-content\/uploads\/sites\/15\/2024\/07\/european-union-map-with-flags-of-countries-europe-2023-11-27-05-19-46-utc-1-scaled-1.jpg\",\"width\":2560,\"height\":1920},{\"@type\":\"BreadcrumbList\",\"@id\":\"https:\/\/www.uni.lu\/fhse-de\/news\/aufstieg-der-extremen-rechten-in-europa-den-politischen-wandel-verstehen\/#breadcrumb\",\"itemListElement\":[{\"@type\":\"ListItem\",\"position\":1,\"name\":\"Home\",\"item\":\"https:\/\/www.uni.lu\/de\"},{\"@type\":\"ListItem\",\"position\":2,\"name\":\"Fakult\u00e4t f\u00fcr Geisteswissenschaften, Erziehungswissenschaften und Sozialwissenschaften\",\"item\":\"https:\/\/www.uni.lu\/fhse-de\/\"},{\"@type\":\"ListItem\",\"position\":3,\"name\":\"News\",\"item\":\"https:\/\/www.uni.lu\/fhse-de\/news\/\"},{\"@type\":\"ListItem\",\"position\":4,\"name\":\"Aufstieg der extremen Rechten in Europa: Den politischen Wandel verstehen\"}]},{\"@type\":\"WebSite\",\"@id\":\"https:\/\/www.uni.lu\/fhse-de\/#website\",\"url\":\"https:\/\/www.uni.lu\/fhse-de\/\",\"name\":\"FHSE\",\"description\":\"Fakult\u00e4t f\u00fcr Geisteswissenschaften, Erziehungswissenschaften und Sozialwissenschaften I Uni.lu\",\"publisher\":{\"@id\":\"https:\/\/www.uni.lu\/fhse-de\/#organization\"},\"alternateName\":\"Fakult\u00e4t f\u00fcr Geisteswissenschaften, Erziehungswissenschaften und Sozialwissenschaften I Universit\u00e4t Luxemburg\",\"potentialAction\":[{\"@type\":\"SearchAction\",\"target\":{\"@type\":\"EntryPoint\",\"urlTemplate\":\"https:\/\/www.uni.lu\/fhse-de\/?s={search_term_string}\"},\"query-input\":\"required name=search_term_string\"}],\"inLanguage\":\"de-DE\"},{\"@type\":\"Organization\",\"@id\":\"https:\/\/www.uni.lu\/fhse-de\/#organization\",\"name\":\"FHSE - Universit\u00e4t Luxemburg I Uni.lu\",\"alternateName\":\"Fakult\u00e4t f\u00fcr Geisteswissenschaften, Erziehungswissenschaften und Sozialwissenschaften\",\"url\":\"https:\/\/www.uni.lu\/fhse-de\/\",\"logo\":{\"@type\":\"ImageObject\",\"inLanguage\":\"de-DE\",\"@id\":\"https:\/\/www.uni.lu\/fhse-de\/#\/schema\/logo\/image\/\",\"url\":\"https:\/\/www.uni.lu\/wp-content\/uploads\/sites\/15\/2026\/03\/03112457\/FHSE_SM-Profile_1600x1600px-scaled.jpg\",\"contentUrl\":\"https:\/\/www.uni.lu\/wp-content\/uploads\/sites\/15\/2026\/03\/03112457\/FHSE_SM-Profile_1600x1600px-scaled.jpg\",\"width\":2560,\"height\":2560,\"caption\":\"FHSE - Universit\u00e4t Luxemburg I Uni.lu\"},\"image\":\"https:\/\/www.uni.lu\/wp-content\/uploads\/sites\/15\/2026\/04\/24144331\/20200609-Belval-Campus_Henri-Goergen-23.jpg\",\"sameAs\":[\"https:\/\/humanities.uni.lu\/\"],\"email\":\"communication@uni.lu\",\"telephone\":\"+3524666441\",\"address\":{\"@type\":\"PostalAddress\",\"streetAddress\":\"11, Porte des Sciences\",\"addressLocality\":\"Esch-sur-Alzette\",\"postalCode\":\"4365\",\"addressCountry\":\"LU\"},\"description\":\"Fakult\u00e4t f\u00fcr Geisteswissenschaften, Erziehungswissenschaften und Sozialwissenschaften I Uni.lu\"},{\"@type\":\"Person\",\"@id\":\"https:\/\/www.uni.lu\/fhse-de\/#\/schema\/person\/50dac366965fc35b0dde6e8a18162560\",\"name\":\"arianehenry\",\"image\":{\"@type\":\"ImageObject\",\"inLanguage\":\"de-DE\",\"@id\":\"https:\/\/www.uni.lu\/fhse-de\/#\/schema\/person\/image\/\",\"url\":\"https:\/\/secure.gravatar.com\/avatar\/e55b62daeed975e86d45b47f53bc22c9?s=96&d=mm&r=g\",\"contentUrl\":\"https:\/\/secure.gravatar.com\/avatar\/e55b62daeed975e86d45b47f53bc22c9?s=96&d=mm&r=g\",\"caption\":\"arianehenry\"}}]}<\/script>\n<!-- \/ Yoast SEO Premium plugin. -->","yoast_head_json":{"title":"Aufstieg der extremen Rechten in Europa: Den politischen Wandel verstehen - FHSE Aktualit\u00e4ten I Universit\u00e4t Luxemburg","description":"Die Europawahlen und verschiedene Parlamentswahlen lassen keinen Zweifel daran: Die extreme Rechte st\u00e4rkt ihre Position in der Europapolitik. Politikwissenschaftler suchen nach Antworten.","robots":{"index":"index","follow":"follow","max-snippet":"max-snippet:-1","max-image-preview":"max-image-preview:large","max-video-preview":"max-video-preview:-1"},"canonical":"https:\/\/www.uni.lu\/fhse-de\/news\/aufstieg-der-extremen-rechten-in-europa-den-politischen-wandel-verstehen\/","og_locale":"de_DE","og_type":"article","og_title":"Aufstieg der extremen Rechten in Europa: Den politischen Wandel verstehen","og_description":"Die Europawahlen und verschiedene Parlamentswahlen lassen keinen Zweifel daran: Die extreme Rechte st\u00e4rkt ihre Position in der Europapolitik. Politikwissenschaftler suchen nach Antworten.","og_url":"https:\/\/www.uni.lu\/fhse-de\/news\/aufstieg-der-extremen-rechten-in-europa-den-politischen-wandel-verstehen\/","og_site_name":"FHSE DE","article_modified_time":"2024-08-08T08:14:53+00:00","og_image":[{"width":2560,"height":1920,"url":"https:\/\/www.uni.lu\/wp-content\/uploads\/sites\/15\/2024\/07\/european-union-map-with-flags-of-countries-europe-2023-11-27-05-19-46-utc-1-scaled-1.jpg","type":"image\/jpeg"}],"twitter_card":"summary_large_image","twitter_misc":{"Gesch\u00e4tzte Lesezeit":"2 Minuten"},"schema":{"@context":"https:\/\/schema.org","@graph":[{"@type":"NewsArticle","@id":"https:\/\/www.uni.lu\/fhse-de\/news\/aufstieg-der-extremen-rechten-in-europa-den-politischen-wandel-verstehen\/#article","isPartOf":{"@id":"https:\/\/www.uni.lu\/fhse-de\/news\/aufstieg-der-extremen-rechten-in-europa-den-politischen-wandel-verstehen\/"},"author":{"name":"arianehenry","@id":"https:\/\/www.uni.lu\/fhse-de\/#\/schema\/person\/50dac366965fc35b0dde6e8a18162560"},"headline":"Aufstieg der extremen Rechten in Europa: Den politischen Wandel verstehen","datePublished":"2024-07-10T07:38:34+00:00","dateModified":"2024-08-08T08:14:53+00:00","mainEntityOfPage":{"@id":"https:\/\/www.uni.lu\/fhse-de\/news\/aufstieg-der-extremen-rechten-in-europa-den-politischen-wandel-verstehen\/"},"wordCount":253,"publisher":{"@id":"https:\/\/www.uni.lu\/fhse-de\/#organization"},"image":{"@id":"https:\/\/www.uni.lu\/fhse-de\/news\/aufstieg-der-extremen-rechten-in-europa-den-politischen-wandel-verstehen\/#primaryimage"},"thumbnailUrl":"https:\/\/www.uni.lu\/wp-content\/uploads\/sites\/15\/2024\/07\/european-union-map-with-flags-of-countries-europe-2023-11-27-05-19-46-utc-1-scaled-1.jpg","inLanguage":"de-DE"},{"@type":"WebPage","@id":"https:\/\/www.uni.lu\/fhse-de\/news\/aufstieg-der-extremen-rechten-in-europa-den-politischen-wandel-verstehen\/","url":"https:\/\/www.uni.lu\/fhse-de\/news\/aufstieg-der-extremen-rechten-in-europa-den-politischen-wandel-verstehen\/","name":"Aufstieg der extremen Rechten in Europa: Den politischen Wandel verstehen - FHSE Aktualit\u00e4ten I Universit\u00e4t Luxemburg","isPartOf":{"@id":"https:\/\/www.uni.lu\/fhse-de\/#website"},"primaryImageOfPage":{"@id":"https:\/\/www.uni.lu\/fhse-de\/news\/aufstieg-der-extremen-rechten-in-europa-den-politischen-wandel-verstehen\/#primaryimage"},"image":{"@id":"https:\/\/www.uni.lu\/fhse-de\/news\/aufstieg-der-extremen-rechten-in-europa-den-politischen-wandel-verstehen\/#primaryimage"},"thumbnailUrl":"https:\/\/www.uni.lu\/wp-content\/uploads\/sites\/15\/2024\/07\/european-union-map-with-flags-of-countries-europe-2023-11-27-05-19-46-utc-1-scaled-1.jpg","datePublished":"2024-07-10T07:38:34+00:00","dateModified":"2024-08-08T08:14:53+00:00","description":"Die Europawahlen und verschiedene Parlamentswahlen lassen keinen Zweifel daran: Die extreme Rechte st\u00e4rkt ihre Position in der Europapolitik. Politikwissenschaftler suchen nach Antworten.","breadcrumb":{"@id":"https:\/\/www.uni.lu\/fhse-de\/news\/aufstieg-der-extremen-rechten-in-europa-den-politischen-wandel-verstehen\/#breadcrumb"},"inLanguage":"de-DE","potentialAction":[{"@type":"ReadAction","target":["https:\/\/www.uni.lu\/fhse-de\/news\/aufstieg-der-extremen-rechten-in-europa-den-politischen-wandel-verstehen\/"]}]},{"@type":"ImageObject","inLanguage":"de-DE","@id":"https:\/\/www.uni.lu\/fhse-de\/news\/aufstieg-der-extremen-rechten-in-europa-den-politischen-wandel-verstehen\/#primaryimage","url":"https:\/\/www.uni.lu\/wp-content\/uploads\/sites\/15\/2024\/07\/european-union-map-with-flags-of-countries-europe-2023-11-27-05-19-46-utc-1-scaled-1.jpg","contentUrl":"https:\/\/www.uni.lu\/wp-content\/uploads\/sites\/15\/2024\/07\/european-union-map-with-flags-of-countries-europe-2023-11-27-05-19-46-utc-1-scaled-1.jpg","width":2560,"height":1920},{"@type":"BreadcrumbList","@id":"https:\/\/www.uni.lu\/fhse-de\/news\/aufstieg-der-extremen-rechten-in-europa-den-politischen-wandel-verstehen\/#breadcrumb","itemListElement":[{"@type":"ListItem","position":1,"name":"Home","item":"https:\/\/www.uni.lu\/de"},{"@type":"ListItem","position":2,"name":"Fakult\u00e4t f\u00fcr Geisteswissenschaften, Erziehungswissenschaften und Sozialwissenschaften","item":"https:\/\/www.uni.lu\/fhse-de\/"},{"@type":"ListItem","position":3,"name":"News","item":"https:\/\/www.uni.lu\/fhse-de\/news\/"},{"@type":"ListItem","position":4,"name":"Aufstieg der extremen Rechten in Europa: Den politischen Wandel verstehen"}]},{"@type":"WebSite","@id":"https:\/\/www.uni.lu\/fhse-de\/#website","url":"https:\/\/www.uni.lu\/fhse-de\/","name":"FHSE","description":"Fakult\u00e4t f\u00fcr Geisteswissenschaften, Erziehungswissenschaften und Sozialwissenschaften I Uni.lu","publisher":{"@id":"https:\/\/www.uni.lu\/fhse-de\/#organization"},"alternateName":"Fakult\u00e4t f\u00fcr Geisteswissenschaften, Erziehungswissenschaften und Sozialwissenschaften I Universit\u00e4t Luxemburg","potentialAction":[{"@type":"SearchAction","target":{"@type":"EntryPoint","urlTemplate":"https:\/\/www.uni.lu\/fhse-de\/?s={search_term_string}"},"query-input":"required name=search_term_string"}],"inLanguage":"de-DE"},{"@type":"Organization","@id":"https:\/\/www.uni.lu\/fhse-de\/#organization","name":"FHSE - Universit\u00e4t Luxemburg I Uni.lu","alternateName":"Fakult\u00e4t f\u00fcr Geisteswissenschaften, Erziehungswissenschaften und Sozialwissenschaften","url":"https:\/\/www.uni.lu\/fhse-de\/","logo":{"@type":"ImageObject","inLanguage":"de-DE","@id":"https:\/\/www.uni.lu\/fhse-de\/#\/schema\/logo\/image\/","url":"https:\/\/www.uni.lu\/wp-content\/uploads\/sites\/15\/2026\/03\/03112457\/FHSE_SM-Profile_1600x1600px-scaled.jpg","contentUrl":"https:\/\/www.uni.lu\/wp-content\/uploads\/sites\/15\/2026\/03\/03112457\/FHSE_SM-Profile_1600x1600px-scaled.jpg","width":2560,"height":2560,"caption":"FHSE - Universit\u00e4t Luxemburg I Uni.lu"},"image":"https:\/\/www.uni.lu\/wp-content\/uploads\/sites\/15\/2026\/04\/24144331\/20200609-Belval-Campus_Henri-Goergen-23.jpg","sameAs":["https:\/\/humanities.uni.lu\/"],"email":"communication@uni.lu","telephone":"+3524666441","address":{"@type":"PostalAddress","streetAddress":"11, Porte des Sciences","addressLocality":"Esch-sur-Alzette","postalCode":"4365","addressCountry":"LU"},"description":"Fakult\u00e4t f\u00fcr Geisteswissenschaften, Erziehungswissenschaften und Sozialwissenschaften I Uni.lu"},{"@type":"Person","@id":"https:\/\/www.uni.lu\/fhse-de\/#\/schema\/person\/50dac366965fc35b0dde6e8a18162560","name":"arianehenry","image":{"@type":"ImageObject","inLanguage":"de-DE","@id":"https:\/\/www.uni.lu\/fhse-de\/#\/schema\/person\/image\/","url":"https:\/\/secure.gravatar.com\/avatar\/e55b62daeed975e86d45b47f53bc22c9?s=96&d=mm&r=g","contentUrl":"https:\/\/secure.gravatar.com\/avatar\/e55b62daeed975e86d45b47f53bc22c9?s=96&d=mm&r=g","caption":"arianehenry"}}]}},"blog_id":15,"_links":{"self":[{"href":"https:\/\/www.uni.lu\/fhse-de\/wp-json\/wp\/v2\/news\/841"}],"collection":[{"href":"https:\/\/www.uni.lu\/fhse-de\/wp-json\/wp\/v2\/news"}],"about":[{"href":"https:\/\/www.uni.lu\/fhse-de\/wp-json\/wp\/v2\/types\/news"}],"author":[{"embeddable":true,"href":"https:\/\/www.uni.lu\/fhse-de\/wp-json\/wp\/v2\/users\/126"}],"version-history":[{"count":2,"href":"https:\/\/www.uni.lu\/fhse-de\/wp-json\/wp\/v2\/news\/841\/revisions"}],"predecessor-version":[{"id":961,"href":"https:\/\/www.uni.lu\/fhse-de\/wp-json\/wp\/v2\/news\/841\/revisions\/961"}],"wp:authorship":[{"embeddable":true,"href":"https:\/\/www.uni.lu\/fhse-de\/wp-json\/wp\/v2\/users\/126"}],"wp:featuredmedia":[{"embeddable":true,"href":"https:\/\/www.uni.lu\/fhse-de\/wp-json\/wp\/v2\/media\/844"}],"wp:attachment":[{"href":"https:\/\/www.uni.lu\/fhse-de\/wp-json\/wp\/v2\/media?parent=841"}],"wp:term":[{"taxonomy":"news-category","embeddable":true,"href":"https:\/\/www.uni.lu\/fhse-de\/wp-json\/wp\/v2\/news-category?post=841"},{"taxonomy":"news-topic","embeddable":true,"href":"https:\/\/www.uni.lu\/fhse-de\/wp-json\/wp\/v2\/news-topic?post=841"},{"taxonomy":"organisation","embeddable":true,"href":"https:\/\/www.uni.lu\/fhse-de\/wp-json\/wp\/v2\/organisation?post=841"}],"curies":[{"name":"wp","href":"https:\/\/api.w.org\/{rel}","templated":true}]}}