{"id":20,"date":"2022-01-12T08:28:53","date_gmt":"2022-01-12T08:28:53","guid":{"rendered":"https:\/\/website.prod.unilu.spikeseed.cloud\/fhse-de\/news\/neuerscheinung-interkulturalitaet-uebersetzung-literatur\/"},"modified":"2022-01-12T08:28:53","modified_gmt":"2022-01-12T08:28:53","slug":"neuerscheinung-interkulturalitaet-uebersetzung-literatur","status":"publish","type":"news","link":"https:\/\/www.uni.lu\/fhse-de\/news\/neuerscheinung-interkulturalitaet-uebersetzung-literatur\/","title":{"rendered":"Neuerscheinung: Interkulturalit\u00e4t, \u00dcbersetzung, Literatur"},"content":{"rendered":"<section class=\"wp-block-unilux-blocks-free-section section\"><div class=\"container xl:max-w-screen-xl\"><p>Prag bildet einen Knotenpunkt der zentraleurop\u00e4ischen Moderne, der durch vielf\u00e4ltige Verflechtungen zwischen deutscher, j\u00fcdischer und tschechischer Kultur gepr\u00e4gt ist. Diese kulturellen Verflechtungen bestimmten auch die Entwicklung der Prager Literaturen um 1900.<\/p><p>Erschienen: 06.12.2021<\/p><p>Die Beitr\u00e4ge dieses Sammelbandes legen eine Synthese aus germanistischer und bohemistischer Forschung vor,mit der die spezifische Interkulturalit\u00e4t Prags und der B\u00f6hmischen L\u00e4nder in der Moderne herausgearbeitet wird. Neben bekannten Autoren wie Franz Kafka werden auch weniger bekannte Literaturschaffende untersucht und Themen wie kulturelle Differenz und Fremdheit aber auch kulturelle Vermittlung und \u00dcbersetzung aus einer interdisziplin\u00e4ren Perspektive beleuchtet. Die Beitr\u00e4ge machen deutlich, dass sich diese Autoren immer auch in der Rolle des Kulturvermittlers befanden.<\/p><p>Herausgegeben von: Steffen H\u00f6hne, Dieter Heimb\u00f6ckel und Manfred Weinberg<\/p><p>Zur Publikation auf der Verlagsseite: <a href=\"https:\/\/www.vandenhoeck-ruprecht-verlage.com\/themen-entdecken\/literatur-sprach-und-kulturwissenschaften\/sprach-und-literaturwissenschaften\/literaturwissenschaft-komparatistik\/57002\/interkulturalitaet-uebersetzung-literatur\" target=\"_blank\" title=\"\" rel=\"noopener\">Link<\/a><\/p><\/div><\/section>","protected":false},"excerpt":{"rendered":"<p>Prag bildet einen Knotenpunkt der zentraleurop\u00e4ischen Moderne, der durch vielf\u00e4ltige Verflechtungen zwischen deutscher, j\u00fcdischer und tschechischer Kultur gepr\u00e4gt ist. Diese kulturellen Verflechtungen bestimmten auch die Entwicklung der Prager Literaturen um 1900.<\/p>\n","protected":false},"author":0,"featured_media":21,"template":"","format":"standard","meta":{"featured_image_focal_point":[],"show_featured_caption":false,"ulux_newsletter_groups":"","uluxPostTitle":"","uluxPrePostTitle":"","_trash_the_other_posts":false,"_price":"","_stock":"","_tribe_ticket_header":"","_tribe_default_ticket_provider":"","_tribe_ticket_capacity":"0","_ticket_start_date":"","_ticket_end_date":"","_tribe_ticket_show_description":"","_tribe_ticket_show_not_going":false,"_tribe_ticket_use_global_stock":"","_tribe_ticket_global_stock_level":"","_global_stock_mode":"","_global_stock_cap":"","_tribe_rsvp_for_event":"","_tribe_ticket_going_count":"","_tribe_ticket_not_going_count":"","_tribe_tickets_list":"[]","_tribe_ticket_has_attendee_info_fields":false},"news-category":[3],"news-topic":[16],"organisation":[170,171],"authorship":[],"acf":[],"yoast_head":"<!-- This site is optimized with the Yoast SEO Premium plugin v22.3 (Yoast SEO v22.3) - https:\/\/yoast.com\/wordpress\/plugins\/seo\/ -->\n<title>Neuerscheinung: Interkulturalit\u00e4t, \u00dcbersetzung, Literatur - FHSE Aktualit\u00e4ten I Universit\u00e4t Luxemburg<\/title>\n<meta name=\"description\" content=\"Prag bildet einen Knotenpunkt der zentraleurop\u00e4ischen Moderne, der durch vielf\u00e4ltige Verflechtungen zwischen deutscher, j\u00fcdischer und tschechischer Kultur gepr\u00e4gt ist. Diese kulturellen Verflechtungen bestimmten auch die Entwicklung der Prager Literaturen um 1900.\" \/>\n<meta name=\"robots\" content=\"index, follow, max-snippet:-1, max-image-preview:large, max-video-preview:-1\" \/>\n<link rel=\"canonical\" href=\"https:\/\/www.uni.lu\/fhse-de\/news\/neuerscheinung-interkulturalitaet-uebersetzung-literatur\/\" \/>\n<meta property=\"og:locale\" content=\"de_DE\" \/>\n<meta property=\"og:type\" content=\"article\" \/>\n<meta property=\"og:title\" content=\"Neuerscheinung: Interkulturalit\u00e4t, \u00dcbersetzung, Literatur\" \/>\n<meta property=\"og:description\" content=\"Prag bildet einen Knotenpunkt der zentraleurop\u00e4ischen Moderne, der durch vielf\u00e4ltige Verflechtungen zwischen deutscher, j\u00fcdischer und tschechischer Kultur gepr\u00e4gt ist. Diese kulturellen Verflechtungen bestimmten auch die Entwicklung der Prager Literaturen um 1900.\" \/>\n<meta property=\"og:url\" content=\"https:\/\/www.uni.lu\/fhse-de\/news\/neuerscheinung-interkulturalitaet-uebersetzung-literatur\/\" \/>\n<meta property=\"og:site_name\" content=\"FHSE DE\" \/>\n<meta property=\"og:image\" content=\"https:\/\/www.uni.lu\/wp-content\/uploads\/sites\/15\/2022\/01\/neuerscheinung_interkulturalitaet_uebersetzung_literatur.jpg\" \/>\n\t<meta property=\"og:image:width\" content=\"800\" \/>\n\t<meta property=\"og:image:height\" content=\"600\" \/>\n\t<meta property=\"og:image:type\" content=\"image\/jpeg\" \/>\n<meta name=\"twitter:card\" content=\"summary_large_image\" \/>\n<meta name=\"twitter:label1\" content=\"Gesch\u00e4tzte Lesezeit\" \/>\n\t<meta name=\"twitter:data1\" content=\"1 Minute\" \/>\n<script type=\"application\/ld+json\" class=\"yoast-schema-graph\">{\"@context\":\"https:\/\/schema.org\",\"@graph\":[{\"@type\":\"NewsArticle\",\"@id\":\"https:\/\/www.uni.lu\/fhse-de\/news\/neuerscheinung-interkulturalitaet-uebersetzung-literatur\/#article\",\"isPartOf\":{\"@id\":\"https:\/\/www.uni.lu\/fhse-de\/news\/neuerscheinung-interkulturalitaet-uebersetzung-literatur\/\"},\"author\":{\"name\":\"\",\"@id\":\"\"},\"headline\":\"Neuerscheinung: Interkulturalit\u00e4t, \u00dcbersetzung, Literatur\",\"datePublished\":\"2022-01-12T08:28:53+00:00\",\"dateModified\":\"2022-01-12T08:28:53+00:00\",\"mainEntityOfPage\":{\"@id\":\"https:\/\/www.uni.lu\/fhse-de\/news\/neuerscheinung-interkulturalitaet-uebersetzung-literatur\/\"},\"wordCount\":137,\"publisher\":{\"@id\":\"https:\/\/www.uni.lu\/fhse-de\/#organization\"},\"image\":{\"@id\":\"https:\/\/www.uni.lu\/fhse-de\/news\/neuerscheinung-interkulturalitaet-uebersetzung-literatur\/#primaryimage\"},\"thumbnailUrl\":\"https:\/\/www.uni.lu\/wp-content\/uploads\/sites\/15\/2022\/01\/neuerscheinung_interkulturalitaet_uebersetzung_literatur.jpg\",\"inLanguage\":\"de-DE\"},{\"@type\":\"WebPage\",\"@id\":\"https:\/\/www.uni.lu\/fhse-de\/news\/neuerscheinung-interkulturalitaet-uebersetzung-literatur\/\",\"url\":\"https:\/\/www.uni.lu\/fhse-de\/news\/neuerscheinung-interkulturalitaet-uebersetzung-literatur\/\",\"name\":\"Neuerscheinung: Interkulturalit\u00e4t, \u00dcbersetzung, Literatur - FHSE Aktualit\u00e4ten I Universit\u00e4t Luxemburg\",\"isPartOf\":{\"@id\":\"https:\/\/www.uni.lu\/fhse-de\/#website\"},\"primaryImageOfPage\":{\"@id\":\"https:\/\/www.uni.lu\/fhse-de\/news\/neuerscheinung-interkulturalitaet-uebersetzung-literatur\/#primaryimage\"},\"image\":{\"@id\":\"https:\/\/www.uni.lu\/fhse-de\/news\/neuerscheinung-interkulturalitaet-uebersetzung-literatur\/#primaryimage\"},\"thumbnailUrl\":\"https:\/\/www.uni.lu\/wp-content\/uploads\/sites\/15\/2022\/01\/neuerscheinung_interkulturalitaet_uebersetzung_literatur.jpg\",\"datePublished\":\"2022-01-12T08:28:53+00:00\",\"dateModified\":\"2022-01-12T08:28:53+00:00\",\"description\":\"Prag bildet einen Knotenpunkt der zentraleurop\u00e4ischen Moderne, der durch vielf\u00e4ltige Verflechtungen zwischen deutscher, j\u00fcdischer und tschechischer Kultur gepr\u00e4gt ist. Diese kulturellen Verflechtungen bestimmten auch die Entwicklung der Prager Literaturen um 1900.\",\"breadcrumb\":{\"@id\":\"https:\/\/www.uni.lu\/fhse-de\/news\/neuerscheinung-interkulturalitaet-uebersetzung-literatur\/#breadcrumb\"},\"inLanguage\":\"de-DE\",\"potentialAction\":[{\"@type\":\"ReadAction\",\"target\":[\"https:\/\/www.uni.lu\/fhse-de\/news\/neuerscheinung-interkulturalitaet-uebersetzung-literatur\/\"]}]},{\"@type\":\"ImageObject\",\"inLanguage\":\"de-DE\",\"@id\":\"https:\/\/www.uni.lu\/fhse-de\/news\/neuerscheinung-interkulturalitaet-uebersetzung-literatur\/#primaryimage\",\"url\":\"https:\/\/www.uni.lu\/wp-content\/uploads\/sites\/15\/2022\/01\/neuerscheinung_interkulturalitaet_uebersetzung_literatur.jpg\",\"contentUrl\":\"https:\/\/www.uni.lu\/wp-content\/uploads\/sites\/15\/2022\/01\/neuerscheinung_interkulturalitaet_uebersetzung_literatur.jpg\",\"width\":800,\"height\":600},{\"@type\":\"BreadcrumbList\",\"@id\":\"https:\/\/www.uni.lu\/fhse-de\/news\/neuerscheinung-interkulturalitaet-uebersetzung-literatur\/#breadcrumb\",\"itemListElement\":[{\"@type\":\"ListItem\",\"position\":1,\"name\":\"Home\",\"item\":\"https:\/\/www.uni.lu\/de\"},{\"@type\":\"ListItem\",\"position\":2,\"name\":\"Fakult\u00e4t f\u00fcr Geisteswissenschaften, Erziehungswissenschaften und Sozialwissenschaften\",\"item\":\"https:\/\/www.uni.lu\/fhse-de\/\"},{\"@type\":\"ListItem\",\"position\":3,\"name\":\"News\",\"item\":\"https:\/\/www.uni.lu\/fhse-de\/news\/\"},{\"@type\":\"ListItem\",\"position\":4,\"name\":\"Neuerscheinung: Interkulturalit\u00e4t, \u00dcbersetzung, Literatur\"}]},{\"@type\":\"WebSite\",\"@id\":\"https:\/\/www.uni.lu\/fhse-de\/#website\",\"url\":\"https:\/\/www.uni.lu\/fhse-de\/\",\"name\":\"FHSE\",\"description\":\"Fakult\u00e4t f\u00fcr Geisteswissenschaften, Erziehungswissenschaften und Sozialwissenschaften I Uni.lu\",\"publisher\":{\"@id\":\"https:\/\/www.uni.lu\/fhse-de\/#organization\"},\"alternateName\":\"Fakult\u00e4t f\u00fcr Geisteswissenschaften, Erziehungswissenschaften und Sozialwissenschaften I Universit\u00e4t Luxemburg\",\"potentialAction\":[{\"@type\":\"SearchAction\",\"target\":{\"@type\":\"EntryPoint\",\"urlTemplate\":\"https:\/\/www.uni.lu\/fhse-de\/?s={search_term_string}\"},\"query-input\":\"required name=search_term_string\"}],\"inLanguage\":\"de-DE\"},{\"@type\":\"Organization\",\"@id\":\"https:\/\/www.uni.lu\/fhse-de\/#organization\",\"name\":\"FHSE - Universit\u00e4t Luxemburg I Uni.lu\",\"alternateName\":\"Fakult\u00e4t f\u00fcr Geisteswissenschaften, Erziehungswissenschaften und Sozialwissenschaften\",\"url\":\"https:\/\/www.uni.lu\/fhse-de\/\",\"logo\":{\"@type\":\"ImageObject\",\"inLanguage\":\"de-DE\",\"@id\":\"https:\/\/www.uni.lu\/fhse-de\/#\/schema\/logo\/image\/\",\"url\":\"https:\/\/www.uni.lu\/wp-content\/uploads\/sites\/15\/2026\/03\/03112457\/FHSE_SM-Profile_1600x1600px-scaled.jpg\",\"contentUrl\":\"https:\/\/www.uni.lu\/wp-content\/uploads\/sites\/15\/2026\/03\/03112457\/FHSE_SM-Profile_1600x1600px-scaled.jpg\",\"width\":2560,\"height\":2560,\"caption\":\"FHSE - Universit\u00e4t Luxemburg I Uni.lu\"},\"image\":\"https:\/\/www.uni.lu\/wp-content\/uploads\/sites\/15\/2026\/04\/24144331\/20200609-Belval-Campus_Henri-Goergen-23.jpg\",\"sameAs\":[\"https:\/\/humanities.uni.lu\/\"],\"email\":\"communication@uni.lu\",\"telephone\":\"+3524666441\",\"address\":{\"@type\":\"PostalAddress\",\"streetAddress\":\"11, Porte des Sciences\",\"addressLocality\":\"Esch-sur-Alzette\",\"postalCode\":\"4365\",\"addressCountry\":\"LU\"},\"description\":\"Fakult\u00e4t f\u00fcr Geisteswissenschaften, Erziehungswissenschaften und Sozialwissenschaften I Uni.lu\"}]}<\/script>\n<!-- \/ Yoast SEO Premium plugin. -->","yoast_head_json":{"title":"Neuerscheinung: Interkulturalit\u00e4t, \u00dcbersetzung, Literatur - FHSE Aktualit\u00e4ten I Universit\u00e4t Luxemburg","description":"Prag bildet einen Knotenpunkt der zentraleurop\u00e4ischen Moderne, der durch vielf\u00e4ltige Verflechtungen zwischen deutscher, j\u00fcdischer und tschechischer Kultur gepr\u00e4gt ist. Diese kulturellen Verflechtungen bestimmten auch die Entwicklung der Prager Literaturen um 1900.","robots":{"index":"index","follow":"follow","max-snippet":"max-snippet:-1","max-image-preview":"max-image-preview:large","max-video-preview":"max-video-preview:-1"},"canonical":"https:\/\/www.uni.lu\/fhse-de\/news\/neuerscheinung-interkulturalitaet-uebersetzung-literatur\/","og_locale":"de_DE","og_type":"article","og_title":"Neuerscheinung: Interkulturalit\u00e4t, \u00dcbersetzung, Literatur","og_description":"Prag bildet einen Knotenpunkt der zentraleurop\u00e4ischen Moderne, der durch vielf\u00e4ltige Verflechtungen zwischen deutscher, j\u00fcdischer und tschechischer Kultur gepr\u00e4gt ist. Diese kulturellen Verflechtungen bestimmten auch die Entwicklung der Prager Literaturen um 1900.","og_url":"https:\/\/www.uni.lu\/fhse-de\/news\/neuerscheinung-interkulturalitaet-uebersetzung-literatur\/","og_site_name":"FHSE DE","og_image":[{"width":800,"height":600,"url":"https:\/\/www.uni.lu\/wp-content\/uploads\/sites\/15\/2022\/01\/neuerscheinung_interkulturalitaet_uebersetzung_literatur.jpg","type":"image\/jpeg"}],"twitter_card":"summary_large_image","twitter_misc":{"Gesch\u00e4tzte Lesezeit":"1 Minute"},"schema":{"@context":"https:\/\/schema.org","@graph":[{"@type":"NewsArticle","@id":"https:\/\/www.uni.lu\/fhse-de\/news\/neuerscheinung-interkulturalitaet-uebersetzung-literatur\/#article","isPartOf":{"@id":"https:\/\/www.uni.lu\/fhse-de\/news\/neuerscheinung-interkulturalitaet-uebersetzung-literatur\/"},"author":{"name":"","@id":""},"headline":"Neuerscheinung: Interkulturalit\u00e4t, \u00dcbersetzung, Literatur","datePublished":"2022-01-12T08:28:53+00:00","dateModified":"2022-01-12T08:28:53+00:00","mainEntityOfPage":{"@id":"https:\/\/www.uni.lu\/fhse-de\/news\/neuerscheinung-interkulturalitaet-uebersetzung-literatur\/"},"wordCount":137,"publisher":{"@id":"https:\/\/www.uni.lu\/fhse-de\/#organization"},"image":{"@id":"https:\/\/www.uni.lu\/fhse-de\/news\/neuerscheinung-interkulturalitaet-uebersetzung-literatur\/#primaryimage"},"thumbnailUrl":"https:\/\/www.uni.lu\/wp-content\/uploads\/sites\/15\/2022\/01\/neuerscheinung_interkulturalitaet_uebersetzung_literatur.jpg","inLanguage":"de-DE"},{"@type":"WebPage","@id":"https:\/\/www.uni.lu\/fhse-de\/news\/neuerscheinung-interkulturalitaet-uebersetzung-literatur\/","url":"https:\/\/www.uni.lu\/fhse-de\/news\/neuerscheinung-interkulturalitaet-uebersetzung-literatur\/","name":"Neuerscheinung: Interkulturalit\u00e4t, \u00dcbersetzung, Literatur - FHSE Aktualit\u00e4ten I Universit\u00e4t Luxemburg","isPartOf":{"@id":"https:\/\/www.uni.lu\/fhse-de\/#website"},"primaryImageOfPage":{"@id":"https:\/\/www.uni.lu\/fhse-de\/news\/neuerscheinung-interkulturalitaet-uebersetzung-literatur\/#primaryimage"},"image":{"@id":"https:\/\/www.uni.lu\/fhse-de\/news\/neuerscheinung-interkulturalitaet-uebersetzung-literatur\/#primaryimage"},"thumbnailUrl":"https:\/\/www.uni.lu\/wp-content\/uploads\/sites\/15\/2022\/01\/neuerscheinung_interkulturalitaet_uebersetzung_literatur.jpg","datePublished":"2022-01-12T08:28:53+00:00","dateModified":"2022-01-12T08:28:53+00:00","description":"Prag bildet einen Knotenpunkt der zentraleurop\u00e4ischen Moderne, der durch vielf\u00e4ltige Verflechtungen zwischen deutscher, j\u00fcdischer und tschechischer Kultur gepr\u00e4gt ist. Diese kulturellen Verflechtungen bestimmten auch die Entwicklung der Prager Literaturen um 1900.","breadcrumb":{"@id":"https:\/\/www.uni.lu\/fhse-de\/news\/neuerscheinung-interkulturalitaet-uebersetzung-literatur\/#breadcrumb"},"inLanguage":"de-DE","potentialAction":[{"@type":"ReadAction","target":["https:\/\/www.uni.lu\/fhse-de\/news\/neuerscheinung-interkulturalitaet-uebersetzung-literatur\/"]}]},{"@type":"ImageObject","inLanguage":"de-DE","@id":"https:\/\/www.uni.lu\/fhse-de\/news\/neuerscheinung-interkulturalitaet-uebersetzung-literatur\/#primaryimage","url":"https:\/\/www.uni.lu\/wp-content\/uploads\/sites\/15\/2022\/01\/neuerscheinung_interkulturalitaet_uebersetzung_literatur.jpg","contentUrl":"https:\/\/www.uni.lu\/wp-content\/uploads\/sites\/15\/2022\/01\/neuerscheinung_interkulturalitaet_uebersetzung_literatur.jpg","width":800,"height":600},{"@type":"BreadcrumbList","@id":"https:\/\/www.uni.lu\/fhse-de\/news\/neuerscheinung-interkulturalitaet-uebersetzung-literatur\/#breadcrumb","itemListElement":[{"@type":"ListItem","position":1,"name":"Home","item":"https:\/\/www.uni.lu\/de"},{"@type":"ListItem","position":2,"name":"Fakult\u00e4t f\u00fcr Geisteswissenschaften, Erziehungswissenschaften und Sozialwissenschaften","item":"https:\/\/www.uni.lu\/fhse-de\/"},{"@type":"ListItem","position":3,"name":"News","item":"https:\/\/www.uni.lu\/fhse-de\/news\/"},{"@type":"ListItem","position":4,"name":"Neuerscheinung: Interkulturalit\u00e4t, \u00dcbersetzung, Literatur"}]},{"@type":"WebSite","@id":"https:\/\/www.uni.lu\/fhse-de\/#website","url":"https:\/\/www.uni.lu\/fhse-de\/","name":"FHSE","description":"Fakult\u00e4t f\u00fcr Geisteswissenschaften, Erziehungswissenschaften und Sozialwissenschaften I Uni.lu","publisher":{"@id":"https:\/\/www.uni.lu\/fhse-de\/#organization"},"alternateName":"Fakult\u00e4t f\u00fcr Geisteswissenschaften, Erziehungswissenschaften und Sozialwissenschaften I Universit\u00e4t Luxemburg","potentialAction":[{"@type":"SearchAction","target":{"@type":"EntryPoint","urlTemplate":"https:\/\/www.uni.lu\/fhse-de\/?s={search_term_string}"},"query-input":"required name=search_term_string"}],"inLanguage":"de-DE"},{"@type":"Organization","@id":"https:\/\/www.uni.lu\/fhse-de\/#organization","name":"FHSE - Universit\u00e4t Luxemburg I Uni.lu","alternateName":"Fakult\u00e4t f\u00fcr Geisteswissenschaften, Erziehungswissenschaften und Sozialwissenschaften","url":"https:\/\/www.uni.lu\/fhse-de\/","logo":{"@type":"ImageObject","inLanguage":"de-DE","@id":"https:\/\/www.uni.lu\/fhse-de\/#\/schema\/logo\/image\/","url":"https:\/\/www.uni.lu\/wp-content\/uploads\/sites\/15\/2026\/03\/03112457\/FHSE_SM-Profile_1600x1600px-scaled.jpg","contentUrl":"https:\/\/www.uni.lu\/wp-content\/uploads\/sites\/15\/2026\/03\/03112457\/FHSE_SM-Profile_1600x1600px-scaled.jpg","width":2560,"height":2560,"caption":"FHSE - Universit\u00e4t Luxemburg I Uni.lu"},"image":"https:\/\/www.uni.lu\/wp-content\/uploads\/sites\/15\/2026\/04\/24144331\/20200609-Belval-Campus_Henri-Goergen-23.jpg","sameAs":["https:\/\/humanities.uni.lu\/"],"email":"communication@uni.lu","telephone":"+3524666441","address":{"@type":"PostalAddress","streetAddress":"11, Porte des Sciences","addressLocality":"Esch-sur-Alzette","postalCode":"4365","addressCountry":"LU"},"description":"Fakult\u00e4t f\u00fcr Geisteswissenschaften, Erziehungswissenschaften und Sozialwissenschaften I Uni.lu"}]}},"blog_id":15,"_links":{"self":[{"href":"https:\/\/www.uni.lu\/fhse-de\/wp-json\/wp\/v2\/news\/20"}],"collection":[{"href":"https:\/\/www.uni.lu\/fhse-de\/wp-json\/wp\/v2\/news"}],"about":[{"href":"https:\/\/www.uni.lu\/fhse-de\/wp-json\/wp\/v2\/types\/news"}],"version-history":[{"count":0,"href":"https:\/\/www.uni.lu\/fhse-de\/wp-json\/wp\/v2\/news\/20\/revisions"}],"wp:featuredmedia":[{"embeddable":true,"href":"https:\/\/www.uni.lu\/fhse-de\/wp-json\/wp\/v2\/media\/21"}],"wp:attachment":[{"href":"https:\/\/www.uni.lu\/fhse-de\/wp-json\/wp\/v2\/media?parent=20"}],"wp:term":[{"taxonomy":"news-category","embeddable":true,"href":"https:\/\/www.uni.lu\/fhse-de\/wp-json\/wp\/v2\/news-category?post=20"},{"taxonomy":"news-topic","embeddable":true,"href":"https:\/\/www.uni.lu\/fhse-de\/wp-json\/wp\/v2\/news-topic?post=20"},{"taxonomy":"organisation","embeddable":true,"href":"https:\/\/www.uni.lu\/fhse-de\/wp-json\/wp\/v2\/organisation?post=20"}],"curies":[{"name":"wp","href":"https:\/\/api.w.org\/{rel}","templated":true}]}}