{"id":1817,"date":"2025-11-25T11:37:56","date_gmt":"2025-11-25T10:37:56","guid":{"rendered":"https:\/\/www.uni.lu\/fhse-de\/?post_type=news&#038;p=1817"},"modified":"2025-11-25T11:40:13","modified_gmt":"2025-11-25T10:40:13","slug":"wie-informieren-sich-luxemburger-im-digitalen-zeitalter","status":"publish","type":"news","link":"https:\/\/www.uni.lu\/fhse-de\/news\/wie-informieren-sich-luxemburger-im-digitalen-zeitalter\/","title":{"rendered":"Wie informieren sich Luxemburger im digitalen Zeitalter?"},"content":{"rendered":"\n<section class=\"wp-block-unilux-blocks-free-section section\"><div class=\"container xl:max-w-screen-xl\">\n<div class=\"wp-block-columns is-layout-flex wp-block-columns-is-layout-flex\">\n<div class=\"wp-block-column is-layout-flow wp-block-column-is-layout-flow\" style=\"flex-basis:66.66%\">\n<p>Die Digitalisierung des Medien\u00f6kosystems, insbesondere durch digitale Plattformen und KI, ver\u00e4ndert weiterhin den Zugriff, die Verarbeitung und\u00a0Wahrnehmung\u00a0der\u00a0Menschen\u00a0auf und von\u00a0Information, wobei sich je nach Altersgruppe unterschiedliche Auswirkungen zeigen. Dies sind einige der Schlussfolgerungen des ersten\u00a0MediaLux-Berichts, der von\u00a0<a href=\"https:\/\/www.linkedin.com\/in\/rapha%C3%ABl-kies-a7995620\/\">Rapha\u00ebl Kies<\/a>\u202fund\u00a0<a href=\"https:\/\/www.linkedin.com\/in\/stephanie-lukasik-60aa1aa3\/\">Stephanie Lukasik<\/a>\u00a0von der Universit\u00e4t Luxemburg mit Unterst\u00fctzung der Abteilung f\u00fcr Medien, Konnektivit\u00e4t und digitale Politik des Staatsministeriums erstellt wurde.\u00a0\u00a0\u00a0\u00a0<\/p>\n\n\n\n<p>Jedes Jahr wird ein neuer Bericht die Ver\u00e4nderungen in den Informationspraktiken des Landes verfolgen. Im Laufe der Zeit werden diese Erkenntnisse eine wertvolle Ressource darstellen, um sicherzustellen, dass die Medienpolitik auf gesellschaftliche Ver\u00e4nderungen,\u00a0auf\u00a0die\u00a0Herausforderungen durch Falsch- und Desinformation sowie\u00a0auf\u00a0das\u00a0sich ver\u00e4nderte\u00a0Nutzerverhalten reagiert, sowohl\u00a0von\u00a0Seiten\u00a0der\u00a0politische Entscheidungstr\u00e4ger als auch f\u00fcr die\u00a0unabh\u00e4ngige Beh\u00f6rde\u00a0f\u00fcr Medien\u00a0(<em>Autorit\u00e9 luxembourgeoise ind\u00e9pendante de l&#8217;audiovisuel<\/em>,\u00a0ALIA).\u00a0<\/p>\n<\/div>\n\n\n\n<div class=\"wp-block-column is-layout-flow wp-block-column-is-layout-flow\" style=\"flex-basis:33.33%\"><section class=\"section  wp-block-unilux-blocks-button-square\">\n    \n<div class=\"wp-block-unilux-blocks-wrapper flex flex-col\">\n<h4 class=\"text-h4 max-w-[256px] text-center has-text-align-left wp-block-unilux-blocks-heading\"        id=\"medialux-bericht-2024\"\n    >\nMediaLux-Bericht 2024<\/h4>\n\n\n<a class=\"wp-block-unilux-blocks-button-highlight-square\"\n    href=\"https:\/\/medialux-project.lu\/wp-content\/uploads\/2025\/11\/Rapport-Medialux-2024-_-Rapport-sur-levolution-des-usages-mediatiques-au-Luxembourg.pdf\"\n    target=\"_self\"\n>\n    <span class=\"btn-highlight-square__container\">\n        <div class=\"btn-highlight-square__body\">\n    <svg aria-hidden=\"true\" focusable=\"false\" class=\"icon icon-outline icon--download-link icon--xl\"><use xlink:href=\"https:\/\/www.uni.lu\/wp-content\/themes\/unilux-theme\/assets\/images\/icons\/icons-outline.svg#icon--download-link\"><\/use><\/svg>    <span class=\"btn btn--dark\">\n        \n<span class=\"btn__name wp-block-unilux-blocks-plain-text\">Den Bericht einsehen<\/span>    <\/span>\n<\/div><figure class=\"wp-block-dev4-reusable-blocks-image image-bg object-fit--cover\">\n    \n<img decoding=\"async\" class=\"wp-block-image unilux-custom-image-block\"\n                alt=\"\"\n            src=\"https:\/\/www.uni.lu\/wp-content\/uploads\/sites\/2\/2025\/11\/25095241\/medialux.jpg\"\n                    style=\"object-position: 33.00% 54.00%; font-family: &quot;object-fit: cover; object-position: 33.00% 54.00%;&quot;; aspect-ratio: 3\/4; object-fit: cover; width: 100%;\"\n        loading=\"lazy\"\n\/>    <\/figure>    <\/span>\n<\/a><\/div>\n<\/section><\/div>\n<\/div>\n\n\n<div class=\"py-48 first:pt-0 last:pb-0 wp-block-unilux-blocks-people-list\">\n    \n<h3 class=\"has-text-align-left wp-block-unilux-blocks-heading\"        id=\"die-autoren-des-medialux-berichts\"\n    >\nDie Autoren des MediaLux-Berichts<\/h3>\n<ul class=\"flex flex-wrap -mx-16 wp-block-unilux-blocks-people-item-wrapper\">\n    <li class=\"w-full md:w-1\/2 p-16 wp-block-unilux-blocks-people-item-automated\"><div class=\"ulux-card card-people bg-theme\"><div class=\"list-people bg-theme\">\n    <div class=\"list-people__container\">\n        <div class=\"list-people__visual\">\n            <figure class=\"wp-block-dev4-reusable-blocks-image\">\n                <!-- Template Image Component: default -->\n<img decoding=\"async\" class=\"w-full\" width=\"\" height=\"\" rel=\"\" alt=\"Dr. Rapha\u00ebl KIES\" src=\"https:\/\/www.uni.lu\/en\/person-image\/NTAwMDg4MTZfX1JhcGhhw6tsIEtJRVM=\" srcset=\"https:\/\/www.uni.lu\/en\/person-image\/NTAwMDg4MTZfX1JhcGhhw6tsIEtJRVM=--thumbnail 150w,https:\/\/www.uni.lu\/en\/person-image\/NTAwMDg4MTZfX1JhcGhhw6tsIEtJRVM=--medium 300w,https:\/\/www.uni.lu\/en\/person-image\/NTAwMDg4MTZfX1JhcGhhw6tsIEtJRVM=--medium_large 768w,https:\/\/www.uni.lu\/en\/person-image\/NTAwMDg4MTZfX1JhcGhhw6tsIEtJRVM=--large 1024w,https:\/\/www.uni.lu\/en\/person-image\/NTAwMDg4MTZfX1JhcGhhw6tsIEtJRVM=--1536x1536 1536w,https:\/\/www.uni.lu\/en\/person-image\/NTAwMDg4MTZfX1JhcGhhw6tsIEtJRVM=--2048x2048 2048w\" loading=\"lazy\" \/><!-- end Image Component -->\n            <\/figure>\n        <\/div>\n        <div class=\"list-people__body\">\n            <h3 class=\"list-people__title\">Dr. Rapha\u00ebl KIES<\/h3>\n            <p class=\"list-people__description\">Research scientist<\/p>\n            <div class=\"wp-block-unilux-blocks-simple-cta wp-block-unilux-blocks-people-item-automated\">\n    <a\n        href=\"https:\/\/www.uni.lu\/fhse-en\/people\/raphael-kies\/\"\n        title=\"Dr. Rapha\u00ebl KIES\"\n        class=\"link-text link-text--icon list-people__link link-absolute\"\n        target=\"\"\n    >\n        <span class=\"link-text__body\">\n            <span class=\"link-text__name\">Profil anzeigen<\/span>\n        <\/span>\n        <svg aria-hidden=\"true\" focusable=\"false\" class=\"icon icon-outline icon--arrow-right \"><use xlink:href=\"https:\/\/www.uni.lu\/wp-content\/themes\/unilux-theme\/assets\/images\/icons\/icons-outline.svg#icon--arrow-right\"><\/use><\/svg>    <\/a>\n<\/div>\n        <\/div>\n    <\/div>\n<\/div>\n<\/div><\/li><li class=\"w-full md:w-1\/2 p-16 wp-block-unilux-blocks-people-item-automated\"><div class=\"ulux-card card-people bg-theme\"><div class=\"list-people bg-theme\">\n    <div class=\"list-people__container\">\n        <div class=\"list-people__visual\">\n            <figure class=\"wp-block-dev4-reusable-blocks-image\">\n                <!-- Template Image Component: default -->\n<img decoding=\"async\" class=\"w-full\" width=\"\" height=\"\" rel=\"\" alt=\"Dr. St\u00e9phanie LUKASIK\" src=\"https:\/\/www.uni.lu\/en\/person-image\/NTAwNjMwNzJfX1N0w6lwaGFuaWUgTFVLQVNJSw==\" srcset=\"https:\/\/www.uni.lu\/en\/person-image\/NTAwNjMwNzJfX1N0w6lwaGFuaWUgTFVLQVNJSw==--thumbnail 150w,https:\/\/www.uni.lu\/en\/person-image\/NTAwNjMwNzJfX1N0w6lwaGFuaWUgTFVLQVNJSw==--medium 300w,https:\/\/www.uni.lu\/en\/person-image\/NTAwNjMwNzJfX1N0w6lwaGFuaWUgTFVLQVNJSw==--medium_large 768w,https:\/\/www.uni.lu\/en\/person-image\/NTAwNjMwNzJfX1N0w6lwaGFuaWUgTFVLQVNJSw==--large 1024w,https:\/\/www.uni.lu\/en\/person-image\/NTAwNjMwNzJfX1N0w6lwaGFuaWUgTFVLQVNJSw==--1536x1536 1536w,https:\/\/www.uni.lu\/en\/person-image\/NTAwNjMwNzJfX1N0w6lwaGFuaWUgTFVLQVNJSw==--2048x2048 2048w\" loading=\"lazy\" \/><!-- end Image Component -->\n            <\/figure>\n        <\/div>\n        <div class=\"list-people__body\">\n            <h3 class=\"list-people__title\">Dr. St\u00e9phanie LUKASIK<\/h3>\n            <p class=\"list-people__description\">Postdoctoral researcher<\/p>\n            <div class=\"wp-block-unilux-blocks-simple-cta wp-block-unilux-blocks-people-item-automated\">\n    <a\n        href=\"https:\/\/www.uni.lu\/fhse-en\/people\/stephanie-lukasik\/\"\n        title=\"Dr. St\u00e9phanie LUKASIK\"\n        class=\"link-text link-text--icon list-people__link link-absolute\"\n        target=\"\"\n    >\n        <span class=\"link-text__body\">\n            <span class=\"link-text__name\">Profil anzeigen<\/span>\n        <\/span>\n        <svg aria-hidden=\"true\" focusable=\"false\" class=\"icon icon-outline icon--arrow-right \"><use xlink:href=\"https:\/\/www.uni.lu\/wp-content\/themes\/unilux-theme\/assets\/images\/icons\/icons-outline.svg#icon--arrow-right\"><\/use><\/svg>    <\/a>\n<\/div>\n        <\/div>\n    <\/div>\n<\/div>\n<\/div><\/li><\/ul>\n\n<\/div>\n\n\n\n\n<ul class=\"wp-block-unilux-blocks-button-list-v2\">\n<li class=\"wp-block-unilux-blocks-button-list-item-v2\"><a class=\"quick-link\" href=\"https:\/\/www.uni.lu\/fhse-fr\/news\/comment-les-luxembourgeois-s-informent-ils-a-l-ere-de-la-digitalisation\/\" target=\"\" role=\"link\" rel=\"noopener\" tabindex=\"0\"><span class=\"quick-link__container\">\n<div class=\"wp-block-unilux-blocks-block-inserter quick-link__img\">\n<div class=\"icon--primary icon--secondary-2  wp-block-unilux-blocks-icon-picker\">\n    <svg aria-hidden=\"true\" focusable=\"false\" class=\"icon icon-outline icon--news \"><use xlink:href=\"https:\/\/www.uni.lu\/wp-content\/themes\/unilux-theme\/assets\/images\/icons\/icons-outline.svg#icon--news\"><\/use><\/svg><\/div><\/div>\n\n\n\n<span class=\"quick-link__name wp-block-unilux-blocks-plain-text\">Die Zusammenfassung finden Sie auf Franz\u00f6sisch<\/span>\n\n<svg aria-hidden=\"true\" focusable=\"false\" class=\"icon icon-outline icon--arrow-right \"><use xlink:href=\"https:\/\/www.uni.lu\/wp-content\/themes\/unilux-theme\/assets\/images\/icons\/icons-outline.svg#icon--arrow-right\"><\/use><\/svg><\/span><\/a><\/li>\n<\/ul>\n<\/div><\/section>\n","protected":false},"excerpt":{"rendered":"","protected":false},"author":341,"featured_media":1821,"template":"","format":"standard","meta":{"featured_image_focal_point":[],"show_featured_caption":false,"ulux_newsletter_groups":"","uluxPostTitle":"","uluxPrePostTitle":"","_trash_the_other_posts":false,"_price":"","_stock":"","_tribe_ticket_header":"","_tribe_default_ticket_provider":"","_tribe_ticket_capacity":"0","_ticket_start_date":"","_ticket_end_date":"","_tribe_ticket_show_description":"","_tribe_ticket_show_not_going":false,"_tribe_ticket_use_global_stock":"","_tribe_ticket_global_stock_level":"","_global_stock_mode":"","_global_stock_cap":"","_tribe_rsvp_for_event":"","_tribe_ticket_going_count":"","_tribe_ticket_not_going_count":"","_tribe_tickets_list":"[]","_tribe_ticket_has_attendee_info_fields":false},"news-category":[3],"news-topic":[],"organisation":[146],"authorship":[341],"acf":[],"yoast_head":"<!-- This site is optimized with the Yoast SEO Premium plugin v22.3 (Yoast SEO v22.3) - https:\/\/yoast.com\/wordpress\/plugins\/seo\/ -->\n<title>Wie informieren sich Luxemburger im digitalen Zeitalter? - FHSE Aktualit\u00e4ten I Universit\u00e4t Luxemburg<\/title>\n<meta name=\"description\" content=\"Die Digitalisierung des Medien\u00f6kosystems, insbesondere durch digitale Plattformen und KI, ver\u00e4ndert weiterhin den Zugriff, die Verarbeitung\" \/>\n<meta name=\"robots\" content=\"index, follow, max-snippet:-1, max-image-preview:large, max-video-preview:-1\" \/>\n<link rel=\"canonical\" href=\"https:\/\/www.uni.lu\/fhse-de\/news\/wie-informieren-sich-luxemburger-im-digitalen-zeitalter\/\" \/>\n<meta property=\"og:locale\" content=\"de_DE\" \/>\n<meta property=\"og:type\" content=\"article\" \/>\n<meta property=\"og:title\" content=\"Wie informieren sich Luxemburger im digitalen Zeitalter?\" \/>\n<meta property=\"og:description\" content=\"Die Digitalisierung des Medien\u00f6kosystems, insbesondere durch digitale Plattformen und KI, ver\u00e4ndert weiterhin den Zugriff, die Verarbeitung\" \/>\n<meta property=\"og:url\" content=\"https:\/\/www.uni.lu\/fhse-de\/news\/wie-informieren-sich-luxemburger-im-digitalen-zeitalter\/\" \/>\n<meta property=\"og:site_name\" content=\"FHSE DE\" \/>\n<meta property=\"article:modified_time\" content=\"2025-11-25T10:40:13+00:00\" \/>\n<meta property=\"og:image\" content=\"https:\/\/www.uni.lu\/wp-content\/uploads\/sites\/15\/2025\/11\/25113911\/nigerian-father-with-his-phoen-sitting-at-the-tabl-2025-04-04-19-55-13-utc-scaled.jpg\" \/>\n\t<meta property=\"og:image:width\" content=\"2560\" \/>\n\t<meta property=\"og:image:height\" content=\"1707\" \/>\n\t<meta property=\"og:image:type\" content=\"image\/jpeg\" \/>\n<meta name=\"twitter:card\" content=\"summary_large_image\" \/>\n<meta name=\"twitter:label1\" content=\"Gesch\u00e4tzte Lesezeit\" \/>\n\t<meta name=\"twitter:data1\" content=\"1 Minute\" \/>\n<script type=\"application\/ld+json\" class=\"yoast-schema-graph\">{\"@context\":\"https:\/\/schema.org\",\"@graph\":[{\"@type\":\"NewsArticle\",\"@id\":\"https:\/\/www.uni.lu\/fhse-de\/news\/wie-informieren-sich-luxemburger-im-digitalen-zeitalter\/#article\",\"isPartOf\":{\"@id\":\"https:\/\/www.uni.lu\/fhse-de\/news\/wie-informieren-sich-luxemburger-im-digitalen-zeitalter\/\"},\"author\":{\"name\":\"Catherine Clesse\",\"@id\":\"https:\/\/www.uni.lu\/fhse-de\/#\/schema\/person\/67d3defa53981502bf9cddb74a850c08\"},\"headline\":\"Wie informieren sich Luxemburger im digitalen Zeitalter?\",\"datePublished\":\"2025-11-25T10:37:56+00:00\",\"dateModified\":\"2025-11-25T10:40:13+00:00\",\"mainEntityOfPage\":{\"@id\":\"https:\/\/www.uni.lu\/fhse-de\/news\/wie-informieren-sich-luxemburger-im-digitalen-zeitalter\/\"},\"wordCount\":156,\"publisher\":{\"@id\":\"https:\/\/www.uni.lu\/fhse-de\/#organization\"},\"image\":{\"@id\":\"https:\/\/www.uni.lu\/fhse-de\/news\/wie-informieren-sich-luxemburger-im-digitalen-zeitalter\/#primaryimage\"},\"thumbnailUrl\":\"https:\/\/www.uni.lu\/wp-content\/uploads\/sites\/15\/2025\/11\/25113911\/nigerian-father-with-his-phoen-sitting-at-the-tabl-2025-04-04-19-55-13-utc-scaled.jpg\",\"inLanguage\":\"de-DE\"},{\"@type\":\"WebPage\",\"@id\":\"https:\/\/www.uni.lu\/fhse-de\/news\/wie-informieren-sich-luxemburger-im-digitalen-zeitalter\/\",\"url\":\"https:\/\/www.uni.lu\/fhse-de\/news\/wie-informieren-sich-luxemburger-im-digitalen-zeitalter\/\",\"name\":\"Wie informieren sich Luxemburger im digitalen Zeitalter? - FHSE Aktualit\u00e4ten I Universit\u00e4t Luxemburg\",\"isPartOf\":{\"@id\":\"https:\/\/www.uni.lu\/fhse-de\/#website\"},\"primaryImageOfPage\":{\"@id\":\"https:\/\/www.uni.lu\/fhse-de\/news\/wie-informieren-sich-luxemburger-im-digitalen-zeitalter\/#primaryimage\"},\"image\":{\"@id\":\"https:\/\/www.uni.lu\/fhse-de\/news\/wie-informieren-sich-luxemburger-im-digitalen-zeitalter\/#primaryimage\"},\"thumbnailUrl\":\"https:\/\/www.uni.lu\/wp-content\/uploads\/sites\/15\/2025\/11\/25113911\/nigerian-father-with-his-phoen-sitting-at-the-tabl-2025-04-04-19-55-13-utc-scaled.jpg\",\"datePublished\":\"2025-11-25T10:37:56+00:00\",\"dateModified\":\"2025-11-25T10:40:13+00:00\",\"description\":\"Die Digitalisierung des Medien\u00f6kosystems, insbesondere durch digitale Plattformen und KI, ver\u00e4ndert weiterhin den Zugriff, die Verarbeitung\",\"breadcrumb\":{\"@id\":\"https:\/\/www.uni.lu\/fhse-de\/news\/wie-informieren-sich-luxemburger-im-digitalen-zeitalter\/#breadcrumb\"},\"inLanguage\":\"de-DE\",\"potentialAction\":[{\"@type\":\"ReadAction\",\"target\":[\"https:\/\/www.uni.lu\/fhse-de\/news\/wie-informieren-sich-luxemburger-im-digitalen-zeitalter\/\"]}]},{\"@type\":\"ImageObject\",\"inLanguage\":\"de-DE\",\"@id\":\"https:\/\/www.uni.lu\/fhse-de\/news\/wie-informieren-sich-luxemburger-im-digitalen-zeitalter\/#primaryimage\",\"url\":\"https:\/\/www.uni.lu\/wp-content\/uploads\/sites\/15\/2025\/11\/25113911\/nigerian-father-with-his-phoen-sitting-at-the-tabl-2025-04-04-19-55-13-utc-scaled.jpg\",\"contentUrl\":\"https:\/\/www.uni.lu\/wp-content\/uploads\/sites\/15\/2025\/11\/25113911\/nigerian-father-with-his-phoen-sitting-at-the-tabl-2025-04-04-19-55-13-utc-scaled.jpg\",\"width\":2560,\"height\":1707,\"caption\":\"Nigerian father with his phoen sitting at the table\"},{\"@type\":\"BreadcrumbList\",\"@id\":\"https:\/\/www.uni.lu\/fhse-de\/news\/wie-informieren-sich-luxemburger-im-digitalen-zeitalter\/#breadcrumb\",\"itemListElement\":[{\"@type\":\"ListItem\",\"position\":1,\"name\":\"Home\",\"item\":\"https:\/\/www.uni.lu\/de\"},{\"@type\":\"ListItem\",\"position\":2,\"name\":\"Fakult\u00e4t f\u00fcr Geisteswissenschaften, Erziehungswissenschaften und Sozialwissenschaften\",\"item\":\"https:\/\/www.uni.lu\/fhse-de\/\"},{\"@type\":\"ListItem\",\"position\":3,\"name\":\"News\",\"item\":\"https:\/\/www.uni.lu\/fhse-de\/news\/\"},{\"@type\":\"ListItem\",\"position\":4,\"name\":\"Wie informieren sich Luxemburger im digitalen Zeitalter?\"}]},{\"@type\":\"WebSite\",\"@id\":\"https:\/\/www.uni.lu\/fhse-de\/#website\",\"url\":\"https:\/\/www.uni.lu\/fhse-de\/\",\"name\":\"FHSE\",\"description\":\"Fakult\u00e4t f\u00fcr Geisteswissenschaften, Erziehungswissenschaften und Sozialwissenschaften I Uni.lu\",\"publisher\":{\"@id\":\"https:\/\/www.uni.lu\/fhse-de\/#organization\"},\"alternateName\":\"Fakult\u00e4t f\u00fcr Geisteswissenschaften, Erziehungswissenschaften und Sozialwissenschaften I Universit\u00e4t Luxemburg\",\"potentialAction\":[{\"@type\":\"SearchAction\",\"target\":{\"@type\":\"EntryPoint\",\"urlTemplate\":\"https:\/\/www.uni.lu\/fhse-de\/?s={search_term_string}\"},\"query-input\":\"required name=search_term_string\"}],\"inLanguage\":\"de-DE\"},{\"@type\":\"Organization\",\"@id\":\"https:\/\/www.uni.lu\/fhse-de\/#organization\",\"name\":\"FHSE - Universit\u00e4t Luxemburg I Uni.lu\",\"alternateName\":\"Fakult\u00e4t f\u00fcr Geisteswissenschaften, Erziehungswissenschaften und Sozialwissenschaften\",\"url\":\"https:\/\/www.uni.lu\/fhse-de\/\",\"logo\":{\"@type\":\"ImageObject\",\"inLanguage\":\"de-DE\",\"@id\":\"https:\/\/www.uni.lu\/fhse-de\/#\/schema\/logo\/image\/\",\"url\":\"https:\/\/www.uni.lu\/wp-content\/uploads\/sites\/15\/2026\/03\/03112457\/FHSE_SM-Profile_1600x1600px-scaled.jpg\",\"contentUrl\":\"https:\/\/www.uni.lu\/wp-content\/uploads\/sites\/15\/2026\/03\/03112457\/FHSE_SM-Profile_1600x1600px-scaled.jpg\",\"width\":2560,\"height\":2560,\"caption\":\"FHSE - Universit\u00e4t Luxemburg I Uni.lu\"},\"image\":\"https:\/\/www.uni.lu\/wp-content\/uploads\/sites\/15\/2026\/04\/24144331\/20200609-Belval-Campus_Henri-Goergen-23.jpg\",\"sameAs\":[\"https:\/\/humanities.uni.lu\/\"],\"email\":\"communication@uni.lu\",\"telephone\":\"+3524666441\",\"address\":{\"@type\":\"PostalAddress\",\"streetAddress\":\"11, Porte des Sciences\",\"addressLocality\":\"Esch-sur-Alzette\",\"postalCode\":\"4365\",\"addressCountry\":\"LU\"},\"description\":\"Fakult\u00e4t f\u00fcr Geisteswissenschaften, Erziehungswissenschaften und Sozialwissenschaften I Uni.lu\"},{\"@type\":\"Person\",\"@id\":\"https:\/\/www.uni.lu\/fhse-de\/#\/schema\/person\/67d3defa53981502bf9cddb74a850c08\",\"name\":\"Catherine Clesse\",\"image\":{\"@type\":\"ImageObject\",\"inLanguage\":\"de-DE\",\"@id\":\"https:\/\/www.uni.lu\/fhse-de\/#\/schema\/person\/image\/\",\"url\":\"https:\/\/secure.gravatar.com\/avatar\/6a2e15a24f9036a6aee8753304e46c2d?s=96&d=mm&r=g\",\"contentUrl\":\"https:\/\/secure.gravatar.com\/avatar\/6a2e15a24f9036a6aee8753304e46c2d?s=96&d=mm&r=g\",\"caption\":\"Catherine Clesse\"}}]}<\/script>\n<!-- \/ Yoast SEO Premium plugin. -->","yoast_head_json":{"title":"Wie informieren sich Luxemburger im digitalen Zeitalter? - FHSE Aktualit\u00e4ten I Universit\u00e4t Luxemburg","description":"Die Digitalisierung des Medien\u00f6kosystems, insbesondere durch digitale Plattformen und KI, ver\u00e4ndert weiterhin den Zugriff, die Verarbeitung","robots":{"index":"index","follow":"follow","max-snippet":"max-snippet:-1","max-image-preview":"max-image-preview:large","max-video-preview":"max-video-preview:-1"},"canonical":"https:\/\/www.uni.lu\/fhse-de\/news\/wie-informieren-sich-luxemburger-im-digitalen-zeitalter\/","og_locale":"de_DE","og_type":"article","og_title":"Wie informieren sich Luxemburger im digitalen Zeitalter?","og_description":"Die Digitalisierung des Medien\u00f6kosystems, insbesondere durch digitale Plattformen und KI, ver\u00e4ndert weiterhin den Zugriff, die Verarbeitung","og_url":"https:\/\/www.uni.lu\/fhse-de\/news\/wie-informieren-sich-luxemburger-im-digitalen-zeitalter\/","og_site_name":"FHSE DE","article_modified_time":"2025-11-25T10:40:13+00:00","og_image":[{"width":2560,"height":1707,"url":"https:\/\/www.uni.lu\/wp-content\/uploads\/sites\/15\/2025\/11\/25113911\/nigerian-father-with-his-phoen-sitting-at-the-tabl-2025-04-04-19-55-13-utc-scaled.jpg","type":"image\/jpeg"}],"twitter_card":"summary_large_image","twitter_misc":{"Gesch\u00e4tzte Lesezeit":"1 Minute"},"schema":{"@context":"https:\/\/schema.org","@graph":[{"@type":"NewsArticle","@id":"https:\/\/www.uni.lu\/fhse-de\/news\/wie-informieren-sich-luxemburger-im-digitalen-zeitalter\/#article","isPartOf":{"@id":"https:\/\/www.uni.lu\/fhse-de\/news\/wie-informieren-sich-luxemburger-im-digitalen-zeitalter\/"},"author":{"name":"Catherine Clesse","@id":"https:\/\/www.uni.lu\/fhse-de\/#\/schema\/person\/67d3defa53981502bf9cddb74a850c08"},"headline":"Wie informieren sich Luxemburger im digitalen Zeitalter?","datePublished":"2025-11-25T10:37:56+00:00","dateModified":"2025-11-25T10:40:13+00:00","mainEntityOfPage":{"@id":"https:\/\/www.uni.lu\/fhse-de\/news\/wie-informieren-sich-luxemburger-im-digitalen-zeitalter\/"},"wordCount":156,"publisher":{"@id":"https:\/\/www.uni.lu\/fhse-de\/#organization"},"image":{"@id":"https:\/\/www.uni.lu\/fhse-de\/news\/wie-informieren-sich-luxemburger-im-digitalen-zeitalter\/#primaryimage"},"thumbnailUrl":"https:\/\/www.uni.lu\/wp-content\/uploads\/sites\/15\/2025\/11\/25113911\/nigerian-father-with-his-phoen-sitting-at-the-tabl-2025-04-04-19-55-13-utc-scaled.jpg","inLanguage":"de-DE"},{"@type":"WebPage","@id":"https:\/\/www.uni.lu\/fhse-de\/news\/wie-informieren-sich-luxemburger-im-digitalen-zeitalter\/","url":"https:\/\/www.uni.lu\/fhse-de\/news\/wie-informieren-sich-luxemburger-im-digitalen-zeitalter\/","name":"Wie informieren sich Luxemburger im digitalen Zeitalter? - FHSE Aktualit\u00e4ten I Universit\u00e4t Luxemburg","isPartOf":{"@id":"https:\/\/www.uni.lu\/fhse-de\/#website"},"primaryImageOfPage":{"@id":"https:\/\/www.uni.lu\/fhse-de\/news\/wie-informieren-sich-luxemburger-im-digitalen-zeitalter\/#primaryimage"},"image":{"@id":"https:\/\/www.uni.lu\/fhse-de\/news\/wie-informieren-sich-luxemburger-im-digitalen-zeitalter\/#primaryimage"},"thumbnailUrl":"https:\/\/www.uni.lu\/wp-content\/uploads\/sites\/15\/2025\/11\/25113911\/nigerian-father-with-his-phoen-sitting-at-the-tabl-2025-04-04-19-55-13-utc-scaled.jpg","datePublished":"2025-11-25T10:37:56+00:00","dateModified":"2025-11-25T10:40:13+00:00","description":"Die Digitalisierung des Medien\u00f6kosystems, insbesondere durch digitale Plattformen und KI, ver\u00e4ndert weiterhin den Zugriff, die Verarbeitung","breadcrumb":{"@id":"https:\/\/www.uni.lu\/fhse-de\/news\/wie-informieren-sich-luxemburger-im-digitalen-zeitalter\/#breadcrumb"},"inLanguage":"de-DE","potentialAction":[{"@type":"ReadAction","target":["https:\/\/www.uni.lu\/fhse-de\/news\/wie-informieren-sich-luxemburger-im-digitalen-zeitalter\/"]}]},{"@type":"ImageObject","inLanguage":"de-DE","@id":"https:\/\/www.uni.lu\/fhse-de\/news\/wie-informieren-sich-luxemburger-im-digitalen-zeitalter\/#primaryimage","url":"https:\/\/www.uni.lu\/wp-content\/uploads\/sites\/15\/2025\/11\/25113911\/nigerian-father-with-his-phoen-sitting-at-the-tabl-2025-04-04-19-55-13-utc-scaled.jpg","contentUrl":"https:\/\/www.uni.lu\/wp-content\/uploads\/sites\/15\/2025\/11\/25113911\/nigerian-father-with-his-phoen-sitting-at-the-tabl-2025-04-04-19-55-13-utc-scaled.jpg","width":2560,"height":1707,"caption":"Nigerian father with his phoen sitting at the table"},{"@type":"BreadcrumbList","@id":"https:\/\/www.uni.lu\/fhse-de\/news\/wie-informieren-sich-luxemburger-im-digitalen-zeitalter\/#breadcrumb","itemListElement":[{"@type":"ListItem","position":1,"name":"Home","item":"https:\/\/www.uni.lu\/de"},{"@type":"ListItem","position":2,"name":"Fakult\u00e4t f\u00fcr Geisteswissenschaften, Erziehungswissenschaften und Sozialwissenschaften","item":"https:\/\/www.uni.lu\/fhse-de\/"},{"@type":"ListItem","position":3,"name":"News","item":"https:\/\/www.uni.lu\/fhse-de\/news\/"},{"@type":"ListItem","position":4,"name":"Wie informieren sich Luxemburger im digitalen Zeitalter?"}]},{"@type":"WebSite","@id":"https:\/\/www.uni.lu\/fhse-de\/#website","url":"https:\/\/www.uni.lu\/fhse-de\/","name":"FHSE","description":"Fakult\u00e4t f\u00fcr Geisteswissenschaften, Erziehungswissenschaften und Sozialwissenschaften I Uni.lu","publisher":{"@id":"https:\/\/www.uni.lu\/fhse-de\/#organization"},"alternateName":"Fakult\u00e4t f\u00fcr Geisteswissenschaften, Erziehungswissenschaften und Sozialwissenschaften I Universit\u00e4t Luxemburg","potentialAction":[{"@type":"SearchAction","target":{"@type":"EntryPoint","urlTemplate":"https:\/\/www.uni.lu\/fhse-de\/?s={search_term_string}"},"query-input":"required name=search_term_string"}],"inLanguage":"de-DE"},{"@type":"Organization","@id":"https:\/\/www.uni.lu\/fhse-de\/#organization","name":"FHSE - Universit\u00e4t Luxemburg I Uni.lu","alternateName":"Fakult\u00e4t f\u00fcr Geisteswissenschaften, Erziehungswissenschaften und Sozialwissenschaften","url":"https:\/\/www.uni.lu\/fhse-de\/","logo":{"@type":"ImageObject","inLanguage":"de-DE","@id":"https:\/\/www.uni.lu\/fhse-de\/#\/schema\/logo\/image\/","url":"https:\/\/www.uni.lu\/wp-content\/uploads\/sites\/15\/2026\/03\/03112457\/FHSE_SM-Profile_1600x1600px-scaled.jpg","contentUrl":"https:\/\/www.uni.lu\/wp-content\/uploads\/sites\/15\/2026\/03\/03112457\/FHSE_SM-Profile_1600x1600px-scaled.jpg","width":2560,"height":2560,"caption":"FHSE - Universit\u00e4t Luxemburg I Uni.lu"},"image":"https:\/\/www.uni.lu\/wp-content\/uploads\/sites\/15\/2026\/04\/24144331\/20200609-Belval-Campus_Henri-Goergen-23.jpg","sameAs":["https:\/\/humanities.uni.lu\/"],"email":"communication@uni.lu","telephone":"+3524666441","address":{"@type":"PostalAddress","streetAddress":"11, Porte des Sciences","addressLocality":"Esch-sur-Alzette","postalCode":"4365","addressCountry":"LU"},"description":"Fakult\u00e4t f\u00fcr Geisteswissenschaften, Erziehungswissenschaften und Sozialwissenschaften I Uni.lu"},{"@type":"Person","@id":"https:\/\/www.uni.lu\/fhse-de\/#\/schema\/person\/67d3defa53981502bf9cddb74a850c08","name":"Catherine Clesse","image":{"@type":"ImageObject","inLanguage":"de-DE","@id":"https:\/\/www.uni.lu\/fhse-de\/#\/schema\/person\/image\/","url":"https:\/\/secure.gravatar.com\/avatar\/6a2e15a24f9036a6aee8753304e46c2d?s=96&d=mm&r=g","contentUrl":"https:\/\/secure.gravatar.com\/avatar\/6a2e15a24f9036a6aee8753304e46c2d?s=96&d=mm&r=g","caption":"Catherine Clesse"}}]}},"blog_id":15,"_links":{"self":[{"href":"https:\/\/www.uni.lu\/fhse-de\/wp-json\/wp\/v2\/news\/1817"}],"collection":[{"href":"https:\/\/www.uni.lu\/fhse-de\/wp-json\/wp\/v2\/news"}],"about":[{"href":"https:\/\/www.uni.lu\/fhse-de\/wp-json\/wp\/v2\/types\/news"}],"author":[{"embeddable":true,"href":"https:\/\/www.uni.lu\/fhse-de\/wp-json\/wp\/v2\/users\/341"}],"version-history":[{"count":2,"href":"https:\/\/www.uni.lu\/fhse-de\/wp-json\/wp\/v2\/news\/1817\/revisions"}],"predecessor-version":[{"id":1819,"href":"https:\/\/www.uni.lu\/fhse-de\/wp-json\/wp\/v2\/news\/1817\/revisions\/1819"}],"wp:authorship":[{"embeddable":true,"href":"https:\/\/www.uni.lu\/fhse-de\/wp-json\/wp\/v2\/users\/341"}],"wp:featuredmedia":[{"embeddable":true,"href":"https:\/\/www.uni.lu\/fhse-de\/wp-json\/wp\/v2\/media\/1821"}],"wp:attachment":[{"href":"https:\/\/www.uni.lu\/fhse-de\/wp-json\/wp\/v2\/media?parent=1817"}],"wp:term":[{"taxonomy":"news-category","embeddable":true,"href":"https:\/\/www.uni.lu\/fhse-de\/wp-json\/wp\/v2\/news-category?post=1817"},{"taxonomy":"news-topic","embeddable":true,"href":"https:\/\/www.uni.lu\/fhse-de\/wp-json\/wp\/v2\/news-topic?post=1817"},{"taxonomy":"organisation","embeddable":true,"href":"https:\/\/www.uni.lu\/fhse-de\/wp-json\/wp\/v2\/organisation?post=1817"}],"curies":[{"name":"wp","href":"https:\/\/api.w.org\/{rel}","templated":true}]}}