{"id":1571,"date":"2025-04-03T11:06:40","date_gmt":"2025-04-03T09:06:40","guid":{"rendered":"https:\/\/www.uni.lu\/fhse-de\/?post_type=news&#038;p=1571"},"modified":"2025-04-03T11:11:53","modified_gmt":"2025-04-03T09:11:53","slug":"kann-die-jugend-die-demokratie-retten","status":"publish","type":"news","link":"https:\/\/www.uni.lu\/fhse-de\/news\/kann-die-jugend-die-demokratie-retten\/","title":{"rendered":"Kann die Jugend die Demokratie retten?"},"content":{"rendered":"\n<section class=\"wp-block-unilux-blocks-free-section section\"><div class=\"container xl:max-w-screen-xl\">\n<p>In einer Zeit, in der digitale Fehlinformationen und technologische Umbr\u00fcche die Grundlagen unserer Demokratien auf die Probe stellen, k\u00f6nnte ausgerechnet die junge Generation zum Rettungsanker werden. Dies war der rote Faden, der sich durch die Konferenz &#8222;Digital Democracy &amp; Youth in the Digital Age&#8220; (Digitale Demokratie &amp; Jugend im digitalen Zeitalter) zog. Die Veranstaltung, ausgerichtet von der Universit\u00e4t Luxemburg im Rahmen der luxemburgischen Pr\u00e4sidentschaft des Ministerkomitees des Europarates, brachte 40 internationale Fachleute an einen Tisch.<br>Im Mittelpunkt der Diskussionen stand die Frage, wie das Potenzial der Jugend f\u00fcr die demokratische Zukunft genutzt werden kann. Dabei setzten die Experten gro\u00dfe Hoffnungen auf eine Neugestaltung der staatsb\u00fcrgerlichen Bildung und der sinnvolle Einsatz von digitalen Werkzeugen \u2013 jene Technologien also, die einerseits die Demokratie bedrohen, andererseits aber auch zu ihrer Erneuerung beitragen k\u00f6nnten.<\/p>\n\n\n\n<ul class=\"wp-block-unilux-blocks-custom-buttons btn-list justify-start\"><li class=\"wp-block-unilux-blocks-custom-button\"    aria-disabled=\"false\"\n    >\n    <a\n        role=\"link\"\n        aria-disabled=\"false\"\n                    href=\"https:\/\/www.uni.lu\/fhse-en\/news\/can-we-save-democracy-through-youth\/\"\n                target=\"_self\"\n        class=\"btn btn--primary\"\n            >Den ganzen Beitrag auf Englisch lesen<\/a>\n<\/li>\n<\/ul>\n\n\n<div class=\"wp-block-unilux-blocks-spacer is-spacer-size-sm\"><\/div>\n\n\n<section class=\"alignfull wp-block-unilux-blocks-gallery-carousel\">\n    <div class=\"swiper swiper-gallery\" aria-roledescription=\"carousel\" aria-label=\"A gallery of images\">\n        <!-- Swiper button Next & Prev -->\n        <div class=\"swiper-nav\">\n            <div class=\"swiper-nav__container\">\n                <div class=\"swiper-nav__grid\">\n                    <button type=\"button\" class=\"swiper-button-next\">\n                        <svg aria-hidden=\"true\" focusable=\"false\" class=\"icon icon-outline icon--arrow-right \"><use xlink:href=\"https:\/\/www.uni.lu\/wp-content\/themes\/unilux-theme\/assets\/images\/icons\/icons-outline.svg#icon--arrow-right\"><\/use><\/svg>                    <\/button>\n                    <button type=\"button\" class=\"swiper-button-prev\">\n                        <svg aria-hidden=\"true\" focusable=\"false\" class=\"icon icon-outline icon--arrow-left \"><use xlink:href=\"https:\/\/www.uni.lu\/wp-content\/themes\/unilux-theme\/assets\/images\/icons\/icons-outline.svg#icon--arrow-left\"><\/use><\/svg>                    <\/button>\n                <\/div>\n            <\/div>\n        <\/div>\n\n        <!-- swiper slides -->\n        <ul class=\"swiper-wrapper\">\n            \n<li class=\"swiper-slide\" aria-roledescription=\"slide\">\n    <figure class=\"wp-block-dev4-reusable-blocks-image swiper-slide__bg object-fit--cover\">\n    \n<img decoding=\"async\" class=\"wp-block-image unilux-custom-image-block\"\n                alt=\"\"\n            src=\"https:\/\/www.uni.lu\/wp-content\/uploads\/sites\/2\/2025\/03\/DSC03967-2-scaled.jpg\"\n                    style=\"object-position: 50.00% 50.00%; font-family: &quot;object-fit: cover; object-position: 50.00% 50.00%;&quot;; aspect-ratio: 16\/9; object-fit: cover; width: 100%;\"\n        loading=\"lazy\"\n\/>    <\/figure><\/li>\n<li class=\"swiper-slide\" aria-roledescription=\"slide\">\n    <figure class=\"wp-block-dev4-reusable-blocks-image swiper-slide__bg object-fit--cover\">\n    \n<img decoding=\"async\" class=\"wp-block-image unilux-custom-image-block\"\n                alt=\"\"\n            src=\"https:\/\/www.uni.lu\/wp-content\/uploads\/sites\/2\/2025\/03\/DSC03852-scaled.jpg\"\n                    style=\"object-position: 48.00% 30.00%; font-family: &quot;object-fit: cover; object-position: 48.00% 30.00%;&quot;; aspect-ratio: 16\/9; object-fit: cover; width: 100%;\"\n        loading=\"lazy\"\n\/>    <\/figure><\/li>\n<li class=\"swiper-slide\" aria-roledescription=\"slide\">\n    <figure class=\"wp-block-dev4-reusable-blocks-image swiper-slide__bg object-fit--cover\">\n    \n<img decoding=\"async\" class=\"wp-block-image unilux-custom-image-block\"\n                alt=\"\"\n            src=\"https:\/\/www.uni.lu\/wp-content\/uploads\/sites\/2\/2025\/03\/DSC03842-scaled.jpg\"\n                    style=\"object-position: 92.00% 57.00%; font-family: &quot;object-fit: cover; object-position: 92.00% 57.00%;&quot;; aspect-ratio: 16\/9; object-fit: cover; width: 100%;\"\n        loading=\"lazy\"\n\/>    <\/figure><\/li>\n<li class=\"swiper-slide\" aria-roledescription=\"slide\">\n    <figure class=\"wp-block-dev4-reusable-blocks-image swiper-slide__bg object-fit--cover\">\n    \n<img decoding=\"async\" class=\"wp-block-image unilux-custom-image-block\"\n                alt=\"\"\n            src=\"https:\/\/www.uni.lu\/wp-content\/uploads\/sites\/2\/2025\/03\/DSC03915-scaled.jpg\"\n                    style=\"object-position: 48.00% 30.00%; font-family: &quot;object-fit: cover; object-position: 48.00% 30.00%;&quot;; aspect-ratio: 16\/9; object-fit: cover; width: 100%;\"\n        loading=\"lazy\"\n\/>    <\/figure><\/li>\n<li class=\"swiper-slide\" aria-roledescription=\"slide\">\n    <figure class=\"wp-block-dev4-reusable-blocks-image swiper-slide__bg object-fit--cover\">\n    \n<img decoding=\"async\" class=\"wp-block-image unilux-custom-image-block\"\n                alt=\"\"\n            src=\"https:\/\/www.uni.lu\/wp-content\/uploads\/sites\/2\/2025\/03\/DSC01992-scaled.jpg\"\n                    style=\"object-position: 50.00% 50.00%; font-family: &quot;object-fit: cover; object-position: 50.00% 50.00%;&quot;; aspect-ratio: 16\/9; object-fit: cover; width: 100%;\"\n        loading=\"lazy\"\n\/>    <\/figure><\/li>\n<li class=\"swiper-slide\" aria-roledescription=\"slide\">\n    <figure class=\"wp-block-dev4-reusable-blocks-image swiper-slide__bg object-fit--cover\">\n    \n<img decoding=\"async\" class=\"wp-block-image unilux-custom-image-block\"\n                alt=\"\"\n            src=\"https:\/\/www.uni.lu\/wp-content\/uploads\/sites\/2\/2025\/03\/DSC02030-scaled.jpg\"\n                    style=\"object-position: 50.00% 50.00%; font-family: &quot;object-fit: cover; object-position: 50.00% 50.00%;&quot;; aspect-ratio: 16\/9; object-fit: cover; width: 100%;\"\n        loading=\"lazy\"\n\/>    <\/figure><\/li>\n<li class=\"swiper-slide\" aria-roledescription=\"slide\">\n    <figure class=\"wp-block-dev4-reusable-blocks-image swiper-slide__bg object-fit--cover\">\n    \n<img decoding=\"async\" class=\"wp-block-image unilux-custom-image-block\"\n                alt=\"\"\n            src=\"https:\/\/www.uni.lu\/wp-content\/uploads\/sites\/2\/2025\/03\/DSC03864-scaled.jpg\"\n                    style=\"object-position: 49.00% 35.00%; font-family: &quot;object-fit: cover; object-position: 49.00% 35.00%;&quot;; aspect-ratio: 16\/9; object-fit: cover; width: 100%;\"\n        loading=\"lazy\"\n\/>    <\/figure><\/li>\n<li class=\"swiper-slide\" aria-roledescription=\"slide\">\n    <figure class=\"wp-block-dev4-reusable-blocks-image swiper-slide__bg object-fit--cover\">\n    \n<img decoding=\"async\" class=\"wp-block-image unilux-custom-image-block\"\n                alt=\"\"\n            src=\"https:\/\/www.uni.lu\/wp-content\/uploads\/sites\/2\/2025\/03\/DSC04018-scaled.jpg\"\n                    style=\"object-position: 50.00% 50.00%; font-family: &quot;object-fit: cover; object-position: 50.00% 50.00%;&quot;; aspect-ratio: 16\/9; object-fit: cover; width: 100%;\"\n        loading=\"lazy\"\n\/>    <\/figure><\/li>\n<li class=\"swiper-slide\" aria-roledescription=\"slide\">\n    <figure class=\"wp-block-dev4-reusable-blocks-image swiper-slide__bg object-fit--cover\">\n    \n<img decoding=\"async\" class=\"wp-block-image unilux-custom-image-block\"\n                alt=\"\"\n            src=\"https:\/\/www.uni.lu\/wp-content\/uploads\/sites\/2\/2025\/03\/DSC04062-2-scaled.jpg\"\n                    style=\"object-position: 48.00% 36.00%; font-family: &quot;object-fit: cover; object-position: 48.00% 36.00%;&quot;; aspect-ratio: 16\/9; object-fit: cover; width: 100%;\"\n        loading=\"lazy\"\n\/>    <\/figure><\/li>        <\/ul>\n\n        <!-- Swiper pagination -->\n        <div class=\"swiper-pagination\">\n            <div class=\"swiper-pagination__bullets\"><\/div>\n        <\/div>\n    <\/div>\n<\/section>\n\n\n<div class=\"wp-block-columns is-layout-flex wp-block-columns-is-layout-flex\">\n<div class=\"wp-block-column is-vertically-aligned-top is-layout-flow wp-block-column-is-layout-flow\" style=\"flex-basis:66.66%\"><\/div>\n\n\n\n<div class=\"wp-block-column is-layout-flow wp-block-column-is-layout-flow\" style=\"flex-basis:33.33%\"><\/div>\n<\/div>\n<\/div><\/section>\n","protected":false},"excerpt":{"rendered":"","protected":false},"author":126,"featured_media":1575,"template":"","format":"standard","meta":{"featured_image_focal_point":[],"show_featured_caption":false,"ulux_newsletter_groups":"","uluxPostTitle":"","uluxPrePostTitle":"","_trash_the_other_posts":false,"_price":"","_stock":"","_tribe_ticket_header":"","_tribe_default_ticket_provider":"","_tribe_ticket_capacity":"0","_ticket_start_date":"","_ticket_end_date":"","_tribe_ticket_show_description":"","_tribe_ticket_show_not_going":false,"_tribe_ticket_use_global_stock":"","_tribe_ticket_global_stock_level":"","_global_stock_mode":"","_global_stock_cap":"","_tribe_rsvp_for_event":"","_tribe_ticket_going_count":"","_tribe_ticket_not_going_count":"","_tribe_tickets_list":"[]","_tribe_ticket_has_attendee_info_fields":false},"news-category":[6],"news-topic":[16,9,21],"organisation":[146],"authorship":[126],"acf":[],"yoast_head":"<!-- This site is optimized with the Yoast SEO Premium plugin v22.3 (Yoast SEO v22.3) - https:\/\/yoast.com\/wordpress\/plugins\/seo\/ -->\n<title>Kann die Jugend die Demokratie retten? - FHSE Aktualit\u00e4ten I Universit\u00e4t Luxemburg<\/title>\n<meta name=\"description\" content=\"In einer Zeit, in der digitale Fehlinformationen und technologische Umbr\u00fcche die Grundlagen unserer Demokratien auf die Probe stellen, k\u00f6nnte ausgerechnet\" \/>\n<meta name=\"robots\" content=\"index, follow, max-snippet:-1, max-image-preview:large, max-video-preview:-1\" \/>\n<link rel=\"canonical\" href=\"https:\/\/www.uni.lu\/fhse-de\/news\/kann-die-jugend-die-demokratie-retten\/\" \/>\n<meta property=\"og:locale\" content=\"de_DE\" \/>\n<meta property=\"og:type\" content=\"article\" \/>\n<meta property=\"og:title\" content=\"Kann die Jugend die Demokratie retten?\" \/>\n<meta property=\"og:description\" content=\"In einer Zeit, in der digitale Fehlinformationen und technologische Umbr\u00fcche die Grundlagen unserer Demokratien auf die Probe stellen, k\u00f6nnte ausgerechnet\" \/>\n<meta property=\"og:url\" content=\"https:\/\/www.uni.lu\/fhse-de\/news\/kann-die-jugend-die-demokratie-retten\/\" \/>\n<meta property=\"og:site_name\" content=\"FHSE DE\" \/>\n<meta property=\"article:modified_time\" content=\"2025-04-03T09:11:53+00:00\" \/>\n<meta property=\"og:image\" content=\"https:\/\/www.uni.lu\/wp-content\/uploads\/sites\/15\/2025\/04\/Can-we-save-democracy-through-youth_Hero-photo-1024x679.png\" \/>\n\t<meta property=\"og:image:width\" content=\"1024\" \/>\n\t<meta property=\"og:image:height\" content=\"679\" \/>\n\t<meta property=\"og:image:type\" content=\"image\/png\" \/>\n<meta name=\"twitter:card\" content=\"summary_large_image\" \/>\n<meta name=\"twitter:label1\" content=\"Gesch\u00e4tzte Lesezeit\" \/>\n\t<meta name=\"twitter:data1\" content=\"1 Minute\" \/>\n<script type=\"application\/ld+json\" class=\"yoast-schema-graph\">{\"@context\":\"https:\/\/schema.org\",\"@graph\":[{\"@type\":\"NewsArticle\",\"@id\":\"https:\/\/www.uni.lu\/fhse-de\/news\/kann-die-jugend-die-demokratie-retten\/#article\",\"isPartOf\":{\"@id\":\"https:\/\/www.uni.lu\/fhse-de\/news\/kann-die-jugend-die-demokratie-retten\/\"},\"author\":{\"name\":\"arianehenry\",\"@id\":\"https:\/\/www.uni.lu\/fhse-de\/#\/schema\/person\/50dac366965fc35b0dde6e8a18162560\"},\"headline\":\"Kann die Jugend die Demokratie retten?\",\"datePublished\":\"2025-04-03T09:06:40+00:00\",\"dateModified\":\"2025-04-03T09:11:53+00:00\",\"mainEntityOfPage\":{\"@id\":\"https:\/\/www.uni.lu\/fhse-de\/news\/kann-die-jugend-die-demokratie-retten\/\"},\"wordCount\":142,\"publisher\":{\"@id\":\"https:\/\/www.uni.lu\/fhse-de\/#organization\"},\"image\":{\"@id\":\"https:\/\/www.uni.lu\/fhse-de\/news\/kann-die-jugend-die-demokratie-retten\/#primaryimage\"},\"thumbnailUrl\":\"https:\/\/www.uni.lu\/wp-content\/uploads\/sites\/15\/2025\/04\/Can-we-save-democracy-through-youth_Hero-photo.png\",\"inLanguage\":\"de-DE\"},{\"@type\":\"WebPage\",\"@id\":\"https:\/\/www.uni.lu\/fhse-de\/news\/kann-die-jugend-die-demokratie-retten\/\",\"url\":\"https:\/\/www.uni.lu\/fhse-de\/news\/kann-die-jugend-die-demokratie-retten\/\",\"name\":\"Kann die Jugend die Demokratie retten? - FHSE Aktualit\u00e4ten I Universit\u00e4t Luxemburg\",\"isPartOf\":{\"@id\":\"https:\/\/www.uni.lu\/fhse-de\/#website\"},\"primaryImageOfPage\":{\"@id\":\"https:\/\/www.uni.lu\/fhse-de\/news\/kann-die-jugend-die-demokratie-retten\/#primaryimage\"},\"image\":{\"@id\":\"https:\/\/www.uni.lu\/fhse-de\/news\/kann-die-jugend-die-demokratie-retten\/#primaryimage\"},\"thumbnailUrl\":\"https:\/\/www.uni.lu\/wp-content\/uploads\/sites\/15\/2025\/04\/Can-we-save-democracy-through-youth_Hero-photo.png\",\"datePublished\":\"2025-04-03T09:06:40+00:00\",\"dateModified\":\"2025-04-03T09:11:53+00:00\",\"description\":\"In einer Zeit, in der digitale Fehlinformationen und technologische Umbr\u00fcche die Grundlagen unserer Demokratien auf die Probe stellen, k\u00f6nnte ausgerechnet\",\"breadcrumb\":{\"@id\":\"https:\/\/www.uni.lu\/fhse-de\/news\/kann-die-jugend-die-demokratie-retten\/#breadcrumb\"},\"inLanguage\":\"de-DE\",\"potentialAction\":[{\"@type\":\"ReadAction\",\"target\":[\"https:\/\/www.uni.lu\/fhse-de\/news\/kann-die-jugend-die-demokratie-retten\/\"]}]},{\"@type\":\"ImageObject\",\"inLanguage\":\"de-DE\",\"@id\":\"https:\/\/www.uni.lu\/fhse-de\/news\/kann-die-jugend-die-demokratie-retten\/#primaryimage\",\"url\":\"https:\/\/www.uni.lu\/wp-content\/uploads\/sites\/15\/2025\/04\/Can-we-save-democracy-through-youth_Hero-photo.png\",\"contentUrl\":\"https:\/\/www.uni.lu\/wp-content\/uploads\/sites\/15\/2025\/04\/Can-we-save-democracy-through-youth_Hero-photo.png\",\"width\":1812,\"height\":1202},{\"@type\":\"BreadcrumbList\",\"@id\":\"https:\/\/www.uni.lu\/fhse-de\/news\/kann-die-jugend-die-demokratie-retten\/#breadcrumb\",\"itemListElement\":[{\"@type\":\"ListItem\",\"position\":1,\"name\":\"Home\",\"item\":\"https:\/\/www.uni.lu\/de\"},{\"@type\":\"ListItem\",\"position\":2,\"name\":\"Fakult\u00e4t f\u00fcr Geisteswissenschaften, Erziehungswissenschaften und Sozialwissenschaften\",\"item\":\"https:\/\/www.uni.lu\/fhse-de\/\"},{\"@type\":\"ListItem\",\"position\":3,\"name\":\"News\",\"item\":\"https:\/\/www.uni.lu\/fhse-de\/news\/\"},{\"@type\":\"ListItem\",\"position\":4,\"name\":\"Kann die Jugend die Demokratie retten?\"}]},{\"@type\":\"WebSite\",\"@id\":\"https:\/\/www.uni.lu\/fhse-de\/#website\",\"url\":\"https:\/\/www.uni.lu\/fhse-de\/\",\"name\":\"FHSE\",\"description\":\"Fakult\u00e4t f\u00fcr Geisteswissenschaften, Erziehungswissenschaften und Sozialwissenschaften I Uni.lu\",\"publisher\":{\"@id\":\"https:\/\/www.uni.lu\/fhse-de\/#organization\"},\"alternateName\":\"Fakult\u00e4t f\u00fcr Geisteswissenschaften, Erziehungswissenschaften und Sozialwissenschaften I Universit\u00e4t Luxemburg\",\"potentialAction\":[{\"@type\":\"SearchAction\",\"target\":{\"@type\":\"EntryPoint\",\"urlTemplate\":\"https:\/\/www.uni.lu\/fhse-de\/?s={search_term_string}\"},\"query-input\":\"required name=search_term_string\"}],\"inLanguage\":\"de-DE\"},{\"@type\":\"Organization\",\"@id\":\"https:\/\/www.uni.lu\/fhse-de\/#organization\",\"name\":\"FHSE - Universit\u00e4t Luxemburg I Uni.lu\",\"alternateName\":\"Fakult\u00e4t f\u00fcr Geisteswissenschaften, Erziehungswissenschaften und Sozialwissenschaften\",\"url\":\"https:\/\/www.uni.lu\/fhse-de\/\",\"logo\":{\"@type\":\"ImageObject\",\"inLanguage\":\"de-DE\",\"@id\":\"https:\/\/www.uni.lu\/fhse-de\/#\/schema\/logo\/image\/\",\"url\":\"https:\/\/www.uni.lu\/wp-content\/uploads\/sites\/15\/2026\/03\/03112457\/FHSE_SM-Profile_1600x1600px-scaled.jpg\",\"contentUrl\":\"https:\/\/www.uni.lu\/wp-content\/uploads\/sites\/15\/2026\/03\/03112457\/FHSE_SM-Profile_1600x1600px-scaled.jpg\",\"width\":2560,\"height\":2560,\"caption\":\"FHSE - Universit\u00e4t Luxemburg I Uni.lu\"},\"image\":\"https:\/\/www.uni.lu\/wp-content\/uploads\/sites\/15\/2026\/04\/24144331\/20200609-Belval-Campus_Henri-Goergen-23.jpg\",\"sameAs\":[\"https:\/\/humanities.uni.lu\/\"],\"email\":\"communication@uni.lu\",\"telephone\":\"+3524666441\",\"address\":{\"@type\":\"PostalAddress\",\"streetAddress\":\"11, Porte des Sciences\",\"addressLocality\":\"Esch-sur-Alzette\",\"postalCode\":\"4365\",\"addressCountry\":\"LU\"},\"description\":\"Fakult\u00e4t f\u00fcr Geisteswissenschaften, Erziehungswissenschaften und Sozialwissenschaften I Uni.lu\"},{\"@type\":\"Person\",\"@id\":\"https:\/\/www.uni.lu\/fhse-de\/#\/schema\/person\/50dac366965fc35b0dde6e8a18162560\",\"name\":\"arianehenry\",\"image\":{\"@type\":\"ImageObject\",\"inLanguage\":\"de-DE\",\"@id\":\"https:\/\/www.uni.lu\/fhse-de\/#\/schema\/person\/image\/\",\"url\":\"https:\/\/secure.gravatar.com\/avatar\/e55b62daeed975e86d45b47f53bc22c9?s=96&d=mm&r=g\",\"contentUrl\":\"https:\/\/secure.gravatar.com\/avatar\/e55b62daeed975e86d45b47f53bc22c9?s=96&d=mm&r=g\",\"caption\":\"arianehenry\"}}]}<\/script>\n<!-- \/ Yoast SEO Premium plugin. -->","yoast_head_json":{"title":"Kann die Jugend die Demokratie retten? - FHSE Aktualit\u00e4ten I Universit\u00e4t Luxemburg","description":"In einer Zeit, in der digitale Fehlinformationen und technologische Umbr\u00fcche die Grundlagen unserer Demokratien auf die Probe stellen, k\u00f6nnte ausgerechnet","robots":{"index":"index","follow":"follow","max-snippet":"max-snippet:-1","max-image-preview":"max-image-preview:large","max-video-preview":"max-video-preview:-1"},"canonical":"https:\/\/www.uni.lu\/fhse-de\/news\/kann-die-jugend-die-demokratie-retten\/","og_locale":"de_DE","og_type":"article","og_title":"Kann die Jugend die Demokratie retten?","og_description":"In einer Zeit, in der digitale Fehlinformationen und technologische Umbr\u00fcche die Grundlagen unserer Demokratien auf die Probe stellen, k\u00f6nnte ausgerechnet","og_url":"https:\/\/www.uni.lu\/fhse-de\/news\/kann-die-jugend-die-demokratie-retten\/","og_site_name":"FHSE DE","article_modified_time":"2025-04-03T09:11:53+00:00","og_image":[{"width":1024,"height":679,"url":"https:\/\/www.uni.lu\/wp-content\/uploads\/sites\/15\/2025\/04\/Can-we-save-democracy-through-youth_Hero-photo-1024x679.png","type":"image\/png"}],"twitter_card":"summary_large_image","twitter_misc":{"Gesch\u00e4tzte Lesezeit":"1 Minute"},"schema":{"@context":"https:\/\/schema.org","@graph":[{"@type":"NewsArticle","@id":"https:\/\/www.uni.lu\/fhse-de\/news\/kann-die-jugend-die-demokratie-retten\/#article","isPartOf":{"@id":"https:\/\/www.uni.lu\/fhse-de\/news\/kann-die-jugend-die-demokratie-retten\/"},"author":{"name":"arianehenry","@id":"https:\/\/www.uni.lu\/fhse-de\/#\/schema\/person\/50dac366965fc35b0dde6e8a18162560"},"headline":"Kann die Jugend die Demokratie retten?","datePublished":"2025-04-03T09:06:40+00:00","dateModified":"2025-04-03T09:11:53+00:00","mainEntityOfPage":{"@id":"https:\/\/www.uni.lu\/fhse-de\/news\/kann-die-jugend-die-demokratie-retten\/"},"wordCount":142,"publisher":{"@id":"https:\/\/www.uni.lu\/fhse-de\/#organization"},"image":{"@id":"https:\/\/www.uni.lu\/fhse-de\/news\/kann-die-jugend-die-demokratie-retten\/#primaryimage"},"thumbnailUrl":"https:\/\/www.uni.lu\/wp-content\/uploads\/sites\/15\/2025\/04\/Can-we-save-democracy-through-youth_Hero-photo.png","inLanguage":"de-DE"},{"@type":"WebPage","@id":"https:\/\/www.uni.lu\/fhse-de\/news\/kann-die-jugend-die-demokratie-retten\/","url":"https:\/\/www.uni.lu\/fhse-de\/news\/kann-die-jugend-die-demokratie-retten\/","name":"Kann die Jugend die Demokratie retten? - FHSE Aktualit\u00e4ten I Universit\u00e4t Luxemburg","isPartOf":{"@id":"https:\/\/www.uni.lu\/fhse-de\/#website"},"primaryImageOfPage":{"@id":"https:\/\/www.uni.lu\/fhse-de\/news\/kann-die-jugend-die-demokratie-retten\/#primaryimage"},"image":{"@id":"https:\/\/www.uni.lu\/fhse-de\/news\/kann-die-jugend-die-demokratie-retten\/#primaryimage"},"thumbnailUrl":"https:\/\/www.uni.lu\/wp-content\/uploads\/sites\/15\/2025\/04\/Can-we-save-democracy-through-youth_Hero-photo.png","datePublished":"2025-04-03T09:06:40+00:00","dateModified":"2025-04-03T09:11:53+00:00","description":"In einer Zeit, in der digitale Fehlinformationen und technologische Umbr\u00fcche die Grundlagen unserer Demokratien auf die Probe stellen, k\u00f6nnte ausgerechnet","breadcrumb":{"@id":"https:\/\/www.uni.lu\/fhse-de\/news\/kann-die-jugend-die-demokratie-retten\/#breadcrumb"},"inLanguage":"de-DE","potentialAction":[{"@type":"ReadAction","target":["https:\/\/www.uni.lu\/fhse-de\/news\/kann-die-jugend-die-demokratie-retten\/"]}]},{"@type":"ImageObject","inLanguage":"de-DE","@id":"https:\/\/www.uni.lu\/fhse-de\/news\/kann-die-jugend-die-demokratie-retten\/#primaryimage","url":"https:\/\/www.uni.lu\/wp-content\/uploads\/sites\/15\/2025\/04\/Can-we-save-democracy-through-youth_Hero-photo.png","contentUrl":"https:\/\/www.uni.lu\/wp-content\/uploads\/sites\/15\/2025\/04\/Can-we-save-democracy-through-youth_Hero-photo.png","width":1812,"height":1202},{"@type":"BreadcrumbList","@id":"https:\/\/www.uni.lu\/fhse-de\/news\/kann-die-jugend-die-demokratie-retten\/#breadcrumb","itemListElement":[{"@type":"ListItem","position":1,"name":"Home","item":"https:\/\/www.uni.lu\/de"},{"@type":"ListItem","position":2,"name":"Fakult\u00e4t f\u00fcr Geisteswissenschaften, Erziehungswissenschaften und Sozialwissenschaften","item":"https:\/\/www.uni.lu\/fhse-de\/"},{"@type":"ListItem","position":3,"name":"News","item":"https:\/\/www.uni.lu\/fhse-de\/news\/"},{"@type":"ListItem","position":4,"name":"Kann die Jugend die Demokratie retten?"}]},{"@type":"WebSite","@id":"https:\/\/www.uni.lu\/fhse-de\/#website","url":"https:\/\/www.uni.lu\/fhse-de\/","name":"FHSE","description":"Fakult\u00e4t f\u00fcr Geisteswissenschaften, Erziehungswissenschaften und Sozialwissenschaften I Uni.lu","publisher":{"@id":"https:\/\/www.uni.lu\/fhse-de\/#organization"},"alternateName":"Fakult\u00e4t f\u00fcr Geisteswissenschaften, Erziehungswissenschaften und Sozialwissenschaften I Universit\u00e4t Luxemburg","potentialAction":[{"@type":"SearchAction","target":{"@type":"EntryPoint","urlTemplate":"https:\/\/www.uni.lu\/fhse-de\/?s={search_term_string}"},"query-input":"required name=search_term_string"}],"inLanguage":"de-DE"},{"@type":"Organization","@id":"https:\/\/www.uni.lu\/fhse-de\/#organization","name":"FHSE - Universit\u00e4t Luxemburg I Uni.lu","alternateName":"Fakult\u00e4t f\u00fcr Geisteswissenschaften, Erziehungswissenschaften und Sozialwissenschaften","url":"https:\/\/www.uni.lu\/fhse-de\/","logo":{"@type":"ImageObject","inLanguage":"de-DE","@id":"https:\/\/www.uni.lu\/fhse-de\/#\/schema\/logo\/image\/","url":"https:\/\/www.uni.lu\/wp-content\/uploads\/sites\/15\/2026\/03\/03112457\/FHSE_SM-Profile_1600x1600px-scaled.jpg","contentUrl":"https:\/\/www.uni.lu\/wp-content\/uploads\/sites\/15\/2026\/03\/03112457\/FHSE_SM-Profile_1600x1600px-scaled.jpg","width":2560,"height":2560,"caption":"FHSE - Universit\u00e4t Luxemburg I Uni.lu"},"image":"https:\/\/www.uni.lu\/wp-content\/uploads\/sites\/15\/2026\/04\/24144331\/20200609-Belval-Campus_Henri-Goergen-23.jpg","sameAs":["https:\/\/humanities.uni.lu\/"],"email":"communication@uni.lu","telephone":"+3524666441","address":{"@type":"PostalAddress","streetAddress":"11, Porte des Sciences","addressLocality":"Esch-sur-Alzette","postalCode":"4365","addressCountry":"LU"},"description":"Fakult\u00e4t f\u00fcr Geisteswissenschaften, Erziehungswissenschaften und Sozialwissenschaften I Uni.lu"},{"@type":"Person","@id":"https:\/\/www.uni.lu\/fhse-de\/#\/schema\/person\/50dac366965fc35b0dde6e8a18162560","name":"arianehenry","image":{"@type":"ImageObject","inLanguage":"de-DE","@id":"https:\/\/www.uni.lu\/fhse-de\/#\/schema\/person\/image\/","url":"https:\/\/secure.gravatar.com\/avatar\/e55b62daeed975e86d45b47f53bc22c9?s=96&d=mm&r=g","contentUrl":"https:\/\/secure.gravatar.com\/avatar\/e55b62daeed975e86d45b47f53bc22c9?s=96&d=mm&r=g","caption":"arianehenry"}}]}},"blog_id":15,"_links":{"self":[{"href":"https:\/\/www.uni.lu\/fhse-de\/wp-json\/wp\/v2\/news\/1571"}],"collection":[{"href":"https:\/\/www.uni.lu\/fhse-de\/wp-json\/wp\/v2\/news"}],"about":[{"href":"https:\/\/www.uni.lu\/fhse-de\/wp-json\/wp\/v2\/types\/news"}],"author":[{"embeddable":true,"href":"https:\/\/www.uni.lu\/fhse-de\/wp-json\/wp\/v2\/users\/126"}],"version-history":[{"count":1,"href":"https:\/\/www.uni.lu\/fhse-de\/wp-json\/wp\/v2\/news\/1571\/revisions"}],"predecessor-version":[{"id":1573,"href":"https:\/\/www.uni.lu\/fhse-de\/wp-json\/wp\/v2\/news\/1571\/revisions\/1573"}],"wp:authorship":[{"embeddable":true,"href":"https:\/\/www.uni.lu\/fhse-de\/wp-json\/wp\/v2\/users\/126"}],"wp:featuredmedia":[{"embeddable":true,"href":"https:\/\/www.uni.lu\/fhse-de\/wp-json\/wp\/v2\/media\/1575"}],"wp:attachment":[{"href":"https:\/\/www.uni.lu\/fhse-de\/wp-json\/wp\/v2\/media?parent=1571"}],"wp:term":[{"taxonomy":"news-category","embeddable":true,"href":"https:\/\/www.uni.lu\/fhse-de\/wp-json\/wp\/v2\/news-category?post=1571"},{"taxonomy":"news-topic","embeddable":true,"href":"https:\/\/www.uni.lu\/fhse-de\/wp-json\/wp\/v2\/news-topic?post=1571"},{"taxonomy":"organisation","embeddable":true,"href":"https:\/\/www.uni.lu\/fhse-de\/wp-json\/wp\/v2\/organisation?post=1571"}],"curies":[{"name":"wp","href":"https:\/\/api.w.org\/{rel}","templated":true}]}}