{"id":1507,"date":"2025-03-24T16:29:14","date_gmt":"2025-03-24T15:29:14","guid":{"rendered":"https:\/\/www.uni.lu\/fhse-de\/?post_type=news&#038;p=1507"},"modified":"2025-07-04T11:21:55","modified_gmt":"2025-07-04T09:21:55","slug":"neuerscheinung-mittelalter-im-medientransfer-rezeptionswege-vormoderner-literatur","status":"publish","type":"news","link":"https:\/\/www.uni.lu\/fhse-de\/news\/neuerscheinung-mittelalter-im-medientransfer-rezeptionswege-vormoderner-literatur\/","title":{"rendered":"Neuerscheinung: Mittelalter im Medientransfer. Rezeptionswege vormoderner Literatur"},"content":{"rendered":"\n<section class=\"wp-block-unilux-blocks-free-section section\"><div class=\"container xl:max-w-screen-xl\">\n<div class=\"wp-block-columns is-layout-flex wp-block-columns-is-layout-flex\">\n<div class=\"wp-block-column is-layout-flow wp-block-column-is-layout-flow\">\n<h5 class=\"has-text-align-left wp-block-unilux-blocks-heading\"        id=\"mittelalter-im-medientransfer-rezeptionswege-vormoderner-literatur\"\n    >\n<strong>Mittelalter im Medientransfer<\/strong>. Rezeptionswege vormoderner Literatur<\/h5>\n\n\n\n<p><a href=\"https:\/\/eur01.safelinks.protection.outlook.com\/?url=https%3A%2F%2Fwww.transcript-verlag.de%2Fauthor%2Fbendheim-amelie-127608%2F&amp;data=05%7C02%7Candrea.hake%40uni.lu%7C7826eabae9e947f62fd808dd6aacc8c9%7C445a9c950f9d49539db1bc4a45dd1220%7C0%7C0%7C638784012634997809%7CUnknown%7CTWFpbGZsb3d8eyJFbXB0eU1hcGkiOnRydWUsIlYiOiIwLjAuMDAwMCIsIlAiOiJXaW4zMiIsIkFOIjoiTWFpbCIsIldUIjoyfQ%3D%3D%7C0%7C%7C%7C&amp;sdata=C7yciOMWh%2BsFtKN1%2FnlVCmlNmirtCWQEhuQseki59sQ%3D&amp;reserved=0\">Amelie Bendheim<\/a>&nbsp;\/&nbsp;<a href=\"https:\/\/eur01.safelinks.protection.outlook.com\/?url=https%3A%2F%2Fwww.transcript-verlag.de%2Fauthor%2Fdisselhoff-dennis-183878%2F&amp;data=05%7C02%7Candrea.hake%40uni.lu%7C7826eabae9e947f62fd808dd6aacc8c9%7C445a9c950f9d49539db1bc4a45dd1220%7C0%7C0%7C638784012635017177%7CUnknown%7CTWFpbGZsb3d8eyJFbXB0eU1hcGkiOnRydWUsIlYiOiIwLjAuMDAwMCIsIlAiOiJXaW4zMiIsIkFOIjoiTWFpbCIsIldUIjoyfQ%3D%3D%7C0%7C%7C%7C&amp;sdata=5WwcjjLtU%2BXQ%2F2ip7CHSipQmVANSb6pUxpDaHUAsf20%3D&amp;reserved=0\">Dennis Disselhoff<\/a>&nbsp;(Hg.)<\/p>\n\n\n\n<p>Das Mittelalter ist sowohl in der Hoch- wie auch in der Popul\u00e4rkultur bis heute in einer gro\u00dfen Palette medialer Formationen pr\u00e4sent: Seit der Neuzeit wird Medi\u00e4vales \u2013 oder zumindest die Vorstellung davon \u2013 einer breiten \u00d6ffentlichkeit zug\u00e4nglich gemacht. <\/p>\n\n\n\n<p>Die Beitr\u00e4ger*innen nehmen schlaglichtartig Ph\u00e4nomene der Mittelalterrezeption aus medienhistorischer sowie -theoretischer Perspektive in den Blick und verstehen sie als Pl\u00e4doyer daf\u00fcr, die Auseinandersetzung mit der Vergangenheit als einen von Medientransfers gepr\u00e4gten Aneignungsprozess zu begreifen. Dadurch verdeutlichen sie die Signifikanz und Relevanz eines medialen Mittelalters und loten zugleich Aspekte der Medienalterit\u00e4t bzw. -kontinuit\u00e4t aus.<\/p>\n\n\n\n<p><a href=\"https:\/\/www.transcript-verlag.de\/detail\/index\/sArticle\/7094\/sCategory\/311000018\" target=\"_blank\" rel=\"noreferrer noopener\">Bibliografische Infos und kurzes Abstract<\/a><\/p>\n<\/div>\n<\/div>\n<\/div><\/section>\n","protected":false},"excerpt":{"rendered":"<p>Die Beitr\u00e4ger*innen nehmen schlaglichtartig Ph\u00e4nomene der Mittelalterrezeption aus medienhistorischer sowie -theoretischer Perspektive in den Blick und verstehen sie als Pl\u00e4doyer daf\u00fcr, die Auseinandersetzung mit der Vergangenheit als einen von Medientransfers gepr\u00e4gten Aneignungsprozess zu begreifen. Dadurch verdeutlichen sie die Signifikanz und Relevanz eines medialen Mittelalters und loten zugleich Aspekte der Medienalterit\u00e4t bzw. -kontinuit\u00e4t aus.<\/p>\n","protected":false},"author":197,"featured_media":1512,"template":"","format":"standard","meta":{"featured_image_focal_point":{"x":0.5,"y":0.32},"show_featured_caption":false,"ulux_newsletter_groups":"","uluxPostTitle":"","uluxPrePostTitle":"","_trash_the_other_posts":false,"_price":"","_stock":"","_tribe_ticket_header":"","_tribe_default_ticket_provider":"","_tribe_ticket_capacity":"0","_ticket_start_date":"","_ticket_end_date":"","_tribe_ticket_show_description":"","_tribe_ticket_show_not_going":false,"_tribe_ticket_use_global_stock":"","_tribe_ticket_global_stock_level":"","_global_stock_mode":"","_global_stock_cap":"","_tribe_rsvp_for_event":"","_tribe_ticket_going_count":"","_tribe_ticket_not_going_count":"","_tribe_tickets_list":"[]","_tribe_ticket_has_attendee_info_fields":false},"news-category":[3],"news-topic":[16],"organisation":[170,146,171],"authorship":[197],"acf":[],"yoast_head":"<!-- This site is optimized with the Yoast SEO Premium plugin v22.3 (Yoast SEO v22.3) - https:\/\/yoast.com\/wordpress\/plugins\/seo\/ -->\n<title>Neuerscheinung: Mittelalter im Medientransfer. Rezeptionswege vormoderner Literatur - FHSE Aktualit\u00e4ten I Universit\u00e4t Luxemburg<\/title>\n<meta name=\"description\" content=\"Die Beitr\u00e4ger*innen nehmen schlaglichtartig Ph\u00e4nomene der Mittelalterrezeption aus medienhistorischer sowie -theoretischer Perspektive in den Blick und verstehen sie als Pl\u00e4doyer daf\u00fcr, die Auseinandersetzung mit der Vergangenheit als einen von Medientransfers gepr\u00e4gten Aneignungsprozess zu begreifen. Dadurch verdeutlichen sie die Signifikanz und Relevanz eines medialen Mittelalters und loten zugleich Aspekte der Medienalterit\u00e4t bzw. -kontinuit\u00e4t aus.\" \/>\n<meta name=\"robots\" content=\"index, follow, max-snippet:-1, max-image-preview:large, max-video-preview:-1\" \/>\n<link rel=\"canonical\" href=\"https:\/\/www.uni.lu\/fhse-de\/news\/neuerscheinung-mittelalter-im-medientransfer-rezeptionswege-vormoderner-literatur\/\" \/>\n<meta property=\"og:locale\" content=\"de_DE\" \/>\n<meta property=\"og:type\" content=\"article\" \/>\n<meta property=\"og:title\" content=\"Neuerscheinung: Mittelalter im Medientransfer. Rezeptionswege vormoderner Literatur\" \/>\n<meta property=\"og:description\" content=\"Die Beitr\u00e4ger*innen nehmen schlaglichtartig Ph\u00e4nomene der Mittelalterrezeption aus medienhistorischer sowie -theoretischer Perspektive in den Blick und verstehen sie als Pl\u00e4doyer daf\u00fcr, die Auseinandersetzung mit der Vergangenheit als einen von Medientransfers gepr\u00e4gten Aneignungsprozess zu begreifen. Dadurch verdeutlichen sie die Signifikanz und Relevanz eines medialen Mittelalters und loten zugleich Aspekte der Medienalterit\u00e4t bzw. -kontinuit\u00e4t aus.\" \/>\n<meta property=\"og:url\" content=\"https:\/\/www.uni.lu\/fhse-de\/news\/neuerscheinung-mittelalter-im-medientransfer-rezeptionswege-vormoderner-literatur\/\" \/>\n<meta property=\"og:site_name\" content=\"FHSE DE\" \/>\n<meta property=\"article:modified_time\" content=\"2025-07-04T09:21:55+00:00\" \/>\n<meta property=\"og:image\" content=\"https:\/\/www.uni.lu\/wp-content\/uploads\/sites\/15\/2025\/03\/Mittelalter-im-Medientransfer_.jpg\" \/>\n\t<meta property=\"og:image:width\" content=\"896\" \/>\n\t<meta property=\"og:image:height\" content=\"597\" \/>\n\t<meta property=\"og:image:type\" content=\"image\/jpeg\" \/>\n<meta name=\"twitter:card\" content=\"summary_large_image\" \/>\n<meta name=\"twitter:label1\" content=\"Gesch\u00e4tzte Lesezeit\" \/>\n\t<meta name=\"twitter:data1\" content=\"1 Minute\" \/>\n<script type=\"application\/ld+json\" class=\"yoast-schema-graph\">{\"@context\":\"https:\/\/schema.org\",\"@graph\":[{\"@type\":\"NewsArticle\",\"@id\":\"https:\/\/www.uni.lu\/fhse-de\/news\/neuerscheinung-mittelalter-im-medientransfer-rezeptionswege-vormoderner-literatur\/#article\",\"isPartOf\":{\"@id\":\"https:\/\/www.uni.lu\/fhse-de\/news\/neuerscheinung-mittelalter-im-medientransfer-rezeptionswege-vormoderner-literatur\/\"},\"author\":{\"name\":\"andreahake\",\"@id\":\"https:\/\/www.uni.lu\/fhse-de\/#\/schema\/person\/e9be5d650d8c2631b6fd405a83efbadd\"},\"headline\":\"Neuerscheinung: Mittelalter im Medientransfer. Rezeptionswege vormoderner Literatur\",\"datePublished\":\"2025-03-24T15:29:14+00:00\",\"dateModified\":\"2025-07-04T09:21:55+00:00\",\"mainEntityOfPage\":{\"@id\":\"https:\/\/www.uni.lu\/fhse-de\/news\/neuerscheinung-mittelalter-im-medientransfer-rezeptionswege-vormoderner-literatur\/\"},\"wordCount\":122,\"publisher\":{\"@id\":\"https:\/\/www.uni.lu\/fhse-de\/#organization\"},\"image\":{\"@id\":\"https:\/\/www.uni.lu\/fhse-de\/news\/neuerscheinung-mittelalter-im-medientransfer-rezeptionswege-vormoderner-literatur\/#primaryimage\"},\"thumbnailUrl\":\"https:\/\/www.uni.lu\/wp-content\/uploads\/sites\/15\/2025\/03\/Mittelalter-im-Medientransfer_.jpg\",\"inLanguage\":\"de-DE\"},{\"@type\":\"WebPage\",\"@id\":\"https:\/\/www.uni.lu\/fhse-de\/news\/neuerscheinung-mittelalter-im-medientransfer-rezeptionswege-vormoderner-literatur\/\",\"url\":\"https:\/\/www.uni.lu\/fhse-de\/news\/neuerscheinung-mittelalter-im-medientransfer-rezeptionswege-vormoderner-literatur\/\",\"name\":\"Neuerscheinung: Mittelalter im Medientransfer. Rezeptionswege vormoderner Literatur - FHSE Aktualit\u00e4ten I Universit\u00e4t Luxemburg\",\"isPartOf\":{\"@id\":\"https:\/\/www.uni.lu\/fhse-de\/#website\"},\"primaryImageOfPage\":{\"@id\":\"https:\/\/www.uni.lu\/fhse-de\/news\/neuerscheinung-mittelalter-im-medientransfer-rezeptionswege-vormoderner-literatur\/#primaryimage\"},\"image\":{\"@id\":\"https:\/\/www.uni.lu\/fhse-de\/news\/neuerscheinung-mittelalter-im-medientransfer-rezeptionswege-vormoderner-literatur\/#primaryimage\"},\"thumbnailUrl\":\"https:\/\/www.uni.lu\/wp-content\/uploads\/sites\/15\/2025\/03\/Mittelalter-im-Medientransfer_.jpg\",\"datePublished\":\"2025-03-24T15:29:14+00:00\",\"dateModified\":\"2025-07-04T09:21:55+00:00\",\"description\":\"Die Beitr\u00e4ger*innen nehmen schlaglichtartig Ph\u00e4nomene der Mittelalterrezeption aus medienhistorischer sowie -theoretischer Perspektive in den Blick und verstehen sie als Pl\u00e4doyer daf\u00fcr, die Auseinandersetzung mit der Vergangenheit als einen von Medientransfers gepr\u00e4gten Aneignungsprozess zu begreifen. Dadurch verdeutlichen sie die Signifikanz und Relevanz eines medialen Mittelalters und loten zugleich Aspekte der Medienalterit\u00e4t bzw. -kontinuit\u00e4t aus.\",\"breadcrumb\":{\"@id\":\"https:\/\/www.uni.lu\/fhse-de\/news\/neuerscheinung-mittelalter-im-medientransfer-rezeptionswege-vormoderner-literatur\/#breadcrumb\"},\"inLanguage\":\"de-DE\",\"potentialAction\":[{\"@type\":\"ReadAction\",\"target\":[\"https:\/\/www.uni.lu\/fhse-de\/news\/neuerscheinung-mittelalter-im-medientransfer-rezeptionswege-vormoderner-literatur\/\"]}]},{\"@type\":\"ImageObject\",\"inLanguage\":\"de-DE\",\"@id\":\"https:\/\/www.uni.lu\/fhse-de\/news\/neuerscheinung-mittelalter-im-medientransfer-rezeptionswege-vormoderner-literatur\/#primaryimage\",\"url\":\"https:\/\/www.uni.lu\/wp-content\/uploads\/sites\/15\/2025\/03\/Mittelalter-im-Medientransfer_.jpg\",\"contentUrl\":\"https:\/\/www.uni.lu\/wp-content\/uploads\/sites\/15\/2025\/03\/Mittelalter-im-Medientransfer_.jpg\",\"width\":896,\"height\":597},{\"@type\":\"BreadcrumbList\",\"@id\":\"https:\/\/www.uni.lu\/fhse-de\/news\/neuerscheinung-mittelalter-im-medientransfer-rezeptionswege-vormoderner-literatur\/#breadcrumb\",\"itemListElement\":[{\"@type\":\"ListItem\",\"position\":1,\"name\":\"Home\",\"item\":\"https:\/\/www.uni.lu\/de\"},{\"@type\":\"ListItem\",\"position\":2,\"name\":\"Fakult\u00e4t f\u00fcr Geisteswissenschaften, Erziehungswissenschaften und Sozialwissenschaften\",\"item\":\"https:\/\/www.uni.lu\/fhse-de\/\"},{\"@type\":\"ListItem\",\"position\":3,\"name\":\"News\",\"item\":\"https:\/\/www.uni.lu\/fhse-de\/news\/\"},{\"@type\":\"ListItem\",\"position\":4,\"name\":\"Neuerscheinung: Mittelalter im Medientransfer. Rezeptionswege vormoderner Literatur\"}]},{\"@type\":\"WebSite\",\"@id\":\"https:\/\/www.uni.lu\/fhse-de\/#website\",\"url\":\"https:\/\/www.uni.lu\/fhse-de\/\",\"name\":\"FHSE\",\"description\":\"Fakult\u00e4t f\u00fcr Geisteswissenschaften, Erziehungswissenschaften und Sozialwissenschaften I Uni.lu\",\"publisher\":{\"@id\":\"https:\/\/www.uni.lu\/fhse-de\/#organization\"},\"alternateName\":\"Fakult\u00e4t f\u00fcr Geisteswissenschaften, Erziehungswissenschaften und Sozialwissenschaften I Universit\u00e4t Luxemburg\",\"potentialAction\":[{\"@type\":\"SearchAction\",\"target\":{\"@type\":\"EntryPoint\",\"urlTemplate\":\"https:\/\/www.uni.lu\/fhse-de\/?s={search_term_string}\"},\"query-input\":\"required name=search_term_string\"}],\"inLanguage\":\"de-DE\"},{\"@type\":\"Organization\",\"@id\":\"https:\/\/www.uni.lu\/fhse-de\/#organization\",\"name\":\"FHSE - Universit\u00e4t Luxemburg I Uni.lu\",\"alternateName\":\"Fakult\u00e4t f\u00fcr Geisteswissenschaften, Erziehungswissenschaften und Sozialwissenschaften\",\"url\":\"https:\/\/www.uni.lu\/fhse-de\/\",\"logo\":{\"@type\":\"ImageObject\",\"inLanguage\":\"de-DE\",\"@id\":\"https:\/\/www.uni.lu\/fhse-de\/#\/schema\/logo\/image\/\",\"url\":\"https:\/\/www.uni.lu\/wp-content\/uploads\/sites\/15\/2026\/03\/03112457\/FHSE_SM-Profile_1600x1600px-scaled.jpg\",\"contentUrl\":\"https:\/\/www.uni.lu\/wp-content\/uploads\/sites\/15\/2026\/03\/03112457\/FHSE_SM-Profile_1600x1600px-scaled.jpg\",\"width\":2560,\"height\":2560,\"caption\":\"FHSE - Universit\u00e4t Luxemburg I Uni.lu\"},\"image\":\"https:\/\/www.uni.lu\/wp-content\/uploads\/sites\/15\/2026\/04\/24144331\/20200609-Belval-Campus_Henri-Goergen-23.jpg\",\"sameAs\":[\"https:\/\/humanities.uni.lu\/\"],\"email\":\"communication@uni.lu\",\"telephone\":\"+3524666441\",\"address\":{\"@type\":\"PostalAddress\",\"streetAddress\":\"11, Porte des Sciences\",\"addressLocality\":\"Esch-sur-Alzette\",\"postalCode\":\"4365\",\"addressCountry\":\"LU\"},\"description\":\"Fakult\u00e4t f\u00fcr Geisteswissenschaften, Erziehungswissenschaften und Sozialwissenschaften I Uni.lu\"},{\"@type\":\"Person\",\"@id\":\"https:\/\/www.uni.lu\/fhse-de\/#\/schema\/person\/e9be5d650d8c2631b6fd405a83efbadd\",\"name\":\"andreahake\",\"image\":{\"@type\":\"ImageObject\",\"inLanguage\":\"de-DE\",\"@id\":\"https:\/\/www.uni.lu\/fhse-de\/#\/schema\/person\/image\/\",\"url\":\"https:\/\/secure.gravatar.com\/avatar\/5781235087d20ce7497d3d0ecc4a5d68?s=96&d=mm&r=g\",\"contentUrl\":\"https:\/\/secure.gravatar.com\/avatar\/5781235087d20ce7497d3d0ecc4a5d68?s=96&d=mm&r=g\",\"caption\":\"andreahake\"},\"description\":\"Can edit the department of humanities And the research groups within the department of humanities https:\/\/www.uni.lu\/fhse-en\/research-departments\/department-of-humanities\/ https:\/\/www.uni.lu\/fhse-en\/research-groups\/institute-for-german-language-literature-and-interculturality\/ https:\/\/www.uni.lu\/fhse-en\/research-groups\/institute-of-history\/ https:\/\/www.uni.lu\/fhse-en\/research-groups\/research-institute-of-multilingualism\/ https:\/\/www.uni.lu\/fhse-en\/research-groups\/institute-of-romance-studies-media-and-arts\/ https:\/\/www.uni.lu\/fhse-en\/research-groups\/institute-of-english-studies\/ https:\/\/www.uni.lu\/fhse-en\/research-groups\/institute-of-luxembourgish-language-and-literature\/ https:\/\/www.uni.lu\/fhse-en\/research-groups\/institute-of-philosophy\/\"}]}<\/script>\n<!-- \/ Yoast SEO Premium plugin. -->","yoast_head_json":{"title":"Neuerscheinung: Mittelalter im Medientransfer. Rezeptionswege vormoderner Literatur - FHSE Aktualit\u00e4ten I Universit\u00e4t Luxemburg","description":"Die Beitr\u00e4ger*innen nehmen schlaglichtartig Ph\u00e4nomene der Mittelalterrezeption aus medienhistorischer sowie -theoretischer Perspektive in den Blick und verstehen sie als Pl\u00e4doyer daf\u00fcr, die Auseinandersetzung mit der Vergangenheit als einen von Medientransfers gepr\u00e4gten Aneignungsprozess zu begreifen. Dadurch verdeutlichen sie die Signifikanz und Relevanz eines medialen Mittelalters und loten zugleich Aspekte der Medienalterit\u00e4t bzw. -kontinuit\u00e4t aus.","robots":{"index":"index","follow":"follow","max-snippet":"max-snippet:-1","max-image-preview":"max-image-preview:large","max-video-preview":"max-video-preview:-1"},"canonical":"https:\/\/www.uni.lu\/fhse-de\/news\/neuerscheinung-mittelalter-im-medientransfer-rezeptionswege-vormoderner-literatur\/","og_locale":"de_DE","og_type":"article","og_title":"Neuerscheinung: Mittelalter im Medientransfer. Rezeptionswege vormoderner Literatur","og_description":"Die Beitr\u00e4ger*innen nehmen schlaglichtartig Ph\u00e4nomene der Mittelalterrezeption aus medienhistorischer sowie -theoretischer Perspektive in den Blick und verstehen sie als Pl\u00e4doyer daf\u00fcr, die Auseinandersetzung mit der Vergangenheit als einen von Medientransfers gepr\u00e4gten Aneignungsprozess zu begreifen. Dadurch verdeutlichen sie die Signifikanz und Relevanz eines medialen Mittelalters und loten zugleich Aspekte der Medienalterit\u00e4t bzw. -kontinuit\u00e4t aus.","og_url":"https:\/\/www.uni.lu\/fhse-de\/news\/neuerscheinung-mittelalter-im-medientransfer-rezeptionswege-vormoderner-literatur\/","og_site_name":"FHSE DE","article_modified_time":"2025-07-04T09:21:55+00:00","og_image":[{"width":896,"height":597,"url":"https:\/\/www.uni.lu\/wp-content\/uploads\/sites\/15\/2025\/03\/Mittelalter-im-Medientransfer_.jpg","type":"image\/jpeg"}],"twitter_card":"summary_large_image","twitter_misc":{"Gesch\u00e4tzte Lesezeit":"1 Minute"},"schema":{"@context":"https:\/\/schema.org","@graph":[{"@type":"NewsArticle","@id":"https:\/\/www.uni.lu\/fhse-de\/news\/neuerscheinung-mittelalter-im-medientransfer-rezeptionswege-vormoderner-literatur\/#article","isPartOf":{"@id":"https:\/\/www.uni.lu\/fhse-de\/news\/neuerscheinung-mittelalter-im-medientransfer-rezeptionswege-vormoderner-literatur\/"},"author":{"name":"andreahake","@id":"https:\/\/www.uni.lu\/fhse-de\/#\/schema\/person\/e9be5d650d8c2631b6fd405a83efbadd"},"headline":"Neuerscheinung: Mittelalter im Medientransfer. Rezeptionswege vormoderner Literatur","datePublished":"2025-03-24T15:29:14+00:00","dateModified":"2025-07-04T09:21:55+00:00","mainEntityOfPage":{"@id":"https:\/\/www.uni.lu\/fhse-de\/news\/neuerscheinung-mittelalter-im-medientransfer-rezeptionswege-vormoderner-literatur\/"},"wordCount":122,"publisher":{"@id":"https:\/\/www.uni.lu\/fhse-de\/#organization"},"image":{"@id":"https:\/\/www.uni.lu\/fhse-de\/news\/neuerscheinung-mittelalter-im-medientransfer-rezeptionswege-vormoderner-literatur\/#primaryimage"},"thumbnailUrl":"https:\/\/www.uni.lu\/wp-content\/uploads\/sites\/15\/2025\/03\/Mittelalter-im-Medientransfer_.jpg","inLanguage":"de-DE"},{"@type":"WebPage","@id":"https:\/\/www.uni.lu\/fhse-de\/news\/neuerscheinung-mittelalter-im-medientransfer-rezeptionswege-vormoderner-literatur\/","url":"https:\/\/www.uni.lu\/fhse-de\/news\/neuerscheinung-mittelalter-im-medientransfer-rezeptionswege-vormoderner-literatur\/","name":"Neuerscheinung: Mittelalter im Medientransfer. Rezeptionswege vormoderner Literatur - FHSE Aktualit\u00e4ten I Universit\u00e4t Luxemburg","isPartOf":{"@id":"https:\/\/www.uni.lu\/fhse-de\/#website"},"primaryImageOfPage":{"@id":"https:\/\/www.uni.lu\/fhse-de\/news\/neuerscheinung-mittelalter-im-medientransfer-rezeptionswege-vormoderner-literatur\/#primaryimage"},"image":{"@id":"https:\/\/www.uni.lu\/fhse-de\/news\/neuerscheinung-mittelalter-im-medientransfer-rezeptionswege-vormoderner-literatur\/#primaryimage"},"thumbnailUrl":"https:\/\/www.uni.lu\/wp-content\/uploads\/sites\/15\/2025\/03\/Mittelalter-im-Medientransfer_.jpg","datePublished":"2025-03-24T15:29:14+00:00","dateModified":"2025-07-04T09:21:55+00:00","description":"Die Beitr\u00e4ger*innen nehmen schlaglichtartig Ph\u00e4nomene der Mittelalterrezeption aus medienhistorischer sowie -theoretischer Perspektive in den Blick und verstehen sie als Pl\u00e4doyer daf\u00fcr, die Auseinandersetzung mit der Vergangenheit als einen von Medientransfers gepr\u00e4gten Aneignungsprozess zu begreifen. Dadurch verdeutlichen sie die Signifikanz und Relevanz eines medialen Mittelalters und loten zugleich Aspekte der Medienalterit\u00e4t bzw. -kontinuit\u00e4t aus.","breadcrumb":{"@id":"https:\/\/www.uni.lu\/fhse-de\/news\/neuerscheinung-mittelalter-im-medientransfer-rezeptionswege-vormoderner-literatur\/#breadcrumb"},"inLanguage":"de-DE","potentialAction":[{"@type":"ReadAction","target":["https:\/\/www.uni.lu\/fhse-de\/news\/neuerscheinung-mittelalter-im-medientransfer-rezeptionswege-vormoderner-literatur\/"]}]},{"@type":"ImageObject","inLanguage":"de-DE","@id":"https:\/\/www.uni.lu\/fhse-de\/news\/neuerscheinung-mittelalter-im-medientransfer-rezeptionswege-vormoderner-literatur\/#primaryimage","url":"https:\/\/www.uni.lu\/wp-content\/uploads\/sites\/15\/2025\/03\/Mittelalter-im-Medientransfer_.jpg","contentUrl":"https:\/\/www.uni.lu\/wp-content\/uploads\/sites\/15\/2025\/03\/Mittelalter-im-Medientransfer_.jpg","width":896,"height":597},{"@type":"BreadcrumbList","@id":"https:\/\/www.uni.lu\/fhse-de\/news\/neuerscheinung-mittelalter-im-medientransfer-rezeptionswege-vormoderner-literatur\/#breadcrumb","itemListElement":[{"@type":"ListItem","position":1,"name":"Home","item":"https:\/\/www.uni.lu\/de"},{"@type":"ListItem","position":2,"name":"Fakult\u00e4t f\u00fcr Geisteswissenschaften, Erziehungswissenschaften und Sozialwissenschaften","item":"https:\/\/www.uni.lu\/fhse-de\/"},{"@type":"ListItem","position":3,"name":"News","item":"https:\/\/www.uni.lu\/fhse-de\/news\/"},{"@type":"ListItem","position":4,"name":"Neuerscheinung: Mittelalter im Medientransfer. Rezeptionswege vormoderner Literatur"}]},{"@type":"WebSite","@id":"https:\/\/www.uni.lu\/fhse-de\/#website","url":"https:\/\/www.uni.lu\/fhse-de\/","name":"FHSE","description":"Fakult\u00e4t f\u00fcr Geisteswissenschaften, Erziehungswissenschaften und Sozialwissenschaften I Uni.lu","publisher":{"@id":"https:\/\/www.uni.lu\/fhse-de\/#organization"},"alternateName":"Fakult\u00e4t f\u00fcr Geisteswissenschaften, Erziehungswissenschaften und Sozialwissenschaften I Universit\u00e4t Luxemburg","potentialAction":[{"@type":"SearchAction","target":{"@type":"EntryPoint","urlTemplate":"https:\/\/www.uni.lu\/fhse-de\/?s={search_term_string}"},"query-input":"required name=search_term_string"}],"inLanguage":"de-DE"},{"@type":"Organization","@id":"https:\/\/www.uni.lu\/fhse-de\/#organization","name":"FHSE - Universit\u00e4t Luxemburg I Uni.lu","alternateName":"Fakult\u00e4t f\u00fcr Geisteswissenschaften, Erziehungswissenschaften und Sozialwissenschaften","url":"https:\/\/www.uni.lu\/fhse-de\/","logo":{"@type":"ImageObject","inLanguage":"de-DE","@id":"https:\/\/www.uni.lu\/fhse-de\/#\/schema\/logo\/image\/","url":"https:\/\/www.uni.lu\/wp-content\/uploads\/sites\/15\/2026\/03\/03112457\/FHSE_SM-Profile_1600x1600px-scaled.jpg","contentUrl":"https:\/\/www.uni.lu\/wp-content\/uploads\/sites\/15\/2026\/03\/03112457\/FHSE_SM-Profile_1600x1600px-scaled.jpg","width":2560,"height":2560,"caption":"FHSE - Universit\u00e4t Luxemburg I Uni.lu"},"image":"https:\/\/www.uni.lu\/wp-content\/uploads\/sites\/15\/2026\/04\/24144331\/20200609-Belval-Campus_Henri-Goergen-23.jpg","sameAs":["https:\/\/humanities.uni.lu\/"],"email":"communication@uni.lu","telephone":"+3524666441","address":{"@type":"PostalAddress","streetAddress":"11, Porte des Sciences","addressLocality":"Esch-sur-Alzette","postalCode":"4365","addressCountry":"LU"},"description":"Fakult\u00e4t f\u00fcr Geisteswissenschaften, Erziehungswissenschaften und Sozialwissenschaften I Uni.lu"},{"@type":"Person","@id":"https:\/\/www.uni.lu\/fhse-de\/#\/schema\/person\/e9be5d650d8c2631b6fd405a83efbadd","name":"andreahake","image":{"@type":"ImageObject","inLanguage":"de-DE","@id":"https:\/\/www.uni.lu\/fhse-de\/#\/schema\/person\/image\/","url":"https:\/\/secure.gravatar.com\/avatar\/5781235087d20ce7497d3d0ecc4a5d68?s=96&d=mm&r=g","contentUrl":"https:\/\/secure.gravatar.com\/avatar\/5781235087d20ce7497d3d0ecc4a5d68?s=96&d=mm&r=g","caption":"andreahake"},"description":"Can edit the department of humanities And the research groups within the department of humanities https:\/\/www.uni.lu\/fhse-en\/research-departments\/department-of-humanities\/ https:\/\/www.uni.lu\/fhse-en\/research-groups\/institute-for-german-language-literature-and-interculturality\/ https:\/\/www.uni.lu\/fhse-en\/research-groups\/institute-of-history\/ https:\/\/www.uni.lu\/fhse-en\/research-groups\/research-institute-of-multilingualism\/ https:\/\/www.uni.lu\/fhse-en\/research-groups\/institute-of-romance-studies-media-and-arts\/ https:\/\/www.uni.lu\/fhse-en\/research-groups\/institute-of-english-studies\/ https:\/\/www.uni.lu\/fhse-en\/research-groups\/institute-of-luxembourgish-language-and-literature\/ https:\/\/www.uni.lu\/fhse-en\/research-groups\/institute-of-philosophy\/"}]}},"blog_id":15,"_links":{"self":[{"href":"https:\/\/www.uni.lu\/fhse-de\/wp-json\/wp\/v2\/news\/1507"}],"collection":[{"href":"https:\/\/www.uni.lu\/fhse-de\/wp-json\/wp\/v2\/news"}],"about":[{"href":"https:\/\/www.uni.lu\/fhse-de\/wp-json\/wp\/v2\/types\/news"}],"author":[{"embeddable":true,"href":"https:\/\/www.uni.lu\/fhse-de\/wp-json\/wp\/v2\/users\/197"}],"version-history":[{"count":4,"href":"https:\/\/www.uni.lu\/fhse-de\/wp-json\/wp\/v2\/news\/1507\/revisions"}],"predecessor-version":[{"id":1698,"href":"https:\/\/www.uni.lu\/fhse-de\/wp-json\/wp\/v2\/news\/1507\/revisions\/1698"}],"wp:authorship":[{"embeddable":true,"href":"https:\/\/www.uni.lu\/fhse-de\/wp-json\/wp\/v2\/users\/197"}],"wp:featuredmedia":[{"embeddable":true,"href":"https:\/\/www.uni.lu\/fhse-de\/wp-json\/wp\/v2\/media\/1512"}],"wp:attachment":[{"href":"https:\/\/www.uni.lu\/fhse-de\/wp-json\/wp\/v2\/media?parent=1507"}],"wp:term":[{"taxonomy":"news-category","embeddable":true,"href":"https:\/\/www.uni.lu\/fhse-de\/wp-json\/wp\/v2\/news-category?post=1507"},{"taxonomy":"news-topic","embeddable":true,"href":"https:\/\/www.uni.lu\/fhse-de\/wp-json\/wp\/v2\/news-topic?post=1507"},{"taxonomy":"organisation","embeddable":true,"href":"https:\/\/www.uni.lu\/fhse-de\/wp-json\/wp\/v2\/organisation?post=1507"}],"curies":[{"name":"wp","href":"https:\/\/api.w.org\/{rel}","templated":true}]}}