{"id":1352,"date":"2022-01-12T15:13:00","date_gmt":"2022-01-12T14:13:00","guid":{"rendered":"https:\/\/www.uni.lu\/fhse-de\/?post_type=news&#038;p=1352"},"modified":"2025-02-19T10:13:59","modified_gmt":"2025-02-19T09:13:59","slug":"oskar-loerke-der-oger-roman","status":"publish","type":"news","link":"https:\/\/www.uni.lu\/fhse-de\/news\/oskar-loerke-der-oger-roman\/","title":{"rendered":"Oskar Loerke: Der Oger (Roman)"},"content":{"rendered":"\n<section class=\"wp-block-unilux-blocks-free-section section\"><div class=\"container xl:max-w-screen-xl\">\n<p>Genau hundert Jahre nach dem Erstdruck von 1921 erscheint diese erste und bislang einzige textkritische und mit Erl\u00e4uterungen und einem Nachwort versehene Neuedition des epischen Hauptwerks von Oskar Loerke, eines Romans, dessen Wirkung als Unterstrom der Literatur des vergangenen Jahrhunderts bisher weitgehend unerkannt verlief und den es mit dieser Ausgabe neu zu entdecken gilt.<\/p>\n\n\n\n<p>Aufstieg und Zerfall einer Familie: Oskar Loerkes Epos erz\u00e4hlt \u00fcber f\u00fcnf Generationen die Geschichte der Wendenichs, die unter dem Unstern einer Krankheit stehen. Es ist die Epilepsie, die das Verh\u00e4ltnis zwischen Vater und Sohn unertr\u00e4glich belastet und zuvor schon das Ausleben der k\u00fcnstlerischen Neigungen des Vaters verhindert. Nicht von ungef\u00e4hr wollte man in diesem Roman eine im b\u00e4uerlichen Milieu angesiedelte Variation der <i>Buddenbrooks<\/i> erkennen. Doch er ist viel mehr. Es finden sich in ihm grandiose Naturschilderungen, in ihrem Realismus geradezu apokalyptische Szenen auf einem Nordseekutter, die Darstellung vielfachen Scheiterns zahlreicher Nebenfiguren und nicht zuletzt die facettenreiche Behandlung der Epilepsie und der mit ihr einhergehenden psychosozialen Bedr\u00e4ngnisse. Es ist eine einzige Elegie des vers\u00e4umten und verwehrten Lebens. Die durch die Krankheitserfahrung schmerzhaft gesteigerte Aufmerksamkeit der Hauptfigur begr\u00fcndet das Faszinierende des Romans, und Loerke findet einen ungekannten Ton: Die Schilderung extremer und zugleich luzider Bewusstseinszust\u00e4nde, dicht in die Erz\u00e4hlung hineingewobene Mythen und M\u00e4rchenmotive wie das des monstr\u00f6sen, alles \u00fcberschattenden Ogers sowie das Leitthema der Musik erzeugen einen schwebenden Erz\u00e4hlton zwischen Traum und Wirklichkeit. So etwas wird von H\u00fctern der literarischen Konventionen in derartiger Konsequenz sonst nur der Lyrik zugestanden.<\/p>\n\n\n\n<p>Herausgegeben von Dieter Heimb\u00f6ckel und Claus Zittel.<\/p>\n\n\n\n<p>Zur Publikation auf der Verlagsseite: <a href=\"https:\/\/cwleske.de\/buchkauf\/oskar-loerke-der-oger\/\" target=\"_blank\" title=\"\" rel=\"noopener\">Link<\/a><\/p>\n<\/div><\/section>\n","protected":false},"excerpt":{"rendered":"<p>Genau hundert Jahre nach dem Erstdruck von 1921 erscheint diese erste und bislang einzige textkritische und mit Erl\u00e4uterungen und einem Nachwort versehene Neuedition des epischen Hauptwerks von Oskar Loerke, eines Romans, dessen Wirkung als Unterstrom der Literatur des vergangenen Jahrhunderts bisher weitgehend unerkannt verlief und den es mit dieser Ausgabe neu zu entdecken gilt.<\/p>\n","protected":false},"author":335,"featured_media":0,"template":"","format":"standard","meta":{"featured_image_focal_point":[],"show_featured_caption":false,"ulux_newsletter_groups":"","uluxPostTitle":"","uluxPrePostTitle":"","_trash_the_other_posts":false,"_price":"","_stock":"","_tribe_ticket_header":"","_tribe_default_ticket_provider":"","_tribe_ticket_capacity":"0","_ticket_start_date":"","_ticket_end_date":"","_tribe_ticket_show_description":"","_tribe_ticket_show_not_going":false,"_tribe_ticket_use_global_stock":"","_tribe_ticket_global_stock_level":"","_global_stock_mode":"","_global_stock_cap":"","_tribe_rsvp_for_event":"","_tribe_ticket_going_count":"","_tribe_ticket_not_going_count":"","_tribe_tickets_list":"[]","_tribe_ticket_has_attendee_info_fields":false},"news-category":[3],"news-topic":[16],"organisation":[170,146,171],"authorship":[335,44],"acf":[],"yoast_head":"<!-- This site is optimized with the Yoast SEO Premium plugin v22.3 (Yoast SEO v22.3) - https:\/\/yoast.com\/wordpress\/plugins\/seo\/ -->\n<title>Oskar Loerke: Der Oger (Roman) - FHSE I Uni.lu<\/title>\n<meta name=\"description\" content=\"Genau hundert Jahre nach dem Erstdruck von 1921 erscheint diese erste und bislang einzige textkritische und mit Erl\u00e4uterungen und einem Nachwort versehene Neuedition des epischen Hauptwerks von Oskar Loerke, eines Romans, dessen Wirkung als Unterstrom der Literatur des vergangenen Jahrhunderts bisher weitgehend unerkannt verlief und den es mit dieser Ausgabe neu zu entdecken gilt.\" \/>\n<meta name=\"robots\" content=\"index, follow, max-snippet:-1, max-image-preview:large, max-video-preview:-1\" \/>\n<link rel=\"canonical\" href=\"https:\/\/www.uni.lu\/fhse-de\/news\/oskar-loerke-der-oger-roman\/\" \/>\n<meta property=\"og:locale\" content=\"de_DE\" \/>\n<meta property=\"og:type\" content=\"article\" \/>\n<meta property=\"og:title\" content=\"Oskar Loerke: Der Oger (Roman)\" \/>\n<meta property=\"og:description\" content=\"Genau hundert Jahre nach dem Erstdruck von 1921 erscheint diese erste und bislang einzige textkritische und mit Erl\u00e4uterungen und einem Nachwort versehene Neuedition des epischen Hauptwerks von Oskar Loerke, eines Romans, dessen Wirkung als Unterstrom der Literatur des vergangenen Jahrhunderts bisher weitgehend unerkannt verlief und den es mit dieser Ausgabe neu zu entdecken gilt.\" \/>\n<meta property=\"og:url\" content=\"https:\/\/www.uni.lu\/fhse-de\/news\/oskar-loerke-der-oger-roman\/\" \/>\n<meta property=\"og:site_name\" content=\"FHSE DE\" \/>\n<meta property=\"article:modified_time\" content=\"2025-02-19T09:13:59+00:00\" \/>\n<meta property=\"og:image\" content=\"https:\/\/www.uni.lu\/wp-content\/uploads\/sites\/15\/2025\/02\/oskar_loerke_der_oger_roman.jpg\" \/>\n\t<meta property=\"og:image:width\" content=\"800\" \/>\n\t<meta property=\"og:image:height\" content=\"600\" \/>\n\t<meta property=\"og:image:type\" content=\"image\/jpeg\" \/>\n<meta name=\"twitter:card\" content=\"summary_large_image\" \/>\n<meta name=\"twitter:label1\" content=\"Gesch\u00e4tzte Lesezeit\" \/>\n\t<meta name=\"twitter:data1\" content=\"2 Minuten\" \/>\n<script type=\"application\/ld+json\" class=\"yoast-schema-graph\">{\"@context\":\"https:\/\/schema.org\",\"@graph\":[{\"@type\":\"NewsArticle\",\"@id\":\"https:\/\/www.uni.lu\/fhse-de\/news\/oskar-loerke-der-oger-roman\/#article\",\"isPartOf\":{\"@id\":\"https:\/\/www.uni.lu\/fhse-de\/news\/oskar-loerke-der-oger-roman\/\"},\"author\":{\"name\":\"valentinadelgaudio\",\"@id\":\"https:\/\/www.uni.lu\/fhse-de\/#\/schema\/person\/0d4d61892313f40f3b9bb798f407531b\"},\"headline\":\"Oskar Loerke: Der Oger (Roman)\",\"datePublished\":\"2022-01-12T14:13:00+00:00\",\"dateModified\":\"2025-02-19T09:13:59+00:00\",\"mainEntityOfPage\":{\"@id\":\"https:\/\/www.uni.lu\/fhse-de\/news\/oskar-loerke-der-oger-roman\/\"},\"wordCount\":276,\"publisher\":{\"@id\":\"https:\/\/www.uni.lu\/fhse-de\/#organization\"},\"inLanguage\":\"de-DE\"},{\"@type\":\"WebPage\",\"@id\":\"https:\/\/www.uni.lu\/fhse-de\/news\/oskar-loerke-der-oger-roman\/\",\"url\":\"https:\/\/www.uni.lu\/fhse-de\/news\/oskar-loerke-der-oger-roman\/\",\"name\":\"Oskar Loerke: Der Oger (Roman) - FHSE I Uni.lu\",\"isPartOf\":{\"@id\":\"https:\/\/www.uni.lu\/fhse-de\/#website\"},\"datePublished\":\"2022-01-12T14:13:00+00:00\",\"dateModified\":\"2025-02-19T09:13:59+00:00\",\"description\":\"Genau hundert Jahre nach dem Erstdruck von 1921 erscheint diese erste und bislang einzige textkritische und mit Erl\u00e4uterungen und einem Nachwort versehene Neuedition des epischen Hauptwerks von Oskar Loerke, eines Romans, dessen Wirkung als Unterstrom der Literatur des vergangenen Jahrhunderts bisher weitgehend unerkannt verlief und den es mit dieser Ausgabe neu zu entdecken gilt.\",\"breadcrumb\":{\"@id\":\"https:\/\/www.uni.lu\/fhse-de\/news\/oskar-loerke-der-oger-roman\/#breadcrumb\"},\"inLanguage\":\"de-DE\",\"potentialAction\":[{\"@type\":\"ReadAction\",\"target\":[\"https:\/\/www.uni.lu\/fhse-de\/news\/oskar-loerke-der-oger-roman\/\"]}]},{\"@type\":\"BreadcrumbList\",\"@id\":\"https:\/\/www.uni.lu\/fhse-de\/news\/oskar-loerke-der-oger-roman\/#breadcrumb\",\"itemListElement\":[{\"@type\":\"ListItem\",\"position\":1,\"name\":\"Home\",\"item\":\"https:\/\/www.uni.lu\/de\"},{\"@type\":\"ListItem\",\"position\":2,\"name\":\"Fakult\u00e4t f\u00fcr Geisteswissenschaften, Erziehungswissenschaften und Sozialwissenschaften\",\"item\":\"https:\/\/www.uni.lu\/fhse-de\/\"},{\"@type\":\"ListItem\",\"position\":3,\"name\":\"News\",\"item\":\"https:\/\/www.uni.lu\/fhse-de\/news\/\"},{\"@type\":\"ListItem\",\"position\":4,\"name\":\"Oskar Loerke: Der Oger (Roman)\"}]},{\"@type\":\"WebSite\",\"@id\":\"https:\/\/www.uni.lu\/fhse-de\/#website\",\"url\":\"https:\/\/www.uni.lu\/fhse-de\/\",\"name\":\"FHSE\",\"description\":\"Fakult\u00e4t f\u00fcr Geisteswissenschaften, Erziehungswissenschaften und Sozialwissenschaften I Uni.lu\",\"publisher\":{\"@id\":\"https:\/\/www.uni.lu\/fhse-de\/#organization\"},\"alternateName\":\"Fakult\u00e4t f\u00fcr Geisteswissenschaften, Erziehungswissenschaften und Sozialwissenschaften I Universit\u00e4t Luxemburg\",\"potentialAction\":[{\"@type\":\"SearchAction\",\"target\":{\"@type\":\"EntryPoint\",\"urlTemplate\":\"https:\/\/www.uni.lu\/fhse-de\/?s={search_term_string}\"},\"query-input\":\"required name=search_term_string\"}],\"inLanguage\":\"de-DE\"},{\"@type\":\"Organization\",\"@id\":\"https:\/\/www.uni.lu\/fhse-de\/#organization\",\"name\":\"FHSE - Universit\u00e4t Luxemburg I Uni.lu\",\"alternateName\":\"Fakult\u00e4t f\u00fcr Geisteswissenschaften, Erziehungswissenschaften und Sozialwissenschaften\",\"url\":\"https:\/\/www.uni.lu\/fhse-de\/\",\"logo\":{\"@type\":\"ImageObject\",\"inLanguage\":\"de-DE\",\"@id\":\"https:\/\/www.uni.lu\/fhse-de\/#\/schema\/logo\/image\/\",\"url\":\"https:\/\/www.uni.lu\/wp-content\/uploads\/sites\/15\/2026\/03\/03112457\/FHSE_SM-Profile_1600x1600px-scaled.jpg\",\"contentUrl\":\"https:\/\/www.uni.lu\/wp-content\/uploads\/sites\/15\/2026\/03\/03112457\/FHSE_SM-Profile_1600x1600px-scaled.jpg\",\"width\":2560,\"height\":2560,\"caption\":\"FHSE - Universit\u00e4t Luxemburg I Uni.lu\"},\"image\":\"https:\/\/www.uni.lu\/wp-content\/uploads\/sites\/15\/2026\/04\/24144331\/20200609-Belval-Campus_Henri-Goergen-23.jpg\",\"sameAs\":[\"https:\/\/humanities.uni.lu\/\"],\"email\":\"communication@uni.lu\",\"telephone\":\"+3524666441\",\"address\":{\"@type\":\"PostalAddress\",\"streetAddress\":\"11, Porte des Sciences\",\"addressLocality\":\"Esch-sur-Alzette\",\"postalCode\":\"4365\",\"addressCountry\":\"LU\"},\"description\":\"Fakult\u00e4t f\u00fcr Geisteswissenschaften, Erziehungswissenschaften und Sozialwissenschaften I Uni.lu\"},{\"@type\":\"Person\",\"@id\":\"https:\/\/www.uni.lu\/fhse-de\/#\/schema\/person\/0d4d61892313f40f3b9bb798f407531b\",\"name\":\"valentinadelgaudio\",\"image\":{\"@type\":\"ImageObject\",\"inLanguage\":\"de-DE\",\"@id\":\"https:\/\/www.uni.lu\/fhse-de\/#\/schema\/person\/image\/\",\"url\":\"https:\/\/secure.gravatar.com\/avatar\/be0650afbd68aa0abc872863d8291dc1?s=96&d=mm&r=g\",\"contentUrl\":\"https:\/\/secure.gravatar.com\/avatar\/be0650afbd68aa0abc872863d8291dc1?s=96&d=mm&r=g\",\"caption\":\"valentinadelgaudio\"}}]}<\/script>\n<!-- \/ Yoast SEO Premium plugin. -->","yoast_head_json":{"title":"Oskar Loerke: Der Oger (Roman) - FHSE I Uni.lu","description":"Genau hundert Jahre nach dem Erstdruck von 1921 erscheint diese erste und bislang einzige textkritische und mit Erl\u00e4uterungen und einem Nachwort versehene Neuedition des epischen Hauptwerks von Oskar Loerke, eines Romans, dessen Wirkung als Unterstrom der Literatur des vergangenen Jahrhunderts bisher weitgehend unerkannt verlief und den es mit dieser Ausgabe neu zu entdecken gilt.","robots":{"index":"index","follow":"follow","max-snippet":"max-snippet:-1","max-image-preview":"max-image-preview:large","max-video-preview":"max-video-preview:-1"},"canonical":"https:\/\/www.uni.lu\/fhse-de\/news\/oskar-loerke-der-oger-roman\/","og_locale":"de_DE","og_type":"article","og_title":"Oskar Loerke: Der Oger (Roman)","og_description":"Genau hundert Jahre nach dem Erstdruck von 1921 erscheint diese erste und bislang einzige textkritische und mit Erl\u00e4uterungen und einem Nachwort versehene Neuedition des epischen Hauptwerks von Oskar Loerke, eines Romans, dessen Wirkung als Unterstrom der Literatur des vergangenen Jahrhunderts bisher weitgehend unerkannt verlief und den es mit dieser Ausgabe neu zu entdecken gilt.","og_url":"https:\/\/www.uni.lu\/fhse-de\/news\/oskar-loerke-der-oger-roman\/","og_site_name":"FHSE DE","article_modified_time":"2025-02-19T09:13:59+00:00","og_image":[{"width":800,"height":600,"url":"https:\/\/www.uni.lu\/wp-content\/uploads\/sites\/15\/2025\/02\/oskar_loerke_der_oger_roman.jpg","type":"image\/jpeg"}],"twitter_card":"summary_large_image","twitter_misc":{"Gesch\u00e4tzte Lesezeit":"2 Minuten"},"schema":{"@context":"https:\/\/schema.org","@graph":[{"@type":"NewsArticle","@id":"https:\/\/www.uni.lu\/fhse-de\/news\/oskar-loerke-der-oger-roman\/#article","isPartOf":{"@id":"https:\/\/www.uni.lu\/fhse-de\/news\/oskar-loerke-der-oger-roman\/"},"author":{"name":"valentinadelgaudio","@id":"https:\/\/www.uni.lu\/fhse-de\/#\/schema\/person\/0d4d61892313f40f3b9bb798f407531b"},"headline":"Oskar Loerke: Der Oger (Roman)","datePublished":"2022-01-12T14:13:00+00:00","dateModified":"2025-02-19T09:13:59+00:00","mainEntityOfPage":{"@id":"https:\/\/www.uni.lu\/fhse-de\/news\/oskar-loerke-der-oger-roman\/"},"wordCount":276,"publisher":{"@id":"https:\/\/www.uni.lu\/fhse-de\/#organization"},"inLanguage":"de-DE"},{"@type":"WebPage","@id":"https:\/\/www.uni.lu\/fhse-de\/news\/oskar-loerke-der-oger-roman\/","url":"https:\/\/www.uni.lu\/fhse-de\/news\/oskar-loerke-der-oger-roman\/","name":"Oskar Loerke: Der Oger (Roman) - FHSE I Uni.lu","isPartOf":{"@id":"https:\/\/www.uni.lu\/fhse-de\/#website"},"datePublished":"2022-01-12T14:13:00+00:00","dateModified":"2025-02-19T09:13:59+00:00","description":"Genau hundert Jahre nach dem Erstdruck von 1921 erscheint diese erste und bislang einzige textkritische und mit Erl\u00e4uterungen und einem Nachwort versehene Neuedition des epischen Hauptwerks von Oskar Loerke, eines Romans, dessen Wirkung als Unterstrom der Literatur des vergangenen Jahrhunderts bisher weitgehend unerkannt verlief und den es mit dieser Ausgabe neu zu entdecken gilt.","breadcrumb":{"@id":"https:\/\/www.uni.lu\/fhse-de\/news\/oskar-loerke-der-oger-roman\/#breadcrumb"},"inLanguage":"de-DE","potentialAction":[{"@type":"ReadAction","target":["https:\/\/www.uni.lu\/fhse-de\/news\/oskar-loerke-der-oger-roman\/"]}]},{"@type":"BreadcrumbList","@id":"https:\/\/www.uni.lu\/fhse-de\/news\/oskar-loerke-der-oger-roman\/#breadcrumb","itemListElement":[{"@type":"ListItem","position":1,"name":"Home","item":"https:\/\/www.uni.lu\/de"},{"@type":"ListItem","position":2,"name":"Fakult\u00e4t f\u00fcr Geisteswissenschaften, Erziehungswissenschaften und Sozialwissenschaften","item":"https:\/\/www.uni.lu\/fhse-de\/"},{"@type":"ListItem","position":3,"name":"News","item":"https:\/\/www.uni.lu\/fhse-de\/news\/"},{"@type":"ListItem","position":4,"name":"Oskar Loerke: Der Oger (Roman)"}]},{"@type":"WebSite","@id":"https:\/\/www.uni.lu\/fhse-de\/#website","url":"https:\/\/www.uni.lu\/fhse-de\/","name":"FHSE","description":"Fakult\u00e4t f\u00fcr Geisteswissenschaften, Erziehungswissenschaften und Sozialwissenschaften I Uni.lu","publisher":{"@id":"https:\/\/www.uni.lu\/fhse-de\/#organization"},"alternateName":"Fakult\u00e4t f\u00fcr Geisteswissenschaften, Erziehungswissenschaften und Sozialwissenschaften I Universit\u00e4t Luxemburg","potentialAction":[{"@type":"SearchAction","target":{"@type":"EntryPoint","urlTemplate":"https:\/\/www.uni.lu\/fhse-de\/?s={search_term_string}"},"query-input":"required name=search_term_string"}],"inLanguage":"de-DE"},{"@type":"Organization","@id":"https:\/\/www.uni.lu\/fhse-de\/#organization","name":"FHSE - Universit\u00e4t Luxemburg I Uni.lu","alternateName":"Fakult\u00e4t f\u00fcr Geisteswissenschaften, Erziehungswissenschaften und Sozialwissenschaften","url":"https:\/\/www.uni.lu\/fhse-de\/","logo":{"@type":"ImageObject","inLanguage":"de-DE","@id":"https:\/\/www.uni.lu\/fhse-de\/#\/schema\/logo\/image\/","url":"https:\/\/www.uni.lu\/wp-content\/uploads\/sites\/15\/2026\/03\/03112457\/FHSE_SM-Profile_1600x1600px-scaled.jpg","contentUrl":"https:\/\/www.uni.lu\/wp-content\/uploads\/sites\/15\/2026\/03\/03112457\/FHSE_SM-Profile_1600x1600px-scaled.jpg","width":2560,"height":2560,"caption":"FHSE - Universit\u00e4t Luxemburg I Uni.lu"},"image":"https:\/\/www.uni.lu\/wp-content\/uploads\/sites\/15\/2026\/04\/24144331\/20200609-Belval-Campus_Henri-Goergen-23.jpg","sameAs":["https:\/\/humanities.uni.lu\/"],"email":"communication@uni.lu","telephone":"+3524666441","address":{"@type":"PostalAddress","streetAddress":"11, Porte des Sciences","addressLocality":"Esch-sur-Alzette","postalCode":"4365","addressCountry":"LU"},"description":"Fakult\u00e4t f\u00fcr Geisteswissenschaften, Erziehungswissenschaften und Sozialwissenschaften I Uni.lu"},{"@type":"Person","@id":"https:\/\/www.uni.lu\/fhse-de\/#\/schema\/person\/0d4d61892313f40f3b9bb798f407531b","name":"valentinadelgaudio","image":{"@type":"ImageObject","inLanguage":"de-DE","@id":"https:\/\/www.uni.lu\/fhse-de\/#\/schema\/person\/image\/","url":"https:\/\/secure.gravatar.com\/avatar\/be0650afbd68aa0abc872863d8291dc1?s=96&d=mm&r=g","contentUrl":"https:\/\/secure.gravatar.com\/avatar\/be0650afbd68aa0abc872863d8291dc1?s=96&d=mm&r=g","caption":"valentinadelgaudio"}}]}},"blog_id":15,"_links":{"self":[{"href":"https:\/\/www.uni.lu\/fhse-de\/wp-json\/wp\/v2\/news\/1352"}],"collection":[{"href":"https:\/\/www.uni.lu\/fhse-de\/wp-json\/wp\/v2\/news"}],"about":[{"href":"https:\/\/www.uni.lu\/fhse-de\/wp-json\/wp\/v2\/types\/news"}],"author":[{"embeddable":true,"href":"https:\/\/www.uni.lu\/fhse-de\/wp-json\/wp\/v2\/users\/335"}],"version-history":[{"count":2,"href":"https:\/\/www.uni.lu\/fhse-de\/wp-json\/wp\/v2\/news\/1352\/revisions"}],"predecessor-version":[{"id":1355,"href":"https:\/\/www.uni.lu\/fhse-de\/wp-json\/wp\/v2\/news\/1352\/revisions\/1355"}],"wp:authorship":[{"embeddable":true,"href":"https:\/\/www.uni.lu\/fhse-de\/wp-json\/wp\/v2\/users\/335"},{"embeddable":true,"href":"https:\/\/www.uni.lu\/fhse-de\/wp-json\/wp\/v2\/users\/44"}],"wp:attachment":[{"href":"https:\/\/www.uni.lu\/fhse-de\/wp-json\/wp\/v2\/media?parent=1352"}],"wp:term":[{"taxonomy":"news-category","embeddable":true,"href":"https:\/\/www.uni.lu\/fhse-de\/wp-json\/wp\/v2\/news-category?post=1352"},{"taxonomy":"news-topic","embeddable":true,"href":"https:\/\/www.uni.lu\/fhse-de\/wp-json\/wp\/v2\/news-topic?post=1352"},{"taxonomy":"organisation","embeddable":true,"href":"https:\/\/www.uni.lu\/fhse-de\/wp-json\/wp\/v2\/organisation?post=1352"}],"curies":[{"name":"wp","href":"https:\/\/api.w.org\/{rel}","templated":true}]}}