{"id":1346,"date":"2022-02-09T15:06:00","date_gmt":"2022-02-09T14:06:00","guid":{"rendered":"https:\/\/www.uni.lu\/fhse-de\/?post_type=news&#038;p=1346"},"modified":"2025-02-19T10:11:22","modified_gmt":"2025-02-19T09:11:22","slug":"eu-foerderung-fuer-transnational-german-studies","status":"publish","type":"news","link":"https:\/\/www.uni.lu\/fhse-de\/news\/eu-foerderung-fuer-transnational-german-studies\/","title":{"rendered":"EU-F\u00f6rderung f\u00fcr &#8222;Transnational German Studies&#8220;"},"content":{"rendered":"\n<section class=\"wp-block-unilux-blocks-free-section section\"><div class=\"container xl:max-w-screen-xl\">\n<p>Vier Millionen Euro F\u00f6rderung aus dem Erasmus-Mundus-Programm der EU f\u00fcr Studienstipendien f\u00fcr den europ\u00e4ischen Kooperationsstudiengang Transnational German Studies<\/p>\n\n\n\n<p>Das europ\u00e4ische Joint-Degree-Studienprogramm &#8222;Transnational German Studies&#8220;&nbsp;der Universit\u00e4ten Porto, Luxemburg, Mainz und Palermo wird im Rahmen des Erasmus-Mundus-Programms der Europ\u00e4ischen Union in den kommenden f\u00fcnf Jahren mit rund vier Millionen Euro gef\u00f6rdert. Die F\u00f6rdermittel werden in erster Linie f\u00fcr Studienstipendien eingesetzt.<\/p>\n\n\n\n<p>Aktuell werden nur wenige geisteswissenschaftliche Programme, davon nur drei mit einem Fokus auf Literatur und Kultur, von der EU gef\u00f6rdert; die F\u00f6rderung stellt daher eine besondere Auszeichnung und Anerkennung der Qualit\u00e4t des integrierten Masterstudiengangs dar. \u201eDas Programm bietet eine Reise durch die europ\u00e4ische Kultur- und Literaturgeschichte und macht unseren Studierenden die Vergangenheit, Gegenwart und Zukunft Europas erlebbar. Es bietet interdisziplin\u00e4res, internationales und interkulturelles Lernen zugleich, und zwar immer auch mit einem klaren Blick auf Kompetenzerwerb und die Vermittlung berufsrelevanter F\u00e4higkeiten&#8220;, betonen die Studiengangsverantwortlichen.<\/p>\n\n\n\n<p>Der viersemestrige Masterstudiengang &#8222;Transnational German Studies&#8220;&nbsp;setzt die Besch\u00e4ftigung mit europ\u00e4ischer Kulturgeschichte in Bezug zur deutschen Literaturgeschichte. Die Studierenden befassen sich mit zentralen Motiven der deutschsprachigen und europ\u00e4ischen Literatur, um den interkulturellen Aspekt euro\u00adp\u00e4ischer Literatur im Allgemeinen und deutscher Literatur im Speziellen zu untersuchen. Dabei wird Mehrsprachigkeit als Idee und historische Tatsache in den Blick genommen, zugleich auch praktisch unter den internationalen Studierenden gelebt, indem die Studierenden Sprachkurse zur deutschen Sprache beziehungsweise f\u00fcr die Sprachen der kooperierenden Universit\u00e4ten (Italienisch, Portugiesisch, Luxem\u00adburgisch oder Franz\u00f6sisch) besuchen.<\/p>\n\n\n\n<p>Das Netzwerken mit Vertreterinnen und Vertretern aus relevanten beruflichen Bet\u00e4tigungsfeldern, Praktika und Praxisprojekte erm\u00f6glichen den Studierenden ein individuelles fachliches Profil auszubilden und zu reflektieren, und so den \u00dcbergang ins sp\u00e4tere Berufsleben vorzubereiten. Gestaltet wird dieses besondere Angebot durch die Zusammenarbeit mit zahlreichen au\u00dferuniversit\u00e4ren Kooperationspartnerinnen und -partnern aus Wirtschaft, Medien und Kultur an allen vier Standorten. Studierende bauen so neben zentralen Kompe\u00adtenzen f\u00fcr das Erwerbsleben auch ein eigenes berufliches Netzwerk auf.<\/p>\n\n\n\n<p>Dass es sich um einen Joint-Master Studiengang handelt, bedeutet f\u00fcr die Studierenden, dass sie w\u00e4hrend der gesamten Studiendauer an allen vier Universit\u00e4ten eingeschrieben sind und ein gemeinsames Abschluss\u00adzeugnis von diesen vier Universit\u00e4ten erhalten.<\/p>\n\n\n\n<p>Sie lernen vier Semester lang in gleichbleibenden Gruppen \u2013 in jedem Semester an einer anderen euro\u00adp\u00e4ischen Universit\u00e4t, in einem anderen europ\u00e4ischen Land. Gemeinsam anzukommen und sich einzuleben, verschiedenen Kulturen zu begegnen, Europa gemeinsam zu erleben, das schafft starken Zusammenhalt in der Studierenden\u00adgruppe und verspricht eine au\u00dfergew\u00f6hnliche Studienerfahrung. &nbsp;&nbsp;<\/p>\n\n\n\n<p>Der Studiengang leistet damit auch einen wichtigen Beitrag zur europ\u00e4ischen Vernetzung von Studium und universit\u00e4rer Lehre und entspricht zudem ganz dem internationalen, interkulturellen und mehr\u00adsprachigen Profil der Universit\u00e4t Luxemburg.<\/p>\n\n\n\n<p>Die verf\u00fcgbaren 25 Studienpl\u00e4tze pro Studiendurchgang sind sowohl f\u00fcr Studierende aus Erasmus-Programm\u00adl\u00e4ndern aus aller Welt, also von au\u00dferhalb des Erasmus-Raums, wie auch f\u00fcr Studierende aus Erasmus-Partnerl\u00e4ndern vorgesehen. Mit den jetzt eingeworbenen F\u00f6rdermitteln der EU k\u00f6nnen etwa 15 Studienpl\u00e4tze pro Studiendurchgang mit einem Stipendium vergeben werden; f\u00fcr die weiteren 10 Pl\u00e4tze k\u00f6nnen Bezuschussungen etwa f\u00fcr Geb\u00fchren und notwendige Reisekosten bereitgestellt werden.<\/p>\n\n\n\n<p>Die Bewerbungsphase f\u00fcr das Wintersemester 2022\/2023 startet im Februar 2022 \u00fcber die Partneruniversit\u00e4t in Porto.<\/p>\n\n\n\n<p>Aktuelle Informationen unter <a href=\"https:\/\/transnationalgermanstudies.eu\/\" target=\"_self\" title=\"\" rel=\"noopener\">https:\/\/transnationalgermanstudies.eu\/<\/a> \u2013 Masterstudiengang \u201eTransnational German Studies\u201c.<\/p>\n\n\n\n<p>&nbsp;<\/p>\n\n\n\n<p><strong>Kontakt:<\/strong><\/p>\n\n\n\n<ul class=\"ulux-list\">\n<li class=\"ulux-list-item\">Prof. Dr. Heinz Sieburg (Studiendirektor) -heinz.sieburg@uni.lu<\/li>\n\n\n\n<li class=\"ulux-list-item\">Dr. Amelie Bendheim (stellv. Studiendirektorin) &#8211; amelie.bendheim@uni.lu<\/li>\n<\/ul>\n\n\n\n<p><\/p>\n\n\n\n<p><\/p>\n<\/div><\/section>\n","protected":false},"excerpt":{"rendered":"<p>Vier Millionen Euro F\u00f6rderung aus dem Erasmus-Mundus-Programm der EU f\u00fcr Studienstipendien f\u00fcr den europ\u00e4ischen Kooperationsstudiengang Transnational German Studies<\/p>\n","protected":false},"author":335,"featured_media":0,"template":"","format":"standard","meta":{"featured_image_focal_point":[],"show_featured_caption":false,"ulux_newsletter_groups":"","uluxPostTitle":"","uluxPrePostTitle":"","_trash_the_other_posts":false,"_price":"","_stock":"","_tribe_ticket_header":"","_tribe_default_ticket_provider":"","_tribe_ticket_capacity":"0","_ticket_start_date":"","_ticket_end_date":"","_tribe_ticket_show_description":"","_tribe_ticket_show_not_going":false,"_tribe_ticket_use_global_stock":"","_tribe_ticket_global_stock_level":"","_global_stock_mode":"","_global_stock_cap":"","_tribe_rsvp_for_event":"","_tribe_ticket_going_count":"","_tribe_ticket_not_going_count":"","_tribe_tickets_list":"[]","_tribe_ticket_has_attendee_info_fields":false},"news-category":[3],"news-topic":[16],"organisation":[170],"authorship":[335,44],"acf":[],"yoast_head":"<!-- This site is optimized with the Yoast SEO Premium plugin v22.3 (Yoast SEO v22.3) - https:\/\/yoast.com\/wordpress\/plugins\/seo\/ -->\n<title>EU-F\u00f6rderung f\u00fcr &quot;Transnational German Studies&quot; - FHSE I Uni.lu<\/title>\n<meta name=\"description\" content=\"Vier Millionen Euro F\u00f6rderung aus dem Erasmus-Mundus-Programm der EU f\u00fcr Studienstipendien f\u00fcr den europ\u00e4ischen Kooperationsstudiengang Transnational German Studies\" \/>\n<meta name=\"robots\" content=\"index, follow, max-snippet:-1, max-image-preview:large, max-video-preview:-1\" \/>\n<link rel=\"canonical\" href=\"https:\/\/www.uni.lu\/fhse-de\/news\/eu-foerderung-fuer-transnational-german-studies\/\" \/>\n<meta property=\"og:locale\" content=\"de_DE\" \/>\n<meta property=\"og:type\" content=\"article\" \/>\n<meta property=\"og:title\" content=\"EU-F\u00f6rderung f\u00fcr &quot;Transnational German Studies&quot;\" \/>\n<meta property=\"og:description\" content=\"Vier Millionen Euro F\u00f6rderung aus dem Erasmus-Mundus-Programm der EU f\u00fcr Studienstipendien f\u00fcr den europ\u00e4ischen Kooperationsstudiengang Transnational German Studies\" \/>\n<meta property=\"og:url\" content=\"https:\/\/www.uni.lu\/fhse-de\/news\/eu-foerderung-fuer-transnational-german-studies\/\" \/>\n<meta property=\"og:site_name\" content=\"FHSE DE\" \/>\n<meta property=\"article:modified_time\" content=\"2025-02-19T09:11:22+00:00\" \/>\n<meta property=\"og:image\" content=\"https:\/\/www.uni.lu\/wp-content\/uploads\/sites\/15\/2025\/02\/eu_foerderung_fuer_transnational_german_studies.jpg\" \/>\n\t<meta property=\"og:image:width\" content=\"548\" \/>\n\t<meta property=\"og:image:height\" content=\"774\" \/>\n\t<meta property=\"og:image:type\" content=\"image\/jpeg\" \/>\n<meta name=\"twitter:card\" content=\"summary_large_image\" \/>\n<meta name=\"twitter:label1\" content=\"Gesch\u00e4tzte Lesezeit\" \/>\n\t<meta name=\"twitter:data1\" content=\"3 Minuten\" \/>\n<script type=\"application\/ld+json\" class=\"yoast-schema-graph\">{\"@context\":\"https:\/\/schema.org\",\"@graph\":[{\"@type\":\"NewsArticle\",\"@id\":\"https:\/\/www.uni.lu\/fhse-de\/news\/eu-foerderung-fuer-transnational-german-studies\/#article\",\"isPartOf\":{\"@id\":\"https:\/\/www.uni.lu\/fhse-de\/news\/eu-foerderung-fuer-transnational-german-studies\/\"},\"author\":{\"name\":\"valentinadelgaudio\",\"@id\":\"https:\/\/www.uni.lu\/fhse-de\/#\/schema\/person\/0d4d61892313f40f3b9bb798f407531b\"},\"headline\":\"EU-F\u00f6rderung f\u00fcr &#8222;Transnational German Studies&#8220;\",\"datePublished\":\"2022-02-09T14:06:00+00:00\",\"dateModified\":\"2025-02-19T09:11:22+00:00\",\"mainEntityOfPage\":{\"@id\":\"https:\/\/www.uni.lu\/fhse-de\/news\/eu-foerderung-fuer-transnational-german-studies\/\"},\"wordCount\":583,\"publisher\":{\"@id\":\"https:\/\/www.uni.lu\/fhse-de\/#organization\"},\"inLanguage\":\"de-DE\"},{\"@type\":\"WebPage\",\"@id\":\"https:\/\/www.uni.lu\/fhse-de\/news\/eu-foerderung-fuer-transnational-german-studies\/\",\"url\":\"https:\/\/www.uni.lu\/fhse-de\/news\/eu-foerderung-fuer-transnational-german-studies\/\",\"name\":\"EU-F\u00f6rderung f\u00fcr \\\"Transnational German Studies\\\" - FHSE I Uni.lu\",\"isPartOf\":{\"@id\":\"https:\/\/www.uni.lu\/fhse-de\/#website\"},\"datePublished\":\"2022-02-09T14:06:00+00:00\",\"dateModified\":\"2025-02-19T09:11:22+00:00\",\"description\":\"Vier Millionen Euro F\u00f6rderung aus dem Erasmus-Mundus-Programm der EU f\u00fcr Studienstipendien f\u00fcr den europ\u00e4ischen Kooperationsstudiengang Transnational German Studies\",\"breadcrumb\":{\"@id\":\"https:\/\/www.uni.lu\/fhse-de\/news\/eu-foerderung-fuer-transnational-german-studies\/#breadcrumb\"},\"inLanguage\":\"de-DE\",\"potentialAction\":[{\"@type\":\"ReadAction\",\"target\":[\"https:\/\/www.uni.lu\/fhse-de\/news\/eu-foerderung-fuer-transnational-german-studies\/\"]}]},{\"@type\":\"BreadcrumbList\",\"@id\":\"https:\/\/www.uni.lu\/fhse-de\/news\/eu-foerderung-fuer-transnational-german-studies\/#breadcrumb\",\"itemListElement\":[{\"@type\":\"ListItem\",\"position\":1,\"name\":\"Home\",\"item\":\"https:\/\/www.uni.lu\/de\"},{\"@type\":\"ListItem\",\"position\":2,\"name\":\"Fakult\u00e4t f\u00fcr Geisteswissenschaften, Erziehungswissenschaften und Sozialwissenschaften\",\"item\":\"https:\/\/www.uni.lu\/fhse-de\/\"},{\"@type\":\"ListItem\",\"position\":3,\"name\":\"News\",\"item\":\"https:\/\/www.uni.lu\/fhse-de\/news\/\"},{\"@type\":\"ListItem\",\"position\":4,\"name\":\"EU-F\u00f6rderung f\u00fcr \\\"Transnational German Studies\\\"\"}]},{\"@type\":\"WebSite\",\"@id\":\"https:\/\/www.uni.lu\/fhse-de\/#website\",\"url\":\"https:\/\/www.uni.lu\/fhse-de\/\",\"name\":\"FHSE\",\"description\":\"Fakult\u00e4t f\u00fcr Geisteswissenschaften, Erziehungswissenschaften und Sozialwissenschaften I Uni.lu\",\"publisher\":{\"@id\":\"https:\/\/www.uni.lu\/fhse-de\/#organization\"},\"alternateName\":\"Fakult\u00e4t f\u00fcr Geisteswissenschaften, Erziehungswissenschaften und Sozialwissenschaften I Universit\u00e4t Luxemburg\",\"potentialAction\":[{\"@type\":\"SearchAction\",\"target\":{\"@type\":\"EntryPoint\",\"urlTemplate\":\"https:\/\/www.uni.lu\/fhse-de\/?s={search_term_string}\"},\"query-input\":\"required name=search_term_string\"}],\"inLanguage\":\"de-DE\"},{\"@type\":\"Organization\",\"@id\":\"https:\/\/www.uni.lu\/fhse-de\/#organization\",\"name\":\"FHSE - Universit\u00e4t Luxemburg I Uni.lu\",\"alternateName\":\"Fakult\u00e4t f\u00fcr Geisteswissenschaften, Erziehungswissenschaften und Sozialwissenschaften\",\"url\":\"https:\/\/www.uni.lu\/fhse-de\/\",\"logo\":{\"@type\":\"ImageObject\",\"inLanguage\":\"de-DE\",\"@id\":\"https:\/\/www.uni.lu\/fhse-de\/#\/schema\/logo\/image\/\",\"url\":\"https:\/\/www.uni.lu\/wp-content\/uploads\/sites\/15\/2026\/03\/03112457\/FHSE_SM-Profile_1600x1600px-scaled.jpg\",\"contentUrl\":\"https:\/\/www.uni.lu\/wp-content\/uploads\/sites\/15\/2026\/03\/03112457\/FHSE_SM-Profile_1600x1600px-scaled.jpg\",\"width\":2560,\"height\":2560,\"caption\":\"FHSE - Universit\u00e4t Luxemburg I Uni.lu\"},\"image\":\"https:\/\/www.uni.lu\/wp-content\/uploads\/sites\/15\/2026\/04\/24144331\/20200609-Belval-Campus_Henri-Goergen-23.jpg\",\"sameAs\":[\"https:\/\/humanities.uni.lu\/\"],\"email\":\"communication@uni.lu\",\"telephone\":\"+3524666441\",\"address\":{\"@type\":\"PostalAddress\",\"streetAddress\":\"11, Porte des Sciences\",\"addressLocality\":\"Esch-sur-Alzette\",\"postalCode\":\"4365\",\"addressCountry\":\"LU\"},\"description\":\"Fakult\u00e4t f\u00fcr Geisteswissenschaften, Erziehungswissenschaften und Sozialwissenschaften I Uni.lu\"},{\"@type\":\"Person\",\"@id\":\"https:\/\/www.uni.lu\/fhse-de\/#\/schema\/person\/0d4d61892313f40f3b9bb798f407531b\",\"name\":\"valentinadelgaudio\",\"image\":{\"@type\":\"ImageObject\",\"inLanguage\":\"de-DE\",\"@id\":\"https:\/\/www.uni.lu\/fhse-de\/#\/schema\/person\/image\/\",\"url\":\"https:\/\/secure.gravatar.com\/avatar\/be0650afbd68aa0abc872863d8291dc1?s=96&d=mm&r=g\",\"contentUrl\":\"https:\/\/secure.gravatar.com\/avatar\/be0650afbd68aa0abc872863d8291dc1?s=96&d=mm&r=g\",\"caption\":\"valentinadelgaudio\"}}]}<\/script>\n<!-- \/ Yoast SEO Premium plugin. -->","yoast_head_json":{"title":"EU-F\u00f6rderung f\u00fcr \"Transnational German Studies\" - FHSE I Uni.lu","description":"Vier Millionen Euro F\u00f6rderung aus dem Erasmus-Mundus-Programm der EU f\u00fcr Studienstipendien f\u00fcr den europ\u00e4ischen Kooperationsstudiengang Transnational German Studies","robots":{"index":"index","follow":"follow","max-snippet":"max-snippet:-1","max-image-preview":"max-image-preview:large","max-video-preview":"max-video-preview:-1"},"canonical":"https:\/\/www.uni.lu\/fhse-de\/news\/eu-foerderung-fuer-transnational-german-studies\/","og_locale":"de_DE","og_type":"article","og_title":"EU-F\u00f6rderung f\u00fcr \"Transnational German Studies\"","og_description":"Vier Millionen Euro F\u00f6rderung aus dem Erasmus-Mundus-Programm der EU f\u00fcr Studienstipendien f\u00fcr den europ\u00e4ischen Kooperationsstudiengang Transnational German Studies","og_url":"https:\/\/www.uni.lu\/fhse-de\/news\/eu-foerderung-fuer-transnational-german-studies\/","og_site_name":"FHSE DE","article_modified_time":"2025-02-19T09:11:22+00:00","og_image":[{"width":548,"height":774,"url":"https:\/\/www.uni.lu\/wp-content\/uploads\/sites\/15\/2025\/02\/eu_foerderung_fuer_transnational_german_studies.jpg","type":"image\/jpeg"}],"twitter_card":"summary_large_image","twitter_misc":{"Gesch\u00e4tzte Lesezeit":"3 Minuten"},"schema":{"@context":"https:\/\/schema.org","@graph":[{"@type":"NewsArticle","@id":"https:\/\/www.uni.lu\/fhse-de\/news\/eu-foerderung-fuer-transnational-german-studies\/#article","isPartOf":{"@id":"https:\/\/www.uni.lu\/fhse-de\/news\/eu-foerderung-fuer-transnational-german-studies\/"},"author":{"name":"valentinadelgaudio","@id":"https:\/\/www.uni.lu\/fhse-de\/#\/schema\/person\/0d4d61892313f40f3b9bb798f407531b"},"headline":"EU-F\u00f6rderung f\u00fcr &#8222;Transnational German Studies&#8220;","datePublished":"2022-02-09T14:06:00+00:00","dateModified":"2025-02-19T09:11:22+00:00","mainEntityOfPage":{"@id":"https:\/\/www.uni.lu\/fhse-de\/news\/eu-foerderung-fuer-transnational-german-studies\/"},"wordCount":583,"publisher":{"@id":"https:\/\/www.uni.lu\/fhse-de\/#organization"},"inLanguage":"de-DE"},{"@type":"WebPage","@id":"https:\/\/www.uni.lu\/fhse-de\/news\/eu-foerderung-fuer-transnational-german-studies\/","url":"https:\/\/www.uni.lu\/fhse-de\/news\/eu-foerderung-fuer-transnational-german-studies\/","name":"EU-F\u00f6rderung f\u00fcr \"Transnational German Studies\" - FHSE I Uni.lu","isPartOf":{"@id":"https:\/\/www.uni.lu\/fhse-de\/#website"},"datePublished":"2022-02-09T14:06:00+00:00","dateModified":"2025-02-19T09:11:22+00:00","description":"Vier Millionen Euro F\u00f6rderung aus dem Erasmus-Mundus-Programm der EU f\u00fcr Studienstipendien f\u00fcr den europ\u00e4ischen Kooperationsstudiengang Transnational German Studies","breadcrumb":{"@id":"https:\/\/www.uni.lu\/fhse-de\/news\/eu-foerderung-fuer-transnational-german-studies\/#breadcrumb"},"inLanguage":"de-DE","potentialAction":[{"@type":"ReadAction","target":["https:\/\/www.uni.lu\/fhse-de\/news\/eu-foerderung-fuer-transnational-german-studies\/"]}]},{"@type":"BreadcrumbList","@id":"https:\/\/www.uni.lu\/fhse-de\/news\/eu-foerderung-fuer-transnational-german-studies\/#breadcrumb","itemListElement":[{"@type":"ListItem","position":1,"name":"Home","item":"https:\/\/www.uni.lu\/de"},{"@type":"ListItem","position":2,"name":"Fakult\u00e4t f\u00fcr Geisteswissenschaften, Erziehungswissenschaften und Sozialwissenschaften","item":"https:\/\/www.uni.lu\/fhse-de\/"},{"@type":"ListItem","position":3,"name":"News","item":"https:\/\/www.uni.lu\/fhse-de\/news\/"},{"@type":"ListItem","position":4,"name":"EU-F\u00f6rderung f\u00fcr \"Transnational German Studies\""}]},{"@type":"WebSite","@id":"https:\/\/www.uni.lu\/fhse-de\/#website","url":"https:\/\/www.uni.lu\/fhse-de\/","name":"FHSE","description":"Fakult\u00e4t f\u00fcr Geisteswissenschaften, Erziehungswissenschaften und Sozialwissenschaften I Uni.lu","publisher":{"@id":"https:\/\/www.uni.lu\/fhse-de\/#organization"},"alternateName":"Fakult\u00e4t f\u00fcr Geisteswissenschaften, Erziehungswissenschaften und Sozialwissenschaften I Universit\u00e4t Luxemburg","potentialAction":[{"@type":"SearchAction","target":{"@type":"EntryPoint","urlTemplate":"https:\/\/www.uni.lu\/fhse-de\/?s={search_term_string}"},"query-input":"required name=search_term_string"}],"inLanguage":"de-DE"},{"@type":"Organization","@id":"https:\/\/www.uni.lu\/fhse-de\/#organization","name":"FHSE - Universit\u00e4t Luxemburg I Uni.lu","alternateName":"Fakult\u00e4t f\u00fcr Geisteswissenschaften, Erziehungswissenschaften und Sozialwissenschaften","url":"https:\/\/www.uni.lu\/fhse-de\/","logo":{"@type":"ImageObject","inLanguage":"de-DE","@id":"https:\/\/www.uni.lu\/fhse-de\/#\/schema\/logo\/image\/","url":"https:\/\/www.uni.lu\/wp-content\/uploads\/sites\/15\/2026\/03\/03112457\/FHSE_SM-Profile_1600x1600px-scaled.jpg","contentUrl":"https:\/\/www.uni.lu\/wp-content\/uploads\/sites\/15\/2026\/03\/03112457\/FHSE_SM-Profile_1600x1600px-scaled.jpg","width":2560,"height":2560,"caption":"FHSE - Universit\u00e4t Luxemburg I Uni.lu"},"image":"https:\/\/www.uni.lu\/wp-content\/uploads\/sites\/15\/2026\/04\/24144331\/20200609-Belval-Campus_Henri-Goergen-23.jpg","sameAs":["https:\/\/humanities.uni.lu\/"],"email":"communication@uni.lu","telephone":"+3524666441","address":{"@type":"PostalAddress","streetAddress":"11, Porte des Sciences","addressLocality":"Esch-sur-Alzette","postalCode":"4365","addressCountry":"LU"},"description":"Fakult\u00e4t f\u00fcr Geisteswissenschaften, Erziehungswissenschaften und Sozialwissenschaften I Uni.lu"},{"@type":"Person","@id":"https:\/\/www.uni.lu\/fhse-de\/#\/schema\/person\/0d4d61892313f40f3b9bb798f407531b","name":"valentinadelgaudio","image":{"@type":"ImageObject","inLanguage":"de-DE","@id":"https:\/\/www.uni.lu\/fhse-de\/#\/schema\/person\/image\/","url":"https:\/\/secure.gravatar.com\/avatar\/be0650afbd68aa0abc872863d8291dc1?s=96&d=mm&r=g","contentUrl":"https:\/\/secure.gravatar.com\/avatar\/be0650afbd68aa0abc872863d8291dc1?s=96&d=mm&r=g","caption":"valentinadelgaudio"}}]}},"blog_id":15,"_links":{"self":[{"href":"https:\/\/www.uni.lu\/fhse-de\/wp-json\/wp\/v2\/news\/1346"}],"collection":[{"href":"https:\/\/www.uni.lu\/fhse-de\/wp-json\/wp\/v2\/news"}],"about":[{"href":"https:\/\/www.uni.lu\/fhse-de\/wp-json\/wp\/v2\/types\/news"}],"author":[{"embeddable":true,"href":"https:\/\/www.uni.lu\/fhse-de\/wp-json\/wp\/v2\/users\/335"}],"version-history":[{"count":1,"href":"https:\/\/www.uni.lu\/fhse-de\/wp-json\/wp\/v2\/news\/1346\/revisions"}],"predecessor-version":[{"id":1348,"href":"https:\/\/www.uni.lu\/fhse-de\/wp-json\/wp\/v2\/news\/1346\/revisions\/1348"}],"wp:authorship":[{"embeddable":true,"href":"https:\/\/www.uni.lu\/fhse-de\/wp-json\/wp\/v2\/users\/335"},{"embeddable":true,"href":"https:\/\/www.uni.lu\/fhse-de\/wp-json\/wp\/v2\/users\/44"}],"wp:attachment":[{"href":"https:\/\/www.uni.lu\/fhse-de\/wp-json\/wp\/v2\/media?parent=1346"}],"wp:term":[{"taxonomy":"news-category","embeddable":true,"href":"https:\/\/www.uni.lu\/fhse-de\/wp-json\/wp\/v2\/news-category?post=1346"},{"taxonomy":"news-topic","embeddable":true,"href":"https:\/\/www.uni.lu\/fhse-de\/wp-json\/wp\/v2\/news-topic?post=1346"},{"taxonomy":"organisation","embeddable":true,"href":"https:\/\/www.uni.lu\/fhse-de\/wp-json\/wp\/v2\/organisation?post=1346"}],"curies":[{"name":"wp","href":"https:\/\/api.w.org\/{rel}","templated":true}]}}