{"id":1343,"date":"2022-04-04T15:01:00","date_gmt":"2022-04-04T13:01:00","guid":{"rendered":"https:\/\/www.uni.lu\/fhse-de\/?post_type=news&#038;p=1343"},"modified":"2025-02-19T10:08:10","modified_gmt":"2025-02-19T09:08:10","slug":"oskar-loerkes-der-oger-in-einer-rezension-der-faz","status":"publish","type":"news","link":"https:\/\/www.uni.lu\/fhse-de\/news\/oskar-loerkes-der-oger-in-einer-rezension-der-faz\/","title":{"rendered":"Oskar Loerkes \u201eDer Oger\u201c in einer Rezension der FAZ"},"content":{"rendered":"\n<section class=\"wp-block-unilux-blocks-free-section section\"><div class=\"container xl:max-w-screen-xl\">\n<p>\u201eNach einem Jahrhundert endlich wiederaufgelegt und gl\u00e4nzend kommentiert\u201c<\/p>\n\n\n\n<p>Helmuth Kiesel rezensierte f\u00fcr die FAZ den von <a href=\"https:\/\/wwwfr.uni.lu\/recherche\/fhse\/dhum\/research_institutes\/german_studies\/personen\/dieter_heimboeckel\" target=\"_self\" title=\"\" rel=\"noopener\">Dieter Heimb\u00f6ckel<\/a> und Claus Zittel herausgegebenen Roman <i>Der Oger<\/i> von Oskar Loerke.<\/p>\n\n\n\n<p>Zur Rezension auf faz.de (kostenpflichtig): <a href=\"https:\/\/www.faz.net\/aktuell\/feuilleton\/buecher\/nach-einem-jahrhundert-wiederaufgelegt-oskar-loerkes-der-oger-17922008.html\" target=\"_blank\" title=\"\" rel=\"noopener\">Link<\/a><\/p>\n\n\n\n<p>Die Rezension ist auf buecher.de nachlesbar: Link<\/p>\n<\/div><\/section>\n","protected":false},"excerpt":{"rendered":"<p>\u201eNach einem Jahrhundert endlich wiederaufgelegt und gl\u00e4nzend kommentiert\u201c<\/p>\n","protected":false},"author":335,"featured_media":1344,"template":"","format":"standard","meta":{"featured_image_focal_point":[],"show_featured_caption":false,"ulux_newsletter_groups":"","uluxPostTitle":"","uluxPrePostTitle":"","_trash_the_other_posts":false,"_price":"","_stock":"","_tribe_ticket_header":"","_tribe_default_ticket_provider":"","_tribe_ticket_capacity":"0","_ticket_start_date":"","_ticket_end_date":"","_tribe_ticket_show_description":"","_tribe_ticket_show_not_going":false,"_tribe_ticket_use_global_stock":"","_tribe_ticket_global_stock_level":"","_global_stock_mode":"","_global_stock_cap":"","_tribe_rsvp_for_event":"","_tribe_ticket_going_count":"","_tribe_ticket_not_going_count":"","_tribe_tickets_list":"[]","_tribe_ticket_has_attendee_info_fields":false},"news-category":[3],"news-topic":[16],"organisation":[170,171],"authorship":[335,44],"acf":[],"yoast_head":"<!-- This site is optimized with the Yoast SEO Premium plugin v22.3 (Yoast SEO v22.3) - https:\/\/yoast.com\/wordpress\/plugins\/seo\/ -->\n<title>Oskar Loerkes \u201eDer Oger\u201c in einer Rezension der FAZ - FHSE I Uni.lu<\/title>\n<meta name=\"description\" content=\"\u201eNach einem Jahrhundert endlich wiederaufgelegt und gl\u00e4nzend kommentiert\u201c\" \/>\n<meta name=\"robots\" content=\"index, follow, max-snippet:-1, max-image-preview:large, max-video-preview:-1\" \/>\n<link rel=\"canonical\" href=\"https:\/\/www.uni.lu\/fhse-de\/news\/oskar-loerkes-der-oger-in-einer-rezension-der-faz\/\" \/>\n<meta property=\"og:locale\" content=\"de_DE\" \/>\n<meta property=\"og:type\" content=\"article\" \/>\n<meta property=\"og:title\" content=\"Oskar Loerkes \u201eDer Oger\u201c in einer Rezension der FAZ\" \/>\n<meta property=\"og:description\" content=\"\u201eNach einem Jahrhundert endlich wiederaufgelegt und gl\u00e4nzend kommentiert\u201c\" \/>\n<meta property=\"og:url\" content=\"https:\/\/www.uni.lu\/fhse-de\/news\/oskar-loerkes-der-oger-in-einer-rezension-der-faz\/\" \/>\n<meta property=\"og:site_name\" content=\"FHSE DE\" \/>\n<meta property=\"article:modified_time\" content=\"2025-02-19T09:08:10+00:00\" \/>\n<meta property=\"og:image\" content=\"https:\/\/www.uni.lu\/wp-content\/uploads\/sites\/15\/2025\/02\/oskar_loerkes_der_oger_in_einer_rezension_der_faz.jpg\" \/>\n\t<meta property=\"og:image:width\" content=\"800\" \/>\n\t<meta property=\"og:image:height\" content=\"600\" \/>\n\t<meta property=\"og:image:type\" content=\"image\/jpeg\" \/>\n<meta name=\"twitter:card\" content=\"summary_large_image\" \/>\n<meta name=\"twitter:label1\" content=\"Gesch\u00e4tzte Lesezeit\" \/>\n\t<meta name=\"twitter:data1\" content=\"1 Minute\" \/>\n<script type=\"application\/ld+json\" class=\"yoast-schema-graph\">{\"@context\":\"https:\/\/schema.org\",\"@graph\":[{\"@type\":\"NewsArticle\",\"@id\":\"https:\/\/www.uni.lu\/fhse-de\/news\/oskar-loerkes-der-oger-in-einer-rezension-der-faz\/#article\",\"isPartOf\":{\"@id\":\"https:\/\/www.uni.lu\/fhse-de\/news\/oskar-loerkes-der-oger-in-einer-rezension-der-faz\/\"},\"author\":{\"name\":\"valentinadelgaudio\",\"@id\":\"https:\/\/www.uni.lu\/fhse-de\/#\/schema\/person\/0d4d61892313f40f3b9bb798f407531b\"},\"headline\":\"Oskar Loerkes \u201eDer Oger\u201c in einer Rezension der FAZ\",\"datePublished\":\"2022-04-04T13:01:00+00:00\",\"dateModified\":\"2025-02-19T09:08:10+00:00\",\"mainEntityOfPage\":{\"@id\":\"https:\/\/www.uni.lu\/fhse-de\/news\/oskar-loerkes-der-oger-in-einer-rezension-der-faz\/\"},\"wordCount\":55,\"publisher\":{\"@id\":\"https:\/\/www.uni.lu\/fhse-de\/#organization\"},\"image\":{\"@id\":\"https:\/\/www.uni.lu\/fhse-de\/news\/oskar-loerkes-der-oger-in-einer-rezension-der-faz\/#primaryimage\"},\"thumbnailUrl\":\"https:\/\/www.uni.lu\/wp-content\/uploads\/sites\/15\/2025\/02\/oskar_loerkes_der_oger_in_einer_rezension_der_faz.jpg\",\"inLanguage\":\"de-DE\"},{\"@type\":\"WebPage\",\"@id\":\"https:\/\/www.uni.lu\/fhse-de\/news\/oskar-loerkes-der-oger-in-einer-rezension-der-faz\/\",\"url\":\"https:\/\/www.uni.lu\/fhse-de\/news\/oskar-loerkes-der-oger-in-einer-rezension-der-faz\/\",\"name\":\"Oskar Loerkes \u201eDer Oger\u201c in einer Rezension der FAZ - FHSE I Uni.lu\",\"isPartOf\":{\"@id\":\"https:\/\/www.uni.lu\/fhse-de\/#website\"},\"primaryImageOfPage\":{\"@id\":\"https:\/\/www.uni.lu\/fhse-de\/news\/oskar-loerkes-der-oger-in-einer-rezension-der-faz\/#primaryimage\"},\"image\":{\"@id\":\"https:\/\/www.uni.lu\/fhse-de\/news\/oskar-loerkes-der-oger-in-einer-rezension-der-faz\/#primaryimage\"},\"thumbnailUrl\":\"https:\/\/www.uni.lu\/wp-content\/uploads\/sites\/15\/2025\/02\/oskar_loerkes_der_oger_in_einer_rezension_der_faz.jpg\",\"datePublished\":\"2022-04-04T13:01:00+00:00\",\"dateModified\":\"2025-02-19T09:08:10+00:00\",\"description\":\"\u201eNach einem Jahrhundert endlich wiederaufgelegt und gl\u00e4nzend kommentiert\u201c\",\"breadcrumb\":{\"@id\":\"https:\/\/www.uni.lu\/fhse-de\/news\/oskar-loerkes-der-oger-in-einer-rezension-der-faz\/#breadcrumb\"},\"inLanguage\":\"de-DE\",\"potentialAction\":[{\"@type\":\"ReadAction\",\"target\":[\"https:\/\/www.uni.lu\/fhse-de\/news\/oskar-loerkes-der-oger-in-einer-rezension-der-faz\/\"]}]},{\"@type\":\"ImageObject\",\"inLanguage\":\"de-DE\",\"@id\":\"https:\/\/www.uni.lu\/fhse-de\/news\/oskar-loerkes-der-oger-in-einer-rezension-der-faz\/#primaryimage\",\"url\":\"https:\/\/www.uni.lu\/wp-content\/uploads\/sites\/15\/2025\/02\/oskar_loerkes_der_oger_in_einer_rezension_der_faz.jpg\",\"contentUrl\":\"https:\/\/www.uni.lu\/wp-content\/uploads\/sites\/15\/2025\/02\/oskar_loerkes_der_oger_in_einer_rezension_der_faz.jpg\",\"width\":800,\"height\":600},{\"@type\":\"BreadcrumbList\",\"@id\":\"https:\/\/www.uni.lu\/fhse-de\/news\/oskar-loerkes-der-oger-in-einer-rezension-der-faz\/#breadcrumb\",\"itemListElement\":[{\"@type\":\"ListItem\",\"position\":1,\"name\":\"Home\",\"item\":\"https:\/\/www.uni.lu\/de\"},{\"@type\":\"ListItem\",\"position\":2,\"name\":\"Fakult\u00e4t f\u00fcr Geisteswissenschaften, Erziehungswissenschaften und Sozialwissenschaften\",\"item\":\"https:\/\/www.uni.lu\/fhse-de\/\"},{\"@type\":\"ListItem\",\"position\":3,\"name\":\"News\",\"item\":\"https:\/\/www.uni.lu\/fhse-de\/news\/\"},{\"@type\":\"ListItem\",\"position\":4,\"name\":\"Oskar Loerkes \u201eDer Oger\u201c in einer Rezension der FAZ\"}]},{\"@type\":\"WebSite\",\"@id\":\"https:\/\/www.uni.lu\/fhse-de\/#website\",\"url\":\"https:\/\/www.uni.lu\/fhse-de\/\",\"name\":\"FHSE\",\"description\":\"Fakult\u00e4t f\u00fcr Geisteswissenschaften, Erziehungswissenschaften und Sozialwissenschaften I Uni.lu\",\"publisher\":{\"@id\":\"https:\/\/www.uni.lu\/fhse-de\/#organization\"},\"alternateName\":\"Fakult\u00e4t f\u00fcr Geisteswissenschaften, Erziehungswissenschaften und Sozialwissenschaften I Universit\u00e4t Luxemburg\",\"potentialAction\":[{\"@type\":\"SearchAction\",\"target\":{\"@type\":\"EntryPoint\",\"urlTemplate\":\"https:\/\/www.uni.lu\/fhse-de\/?s={search_term_string}\"},\"query-input\":\"required name=search_term_string\"}],\"inLanguage\":\"de-DE\"},{\"@type\":\"Organization\",\"@id\":\"https:\/\/www.uni.lu\/fhse-de\/#organization\",\"name\":\"FHSE - Universit\u00e4t Luxemburg I Uni.lu\",\"alternateName\":\"Fakult\u00e4t f\u00fcr Geisteswissenschaften, Erziehungswissenschaften und Sozialwissenschaften\",\"url\":\"https:\/\/www.uni.lu\/fhse-de\/\",\"logo\":{\"@type\":\"ImageObject\",\"inLanguage\":\"de-DE\",\"@id\":\"https:\/\/www.uni.lu\/fhse-de\/#\/schema\/logo\/image\/\",\"url\":\"https:\/\/www.uni.lu\/wp-content\/uploads\/sites\/15\/2026\/03\/03112457\/FHSE_SM-Profile_1600x1600px-scaled.jpg\",\"contentUrl\":\"https:\/\/www.uni.lu\/wp-content\/uploads\/sites\/15\/2026\/03\/03112457\/FHSE_SM-Profile_1600x1600px-scaled.jpg\",\"width\":2560,\"height\":2560,\"caption\":\"FHSE - Universit\u00e4t Luxemburg I Uni.lu\"},\"image\":\"https:\/\/www.uni.lu\/wp-content\/uploads\/sites\/15\/2026\/04\/24144331\/20200609-Belval-Campus_Henri-Goergen-23.jpg\",\"sameAs\":[\"https:\/\/humanities.uni.lu\/\"],\"email\":\"communication@uni.lu\",\"telephone\":\"+3524666441\",\"address\":{\"@type\":\"PostalAddress\",\"streetAddress\":\"11, Porte des Sciences\",\"addressLocality\":\"Esch-sur-Alzette\",\"postalCode\":\"4365\",\"addressCountry\":\"LU\"},\"description\":\"Fakult\u00e4t f\u00fcr Geisteswissenschaften, Erziehungswissenschaften und Sozialwissenschaften I Uni.lu\"},{\"@type\":\"Person\",\"@id\":\"https:\/\/www.uni.lu\/fhse-de\/#\/schema\/person\/0d4d61892313f40f3b9bb798f407531b\",\"name\":\"valentinadelgaudio\",\"image\":{\"@type\":\"ImageObject\",\"inLanguage\":\"de-DE\",\"@id\":\"https:\/\/www.uni.lu\/fhse-de\/#\/schema\/person\/image\/\",\"url\":\"https:\/\/secure.gravatar.com\/avatar\/be0650afbd68aa0abc872863d8291dc1?s=96&d=mm&r=g\",\"contentUrl\":\"https:\/\/secure.gravatar.com\/avatar\/be0650afbd68aa0abc872863d8291dc1?s=96&d=mm&r=g\",\"caption\":\"valentinadelgaudio\"}}]}<\/script>\n<!-- \/ Yoast SEO Premium plugin. -->","yoast_head_json":{"title":"Oskar Loerkes \u201eDer Oger\u201c in einer Rezension der FAZ - FHSE I Uni.lu","description":"\u201eNach einem Jahrhundert endlich wiederaufgelegt und gl\u00e4nzend kommentiert\u201c","robots":{"index":"index","follow":"follow","max-snippet":"max-snippet:-1","max-image-preview":"max-image-preview:large","max-video-preview":"max-video-preview:-1"},"canonical":"https:\/\/www.uni.lu\/fhse-de\/news\/oskar-loerkes-der-oger-in-einer-rezension-der-faz\/","og_locale":"de_DE","og_type":"article","og_title":"Oskar Loerkes \u201eDer Oger\u201c in einer Rezension der FAZ","og_description":"\u201eNach einem Jahrhundert endlich wiederaufgelegt und gl\u00e4nzend kommentiert\u201c","og_url":"https:\/\/www.uni.lu\/fhse-de\/news\/oskar-loerkes-der-oger-in-einer-rezension-der-faz\/","og_site_name":"FHSE DE","article_modified_time":"2025-02-19T09:08:10+00:00","og_image":[{"width":800,"height":600,"url":"https:\/\/www.uni.lu\/wp-content\/uploads\/sites\/15\/2025\/02\/oskar_loerkes_der_oger_in_einer_rezension_der_faz.jpg","type":"image\/jpeg"}],"twitter_card":"summary_large_image","twitter_misc":{"Gesch\u00e4tzte Lesezeit":"1 Minute"},"schema":{"@context":"https:\/\/schema.org","@graph":[{"@type":"NewsArticle","@id":"https:\/\/www.uni.lu\/fhse-de\/news\/oskar-loerkes-der-oger-in-einer-rezension-der-faz\/#article","isPartOf":{"@id":"https:\/\/www.uni.lu\/fhse-de\/news\/oskar-loerkes-der-oger-in-einer-rezension-der-faz\/"},"author":{"name":"valentinadelgaudio","@id":"https:\/\/www.uni.lu\/fhse-de\/#\/schema\/person\/0d4d61892313f40f3b9bb798f407531b"},"headline":"Oskar Loerkes \u201eDer Oger\u201c in einer Rezension der FAZ","datePublished":"2022-04-04T13:01:00+00:00","dateModified":"2025-02-19T09:08:10+00:00","mainEntityOfPage":{"@id":"https:\/\/www.uni.lu\/fhse-de\/news\/oskar-loerkes-der-oger-in-einer-rezension-der-faz\/"},"wordCount":55,"publisher":{"@id":"https:\/\/www.uni.lu\/fhse-de\/#organization"},"image":{"@id":"https:\/\/www.uni.lu\/fhse-de\/news\/oskar-loerkes-der-oger-in-einer-rezension-der-faz\/#primaryimage"},"thumbnailUrl":"https:\/\/www.uni.lu\/wp-content\/uploads\/sites\/15\/2025\/02\/oskar_loerkes_der_oger_in_einer_rezension_der_faz.jpg","inLanguage":"de-DE"},{"@type":"WebPage","@id":"https:\/\/www.uni.lu\/fhse-de\/news\/oskar-loerkes-der-oger-in-einer-rezension-der-faz\/","url":"https:\/\/www.uni.lu\/fhse-de\/news\/oskar-loerkes-der-oger-in-einer-rezension-der-faz\/","name":"Oskar Loerkes \u201eDer Oger\u201c in einer Rezension der FAZ - FHSE I Uni.lu","isPartOf":{"@id":"https:\/\/www.uni.lu\/fhse-de\/#website"},"primaryImageOfPage":{"@id":"https:\/\/www.uni.lu\/fhse-de\/news\/oskar-loerkes-der-oger-in-einer-rezension-der-faz\/#primaryimage"},"image":{"@id":"https:\/\/www.uni.lu\/fhse-de\/news\/oskar-loerkes-der-oger-in-einer-rezension-der-faz\/#primaryimage"},"thumbnailUrl":"https:\/\/www.uni.lu\/wp-content\/uploads\/sites\/15\/2025\/02\/oskar_loerkes_der_oger_in_einer_rezension_der_faz.jpg","datePublished":"2022-04-04T13:01:00+00:00","dateModified":"2025-02-19T09:08:10+00:00","description":"\u201eNach einem Jahrhundert endlich wiederaufgelegt und gl\u00e4nzend kommentiert\u201c","breadcrumb":{"@id":"https:\/\/www.uni.lu\/fhse-de\/news\/oskar-loerkes-der-oger-in-einer-rezension-der-faz\/#breadcrumb"},"inLanguage":"de-DE","potentialAction":[{"@type":"ReadAction","target":["https:\/\/www.uni.lu\/fhse-de\/news\/oskar-loerkes-der-oger-in-einer-rezension-der-faz\/"]}]},{"@type":"ImageObject","inLanguage":"de-DE","@id":"https:\/\/www.uni.lu\/fhse-de\/news\/oskar-loerkes-der-oger-in-einer-rezension-der-faz\/#primaryimage","url":"https:\/\/www.uni.lu\/wp-content\/uploads\/sites\/15\/2025\/02\/oskar_loerkes_der_oger_in_einer_rezension_der_faz.jpg","contentUrl":"https:\/\/www.uni.lu\/wp-content\/uploads\/sites\/15\/2025\/02\/oskar_loerkes_der_oger_in_einer_rezension_der_faz.jpg","width":800,"height":600},{"@type":"BreadcrumbList","@id":"https:\/\/www.uni.lu\/fhse-de\/news\/oskar-loerkes-der-oger-in-einer-rezension-der-faz\/#breadcrumb","itemListElement":[{"@type":"ListItem","position":1,"name":"Home","item":"https:\/\/www.uni.lu\/de"},{"@type":"ListItem","position":2,"name":"Fakult\u00e4t f\u00fcr Geisteswissenschaften, Erziehungswissenschaften und Sozialwissenschaften","item":"https:\/\/www.uni.lu\/fhse-de\/"},{"@type":"ListItem","position":3,"name":"News","item":"https:\/\/www.uni.lu\/fhse-de\/news\/"},{"@type":"ListItem","position":4,"name":"Oskar Loerkes \u201eDer Oger\u201c in einer Rezension der FAZ"}]},{"@type":"WebSite","@id":"https:\/\/www.uni.lu\/fhse-de\/#website","url":"https:\/\/www.uni.lu\/fhse-de\/","name":"FHSE","description":"Fakult\u00e4t f\u00fcr Geisteswissenschaften, Erziehungswissenschaften und Sozialwissenschaften I Uni.lu","publisher":{"@id":"https:\/\/www.uni.lu\/fhse-de\/#organization"},"alternateName":"Fakult\u00e4t f\u00fcr Geisteswissenschaften, Erziehungswissenschaften und Sozialwissenschaften I Universit\u00e4t Luxemburg","potentialAction":[{"@type":"SearchAction","target":{"@type":"EntryPoint","urlTemplate":"https:\/\/www.uni.lu\/fhse-de\/?s={search_term_string}"},"query-input":"required name=search_term_string"}],"inLanguage":"de-DE"},{"@type":"Organization","@id":"https:\/\/www.uni.lu\/fhse-de\/#organization","name":"FHSE - Universit\u00e4t Luxemburg I Uni.lu","alternateName":"Fakult\u00e4t f\u00fcr Geisteswissenschaften, Erziehungswissenschaften und Sozialwissenschaften","url":"https:\/\/www.uni.lu\/fhse-de\/","logo":{"@type":"ImageObject","inLanguage":"de-DE","@id":"https:\/\/www.uni.lu\/fhse-de\/#\/schema\/logo\/image\/","url":"https:\/\/www.uni.lu\/wp-content\/uploads\/sites\/15\/2026\/03\/03112457\/FHSE_SM-Profile_1600x1600px-scaled.jpg","contentUrl":"https:\/\/www.uni.lu\/wp-content\/uploads\/sites\/15\/2026\/03\/03112457\/FHSE_SM-Profile_1600x1600px-scaled.jpg","width":2560,"height":2560,"caption":"FHSE - Universit\u00e4t Luxemburg I Uni.lu"},"image":"https:\/\/www.uni.lu\/wp-content\/uploads\/sites\/15\/2026\/04\/24144331\/20200609-Belval-Campus_Henri-Goergen-23.jpg","sameAs":["https:\/\/humanities.uni.lu\/"],"email":"communication@uni.lu","telephone":"+3524666441","address":{"@type":"PostalAddress","streetAddress":"11, Porte des Sciences","addressLocality":"Esch-sur-Alzette","postalCode":"4365","addressCountry":"LU"},"description":"Fakult\u00e4t f\u00fcr Geisteswissenschaften, Erziehungswissenschaften und Sozialwissenschaften I Uni.lu"},{"@type":"Person","@id":"https:\/\/www.uni.lu\/fhse-de\/#\/schema\/person\/0d4d61892313f40f3b9bb798f407531b","name":"valentinadelgaudio","image":{"@type":"ImageObject","inLanguage":"de-DE","@id":"https:\/\/www.uni.lu\/fhse-de\/#\/schema\/person\/image\/","url":"https:\/\/secure.gravatar.com\/avatar\/be0650afbd68aa0abc872863d8291dc1?s=96&d=mm&r=g","contentUrl":"https:\/\/secure.gravatar.com\/avatar\/be0650afbd68aa0abc872863d8291dc1?s=96&d=mm&r=g","caption":"valentinadelgaudio"}}]}},"blog_id":15,"_links":{"self":[{"href":"https:\/\/www.uni.lu\/fhse-de\/wp-json\/wp\/v2\/news\/1343"}],"collection":[{"href":"https:\/\/www.uni.lu\/fhse-de\/wp-json\/wp\/v2\/news"}],"about":[{"href":"https:\/\/www.uni.lu\/fhse-de\/wp-json\/wp\/v2\/types\/news"}],"author":[{"embeddable":true,"href":"https:\/\/www.uni.lu\/fhse-de\/wp-json\/wp\/v2\/users\/335"}],"version-history":[{"count":1,"href":"https:\/\/www.uni.lu\/fhse-de\/wp-json\/wp\/v2\/news\/1343\/revisions"}],"predecessor-version":[{"id":1345,"href":"https:\/\/www.uni.lu\/fhse-de\/wp-json\/wp\/v2\/news\/1343\/revisions\/1345"}],"wp:authorship":[{"embeddable":true,"href":"https:\/\/www.uni.lu\/fhse-de\/wp-json\/wp\/v2\/users\/335"},{"embeddable":true,"href":"https:\/\/www.uni.lu\/fhse-de\/wp-json\/wp\/v2\/users\/44"}],"wp:featuredmedia":[{"embeddable":true,"href":"https:\/\/www.uni.lu\/fhse-de\/wp-json\/wp\/v2\/media\/1344"}],"wp:attachment":[{"href":"https:\/\/www.uni.lu\/fhse-de\/wp-json\/wp\/v2\/media?parent=1343"}],"wp:term":[{"taxonomy":"news-category","embeddable":true,"href":"https:\/\/www.uni.lu\/fhse-de\/wp-json\/wp\/v2\/news-category?post=1343"},{"taxonomy":"news-topic","embeddable":true,"href":"https:\/\/www.uni.lu\/fhse-de\/wp-json\/wp\/v2\/news-topic?post=1343"},{"taxonomy":"organisation","embeddable":true,"href":"https:\/\/www.uni.lu\/fhse-de\/wp-json\/wp\/v2\/organisation?post=1343"}],"curies":[{"name":"wp","href":"https:\/\/api.w.org\/{rel}","templated":true}]}}