{"id":1271,"date":"2025-01-29T15:35:59","date_gmt":"2025-01-29T14:35:59","guid":{"rendered":"https:\/\/www.uni.lu\/fhse-de\/?post_type=news&#038;p=1271"},"modified":"2025-01-29T15:37:06","modified_gmt":"2025-01-29T14:37:06","slug":"musikerziehung-fuer-zukuenftige-generationen","status":"publish","type":"news","link":"https:\/\/www.uni.lu\/fhse-de\/news\/musikerziehung-fuer-zukuenftige-generationen\/","title":{"rendered":"Uni.lu in den Medien: Musikerziehung f\u00fcr zuk\u00fcnftige Generationen"},"content":{"rendered":"\n<section class=\"wp-block-unilux-blocks-free-section section\"><div class=\"container xl:max-w-screen-xl\">\n<p>&nbsp;Seit 2021 bietet die Universit\u00e4t einen <a href=\"https:\/\/www.uni.lu\/fhse-en\/study-programs\/bachelor-en-enseignement-musical\/\">Bachelor in Musikerziehung<\/a> an, f\u00fcr Studierende die eine Karriere als Musiklehrer anstreben. Es ist das erste Mal in Luxemburg, dass dieser Studiengang auf akademischer Ebene angeboten wird. Prof. Luc Nijs wurde kurz darauf eingestellt. Mit seiner langj\u00e4hrigen wissenschaftlichen Erfahrung dar\u00fcber, wie Kinder Musik lernen und welche Rolle der K\u00f6rper und die Technologie bei dieser Musikerziehung spielen k\u00f6nnen, leitet er schrittweise die Innovation im Bereich der Musikerziehung an.&nbsp;&nbsp;<\/p>\n\n\n<div class=\"wp-block-unilux-blocks-spacer is-spacer-size-sm\"><\/div>\n\n\n<ul class=\"wp-block-unilux-blocks-button-list-v2\">\n<li class=\"wp-block-unilux-blocks-button-list-item-v2\"><a class=\"quick-link\" href=\"https:\/\/100komma7.lu\/show\/Moiesstudio\/202501290832\/episode\/Wei-leiere-Kanner-am-Beschte-Musek-maachen?pd=radio\" target=\"_blank\" role=\"link\" rel=\"noopener\" tabindex=\"0\"><span class=\"quick-link__container\">\n<div class=\"wp-block-unilux-blocks-block-inserter quick-link__img\">\n<div class=\"icon--primary icon--secondary-2 icon--xl wp-block-unilux-blocks-icon-picker\">\n    <svg aria-hidden=\"true\" focusable=\"false\" class=\"icon icon-outline icon--audio \"><use xlink:href=\"https:\/\/www.uni.lu\/wp-content\/themes\/unilux-theme\/assets\/images\/icons\/icons-outline.svg#icon--audio\"><\/use><\/svg><\/div><\/div>\n\n\n\n<span class=\"quick-link__name wp-block-unilux-blocks-plain-text\">H\u00f6ren Sie sich sein Interview (auf Franz\u00f6sich) auf 100komma7 an<\/span>\n\n<svg aria-hidden=\"true\" focusable=\"false\" class=\"icon icon-outline icon--arrow-right \"><use xlink:href=\"https:\/\/www.uni.lu\/wp-content\/themes\/unilux-theme\/assets\/images\/icons\/icons-outline.svg#icon--arrow-right\"><\/use><\/svg><\/span><\/a><\/li>\n<\/ul>\n\n\n<div class=\"py-48 first:pt-0 last:pb-0 wp-block-unilux-blocks-people-list\">\n    \n<h2 class=\"has-text-align-left wp-block-unilux-blocks-heading\"    >\n<\/h2>\n<ul class=\"flex flex-wrap -mx-16 wp-block-unilux-blocks-people-item-wrapper\">\n    <li class=\"w-full md:w-1\/2 p-16 wp-block-unilux-blocks-people-list-item\">\n    <div class=\"list-people bg-theme wp-block-unilux-blocks-people-item\">\n    \n<div class=\"wp-block-unilux-blocks-wrapper list-people__container\">\n<div class=\"wp-block-unilux-blocks-wrapper list-people__visual\"><figure class=\"wp-block-dev4-reusable-blocks-image w-full object-fit--cover\">\n    \n<img decoding=\"async\" class=\"wp-block-image unilux-custom-image-block\"\n                alt=\"\"\n            src=\"https:\/\/www.uni.lu\/wp-content\/uploads\/sites\/2\/2025\/01\/nijs-scaled.jpg\"\n                    style=\"object-position: 76.00% 34.00%; font-family: &quot;object-fit: cover; object-position: 76.00% 34.00%;&quot;; aspect-ratio: 1\/1; object-fit: cover; width: 100%;\"\n        loading=\"lazy\"\n\/>    <\/figure><\/div>\n\n\n\n<div class=\"wp-block-unilux-blocks-wrapper list-people__body\">\n<h3 class=\"list-people__title has-text-align-left wp-block-unilux-blocks-heading\"        id=\"assoc-prof-luc-nijs\"\n    >\nAssoc. Prof Luc NIJS<\/h3>\n\n\n\n<p class=\"list-people__description wp-block-unilux-blocks-plain-text\">Associate professor in Early Childhood Music Education<\/p>\n\n<div class=\"wp-block-unilux-blocks-simple-cta\">\n    <a\n        href=\"https:\/\/www.uni.lu\/fhse-en\/people\/luc-nijs\/\"\n        title=\"View profile\"\n        class=\"link-text link-text--icon list-people__link link-text link-absolute\"\n        target=\"\"\n    >\n        <span class=\"link-text__body\">\n            <span class=\"link-text__name\">Profil ansehen<\/span>\n        <\/span>\n        <svg aria-hidden=\"true\" focusable=\"false\" class=\"icon icon-outline icon--arrow-right \"><use xlink:href=\"https:\/\/www.uni.lu\/wp-content\/themes\/unilux-theme\/assets\/images\/icons\/icons-outline.svg#icon--arrow-right\"><\/use><\/svg>    <\/a>\n<\/div>\n<\/div>\n<\/div>\n<\/div>\n\n<\/li><\/ul>\n\n<\/div>\n\n\n\n<section class=\"section section wp-block-unilux-blocks-quick-link-discover-section\">\n    <div class=\"container xl:max-w-screen-xl\">\n        \n<h2 class=\"has-text-align-left wp-block-unilux-blocks-heading\"        id=\"mehr-zu-entdecken\"\n    >\nMehr zu entdecken<\/h2>\n\n<ul class=\"wp-block-unilux-blocks-quick-link-discover quick-link-list\">\n<li class=\"wp-block-unilux-blocks-quick-link-discover-item\">\n    <a\n                    href=\"https:\/\/www.uni.lu\/fhse-en\/study-programs\/bachelor-en-enseignement-musical\/\"\n                    class=\"quick-link\"\n            target=\"\"\n    >\n            <span class=\"quick-link__container\">\n                <span class=\"quick-link__text\">\n                    Bachelor in Musikerziehung                <\/span>\n                <svg aria-hidden=\"true\" focusable=\"false\" class=\"icon icon-outline icon--arrow-right \"><use xlink:href=\"https:\/\/www.uni.lu\/wp-content\/themes\/unilux-theme\/assets\/images\/icons\/icons-outline.svg#icon--arrow-right\"><\/use><\/svg>            <\/span>\n    <\/a>\n<\/li>\n\n\n\n<li class=\"wp-block-unilux-blocks-quick-link-discover-item\">\n    <a\n                    href=\"https:\/\/www.uni.lu\/fhse-de\/news\/mehr-lautstarke-fur-die-innovation-in-der-musikausbildung\/\"\n                    class=\"quick-link\"\n            target=\"\"\n    >\n            <span class=\"quick-link__container\">\n                <span class=\"quick-link__text\">\n                    Mehr Lautst\u00e4rke f\u00fcr die Innovation in der Musikausbildung                 <\/span>\n                <svg aria-hidden=\"true\" focusable=\"false\" class=\"icon icon-outline icon--arrow-right \"><use xlink:href=\"https:\/\/www.uni.lu\/wp-content\/themes\/unilux-theme\/assets\/images\/icons\/icons-outline.svg#icon--arrow-right\"><\/use><\/svg>            <\/span>\n    <\/a>\n<\/li>\n<\/ul>\n    <\/div>\n<\/section><\/div><\/section>\n","protected":false},"excerpt":{"rendered":"","protected":false},"author":341,"featured_media":1273,"template":"","format":"standard","meta":{"featured_image_focal_point":[],"show_featured_caption":false,"ulux_newsletter_groups":"","uluxPostTitle":"","uluxPrePostTitle":"","_trash_the_other_posts":false,"_price":"","_stock":"","_tribe_ticket_header":"","_tribe_default_ticket_provider":"","_tribe_ticket_capacity":"0","_ticket_start_date":"","_ticket_end_date":"","_tribe_ticket_show_description":"","_tribe_ticket_show_not_going":false,"_tribe_ticket_use_global_stock":"","_tribe_ticket_global_stock_level":"","_global_stock_mode":"","_global_stock_cap":"","_tribe_rsvp_for_event":"","_tribe_ticket_going_count":"","_tribe_ticket_not_going_count":"","_tribe_tickets_list":"[]","_tribe_ticket_has_attendee_info_fields":false},"news-category":[4],"news-topic":[11],"organisation":[164],"authorship":[341],"acf":[],"yoast_head":"<!-- This site is optimized with the Yoast SEO Premium plugin v22.3 (Yoast SEO v22.3) - https:\/\/yoast.com\/wordpress\/plugins\/seo\/ -->\n<title>Uni.lu in den Medien: Musikerziehung f\u00fcr zuk\u00fcnftige Generationen - FHSE Aktualit\u00e4ten I Universit\u00e4t Luxemburg<\/title>\n<meta name=\"description\" content=\"&nbsp;Seit 2021 bietet die Universit\u00e4t einen Bachelor in Musikerziehung an, f\u00fcr Studierende die eine Karriere als Musiklehrer anstreben. Es ist das erste\" \/>\n<meta name=\"robots\" content=\"index, follow, max-snippet:-1, max-image-preview:large, max-video-preview:-1\" \/>\n<link rel=\"canonical\" href=\"https:\/\/www.uni.lu\/fhse-de\/news\/musikerziehung-fuer-zukuenftige-generationen\/\" \/>\n<meta property=\"og:locale\" content=\"de_DE\" \/>\n<meta property=\"og:type\" content=\"article\" \/>\n<meta property=\"og:title\" content=\"Uni.lu in den Medien: Musikerziehung f\u00fcr zuk\u00fcnftige Generationen\" \/>\n<meta property=\"og:description\" content=\"&nbsp;Seit 2021 bietet die Universit\u00e4t einen Bachelor in Musikerziehung an, f\u00fcr Studierende die eine Karriere als Musiklehrer anstreben. Es ist das erste\" \/>\n<meta property=\"og:url\" content=\"https:\/\/www.uni.lu\/fhse-de\/news\/musikerziehung-fuer-zukuenftige-generationen\/\" \/>\n<meta property=\"og:site_name\" content=\"FHSE DE\" \/>\n<meta property=\"article:modified_time\" content=\"2025-01-29T14:37:06+00:00\" \/>\n<meta property=\"og:image\" content=\"https:\/\/www.uni.lu\/wp-content\/uploads\/sites\/15\/2025\/01\/music-teaching.jpg\" \/>\n\t<meta property=\"og:image:width\" content=\"2560\" \/>\n\t<meta property=\"og:image:height\" content=\"1707\" \/>\n\t<meta property=\"og:image:type\" content=\"image\/jpeg\" \/>\n<meta name=\"twitter:card\" content=\"summary_large_image\" \/>\n<meta name=\"twitter:label1\" content=\"Gesch\u00e4tzte Lesezeit\" \/>\n\t<meta name=\"twitter:data1\" content=\"1 Minute\" \/>\n<script type=\"application\/ld+json\" class=\"yoast-schema-graph\">{\"@context\":\"https:\/\/schema.org\",\"@graph\":[{\"@type\":\"NewsArticle\",\"@id\":\"https:\/\/www.uni.lu\/fhse-de\/news\/musikerziehung-fuer-zukuenftige-generationen\/#article\",\"isPartOf\":{\"@id\":\"https:\/\/www.uni.lu\/fhse-de\/news\/musikerziehung-fuer-zukuenftige-generationen\/\"},\"author\":{\"name\":\"Catherine Clesse\",\"@id\":\"https:\/\/www.uni.lu\/fhse-de\/#\/schema\/person\/67d3defa53981502bf9cddb74a850c08\"},\"headline\":\"Uni.lu in den Medien: Musikerziehung f\u00fcr zuk\u00fcnftige Generationen\",\"datePublished\":\"2025-01-29T14:35:59+00:00\",\"dateModified\":\"2025-01-29T14:37:06+00:00\",\"mainEntityOfPage\":{\"@id\":\"https:\/\/www.uni.lu\/fhse-de\/news\/musikerziehung-fuer-zukuenftige-generationen\/\"},\"wordCount\":92,\"publisher\":{\"@id\":\"https:\/\/www.uni.lu\/fhse-de\/#organization\"},\"image\":{\"@id\":\"https:\/\/www.uni.lu\/fhse-de\/news\/musikerziehung-fuer-zukuenftige-generationen\/#primaryimage\"},\"thumbnailUrl\":\"https:\/\/www.uni.lu\/wp-content\/uploads\/sites\/15\/2025\/01\/music-teaching.jpg\",\"inLanguage\":\"de-DE\"},{\"@type\":\"WebPage\",\"@id\":\"https:\/\/www.uni.lu\/fhse-de\/news\/musikerziehung-fuer-zukuenftige-generationen\/\",\"url\":\"https:\/\/www.uni.lu\/fhse-de\/news\/musikerziehung-fuer-zukuenftige-generationen\/\",\"name\":\"Uni.lu in den Medien: Musikerziehung f\u00fcr zuk\u00fcnftige Generationen - FHSE Aktualit\u00e4ten I Universit\u00e4t Luxemburg\",\"isPartOf\":{\"@id\":\"https:\/\/www.uni.lu\/fhse-de\/#website\"},\"primaryImageOfPage\":{\"@id\":\"https:\/\/www.uni.lu\/fhse-de\/news\/musikerziehung-fuer-zukuenftige-generationen\/#primaryimage\"},\"image\":{\"@id\":\"https:\/\/www.uni.lu\/fhse-de\/news\/musikerziehung-fuer-zukuenftige-generationen\/#primaryimage\"},\"thumbnailUrl\":\"https:\/\/www.uni.lu\/wp-content\/uploads\/sites\/15\/2025\/01\/music-teaching.jpg\",\"datePublished\":\"2025-01-29T14:35:59+00:00\",\"dateModified\":\"2025-01-29T14:37:06+00:00\",\"description\":\"&nbsp;Seit 2021 bietet die Universit\u00e4t einen Bachelor in Musikerziehung an, f\u00fcr Studierende die eine Karriere als Musiklehrer anstreben. Es ist das erste\",\"breadcrumb\":{\"@id\":\"https:\/\/www.uni.lu\/fhse-de\/news\/musikerziehung-fuer-zukuenftige-generationen\/#breadcrumb\"},\"inLanguage\":\"de-DE\",\"potentialAction\":[{\"@type\":\"ReadAction\",\"target\":[\"https:\/\/www.uni.lu\/fhse-de\/news\/musikerziehung-fuer-zukuenftige-generationen\/\"]}]},{\"@type\":\"ImageObject\",\"inLanguage\":\"de-DE\",\"@id\":\"https:\/\/www.uni.lu\/fhse-de\/news\/musikerziehung-fuer-zukuenftige-generationen\/#primaryimage\",\"url\":\"https:\/\/www.uni.lu\/wp-content\/uploads\/sites\/15\/2025\/01\/music-teaching.jpg\",\"contentUrl\":\"https:\/\/www.uni.lu\/wp-content\/uploads\/sites\/15\/2025\/01\/music-teaching.jpg\",\"width\":2560,\"height\":1707,\"caption\":\"Children In School Choir Being Encouraged By Teacher\"},{\"@type\":\"BreadcrumbList\",\"@id\":\"https:\/\/www.uni.lu\/fhse-de\/news\/musikerziehung-fuer-zukuenftige-generationen\/#breadcrumb\",\"itemListElement\":[{\"@type\":\"ListItem\",\"position\":1,\"name\":\"Home\",\"item\":\"https:\/\/www.uni.lu\/de\"},{\"@type\":\"ListItem\",\"position\":2,\"name\":\"Fakult\u00e4t f\u00fcr Geisteswissenschaften, Erziehungswissenschaften und Sozialwissenschaften\",\"item\":\"https:\/\/www.uni.lu\/fhse-de\/\"},{\"@type\":\"ListItem\",\"position\":3,\"name\":\"News\",\"item\":\"https:\/\/www.uni.lu\/fhse-de\/news\/\"},{\"@type\":\"ListItem\",\"position\":4,\"name\":\"Uni.lu in den Medien: Musikerziehung f\u00fcr zuk\u00fcnftige Generationen\"}]},{\"@type\":\"WebSite\",\"@id\":\"https:\/\/www.uni.lu\/fhse-de\/#website\",\"url\":\"https:\/\/www.uni.lu\/fhse-de\/\",\"name\":\"FHSE\",\"description\":\"Fakult\u00e4t f\u00fcr Geisteswissenschaften, Erziehungswissenschaften und Sozialwissenschaften I Uni.lu\",\"publisher\":{\"@id\":\"https:\/\/www.uni.lu\/fhse-de\/#organization\"},\"alternateName\":\"Fakult\u00e4t f\u00fcr Geisteswissenschaften, Erziehungswissenschaften und Sozialwissenschaften I Universit\u00e4t Luxemburg\",\"potentialAction\":[{\"@type\":\"SearchAction\",\"target\":{\"@type\":\"EntryPoint\",\"urlTemplate\":\"https:\/\/www.uni.lu\/fhse-de\/?s={search_term_string}\"},\"query-input\":\"required name=search_term_string\"}],\"inLanguage\":\"de-DE\"},{\"@type\":\"Organization\",\"@id\":\"https:\/\/www.uni.lu\/fhse-de\/#organization\",\"name\":\"FHSE - Universit\u00e4t Luxemburg I Uni.lu\",\"alternateName\":\"Fakult\u00e4t f\u00fcr Geisteswissenschaften, Erziehungswissenschaften und Sozialwissenschaften\",\"url\":\"https:\/\/www.uni.lu\/fhse-de\/\",\"logo\":{\"@type\":\"ImageObject\",\"inLanguage\":\"de-DE\",\"@id\":\"https:\/\/www.uni.lu\/fhse-de\/#\/schema\/logo\/image\/\",\"url\":\"https:\/\/www.uni.lu\/wp-content\/uploads\/sites\/15\/2026\/03\/03112457\/FHSE_SM-Profile_1600x1600px-scaled.jpg\",\"contentUrl\":\"https:\/\/www.uni.lu\/wp-content\/uploads\/sites\/15\/2026\/03\/03112457\/FHSE_SM-Profile_1600x1600px-scaled.jpg\",\"width\":2560,\"height\":2560,\"caption\":\"FHSE - Universit\u00e4t Luxemburg I Uni.lu\"},\"image\":\"https:\/\/www.uni.lu\/wp-content\/uploads\/sites\/15\/2026\/04\/24144331\/20200609-Belval-Campus_Henri-Goergen-23.jpg\",\"sameAs\":[\"https:\/\/humanities.uni.lu\/\"],\"email\":\"communication@uni.lu\",\"telephone\":\"+3524666441\",\"address\":{\"@type\":\"PostalAddress\",\"streetAddress\":\"11, Porte des Sciences\",\"addressLocality\":\"Esch-sur-Alzette\",\"postalCode\":\"4365\",\"addressCountry\":\"LU\"},\"description\":\"Fakult\u00e4t f\u00fcr Geisteswissenschaften, Erziehungswissenschaften und Sozialwissenschaften I Uni.lu\"},{\"@type\":\"Person\",\"@id\":\"https:\/\/www.uni.lu\/fhse-de\/#\/schema\/person\/67d3defa53981502bf9cddb74a850c08\",\"name\":\"Catherine Clesse\",\"image\":{\"@type\":\"ImageObject\",\"inLanguage\":\"de-DE\",\"@id\":\"https:\/\/www.uni.lu\/fhse-de\/#\/schema\/person\/image\/\",\"url\":\"https:\/\/secure.gravatar.com\/avatar\/6a2e15a24f9036a6aee8753304e46c2d?s=96&d=mm&r=g\",\"contentUrl\":\"https:\/\/secure.gravatar.com\/avatar\/6a2e15a24f9036a6aee8753304e46c2d?s=96&d=mm&r=g\",\"caption\":\"Catherine Clesse\"}}]}<\/script>\n<!-- \/ Yoast SEO Premium plugin. -->","yoast_head_json":{"title":"Uni.lu in den Medien: Musikerziehung f\u00fcr zuk\u00fcnftige Generationen - FHSE Aktualit\u00e4ten I Universit\u00e4t Luxemburg","description":"&nbsp;Seit 2021 bietet die Universit\u00e4t einen Bachelor in Musikerziehung an, f\u00fcr Studierende die eine Karriere als Musiklehrer anstreben. Es ist das erste","robots":{"index":"index","follow":"follow","max-snippet":"max-snippet:-1","max-image-preview":"max-image-preview:large","max-video-preview":"max-video-preview:-1"},"canonical":"https:\/\/www.uni.lu\/fhse-de\/news\/musikerziehung-fuer-zukuenftige-generationen\/","og_locale":"de_DE","og_type":"article","og_title":"Uni.lu in den Medien: Musikerziehung f\u00fcr zuk\u00fcnftige Generationen","og_description":"&nbsp;Seit 2021 bietet die Universit\u00e4t einen Bachelor in Musikerziehung an, f\u00fcr Studierende die eine Karriere als Musiklehrer anstreben. Es ist das erste","og_url":"https:\/\/www.uni.lu\/fhse-de\/news\/musikerziehung-fuer-zukuenftige-generationen\/","og_site_name":"FHSE DE","article_modified_time":"2025-01-29T14:37:06+00:00","og_image":[{"width":2560,"height":1707,"url":"https:\/\/www.uni.lu\/wp-content\/uploads\/sites\/15\/2025\/01\/music-teaching.jpg","type":"image\/jpeg"}],"twitter_card":"summary_large_image","twitter_misc":{"Gesch\u00e4tzte Lesezeit":"1 Minute"},"schema":{"@context":"https:\/\/schema.org","@graph":[{"@type":"NewsArticle","@id":"https:\/\/www.uni.lu\/fhse-de\/news\/musikerziehung-fuer-zukuenftige-generationen\/#article","isPartOf":{"@id":"https:\/\/www.uni.lu\/fhse-de\/news\/musikerziehung-fuer-zukuenftige-generationen\/"},"author":{"name":"Catherine Clesse","@id":"https:\/\/www.uni.lu\/fhse-de\/#\/schema\/person\/67d3defa53981502bf9cddb74a850c08"},"headline":"Uni.lu in den Medien: Musikerziehung f\u00fcr zuk\u00fcnftige Generationen","datePublished":"2025-01-29T14:35:59+00:00","dateModified":"2025-01-29T14:37:06+00:00","mainEntityOfPage":{"@id":"https:\/\/www.uni.lu\/fhse-de\/news\/musikerziehung-fuer-zukuenftige-generationen\/"},"wordCount":92,"publisher":{"@id":"https:\/\/www.uni.lu\/fhse-de\/#organization"},"image":{"@id":"https:\/\/www.uni.lu\/fhse-de\/news\/musikerziehung-fuer-zukuenftige-generationen\/#primaryimage"},"thumbnailUrl":"https:\/\/www.uni.lu\/wp-content\/uploads\/sites\/15\/2025\/01\/music-teaching.jpg","inLanguage":"de-DE"},{"@type":"WebPage","@id":"https:\/\/www.uni.lu\/fhse-de\/news\/musikerziehung-fuer-zukuenftige-generationen\/","url":"https:\/\/www.uni.lu\/fhse-de\/news\/musikerziehung-fuer-zukuenftige-generationen\/","name":"Uni.lu in den Medien: Musikerziehung f\u00fcr zuk\u00fcnftige Generationen - FHSE Aktualit\u00e4ten I Universit\u00e4t Luxemburg","isPartOf":{"@id":"https:\/\/www.uni.lu\/fhse-de\/#website"},"primaryImageOfPage":{"@id":"https:\/\/www.uni.lu\/fhse-de\/news\/musikerziehung-fuer-zukuenftige-generationen\/#primaryimage"},"image":{"@id":"https:\/\/www.uni.lu\/fhse-de\/news\/musikerziehung-fuer-zukuenftige-generationen\/#primaryimage"},"thumbnailUrl":"https:\/\/www.uni.lu\/wp-content\/uploads\/sites\/15\/2025\/01\/music-teaching.jpg","datePublished":"2025-01-29T14:35:59+00:00","dateModified":"2025-01-29T14:37:06+00:00","description":"&nbsp;Seit 2021 bietet die Universit\u00e4t einen Bachelor in Musikerziehung an, f\u00fcr Studierende die eine Karriere als Musiklehrer anstreben. Es ist das erste","breadcrumb":{"@id":"https:\/\/www.uni.lu\/fhse-de\/news\/musikerziehung-fuer-zukuenftige-generationen\/#breadcrumb"},"inLanguage":"de-DE","potentialAction":[{"@type":"ReadAction","target":["https:\/\/www.uni.lu\/fhse-de\/news\/musikerziehung-fuer-zukuenftige-generationen\/"]}]},{"@type":"ImageObject","inLanguage":"de-DE","@id":"https:\/\/www.uni.lu\/fhse-de\/news\/musikerziehung-fuer-zukuenftige-generationen\/#primaryimage","url":"https:\/\/www.uni.lu\/wp-content\/uploads\/sites\/15\/2025\/01\/music-teaching.jpg","contentUrl":"https:\/\/www.uni.lu\/wp-content\/uploads\/sites\/15\/2025\/01\/music-teaching.jpg","width":2560,"height":1707,"caption":"Children In School Choir Being Encouraged By Teacher"},{"@type":"BreadcrumbList","@id":"https:\/\/www.uni.lu\/fhse-de\/news\/musikerziehung-fuer-zukuenftige-generationen\/#breadcrumb","itemListElement":[{"@type":"ListItem","position":1,"name":"Home","item":"https:\/\/www.uni.lu\/de"},{"@type":"ListItem","position":2,"name":"Fakult\u00e4t f\u00fcr Geisteswissenschaften, Erziehungswissenschaften und Sozialwissenschaften","item":"https:\/\/www.uni.lu\/fhse-de\/"},{"@type":"ListItem","position":3,"name":"News","item":"https:\/\/www.uni.lu\/fhse-de\/news\/"},{"@type":"ListItem","position":4,"name":"Uni.lu in den Medien: Musikerziehung f\u00fcr zuk\u00fcnftige Generationen"}]},{"@type":"WebSite","@id":"https:\/\/www.uni.lu\/fhse-de\/#website","url":"https:\/\/www.uni.lu\/fhse-de\/","name":"FHSE","description":"Fakult\u00e4t f\u00fcr Geisteswissenschaften, Erziehungswissenschaften und Sozialwissenschaften I Uni.lu","publisher":{"@id":"https:\/\/www.uni.lu\/fhse-de\/#organization"},"alternateName":"Fakult\u00e4t f\u00fcr Geisteswissenschaften, Erziehungswissenschaften und Sozialwissenschaften I Universit\u00e4t Luxemburg","potentialAction":[{"@type":"SearchAction","target":{"@type":"EntryPoint","urlTemplate":"https:\/\/www.uni.lu\/fhse-de\/?s={search_term_string}"},"query-input":"required name=search_term_string"}],"inLanguage":"de-DE"},{"@type":"Organization","@id":"https:\/\/www.uni.lu\/fhse-de\/#organization","name":"FHSE - Universit\u00e4t Luxemburg I Uni.lu","alternateName":"Fakult\u00e4t f\u00fcr Geisteswissenschaften, Erziehungswissenschaften und Sozialwissenschaften","url":"https:\/\/www.uni.lu\/fhse-de\/","logo":{"@type":"ImageObject","inLanguage":"de-DE","@id":"https:\/\/www.uni.lu\/fhse-de\/#\/schema\/logo\/image\/","url":"https:\/\/www.uni.lu\/wp-content\/uploads\/sites\/15\/2026\/03\/03112457\/FHSE_SM-Profile_1600x1600px-scaled.jpg","contentUrl":"https:\/\/www.uni.lu\/wp-content\/uploads\/sites\/15\/2026\/03\/03112457\/FHSE_SM-Profile_1600x1600px-scaled.jpg","width":2560,"height":2560,"caption":"FHSE - Universit\u00e4t Luxemburg I Uni.lu"},"image":"https:\/\/www.uni.lu\/wp-content\/uploads\/sites\/15\/2026\/04\/24144331\/20200609-Belval-Campus_Henri-Goergen-23.jpg","sameAs":["https:\/\/humanities.uni.lu\/"],"email":"communication@uni.lu","telephone":"+3524666441","address":{"@type":"PostalAddress","streetAddress":"11, Porte des Sciences","addressLocality":"Esch-sur-Alzette","postalCode":"4365","addressCountry":"LU"},"description":"Fakult\u00e4t f\u00fcr Geisteswissenschaften, Erziehungswissenschaften und Sozialwissenschaften I Uni.lu"},{"@type":"Person","@id":"https:\/\/www.uni.lu\/fhse-de\/#\/schema\/person\/67d3defa53981502bf9cddb74a850c08","name":"Catherine Clesse","image":{"@type":"ImageObject","inLanguage":"de-DE","@id":"https:\/\/www.uni.lu\/fhse-de\/#\/schema\/person\/image\/","url":"https:\/\/secure.gravatar.com\/avatar\/6a2e15a24f9036a6aee8753304e46c2d?s=96&d=mm&r=g","contentUrl":"https:\/\/secure.gravatar.com\/avatar\/6a2e15a24f9036a6aee8753304e46c2d?s=96&d=mm&r=g","caption":"Catherine Clesse"}}]}},"blog_id":15,"_links":{"self":[{"href":"https:\/\/www.uni.lu\/fhse-de\/wp-json\/wp\/v2\/news\/1271"}],"collection":[{"href":"https:\/\/www.uni.lu\/fhse-de\/wp-json\/wp\/v2\/news"}],"about":[{"href":"https:\/\/www.uni.lu\/fhse-de\/wp-json\/wp\/v2\/types\/news"}],"author":[{"embeddable":true,"href":"https:\/\/www.uni.lu\/fhse-de\/wp-json\/wp\/v2\/users\/341"}],"version-history":[{"count":3,"href":"https:\/\/www.uni.lu\/fhse-de\/wp-json\/wp\/v2\/news\/1271\/revisions"}],"predecessor-version":[{"id":1275,"href":"https:\/\/www.uni.lu\/fhse-de\/wp-json\/wp\/v2\/news\/1271\/revisions\/1275"}],"wp:authorship":[{"embeddable":true,"href":"https:\/\/www.uni.lu\/fhse-de\/wp-json\/wp\/v2\/users\/341"}],"wp:featuredmedia":[{"embeddable":true,"href":"https:\/\/www.uni.lu\/fhse-de\/wp-json\/wp\/v2\/media\/1273"}],"wp:attachment":[{"href":"https:\/\/www.uni.lu\/fhse-de\/wp-json\/wp\/v2\/media?parent=1271"}],"wp:term":[{"taxonomy":"news-category","embeddable":true,"href":"https:\/\/www.uni.lu\/fhse-de\/wp-json\/wp\/v2\/news-category?post=1271"},{"taxonomy":"news-topic","embeddable":true,"href":"https:\/\/www.uni.lu\/fhse-de\/wp-json\/wp\/v2\/news-topic?post=1271"},{"taxonomy":"organisation","embeddable":true,"href":"https:\/\/www.uni.lu\/fhse-de\/wp-json\/wp\/v2\/organisation?post=1271"}],"curies":[{"name":"wp","href":"https:\/\/api.w.org\/{rel}","templated":true}]}}