{"id":1051,"date":"2024-09-27T15:34:20","date_gmt":"2024-09-27T13:34:20","guid":{"rendered":"https:\/\/www.uni.lu\/fhse-de\/?post_type=news&#038;p=1051"},"modified":"2024-10-02T12:50:05","modified_gmt":"2024-10-02T10:50:05","slug":"technologie-und-musikbildung-stimmen-sich-fuer-den-kompetenzerwerb-ab","status":"publish","type":"news","link":"https:\/\/www.uni.lu\/fhse-de\/news\/technologie-und-musikbildung-stimmen-sich-fuer-den-kompetenzerwerb-ab\/","title":{"rendered":"Technologie und Musikbildung stimmen sich f\u00fcr den Kompetenzerwerb ab"},"content":{"rendered":"\n<section class=\"wp-block-unilux-blocks-free-section section\"><div class=\"container xl:max-w-screen-xl\">\n<p>Die Verk\u00f6rperung \u2013 \u201eEmbodiment\u201c in der Musik geht davon aus, dass die Musikkognition stark von der Art und Weise bestimmt wird, wie unser K\u00f6rper mit der Musik interagiert. Studien haben gezeigt, dass K\u00f6rperbewegungen die Art und Weise, wie wir Musik lernen, lehren und auff\u00fchren, beeinflussen. Doch dieses Paradigma stellt die Wissenschaft immer noch vor Herausforderungen, die es zu l\u00f6sen gilt.<\/p>\n\n\n\n<p>Um diese L\u00fccke zu schlie\u00dfen, haben der Musikp\u00e4dagoge <a href=\"https:\/\/www.uni.lu\/fhse-en\/people\/luc-nijs\/\">Luc Nijs<\/a>, die Elektroingenieurin <a href=\"https:\/\/www.uni.lu\/fstm-en\/people\/ines-chihi\/\">Ines Chihi<\/a> und der Informatiker <a href=\"https:\/\/www.uni.lu\/fstm-en\/people\/luis-a-leiva\/\">Luis A. Leiva<\/a> das bahnbrechende Forschungsprojekt <a href=\"https:\/\/www.uni.lu\/research-en\/research-projects\/samuse\/\">SAMUSE<\/a> &#8211; Skills Acquisition in Music performance through a Multi-Sensing approach &#8211; ins Leben gerufen.<\/p>\n\n\n\n<ul class=\"wp-block-unilux-blocks-button-list-v2\">\n<li class=\"wp-block-unilux-blocks-button-list-item-v2\"><a class=\"quick-link\" href=\"https:\/\/www.uni.lu\/fhse-en\/news\/music-skills-acquisition-engineers-and-music-educators-on-the-same-wavelength\/\" target=\"\" role=\"link\" rel=\"noopener\" tabindex=\"0\"><span class=\"quick-link__container\">\n<div class=\"wp-block-unilux-blocks-block-inserter quick-link__img\"><\/div>\n\n\n\n<span class=\"quick-link__name wp-block-unilux-blocks-plain-text\">Die ganze Story k\u00f6nnen Sie auf Englisch lesen<\/span>\n\n<svg aria-hidden=\"true\" focusable=\"false\" class=\"icon icon-outline icon--arrow-right \"><use xlink:href=\"https:\/\/www.uni.lu\/wp-content\/themes\/unilux-theme\/assets\/images\/icons\/icons-outline.svg#icon--arrow-right\"><\/use><\/svg><\/span><\/a><\/li>\n<\/ul>\n<\/div><\/section>\n","protected":false},"excerpt":{"rendered":"<p>Ingenieure und Musiklehrer auf einer Wellenl\u00e4nge: ein neues interdisziplin\u00e4res Projekt wird KI-gesteuerte multisensorische Modelle entwickeln, um die Entwicklung von Musikf\u00e4higkeiten zu quantifizieren.<\/p>\n","protected":false},"author":91,"featured_media":1054,"template":"","format":"standard","meta":{"featured_image_focal_point":[],"show_featured_caption":false,"ulux_newsletter_groups":"","uluxPostTitle":"","uluxPrePostTitle":"","_trash_the_other_posts":false,"_price":"","_stock":"","_tribe_ticket_header":"","_tribe_default_ticket_provider":"","_tribe_ticket_capacity":"0","_ticket_start_date":"","_ticket_end_date":"","_tribe_ticket_show_description":"","_tribe_ticket_show_not_going":false,"_tribe_ticket_use_global_stock":"","_tribe_ticket_global_stock_level":"","_global_stock_mode":"","_global_stock_cap":"","_tribe_rsvp_for_event":"","_tribe_ticket_going_count":"","_tribe_ticket_not_going_count":"","_tribe_tickets_list":"[]","_tribe_ticket_has_attendee_info_fields":false},"news-category":[3],"news-topic":[11,9,12],"organisation":[146,24,228],"authorship":[91],"acf":[],"yoast_head":"<!-- This site is optimized with the Yoast SEO Premium plugin v22.3 (Yoast SEO v22.3) - https:\/\/yoast.com\/wordpress\/plugins\/seo\/ -->\n<title>Technologie und Musikbildung stimmen sich f\u00fcr den Kompetenzerwerb ab - FHSE Aktualit\u00e4ten I Universit\u00e4t Luxemburg<\/title>\n<meta name=\"description\" content=\"Ingenieure und Musiklehrer auf einer Wellenl\u00e4nge: ein neues interdisziplin\u00e4res Projekt wird KI-gesteuerte multisensorische Modelle entwickeln, um die Entwicklung von Musikf\u00e4higkeiten zu quantifizieren.\" \/>\n<meta name=\"robots\" content=\"index, follow, max-snippet:-1, max-image-preview:large, max-video-preview:-1\" \/>\n<link rel=\"canonical\" href=\"https:\/\/www.uni.lu\/fhse-de\/news\/technologie-und-musikbildung-stimmen-sich-fuer-den-kompetenzerwerb-ab\/\" \/>\n<meta property=\"og:locale\" content=\"de_DE\" \/>\n<meta property=\"og:type\" content=\"article\" \/>\n<meta property=\"og:title\" content=\"Technologie und Musikbildung stimmen sich f\u00fcr den Kompetenzerwerb ab\" \/>\n<meta property=\"og:description\" content=\"Ingenieure und Musiklehrer auf einer Wellenl\u00e4nge: ein neues interdisziplin\u00e4res Projekt wird KI-gesteuerte multisensorische Modelle entwickeln, um die Entwicklung von Musikf\u00e4higkeiten zu quantifizieren.\" \/>\n<meta property=\"og:url\" content=\"https:\/\/www.uni.lu\/fhse-de\/news\/technologie-und-musikbildung-stimmen-sich-fuer-den-kompetenzerwerb-ab\/\" \/>\n<meta property=\"og:site_name\" content=\"FHSE DE\" \/>\n<meta property=\"article:modified_time\" content=\"2024-10-02T10:50:05+00:00\" \/>\n<meta property=\"og:image\" content=\"https:\/\/www.uni.lu\/wp-content\/uploads\/sites\/15\/2024\/09\/hand_gestures_and_music_AdobeStock_971015205_ai_generated.png\" \/>\n\t<meta property=\"og:image:width\" content=\"1500\" \/>\n\t<meta property=\"og:image:height\" content=\"841\" \/>\n\t<meta property=\"og:image:type\" content=\"image\/png\" \/>\n<meta name=\"twitter:card\" content=\"summary_large_image\" \/>\n<meta name=\"twitter:label1\" content=\"Gesch\u00e4tzte Lesezeit\" \/>\n\t<meta name=\"twitter:data1\" content=\"1 Minute\" \/>\n<script type=\"application\/ld+json\" class=\"yoast-schema-graph\">{\"@context\":\"https:\/\/schema.org\",\"@graph\":[{\"@type\":\"NewsArticle\",\"@id\":\"https:\/\/www.uni.lu\/fhse-de\/news\/technologie-und-musikbildung-stimmen-sich-fuer-den-kompetenzerwerb-ab\/#article\",\"isPartOf\":{\"@id\":\"https:\/\/www.uni.lu\/fhse-de\/news\/technologie-und-musikbildung-stimmen-sich-fuer-den-kompetenzerwerb-ab\/\"},\"author\":{\"name\":\"lbianchi\",\"@id\":\"https:\/\/www.uni.lu\/fhse-de\/#\/schema\/person\/d9b86b7c2e53fc03137bac4835036477\"},\"headline\":\"Technologie und Musikbildung stimmen sich f\u00fcr den Kompetenzerwerb ab\",\"datePublished\":\"2024-09-27T13:34:20+00:00\",\"dateModified\":\"2024-10-02T10:50:05+00:00\",\"mainEntityOfPage\":{\"@id\":\"https:\/\/www.uni.lu\/fhse-de\/news\/technologie-und-musikbildung-stimmen-sich-fuer-den-kompetenzerwerb-ab\/\"},\"wordCount\":115,\"publisher\":{\"@id\":\"https:\/\/www.uni.lu\/fhse-de\/#organization\"},\"image\":{\"@id\":\"https:\/\/www.uni.lu\/fhse-de\/news\/technologie-und-musikbildung-stimmen-sich-fuer-den-kompetenzerwerb-ab\/#primaryimage\"},\"thumbnailUrl\":\"https:\/\/www.uni.lu\/wp-content\/uploads\/sites\/15\/2024\/09\/hand_gestures_and_music_AdobeStock_971015205_ai_generated.png\",\"inLanguage\":\"de-DE\"},{\"@type\":\"WebPage\",\"@id\":\"https:\/\/www.uni.lu\/fhse-de\/news\/technologie-und-musikbildung-stimmen-sich-fuer-den-kompetenzerwerb-ab\/\",\"url\":\"https:\/\/www.uni.lu\/fhse-de\/news\/technologie-und-musikbildung-stimmen-sich-fuer-den-kompetenzerwerb-ab\/\",\"name\":\"Technologie und Musikbildung stimmen sich f\u00fcr den Kompetenzerwerb ab - FHSE Aktualit\u00e4ten I Universit\u00e4t Luxemburg\",\"isPartOf\":{\"@id\":\"https:\/\/www.uni.lu\/fhse-de\/#website\"},\"primaryImageOfPage\":{\"@id\":\"https:\/\/www.uni.lu\/fhse-de\/news\/technologie-und-musikbildung-stimmen-sich-fuer-den-kompetenzerwerb-ab\/#primaryimage\"},\"image\":{\"@id\":\"https:\/\/www.uni.lu\/fhse-de\/news\/technologie-und-musikbildung-stimmen-sich-fuer-den-kompetenzerwerb-ab\/#primaryimage\"},\"thumbnailUrl\":\"https:\/\/www.uni.lu\/wp-content\/uploads\/sites\/15\/2024\/09\/hand_gestures_and_music_AdobeStock_971015205_ai_generated.png\",\"datePublished\":\"2024-09-27T13:34:20+00:00\",\"dateModified\":\"2024-10-02T10:50:05+00:00\",\"description\":\"Ingenieure und Musiklehrer auf einer Wellenl\u00e4nge: ein neues interdisziplin\u00e4res Projekt wird KI-gesteuerte multisensorische Modelle entwickeln, um die Entwicklung von Musikf\u00e4higkeiten zu quantifizieren.\",\"breadcrumb\":{\"@id\":\"https:\/\/www.uni.lu\/fhse-de\/news\/technologie-und-musikbildung-stimmen-sich-fuer-den-kompetenzerwerb-ab\/#breadcrumb\"},\"inLanguage\":\"de-DE\",\"potentialAction\":[{\"@type\":\"ReadAction\",\"target\":[\"https:\/\/www.uni.lu\/fhse-de\/news\/technologie-und-musikbildung-stimmen-sich-fuer-den-kompetenzerwerb-ab\/\"]}]},{\"@type\":\"ImageObject\",\"inLanguage\":\"de-DE\",\"@id\":\"https:\/\/www.uni.lu\/fhse-de\/news\/technologie-und-musikbildung-stimmen-sich-fuer-den-kompetenzerwerb-ab\/#primaryimage\",\"url\":\"https:\/\/www.uni.lu\/wp-content\/uploads\/sites\/15\/2024\/09\/hand_gestures_and_music_AdobeStock_971015205_ai_generated.png\",\"contentUrl\":\"https:\/\/www.uni.lu\/wp-content\/uploads\/sites\/15\/2024\/09\/hand_gestures_and_music_AdobeStock_971015205_ai_generated.png\",\"width\":1500,\"height\":841},{\"@type\":\"BreadcrumbList\",\"@id\":\"https:\/\/www.uni.lu\/fhse-de\/news\/technologie-und-musikbildung-stimmen-sich-fuer-den-kompetenzerwerb-ab\/#breadcrumb\",\"itemListElement\":[{\"@type\":\"ListItem\",\"position\":1,\"name\":\"Home\",\"item\":\"https:\/\/www.uni.lu\/de\"},{\"@type\":\"ListItem\",\"position\":2,\"name\":\"Fakult\u00e4t f\u00fcr Geisteswissenschaften, Erziehungswissenschaften und Sozialwissenschaften\",\"item\":\"https:\/\/www.uni.lu\/fhse-de\/\"},{\"@type\":\"ListItem\",\"position\":3,\"name\":\"News\",\"item\":\"https:\/\/www.uni.lu\/fhse-de\/news\/\"},{\"@type\":\"ListItem\",\"position\":4,\"name\":\"Technologie und Musikbildung stimmen sich f\u00fcr den Kompetenzerwerb ab\"}]},{\"@type\":\"WebSite\",\"@id\":\"https:\/\/www.uni.lu\/fhse-de\/#website\",\"url\":\"https:\/\/www.uni.lu\/fhse-de\/\",\"name\":\"FHSE\",\"description\":\"Fakult\u00e4t f\u00fcr Geisteswissenschaften, Erziehungswissenschaften und Sozialwissenschaften I Uni.lu\",\"publisher\":{\"@id\":\"https:\/\/www.uni.lu\/fhse-de\/#organization\"},\"alternateName\":\"Fakult\u00e4t f\u00fcr Geisteswissenschaften, Erziehungswissenschaften und Sozialwissenschaften I Universit\u00e4t Luxemburg\",\"potentialAction\":[{\"@type\":\"SearchAction\",\"target\":{\"@type\":\"EntryPoint\",\"urlTemplate\":\"https:\/\/www.uni.lu\/fhse-de\/?s={search_term_string}\"},\"query-input\":\"required name=search_term_string\"}],\"inLanguage\":\"de-DE\"},{\"@type\":\"Organization\",\"@id\":\"https:\/\/www.uni.lu\/fhse-de\/#organization\",\"name\":\"FHSE - Universit\u00e4t Luxemburg I Uni.lu\",\"alternateName\":\"Fakult\u00e4t f\u00fcr Geisteswissenschaften, Erziehungswissenschaften und Sozialwissenschaften\",\"url\":\"https:\/\/www.uni.lu\/fhse-de\/\",\"logo\":{\"@type\":\"ImageObject\",\"inLanguage\":\"de-DE\",\"@id\":\"https:\/\/www.uni.lu\/fhse-de\/#\/schema\/logo\/image\/\",\"url\":\"https:\/\/www.uni.lu\/wp-content\/uploads\/sites\/15\/2026\/03\/03112457\/FHSE_SM-Profile_1600x1600px-scaled.jpg\",\"contentUrl\":\"https:\/\/www.uni.lu\/wp-content\/uploads\/sites\/15\/2026\/03\/03112457\/FHSE_SM-Profile_1600x1600px-scaled.jpg\",\"width\":2560,\"height\":2560,\"caption\":\"FHSE - Universit\u00e4t Luxemburg I Uni.lu\"},\"image\":\"https:\/\/www.uni.lu\/wp-content\/uploads\/sites\/15\/2026\/04\/24144331\/20200609-Belval-Campus_Henri-Goergen-23.jpg\",\"sameAs\":[\"https:\/\/humanities.uni.lu\/\"],\"email\":\"communication@uni.lu\",\"telephone\":\"+3524666441\",\"address\":{\"@type\":\"PostalAddress\",\"streetAddress\":\"11, Porte des Sciences\",\"addressLocality\":\"Esch-sur-Alzette\",\"postalCode\":\"4365\",\"addressCountry\":\"LU\"},\"description\":\"Fakult\u00e4t f\u00fcr Geisteswissenschaften, Erziehungswissenschaften und Sozialwissenschaften I Uni.lu\"},{\"@type\":\"Person\",\"@id\":\"https:\/\/www.uni.lu\/fhse-de\/#\/schema\/person\/d9b86b7c2e53fc03137bac4835036477\",\"name\":\"lbianchi\",\"image\":{\"@type\":\"ImageObject\",\"inLanguage\":\"de-DE\",\"@id\":\"https:\/\/www.uni.lu\/fhse-de\/#\/schema\/person\/image\/\",\"url\":\"https:\/\/secure.gravatar.com\/avatar\/b95af755d0da6e0201fdf3e2f7318021?s=96&d=mm&r=g\",\"contentUrl\":\"https:\/\/secure.gravatar.com\/avatar\/b95af755d0da6e0201fdf3e2f7318021?s=96&d=mm&r=g\",\"caption\":\"lbianchi\"}}]}<\/script>\n<!-- \/ Yoast SEO Premium plugin. -->","yoast_head_json":{"title":"Technologie und Musikbildung stimmen sich f\u00fcr den Kompetenzerwerb ab - FHSE Aktualit\u00e4ten I Universit\u00e4t Luxemburg","description":"Ingenieure und Musiklehrer auf einer Wellenl\u00e4nge: ein neues interdisziplin\u00e4res Projekt wird KI-gesteuerte multisensorische Modelle entwickeln, um die Entwicklung von Musikf\u00e4higkeiten zu quantifizieren.","robots":{"index":"index","follow":"follow","max-snippet":"max-snippet:-1","max-image-preview":"max-image-preview:large","max-video-preview":"max-video-preview:-1"},"canonical":"https:\/\/www.uni.lu\/fhse-de\/news\/technologie-und-musikbildung-stimmen-sich-fuer-den-kompetenzerwerb-ab\/","og_locale":"de_DE","og_type":"article","og_title":"Technologie und Musikbildung stimmen sich f\u00fcr den Kompetenzerwerb ab","og_description":"Ingenieure und Musiklehrer auf einer Wellenl\u00e4nge: ein neues interdisziplin\u00e4res Projekt wird KI-gesteuerte multisensorische Modelle entwickeln, um die Entwicklung von Musikf\u00e4higkeiten zu quantifizieren.","og_url":"https:\/\/www.uni.lu\/fhse-de\/news\/technologie-und-musikbildung-stimmen-sich-fuer-den-kompetenzerwerb-ab\/","og_site_name":"FHSE DE","article_modified_time":"2024-10-02T10:50:05+00:00","og_image":[{"width":1500,"height":841,"url":"https:\/\/www.uni.lu\/wp-content\/uploads\/sites\/15\/2024\/09\/hand_gestures_and_music_AdobeStock_971015205_ai_generated.png","type":"image\/png"}],"twitter_card":"summary_large_image","twitter_misc":{"Gesch\u00e4tzte Lesezeit":"1 Minute"},"schema":{"@context":"https:\/\/schema.org","@graph":[{"@type":"NewsArticle","@id":"https:\/\/www.uni.lu\/fhse-de\/news\/technologie-und-musikbildung-stimmen-sich-fuer-den-kompetenzerwerb-ab\/#article","isPartOf":{"@id":"https:\/\/www.uni.lu\/fhse-de\/news\/technologie-und-musikbildung-stimmen-sich-fuer-den-kompetenzerwerb-ab\/"},"author":{"name":"lbianchi","@id":"https:\/\/www.uni.lu\/fhse-de\/#\/schema\/person\/d9b86b7c2e53fc03137bac4835036477"},"headline":"Technologie und Musikbildung stimmen sich f\u00fcr den Kompetenzerwerb ab","datePublished":"2024-09-27T13:34:20+00:00","dateModified":"2024-10-02T10:50:05+00:00","mainEntityOfPage":{"@id":"https:\/\/www.uni.lu\/fhse-de\/news\/technologie-und-musikbildung-stimmen-sich-fuer-den-kompetenzerwerb-ab\/"},"wordCount":115,"publisher":{"@id":"https:\/\/www.uni.lu\/fhse-de\/#organization"},"image":{"@id":"https:\/\/www.uni.lu\/fhse-de\/news\/technologie-und-musikbildung-stimmen-sich-fuer-den-kompetenzerwerb-ab\/#primaryimage"},"thumbnailUrl":"https:\/\/www.uni.lu\/wp-content\/uploads\/sites\/15\/2024\/09\/hand_gestures_and_music_AdobeStock_971015205_ai_generated.png","inLanguage":"de-DE"},{"@type":"WebPage","@id":"https:\/\/www.uni.lu\/fhse-de\/news\/technologie-und-musikbildung-stimmen-sich-fuer-den-kompetenzerwerb-ab\/","url":"https:\/\/www.uni.lu\/fhse-de\/news\/technologie-und-musikbildung-stimmen-sich-fuer-den-kompetenzerwerb-ab\/","name":"Technologie und Musikbildung stimmen sich f\u00fcr den Kompetenzerwerb ab - FHSE Aktualit\u00e4ten I Universit\u00e4t Luxemburg","isPartOf":{"@id":"https:\/\/www.uni.lu\/fhse-de\/#website"},"primaryImageOfPage":{"@id":"https:\/\/www.uni.lu\/fhse-de\/news\/technologie-und-musikbildung-stimmen-sich-fuer-den-kompetenzerwerb-ab\/#primaryimage"},"image":{"@id":"https:\/\/www.uni.lu\/fhse-de\/news\/technologie-und-musikbildung-stimmen-sich-fuer-den-kompetenzerwerb-ab\/#primaryimage"},"thumbnailUrl":"https:\/\/www.uni.lu\/wp-content\/uploads\/sites\/15\/2024\/09\/hand_gestures_and_music_AdobeStock_971015205_ai_generated.png","datePublished":"2024-09-27T13:34:20+00:00","dateModified":"2024-10-02T10:50:05+00:00","description":"Ingenieure und Musiklehrer auf einer Wellenl\u00e4nge: ein neues interdisziplin\u00e4res Projekt wird KI-gesteuerte multisensorische Modelle entwickeln, um die Entwicklung von Musikf\u00e4higkeiten zu quantifizieren.","breadcrumb":{"@id":"https:\/\/www.uni.lu\/fhse-de\/news\/technologie-und-musikbildung-stimmen-sich-fuer-den-kompetenzerwerb-ab\/#breadcrumb"},"inLanguage":"de-DE","potentialAction":[{"@type":"ReadAction","target":["https:\/\/www.uni.lu\/fhse-de\/news\/technologie-und-musikbildung-stimmen-sich-fuer-den-kompetenzerwerb-ab\/"]}]},{"@type":"ImageObject","inLanguage":"de-DE","@id":"https:\/\/www.uni.lu\/fhse-de\/news\/technologie-und-musikbildung-stimmen-sich-fuer-den-kompetenzerwerb-ab\/#primaryimage","url":"https:\/\/www.uni.lu\/wp-content\/uploads\/sites\/15\/2024\/09\/hand_gestures_and_music_AdobeStock_971015205_ai_generated.png","contentUrl":"https:\/\/www.uni.lu\/wp-content\/uploads\/sites\/15\/2024\/09\/hand_gestures_and_music_AdobeStock_971015205_ai_generated.png","width":1500,"height":841},{"@type":"BreadcrumbList","@id":"https:\/\/www.uni.lu\/fhse-de\/news\/technologie-und-musikbildung-stimmen-sich-fuer-den-kompetenzerwerb-ab\/#breadcrumb","itemListElement":[{"@type":"ListItem","position":1,"name":"Home","item":"https:\/\/www.uni.lu\/de"},{"@type":"ListItem","position":2,"name":"Fakult\u00e4t f\u00fcr Geisteswissenschaften, Erziehungswissenschaften und Sozialwissenschaften","item":"https:\/\/www.uni.lu\/fhse-de\/"},{"@type":"ListItem","position":3,"name":"News","item":"https:\/\/www.uni.lu\/fhse-de\/news\/"},{"@type":"ListItem","position":4,"name":"Technologie und Musikbildung stimmen sich f\u00fcr den Kompetenzerwerb ab"}]},{"@type":"WebSite","@id":"https:\/\/www.uni.lu\/fhse-de\/#website","url":"https:\/\/www.uni.lu\/fhse-de\/","name":"FHSE","description":"Fakult\u00e4t f\u00fcr Geisteswissenschaften, Erziehungswissenschaften und Sozialwissenschaften I Uni.lu","publisher":{"@id":"https:\/\/www.uni.lu\/fhse-de\/#organization"},"alternateName":"Fakult\u00e4t f\u00fcr Geisteswissenschaften, Erziehungswissenschaften und Sozialwissenschaften I Universit\u00e4t Luxemburg","potentialAction":[{"@type":"SearchAction","target":{"@type":"EntryPoint","urlTemplate":"https:\/\/www.uni.lu\/fhse-de\/?s={search_term_string}"},"query-input":"required name=search_term_string"}],"inLanguage":"de-DE"},{"@type":"Organization","@id":"https:\/\/www.uni.lu\/fhse-de\/#organization","name":"FHSE - Universit\u00e4t Luxemburg I Uni.lu","alternateName":"Fakult\u00e4t f\u00fcr Geisteswissenschaften, Erziehungswissenschaften und Sozialwissenschaften","url":"https:\/\/www.uni.lu\/fhse-de\/","logo":{"@type":"ImageObject","inLanguage":"de-DE","@id":"https:\/\/www.uni.lu\/fhse-de\/#\/schema\/logo\/image\/","url":"https:\/\/www.uni.lu\/wp-content\/uploads\/sites\/15\/2026\/03\/03112457\/FHSE_SM-Profile_1600x1600px-scaled.jpg","contentUrl":"https:\/\/www.uni.lu\/wp-content\/uploads\/sites\/15\/2026\/03\/03112457\/FHSE_SM-Profile_1600x1600px-scaled.jpg","width":2560,"height":2560,"caption":"FHSE - Universit\u00e4t Luxemburg I Uni.lu"},"image":"https:\/\/www.uni.lu\/wp-content\/uploads\/sites\/15\/2026\/04\/24144331\/20200609-Belval-Campus_Henri-Goergen-23.jpg","sameAs":["https:\/\/humanities.uni.lu\/"],"email":"communication@uni.lu","telephone":"+3524666441","address":{"@type":"PostalAddress","streetAddress":"11, Porte des Sciences","addressLocality":"Esch-sur-Alzette","postalCode":"4365","addressCountry":"LU"},"description":"Fakult\u00e4t f\u00fcr Geisteswissenschaften, Erziehungswissenschaften und Sozialwissenschaften I Uni.lu"},{"@type":"Person","@id":"https:\/\/www.uni.lu\/fhse-de\/#\/schema\/person\/d9b86b7c2e53fc03137bac4835036477","name":"lbianchi","image":{"@type":"ImageObject","inLanguage":"de-DE","@id":"https:\/\/www.uni.lu\/fhse-de\/#\/schema\/person\/image\/","url":"https:\/\/secure.gravatar.com\/avatar\/b95af755d0da6e0201fdf3e2f7318021?s=96&d=mm&r=g","contentUrl":"https:\/\/secure.gravatar.com\/avatar\/b95af755d0da6e0201fdf3e2f7318021?s=96&d=mm&r=g","caption":"lbianchi"}}]}},"blog_id":15,"_links":{"self":[{"href":"https:\/\/www.uni.lu\/fhse-de\/wp-json\/wp\/v2\/news\/1051"}],"collection":[{"href":"https:\/\/www.uni.lu\/fhse-de\/wp-json\/wp\/v2\/news"}],"about":[{"href":"https:\/\/www.uni.lu\/fhse-de\/wp-json\/wp\/v2\/types\/news"}],"author":[{"embeddable":true,"href":"https:\/\/www.uni.lu\/fhse-de\/wp-json\/wp\/v2\/users\/91"}],"version-history":[{"count":3,"href":"https:\/\/www.uni.lu\/fhse-de\/wp-json\/wp\/v2\/news\/1051\/revisions"}],"predecessor-version":[{"id":1057,"href":"https:\/\/www.uni.lu\/fhse-de\/wp-json\/wp\/v2\/news\/1051\/revisions\/1057"}],"wp:authorship":[{"embeddable":true,"href":"https:\/\/www.uni.lu\/fhse-de\/wp-json\/wp\/v2\/users\/91"}],"wp:featuredmedia":[{"embeddable":true,"href":"https:\/\/www.uni.lu\/fhse-de\/wp-json\/wp\/v2\/media\/1054"}],"wp:attachment":[{"href":"https:\/\/www.uni.lu\/fhse-de\/wp-json\/wp\/v2\/media?parent=1051"}],"wp:term":[{"taxonomy":"news-category","embeddable":true,"href":"https:\/\/www.uni.lu\/fhse-de\/wp-json\/wp\/v2\/news-category?post=1051"},{"taxonomy":"news-topic","embeddable":true,"href":"https:\/\/www.uni.lu\/fhse-de\/wp-json\/wp\/v2\/news-topic?post=1051"},{"taxonomy":"organisation","embeddable":true,"href":"https:\/\/www.uni.lu\/fhse-de\/wp-json\/wp\/v2\/organisation?post=1051"}],"curies":[{"name":"wp","href":"https:\/\/api.w.org\/{rel}","templated":true}]}}