{"id":3255,"date":"2026-02-02T11:00:29","date_gmt":"2026-02-02T10:00:29","guid":{"rendered":"https:\/\/www.uni.lu\/fdef-fr\/?post_type=news&#038;p=3255"},"modified":"2026-02-02T12:25:25","modified_gmt":"2026-02-02T11:25:25","slug":"appel-a-contributions-revue-penale-luxembourgeoise","status":"publish","type":"news","link":"https:\/\/www.uni.lu\/fdef-fr\/news\/appel-a-contributions-revue-penale-luxembourgeoise\/","title":{"rendered":"Appel \u00e0 contributions : Revue p\u00e9nale luxembourgeoise"},"content":{"rendered":"\n<section class=\"wp-block-unilux-blocks-free-section section\"><div class=\"container xl:max-w-screen-xl\">\n<h3 class=\"has-text-align-left wp-block-unilux-blocks-heading\"        id=\"numero-special-violences-de-genre-editrice-speciale-dr-salome-lannier-universite-du-luxembourg\"\n    >\nNum\u00e9ro sp\u00e9cial : Violences de genre (\u00e9ditrice sp\u00e9ciale : Dr. Salom\u00e9 Lannier, Universit\u00e9 du Luxembourg)<\/h3>\n\n\n\n<p>\u00c0 l\u2019occasion de la Journ\u00e9e internationale pour l\u2019\u00e9limination de la violence \u00e0 l\u2019\u00e9gard des femmes, la <em>Revue p\u00e9nale luxembourgeoise<\/em>&nbsp;lance un appel \u00e0 contributions pour un <strong>num\u00e9ro sp\u00e9cial consacr\u00e9 aux violences de genre<\/strong>.<\/p>\n\n\n\n<p>Ce num\u00e9ro sp\u00e9cial vise \u00e0 rassembler des analyses juridiques et interdisciplinaires portant sur les diff\u00e9rentes formes de violences de genre, leurs m\u00e9canismes, leur prise en charge institutionnelle, ainsi que les r\u00e9ponses p\u00e9nales et judiciaires qui y sont apport\u00e9es.<\/p>\n\n\n\n<p>Sont particuli\u00e8rement recherch\u00e9es :<\/p>\n\n\n\n<ul class=\"ulux-list\">\n<li class=\"ulux-list-item\"><strong>des \u00e9tudes portant sur le droit et les pratiques au Luxembourg<\/strong>,<\/li>\n\n\n\n<li class=\"ulux-list-item\"><strong>des analyses des r\u00e9formes engag\u00e9es dans les pays frontaliers<\/strong>,<\/li>\n\n\n\n<li class=\"ulux-list-item\"><strong>des commentaires de d\u00e9cisions judiciaires luxembourgeoises<\/strong>,<\/li>\n\n\n\n<li class=\"ulux-list-item\"><strong>des commentaires d\u2019arr\u00eats de la Cour europ\u00e9enne des droits de l\u2019homme (CrEDH)<\/strong>&nbsp;relatifs aux violences de genre, \u00e0 la protection des personnes concern\u00e9es ou aux obligations positives des \u00c9tats.<\/li>\n<\/ul>\n\n\n\n<p><strong>Types de contributions et longueur attendue<\/strong><\/p>\n\n\n\n<ul class=\"ulux-list\">\n<li class=\"ulux-list-item\"><strong>Articles (analyses longues)<\/strong>&nbsp;: <em>5 \u00e0 10 pages<\/em><\/li>\n\n\n\n<li class=\"ulux-list-item\"><strong>Commentaires d\u2019arr\u00eat<\/strong>&nbsp;: <em>2 \u00e0 5 pages<\/em><\/li>\n<\/ul>\n\n\n\n<p>Toutes les soumissions feront l\u2019objet d\u2019une <strong>\u00e9valuation en double aveugle<\/strong>.<\/p>\n\n\n\n<p><strong>Modalit\u00e9s de soumission<\/strong><\/p>\n\n\n\n<p>Afin d\u2019assurer la coh\u00e9rence scientifique du num\u00e9ro, il est <strong>vivement recommand\u00e9 de contacter l\u2019\u00e9ditrice du num\u00e9ro sp\u00e9cial<\/strong>&nbsp;(<a href=\"mailto:salome.lannier@uni.lu\">salome.lannier@uni.lu<\/a>) avec un <strong>bref r\u00e9sum\u00e9 de la proposition<\/strong><em> avant le 26 juin 2026<\/em>.<br>Les consignes r\u00e9dactionnelles seront transmises \u00e0 la suite de cette prise de contact.<\/p>\n\n\n\n<p><strong>Calendrier<\/strong><\/p>\n\n\n\n<ul class=\"ulux-list\">\n<li class=\"ulux-list-item\"><strong>26 juin 2026<\/strong>&nbsp;: date limite pour l\u2019envoi du r\u00e9sum\u00e9 \/ projet de contribution<\/li>\n\n\n\n<li class=\"ulux-list-item\"><strong>4 septembre 2026<\/strong>&nbsp;: date limite de remise des textes finalis\u00e9s<\/li>\n\n\n\n<li class=\"ulux-list-item\"><strong>Novembre 2026<\/strong>&nbsp;: publication du num\u00e9ro sp\u00e9cial<\/li>\n<\/ul>\n\n\n\n<ul class=\"wp-block-unilux-blocks-button-list-v2\">\n<li class=\"wp-block-unilux-blocks-button-list-item-v2\"><a class=\"quick-link\" href=\"https:\/\/www.uni.lu\/research-en\/research-projects\/protex\/\" target=\"\" role=\"link\" rel=\"noopener\" tabindex=\"0\"><span class=\"quick-link__container\">\n<div class=\"wp-block-unilux-blocks-block-inserter quick-link__img\"><\/div>\n\n\n\n<span class=\"quick-link__name wp-block-unilux-blocks-plain-text\">En savoir plus sur PROTEX<\/span>\n\n<svg aria-hidden=\"true\" focusable=\"false\" class=\"icon icon-outline icon--arrow-right \"><use xlink:href=\"https:\/\/www.uni.lu\/wp-content\/themes\/unilux-theme\/assets\/images\/icons\/icons-outline.svg#icon--arrow-right\"><\/use><\/svg><\/span><\/a><\/li>\n<\/ul>\n<\/div><\/section>\n","protected":false},"excerpt":{"rendered":"","protected":false},"author":320,"featured_media":3263,"template":"","format":"standard","meta":{"featured_image_focal_point":[],"show_featured_caption":false,"ulux_newsletter_groups":"","uluxPostTitle":"","uluxPrePostTitle":"","_trash_the_other_posts":false,"_price":"","_stock":"","_tribe_ticket_header":"","_tribe_default_ticket_provider":"","_tribe_ticket_capacity":"0","_ticket_start_date":"","_ticket_end_date":"","_tribe_ticket_show_description":"","_tribe_ticket_show_not_going":false,"_tribe_ticket_use_global_stock":"","_tribe_ticket_global_stock_level":"","_global_stock_mode":"","_global_stock_cap":"","_tribe_rsvp_for_event":"","_tribe_ticket_going_count":"","_tribe_ticket_not_going_count":"","_tribe_tickets_list":"[]","_tribe_ticket_has_attendee_info_fields":false},"news-category":[3],"news-topic":[17],"organisation":[101,100],"authorship":[320],"acf":[],"yoast_head":"<!-- This site is optimized with the Yoast SEO Premium plugin v22.3 (Yoast SEO v22.3) - https:\/\/yoast.com\/wordpress\/plugins\/seo\/ -->\n<title>Appel \u00e0 contributions : Revue p\u00e9nale luxembourgeoise - FDEF actualit\u00e9s I Universit\u00e9 du Luxembourg<\/title>\n<meta name=\"description\" content=\"\u00c0 l\u2019occasion de la Journ\u00e9e internationale pour l\u2019\u00e9limination de la violence \u00e0 l\u2019\u00e9gard des femmes, la Revue p\u00e9nale luxembourgeoise&nbsp;lance un appel \u00e0\" \/>\n<meta name=\"robots\" content=\"index, follow, max-snippet:-1, max-image-preview:large, max-video-preview:-1\" \/>\n<link rel=\"canonical\" href=\"https:\/\/www.uni.lu\/fdef-fr\/news\/appel-a-contributions-revue-penale-luxembourgeoise\/\" \/>\n<meta property=\"og:locale\" content=\"fr_FR\" \/>\n<meta property=\"og:type\" content=\"article\" \/>\n<meta property=\"og:title\" content=\"Appel \u00e0 contributions : Revue p\u00e9nale luxembourgeoise\" \/>\n<meta property=\"og:description\" content=\"\u00c0 l\u2019occasion de la Journ\u00e9e internationale pour l\u2019\u00e9limination de la violence \u00e0 l\u2019\u00e9gard des femmes, la Revue p\u00e9nale luxembourgeoise&nbsp;lance un appel \u00e0\" \/>\n<meta property=\"og:url\" content=\"https:\/\/www.uni.lu\/fdef-fr\/news\/appel-a-contributions-revue-penale-luxembourgeoise\/\" \/>\n<meta property=\"og:site_name\" content=\"FDEF FR\" \/>\n<meta property=\"article:publisher\" content=\"https:\/\/www.facebook.com\/uni.FDEF.lu\" \/>\n<meta property=\"article:modified_time\" content=\"2026-02-02T11:25:25+00:00\" \/>\n<meta property=\"og:image\" content=\"https:\/\/www.uni.lu\/wp-content\/uploads\/sites\/18\/2026\/02\/02122452\/Screenshot-2026-02-02-at-12.24.30-1024x684.png\" \/>\n\t<meta property=\"og:image:width\" content=\"1024\" \/>\n\t<meta property=\"og:image:height\" content=\"684\" \/>\n\t<meta property=\"og:image:type\" content=\"image\/png\" \/>\n<meta name=\"twitter:card\" content=\"summary_large_image\" \/>\n<meta name=\"twitter:label1\" content=\"Dur\u00e9e de lecture estim\u00e9e\" \/>\n\t<meta name=\"twitter:data1\" content=\"2 minutes\" \/>\n<script type=\"application\/ld+json\" class=\"yoast-schema-graph\">{\"@context\":\"https:\/\/schema.org\",\"@graph\":[{\"@type\":\"NewsArticle\",\"@id\":\"https:\/\/www.uni.lu\/fdef-fr\/news\/appel-a-contributions-revue-penale-luxembourgeoise\/#article\",\"isPartOf\":{\"@id\":\"https:\/\/www.uni.lu\/fdef-fr\/news\/appel-a-contributions-revue-penale-luxembourgeoise\/\"},\"author\":{\"name\":\"chantalenglert\",\"@id\":\"https:\/\/www.uni.lu\/fdef-fr\/#\/schema\/person\/144bea473e5cc37566b1db02c2472aa9\"},\"headline\":\"Appel \u00e0 contributions : Revue p\u00e9nale luxembourgeoise\",\"datePublished\":\"2026-02-02T10:00:29+00:00\",\"dateModified\":\"2026-02-02T11:25:25+00:00\",\"mainEntityOfPage\":{\"@id\":\"https:\/\/www.uni.lu\/fdef-fr\/news\/appel-a-contributions-revue-penale-luxembourgeoise\/\"},\"wordCount\":273,\"publisher\":{\"@id\":\"https:\/\/www.uni.lu\/fdef-fr\/#organization\"},\"image\":{\"@id\":\"https:\/\/www.uni.lu\/fdef-fr\/news\/appel-a-contributions-revue-penale-luxembourgeoise\/#primaryimage\"},\"thumbnailUrl\":\"https:\/\/www.uni.lu\/wp-content\/uploads\/sites\/18\/2026\/02\/02122452\/Screenshot-2026-02-02-at-12.24.30.png\",\"inLanguage\":\"fr-FR\"},{\"@type\":\"WebPage\",\"@id\":\"https:\/\/www.uni.lu\/fdef-fr\/news\/appel-a-contributions-revue-penale-luxembourgeoise\/\",\"url\":\"https:\/\/www.uni.lu\/fdef-fr\/news\/appel-a-contributions-revue-penale-luxembourgeoise\/\",\"name\":\"Appel \u00e0 contributions : Revue p\u00e9nale luxembourgeoise - FDEF actualit\u00e9s I Universit\u00e9 du Luxembourg\",\"isPartOf\":{\"@id\":\"https:\/\/www.uni.lu\/fdef-fr\/#website\"},\"primaryImageOfPage\":{\"@id\":\"https:\/\/www.uni.lu\/fdef-fr\/news\/appel-a-contributions-revue-penale-luxembourgeoise\/#primaryimage\"},\"image\":{\"@id\":\"https:\/\/www.uni.lu\/fdef-fr\/news\/appel-a-contributions-revue-penale-luxembourgeoise\/#primaryimage\"},\"thumbnailUrl\":\"https:\/\/www.uni.lu\/wp-content\/uploads\/sites\/18\/2026\/02\/02122452\/Screenshot-2026-02-02-at-12.24.30.png\",\"datePublished\":\"2026-02-02T10:00:29+00:00\",\"dateModified\":\"2026-02-02T11:25:25+00:00\",\"description\":\"\u00c0 l\u2019occasion de la Journ\u00e9e internationale pour l\u2019\u00e9limination de la violence \u00e0 l\u2019\u00e9gard des femmes, la Revue p\u00e9nale luxembourgeoise&nbsp;lance un appel \u00e0\",\"breadcrumb\":{\"@id\":\"https:\/\/www.uni.lu\/fdef-fr\/news\/appel-a-contributions-revue-penale-luxembourgeoise\/#breadcrumb\"},\"inLanguage\":\"fr-FR\",\"potentialAction\":[{\"@type\":\"ReadAction\",\"target\":[\"https:\/\/www.uni.lu\/fdef-fr\/news\/appel-a-contributions-revue-penale-luxembourgeoise\/\"]}]},{\"@type\":\"ImageObject\",\"inLanguage\":\"fr-FR\",\"@id\":\"https:\/\/www.uni.lu\/fdef-fr\/news\/appel-a-contributions-revue-penale-luxembourgeoise\/#primaryimage\",\"url\":\"https:\/\/www.uni.lu\/wp-content\/uploads\/sites\/18\/2026\/02\/02122452\/Screenshot-2026-02-02-at-12.24.30.png\",\"contentUrl\":\"https:\/\/www.uni.lu\/wp-content\/uploads\/sites\/18\/2026\/02\/02122452\/Screenshot-2026-02-02-at-12.24.30.png\",\"width\":2530,\"height\":1690},{\"@type\":\"BreadcrumbList\",\"@id\":\"https:\/\/www.uni.lu\/fdef-fr\/news\/appel-a-contributions-revue-penale-luxembourgeoise\/#breadcrumb\",\"itemListElement\":[{\"@type\":\"ListItem\",\"position\":1,\"name\":\"Home\",\"item\":\"https:\/\/www.uni.lu\/fr\"},{\"@type\":\"ListItem\",\"position\":2,\"name\":\"Facult\u00e9 de Droit, d\u2019\u00c9conomie et de Finance\",\"item\":\"https:\/\/www.uni.lu\/fdef-fr\/\"},{\"@type\":\"ListItem\",\"position\":3,\"name\":\"News\",\"item\":\"https:\/\/www.uni.lu\/fdef-fr\/news\/\"},{\"@type\":\"ListItem\",\"position\":4,\"name\":\"Appel \u00e0 contributions : Revue p\u00e9nale luxembourgeoise\"}]},{\"@type\":\"WebSite\",\"@id\":\"https:\/\/www.uni.lu\/fdef-fr\/#website\",\"url\":\"https:\/\/www.uni.lu\/fdef-fr\/\",\"name\":\"FDEF\",\"description\":\"Facult\u00e9 de Droit, d\u2019\u00c9conomie et de Finance I Uni.lu\",\"publisher\":{\"@id\":\"https:\/\/www.uni.lu\/fdef-fr\/#organization\"},\"alternateName\":\"Facult\u00e9 de Droit, d\u2019\u00c9conomie et de Finance I Universit\u00e9 du Luxembourg\",\"potentialAction\":[{\"@type\":\"SearchAction\",\"target\":{\"@type\":\"EntryPoint\",\"urlTemplate\":\"https:\/\/www.uni.lu\/fdef-fr\/?s={search_term_string}\"},\"query-input\":\"required name=search_term_string\"}],\"inLanguage\":\"fr-FR\"},{\"@type\":\"Organization\",\"@id\":\"https:\/\/www.uni.lu\/fdef-fr\/#organization\",\"name\":\"FDEF - Universit\u00e9 du Luxembourg I Uni.lu\",\"alternateName\":\"Facult\u00e9 de Droit, d\u2019\u00c9conomie et de Finance\",\"url\":\"https:\/\/www.uni.lu\/fdef-fr\/\",\"logo\":{\"@type\":\"ImageObject\",\"inLanguage\":\"fr-FR\",\"@id\":\"https:\/\/www.uni.lu\/fdef-fr\/#\/schema\/logo\/image\/\",\"url\":\"https:\/\/www.uni.lu\/wp-content\/uploads\/sites\/18\/2026\/03\/03111953\/FDEF_SM-Profile_1600x1600px-scaled.jpg\",\"contentUrl\":\"https:\/\/www.uni.lu\/wp-content\/uploads\/sites\/18\/2026\/03\/03111953\/FDEF_SM-Profile_1600x1600px-scaled.jpg\",\"width\":2560,\"height\":2560,\"caption\":\"FDEF - Universit\u00e9 du Luxembourg I Uni.lu\"},\"image\":\"https:\/\/www.uni.lu\/wp-content\/uploads\/sites\/18\/2026\/04\/24144332\/20200609-Belval-Campus_Henri-Goergen-23.jpg\",\"sameAs\":[\"https:\/\/www.facebook.com\/uni.FDEF.lu\",\"https:\/\/www.linkedin.com\/showcase\/fdef-uni-lu\/\"],\"email\":\"communication@uni.lu\",\"telephone\":\"+3524666441\",\"address\":{\"@type\":\"PostalAddress\",\"streetAddress\":\"2, place de l\u2019Universit\u00e9\",\"addressLocality\":\"Esch-sur-Alzette\",\"postalCode\":\"4365\",\"addressCountry\":\"LU\"},\"description\":\"Facult\u00e9 de Droit, d\u2019\u00c9conomie et de Finance I Uni.lu\"},{\"@type\":\"Person\",\"@id\":\"https:\/\/www.uni.lu\/fdef-fr\/#\/schema\/person\/144bea473e5cc37566b1db02c2472aa9\",\"name\":\"chantalenglert\",\"image\":{\"@type\":\"ImageObject\",\"inLanguage\":\"fr-FR\",\"@id\":\"https:\/\/www.uni.lu\/fdef-fr\/#\/schema\/person\/image\/\",\"url\":\"https:\/\/secure.gravatar.com\/avatar\/224ce0720dce857f59f160fc4e8dcd0e?s=96&d=mm&r=g\",\"contentUrl\":\"https:\/\/secure.gravatar.com\/avatar\/224ce0720dce857f59f160fc4e8dcd0e?s=96&d=mm&r=g\",\"caption\":\"chantalenglert\"}}]}<\/script>\n<!-- \/ Yoast SEO Premium plugin. -->","yoast_head_json":{"title":"Appel \u00e0 contributions : Revue p\u00e9nale luxembourgeoise - FDEF actualit\u00e9s I Universit\u00e9 du Luxembourg","description":"\u00c0 l\u2019occasion de la Journ\u00e9e internationale pour l\u2019\u00e9limination de la violence \u00e0 l\u2019\u00e9gard des femmes, la Revue p\u00e9nale luxembourgeoise&nbsp;lance un appel \u00e0","robots":{"index":"index","follow":"follow","max-snippet":"max-snippet:-1","max-image-preview":"max-image-preview:large","max-video-preview":"max-video-preview:-1"},"canonical":"https:\/\/www.uni.lu\/fdef-fr\/news\/appel-a-contributions-revue-penale-luxembourgeoise\/","og_locale":"fr_FR","og_type":"article","og_title":"Appel \u00e0 contributions : Revue p\u00e9nale luxembourgeoise","og_description":"\u00c0 l\u2019occasion de la Journ\u00e9e internationale pour l\u2019\u00e9limination de la violence \u00e0 l\u2019\u00e9gard des femmes, la Revue p\u00e9nale luxembourgeoise&nbsp;lance un appel \u00e0","og_url":"https:\/\/www.uni.lu\/fdef-fr\/news\/appel-a-contributions-revue-penale-luxembourgeoise\/","og_site_name":"FDEF FR","article_publisher":"https:\/\/www.facebook.com\/uni.FDEF.lu","article_modified_time":"2026-02-02T11:25:25+00:00","og_image":[{"width":1024,"height":684,"url":"https:\/\/www.uni.lu\/wp-content\/uploads\/sites\/18\/2026\/02\/02122452\/Screenshot-2026-02-02-at-12.24.30-1024x684.png","type":"image\/png"}],"twitter_card":"summary_large_image","twitter_misc":{"Dur\u00e9e de lecture estim\u00e9e":"2 minutes"},"schema":{"@context":"https:\/\/schema.org","@graph":[{"@type":"NewsArticle","@id":"https:\/\/www.uni.lu\/fdef-fr\/news\/appel-a-contributions-revue-penale-luxembourgeoise\/#article","isPartOf":{"@id":"https:\/\/www.uni.lu\/fdef-fr\/news\/appel-a-contributions-revue-penale-luxembourgeoise\/"},"author":{"name":"chantalenglert","@id":"https:\/\/www.uni.lu\/fdef-fr\/#\/schema\/person\/144bea473e5cc37566b1db02c2472aa9"},"headline":"Appel \u00e0 contributions : Revue p\u00e9nale luxembourgeoise","datePublished":"2026-02-02T10:00:29+00:00","dateModified":"2026-02-02T11:25:25+00:00","mainEntityOfPage":{"@id":"https:\/\/www.uni.lu\/fdef-fr\/news\/appel-a-contributions-revue-penale-luxembourgeoise\/"},"wordCount":273,"publisher":{"@id":"https:\/\/www.uni.lu\/fdef-fr\/#organization"},"image":{"@id":"https:\/\/www.uni.lu\/fdef-fr\/news\/appel-a-contributions-revue-penale-luxembourgeoise\/#primaryimage"},"thumbnailUrl":"https:\/\/www.uni.lu\/wp-content\/uploads\/sites\/18\/2026\/02\/02122452\/Screenshot-2026-02-02-at-12.24.30.png","inLanguage":"fr-FR"},{"@type":"WebPage","@id":"https:\/\/www.uni.lu\/fdef-fr\/news\/appel-a-contributions-revue-penale-luxembourgeoise\/","url":"https:\/\/www.uni.lu\/fdef-fr\/news\/appel-a-contributions-revue-penale-luxembourgeoise\/","name":"Appel \u00e0 contributions : Revue p\u00e9nale luxembourgeoise - FDEF actualit\u00e9s I Universit\u00e9 du Luxembourg","isPartOf":{"@id":"https:\/\/www.uni.lu\/fdef-fr\/#website"},"primaryImageOfPage":{"@id":"https:\/\/www.uni.lu\/fdef-fr\/news\/appel-a-contributions-revue-penale-luxembourgeoise\/#primaryimage"},"image":{"@id":"https:\/\/www.uni.lu\/fdef-fr\/news\/appel-a-contributions-revue-penale-luxembourgeoise\/#primaryimage"},"thumbnailUrl":"https:\/\/www.uni.lu\/wp-content\/uploads\/sites\/18\/2026\/02\/02122452\/Screenshot-2026-02-02-at-12.24.30.png","datePublished":"2026-02-02T10:00:29+00:00","dateModified":"2026-02-02T11:25:25+00:00","description":"\u00c0 l\u2019occasion de la Journ\u00e9e internationale pour l\u2019\u00e9limination de la violence \u00e0 l\u2019\u00e9gard des femmes, la Revue p\u00e9nale luxembourgeoise&nbsp;lance un appel \u00e0","breadcrumb":{"@id":"https:\/\/www.uni.lu\/fdef-fr\/news\/appel-a-contributions-revue-penale-luxembourgeoise\/#breadcrumb"},"inLanguage":"fr-FR","potentialAction":[{"@type":"ReadAction","target":["https:\/\/www.uni.lu\/fdef-fr\/news\/appel-a-contributions-revue-penale-luxembourgeoise\/"]}]},{"@type":"ImageObject","inLanguage":"fr-FR","@id":"https:\/\/www.uni.lu\/fdef-fr\/news\/appel-a-contributions-revue-penale-luxembourgeoise\/#primaryimage","url":"https:\/\/www.uni.lu\/wp-content\/uploads\/sites\/18\/2026\/02\/02122452\/Screenshot-2026-02-02-at-12.24.30.png","contentUrl":"https:\/\/www.uni.lu\/wp-content\/uploads\/sites\/18\/2026\/02\/02122452\/Screenshot-2026-02-02-at-12.24.30.png","width":2530,"height":1690},{"@type":"BreadcrumbList","@id":"https:\/\/www.uni.lu\/fdef-fr\/news\/appel-a-contributions-revue-penale-luxembourgeoise\/#breadcrumb","itemListElement":[{"@type":"ListItem","position":1,"name":"Home","item":"https:\/\/www.uni.lu\/fr"},{"@type":"ListItem","position":2,"name":"Facult\u00e9 de Droit, d\u2019\u00c9conomie et de Finance","item":"https:\/\/www.uni.lu\/fdef-fr\/"},{"@type":"ListItem","position":3,"name":"News","item":"https:\/\/www.uni.lu\/fdef-fr\/news\/"},{"@type":"ListItem","position":4,"name":"Appel \u00e0 contributions : Revue p\u00e9nale luxembourgeoise"}]},{"@type":"WebSite","@id":"https:\/\/www.uni.lu\/fdef-fr\/#website","url":"https:\/\/www.uni.lu\/fdef-fr\/","name":"FDEF","description":"Facult\u00e9 de Droit, d\u2019\u00c9conomie et de Finance I Uni.lu","publisher":{"@id":"https:\/\/www.uni.lu\/fdef-fr\/#organization"},"alternateName":"Facult\u00e9 de Droit, d\u2019\u00c9conomie et de Finance I Universit\u00e9 du Luxembourg","potentialAction":[{"@type":"SearchAction","target":{"@type":"EntryPoint","urlTemplate":"https:\/\/www.uni.lu\/fdef-fr\/?s={search_term_string}"},"query-input":"required name=search_term_string"}],"inLanguage":"fr-FR"},{"@type":"Organization","@id":"https:\/\/www.uni.lu\/fdef-fr\/#organization","name":"FDEF - Universit\u00e9 du Luxembourg I Uni.lu","alternateName":"Facult\u00e9 de Droit, d\u2019\u00c9conomie et de Finance","url":"https:\/\/www.uni.lu\/fdef-fr\/","logo":{"@type":"ImageObject","inLanguage":"fr-FR","@id":"https:\/\/www.uni.lu\/fdef-fr\/#\/schema\/logo\/image\/","url":"https:\/\/www.uni.lu\/wp-content\/uploads\/sites\/18\/2026\/03\/03111953\/FDEF_SM-Profile_1600x1600px-scaled.jpg","contentUrl":"https:\/\/www.uni.lu\/wp-content\/uploads\/sites\/18\/2026\/03\/03111953\/FDEF_SM-Profile_1600x1600px-scaled.jpg","width":2560,"height":2560,"caption":"FDEF - Universit\u00e9 du Luxembourg I Uni.lu"},"image":"https:\/\/www.uni.lu\/wp-content\/uploads\/sites\/18\/2026\/04\/24144332\/20200609-Belval-Campus_Henri-Goergen-23.jpg","sameAs":["https:\/\/www.facebook.com\/uni.FDEF.lu","https:\/\/www.linkedin.com\/showcase\/fdef-uni-lu\/"],"email":"communication@uni.lu","telephone":"+3524666441","address":{"@type":"PostalAddress","streetAddress":"2, place de l\u2019Universit\u00e9","addressLocality":"Esch-sur-Alzette","postalCode":"4365","addressCountry":"LU"},"description":"Facult\u00e9 de Droit, d\u2019\u00c9conomie et de Finance I Uni.lu"},{"@type":"Person","@id":"https:\/\/www.uni.lu\/fdef-fr\/#\/schema\/person\/144bea473e5cc37566b1db02c2472aa9","name":"chantalenglert","image":{"@type":"ImageObject","inLanguage":"fr-FR","@id":"https:\/\/www.uni.lu\/fdef-fr\/#\/schema\/person\/image\/","url":"https:\/\/secure.gravatar.com\/avatar\/224ce0720dce857f59f160fc4e8dcd0e?s=96&d=mm&r=g","contentUrl":"https:\/\/secure.gravatar.com\/avatar\/224ce0720dce857f59f160fc4e8dcd0e?s=96&d=mm&r=g","caption":"chantalenglert"}}]}},"blog_id":18,"_links":{"self":[{"href":"https:\/\/www.uni.lu\/fdef-fr\/wp-json\/wp\/v2\/news\/3255"}],"collection":[{"href":"https:\/\/www.uni.lu\/fdef-fr\/wp-json\/wp\/v2\/news"}],"about":[{"href":"https:\/\/www.uni.lu\/fdef-fr\/wp-json\/wp\/v2\/types\/news"}],"author":[{"embeddable":true,"href":"https:\/\/www.uni.lu\/fdef-fr\/wp-json\/wp\/v2\/users\/320"}],"version-history":[{"count":2,"href":"https:\/\/www.uni.lu\/fdef-fr\/wp-json\/wp\/v2\/news\/3255\/revisions"}],"predecessor-version":[{"id":3264,"href":"https:\/\/www.uni.lu\/fdef-fr\/wp-json\/wp\/v2\/news\/3255\/revisions\/3264"}],"wp:authorship":[{"embeddable":true,"href":"https:\/\/www.uni.lu\/fdef-fr\/wp-json\/wp\/v2\/users\/320"}],"wp:featuredmedia":[{"embeddable":true,"href":"https:\/\/www.uni.lu\/fdef-fr\/wp-json\/wp\/v2\/media\/3263"}],"wp:attachment":[{"href":"https:\/\/www.uni.lu\/fdef-fr\/wp-json\/wp\/v2\/media?parent=3255"}],"wp:term":[{"taxonomy":"news-category","embeddable":true,"href":"https:\/\/www.uni.lu\/fdef-fr\/wp-json\/wp\/v2\/news-category?post=3255"},{"taxonomy":"news-topic","embeddable":true,"href":"https:\/\/www.uni.lu\/fdef-fr\/wp-json\/wp\/v2\/news-topic?post=3255"},{"taxonomy":"organisation","embeddable":true,"href":"https:\/\/www.uni.lu\/fdef-fr\/wp-json\/wp\/v2\/organisation?post=3255"}],"curies":[{"name":"wp","href":"https:\/\/api.w.org\/{rel}","templated":true}]}}