{"id":3209,"date":"2026-01-19T15:28:56","date_gmt":"2026-01-19T14:28:56","guid":{"rendered":"https:\/\/www.uni.lu\/fdef-fr\/?post_type=news&#038;p=3209"},"modified":"2026-01-19T15:29:28","modified_gmt":"2026-01-19T14:29:28","slug":"la-discipline-de-lexcellence-yves-concilie-recherche-et-competitions-sportives-de-niveau-mondial","status":"publish","type":"news","link":"https:\/\/www.uni.lu\/fdef-fr\/news\/la-discipline-de-lexcellence-yves-concilie-recherche-et-competitions-sportives-de-niveau-mondial\/","title":{"rendered":"La discipline de l&rsquo;excellence : Yves concilie recherche et comp\u00e9titions sportives de niveau mondial"},"content":{"rendered":"\n<section class=\"wp-block-unilux-blocks-free-section section\"><div class=\"container xl:max-w-screen-xl\">\n<p>Doctorant \u00e0 l&rsquo;Universit\u00e9 du Luxembourg, <a href=\"https:\/\/www.uni.lu\/fdef-en\/people\/yves-wehmer\/\">Yves Wehmer<\/a> m\u00e8ne des recherches sur la politique mon\u00e9taire moderne tout en participant \u00e0 des championnats du monde.<\/p>\n\n\n\n<p><strong>La discipline de l&rsquo;excellence<\/strong><\/p>\n\n\n\n<p>Seulement 0,8 seconde a emp\u00each\u00e9 Yves Wehmer de se qualifier directement pour la finale des Championnats du monde de kayak en eaux vives 2025. Lors de sa premi\u00e8re manche, o\u00f9 il affrontait des athl\u00e8tes professionnels et semi-professionnels, il a termin\u00e9 neuvi\u00e8me, tr\u00e8s proche des cinq premiers qui se sont automatiquement qualifi\u00e9s. Ce que ses concurrents ne savaient probablement pas, c&rsquo;est qu&rsquo;au d\u00e9but de la semaine, Yves travaillait sur sa th\u00e8se de doctorat \u00e0 l&rsquo;Universit\u00e9 du Luxembourg, o\u00f9 il d\u00e9veloppe des mod\u00e8les math\u00e9matiques complexes pour \u00e9tudier le comportement des banques centrales.<\/p>\n\n\n\n<p>Lisez son histoire en <a href=\"https:\/\/www.uni.lu\/fdef-en\/news\/the-discipline-of-excellence-how-yves-balances-research-and-world-class-sport-competitions\/\">anglais<\/a>.<\/p>\n<\/div><\/section>\n","protected":false},"excerpt":{"rendered":"<p>Doctorant Yves Wehmer m\u00e8ne des recherches sur la politique mon\u00e9taire moderne tout en participant \u00e0 des championnats du monde.<\/p>\n","protected":false},"author":48,"featured_media":3212,"template":"","format":"standard","meta":{"featured_image_focal_point":[],"show_featured_caption":false,"ulux_newsletter_groups":"","uluxPostTitle":"","uluxPrePostTitle":"","_trash_the_other_posts":false,"_price":"","_stock":"","_tribe_ticket_header":"","_tribe_default_ticket_provider":"","_tribe_ticket_capacity":"0","_ticket_start_date":"","_ticket_end_date":"","_tribe_ticket_show_description":"","_tribe_ticket_show_not_going":false,"_tribe_ticket_use_global_stock":"","_tribe_ticket_global_stock_level":"","_global_stock_mode":"","_global_stock_cap":"","_tribe_rsvp_for_event":"","_tribe_ticket_going_count":"","_tribe_ticket_not_going_count":"","_tribe_tickets_list":"[]","_tribe_ticket_has_attendee_info_fields":false},"news-category":[5],"news-topic":[13],"organisation":[],"authorship":[48],"acf":[],"yoast_head":"<!-- This site is optimized with the Yoast SEO Premium plugin v22.3 (Yoast SEO v22.3) - https:\/\/yoast.com\/wordpress\/plugins\/seo\/ -->\n<title>La discipline de l&#039;excellence : Yves concilie recherche et comp\u00e9titions sportives de niveau mondial - FDEF actualit\u00e9s I Universit\u00e9 du Luxembourg<\/title>\n<meta name=\"description\" content=\"Doctorant Yves Wehmer m\u00e8ne des recherches sur la politique mon\u00e9taire moderne tout en participant \u00e0 des championnats du monde.\" \/>\n<meta name=\"robots\" content=\"index, follow, max-snippet:-1, max-image-preview:large, max-video-preview:-1\" \/>\n<link rel=\"canonical\" href=\"https:\/\/www.uni.lu\/fdef-fr\/news\/la-discipline-de-lexcellence-yves-concilie-recherche-et-competitions-sportives-de-niveau-mondial\/\" \/>\n<meta property=\"og:locale\" content=\"fr_FR\" \/>\n<meta property=\"og:type\" content=\"article\" \/>\n<meta property=\"og:title\" content=\"La discipline de l&#039;excellence : Yves concilie recherche et comp\u00e9titions sportives de niveau mondial\" \/>\n<meta property=\"og:description\" content=\"Doctorant Yves Wehmer m\u00e8ne des recherches sur la politique mon\u00e9taire moderne tout en participant \u00e0 des championnats du monde.\" \/>\n<meta property=\"og:url\" content=\"https:\/\/www.uni.lu\/fdef-fr\/news\/la-discipline-de-lexcellence-yves-concilie-recherche-et-competitions-sportives-de-niveau-mondial\/\" \/>\n<meta property=\"og:site_name\" content=\"FDEF FR\" \/>\n<meta property=\"article:publisher\" content=\"https:\/\/www.facebook.com\/uni.FDEF.lu\" \/>\n<meta property=\"article:modified_time\" content=\"2026-01-19T14:29:28+00:00\" \/>\n<meta property=\"og:image\" content=\"https:\/\/www.uni.lu\/wp-content\/uploads\/sites\/18\/2026\/01\/19152917\/UNI_Portrait-1024x683-1.jpeg\" \/>\n\t<meta property=\"og:image:width\" content=\"1024\" \/>\n\t<meta property=\"og:image:height\" content=\"683\" \/>\n\t<meta property=\"og:image:type\" content=\"image\/jpeg\" \/>\n<meta name=\"twitter:card\" content=\"summary_large_image\" \/>\n<meta name=\"twitter:label1\" content=\"Dur\u00e9e de lecture estim\u00e9e\" \/>\n\t<meta name=\"twitter:data1\" content=\"1 minute\" \/>\n<script type=\"application\/ld+json\" class=\"yoast-schema-graph\">{\"@context\":\"https:\/\/schema.org\",\"@graph\":[{\"@type\":\"NewsArticle\",\"@id\":\"https:\/\/www.uni.lu\/fdef-fr\/news\/la-discipline-de-lexcellence-yves-concilie-recherche-et-competitions-sportives-de-niveau-mondial\/#article\",\"isPartOf\":{\"@id\":\"https:\/\/www.uni.lu\/fdef-fr\/news\/la-discipline-de-lexcellence-yves-concilie-recherche-et-competitions-sportives-de-niveau-mondial\/\"},\"author\":{\"name\":\"eputkova\",\"@id\":\"https:\/\/www.uni.lu\/fdef-fr\/#\/schema\/person\/17dbe0c28b374ab399ebe660edfa0c1a\"},\"headline\":\"La discipline de l&rsquo;excellence : Yves concilie recherche et comp\u00e9titions sportives de niveau mondial\",\"datePublished\":\"2026-01-19T14:28:56+00:00\",\"dateModified\":\"2026-01-19T14:29:28+00:00\",\"mainEntityOfPage\":{\"@id\":\"https:\/\/www.uni.lu\/fdef-fr\/news\/la-discipline-de-lexcellence-yves-concilie-recherche-et-competitions-sportives-de-niveau-mondial\/\"},\"wordCount\":150,\"publisher\":{\"@id\":\"https:\/\/www.uni.lu\/fdef-fr\/#organization\"},\"image\":{\"@id\":\"https:\/\/www.uni.lu\/fdef-fr\/news\/la-discipline-de-lexcellence-yves-concilie-recherche-et-competitions-sportives-de-niveau-mondial\/#primaryimage\"},\"thumbnailUrl\":\"https:\/\/www.uni.lu\/wp-content\/uploads\/sites\/18\/2026\/01\/19152917\/UNI_Portrait-1024x683-1.jpeg\",\"inLanguage\":\"fr-FR\"},{\"@type\":\"WebPage\",\"@id\":\"https:\/\/www.uni.lu\/fdef-fr\/news\/la-discipline-de-lexcellence-yves-concilie-recherche-et-competitions-sportives-de-niveau-mondial\/\",\"url\":\"https:\/\/www.uni.lu\/fdef-fr\/news\/la-discipline-de-lexcellence-yves-concilie-recherche-et-competitions-sportives-de-niveau-mondial\/\",\"name\":\"La discipline de l'excellence : Yves concilie recherche et comp\u00e9titions sportives de niveau mondial - FDEF actualit\u00e9s I Universit\u00e9 du Luxembourg\",\"isPartOf\":{\"@id\":\"https:\/\/www.uni.lu\/fdef-fr\/#website\"},\"primaryImageOfPage\":{\"@id\":\"https:\/\/www.uni.lu\/fdef-fr\/news\/la-discipline-de-lexcellence-yves-concilie-recherche-et-competitions-sportives-de-niveau-mondial\/#primaryimage\"},\"image\":{\"@id\":\"https:\/\/www.uni.lu\/fdef-fr\/news\/la-discipline-de-lexcellence-yves-concilie-recherche-et-competitions-sportives-de-niveau-mondial\/#primaryimage\"},\"thumbnailUrl\":\"https:\/\/www.uni.lu\/wp-content\/uploads\/sites\/18\/2026\/01\/19152917\/UNI_Portrait-1024x683-1.jpeg\",\"datePublished\":\"2026-01-19T14:28:56+00:00\",\"dateModified\":\"2026-01-19T14:29:28+00:00\",\"description\":\"Doctorant Yves Wehmer m\u00e8ne des recherches sur la politique mon\u00e9taire moderne tout en participant \u00e0 des championnats du monde.\",\"breadcrumb\":{\"@id\":\"https:\/\/www.uni.lu\/fdef-fr\/news\/la-discipline-de-lexcellence-yves-concilie-recherche-et-competitions-sportives-de-niveau-mondial\/#breadcrumb\"},\"inLanguage\":\"fr-FR\",\"potentialAction\":[{\"@type\":\"ReadAction\",\"target\":[\"https:\/\/www.uni.lu\/fdef-fr\/news\/la-discipline-de-lexcellence-yves-concilie-recherche-et-competitions-sportives-de-niveau-mondial\/\"]}]},{\"@type\":\"ImageObject\",\"inLanguage\":\"fr-FR\",\"@id\":\"https:\/\/www.uni.lu\/fdef-fr\/news\/la-discipline-de-lexcellence-yves-concilie-recherche-et-competitions-sportives-de-niveau-mondial\/#primaryimage\",\"url\":\"https:\/\/www.uni.lu\/wp-content\/uploads\/sites\/18\/2026\/01\/19152917\/UNI_Portrait-1024x683-1.jpeg\",\"contentUrl\":\"https:\/\/www.uni.lu\/wp-content\/uploads\/sites\/18\/2026\/01\/19152917\/UNI_Portrait-1024x683-1.jpeg\",\"width\":1024,\"height\":683},{\"@type\":\"BreadcrumbList\",\"@id\":\"https:\/\/www.uni.lu\/fdef-fr\/news\/la-discipline-de-lexcellence-yves-concilie-recherche-et-competitions-sportives-de-niveau-mondial\/#breadcrumb\",\"itemListElement\":[{\"@type\":\"ListItem\",\"position\":1,\"name\":\"Home\",\"item\":\"https:\/\/www.uni.lu\/fr\"},{\"@type\":\"ListItem\",\"position\":2,\"name\":\"Facult\u00e9 de Droit, d\u2019\u00c9conomie et de Finance\",\"item\":\"https:\/\/www.uni.lu\/fdef-fr\/\"},{\"@type\":\"ListItem\",\"position\":3,\"name\":\"News\",\"item\":\"https:\/\/www.uni.lu\/fdef-fr\/news\/\"},{\"@type\":\"ListItem\",\"position\":4,\"name\":\"La discipline de l'excellence : Yves concilie recherche et comp\u00e9titions sportives de niveau mondial\"}]},{\"@type\":\"WebSite\",\"@id\":\"https:\/\/www.uni.lu\/fdef-fr\/#website\",\"url\":\"https:\/\/www.uni.lu\/fdef-fr\/\",\"name\":\"FDEF\",\"description\":\"Facult\u00e9 de Droit, d\u2019\u00c9conomie et de Finance I Uni.lu\",\"publisher\":{\"@id\":\"https:\/\/www.uni.lu\/fdef-fr\/#organization\"},\"alternateName\":\"Facult\u00e9 de Droit, d\u2019\u00c9conomie et de Finance I Universit\u00e9 du Luxembourg\",\"potentialAction\":[{\"@type\":\"SearchAction\",\"target\":{\"@type\":\"EntryPoint\",\"urlTemplate\":\"https:\/\/www.uni.lu\/fdef-fr\/?s={search_term_string}\"},\"query-input\":\"required name=search_term_string\"}],\"inLanguage\":\"fr-FR\"},{\"@type\":\"Organization\",\"@id\":\"https:\/\/www.uni.lu\/fdef-fr\/#organization\",\"name\":\"FDEF - Universit\u00e9 du Luxembourg I Uni.lu\",\"alternateName\":\"Facult\u00e9 de Droit, d\u2019\u00c9conomie et de Finance\",\"url\":\"https:\/\/www.uni.lu\/fdef-fr\/\",\"logo\":{\"@type\":\"ImageObject\",\"inLanguage\":\"fr-FR\",\"@id\":\"https:\/\/www.uni.lu\/fdef-fr\/#\/schema\/logo\/image\/\",\"url\":\"https:\/\/www.uni.lu\/wp-content\/uploads\/sites\/18\/2026\/03\/03111953\/FDEF_SM-Profile_1600x1600px-scaled.jpg\",\"contentUrl\":\"https:\/\/www.uni.lu\/wp-content\/uploads\/sites\/18\/2026\/03\/03111953\/FDEF_SM-Profile_1600x1600px-scaled.jpg\",\"width\":2560,\"height\":2560,\"caption\":\"FDEF - Universit\u00e9 du Luxembourg I Uni.lu\"},\"image\":\"https:\/\/www.uni.lu\/wp-content\/uploads\/sites\/18\/2026\/04\/24144332\/20200609-Belval-Campus_Henri-Goergen-23.jpg\",\"sameAs\":[\"https:\/\/www.facebook.com\/uni.FDEF.lu\",\"https:\/\/www.linkedin.com\/showcase\/fdef-uni-lu\/\"],\"email\":\"communication@uni.lu\",\"telephone\":\"+3524666441\",\"address\":{\"@type\":\"PostalAddress\",\"streetAddress\":\"2, place de l\u2019Universit\u00e9\",\"addressLocality\":\"Esch-sur-Alzette\",\"postalCode\":\"4365\",\"addressCountry\":\"LU\"},\"description\":\"Facult\u00e9 de Droit, d\u2019\u00c9conomie et de Finance I Uni.lu\"},{\"@type\":\"Person\",\"@id\":\"https:\/\/www.uni.lu\/fdef-fr\/#\/schema\/person\/17dbe0c28b374ab399ebe660edfa0c1a\",\"name\":\"eputkova\",\"image\":{\"@type\":\"ImageObject\",\"inLanguage\":\"fr-FR\",\"@id\":\"https:\/\/www.uni.lu\/fdef-fr\/#\/schema\/person\/image\/\",\"url\":\"https:\/\/secure.gravatar.com\/avatar\/abb0eab3b008a6b0c8074dd1ec6e0582?s=96&d=mm&r=g\",\"contentUrl\":\"https:\/\/secure.gravatar.com\/avatar\/abb0eab3b008a6b0c8074dd1ec6e0582?s=96&d=mm&r=g\",\"caption\":\"eputkova\"}}]}<\/script>\n<!-- \/ Yoast SEO Premium plugin. -->","yoast_head_json":{"title":"La discipline de l'excellence : Yves concilie recherche et comp\u00e9titions sportives de niveau mondial - FDEF actualit\u00e9s I Universit\u00e9 du Luxembourg","description":"Doctorant Yves Wehmer m\u00e8ne des recherches sur la politique mon\u00e9taire moderne tout en participant \u00e0 des championnats du monde.","robots":{"index":"index","follow":"follow","max-snippet":"max-snippet:-1","max-image-preview":"max-image-preview:large","max-video-preview":"max-video-preview:-1"},"canonical":"https:\/\/www.uni.lu\/fdef-fr\/news\/la-discipline-de-lexcellence-yves-concilie-recherche-et-competitions-sportives-de-niveau-mondial\/","og_locale":"fr_FR","og_type":"article","og_title":"La discipline de l'excellence : Yves concilie recherche et comp\u00e9titions sportives de niveau mondial","og_description":"Doctorant Yves Wehmer m\u00e8ne des recherches sur la politique mon\u00e9taire moderne tout en participant \u00e0 des championnats du monde.","og_url":"https:\/\/www.uni.lu\/fdef-fr\/news\/la-discipline-de-lexcellence-yves-concilie-recherche-et-competitions-sportives-de-niveau-mondial\/","og_site_name":"FDEF FR","article_publisher":"https:\/\/www.facebook.com\/uni.FDEF.lu","article_modified_time":"2026-01-19T14:29:28+00:00","og_image":[{"width":1024,"height":683,"url":"https:\/\/www.uni.lu\/wp-content\/uploads\/sites\/18\/2026\/01\/19152917\/UNI_Portrait-1024x683-1.jpeg","type":"image\/jpeg"}],"twitter_card":"summary_large_image","twitter_misc":{"Dur\u00e9e de lecture estim\u00e9e":"1 minute"},"schema":{"@context":"https:\/\/schema.org","@graph":[{"@type":"NewsArticle","@id":"https:\/\/www.uni.lu\/fdef-fr\/news\/la-discipline-de-lexcellence-yves-concilie-recherche-et-competitions-sportives-de-niveau-mondial\/#article","isPartOf":{"@id":"https:\/\/www.uni.lu\/fdef-fr\/news\/la-discipline-de-lexcellence-yves-concilie-recherche-et-competitions-sportives-de-niveau-mondial\/"},"author":{"name":"eputkova","@id":"https:\/\/www.uni.lu\/fdef-fr\/#\/schema\/person\/17dbe0c28b374ab399ebe660edfa0c1a"},"headline":"La discipline de l&rsquo;excellence : Yves concilie recherche et comp\u00e9titions sportives de niveau mondial","datePublished":"2026-01-19T14:28:56+00:00","dateModified":"2026-01-19T14:29:28+00:00","mainEntityOfPage":{"@id":"https:\/\/www.uni.lu\/fdef-fr\/news\/la-discipline-de-lexcellence-yves-concilie-recherche-et-competitions-sportives-de-niveau-mondial\/"},"wordCount":150,"publisher":{"@id":"https:\/\/www.uni.lu\/fdef-fr\/#organization"},"image":{"@id":"https:\/\/www.uni.lu\/fdef-fr\/news\/la-discipline-de-lexcellence-yves-concilie-recherche-et-competitions-sportives-de-niveau-mondial\/#primaryimage"},"thumbnailUrl":"https:\/\/www.uni.lu\/wp-content\/uploads\/sites\/18\/2026\/01\/19152917\/UNI_Portrait-1024x683-1.jpeg","inLanguage":"fr-FR"},{"@type":"WebPage","@id":"https:\/\/www.uni.lu\/fdef-fr\/news\/la-discipline-de-lexcellence-yves-concilie-recherche-et-competitions-sportives-de-niveau-mondial\/","url":"https:\/\/www.uni.lu\/fdef-fr\/news\/la-discipline-de-lexcellence-yves-concilie-recherche-et-competitions-sportives-de-niveau-mondial\/","name":"La discipline de l'excellence : Yves concilie recherche et comp\u00e9titions sportives de niveau mondial - FDEF actualit\u00e9s I Universit\u00e9 du Luxembourg","isPartOf":{"@id":"https:\/\/www.uni.lu\/fdef-fr\/#website"},"primaryImageOfPage":{"@id":"https:\/\/www.uni.lu\/fdef-fr\/news\/la-discipline-de-lexcellence-yves-concilie-recherche-et-competitions-sportives-de-niveau-mondial\/#primaryimage"},"image":{"@id":"https:\/\/www.uni.lu\/fdef-fr\/news\/la-discipline-de-lexcellence-yves-concilie-recherche-et-competitions-sportives-de-niveau-mondial\/#primaryimage"},"thumbnailUrl":"https:\/\/www.uni.lu\/wp-content\/uploads\/sites\/18\/2026\/01\/19152917\/UNI_Portrait-1024x683-1.jpeg","datePublished":"2026-01-19T14:28:56+00:00","dateModified":"2026-01-19T14:29:28+00:00","description":"Doctorant Yves Wehmer m\u00e8ne des recherches sur la politique mon\u00e9taire moderne tout en participant \u00e0 des championnats du monde.","breadcrumb":{"@id":"https:\/\/www.uni.lu\/fdef-fr\/news\/la-discipline-de-lexcellence-yves-concilie-recherche-et-competitions-sportives-de-niveau-mondial\/#breadcrumb"},"inLanguage":"fr-FR","potentialAction":[{"@type":"ReadAction","target":["https:\/\/www.uni.lu\/fdef-fr\/news\/la-discipline-de-lexcellence-yves-concilie-recherche-et-competitions-sportives-de-niveau-mondial\/"]}]},{"@type":"ImageObject","inLanguage":"fr-FR","@id":"https:\/\/www.uni.lu\/fdef-fr\/news\/la-discipline-de-lexcellence-yves-concilie-recherche-et-competitions-sportives-de-niveau-mondial\/#primaryimage","url":"https:\/\/www.uni.lu\/wp-content\/uploads\/sites\/18\/2026\/01\/19152917\/UNI_Portrait-1024x683-1.jpeg","contentUrl":"https:\/\/www.uni.lu\/wp-content\/uploads\/sites\/18\/2026\/01\/19152917\/UNI_Portrait-1024x683-1.jpeg","width":1024,"height":683},{"@type":"BreadcrumbList","@id":"https:\/\/www.uni.lu\/fdef-fr\/news\/la-discipline-de-lexcellence-yves-concilie-recherche-et-competitions-sportives-de-niveau-mondial\/#breadcrumb","itemListElement":[{"@type":"ListItem","position":1,"name":"Home","item":"https:\/\/www.uni.lu\/fr"},{"@type":"ListItem","position":2,"name":"Facult\u00e9 de Droit, d\u2019\u00c9conomie et de Finance","item":"https:\/\/www.uni.lu\/fdef-fr\/"},{"@type":"ListItem","position":3,"name":"News","item":"https:\/\/www.uni.lu\/fdef-fr\/news\/"},{"@type":"ListItem","position":4,"name":"La discipline de l'excellence : Yves concilie recherche et comp\u00e9titions sportives de niveau mondial"}]},{"@type":"WebSite","@id":"https:\/\/www.uni.lu\/fdef-fr\/#website","url":"https:\/\/www.uni.lu\/fdef-fr\/","name":"FDEF","description":"Facult\u00e9 de Droit, d\u2019\u00c9conomie et de Finance I Uni.lu","publisher":{"@id":"https:\/\/www.uni.lu\/fdef-fr\/#organization"},"alternateName":"Facult\u00e9 de Droit, d\u2019\u00c9conomie et de Finance I Universit\u00e9 du Luxembourg","potentialAction":[{"@type":"SearchAction","target":{"@type":"EntryPoint","urlTemplate":"https:\/\/www.uni.lu\/fdef-fr\/?s={search_term_string}"},"query-input":"required name=search_term_string"}],"inLanguage":"fr-FR"},{"@type":"Organization","@id":"https:\/\/www.uni.lu\/fdef-fr\/#organization","name":"FDEF - Universit\u00e9 du Luxembourg I Uni.lu","alternateName":"Facult\u00e9 de Droit, d\u2019\u00c9conomie et de Finance","url":"https:\/\/www.uni.lu\/fdef-fr\/","logo":{"@type":"ImageObject","inLanguage":"fr-FR","@id":"https:\/\/www.uni.lu\/fdef-fr\/#\/schema\/logo\/image\/","url":"https:\/\/www.uni.lu\/wp-content\/uploads\/sites\/18\/2026\/03\/03111953\/FDEF_SM-Profile_1600x1600px-scaled.jpg","contentUrl":"https:\/\/www.uni.lu\/wp-content\/uploads\/sites\/18\/2026\/03\/03111953\/FDEF_SM-Profile_1600x1600px-scaled.jpg","width":2560,"height":2560,"caption":"FDEF - Universit\u00e9 du Luxembourg I Uni.lu"},"image":"https:\/\/www.uni.lu\/wp-content\/uploads\/sites\/18\/2026\/04\/24144332\/20200609-Belval-Campus_Henri-Goergen-23.jpg","sameAs":["https:\/\/www.facebook.com\/uni.FDEF.lu","https:\/\/www.linkedin.com\/showcase\/fdef-uni-lu\/"],"email":"communication@uni.lu","telephone":"+3524666441","address":{"@type":"PostalAddress","streetAddress":"2, place de l\u2019Universit\u00e9","addressLocality":"Esch-sur-Alzette","postalCode":"4365","addressCountry":"LU"},"description":"Facult\u00e9 de Droit, d\u2019\u00c9conomie et de Finance I Uni.lu"},{"@type":"Person","@id":"https:\/\/www.uni.lu\/fdef-fr\/#\/schema\/person\/17dbe0c28b374ab399ebe660edfa0c1a","name":"eputkova","image":{"@type":"ImageObject","inLanguage":"fr-FR","@id":"https:\/\/www.uni.lu\/fdef-fr\/#\/schema\/person\/image\/","url":"https:\/\/secure.gravatar.com\/avatar\/abb0eab3b008a6b0c8074dd1ec6e0582?s=96&d=mm&r=g","contentUrl":"https:\/\/secure.gravatar.com\/avatar\/abb0eab3b008a6b0c8074dd1ec6e0582?s=96&d=mm&r=g","caption":"eputkova"}}]}},"blog_id":18,"_links":{"self":[{"href":"https:\/\/www.uni.lu\/fdef-fr\/wp-json\/wp\/v2\/news\/3209"}],"collection":[{"href":"https:\/\/www.uni.lu\/fdef-fr\/wp-json\/wp\/v2\/news"}],"about":[{"href":"https:\/\/www.uni.lu\/fdef-fr\/wp-json\/wp\/v2\/types\/news"}],"author":[{"embeddable":true,"href":"https:\/\/www.uni.lu\/fdef-fr\/wp-json\/wp\/v2\/users\/48"}],"version-history":[{"count":1,"href":"https:\/\/www.uni.lu\/fdef-fr\/wp-json\/wp\/v2\/news\/3209\/revisions"}],"predecessor-version":[{"id":3211,"href":"https:\/\/www.uni.lu\/fdef-fr\/wp-json\/wp\/v2\/news\/3209\/revisions\/3211"}],"wp:authorship":[{"embeddable":true,"href":"https:\/\/www.uni.lu\/fdef-fr\/wp-json\/wp\/v2\/users\/48"}],"wp:featuredmedia":[{"embeddable":true,"href":"https:\/\/www.uni.lu\/fdef-fr\/wp-json\/wp\/v2\/media\/3212"}],"wp:attachment":[{"href":"https:\/\/www.uni.lu\/fdef-fr\/wp-json\/wp\/v2\/media?parent=3209"}],"wp:term":[{"taxonomy":"news-category","embeddable":true,"href":"https:\/\/www.uni.lu\/fdef-fr\/wp-json\/wp\/v2\/news-category?post=3209"},{"taxonomy":"news-topic","embeddable":true,"href":"https:\/\/www.uni.lu\/fdef-fr\/wp-json\/wp\/v2\/news-topic?post=3209"},{"taxonomy":"organisation","embeddable":true,"href":"https:\/\/www.uni.lu\/fdef-fr\/wp-json\/wp\/v2\/organisation?post=3209"}],"curies":[{"name":"wp","href":"https:\/\/api.w.org\/{rel}","templated":true}]}}