{"id":2442,"date":"2024-06-12T12:26:18","date_gmt":"2024-06-12T10:26:18","guid":{"rendered":"https:\/\/www.uni.lu\/fdef-fr\/?post_type=news&#038;p=2442"},"modified":"2024-06-17T08:10:41","modified_gmt":"2024-06-17T06:10:41","slug":"le-salaire-minimum-sous-la-loupe-des-chercheurs","status":"publish","type":"news","link":"https:\/\/www.uni.lu\/fdef-fr\/news\/le-salaire-minimum-sous-la-loupe-des-chercheurs\/","title":{"rendered":"Le salaire minimum sous la loupe des chercheurs"},"content":{"rendered":"\n<section class=\"wp-block-unilux-blocks-free-section section\"><div class=\"container xl:max-w-screen-xl\">\n<p>Du simple au quintuple&nbsp;: voil\u00e0 comment le salaire minimum varie entre la Bulgarie (477,04 euros) et le Luxembourg (2.570,93 euros). Les donn\u00e9es d\u2019<a href=\"https:\/\/ec.europa.eu\/eurostat\/databrowser\/view\/earn_mw_cur\/default\/table?lang=fr\" target=\"_blank\" rel=\"noreferrer noopener\">Eurostat<\/a> d\u00e9taillent ce grand \u00e9cart salarial \u00e0 travers l\u2019UE qui n\u2019est pas sans cons\u00e9quences&nbsp;: \u00ab&nbsp;La principale faiblesse des syst\u00e8mes de salaires minimums en Europe est qu&rsquo;ils sont tr\u00e8s divers : certains \u00c9tats membres s&rsquo;appuient principalement sur la l\u00e9gislation relative au salaire minimum ; d&rsquo;autres (une minorit\u00e9) n&rsquo;ont pas de loi et s&rsquo;appuient exclusivement sur les conventions collectives ; certains syst\u00e8mes m\u00e9langent les deux&nbsp;\u00bb, r\u00e9sume <a href=\"https:\/\/www.uni.lu\/fdef-en\/people\/luca-ratti\/\">Luca Ratti<\/a>, professeur adjoint en droit du travail europ\u00e9en et compar\u00e9.<\/p>\n\n\n\n<p>Son \u00e9quipe et lui travaillent sur les th\u00e9matiques de la pauvret\u00e9 au travail et des salaires minimums. Il a coordonn\u00e9 le projet Horizon2020 d\u00e9di\u00e9 \u00e0 la pauvret\u00e9 des travailleurs (<a href=\"https:\/\/www.uni.lu\/fdef-en\/news\/congratulations-to-prof-luca-ratti-for-editing-his-book-working-yet-poor-challenges-to-eu-social-citizenship\/\">Working, Yet Poor<\/a>). Sa r\u00e9duction figure parmi les objectifs principaux de la directive europ\u00e9enne relative \u00e0 des salaires minimums ad\u00e9quats.<\/p>\n\n\n\n<p>D\u2019ici \u00e0 novembre prochain, les Etats membres de l\u2019UE sont appel\u00e9s \u00e0 transposer ce <a href=\"https:\/\/www.consilium.europa.eu\/fr\/policies\/adequate-minimum-wages\/\">texte<\/a>. Adopt\u00e9 en octobre 2022, il vise \u00e0 promouvoir des salaires minimaux l\u00e9gaux ad\u00e9quats en Europe en contribuant \u00e0 am\u00e9liorer les conditions de travail et de vie des travailleurs, \u00e9crit le Conseil de l\u2019Union europ\u00e9enne.<\/p>\n\n\n\n<p>Reste \u00e0 savoir comment les Etats membres vont impl\u00e9menter le texte. Cette question figure au c\u0153ur de la <a href=\"https:\/\/www.uni.lu\/fdef-en\/events\/conference-on-adequate-minimum-wages-in-the-eu\/\">Conference on Adequate Minimum Wages in the EU<\/a> organis\u00e9e les 13 et 14 juin par le D\u00e9partement de Droit. Des chercheurs issus d\u2019une douzaine d\u2019universit\u00e9s europ\u00e9ennes partageront leurs analyses durant cet \u00e9v\u00e8nement soutenu aussi par le Fonds national de la Recherche (FNR) et l\u2019Universit\u00e9 de Vienne.<\/p>\n\n\n\n<h2 class=\"has-text-align-left wp-block-unilux-blocks-heading\"        id=\"un-vide-juridique\"\n    >\nUn vide juridique<\/h2>\n\n\n\n<p>Et les d\u00e9fis pos\u00e9s sont nombreux, \u00e0 commencer au niveau juridique. \u00ab&nbsp;Il est \u00e9crit dans les trait\u00e9s de l&rsquo;UE que la question des \u2018salaires\u2019 ne fait pas partie des comp\u00e9tences que les \u00c9tats membres partagent avec l&rsquo;UE&nbsp;\u00bb, contextualise Luca Ratti.<\/p>\n\n\n\n<p>Voil\u00e0 qui explique pourquoi la directive ne prescrit pas un niveau uniforme de salaire minimal \u00e0 atteindre. Elle invite plut\u00f4t les Etats membres disposant de salaires minimaux l\u00e9gaux \u00e0 fixer et actualiser ces montants selon des crit\u00e8res pr\u00e9cis.<\/p>\n\n\n\n<p>La question du salaire minimum ouvre la voie \u00e0 d\u2019innombrables sujets d\u2019\u00e9tudes. Et \u00e0 Luca Ratti de lister \u00ab&nbsp;la justification philosophique et morale de l&rsquo;existence de salaires minimums ad\u00e9quats ; l&rsquo;\u00e9volution des syst\u00e8mes de relations industrielles dans les ann\u00e9es \u00e0 venir ; l&rsquo;impact sur ce que l&rsquo;on appelle l&rsquo;\u201dunion sociale europ\u00e9enne\u201d, c&rsquo;est-\u00e0-dire l&rsquo;approche de l&rsquo;UE dans le domaine social&nbsp;\u00bb.<\/p>\n\n\n\n<p><sub>Photo : \u00a9 Bogdan Hoyaux<\/sub><\/p>\n<\/div><\/section>\n\n\n\n<section class=\"py-0 wp-block-unilux-blocks-free-section section\"><div class=\"container xl:max-w-screen-xl\">\n<h2 class=\"has-text-align-left wp-block-unilux-blocks-heading\"        id=\"decouvrir-plus\"\n    >\nD\u00e9couvrir plus<\/h2>\n\n\n<ul class=\"flex flex-wrap mt-24 -mx-16  wp-block-unilux-blocks-free-content-card\">\n    <li class=\"w-full sm:w-1\/2 lg:w-1\/3 px-16  wp-block-unilux-blocks-free-content-card-item\">\n    <div class=\"ulux-card card-facilities bg-theme\">\n        <div class=\"ulux-card__container card__container\">\n                        <div class=\"ulux-card__visual wp-block-unilux-blocks-free-content-card-item-visual\">\n    \n<div class=\"wp-block-unilux-blocks-image-video-wrapper\">\n    <figure class=\"wp-block-dev4-reusable-blocks-image  object-fit--cover\">\n    \n<img decoding=\"async\" class=\"wp-block-image unilux-custom-image-block\"\n                alt=\"\"\n            src=\"https:\/\/www.uni.lu\/wp-content\/uploads\/sites\/3\/2024\/03\/Adequate_minimum_wages_in_the_eu_picture-2-scaled.jpeg\"\n                    style=\"object-position: 50.00% 50.00%; font-family: &quot;object-fit: cover; object-position: 50.00% 50.00%;&quot;; aspect-ratio: 4\/3; object-fit: cover; width: 100%;\"\n        loading=\"lazy\"\n\/>    <\/figure><\/div><\/div><div class=\"ulux-card__body wp-block-unilux-blocks-free-content-card-item-body\">\n    \n<h3 class=\"ulux-card__title has-text-align-left wp-block-unilux-blocks-heading\"        id=\"13-juin-2024\"\n    >\n13 Juin 2024<\/h3>\n<div class=\"ulux-card__description wp-block-unilux-blocks-free-content-card-item-free-content-area\">\n    \n<p>Conference on Adequate Minimum Wages in the EU<\/p>\n<\/div><div class=\"wp-block-unilux-blocks-simple-cta\">\n    <a\n        href=\"https:\/\/www.uni.lu\/fdef-en\/events\/conference-on-adequate-minimum-wages-in-the-eu\/\"\n        title=\"Learn more\"\n        class=\"link-text link-text--icon ulux-card__link link-text link-absolute\"\n        target=\"\"\n    >\n        <span class=\"link-text__body\">\n            <span class=\"link-text__name\">Lire plus (en anglais)<\/span>\n        <\/span>\n        <svg aria-hidden=\"true\" focusable=\"false\" class=\"icon icon-outline icon--arrow-right \"><use xlink:href=\"https:\/\/www.uni.lu\/wp-content\/themes\/unilux-theme\/assets\/images\/icons\/icons-outline.svg#icon--arrow-right\"><\/use><\/svg>    <\/a>\n<\/div>\n<\/div>        <\/div>\n    <\/div>\n<\/li><\/ul><\/div><\/section>\n\n\n\n<section class=\"py-0 wp-block-unilux-blocks-free-section section\"><div class=\"container xl:max-w-screen-xl\">\n<h2 class=\"has-text-align-left wp-block-unilux-blocks-heading\"        id=\"lire-plus-sur-la-reduction-de-la-pauvrete-des-travailleurs\"\n    >\nLire plus sur la r\u00e9duction de la pauvret\u00e9 des travailleurs:<\/h2>\n\n\n<ul class=\"flex flex-wrap mt-24 -mx-16  wp-block-unilux-blocks-free-content-card\">\n    <li class=\"w-full sm:w-1\/2 lg:w-1\/3 px-16  wp-block-unilux-blocks-free-content-card-item\">\n    <div class=\"ulux-card card-facilities bg-theme\">\n        <div class=\"ulux-card__container card__container\">\n                        <div class=\"ulux-card__visual wp-block-unilux-blocks-free-content-card-item-visual\">\n    \n<div class=\"wp-block-unilux-blocks-image-video-wrapper\">\n    <figure class=\"wp-block-dev4-reusable-blocks-image  object-fit--cover\">\n    \n<img decoding=\"async\" class=\"wp-block-image unilux-custom-image-block\"\n                alt=\"Luca Ratti\"\n            src=\"https:\/\/www.uni.lu\/wp-content\/uploads\/sites\/3\/2024\/06\/Luca_Ratti.png\"\n                    style=\"object-position: 50.00% 50.00%; font-family: &quot;object-fit: cover; object-position: 50.00% 50.00%;&quot;; aspect-ratio: 4\/3; object-fit: cover; width: 100%;\"\n        loading=\"lazy\"\n\/>    <\/figure><\/div><\/div><div class=\"ulux-card__body wp-block-unilux-blocks-free-content-card-item-body\">\n    \n<h3 class=\"ulux-card__title has-text-align-left wp-block-unilux-blocks-heading\"        id=\"20-decembre-2019\"\n    >\n20 D\u00e9cembre 2019<\/h3>\n<div class=\"ulux-card__description wp-block-unilux-blocks-free-content-card-item-free-content-area\">\n    \n<p>Research to understand why people are \u201cWorking yet Poor\u201d<\/p>\n<\/div><div class=\"wp-block-unilux-blocks-simple-cta\">\n    <a\n        href=\"https:\/\/www.uni.lu\/fdef-en\/news\/research-to-understand-why-people-are-working-yet-poor\/\"\n        title=\"Learn more\"\n        class=\"link-text link-text--icon ulux-card__link link-text link-absolute\"\n        target=\"\"\n    >\n        <span class=\"link-text__body\">\n            <span class=\"link-text__name\">Lire plus (en anglais)<\/span>\n        <\/span>\n        <svg aria-hidden=\"true\" focusable=\"false\" class=\"icon icon-outline icon--arrow-right \"><use xlink:href=\"https:\/\/www.uni.lu\/wp-content\/themes\/unilux-theme\/assets\/images\/icons\/icons-outline.svg#icon--arrow-right\"><\/use><\/svg>    <\/a>\n<\/div>\n<\/div>        <\/div>\n    <\/div>\n<\/li><\/ul>\n\n\n<ul class=\"wp-block-unilux-blocks-button-list-v2\">\n<li class=\"wp-block-unilux-blocks-button-list-item-v2\"><a class=\"quick-link\" href=\"https:\/\/www.uni.lu\/en\/news\/cast-your-vote-making-e-voting-safer-and-verifiable\/\" target=\"_blank\" role=\"link\" rel=\"noopener\" tabindex=\"0\"><span class=\"quick-link__container\">\n<div class=\"wp-block-unilux-blocks-block-inserter quick-link__img\">\n<div class=\"icon--primary icon--secondary-2 icon--xl wp-block-unilux-blocks-icon-picker\">\n    <\/div><\/div>\n\n\n\n<span class=\"quick-link__name wp-block-unilux-blocks-plain-text\">Voir la conf\u00e9rence finale \u00ab\u00a0Working, Yet Poor\u00a0\u00bb (en anglais)<\/span>\n\n<svg aria-hidden=\"true\" focusable=\"false\" class=\"icon icon-outline icon--external-link \"><use xlink:href=\"https:\/\/www.uni.lu\/wp-content\/themes\/unilux-theme\/assets\/images\/icons\/icons-outline.svg#icon--external-link\"><\/use><\/svg><\/span><\/a><\/li>\n<\/ul>\n<\/div><\/section>\n","protected":false},"excerpt":{"rendered":"<p>Des chercheurs en droit du travail se penchent sur la question \u00e9pineuse des salaires minimaux ad\u00e9quats en Europe.<\/p>\n","protected":false},"author":42,"featured_media":2443,"template":"","format":"standard","meta":{"featured_image_focal_point":[],"show_featured_caption":false,"ulux_newsletter_groups":"","uluxPostTitle":"","uluxPrePostTitle":"","_trash_the_other_posts":false,"_price":"","_stock":"","_tribe_ticket_header":"","_tribe_default_ticket_provider":"","_tribe_ticket_capacity":"0","_ticket_start_date":"","_ticket_end_date":"","_tribe_ticket_show_description":"","_tribe_ticket_show_not_going":false,"_tribe_ticket_use_global_stock":"","_tribe_ticket_global_stock_level":"","_global_stock_mode":"","_global_stock_cap":"","_tribe_rsvp_for_event":"","_tribe_ticket_going_count":"","_tribe_ticket_not_going_count":"","_tribe_tickets_list":"[]","_tribe_ticket_has_attendee_info_fields":false},"news-category":[3],"news-topic":[17],"organisation":[100],"authorship":[42],"acf":[],"yoast_head":"<!-- This site is optimized with the Yoast SEO Premium plugin v22.3 (Yoast SEO v22.3) - https:\/\/yoast.com\/wordpress\/plugins\/seo\/ -->\n<title>Le salaire minimum sous la loupe des chercheurs - FDEF actualit\u00e9s I Universit\u00e9 du Luxembourg<\/title>\n<meta name=\"description\" content=\"Des chercheurs en droit du travail se penchent sur la question \u00e9pineuse des salaires minimaux ad\u00e9quats en Europe.\" \/>\n<meta name=\"robots\" content=\"index, follow, max-snippet:-1, max-image-preview:large, max-video-preview:-1\" \/>\n<link rel=\"canonical\" href=\"https:\/\/www.uni.lu\/fdef-fr\/news\/le-salaire-minimum-sous-la-loupe-des-chercheurs\/\" \/>\n<meta property=\"og:locale\" content=\"fr_FR\" \/>\n<meta property=\"og:type\" content=\"article\" \/>\n<meta property=\"og:title\" content=\"Le salaire minimum sous la loupe des chercheurs\" \/>\n<meta property=\"og:description\" content=\"Des chercheurs en droit du travail se penchent sur la question \u00e9pineuse des salaires minimaux ad\u00e9quats en Europe.\" \/>\n<meta property=\"og:url\" content=\"https:\/\/www.uni.lu\/fdef-fr\/news\/le-salaire-minimum-sous-la-loupe-des-chercheurs\/\" \/>\n<meta property=\"og:site_name\" content=\"FDEF FR\" \/>\n<meta property=\"article:publisher\" content=\"https:\/\/www.facebook.com\/uni.FDEF.lu\" \/>\n<meta property=\"article:modified_time\" content=\"2024-06-17T06:10:41+00:00\" \/>\n<meta property=\"og:image\" content=\"https:\/\/www.uni.lu\/wp-content\/uploads\/sites\/18\/2024\/06\/Photo_EU_cash_c_Bogdan_Hoyaux-scaled.jpg\" \/>\n\t<meta property=\"og:image:width\" content=\"2560\" \/>\n\t<meta property=\"og:image:height\" content=\"1707\" \/>\n\t<meta property=\"og:image:type\" content=\"image\/jpeg\" \/>\n<meta name=\"twitter:card\" content=\"summary_large_image\" \/>\n<meta name=\"twitter:label1\" content=\"Dur\u00e9e de lecture estim\u00e9e\" \/>\n\t<meta name=\"twitter:data1\" content=\"3 minutes\" \/>\n<script type=\"application\/ld+json\" class=\"yoast-schema-graph\">{\"@context\":\"https:\/\/schema.org\",\"@graph\":[{\"@type\":\"NewsArticle\",\"@id\":\"https:\/\/www.uni.lu\/fdef-fr\/news\/le-salaire-minimum-sous-la-loupe-des-chercheurs\/#article\",\"isPartOf\":{\"@id\":\"https:\/\/www.uni.lu\/fdef-fr\/news\/le-salaire-minimum-sous-la-loupe-des-chercheurs\/\"},\"author\":{\"name\":\"svankelst\",\"@id\":\"https:\/\/www.uni.lu\/fdef-fr\/#\/schema\/person\/bbacc9db2c68a323b1a3cbdab743cd0c\"},\"headline\":\"Le salaire minimum sous la loupe des chercheurs\",\"datePublished\":\"2024-06-12T10:26:18+00:00\",\"dateModified\":\"2024-06-17T06:10:41+00:00\",\"mainEntityOfPage\":{\"@id\":\"https:\/\/www.uni.lu\/fdef-fr\/news\/le-salaire-minimum-sous-la-loupe-des-chercheurs\/\"},\"wordCount\":474,\"publisher\":{\"@id\":\"https:\/\/www.uni.lu\/fdef-fr\/#organization\"},\"image\":{\"@id\":\"https:\/\/www.uni.lu\/fdef-fr\/news\/le-salaire-minimum-sous-la-loupe-des-chercheurs\/#primaryimage\"},\"thumbnailUrl\":\"https:\/\/www.uni.lu\/wp-content\/uploads\/sites\/18\/2024\/06\/Photo_EU_cash_c_Bogdan_Hoyaux-scaled.jpg\",\"inLanguage\":\"fr-FR\"},{\"@type\":\"WebPage\",\"@id\":\"https:\/\/www.uni.lu\/fdef-fr\/news\/le-salaire-minimum-sous-la-loupe-des-chercheurs\/\",\"url\":\"https:\/\/www.uni.lu\/fdef-fr\/news\/le-salaire-minimum-sous-la-loupe-des-chercheurs\/\",\"name\":\"Le salaire minimum sous la loupe des chercheurs - FDEF actualit\u00e9s I Universit\u00e9 du Luxembourg\",\"isPartOf\":{\"@id\":\"https:\/\/www.uni.lu\/fdef-fr\/#website\"},\"primaryImageOfPage\":{\"@id\":\"https:\/\/www.uni.lu\/fdef-fr\/news\/le-salaire-minimum-sous-la-loupe-des-chercheurs\/#primaryimage\"},\"image\":{\"@id\":\"https:\/\/www.uni.lu\/fdef-fr\/news\/le-salaire-minimum-sous-la-loupe-des-chercheurs\/#primaryimage\"},\"thumbnailUrl\":\"https:\/\/www.uni.lu\/wp-content\/uploads\/sites\/18\/2024\/06\/Photo_EU_cash_c_Bogdan_Hoyaux-scaled.jpg\",\"datePublished\":\"2024-06-12T10:26:18+00:00\",\"dateModified\":\"2024-06-17T06:10:41+00:00\",\"description\":\"Des chercheurs en droit du travail se penchent sur la question \u00e9pineuse des salaires minimaux ad\u00e9quats en Europe.\",\"breadcrumb\":{\"@id\":\"https:\/\/www.uni.lu\/fdef-fr\/news\/le-salaire-minimum-sous-la-loupe-des-chercheurs\/#breadcrumb\"},\"inLanguage\":\"fr-FR\",\"potentialAction\":[{\"@type\":\"ReadAction\",\"target\":[\"https:\/\/www.uni.lu\/fdef-fr\/news\/le-salaire-minimum-sous-la-loupe-des-chercheurs\/\"]}]},{\"@type\":\"ImageObject\",\"inLanguage\":\"fr-FR\",\"@id\":\"https:\/\/www.uni.lu\/fdef-fr\/news\/le-salaire-minimum-sous-la-loupe-des-chercheurs\/#primaryimage\",\"url\":\"https:\/\/www.uni.lu\/wp-content\/uploads\/sites\/18\/2024\/06\/Photo_EU_cash_c_Bogdan_Hoyaux-scaled.jpg\",\"contentUrl\":\"https:\/\/www.uni.lu\/wp-content\/uploads\/sites\/18\/2024\/06\/Photo_EU_cash_c_Bogdan_Hoyaux-scaled.jpg\",\"width\":2560,\"height\":1707},{\"@type\":\"BreadcrumbList\",\"@id\":\"https:\/\/www.uni.lu\/fdef-fr\/news\/le-salaire-minimum-sous-la-loupe-des-chercheurs\/#breadcrumb\",\"itemListElement\":[{\"@type\":\"ListItem\",\"position\":1,\"name\":\"Home\",\"item\":\"https:\/\/www.uni.lu\/fr\"},{\"@type\":\"ListItem\",\"position\":2,\"name\":\"Facult\u00e9 de Droit, d\u2019\u00c9conomie et de Finance\",\"item\":\"https:\/\/www.uni.lu\/fdef-fr\/\"},{\"@type\":\"ListItem\",\"position\":3,\"name\":\"News\",\"item\":\"https:\/\/www.uni.lu\/fdef-fr\/news\/\"},{\"@type\":\"ListItem\",\"position\":4,\"name\":\"Le salaire minimum sous la loupe des chercheurs\"}]},{\"@type\":\"WebSite\",\"@id\":\"https:\/\/www.uni.lu\/fdef-fr\/#website\",\"url\":\"https:\/\/www.uni.lu\/fdef-fr\/\",\"name\":\"FDEF\",\"description\":\"Facult\u00e9 de Droit, d\u2019\u00c9conomie et de Finance I Uni.lu\",\"publisher\":{\"@id\":\"https:\/\/www.uni.lu\/fdef-fr\/#organization\"},\"alternateName\":\"Facult\u00e9 de Droit, d\u2019\u00c9conomie et de Finance I Universit\u00e9 du Luxembourg\",\"potentialAction\":[{\"@type\":\"SearchAction\",\"target\":{\"@type\":\"EntryPoint\",\"urlTemplate\":\"https:\/\/www.uni.lu\/fdef-fr\/?s={search_term_string}\"},\"query-input\":\"required name=search_term_string\"}],\"inLanguage\":\"fr-FR\"},{\"@type\":\"Organization\",\"@id\":\"https:\/\/www.uni.lu\/fdef-fr\/#organization\",\"name\":\"FDEF - Universit\u00e9 du Luxembourg I Uni.lu\",\"alternateName\":\"Facult\u00e9 de Droit, d\u2019\u00c9conomie et de Finance\",\"url\":\"https:\/\/www.uni.lu\/fdef-fr\/\",\"logo\":{\"@type\":\"ImageObject\",\"inLanguage\":\"fr-FR\",\"@id\":\"https:\/\/www.uni.lu\/fdef-fr\/#\/schema\/logo\/image\/\",\"url\":\"https:\/\/www.uni.lu\/wp-content\/uploads\/sites\/18\/2026\/03\/03111953\/FDEF_SM-Profile_1600x1600px-scaled.jpg\",\"contentUrl\":\"https:\/\/www.uni.lu\/wp-content\/uploads\/sites\/18\/2026\/03\/03111953\/FDEF_SM-Profile_1600x1600px-scaled.jpg\",\"width\":2560,\"height\":2560,\"caption\":\"FDEF - Universit\u00e9 du Luxembourg I Uni.lu\"},\"image\":\"https:\/\/www.uni.lu\/wp-content\/uploads\/sites\/18\/2026\/04\/24144332\/20200609-Belval-Campus_Henri-Goergen-23.jpg\",\"sameAs\":[\"https:\/\/www.facebook.com\/uni.FDEF.lu\",\"https:\/\/www.linkedin.com\/showcase\/fdef-uni-lu\/\"],\"email\":\"communication@uni.lu\",\"telephone\":\"+3524666441\",\"address\":{\"@type\":\"PostalAddress\",\"streetAddress\":\"2, place de l\u2019Universit\u00e9\",\"addressLocality\":\"Esch-sur-Alzette\",\"postalCode\":\"4365\",\"addressCountry\":\"LU\"},\"description\":\"Facult\u00e9 de Droit, d\u2019\u00c9conomie et de Finance I Uni.lu\"},{\"@type\":\"Person\",\"@id\":\"https:\/\/www.uni.lu\/fdef-fr\/#\/schema\/person\/bbacc9db2c68a323b1a3cbdab743cd0c\",\"name\":\"svankelst\",\"image\":{\"@type\":\"ImageObject\",\"inLanguage\":\"fr-FR\",\"@id\":\"https:\/\/www.uni.lu\/fdef-fr\/#\/schema\/person\/image\/\",\"url\":\"https:\/\/secure.gravatar.com\/avatar\/54b090610f90377561821e2f82f83b9f?s=96&d=mm&r=g\",\"contentUrl\":\"https:\/\/secure.gravatar.com\/avatar\/54b090610f90377561821e2f82f83b9f?s=96&d=mm&r=g\",\"caption\":\"svankelst\"}}]}<\/script>\n<!-- \/ Yoast SEO Premium plugin. -->","yoast_head_json":{"title":"Le salaire minimum sous la loupe des chercheurs - FDEF actualit\u00e9s I Universit\u00e9 du Luxembourg","description":"Des chercheurs en droit du travail se penchent sur la question \u00e9pineuse des salaires minimaux ad\u00e9quats en Europe.","robots":{"index":"index","follow":"follow","max-snippet":"max-snippet:-1","max-image-preview":"max-image-preview:large","max-video-preview":"max-video-preview:-1"},"canonical":"https:\/\/www.uni.lu\/fdef-fr\/news\/le-salaire-minimum-sous-la-loupe-des-chercheurs\/","og_locale":"fr_FR","og_type":"article","og_title":"Le salaire minimum sous la loupe des chercheurs","og_description":"Des chercheurs en droit du travail se penchent sur la question \u00e9pineuse des salaires minimaux ad\u00e9quats en Europe.","og_url":"https:\/\/www.uni.lu\/fdef-fr\/news\/le-salaire-minimum-sous-la-loupe-des-chercheurs\/","og_site_name":"FDEF FR","article_publisher":"https:\/\/www.facebook.com\/uni.FDEF.lu","article_modified_time":"2024-06-17T06:10:41+00:00","og_image":[{"width":2560,"height":1707,"url":"https:\/\/www.uni.lu\/wp-content\/uploads\/sites\/18\/2024\/06\/Photo_EU_cash_c_Bogdan_Hoyaux-scaled.jpg","type":"image\/jpeg"}],"twitter_card":"summary_large_image","twitter_misc":{"Dur\u00e9e de lecture estim\u00e9e":"3 minutes"},"schema":{"@context":"https:\/\/schema.org","@graph":[{"@type":"NewsArticle","@id":"https:\/\/www.uni.lu\/fdef-fr\/news\/le-salaire-minimum-sous-la-loupe-des-chercheurs\/#article","isPartOf":{"@id":"https:\/\/www.uni.lu\/fdef-fr\/news\/le-salaire-minimum-sous-la-loupe-des-chercheurs\/"},"author":{"name":"svankelst","@id":"https:\/\/www.uni.lu\/fdef-fr\/#\/schema\/person\/bbacc9db2c68a323b1a3cbdab743cd0c"},"headline":"Le salaire minimum sous la loupe des chercheurs","datePublished":"2024-06-12T10:26:18+00:00","dateModified":"2024-06-17T06:10:41+00:00","mainEntityOfPage":{"@id":"https:\/\/www.uni.lu\/fdef-fr\/news\/le-salaire-minimum-sous-la-loupe-des-chercheurs\/"},"wordCount":474,"publisher":{"@id":"https:\/\/www.uni.lu\/fdef-fr\/#organization"},"image":{"@id":"https:\/\/www.uni.lu\/fdef-fr\/news\/le-salaire-minimum-sous-la-loupe-des-chercheurs\/#primaryimage"},"thumbnailUrl":"https:\/\/www.uni.lu\/wp-content\/uploads\/sites\/18\/2024\/06\/Photo_EU_cash_c_Bogdan_Hoyaux-scaled.jpg","inLanguage":"fr-FR"},{"@type":"WebPage","@id":"https:\/\/www.uni.lu\/fdef-fr\/news\/le-salaire-minimum-sous-la-loupe-des-chercheurs\/","url":"https:\/\/www.uni.lu\/fdef-fr\/news\/le-salaire-minimum-sous-la-loupe-des-chercheurs\/","name":"Le salaire minimum sous la loupe des chercheurs - FDEF actualit\u00e9s I Universit\u00e9 du Luxembourg","isPartOf":{"@id":"https:\/\/www.uni.lu\/fdef-fr\/#website"},"primaryImageOfPage":{"@id":"https:\/\/www.uni.lu\/fdef-fr\/news\/le-salaire-minimum-sous-la-loupe-des-chercheurs\/#primaryimage"},"image":{"@id":"https:\/\/www.uni.lu\/fdef-fr\/news\/le-salaire-minimum-sous-la-loupe-des-chercheurs\/#primaryimage"},"thumbnailUrl":"https:\/\/www.uni.lu\/wp-content\/uploads\/sites\/18\/2024\/06\/Photo_EU_cash_c_Bogdan_Hoyaux-scaled.jpg","datePublished":"2024-06-12T10:26:18+00:00","dateModified":"2024-06-17T06:10:41+00:00","description":"Des chercheurs en droit du travail se penchent sur la question \u00e9pineuse des salaires minimaux ad\u00e9quats en Europe.","breadcrumb":{"@id":"https:\/\/www.uni.lu\/fdef-fr\/news\/le-salaire-minimum-sous-la-loupe-des-chercheurs\/#breadcrumb"},"inLanguage":"fr-FR","potentialAction":[{"@type":"ReadAction","target":["https:\/\/www.uni.lu\/fdef-fr\/news\/le-salaire-minimum-sous-la-loupe-des-chercheurs\/"]}]},{"@type":"ImageObject","inLanguage":"fr-FR","@id":"https:\/\/www.uni.lu\/fdef-fr\/news\/le-salaire-minimum-sous-la-loupe-des-chercheurs\/#primaryimage","url":"https:\/\/www.uni.lu\/wp-content\/uploads\/sites\/18\/2024\/06\/Photo_EU_cash_c_Bogdan_Hoyaux-scaled.jpg","contentUrl":"https:\/\/www.uni.lu\/wp-content\/uploads\/sites\/18\/2024\/06\/Photo_EU_cash_c_Bogdan_Hoyaux-scaled.jpg","width":2560,"height":1707},{"@type":"BreadcrumbList","@id":"https:\/\/www.uni.lu\/fdef-fr\/news\/le-salaire-minimum-sous-la-loupe-des-chercheurs\/#breadcrumb","itemListElement":[{"@type":"ListItem","position":1,"name":"Home","item":"https:\/\/www.uni.lu\/fr"},{"@type":"ListItem","position":2,"name":"Facult\u00e9 de Droit, d\u2019\u00c9conomie et de Finance","item":"https:\/\/www.uni.lu\/fdef-fr\/"},{"@type":"ListItem","position":3,"name":"News","item":"https:\/\/www.uni.lu\/fdef-fr\/news\/"},{"@type":"ListItem","position":4,"name":"Le salaire minimum sous la loupe des chercheurs"}]},{"@type":"WebSite","@id":"https:\/\/www.uni.lu\/fdef-fr\/#website","url":"https:\/\/www.uni.lu\/fdef-fr\/","name":"FDEF","description":"Facult\u00e9 de Droit, d\u2019\u00c9conomie et de Finance I Uni.lu","publisher":{"@id":"https:\/\/www.uni.lu\/fdef-fr\/#organization"},"alternateName":"Facult\u00e9 de Droit, d\u2019\u00c9conomie et de Finance I Universit\u00e9 du Luxembourg","potentialAction":[{"@type":"SearchAction","target":{"@type":"EntryPoint","urlTemplate":"https:\/\/www.uni.lu\/fdef-fr\/?s={search_term_string}"},"query-input":"required name=search_term_string"}],"inLanguage":"fr-FR"},{"@type":"Organization","@id":"https:\/\/www.uni.lu\/fdef-fr\/#organization","name":"FDEF - Universit\u00e9 du Luxembourg I Uni.lu","alternateName":"Facult\u00e9 de Droit, d\u2019\u00c9conomie et de Finance","url":"https:\/\/www.uni.lu\/fdef-fr\/","logo":{"@type":"ImageObject","inLanguage":"fr-FR","@id":"https:\/\/www.uni.lu\/fdef-fr\/#\/schema\/logo\/image\/","url":"https:\/\/www.uni.lu\/wp-content\/uploads\/sites\/18\/2026\/03\/03111953\/FDEF_SM-Profile_1600x1600px-scaled.jpg","contentUrl":"https:\/\/www.uni.lu\/wp-content\/uploads\/sites\/18\/2026\/03\/03111953\/FDEF_SM-Profile_1600x1600px-scaled.jpg","width":2560,"height":2560,"caption":"FDEF - Universit\u00e9 du Luxembourg I Uni.lu"},"image":"https:\/\/www.uni.lu\/wp-content\/uploads\/sites\/18\/2026\/04\/24144332\/20200609-Belval-Campus_Henri-Goergen-23.jpg","sameAs":["https:\/\/www.facebook.com\/uni.FDEF.lu","https:\/\/www.linkedin.com\/showcase\/fdef-uni-lu\/"],"email":"communication@uni.lu","telephone":"+3524666441","address":{"@type":"PostalAddress","streetAddress":"2, place de l\u2019Universit\u00e9","addressLocality":"Esch-sur-Alzette","postalCode":"4365","addressCountry":"LU"},"description":"Facult\u00e9 de Droit, d\u2019\u00c9conomie et de Finance I Uni.lu"},{"@type":"Person","@id":"https:\/\/www.uni.lu\/fdef-fr\/#\/schema\/person\/bbacc9db2c68a323b1a3cbdab743cd0c","name":"svankelst","image":{"@type":"ImageObject","inLanguage":"fr-FR","@id":"https:\/\/www.uni.lu\/fdef-fr\/#\/schema\/person\/image\/","url":"https:\/\/secure.gravatar.com\/avatar\/54b090610f90377561821e2f82f83b9f?s=96&d=mm&r=g","contentUrl":"https:\/\/secure.gravatar.com\/avatar\/54b090610f90377561821e2f82f83b9f?s=96&d=mm&r=g","caption":"svankelst"}}]}},"blog_id":18,"_links":{"self":[{"href":"https:\/\/www.uni.lu\/fdef-fr\/wp-json\/wp\/v2\/news\/2442"}],"collection":[{"href":"https:\/\/www.uni.lu\/fdef-fr\/wp-json\/wp\/v2\/news"}],"about":[{"href":"https:\/\/www.uni.lu\/fdef-fr\/wp-json\/wp\/v2\/types\/news"}],"author":[{"embeddable":true,"href":"https:\/\/www.uni.lu\/fdef-fr\/wp-json\/wp\/v2\/users\/42"}],"version-history":[{"count":4,"href":"https:\/\/www.uni.lu\/fdef-fr\/wp-json\/wp\/v2\/news\/2442\/revisions"}],"predecessor-version":[{"id":2454,"href":"https:\/\/www.uni.lu\/fdef-fr\/wp-json\/wp\/v2\/news\/2442\/revisions\/2454"}],"wp:authorship":[{"embeddable":true,"href":"https:\/\/www.uni.lu\/fdef-fr\/wp-json\/wp\/v2\/users\/42"}],"wp:featuredmedia":[{"embeddable":true,"href":"https:\/\/www.uni.lu\/fdef-fr\/wp-json\/wp\/v2\/media\/2443"}],"wp:attachment":[{"href":"https:\/\/www.uni.lu\/fdef-fr\/wp-json\/wp\/v2\/media?parent=2442"}],"wp:term":[{"taxonomy":"news-category","embeddable":true,"href":"https:\/\/www.uni.lu\/fdef-fr\/wp-json\/wp\/v2\/news-category?post=2442"},{"taxonomy":"news-topic","embeddable":true,"href":"https:\/\/www.uni.lu\/fdef-fr\/wp-json\/wp\/v2\/news-topic?post=2442"},{"taxonomy":"organisation","embeddable":true,"href":"https:\/\/www.uni.lu\/fdef-fr\/wp-json\/wp\/v2\/organisation?post=2442"}],"curies":[{"name":"wp","href":"https:\/\/api.w.org\/{rel}","templated":true}]}}