{"id":95,"date":"2018-03-28T07:32:26","date_gmt":"2018-03-28T07:32:26","guid":{"rendered":"https:\/\/website.prod.unilu.spikeseed.cloud\/de\/news\/jens-kreisel-als-neuer-vizerektor-fuer-forschung-vorgeschlagen\/"},"modified":"2018-03-28T07:32:26","modified_gmt":"2018-03-28T07:32:26","slug":"jens-kreisel-als-neuer-vizerektor-fuer-forschung-vorgeschlagen","status":"publish","type":"news","link":"https:\/\/www.uni.lu\/de\/news\/jens-kreisel-als-neuer-vizerektor-fuer-forschung-vorgeschlagen\/","title":{"rendered":"Jens Kreisel als neuer Vizerektor f\u00fcr Forschung vorgeschlagen"},"content":{"rendered":"<section class=\"wp-block-unilux-blocks-free-section section\"><div class=\"container xl:max-w-screen-xl\"><p>Nach Einholung der Stellungnahme des Universit\u00e4tsrates hat der Aufsichtsrat der Universit\u00e4t der Regierung die Ernennung von Prof. Dr. Jens Kreisel zum neuen Vizerektor der Universit\u00e4t Luxemburg ab 1. September 2018 vorgeschlagen. Jens Kreisel wird insbesondere f\u00fcr die Bereiche Forschung und Innovation verantwortlich sein.<\/p><p>Prof. Dr. Kreisel (48) ist geb\u00fcrtig aus Dortmund (Deutschland). Nach dem Studium der Physik in Deutschland und Frankreich promovierte er 1999 in Materialwissenschaften am \u201eInstitut National Polytechnique de Grenoble\u201c (INP Grenoble). Anschlie\u03b2end war er zun\u00e4chst als Postdoc-Forscher an der Universit\u00e4t von Oxford und dann am \u201eCentre national de la recherche scientifique\u201c (CNRS) in Grenoble t\u00e4tig, wo er 2009 zum Forschungsdirektor ernannt wurde.<\/p><p>Von 2008 bis 2011 war Kreisel stellvertretender Vizepr\u00e4sident f\u00fcr Internationale Beziehungen am INP Grenoble. Nach einer Gastprofessur an der Universit\u00e4t Warwick im akademischen Jahr 2011\/2012 wurde er wissenschaftlicher Leiter der Abteilung Materialwissenschaften des \u201eCentre de recherche public Gabriel-Lippmann\u201c, dann der Leiter des Bereichs \u201eMaterials Research and Technology&#8220; (MRT) am \u201eLuxembourg Institute of Science and Technology\u201c (LIST). Im Jahr 2013 erhielt Jens Kreisel eine PEARL Grant (Programme Excellence Award for Research in Luxembourg) des nationalen Forschungsfonds FNR. Seit 2013 ist er Honorarprofessor an der Universit\u00e4t Luxemburg und wurde im Mai 2017 zum \u201eProfesseur affili\u00e9\u201c ernannt. <\/p><p>Das Forschungsgebiet von Prof. Dr. Kreisel liegt an der Schnittstelle von Physik und Materialwissenschaften. Der Wissenschaftler genie\u00dft internationale Anerkennung f\u00fcr seine Kenntnisse in optischer Spektroskopie.<\/p><p>Jens Kreisel lebt mit seiner Familie in Luxemburg und verf\u00fcgt \u00fcber tiefgreifende Kenntnisse der luxemburgischen und der europ\u00e4ischen Forschungslandschaft.<\/p><p>\u201eJens Kreisel hat die Vision, das Talent und die Begeisterung, um die Forschung an der Universit\u00e4t Luxemburg vorw\u00e4rtszubringen. Ich freue mich, ihn in unserem Team willkommen zu hei\u03b2en\u201c, erkl\u00e4rte Rektor St\u00e9phane Pallage. Das Mandat des bisherigen Vizerektors f\u00fcr Forschung, Prof. Dr. Ludwig Neyses, endet am 31. M\u00e4rz 2018.<\/p>\n<h5 class=\"has-text-align-left wp-block-unilux-blocks-heading\"        id=\"luxembourg-institute-of-science-and-technology\"\n    >\n\u00a9 Luxembourg Institute of Science and Technology<\/h5>\n<\/div><\/section>","protected":false},"excerpt":{"rendered":"<p>Nach Einholung der Stellungnahme des Universit\u00e4tsrates hat der Aufsichtsrat der Universit\u00e4t der Regierung die Ernennung von Prof. Dr. Jens Kreisel zum neuen Vizerektor der Universit\u00e4t Luxemburg ab 1. September 2018 vorgeschlagen. Jens Kreisel wird insbesondere f\u00fcr die Bereiche Forschung und Innovation verantwortlich sein.<\/p>\n","protected":false},"author":0,"featured_media":96,"template":"","format":"standard","meta":{"featured_image_focal_point":[],"show_featured_caption":false,"ulux_newsletter_groups":"","uluxPostTitle":"","uluxPrePostTitle":"","_trash_the_other_posts":false,"_price":"","_stock":"","_tribe_ticket_header":"","_tribe_default_ticket_provider":"","_tribe_ticket_capacity":"0","_ticket_start_date":"","_ticket_end_date":"","_tribe_ticket_show_description":"","_tribe_ticket_show_not_going":false,"_tribe_ticket_use_global_stock":"","_tribe_ticket_global_stock_level":"","_global_stock_mode":"","_global_stock_cap":"","_tribe_rsvp_for_event":"","_tribe_ticket_going_count":"","_tribe_ticket_not_going_count":"","_tribe_tickets_list":"[]","_tribe_ticket_has_attendee_info_fields":false},"news-category":[3],"news-topic":[],"organisation":[226],"authorship":[],"acf":[],"yoast_head":"<!-- This site is optimized with the Yoast SEO Premium plugin v22.3 (Yoast SEO v22.3) - https:\/\/yoast.com\/wordpress\/plugins\/seo\/ -->\n<title>Jens Kreisel als neuer Vizerektor f\u00fcr Forschung vorgeschlagen - Universit\u00e4t Luxemburg<\/title>\n<meta name=\"description\" content=\"Nach Einholung der Stellungnahme des Universit\u00e4tsrates hat der Aufsichtsrat der Universit\u00e4t der Regierung die Ernennung von Prof. Dr. Jens Kreisel zum neuen Vizerektor der Universit\u00e4t Luxemburg ab 1. September 2018 vorgeschlagen. Jens Kreisel wird insbesondere f\u00fcr die Bereiche Forschung und Innovation verantwortlich sein.\" \/>\n<meta name=\"robots\" content=\"index, follow, max-snippet:-1, max-image-preview:large, max-video-preview:-1\" \/>\n<link rel=\"canonical\" href=\"https:\/\/www.uni.lu\/de\/news\/jens-kreisel-als-neuer-vizerektor-fuer-forschung-vorgeschlagen\/\" \/>\n<meta property=\"og:locale\" content=\"de_DE\" \/>\n<meta property=\"og:type\" content=\"article\" \/>\n<meta property=\"og:title\" content=\"Jens Kreisel als neuer Vizerektor f\u00fcr Forschung vorgeschlagen\" \/>\n<meta property=\"og:description\" content=\"Nach Einholung der Stellungnahme des Universit\u00e4tsrates hat der Aufsichtsrat der Universit\u00e4t der Regierung die Ernennung von Prof. Dr. Jens Kreisel zum neuen Vizerektor der Universit\u00e4t Luxemburg ab 1. September 2018 vorgeschlagen. Jens Kreisel wird insbesondere f\u00fcr die Bereiche Forschung und Innovation verantwortlich sein.\" \/>\n<meta property=\"og:url\" content=\"https:\/\/www.uni.lu\/de\/news\/jens-kreisel-als-neuer-vizerektor-fuer-forschung-vorgeschlagen\/\" \/>\n<meta property=\"og:site_name\" content=\"UNI DE\" \/>\n<meta property=\"article:publisher\" content=\"https:\/\/www.facebook.com\/uni.lu\" \/>\n<meta property=\"og:image\" content=\"https:\/\/www.uni.lu\/wp-content\/uploads\/sites\/10\/2018\/03\/l_universite_propose_jens_kreisel_comme_vice_recteur_a_la_recherche.jpg\" \/>\n\t<meta property=\"og:image:width\" content=\"800\" \/>\n\t<meta property=\"og:image:height\" content=\"600\" \/>\n\t<meta property=\"og:image:type\" content=\"image\/jpeg\" \/>\n<meta name=\"twitter:card\" content=\"summary_large_image\" \/>\n<meta name=\"twitter:label1\" content=\"Gesch\u00e4tzte Lesezeit\" \/>\n\t<meta name=\"twitter:data1\" content=\"2 Minuten\" \/>\n<script type=\"application\/ld+json\" class=\"yoast-schema-graph\">{\"@context\":\"https:\/\/schema.org\",\"@graph\":[{\"@type\":\"NewsArticle\",\"@id\":\"https:\/\/www.uni.lu\/de\/news\/jens-kreisel-als-neuer-vizerektor-fuer-forschung-vorgeschlagen\/#article\",\"isPartOf\":{\"@id\":\"https:\/\/www.uni.lu\/de\/news\/jens-kreisel-als-neuer-vizerektor-fuer-forschung-vorgeschlagen\/\"},\"author\":{\"name\":\"\",\"@id\":\"\"},\"headline\":\"Jens Kreisel als neuer Vizerektor f\u00fcr Forschung vorgeschlagen\",\"datePublished\":\"2018-03-28T07:32:26+00:00\",\"dateModified\":\"2018-03-28T07:32:26+00:00\",\"mainEntityOfPage\":{\"@id\":\"https:\/\/www.uni.lu\/de\/news\/jens-kreisel-als-neuer-vizerektor-fuer-forschung-vorgeschlagen\/\"},\"wordCount\":311,\"publisher\":{\"@id\":\"https:\/\/www.uni.lu\/de\/#organization\"},\"image\":{\"@id\":\"https:\/\/www.uni.lu\/de\/news\/jens-kreisel-als-neuer-vizerektor-fuer-forschung-vorgeschlagen\/#primaryimage\"},\"thumbnailUrl\":\"https:\/\/www.uni.lu\/wp-content\/uploads\/sites\/10\/2018\/03\/l_universite_propose_jens_kreisel_comme_vice_recteur_a_la_recherche.jpg\",\"inLanguage\":\"de-DE\"},{\"@type\":\"WebPage\",\"@id\":\"https:\/\/www.uni.lu\/de\/news\/jens-kreisel-als-neuer-vizerektor-fuer-forschung-vorgeschlagen\/\",\"url\":\"https:\/\/www.uni.lu\/de\/news\/jens-kreisel-als-neuer-vizerektor-fuer-forschung-vorgeschlagen\/\",\"name\":\"Jens Kreisel als neuer Vizerektor f\u00fcr Forschung vorgeschlagen - Universit\u00e4t Luxemburg\",\"isPartOf\":{\"@id\":\"https:\/\/www.uni.lu\/de\/#website\"},\"primaryImageOfPage\":{\"@id\":\"https:\/\/www.uni.lu\/de\/news\/jens-kreisel-als-neuer-vizerektor-fuer-forschung-vorgeschlagen\/#primaryimage\"},\"image\":{\"@id\":\"https:\/\/www.uni.lu\/de\/news\/jens-kreisel-als-neuer-vizerektor-fuer-forschung-vorgeschlagen\/#primaryimage\"},\"thumbnailUrl\":\"https:\/\/www.uni.lu\/wp-content\/uploads\/sites\/10\/2018\/03\/l_universite_propose_jens_kreisel_comme_vice_recteur_a_la_recherche.jpg\",\"datePublished\":\"2018-03-28T07:32:26+00:00\",\"dateModified\":\"2018-03-28T07:32:26+00:00\",\"description\":\"Nach Einholung der Stellungnahme des Universit\u00e4tsrates hat der Aufsichtsrat der Universit\u00e4t der Regierung die Ernennung von Prof. Dr. Jens Kreisel zum neuen Vizerektor der Universit\u00e4t Luxemburg ab 1. September 2018 vorgeschlagen. Jens Kreisel wird insbesondere f\u00fcr die Bereiche Forschung und Innovation verantwortlich sein.\",\"breadcrumb\":{\"@id\":\"https:\/\/www.uni.lu\/de\/news\/jens-kreisel-als-neuer-vizerektor-fuer-forschung-vorgeschlagen\/#breadcrumb\"},\"inLanguage\":\"de-DE\",\"potentialAction\":[{\"@type\":\"ReadAction\",\"target\":[\"https:\/\/www.uni.lu\/de\/news\/jens-kreisel-als-neuer-vizerektor-fuer-forschung-vorgeschlagen\/\"]}]},{\"@type\":\"ImageObject\",\"inLanguage\":\"de-DE\",\"@id\":\"https:\/\/www.uni.lu\/de\/news\/jens-kreisel-als-neuer-vizerektor-fuer-forschung-vorgeschlagen\/#primaryimage\",\"url\":\"https:\/\/www.uni.lu\/wp-content\/uploads\/sites\/10\/2018\/03\/l_universite_propose_jens_kreisel_comme_vice_recteur_a_la_recherche.jpg\",\"contentUrl\":\"https:\/\/www.uni.lu\/wp-content\/uploads\/sites\/10\/2018\/03\/l_universite_propose_jens_kreisel_comme_vice_recteur_a_la_recherche.jpg\",\"width\":800,\"height\":600},{\"@type\":\"BreadcrumbList\",\"@id\":\"https:\/\/www.uni.lu\/de\/news\/jens-kreisel-als-neuer-vizerektor-fuer-forschung-vorgeschlagen\/#breadcrumb\",\"itemListElement\":[{\"@type\":\"ListItem\",\"position\":1,\"name\":\"Home\",\"item\":\"https:\/\/www.uni.lu\/de\/\"},{\"@type\":\"ListItem\",\"position\":2,\"name\":\"News\",\"item\":\"https:\/\/www.uni.lu\/de\/news\/\"},{\"@type\":\"ListItem\",\"position\":3,\"name\":\"Jens Kreisel als neuer Vizerektor f\u00fcr Forschung vorgeschlagen\"}]},{\"@type\":\"WebSite\",\"@id\":\"https:\/\/www.uni.lu\/de\/#website\",\"url\":\"https:\/\/www.uni.lu\/de\/\",\"name\":\"Uni.lu\",\"description\":\"Universit\u00e4t Luxemburg\",\"publisher\":{\"@id\":\"https:\/\/www.uni.lu\/de\/#organization\"},\"alternateName\":\"Universit\u00e4t Luxemburg\",\"potentialAction\":[{\"@type\":\"SearchAction\",\"target\":{\"@type\":\"EntryPoint\",\"urlTemplate\":\"https:\/\/www.uni.lu\/de\/?s={search_term_string}\"},\"query-input\":\"required name=search_term_string\"}],\"inLanguage\":\"de-DE\"},{\"@type\":\"Organization\",\"@id\":\"https:\/\/www.uni.lu\/de\/#organization\",\"name\":\"Universit\u00e4t Luxemburg\",\"alternateName\":\"Uni.lu\",\"url\":\"https:\/\/www.uni.lu\/de\/\",\"logo\":{\"@type\":\"ImageObject\",\"inLanguage\":\"de-DE\",\"@id\":\"https:\/\/www.uni.lu\/de\/#\/schema\/logo\/image\/\",\"url\":\"https:\/\/www.uni.lu\/wp-content\/uploads\/sites\/10\/2026\/03\/03120000\/UNIV_SM-Profile_1600x1600px-scaled.jpg\",\"contentUrl\":\"https:\/\/www.uni.lu\/wp-content\/uploads\/sites\/10\/2026\/03\/03120000\/UNIV_SM-Profile_1600x1600px-scaled.jpg\",\"width\":2560,\"height\":2560,\"caption\":\"Universit\u00e4t Luxemburg\"},\"image\":\"https:\/\/www.uni.lu\/wp-content\/uploads\/sites\/10\/2026\/04\/24144329\/20200609-Belval-Campus_Henri-Goergen-23.jpg\",\"sameAs\":[\"https:\/\/www.facebook.com\/uni.lu\",\"https:\/\/www.linkedin.com\/school\/university-of-luxembourg\/\",\"https:\/\/www.instagram.com\/uni.lu\",\"https:\/\/www.youtube.com\/@uni_lu\",\"https:\/\/en.wikipedia.org\/wiki\/University_of_Luxembourg\"],\"email\":\"communication@uni.lu\",\"telephone\":\"+3524666441\",\"address\":{\"@type\":\"PostalAddress\",\"streetAddress\":\"2, place de l\u2019Universit\u00e9\",\"addressLocality\":\"Esch-sur-Alzette\",\"postalCode\":\"4365\",\"addressCountry\":\"LU\"},\"description\":\"Universit\u00e4t Luxemburg\"}]}<\/script>\n<!-- \/ Yoast SEO Premium plugin. -->","yoast_head_json":{"title":"Jens Kreisel als neuer Vizerektor f\u00fcr Forschung vorgeschlagen - Universit\u00e4t Luxemburg","description":"Nach Einholung der Stellungnahme des Universit\u00e4tsrates hat der Aufsichtsrat der Universit\u00e4t der Regierung die Ernennung von Prof. Dr. Jens Kreisel zum neuen Vizerektor der Universit\u00e4t Luxemburg ab 1. September 2018 vorgeschlagen. Jens Kreisel wird insbesondere f\u00fcr die Bereiche Forschung und Innovation verantwortlich sein.","robots":{"index":"index","follow":"follow","max-snippet":"max-snippet:-1","max-image-preview":"max-image-preview:large","max-video-preview":"max-video-preview:-1"},"canonical":"https:\/\/www.uni.lu\/de\/news\/jens-kreisel-als-neuer-vizerektor-fuer-forschung-vorgeschlagen\/","og_locale":"de_DE","og_type":"article","og_title":"Jens Kreisel als neuer Vizerektor f\u00fcr Forschung vorgeschlagen","og_description":"Nach Einholung der Stellungnahme des Universit\u00e4tsrates hat der Aufsichtsrat der Universit\u00e4t der Regierung die Ernennung von Prof. Dr. Jens Kreisel zum neuen Vizerektor der Universit\u00e4t Luxemburg ab 1. September 2018 vorgeschlagen. Jens Kreisel wird insbesondere f\u00fcr die Bereiche Forschung und Innovation verantwortlich sein.","og_url":"https:\/\/www.uni.lu\/de\/news\/jens-kreisel-als-neuer-vizerektor-fuer-forschung-vorgeschlagen\/","og_site_name":"UNI DE","article_publisher":"https:\/\/www.facebook.com\/uni.lu","og_image":[{"width":800,"height":600,"url":"https:\/\/www.uni.lu\/wp-content\/uploads\/sites\/10\/2018\/03\/l_universite_propose_jens_kreisel_comme_vice_recteur_a_la_recherche.jpg","type":"image\/jpeg"}],"twitter_card":"summary_large_image","twitter_misc":{"Gesch\u00e4tzte Lesezeit":"2 Minuten"},"schema":{"@context":"https:\/\/schema.org","@graph":[{"@type":"NewsArticle","@id":"https:\/\/www.uni.lu\/de\/news\/jens-kreisel-als-neuer-vizerektor-fuer-forschung-vorgeschlagen\/#article","isPartOf":{"@id":"https:\/\/www.uni.lu\/de\/news\/jens-kreisel-als-neuer-vizerektor-fuer-forschung-vorgeschlagen\/"},"author":{"name":"","@id":""},"headline":"Jens Kreisel als neuer Vizerektor f\u00fcr Forschung vorgeschlagen","datePublished":"2018-03-28T07:32:26+00:00","dateModified":"2018-03-28T07:32:26+00:00","mainEntityOfPage":{"@id":"https:\/\/www.uni.lu\/de\/news\/jens-kreisel-als-neuer-vizerektor-fuer-forschung-vorgeschlagen\/"},"wordCount":311,"publisher":{"@id":"https:\/\/www.uni.lu\/de\/#organization"},"image":{"@id":"https:\/\/www.uni.lu\/de\/news\/jens-kreisel-als-neuer-vizerektor-fuer-forschung-vorgeschlagen\/#primaryimage"},"thumbnailUrl":"https:\/\/www.uni.lu\/wp-content\/uploads\/sites\/10\/2018\/03\/l_universite_propose_jens_kreisel_comme_vice_recteur_a_la_recherche.jpg","inLanguage":"de-DE"},{"@type":"WebPage","@id":"https:\/\/www.uni.lu\/de\/news\/jens-kreisel-als-neuer-vizerektor-fuer-forschung-vorgeschlagen\/","url":"https:\/\/www.uni.lu\/de\/news\/jens-kreisel-als-neuer-vizerektor-fuer-forschung-vorgeschlagen\/","name":"Jens Kreisel als neuer Vizerektor f\u00fcr Forschung vorgeschlagen - Universit\u00e4t Luxemburg","isPartOf":{"@id":"https:\/\/www.uni.lu\/de\/#website"},"primaryImageOfPage":{"@id":"https:\/\/www.uni.lu\/de\/news\/jens-kreisel-als-neuer-vizerektor-fuer-forschung-vorgeschlagen\/#primaryimage"},"image":{"@id":"https:\/\/www.uni.lu\/de\/news\/jens-kreisel-als-neuer-vizerektor-fuer-forschung-vorgeschlagen\/#primaryimage"},"thumbnailUrl":"https:\/\/www.uni.lu\/wp-content\/uploads\/sites\/10\/2018\/03\/l_universite_propose_jens_kreisel_comme_vice_recteur_a_la_recherche.jpg","datePublished":"2018-03-28T07:32:26+00:00","dateModified":"2018-03-28T07:32:26+00:00","description":"Nach Einholung der Stellungnahme des Universit\u00e4tsrates hat der Aufsichtsrat der Universit\u00e4t der Regierung die Ernennung von Prof. Dr. Jens Kreisel zum neuen Vizerektor der Universit\u00e4t Luxemburg ab 1. September 2018 vorgeschlagen. Jens Kreisel wird insbesondere f\u00fcr die Bereiche Forschung und Innovation verantwortlich sein.","breadcrumb":{"@id":"https:\/\/www.uni.lu\/de\/news\/jens-kreisel-als-neuer-vizerektor-fuer-forschung-vorgeschlagen\/#breadcrumb"},"inLanguage":"de-DE","potentialAction":[{"@type":"ReadAction","target":["https:\/\/www.uni.lu\/de\/news\/jens-kreisel-als-neuer-vizerektor-fuer-forschung-vorgeschlagen\/"]}]},{"@type":"ImageObject","inLanguage":"de-DE","@id":"https:\/\/www.uni.lu\/de\/news\/jens-kreisel-als-neuer-vizerektor-fuer-forschung-vorgeschlagen\/#primaryimage","url":"https:\/\/www.uni.lu\/wp-content\/uploads\/sites\/10\/2018\/03\/l_universite_propose_jens_kreisel_comme_vice_recteur_a_la_recherche.jpg","contentUrl":"https:\/\/www.uni.lu\/wp-content\/uploads\/sites\/10\/2018\/03\/l_universite_propose_jens_kreisel_comme_vice_recteur_a_la_recherche.jpg","width":800,"height":600},{"@type":"BreadcrumbList","@id":"https:\/\/www.uni.lu\/de\/news\/jens-kreisel-als-neuer-vizerektor-fuer-forschung-vorgeschlagen\/#breadcrumb","itemListElement":[{"@type":"ListItem","position":1,"name":"Home","item":"https:\/\/www.uni.lu\/de\/"},{"@type":"ListItem","position":2,"name":"News","item":"https:\/\/www.uni.lu\/de\/news\/"},{"@type":"ListItem","position":3,"name":"Jens Kreisel als neuer Vizerektor f\u00fcr Forschung vorgeschlagen"}]},{"@type":"WebSite","@id":"https:\/\/www.uni.lu\/de\/#website","url":"https:\/\/www.uni.lu\/de\/","name":"Uni.lu","description":"Universit\u00e4t Luxemburg","publisher":{"@id":"https:\/\/www.uni.lu\/de\/#organization"},"alternateName":"Universit\u00e4t Luxemburg","potentialAction":[{"@type":"SearchAction","target":{"@type":"EntryPoint","urlTemplate":"https:\/\/www.uni.lu\/de\/?s={search_term_string}"},"query-input":"required name=search_term_string"}],"inLanguage":"de-DE"},{"@type":"Organization","@id":"https:\/\/www.uni.lu\/de\/#organization","name":"Universit\u00e4t Luxemburg","alternateName":"Uni.lu","url":"https:\/\/www.uni.lu\/de\/","logo":{"@type":"ImageObject","inLanguage":"de-DE","@id":"https:\/\/www.uni.lu\/de\/#\/schema\/logo\/image\/","url":"https:\/\/www.uni.lu\/wp-content\/uploads\/sites\/10\/2026\/03\/03120000\/UNIV_SM-Profile_1600x1600px-scaled.jpg","contentUrl":"https:\/\/www.uni.lu\/wp-content\/uploads\/sites\/10\/2026\/03\/03120000\/UNIV_SM-Profile_1600x1600px-scaled.jpg","width":2560,"height":2560,"caption":"Universit\u00e4t Luxemburg"},"image":"https:\/\/www.uni.lu\/wp-content\/uploads\/sites\/10\/2026\/04\/24144329\/20200609-Belval-Campus_Henri-Goergen-23.jpg","sameAs":["https:\/\/www.facebook.com\/uni.lu","https:\/\/www.linkedin.com\/school\/university-of-luxembourg\/","https:\/\/www.instagram.com\/uni.lu","https:\/\/www.youtube.com\/@uni_lu","https:\/\/en.wikipedia.org\/wiki\/University_of_Luxembourg"],"email":"communication@uni.lu","telephone":"+3524666441","address":{"@type":"PostalAddress","streetAddress":"2, place de l\u2019Universit\u00e9","addressLocality":"Esch-sur-Alzette","postalCode":"4365","addressCountry":"LU"},"description":"Universit\u00e4t Luxemburg"}]}},"blog_id":10,"_links":{"self":[{"href":"https:\/\/www.uni.lu\/de\/wp-json\/wp\/v2\/news\/95"}],"collection":[{"href":"https:\/\/www.uni.lu\/de\/wp-json\/wp\/v2\/news"}],"about":[{"href":"https:\/\/www.uni.lu\/de\/wp-json\/wp\/v2\/types\/news"}],"version-history":[{"count":0,"href":"https:\/\/www.uni.lu\/de\/wp-json\/wp\/v2\/news\/95\/revisions"}],"wp:featuredmedia":[{"embeddable":true,"href":"https:\/\/www.uni.lu\/de\/wp-json\/wp\/v2\/media\/96"}],"wp:attachment":[{"href":"https:\/\/www.uni.lu\/de\/wp-json\/wp\/v2\/media?parent=95"}],"wp:term":[{"taxonomy":"news-category","embeddable":true,"href":"https:\/\/www.uni.lu\/de\/wp-json\/wp\/v2\/news-category?post=95"},{"taxonomy":"news-topic","embeddable":true,"href":"https:\/\/www.uni.lu\/de\/wp-json\/wp\/v2\/news-topic?post=95"},{"taxonomy":"organisation","embeddable":true,"href":"https:\/\/www.uni.lu\/de\/wp-json\/wp\/v2\/organisation?post=95"}],"curies":[{"name":"wp","href":"https:\/\/api.w.org\/{rel}","templated":true}]}}