{"id":925,"date":"2022-02-25T15:40:48","date_gmt":"2022-02-25T15:40:48","guid":{"rendered":"https:\/\/website.prod.unilu.spikeseed.cloud\/de\/news\/esch2022-kulturhauptstadt-europas-startet-mit-uni-lu-beteiligung\/"},"modified":"2022-02-25T15:40:48","modified_gmt":"2022-02-25T15:40:48","slug":"esch2022-kulturhauptstadt-europas-startet-mit-uni-lu-beteiligung","status":"publish","type":"news","link":"https:\/\/www.uni.lu\/de\/news\/esch2022-kulturhauptstadt-europas-startet-mit-uni-lu-beteiligung\/","title":{"rendered":"Esch2022 Kulturhauptstadt Europas startet mit Uni.lu-Beteiligung"},"content":{"rendered":"<section class=\"wp-block-unilux-blocks-free-section section\"><div class=\"container xl:max-w-screen-xl\"><p>Am Samstag, den 26. Februar, findet in Esch-sur-Alzette, der zweitgr\u00f6\u00dften Stadt Luxemburgs und Sitz des Hauptcampus der Universit\u00e4t, die offizielle Er\u00f6ffnung der Kulturhauptstadt Europas Esch2022 statt. Dieses Gro\u00dfereignis wird von der Stadt Esch und einer Reihe von Nachbargemeinden in Luxemburg und Frankreich zusammen veranstaltet.<\/p><p>Das Label Kulturhauptstadt Europas wird jedes Jahr an zwei St\u00e4dte oder Regionen in der Europ\u00e4ischen Union verliehen. In diesem Jahr wurden die St\u00e4dte Kaunas in Litauen und Esch-sur-Alzette in Luxemburg ausgew\u00e4hlt. (Die Stadt Novi Sad in Serbien, deren Kulturhaupstadt-Programm 2021 aufgrund der Pandemie verschoben wurde, wird dieses Jahr ebenfalls auf dem Programm stehen).<\/p><p>Unter dem Motto &#8222;Remix Culture&#8220; und den vier Unterbereichen REMIX Art, REMIX Europe, REMIX Nature und REMIX Yourself feiert Esch2022 die Vielfalt der Kulturen in Europa, um Synergien zu schaffen und eine nachhaltige Entwicklung zu gew\u00e4hrleisten, vor allem aber unter aktiver Beteiligung der \u00d6ffentlichkeit.<\/p><p>Esch2022 findet in einer Region statt, die einst von einer einzigartigen industriellen Tradition gepr\u00e4gt war und sich heute zu einem zukunftsorientierten Wissenszentrum mit innovativen und kreativen Technologien \u00fcber Grenzen hinweg entwickelt.<\/p>\n<h3 class=\"has-text-align-left wp-block-unilux-blocks-heading\"        id=\"kunst-und-wissenschaft-geben-bei-den-esch2022-projekten-der-universitaet-luxemburg-den-ton-an\"\n    >\nKunst und Wissenschaft geben bei den Esch2022-Projekten der Universit\u00e4t Luxemburg den Ton an<\/h3>\n<p>Die Universit\u00e4t leistet ihren Beitrag zu Esch2022 durch mehrere Projekte, die von Forschern der Universit\u00e4t konzipiert wurden und Forschung, Wissenschaft, Kunst, Natur, Geschichte und Innovation miteinander verbinden. Mit diesen Projekten m\u00f6chte die Universit\u00e4t ihr Engagement f\u00fcr die Gemeinschaft unterstreichen und durch Forschung und Lehre einen positiven Beitrag leisten. &#8222;Esch2022 bietet ein Feuerwerk an Veranstaltungen, und der Campus Belval ist eine seiner lebendigen B\u00fchnen&#8220;, so Rektor Prof. St\u00e9phane Pallage.<\/p><p>Die Esch2022-Projekte der Universit\u00e4t werden am Donnerstag, 3. M\u00e4rz, von 15.30 bis 16.45 Uhr im Maison du Savoir, Campus Belval, im Detail vorgestellt.<\/p><p><a href=\"https:\/\/www.youtube.com\/watch?v=LFpC_Ki81C0\" target=\"_blank\" title=\"\" rel=\"noopener\">Die Veranstaltung online verfolgen<\/a><\/p><p>Weitere Informationen \u00fcber die Esch2022-Projekte der Universit\u00e4t Luxemburg finden Sie hier: <a href=\"https:\/\/esch2022.uni.lu\/?utm_source=unilu&#038;utm_medium=slideshow\" target=\"_blank\" title=\"\" rel=\"noopener\"><strong>esch2022.uni.lu<\/strong><\/a><\/p><p>Die offizielle Er\u00f6ffnungsfeier von Esch2022 findet am Samstag, den 26. Februar von 16.00 bis 23.00 Uhr im Stadtzentrum von Esch-sur-Alzette und auf dem Campus Belval statt, dem Hauptauff\u00fchrungsort der Er\u00f6ffnung. Die Besucher erwartet ein energiegeladenes Festival mit Live-Musik, DJ-Sets, Tanzperformances, Projektionsmappings, Lichtinstallationen und einer breiten Palette von Live-Unterhaltungskonzerten.<\/p><p>F\u00fcr weitere Informationen und Anmeldung: <a href=\"https:\/\/esch2022.lu\/en\" target=\"_blank\" title=\"\" rel=\"noopener\">Remix Opening &#8211; Esch2022<\/a><\/p><\/div><\/section>","protected":false},"excerpt":{"rendered":"<p>Am Samstag, den 26. Februar, findet in Esch-sur-Alzette, der zweitgr\u00f6\u00dften Stadt Luxemburgs und Sitz des Hauptcampus der Universit\u00e4t, die offizielle Er\u00f6ffnung der Kulturhauptstadt Europas Esch2022 statt. Dieses Gro\u00dfereignis wird von der Stadt Esch und einer Reihe von Nachbargemeinden in Luxemburg und Frankreich zusammen veranstaltet.<\/p>\n","protected":false},"author":0,"featured_media":926,"template":"","format":"standard","meta":{"featured_image_focal_point":[],"show_featured_caption":false,"ulux_newsletter_groups":"","uluxPostTitle":"","uluxPrePostTitle":"","_trash_the_other_posts":false,"_price":"","_stock":"","_tribe_ticket_header":"","_tribe_default_ticket_provider":"","_tribe_ticket_capacity":"0","_ticket_start_date":"","_ticket_end_date":"","_tribe_ticket_show_description":"","_tribe_ticket_show_not_going":false,"_tribe_ticket_use_global_stock":"","_tribe_ticket_global_stock_level":"","_global_stock_mode":"","_global_stock_cap":"","_tribe_rsvp_for_event":"","_tribe_ticket_going_count":"","_tribe_ticket_not_going_count":"","_tribe_tickets_list":"[]","_tribe_ticket_has_attendee_info_fields":false},"news-category":[4,3],"news-topic":[17],"organisation":[147,25,184,221,226],"authorship":[],"acf":[],"yoast_head":"<!-- This site is optimized with the Yoast SEO Premium plugin v22.3 (Yoast SEO v22.3) - https:\/\/yoast.com\/wordpress\/plugins\/seo\/ -->\n<title>Esch2022 Kulturhauptstadt Europas startet mit Uni.lu-Beteiligung - Universit\u00e4t Luxemburg<\/title>\n<meta name=\"description\" content=\"Am Samstag, den 26. Februar, findet in Esch-sur-Alzette, der zweitgr\u00f6\u00dften Stadt Luxemburgs und Sitz des Hauptcampus der Universit\u00e4t, die offizielle Er\u00f6ffnung der Kulturhauptstadt Europas Esch2022 statt. Dieses Gro\u00dfereignis wird von der Stadt Esch und einer Reihe von Nachbargemeinden in Luxemburg und Frankreich zusammen veranstaltet.\" \/>\n<meta name=\"robots\" content=\"index, follow, max-snippet:-1, max-image-preview:large, max-video-preview:-1\" \/>\n<link rel=\"canonical\" href=\"https:\/\/www.uni.lu\/de\/news\/\" \/>\n<meta property=\"og:locale\" content=\"de_DE\" \/>\n<meta property=\"og:type\" content=\"article\" \/>\n<meta property=\"og:title\" content=\"Esch2022 Kulturhauptstadt Europas startet mit Uni.lu-Beteiligung\" \/>\n<meta property=\"og:description\" content=\"Am Samstag, den 26. Februar, findet in Esch-sur-Alzette, der zweitgr\u00f6\u00dften Stadt Luxemburgs und Sitz des Hauptcampus der Universit\u00e4t, die offizielle Er\u00f6ffnung der Kulturhauptstadt Europas Esch2022 statt. Dieses Gro\u00dfereignis wird von der Stadt Esch und einer Reihe von Nachbargemeinden in Luxemburg und Frankreich zusammen veranstaltet.\" \/>\n<meta property=\"og:url\" content=\"https:\/\/www.uni.lu\/de\/news\/\" \/>\n<meta property=\"og:site_name\" content=\"UNI DE\" \/>\n<meta property=\"article:publisher\" content=\"https:\/\/www.facebook.com\/uni.lu\" \/>\n<meta property=\"og:image\" content=\"https:\/\/www.uni.lu\/wp-content\/uploads\/sites\/10\/2022\/02\/esch2022_european_capital_of_culture_launch_with_uni_lu_participation.jpg\" \/>\n\t<meta property=\"og:image:width\" content=\"800\" \/>\n\t<meta property=\"og:image:height\" content=\"600\" \/>\n\t<meta property=\"og:image:type\" content=\"image\/jpeg\" \/>\n<meta name=\"twitter:card\" content=\"summary_large_image\" \/>\n<meta name=\"twitter:label1\" content=\"Gesch\u00e4tzte Lesezeit\" \/>\n\t<meta name=\"twitter:data1\" content=\"2 Minuten\" \/>\n<script type=\"application\/ld+json\" class=\"yoast-schema-graph\">{\"@context\":\"https:\/\/schema.org\",\"@graph\":[{\"@type\":\"NewsArticle\",\"@id\":\"https:\/\/www.uni.lu\/de\/news\/#article\",\"isPartOf\":{\"@id\":\"https:\/\/www.uni.lu\/de\/news\/\"},\"author\":{\"name\":\"\",\"@id\":\"\"},\"headline\":\"Esch2022 Kulturhauptstadt Europas startet mit Uni.lu-Beteiligung\",\"datePublished\":\"2022-02-25T15:40:48+00:00\",\"dateModified\":\"2022-02-25T15:40:48+00:00\",\"mainEntityOfPage\":{\"@id\":\"https:\/\/www.uni.lu\/de\/news\/\"},\"wordCount\":363,\"publisher\":{\"@id\":\"https:\/\/www.uni.lu\/de\/#organization\"},\"image\":{\"@id\":\"https:\/\/www.uni.lu\/de\/news\/#primaryimage\"},\"thumbnailUrl\":\"https:\/\/www.uni.lu\/wp-content\/uploads\/sites\/10\/2022\/02\/esch2022_european_capital_of_culture_launch_with_uni_lu_participation.jpg\",\"inLanguage\":\"de-DE\"},{\"@type\":\"WebPage\",\"@id\":\"https:\/\/www.uni.lu\/de\/news\/\",\"url\":\"https:\/\/www.uni.lu\/de\/news\/\",\"name\":\"Esch2022 Kulturhauptstadt Europas startet mit Uni.lu-Beteiligung - Universit\u00e4t Luxemburg\",\"isPartOf\":{\"@id\":\"https:\/\/www.uni.lu\/de\/#website\"},\"primaryImageOfPage\":{\"@id\":\"https:\/\/www.uni.lu\/de\/news\/#primaryimage\"},\"image\":{\"@id\":\"https:\/\/www.uni.lu\/de\/news\/#primaryimage\"},\"thumbnailUrl\":\"https:\/\/www.uni.lu\/wp-content\/uploads\/sites\/10\/2022\/02\/esch2022_european_capital_of_culture_launch_with_uni_lu_participation.jpg\",\"datePublished\":\"2022-02-25T15:40:48+00:00\",\"dateModified\":\"2022-02-25T15:40:48+00:00\",\"description\":\"Am Samstag, den 26. Februar, findet in Esch-sur-Alzette, der zweitgr\u00f6\u00dften Stadt Luxemburgs und Sitz des Hauptcampus der Universit\u00e4t, die offizielle Er\u00f6ffnung der Kulturhauptstadt Europas Esch2022 statt. Dieses Gro\u00dfereignis wird von der Stadt Esch und einer Reihe von Nachbargemeinden in Luxemburg und Frankreich zusammen veranstaltet.\",\"breadcrumb\":{\"@id\":\"https:\/\/www.uni.lu\/de\/news\/#breadcrumb\"},\"inLanguage\":\"de-DE\",\"potentialAction\":[{\"@type\":\"ReadAction\",\"target\":[\"https:\/\/www.uni.lu\/de\/news\/\"]}]},{\"@type\":\"ImageObject\",\"inLanguage\":\"de-DE\",\"@id\":\"https:\/\/www.uni.lu\/de\/news\/#primaryimage\",\"url\":\"https:\/\/www.uni.lu\/wp-content\/uploads\/sites\/10\/2022\/02\/esch2022_european_capital_of_culture_launch_with_uni_lu_participation.jpg\",\"contentUrl\":\"https:\/\/www.uni.lu\/wp-content\/uploads\/sites\/10\/2022\/02\/esch2022_european_capital_of_culture_launch_with_uni_lu_participation.jpg\",\"width\":800,\"height\":600},{\"@type\":\"BreadcrumbList\",\"@id\":\"https:\/\/www.uni.lu\/de\/news\/#breadcrumb\",\"itemListElement\":[{\"@type\":\"ListItem\",\"position\":1,\"name\":\"Home\",\"item\":\"https:\/\/www.uni.lu\/de\/\"},{\"@type\":\"ListItem\",\"position\":2,\"name\":\"News\",\"item\":\"https:\/\/www.uni.lu\/de\/news\/\"},{\"@type\":\"ListItem\",\"position\":3,\"name\":\"Esch2022 Kulturhauptstadt Europas startet mit Uni.lu-Beteiligung\"}]},{\"@type\":\"WebSite\",\"@id\":\"https:\/\/www.uni.lu\/de\/#website\",\"url\":\"https:\/\/www.uni.lu\/de\/\",\"name\":\"Uni.lu\",\"description\":\"Universit\u00e4t Luxemburg\",\"publisher\":{\"@id\":\"https:\/\/www.uni.lu\/de\/#organization\"},\"alternateName\":\"Universit\u00e4t Luxemburg\",\"potentialAction\":[{\"@type\":\"SearchAction\",\"target\":{\"@type\":\"EntryPoint\",\"urlTemplate\":\"https:\/\/www.uni.lu\/de\/?s={search_term_string}\"},\"query-input\":\"required name=search_term_string\"}],\"inLanguage\":\"de-DE\"},{\"@type\":\"Organization\",\"@id\":\"https:\/\/www.uni.lu\/de\/#organization\",\"name\":\"Universit\u00e4t Luxemburg\",\"alternateName\":\"Uni.lu\",\"url\":\"https:\/\/www.uni.lu\/de\/\",\"logo\":{\"@type\":\"ImageObject\",\"inLanguage\":\"de-DE\",\"@id\":\"https:\/\/www.uni.lu\/de\/#\/schema\/logo\/image\/\",\"url\":\"https:\/\/www.uni.lu\/wp-content\/uploads\/sites\/10\/2026\/03\/03120000\/UNIV_SM-Profile_1600x1600px-scaled.jpg\",\"contentUrl\":\"https:\/\/www.uni.lu\/wp-content\/uploads\/sites\/10\/2026\/03\/03120000\/UNIV_SM-Profile_1600x1600px-scaled.jpg\",\"width\":2560,\"height\":2560,\"caption\":\"Universit\u00e4t Luxemburg\"},\"image\":\"https:\/\/www.uni.lu\/wp-content\/uploads\/sites\/10\/2026\/04\/24144329\/20200609-Belval-Campus_Henri-Goergen-23.jpg\",\"sameAs\":[\"https:\/\/www.facebook.com\/uni.lu\",\"https:\/\/www.linkedin.com\/school\/university-of-luxembourg\/\",\"https:\/\/www.instagram.com\/uni.lu\",\"https:\/\/www.youtube.com\/@uni_lu\",\"https:\/\/en.wikipedia.org\/wiki\/University_of_Luxembourg\"],\"email\":\"communication@uni.lu\",\"telephone\":\"+3524666441\",\"address\":{\"@type\":\"PostalAddress\",\"streetAddress\":\"2, place de l\u2019Universit\u00e9\",\"addressLocality\":\"Esch-sur-Alzette\",\"postalCode\":\"4365\",\"addressCountry\":\"LU\"},\"description\":\"Universit\u00e4t Luxemburg\"}]}<\/script>\n<!-- \/ Yoast SEO Premium plugin. -->","yoast_head_json":{"title":"Esch2022 Kulturhauptstadt Europas startet mit Uni.lu-Beteiligung - Universit\u00e4t Luxemburg","description":"Am Samstag, den 26. Februar, findet in Esch-sur-Alzette, der zweitgr\u00f6\u00dften Stadt Luxemburgs und Sitz des Hauptcampus der Universit\u00e4t, die offizielle Er\u00f6ffnung der Kulturhauptstadt Europas Esch2022 statt. Dieses Gro\u00dfereignis wird von der Stadt Esch und einer Reihe von Nachbargemeinden in Luxemburg und Frankreich zusammen veranstaltet.","robots":{"index":"index","follow":"follow","max-snippet":"max-snippet:-1","max-image-preview":"max-image-preview:large","max-video-preview":"max-video-preview:-1"},"canonical":"https:\/\/www.uni.lu\/de\/news\/","og_locale":"de_DE","og_type":"article","og_title":"Esch2022 Kulturhauptstadt Europas startet mit Uni.lu-Beteiligung","og_description":"Am Samstag, den 26. Februar, findet in Esch-sur-Alzette, der zweitgr\u00f6\u00dften Stadt Luxemburgs und Sitz des Hauptcampus der Universit\u00e4t, die offizielle Er\u00f6ffnung der Kulturhauptstadt Europas Esch2022 statt. Dieses Gro\u00dfereignis wird von der Stadt Esch und einer Reihe von Nachbargemeinden in Luxemburg und Frankreich zusammen veranstaltet.","og_url":"https:\/\/www.uni.lu\/de\/news\/","og_site_name":"UNI DE","article_publisher":"https:\/\/www.facebook.com\/uni.lu","og_image":[{"width":800,"height":600,"url":"https:\/\/www.uni.lu\/wp-content\/uploads\/sites\/10\/2022\/02\/esch2022_european_capital_of_culture_launch_with_uni_lu_participation.jpg","type":"image\/jpeg"}],"twitter_card":"summary_large_image","twitter_misc":{"Gesch\u00e4tzte Lesezeit":"2 Minuten"},"schema":{"@context":"https:\/\/schema.org","@graph":[{"@type":"NewsArticle","@id":"https:\/\/www.uni.lu\/de\/news\/#article","isPartOf":{"@id":"https:\/\/www.uni.lu\/de\/news\/"},"author":{"name":"","@id":""},"headline":"Esch2022 Kulturhauptstadt Europas startet mit Uni.lu-Beteiligung","datePublished":"2022-02-25T15:40:48+00:00","dateModified":"2022-02-25T15:40:48+00:00","mainEntityOfPage":{"@id":"https:\/\/www.uni.lu\/de\/news\/"},"wordCount":363,"publisher":{"@id":"https:\/\/www.uni.lu\/de\/#organization"},"image":{"@id":"https:\/\/www.uni.lu\/de\/news\/#primaryimage"},"thumbnailUrl":"https:\/\/www.uni.lu\/wp-content\/uploads\/sites\/10\/2022\/02\/esch2022_european_capital_of_culture_launch_with_uni_lu_participation.jpg","inLanguage":"de-DE"},{"@type":"WebPage","@id":"https:\/\/www.uni.lu\/de\/news\/","url":"https:\/\/www.uni.lu\/de\/news\/","name":"Esch2022 Kulturhauptstadt Europas startet mit Uni.lu-Beteiligung - Universit\u00e4t Luxemburg","isPartOf":{"@id":"https:\/\/www.uni.lu\/de\/#website"},"primaryImageOfPage":{"@id":"https:\/\/www.uni.lu\/de\/news\/#primaryimage"},"image":{"@id":"https:\/\/www.uni.lu\/de\/news\/#primaryimage"},"thumbnailUrl":"https:\/\/www.uni.lu\/wp-content\/uploads\/sites\/10\/2022\/02\/esch2022_european_capital_of_culture_launch_with_uni_lu_participation.jpg","datePublished":"2022-02-25T15:40:48+00:00","dateModified":"2022-02-25T15:40:48+00:00","description":"Am Samstag, den 26. Februar, findet in Esch-sur-Alzette, der zweitgr\u00f6\u00dften Stadt Luxemburgs und Sitz des Hauptcampus der Universit\u00e4t, die offizielle Er\u00f6ffnung der Kulturhauptstadt Europas Esch2022 statt. Dieses Gro\u00dfereignis wird von der Stadt Esch und einer Reihe von Nachbargemeinden in Luxemburg und Frankreich zusammen veranstaltet.","breadcrumb":{"@id":"https:\/\/www.uni.lu\/de\/news\/#breadcrumb"},"inLanguage":"de-DE","potentialAction":[{"@type":"ReadAction","target":["https:\/\/www.uni.lu\/de\/news\/"]}]},{"@type":"ImageObject","inLanguage":"de-DE","@id":"https:\/\/www.uni.lu\/de\/news\/#primaryimage","url":"https:\/\/www.uni.lu\/wp-content\/uploads\/sites\/10\/2022\/02\/esch2022_european_capital_of_culture_launch_with_uni_lu_participation.jpg","contentUrl":"https:\/\/www.uni.lu\/wp-content\/uploads\/sites\/10\/2022\/02\/esch2022_european_capital_of_culture_launch_with_uni_lu_participation.jpg","width":800,"height":600},{"@type":"BreadcrumbList","@id":"https:\/\/www.uni.lu\/de\/news\/#breadcrumb","itemListElement":[{"@type":"ListItem","position":1,"name":"Home","item":"https:\/\/www.uni.lu\/de\/"},{"@type":"ListItem","position":2,"name":"News","item":"https:\/\/www.uni.lu\/de\/news\/"},{"@type":"ListItem","position":3,"name":"Esch2022 Kulturhauptstadt Europas startet mit Uni.lu-Beteiligung"}]},{"@type":"WebSite","@id":"https:\/\/www.uni.lu\/de\/#website","url":"https:\/\/www.uni.lu\/de\/","name":"Uni.lu","description":"Universit\u00e4t Luxemburg","publisher":{"@id":"https:\/\/www.uni.lu\/de\/#organization"},"alternateName":"Universit\u00e4t Luxemburg","potentialAction":[{"@type":"SearchAction","target":{"@type":"EntryPoint","urlTemplate":"https:\/\/www.uni.lu\/de\/?s={search_term_string}"},"query-input":"required name=search_term_string"}],"inLanguage":"de-DE"},{"@type":"Organization","@id":"https:\/\/www.uni.lu\/de\/#organization","name":"Universit\u00e4t Luxemburg","alternateName":"Uni.lu","url":"https:\/\/www.uni.lu\/de\/","logo":{"@type":"ImageObject","inLanguage":"de-DE","@id":"https:\/\/www.uni.lu\/de\/#\/schema\/logo\/image\/","url":"https:\/\/www.uni.lu\/wp-content\/uploads\/sites\/10\/2026\/03\/03120000\/UNIV_SM-Profile_1600x1600px-scaled.jpg","contentUrl":"https:\/\/www.uni.lu\/wp-content\/uploads\/sites\/10\/2026\/03\/03120000\/UNIV_SM-Profile_1600x1600px-scaled.jpg","width":2560,"height":2560,"caption":"Universit\u00e4t Luxemburg"},"image":"https:\/\/www.uni.lu\/wp-content\/uploads\/sites\/10\/2026\/04\/24144329\/20200609-Belval-Campus_Henri-Goergen-23.jpg","sameAs":["https:\/\/www.facebook.com\/uni.lu","https:\/\/www.linkedin.com\/school\/university-of-luxembourg\/","https:\/\/www.instagram.com\/uni.lu","https:\/\/www.youtube.com\/@uni_lu","https:\/\/en.wikipedia.org\/wiki\/University_of_Luxembourg"],"email":"communication@uni.lu","telephone":"+3524666441","address":{"@type":"PostalAddress","streetAddress":"2, place de l\u2019Universit\u00e9","addressLocality":"Esch-sur-Alzette","postalCode":"4365","addressCountry":"LU"},"description":"Universit\u00e4t Luxemburg"}]}},"blog_id":10,"_links":{"self":[{"href":"https:\/\/www.uni.lu\/de\/wp-json\/wp\/v2\/news\/925"}],"collection":[{"href":"https:\/\/www.uni.lu\/de\/wp-json\/wp\/v2\/news"}],"about":[{"href":"https:\/\/www.uni.lu\/de\/wp-json\/wp\/v2\/types\/news"}],"version-history":[{"count":0,"href":"https:\/\/www.uni.lu\/de\/wp-json\/wp\/v2\/news\/925\/revisions"}],"wp:featuredmedia":[{"embeddable":true,"href":"https:\/\/www.uni.lu\/de\/wp-json\/wp\/v2\/media\/926"}],"wp:attachment":[{"href":"https:\/\/www.uni.lu\/de\/wp-json\/wp\/v2\/media?parent=925"}],"wp:term":[{"taxonomy":"news-category","embeddable":true,"href":"https:\/\/www.uni.lu\/de\/wp-json\/wp\/v2\/news-category?post=925"},{"taxonomy":"news-topic","embeddable":true,"href":"https:\/\/www.uni.lu\/de\/wp-json\/wp\/v2\/news-topic?post=925"},{"taxonomy":"organisation","embeddable":true,"href":"https:\/\/www.uni.lu\/de\/wp-json\/wp\/v2\/organisation?post=925"}],"curies":[{"name":"wp","href":"https:\/\/api.w.org\/{rel}","templated":true}]}}