{"id":849,"date":"2021-10-13T12:59:42","date_gmt":"2021-10-13T12:59:42","guid":{"rendered":"https:\/\/website.prod.unilu.spikeseed.cloud\/de\/news\/10-jahre-partnerschaft-mit-ses-fuer-satcom-governance-und-regulierung\/"},"modified":"2021-10-13T12:59:42","modified_gmt":"2021-10-13T12:59:42","slug":"10-jahre-partnerschaft-mit-ses-fuer-satcom-governance-und-regulierung","status":"publish","type":"news","link":"https:\/\/www.uni.lu\/de\/news\/10-jahre-partnerschaft-mit-ses-fuer-satcom-governance-und-regulierung\/","title":{"rendered":"10 Jahre Partnerschaft mit SES f\u00fcr SatCom Governance und Regulierung"},"content":{"rendered":"<section class=\"wp-block-unilux-blocks-free-section section\"><div class=\"container xl:max-w-screen-xl\"><p>Im September 2021 feierten die Universit\u00e4t Luxemburg und SES offiziell den 10. Jahrestag vom Lehrstuhl SES Chair in Space, SatCom und Media Law.<\/p><p>In den zehn Jahren seines Bestehens hat der Lehrstuhl 85 Studenten des Master in Space, Communication and Media Law und sieben Doktoranden unterst\u00fctzt, \u00fcber 100 wissenschaftliche Publikationen ver\u00f6ffentlicht und juristisches Fachwissen zu zahlreichen Workshops, Konferenzen und anderen Veranstaltungen im \u00f6ffentlichen und privaten Sektor beigetragen. Der Lehrstuhl ist an der Fakult\u00e4t f\u00fcr Recht, Wirtschaft und Finanzen (FDEF) eingerichtet und wird von Prof. <a href=\"https:\/\/wwwen.uni.lu\/fdef\/departement_droit\/equipe\/mahulena_hofmann\" target=\"_self\" title=\"\" rel=\"noopener\">Mahulena Hofmann<\/a> geleitet.<\/p><p><strong>Eine Partnerschaft SES &#8211; dem f\u00fchrenden, in Luxemburg ans\u00e4ssigen Satellitenbesitzer und -betreiber<\/strong><\/p><p>Der Lehrstuhl konzentriert seine Forschung, Lehre und Outreach auf die rechtlichen und regulatorischen Herausforderungen in der Satellitenkommunikation und anderen Raumfahrtaktivit\u00e4ten. Seit der Einweihung des Lehrstuhls im Jahr 2010 hat die FDEF eng mit SES, einem der weltweit f\u00fchrenden Satellitenbesitzer und -betreiber mit Sitz in Betzdorf, Luxemburg, zusammengearbeitet, um ein freundschaftliches und effizientes Modell der Zusammenarbeit zu entwickeln. Der SES-Lehrstuhl geh\u00f6rt zu den \u00e4ltesten Lehrst\u00fchlen der Universit\u00e4t.<\/p><p>Die Partnerschaft \u00f6ffnet verschiedene T\u00fcren der Zusammenarbeit, darunter die Einladung von SES-Fachleuten zu Vorlesungen, die gemeinsame Organisation eines j\u00e4hrlichen Kolloquiums zur Er\u00f6rterung von Regulierungsfragen sowie die Vermittlung von Praktikanten und Postdocs in das Unternehmen. Durch diese enge Zusammenarbeit haben die Studierenden des 2016 gegr\u00fcndeten <a href=\"https:\/\/wwwen.uni.lu\/studies\/fdef\/master_in_space_communication_and_media_law_ll_m\" target=\"_self\" title=\"\" rel=\"noopener\">Master in Space, Communication and Media Law<\/a> die M\u00f6glichkeit, praktische Erfahrungen bei einem weltweit f\u00fchrenden Unternehmen in diesem speziellen Rechtsgebiet zu sammeln. Seit dem akademischen Jahr 2016-2017 haben 85 Studierende aus 20 L\u00e4ndern einen LL.M.-Abschluss erworben und Karrieren im \u00f6ffentlichen und privaten Sektor eingeschlagen.<\/p><p><strong>Unterst\u00fctzung bei der Schaffung eines stabilen Rechtsrahmens f\u00fcr das Wachstum der Branche<\/strong><\/p><p>Mit dem Gesetz \u00fcber die Erforschung und Nutzung von Weltraumressourcen (2017) und dem allgemeinen Weltraumgesetz (2020) hat Luxemburg schon fr\u00fch einen Rechtsrahmen geschaffen, der weltraumbezogene Aktivit\u00e4ten wie den Start von Weltraumobjekten und den Weltraumbergbau regelt. Neben der Bereitstellung von juristischem Fachwissen f\u00fcr die luxemburgische Regierung bei der Ausarbeitung der Gesetzgebung ist der Lehrstuhl derzeit an einem Kommentar zur j\u00fcngsten luxemburgischen Raumfahrtgesetzgebung beteiligt. Diese Auslegung der Gesetze wird den Betreibern als praktisches Hilfsmittel dienen und ihnen u.a. Informationen dar\u00fcber liefern, wie sie Genehmigungen f\u00fcr den Start von Satelliten oder Forschungsger\u00e4ten beantragen k\u00f6nnen.<\/p><p>\u00dcber die Grenzen Luxemburgs hinaus erstreckt sich die T\u00e4tigkeit des Lehrstuhls auch auf globaler Ebene, indem er das B\u00fcro der Vereinten Nationen f\u00fcr Weltraumangelegenheiten (UNOOSA) bei der Erstellung von Modulen eines E-Learning-Kurses im Weltraumrecht und auf europ\u00e4ischer Ebene u.a. bei der Einrichtung einer <a href=\"https:\/\/universeh.eu\/\" target=\"_blank\" title=\"\" rel=\"noopener\">Europ\u00e4ischen Universit\u00e4t &#8211; Universeh<\/a> &#8211; unterst\u00fctzt.<\/p><p><strong>Ein hoch qualifiziertes und dynamisches Team von Forschern und P\u00e4dagogen<\/strong><\/p><p>Das Team besteht aus der Leiterin des Lehrstuhls und Co-Direktorin des Masterstudiengangs, Professorin Mahulena Hofmann, Mitglied des Vorstands des International Institute of Space Law (IISL) und Gewinnerin des Distinguished Service Award 2020, sowie dem Postdoktoranden Dr. PJ Blount, executive secretary des IISL und Stipendiat der FNR Industrial Fellowship Programm \u201eCybersecurity for the Space Industry\u201c, eine unabh\u00e4ngig finanzierte Zusammenarbeit zwischen SES und der Universit\u00e4t Luxemburg.<\/p><p>Derzeit sind vier Doktoranden aktiv, Gabrielle Leterre, Laetitia Zarkan, Antonino Salmeri und Ella Homov. Antonino Salmeri hat zwei F\u00fchrungspositionen innerhalb des Space Generation Advisory Council (SGAC): Co-Leiter der Space Exploration Project Group und Leiter des E.A.G.L.E. Action Teams on Lunar Governance, das Anfang dieses Jahres das <a href=\"https:\/\/wwwfr.uni.lu\/fdef\/actualites\/antonino_salmeri_and_eagle_team_release_lunar_governance_report\" target=\"_blank\" title=\"\" rel=\"noopener\">Moon Manifesto<\/a> ver\u00f6ffentlichte. Neben diesen drei aktuellen Doktoranden hat der Lehrstuhl in den letzten zehn Jahren auch vier Doktoranden unterst\u00fctzt, die ihre Thesen verteidigt haben, darunter Andreas Loukakis, Simona Spassova, Sandra Cabrera-Alvarado und Federico Bergamasco. Durch die Arbeit des Lehrstuhlteams wurden mehr als 100 Publikationen realisiert, darunter ein aktualisiertes Lehrbuch, das von den Studenten des Masterprogramms verwendet werden soll: The Introduction to Space Law, 4. Auflage (geschrieben von M. Hofmann zusammen mit Tanja Masson Zwaan) im Jahr 2019.<\/p><p>\u201eZehn Jahre Arbeit f\u00fcr den SES-Lehrstuhl sind sehr lohnend: Ich freue mich, mit den Studierenden zusammenzuarbeiten und sich am Meinungsaustausch mit vielen internationalen und europ\u00e4ischen Kollegen zu beteiligen,\u201c erkl\u00e4rt Prof. Mahulena Hoffmann. \u201eDer Weltraum ist keine Fantasiekreation, er h\u00e4lt Einzug in unsere H\u00e4user anhand Kommunikation und Navigation, und es ist wichtig, seine rechtlichen Grundlagen zu kennen. Niemand w\u00fcrde ein Auto ohne F\u00fchrerschein und in die falsche Richtung fahren \u2013 im Weltraum ist es \u00e4hnlich!\u201c<\/p><p>\u201eDa die Welt in das Zeitalter der Konnektivit\u00e4ts- und Weltraumtechnologien der n\u00e4chsten Generation eintritt, ist ein umfassender und zukunftsorientierter Ansatz f\u00fcr den Rechtsrahmen erforderlich\u201c, sagte Thai Rubin, Chief Legal Officer bei SES. \u201eLuxemburg verf\u00fcgt \u00fcber jahrzehntelange Erfahrung in der F\u00fchrung bahnbrechender Weltrauminitiativen, die der Welt zugutekommen, sowie in den rechtlichen und regulatorischen Aspekten, die mit einer solchen F\u00fchrung einhergehen. Das Land ist somit gut positioniert, um die entsprechende Gesetzgebung voranzutreiben. Als Unternehmen sind wir tief verwurzeltes in diesem Land und seiner Weltraumf\u00fchrerschaft, und wir freuen uns, unsere Expertise einzubringen und die Entwicklung der Weltraumgesetze zu unterst\u00fctzen, die den Weg f\u00fcr weitere Erfolge in diesem Bereich in Luxemburg und weit dar\u00fcber hinaus ebnen.\u201c<\/p><p><strong>SES und die Universit\u00e4t<\/strong><\/p><p>Neben einer fruchtbaren Partnerschaft im Hochschulbereich kooperieren SES und die Universit\u00e4t Luxemburg seit langem im Bereich Forschung und Entwicklung. Insbesondere das Interdisciplinary Centre for Security, Reliability and Trust (SnT) der Universit\u00e4t arbeitet regelm\u00e4\u00dfig mit SES zusammen, um Spitzenforschung zu Satellitenkommunikation und Konnektivit\u00e4tsnetzen zu betreiben. Die Zusammenarbeit zwischen SnT und SES umfasst Projekte im Rahmen des Programmes IPBG (Industrial Partnership Block Grant) des FNR, der European Space Agency (ESA), des H2020-Programms der Europ\u00e4ischen Kommission sowie von nationalen 5G Testprogrammen.<\/p><p><\/p><p>\u00a9 Universit\u00e4t Luxemburg<\/p><\/div><\/section>","protected":false},"excerpt":{"rendered":"<p>Im September 2021 feierten die Universit\u00e4t Luxemburg und SES offiziell den 10. Jahrestag vom Lehrstuhl SES Chair in Space, SatCom und Media Law.<\/p>\n","protected":false},"author":0,"featured_media":850,"template":"","format":"standard","meta":{"featured_image_focal_point":[],"show_featured_caption":false,"ulux_newsletter_groups":"","uluxPostTitle":"","uluxPrePostTitle":"","_trash_the_other_posts":false,"_price":"","_stock":"","_tribe_ticket_header":"","_tribe_default_ticket_provider":"","_tribe_ticket_capacity":"0","_ticket_start_date":"","_ticket_end_date":"","_tribe_ticket_show_description":"","_tribe_ticket_show_not_going":false,"_tribe_ticket_use_global_stock":"","_tribe_ticket_global_stock_level":"","_global_stock_mode":"","_global_stock_cap":"","_tribe_rsvp_for_event":"","_tribe_ticket_going_count":"","_tribe_ticket_not_going_count":"","_tribe_tickets_list":"[]","_tribe_ticket_has_attendee_info_fields":false},"news-category":[3],"news-topic":[],"organisation":[226],"authorship":[],"acf":[],"yoast_head":"<!-- This site is optimized with the Yoast SEO Premium plugin v22.3 (Yoast SEO v22.3) - https:\/\/yoast.com\/wordpress\/plugins\/seo\/ -->\n<title>10 Jahre Partnerschaft mit SES f\u00fcr SatCom Governance und Regulierung - Universit\u00e4t Luxemburg<\/title>\n<meta name=\"description\" content=\"Im September 2021 feierten die Universit\u00e4t Luxemburg und SES offiziell den 10. Jahrestag vom Lehrstuhl SES Chair in Space, SatCom und Media Law.\" \/>\n<meta name=\"robots\" content=\"index, follow, max-snippet:-1, max-image-preview:large, max-video-preview:-1\" \/>\n<link rel=\"canonical\" href=\"https:\/\/www.uni.lu\/de\/news\/\" \/>\n<meta property=\"og:locale\" content=\"de_DE\" \/>\n<meta property=\"og:type\" content=\"article\" \/>\n<meta property=\"og:title\" content=\"10 Jahre Partnerschaft mit SES f\u00fcr SatCom Governance und Regulierung\" \/>\n<meta property=\"og:description\" content=\"Im September 2021 feierten die Universit\u00e4t Luxemburg und SES offiziell den 10. Jahrestag vom Lehrstuhl SES Chair in Space, SatCom und Media Law.\" \/>\n<meta property=\"og:url\" content=\"https:\/\/www.uni.lu\/de\/news\/\" \/>\n<meta property=\"og:site_name\" content=\"UNI DE\" \/>\n<meta property=\"article:publisher\" content=\"https:\/\/www.facebook.com\/uni.lu\" \/>\n<meta property=\"og:image\" content=\"https:\/\/www.uni.lu\/wp-content\/uploads\/sites\/10\/2021\/10\/10_ans_de_la_ses_chair_in_space_satcom_and_media_law.jpg\" \/>\n\t<meta property=\"og:image:width\" content=\"800\" \/>\n\t<meta property=\"og:image:height\" content=\"600\" \/>\n\t<meta property=\"og:image:type\" content=\"image\/jpeg\" \/>\n<meta name=\"twitter:card\" content=\"summary_large_image\" \/>\n<meta name=\"twitter:label1\" content=\"Gesch\u00e4tzte Lesezeit\" \/>\n\t<meta name=\"twitter:data1\" content=\"5 Minuten\" \/>\n<script type=\"application\/ld+json\" class=\"yoast-schema-graph\">{\"@context\":\"https:\/\/schema.org\",\"@graph\":[{\"@type\":\"NewsArticle\",\"@id\":\"https:\/\/www.uni.lu\/de\/news\/#article\",\"isPartOf\":{\"@id\":\"https:\/\/www.uni.lu\/de\/news\/\"},\"author\":{\"name\":\"\",\"@id\":\"\"},\"headline\":\"10 Jahre Partnerschaft mit SES f\u00fcr SatCom Governance und Regulierung\",\"datePublished\":\"2021-10-13T12:59:42+00:00\",\"dateModified\":\"2021-10-13T12:59:42+00:00\",\"mainEntityOfPage\":{\"@id\":\"https:\/\/www.uni.lu\/de\/news\/\"},\"wordCount\":943,\"publisher\":{\"@id\":\"https:\/\/www.uni.lu\/de\/#organization\"},\"image\":{\"@id\":\"https:\/\/www.uni.lu\/de\/news\/#primaryimage\"},\"thumbnailUrl\":\"https:\/\/www.uni.lu\/wp-content\/uploads\/sites\/10\/2021\/10\/10_ans_de_la_ses_chair_in_space_satcom_and_media_law.jpg\",\"inLanguage\":\"de-DE\"},{\"@type\":\"WebPage\",\"@id\":\"https:\/\/www.uni.lu\/de\/news\/\",\"url\":\"https:\/\/www.uni.lu\/de\/news\/\",\"name\":\"10 Jahre Partnerschaft mit SES f\u00fcr SatCom Governance und Regulierung - Universit\u00e4t Luxemburg\",\"isPartOf\":{\"@id\":\"https:\/\/www.uni.lu\/de\/#website\"},\"primaryImageOfPage\":{\"@id\":\"https:\/\/www.uni.lu\/de\/news\/#primaryimage\"},\"image\":{\"@id\":\"https:\/\/www.uni.lu\/de\/news\/#primaryimage\"},\"thumbnailUrl\":\"https:\/\/www.uni.lu\/wp-content\/uploads\/sites\/10\/2021\/10\/10_ans_de_la_ses_chair_in_space_satcom_and_media_law.jpg\",\"datePublished\":\"2021-10-13T12:59:42+00:00\",\"dateModified\":\"2021-10-13T12:59:42+00:00\",\"description\":\"Im September 2021 feierten die Universit\u00e4t Luxemburg und SES offiziell den 10. Jahrestag vom Lehrstuhl SES Chair in Space, SatCom und Media Law.\",\"breadcrumb\":{\"@id\":\"https:\/\/www.uni.lu\/de\/news\/#breadcrumb\"},\"inLanguage\":\"de-DE\",\"potentialAction\":[{\"@type\":\"ReadAction\",\"target\":[\"https:\/\/www.uni.lu\/de\/news\/\"]}]},{\"@type\":\"ImageObject\",\"inLanguage\":\"de-DE\",\"@id\":\"https:\/\/www.uni.lu\/de\/news\/#primaryimage\",\"url\":\"https:\/\/www.uni.lu\/wp-content\/uploads\/sites\/10\/2021\/10\/10_ans_de_la_ses_chair_in_space_satcom_and_media_law.jpg\",\"contentUrl\":\"https:\/\/www.uni.lu\/wp-content\/uploads\/sites\/10\/2021\/10\/10_ans_de_la_ses_chair_in_space_satcom_and_media_law.jpg\",\"width\":800,\"height\":600},{\"@type\":\"BreadcrumbList\",\"@id\":\"https:\/\/www.uni.lu\/de\/news\/#breadcrumb\",\"itemListElement\":[{\"@type\":\"ListItem\",\"position\":1,\"name\":\"Home\",\"item\":\"https:\/\/www.uni.lu\/de\/\"},{\"@type\":\"ListItem\",\"position\":2,\"name\":\"News\",\"item\":\"https:\/\/www.uni.lu\/de\/news\/\"},{\"@type\":\"ListItem\",\"position\":3,\"name\":\"10 Jahre Partnerschaft mit SES f\u00fcr SatCom Governance und Regulierung\"}]},{\"@type\":\"WebSite\",\"@id\":\"https:\/\/www.uni.lu\/de\/#website\",\"url\":\"https:\/\/www.uni.lu\/de\/\",\"name\":\"Uni.lu\",\"description\":\"Universit\u00e4t Luxemburg\",\"publisher\":{\"@id\":\"https:\/\/www.uni.lu\/de\/#organization\"},\"alternateName\":\"Universit\u00e4t Luxemburg\",\"potentialAction\":[{\"@type\":\"SearchAction\",\"target\":{\"@type\":\"EntryPoint\",\"urlTemplate\":\"https:\/\/www.uni.lu\/de\/?s={search_term_string}\"},\"query-input\":\"required name=search_term_string\"}],\"inLanguage\":\"de-DE\"},{\"@type\":\"Organization\",\"@id\":\"https:\/\/www.uni.lu\/de\/#organization\",\"name\":\"Universit\u00e4t Luxemburg\",\"alternateName\":\"Uni.lu\",\"url\":\"https:\/\/www.uni.lu\/de\/\",\"logo\":{\"@type\":\"ImageObject\",\"inLanguage\":\"de-DE\",\"@id\":\"https:\/\/www.uni.lu\/de\/#\/schema\/logo\/image\/\",\"url\":\"https:\/\/www.uni.lu\/wp-content\/uploads\/sites\/10\/2026\/03\/03120000\/UNIV_SM-Profile_1600x1600px-scaled.jpg\",\"contentUrl\":\"https:\/\/www.uni.lu\/wp-content\/uploads\/sites\/10\/2026\/03\/03120000\/UNIV_SM-Profile_1600x1600px-scaled.jpg\",\"width\":2560,\"height\":2560,\"caption\":\"Universit\u00e4t Luxemburg\"},\"image\":\"https:\/\/www.uni.lu\/wp-content\/uploads\/sites\/10\/2026\/04\/24144329\/20200609-Belval-Campus_Henri-Goergen-23.jpg\",\"sameAs\":[\"https:\/\/www.facebook.com\/uni.lu\",\"https:\/\/www.linkedin.com\/school\/university-of-luxembourg\/\",\"https:\/\/www.instagram.com\/uni.lu\",\"https:\/\/www.youtube.com\/@uni_lu\",\"https:\/\/en.wikipedia.org\/wiki\/University_of_Luxembourg\"],\"email\":\"communication@uni.lu\",\"telephone\":\"+3524666441\",\"address\":{\"@type\":\"PostalAddress\",\"streetAddress\":\"2, place de l\u2019Universit\u00e9\",\"addressLocality\":\"Esch-sur-Alzette\",\"postalCode\":\"4365\",\"addressCountry\":\"LU\"},\"description\":\"Universit\u00e4t Luxemburg\"}]}<\/script>\n<!-- \/ Yoast SEO Premium plugin. -->","yoast_head_json":{"title":"10 Jahre Partnerschaft mit SES f\u00fcr SatCom Governance und Regulierung - Universit\u00e4t Luxemburg","description":"Im September 2021 feierten die Universit\u00e4t Luxemburg und SES offiziell den 10. Jahrestag vom Lehrstuhl SES Chair in Space, SatCom und Media Law.","robots":{"index":"index","follow":"follow","max-snippet":"max-snippet:-1","max-image-preview":"max-image-preview:large","max-video-preview":"max-video-preview:-1"},"canonical":"https:\/\/www.uni.lu\/de\/news\/","og_locale":"de_DE","og_type":"article","og_title":"10 Jahre Partnerschaft mit SES f\u00fcr SatCom Governance und Regulierung","og_description":"Im September 2021 feierten die Universit\u00e4t Luxemburg und SES offiziell den 10. Jahrestag vom Lehrstuhl SES Chair in Space, SatCom und Media Law.","og_url":"https:\/\/www.uni.lu\/de\/news\/","og_site_name":"UNI DE","article_publisher":"https:\/\/www.facebook.com\/uni.lu","og_image":[{"width":800,"height":600,"url":"https:\/\/www.uni.lu\/wp-content\/uploads\/sites\/10\/2021\/10\/10_ans_de_la_ses_chair_in_space_satcom_and_media_law.jpg","type":"image\/jpeg"}],"twitter_card":"summary_large_image","twitter_misc":{"Gesch\u00e4tzte Lesezeit":"5 Minuten"},"schema":{"@context":"https:\/\/schema.org","@graph":[{"@type":"NewsArticle","@id":"https:\/\/www.uni.lu\/de\/news\/#article","isPartOf":{"@id":"https:\/\/www.uni.lu\/de\/news\/"},"author":{"name":"","@id":""},"headline":"10 Jahre Partnerschaft mit SES f\u00fcr SatCom Governance und Regulierung","datePublished":"2021-10-13T12:59:42+00:00","dateModified":"2021-10-13T12:59:42+00:00","mainEntityOfPage":{"@id":"https:\/\/www.uni.lu\/de\/news\/"},"wordCount":943,"publisher":{"@id":"https:\/\/www.uni.lu\/de\/#organization"},"image":{"@id":"https:\/\/www.uni.lu\/de\/news\/#primaryimage"},"thumbnailUrl":"https:\/\/www.uni.lu\/wp-content\/uploads\/sites\/10\/2021\/10\/10_ans_de_la_ses_chair_in_space_satcom_and_media_law.jpg","inLanguage":"de-DE"},{"@type":"WebPage","@id":"https:\/\/www.uni.lu\/de\/news\/","url":"https:\/\/www.uni.lu\/de\/news\/","name":"10 Jahre Partnerschaft mit SES f\u00fcr SatCom Governance und Regulierung - Universit\u00e4t Luxemburg","isPartOf":{"@id":"https:\/\/www.uni.lu\/de\/#website"},"primaryImageOfPage":{"@id":"https:\/\/www.uni.lu\/de\/news\/#primaryimage"},"image":{"@id":"https:\/\/www.uni.lu\/de\/news\/#primaryimage"},"thumbnailUrl":"https:\/\/www.uni.lu\/wp-content\/uploads\/sites\/10\/2021\/10\/10_ans_de_la_ses_chair_in_space_satcom_and_media_law.jpg","datePublished":"2021-10-13T12:59:42+00:00","dateModified":"2021-10-13T12:59:42+00:00","description":"Im September 2021 feierten die Universit\u00e4t Luxemburg und SES offiziell den 10. Jahrestag vom Lehrstuhl SES Chair in Space, SatCom und Media Law.","breadcrumb":{"@id":"https:\/\/www.uni.lu\/de\/news\/#breadcrumb"},"inLanguage":"de-DE","potentialAction":[{"@type":"ReadAction","target":["https:\/\/www.uni.lu\/de\/news\/"]}]},{"@type":"ImageObject","inLanguage":"de-DE","@id":"https:\/\/www.uni.lu\/de\/news\/#primaryimage","url":"https:\/\/www.uni.lu\/wp-content\/uploads\/sites\/10\/2021\/10\/10_ans_de_la_ses_chair_in_space_satcom_and_media_law.jpg","contentUrl":"https:\/\/www.uni.lu\/wp-content\/uploads\/sites\/10\/2021\/10\/10_ans_de_la_ses_chair_in_space_satcom_and_media_law.jpg","width":800,"height":600},{"@type":"BreadcrumbList","@id":"https:\/\/www.uni.lu\/de\/news\/#breadcrumb","itemListElement":[{"@type":"ListItem","position":1,"name":"Home","item":"https:\/\/www.uni.lu\/de\/"},{"@type":"ListItem","position":2,"name":"News","item":"https:\/\/www.uni.lu\/de\/news\/"},{"@type":"ListItem","position":3,"name":"10 Jahre Partnerschaft mit SES f\u00fcr SatCom Governance und Regulierung"}]},{"@type":"WebSite","@id":"https:\/\/www.uni.lu\/de\/#website","url":"https:\/\/www.uni.lu\/de\/","name":"Uni.lu","description":"Universit\u00e4t Luxemburg","publisher":{"@id":"https:\/\/www.uni.lu\/de\/#organization"},"alternateName":"Universit\u00e4t Luxemburg","potentialAction":[{"@type":"SearchAction","target":{"@type":"EntryPoint","urlTemplate":"https:\/\/www.uni.lu\/de\/?s={search_term_string}"},"query-input":"required name=search_term_string"}],"inLanguage":"de-DE"},{"@type":"Organization","@id":"https:\/\/www.uni.lu\/de\/#organization","name":"Universit\u00e4t Luxemburg","alternateName":"Uni.lu","url":"https:\/\/www.uni.lu\/de\/","logo":{"@type":"ImageObject","inLanguage":"de-DE","@id":"https:\/\/www.uni.lu\/de\/#\/schema\/logo\/image\/","url":"https:\/\/www.uni.lu\/wp-content\/uploads\/sites\/10\/2026\/03\/03120000\/UNIV_SM-Profile_1600x1600px-scaled.jpg","contentUrl":"https:\/\/www.uni.lu\/wp-content\/uploads\/sites\/10\/2026\/03\/03120000\/UNIV_SM-Profile_1600x1600px-scaled.jpg","width":2560,"height":2560,"caption":"Universit\u00e4t Luxemburg"},"image":"https:\/\/www.uni.lu\/wp-content\/uploads\/sites\/10\/2026\/04\/24144329\/20200609-Belval-Campus_Henri-Goergen-23.jpg","sameAs":["https:\/\/www.facebook.com\/uni.lu","https:\/\/www.linkedin.com\/school\/university-of-luxembourg\/","https:\/\/www.instagram.com\/uni.lu","https:\/\/www.youtube.com\/@uni_lu","https:\/\/en.wikipedia.org\/wiki\/University_of_Luxembourg"],"email":"communication@uni.lu","telephone":"+3524666441","address":{"@type":"PostalAddress","streetAddress":"2, place de l\u2019Universit\u00e9","addressLocality":"Esch-sur-Alzette","postalCode":"4365","addressCountry":"LU"},"description":"Universit\u00e4t Luxemburg"}]}},"blog_id":10,"_links":{"self":[{"href":"https:\/\/www.uni.lu\/de\/wp-json\/wp\/v2\/news\/849"}],"collection":[{"href":"https:\/\/www.uni.lu\/de\/wp-json\/wp\/v2\/news"}],"about":[{"href":"https:\/\/www.uni.lu\/de\/wp-json\/wp\/v2\/types\/news"}],"version-history":[{"count":0,"href":"https:\/\/www.uni.lu\/de\/wp-json\/wp\/v2\/news\/849\/revisions"}],"wp:featuredmedia":[{"embeddable":true,"href":"https:\/\/www.uni.lu\/de\/wp-json\/wp\/v2\/media\/850"}],"wp:attachment":[{"href":"https:\/\/www.uni.lu\/de\/wp-json\/wp\/v2\/media?parent=849"}],"wp:term":[{"taxonomy":"news-category","embeddable":true,"href":"https:\/\/www.uni.lu\/de\/wp-json\/wp\/v2\/news-category?post=849"},{"taxonomy":"news-topic","embeddable":true,"href":"https:\/\/www.uni.lu\/de\/wp-json\/wp\/v2\/news-topic?post=849"},{"taxonomy":"organisation","embeddable":true,"href":"https:\/\/www.uni.lu\/de\/wp-json\/wp\/v2\/organisation?post=849"}],"curies":[{"name":"wp","href":"https:\/\/api.w.org\/{rel}","templated":true}]}}