{"id":835,"date":"2021-09-21T08:46:38","date_gmt":"2021-09-21T08:46:38","guid":{"rendered":"https:\/\/website.prod.unilu.spikeseed.cloud\/de\/news\/rektor-prof-pallage-strebt-keine-zweite-amtszeit-an\/"},"modified":"2021-09-21T08:46:38","modified_gmt":"2021-09-21T08:46:38","slug":"rektor-prof-pallage-strebt-keine-zweite-amtszeit-an","status":"publish","type":"news","link":"https:\/\/www.uni.lu\/de\/news\/rektor-prof-pallage-strebt-keine-zweite-amtszeit-an\/","title":{"rendered":"Rektor Prof. Pallage strebt keine zweite Amtszeit an"},"content":{"rendered":"<section class=\"wp-block-unilux-blocks-free-section section\"><div class=\"container xl:max-w-screen-xl\"><p>Der Aufsichtsrat der Universit\u00e4t Luxemburg hat die Entscheidung von Rektor St\u00e9phane Pallage\u00a0zur Kenntnis genommen, keine zweite Amtszeit als Rektor der Universit\u00e4t Luxemburg anzustreben. Prof. Pallage berief sich darauf, dass die COVID-19-Pandemie die Umst\u00e4nde f\u00fcr seine Familie sehr erschwert haben, wof\u00fcr der Aufsichtsrat sein volles Verst\u00e4ndnis zum Ausdruck bringt.<\/p><p>Um die Kontinuit\u00e4t an der Spitze der Universit\u00e4t zum Ende der Amtszeit des Rektors zu gew\u00e4hrleisten, hat der Aufsichtsrat die im Gesetz vom 27. Juni 2018 vorgesehenen Ma\u00dfnahmen zur Einstellung des nachfolgenden Rektors der Universit\u00e4t Luxemburg zum 1. Januar 2023 eingeleitet.<\/p><\/div><\/section>","protected":false},"excerpt":{"rendered":"<p>Der Aufsichtsrat der Universit\u00e4t Luxemburg hat die Entscheidung von Rektor St\u00e9phane Pallage\u00a0zur Kenntnis genommen, keine zweite Amtszeit als Rektor der Universit\u00e4t Luxemburg anzustreben. Prof. Pallage berief sich darauf, dass die COVID-19-Pandemie die Umst\u00e4nde f\u00fcr seine Familie sehr erschwert haben, wof\u00fcr der Aufsichtsrat sein volles Verst\u00e4ndnis zum Ausdruck bringt.<\/p>\n","protected":false},"author":0,"featured_media":836,"template":"","format":"standard","meta":{"featured_image_focal_point":[],"show_featured_caption":false,"ulux_newsletter_groups":"","uluxPostTitle":"","uluxPrePostTitle":"","_trash_the_other_posts":false,"_price":"","_stock":"","_tribe_ticket_header":"","_tribe_default_ticket_provider":"","_tribe_ticket_capacity":"0","_ticket_start_date":"","_ticket_end_date":"","_tribe_ticket_show_description":"","_tribe_ticket_show_not_going":false,"_tribe_ticket_use_global_stock":"","_tribe_ticket_global_stock_level":"","_global_stock_mode":"","_global_stock_cap":"","_tribe_rsvp_for_event":"","_tribe_ticket_going_count":"","_tribe_ticket_not_going_count":"","_tribe_tickets_list":"[]","_tribe_ticket_has_attendee_info_fields":false},"news-category":[3],"news-topic":[],"organisation":[226],"authorship":[],"acf":[],"yoast_head":"<!-- This site is optimized with the Yoast SEO Premium plugin v22.3 (Yoast SEO v22.3) - https:\/\/yoast.com\/wordpress\/plugins\/seo\/ -->\n<title>Rektor Prof. Pallage strebt keine zweite Amtszeit an - Universit\u00e4t Luxemburg<\/title>\n<meta name=\"description\" content=\"Der Aufsichtsrat der Universit\u00e4t Luxemburg hat die Entscheidung von Rektor St\u00e9phane Pallage\u00a0zur Kenntnis genommen, keine zweite Amtszeit als Rektor der Universit\u00e4t Luxemburg anzustreben. Prof. Pallage berief sich darauf, dass die COVID-19-Pandemie die Umst\u00e4nde f\u00fcr seine Familie sehr erschwert haben, wof\u00fcr der Aufsichtsrat sein volles Verst\u00e4ndnis zum Ausdruck bringt.\" \/>\n<meta name=\"robots\" content=\"index, follow, max-snippet:-1, max-image-preview:large, max-video-preview:-1\" \/>\n<link rel=\"canonical\" href=\"https:\/\/www.uni.lu\/de\/news\/\" \/>\n<meta property=\"og:locale\" content=\"de_DE\" \/>\n<meta property=\"og:type\" content=\"article\" \/>\n<meta property=\"og:title\" content=\"Rektor Prof. Pallage strebt keine zweite Amtszeit an\" \/>\n<meta property=\"og:description\" content=\"Der Aufsichtsrat der Universit\u00e4t Luxemburg hat die Entscheidung von Rektor St\u00e9phane Pallage\u00a0zur Kenntnis genommen, keine zweite Amtszeit als Rektor der Universit\u00e4t Luxemburg anzustreben. Prof. Pallage berief sich darauf, dass die COVID-19-Pandemie die Umst\u00e4nde f\u00fcr seine Familie sehr erschwert haben, wof\u00fcr der Aufsichtsrat sein volles Verst\u00e4ndnis zum Ausdruck bringt.\" \/>\n<meta property=\"og:url\" content=\"https:\/\/www.uni.lu\/de\/news\/\" \/>\n<meta property=\"og:site_name\" content=\"UNI DE\" \/>\n<meta property=\"article:publisher\" content=\"https:\/\/www.facebook.com\/uni.lu\" \/>\n<meta property=\"og:image\" content=\"https:\/\/www.uni.lu\/wp-content\/uploads\/sites\/10\/2021\/09\/rektor_prof_pallage_strebt_keine_zweite_amtszeit_an.jpg\" \/>\n\t<meta property=\"og:image:width\" content=\"800\" \/>\n\t<meta property=\"og:image:height\" content=\"600\" \/>\n\t<meta property=\"og:image:type\" content=\"image\/jpeg\" \/>\n<meta name=\"twitter:card\" content=\"summary_large_image\" \/>\n<script type=\"application\/ld+json\" class=\"yoast-schema-graph\">{\"@context\":\"https:\/\/schema.org\",\"@graph\":[{\"@type\":\"NewsArticle\",\"@id\":\"https:\/\/www.uni.lu\/de\/news\/#article\",\"isPartOf\":{\"@id\":\"https:\/\/www.uni.lu\/de\/news\/\"},\"author\":{\"name\":\"\",\"@id\":\"\"},\"headline\":\"Rektor Prof. Pallage strebt keine zweite Amtszeit an\",\"datePublished\":\"2021-09-21T08:46:38+00:00\",\"dateModified\":\"2021-09-21T08:46:38+00:00\",\"mainEntityOfPage\":{\"@id\":\"https:\/\/www.uni.lu\/de\/news\/\"},\"wordCount\":107,\"publisher\":{\"@id\":\"https:\/\/www.uni.lu\/de\/#organization\"},\"image\":{\"@id\":\"https:\/\/www.uni.lu\/de\/news\/#primaryimage\"},\"thumbnailUrl\":\"https:\/\/www.uni.lu\/wp-content\/uploads\/sites\/10\/2021\/09\/rektor_prof_pallage_strebt_keine_zweite_amtszeit_an.jpg\",\"inLanguage\":\"de-DE\"},{\"@type\":\"WebPage\",\"@id\":\"https:\/\/www.uni.lu\/de\/news\/\",\"url\":\"https:\/\/www.uni.lu\/de\/news\/\",\"name\":\"Rektor Prof. Pallage strebt keine zweite Amtszeit an - Universit\u00e4t Luxemburg\",\"isPartOf\":{\"@id\":\"https:\/\/www.uni.lu\/de\/#website\"},\"primaryImageOfPage\":{\"@id\":\"https:\/\/www.uni.lu\/de\/news\/#primaryimage\"},\"image\":{\"@id\":\"https:\/\/www.uni.lu\/de\/news\/#primaryimage\"},\"thumbnailUrl\":\"https:\/\/www.uni.lu\/wp-content\/uploads\/sites\/10\/2021\/09\/rektor_prof_pallage_strebt_keine_zweite_amtszeit_an.jpg\",\"datePublished\":\"2021-09-21T08:46:38+00:00\",\"dateModified\":\"2021-09-21T08:46:38+00:00\",\"description\":\"Der Aufsichtsrat der Universit\u00e4t Luxemburg hat die Entscheidung von Rektor St\u00e9phane Pallage\u00a0zur Kenntnis genommen, keine zweite Amtszeit als Rektor der Universit\u00e4t Luxemburg anzustreben. Prof. Pallage berief sich darauf, dass die COVID-19-Pandemie die Umst\u00e4nde f\u00fcr seine Familie sehr erschwert haben, wof\u00fcr der Aufsichtsrat sein volles Verst\u00e4ndnis zum Ausdruck bringt.\",\"breadcrumb\":{\"@id\":\"https:\/\/www.uni.lu\/de\/news\/#breadcrumb\"},\"inLanguage\":\"de-DE\",\"potentialAction\":[{\"@type\":\"ReadAction\",\"target\":[\"https:\/\/www.uni.lu\/de\/news\/\"]}]},{\"@type\":\"ImageObject\",\"inLanguage\":\"de-DE\",\"@id\":\"https:\/\/www.uni.lu\/de\/news\/#primaryimage\",\"url\":\"https:\/\/www.uni.lu\/wp-content\/uploads\/sites\/10\/2021\/09\/rektor_prof_pallage_strebt_keine_zweite_amtszeit_an.jpg\",\"contentUrl\":\"https:\/\/www.uni.lu\/wp-content\/uploads\/sites\/10\/2021\/09\/rektor_prof_pallage_strebt_keine_zweite_amtszeit_an.jpg\",\"width\":800,\"height\":600},{\"@type\":\"BreadcrumbList\",\"@id\":\"https:\/\/www.uni.lu\/de\/news\/#breadcrumb\",\"itemListElement\":[{\"@type\":\"ListItem\",\"position\":1,\"name\":\"Home\",\"item\":\"https:\/\/www.uni.lu\/de\/\"},{\"@type\":\"ListItem\",\"position\":2,\"name\":\"News\",\"item\":\"https:\/\/www.uni.lu\/de\/news\/\"},{\"@type\":\"ListItem\",\"position\":3,\"name\":\"Rektor Prof. Pallage strebt keine zweite Amtszeit an\"}]},{\"@type\":\"WebSite\",\"@id\":\"https:\/\/www.uni.lu\/de\/#website\",\"url\":\"https:\/\/www.uni.lu\/de\/\",\"name\":\"Uni.lu\",\"description\":\"Universit\u00e4t Luxemburg\",\"publisher\":{\"@id\":\"https:\/\/www.uni.lu\/de\/#organization\"},\"alternateName\":\"Universit\u00e4t Luxemburg\",\"potentialAction\":[{\"@type\":\"SearchAction\",\"target\":{\"@type\":\"EntryPoint\",\"urlTemplate\":\"https:\/\/www.uni.lu\/de\/?s={search_term_string}\"},\"query-input\":\"required name=search_term_string\"}],\"inLanguage\":\"de-DE\"},{\"@type\":\"Organization\",\"@id\":\"https:\/\/www.uni.lu\/de\/#organization\",\"name\":\"Universit\u00e4t Luxemburg\",\"alternateName\":\"Uni.lu\",\"url\":\"https:\/\/www.uni.lu\/de\/\",\"logo\":{\"@type\":\"ImageObject\",\"inLanguage\":\"de-DE\",\"@id\":\"https:\/\/www.uni.lu\/de\/#\/schema\/logo\/image\/\",\"url\":\"https:\/\/www.uni.lu\/wp-content\/uploads\/sites\/10\/2026\/03\/03120000\/UNIV_SM-Profile_1600x1600px-scaled.jpg\",\"contentUrl\":\"https:\/\/www.uni.lu\/wp-content\/uploads\/sites\/10\/2026\/03\/03120000\/UNIV_SM-Profile_1600x1600px-scaled.jpg\",\"width\":2560,\"height\":2560,\"caption\":\"Universit\u00e4t Luxemburg\"},\"image\":\"https:\/\/www.uni.lu\/wp-content\/uploads\/sites\/10\/2026\/04\/24144329\/20200609-Belval-Campus_Henri-Goergen-23.jpg\",\"sameAs\":[\"https:\/\/www.facebook.com\/uni.lu\",\"https:\/\/www.linkedin.com\/school\/university-of-luxembourg\/\",\"https:\/\/www.instagram.com\/uni.lu\",\"https:\/\/www.youtube.com\/@uni_lu\",\"https:\/\/en.wikipedia.org\/wiki\/University_of_Luxembourg\"],\"email\":\"communication@uni.lu\",\"telephone\":\"+3524666441\",\"address\":{\"@type\":\"PostalAddress\",\"streetAddress\":\"2, place de l\u2019Universit\u00e9\",\"addressLocality\":\"Esch-sur-Alzette\",\"postalCode\":\"4365\",\"addressCountry\":\"LU\"},\"description\":\"Universit\u00e4t Luxemburg\"}]}<\/script>\n<!-- \/ Yoast SEO Premium plugin. -->","yoast_head_json":{"title":"Rektor Prof. Pallage strebt keine zweite Amtszeit an - Universit\u00e4t Luxemburg","description":"Der Aufsichtsrat der Universit\u00e4t Luxemburg hat die Entscheidung von Rektor St\u00e9phane Pallage\u00a0zur Kenntnis genommen, keine zweite Amtszeit als Rektor der Universit\u00e4t Luxemburg anzustreben. Prof. Pallage berief sich darauf, dass die COVID-19-Pandemie die Umst\u00e4nde f\u00fcr seine Familie sehr erschwert haben, wof\u00fcr der Aufsichtsrat sein volles Verst\u00e4ndnis zum Ausdruck bringt.","robots":{"index":"index","follow":"follow","max-snippet":"max-snippet:-1","max-image-preview":"max-image-preview:large","max-video-preview":"max-video-preview:-1"},"canonical":"https:\/\/www.uni.lu\/de\/news\/","og_locale":"de_DE","og_type":"article","og_title":"Rektor Prof. Pallage strebt keine zweite Amtszeit an","og_description":"Der Aufsichtsrat der Universit\u00e4t Luxemburg hat die Entscheidung von Rektor St\u00e9phane Pallage\u00a0zur Kenntnis genommen, keine zweite Amtszeit als Rektor der Universit\u00e4t Luxemburg anzustreben. Prof. Pallage berief sich darauf, dass die COVID-19-Pandemie die Umst\u00e4nde f\u00fcr seine Familie sehr erschwert haben, wof\u00fcr der Aufsichtsrat sein volles Verst\u00e4ndnis zum Ausdruck bringt.","og_url":"https:\/\/www.uni.lu\/de\/news\/","og_site_name":"UNI DE","article_publisher":"https:\/\/www.facebook.com\/uni.lu","og_image":[{"width":800,"height":600,"url":"https:\/\/www.uni.lu\/wp-content\/uploads\/sites\/10\/2021\/09\/rektor_prof_pallage_strebt_keine_zweite_amtszeit_an.jpg","type":"image\/jpeg"}],"twitter_card":"summary_large_image","schema":{"@context":"https:\/\/schema.org","@graph":[{"@type":"NewsArticle","@id":"https:\/\/www.uni.lu\/de\/news\/#article","isPartOf":{"@id":"https:\/\/www.uni.lu\/de\/news\/"},"author":{"name":"","@id":""},"headline":"Rektor Prof. Pallage strebt keine zweite Amtszeit an","datePublished":"2021-09-21T08:46:38+00:00","dateModified":"2021-09-21T08:46:38+00:00","mainEntityOfPage":{"@id":"https:\/\/www.uni.lu\/de\/news\/"},"wordCount":107,"publisher":{"@id":"https:\/\/www.uni.lu\/de\/#organization"},"image":{"@id":"https:\/\/www.uni.lu\/de\/news\/#primaryimage"},"thumbnailUrl":"https:\/\/www.uni.lu\/wp-content\/uploads\/sites\/10\/2021\/09\/rektor_prof_pallage_strebt_keine_zweite_amtszeit_an.jpg","inLanguage":"de-DE"},{"@type":"WebPage","@id":"https:\/\/www.uni.lu\/de\/news\/","url":"https:\/\/www.uni.lu\/de\/news\/","name":"Rektor Prof. Pallage strebt keine zweite Amtszeit an - Universit\u00e4t Luxemburg","isPartOf":{"@id":"https:\/\/www.uni.lu\/de\/#website"},"primaryImageOfPage":{"@id":"https:\/\/www.uni.lu\/de\/news\/#primaryimage"},"image":{"@id":"https:\/\/www.uni.lu\/de\/news\/#primaryimage"},"thumbnailUrl":"https:\/\/www.uni.lu\/wp-content\/uploads\/sites\/10\/2021\/09\/rektor_prof_pallage_strebt_keine_zweite_amtszeit_an.jpg","datePublished":"2021-09-21T08:46:38+00:00","dateModified":"2021-09-21T08:46:38+00:00","description":"Der Aufsichtsrat der Universit\u00e4t Luxemburg hat die Entscheidung von Rektor St\u00e9phane Pallage\u00a0zur Kenntnis genommen, keine zweite Amtszeit als Rektor der Universit\u00e4t Luxemburg anzustreben. Prof. Pallage berief sich darauf, dass die COVID-19-Pandemie die Umst\u00e4nde f\u00fcr seine Familie sehr erschwert haben, wof\u00fcr der Aufsichtsrat sein volles Verst\u00e4ndnis zum Ausdruck bringt.","breadcrumb":{"@id":"https:\/\/www.uni.lu\/de\/news\/#breadcrumb"},"inLanguage":"de-DE","potentialAction":[{"@type":"ReadAction","target":["https:\/\/www.uni.lu\/de\/news\/"]}]},{"@type":"ImageObject","inLanguage":"de-DE","@id":"https:\/\/www.uni.lu\/de\/news\/#primaryimage","url":"https:\/\/www.uni.lu\/wp-content\/uploads\/sites\/10\/2021\/09\/rektor_prof_pallage_strebt_keine_zweite_amtszeit_an.jpg","contentUrl":"https:\/\/www.uni.lu\/wp-content\/uploads\/sites\/10\/2021\/09\/rektor_prof_pallage_strebt_keine_zweite_amtszeit_an.jpg","width":800,"height":600},{"@type":"BreadcrumbList","@id":"https:\/\/www.uni.lu\/de\/news\/#breadcrumb","itemListElement":[{"@type":"ListItem","position":1,"name":"Home","item":"https:\/\/www.uni.lu\/de\/"},{"@type":"ListItem","position":2,"name":"News","item":"https:\/\/www.uni.lu\/de\/news\/"},{"@type":"ListItem","position":3,"name":"Rektor Prof. Pallage strebt keine zweite Amtszeit an"}]},{"@type":"WebSite","@id":"https:\/\/www.uni.lu\/de\/#website","url":"https:\/\/www.uni.lu\/de\/","name":"Uni.lu","description":"Universit\u00e4t Luxemburg","publisher":{"@id":"https:\/\/www.uni.lu\/de\/#organization"},"alternateName":"Universit\u00e4t Luxemburg","potentialAction":[{"@type":"SearchAction","target":{"@type":"EntryPoint","urlTemplate":"https:\/\/www.uni.lu\/de\/?s={search_term_string}"},"query-input":"required name=search_term_string"}],"inLanguage":"de-DE"},{"@type":"Organization","@id":"https:\/\/www.uni.lu\/de\/#organization","name":"Universit\u00e4t Luxemburg","alternateName":"Uni.lu","url":"https:\/\/www.uni.lu\/de\/","logo":{"@type":"ImageObject","inLanguage":"de-DE","@id":"https:\/\/www.uni.lu\/de\/#\/schema\/logo\/image\/","url":"https:\/\/www.uni.lu\/wp-content\/uploads\/sites\/10\/2026\/03\/03120000\/UNIV_SM-Profile_1600x1600px-scaled.jpg","contentUrl":"https:\/\/www.uni.lu\/wp-content\/uploads\/sites\/10\/2026\/03\/03120000\/UNIV_SM-Profile_1600x1600px-scaled.jpg","width":2560,"height":2560,"caption":"Universit\u00e4t Luxemburg"},"image":"https:\/\/www.uni.lu\/wp-content\/uploads\/sites\/10\/2026\/04\/24144329\/20200609-Belval-Campus_Henri-Goergen-23.jpg","sameAs":["https:\/\/www.facebook.com\/uni.lu","https:\/\/www.linkedin.com\/school\/university-of-luxembourg\/","https:\/\/www.instagram.com\/uni.lu","https:\/\/www.youtube.com\/@uni_lu","https:\/\/en.wikipedia.org\/wiki\/University_of_Luxembourg"],"email":"communication@uni.lu","telephone":"+3524666441","address":{"@type":"PostalAddress","streetAddress":"2, place de l\u2019Universit\u00e9","addressLocality":"Esch-sur-Alzette","postalCode":"4365","addressCountry":"LU"},"description":"Universit\u00e4t Luxemburg"}]}},"blog_id":10,"_links":{"self":[{"href":"https:\/\/www.uni.lu\/de\/wp-json\/wp\/v2\/news\/835"}],"collection":[{"href":"https:\/\/www.uni.lu\/de\/wp-json\/wp\/v2\/news"}],"about":[{"href":"https:\/\/www.uni.lu\/de\/wp-json\/wp\/v2\/types\/news"}],"version-history":[{"count":0,"href":"https:\/\/www.uni.lu\/de\/wp-json\/wp\/v2\/news\/835\/revisions"}],"wp:featuredmedia":[{"embeddable":true,"href":"https:\/\/www.uni.lu\/de\/wp-json\/wp\/v2\/media\/836"}],"wp:attachment":[{"href":"https:\/\/www.uni.lu\/de\/wp-json\/wp\/v2\/media?parent=835"}],"wp:term":[{"taxonomy":"news-category","embeddable":true,"href":"https:\/\/www.uni.lu\/de\/wp-json\/wp\/v2\/news-category?post=835"},{"taxonomy":"news-topic","embeddable":true,"href":"https:\/\/www.uni.lu\/de\/wp-json\/wp\/v2\/news-topic?post=835"},{"taxonomy":"organisation","embeddable":true,"href":"https:\/\/www.uni.lu\/de\/wp-json\/wp\/v2\/organisation?post=835"}],"curies":[{"name":"wp","href":"https:\/\/api.w.org\/{rel}","templated":true}]}}