{"id":8300,"date":"2025-12-22T08:22:50","date_gmt":"2025-12-22T07:22:50","guid":{"rendered":"https:\/\/www.uni.lu\/de\/?post_type=news&#038;p=8300"},"modified":"2025-12-22T08:22:51","modified_gmt":"2025-12-22T07:22:51","slug":"weihnachts-burnout-wenn-die-festtage-eltern-erschoepfen","status":"publish","type":"news","link":"https:\/\/www.uni.lu\/de\/news\/weihnachts-burnout-wenn-die-festtage-eltern-erschoepfen\/","title":{"rendered":"Weihnachts-Burnout: Wenn die Festtage Eltern ersch\u00f6pfen"},"content":{"rendered":"\n<section class=\"wp-block-unilux-blocks-free-section section\"><div class=\"container xl:max-w-screen-xl\">\n<p><strong>Hinter den Dekorationen und fr\u00f6hlichen Gesichtern erleben viele Eltern die Weihnachtszeit unter gro\u00dfem Druck. Aktuelle Forschungsergebnisse zeigen, wie Weihnachtsstress zu einem Burnout bei Eltern f\u00fchren kann \u2013 und wie man dies verhindern kann.<\/strong>&nbsp;<\/p>\n\n\n\n<p>Der Beginn des Dezembers, der erste Advent, der erste Weihnachtsbaum oder der erste Schluck Gl\u00fchwein signalisieren das Ende des Jahres. Ersch\u00f6pft von den vergangenen Monaten und den immer k\u00fcrzer werdenden Tagen beginnen wir den Countdown bis zu den lang ersehnten Weihnachtsferien.&nbsp;<\/p>\n\n\n\n<p>Je n\u00e4her der 24. Dezember r\u00fcckt, desto mehr verbirgt sich hinter diesem fr\u00f6hlichen Bild der Weihnachtszeit. Stress macht sich breit, wenn wir auf der Suche nach dem perfekten Geschenk durch Gesch\u00e4fte und E-Commerce-Websites hetzen, ganze Abende damit verbringen, Men\u00fcs, Dekorationen und \u00fcberf\u00fcllte Terminkalender zu planen \u2013 lange bevor die Feiertage \u00fcberhaupt beginnen.&nbsp;&nbsp;<\/p>\n\n\n\n<p>Eine Studie, die von Forschern der Universit\u00e4t Luxemburg unter 300 Eltern in Gro\u00dfbritannien durchgef\u00fchrt wurde, untersuchte dieses als \u201eWeihnachts-Burnout\u201d bekannte Ph\u00e4nomen.\u00a0<\/p>\n\n\n\n<ul class=\"wp-block-unilux-blocks-button-list-v2\">\n<li class=\"wp-block-unilux-blocks-button-list-item-v2\"><a class=\"quick-link\" href=\"https:\/\/www.uni.lu\/en\/news\/christmas-burnout-when-the-festive-season-exhausts-parents\/\" target=\"\" role=\"link\" rel=\"noopener\" tabindex=\"0\"><span class=\"quick-link__container\">\n<div class=\"wp-block-unilux-blocks-block-inserter quick-link__img\">\n<div class=\"icon--primary icon--secondary-2 icon--lg wp-block-unilux-blocks-icon-picker\">\n    <svg aria-hidden=\"true\" focusable=\"false\" class=\"icon icon-outline icon--news \"><use xlink:href=\"https:\/\/www.uni.lu\/wp-content\/themes\/unilux-theme\/assets\/images\/icons\/icons-outline.svg#icon--news\"><\/use><\/svg><\/div><\/div>\n\n\n\n<span class=\"quick-link__name wp-block-unilux-blocks-plain-text\">Lesen Sie den Beitrag auf Englisch weiter<\/span>\n\n<svg aria-hidden=\"true\" focusable=\"false\" class=\"icon icon-outline icon--arrow-right \"><use xlink:href=\"https:\/\/www.uni.lu\/wp-content\/themes\/unilux-theme\/assets\/images\/icons\/icons-outline.svg#icon--arrow-right\"><\/use><\/svg><\/span><\/a><\/li>\n<\/ul>\n<\/div><\/section>\n\n\n<section class=\"section section wp-block-unilux-blocks-quick-link-discover-section py-0\">\n    <div class=\"container xl:max-w-screen-xl\">\n        \n<h2 class=\"has-text-align-left wp-block-unilux-blocks-heading\"        id=\"entdecken-sie-auch\"\n    >\nEntdecken Sie auch&#8230;<\/h2>\n\n<ul class=\"wp-block-unilux-blocks-quick-link-discover quick-link-list\">\n<li class=\"wp-block-unilux-blocks-quick-link-discover-item\">\n    <a\n                    href=\"https:\/\/www.uni.lu\/fhse-en\/research-departments\/department-of-behavioural-and-cognitive-sciences\/\"\n                    class=\"quick-link\"\n            target=\"\"\n    >\n            <span class=\"quick-link__container\">\n                <span class=\"quick-link__text\">\n                    Department of Behavioural and Cognitive Sciences                <\/span>\n                <svg aria-hidden=\"true\" focusable=\"false\" class=\"icon icon-outline icon--arrow-right \"><use xlink:href=\"https:\/\/www.uni.lu\/wp-content\/themes\/unilux-theme\/assets\/images\/icons\/icons-outline.svg#icon--arrow-right\"><\/use><\/svg>            <\/span>\n    <\/a>\n<\/li>\n<\/ul>\n    <\/div>\n<\/section>","protected":false},"excerpt":{"rendered":"","protected":false},"author":341,"featured_media":8303,"template":"","format":"standard","meta":{"featured_image_focal_point":[],"show_featured_caption":false,"ulux_newsletter_groups":"","uluxPostTitle":"","uluxPrePostTitle":"","_trash_the_other_posts":false,"_price":"","_stock":"","_tribe_ticket_header":"","_tribe_default_ticket_provider":"","_tribe_ticket_capacity":"0","_ticket_start_date":"","_ticket_end_date":"","_tribe_ticket_show_description":"","_tribe_ticket_show_not_going":false,"_tribe_ticket_use_global_stock":"","_tribe_ticket_global_stock_level":"","_global_stock_mode":"","_global_stock_cap":"","_tribe_rsvp_for_event":"","_tribe_ticket_going_count":"","_tribe_ticket_not_going_count":"","_tribe_tickets_list":"[]","_tribe_ticket_has_attendee_info_fields":false},"news-category":[4],"news-topic":[22],"organisation":[147],"authorship":[341],"acf":[],"yoast_head":"<!-- This site is optimized with the Yoast SEO Premium plugin v22.3 (Yoast SEO v22.3) - https:\/\/yoast.com\/wordpress\/plugins\/seo\/ -->\n<title>Weihnachts-Burnout: Wenn die Festtage Eltern ersch\u00f6pfen - Universit\u00e4t Luxemburg<\/title>\n<meta name=\"description\" content=\"Hinter den Dekorationen und fr\u00f6hlichen Gesichtern erleben viele Eltern die Weihnachtszeit unter gro\u00dfem Druck. Aktuelle Forschungsergebnisse zeigen, wie\" \/>\n<meta name=\"robots\" content=\"index, follow, max-snippet:-1, max-image-preview:large, max-video-preview:-1\" \/>\n<link rel=\"canonical\" href=\"https:\/\/www.uni.lu\/de\/news\/weihnachts-burnout-wenn-die-festtage-eltern-erschoepfen\/\" \/>\n<meta property=\"og:locale\" content=\"de_DE\" \/>\n<meta property=\"og:type\" content=\"article\" \/>\n<meta property=\"og:title\" content=\"Weihnachts-Burnout: Wenn die Festtage Eltern ersch\u00f6pfen\" \/>\n<meta property=\"og:description\" content=\"Hinter den Dekorationen und fr\u00f6hlichen Gesichtern erleben viele Eltern die Weihnachtszeit unter gro\u00dfem Druck. Aktuelle Forschungsergebnisse zeigen, wie\" \/>\n<meta property=\"og:url\" content=\"https:\/\/www.uni.lu\/de\/news\/weihnachts-burnout-wenn-die-festtage-eltern-erschoepfen\/\" \/>\n<meta property=\"og:site_name\" content=\"UNI DE\" \/>\n<meta property=\"article:publisher\" content=\"https:\/\/www.facebook.com\/uni.lu\" \/>\n<meta property=\"article:modified_time\" content=\"2025-12-22T07:22:51+00:00\" \/>\n<meta property=\"og:image\" content=\"https:\/\/www.uni.lu\/wp-content\/uploads\/sites\/10\/2025\/12\/22082205\/iStock-2247766096-scaled.jpg\" \/>\n\t<meta property=\"og:image:width\" content=\"2560\" \/>\n\t<meta property=\"og:image:height\" content=\"1350\" \/>\n\t<meta property=\"og:image:type\" content=\"image\/jpeg\" \/>\n<meta name=\"twitter:card\" content=\"summary_large_image\" \/>\n<meta name=\"twitter:label1\" content=\"Gesch\u00e4tzte Lesezeit\" \/>\n\t<meta name=\"twitter:data1\" content=\"2 Minuten\" \/>\n<script type=\"application\/ld+json\" class=\"yoast-schema-graph\">{\"@context\":\"https:\/\/schema.org\",\"@graph\":[{\"@type\":\"NewsArticle\",\"@id\":\"https:\/\/www.uni.lu\/de\/news\/weihnachts-burnout-wenn-die-festtage-eltern-erschoepfen\/#article\",\"isPartOf\":{\"@id\":\"https:\/\/www.uni.lu\/de\/news\/weihnachts-burnout-wenn-die-festtage-eltern-erschoepfen\/\"},\"author\":{\"name\":\"Catherine Clesse\",\"@id\":\"https:\/\/www.uni.lu\/de\/#\/schema\/person\/67d3defa53981502bf9cddb74a850c08\"},\"headline\":\"Weihnachts-Burnout: Wenn die Festtage Eltern ersch\u00f6pfen\",\"datePublished\":\"2025-12-22T07:22:50+00:00\",\"dateModified\":\"2025-12-22T07:22:51+00:00\",\"mainEntityOfPage\":{\"@id\":\"https:\/\/www.uni.lu\/de\/news\/weihnachts-burnout-wenn-die-festtage-eltern-erschoepfen\/\"},\"wordCount\":170,\"publisher\":{\"@id\":\"https:\/\/www.uni.lu\/de\/#organization\"},\"image\":{\"@id\":\"https:\/\/www.uni.lu\/de\/news\/weihnachts-burnout-wenn-die-festtage-eltern-erschoepfen\/#primaryimage\"},\"thumbnailUrl\":\"https:\/\/www.uni.lu\/wp-content\/uploads\/sites\/10\/2025\/12\/22082205\/iStock-2247766096-scaled.jpg\",\"inLanguage\":\"de-DE\"},{\"@type\":\"WebPage\",\"@id\":\"https:\/\/www.uni.lu\/de\/news\/weihnachts-burnout-wenn-die-festtage-eltern-erschoepfen\/\",\"url\":\"https:\/\/www.uni.lu\/de\/news\/weihnachts-burnout-wenn-die-festtage-eltern-erschoepfen\/\",\"name\":\"Weihnachts-Burnout: Wenn die Festtage Eltern ersch\u00f6pfen - Universit\u00e4t Luxemburg\",\"isPartOf\":{\"@id\":\"https:\/\/www.uni.lu\/de\/#website\"},\"primaryImageOfPage\":{\"@id\":\"https:\/\/www.uni.lu\/de\/news\/weihnachts-burnout-wenn-die-festtage-eltern-erschoepfen\/#primaryimage\"},\"image\":{\"@id\":\"https:\/\/www.uni.lu\/de\/news\/weihnachts-burnout-wenn-die-festtage-eltern-erschoepfen\/#primaryimage\"},\"thumbnailUrl\":\"https:\/\/www.uni.lu\/wp-content\/uploads\/sites\/10\/2025\/12\/22082205\/iStock-2247766096-scaled.jpg\",\"datePublished\":\"2025-12-22T07:22:50+00:00\",\"dateModified\":\"2025-12-22T07:22:51+00:00\",\"description\":\"Hinter den Dekorationen und fr\u00f6hlichen Gesichtern erleben viele Eltern die Weihnachtszeit unter gro\u00dfem Druck. Aktuelle Forschungsergebnisse zeigen, wie\",\"breadcrumb\":{\"@id\":\"https:\/\/www.uni.lu\/de\/news\/weihnachts-burnout-wenn-die-festtage-eltern-erschoepfen\/#breadcrumb\"},\"inLanguage\":\"de-DE\",\"potentialAction\":[{\"@type\":\"ReadAction\",\"target\":[\"https:\/\/www.uni.lu\/de\/news\/weihnachts-burnout-wenn-die-festtage-eltern-erschoepfen\/\"]}]},{\"@type\":\"ImageObject\",\"inLanguage\":\"de-DE\",\"@id\":\"https:\/\/www.uni.lu\/de\/news\/weihnachts-burnout-wenn-die-festtage-eltern-erschoepfen\/#primaryimage\",\"url\":\"https:\/\/www.uni.lu\/wp-content\/uploads\/sites\/10\/2025\/12\/22082205\/iStock-2247766096-scaled.jpg\",\"contentUrl\":\"https:\/\/www.uni.lu\/wp-content\/uploads\/sites\/10\/2025\/12\/22082205\/iStock-2247766096-scaled.jpg\",\"width\":2560,\"height\":1350,\"caption\":\"Christmas, home and couple with stress, tired and exhausted with burnout, speed and headache. Xmas, man and woman on couch, tradition and tension with pressure, festive season and relationship\"},{\"@type\":\"BreadcrumbList\",\"@id\":\"https:\/\/www.uni.lu\/de\/news\/weihnachts-burnout-wenn-die-festtage-eltern-erschoepfen\/#breadcrumb\",\"itemListElement\":[{\"@type\":\"ListItem\",\"position\":1,\"name\":\"Home\",\"item\":\"https:\/\/www.uni.lu\/de\/\"},{\"@type\":\"ListItem\",\"position\":2,\"name\":\"News\",\"item\":\"https:\/\/www.uni.lu\/de\/news\/\"},{\"@type\":\"ListItem\",\"position\":3,\"name\":\"Weihnachts-Burnout: Wenn die Festtage Eltern ersch\u00f6pfen\"}]},{\"@type\":\"WebSite\",\"@id\":\"https:\/\/www.uni.lu\/de\/#website\",\"url\":\"https:\/\/www.uni.lu\/de\/\",\"name\":\"Uni.lu\",\"description\":\"Universit\u00e4t Luxemburg\",\"publisher\":{\"@id\":\"https:\/\/www.uni.lu\/de\/#organization\"},\"alternateName\":\"Universit\u00e4t Luxemburg\",\"potentialAction\":[{\"@type\":\"SearchAction\",\"target\":{\"@type\":\"EntryPoint\",\"urlTemplate\":\"https:\/\/www.uni.lu\/de\/?s={search_term_string}\"},\"query-input\":\"required name=search_term_string\"}],\"inLanguage\":\"de-DE\"},{\"@type\":\"Organization\",\"@id\":\"https:\/\/www.uni.lu\/de\/#organization\",\"name\":\"Universit\u00e4t Luxemburg\",\"alternateName\":\"Uni.lu\",\"url\":\"https:\/\/www.uni.lu\/de\/\",\"logo\":{\"@type\":\"ImageObject\",\"inLanguage\":\"de-DE\",\"@id\":\"https:\/\/www.uni.lu\/de\/#\/schema\/logo\/image\/\",\"url\":\"https:\/\/www.uni.lu\/wp-content\/uploads\/sites\/10\/2026\/03\/03120000\/UNIV_SM-Profile_1600x1600px-scaled.jpg\",\"contentUrl\":\"https:\/\/www.uni.lu\/wp-content\/uploads\/sites\/10\/2026\/03\/03120000\/UNIV_SM-Profile_1600x1600px-scaled.jpg\",\"width\":2560,\"height\":2560,\"caption\":\"Universit\u00e4t Luxemburg\"},\"image\":\"https:\/\/www.uni.lu\/wp-content\/uploads\/sites\/10\/2026\/04\/24144329\/20200609-Belval-Campus_Henri-Goergen-23.jpg\",\"sameAs\":[\"https:\/\/www.facebook.com\/uni.lu\",\"https:\/\/www.linkedin.com\/school\/university-of-luxembourg\/\",\"https:\/\/www.instagram.com\/uni.lu\",\"https:\/\/www.youtube.com\/@uni_lu\",\"https:\/\/en.wikipedia.org\/wiki\/University_of_Luxembourg\"],\"email\":\"communication@uni.lu\",\"telephone\":\"+3524666441\",\"address\":{\"@type\":\"PostalAddress\",\"streetAddress\":\"2, place de l\u2019Universit\u00e9\",\"addressLocality\":\"Esch-sur-Alzette\",\"postalCode\":\"4365\",\"addressCountry\":\"LU\"},\"description\":\"Universit\u00e4t Luxemburg\"},{\"@type\":\"Person\",\"@id\":\"https:\/\/www.uni.lu\/de\/#\/schema\/person\/67d3defa53981502bf9cddb74a850c08\",\"name\":\"Catherine Clesse\",\"image\":{\"@type\":\"ImageObject\",\"inLanguage\":\"de-DE\",\"@id\":\"https:\/\/www.uni.lu\/de\/#\/schema\/person\/image\/\",\"url\":\"https:\/\/secure.gravatar.com\/avatar\/6a2e15a24f9036a6aee8753304e46c2d?s=96&d=mm&r=g\",\"contentUrl\":\"https:\/\/secure.gravatar.com\/avatar\/6a2e15a24f9036a6aee8753304e46c2d?s=96&d=mm&r=g\",\"caption\":\"Catherine Clesse\"}}]}<\/script>\n<!-- \/ Yoast SEO Premium plugin. -->","yoast_head_json":{"title":"Weihnachts-Burnout: Wenn die Festtage Eltern ersch\u00f6pfen - Universit\u00e4t Luxemburg","description":"Hinter den Dekorationen und fr\u00f6hlichen Gesichtern erleben viele Eltern die Weihnachtszeit unter gro\u00dfem Druck. Aktuelle Forschungsergebnisse zeigen, wie","robots":{"index":"index","follow":"follow","max-snippet":"max-snippet:-1","max-image-preview":"max-image-preview:large","max-video-preview":"max-video-preview:-1"},"canonical":"https:\/\/www.uni.lu\/de\/news\/weihnachts-burnout-wenn-die-festtage-eltern-erschoepfen\/","og_locale":"de_DE","og_type":"article","og_title":"Weihnachts-Burnout: Wenn die Festtage Eltern ersch\u00f6pfen","og_description":"Hinter den Dekorationen und fr\u00f6hlichen Gesichtern erleben viele Eltern die Weihnachtszeit unter gro\u00dfem Druck. Aktuelle Forschungsergebnisse zeigen, wie","og_url":"https:\/\/www.uni.lu\/de\/news\/weihnachts-burnout-wenn-die-festtage-eltern-erschoepfen\/","og_site_name":"UNI DE","article_publisher":"https:\/\/www.facebook.com\/uni.lu","article_modified_time":"2025-12-22T07:22:51+00:00","og_image":[{"width":2560,"height":1350,"url":"https:\/\/www.uni.lu\/wp-content\/uploads\/sites\/10\/2025\/12\/22082205\/iStock-2247766096-scaled.jpg","type":"image\/jpeg"}],"twitter_card":"summary_large_image","twitter_misc":{"Gesch\u00e4tzte Lesezeit":"2 Minuten"},"schema":{"@context":"https:\/\/schema.org","@graph":[{"@type":"NewsArticle","@id":"https:\/\/www.uni.lu\/de\/news\/weihnachts-burnout-wenn-die-festtage-eltern-erschoepfen\/#article","isPartOf":{"@id":"https:\/\/www.uni.lu\/de\/news\/weihnachts-burnout-wenn-die-festtage-eltern-erschoepfen\/"},"author":{"name":"Catherine Clesse","@id":"https:\/\/www.uni.lu\/de\/#\/schema\/person\/67d3defa53981502bf9cddb74a850c08"},"headline":"Weihnachts-Burnout: Wenn die Festtage Eltern ersch\u00f6pfen","datePublished":"2025-12-22T07:22:50+00:00","dateModified":"2025-12-22T07:22:51+00:00","mainEntityOfPage":{"@id":"https:\/\/www.uni.lu\/de\/news\/weihnachts-burnout-wenn-die-festtage-eltern-erschoepfen\/"},"wordCount":170,"publisher":{"@id":"https:\/\/www.uni.lu\/de\/#organization"},"image":{"@id":"https:\/\/www.uni.lu\/de\/news\/weihnachts-burnout-wenn-die-festtage-eltern-erschoepfen\/#primaryimage"},"thumbnailUrl":"https:\/\/www.uni.lu\/wp-content\/uploads\/sites\/10\/2025\/12\/22082205\/iStock-2247766096-scaled.jpg","inLanguage":"de-DE"},{"@type":"WebPage","@id":"https:\/\/www.uni.lu\/de\/news\/weihnachts-burnout-wenn-die-festtage-eltern-erschoepfen\/","url":"https:\/\/www.uni.lu\/de\/news\/weihnachts-burnout-wenn-die-festtage-eltern-erschoepfen\/","name":"Weihnachts-Burnout: Wenn die Festtage Eltern ersch\u00f6pfen - Universit\u00e4t Luxemburg","isPartOf":{"@id":"https:\/\/www.uni.lu\/de\/#website"},"primaryImageOfPage":{"@id":"https:\/\/www.uni.lu\/de\/news\/weihnachts-burnout-wenn-die-festtage-eltern-erschoepfen\/#primaryimage"},"image":{"@id":"https:\/\/www.uni.lu\/de\/news\/weihnachts-burnout-wenn-die-festtage-eltern-erschoepfen\/#primaryimage"},"thumbnailUrl":"https:\/\/www.uni.lu\/wp-content\/uploads\/sites\/10\/2025\/12\/22082205\/iStock-2247766096-scaled.jpg","datePublished":"2025-12-22T07:22:50+00:00","dateModified":"2025-12-22T07:22:51+00:00","description":"Hinter den Dekorationen und fr\u00f6hlichen Gesichtern erleben viele Eltern die Weihnachtszeit unter gro\u00dfem Druck. Aktuelle Forschungsergebnisse zeigen, wie","breadcrumb":{"@id":"https:\/\/www.uni.lu\/de\/news\/weihnachts-burnout-wenn-die-festtage-eltern-erschoepfen\/#breadcrumb"},"inLanguage":"de-DE","potentialAction":[{"@type":"ReadAction","target":["https:\/\/www.uni.lu\/de\/news\/weihnachts-burnout-wenn-die-festtage-eltern-erschoepfen\/"]}]},{"@type":"ImageObject","inLanguage":"de-DE","@id":"https:\/\/www.uni.lu\/de\/news\/weihnachts-burnout-wenn-die-festtage-eltern-erschoepfen\/#primaryimage","url":"https:\/\/www.uni.lu\/wp-content\/uploads\/sites\/10\/2025\/12\/22082205\/iStock-2247766096-scaled.jpg","contentUrl":"https:\/\/www.uni.lu\/wp-content\/uploads\/sites\/10\/2025\/12\/22082205\/iStock-2247766096-scaled.jpg","width":2560,"height":1350,"caption":"Christmas, home and couple with stress, tired and exhausted with burnout, speed and headache. Xmas, man and woman on couch, tradition and tension with pressure, festive season and relationship"},{"@type":"BreadcrumbList","@id":"https:\/\/www.uni.lu\/de\/news\/weihnachts-burnout-wenn-die-festtage-eltern-erschoepfen\/#breadcrumb","itemListElement":[{"@type":"ListItem","position":1,"name":"Home","item":"https:\/\/www.uni.lu\/de\/"},{"@type":"ListItem","position":2,"name":"News","item":"https:\/\/www.uni.lu\/de\/news\/"},{"@type":"ListItem","position":3,"name":"Weihnachts-Burnout: Wenn die Festtage Eltern ersch\u00f6pfen"}]},{"@type":"WebSite","@id":"https:\/\/www.uni.lu\/de\/#website","url":"https:\/\/www.uni.lu\/de\/","name":"Uni.lu","description":"Universit\u00e4t Luxemburg","publisher":{"@id":"https:\/\/www.uni.lu\/de\/#organization"},"alternateName":"Universit\u00e4t Luxemburg","potentialAction":[{"@type":"SearchAction","target":{"@type":"EntryPoint","urlTemplate":"https:\/\/www.uni.lu\/de\/?s={search_term_string}"},"query-input":"required name=search_term_string"}],"inLanguage":"de-DE"},{"@type":"Organization","@id":"https:\/\/www.uni.lu\/de\/#organization","name":"Universit\u00e4t Luxemburg","alternateName":"Uni.lu","url":"https:\/\/www.uni.lu\/de\/","logo":{"@type":"ImageObject","inLanguage":"de-DE","@id":"https:\/\/www.uni.lu\/de\/#\/schema\/logo\/image\/","url":"https:\/\/www.uni.lu\/wp-content\/uploads\/sites\/10\/2026\/03\/03120000\/UNIV_SM-Profile_1600x1600px-scaled.jpg","contentUrl":"https:\/\/www.uni.lu\/wp-content\/uploads\/sites\/10\/2026\/03\/03120000\/UNIV_SM-Profile_1600x1600px-scaled.jpg","width":2560,"height":2560,"caption":"Universit\u00e4t Luxemburg"},"image":"https:\/\/www.uni.lu\/wp-content\/uploads\/sites\/10\/2026\/04\/24144329\/20200609-Belval-Campus_Henri-Goergen-23.jpg","sameAs":["https:\/\/www.facebook.com\/uni.lu","https:\/\/www.linkedin.com\/school\/university-of-luxembourg\/","https:\/\/www.instagram.com\/uni.lu","https:\/\/www.youtube.com\/@uni_lu","https:\/\/en.wikipedia.org\/wiki\/University_of_Luxembourg"],"email":"communication@uni.lu","telephone":"+3524666441","address":{"@type":"PostalAddress","streetAddress":"2, place de l\u2019Universit\u00e9","addressLocality":"Esch-sur-Alzette","postalCode":"4365","addressCountry":"LU"},"description":"Universit\u00e4t Luxemburg"},{"@type":"Person","@id":"https:\/\/www.uni.lu\/de\/#\/schema\/person\/67d3defa53981502bf9cddb74a850c08","name":"Catherine Clesse","image":{"@type":"ImageObject","inLanguage":"de-DE","@id":"https:\/\/www.uni.lu\/de\/#\/schema\/person\/image\/","url":"https:\/\/secure.gravatar.com\/avatar\/6a2e15a24f9036a6aee8753304e46c2d?s=96&d=mm&r=g","contentUrl":"https:\/\/secure.gravatar.com\/avatar\/6a2e15a24f9036a6aee8753304e46c2d?s=96&d=mm&r=g","caption":"Catherine Clesse"}}]}},"blog_id":10,"_links":{"self":[{"href":"https:\/\/www.uni.lu\/de\/wp-json\/wp\/v2\/news\/8300"}],"collection":[{"href":"https:\/\/www.uni.lu\/de\/wp-json\/wp\/v2\/news"}],"about":[{"href":"https:\/\/www.uni.lu\/de\/wp-json\/wp\/v2\/types\/news"}],"author":[{"embeddable":true,"href":"https:\/\/www.uni.lu\/de\/wp-json\/wp\/v2\/users\/341"}],"version-history":[{"count":2,"href":"https:\/\/www.uni.lu\/de\/wp-json\/wp\/v2\/news\/8300\/revisions"}],"predecessor-version":[{"id":8304,"href":"https:\/\/www.uni.lu\/de\/wp-json\/wp\/v2\/news\/8300\/revisions\/8304"}],"wp:authorship":[{"embeddable":true,"href":"https:\/\/www.uni.lu\/de\/wp-json\/wp\/v2\/users\/341"}],"wp:featuredmedia":[{"embeddable":true,"href":"https:\/\/www.uni.lu\/de\/wp-json\/wp\/v2\/media\/8303"}],"wp:attachment":[{"href":"https:\/\/www.uni.lu\/de\/wp-json\/wp\/v2\/media?parent=8300"}],"wp:term":[{"taxonomy":"news-category","embeddable":true,"href":"https:\/\/www.uni.lu\/de\/wp-json\/wp\/v2\/news-category?post=8300"},{"taxonomy":"news-topic","embeddable":true,"href":"https:\/\/www.uni.lu\/de\/wp-json\/wp\/v2\/news-topic?post=8300"},{"taxonomy":"organisation","embeddable":true,"href":"https:\/\/www.uni.lu\/de\/wp-json\/wp\/v2\/organisation?post=8300"}],"curies":[{"name":"wp","href":"https:\/\/api.w.org\/{rel}","templated":true}]}}