{"id":8173,"date":"2025-12-04T17:50:18","date_gmt":"2025-12-04T16:50:18","guid":{"rendered":"https:\/\/www.uni.lu\/de\/?post_type=news&#038;p=8173"},"modified":"2025-12-16T16:48:58","modified_gmt":"2025-12-16T15:48:58","slug":"winterferien-oeffnungszeiten","status":"publish","type":"news","link":"https:\/\/www.uni.lu\/de\/news\/winterferien-oeffnungszeiten\/","title":{"rendered":"Die Universit\u00e4t w\u00e4hrend der Winterferien: \u00d6ffnungszeiten"},"content":{"rendered":"\n<section class=\"wp-block-unilux-blocks-free-section section\"><div class=\"container xl:max-w-screen-xl\">\n<p>W\u00e4hrend der Winterferien k\u00f6nnen einige Dienstleistungen und Restaurants der Universit\u00e4t geschlossen sein oder ge\u00e4nderte \u00d6ffnungszeiten haben.<\/p>\n\n\n\n<div class=\"wp-block-columns is-layout-flex wp-block-columns-is-layout-flex\">\n<div class=\"wp-block-column is-layout-flow wp-block-column-is-layout-flow\"><div class=\"icon-info-wrapper\">\n    <ul class=\"wp-block-unilux-blocks-icon-info\">\n        <li class=\"wp-block-unilux-blocks-icon-info-item\">\n    \n<div class=\"wp-block-unilux-blocks-wrapper icon-info\">\n<div class=\"icon--primary icon--secondary-2  wp-block-unilux-blocks-icon-picker\">\n    <svg aria-hidden=\"true\" focusable=\"false\" class=\"icon icon-outline icon--arrow-dual-down \"><use xlink:href=\"https:\/\/www.uni.lu\/wp-content\/themes\/unilux-theme\/assets\/images\/icons\/icons-outline.svg#icon--arrow-dual-down\"><\/use><\/svg><\/div>\n\n\n<p class=\"has-1-125-rem-font-size\"><a href=\"#universitaet-luxemburg\">Universit\u00e4t Luxemburg<\/a><\/p>\n<\/div>\n<\/li>\n    <\/ul>\n<\/div>\n\n\n<div class=\"icon-info-wrapper\">\n    <ul class=\"wp-block-unilux-blocks-icon-info\">\n        <li class=\"wp-block-unilux-blocks-icon-info-item\">\n    \n<div class=\"wp-block-unilux-blocks-wrapper icon-info\">\n<div class=\"icon--primary icon--secondary-2  wp-block-unilux-blocks-icon-picker\">\n    <svg aria-hidden=\"true\" focusable=\"false\" class=\"icon icon-outline icon--arrow-dual-down \"><use xlink:href=\"https:\/\/www.uni.lu\/wp-content\/themes\/unilux-theme\/assets\/images\/icons\/icons-outline.svg#icon--arrow-dual-down\"><\/use><\/svg><\/div>\n\n\n<p class=\"has-1-125-rem-font-size\"><a href=\"#seve\">Student Services<\/a><\/p>\n<\/div>\n<\/li>\n    <\/ul>\n<\/div>\n\n\n<div class=\"icon-info-wrapper\">\n    <ul class=\"wp-block-unilux-blocks-icon-info\">\n        <li class=\"wp-block-unilux-blocks-icon-info-item\">\n    \n<div class=\"wp-block-unilux-blocks-wrapper icon-info\">\n<div class=\"icon--primary icon--secondary-2  wp-block-unilux-blocks-icon-picker\">\n    <svg aria-hidden=\"true\" focusable=\"false\" class=\"icon icon-outline icon--arrow-dual-down \"><use xlink:href=\"https:\/\/www.uni.lu\/wp-content\/themes\/unilux-theme\/assets\/images\/icons\/icons-outline.svg#icon--arrow-dual-down\"><\/use><\/svg><\/div>\n\n\n<p class=\"has-1-125-rem-font-size\"><a href=\"#clinique-du-droit\">Clinique du Droit<\/a><\/p>\n<\/div>\n<\/li>\n    <\/ul>\n<\/div>\n<\/div>\n\n\n\n<div class=\"wp-block-column is-layout-flow wp-block-column-is-layout-flow\"><div class=\"icon-info-wrapper\">\n    <ul class=\"wp-block-unilux-blocks-icon-info\">\n        <li class=\"wp-block-unilux-blocks-icon-info-item\">\n    \n<div class=\"wp-block-unilux-blocks-wrapper icon-info\">\n<div class=\"icon--primary icon--secondary-2  wp-block-unilux-blocks-icon-picker\">\n    <svg aria-hidden=\"true\" focusable=\"false\" class=\"icon icon-outline icon--arrow-dual-down \"><use xlink:href=\"https:\/\/www.uni.lu\/wp-content\/themes\/unilux-theme\/assets\/images\/icons\/icons-outline.svg#icon--arrow-dual-down\"><\/use><\/svg><\/div>\n\n\n<p class=\"has-1-125-rem-font-size\"><a href=\"#universitaetrestaurants\">Universit\u00e4trestaurants<\/a><\/p>\n<\/div>\n<\/li>\n    <\/ul>\n<\/div>\n\n\n<div class=\"icon-info-wrapper\">\n    <ul class=\"wp-block-unilux-blocks-icon-info\">\n        <li class=\"wp-block-unilux-blocks-icon-info-item\">\n    \n<div class=\"wp-block-unilux-blocks-wrapper icon-info\">\n<div class=\"icon--primary icon--secondary-2  wp-block-unilux-blocks-icon-picker\">\n    <svg aria-hidden=\"true\" focusable=\"false\" class=\"icon icon-outline icon--arrow-dual-down \"><use xlink:href=\"https:\/\/www.uni.lu\/wp-content\/themes\/unilux-theme\/assets\/images\/icons\/icons-outline.svg#icon--arrow-dual-down\"><\/use><\/svg><\/div>\n\n\n<p class=\"has-1-125-rem-font-size\"><a href=\"#office-of-doctoral-studies\">Office of Doctoral Studies<\/a><\/p>\n<\/div>\n<\/li>\n    <\/ul>\n<\/div>\n\n\n<div class=\"icon-info-wrapper\">\n    <ul class=\"wp-block-unilux-blocks-icon-info\">\n        <li class=\"wp-block-unilux-blocks-icon-info-item\">\n    \n<div class=\"wp-block-unilux-blocks-wrapper icon-info\">\n<div class=\"icon--primary icon--secondary-2  wp-block-unilux-blocks-icon-picker\">\n    <svg aria-hidden=\"true\" focusable=\"false\" class=\"icon icon-outline icon--arrow-dual-down \"><use xlink:href=\"https:\/\/www.uni.lu\/wp-content\/themes\/unilux-theme\/assets\/images\/icons\/icons-outline.svg#icon--arrow-dual-down\"><\/use><\/svg><\/div>\n\n\n<p class=\"has-1-125-rem-font-size\"><a href=\"#llc\">Luxembourg Learning Centre<\/a><\/p>\n<\/div>\n<\/li>\n    <\/ul>\n<\/div>\n<\/div>\n\n\n\n<div class=\"wp-block-column is-layout-flow wp-block-column-is-layout-flow\"><div class=\"icon-info-wrapper\">\n    <ul class=\"wp-block-unilux-blocks-icon-info\">\n        <li class=\"wp-block-unilux-blocks-icon-info-item\">\n    \n<div class=\"wp-block-unilux-blocks-wrapper icon-info\">\n<div class=\"icon--primary icon--secondary-2  wp-block-unilux-blocks-icon-picker\">\n    <svg aria-hidden=\"true\" focusable=\"false\" class=\"icon icon-outline icon--arrow-dual-down \"><use xlink:href=\"https:\/\/www.uni.lu\/wp-content\/themes\/unilux-theme\/assets\/images\/icons\/icons-outline.svg#icon--arrow-dual-down\"><\/use><\/svg><\/div>\n\n\n<p class=\"has-1-125-rem-font-size\"><a href=\"#hr-offices\">HR Offices<\/a><\/p>\n<\/div>\n<\/li>\n    <\/ul>\n<\/div>\n\n\n<div class=\"icon-info-wrapper\">\n    <ul class=\"wp-block-unilux-blocks-icon-info\">\n        <li class=\"wp-block-unilux-blocks-icon-info-item\">\n    \n<div class=\"wp-block-unilux-blocks-wrapper icon-info\">\n<div class=\"icon--primary icon--secondary-2  wp-block-unilux-blocks-icon-picker\">\n    <svg aria-hidden=\"true\" focusable=\"false\" class=\"icon icon-outline icon--arrow-dual-down \"><use xlink:href=\"https:\/\/www.uni.lu\/wp-content\/themes\/unilux-theme\/assets\/images\/icons\/icons-outline.svg#icon--arrow-dual-down\"><\/use><\/svg><\/div>\n\n\n<p class=\"has-1-125-rem-font-size\"><a href=\"#student-lounges\">Student Lounges<\/a><\/p>\n<\/div>\n<\/li>\n    <\/ul>\n<\/div>\n<\/div>\n<\/div>\n\n\n<div class=\"wp-block-unilux-blocks-spacer is-spacer-size-md\"><\/div>\n\n\n<h2 class=\"has-text-align-left wp-block-unilux-blocks-heading\"        id=\"universitaet-luxemburg\"\n    >\nUniversit\u00e4t Luxemburg<\/h2>\n\n\n\n<p>Die Universit\u00e4t bleibt <strong>vom 24. bis zum 26. Dezember 2025<\/strong> geschlossen.<\/p>\n\n\n<div class=\"wp-block-unilux-blocks-spacer is-spacer-size-lg\"><\/div>\n\n\n<h2 class=\"has-text-align-left wp-block-unilux-blocks-heading\"        id=\"universitaetrestaurants\"\n    >\nUniversit\u00e4trestaurants<\/h2>\n\n\n\n<div class=\"wp-block-unilux-blocks-accordion accordion accordion--theme accordion-standard\" data-reference=\"919758c6-0294-4a87-8ca8-4e4fb2bac950\" data-accordion-type=\"standard\"><div class=\"accordion__item  wp-block-unilux-blocks-accordion-item\">\n    <h3 class=\"accordion__header\"\n                    id=\"belval-campus\"\n        >\n        <button\n            type=\"button\"\n            id=\"accordion-labelledby-341c1436-39f2-4090-af3f-85c0394ed9d9\"\n            class=\"accordion__button collapsed\"\n            aria-expanded=\"false\"\n            aria-controls=\"accordion-panel-341c1436-39f2-4090-af3f-85c0394ed9d9\"\n            data-bs-toggle=\"collapse\"\n            data-bs-target=\"#accordion-panel-341c1436-39f2-4090-af3f-85c0394ed9d9\"\n        >\n            <span class=\"accordion__title\">\n                                Belval Campus            <\/span>\n\n            <svg aria-hidden=\"true\" focusable=\"false\" class=\"icon icon-outline icon--arrow-down \"><use xlink:href=\"https:\/\/www.uni.lu\/wp-content\/themes\/unilux-theme\/assets\/images\/icons\/icons-outline.svg#icon--arrow-down\"><\/use><\/svg>        <\/button>\n    <\/h3>\n    <div id=\"accordion-panel-341c1436-39f2-4090-af3f-85c0394ed9d9\"\n        class=\"accordion__collapse collapse\"\n        aria-labelledby=\"accordion-labelledby-341c1436-39f2-4090-af3f-85c0394ed9d9\"\n        data-bs-parent=\"[data-reference=&quot;919758c6-0294-4a87-8ca8-4e4fb2bac950&quot;]\"\n    >\n        <div class=\"accordion__body \">\n            \n<ul class=\"wp-block-unilux-blocks-highlighted-list list-highlighted list-highlighted--architectural\"><li class=\"list-highlighted__item  wp-block-unilux-blocks-highlighted-list-item\">\n    <header class=\"list-highlighted__header wp-block-unilux-blocks-highlighted-list-item-header\">\n    \n<h4 class=\"title text-18 font-bold has-text-align-left wp-block-unilux-blocks-heading\"        id=\"food-house\"\n    >\n<strong>Food House<\/strong><\/h4>\n<div class=\"wp-block-unilux-blocks-bigtext\">\n    <span>\n        \n    <\/span>\n<\/div><\/header><div class=\"list-highlighted__body wp-block-unilux-blocks-highlighted-list-item-body\">\n    <div class=\"wp-block-unilux-blocks-highlighted-list-item-free-content-area\">\n    \n<p>vom 20. Dezember bis zum 4. Januar geschlossen<\/p>\n<\/div><\/div><\/li>\n\n<li class=\"list-highlighted__item  wp-block-unilux-blocks-highlighted-list-item\">\n    <header class=\"list-highlighted__header wp-block-unilux-blocks-highlighted-list-item-header\">\n    \n<h4 class=\"title text-18 font-bold has-text-align-left wp-block-unilux-blocks-heading\"        id=\"food-cafe\"\n    >\n<strong><strong><strong>Food Caf\u00e9<\/strong><\/strong><\/strong><\/h4>\n<div class=\"wp-block-unilux-blocks-bigtext\">\n    <span>\n        \n    <\/span>\n<\/div><\/header><div class=\"list-highlighted__body wp-block-unilux-blocks-highlighted-list-item-body\">\n    <div class=\"wp-block-unilux-blocks-highlighted-list-item-free-content-area\">\n    \n<p>vom 20. Dezember bis zum 4. Januar geschlossen<\/p>\n<\/div><\/div><\/li>\n\n<li class=\"list-highlighted__item  wp-block-unilux-blocks-highlighted-list-item\">\n    <header class=\"list-highlighted__header wp-block-unilux-blocks-highlighted-list-item-header\">\n    \n<h4 class=\"title text-18 font-bold has-text-align-left wp-block-unilux-blocks-heading\"        id=\"food-zone\"\n    >\n<strong>Food Zone<\/strong><\/h4>\n<div class=\"wp-block-unilux-blocks-bigtext\">\n    <span>\n        \n    <\/span>\n<\/div><\/header><div class=\"list-highlighted__body wp-block-unilux-blocks-highlighted-list-item-body\">\n    <div class=\"wp-block-unilux-blocks-highlighted-list-item-free-content-area\">\n    \n<p>vom 20. Dezember bis zum 4. Januar geschlossen<\/p>\n<\/div><\/div><\/li>\n\n<li class=\"list-highlighted__item  wp-block-unilux-blocks-highlighted-list-item\">\n    <header class=\"list-highlighted__header wp-block-unilux-blocks-highlighted-list-item-header\">\n    \n<h4 class=\"title text-18 font-bold has-text-align-left wp-block-unilux-blocks-heading\"        id=\"food-lab\"\n    >\n<strong>Food Lab<\/strong><\/h4>\n<div class=\"wp-block-unilux-blocks-bigtext\">\n    <span>\n        \n    <\/span>\n<\/div><\/header><div class=\"list-highlighted__body wp-block-unilux-blocks-highlighted-list-item-body\">\n    <div class=\"wp-block-unilux-blocks-highlighted-list-item-free-content-area\">\n    \n<p>vom 20. Dezember bis zum 4. Januar geschlossen<\/p>\n<\/div><\/div><\/li>\n\n<li class=\"list-highlighted__item  wp-block-unilux-blocks-highlighted-list-item\">\n    <header class=\"list-highlighted__header wp-block-unilux-blocks-highlighted-list-item-header\">\n    \n<h4 class=\"title text-18 font-bold has-text-align-left wp-block-unilux-blocks-heading\"        id=\"food-hub-terres-rouges-building\"\n    >\nFood Hub (Terres Rouges building)<\/h4>\n<div class=\"wp-block-unilux-blocks-bigtext\">\n    <span>\n        \n    <\/span>\n<\/div><\/header><div class=\"list-highlighted__body wp-block-unilux-blocks-highlighted-list-item-body\">\n    <div class=\"wp-block-unilux-blocks-highlighted-list-item-free-content-area\">\n    \n<p>vom 20. Dezember bis zum 4. Januar geschlossen<\/p>\n<\/div><\/div><\/li>\n\n<li class=\"list-highlighted__item  wp-block-unilux-blocks-highlighted-list-item\">\n    <header class=\"list-highlighted__header wp-block-unilux-blocks-highlighted-list-item-header\">\n    \n<h4 class=\"title text-18 font-bold has-text-align-left wp-block-unilux-blocks-heading\"        id=\"food-factory-terres-rouges-building\"\n    >\nFood Factory (Terres Rouges building)<\/h4>\n<div class=\"wp-block-unilux-blocks-bigtext\">\n    <span>\n        \n    <\/span>\n<\/div><\/header><div class=\"list-highlighted__body wp-block-unilux-blocks-highlighted-list-item-body\">\n    <div class=\"wp-block-unilux-blocks-highlighted-list-item-free-content-area\">\n    \n<p>vom 20. Dezember bis zum 4. Januar geschlossen<\/p>\n<\/div><\/div><\/li><\/ul>\n        <\/div>\n    <\/div>\n<\/div>\n\n<div class=\"accordion__item  wp-block-unilux-blocks-accordion-item\">\n    <h3 class=\"accordion__header\"\n                    id=\"kirchberg-campus\"\n        >\n        <button\n            type=\"button\"\n            id=\"accordion-labelledby-953d3daf-c1bb-4a8a-9819-892861073188\"\n            class=\"accordion__button collapsed\"\n            aria-expanded=\"false\"\n            aria-controls=\"accordion-panel-953d3daf-c1bb-4a8a-9819-892861073188\"\n            data-bs-toggle=\"collapse\"\n            data-bs-target=\"#accordion-panel-953d3daf-c1bb-4a8a-9819-892861073188\"\n        >\n            <span class=\"accordion__title\">\n                                Kirchberg Campus            <\/span>\n\n            <svg aria-hidden=\"true\" focusable=\"false\" class=\"icon icon-outline icon--arrow-down \"><use xlink:href=\"https:\/\/www.uni.lu\/wp-content\/themes\/unilux-theme\/assets\/images\/icons\/icons-outline.svg#icon--arrow-down\"><\/use><\/svg>        <\/button>\n    <\/h3>\n    <div id=\"accordion-panel-953d3daf-c1bb-4a8a-9819-892861073188\"\n        class=\"accordion__collapse collapse\"\n        aria-labelledby=\"accordion-labelledby-953d3daf-c1bb-4a8a-9819-892861073188\"\n        data-bs-parent=\"[data-reference=&quot;919758c6-0294-4a87-8ca8-4e4fb2bac950&quot;]\"\n    >\n        <div class=\"accordion__body \">\n            \n<ul class=\"wp-block-unilux-blocks-highlighted-list list-highlighted list-highlighted--architectural\"><li class=\"list-highlighted__item  wp-block-unilux-blocks-highlighted-list-item\">\n    <header class=\"list-highlighted__header wp-block-unilux-blocks-highlighted-list-item-header\">\n    \n<h4 class=\"title text-18 font-bold has-text-align-left wp-block-unilux-blocks-heading\"        id=\"altius\"\n    >\n<strong><strong>Altius<\/strong><\/strong><\/h4>\n<div class=\"wp-block-unilux-blocks-bigtext\">\n    <span>\n        \n    <\/span>\n<\/div><\/header><div class=\"list-highlighted__body wp-block-unilux-blocks-highlighted-list-item-body\">\n    <div class=\"wp-block-unilux-blocks-highlighted-list-item-free-content-area\">\n    \n<p>vom 20. Dezember bis zum 4. Januar geschlossen<\/p>\n<\/div><\/div><\/li>\n\n<li class=\"list-highlighted__item  wp-block-unilux-blocks-highlighted-list-item\">\n    <header class=\"list-highlighted__header wp-block-unilux-blocks-highlighted-list-item-header\">\n    \n<h4 class=\"title text-18 font-bold has-text-align-left wp-block-unilux-blocks-heading\"        id=\"brasserie-johns\"\n    >\n<strong><strong><strong><strong>Brasserie John\u2019s<\/strong><\/strong><\/strong><\/strong><\/h4>\n<div class=\"wp-block-unilux-blocks-bigtext\">\n    <span>\n        \n    <\/span>\n<\/div><\/header><div class=\"list-highlighted__body wp-block-unilux-blocks-highlighted-list-item-body\">\n    <div class=\"wp-block-unilux-blocks-highlighted-list-item-free-content-area\">\n    \n<p>vom 20. Dezember bis zum 4. Januar geschlossen<\/p>\n<\/div><\/div><\/li><\/ul>\n        <\/div>\n    <\/div>\n<\/div>\n\n<div class=\"accordion__item  wp-block-unilux-blocks-accordion-item\">\n    <h3 class=\"accordion__header\"\n                    id=\"limpertsberg-campus\"\n        >\n        <button\n            type=\"button\"\n            id=\"accordion-labelledby-0bc26969-86c9-42f6-94ba-6d541c6a5a17\"\n            class=\"accordion__button collapsed\"\n            aria-expanded=\"false\"\n            aria-controls=\"accordion-panel-0bc26969-86c9-42f6-94ba-6d541c6a5a17\"\n            data-bs-toggle=\"collapse\"\n            data-bs-target=\"#accordion-panel-0bc26969-86c9-42f6-94ba-6d541c6a5a17\"\n        >\n            <span class=\"accordion__title\">\n                                Limpertsberg Campus            <\/span>\n\n            <svg aria-hidden=\"true\" focusable=\"false\" class=\"icon icon-outline icon--arrow-down \"><use xlink:href=\"https:\/\/www.uni.lu\/wp-content\/themes\/unilux-theme\/assets\/images\/icons\/icons-outline.svg#icon--arrow-down\"><\/use><\/svg>        <\/button>\n    <\/h3>\n    <div id=\"accordion-panel-0bc26969-86c9-42f6-94ba-6d541c6a5a17\"\n        class=\"accordion__collapse collapse\"\n        aria-labelledby=\"accordion-labelledby-0bc26969-86c9-42f6-94ba-6d541c6a5a17\"\n        data-bs-parent=\"[data-reference=&quot;919758c6-0294-4a87-8ca8-4e4fb2bac950&quot;]\"\n    >\n        <div class=\"accordion__body \">\n            \n<ul class=\"wp-block-unilux-blocks-highlighted-list list-highlighted list-highlighted--architectural\"><li class=\"list-highlighted__item  wp-block-unilux-blocks-highlighted-list-item\">\n    <header class=\"list-highlighted__header wp-block-unilux-blocks-highlighted-list-item-header\">\n    \n<h4 class=\"title text-18 font-bold has-text-align-left wp-block-unilux-blocks-heading\"        id=\"um-weier\"\n    >\nUm Weier<\/h4>\n<div class=\"wp-block-unilux-blocks-bigtext\">\n    <span>\n        \n    <\/span>\n<\/div><\/header><div class=\"list-highlighted__body wp-block-unilux-blocks-highlighted-list-item-body\">\n    <div class=\"wp-block-unilux-blocks-highlighted-list-item-free-content-area\">\n    \n<p>vom 20. Dezember bis zum 4. Januar geschlossen<\/p>\n<\/div><\/div><\/li><\/ul>\n        <\/div>\n    <\/div>\n<\/div><\/div>\n\n\n<div class=\"wp-block-unilux-blocks-spacer is-spacer-size-lg\"><\/div>\n\n\n<h2 class=\"has-text-align-left wp-block-unilux-blocks-heading\"        id=\"hr-offices\"\n    >\nHR Offices (Personalabteilungen)<\/h2>\n\n\n\n<p>Die Personalabteilungen sind vom 29. Dezember 2025 bis einschlie\u00dflich 2. Januar 2026 geschlossen.<\/p>\n\n\n<div class=\"wp-block-unilux-blocks-spacer is-spacer-size-lg\"><\/div>\n\n\n<h2 class=\"has-text-align-left wp-block-unilux-blocks-heading\"        id=\"seve\"\n    >\nStudent Services (SEVE)<\/h2>\n\n\n\n<div class=\"wp-block-unilux-blocks-accordion accordion accordion--theme accordion-standard\" data-reference=\"fc8e2a86-dc97-438d-b81a-376af64ab335\" data-accordion-type=\"standard\"><div class=\"accordion__item  wp-block-unilux-blocks-accordion-item\">\n    <h3 class=\"accordion__header\"\n                    id=\"accommodation-office\"\n        >\n        <button\n            type=\"button\"\n            id=\"accordion-labelledby-9020f6bf-0f7c-4d50-bc56-fe5b201ce872\"\n            class=\"accordion__button collapsed\"\n            aria-expanded=\"false\"\n            aria-controls=\"accordion-panel-9020f6bf-0f7c-4d50-bc56-fe5b201ce872\"\n            data-bs-toggle=\"collapse\"\n            data-bs-target=\"#accordion-panel-9020f6bf-0f7c-4d50-bc56-fe5b201ce872\"\n        >\n            <span class=\"accordion__title\">\n                                Accommodation Office            <\/span>\n\n            <svg aria-hidden=\"true\" focusable=\"false\" class=\"icon icon-outline icon--arrow-down \"><use xlink:href=\"https:\/\/www.uni.lu\/wp-content\/themes\/unilux-theme\/assets\/images\/icons\/icons-outline.svg#icon--arrow-down\"><\/use><\/svg>        <\/button>\n    <\/h3>\n    <div id=\"accordion-panel-9020f6bf-0f7c-4d50-bc56-fe5b201ce872\"\n        class=\"accordion__collapse collapse\"\n        aria-labelledby=\"accordion-labelledby-9020f6bf-0f7c-4d50-bc56-fe5b201ce872\"\n        data-bs-parent=\"[data-reference=&quot;fc8e2a86-dc97-438d-b81a-376af64ab335&quot;]\"\n    >\n        <div class=\"accordion__body \">\n            \n<p>W\u00e4hrend der gesamten Ferienzeit nur nach Vereinbarung ge\u00f6ffnet.<\/p>\n        <\/div>\n    <\/div>\n<\/div>\n\n<div class=\"accordion__item  wp-block-unilux-blocks-accordion-item\">\n    <h3 class=\"accordion__header\"\n                    id=\"admissions-office\"\n        >\n        <button\n            type=\"button\"\n            id=\"accordion-labelledby-9bc6af78-86bc-4ee4-a9e9-85fa5822738b\"\n            class=\"accordion__button collapsed\"\n            aria-expanded=\"false\"\n            aria-controls=\"accordion-panel-9bc6af78-86bc-4ee4-a9e9-85fa5822738b\"\n            data-bs-toggle=\"collapse\"\n            data-bs-target=\"#accordion-panel-9bc6af78-86bc-4ee4-a9e9-85fa5822738b\"\n        >\n            <span class=\"accordion__title\">\n                                Admissions Office            <\/span>\n\n            <svg aria-hidden=\"true\" focusable=\"false\" class=\"icon icon-outline icon--arrow-down \"><use xlink:href=\"https:\/\/www.uni.lu\/wp-content\/themes\/unilux-theme\/assets\/images\/icons\/icons-outline.svg#icon--arrow-down\"><\/use><\/svg>        <\/button>\n    <\/h3>\n    <div id=\"accordion-panel-9bc6af78-86bc-4ee4-a9e9-85fa5822738b\"\n        class=\"accordion__collapse collapse\"\n        aria-labelledby=\"accordion-labelledby-9bc6af78-86bc-4ee4-a9e9-85fa5822738b\"\n        data-bs-parent=\"[data-reference=&quot;fc8e2a86-dc97-438d-b81a-376af64ab335&quot;]\"\n    >\n        <div class=\"accordion__body \">\n            \n<p>Am 22., 23., 29. und 30. Dezember nach Vereinbarung ge\u00f6ffnet.<br>Am 31. Dezember und 2. Januar geschlossen.<br>Wiederer\u00f6ffnung am 5. Januar.<br>Die regul\u00e4ren \u00d6ffnungszeiten sind Montag bis Freitag. Bitte vereinbaren Sie einen Termin \u00fcber \u201e<a href=\"https:\/\/affluences.com\/universite-du-luxembourg-1\/universite-du-luxembourg\/reservation\">Affluences<\/a>\u201d<\/p>\n        <\/div>\n    <\/div>\n<\/div>\n\n<div class=\"accordion__item  wp-block-unilux-blocks-accordion-item\">\n    <h3 class=\"accordion__header\"\n                    id=\"office-of-student-life\"\n        >\n        <button\n            type=\"button\"\n            id=\"accordion-labelledby-4876c166-d5ae-40a9-81ca-ae2f2002a76c\"\n            class=\"accordion__button collapsed\"\n            aria-expanded=\"false\"\n            aria-controls=\"accordion-panel-4876c166-d5ae-40a9-81ca-ae2f2002a76c\"\n            data-bs-toggle=\"collapse\"\n            data-bs-target=\"#accordion-panel-4876c166-d5ae-40a9-81ca-ae2f2002a76c\"\n        >\n            <span class=\"accordion__title\">\n                                Office of Student Life            <\/span>\n\n            <svg aria-hidden=\"true\" focusable=\"false\" class=\"icon icon-outline icon--arrow-down \"><use xlink:href=\"https:\/\/www.uni.lu\/wp-content\/themes\/unilux-theme\/assets\/images\/icons\/icons-outline.svg#icon--arrow-down\"><\/use><\/svg>        <\/button>\n    <\/h3>\n    <div id=\"accordion-panel-4876c166-d5ae-40a9-81ca-ae2f2002a76c\"\n        class=\"accordion__collapse collapse\"\n        aria-labelledby=\"accordion-labelledby-4876c166-d5ae-40a9-81ca-ae2f2002a76c\"\n        data-bs-parent=\"[data-reference=&quot;fc8e2a86-dc97-438d-b81a-376af64ab335&quot;]\"\n    >\n        <div class=\"accordion__body \">\n            \n<p>Ge\u00f6ffnet am 22. und 29. Dezember sowie am 2. Januar.<\/p>\n        <\/div>\n    <\/div>\n<\/div>\n\n<div class=\"accordion__item  wp-block-unilux-blocks-accordion-item\">\n    <h3 class=\"accordion__header\"\n                    id=\"inclusion-office-learning-and-disability-support\"\n        >\n        <button\n            type=\"button\"\n            id=\"accordion-labelledby-8f7aa587-0be5-445f-a2e8-79b15217f040\"\n            class=\"accordion__button collapsed\"\n            aria-expanded=\"false\"\n            aria-controls=\"accordion-panel-8f7aa587-0be5-445f-a2e8-79b15217f040\"\n            data-bs-toggle=\"collapse\"\n            data-bs-target=\"#accordion-panel-8f7aa587-0be5-445f-a2e8-79b15217f040\"\n        >\n            <span class=\"accordion__title\">\n                                Inclusion Office &amp; Learning and Disability Support            <\/span>\n\n            <svg aria-hidden=\"true\" focusable=\"false\" class=\"icon icon-outline icon--arrow-down \"><use xlink:href=\"https:\/\/www.uni.lu\/wp-content\/themes\/unilux-theme\/assets\/images\/icons\/icons-outline.svg#icon--arrow-down\"><\/use><\/svg>        <\/button>\n    <\/h3>\n    <div id=\"accordion-panel-8f7aa587-0be5-445f-a2e8-79b15217f040\"\n        class=\"accordion__collapse collapse\"\n        aria-labelledby=\"accordion-labelledby-8f7aa587-0be5-445f-a2e8-79b15217f040\"\n        data-bs-parent=\"[data-reference=&quot;fc8e2a86-dc97-438d-b81a-376af64ab335&quot;]\"\n    >\n        <div class=\"accordion__body \">\n            \n<p>Bis Januar geschlossen.<\/p>\n        <\/div>\n    <\/div>\n<\/div>\n\n<div class=\"accordion__item  wp-block-unilux-blocks-accordion-item\">\n    <h3 class=\"accordion__header\"\n                    id=\"psychological-support-services\"\n        >\n        <button\n            type=\"button\"\n            id=\"accordion-labelledby-e431f546-37a1-4638-ac88-7049a2d5520d\"\n            class=\"accordion__button collapsed\"\n            aria-expanded=\"false\"\n            aria-controls=\"accordion-panel-e431f546-37a1-4638-ac88-7049a2d5520d\"\n            data-bs-toggle=\"collapse\"\n            data-bs-target=\"#accordion-panel-e431f546-37a1-4638-ac88-7049a2d5520d\"\n        >\n            <span class=\"accordion__title\">\n                                Psychological Support Services            <\/span>\n\n            <svg aria-hidden=\"true\" focusable=\"false\" class=\"icon icon-outline icon--arrow-down \"><use xlink:href=\"https:\/\/www.uni.lu\/wp-content\/themes\/unilux-theme\/assets\/images\/icons\/icons-outline.svg#icon--arrow-down\"><\/use><\/svg>        <\/button>\n    <\/h3>\n    <div id=\"accordion-panel-e431f546-37a1-4638-ac88-7049a2d5520d\"\n        class=\"accordion__collapse collapse\"\n        aria-labelledby=\"accordion-labelledby-e431f546-37a1-4638-ac88-7049a2d5520d\"\n        data-bs-parent=\"[data-reference=&quot;fc8e2a86-dc97-438d-b81a-376af64ab335&quot;]\"\n    >\n        <div class=\"accordion__body \">\n            \n<p>W\u00e4hrend der gesamten Ferienzeit nur nach Vereinbarung verf\u00fcgbar.<\/p>\n        <\/div>\n    <\/div>\n<\/div><\/div>\n\n\n<div class=\"wp-block-unilux-blocks-spacer is-spacer-size-lg\"><\/div>\n\n\n<h2 class=\"has-text-align-left wp-block-unilux-blocks-heading\"        id=\"office-of-doctoral-studies\"\n    >\nOffice of Doctoral Studies (B\u00fcro f\u00fcr Doktoratsstudien)<\/h2>\n\n\n\n<p>Das B\u00fcro f\u00fcr Doktoratsstudien ist an folgenden Tagen ge\u00f6ffnet:<\/p>\n\n\n\n<ul class=\"ulux-list\">\n<li class=\"ulux-list-item\">Montag, 21. Dezember, und Dienstag, 22. Dezember<\/li>\n\n\n\n<li class=\"ulux-list-item\">Montag, 29. Dezember, und Dienstag, 30. Dezember<\/li>\n\n\n\n<li class=\"ulux-list-item\">Mittwoch, 31. Dezember<\/li>\n\n\n\n<li class=\"ulux-list-item\">Freitag, 2. Januar<\/li>\n<\/ul>\n\n\n\n<p>Die \u00d6ffnungszeiten bleiben unver\u00e4ndert: 9:00 \u2013 12:00 Uhr.<\/p>\n\n\n\n<p>Ausnahmen oder Schlie\u00dfungen werden auf \u201e<a href=\"https:\/\/affluences.com\/universite-du-luxembourg-1\/universite-du-luxembourg\/reservation?type=699&amp;date=2024-07-11\">Affluences<\/a>\u201d bekannt gegeben.<\/p>\n\n\n<div class=\"wp-block-unilux-blocks-spacer is-spacer-size-lg\"><\/div>\n\n\n<h2 class=\"has-text-align-left wp-block-unilux-blocks-heading\"        id=\"student-lounges\"\n    >\nStudent lounges\nBelval &amp; Kirchberg<\/h2>\n\n\n\n<div class=\"wp-block-unilux-blocks-accordion accordion accordion--theme accordion-standard\" data-reference=\"2fc5a5b3-e8ba-43dd-a107-e2e2c9e9ac79\" data-accordion-type=\"standard\"><div class=\"accordion__item  wp-block-unilux-blocks-accordion-item\">\n    <h3 class=\"accordion__header\"\n                    id=\"belval\"\n        >\n        <button\n            type=\"button\"\n            id=\"accordion-labelledby-0230fe61-f6b8-423c-800c-0f45d01e145a\"\n            class=\"accordion__button collapsed\"\n            aria-expanded=\"false\"\n            aria-controls=\"accordion-panel-0230fe61-f6b8-423c-800c-0f45d01e145a\"\n            data-bs-toggle=\"collapse\"\n            data-bs-target=\"#accordion-panel-0230fe61-f6b8-423c-800c-0f45d01e145a\"\n        >\n            <span class=\"accordion__title\">\n                                Belval            <\/span>\n\n            <svg aria-hidden=\"true\" focusable=\"false\" class=\"icon icon-outline icon--arrow-down \"><use xlink:href=\"https:\/\/www.uni.lu\/wp-content\/themes\/unilux-theme\/assets\/images\/icons\/icons-outline.svg#icon--arrow-down\"><\/use><\/svg>        <\/button>\n    <\/h3>\n    <div id=\"accordion-panel-0230fe61-f6b8-423c-800c-0f45d01e145a\"\n        class=\"accordion__collapse collapse\"\n        aria-labelledby=\"accordion-labelledby-0230fe61-f6b8-423c-800c-0f45d01e145a\"\n        data-bs-parent=\"[data-reference=&quot;2fc5a5b3-e8ba-43dd-a107-e2e2c9e9ac79&quot;]\"\n    >\n        <div class=\"accordion__body \">\n            \n<p>Vom 20. Dezember bis zum 15. Februar geschlossen.<\/p>\n        <\/div>\n    <\/div>\n<\/div>\n\n<div class=\"accordion__item  wp-block-unilux-blocks-accordion-item\">\n    <h3 class=\"accordion__header\"\n                    id=\"kirchberg\"\n        >\n        <button\n            type=\"button\"\n            id=\"accordion-labelledby-063a81fb-a906-476d-afab-918bd4d1317b\"\n            class=\"accordion__button collapsed\"\n            aria-expanded=\"false\"\n            aria-controls=\"accordion-panel-063a81fb-a906-476d-afab-918bd4d1317b\"\n            data-bs-toggle=\"collapse\"\n            data-bs-target=\"#accordion-panel-063a81fb-a906-476d-afab-918bd4d1317b\"\n        >\n            <span class=\"accordion__title\">\n                                Kirchberg            <\/span>\n\n            <svg aria-hidden=\"true\" focusable=\"false\" class=\"icon icon-outline icon--arrow-down \"><use xlink:href=\"https:\/\/www.uni.lu\/wp-content\/themes\/unilux-theme\/assets\/images\/icons\/icons-outline.svg#icon--arrow-down\"><\/use><\/svg>        <\/button>\n    <\/h3>\n    <div id=\"accordion-panel-063a81fb-a906-476d-afab-918bd4d1317b\"\n        class=\"accordion__collapse collapse\"\n        aria-labelledby=\"accordion-labelledby-063a81fb-a906-476d-afab-918bd4d1317b\"\n        data-bs-parent=\"[data-reference=&quot;2fc5a5b3-e8ba-43dd-a107-e2e2c9e9ac79&quot;]\"\n    >\n        <div class=\"accordion__body \">\n            \n<p>Vom 13. Dezember bis zum 15. Februar geschlossen.<\/p>\n        <\/div>\n    <\/div>\n<\/div><\/div>\n\n\n<div class=\"wp-block-unilux-blocks-spacer is-spacer-size-lg\"><\/div>\n\n\n<h2 class=\"has-text-align-left wp-block-unilux-blocks-heading\"        id=\"clinique-du-droit\"\n    >\nClinique du Droit<\/h2>\n\n\n\n<p>Vom 16. Dezember bis zum 16. Februar geschlossen.<\/p>\n\n\n<div class=\"wp-block-unilux-blocks-spacer is-spacer-size-lg\"><\/div>\n\n\n<h2 class=\"has-text-align-left wp-block-unilux-blocks-heading\"        id=\"llc\"\n    >\nLuxembourg Learning Centre (LLC)<\/h2>\n\n\n\n<p><strong>\u00d6ffnungszeiten vom 1. Dezember bis 25. Januar:<\/strong><\/p>\n\n\n\n<ul class=\"ulux-list\">\n<li class=\"ulux-list-item\">Montag bis Freitag: 8:00 bis 22:00 Uhr<\/li>\n\n\n\n<li class=\"ulux-list-item\">Samstag: 8:00 bis 17:00 Uhr<\/li>\n\n\n\n<li class=\"ulux-list-item\">Sonntag: 8:00 bis 17:00 Uhr<\/li>\n<\/ul>\n\n\n\n<p>Die LLC bleibt vom 24. bis 26. Dezember sowie am 1. Januar geschlossen.<\/p>\n\n\n\n<p><strong>Verk\u00fcrzte \u00d6ffnungszeiten am 31. Dezember:<\/strong> 8:00 \u2013 17:00 Uhr<\/p>\n\n\n\n<p>Die genauen \u00d6ffnungszeiten entnehmen Sie bitte dem <a href=\"https:\/\/www.uni.lu\/wp-content\/uploads\/sites\/14\/2025\/09\/01113748\/LLC_calendrier-ouverture_2025-2026-prevision.pdf\"><strong>\u00d6ffnungskalender 2025\u20132026<\/strong><\/a>.<\/p>\n\n\n\n<div class=\"wp-block-unilux-blocks-accordion accordion accordion--theme accordion-standard\" data-reference=\"ae06717d-5eab-43d1-bfdb-c154f2be8ad0\" data-accordion-type=\"standard\"><div class=\"accordion__item  wp-block-unilux-blocks-accordion-item\">\n    <h3 class=\"accordion__header\"\n                    id=\"lcel-library\"\n        >\n        <button\n            type=\"button\"\n            id=\"accordion-labelledby-2d9d06e8-b224-4e74-9412-4b49b1423e78\"\n            class=\"accordion__button collapsed\"\n            aria-expanded=\"false\"\n            aria-controls=\"accordion-panel-2d9d06e8-b224-4e74-9412-4b49b1423e78\"\n            data-bs-toggle=\"collapse\"\n            data-bs-target=\"#accordion-panel-2d9d06e8-b224-4e74-9412-4b49b1423e78\"\n        >\n            <span class=\"accordion__title\">\n                                LCEL Library            <\/span>\n\n            <svg aria-hidden=\"true\" focusable=\"false\" class=\"icon icon-outline icon--arrow-down \"><use xlink:href=\"https:\/\/www.uni.lu\/wp-content\/themes\/unilux-theme\/assets\/images\/icons\/icons-outline.svg#icon--arrow-down\"><\/use><\/svg>        <\/button>\n    <\/h3>\n    <div id=\"accordion-panel-2d9d06e8-b224-4e74-9412-4b49b1423e78\"\n        class=\"accordion__collapse collapse\"\n        aria-labelledby=\"accordion-labelledby-2d9d06e8-b224-4e74-9412-4b49b1423e78\"\n        data-bs-parent=\"[data-reference=&quot;ae06717d-5eab-43d1-bfdb-c154f2be8ad0&quot;]\"\n    >\n        <div class=\"accordion__body \">\n            \n<p>\u00d6ffnungszeiten Montag bis Freitag: 9:00 bis 18:00 Uhr<br>Vom 24. bis 26. Dezember sowie am 1. Januar geschlossen.<\/p>\n        <\/div>\n    <\/div>\n<\/div><\/div>\n<\/div><\/section>\n","protected":false},"excerpt":{"rendered":"","protected":false},"author":42,"featured_media":8274,"template":"","format":"standard","meta":{"featured_image_focal_point":[],"show_featured_caption":false,"ulux_newsletter_groups":"","uluxPostTitle":"","uluxPrePostTitle":"","_trash_the_other_posts":false,"_price":"","_stock":"","_tribe_ticket_header":"","_tribe_default_ticket_provider":"","_tribe_ticket_capacity":"0","_ticket_start_date":"","_ticket_end_date":"","_tribe_ticket_show_description":"","_tribe_ticket_show_not_going":false,"_tribe_ticket_use_global_stock":"","_tribe_ticket_global_stock_level":"","_global_stock_mode":"","_global_stock_cap":"","_tribe_rsvp_for_event":"","_tribe_ticket_going_count":"","_tribe_ticket_not_going_count":"","_tribe_tickets_list":"[]","_tribe_ticket_has_attendee_info_fields":false},"news-category":[6,3],"news-topic":[],"organisation":[],"authorship":[42],"acf":[],"yoast_head":"<!-- This site is optimized with the Yoast SEO Premium plugin v22.3 (Yoast SEO v22.3) - https:\/\/yoast.com\/wordpress\/plugins\/seo\/ -->\n<title>Die Universit\u00e4t w\u00e4hrend der Winterferien: \u00d6ffnungszeiten - Universit\u00e4t Luxemburg<\/title>\n<meta name=\"description\" content=\"W\u00e4hrend der Winterferien k\u00f6nnen einige Dienstleistungen und Restaurants der Universit\u00e4t geschlossen sein oder ge\u00e4nderte \u00d6ffnungszeiten haben. Universit\u00e4t\" \/>\n<meta name=\"robots\" content=\"index, follow, max-snippet:-1, max-image-preview:large, max-video-preview:-1\" \/>\n<link rel=\"canonical\" href=\"https:\/\/www.uni.lu\/de\/news\/winterferien-oeffnungszeiten\/\" \/>\n<meta property=\"og:locale\" content=\"de_DE\" \/>\n<meta property=\"og:type\" content=\"article\" \/>\n<meta property=\"og:title\" content=\"Die Universit\u00e4t w\u00e4hrend der Winterferien: \u00d6ffnungszeiten\" \/>\n<meta property=\"og:description\" content=\"W\u00e4hrend der Winterferien k\u00f6nnen einige Dienstleistungen und Restaurants der Universit\u00e4t geschlossen sein oder ge\u00e4nderte \u00d6ffnungszeiten haben. Universit\u00e4t\" \/>\n<meta property=\"og:url\" content=\"https:\/\/www.uni.lu\/de\/news\/winterferien-oeffnungszeiten\/\" \/>\n<meta property=\"og:site_name\" content=\"UNI DE\" \/>\n<meta property=\"article:publisher\" content=\"https:\/\/www.facebook.com\/uni.lu\" \/>\n<meta property=\"article:modified_time\" content=\"2025-12-16T15:48:58+00:00\" \/>\n<meta property=\"og:image\" content=\"https:\/\/www.uni.lu\/wp-content\/uploads\/sites\/10\/2025\/12\/16164754\/greetings-2025.png\" \/>\n\t<meta property=\"og:image:width\" content=\"1624\" \/>\n\t<meta property=\"og:image:height\" content=\"1134\" \/>\n\t<meta property=\"og:image:type\" content=\"image\/png\" \/>\n<meta name=\"twitter:card\" content=\"summary_large_image\" \/>\n<meta name=\"twitter:label1\" content=\"Gesch\u00e4tzte Lesezeit\" \/>\n\t<meta name=\"twitter:data1\" content=\"3 Minuten\" \/>\n<script type=\"application\/ld+json\" class=\"yoast-schema-graph\">{\"@context\":\"https:\/\/schema.org\",\"@graph\":[{\"@type\":\"NewsArticle\",\"@id\":\"https:\/\/www.uni.lu\/de\/news\/winterferien-oeffnungszeiten\/#article\",\"isPartOf\":{\"@id\":\"https:\/\/www.uni.lu\/de\/news\/winterferien-oeffnungszeiten\/\"},\"author\":{\"name\":\"svankelst\",\"@id\":\"https:\/\/www.uni.lu\/de\/#\/schema\/person\/bbacc9db2c68a323b1a3cbdab743cd0c\"},\"headline\":\"Die Universit\u00e4t w\u00e4hrend der Winterferien: \u00d6ffnungszeiten\",\"datePublished\":\"2025-12-04T16:50:18+00:00\",\"dateModified\":\"2025-12-16T15:48:58+00:00\",\"mainEntityOfPage\":{\"@id\":\"https:\/\/www.uni.lu\/de\/news\/winterferien-oeffnungszeiten\/\"},\"wordCount\":295,\"publisher\":{\"@id\":\"https:\/\/www.uni.lu\/de\/#organization\"},\"image\":{\"@id\":\"https:\/\/www.uni.lu\/de\/news\/winterferien-oeffnungszeiten\/#primaryimage\"},\"thumbnailUrl\":\"https:\/\/www.uni.lu\/wp-content\/uploads\/sites\/10\/2025\/12\/16164754\/greetings-2025.png\",\"inLanguage\":\"de-DE\"},{\"@type\":\"WebPage\",\"@id\":\"https:\/\/www.uni.lu\/de\/news\/winterferien-oeffnungszeiten\/\",\"url\":\"https:\/\/www.uni.lu\/de\/news\/winterferien-oeffnungszeiten\/\",\"name\":\"Die Universit\u00e4t w\u00e4hrend der Winterferien: \u00d6ffnungszeiten - Universit\u00e4t Luxemburg\",\"isPartOf\":{\"@id\":\"https:\/\/www.uni.lu\/de\/#website\"},\"primaryImageOfPage\":{\"@id\":\"https:\/\/www.uni.lu\/de\/news\/winterferien-oeffnungszeiten\/#primaryimage\"},\"image\":{\"@id\":\"https:\/\/www.uni.lu\/de\/news\/winterferien-oeffnungszeiten\/#primaryimage\"},\"thumbnailUrl\":\"https:\/\/www.uni.lu\/wp-content\/uploads\/sites\/10\/2025\/12\/16164754\/greetings-2025.png\",\"datePublished\":\"2025-12-04T16:50:18+00:00\",\"dateModified\":\"2025-12-16T15:48:58+00:00\",\"description\":\"W\u00e4hrend der Winterferien k\u00f6nnen einige Dienstleistungen und Restaurants der Universit\u00e4t geschlossen sein oder ge\u00e4nderte \u00d6ffnungszeiten haben. Universit\u00e4t\",\"breadcrumb\":{\"@id\":\"https:\/\/www.uni.lu\/de\/news\/winterferien-oeffnungszeiten\/#breadcrumb\"},\"inLanguage\":\"de-DE\",\"potentialAction\":[{\"@type\":\"ReadAction\",\"target\":[\"https:\/\/www.uni.lu\/de\/news\/winterferien-oeffnungszeiten\/\"]}]},{\"@type\":\"ImageObject\",\"inLanguage\":\"de-DE\",\"@id\":\"https:\/\/www.uni.lu\/de\/news\/winterferien-oeffnungszeiten\/#primaryimage\",\"url\":\"https:\/\/www.uni.lu\/wp-content\/uploads\/sites\/10\/2025\/12\/16164754\/greetings-2025.png\",\"contentUrl\":\"https:\/\/www.uni.lu\/wp-content\/uploads\/sites\/10\/2025\/12\/16164754\/greetings-2025.png\",\"width\":1624,\"height\":1134},{\"@type\":\"BreadcrumbList\",\"@id\":\"https:\/\/www.uni.lu\/de\/news\/winterferien-oeffnungszeiten\/#breadcrumb\",\"itemListElement\":[{\"@type\":\"ListItem\",\"position\":1,\"name\":\"Home\",\"item\":\"https:\/\/www.uni.lu\/de\/\"},{\"@type\":\"ListItem\",\"position\":2,\"name\":\"News\",\"item\":\"https:\/\/www.uni.lu\/de\/news\/\"},{\"@type\":\"ListItem\",\"position\":3,\"name\":\"Die Universit\u00e4t w\u00e4hrend der Winterferien: \u00d6ffnungszeiten\"}]},{\"@type\":\"WebSite\",\"@id\":\"https:\/\/www.uni.lu\/de\/#website\",\"url\":\"https:\/\/www.uni.lu\/de\/\",\"name\":\"Uni.lu\",\"description\":\"Universit\u00e4t Luxemburg\",\"publisher\":{\"@id\":\"https:\/\/www.uni.lu\/de\/#organization\"},\"alternateName\":\"Universit\u00e4t Luxemburg\",\"potentialAction\":[{\"@type\":\"SearchAction\",\"target\":{\"@type\":\"EntryPoint\",\"urlTemplate\":\"https:\/\/www.uni.lu\/de\/?s={search_term_string}\"},\"query-input\":\"required name=search_term_string\"}],\"inLanguage\":\"de-DE\"},{\"@type\":\"Organization\",\"@id\":\"https:\/\/www.uni.lu\/de\/#organization\",\"name\":\"Universit\u00e4t Luxemburg\",\"alternateName\":\"Uni.lu\",\"url\":\"https:\/\/www.uni.lu\/de\/\",\"logo\":{\"@type\":\"ImageObject\",\"inLanguage\":\"de-DE\",\"@id\":\"https:\/\/www.uni.lu\/de\/#\/schema\/logo\/image\/\",\"url\":\"https:\/\/www.uni.lu\/wp-content\/uploads\/sites\/10\/2026\/03\/03120000\/UNIV_SM-Profile_1600x1600px-scaled.jpg\",\"contentUrl\":\"https:\/\/www.uni.lu\/wp-content\/uploads\/sites\/10\/2026\/03\/03120000\/UNIV_SM-Profile_1600x1600px-scaled.jpg\",\"width\":2560,\"height\":2560,\"caption\":\"Universit\u00e4t Luxemburg\"},\"image\":\"https:\/\/www.uni.lu\/wp-content\/uploads\/sites\/10\/2026\/04\/24144329\/20200609-Belval-Campus_Henri-Goergen-23.jpg\",\"sameAs\":[\"https:\/\/www.facebook.com\/uni.lu\",\"https:\/\/www.linkedin.com\/school\/university-of-luxembourg\/\",\"https:\/\/www.instagram.com\/uni.lu\",\"https:\/\/www.youtube.com\/@uni_lu\",\"https:\/\/en.wikipedia.org\/wiki\/University_of_Luxembourg\"],\"email\":\"communication@uni.lu\",\"telephone\":\"+3524666441\",\"address\":{\"@type\":\"PostalAddress\",\"streetAddress\":\"2, place de l\u2019Universit\u00e9\",\"addressLocality\":\"Esch-sur-Alzette\",\"postalCode\":\"4365\",\"addressCountry\":\"LU\"},\"description\":\"Universit\u00e4t Luxemburg\"},{\"@type\":\"Person\",\"@id\":\"https:\/\/www.uni.lu\/de\/#\/schema\/person\/bbacc9db2c68a323b1a3cbdab743cd0c\",\"name\":\"svankelst\",\"image\":{\"@type\":\"ImageObject\",\"inLanguage\":\"de-DE\",\"@id\":\"https:\/\/www.uni.lu\/de\/#\/schema\/person\/image\/\",\"url\":\"https:\/\/secure.gravatar.com\/avatar\/54b090610f90377561821e2f82f83b9f?s=96&d=mm&r=g\",\"contentUrl\":\"https:\/\/secure.gravatar.com\/avatar\/54b090610f90377561821e2f82f83b9f?s=96&d=mm&r=g\",\"caption\":\"svankelst\"}}]}<\/script>\n<!-- \/ Yoast SEO Premium plugin. -->","yoast_head_json":{"title":"Die Universit\u00e4t w\u00e4hrend der Winterferien: \u00d6ffnungszeiten - Universit\u00e4t Luxemburg","description":"W\u00e4hrend der Winterferien k\u00f6nnen einige Dienstleistungen und Restaurants der Universit\u00e4t geschlossen sein oder ge\u00e4nderte \u00d6ffnungszeiten haben. Universit\u00e4t","robots":{"index":"index","follow":"follow","max-snippet":"max-snippet:-1","max-image-preview":"max-image-preview:large","max-video-preview":"max-video-preview:-1"},"canonical":"https:\/\/www.uni.lu\/de\/news\/winterferien-oeffnungszeiten\/","og_locale":"de_DE","og_type":"article","og_title":"Die Universit\u00e4t w\u00e4hrend der Winterferien: \u00d6ffnungszeiten","og_description":"W\u00e4hrend der Winterferien k\u00f6nnen einige Dienstleistungen und Restaurants der Universit\u00e4t geschlossen sein oder ge\u00e4nderte \u00d6ffnungszeiten haben. Universit\u00e4t","og_url":"https:\/\/www.uni.lu\/de\/news\/winterferien-oeffnungszeiten\/","og_site_name":"UNI DE","article_publisher":"https:\/\/www.facebook.com\/uni.lu","article_modified_time":"2025-12-16T15:48:58+00:00","og_image":[{"width":1624,"height":1134,"url":"https:\/\/www.uni.lu\/wp-content\/uploads\/sites\/10\/2025\/12\/16164754\/greetings-2025.png","type":"image\/png"}],"twitter_card":"summary_large_image","twitter_misc":{"Gesch\u00e4tzte Lesezeit":"3 Minuten"},"schema":{"@context":"https:\/\/schema.org","@graph":[{"@type":"NewsArticle","@id":"https:\/\/www.uni.lu\/de\/news\/winterferien-oeffnungszeiten\/#article","isPartOf":{"@id":"https:\/\/www.uni.lu\/de\/news\/winterferien-oeffnungszeiten\/"},"author":{"name":"svankelst","@id":"https:\/\/www.uni.lu\/de\/#\/schema\/person\/bbacc9db2c68a323b1a3cbdab743cd0c"},"headline":"Die Universit\u00e4t w\u00e4hrend der Winterferien: \u00d6ffnungszeiten","datePublished":"2025-12-04T16:50:18+00:00","dateModified":"2025-12-16T15:48:58+00:00","mainEntityOfPage":{"@id":"https:\/\/www.uni.lu\/de\/news\/winterferien-oeffnungszeiten\/"},"wordCount":295,"publisher":{"@id":"https:\/\/www.uni.lu\/de\/#organization"},"image":{"@id":"https:\/\/www.uni.lu\/de\/news\/winterferien-oeffnungszeiten\/#primaryimage"},"thumbnailUrl":"https:\/\/www.uni.lu\/wp-content\/uploads\/sites\/10\/2025\/12\/16164754\/greetings-2025.png","inLanguage":"de-DE"},{"@type":"WebPage","@id":"https:\/\/www.uni.lu\/de\/news\/winterferien-oeffnungszeiten\/","url":"https:\/\/www.uni.lu\/de\/news\/winterferien-oeffnungszeiten\/","name":"Die Universit\u00e4t w\u00e4hrend der Winterferien: \u00d6ffnungszeiten - Universit\u00e4t Luxemburg","isPartOf":{"@id":"https:\/\/www.uni.lu\/de\/#website"},"primaryImageOfPage":{"@id":"https:\/\/www.uni.lu\/de\/news\/winterferien-oeffnungszeiten\/#primaryimage"},"image":{"@id":"https:\/\/www.uni.lu\/de\/news\/winterferien-oeffnungszeiten\/#primaryimage"},"thumbnailUrl":"https:\/\/www.uni.lu\/wp-content\/uploads\/sites\/10\/2025\/12\/16164754\/greetings-2025.png","datePublished":"2025-12-04T16:50:18+00:00","dateModified":"2025-12-16T15:48:58+00:00","description":"W\u00e4hrend der Winterferien k\u00f6nnen einige Dienstleistungen und Restaurants der Universit\u00e4t geschlossen sein oder ge\u00e4nderte \u00d6ffnungszeiten haben. Universit\u00e4t","breadcrumb":{"@id":"https:\/\/www.uni.lu\/de\/news\/winterferien-oeffnungszeiten\/#breadcrumb"},"inLanguage":"de-DE","potentialAction":[{"@type":"ReadAction","target":["https:\/\/www.uni.lu\/de\/news\/winterferien-oeffnungszeiten\/"]}]},{"@type":"ImageObject","inLanguage":"de-DE","@id":"https:\/\/www.uni.lu\/de\/news\/winterferien-oeffnungszeiten\/#primaryimage","url":"https:\/\/www.uni.lu\/wp-content\/uploads\/sites\/10\/2025\/12\/16164754\/greetings-2025.png","contentUrl":"https:\/\/www.uni.lu\/wp-content\/uploads\/sites\/10\/2025\/12\/16164754\/greetings-2025.png","width":1624,"height":1134},{"@type":"BreadcrumbList","@id":"https:\/\/www.uni.lu\/de\/news\/winterferien-oeffnungszeiten\/#breadcrumb","itemListElement":[{"@type":"ListItem","position":1,"name":"Home","item":"https:\/\/www.uni.lu\/de\/"},{"@type":"ListItem","position":2,"name":"News","item":"https:\/\/www.uni.lu\/de\/news\/"},{"@type":"ListItem","position":3,"name":"Die Universit\u00e4t w\u00e4hrend der Winterferien: \u00d6ffnungszeiten"}]},{"@type":"WebSite","@id":"https:\/\/www.uni.lu\/de\/#website","url":"https:\/\/www.uni.lu\/de\/","name":"Uni.lu","description":"Universit\u00e4t Luxemburg","publisher":{"@id":"https:\/\/www.uni.lu\/de\/#organization"},"alternateName":"Universit\u00e4t Luxemburg","potentialAction":[{"@type":"SearchAction","target":{"@type":"EntryPoint","urlTemplate":"https:\/\/www.uni.lu\/de\/?s={search_term_string}"},"query-input":"required name=search_term_string"}],"inLanguage":"de-DE"},{"@type":"Organization","@id":"https:\/\/www.uni.lu\/de\/#organization","name":"Universit\u00e4t Luxemburg","alternateName":"Uni.lu","url":"https:\/\/www.uni.lu\/de\/","logo":{"@type":"ImageObject","inLanguage":"de-DE","@id":"https:\/\/www.uni.lu\/de\/#\/schema\/logo\/image\/","url":"https:\/\/www.uni.lu\/wp-content\/uploads\/sites\/10\/2026\/03\/03120000\/UNIV_SM-Profile_1600x1600px-scaled.jpg","contentUrl":"https:\/\/www.uni.lu\/wp-content\/uploads\/sites\/10\/2026\/03\/03120000\/UNIV_SM-Profile_1600x1600px-scaled.jpg","width":2560,"height":2560,"caption":"Universit\u00e4t Luxemburg"},"image":"https:\/\/www.uni.lu\/wp-content\/uploads\/sites\/10\/2026\/04\/24144329\/20200609-Belval-Campus_Henri-Goergen-23.jpg","sameAs":["https:\/\/www.facebook.com\/uni.lu","https:\/\/www.linkedin.com\/school\/university-of-luxembourg\/","https:\/\/www.instagram.com\/uni.lu","https:\/\/www.youtube.com\/@uni_lu","https:\/\/en.wikipedia.org\/wiki\/University_of_Luxembourg"],"email":"communication@uni.lu","telephone":"+3524666441","address":{"@type":"PostalAddress","streetAddress":"2, place de l\u2019Universit\u00e9","addressLocality":"Esch-sur-Alzette","postalCode":"4365","addressCountry":"LU"},"description":"Universit\u00e4t Luxemburg"},{"@type":"Person","@id":"https:\/\/www.uni.lu\/de\/#\/schema\/person\/bbacc9db2c68a323b1a3cbdab743cd0c","name":"svankelst","image":{"@type":"ImageObject","inLanguage":"de-DE","@id":"https:\/\/www.uni.lu\/de\/#\/schema\/person\/image\/","url":"https:\/\/secure.gravatar.com\/avatar\/54b090610f90377561821e2f82f83b9f?s=96&d=mm&r=g","contentUrl":"https:\/\/secure.gravatar.com\/avatar\/54b090610f90377561821e2f82f83b9f?s=96&d=mm&r=g","caption":"svankelst"}}]}},"blog_id":10,"_links":{"self":[{"href":"https:\/\/www.uni.lu\/de\/wp-json\/wp\/v2\/news\/8173"}],"collection":[{"href":"https:\/\/www.uni.lu\/de\/wp-json\/wp\/v2\/news"}],"about":[{"href":"https:\/\/www.uni.lu\/de\/wp-json\/wp\/v2\/types\/news"}],"author":[{"embeddable":true,"href":"https:\/\/www.uni.lu\/de\/wp-json\/wp\/v2\/users\/42"}],"version-history":[{"count":4,"href":"https:\/\/www.uni.lu\/de\/wp-json\/wp\/v2\/news\/8173\/revisions"}],"predecessor-version":[{"id":8230,"href":"https:\/\/www.uni.lu\/de\/wp-json\/wp\/v2\/news\/8173\/revisions\/8230"}],"wp:authorship":[{"embeddable":true,"href":"https:\/\/www.uni.lu\/de\/wp-json\/wp\/v2\/users\/42"}],"wp:featuredmedia":[{"embeddable":true,"href":"https:\/\/www.uni.lu\/de\/wp-json\/wp\/v2\/media\/8274"}],"wp:attachment":[{"href":"https:\/\/www.uni.lu\/de\/wp-json\/wp\/v2\/media?parent=8173"}],"wp:term":[{"taxonomy":"news-category","embeddable":true,"href":"https:\/\/www.uni.lu\/de\/wp-json\/wp\/v2\/news-category?post=8173"},{"taxonomy":"news-topic","embeddable":true,"href":"https:\/\/www.uni.lu\/de\/wp-json\/wp\/v2\/news-topic?post=8173"},{"taxonomy":"organisation","embeddable":true,"href":"https:\/\/www.uni.lu\/de\/wp-json\/wp\/v2\/organisation?post=8173"}],"curies":[{"name":"wp","href":"https:\/\/api.w.org\/{rel}","templated":true}]}}