{"id":816,"date":"2021-08-12T09:48:18","date_gmt":"2021-08-12T09:48:18","guid":{"rendered":"https:\/\/website.prod.unilu.spikeseed.cloud\/de\/news\/die-universitaet-luxemburg-tritt-dem-ims-netzwerk-bei\/"},"modified":"2021-08-12T09:48:18","modified_gmt":"2021-08-12T09:48:18","slug":"die-universitaet-luxemburg-tritt-dem-ims-netzwerk-bei","status":"publish","type":"news","link":"https:\/\/www.uni.lu\/de\/news\/die-universitaet-luxemburg-tritt-dem-ims-netzwerk-bei\/","title":{"rendered":"Die Universit\u00e4t Luxemburg tritt dem IMS-Netzwerk bei"},"content":{"rendered":"<section class=\"wp-block-unilux-blocks-free-section section\"><div class=\"container xl:max-w-screen-xl\"><p>Die Universit\u00e4t Luxemburg ist vor Kurzem <a href=\"https:\/\/imslux.lu\/eng\/\" target=\"_blank\" title=\"\" rel=\"noopener\">IMS<\/a> (<i>Inspiring More Sustainability<\/i>), dem f\u00fchrenden Netzwerk luxemburgischer Unternehmen und Organisationen, die sich f\u00fcr Corporate Social Responsibility\u00a0(CSR)\u00a0einsetzen, beigetreten.<\/p><p>Seit mehr als 10 Jahren unterst\u00fctzt IMS seine Mitglieder bei der Entwicklung oder Verbesserung ihrer Arbeitsweise in sozialer, \u00f6kologischer oder wirtschaftlicher Hinsicht. IMS erforscht neue L\u00f6sungen und testet konkret nachhaltige Alternativen mittels Arbeitsgruppen und Pilotprojekte mit positiven Ergebnissen. Durch diese Projekte erleichtert IMS durch die Mobilisierung aller Beteiligten (private, \u00f6ffentliche und Verb\u00e4nde) innovative Initiativen.<\/p><p>IMS ist eine unabh\u00e4ngige, unpolitische und gemeinn\u00fctzige Organisation, die von der Expertise eines agilen und kreativen Teams profitiert. Das Netzwerk repr\u00e4sentiert 16% der luxemburgischen Lohn- und Gehaltsempf\u00e4nger und ist die nationale Vertretung der europ\u00e4ischen Organisation CSR (Corporate Social Responsibility) Europe, dem europ\u00e4ischen Vorreiter f\u00fcr die soziale Verantwortung von Unternehmen, der mehr als 10.000 Mitglieder vereint, die sich der \u00f6kologischen und sozialen Verantwortung verschrieben haben.<\/p><p>Die Projekte von IMS befassen sich mit den folgenden Themen:<\/p><ul class=\"ulux-list\"><li class=\"ulux-list-item\">Menschen: Integration und Vielfalt, Wohlbefinden am Arbeitsplatz, gesellschaftliches Engagement, Jugend, Wirtschaft und Menschenrechte<\/li><li class=\"ulux-list-item\">Planet: Bek\u00e4mpfung des Klimawandels, nat\u00fcrliche Ressourcen und biologische Vielfalt, Abfallvermeidung<\/li><li class=\"ulux-list-item\">Wohlstand: verantwortungsvolle Produktion und bewusster Konsum, neue wirtschaftliche Ans\u00e4tze, Sozial- und Solidarwirtschaft, Transparenz und Berichterstattung.<\/li><\/ul>\n<h3 class=\"has-text-align-left wp-block-unilux-blocks-heading\"        id=\"vielfaeltige-vorteile\"\n    >\nVielf\u00e4ltige Vorteile<\/h3>\n<p>Die Mitgliedschaft im IMS-Netzwerk erm\u00f6glicht es der Universit\u00e4t Luxemburg:<\/p><ul class=\"ulux-list\"><li class=\"ulux-list-item\">ihre Gemeinschaft und ihre Aktivit\u00e4ten mit den Mitgliedern des Netzwerks zu verbinden, um Partnerschaften und gemeinsame Aktionen f\u00fcr eine nachhaltige Entwicklung zu entwickeln<\/li><li class=\"ulux-list-item\">ihren Forschern die M\u00f6glichkeit zu geben, mit Mitgliedsunternehmen oder -organisationen zu interagieren, die im Bereich der nachhaltigen Entwicklung t\u00e4tig sind, und so die lokale Wirkung ihrer Forschungs- und Innovationst\u00e4tigkeit zu verst\u00e4rken<\/li><li class=\"ulux-list-item\">diese Unternehmen und Organisationen mit seinen Studenten, die die Hauptakteure des \u00f6kologischen und gesellschaftlichen Wandels sind, in Kontakt zu bringen.<\/li><li class=\"ulux-list-item\">mit allen Akteuren der nachhaltigen Entwicklung in der Region und auf europ\u00e4ischer Ebene zusammen zu arbeiten.<\/li><li class=\"ulux-list-item\">an thematischen oder territorialen Gruppen f\u00fcr nachhaltige Innovation (Mobilit\u00e4t, Kreislaufwirtschaft, Sozialwesen) teilzunehmen und nachhaltige Alternativen mittels Pilotprojekte zu erproben.<\/li><li class=\"ulux-list-item\">Zugang zu zahlreichen speziellen Instrumenten und bew\u00e4hrten Verfahren im Bereich der sozialen Verantwortung von Unternehmen zu erhalten.<\/li><\/ul>\n<h3 class=\"has-text-align-left wp-block-unilux-blocks-heading\"        id=\"die-universitaet-luxemburg-ein-engagierter-akteur-der-nachhaltigen-entwicklung\"\n    >\nDie Universit\u00e4t Luxemburg &#8211; ein engagierter Akteur der nachhaltigen Entwicklung<\/h3>\n<p>Diese Mitgliedschaft ist Teil der proaktiven Politik der Universit\u00e4t Luxemburg im Bereich der nachhaltigen Entwicklung, die sich in der Integration der sozialen Verantwortung in die interdisziplin\u00e4ren Lehr- und Forschungsprogramme der drei Fakult\u00e4ten und der verschiedenen Zentren der Universit\u00e4t widerspiegelt.<\/p><p>Die verschiedenen interdisziplin\u00e4ren Ans\u00e4tze, die zur Entwicklung nachhaltiger L\u00f6sungen f\u00fcr den \u00f6kologischen, energetischen, klimatischen und sozio\u00f6konomischen Wandel unserer Gesellschaft beitragen sollen, betreffen insbesondere die Bereiche Verkehr\/Mobilit\u00e4t, Digitalisierung, Gesundheits\u00f6konomie, Umwelt\u00f6konomie, Wirtschaftsgeographie, sozio\u00f6konomische und demografische Studien sowie gr\u00fcne Informations- und Kommunikationstechnologien.<\/p><p>Die Universit\u00e4t Luxemburg ist daher bestrebt, im Einklang mit ihren drei Aufgabenfeldern &#8211; Lehre, Forschung und gesellschaftliches Engagement &#8211; die Auswirkungen ihrer T\u00e4tigkeit in ihren sozialen und \u00f6kologischen Ansatz zu integrieren. Durch die Ber\u00fccksichtigung dieser Aspekte in ihrer Verwaltung und ihren Aktivit\u00e4ten soll die Universit\u00e4t Luxemburg mit dieser laufenden Initiative zu einem Vorbild f\u00fcr eine nachhaltige und verantwortungsbewusste Universit\u00e4t werden.<\/p><p>F\u00fcr weitere Informationen:<\/p><ul class=\"ulux-list\"><li class=\"ulux-list-item\"><a href=\"https:\/\/imslux.lu\/eng\" target=\"_self\" title=\"\" rel=\"noopener\">IMS Luxembourg<\/a><\/li><li class=\"ulux-list-item\"><a href=\"https:\/\/imslux.lu\/eng\/qui-sommes-nous\/les-membres\/235_universite-du-luxembourg\" target=\"_self\" title=\"\" rel=\"noopener\">Die Universit\u00e4t Luxembourg im Netzwerk IMS Luxembourg<\/a><\/li><\/ul><\/div><\/section>","protected":false},"excerpt":{"rendered":"<p>Die Universit\u00e4t Luxemburg ist vor Kurzem IMS (Inspiring More Sustainability), dem f\u00fchrenden Netzwerk luxemburgischer Unternehmen und Organisationen, die sich f\u00fcr Corporate Social Responsibility\u00a0(CSR)\u00a0einsetzen, beigetreten.<\/p>\n","protected":false},"author":0,"featured_media":817,"template":"","format":"standard","meta":{"featured_image_focal_point":[],"show_featured_caption":false,"ulux_newsletter_groups":"","uluxPostTitle":"","uluxPrePostTitle":"","_trash_the_other_posts":false,"_price":"","_stock":"","_tribe_ticket_header":"","_tribe_default_ticket_provider":"","_tribe_ticket_capacity":"0","_ticket_start_date":"","_ticket_end_date":"","_tribe_ticket_show_description":"","_tribe_ticket_show_not_going":false,"_tribe_ticket_use_global_stock":"","_tribe_ticket_global_stock_level":"","_global_stock_mode":"","_global_stock_cap":"","_tribe_rsvp_for_event":"","_tribe_ticket_going_count":"","_tribe_ticket_not_going_count":"","_tribe_tickets_list":"[]","_tribe_ticket_has_attendee_info_fields":false},"news-category":[3],"news-topic":[],"organisation":[226],"authorship":[],"acf":[],"yoast_head":"<!-- This site is optimized with the Yoast SEO Premium plugin v22.3 (Yoast SEO v22.3) - https:\/\/yoast.com\/wordpress\/plugins\/seo\/ -->\n<title>Die Universit\u00e4t Luxemburg tritt dem IMS-Netzwerk bei - Universit\u00e4t Luxemburg<\/title>\n<meta name=\"description\" content=\"Die Universit\u00e4t Luxemburg ist vor Kurzem IMS (Inspiring More Sustainability), dem f\u00fchrenden Netzwerk luxemburgischer Unternehmen und Organisationen, die sich f\u00fcr Corporate Social Responsibility\u00a0(CSR)\u00a0einsetzen, beigetreten.\" \/>\n<meta name=\"robots\" content=\"index, follow, max-snippet:-1, max-image-preview:large, max-video-preview:-1\" \/>\n<link rel=\"canonical\" href=\"https:\/\/www.uni.lu\/de\/news\/\" \/>\n<meta property=\"og:locale\" content=\"de_DE\" \/>\n<meta property=\"og:type\" content=\"article\" \/>\n<meta property=\"og:title\" content=\"Die Universit\u00e4t Luxemburg tritt dem IMS-Netzwerk bei\" \/>\n<meta property=\"og:description\" content=\"Die Universit\u00e4t Luxemburg ist vor Kurzem IMS (Inspiring More Sustainability), dem f\u00fchrenden Netzwerk luxemburgischer Unternehmen und Organisationen, die sich f\u00fcr Corporate Social Responsibility\u00a0(CSR)\u00a0einsetzen, beigetreten.\" \/>\n<meta property=\"og:url\" content=\"https:\/\/www.uni.lu\/de\/news\/\" \/>\n<meta property=\"og:site_name\" content=\"UNI DE\" \/>\n<meta property=\"article:publisher\" content=\"https:\/\/www.facebook.com\/uni.lu\" \/>\n<meta property=\"og:image\" content=\"https:\/\/www.uni.lu\/wp-content\/uploads\/sites\/10\/2021\/08\/the_university_of_luxembourg_joins_the_ims_network.jpg\" \/>\n\t<meta property=\"og:image:width\" content=\"800\" \/>\n\t<meta property=\"og:image:height\" content=\"600\" \/>\n\t<meta property=\"og:image:type\" content=\"image\/jpeg\" \/>\n<meta name=\"twitter:card\" content=\"summary_large_image\" \/>\n<meta name=\"twitter:label1\" content=\"Gesch\u00e4tzte Lesezeit\" \/>\n\t<meta name=\"twitter:data1\" content=\"3 Minuten\" \/>\n<script type=\"application\/ld+json\" class=\"yoast-schema-graph\">{\"@context\":\"https:\/\/schema.org\",\"@graph\":[{\"@type\":\"NewsArticle\",\"@id\":\"https:\/\/www.uni.lu\/de\/news\/#article\",\"isPartOf\":{\"@id\":\"https:\/\/www.uni.lu\/de\/news\/\"},\"author\":{\"name\":\"\",\"@id\":\"\"},\"headline\":\"Die Universit\u00e4t Luxemburg tritt dem IMS-Netzwerk bei\",\"datePublished\":\"2021-08-12T09:48:18+00:00\",\"dateModified\":\"2021-08-12T09:48:18+00:00\",\"mainEntityOfPage\":{\"@id\":\"https:\/\/www.uni.lu\/de\/news\/\"},\"wordCount\":534,\"publisher\":{\"@id\":\"https:\/\/www.uni.lu\/de\/#organization\"},\"image\":{\"@id\":\"https:\/\/www.uni.lu\/de\/news\/#primaryimage\"},\"thumbnailUrl\":\"https:\/\/www.uni.lu\/wp-content\/uploads\/sites\/10\/2021\/08\/the_university_of_luxembourg_joins_the_ims_network.jpg\",\"inLanguage\":\"de-DE\"},{\"@type\":\"WebPage\",\"@id\":\"https:\/\/www.uni.lu\/de\/news\/\",\"url\":\"https:\/\/www.uni.lu\/de\/news\/\",\"name\":\"Die Universit\u00e4t Luxemburg tritt dem IMS-Netzwerk bei - Universit\u00e4t Luxemburg\",\"isPartOf\":{\"@id\":\"https:\/\/www.uni.lu\/de\/#website\"},\"primaryImageOfPage\":{\"@id\":\"https:\/\/www.uni.lu\/de\/news\/#primaryimage\"},\"image\":{\"@id\":\"https:\/\/www.uni.lu\/de\/news\/#primaryimage\"},\"thumbnailUrl\":\"https:\/\/www.uni.lu\/wp-content\/uploads\/sites\/10\/2021\/08\/the_university_of_luxembourg_joins_the_ims_network.jpg\",\"datePublished\":\"2021-08-12T09:48:18+00:00\",\"dateModified\":\"2021-08-12T09:48:18+00:00\",\"description\":\"Die Universit\u00e4t Luxemburg ist vor Kurzem IMS (Inspiring More Sustainability), dem f\u00fchrenden Netzwerk luxemburgischer Unternehmen und Organisationen, die sich f\u00fcr Corporate Social Responsibility\u00a0(CSR)\u00a0einsetzen, beigetreten.\",\"breadcrumb\":{\"@id\":\"https:\/\/www.uni.lu\/de\/news\/#breadcrumb\"},\"inLanguage\":\"de-DE\",\"potentialAction\":[{\"@type\":\"ReadAction\",\"target\":[\"https:\/\/www.uni.lu\/de\/news\/\"]}]},{\"@type\":\"ImageObject\",\"inLanguage\":\"de-DE\",\"@id\":\"https:\/\/www.uni.lu\/de\/news\/#primaryimage\",\"url\":\"https:\/\/www.uni.lu\/wp-content\/uploads\/sites\/10\/2021\/08\/the_university_of_luxembourg_joins_the_ims_network.jpg\",\"contentUrl\":\"https:\/\/www.uni.lu\/wp-content\/uploads\/sites\/10\/2021\/08\/the_university_of_luxembourg_joins_the_ims_network.jpg\",\"width\":800,\"height\":600},{\"@type\":\"BreadcrumbList\",\"@id\":\"https:\/\/www.uni.lu\/de\/news\/#breadcrumb\",\"itemListElement\":[{\"@type\":\"ListItem\",\"position\":1,\"name\":\"Home\",\"item\":\"https:\/\/www.uni.lu\/de\/\"},{\"@type\":\"ListItem\",\"position\":2,\"name\":\"News\",\"item\":\"https:\/\/www.uni.lu\/de\/news\/\"},{\"@type\":\"ListItem\",\"position\":3,\"name\":\"Die Universit\u00e4t Luxemburg tritt dem IMS-Netzwerk bei\"}]},{\"@type\":\"WebSite\",\"@id\":\"https:\/\/www.uni.lu\/de\/#website\",\"url\":\"https:\/\/www.uni.lu\/de\/\",\"name\":\"Uni.lu\",\"description\":\"Universit\u00e4t Luxemburg\",\"publisher\":{\"@id\":\"https:\/\/www.uni.lu\/de\/#organization\"},\"alternateName\":\"Universit\u00e4t Luxemburg\",\"potentialAction\":[{\"@type\":\"SearchAction\",\"target\":{\"@type\":\"EntryPoint\",\"urlTemplate\":\"https:\/\/www.uni.lu\/de\/?s={search_term_string}\"},\"query-input\":\"required name=search_term_string\"}],\"inLanguage\":\"de-DE\"},{\"@type\":\"Organization\",\"@id\":\"https:\/\/www.uni.lu\/de\/#organization\",\"name\":\"Universit\u00e4t Luxemburg\",\"alternateName\":\"Uni.lu\",\"url\":\"https:\/\/www.uni.lu\/de\/\",\"logo\":{\"@type\":\"ImageObject\",\"inLanguage\":\"de-DE\",\"@id\":\"https:\/\/www.uni.lu\/de\/#\/schema\/logo\/image\/\",\"url\":\"https:\/\/www.uni.lu\/wp-content\/uploads\/sites\/10\/2026\/03\/03120000\/UNIV_SM-Profile_1600x1600px-scaled.jpg\",\"contentUrl\":\"https:\/\/www.uni.lu\/wp-content\/uploads\/sites\/10\/2026\/03\/03120000\/UNIV_SM-Profile_1600x1600px-scaled.jpg\",\"width\":2560,\"height\":2560,\"caption\":\"Universit\u00e4t Luxemburg\"},\"image\":\"https:\/\/www.uni.lu\/wp-content\/uploads\/sites\/10\/2026\/04\/24144329\/20200609-Belval-Campus_Henri-Goergen-23.jpg\",\"sameAs\":[\"https:\/\/www.facebook.com\/uni.lu\",\"https:\/\/www.linkedin.com\/school\/university-of-luxembourg\/\",\"https:\/\/www.instagram.com\/uni.lu\",\"https:\/\/www.youtube.com\/@uni_lu\",\"https:\/\/en.wikipedia.org\/wiki\/University_of_Luxembourg\"],\"email\":\"communication@uni.lu\",\"telephone\":\"+3524666441\",\"address\":{\"@type\":\"PostalAddress\",\"streetAddress\":\"2, place de l\u2019Universit\u00e9\",\"addressLocality\":\"Esch-sur-Alzette\",\"postalCode\":\"4365\",\"addressCountry\":\"LU\"},\"description\":\"Universit\u00e4t Luxemburg\"}]}<\/script>\n<!-- \/ Yoast SEO Premium plugin. -->","yoast_head_json":{"title":"Die Universit\u00e4t Luxemburg tritt dem IMS-Netzwerk bei - Universit\u00e4t Luxemburg","description":"Die Universit\u00e4t Luxemburg ist vor Kurzem IMS (Inspiring More Sustainability), dem f\u00fchrenden Netzwerk luxemburgischer Unternehmen und Organisationen, die sich f\u00fcr Corporate Social Responsibility\u00a0(CSR)\u00a0einsetzen, beigetreten.","robots":{"index":"index","follow":"follow","max-snippet":"max-snippet:-1","max-image-preview":"max-image-preview:large","max-video-preview":"max-video-preview:-1"},"canonical":"https:\/\/www.uni.lu\/de\/news\/","og_locale":"de_DE","og_type":"article","og_title":"Die Universit\u00e4t Luxemburg tritt dem IMS-Netzwerk bei","og_description":"Die Universit\u00e4t Luxemburg ist vor Kurzem IMS (Inspiring More Sustainability), dem f\u00fchrenden Netzwerk luxemburgischer Unternehmen und Organisationen, die sich f\u00fcr Corporate Social Responsibility\u00a0(CSR)\u00a0einsetzen, beigetreten.","og_url":"https:\/\/www.uni.lu\/de\/news\/","og_site_name":"UNI DE","article_publisher":"https:\/\/www.facebook.com\/uni.lu","og_image":[{"width":800,"height":600,"url":"https:\/\/www.uni.lu\/wp-content\/uploads\/sites\/10\/2021\/08\/the_university_of_luxembourg_joins_the_ims_network.jpg","type":"image\/jpeg"}],"twitter_card":"summary_large_image","twitter_misc":{"Gesch\u00e4tzte Lesezeit":"3 Minuten"},"schema":{"@context":"https:\/\/schema.org","@graph":[{"@type":"NewsArticle","@id":"https:\/\/www.uni.lu\/de\/news\/#article","isPartOf":{"@id":"https:\/\/www.uni.lu\/de\/news\/"},"author":{"name":"","@id":""},"headline":"Die Universit\u00e4t Luxemburg tritt dem IMS-Netzwerk bei","datePublished":"2021-08-12T09:48:18+00:00","dateModified":"2021-08-12T09:48:18+00:00","mainEntityOfPage":{"@id":"https:\/\/www.uni.lu\/de\/news\/"},"wordCount":534,"publisher":{"@id":"https:\/\/www.uni.lu\/de\/#organization"},"image":{"@id":"https:\/\/www.uni.lu\/de\/news\/#primaryimage"},"thumbnailUrl":"https:\/\/www.uni.lu\/wp-content\/uploads\/sites\/10\/2021\/08\/the_university_of_luxembourg_joins_the_ims_network.jpg","inLanguage":"de-DE"},{"@type":"WebPage","@id":"https:\/\/www.uni.lu\/de\/news\/","url":"https:\/\/www.uni.lu\/de\/news\/","name":"Die Universit\u00e4t Luxemburg tritt dem IMS-Netzwerk bei - Universit\u00e4t Luxemburg","isPartOf":{"@id":"https:\/\/www.uni.lu\/de\/#website"},"primaryImageOfPage":{"@id":"https:\/\/www.uni.lu\/de\/news\/#primaryimage"},"image":{"@id":"https:\/\/www.uni.lu\/de\/news\/#primaryimage"},"thumbnailUrl":"https:\/\/www.uni.lu\/wp-content\/uploads\/sites\/10\/2021\/08\/the_university_of_luxembourg_joins_the_ims_network.jpg","datePublished":"2021-08-12T09:48:18+00:00","dateModified":"2021-08-12T09:48:18+00:00","description":"Die Universit\u00e4t Luxemburg ist vor Kurzem IMS (Inspiring More Sustainability), dem f\u00fchrenden Netzwerk luxemburgischer Unternehmen und Organisationen, die sich f\u00fcr Corporate Social Responsibility\u00a0(CSR)\u00a0einsetzen, beigetreten.","breadcrumb":{"@id":"https:\/\/www.uni.lu\/de\/news\/#breadcrumb"},"inLanguage":"de-DE","potentialAction":[{"@type":"ReadAction","target":["https:\/\/www.uni.lu\/de\/news\/"]}]},{"@type":"ImageObject","inLanguage":"de-DE","@id":"https:\/\/www.uni.lu\/de\/news\/#primaryimage","url":"https:\/\/www.uni.lu\/wp-content\/uploads\/sites\/10\/2021\/08\/the_university_of_luxembourg_joins_the_ims_network.jpg","contentUrl":"https:\/\/www.uni.lu\/wp-content\/uploads\/sites\/10\/2021\/08\/the_university_of_luxembourg_joins_the_ims_network.jpg","width":800,"height":600},{"@type":"BreadcrumbList","@id":"https:\/\/www.uni.lu\/de\/news\/#breadcrumb","itemListElement":[{"@type":"ListItem","position":1,"name":"Home","item":"https:\/\/www.uni.lu\/de\/"},{"@type":"ListItem","position":2,"name":"News","item":"https:\/\/www.uni.lu\/de\/news\/"},{"@type":"ListItem","position":3,"name":"Die Universit\u00e4t Luxemburg tritt dem IMS-Netzwerk bei"}]},{"@type":"WebSite","@id":"https:\/\/www.uni.lu\/de\/#website","url":"https:\/\/www.uni.lu\/de\/","name":"Uni.lu","description":"Universit\u00e4t Luxemburg","publisher":{"@id":"https:\/\/www.uni.lu\/de\/#organization"},"alternateName":"Universit\u00e4t Luxemburg","potentialAction":[{"@type":"SearchAction","target":{"@type":"EntryPoint","urlTemplate":"https:\/\/www.uni.lu\/de\/?s={search_term_string}"},"query-input":"required name=search_term_string"}],"inLanguage":"de-DE"},{"@type":"Organization","@id":"https:\/\/www.uni.lu\/de\/#organization","name":"Universit\u00e4t Luxemburg","alternateName":"Uni.lu","url":"https:\/\/www.uni.lu\/de\/","logo":{"@type":"ImageObject","inLanguage":"de-DE","@id":"https:\/\/www.uni.lu\/de\/#\/schema\/logo\/image\/","url":"https:\/\/www.uni.lu\/wp-content\/uploads\/sites\/10\/2026\/03\/03120000\/UNIV_SM-Profile_1600x1600px-scaled.jpg","contentUrl":"https:\/\/www.uni.lu\/wp-content\/uploads\/sites\/10\/2026\/03\/03120000\/UNIV_SM-Profile_1600x1600px-scaled.jpg","width":2560,"height":2560,"caption":"Universit\u00e4t Luxemburg"},"image":"https:\/\/www.uni.lu\/wp-content\/uploads\/sites\/10\/2026\/04\/24144329\/20200609-Belval-Campus_Henri-Goergen-23.jpg","sameAs":["https:\/\/www.facebook.com\/uni.lu","https:\/\/www.linkedin.com\/school\/university-of-luxembourg\/","https:\/\/www.instagram.com\/uni.lu","https:\/\/www.youtube.com\/@uni_lu","https:\/\/en.wikipedia.org\/wiki\/University_of_Luxembourg"],"email":"communication@uni.lu","telephone":"+3524666441","address":{"@type":"PostalAddress","streetAddress":"2, place de l\u2019Universit\u00e9","addressLocality":"Esch-sur-Alzette","postalCode":"4365","addressCountry":"LU"},"description":"Universit\u00e4t Luxemburg"}]}},"blog_id":10,"_links":{"self":[{"href":"https:\/\/www.uni.lu\/de\/wp-json\/wp\/v2\/news\/816"}],"collection":[{"href":"https:\/\/www.uni.lu\/de\/wp-json\/wp\/v2\/news"}],"about":[{"href":"https:\/\/www.uni.lu\/de\/wp-json\/wp\/v2\/types\/news"}],"version-history":[{"count":0,"href":"https:\/\/www.uni.lu\/de\/wp-json\/wp\/v2\/news\/816\/revisions"}],"wp:featuredmedia":[{"embeddable":true,"href":"https:\/\/www.uni.lu\/de\/wp-json\/wp\/v2\/media\/817"}],"wp:attachment":[{"href":"https:\/\/www.uni.lu\/de\/wp-json\/wp\/v2\/media?parent=816"}],"wp:term":[{"taxonomy":"news-category","embeddable":true,"href":"https:\/\/www.uni.lu\/de\/wp-json\/wp\/v2\/news-category?post=816"},{"taxonomy":"news-topic","embeddable":true,"href":"https:\/\/www.uni.lu\/de\/wp-json\/wp\/v2\/news-topic?post=816"},{"taxonomy":"organisation","embeddable":true,"href":"https:\/\/www.uni.lu\/de\/wp-json\/wp\/v2\/organisation?post=816"}],"curies":[{"name":"wp","href":"https:\/\/api.w.org\/{rel}","templated":true}]}}