{"id":8158,"date":"2025-12-05T17:36:10","date_gmt":"2025-12-05T16:36:10","guid":{"rendered":"https:\/\/www.uni.lu\/de\/?post_type=news&#038;p=8158"},"modified":"2025-12-05T17:36:11","modified_gmt":"2025-12-05T16:36:11","slug":"uni-lu-gruendet-institut-fuer-innovatives-lehren-und-lernen","status":"publish","type":"news","link":"https:\/\/www.uni.lu\/de\/news\/uni-lu-gruendet-institut-fuer-innovatives-lehren-und-lernen\/","title":{"rendered":"Uni.lu gr\u00fcndet Institut f\u00fcr innovatives Lehren und Lernen"},"content":{"rendered":"\n<section class=\"wp-block-unilux-blocks-free-section section\"><div class=\"container xl:max-w-screen-xl\">\n<p>Die Universit\u00e4t hat ihr<a href=\"https:\/\/www.uni.lu\/de\/studium\/i2tl\/\">&nbsp;Institute for Innovative Teaching and Learning (I\u00b2TL)<\/a> gegr\u00fcndet. Die Plattform wird&nbsp;zum einen&nbsp;moderne Ans\u00e4tze zur Lehrerweiterbildung und digitalen Bildung&nbsp;f\u00f6rdern,&nbsp;zum anderen&nbsp;einen speziellen Fonds&nbsp;f\u00fcr&nbsp;studentenzentrierte Innovationen in der Lehre&nbsp;ausf\u00fchren.<\/p>\n\n\n\n<p>Das Institut&nbsp;zielt&nbsp;modernste digitale Bildung und innovative Lehrmethoden&nbsp;an, die in Zusammenarbeit&nbsp;mit gleichgesinnten Instituten in ganz Europa&nbsp;verbessert werden. Das I\u00b2TL spiegelt die Ambitionen der Universit\u00e4t im Bildungsbereich wider: eine dynamische Lernumgebung zu bieten und Studierenden und Lehrenden innovative Methoden, Kenntnisse und p\u00e4dagogische Ans\u00e4tze an die Hand zu geben, um zuk\u00fcnftige Herausforderungen zu meistern.&nbsp;<\/p>\n\n\n\n<p>Das Institut wurde am 20. Oktober 2025 von Rektor Prof. Jens Kreisel und Vizerektor f\u00fcr akademische und studentische Angelegenheiten Prof. Philippe&nbsp;Hiligsmann&nbsp;offiziell der studentischen und akademischen Gemeinschaft vorgestellt.&nbsp;<\/p>\n\n\n\n<p>Prof. Jens Kreisel\u00a0betont, dass es bei p\u00e4dagogischer Innovation nicht nur um Neuheit geht, sondern auch um Relevanz und Wirkung f\u00fcr die Lernenden:<\/p>\n\n\n\n<section class=\"wp-block-unilux-blocks-quote-people\">\n    <div class=\"quote-people\" role=\"group\">\n        <figure class=\"quote-people__body\">\n            <blockquote class=\"quote-people__blockquote\">\n    <span class=\"quote-people__quote\">\u201f<\/span>\n    <em>P\u00e4dagogische Innovation ist nur dann sinnvoll, wenn sie auf die tats\u00e4chlichen Bed\u00fcrfnisse der Studierenden eingeht. Und \u00fcber die Bed\u00fcrfnisse der Studierenden nachzudenken, macht nur Sinn, wenn wir\u00a0uns mit ihnen\u00a0aussprechen. Mit dem I\u00b2TL wollen wir die Studierenden aktiv als Partner einbeziehen. Sie werden an der gemeinsamen Entwicklung, Erprobung und Umsetzung von Bildungsinitiativen<\/em>\u00a0beteiligt sein.\u201d\n<\/blockquote><!-- People Item Automated: Quote People -->\n<div class=\"quote-people__visual\">\n    <figure class=\"wp-block-dev4-reusable-blocks-image object-fit--cover\">\n        <!-- Template Image Component: default -->\n<img decoding=\"async\" class=\"w-full\" width=\"\" height=\"\" rel=\"\" alt=\"Prof Jens KREISEL\" src=\"https:\/\/www.uni.lu\/en\/person-image\/NTAwMzE3MzBfX0plbnMgS1JFSVNFTA==\" srcset=\"https:\/\/www.uni.lu\/en\/person-image\/NTAwMzE3MzBfX0plbnMgS1JFSVNFTA==--thumbnail 150w,https:\/\/www.uni.lu\/en\/person-image\/NTAwMzE3MzBfX0plbnMgS1JFSVNFTA==--medium 300w,https:\/\/www.uni.lu\/en\/person-image\/NTAwMzE3MzBfX0plbnMgS1JFSVNFTA==--medium_large 768w,https:\/\/www.uni.lu\/en\/person-image\/NTAwMzE3MzBfX0plbnMgS1JFSVNFTA==--large 1024w,https:\/\/www.uni.lu\/en\/person-image\/NTAwMzE3MzBfX0plbnMgS1JFSVNFTA==--1536x1536 1536w,https:\/\/www.uni.lu\/en\/person-image\/NTAwMzE3MzBfX0plbnMgS1JFSVNFTA==--2048x2048 2048w\" loading=\"lazy\" \/><!-- end Image Component -->\n    <\/figure>\n<\/div>\n<div class=\"quote-people__figcaption\">\n    <p class=\"quote-people__author\">Prof Jens KREISEL<\/p>\n    <p class=\"quote-people__position\">Rector<\/p>\n    <div class=\"wp-block-unilux-blocks-simple-cta wp-block-unilux-blocks-people-item-automated\">\n    <a\n        href=\"https:\/\/www.uni.lu\/fstm-en\/people\/jens-kreisel\/\"\n        title=\"Prof Jens KREISEL\"\n        class=\"link-text link-text--icon quote-people__link\"\n        target=\"\"\n    >\n        <span class=\"link-text__body\">\n            <span class=\"link-text__name\">Profil anzeigen<\/span>\n        <\/span>\n        <svg aria-hidden=\"true\" focusable=\"false\" class=\"icon icon-outline icon--arrow-right \"><use xlink:href=\"https:\/\/www.uni.lu\/wp-content\/themes\/unilux-theme\/assets\/images\/icons\/icons-outline.svg#icon--arrow-right\"><\/use><\/svg>    <\/a>\n<\/div>\n<\/div>\n<!-- end People Item Automated -->        <\/figure>\n    <\/div>\n<\/section>\n\n<div class=\"wp-block-unilux-blocks-spacer is-spacer-size-sm\"><\/div>\n\n\n<ul class=\"wp-block-unilux-blocks-button-list-v2\">\n<li class=\"wp-block-unilux-blocks-button-list-item-v2\"><a class=\"quick-link\" href=\"https:\/\/www.uni.lu\/en\/?post_type=news&amp;p=54838\" target=\"\" role=\"link\" rel=\"noopener\" tabindex=\"0\"><span class=\"quick-link__container\">\n<div class=\"wp-block-unilux-blocks-block-inserter quick-link__img\">\n<div class=\"icon--primary icon--secondary-2 icon--lg wp-block-unilux-blocks-icon-picker\">\n    <svg aria-hidden=\"true\" focusable=\"false\" class=\"icon icon-outline icon--news \"><use xlink:href=\"https:\/\/www.uni.lu\/wp-content\/themes\/unilux-theme\/assets\/images\/icons\/icons-outline.svg#icon--news\"><\/use><\/svg><\/div><\/div>\n\n\n\n<span class=\"quick-link__name wp-block-unilux-blocks-plain-text\">Lesen Sie den vollst\u00e4ndigen Artikel auf Englisch<\/span>\n\n<svg aria-hidden=\"true\" focusable=\"false\" class=\"icon icon-outline icon--arrow-right \"><use xlink:href=\"https:\/\/www.uni.lu\/wp-content\/themes\/unilux-theme\/assets\/images\/icons\/icons-outline.svg#icon--arrow-right\"><\/use><\/svg><\/span><\/a><\/li>\n\n\n\n<li class=\"wp-block-unilux-blocks-button-list-item-v2\"><a class=\"quick-link\" href=\"https:\/\/www.uni.lu\/fr\/?post_type=news&amp;p=17485\" target=\"\" role=\"link\" rel=\"noopener\" tabindex=\"0\"><span class=\"quick-link__container\">\n<div class=\"wp-block-unilux-blocks-block-inserter quick-link__img\">\n<div class=\"icon--secondary icon--primary-2 icon--lg wp-block-unilux-blocks-icon-picker\">\n    <svg aria-hidden=\"true\" focusable=\"false\" class=\"icon icon-outline icon--news \"><use xlink:href=\"https:\/\/www.uni.lu\/wp-content\/themes\/unilux-theme\/assets\/images\/icons\/icons-outline.svg#icon--news\"><\/use><\/svg><\/div><\/div>\n\n\n\n<span class=\"quick-link__name wp-block-unilux-blocks-plain-text\">Lesen Sie den vollst\u00e4ndigen Artikel auf Franz\u00f6sisch<\/span>\n\n<svg aria-hidden=\"true\" focusable=\"false\" class=\"icon icon-outline icon--arrow-right \"><use xlink:href=\"https:\/\/www.uni.lu\/wp-content\/themes\/unilux-theme\/assets\/images\/icons\/icons-outline.svg#icon--arrow-right\"><\/use><\/svg><\/span><\/a><\/li>\n<\/ul>\n<\/div><\/section>\n\n\n<section class=\"section section wp-block-unilux-blocks-quick-link-discover-section py-0\">\n    <div class=\"container xl:max-w-screen-xl\">\n        \n<h2 class=\"has-text-align-left wp-block-unilux-blocks-heading\"        id=\"weitere-informationen-zu\"\n    >\nWeitere Informationen zu&#8230;<\/h2>\n\n<ul class=\"wp-block-unilux-blocks-quick-link-discover quick-link-list\">\n<li class=\"wp-block-unilux-blocks-quick-link-discover-item\">\n    <a\n                    href=\"https:\/\/www.uni.lu\/de\/studium\/i2tl\/\"\n                    class=\"quick-link\"\n            target=\"\"\n    >\n            <span class=\"quick-link__container\">\n                <span class=\"quick-link__text\">\n                    Institute for Innovative Teaching and Learning (I\u00b2TL)                <\/span>\n                <svg aria-hidden=\"true\" focusable=\"false\" class=\"icon icon-outline icon--arrow-right \"><use xlink:href=\"https:\/\/www.uni.lu\/wp-content\/themes\/unilux-theme\/assets\/images\/icons\/icons-outline.svg#icon--arrow-right\"><\/use><\/svg>            <\/span>\n    <\/a>\n<\/li>\n<\/ul>\n    <\/div>\n<\/section>","protected":false},"excerpt":{"rendered":"","protected":false},"author":341,"featured_media":8187,"template":"","format":"standard","meta":{"featured_image_focal_point":{"x":0.55,"y":0.6},"show_featured_caption":true,"ulux_newsletter_groups":"","uluxPostTitle":"","uluxPrePostTitle":"","_trash_the_other_posts":false,"_price":"","_stock":"","_tribe_ticket_header":"","_tribe_default_ticket_provider":"","_tribe_ticket_capacity":"0","_ticket_start_date":"","_ticket_end_date":"","_tribe_ticket_show_description":"","_tribe_ticket_show_not_going":false,"_tribe_ticket_use_global_stock":"","_tribe_ticket_global_stock_level":"","_global_stock_mode":"","_global_stock_cap":"","_tribe_rsvp_for_event":"","_tribe_ticket_going_count":"","_tribe_ticket_not_going_count":"","_tribe_tickets_list":"[]","_tribe_ticket_has_attendee_info_fields":false},"news-category":[5],"news-topic":[400],"organisation":[],"authorship":[341],"acf":[],"yoast_head":"<!-- This site is optimized with the Yoast SEO Premium plugin v22.3 (Yoast SEO v22.3) - https:\/\/yoast.com\/wordpress\/plugins\/seo\/ -->\n<title>Uni.lu gr\u00fcndet Institut f\u00fcr innovatives Lehren und Lernen - Universit\u00e4t Luxemburg<\/title>\n<meta name=\"description\" content=\"Die Universit\u00e4t hat ihr&nbsp;Institute for Innovative Teaching and Learning (I\u00b2TL) gegr\u00fcndet. Die Plattform wird&nbsp;zum einen&nbsp;moderne Ans\u00e4tze zur\" \/>\n<meta name=\"robots\" content=\"index, follow, max-snippet:-1, max-image-preview:large, max-video-preview:-1\" \/>\n<link rel=\"canonical\" href=\"https:\/\/www.uni.lu\/de\/news\/uni-lu-gruendet-institut-fuer-innovatives-lehren-und-lernen\/\" \/>\n<meta property=\"og:locale\" content=\"de_DE\" \/>\n<meta property=\"og:type\" content=\"article\" \/>\n<meta property=\"og:title\" content=\"Uni.lu gr\u00fcndet Institut f\u00fcr innovatives Lehren und Lernen\" \/>\n<meta property=\"og:description\" content=\"Die Universit\u00e4t hat ihr&nbsp;Institute for Innovative Teaching and Learning (I\u00b2TL) gegr\u00fcndet. Die Plattform wird&nbsp;zum einen&nbsp;moderne Ans\u00e4tze zur\" \/>\n<meta property=\"og:url\" content=\"https:\/\/www.uni.lu\/de\/news\/uni-lu-gruendet-institut-fuer-innovatives-lehren-und-lernen\/\" \/>\n<meta property=\"og:site_name\" content=\"UNI DE\" \/>\n<meta property=\"article:publisher\" content=\"https:\/\/www.facebook.com\/uni.lu\" \/>\n<meta property=\"article:modified_time\" content=\"2025-12-05T16:36:11+00:00\" \/>\n<meta property=\"og:image\" content=\"https:\/\/www.uni.lu\/wp-content\/uploads\/sites\/10\/2025\/12\/05164055\/Workshop3_I2TL.jpeg\" \/>\n\t<meta property=\"og:image:width\" content=\"2048\" \/>\n\t<meta property=\"og:image:height\" content=\"1536\" \/>\n\t<meta property=\"og:image:type\" content=\"image\/jpeg\" \/>\n<meta name=\"twitter:card\" content=\"summary_large_image\" \/>\n<meta name=\"twitter:label1\" content=\"Gesch\u00e4tzte Lesezeit\" \/>\n\t<meta name=\"twitter:data1\" content=\"2 Minuten\" \/>\n<script type=\"application\/ld+json\" class=\"yoast-schema-graph\">{\"@context\":\"https:\/\/schema.org\",\"@graph\":[{\"@type\":\"NewsArticle\",\"@id\":\"https:\/\/www.uni.lu\/de\/news\/uni-lu-gruendet-institut-fuer-innovatives-lehren-und-lernen\/#article\",\"isPartOf\":{\"@id\":\"https:\/\/www.uni.lu\/de\/news\/uni-lu-gruendet-institut-fuer-innovatives-lehren-und-lernen\/\"},\"author\":{\"name\":\"Catherine Clesse\",\"@id\":\"https:\/\/www.uni.lu\/de\/#\/schema\/person\/67d3defa53981502bf9cddb74a850c08\"},\"headline\":\"Uni.lu gr\u00fcndet Institut f\u00fcr innovatives Lehren und Lernen\",\"datePublished\":\"2025-12-05T16:36:10+00:00\",\"dateModified\":\"2025-12-05T16:36:11+00:00\",\"mainEntityOfPage\":{\"@id\":\"https:\/\/www.uni.lu\/de\/news\/uni-lu-gruendet-institut-fuer-innovatives-lehren-und-lernen\/\"},\"wordCount\":187,\"publisher\":{\"@id\":\"https:\/\/www.uni.lu\/de\/#organization\"},\"image\":{\"@id\":\"https:\/\/www.uni.lu\/de\/news\/uni-lu-gruendet-institut-fuer-innovatives-lehren-und-lernen\/#primaryimage\"},\"thumbnailUrl\":\"https:\/\/www.uni.lu\/wp-content\/uploads\/sites\/10\/2025\/12\/05164055\/Workshop3_I2TL.jpeg\",\"inLanguage\":\"de-DE\"},{\"@type\":\"WebPage\",\"@id\":\"https:\/\/www.uni.lu\/de\/news\/uni-lu-gruendet-institut-fuer-innovatives-lehren-und-lernen\/\",\"url\":\"https:\/\/www.uni.lu\/de\/news\/uni-lu-gruendet-institut-fuer-innovatives-lehren-und-lernen\/\",\"name\":\"Uni.lu gr\u00fcndet Institut f\u00fcr innovatives Lehren und Lernen - Universit\u00e4t Luxemburg\",\"isPartOf\":{\"@id\":\"https:\/\/www.uni.lu\/de\/#website\"},\"primaryImageOfPage\":{\"@id\":\"https:\/\/www.uni.lu\/de\/news\/uni-lu-gruendet-institut-fuer-innovatives-lehren-und-lernen\/#primaryimage\"},\"image\":{\"@id\":\"https:\/\/www.uni.lu\/de\/news\/uni-lu-gruendet-institut-fuer-innovatives-lehren-und-lernen\/#primaryimage\"},\"thumbnailUrl\":\"https:\/\/www.uni.lu\/wp-content\/uploads\/sites\/10\/2025\/12\/05164055\/Workshop3_I2TL.jpeg\",\"datePublished\":\"2025-12-05T16:36:10+00:00\",\"dateModified\":\"2025-12-05T16:36:11+00:00\",\"description\":\"Die Universit\u00e4t hat ihr&nbsp;Institute for Innovative Teaching and Learning (I\u00b2TL) gegr\u00fcndet. Die Plattform wird&nbsp;zum einen&nbsp;moderne Ans\u00e4tze zur\",\"breadcrumb\":{\"@id\":\"https:\/\/www.uni.lu\/de\/news\/uni-lu-gruendet-institut-fuer-innovatives-lehren-und-lernen\/#breadcrumb\"},\"inLanguage\":\"de-DE\",\"potentialAction\":[{\"@type\":\"ReadAction\",\"target\":[\"https:\/\/www.uni.lu\/de\/news\/uni-lu-gruendet-institut-fuer-innovatives-lehren-und-lernen\/\"]}]},{\"@type\":\"ImageObject\",\"inLanguage\":\"de-DE\",\"@id\":\"https:\/\/www.uni.lu\/de\/news\/uni-lu-gruendet-institut-fuer-innovatives-lehren-und-lernen\/#primaryimage\",\"url\":\"https:\/\/www.uni.lu\/wp-content\/uploads\/sites\/10\/2025\/12\/05164055\/Workshop3_I2TL.jpeg\",\"contentUrl\":\"https:\/\/www.uni.lu\/wp-content\/uploads\/sites\/10\/2025\/12\/05164055\/Workshop3_I2TL.jpeg\",\"width\":2048,\"height\":1536,\"caption\":\"Institute for Innovative Teaching and Learning (I\u00b2TL)\"},{\"@type\":\"BreadcrumbList\",\"@id\":\"https:\/\/www.uni.lu\/de\/news\/uni-lu-gruendet-institut-fuer-innovatives-lehren-und-lernen\/#breadcrumb\",\"itemListElement\":[{\"@type\":\"ListItem\",\"position\":1,\"name\":\"Home\",\"item\":\"https:\/\/www.uni.lu\/de\/\"},{\"@type\":\"ListItem\",\"position\":2,\"name\":\"News\",\"item\":\"https:\/\/www.uni.lu\/de\/news\/\"},{\"@type\":\"ListItem\",\"position\":3,\"name\":\"Uni.lu gr\u00fcndet Institut f\u00fcr innovatives Lehren und Lernen\"}]},{\"@type\":\"WebSite\",\"@id\":\"https:\/\/www.uni.lu\/de\/#website\",\"url\":\"https:\/\/www.uni.lu\/de\/\",\"name\":\"Uni.lu\",\"description\":\"Universit\u00e4t Luxemburg\",\"publisher\":{\"@id\":\"https:\/\/www.uni.lu\/de\/#organization\"},\"alternateName\":\"Universit\u00e4t Luxemburg\",\"potentialAction\":[{\"@type\":\"SearchAction\",\"target\":{\"@type\":\"EntryPoint\",\"urlTemplate\":\"https:\/\/www.uni.lu\/de\/?s={search_term_string}\"},\"query-input\":\"required name=search_term_string\"}],\"inLanguage\":\"de-DE\"},{\"@type\":\"Organization\",\"@id\":\"https:\/\/www.uni.lu\/de\/#organization\",\"name\":\"Universit\u00e4t Luxemburg\",\"alternateName\":\"Uni.lu\",\"url\":\"https:\/\/www.uni.lu\/de\/\",\"logo\":{\"@type\":\"ImageObject\",\"inLanguage\":\"de-DE\",\"@id\":\"https:\/\/www.uni.lu\/de\/#\/schema\/logo\/image\/\",\"url\":\"https:\/\/www.uni.lu\/wp-content\/uploads\/sites\/10\/2026\/03\/03120000\/UNIV_SM-Profile_1600x1600px-scaled.jpg\",\"contentUrl\":\"https:\/\/www.uni.lu\/wp-content\/uploads\/sites\/10\/2026\/03\/03120000\/UNIV_SM-Profile_1600x1600px-scaled.jpg\",\"width\":2560,\"height\":2560,\"caption\":\"Universit\u00e4t Luxemburg\"},\"image\":\"https:\/\/www.uni.lu\/wp-content\/uploads\/sites\/10\/2026\/04\/24144329\/20200609-Belval-Campus_Henri-Goergen-23.jpg\",\"sameAs\":[\"https:\/\/www.facebook.com\/uni.lu\",\"https:\/\/www.linkedin.com\/school\/university-of-luxembourg\/\",\"https:\/\/www.instagram.com\/uni.lu\",\"https:\/\/www.youtube.com\/@uni_lu\",\"https:\/\/en.wikipedia.org\/wiki\/University_of_Luxembourg\"],\"email\":\"communication@uni.lu\",\"telephone\":\"+3524666441\",\"address\":{\"@type\":\"PostalAddress\",\"streetAddress\":\"2, place de l\u2019Universit\u00e9\",\"addressLocality\":\"Esch-sur-Alzette\",\"postalCode\":\"4365\",\"addressCountry\":\"LU\"},\"description\":\"Universit\u00e4t Luxemburg\"},{\"@type\":\"Person\",\"@id\":\"https:\/\/www.uni.lu\/de\/#\/schema\/person\/67d3defa53981502bf9cddb74a850c08\",\"name\":\"Catherine Clesse\",\"image\":{\"@type\":\"ImageObject\",\"inLanguage\":\"de-DE\",\"@id\":\"https:\/\/www.uni.lu\/de\/#\/schema\/person\/image\/\",\"url\":\"https:\/\/secure.gravatar.com\/avatar\/6a2e15a24f9036a6aee8753304e46c2d?s=96&d=mm&r=g\",\"contentUrl\":\"https:\/\/secure.gravatar.com\/avatar\/6a2e15a24f9036a6aee8753304e46c2d?s=96&d=mm&r=g\",\"caption\":\"Catherine Clesse\"}}]}<\/script>\n<!-- \/ Yoast SEO Premium plugin. -->","yoast_head_json":{"title":"Uni.lu gr\u00fcndet Institut f\u00fcr innovatives Lehren und Lernen - Universit\u00e4t Luxemburg","description":"Die Universit\u00e4t hat ihr&nbsp;Institute for Innovative Teaching and Learning (I\u00b2TL) gegr\u00fcndet. Die Plattform wird&nbsp;zum einen&nbsp;moderne Ans\u00e4tze zur","robots":{"index":"index","follow":"follow","max-snippet":"max-snippet:-1","max-image-preview":"max-image-preview:large","max-video-preview":"max-video-preview:-1"},"canonical":"https:\/\/www.uni.lu\/de\/news\/uni-lu-gruendet-institut-fuer-innovatives-lehren-und-lernen\/","og_locale":"de_DE","og_type":"article","og_title":"Uni.lu gr\u00fcndet Institut f\u00fcr innovatives Lehren und Lernen","og_description":"Die Universit\u00e4t hat ihr&nbsp;Institute for Innovative Teaching and Learning (I\u00b2TL) gegr\u00fcndet. Die Plattform wird&nbsp;zum einen&nbsp;moderne Ans\u00e4tze zur","og_url":"https:\/\/www.uni.lu\/de\/news\/uni-lu-gruendet-institut-fuer-innovatives-lehren-und-lernen\/","og_site_name":"UNI DE","article_publisher":"https:\/\/www.facebook.com\/uni.lu","article_modified_time":"2025-12-05T16:36:11+00:00","og_image":[{"width":2048,"height":1536,"url":"https:\/\/www.uni.lu\/wp-content\/uploads\/sites\/10\/2025\/12\/05164055\/Workshop3_I2TL.jpeg","type":"image\/jpeg"}],"twitter_card":"summary_large_image","twitter_misc":{"Gesch\u00e4tzte Lesezeit":"2 Minuten"},"schema":{"@context":"https:\/\/schema.org","@graph":[{"@type":"NewsArticle","@id":"https:\/\/www.uni.lu\/de\/news\/uni-lu-gruendet-institut-fuer-innovatives-lehren-und-lernen\/#article","isPartOf":{"@id":"https:\/\/www.uni.lu\/de\/news\/uni-lu-gruendet-institut-fuer-innovatives-lehren-und-lernen\/"},"author":{"name":"Catherine Clesse","@id":"https:\/\/www.uni.lu\/de\/#\/schema\/person\/67d3defa53981502bf9cddb74a850c08"},"headline":"Uni.lu gr\u00fcndet Institut f\u00fcr innovatives Lehren und Lernen","datePublished":"2025-12-05T16:36:10+00:00","dateModified":"2025-12-05T16:36:11+00:00","mainEntityOfPage":{"@id":"https:\/\/www.uni.lu\/de\/news\/uni-lu-gruendet-institut-fuer-innovatives-lehren-und-lernen\/"},"wordCount":187,"publisher":{"@id":"https:\/\/www.uni.lu\/de\/#organization"},"image":{"@id":"https:\/\/www.uni.lu\/de\/news\/uni-lu-gruendet-institut-fuer-innovatives-lehren-und-lernen\/#primaryimage"},"thumbnailUrl":"https:\/\/www.uni.lu\/wp-content\/uploads\/sites\/10\/2025\/12\/05164055\/Workshop3_I2TL.jpeg","inLanguage":"de-DE"},{"@type":"WebPage","@id":"https:\/\/www.uni.lu\/de\/news\/uni-lu-gruendet-institut-fuer-innovatives-lehren-und-lernen\/","url":"https:\/\/www.uni.lu\/de\/news\/uni-lu-gruendet-institut-fuer-innovatives-lehren-und-lernen\/","name":"Uni.lu gr\u00fcndet Institut f\u00fcr innovatives Lehren und Lernen - Universit\u00e4t Luxemburg","isPartOf":{"@id":"https:\/\/www.uni.lu\/de\/#website"},"primaryImageOfPage":{"@id":"https:\/\/www.uni.lu\/de\/news\/uni-lu-gruendet-institut-fuer-innovatives-lehren-und-lernen\/#primaryimage"},"image":{"@id":"https:\/\/www.uni.lu\/de\/news\/uni-lu-gruendet-institut-fuer-innovatives-lehren-und-lernen\/#primaryimage"},"thumbnailUrl":"https:\/\/www.uni.lu\/wp-content\/uploads\/sites\/10\/2025\/12\/05164055\/Workshop3_I2TL.jpeg","datePublished":"2025-12-05T16:36:10+00:00","dateModified":"2025-12-05T16:36:11+00:00","description":"Die Universit\u00e4t hat ihr&nbsp;Institute for Innovative Teaching and Learning (I\u00b2TL) gegr\u00fcndet. Die Plattform wird&nbsp;zum einen&nbsp;moderne Ans\u00e4tze zur","breadcrumb":{"@id":"https:\/\/www.uni.lu\/de\/news\/uni-lu-gruendet-institut-fuer-innovatives-lehren-und-lernen\/#breadcrumb"},"inLanguage":"de-DE","potentialAction":[{"@type":"ReadAction","target":["https:\/\/www.uni.lu\/de\/news\/uni-lu-gruendet-institut-fuer-innovatives-lehren-und-lernen\/"]}]},{"@type":"ImageObject","inLanguage":"de-DE","@id":"https:\/\/www.uni.lu\/de\/news\/uni-lu-gruendet-institut-fuer-innovatives-lehren-und-lernen\/#primaryimage","url":"https:\/\/www.uni.lu\/wp-content\/uploads\/sites\/10\/2025\/12\/05164055\/Workshop3_I2TL.jpeg","contentUrl":"https:\/\/www.uni.lu\/wp-content\/uploads\/sites\/10\/2025\/12\/05164055\/Workshop3_I2TL.jpeg","width":2048,"height":1536,"caption":"Institute for Innovative Teaching and Learning (I\u00b2TL)"},{"@type":"BreadcrumbList","@id":"https:\/\/www.uni.lu\/de\/news\/uni-lu-gruendet-institut-fuer-innovatives-lehren-und-lernen\/#breadcrumb","itemListElement":[{"@type":"ListItem","position":1,"name":"Home","item":"https:\/\/www.uni.lu\/de\/"},{"@type":"ListItem","position":2,"name":"News","item":"https:\/\/www.uni.lu\/de\/news\/"},{"@type":"ListItem","position":3,"name":"Uni.lu gr\u00fcndet Institut f\u00fcr innovatives Lehren und Lernen"}]},{"@type":"WebSite","@id":"https:\/\/www.uni.lu\/de\/#website","url":"https:\/\/www.uni.lu\/de\/","name":"Uni.lu","description":"Universit\u00e4t Luxemburg","publisher":{"@id":"https:\/\/www.uni.lu\/de\/#organization"},"alternateName":"Universit\u00e4t Luxemburg","potentialAction":[{"@type":"SearchAction","target":{"@type":"EntryPoint","urlTemplate":"https:\/\/www.uni.lu\/de\/?s={search_term_string}"},"query-input":"required name=search_term_string"}],"inLanguage":"de-DE"},{"@type":"Organization","@id":"https:\/\/www.uni.lu\/de\/#organization","name":"Universit\u00e4t Luxemburg","alternateName":"Uni.lu","url":"https:\/\/www.uni.lu\/de\/","logo":{"@type":"ImageObject","inLanguage":"de-DE","@id":"https:\/\/www.uni.lu\/de\/#\/schema\/logo\/image\/","url":"https:\/\/www.uni.lu\/wp-content\/uploads\/sites\/10\/2026\/03\/03120000\/UNIV_SM-Profile_1600x1600px-scaled.jpg","contentUrl":"https:\/\/www.uni.lu\/wp-content\/uploads\/sites\/10\/2026\/03\/03120000\/UNIV_SM-Profile_1600x1600px-scaled.jpg","width":2560,"height":2560,"caption":"Universit\u00e4t Luxemburg"},"image":"https:\/\/www.uni.lu\/wp-content\/uploads\/sites\/10\/2026\/04\/24144329\/20200609-Belval-Campus_Henri-Goergen-23.jpg","sameAs":["https:\/\/www.facebook.com\/uni.lu","https:\/\/www.linkedin.com\/school\/university-of-luxembourg\/","https:\/\/www.instagram.com\/uni.lu","https:\/\/www.youtube.com\/@uni_lu","https:\/\/en.wikipedia.org\/wiki\/University_of_Luxembourg"],"email":"communication@uni.lu","telephone":"+3524666441","address":{"@type":"PostalAddress","streetAddress":"2, place de l\u2019Universit\u00e9","addressLocality":"Esch-sur-Alzette","postalCode":"4365","addressCountry":"LU"},"description":"Universit\u00e4t Luxemburg"},{"@type":"Person","@id":"https:\/\/www.uni.lu\/de\/#\/schema\/person\/67d3defa53981502bf9cddb74a850c08","name":"Catherine Clesse","image":{"@type":"ImageObject","inLanguage":"de-DE","@id":"https:\/\/www.uni.lu\/de\/#\/schema\/person\/image\/","url":"https:\/\/secure.gravatar.com\/avatar\/6a2e15a24f9036a6aee8753304e46c2d?s=96&d=mm&r=g","contentUrl":"https:\/\/secure.gravatar.com\/avatar\/6a2e15a24f9036a6aee8753304e46c2d?s=96&d=mm&r=g","caption":"Catherine Clesse"}}]}},"blog_id":10,"_links":{"self":[{"href":"https:\/\/www.uni.lu\/de\/wp-json\/wp\/v2\/news\/8158"}],"collection":[{"href":"https:\/\/www.uni.lu\/de\/wp-json\/wp\/v2\/news"}],"about":[{"href":"https:\/\/www.uni.lu\/de\/wp-json\/wp\/v2\/types\/news"}],"author":[{"embeddable":true,"href":"https:\/\/www.uni.lu\/de\/wp-json\/wp\/v2\/users\/341"}],"version-history":[{"count":4,"href":"https:\/\/www.uni.lu\/de\/wp-json\/wp\/v2\/news\/8158\/revisions"}],"predecessor-version":[{"id":8194,"href":"https:\/\/www.uni.lu\/de\/wp-json\/wp\/v2\/news\/8158\/revisions\/8194"}],"wp:authorship":[{"embeddable":true,"href":"https:\/\/www.uni.lu\/de\/wp-json\/wp\/v2\/users\/341"}],"wp:featuredmedia":[{"embeddable":true,"href":"https:\/\/www.uni.lu\/de\/wp-json\/wp\/v2\/media\/8187"}],"wp:attachment":[{"href":"https:\/\/www.uni.lu\/de\/wp-json\/wp\/v2\/media?parent=8158"}],"wp:term":[{"taxonomy":"news-category","embeddable":true,"href":"https:\/\/www.uni.lu\/de\/wp-json\/wp\/v2\/news-category?post=8158"},{"taxonomy":"news-topic","embeddable":true,"href":"https:\/\/www.uni.lu\/de\/wp-json\/wp\/v2\/news-topic?post=8158"},{"taxonomy":"organisation","embeddable":true,"href":"https:\/\/www.uni.lu\/de\/wp-json\/wp\/v2\/organisation?post=8158"}],"curies":[{"name":"wp","href":"https:\/\/api.w.org\/{rel}","templated":true}]}}