{"id":8078,"date":"2025-11-28T14:40:37","date_gmt":"2025-11-28T13:40:37","guid":{"rendered":"https:\/\/www.uni.lu\/de\/?post_type=news&#038;p=8078"},"modified":"2025-11-28T14:50:48","modified_gmt":"2025-11-28T13:50:48","slug":"wir-haben-in-kurzer-zeit-eine-starke-forschungsintensive-universitaet-aufgebaut","status":"publish","type":"news","link":"https:\/\/www.uni.lu\/de\/news\/wir-haben-in-kurzer-zeit-eine-starke-forschungsintensive-universitaet-aufgebaut\/","title":{"rendered":"\u201eWir haben in kurzer Zeit eine starke, forschungsintensive Universit\u00e4t aufgebaut.\u201c"},"content":{"rendered":"\n<section class=\"wp-block-unilux-blocks-free-section section\"><div class=\"container xl:max-w-screen-xl\">\n<p>Die externe&nbsp;Evaluierung&nbsp;2024\/2025 der Universit\u00e4t Luxemburg, die alle vier Jahre gesetzlich vorgeschrieben ist, endete mit der Feststellung unabh\u00e4ngiger internationaler Experten, dass die Uni.lu angesichts ihres jungen Alters bemerkenswert gute Forschungsleistungen erbracht hat.&nbsp;<\/p>\n\n\n\n<p>Die Ergebnisse wurden der parlamentarischen Kommission f\u00fcr Hochschulbildung, Forschung und Digitalisierung vorgelegt. Ziel dieser Bewertung war es, die Qualit\u00e4t, Wirkung und Effektivit\u00e4t der Forschungsinitiativen der Universit\u00e4t zu beurteilen. Sie umfasste eine&nbsp;weitreichende&nbsp;\u00dcberpr\u00fcfung, einschlie\u00dflich der Bewertung der Forschungsergebnisse, der Ermittlung von St\u00e4rken und Schw\u00e4chen sowie der&nbsp;Formulierung&nbsp;von Empfehlungen zur weiteren Verbesserung der Forschungsbem\u00fchungen. Diese Bewertung wurde von 16 Peer-Gremien mit 65 Experten aus 16 L\u00e4ndern durchgef\u00fchrt. Die Gesamtbewertung fiel sehr positiv aus und w\u00fcrdigte die Universit\u00e4t Luxemburg als forschungsintensive Einrichtung, die sich in allen drei Aufgabenbereichen einer Universit\u00e4t \u2013 Bildung, Forschung und Wissenstransfer an die Gesellschaft \u2013 schnell etabliert hat. In diesem Interview reflektiert&nbsp;die&nbsp;Vizerektorin f\u00fcr Forschung, Prof. Simone&nbsp;Niclou, \u00fcber das Ergebnis der Bewertung.&nbsp;<\/p>\n\n\n\n<p><strong>Was sind Ihrer Meinung nach die wichtigsten Erkenntnisse aus dieser&nbsp;Forschungsbewertung?<\/strong>&nbsp;&nbsp;<\/p>\n\n\n\n<p>Die Bewertung zeigt, dass es uns gelungen ist, in sehr kurzer Zeit eine starke, forschungsorientierte Universit\u00e4t aufzubauen. Wir sind in mehreren Bereichen weltweit f\u00fchrend und betreiben in vielen anderen Bereichen Spitzenforschung. Nat\u00fcrlich gibt es immer Raum f\u00fcr Verbesserungen. Auf welche Bereiche sollten wir uns laut der Bewertung konzentrieren, um unsere Entwicklung&nbsp;fortzusetzen?&nbsp;Wir&nbsp;m\u00fcssen die Bereiche Gesundheit und Medizin st\u00e4rken, die <a href=\"https:\/\/www.uni.lu\/research-en\/research-areas\/digital-transformation\/\">digitale Transformation<\/a> des Landes in den Bereichen <a href=\"https:\/\/www.uni.lu\/en\/artificial-intelligence\/\">KI<\/a>, Daten und <a href=\"https:\/\/www.uni.lu\/en\/quantum\/\">Quantenphysik<\/a> unterst\u00fctzen und die Nachhaltigkeit f\u00f6rdern, insbesondere in den Umweltwissenschaften. Wir werden in diesen strategischen Bereichen weiter aufbauen.&nbsp;&nbsp;<\/p>\n\n\n\n<section class=\"wp-block-unilux-blocks-quote-people\">\n    <div class=\"quote-people\" role=\"group\">\n        <figure class=\"quote-people__body\">\n            <blockquote class=\"quote-people__blockquote\">\n    <span class=\"quote-people__quote\">\u201f<\/span>\n    Die Personalbeschaffung ist entscheidend: Wenn man zu den Besten geh\u00f6ren will, muss man die Besten einstellen.\u201d\n<\/blockquote><!-- People Item Automated: Quote People -->\n<div class=\"quote-people__visual\">\n    <figure class=\"wp-block-dev4-reusable-blocks-image object-fit--cover\">\n        <!-- Template Image Component: default -->\n<img decoding=\"async\" class=\"w-full\" width=\"\" height=\"\" rel=\"\" alt=\"Prof Simone NICLOU\" src=\"https:\/\/www.uni.lu\/en\/person-image\/NTAwMzU1OTBfX1NpbW9uZSBOSUNMT1U=\" srcset=\"https:\/\/www.uni.lu\/en\/person-image\/NTAwMzU1OTBfX1NpbW9uZSBOSUNMT1U=--thumbnail 150w,https:\/\/www.uni.lu\/en\/person-image\/NTAwMzU1OTBfX1NpbW9uZSBOSUNMT1U=--medium 300w,https:\/\/www.uni.lu\/en\/person-image\/NTAwMzU1OTBfX1NpbW9uZSBOSUNMT1U=--medium_large 768w,https:\/\/www.uni.lu\/en\/person-image\/NTAwMzU1OTBfX1NpbW9uZSBOSUNMT1U=--large 1024w,https:\/\/www.uni.lu\/en\/person-image\/NTAwMzU1OTBfX1NpbW9uZSBOSUNMT1U=--1536x1536 1536w,https:\/\/www.uni.lu\/en\/person-image\/NTAwMzU1OTBfX1NpbW9uZSBOSUNMT1U=--2048x2048 2048w\" loading=\"lazy\" \/><!-- end Image Component -->\n    <\/figure>\n<\/div>\n<div class=\"quote-people__figcaption\">\n    <p class=\"quote-people__author\">Prof Simone NICLOU<\/p>\n    <p class=\"quote-people__position\">Vice-rector for research<\/p>\n    <div class=\"wp-block-unilux-blocks-simple-cta wp-block-unilux-blocks-people-item-automated\">\n    <a\n        href=\"https:\/\/www.uni.lu\/fstm-en\/people\/simone-niclou\/\"\n        title=\"Prof Simone NICLOU\"\n        class=\"link-text link-text--icon quote-people__link\"\n        target=\"\"\n    >\n        <span class=\"link-text__body\">\n            <span class=\"link-text__name\">Profil anzeigen<\/span>\n        <\/span>\n        <svg aria-hidden=\"true\" focusable=\"false\" class=\"icon icon-outline icon--arrow-right \"><use xlink:href=\"https:\/\/www.uni.lu\/wp-content\/themes\/unilux-theme\/assets\/images\/icons\/icons-outline.svg#icon--arrow-right\"><\/use><\/svg>    <\/a>\n<\/div>\n<\/div>\n<!-- end People Item Automated -->        <\/figure>\n    <\/div>\n<\/section>\n\n<div class=\"wp-block-unilux-blocks-spacer is-spacer-size-sm\"><\/div>\n\n\n<p><strong>Wie wird die Universit\u00e4t Luxemburg ihre Exzellenz und Relevanz in der Forschung in den kommenden Jahren aufrechterhalten?<\/strong>&nbsp;<\/p>\n\n\n\n<p>Dies ist ein kontinuierlicher Prozess, der sowohl von der Institution als auch von den einzelnen Forschern st\u00e4ndige Aufmerksamkeit und Ehrgeiz erfordert. Unsere Aufgabe ist es, die f\u00fcr exzellente Forschung erforderlichen Unterst\u00fctzungsstrukturen und Anreize zu schaffen. Dar\u00fcber hinaus ist die Personalbeschaffung von entscheidender Bedeutung: Wenn man zu den Besten geh\u00f6ren will, muss man die Besten einstellen.<\/p>\n\n\n\n<p><strong>Die Bewertung hat gezeigt, dass die Universit\u00e4t Fortschritte beim Wissensaustausch mit der Gesellschaft gemacht hat. K\u00f6nnten Sie diesen Punkt n\u00e4her erl\u00e4utern?<\/strong><\/p>\n\n\n\n<p>Einerseits wurde die Tatsache, dass die Universit\u00e4t eng mit der Gesellschaft verbunden ist und zu Sensibilisierungsma\u00dfnahmen, Wissenstransfer und Politikgestaltung beitr\u00e4gt, sehr positiv bewertet. Andererseits k\u00f6nnen wir uns in Bereichen wie der Gr\u00fcndung von Start-ups und Spin-offs, der Anmeldung von Patenten und dem Wissenstransfer zu Produkten oder Dienstleistungen \u00fcber Unternehmen noch verbessern. Mit der neuen Abteilung f\u00fcr Partnerschaften und F\u00f6rderung werden wir die Unterst\u00fctzung der Universit\u00e4t f\u00fcr den Technologietransfer verst\u00e4rken und Forscher bei der Vermarktung ihrer Entdeckungen begleiten.<\/p>\n\n\n\n<p><strong>Wie l\u00e4sst sich ein Gleichgewicht zwischen internationaler Spitzenforschung und den nationalen Bed\u00fcrfnissen Luxemburgs herstellen?<\/strong><\/p>\n\n\n\n<p>Wir bleiben offen f\u00fcr die Bed\u00fcrfnisse des Landes und spezifische lokale Anforderungen, streben aber gleichzeitig nach internationaler Spitzenleistung. In vielen Bereichen gelingt es uns, dieses Gleichgewicht zu wahren. Im Bereich der Bildungswissenschaften beispielsweise erbringt das <a href=\"https:\/\/www.uni.lu\/fhse-en\/research-groups\/luxembourg-centre-for-educational-testing-lucet\/\">Luxembourg&nbsp;Centre&nbsp;for&nbsp;Educational&nbsp;Testing&nbsp;(LUCET)<\/a> durch j\u00e4hrliche \u00dcberpr\u00fcfungen wichtige Dienstleistungen f\u00fcr das nationale Schulsystem und baut gleichzeitig eine international anerkannte Datenbank auf, die Spitzenforschung f\u00f6rdert.<\/p>\n\n\n\n<p><strong>Die Bewertung fiel sehr positiv aus. Welche Motivation oder Inspiration sollte die wissenschaftliche Gemeinschaft daraus ziehen?<\/strong><\/p>\n\n\n\n<p>Die wichtigste Botschaft ist, dass sich die Anstrengungen lohnen. Der Ehrgeiz, die harte Arbeit und das Engagement unserer Forscher und unseres Support-Teams werden international anerkannt. Diese Anerkennung best\u00e4tigt, dass wir auf dem richtigen Weg sind.<\/p>\n\n\n\n<ul class=\"wp-block-unilux-blocks-button-list-v2\">\n<li class=\"wp-block-unilux-blocks-button-list-item-v2\"><a class=\"quick-link\" href=\"https:\/\/mesr.gouvernement.lu\/dam-assets\/documents\/rapports-et-evaluations\/2025\/evalul-institutional-report-2025.pdf\" target=\"_blank\" role=\"link\" rel=\"noopener\" tabindex=\"0\"><span class=\"quick-link__container\">\n<div class=\"wp-block-unilux-blocks-block-inserter quick-link__img\">\n<div class=\"icon--primary icon--secondary-2 icon--lg wp-block-unilux-blocks-icon-picker\">\n    <svg aria-hidden=\"true\" focusable=\"false\" class=\"icon icon-outline icon--research \"><use xlink:href=\"https:\/\/www.uni.lu\/wp-content\/themes\/unilux-theme\/assets\/images\/icons\/icons-outline.svg#icon--research\"><\/use><\/svg><\/div><\/div>\n\n\n\n<span class=\"quick-link__name wp-block-unilux-blocks-plain-text\">Lesen Sie hier die vollst\u00e4ndige Forschungsbewertung 2024\/2025<\/span>\n\n<svg aria-hidden=\"true\" focusable=\"false\" class=\"icon icon-outline icon--download \"><use xlink:href=\"https:\/\/www.uni.lu\/wp-content\/themes\/unilux-theme\/assets\/images\/icons\/icons-outline.svg#icon--download\"><\/use><\/svg><\/span><\/a><\/li>\n<\/ul>\n<\/div><\/section>\n\n\n<section class=\"section section wp-block-unilux-blocks-quick-link-discover-section py-0\">\n    <div class=\"container xl:max-w-screen-xl\">\n        \n<h2 class=\"has-text-align-left wp-block-unilux-blocks-heading\"        id=\"entdecken-sie-auch\"\n    >\nEntdecken Sie auch&#8230;<\/h2>\n\n<ul class=\"wp-block-unilux-blocks-quick-link-discover quick-link-list\">\n<li class=\"wp-block-unilux-blocks-quick-link-discover-item\">\n    <a\n                    href=\"https:\/\/www.uni.lu\/en\/news\/uni-lu-ranked-for-the-first-time-in-interdisciplinary-science-rankings\/\"\n                    class=\"quick-link\"\n            target=\"\"\n    >\n            <span class=\"quick-link__container\">\n                <span class=\"quick-link__text\">\n                    Uni.lu ranked for the first time in Interdisciplinary Science Rankings                <\/span>\n                <svg aria-hidden=\"true\" focusable=\"false\" class=\"icon icon-outline icon--arrow-right \"><use xlink:href=\"https:\/\/www.uni.lu\/wp-content\/themes\/unilux-theme\/assets\/images\/icons\/icons-outline.svg#icon--arrow-right\"><\/use><\/svg>            <\/span>\n    <\/a>\n<\/li>\n\n\n\n<li class=\"wp-block-unilux-blocks-quick-link-discover-item\">\n    <a\n                    href=\"https:\/\/www.uni.lu\/de\/news\/die-universitaet-luxemburg-wird-mitglied-der-guild-of-european-research-intensive-universities\/\"\n                    class=\"quick-link\"\n            target=\"\"\n    >\n            <span class=\"quick-link__container\">\n                <span class=\"quick-link__text\">\n                    Uni.lu wird Mitglied der \u201cGuild of European Research-Intensive Universities\u201c                 <\/span>\n                <svg aria-hidden=\"true\" focusable=\"false\" class=\"icon icon-outline icon--arrow-right \"><use xlink:href=\"https:\/\/www.uni.lu\/wp-content\/themes\/unilux-theme\/assets\/images\/icons\/icons-outline.svg#icon--arrow-right\"><\/use><\/svg>            <\/span>\n    <\/a>\n<\/li>\n<\/ul>\n    <\/div>\n<\/section>","protected":false},"excerpt":{"rendered":"","protected":false},"author":341,"featured_media":8080,"template":"","format":"standard","meta":{"featured_image_focal_point":{"x":0.57,"y":0.32},"show_featured_caption":false,"ulux_newsletter_groups":"","uluxPostTitle":"","uluxPrePostTitle":"","_trash_the_other_posts":false,"_price":"","_stock":"","_tribe_ticket_header":"","_tribe_default_ticket_provider":"","_tribe_ticket_capacity":"0","_ticket_start_date":"","_ticket_end_date":"","_tribe_ticket_show_description":"","_tribe_ticket_show_not_going":false,"_tribe_ticket_use_global_stock":"","_tribe_ticket_global_stock_level":"","_global_stock_mode":"","_global_stock_cap":"","_tribe_rsvp_for_event":"","_tribe_ticket_going_count":"","_tribe_ticket_not_going_count":"","_tribe_tickets_list":"[]","_tribe_ticket_has_attendee_info_fields":false},"news-category":[3],"news-topic":[],"organisation":[],"authorship":[341],"acf":[],"yoast_head":"<!-- This site is optimized with the Yoast SEO Premium plugin v22.3 (Yoast SEO v22.3) - https:\/\/yoast.com\/wordpress\/plugins\/seo\/ -->\n<title>\u201eWir haben in kurzer Zeit eine starke, forschungsintensive Universit\u00e4t aufgebaut.\u201c - Universit\u00e4t Luxemburg<\/title>\n<meta name=\"description\" content=\"Die externe&nbsp;Evaluierung&nbsp;2024\/2025 der Universit\u00e4t Luxemburg, die alle vier Jahre gesetzlich vorgeschrieben ist, endete mit der Feststellung\" \/>\n<meta name=\"robots\" content=\"index, follow, max-snippet:-1, max-image-preview:large, max-video-preview:-1\" \/>\n<link rel=\"canonical\" href=\"https:\/\/www.uni.lu\/de\/news\/wir-haben-in-kurzer-zeit-eine-starke-forschungsintensive-universitaet-aufgebaut\/\" \/>\n<meta property=\"og:locale\" content=\"de_DE\" \/>\n<meta property=\"og:type\" content=\"article\" \/>\n<meta property=\"og:title\" content=\"\u201eWir haben in kurzer Zeit eine starke, forschungsintensive Universit\u00e4t aufgebaut.\u201c\" \/>\n<meta property=\"og:description\" content=\"Die externe&nbsp;Evaluierung&nbsp;2024\/2025 der Universit\u00e4t Luxemburg, die alle vier Jahre gesetzlich vorgeschrieben ist, endete mit der Feststellung\" \/>\n<meta property=\"og:url\" content=\"https:\/\/www.uni.lu\/de\/news\/wir-haben-in-kurzer-zeit-eine-starke-forschungsintensive-universitaet-aufgebaut\/\" \/>\n<meta property=\"og:site_name\" content=\"UNI DE\" \/>\n<meta property=\"article:publisher\" content=\"https:\/\/www.facebook.com\/uni.lu\" \/>\n<meta property=\"article:modified_time\" content=\"2025-11-28T13:50:48+00:00\" \/>\n<meta property=\"og:image\" content=\"https:\/\/www.uni.lu\/wp-content\/uploads\/sites\/10\/2025\/11\/28143832\/simone-niclou.jpg\" \/>\n\t<meta property=\"og:image:width\" content=\"1536\" \/>\n\t<meta property=\"og:image:height\" content=\"1024\" \/>\n\t<meta property=\"og:image:type\" content=\"image\/jpeg\" \/>\n<meta name=\"twitter:card\" content=\"summary_large_image\" \/>\n<meta name=\"twitter:label1\" content=\"Gesch\u00e4tzte Lesezeit\" \/>\n\t<meta name=\"twitter:data1\" content=\"4 Minuten\" \/>\n<script type=\"application\/ld+json\" class=\"yoast-schema-graph\">{\"@context\":\"https:\/\/schema.org\",\"@graph\":[{\"@type\":\"NewsArticle\",\"@id\":\"https:\/\/www.uni.lu\/de\/news\/wir-haben-in-kurzer-zeit-eine-starke-forschungsintensive-universitaet-aufgebaut\/#article\",\"isPartOf\":{\"@id\":\"https:\/\/www.uni.lu\/de\/news\/wir-haben-in-kurzer-zeit-eine-starke-forschungsintensive-universitaet-aufgebaut\/\"},\"author\":{\"name\":\"Catherine Clesse\",\"@id\":\"https:\/\/www.uni.lu\/de\/#\/schema\/person\/67d3defa53981502bf9cddb74a850c08\"},\"headline\":\"\u201eWir haben in kurzer Zeit eine starke, forschungsintensive Universit\u00e4t aufgebaut.\u201c\",\"datePublished\":\"2025-11-28T13:40:37+00:00\",\"dateModified\":\"2025-11-28T13:50:48+00:00\",\"mainEntityOfPage\":{\"@id\":\"https:\/\/www.uni.lu\/de\/news\/wir-haben-in-kurzer-zeit-eine-starke-forschungsintensive-universitaet-aufgebaut\/\"},\"wordCount\":632,\"publisher\":{\"@id\":\"https:\/\/www.uni.lu\/de\/#organization\"},\"image\":{\"@id\":\"https:\/\/www.uni.lu\/de\/news\/wir-haben-in-kurzer-zeit-eine-starke-forschungsintensive-universitaet-aufgebaut\/#primaryimage\"},\"thumbnailUrl\":\"https:\/\/www.uni.lu\/wp-content\/uploads\/sites\/10\/2025\/11\/28143832\/simone-niclou.jpg\",\"inLanguage\":\"de-DE\"},{\"@type\":\"WebPage\",\"@id\":\"https:\/\/www.uni.lu\/de\/news\/wir-haben-in-kurzer-zeit-eine-starke-forschungsintensive-universitaet-aufgebaut\/\",\"url\":\"https:\/\/www.uni.lu\/de\/news\/wir-haben-in-kurzer-zeit-eine-starke-forschungsintensive-universitaet-aufgebaut\/\",\"name\":\"\u201eWir haben in kurzer Zeit eine starke, forschungsintensive Universit\u00e4t aufgebaut.\u201c - Universit\u00e4t Luxemburg\",\"isPartOf\":{\"@id\":\"https:\/\/www.uni.lu\/de\/#website\"},\"primaryImageOfPage\":{\"@id\":\"https:\/\/www.uni.lu\/de\/news\/wir-haben-in-kurzer-zeit-eine-starke-forschungsintensive-universitaet-aufgebaut\/#primaryimage\"},\"image\":{\"@id\":\"https:\/\/www.uni.lu\/de\/news\/wir-haben-in-kurzer-zeit-eine-starke-forschungsintensive-universitaet-aufgebaut\/#primaryimage\"},\"thumbnailUrl\":\"https:\/\/www.uni.lu\/wp-content\/uploads\/sites\/10\/2025\/11\/28143832\/simone-niclou.jpg\",\"datePublished\":\"2025-11-28T13:40:37+00:00\",\"dateModified\":\"2025-11-28T13:50:48+00:00\",\"description\":\"Die externe&nbsp;Evaluierung&nbsp;2024\/2025 der Universit\u00e4t Luxemburg, die alle vier Jahre gesetzlich vorgeschrieben ist, endete mit der Feststellung\",\"breadcrumb\":{\"@id\":\"https:\/\/www.uni.lu\/de\/news\/wir-haben-in-kurzer-zeit-eine-starke-forschungsintensive-universitaet-aufgebaut\/#breadcrumb\"},\"inLanguage\":\"de-DE\",\"potentialAction\":[{\"@type\":\"ReadAction\",\"target\":[\"https:\/\/www.uni.lu\/de\/news\/wir-haben-in-kurzer-zeit-eine-starke-forschungsintensive-universitaet-aufgebaut\/\"]}]},{\"@type\":\"ImageObject\",\"inLanguage\":\"de-DE\",\"@id\":\"https:\/\/www.uni.lu\/de\/news\/wir-haben-in-kurzer-zeit-eine-starke-forschungsintensive-universitaet-aufgebaut\/#primaryimage\",\"url\":\"https:\/\/www.uni.lu\/wp-content\/uploads\/sites\/10\/2025\/11\/28143832\/simone-niclou.jpg\",\"contentUrl\":\"https:\/\/www.uni.lu\/wp-content\/uploads\/sites\/10\/2025\/11\/28143832\/simone-niclou.jpg\",\"width\":1536,\"height\":1024},{\"@type\":\"BreadcrumbList\",\"@id\":\"https:\/\/www.uni.lu\/de\/news\/wir-haben-in-kurzer-zeit-eine-starke-forschungsintensive-universitaet-aufgebaut\/#breadcrumb\",\"itemListElement\":[{\"@type\":\"ListItem\",\"position\":1,\"name\":\"Home\",\"item\":\"https:\/\/www.uni.lu\/de\/\"},{\"@type\":\"ListItem\",\"position\":2,\"name\":\"News\",\"item\":\"https:\/\/www.uni.lu\/de\/news\/\"},{\"@type\":\"ListItem\",\"position\":3,\"name\":\"\u201eWir haben in kurzer Zeit eine starke, forschungsintensive Universit\u00e4t aufgebaut.\u201c\"}]},{\"@type\":\"WebSite\",\"@id\":\"https:\/\/www.uni.lu\/de\/#website\",\"url\":\"https:\/\/www.uni.lu\/de\/\",\"name\":\"Uni.lu\",\"description\":\"Universit\u00e4t Luxemburg\",\"publisher\":{\"@id\":\"https:\/\/www.uni.lu\/de\/#organization\"},\"alternateName\":\"Universit\u00e4t Luxemburg\",\"potentialAction\":[{\"@type\":\"SearchAction\",\"target\":{\"@type\":\"EntryPoint\",\"urlTemplate\":\"https:\/\/www.uni.lu\/de\/?s={search_term_string}\"},\"query-input\":\"required name=search_term_string\"}],\"inLanguage\":\"de-DE\"},{\"@type\":\"Organization\",\"@id\":\"https:\/\/www.uni.lu\/de\/#organization\",\"name\":\"Universit\u00e4t Luxemburg\",\"alternateName\":\"Uni.lu\",\"url\":\"https:\/\/www.uni.lu\/de\/\",\"logo\":{\"@type\":\"ImageObject\",\"inLanguage\":\"de-DE\",\"@id\":\"https:\/\/www.uni.lu\/de\/#\/schema\/logo\/image\/\",\"url\":\"https:\/\/www.uni.lu\/wp-content\/uploads\/sites\/10\/2026\/03\/03120000\/UNIV_SM-Profile_1600x1600px-scaled.jpg\",\"contentUrl\":\"https:\/\/www.uni.lu\/wp-content\/uploads\/sites\/10\/2026\/03\/03120000\/UNIV_SM-Profile_1600x1600px-scaled.jpg\",\"width\":2560,\"height\":2560,\"caption\":\"Universit\u00e4t Luxemburg\"},\"image\":\"https:\/\/www.uni.lu\/wp-content\/uploads\/sites\/10\/2026\/04\/24144329\/20200609-Belval-Campus_Henri-Goergen-23.jpg\",\"sameAs\":[\"https:\/\/www.facebook.com\/uni.lu\",\"https:\/\/www.linkedin.com\/school\/university-of-luxembourg\/\",\"https:\/\/www.instagram.com\/uni.lu\",\"https:\/\/www.youtube.com\/@uni_lu\",\"https:\/\/en.wikipedia.org\/wiki\/University_of_Luxembourg\"],\"email\":\"communication@uni.lu\",\"telephone\":\"+3524666441\",\"address\":{\"@type\":\"PostalAddress\",\"streetAddress\":\"2, place de l\u2019Universit\u00e9\",\"addressLocality\":\"Esch-sur-Alzette\",\"postalCode\":\"4365\",\"addressCountry\":\"LU\"},\"description\":\"Universit\u00e4t Luxemburg\"},{\"@type\":\"Person\",\"@id\":\"https:\/\/www.uni.lu\/de\/#\/schema\/person\/67d3defa53981502bf9cddb74a850c08\",\"name\":\"Catherine Clesse\",\"image\":{\"@type\":\"ImageObject\",\"inLanguage\":\"de-DE\",\"@id\":\"https:\/\/www.uni.lu\/de\/#\/schema\/person\/image\/\",\"url\":\"https:\/\/secure.gravatar.com\/avatar\/6a2e15a24f9036a6aee8753304e46c2d?s=96&d=mm&r=g\",\"contentUrl\":\"https:\/\/secure.gravatar.com\/avatar\/6a2e15a24f9036a6aee8753304e46c2d?s=96&d=mm&r=g\",\"caption\":\"Catherine Clesse\"}}]}<\/script>\n<!-- \/ Yoast SEO Premium plugin. -->","yoast_head_json":{"title":"\u201eWir haben in kurzer Zeit eine starke, forschungsintensive Universit\u00e4t aufgebaut.\u201c - Universit\u00e4t Luxemburg","description":"Die externe&nbsp;Evaluierung&nbsp;2024\/2025 der Universit\u00e4t Luxemburg, die alle vier Jahre gesetzlich vorgeschrieben ist, endete mit der Feststellung","robots":{"index":"index","follow":"follow","max-snippet":"max-snippet:-1","max-image-preview":"max-image-preview:large","max-video-preview":"max-video-preview:-1"},"canonical":"https:\/\/www.uni.lu\/de\/news\/wir-haben-in-kurzer-zeit-eine-starke-forschungsintensive-universitaet-aufgebaut\/","og_locale":"de_DE","og_type":"article","og_title":"\u201eWir haben in kurzer Zeit eine starke, forschungsintensive Universit\u00e4t aufgebaut.\u201c","og_description":"Die externe&nbsp;Evaluierung&nbsp;2024\/2025 der Universit\u00e4t Luxemburg, die alle vier Jahre gesetzlich vorgeschrieben ist, endete mit der Feststellung","og_url":"https:\/\/www.uni.lu\/de\/news\/wir-haben-in-kurzer-zeit-eine-starke-forschungsintensive-universitaet-aufgebaut\/","og_site_name":"UNI DE","article_publisher":"https:\/\/www.facebook.com\/uni.lu","article_modified_time":"2025-11-28T13:50:48+00:00","og_image":[{"width":1536,"height":1024,"url":"https:\/\/www.uni.lu\/wp-content\/uploads\/sites\/10\/2025\/11\/28143832\/simone-niclou.jpg","type":"image\/jpeg"}],"twitter_card":"summary_large_image","twitter_misc":{"Gesch\u00e4tzte Lesezeit":"4 Minuten"},"schema":{"@context":"https:\/\/schema.org","@graph":[{"@type":"NewsArticle","@id":"https:\/\/www.uni.lu\/de\/news\/wir-haben-in-kurzer-zeit-eine-starke-forschungsintensive-universitaet-aufgebaut\/#article","isPartOf":{"@id":"https:\/\/www.uni.lu\/de\/news\/wir-haben-in-kurzer-zeit-eine-starke-forschungsintensive-universitaet-aufgebaut\/"},"author":{"name":"Catherine Clesse","@id":"https:\/\/www.uni.lu\/de\/#\/schema\/person\/67d3defa53981502bf9cddb74a850c08"},"headline":"\u201eWir haben in kurzer Zeit eine starke, forschungsintensive Universit\u00e4t aufgebaut.\u201c","datePublished":"2025-11-28T13:40:37+00:00","dateModified":"2025-11-28T13:50:48+00:00","mainEntityOfPage":{"@id":"https:\/\/www.uni.lu\/de\/news\/wir-haben-in-kurzer-zeit-eine-starke-forschungsintensive-universitaet-aufgebaut\/"},"wordCount":632,"publisher":{"@id":"https:\/\/www.uni.lu\/de\/#organization"},"image":{"@id":"https:\/\/www.uni.lu\/de\/news\/wir-haben-in-kurzer-zeit-eine-starke-forschungsintensive-universitaet-aufgebaut\/#primaryimage"},"thumbnailUrl":"https:\/\/www.uni.lu\/wp-content\/uploads\/sites\/10\/2025\/11\/28143832\/simone-niclou.jpg","inLanguage":"de-DE"},{"@type":"WebPage","@id":"https:\/\/www.uni.lu\/de\/news\/wir-haben-in-kurzer-zeit-eine-starke-forschungsintensive-universitaet-aufgebaut\/","url":"https:\/\/www.uni.lu\/de\/news\/wir-haben-in-kurzer-zeit-eine-starke-forschungsintensive-universitaet-aufgebaut\/","name":"\u201eWir haben in kurzer Zeit eine starke, forschungsintensive Universit\u00e4t aufgebaut.\u201c - Universit\u00e4t Luxemburg","isPartOf":{"@id":"https:\/\/www.uni.lu\/de\/#website"},"primaryImageOfPage":{"@id":"https:\/\/www.uni.lu\/de\/news\/wir-haben-in-kurzer-zeit-eine-starke-forschungsintensive-universitaet-aufgebaut\/#primaryimage"},"image":{"@id":"https:\/\/www.uni.lu\/de\/news\/wir-haben-in-kurzer-zeit-eine-starke-forschungsintensive-universitaet-aufgebaut\/#primaryimage"},"thumbnailUrl":"https:\/\/www.uni.lu\/wp-content\/uploads\/sites\/10\/2025\/11\/28143832\/simone-niclou.jpg","datePublished":"2025-11-28T13:40:37+00:00","dateModified":"2025-11-28T13:50:48+00:00","description":"Die externe&nbsp;Evaluierung&nbsp;2024\/2025 der Universit\u00e4t Luxemburg, die alle vier Jahre gesetzlich vorgeschrieben ist, endete mit der Feststellung","breadcrumb":{"@id":"https:\/\/www.uni.lu\/de\/news\/wir-haben-in-kurzer-zeit-eine-starke-forschungsintensive-universitaet-aufgebaut\/#breadcrumb"},"inLanguage":"de-DE","potentialAction":[{"@type":"ReadAction","target":["https:\/\/www.uni.lu\/de\/news\/wir-haben-in-kurzer-zeit-eine-starke-forschungsintensive-universitaet-aufgebaut\/"]}]},{"@type":"ImageObject","inLanguage":"de-DE","@id":"https:\/\/www.uni.lu\/de\/news\/wir-haben-in-kurzer-zeit-eine-starke-forschungsintensive-universitaet-aufgebaut\/#primaryimage","url":"https:\/\/www.uni.lu\/wp-content\/uploads\/sites\/10\/2025\/11\/28143832\/simone-niclou.jpg","contentUrl":"https:\/\/www.uni.lu\/wp-content\/uploads\/sites\/10\/2025\/11\/28143832\/simone-niclou.jpg","width":1536,"height":1024},{"@type":"BreadcrumbList","@id":"https:\/\/www.uni.lu\/de\/news\/wir-haben-in-kurzer-zeit-eine-starke-forschungsintensive-universitaet-aufgebaut\/#breadcrumb","itemListElement":[{"@type":"ListItem","position":1,"name":"Home","item":"https:\/\/www.uni.lu\/de\/"},{"@type":"ListItem","position":2,"name":"News","item":"https:\/\/www.uni.lu\/de\/news\/"},{"@type":"ListItem","position":3,"name":"\u201eWir haben in kurzer Zeit eine starke, forschungsintensive Universit\u00e4t aufgebaut.\u201c"}]},{"@type":"WebSite","@id":"https:\/\/www.uni.lu\/de\/#website","url":"https:\/\/www.uni.lu\/de\/","name":"Uni.lu","description":"Universit\u00e4t Luxemburg","publisher":{"@id":"https:\/\/www.uni.lu\/de\/#organization"},"alternateName":"Universit\u00e4t Luxemburg","potentialAction":[{"@type":"SearchAction","target":{"@type":"EntryPoint","urlTemplate":"https:\/\/www.uni.lu\/de\/?s={search_term_string}"},"query-input":"required name=search_term_string"}],"inLanguage":"de-DE"},{"@type":"Organization","@id":"https:\/\/www.uni.lu\/de\/#organization","name":"Universit\u00e4t Luxemburg","alternateName":"Uni.lu","url":"https:\/\/www.uni.lu\/de\/","logo":{"@type":"ImageObject","inLanguage":"de-DE","@id":"https:\/\/www.uni.lu\/de\/#\/schema\/logo\/image\/","url":"https:\/\/www.uni.lu\/wp-content\/uploads\/sites\/10\/2026\/03\/03120000\/UNIV_SM-Profile_1600x1600px-scaled.jpg","contentUrl":"https:\/\/www.uni.lu\/wp-content\/uploads\/sites\/10\/2026\/03\/03120000\/UNIV_SM-Profile_1600x1600px-scaled.jpg","width":2560,"height":2560,"caption":"Universit\u00e4t Luxemburg"},"image":"https:\/\/www.uni.lu\/wp-content\/uploads\/sites\/10\/2026\/04\/24144329\/20200609-Belval-Campus_Henri-Goergen-23.jpg","sameAs":["https:\/\/www.facebook.com\/uni.lu","https:\/\/www.linkedin.com\/school\/university-of-luxembourg\/","https:\/\/www.instagram.com\/uni.lu","https:\/\/www.youtube.com\/@uni_lu","https:\/\/en.wikipedia.org\/wiki\/University_of_Luxembourg"],"email":"communication@uni.lu","telephone":"+3524666441","address":{"@type":"PostalAddress","streetAddress":"2, place de l\u2019Universit\u00e9","addressLocality":"Esch-sur-Alzette","postalCode":"4365","addressCountry":"LU"},"description":"Universit\u00e4t Luxemburg"},{"@type":"Person","@id":"https:\/\/www.uni.lu\/de\/#\/schema\/person\/67d3defa53981502bf9cddb74a850c08","name":"Catherine Clesse","image":{"@type":"ImageObject","inLanguage":"de-DE","@id":"https:\/\/www.uni.lu\/de\/#\/schema\/person\/image\/","url":"https:\/\/secure.gravatar.com\/avatar\/6a2e15a24f9036a6aee8753304e46c2d?s=96&d=mm&r=g","contentUrl":"https:\/\/secure.gravatar.com\/avatar\/6a2e15a24f9036a6aee8753304e46c2d?s=96&d=mm&r=g","caption":"Catherine Clesse"}}]}},"blog_id":10,"_links":{"self":[{"href":"https:\/\/www.uni.lu\/de\/wp-json\/wp\/v2\/news\/8078"}],"collection":[{"href":"https:\/\/www.uni.lu\/de\/wp-json\/wp\/v2\/news"}],"about":[{"href":"https:\/\/www.uni.lu\/de\/wp-json\/wp\/v2\/types\/news"}],"author":[{"embeddable":true,"href":"https:\/\/www.uni.lu\/de\/wp-json\/wp\/v2\/users\/341"}],"version-history":[{"count":3,"href":"https:\/\/www.uni.lu\/de\/wp-json\/wp\/v2\/news\/8078\/revisions"}],"predecessor-version":[{"id":8084,"href":"https:\/\/www.uni.lu\/de\/wp-json\/wp\/v2\/news\/8078\/revisions\/8084"}],"wp:authorship":[{"embeddable":true,"href":"https:\/\/www.uni.lu\/de\/wp-json\/wp\/v2\/users\/341"}],"wp:featuredmedia":[{"embeddable":true,"href":"https:\/\/www.uni.lu\/de\/wp-json\/wp\/v2\/media\/8080"}],"wp:attachment":[{"href":"https:\/\/www.uni.lu\/de\/wp-json\/wp\/v2\/media?parent=8078"}],"wp:term":[{"taxonomy":"news-category","embeddable":true,"href":"https:\/\/www.uni.lu\/de\/wp-json\/wp\/v2\/news-category?post=8078"},{"taxonomy":"news-topic","embeddable":true,"href":"https:\/\/www.uni.lu\/de\/wp-json\/wp\/v2\/news-topic?post=8078"},{"taxonomy":"organisation","embeddable":true,"href":"https:\/\/www.uni.lu\/de\/wp-json\/wp\/v2\/organisation?post=8078"}],"curies":[{"name":"wp","href":"https:\/\/api.w.org\/{rel}","templated":true}]}}