{"id":807,"date":"2021-07-28T09:44:55","date_gmt":"2021-07-28T09:44:55","guid":{"rendered":"https:\/\/website.prod.unilu.spikeseed.cloud\/de\/news\/bericht-zum-medienpluralismus-unterstreicht-einfluss-der-pandemie\/"},"modified":"2021-07-28T09:44:55","modified_gmt":"2021-07-28T09:44:55","slug":"bericht-zum-medienpluralismus-unterstreicht-einfluss-der-pandemie","status":"publish","type":"news","link":"https:\/\/www.uni.lu\/de\/news\/bericht-zum-medienpluralismus-unterstreicht-einfluss-der-pandemie\/","title":{"rendered":"Bericht zum Medienpluralismus unterstreicht Einfluss der Pandemie"},"content":{"rendered":"<section class=\"wp-block-unilux-blocks-free-section section\"><div class=\"container xl:max-w-screen-xl\"><p>Der vom Europ\u00e4isches Hochschulinstitut vor kurzem herausgegebene Media Pluralism Monitor (MPM2021) unterstreicht den Einfluss der COVID-19-Pandemie auf die Medienlandschaft in den europ\u00e4ischen L\u00e4ndern.<\/p><p>COVID-19 hat die europ\u00e4ische Medienlandschaft nicht verschont. Forscher bringen Pandemie-bedingte Regulierungen oder Aktivit\u00e4ten mit negativen Auswirkungen auf die Informationsfreiheit, die Arbeitsbedingungen f\u00fcr Journalisten, die Marktpluralit\u00e4t und die staatliche Werbung in Verbindung. Dies tr\u00e4gt zu bereits angespannten Debatten \u00fcber Medienfreiheit, Sicherheit und Medienvielfalt in mehreren L\u00e4ndern bei.<\/p><p>Der j\u00e4hrliche MPM ist eine datengest\u00fctzte Ma\u00dfnahme, um Risiken f\u00fcr den Medienpluralismus in Europa zu identifizieren. Der Bericht umfasst die Mitgliedstaaten der Europ\u00e4ischen Union, Albanien, Montenegro, die Republik Nordmazedonien, Serbien und die T\u00fcrkei. Der L\u00e4nderbericht f\u00fcr Luxemburg wurde von den Dr. <a href=\"https:\/\/wwwde.uni.lu\/recherche\/fhse\/dhum\/people\/raphael_kies\" target=\"_self\" title=\"\" rel=\"noopener\">Rapha\u00ebl Kies<\/a>\u00a0und Mohamed Hamdi erstellt. Es beleuchtet regulatorische, rechtliche und finanzielle Aspekte, die die Medienvielfalt beeinflussen.<\/p><p>Risiken f\u00fcr den Medienpluralismus werden in vier thematischen Hauptbereichen untersucht: Grundschutz (Schutz der Meinungsfreiheit, Recht auf Recherche, Empfang und Weitergabe von Informationen sowie unabh\u00e4ngige journalistische Arbeit), Marktpluralit\u00e4t, politische Unabh\u00e4ngigkeit und soziale Inklusion. Die Autoren geben den Beh\u00f6rden praktische Empfehlungen, um festgestellte Schwachstellen zu beheben.<\/p><ul class=\"ulux-list\"><li class=\"ulux-list-item\">W\u00e4hrend das luxemburgische Medienregulierungssystem beim Grundschutz insgesamt gut abschneidet, bleibt der Schutz des Rechts auf Information ein mittleres Risiko, da die Journalistenvertretung vermehrten und vereinfachten Zugang zu Informationen fordert.<\/li><li class=\"ulux-list-item\">Der Indikator Marktpluralit\u00e4t bleibt insgesamt mit hohem Risiko behaftet, da die wichtigsten Online-, Rundfunk- und Printmedien noch in den H\u00e4nden einer Handvoll Medienunternehmen sind.<\/li><li class=\"ulux-list-item\">Luxemburg schneidet in der Kategorie der politischen Unabh\u00e4ngigkeit besser ab als in den Vorjahren, beispielsweise bei der Unabh\u00e4ngigkeit \u00f6ffentlich-rechtlicher Medien (insbesondere mit einer neuen Regelung f\u00fcr den \u00f6ffentlich-rechtlichen H\u00f6rfunksender 100komma7).<\/li><li class=\"ulux-list-item\">Schlie\u00dflich m\u00fcssen im Hinblick auf die soziale Inklusion noch Bem\u00fchungen unternommen werden, da der Zugang zu Medienpositionen f\u00fcr Minderheiten und f\u00fcr Frauen nach wie vor auf einem kritischen mittleren Niveau liegt. Die Medienkompetenz wird jedoch verbessert, aufgrund von Initiativen f\u00fcr den Grund- und Sekundarbildung sowie durch Kampagnen und Ausbildungen zur Online-Sicherheit.<\/li><\/ul><p>Der <a href=\"https:\/\/cmpf.eui.eu\/mpm2021-executive-summary\/\" target=\"_self\" title=\"\" rel=\"noopener\">vollst\u00e4ndige Bericht und die L\u00e4nderberichte<\/a>\u00a0sowie der\u00a0<a href=\"https:\/\/cadmus.eui.eu\/bitstream\/handle\/1814\/71954\/luxembourg_results_mpm_2021_cmpf.pdf?sequence=1&#038;isAllowed=y\" target=\"_blank\" title=\"\" rel=\"noopener\">L\u00e4nderbericht f\u00fcr Luxemburg<\/a>\u00a0sind auf der Website des Europ\u00e4ischen Hochschulinstituts\u00a0zug\u00e4nglich.<\/p><\/div><\/section>","protected":false},"excerpt":{"rendered":"<p>Der vom Europ\u00e4isches Hochschulinstitut vor kurzem herausgegebene Media Pluralism Monitor (MPM2021) unterstreicht den Einfluss der COVID-19-Pandemie auf die Medienlandschaft in den europ\u00e4ischen L\u00e4ndern.<\/p>\n","protected":false},"author":0,"featured_media":808,"template":"","format":"standard","meta":{"featured_image_focal_point":[],"show_featured_caption":false,"ulux_newsletter_groups":"","uluxPostTitle":"","uluxPrePostTitle":"","_trash_the_other_posts":false,"_price":"","_stock":"","_tribe_ticket_header":"","_tribe_default_ticket_provider":"","_tribe_ticket_capacity":"0","_ticket_start_date":"","_ticket_end_date":"","_tribe_ticket_show_description":"","_tribe_ticket_show_not_going":false,"_tribe_ticket_use_global_stock":"","_tribe_ticket_global_stock_level":"","_global_stock_mode":"","_global_stock_cap":"","_tribe_rsvp_for_event":"","_tribe_ticket_going_count":"","_tribe_ticket_not_going_count":"","_tribe_tickets_list":"[]","_tribe_ticket_has_attendee_info_fields":false},"news-category":[4,3],"news-topic":[17],"organisation":[171,147,226],"authorship":[],"acf":[],"yoast_head":"<!-- This site is optimized with the Yoast SEO Premium plugin v22.3 (Yoast SEO v22.3) - https:\/\/yoast.com\/wordpress\/plugins\/seo\/ -->\n<title>Bericht zum Medienpluralismus unterstreicht Einfluss der Pandemie - Universit\u00e4t Luxemburg<\/title>\n<meta name=\"description\" content=\"Der vom Europ\u00e4isches Hochschulinstitut vor kurzem herausgegebene Media Pluralism Monitor (MPM2021) unterstreicht den Einfluss der COVID-19-Pandemie auf die Medienlandschaft in den europ\u00e4ischen L\u00e4ndern.\" \/>\n<meta name=\"robots\" content=\"index, follow, max-snippet:-1, max-image-preview:large, max-video-preview:-1\" \/>\n<link rel=\"canonical\" href=\"https:\/\/www.uni.lu\/de\/news\/bericht-zum-medienpluralismus-unterstreicht-einfluss-der-pandemie\/\" \/>\n<meta property=\"og:locale\" content=\"de_DE\" \/>\n<meta property=\"og:type\" content=\"article\" \/>\n<meta property=\"og:title\" content=\"Bericht zum Medienpluralismus unterstreicht Einfluss der Pandemie\" \/>\n<meta property=\"og:description\" content=\"Der vom Europ\u00e4isches Hochschulinstitut vor kurzem herausgegebene Media Pluralism Monitor (MPM2021) unterstreicht den Einfluss der COVID-19-Pandemie auf die Medienlandschaft in den europ\u00e4ischen L\u00e4ndern.\" \/>\n<meta property=\"og:url\" content=\"https:\/\/www.uni.lu\/de\/news\/bericht-zum-medienpluralismus-unterstreicht-einfluss-der-pandemie\/\" \/>\n<meta property=\"og:site_name\" content=\"UNI DE\" \/>\n<meta property=\"article:publisher\" content=\"https:\/\/www.facebook.com\/uni.lu\" \/>\n<meta property=\"og:image\" content=\"https:\/\/www.uni.lu\/wp-content\/uploads\/sites\/10\/2021\/07\/bericht_zum_medienpluralismus_unterstreicht_einfluss_der_pandemie.jpg\" \/>\n\t<meta property=\"og:image:width\" content=\"800\" \/>\n\t<meta property=\"og:image:height\" content=\"600\" \/>\n\t<meta property=\"og:image:type\" content=\"image\/jpeg\" \/>\n<meta name=\"twitter:card\" content=\"summary_large_image\" \/>\n<meta name=\"twitter:label1\" content=\"Gesch\u00e4tzte Lesezeit\" \/>\n\t<meta name=\"twitter:data1\" content=\"2 Minuten\" \/>\n<script type=\"application\/ld+json\" class=\"yoast-schema-graph\">{\"@context\":\"https:\/\/schema.org\",\"@graph\":[{\"@type\":\"NewsArticle\",\"@id\":\"https:\/\/www.uni.lu\/de\/news\/bericht-zum-medienpluralismus-unterstreicht-einfluss-der-pandemie\/#article\",\"isPartOf\":{\"@id\":\"https:\/\/www.uni.lu\/de\/news\/bericht-zum-medienpluralismus-unterstreicht-einfluss-der-pandemie\/\"},\"author\":{\"name\":\"\",\"@id\":\"\"},\"headline\":\"Bericht zum Medienpluralismus unterstreicht Einfluss der Pandemie\",\"datePublished\":\"2021-07-28T09:44:55+00:00\",\"dateModified\":\"2021-07-28T09:44:55+00:00\",\"mainEntityOfPage\":{\"@id\":\"https:\/\/www.uni.lu\/de\/news\/bericht-zum-medienpluralismus-unterstreicht-einfluss-der-pandemie\/\"},\"wordCount\":374,\"publisher\":{\"@id\":\"https:\/\/www.uni.lu\/de\/#organization\"},\"image\":{\"@id\":\"https:\/\/www.uni.lu\/de\/news\/bericht-zum-medienpluralismus-unterstreicht-einfluss-der-pandemie\/#primaryimage\"},\"thumbnailUrl\":\"https:\/\/www.uni.lu\/wp-content\/uploads\/sites\/10\/2021\/07\/bericht_zum_medienpluralismus_unterstreicht_einfluss_der_pandemie.jpg\",\"inLanguage\":\"de-DE\"},{\"@type\":\"WebPage\",\"@id\":\"https:\/\/www.uni.lu\/de\/news\/bericht-zum-medienpluralismus-unterstreicht-einfluss-der-pandemie\/\",\"url\":\"https:\/\/www.uni.lu\/de\/news\/bericht-zum-medienpluralismus-unterstreicht-einfluss-der-pandemie\/\",\"name\":\"Bericht zum Medienpluralismus unterstreicht Einfluss der Pandemie - Universit\u00e4t Luxemburg\",\"isPartOf\":{\"@id\":\"https:\/\/www.uni.lu\/de\/#website\"},\"primaryImageOfPage\":{\"@id\":\"https:\/\/www.uni.lu\/de\/news\/bericht-zum-medienpluralismus-unterstreicht-einfluss-der-pandemie\/#primaryimage\"},\"image\":{\"@id\":\"https:\/\/www.uni.lu\/de\/news\/bericht-zum-medienpluralismus-unterstreicht-einfluss-der-pandemie\/#primaryimage\"},\"thumbnailUrl\":\"https:\/\/www.uni.lu\/wp-content\/uploads\/sites\/10\/2021\/07\/bericht_zum_medienpluralismus_unterstreicht_einfluss_der_pandemie.jpg\",\"datePublished\":\"2021-07-28T09:44:55+00:00\",\"dateModified\":\"2021-07-28T09:44:55+00:00\",\"description\":\"Der vom Europ\u00e4isches Hochschulinstitut vor kurzem herausgegebene Media Pluralism Monitor (MPM2021) unterstreicht den Einfluss der COVID-19-Pandemie auf die Medienlandschaft in den europ\u00e4ischen L\u00e4ndern.\",\"breadcrumb\":{\"@id\":\"https:\/\/www.uni.lu\/de\/news\/bericht-zum-medienpluralismus-unterstreicht-einfluss-der-pandemie\/#breadcrumb\"},\"inLanguage\":\"de-DE\",\"potentialAction\":[{\"@type\":\"ReadAction\",\"target\":[\"https:\/\/www.uni.lu\/de\/news\/bericht-zum-medienpluralismus-unterstreicht-einfluss-der-pandemie\/\"]}]},{\"@type\":\"ImageObject\",\"inLanguage\":\"de-DE\",\"@id\":\"https:\/\/www.uni.lu\/de\/news\/bericht-zum-medienpluralismus-unterstreicht-einfluss-der-pandemie\/#primaryimage\",\"url\":\"https:\/\/www.uni.lu\/wp-content\/uploads\/sites\/10\/2021\/07\/bericht_zum_medienpluralismus_unterstreicht_einfluss_der_pandemie.jpg\",\"contentUrl\":\"https:\/\/www.uni.lu\/wp-content\/uploads\/sites\/10\/2021\/07\/bericht_zum_medienpluralismus_unterstreicht_einfluss_der_pandemie.jpg\",\"width\":800,\"height\":600},{\"@type\":\"BreadcrumbList\",\"@id\":\"https:\/\/www.uni.lu\/de\/news\/bericht-zum-medienpluralismus-unterstreicht-einfluss-der-pandemie\/#breadcrumb\",\"itemListElement\":[{\"@type\":\"ListItem\",\"position\":1,\"name\":\"Home\",\"item\":\"https:\/\/www.uni.lu\/de\/\"},{\"@type\":\"ListItem\",\"position\":2,\"name\":\"News\",\"item\":\"https:\/\/www.uni.lu\/de\/news\/\"},{\"@type\":\"ListItem\",\"position\":3,\"name\":\"Bericht zum Medienpluralismus unterstreicht Einfluss der Pandemie\"}]},{\"@type\":\"WebSite\",\"@id\":\"https:\/\/www.uni.lu\/de\/#website\",\"url\":\"https:\/\/www.uni.lu\/de\/\",\"name\":\"Uni.lu\",\"description\":\"Universit\u00e4t Luxemburg\",\"publisher\":{\"@id\":\"https:\/\/www.uni.lu\/de\/#organization\"},\"alternateName\":\"Universit\u00e4t Luxemburg\",\"potentialAction\":[{\"@type\":\"SearchAction\",\"target\":{\"@type\":\"EntryPoint\",\"urlTemplate\":\"https:\/\/www.uni.lu\/de\/?s={search_term_string}\"},\"query-input\":\"required name=search_term_string\"}],\"inLanguage\":\"de-DE\"},{\"@type\":\"Organization\",\"@id\":\"https:\/\/www.uni.lu\/de\/#organization\",\"name\":\"Universit\u00e4t Luxemburg\",\"alternateName\":\"Uni.lu\",\"url\":\"https:\/\/www.uni.lu\/de\/\",\"logo\":{\"@type\":\"ImageObject\",\"inLanguage\":\"de-DE\",\"@id\":\"https:\/\/www.uni.lu\/de\/#\/schema\/logo\/image\/\",\"url\":\"https:\/\/www.uni.lu\/wp-content\/uploads\/sites\/10\/2026\/03\/03120000\/UNIV_SM-Profile_1600x1600px-scaled.jpg\",\"contentUrl\":\"https:\/\/www.uni.lu\/wp-content\/uploads\/sites\/10\/2026\/03\/03120000\/UNIV_SM-Profile_1600x1600px-scaled.jpg\",\"width\":2560,\"height\":2560,\"caption\":\"Universit\u00e4t Luxemburg\"},\"image\":\"https:\/\/www.uni.lu\/wp-content\/uploads\/sites\/10\/2026\/04\/24144329\/20200609-Belval-Campus_Henri-Goergen-23.jpg\",\"sameAs\":[\"https:\/\/www.facebook.com\/uni.lu\",\"https:\/\/www.linkedin.com\/school\/university-of-luxembourg\/\",\"https:\/\/www.instagram.com\/uni.lu\",\"https:\/\/www.youtube.com\/@uni_lu\",\"https:\/\/en.wikipedia.org\/wiki\/University_of_Luxembourg\"],\"email\":\"communication@uni.lu\",\"telephone\":\"+3524666441\",\"address\":{\"@type\":\"PostalAddress\",\"streetAddress\":\"2, place de l\u2019Universit\u00e9\",\"addressLocality\":\"Esch-sur-Alzette\",\"postalCode\":\"4365\",\"addressCountry\":\"LU\"},\"description\":\"Universit\u00e4t Luxemburg\"}]}<\/script>\n<!-- \/ Yoast SEO Premium plugin. -->","yoast_head_json":{"title":"Bericht zum Medienpluralismus unterstreicht Einfluss der Pandemie - Universit\u00e4t Luxemburg","description":"Der vom Europ\u00e4isches Hochschulinstitut vor kurzem herausgegebene Media Pluralism Monitor (MPM2021) unterstreicht den Einfluss der COVID-19-Pandemie auf die Medienlandschaft in den europ\u00e4ischen L\u00e4ndern.","robots":{"index":"index","follow":"follow","max-snippet":"max-snippet:-1","max-image-preview":"max-image-preview:large","max-video-preview":"max-video-preview:-1"},"canonical":"https:\/\/www.uni.lu\/de\/news\/bericht-zum-medienpluralismus-unterstreicht-einfluss-der-pandemie\/","og_locale":"de_DE","og_type":"article","og_title":"Bericht zum Medienpluralismus unterstreicht Einfluss der Pandemie","og_description":"Der vom Europ\u00e4isches Hochschulinstitut vor kurzem herausgegebene Media Pluralism Monitor (MPM2021) unterstreicht den Einfluss der COVID-19-Pandemie auf die Medienlandschaft in den europ\u00e4ischen L\u00e4ndern.","og_url":"https:\/\/www.uni.lu\/de\/news\/bericht-zum-medienpluralismus-unterstreicht-einfluss-der-pandemie\/","og_site_name":"UNI DE","article_publisher":"https:\/\/www.facebook.com\/uni.lu","og_image":[{"width":800,"height":600,"url":"https:\/\/www.uni.lu\/wp-content\/uploads\/sites\/10\/2021\/07\/bericht_zum_medienpluralismus_unterstreicht_einfluss_der_pandemie.jpg","type":"image\/jpeg"}],"twitter_card":"summary_large_image","twitter_misc":{"Gesch\u00e4tzte Lesezeit":"2 Minuten"},"schema":{"@context":"https:\/\/schema.org","@graph":[{"@type":"NewsArticle","@id":"https:\/\/www.uni.lu\/de\/news\/bericht-zum-medienpluralismus-unterstreicht-einfluss-der-pandemie\/#article","isPartOf":{"@id":"https:\/\/www.uni.lu\/de\/news\/bericht-zum-medienpluralismus-unterstreicht-einfluss-der-pandemie\/"},"author":{"name":"","@id":""},"headline":"Bericht zum Medienpluralismus unterstreicht Einfluss der Pandemie","datePublished":"2021-07-28T09:44:55+00:00","dateModified":"2021-07-28T09:44:55+00:00","mainEntityOfPage":{"@id":"https:\/\/www.uni.lu\/de\/news\/bericht-zum-medienpluralismus-unterstreicht-einfluss-der-pandemie\/"},"wordCount":374,"publisher":{"@id":"https:\/\/www.uni.lu\/de\/#organization"},"image":{"@id":"https:\/\/www.uni.lu\/de\/news\/bericht-zum-medienpluralismus-unterstreicht-einfluss-der-pandemie\/#primaryimage"},"thumbnailUrl":"https:\/\/www.uni.lu\/wp-content\/uploads\/sites\/10\/2021\/07\/bericht_zum_medienpluralismus_unterstreicht_einfluss_der_pandemie.jpg","inLanguage":"de-DE"},{"@type":"WebPage","@id":"https:\/\/www.uni.lu\/de\/news\/bericht-zum-medienpluralismus-unterstreicht-einfluss-der-pandemie\/","url":"https:\/\/www.uni.lu\/de\/news\/bericht-zum-medienpluralismus-unterstreicht-einfluss-der-pandemie\/","name":"Bericht zum Medienpluralismus unterstreicht Einfluss der Pandemie - Universit\u00e4t Luxemburg","isPartOf":{"@id":"https:\/\/www.uni.lu\/de\/#website"},"primaryImageOfPage":{"@id":"https:\/\/www.uni.lu\/de\/news\/bericht-zum-medienpluralismus-unterstreicht-einfluss-der-pandemie\/#primaryimage"},"image":{"@id":"https:\/\/www.uni.lu\/de\/news\/bericht-zum-medienpluralismus-unterstreicht-einfluss-der-pandemie\/#primaryimage"},"thumbnailUrl":"https:\/\/www.uni.lu\/wp-content\/uploads\/sites\/10\/2021\/07\/bericht_zum_medienpluralismus_unterstreicht_einfluss_der_pandemie.jpg","datePublished":"2021-07-28T09:44:55+00:00","dateModified":"2021-07-28T09:44:55+00:00","description":"Der vom Europ\u00e4isches Hochschulinstitut vor kurzem herausgegebene Media Pluralism Monitor (MPM2021) unterstreicht den Einfluss der COVID-19-Pandemie auf die Medienlandschaft in den europ\u00e4ischen L\u00e4ndern.","breadcrumb":{"@id":"https:\/\/www.uni.lu\/de\/news\/bericht-zum-medienpluralismus-unterstreicht-einfluss-der-pandemie\/#breadcrumb"},"inLanguage":"de-DE","potentialAction":[{"@type":"ReadAction","target":["https:\/\/www.uni.lu\/de\/news\/bericht-zum-medienpluralismus-unterstreicht-einfluss-der-pandemie\/"]}]},{"@type":"ImageObject","inLanguage":"de-DE","@id":"https:\/\/www.uni.lu\/de\/news\/bericht-zum-medienpluralismus-unterstreicht-einfluss-der-pandemie\/#primaryimage","url":"https:\/\/www.uni.lu\/wp-content\/uploads\/sites\/10\/2021\/07\/bericht_zum_medienpluralismus_unterstreicht_einfluss_der_pandemie.jpg","contentUrl":"https:\/\/www.uni.lu\/wp-content\/uploads\/sites\/10\/2021\/07\/bericht_zum_medienpluralismus_unterstreicht_einfluss_der_pandemie.jpg","width":800,"height":600},{"@type":"BreadcrumbList","@id":"https:\/\/www.uni.lu\/de\/news\/bericht-zum-medienpluralismus-unterstreicht-einfluss-der-pandemie\/#breadcrumb","itemListElement":[{"@type":"ListItem","position":1,"name":"Home","item":"https:\/\/www.uni.lu\/de\/"},{"@type":"ListItem","position":2,"name":"News","item":"https:\/\/www.uni.lu\/de\/news\/"},{"@type":"ListItem","position":3,"name":"Bericht zum Medienpluralismus unterstreicht Einfluss der Pandemie"}]},{"@type":"WebSite","@id":"https:\/\/www.uni.lu\/de\/#website","url":"https:\/\/www.uni.lu\/de\/","name":"Uni.lu","description":"Universit\u00e4t Luxemburg","publisher":{"@id":"https:\/\/www.uni.lu\/de\/#organization"},"alternateName":"Universit\u00e4t Luxemburg","potentialAction":[{"@type":"SearchAction","target":{"@type":"EntryPoint","urlTemplate":"https:\/\/www.uni.lu\/de\/?s={search_term_string}"},"query-input":"required name=search_term_string"}],"inLanguage":"de-DE"},{"@type":"Organization","@id":"https:\/\/www.uni.lu\/de\/#organization","name":"Universit\u00e4t Luxemburg","alternateName":"Uni.lu","url":"https:\/\/www.uni.lu\/de\/","logo":{"@type":"ImageObject","inLanguage":"de-DE","@id":"https:\/\/www.uni.lu\/de\/#\/schema\/logo\/image\/","url":"https:\/\/www.uni.lu\/wp-content\/uploads\/sites\/10\/2026\/03\/03120000\/UNIV_SM-Profile_1600x1600px-scaled.jpg","contentUrl":"https:\/\/www.uni.lu\/wp-content\/uploads\/sites\/10\/2026\/03\/03120000\/UNIV_SM-Profile_1600x1600px-scaled.jpg","width":2560,"height":2560,"caption":"Universit\u00e4t Luxemburg"},"image":"https:\/\/www.uni.lu\/wp-content\/uploads\/sites\/10\/2026\/04\/24144329\/20200609-Belval-Campus_Henri-Goergen-23.jpg","sameAs":["https:\/\/www.facebook.com\/uni.lu","https:\/\/www.linkedin.com\/school\/university-of-luxembourg\/","https:\/\/www.instagram.com\/uni.lu","https:\/\/www.youtube.com\/@uni_lu","https:\/\/en.wikipedia.org\/wiki\/University_of_Luxembourg"],"email":"communication@uni.lu","telephone":"+3524666441","address":{"@type":"PostalAddress","streetAddress":"2, place de l\u2019Universit\u00e9","addressLocality":"Esch-sur-Alzette","postalCode":"4365","addressCountry":"LU"},"description":"Universit\u00e4t Luxemburg"}]}},"blog_id":10,"_links":{"self":[{"href":"https:\/\/www.uni.lu\/de\/wp-json\/wp\/v2\/news\/807"}],"collection":[{"href":"https:\/\/www.uni.lu\/de\/wp-json\/wp\/v2\/news"}],"about":[{"href":"https:\/\/www.uni.lu\/de\/wp-json\/wp\/v2\/types\/news"}],"version-history":[{"count":0,"href":"https:\/\/www.uni.lu\/de\/wp-json\/wp\/v2\/news\/807\/revisions"}],"wp:featuredmedia":[{"embeddable":true,"href":"https:\/\/www.uni.lu\/de\/wp-json\/wp\/v2\/media\/808"}],"wp:attachment":[{"href":"https:\/\/www.uni.lu\/de\/wp-json\/wp\/v2\/media?parent=807"}],"wp:term":[{"taxonomy":"news-category","embeddable":true,"href":"https:\/\/www.uni.lu\/de\/wp-json\/wp\/v2\/news-category?post=807"},{"taxonomy":"news-topic","embeddable":true,"href":"https:\/\/www.uni.lu\/de\/wp-json\/wp\/v2\/news-topic?post=807"},{"taxonomy":"organisation","embeddable":true,"href":"https:\/\/www.uni.lu\/de\/wp-json\/wp\/v2\/organisation?post=807"}],"curies":[{"name":"wp","href":"https:\/\/api.w.org\/{rel}","templated":true}]}}