{"id":8051,"date":"2025-11-25T14:02:47","date_gmt":"2025-11-25T13:02:47","guid":{"rendered":"https:\/\/www.uni.lu\/de\/?post_type=news&#038;p=8051"},"modified":"2025-11-25T14:04:34","modified_gmt":"2025-11-25T13:04:34","slug":"orange-week-uni-lu-seien-sie-bei-der-filmvorfuehrung-hors-d-haleine-dabei","status":"publish","type":"news","link":"https:\/\/www.uni.lu\/de\/news\/orange-week-uni-lu-seien-sie-bei-der-filmvorfuehrung-hors-d-haleine-dabei\/","title":{"rendered":"Orange Week @Uni.lu: Seien Sie bei der Filmvorf\u00fchrung \u201eHors d&#8217;haleine&#8220; dabei"},"content":{"rendered":"\n<section class=\"wp-block-unilux-blocks-free-section section\"><div class=\"container xl:max-w-screen-xl\">\n<p>Anl\u00e4sslich der Orange Week zeigt die Universit\u00e4t den Film \u201eHors d&#8217;haleine&#8220; von \u00c9ric Lamh\u00e8ne, einem Drama, das in einer Frauenhausumgebung spielt.<\/p>\n\n\n\n<p>\u201eHors d&#8217;haleine&#8220; (engl. Breating Underwater) ist ein luxemburgischer Film von von \u00c9ric Lamh\u00e8ne, der f\u00fcr die Oscars in der Kategorie \u201eBester internationaler Film&#8220; nominiert ist. Im Anschluss an die Filmvorf\u00fchrung findet eine offene Diskussion mit dem Filmteam dar\u00fcber statt, wie wir gemeinsam geschlechtsspezifische Gewalt bek\u00e4mpfen k\u00f6nnen.<\/p>\n\n\n\n<p>Weitere \u00dcberraschungen warten auf die Teilnehmer \u2013 mehr dazu erfahren Sie auf der Veranstaltungsseite:<\/p>\n\n\n\n<ul class=\"wp-block-unilux-blocks-event-card-group flex flex-wrap justify-center sm:justify-start -mx-16\"><li class=\"w-full px-16 sm:w-1\/2 lg:w-1\/3 wp-block-unilux-blocks-event-card\"><div class=\"ulux-card card-event bg-theme \">\n    <div class=\"ulux-card__container\">\n        <div class=\"ulux-card__visual\">\n            <img decoding=\"async\" class=\"w-full\" src=\"https:\/\/www.uni.lu\/wp-content\/uploads\/sites\/9\/2025\/11\/14152000\/2025-OrangeWeeks-Visuals_GEO-WEB-resize-225x300.png\" srcset=\"https:\/\/www.uni.lu\/wp-content\/uploads\/sites\/9\/2025\/11\/14152000\/2025-OrangeWeeks-Visuals_GEO-WEB-resize-768x1024.png 768w, https:\/\/www.uni.lu\/wp-content\/uploads\/sites\/9\/2025\/11\/14152000\/2025-OrangeWeeks-Visuals_GEO-WEB-resize-225x300.png 225w, https:\/\/www.uni.lu\/wp-content\/uploads\/sites\/9\/2025\/11\/14152000\/2025-OrangeWeeks-Visuals_GEO-WEB-resize.png 1125w\" sizes=\"(max-width: 768px) 100vw, 768px\" alt=\"\" \/>\n        <\/div>\n        <div class=\"ulux-card__body\">\n            <div class=\"ulux-card__start-date-container\">\n                <div class=\"ulux-card__start-date\">\n                    <span class=\"ulux-card__start-date__day\">Donnerstag<\/span>\n                    <span class=\"ulux-card__start-date__number\">04<\/span>\n                    <span class=\"ulux-card__start-date__month\">Dezember<\/span>\n                <\/div>\n\n                <div class=\"min-w-0\">\n                    <div class=\"ulux-card__category break-words\">Cultural and social events, Free of charge, In-person event<\/div>\n                    <time class=\"ulux-card__date\" datetime=\"2025-12-04\">\n                        4 Dezember 2025, 18.00 &#8211; 20.30                    <\/time>\n                <\/div>\n            <\/div>\n            <h3 class=\"ulux-card__title break-words\">\n                <a class=\"link-absolute\" href=\"https:\/\/www.uni.lu\/en\/events\/orange-weeks-2025-breathing-underwater-a-film-by-eric-lamhene\/\" target=\"_self\">\n                    Orange Weeks 2025: Breathing Underwater, a film by Eric Lamh\u00e8ne                <\/a>\n            <\/h3>\n                        <a class=\"link-text ulux-card__link link-absolute\" href=\"https:\/\/www.uni.lu\/en\/events\/orange-weeks-2025-breathing-underwater-a-film-by-eric-lamhene\/\" target=\"_self\">\n                <span class=\"link-text__name\">Mehr erfahren<\/span>\n                <svg aria-hidden=\"true\" focusable=\"false\" class=\"icon icon-outline icon--arrow-right icon--2xs\"><use xlink:href=\"https:\/\/www.uni.lu\/wp-content\/themes\/unilux-theme\/assets\/images\/icons\/icons-outline.svg#icon--arrow-right\"><\/use><\/svg>            <\/a>\n        <\/div>\n    <\/div>\n<\/div>\n<\/li class=\"w-full px-16 sm:w-1\/2 lg:w-1\/3 wp-block-unilux-blocks-event-card\"><\/ul>\n\n\n\n<p>Vom 25. November bis 10. Dezember 2025 beteiligt sich die Universit\u00e4t Luxemburg an der Orange Week, der internationalen Kampagne zur Sensibilisierung und Bek\u00e4mpfung geschlechtsspezifischer Gewalt. Die Universit\u00e4t Luxemburg setzt sich f\u00fcr ein sicheres und respektvolles Umfeld ein.<br>Es gibt mehrere Initiativen zur Sensibilisierung und F\u00f6rderung der Gleichstellung, zum Beispiel:&nbsp;&nbsp;<\/p>\n\n\n<ul class=\"flex flex-wrap mt-24 -mx-16  wp-block-unilux-blocks-free-content-card\">\n    <li class=\"w-full sm:w-1\/2 lg:w-1\/3 px-16  wp-block-unilux-blocks-free-content-card-item\">\n    <div class=\"ulux-card card-spin-offs bg-gray-300\">\n        <div class=\"ulux-card__container card__container\">\n                        <div class=\"ulux-card__visual wp-block-unilux-blocks-free-content-card-item-visual\">\n    \n<div class=\"wp-block-unilux-blocks-image-video-wrapper\">\n    <figure class=\"wp-block-dev4-reusable-blocks-image  object-fit--cover\">\n    \n<img decoding=\"async\" class=\"wp-block-image unilux-custom-image-block\"\n                alt=\"\"\n            src=\"https:\/\/www.uni.lu\/wp-content\/uploads\/sites\/9\/2025\/06\/20125158\/2025_GEO_Women-Leaders_website.png\"\n                    style=\"object-position: 50.00% 50.00%; font-family: &quot;object-fit: cover; object-position: 50.00% 50.00%;&quot;; aspect-ratio: 4\/3; object-fit: cover; width: 100%;\"\n        loading=\"lazy\"\n\/>    <\/figure><\/div><\/div><div class=\"ulux-card__body wp-block-unilux-blocks-free-content-card-item-body\">\n    \n<h3 class=\"ulux-card__title has-text-align-left wp-block-unilux-blocks-heading\"        id=\"women-leaders\"\n    >\nWomen Leaders<\/h3>\n<div class=\"ulux-card__description wp-block-unilux-blocks-free-content-card-item-free-content-area\">\n    \n<p>Die Vortragsreihe Women Leaders, in der K\u00fcnstlerinnen oder Forscherinnen ihre Erfahrungen teilen und ihre Standpunkte austauschen.<\/p>\n<\/div><div class=\"wp-block-unilux-blocks-simple-cta\">\n    <a\n        href=\"https:\/\/www.uni.lu\/en\/about\/gender-equality\/women-leaders\/\"\n        title=\"Learn more\"\n        class=\"link-text link-text--icon ulux-card__link link-text link-absolute\"\n        target=\"\"\n    >\n        <span class=\"link-text__body\">\n            <span class=\"link-text__name\">Mehr erfahren<\/span>\n        <\/span>\n        <svg aria-hidden=\"true\" focusable=\"false\" class=\"icon icon-outline icon--arrow-right \"><use xlink:href=\"https:\/\/www.uni.lu\/wp-content\/themes\/unilux-theme\/assets\/images\/icons\/icons-outline.svg#icon--arrow-right\"><\/use><\/svg>    <\/a>\n<\/div>\n<\/div>        <\/div>\n    <\/div>\n<\/li><li class=\"w-full sm:w-1\/2 lg:w-1\/3 px-16  wp-block-unilux-blocks-free-content-card-item\">\n    <div class=\"ulux-card card-spin-offs bg-gray-300\">\n        <div class=\"ulux-card__container card__container\">\n                        <div class=\"ulux-card__visual wp-block-unilux-blocks-free-content-card-item-visual\">\n    \n<div class=\"wp-block-unilux-blocks-image-video-wrapper\">\n    <figure class=\"wp-block-dev4-reusable-blocks-image  object-fit--cover\">\n    \n<img decoding=\"async\" class=\"wp-block-image unilux-custom-image-block\"\n                alt=\"\"\n            src=\"https:\/\/www.uni.lu\/wp-content\/uploads\/sites\/9\/2025\/08\/01141612\/ADVANCE_WEB_INTRO-PAGE.jpg\"\n                    style=\"object-position: 50.00% 50.00%; font-family: &quot;object-fit: cover; object-position: 50.00% 50.00%;&quot;; aspect-ratio: 4\/3; object-fit: cover; width: 100%;\"\n        loading=\"lazy\"\n\/>    <\/figure><\/div><\/div><div class=\"ulux-card__body wp-block-unilux-blocks-free-content-card-item-body\">\n    \n<h3 class=\"ulux-card__title has-text-align-left wp-block-unilux-blocks-heading\"        id=\"advance-mentoring-programme\"\n    >\nADVANCE Mentoring Programme<\/h3>\n<div class=\"ulux-card__description wp-block-unilux-blocks-free-content-card-item-free-content-area\">\n    \n<p>Das Mentoring-Programm ADVANCE, das junge Forscherinnen mit erfahrenen Mentorinnen zusammenbringt.<\/p>\n<\/div><div class=\"wp-block-unilux-blocks-simple-cta\">\n    <a\n        href=\"https:\/\/www.uni.lu\/en\/about\/gender-equality\/advance-mentoring-programme\/\"\n        title=\"Learn more\"\n        class=\"link-text link-text--icon ulux-card__link link-text link-absolute\"\n        target=\"\"\n    >\n        <span class=\"link-text__body\">\n            <span class=\"link-text__name\">Mehr erfahren<\/span>\n        <\/span>\n        <svg aria-hidden=\"true\" focusable=\"false\" class=\"icon icon-outline icon--arrow-right \"><use xlink:href=\"https:\/\/www.uni.lu\/wp-content\/themes\/unilux-theme\/assets\/images\/icons\/icons-outline.svg#icon--arrow-right\"><\/use><\/svg>    <\/a>\n<\/div>\n<\/div>        <\/div>\n    <\/div>\n<\/li><li class=\"w-full sm:w-1\/2 lg:w-1\/3 px-16  wp-block-unilux-blocks-free-content-card-item\">\n    <div class=\"ulux-card card-spin-offs bg-gray-300\">\n        <div class=\"ulux-card__container card__container\">\n                        <div class=\"ulux-card__visual wp-block-unilux-blocks-free-content-card-item-visual\">\n    \n<div class=\"wp-block-unilux-blocks-image-video-wrapper\">\n    <figure class=\"wp-block-dev4-reusable-blocks-image  object-fit--cover\">\n    \n<img decoding=\"async\" class=\"wp-block-image unilux-custom-image-block\"\n                alt=\"Anne Beffort Visual\"\n            src=\"https:\/\/www.uni.lu\/wp-content\/uploads\/sites\/9\/2025\/04\/AnneBeffort-WEB.png\"\n                    style=\"object-position: 50.00% 50.00%; font-family: &quot;object-fit: cover; object-position: 50.00% 50.00%;&quot;; aspect-ratio: 4\/3; object-fit: cover; width: 100%;\"\n        loading=\"lazy\"\n\/>    <\/figure><\/div><\/div><div class=\"ulux-card__body wp-block-unilux-blocks-free-content-card-item-body\">\n    \n<h3 class=\"ulux-card__title has-text-align-left wp-block-unilux-blocks-heading\"        id=\"anne-beffort-positions\"\n    >\nAnne Beffort Positions<\/h3>\n<div class=\"ulux-card__description wp-block-unilux-blocks-free-content-card-item-free-content-area\">\n    \n<p>Im Sommer 2025 startete die Universit\u00e4t die Anne Beffort Positions, ein Rekrutierungsprogramm f\u00fcr Professorenstellen in Bereichen, in denen Frauen unterrepr\u00e4sentiert sind.<\/p>\n<\/div><div class=\"wp-block-unilux-blocks-simple-cta\">\n    <a\n        href=\"https:\/\/www.uni.lu\/en\/about\/gender-equality\/anne-beffort-positions\/\"\n        title=\"Learn more\"\n        class=\"link-text link-text--icon ulux-card__link link-text link-absolute\"\n        target=\"\"\n    >\n        <span class=\"link-text__body\">\n            <span class=\"link-text__name\">Mehr erfahren<\/span>\n        <\/span>\n        <svg aria-hidden=\"true\" focusable=\"false\" class=\"icon icon-outline icon--arrow-right \"><use xlink:href=\"https:\/\/www.uni.lu\/wp-content\/themes\/unilux-theme\/assets\/images\/icons\/icons-outline.svg#icon--arrow-right\"><\/use><\/svg>    <\/a>\n<\/div>\n<\/div>        <\/div>\n    <\/div>\n<\/li><li class=\"w-full sm:w-1\/2 lg:w-1\/3 px-16  wp-block-unilux-blocks-free-content-card-item\">\n    <div class=\"ulux-card card-spin-offs bg-gray-300\">\n        <div class=\"ulux-card__container card__container\">\n                        <div class=\"ulux-card__visual wp-block-unilux-blocks-free-content-card-item-visual\">\n    \n<div class=\"wp-block-unilux-blocks-image-video-wrapper\">\n    <figure class=\"wp-block-dev4-reusable-blocks-image  object-fit--cover\">\n    \n<img decoding=\"async\" class=\"wp-block-image unilux-custom-image-block\"\n                alt=\"Marie\"\n            src=\"https:\/\/www.uni.lu\/wp-content\/uploads\/sites\/9\/2025\/06\/10160059\/Marie-Speyer-Grants_2025.jpg\"\n                    style=\"object-position: 50.00% 50.00%; font-family: &quot;object-fit: cover; object-position: 50.00% 50.00%;&quot;; aspect-ratio: 4\/3; object-fit: cover; width: 100%;\"\n        loading=\"lazy\"\n\/>    <\/figure><\/div><\/div><div class=\"ulux-card__body wp-block-unilux-blocks-free-content-card-item-body\">\n    \n<h3 class=\"ulux-card__title has-text-align-left wp-block-unilux-blocks-heading\"        id=\"marie-speyer-grants\"\n    >\nMarie Speyer Grants<\/h3>\n<div class=\"ulux-card__description wp-block-unilux-blocks-free-content-card-item-free-content-area\">\n    \n<p>Das F\u00f6rderprogramm Marie Speyer Excellence Grants unterst\u00fctzt finanziell herausragende Forschungsprojekte von Forscherinnen.<\/p>\n<\/div><div class=\"wp-block-unilux-blocks-simple-cta\">\n    <a\n        href=\"https:\/\/www.uni.lu\/en\/about\/gender-equality\/marie-speyer-grants\/\"\n        title=\"Learn more\"\n        class=\"link-text link-text--icon ulux-card__link link-text link-absolute\"\n        target=\"\"\n    >\n        <span class=\"link-text__body\">\n            <span class=\"link-text__name\">Mehr erfahren<\/span>\n        <\/span>\n        <svg aria-hidden=\"true\" focusable=\"false\" class=\"icon icon-outline icon--arrow-right \"><use xlink:href=\"https:\/\/www.uni.lu\/wp-content\/themes\/unilux-theme\/assets\/images\/icons\/icons-outline.svg#icon--arrow-right\"><\/use><\/svg>    <\/a>\n<\/div>\n<\/div>        <\/div>\n    <\/div>\n<\/li><\/ul>\n\n\n<ul class=\"wp-block-unilux-blocks-quick-link-underline\">\n    \n<li class=\"wp-block-unilux-blocks-quick-link-underline-item\">\n    <a\n            href=\"https:\/\/www.uni.lu\/en\/about\/gender-equality\/\"\n            class=\"wp-block-unilux-blocks-anchor\"        target=\"\"\n>\n    \n<span class=\"hero__title__subject wp-block-unilux-blocks-plain-text\">Einen vollst\u00e4ndigen \u00dcberblick finden Sie auf der Seite Gleichstellung der Geschlechter<\/span><svg aria-hidden=\"true\" focusable=\"false\" class=\"icon icon-outline icon--arrow-right \"><use xlink:href=\"https:\/\/www.uni.lu\/wp-content\/themes\/unilux-theme\/assets\/images\/icons\/icons-outline.svg#icon--arrow-right\"><\/use><\/svg><\/a>\n<\/li>\n<\/ul><\/div><\/section>\n\n\n<section class=\"section section wp-block-unilux-blocks-quick-link-discover-section py-0\">\n    <div class=\"container xl:max-w-screen-xl\">\n        \n<h2 class=\"has-text-align-left wp-block-unilux-blocks-heading\"        id=\"entdecken-sie-auch\"\n    >\nEntdecken Sie auch<\/h2>\n\n<ul class=\"wp-block-unilux-blocks-quick-link-discover quick-link-list\">\n<li class=\"wp-block-unilux-blocks-quick-link-discover-item\">\n    <a\n                    href=\"https:\/\/www.uni.lu\/en\/news\/orange-week-2024\/\"\n                    class=\"quick-link\"\n            target=\"\"\n    >\n            <span class=\"quick-link__container\">\n                <span class=\"quick-link__text\">\n                    Orange Week 2024                <\/span>\n                <svg aria-hidden=\"true\" focusable=\"false\" class=\"icon icon-outline icon--arrow-right \"><use xlink:href=\"https:\/\/www.uni.lu\/wp-content\/themes\/unilux-theme\/assets\/images\/icons\/icons-outline.svg#icon--arrow-right\"><\/use><\/svg>            <\/span>\n    <\/a>\n<\/li>\n\n\n\n<li class=\"wp-block-unilux-blocks-quick-link-discover-item\">\n    <a\n                    href=\"https:\/\/www.uni.lu\/en\/news\/empowering-voices-breaking-chains-the-global-pursuit-to-end-violence-against-women\/\"\n                    class=\"quick-link\"\n            target=\"\"\n    >\n            <span class=\"quick-link__container\">\n                <span class=\"quick-link__text\">\n                    Orange Week 2023                <\/span>\n                <svg aria-hidden=\"true\" focusable=\"false\" class=\"icon icon-outline icon--arrow-right \"><use xlink:href=\"https:\/\/www.uni.lu\/wp-content\/themes\/unilux-theme\/assets\/images\/icons\/icons-outline.svg#icon--arrow-right\"><\/use><\/svg>            <\/span>\n    <\/a>\n<\/li>\n<\/ul>\n    <\/div>\n<\/section>","protected":false},"excerpt":{"rendered":"","protected":false},"author":341,"featured_media":8053,"template":"","format":"standard","meta":{"featured_image_focal_point":[],"show_featured_caption":false,"ulux_newsletter_groups":"","uluxPostTitle":"","uluxPrePostTitle":"","_trash_the_other_posts":false,"_price":"","_stock":"","_tribe_ticket_header":"","_tribe_default_ticket_provider":"","_tribe_ticket_capacity":"0","_ticket_start_date":"","_ticket_end_date":"","_tribe_ticket_show_description":"","_tribe_ticket_show_not_going":false,"_tribe_ticket_use_global_stock":"","_tribe_ticket_global_stock_level":"","_global_stock_mode":"","_global_stock_cap":"","_tribe_rsvp_for_event":"","_tribe_ticket_going_count":"","_tribe_ticket_not_going_count":"","_tribe_tickets_list":"[]","_tribe_ticket_has_attendee_info_fields":false},"news-category":[6],"news-topic":[],"organisation":[412,226],"authorship":[341],"acf":[],"yoast_head":"<!-- This site is optimized with the Yoast SEO Premium plugin v22.3 (Yoast SEO v22.3) - https:\/\/yoast.com\/wordpress\/plugins\/seo\/ -->\n<title>Orange Week @Uni.lu: Seien Sie bei der Filmvorf\u00fchrung \u201eHors d&#039;haleine&quot; dabei - Universit\u00e4t Luxemburg<\/title>\n<meta name=\"description\" content=\"Anl\u00e4sslich der Orange Week zeigt die Universit\u00e4t den Film \u201eHors d&#039;haleine&quot; von \u00c9ric Lamh\u00e8ne, einem Drama, das in einer Frauenhausumgebung spielt. \u201eHors\" \/>\n<meta name=\"robots\" content=\"index, follow, max-snippet:-1, max-image-preview:large, max-video-preview:-1\" \/>\n<link rel=\"canonical\" href=\"https:\/\/www.uni.lu\/de\/news\/orange-week-uni-lu-seien-sie-bei-der-filmvorfuehrung-hors-d-haleine-dabei\/\" \/>\n<meta property=\"og:locale\" content=\"de_DE\" \/>\n<meta property=\"og:type\" content=\"article\" \/>\n<meta property=\"og:title\" content=\"Orange Week @Uni.lu: Seien Sie bei der Filmvorf\u00fchrung \u201eHors d&#039;haleine&quot; dabei\" \/>\n<meta property=\"og:description\" content=\"Anl\u00e4sslich der Orange Week zeigt die Universit\u00e4t den Film \u201eHors d&#039;haleine&quot; von \u00c9ric Lamh\u00e8ne, einem Drama, das in einer Frauenhausumgebung spielt. \u201eHors\" \/>\n<meta property=\"og:url\" content=\"https:\/\/www.uni.lu\/de\/news\/orange-week-uni-lu-seien-sie-bei-der-filmvorfuehrung-hors-d-haleine-dabei\/\" \/>\n<meta property=\"og:site_name\" content=\"UNI DE\" \/>\n<meta property=\"article:publisher\" content=\"https:\/\/www.facebook.com\/uni.lu\" \/>\n<meta property=\"article:modified_time\" content=\"2025-11-25T13:04:34+00:00\" \/>\n<meta property=\"og:image\" content=\"https:\/\/www.uni.lu\/wp-content\/uploads\/sites\/10\/2025\/11\/25140231\/Orange-week-2025-students.webp\" \/>\n\t<meta property=\"og:image:width\" content=\"1536\" \/>\n\t<meta property=\"og:image:height\" content=\"1152\" \/>\n\t<meta property=\"og:image:type\" content=\"image\/webp\" \/>\n<meta name=\"twitter:card\" content=\"summary_large_image\" \/>\n<meta name=\"twitter:label1\" content=\"Gesch\u00e4tzte Lesezeit\" \/>\n\t<meta name=\"twitter:data1\" content=\"2 Minuten\" \/>\n<script type=\"application\/ld+json\" class=\"yoast-schema-graph\">{\"@context\":\"https:\/\/schema.org\",\"@graph\":[{\"@type\":\"NewsArticle\",\"@id\":\"https:\/\/www.uni.lu\/de\/news\/orange-week-uni-lu-seien-sie-bei-der-filmvorfuehrung-hors-d-haleine-dabei\/#article\",\"isPartOf\":{\"@id\":\"https:\/\/www.uni.lu\/de\/news\/orange-week-uni-lu-seien-sie-bei-der-filmvorfuehrung-hors-d-haleine-dabei\/\"},\"author\":{\"name\":\"Catherine Clesse\",\"@id\":\"https:\/\/www.uni.lu\/de\/#\/schema\/person\/67d3defa53981502bf9cddb74a850c08\"},\"headline\":\"Orange Week @Uni.lu: Seien Sie bei der Filmvorf\u00fchrung \u201eHors d&#8217;haleine&#8220; dabei\",\"datePublished\":\"2025-11-25T13:02:47+00:00\",\"dateModified\":\"2025-11-25T13:04:34+00:00\",\"mainEntityOfPage\":{\"@id\":\"https:\/\/www.uni.lu\/de\/news\/orange-week-uni-lu-seien-sie-bei-der-filmvorfuehrung-hors-d-haleine-dabei\/\"},\"wordCount\":222,\"publisher\":{\"@id\":\"https:\/\/www.uni.lu\/de\/#organization\"},\"image\":{\"@id\":\"https:\/\/www.uni.lu\/de\/news\/orange-week-uni-lu-seien-sie-bei-der-filmvorfuehrung-hors-d-haleine-dabei\/#primaryimage\"},\"thumbnailUrl\":\"https:\/\/www.uni.lu\/wp-content\/uploads\/sites\/10\/2025\/11\/25140231\/Orange-week-2025-students.webp\",\"inLanguage\":\"de-DE\"},{\"@type\":\"WebPage\",\"@id\":\"https:\/\/www.uni.lu\/de\/news\/orange-week-uni-lu-seien-sie-bei-der-filmvorfuehrung-hors-d-haleine-dabei\/\",\"url\":\"https:\/\/www.uni.lu\/de\/news\/orange-week-uni-lu-seien-sie-bei-der-filmvorfuehrung-hors-d-haleine-dabei\/\",\"name\":\"Orange Week @Uni.lu: Seien Sie bei der Filmvorf\u00fchrung \u201eHors d'haleine\\\" dabei - Universit\u00e4t Luxemburg\",\"isPartOf\":{\"@id\":\"https:\/\/www.uni.lu\/de\/#website\"},\"primaryImageOfPage\":{\"@id\":\"https:\/\/www.uni.lu\/de\/news\/orange-week-uni-lu-seien-sie-bei-der-filmvorfuehrung-hors-d-haleine-dabei\/#primaryimage\"},\"image\":{\"@id\":\"https:\/\/www.uni.lu\/de\/news\/orange-week-uni-lu-seien-sie-bei-der-filmvorfuehrung-hors-d-haleine-dabei\/#primaryimage\"},\"thumbnailUrl\":\"https:\/\/www.uni.lu\/wp-content\/uploads\/sites\/10\/2025\/11\/25140231\/Orange-week-2025-students.webp\",\"datePublished\":\"2025-11-25T13:02:47+00:00\",\"dateModified\":\"2025-11-25T13:04:34+00:00\",\"description\":\"Anl\u00e4sslich der Orange Week zeigt die Universit\u00e4t den Film \u201eHors d'haleine\\\" von \u00c9ric Lamh\u00e8ne, einem Drama, das in einer Frauenhausumgebung spielt. \u201eHors\",\"breadcrumb\":{\"@id\":\"https:\/\/www.uni.lu\/de\/news\/orange-week-uni-lu-seien-sie-bei-der-filmvorfuehrung-hors-d-haleine-dabei\/#breadcrumb\"},\"inLanguage\":\"de-DE\",\"potentialAction\":[{\"@type\":\"ReadAction\",\"target\":[\"https:\/\/www.uni.lu\/de\/news\/orange-week-uni-lu-seien-sie-bei-der-filmvorfuehrung-hors-d-haleine-dabei\/\"]}]},{\"@type\":\"ImageObject\",\"inLanguage\":\"de-DE\",\"@id\":\"https:\/\/www.uni.lu\/de\/news\/orange-week-uni-lu-seien-sie-bei-der-filmvorfuehrung-hors-d-haleine-dabei\/#primaryimage\",\"url\":\"https:\/\/www.uni.lu\/wp-content\/uploads\/sites\/10\/2025\/11\/25140231\/Orange-week-2025-students.webp\",\"contentUrl\":\"https:\/\/www.uni.lu\/wp-content\/uploads\/sites\/10\/2025\/11\/25140231\/Orange-week-2025-students.webp\",\"width\":1536,\"height\":1152},{\"@type\":\"BreadcrumbList\",\"@id\":\"https:\/\/www.uni.lu\/de\/news\/orange-week-uni-lu-seien-sie-bei-der-filmvorfuehrung-hors-d-haleine-dabei\/#breadcrumb\",\"itemListElement\":[{\"@type\":\"ListItem\",\"position\":1,\"name\":\"Home\",\"item\":\"https:\/\/www.uni.lu\/de\/\"},{\"@type\":\"ListItem\",\"position\":2,\"name\":\"News\",\"item\":\"https:\/\/www.uni.lu\/de\/news\/\"},{\"@type\":\"ListItem\",\"position\":3,\"name\":\"Orange Week @Uni.lu: Seien Sie bei der Filmvorf\u00fchrung \u201eHors d'haleine\\\" dabei\"}]},{\"@type\":\"WebSite\",\"@id\":\"https:\/\/www.uni.lu\/de\/#website\",\"url\":\"https:\/\/www.uni.lu\/de\/\",\"name\":\"Uni.lu\",\"description\":\"Universit\u00e4t Luxemburg\",\"publisher\":{\"@id\":\"https:\/\/www.uni.lu\/de\/#organization\"},\"alternateName\":\"Universit\u00e4t Luxemburg\",\"potentialAction\":[{\"@type\":\"SearchAction\",\"target\":{\"@type\":\"EntryPoint\",\"urlTemplate\":\"https:\/\/www.uni.lu\/de\/?s={search_term_string}\"},\"query-input\":\"required name=search_term_string\"}],\"inLanguage\":\"de-DE\"},{\"@type\":\"Organization\",\"@id\":\"https:\/\/www.uni.lu\/de\/#organization\",\"name\":\"Universit\u00e4t Luxemburg\",\"alternateName\":\"Uni.lu\",\"url\":\"https:\/\/www.uni.lu\/de\/\",\"logo\":{\"@type\":\"ImageObject\",\"inLanguage\":\"de-DE\",\"@id\":\"https:\/\/www.uni.lu\/de\/#\/schema\/logo\/image\/\",\"url\":\"https:\/\/www.uni.lu\/wp-content\/uploads\/sites\/10\/2026\/03\/03120000\/UNIV_SM-Profile_1600x1600px-scaled.jpg\",\"contentUrl\":\"https:\/\/www.uni.lu\/wp-content\/uploads\/sites\/10\/2026\/03\/03120000\/UNIV_SM-Profile_1600x1600px-scaled.jpg\",\"width\":2560,\"height\":2560,\"caption\":\"Universit\u00e4t Luxemburg\"},\"image\":\"https:\/\/www.uni.lu\/wp-content\/uploads\/sites\/10\/2026\/04\/24144329\/20200609-Belval-Campus_Henri-Goergen-23.jpg\",\"sameAs\":[\"https:\/\/www.facebook.com\/uni.lu\",\"https:\/\/www.linkedin.com\/school\/university-of-luxembourg\/\",\"https:\/\/www.instagram.com\/uni.lu\",\"https:\/\/www.youtube.com\/@uni_lu\",\"https:\/\/en.wikipedia.org\/wiki\/University_of_Luxembourg\"],\"email\":\"communication@uni.lu\",\"telephone\":\"+3524666441\",\"address\":{\"@type\":\"PostalAddress\",\"streetAddress\":\"2, place de l\u2019Universit\u00e9\",\"addressLocality\":\"Esch-sur-Alzette\",\"postalCode\":\"4365\",\"addressCountry\":\"LU\"},\"description\":\"Universit\u00e4t Luxemburg\"},{\"@type\":\"Person\",\"@id\":\"https:\/\/www.uni.lu\/de\/#\/schema\/person\/67d3defa53981502bf9cddb74a850c08\",\"name\":\"Catherine Clesse\",\"image\":{\"@type\":\"ImageObject\",\"inLanguage\":\"de-DE\",\"@id\":\"https:\/\/www.uni.lu\/de\/#\/schema\/person\/image\/\",\"url\":\"https:\/\/secure.gravatar.com\/avatar\/6a2e15a24f9036a6aee8753304e46c2d?s=96&d=mm&r=g\",\"contentUrl\":\"https:\/\/secure.gravatar.com\/avatar\/6a2e15a24f9036a6aee8753304e46c2d?s=96&d=mm&r=g\",\"caption\":\"Catherine Clesse\"}}]}<\/script>\n<!-- \/ Yoast SEO Premium plugin. -->","yoast_head_json":{"title":"Orange Week @Uni.lu: Seien Sie bei der Filmvorf\u00fchrung \u201eHors d'haleine\" dabei - Universit\u00e4t Luxemburg","description":"Anl\u00e4sslich der Orange Week zeigt die Universit\u00e4t den Film \u201eHors d'haleine\" von \u00c9ric Lamh\u00e8ne, einem Drama, das in einer Frauenhausumgebung spielt. \u201eHors","robots":{"index":"index","follow":"follow","max-snippet":"max-snippet:-1","max-image-preview":"max-image-preview:large","max-video-preview":"max-video-preview:-1"},"canonical":"https:\/\/www.uni.lu\/de\/news\/orange-week-uni-lu-seien-sie-bei-der-filmvorfuehrung-hors-d-haleine-dabei\/","og_locale":"de_DE","og_type":"article","og_title":"Orange Week @Uni.lu: Seien Sie bei der Filmvorf\u00fchrung \u201eHors d'haleine\" dabei","og_description":"Anl\u00e4sslich der Orange Week zeigt die Universit\u00e4t den Film \u201eHors d'haleine\" von \u00c9ric Lamh\u00e8ne, einem Drama, das in einer Frauenhausumgebung spielt. \u201eHors","og_url":"https:\/\/www.uni.lu\/de\/news\/orange-week-uni-lu-seien-sie-bei-der-filmvorfuehrung-hors-d-haleine-dabei\/","og_site_name":"UNI DE","article_publisher":"https:\/\/www.facebook.com\/uni.lu","article_modified_time":"2025-11-25T13:04:34+00:00","og_image":[{"width":1536,"height":1152,"url":"https:\/\/www.uni.lu\/wp-content\/uploads\/sites\/10\/2025\/11\/25140231\/Orange-week-2025-students.webp","type":"image\/webp"}],"twitter_card":"summary_large_image","twitter_misc":{"Gesch\u00e4tzte Lesezeit":"2 Minuten"},"schema":{"@context":"https:\/\/schema.org","@graph":[{"@type":"NewsArticle","@id":"https:\/\/www.uni.lu\/de\/news\/orange-week-uni-lu-seien-sie-bei-der-filmvorfuehrung-hors-d-haleine-dabei\/#article","isPartOf":{"@id":"https:\/\/www.uni.lu\/de\/news\/orange-week-uni-lu-seien-sie-bei-der-filmvorfuehrung-hors-d-haleine-dabei\/"},"author":{"name":"Catherine Clesse","@id":"https:\/\/www.uni.lu\/de\/#\/schema\/person\/67d3defa53981502bf9cddb74a850c08"},"headline":"Orange Week @Uni.lu: Seien Sie bei der Filmvorf\u00fchrung \u201eHors d&#8217;haleine&#8220; dabei","datePublished":"2025-11-25T13:02:47+00:00","dateModified":"2025-11-25T13:04:34+00:00","mainEntityOfPage":{"@id":"https:\/\/www.uni.lu\/de\/news\/orange-week-uni-lu-seien-sie-bei-der-filmvorfuehrung-hors-d-haleine-dabei\/"},"wordCount":222,"publisher":{"@id":"https:\/\/www.uni.lu\/de\/#organization"},"image":{"@id":"https:\/\/www.uni.lu\/de\/news\/orange-week-uni-lu-seien-sie-bei-der-filmvorfuehrung-hors-d-haleine-dabei\/#primaryimage"},"thumbnailUrl":"https:\/\/www.uni.lu\/wp-content\/uploads\/sites\/10\/2025\/11\/25140231\/Orange-week-2025-students.webp","inLanguage":"de-DE"},{"@type":"WebPage","@id":"https:\/\/www.uni.lu\/de\/news\/orange-week-uni-lu-seien-sie-bei-der-filmvorfuehrung-hors-d-haleine-dabei\/","url":"https:\/\/www.uni.lu\/de\/news\/orange-week-uni-lu-seien-sie-bei-der-filmvorfuehrung-hors-d-haleine-dabei\/","name":"Orange Week @Uni.lu: Seien Sie bei der Filmvorf\u00fchrung \u201eHors d'haleine\" dabei - Universit\u00e4t Luxemburg","isPartOf":{"@id":"https:\/\/www.uni.lu\/de\/#website"},"primaryImageOfPage":{"@id":"https:\/\/www.uni.lu\/de\/news\/orange-week-uni-lu-seien-sie-bei-der-filmvorfuehrung-hors-d-haleine-dabei\/#primaryimage"},"image":{"@id":"https:\/\/www.uni.lu\/de\/news\/orange-week-uni-lu-seien-sie-bei-der-filmvorfuehrung-hors-d-haleine-dabei\/#primaryimage"},"thumbnailUrl":"https:\/\/www.uni.lu\/wp-content\/uploads\/sites\/10\/2025\/11\/25140231\/Orange-week-2025-students.webp","datePublished":"2025-11-25T13:02:47+00:00","dateModified":"2025-11-25T13:04:34+00:00","description":"Anl\u00e4sslich der Orange Week zeigt die Universit\u00e4t den Film \u201eHors d'haleine\" von \u00c9ric Lamh\u00e8ne, einem Drama, das in einer Frauenhausumgebung spielt. \u201eHors","breadcrumb":{"@id":"https:\/\/www.uni.lu\/de\/news\/orange-week-uni-lu-seien-sie-bei-der-filmvorfuehrung-hors-d-haleine-dabei\/#breadcrumb"},"inLanguage":"de-DE","potentialAction":[{"@type":"ReadAction","target":["https:\/\/www.uni.lu\/de\/news\/orange-week-uni-lu-seien-sie-bei-der-filmvorfuehrung-hors-d-haleine-dabei\/"]}]},{"@type":"ImageObject","inLanguage":"de-DE","@id":"https:\/\/www.uni.lu\/de\/news\/orange-week-uni-lu-seien-sie-bei-der-filmvorfuehrung-hors-d-haleine-dabei\/#primaryimage","url":"https:\/\/www.uni.lu\/wp-content\/uploads\/sites\/10\/2025\/11\/25140231\/Orange-week-2025-students.webp","contentUrl":"https:\/\/www.uni.lu\/wp-content\/uploads\/sites\/10\/2025\/11\/25140231\/Orange-week-2025-students.webp","width":1536,"height":1152},{"@type":"BreadcrumbList","@id":"https:\/\/www.uni.lu\/de\/news\/orange-week-uni-lu-seien-sie-bei-der-filmvorfuehrung-hors-d-haleine-dabei\/#breadcrumb","itemListElement":[{"@type":"ListItem","position":1,"name":"Home","item":"https:\/\/www.uni.lu\/de\/"},{"@type":"ListItem","position":2,"name":"News","item":"https:\/\/www.uni.lu\/de\/news\/"},{"@type":"ListItem","position":3,"name":"Orange Week @Uni.lu: Seien Sie bei der Filmvorf\u00fchrung \u201eHors d'haleine\" dabei"}]},{"@type":"WebSite","@id":"https:\/\/www.uni.lu\/de\/#website","url":"https:\/\/www.uni.lu\/de\/","name":"Uni.lu","description":"Universit\u00e4t Luxemburg","publisher":{"@id":"https:\/\/www.uni.lu\/de\/#organization"},"alternateName":"Universit\u00e4t Luxemburg","potentialAction":[{"@type":"SearchAction","target":{"@type":"EntryPoint","urlTemplate":"https:\/\/www.uni.lu\/de\/?s={search_term_string}"},"query-input":"required name=search_term_string"}],"inLanguage":"de-DE"},{"@type":"Organization","@id":"https:\/\/www.uni.lu\/de\/#organization","name":"Universit\u00e4t Luxemburg","alternateName":"Uni.lu","url":"https:\/\/www.uni.lu\/de\/","logo":{"@type":"ImageObject","inLanguage":"de-DE","@id":"https:\/\/www.uni.lu\/de\/#\/schema\/logo\/image\/","url":"https:\/\/www.uni.lu\/wp-content\/uploads\/sites\/10\/2026\/03\/03120000\/UNIV_SM-Profile_1600x1600px-scaled.jpg","contentUrl":"https:\/\/www.uni.lu\/wp-content\/uploads\/sites\/10\/2026\/03\/03120000\/UNIV_SM-Profile_1600x1600px-scaled.jpg","width":2560,"height":2560,"caption":"Universit\u00e4t Luxemburg"},"image":"https:\/\/www.uni.lu\/wp-content\/uploads\/sites\/10\/2026\/04\/24144329\/20200609-Belval-Campus_Henri-Goergen-23.jpg","sameAs":["https:\/\/www.facebook.com\/uni.lu","https:\/\/www.linkedin.com\/school\/university-of-luxembourg\/","https:\/\/www.instagram.com\/uni.lu","https:\/\/www.youtube.com\/@uni_lu","https:\/\/en.wikipedia.org\/wiki\/University_of_Luxembourg"],"email":"communication@uni.lu","telephone":"+3524666441","address":{"@type":"PostalAddress","streetAddress":"2, place de l\u2019Universit\u00e9","addressLocality":"Esch-sur-Alzette","postalCode":"4365","addressCountry":"LU"},"description":"Universit\u00e4t Luxemburg"},{"@type":"Person","@id":"https:\/\/www.uni.lu\/de\/#\/schema\/person\/67d3defa53981502bf9cddb74a850c08","name":"Catherine Clesse","image":{"@type":"ImageObject","inLanguage":"de-DE","@id":"https:\/\/www.uni.lu\/de\/#\/schema\/person\/image\/","url":"https:\/\/secure.gravatar.com\/avatar\/6a2e15a24f9036a6aee8753304e46c2d?s=96&d=mm&r=g","contentUrl":"https:\/\/secure.gravatar.com\/avatar\/6a2e15a24f9036a6aee8753304e46c2d?s=96&d=mm&r=g","caption":"Catherine Clesse"}}]}},"blog_id":10,"_links":{"self":[{"href":"https:\/\/www.uni.lu\/de\/wp-json\/wp\/v2\/news\/8051"}],"collection":[{"href":"https:\/\/www.uni.lu\/de\/wp-json\/wp\/v2\/news"}],"about":[{"href":"https:\/\/www.uni.lu\/de\/wp-json\/wp\/v2\/types\/news"}],"author":[{"embeddable":true,"href":"https:\/\/www.uni.lu\/de\/wp-json\/wp\/v2\/users\/341"}],"version-history":[{"count":3,"href":"https:\/\/www.uni.lu\/de\/wp-json\/wp\/v2\/news\/8051\/revisions"}],"predecessor-version":[{"id":8055,"href":"https:\/\/www.uni.lu\/de\/wp-json\/wp\/v2\/news\/8051\/revisions\/8055"}],"wp:authorship":[{"embeddable":true,"href":"https:\/\/www.uni.lu\/de\/wp-json\/wp\/v2\/users\/341"}],"wp:featuredmedia":[{"embeddable":true,"href":"https:\/\/www.uni.lu\/de\/wp-json\/wp\/v2\/media\/8053"}],"wp:attachment":[{"href":"https:\/\/www.uni.lu\/de\/wp-json\/wp\/v2\/media?parent=8051"}],"wp:term":[{"taxonomy":"news-category","embeddable":true,"href":"https:\/\/www.uni.lu\/de\/wp-json\/wp\/v2\/news-category?post=8051"},{"taxonomy":"news-topic","embeddable":true,"href":"https:\/\/www.uni.lu\/de\/wp-json\/wp\/v2\/news-topic?post=8051"},{"taxonomy":"organisation","embeddable":true,"href":"https:\/\/www.uni.lu\/de\/wp-json\/wp\/v2\/organisation?post=8051"}],"curies":[{"name":"wp","href":"https:\/\/api.w.org\/{rel}","templated":true}]}}