{"id":795,"date":"2021-07-09T05:12:27","date_gmt":"2021-07-09T05:12:27","guid":{"rendered":"https:\/\/website.prod.unilu.spikeseed.cloud\/de\/news\/dr-carsten-ullrich-wird-der-rolf-tarrach-preis-2021-verliehen\/"},"modified":"2021-07-09T05:12:27","modified_gmt":"2021-07-09T05:12:27","slug":"dr-carsten-ullrich-wird-der-rolf-tarrach-preis-2021-verliehen","status":"publish","type":"news","link":"https:\/\/www.uni.lu\/de\/news\/dr-carsten-ullrich-wird-der-rolf-tarrach-preis-2021-verliehen\/","title":{"rendered":"Dr. Carsten Ullrich wird der Rolf Tarrach Preis 2021 verliehen"},"content":{"rendered":"<section class=\"wp-block-unilux-blocks-free-section section\"><div class=\"container xl:max-w-screen-xl\"><p>Der Verein \u201eAmis de l&#8217;Universit\u00e9\u201c hat den Rolf-Tarrach-Preis 2021, der j\u00e4hrlich die beste Doktorarbeit der Universit\u00e4t Luxemburg auszeichnet, an <strong>Dr Carsten Ullrich<\/strong>\u00a0von der Fakult\u00e4t f\u00fcr Fakult\u00e4t f\u00fcr Recht, Wirtschaftswissenschaften und Finanzwirtschaft (FDEF) verliehen. Seine Dissertation zum Thema <i><strong>\u201eUnlawful Content Online: Towards A New Regulatory Framework For Online Platforms\u201c<\/strong><\/i> und die dazugeh\u00f6rige Pr\u00e4sentation erf\u00fcllten die Erwartungen und Kriterien der Jury in vollem Umfang.<\/p><p>Seine Doktorarbeit, die unter der Betreuung von Prof.\u00a0<a href=\"https:\/\/wwwde.uni.lu\/recherche\/fdef\/dl\/people\/mark_cole\" target=\"_self\" title=\"\" rel=\"noopener\">Mark Cole<\/a>\u00a0entstand, stellt die Frage, ob Online-Plattformen mehr f\u00fcr die Verbreitung illegaler Inhalte im Internet verantwortlich gemacht werden sollten, und untersucht eine Reihe von Problembereichen, in denen EU-Gesetzgeber und Gerichte mit den aktuellen Gesetzen an ihre Grenzen sto\u00dfen. Dr. Ullrich schl\u00e4gt Wege vor, wie soziale Mediennetzwerke und Online-Marktpl\u00e4tze angemessener und effektiver in unsere Bem\u00fchungen eingebunden werden k\u00f6nnten, das Internet zu einem faireren und sichereren Ort zu machen.<\/p><p>Im Dezember 2016 trat Carsten Ullrich als Doktorand dem Doktorandenkolleg \u201eEnforcement in Multi-Level Regulatory Systems\u201c (DTU REMS) bei, einem gemeinsamen Forschungsprogramm der FDEF, der Fakult\u00e4t f\u00fcr Geisteswissenschaften, Erziehungswissenschaften und Sozialwissenschaften (FHSE) und des Max-Planck-Instituts Luxemburg f\u00fcr Verfahrensrecht (MPI Luxemburg). Es untersucht, wie der Vollzug in mehrstufigen Regulierungssystemen im Hinblick auf spezifische Vollzugsherausforderungen in einer Reihe von Politikbereichen wie Banken- und Finanzrecht, IT- und Satellitenkommunikationsrecht, internationales Handels- und Investitionsrecht und Streitbeilegung gestaltet wird.<\/p><figure class=\"wp-block-dev4-reusable-blocks-image  object-fit--contain\">\n    \n<img decoding=\"async\" class=\"wp-block-image unilux-custom-image-block\"\n                alt=\"\"\n            src=\"https:\/\/www.uni.lu\/wp-content\/uploads\/sites\/10\/2023\/07\/tarrach_510.jpg\"\n                srcset=\"https:\/\/www.uni.lu\/wp-content\/uploads\/sites\/10\/2023\/07\/tarrach_510-300x176.jpg 300w, https:\/\/www.uni.lu\/wp-content\/uploads\/sites\/10\/2023\/07\/tarrach_510.jpg 510w\"\n                style=\"object-position: 50.00% 50.00%; font-family: &quot;object-fit: contain; object-position: 50.00% 50.00%;&quot;; aspect-ratio: 16\/9; object-fit: contain; width: 100%;\"\n        loading=\"lazy\"\n\/>            <p class=\"wp-block-dev4-reusable-blocks-image-caption\">\n            De g. \u00e0 d.: St\u00e9phane Pallage (recteur UNILU), Alexandra Da Silva (vice-pr\u00e9sidente de la Fondation Luis y Antonio Portabella), Carsten Ullrich (laur\u00e9at 2021), Rolf Tarrach (pr\u00e9sident des Amis de l&#8217;UNILU &amp; recteur \u00e9m\u00e9rite)        <\/p>\n    <\/figure><p>Carsten Ullrich\u00a0verf\u00fcgt \u00fcber 21 Jahre Berufserfahrung, davon acht Jahre bei Amazon in Luxemburg und London als Senior Manager in verschiedenen regulatorischen und Compliance-Funktionen sowie in der Betrugserkennung. Au\u00dferdem war er als Analyst f\u00fcr Regulierungspolitik f\u00fcr die britische und kanadische Botschaft in Berlin und als strategischer Berater f\u00fcr Euromonitor International in London t\u00e4tig.<\/p><p>Im Jahr 2012 erwarb er einen Master of Laws in Innovation, Technology and the Law an der University of Edinburgh und einen Master of Arts in East European Economics and Politics am University College London (UCL).\u00a0<\/p><p>Mit der Auszeichnung der besten Doktorarbeit, die jedes Jahr mit einem Preisgeld von 10.000 Euro dotiert ist, honoriert der Verein \u201e<a href=\"https:\/\/amis-uni.lu\/\" target=\"_blank\" title=\"\" rel=\"noopener\">Amis de l&#8217;Universit\u00e9<\/a>\u201c Exzellenz im Bereich der Forschung und f\u00f6rdert das internationale Ansehen der Universit\u00e4t Luxemburg.<\/p><p><a href=\"https:\/\/wwwde.uni.lu\/fdef\/news\/interview_with_dr_carsten_ullrich_2021_rolf_tarrach_prize_recipient\" target=\"_self\" title=\"\" rel=\"noopener\">Lesen Sie das Interview mit Carsten Ullrich<\/a>.<\/p><\/div><\/section>","protected":false},"excerpt":{"rendered":"<p>Der Verein \u201eAmis de l&#8217;Universit\u00e9\u201c hat den Rolf-Tarrach-Preis 2021, der j\u00e4hrlich die beste Doktorarbeit der Universit\u00e4t Luxemburg auszeichnet, an Dr Carsten Ullrich\u00a0von der Fakult\u00e4t f\u00fcr Fakult\u00e4t f\u00fcr Recht, Wirtschaftswissenschaften und Finanzwirtschaft (FDEF) verliehen. Seine Dissertation zum Thema \u201eUnlawful Content Online: Towards A New Regulatory Framework For Online Platforms\u201c und die dazugeh\u00f6rige Pr\u00e4sentation erf\u00fcllten die Erwartungen und Kriterien der Jury in vollem Umfang.<\/p>\n","protected":false},"author":0,"featured_media":796,"template":"","format":"standard","meta":{"featured_image_focal_point":[],"show_featured_caption":false,"ulux_newsletter_groups":"","uluxPostTitle":"","uluxPrePostTitle":"","_trash_the_other_posts":false,"_price":"","_stock":"","_tribe_ticket_header":"","_tribe_default_ticket_provider":"","_tribe_ticket_capacity":"0","_ticket_start_date":"","_ticket_end_date":"","_tribe_ticket_show_description":"","_tribe_ticket_show_not_going":false,"_tribe_ticket_use_global_stock":"","_tribe_ticket_global_stock_level":"","_global_stock_mode":"","_global_stock_cap":"","_tribe_rsvp_for_event":"","_tribe_ticket_going_count":"","_tribe_ticket_not_going_count":"","_tribe_tickets_list":"[]","_tribe_ticket_has_attendee_info_fields":false},"news-category":[3],"news-topic":[],"organisation":[101,226],"authorship":[],"acf":[],"yoast_head":"<!-- This site is optimized with the Yoast SEO Premium plugin v22.3 (Yoast SEO v22.3) - https:\/\/yoast.com\/wordpress\/plugins\/seo\/ -->\n<title>Dr. Carsten Ullrich wird der Rolf Tarrach Preis 2021 verliehen - Universit\u00e4t Luxemburg<\/title>\n<meta name=\"description\" content=\"Der Verein \u201eAmis de l&#039;Universit\u00e9\u201c hat den Rolf-Tarrach-Preis 2021, der j\u00e4hrlich die beste Doktorarbeit der Universit\u00e4t Luxemburg auszeichnet, an Dr Carsten Ullrich\u00a0von der Fakult\u00e4t f\u00fcr Fakult\u00e4t f\u00fcr Recht, Wirtschaftswissenschaften und Finanzwirtschaft (FDEF) verliehen. Seine Dissertation zum Thema \u201eUnlawful Content Online: Towards A New Regulatory Framework For Online Platforms\u201c und die dazugeh\u00f6rige Pr\u00e4sentation erf\u00fcllten die Erwartungen und Kriterien der Jury in vollem Umfang.\" \/>\n<meta name=\"robots\" content=\"index, follow, max-snippet:-1, max-image-preview:large, max-video-preview:-1\" \/>\n<link rel=\"canonical\" href=\"https:\/\/www.uni.lu\/de\/news\/\" \/>\n<meta property=\"og:locale\" content=\"de_DE\" \/>\n<meta property=\"og:type\" content=\"article\" \/>\n<meta property=\"og:title\" content=\"Dr. Carsten Ullrich wird der Rolf Tarrach Preis 2021 verliehen\" \/>\n<meta property=\"og:description\" content=\"Der Verein \u201eAmis de l&#039;Universit\u00e9\u201c hat den Rolf-Tarrach-Preis 2021, der j\u00e4hrlich die beste Doktorarbeit der Universit\u00e4t Luxemburg auszeichnet, an Dr Carsten Ullrich\u00a0von der Fakult\u00e4t f\u00fcr Fakult\u00e4t f\u00fcr Recht, Wirtschaftswissenschaften und Finanzwirtschaft (FDEF) verliehen. Seine Dissertation zum Thema \u201eUnlawful Content Online: Towards A New Regulatory Framework For Online Platforms\u201c und die dazugeh\u00f6rige Pr\u00e4sentation erf\u00fcllten die Erwartungen und Kriterien der Jury in vollem Umfang.\" \/>\n<meta property=\"og:url\" content=\"https:\/\/www.uni.lu\/de\/news\/\" \/>\n<meta property=\"og:site_name\" content=\"UNI DE\" \/>\n<meta property=\"article:publisher\" content=\"https:\/\/www.facebook.com\/uni.lu\" \/>\n<meta property=\"og:image\" content=\"https:\/\/www.uni.lu\/wp-content\/uploads\/sites\/10\/2021\/07\/dr_carsten_ullrich_wird_der_rolf_tarrach_preis_2021_verliehen.jpg\" \/>\n\t<meta property=\"og:image:width\" content=\"800\" \/>\n\t<meta property=\"og:image:height\" content=\"600\" \/>\n\t<meta property=\"og:image:type\" content=\"image\/jpeg\" \/>\n<meta name=\"twitter:card\" content=\"summary_large_image\" \/>\n<meta name=\"twitter:label1\" content=\"Gesch\u00e4tzte Lesezeit\" \/>\n\t<meta name=\"twitter:data1\" content=\"2 Minuten\" \/>\n<script type=\"application\/ld+json\" class=\"yoast-schema-graph\">{\"@context\":\"https:\/\/schema.org\",\"@graph\":[{\"@type\":\"NewsArticle\",\"@id\":\"https:\/\/www.uni.lu\/de\/news\/#article\",\"isPartOf\":{\"@id\":\"https:\/\/www.uni.lu\/de\/news\/\"},\"author\":{\"name\":\"\",\"@id\":\"\"},\"headline\":\"Dr. Carsten Ullrich wird der Rolf Tarrach Preis 2021 verliehen\",\"datePublished\":\"2021-07-09T05:12:27+00:00\",\"dateModified\":\"2021-07-09T05:12:27+00:00\",\"mainEntityOfPage\":{\"@id\":\"https:\/\/www.uni.lu\/de\/news\/\"},\"wordCount\":375,\"publisher\":{\"@id\":\"https:\/\/www.uni.lu\/de\/#organization\"},\"image\":{\"@id\":\"https:\/\/www.uni.lu\/de\/news\/#primaryimage\"},\"thumbnailUrl\":\"https:\/\/www.uni.lu\/wp-content\/uploads\/sites\/10\/2021\/07\/dr_carsten_ullrich_wird_der_rolf_tarrach_preis_2021_verliehen.jpg\",\"inLanguage\":\"de-DE\"},{\"@type\":\"WebPage\",\"@id\":\"https:\/\/www.uni.lu\/de\/news\/\",\"url\":\"https:\/\/www.uni.lu\/de\/news\/\",\"name\":\"Dr. Carsten Ullrich wird der Rolf Tarrach Preis 2021 verliehen - Universit\u00e4t Luxemburg\",\"isPartOf\":{\"@id\":\"https:\/\/www.uni.lu\/de\/#website\"},\"primaryImageOfPage\":{\"@id\":\"https:\/\/www.uni.lu\/de\/news\/#primaryimage\"},\"image\":{\"@id\":\"https:\/\/www.uni.lu\/de\/news\/#primaryimage\"},\"thumbnailUrl\":\"https:\/\/www.uni.lu\/wp-content\/uploads\/sites\/10\/2021\/07\/dr_carsten_ullrich_wird_der_rolf_tarrach_preis_2021_verliehen.jpg\",\"datePublished\":\"2021-07-09T05:12:27+00:00\",\"dateModified\":\"2021-07-09T05:12:27+00:00\",\"description\":\"Der Verein \u201eAmis de l'Universit\u00e9\u201c hat den Rolf-Tarrach-Preis 2021, der j\u00e4hrlich die beste Doktorarbeit der Universit\u00e4t Luxemburg auszeichnet, an Dr Carsten Ullrich\u00a0von der Fakult\u00e4t f\u00fcr Fakult\u00e4t f\u00fcr Recht, Wirtschaftswissenschaften und Finanzwirtschaft (FDEF) verliehen. Seine Dissertation zum Thema \u201eUnlawful Content Online: Towards A New Regulatory Framework For Online Platforms\u201c und die dazugeh\u00f6rige Pr\u00e4sentation erf\u00fcllten die Erwartungen und Kriterien der Jury in vollem Umfang.\",\"breadcrumb\":{\"@id\":\"https:\/\/www.uni.lu\/de\/news\/#breadcrumb\"},\"inLanguage\":\"de-DE\",\"potentialAction\":[{\"@type\":\"ReadAction\",\"target\":[\"https:\/\/www.uni.lu\/de\/news\/\"]}]},{\"@type\":\"ImageObject\",\"inLanguage\":\"de-DE\",\"@id\":\"https:\/\/www.uni.lu\/de\/news\/#primaryimage\",\"url\":\"https:\/\/www.uni.lu\/wp-content\/uploads\/sites\/10\/2021\/07\/dr_carsten_ullrich_wird_der_rolf_tarrach_preis_2021_verliehen.jpg\",\"contentUrl\":\"https:\/\/www.uni.lu\/wp-content\/uploads\/sites\/10\/2021\/07\/dr_carsten_ullrich_wird_der_rolf_tarrach_preis_2021_verliehen.jpg\",\"width\":800,\"height\":600},{\"@type\":\"BreadcrumbList\",\"@id\":\"https:\/\/www.uni.lu\/de\/news\/#breadcrumb\",\"itemListElement\":[{\"@type\":\"ListItem\",\"position\":1,\"name\":\"Home\",\"item\":\"https:\/\/www.uni.lu\/de\/\"},{\"@type\":\"ListItem\",\"position\":2,\"name\":\"News\",\"item\":\"https:\/\/www.uni.lu\/de\/news\/\"},{\"@type\":\"ListItem\",\"position\":3,\"name\":\"Dr. Carsten Ullrich wird der Rolf Tarrach Preis 2021 verliehen\"}]},{\"@type\":\"WebSite\",\"@id\":\"https:\/\/www.uni.lu\/de\/#website\",\"url\":\"https:\/\/www.uni.lu\/de\/\",\"name\":\"Uni.lu\",\"description\":\"Universit\u00e4t Luxemburg\",\"publisher\":{\"@id\":\"https:\/\/www.uni.lu\/de\/#organization\"},\"alternateName\":\"Universit\u00e4t Luxemburg\",\"potentialAction\":[{\"@type\":\"SearchAction\",\"target\":{\"@type\":\"EntryPoint\",\"urlTemplate\":\"https:\/\/www.uni.lu\/de\/?s={search_term_string}\"},\"query-input\":\"required name=search_term_string\"}],\"inLanguage\":\"de-DE\"},{\"@type\":\"Organization\",\"@id\":\"https:\/\/www.uni.lu\/de\/#organization\",\"name\":\"Universit\u00e4t Luxemburg\",\"alternateName\":\"Uni.lu\",\"url\":\"https:\/\/www.uni.lu\/de\/\",\"logo\":{\"@type\":\"ImageObject\",\"inLanguage\":\"de-DE\",\"@id\":\"https:\/\/www.uni.lu\/de\/#\/schema\/logo\/image\/\",\"url\":\"https:\/\/www.uni.lu\/wp-content\/uploads\/sites\/10\/2026\/03\/03120000\/UNIV_SM-Profile_1600x1600px-scaled.jpg\",\"contentUrl\":\"https:\/\/www.uni.lu\/wp-content\/uploads\/sites\/10\/2026\/03\/03120000\/UNIV_SM-Profile_1600x1600px-scaled.jpg\",\"width\":2560,\"height\":2560,\"caption\":\"Universit\u00e4t Luxemburg\"},\"image\":\"https:\/\/www.uni.lu\/wp-content\/uploads\/sites\/10\/2026\/04\/24144329\/20200609-Belval-Campus_Henri-Goergen-23.jpg\",\"sameAs\":[\"https:\/\/www.facebook.com\/uni.lu\",\"https:\/\/www.linkedin.com\/school\/university-of-luxembourg\/\",\"https:\/\/www.instagram.com\/uni.lu\",\"https:\/\/www.youtube.com\/@uni_lu\",\"https:\/\/en.wikipedia.org\/wiki\/University_of_Luxembourg\"],\"email\":\"communication@uni.lu\",\"telephone\":\"+3524666441\",\"address\":{\"@type\":\"PostalAddress\",\"streetAddress\":\"2, place de l\u2019Universit\u00e9\",\"addressLocality\":\"Esch-sur-Alzette\",\"postalCode\":\"4365\",\"addressCountry\":\"LU\"},\"description\":\"Universit\u00e4t Luxemburg\"}]}<\/script>\n<!-- \/ Yoast SEO Premium plugin. -->","yoast_head_json":{"title":"Dr. Carsten Ullrich wird der Rolf Tarrach Preis 2021 verliehen - Universit\u00e4t Luxemburg","description":"Der Verein \u201eAmis de l'Universit\u00e9\u201c hat den Rolf-Tarrach-Preis 2021, der j\u00e4hrlich die beste Doktorarbeit der Universit\u00e4t Luxemburg auszeichnet, an Dr Carsten Ullrich\u00a0von der Fakult\u00e4t f\u00fcr Fakult\u00e4t f\u00fcr Recht, Wirtschaftswissenschaften und Finanzwirtschaft (FDEF) verliehen. Seine Dissertation zum Thema \u201eUnlawful Content Online: Towards A New Regulatory Framework For Online Platforms\u201c und die dazugeh\u00f6rige Pr\u00e4sentation erf\u00fcllten die Erwartungen und Kriterien der Jury in vollem Umfang.","robots":{"index":"index","follow":"follow","max-snippet":"max-snippet:-1","max-image-preview":"max-image-preview:large","max-video-preview":"max-video-preview:-1"},"canonical":"https:\/\/www.uni.lu\/de\/news\/","og_locale":"de_DE","og_type":"article","og_title":"Dr. Carsten Ullrich wird der Rolf Tarrach Preis 2021 verliehen","og_description":"Der Verein \u201eAmis de l'Universit\u00e9\u201c hat den Rolf-Tarrach-Preis 2021, der j\u00e4hrlich die beste Doktorarbeit der Universit\u00e4t Luxemburg auszeichnet, an Dr Carsten Ullrich\u00a0von der Fakult\u00e4t f\u00fcr Fakult\u00e4t f\u00fcr Recht, Wirtschaftswissenschaften und Finanzwirtschaft (FDEF) verliehen. Seine Dissertation zum Thema \u201eUnlawful Content Online: Towards A New Regulatory Framework For Online Platforms\u201c und die dazugeh\u00f6rige Pr\u00e4sentation erf\u00fcllten die Erwartungen und Kriterien der Jury in vollem Umfang.","og_url":"https:\/\/www.uni.lu\/de\/news\/","og_site_name":"UNI DE","article_publisher":"https:\/\/www.facebook.com\/uni.lu","og_image":[{"width":800,"height":600,"url":"https:\/\/www.uni.lu\/wp-content\/uploads\/sites\/10\/2021\/07\/dr_carsten_ullrich_wird_der_rolf_tarrach_preis_2021_verliehen.jpg","type":"image\/jpeg"}],"twitter_card":"summary_large_image","twitter_misc":{"Gesch\u00e4tzte Lesezeit":"2 Minuten"},"schema":{"@context":"https:\/\/schema.org","@graph":[{"@type":"NewsArticle","@id":"https:\/\/www.uni.lu\/de\/news\/#article","isPartOf":{"@id":"https:\/\/www.uni.lu\/de\/news\/"},"author":{"name":"","@id":""},"headline":"Dr. Carsten Ullrich wird der Rolf Tarrach Preis 2021 verliehen","datePublished":"2021-07-09T05:12:27+00:00","dateModified":"2021-07-09T05:12:27+00:00","mainEntityOfPage":{"@id":"https:\/\/www.uni.lu\/de\/news\/"},"wordCount":375,"publisher":{"@id":"https:\/\/www.uni.lu\/de\/#organization"},"image":{"@id":"https:\/\/www.uni.lu\/de\/news\/#primaryimage"},"thumbnailUrl":"https:\/\/www.uni.lu\/wp-content\/uploads\/sites\/10\/2021\/07\/dr_carsten_ullrich_wird_der_rolf_tarrach_preis_2021_verliehen.jpg","inLanguage":"de-DE"},{"@type":"WebPage","@id":"https:\/\/www.uni.lu\/de\/news\/","url":"https:\/\/www.uni.lu\/de\/news\/","name":"Dr. Carsten Ullrich wird der Rolf Tarrach Preis 2021 verliehen - Universit\u00e4t Luxemburg","isPartOf":{"@id":"https:\/\/www.uni.lu\/de\/#website"},"primaryImageOfPage":{"@id":"https:\/\/www.uni.lu\/de\/news\/#primaryimage"},"image":{"@id":"https:\/\/www.uni.lu\/de\/news\/#primaryimage"},"thumbnailUrl":"https:\/\/www.uni.lu\/wp-content\/uploads\/sites\/10\/2021\/07\/dr_carsten_ullrich_wird_der_rolf_tarrach_preis_2021_verliehen.jpg","datePublished":"2021-07-09T05:12:27+00:00","dateModified":"2021-07-09T05:12:27+00:00","description":"Der Verein \u201eAmis de l'Universit\u00e9\u201c hat den Rolf-Tarrach-Preis 2021, der j\u00e4hrlich die beste Doktorarbeit der Universit\u00e4t Luxemburg auszeichnet, an Dr Carsten Ullrich\u00a0von der Fakult\u00e4t f\u00fcr Fakult\u00e4t f\u00fcr Recht, Wirtschaftswissenschaften und Finanzwirtschaft (FDEF) verliehen. Seine Dissertation zum Thema \u201eUnlawful Content Online: Towards A New Regulatory Framework For Online Platforms\u201c und die dazugeh\u00f6rige Pr\u00e4sentation erf\u00fcllten die Erwartungen und Kriterien der Jury in vollem Umfang.","breadcrumb":{"@id":"https:\/\/www.uni.lu\/de\/news\/#breadcrumb"},"inLanguage":"de-DE","potentialAction":[{"@type":"ReadAction","target":["https:\/\/www.uni.lu\/de\/news\/"]}]},{"@type":"ImageObject","inLanguage":"de-DE","@id":"https:\/\/www.uni.lu\/de\/news\/#primaryimage","url":"https:\/\/www.uni.lu\/wp-content\/uploads\/sites\/10\/2021\/07\/dr_carsten_ullrich_wird_der_rolf_tarrach_preis_2021_verliehen.jpg","contentUrl":"https:\/\/www.uni.lu\/wp-content\/uploads\/sites\/10\/2021\/07\/dr_carsten_ullrich_wird_der_rolf_tarrach_preis_2021_verliehen.jpg","width":800,"height":600},{"@type":"BreadcrumbList","@id":"https:\/\/www.uni.lu\/de\/news\/#breadcrumb","itemListElement":[{"@type":"ListItem","position":1,"name":"Home","item":"https:\/\/www.uni.lu\/de\/"},{"@type":"ListItem","position":2,"name":"News","item":"https:\/\/www.uni.lu\/de\/news\/"},{"@type":"ListItem","position":3,"name":"Dr. Carsten Ullrich wird der Rolf Tarrach Preis 2021 verliehen"}]},{"@type":"WebSite","@id":"https:\/\/www.uni.lu\/de\/#website","url":"https:\/\/www.uni.lu\/de\/","name":"Uni.lu","description":"Universit\u00e4t Luxemburg","publisher":{"@id":"https:\/\/www.uni.lu\/de\/#organization"},"alternateName":"Universit\u00e4t Luxemburg","potentialAction":[{"@type":"SearchAction","target":{"@type":"EntryPoint","urlTemplate":"https:\/\/www.uni.lu\/de\/?s={search_term_string}"},"query-input":"required name=search_term_string"}],"inLanguage":"de-DE"},{"@type":"Organization","@id":"https:\/\/www.uni.lu\/de\/#organization","name":"Universit\u00e4t Luxemburg","alternateName":"Uni.lu","url":"https:\/\/www.uni.lu\/de\/","logo":{"@type":"ImageObject","inLanguage":"de-DE","@id":"https:\/\/www.uni.lu\/de\/#\/schema\/logo\/image\/","url":"https:\/\/www.uni.lu\/wp-content\/uploads\/sites\/10\/2026\/03\/03120000\/UNIV_SM-Profile_1600x1600px-scaled.jpg","contentUrl":"https:\/\/www.uni.lu\/wp-content\/uploads\/sites\/10\/2026\/03\/03120000\/UNIV_SM-Profile_1600x1600px-scaled.jpg","width":2560,"height":2560,"caption":"Universit\u00e4t Luxemburg"},"image":"https:\/\/www.uni.lu\/wp-content\/uploads\/sites\/10\/2026\/04\/24144329\/20200609-Belval-Campus_Henri-Goergen-23.jpg","sameAs":["https:\/\/www.facebook.com\/uni.lu","https:\/\/www.linkedin.com\/school\/university-of-luxembourg\/","https:\/\/www.instagram.com\/uni.lu","https:\/\/www.youtube.com\/@uni_lu","https:\/\/en.wikipedia.org\/wiki\/University_of_Luxembourg"],"email":"communication@uni.lu","telephone":"+3524666441","address":{"@type":"PostalAddress","streetAddress":"2, place de l\u2019Universit\u00e9","addressLocality":"Esch-sur-Alzette","postalCode":"4365","addressCountry":"LU"},"description":"Universit\u00e4t Luxemburg"}]}},"blog_id":10,"_links":{"self":[{"href":"https:\/\/www.uni.lu\/de\/wp-json\/wp\/v2\/news\/795"}],"collection":[{"href":"https:\/\/www.uni.lu\/de\/wp-json\/wp\/v2\/news"}],"about":[{"href":"https:\/\/www.uni.lu\/de\/wp-json\/wp\/v2\/types\/news"}],"version-history":[{"count":0,"href":"https:\/\/www.uni.lu\/de\/wp-json\/wp\/v2\/news\/795\/revisions"}],"wp:featuredmedia":[{"embeddable":true,"href":"https:\/\/www.uni.lu\/de\/wp-json\/wp\/v2\/media\/796"}],"wp:attachment":[{"href":"https:\/\/www.uni.lu\/de\/wp-json\/wp\/v2\/media?parent=795"}],"wp:term":[{"taxonomy":"news-category","embeddable":true,"href":"https:\/\/www.uni.lu\/de\/wp-json\/wp\/v2\/news-category?post=795"},{"taxonomy":"news-topic","embeddable":true,"href":"https:\/\/www.uni.lu\/de\/wp-json\/wp\/v2\/news-topic?post=795"},{"taxonomy":"organisation","embeddable":true,"href":"https:\/\/www.uni.lu\/de\/wp-json\/wp\/v2\/organisation?post=795"}],"curies":[{"name":"wp","href":"https:\/\/api.w.org\/{rel}","templated":true}]}}