{"id":792,"date":"2021-07-08T11:16:31","date_gmt":"2021-07-08T11:16:31","guid":{"rendered":"https:\/\/website.prod.unilu.spikeseed.cloud\/de\/news\/schliessung-des-studierendenwohnheims-residence-des-dominicaines\/"},"modified":"2021-07-08T11:16:31","modified_gmt":"2021-07-08T11:16:31","slug":"schliessung-des-studierendenwohnheims-residence-des-dominicaines","status":"publish","type":"news","link":"https:\/\/www.uni.lu\/de\/news\/schliessung-des-studierendenwohnheims-residence-des-dominicaines\/","title":{"rendered":"Schlie\u00dfung des Studierendenwohnheims R\u00e9sidence des Dominicaines"},"content":{"rendered":"<section class=\"wp-block-unilux-blocks-free-section section\"><div class=\"container xl:max-w-screen-xl\"><p>Die Universit\u00e4t Luxemburg hat beschlossen, die R\u00e9sidence des Dominicaines, ein Wohnheim f\u00fcr etwa 60 Studierende in Luxemburg-Limpertsberg, kurzfristig zu schlie\u00dfen.<\/p><p>Grund daf\u00fcr sind die Ergebnisse von Wasseranalysen, die im Auftrag der Universit\u00e4t in diesem Studierendenwohnheim durchgef\u00fchrt wurden und ergaben, dass in einigen Warmwasserproben eine hohe Tr\u00fcbung sowie eine Kontamination einiger Proben mit Legionellen vorlag.<\/p><p>Obwohl das Ausma\u00df der Kontamination nicht als kritisch eingestuft wird, hat die Universit\u00e4t als Vorsichtsma\u00dfnahme und zum Schutz der Gesundheit der Bewohner beschlossen, alle Bewohner kurzfristig umzuquartieren. Die Gesundheitsbeh\u00f6rde ist \u00fcber die Situation informiert worden.<\/p><p>Die Bewohner wurden auf einer Informationsveranstaltung am 1. Juli informiert. In einem ersten Schritt wurden sie auf Kosten der Universit\u00e4t in Hotels und Apart-Hotels untergebracht. Sie sind dabei, in andere Universit\u00e4tswohnheime verlegt zu werden.<\/p><p>Um die Unannehmlichkeiten des Umzugs zu kompensieren, hat die Universit\u00e4t allen Bewohnern zwei Monatsmieten erlassen.<\/p><p>F\u00fcr den Fall, dass die Kosten f\u00fcr die Anmietung der vorgeschlagenen neuen Universit\u00e4tsunterkunft die aktuelle Miete in der R\u00e9sidence des Dominicaines \u00fcbersteigen, wird die Differenz von der Universit\u00e4t bis zum Abschluss des Studiengangs des Studierenden \u00fcbernommen.<\/p><\/div><\/section>","protected":false},"excerpt":{"rendered":"<p>Die Universit\u00e4t Luxemburg hat beschlossen, die R\u00e9sidence des Dominicaines, ein Wohnheim f\u00fcr etwa 60 Studierende in Luxemburg-Limpertsberg, kurzfristig zu schlie\u00dfen.<\/p>\n","protected":false},"author":0,"featured_media":793,"template":"","format":"standard","meta":{"featured_image_focal_point":[],"show_featured_caption":false,"ulux_newsletter_groups":"","uluxPostTitle":"","uluxPrePostTitle":"","_trash_the_other_posts":false,"_price":"","_stock":"","_tribe_ticket_header":"","_tribe_default_ticket_provider":"","_tribe_ticket_capacity":"0","_ticket_start_date":"","_ticket_end_date":"","_tribe_ticket_show_description":"","_tribe_ticket_show_not_going":false,"_tribe_ticket_use_global_stock":"","_tribe_ticket_global_stock_level":"","_global_stock_mode":"","_global_stock_cap":"","_tribe_rsvp_for_event":"","_tribe_ticket_going_count":"","_tribe_ticket_not_going_count":"","_tribe_tickets_list":"[]","_tribe_ticket_has_attendee_info_fields":false},"news-category":[3],"news-topic":[],"organisation":[226],"authorship":[],"acf":[],"yoast_head":"<!-- This site is optimized with the Yoast SEO Premium plugin v22.3 (Yoast SEO v22.3) - https:\/\/yoast.com\/wordpress\/plugins\/seo\/ -->\n<title>Schlie\u00dfung des Studierendenwohnheims R\u00e9sidence des Dominicaines - Universit\u00e4t Luxemburg<\/title>\n<meta name=\"description\" content=\"Die Universit\u00e4t Luxemburg hat beschlossen, die R\u00e9sidence des Dominicaines, ein Wohnheim f\u00fcr etwa 60 Studierende in Luxemburg-Limpertsberg, kurzfristig zu schlie\u00dfen.\" \/>\n<meta name=\"robots\" content=\"index, follow, max-snippet:-1, max-image-preview:large, max-video-preview:-1\" \/>\n<link rel=\"canonical\" href=\"https:\/\/www.uni.lu\/de\/news\/\" \/>\n<meta property=\"og:locale\" content=\"de_DE\" \/>\n<meta property=\"og:type\" content=\"article\" \/>\n<meta property=\"og:title\" content=\"Schlie\u00dfung des Studierendenwohnheims R\u00e9sidence des Dominicaines\" \/>\n<meta property=\"og:description\" content=\"Die Universit\u00e4t Luxemburg hat beschlossen, die R\u00e9sidence des Dominicaines, ein Wohnheim f\u00fcr etwa 60 Studierende in Luxemburg-Limpertsberg, kurzfristig zu schlie\u00dfen.\" \/>\n<meta property=\"og:url\" content=\"https:\/\/www.uni.lu\/de\/news\/\" \/>\n<meta property=\"og:site_name\" content=\"UNI DE\" \/>\n<meta property=\"article:publisher\" content=\"https:\/\/www.facebook.com\/uni.lu\" \/>\n<meta property=\"og:image\" content=\"https:\/\/www.uni.lu\/wp-content\/uploads\/sites\/10\/2021\/07\/l_universite_ferme_la_residence_des_dominicaines.jpg\" \/>\n\t<meta property=\"og:image:width\" content=\"800\" \/>\n\t<meta property=\"og:image:height\" content=\"600\" \/>\n\t<meta property=\"og:image:type\" content=\"image\/jpeg\" \/>\n<meta name=\"twitter:card\" content=\"summary_large_image\" \/>\n<meta name=\"twitter:label1\" content=\"Gesch\u00e4tzte Lesezeit\" \/>\n\t<meta name=\"twitter:data1\" content=\"1 Minute\" \/>\n<script type=\"application\/ld+json\" class=\"yoast-schema-graph\">{\"@context\":\"https:\/\/schema.org\",\"@graph\":[{\"@type\":\"NewsArticle\",\"@id\":\"https:\/\/www.uni.lu\/de\/news\/#article\",\"isPartOf\":{\"@id\":\"https:\/\/www.uni.lu\/de\/news\/\"},\"author\":{\"name\":\"\",\"@id\":\"\"},\"headline\":\"Schlie\u00dfung des Studierendenwohnheims R\u00e9sidence des Dominicaines\",\"datePublished\":\"2021-07-08T11:16:31+00:00\",\"dateModified\":\"2021-07-08T11:16:31+00:00\",\"mainEntityOfPage\":{\"@id\":\"https:\/\/www.uni.lu\/de\/news\/\"},\"wordCount\":199,\"publisher\":{\"@id\":\"https:\/\/www.uni.lu\/de\/#organization\"},\"image\":{\"@id\":\"https:\/\/www.uni.lu\/de\/news\/#primaryimage\"},\"thumbnailUrl\":\"https:\/\/www.uni.lu\/wp-content\/uploads\/sites\/10\/2021\/07\/l_universite_ferme_la_residence_des_dominicaines.jpg\",\"inLanguage\":\"de-DE\"},{\"@type\":\"WebPage\",\"@id\":\"https:\/\/www.uni.lu\/de\/news\/\",\"url\":\"https:\/\/www.uni.lu\/de\/news\/\",\"name\":\"Schlie\u00dfung des Studierendenwohnheims R\u00e9sidence des Dominicaines - Universit\u00e4t Luxemburg\",\"isPartOf\":{\"@id\":\"https:\/\/www.uni.lu\/de\/#website\"},\"primaryImageOfPage\":{\"@id\":\"https:\/\/www.uni.lu\/de\/news\/#primaryimage\"},\"image\":{\"@id\":\"https:\/\/www.uni.lu\/de\/news\/#primaryimage\"},\"thumbnailUrl\":\"https:\/\/www.uni.lu\/wp-content\/uploads\/sites\/10\/2021\/07\/l_universite_ferme_la_residence_des_dominicaines.jpg\",\"datePublished\":\"2021-07-08T11:16:31+00:00\",\"dateModified\":\"2021-07-08T11:16:31+00:00\",\"description\":\"Die Universit\u00e4t Luxemburg hat beschlossen, die R\u00e9sidence des Dominicaines, ein Wohnheim f\u00fcr etwa 60 Studierende in Luxemburg-Limpertsberg, kurzfristig zu schlie\u00dfen.\",\"breadcrumb\":{\"@id\":\"https:\/\/www.uni.lu\/de\/news\/#breadcrumb\"},\"inLanguage\":\"de-DE\",\"potentialAction\":[{\"@type\":\"ReadAction\",\"target\":[\"https:\/\/www.uni.lu\/de\/news\/\"]}]},{\"@type\":\"ImageObject\",\"inLanguage\":\"de-DE\",\"@id\":\"https:\/\/www.uni.lu\/de\/news\/#primaryimage\",\"url\":\"https:\/\/www.uni.lu\/wp-content\/uploads\/sites\/10\/2021\/07\/l_universite_ferme_la_residence_des_dominicaines.jpg\",\"contentUrl\":\"https:\/\/www.uni.lu\/wp-content\/uploads\/sites\/10\/2021\/07\/l_universite_ferme_la_residence_des_dominicaines.jpg\",\"width\":800,\"height\":600},{\"@type\":\"BreadcrumbList\",\"@id\":\"https:\/\/www.uni.lu\/de\/news\/#breadcrumb\",\"itemListElement\":[{\"@type\":\"ListItem\",\"position\":1,\"name\":\"Home\",\"item\":\"https:\/\/www.uni.lu\/de\/\"},{\"@type\":\"ListItem\",\"position\":2,\"name\":\"News\",\"item\":\"https:\/\/www.uni.lu\/de\/news\/\"},{\"@type\":\"ListItem\",\"position\":3,\"name\":\"Schlie\u00dfung des Studierendenwohnheims R\u00e9sidence des Dominicaines\"}]},{\"@type\":\"WebSite\",\"@id\":\"https:\/\/www.uni.lu\/de\/#website\",\"url\":\"https:\/\/www.uni.lu\/de\/\",\"name\":\"Uni.lu\",\"description\":\"Universit\u00e4t Luxemburg\",\"publisher\":{\"@id\":\"https:\/\/www.uni.lu\/de\/#organization\"},\"alternateName\":\"Universit\u00e4t Luxemburg\",\"potentialAction\":[{\"@type\":\"SearchAction\",\"target\":{\"@type\":\"EntryPoint\",\"urlTemplate\":\"https:\/\/www.uni.lu\/de\/?s={search_term_string}\"},\"query-input\":\"required name=search_term_string\"}],\"inLanguage\":\"de-DE\"},{\"@type\":\"Organization\",\"@id\":\"https:\/\/www.uni.lu\/de\/#organization\",\"name\":\"Universit\u00e4t Luxemburg\",\"alternateName\":\"Uni.lu\",\"url\":\"https:\/\/www.uni.lu\/de\/\",\"logo\":{\"@type\":\"ImageObject\",\"inLanguage\":\"de-DE\",\"@id\":\"https:\/\/www.uni.lu\/de\/#\/schema\/logo\/image\/\",\"url\":\"https:\/\/www.uni.lu\/wp-content\/uploads\/sites\/10\/2026\/03\/03120000\/UNIV_SM-Profile_1600x1600px-scaled.jpg\",\"contentUrl\":\"https:\/\/www.uni.lu\/wp-content\/uploads\/sites\/10\/2026\/03\/03120000\/UNIV_SM-Profile_1600x1600px-scaled.jpg\",\"width\":2560,\"height\":2560,\"caption\":\"Universit\u00e4t Luxemburg\"},\"image\":\"https:\/\/www.uni.lu\/wp-content\/uploads\/sites\/10\/2026\/04\/24144329\/20200609-Belval-Campus_Henri-Goergen-23.jpg\",\"sameAs\":[\"https:\/\/www.facebook.com\/uni.lu\",\"https:\/\/www.linkedin.com\/school\/university-of-luxembourg\/\",\"https:\/\/www.instagram.com\/uni.lu\",\"https:\/\/www.youtube.com\/@uni_lu\",\"https:\/\/en.wikipedia.org\/wiki\/University_of_Luxembourg\"],\"email\":\"communication@uni.lu\",\"telephone\":\"+3524666441\",\"address\":{\"@type\":\"PostalAddress\",\"streetAddress\":\"2, place de l\u2019Universit\u00e9\",\"addressLocality\":\"Esch-sur-Alzette\",\"postalCode\":\"4365\",\"addressCountry\":\"LU\"},\"description\":\"Universit\u00e4t Luxemburg\"}]}<\/script>\n<!-- \/ Yoast SEO Premium plugin. -->","yoast_head_json":{"title":"Schlie\u00dfung des Studierendenwohnheims R\u00e9sidence des Dominicaines - Universit\u00e4t Luxemburg","description":"Die Universit\u00e4t Luxemburg hat beschlossen, die R\u00e9sidence des Dominicaines, ein Wohnheim f\u00fcr etwa 60 Studierende in Luxemburg-Limpertsberg, kurzfristig zu schlie\u00dfen.","robots":{"index":"index","follow":"follow","max-snippet":"max-snippet:-1","max-image-preview":"max-image-preview:large","max-video-preview":"max-video-preview:-1"},"canonical":"https:\/\/www.uni.lu\/de\/news\/","og_locale":"de_DE","og_type":"article","og_title":"Schlie\u00dfung des Studierendenwohnheims R\u00e9sidence des Dominicaines","og_description":"Die Universit\u00e4t Luxemburg hat beschlossen, die R\u00e9sidence des Dominicaines, ein Wohnheim f\u00fcr etwa 60 Studierende in Luxemburg-Limpertsberg, kurzfristig zu schlie\u00dfen.","og_url":"https:\/\/www.uni.lu\/de\/news\/","og_site_name":"UNI DE","article_publisher":"https:\/\/www.facebook.com\/uni.lu","og_image":[{"width":800,"height":600,"url":"https:\/\/www.uni.lu\/wp-content\/uploads\/sites\/10\/2021\/07\/l_universite_ferme_la_residence_des_dominicaines.jpg","type":"image\/jpeg"}],"twitter_card":"summary_large_image","twitter_misc":{"Gesch\u00e4tzte Lesezeit":"1 Minute"},"schema":{"@context":"https:\/\/schema.org","@graph":[{"@type":"NewsArticle","@id":"https:\/\/www.uni.lu\/de\/news\/#article","isPartOf":{"@id":"https:\/\/www.uni.lu\/de\/news\/"},"author":{"name":"","@id":""},"headline":"Schlie\u00dfung des Studierendenwohnheims R\u00e9sidence des Dominicaines","datePublished":"2021-07-08T11:16:31+00:00","dateModified":"2021-07-08T11:16:31+00:00","mainEntityOfPage":{"@id":"https:\/\/www.uni.lu\/de\/news\/"},"wordCount":199,"publisher":{"@id":"https:\/\/www.uni.lu\/de\/#organization"},"image":{"@id":"https:\/\/www.uni.lu\/de\/news\/#primaryimage"},"thumbnailUrl":"https:\/\/www.uni.lu\/wp-content\/uploads\/sites\/10\/2021\/07\/l_universite_ferme_la_residence_des_dominicaines.jpg","inLanguage":"de-DE"},{"@type":"WebPage","@id":"https:\/\/www.uni.lu\/de\/news\/","url":"https:\/\/www.uni.lu\/de\/news\/","name":"Schlie\u00dfung des Studierendenwohnheims R\u00e9sidence des Dominicaines - Universit\u00e4t Luxemburg","isPartOf":{"@id":"https:\/\/www.uni.lu\/de\/#website"},"primaryImageOfPage":{"@id":"https:\/\/www.uni.lu\/de\/news\/#primaryimage"},"image":{"@id":"https:\/\/www.uni.lu\/de\/news\/#primaryimage"},"thumbnailUrl":"https:\/\/www.uni.lu\/wp-content\/uploads\/sites\/10\/2021\/07\/l_universite_ferme_la_residence_des_dominicaines.jpg","datePublished":"2021-07-08T11:16:31+00:00","dateModified":"2021-07-08T11:16:31+00:00","description":"Die Universit\u00e4t Luxemburg hat beschlossen, die R\u00e9sidence des Dominicaines, ein Wohnheim f\u00fcr etwa 60 Studierende in Luxemburg-Limpertsberg, kurzfristig zu schlie\u00dfen.","breadcrumb":{"@id":"https:\/\/www.uni.lu\/de\/news\/#breadcrumb"},"inLanguage":"de-DE","potentialAction":[{"@type":"ReadAction","target":["https:\/\/www.uni.lu\/de\/news\/"]}]},{"@type":"ImageObject","inLanguage":"de-DE","@id":"https:\/\/www.uni.lu\/de\/news\/#primaryimage","url":"https:\/\/www.uni.lu\/wp-content\/uploads\/sites\/10\/2021\/07\/l_universite_ferme_la_residence_des_dominicaines.jpg","contentUrl":"https:\/\/www.uni.lu\/wp-content\/uploads\/sites\/10\/2021\/07\/l_universite_ferme_la_residence_des_dominicaines.jpg","width":800,"height":600},{"@type":"BreadcrumbList","@id":"https:\/\/www.uni.lu\/de\/news\/#breadcrumb","itemListElement":[{"@type":"ListItem","position":1,"name":"Home","item":"https:\/\/www.uni.lu\/de\/"},{"@type":"ListItem","position":2,"name":"News","item":"https:\/\/www.uni.lu\/de\/news\/"},{"@type":"ListItem","position":3,"name":"Schlie\u00dfung des Studierendenwohnheims R\u00e9sidence des Dominicaines"}]},{"@type":"WebSite","@id":"https:\/\/www.uni.lu\/de\/#website","url":"https:\/\/www.uni.lu\/de\/","name":"Uni.lu","description":"Universit\u00e4t Luxemburg","publisher":{"@id":"https:\/\/www.uni.lu\/de\/#organization"},"alternateName":"Universit\u00e4t Luxemburg","potentialAction":[{"@type":"SearchAction","target":{"@type":"EntryPoint","urlTemplate":"https:\/\/www.uni.lu\/de\/?s={search_term_string}"},"query-input":"required name=search_term_string"}],"inLanguage":"de-DE"},{"@type":"Organization","@id":"https:\/\/www.uni.lu\/de\/#organization","name":"Universit\u00e4t Luxemburg","alternateName":"Uni.lu","url":"https:\/\/www.uni.lu\/de\/","logo":{"@type":"ImageObject","inLanguage":"de-DE","@id":"https:\/\/www.uni.lu\/de\/#\/schema\/logo\/image\/","url":"https:\/\/www.uni.lu\/wp-content\/uploads\/sites\/10\/2026\/03\/03120000\/UNIV_SM-Profile_1600x1600px-scaled.jpg","contentUrl":"https:\/\/www.uni.lu\/wp-content\/uploads\/sites\/10\/2026\/03\/03120000\/UNIV_SM-Profile_1600x1600px-scaled.jpg","width":2560,"height":2560,"caption":"Universit\u00e4t Luxemburg"},"image":"https:\/\/www.uni.lu\/wp-content\/uploads\/sites\/10\/2026\/04\/24144329\/20200609-Belval-Campus_Henri-Goergen-23.jpg","sameAs":["https:\/\/www.facebook.com\/uni.lu","https:\/\/www.linkedin.com\/school\/university-of-luxembourg\/","https:\/\/www.instagram.com\/uni.lu","https:\/\/www.youtube.com\/@uni_lu","https:\/\/en.wikipedia.org\/wiki\/University_of_Luxembourg"],"email":"communication@uni.lu","telephone":"+3524666441","address":{"@type":"PostalAddress","streetAddress":"2, place de l\u2019Universit\u00e9","addressLocality":"Esch-sur-Alzette","postalCode":"4365","addressCountry":"LU"},"description":"Universit\u00e4t Luxemburg"}]}},"blog_id":10,"_links":{"self":[{"href":"https:\/\/www.uni.lu\/de\/wp-json\/wp\/v2\/news\/792"}],"collection":[{"href":"https:\/\/www.uni.lu\/de\/wp-json\/wp\/v2\/news"}],"about":[{"href":"https:\/\/www.uni.lu\/de\/wp-json\/wp\/v2\/types\/news"}],"version-history":[{"count":0,"href":"https:\/\/www.uni.lu\/de\/wp-json\/wp\/v2\/news\/792\/revisions"}],"wp:featuredmedia":[{"embeddable":true,"href":"https:\/\/www.uni.lu\/de\/wp-json\/wp\/v2\/media\/793"}],"wp:attachment":[{"href":"https:\/\/www.uni.lu\/de\/wp-json\/wp\/v2\/media?parent=792"}],"wp:term":[{"taxonomy":"news-category","embeddable":true,"href":"https:\/\/www.uni.lu\/de\/wp-json\/wp\/v2\/news-category?post=792"},{"taxonomy":"news-topic","embeddable":true,"href":"https:\/\/www.uni.lu\/de\/wp-json\/wp\/v2\/news-topic?post=792"},{"taxonomy":"organisation","embeddable":true,"href":"https:\/\/www.uni.lu\/de\/wp-json\/wp\/v2\/organisation?post=792"}],"curies":[{"name":"wp","href":"https:\/\/api.w.org\/{rel}","templated":true}]}}