{"id":79,"date":"2018-03-07T11:10:24","date_gmt":"2018-03-07T11:10:24","guid":{"rendered":"https:\/\/website.prod.unilu.spikeseed.cloud\/de\/news\/incubator-der-universitaet-foerdert-unternehmerische-faehigkeiten\/"},"modified":"2018-03-07T11:10:24","modified_gmt":"2018-03-07T11:10:24","slug":"incubator-der-universitaet-foerdert-unternehmerische-faehigkeiten","status":"publish","type":"news","link":"https:\/\/www.uni.lu\/de\/news\/incubator-der-universitaet-foerdert-unternehmerische-faehigkeiten\/","title":{"rendered":"Incubator der Universit\u00e4t f\u00f6rdert unternehmerische F\u00e4higkeiten"},"content":{"rendered":"<section class=\"wp-block-unilux-blocks-free-section section\"><div class=\"container xl:max-w-screen-xl\"><p>Die Universit\u00e4t Luxemburg hat am Dienstag, den 6. M\u00e4rz 2018 in Anwesenheit von Premierminister Xavier Bettel offiziell ihren Incubator vorgestellt. Das Gr\u00fcnderzentrum wird interessierte Studierende und Forscher der Universit\u00e4t dabei unterst\u00fctzen, unternehmerische F\u00e4higkeiten und Kompetenzen zu entwickeln, ihre eigenen Gesch\u00e4ftsideen zu entwickeln und ihr eigenes Unternehmen in Luxemburg zu gr\u00fcnden. Bei der Er\u00f6ffnung war auch Chuck Robins, der CEO des globalen Technologieunternehmens Cisco anwesend. Cisco wird zum Erfolg der \u201eEntrepreneurship\u201c-Initiative beitragen, indem es eine \u201eCisco Networking Academy\u201c auf dem Campus er\u00f6ffnet.<\/p>\n<h2 class=\"has-text-align-left wp-block-unilux-blocks-heading\"        id=\"entrepreneurship-initiative-der-universitaet\"\n    >\nEntrepreneurship-Initiative der Universit\u00e4t<\/h2>\n<p>Der Incubator erg\u00e4nzt bereits bestehende Gr\u00fcnderzentren in Luxemburg, mit denen die Universit\u00e4t eng zusammenarbeitet. Die <a href=\"https:\/\/incubator.uni.lu\/\" target=\"_self\" title=\"incubator.uni.lu\" rel=\"noopener\">University of Luxembourg Incubator<\/a>-Initiative wird ein Umfeld f\u00fcr die Entwicklung unternehmerischer F\u00e4higkeiten schaffen, das der gesamten Universit\u00e4tsgemeinschaft zur Verf\u00fcgung stehen wird. Gr\u00fcndern und jungen Unternehmen in einer fr\u00fchen Phase der Entwicklung ihrer Gesch\u00e4ftsideen bietet die Initiative Schulungen und eine B\u00fcro-Infrastruktur. Au\u00dferdem profitieren die Unternehmer von einem Mentorenprogramm und k\u00f6nnen auf die Ratschl\u00e4ge, das Wissen und die Netzwerke erfahrener Mentoren aus der Industrie und der Wissenschaft zur\u00fcckgreifen.<\/p><p>\u201eDer Hauptzweck des Incubators liegt in der <strong>Unterst\u00fctzung von Start-Ups bei ihren ersten Schritten, w\u00e4hrend sie ihre Ideen entwickeln und verfeinern<\/strong>. Sobald sie weit genug entwickelt und bereit f\u00fcr den Markt sind, \u00fcbergeben wir sie an ein etabliertes Gr\u00fcnderzentrum\u201c, erkl\u00e4rt Romain Martin, Akademischer Vizerektor der Universit\u00e4t.<\/p><p><\/p>\n<h2 class=\"has-text-align-left wp-block-unilux-blocks-heading\"        id=\"unternehmerische-faehigkeiten-foerdern\"\n    >\nUnternehmerische F\u00e4higkeiten f\u00f6rdern<\/h2>\n<p>Die Er\u00f6ffnung des Incubators ist Teil des neuen \u201eUniversity of Luxembourg Entrepreneurship Programme\u201c. <strong>Ziel ist es, den Studierenden der Universit\u00e4t eine Reihe von Kernkompetenzen und F\u00e4higkeiten zu vermitteln, die sie f\u00fcr unternehmerische Aktivit\u00e4ten ben\u00f6tigen, so etwa Teamwork, strategisches Denken und Kreativit\u00e4t.<\/strong> \u201eLuxemburg braucht mehr unternehmerische Initiative. Mit unserem Programm m\u00f6chten wir aktiv den unternehmerischen Geist unserer Studenten und Forschenden aller Disziplinen wecken. Damit verbessern wir die Wettbewerbsf\u00e4higkeit unserer Absolventen und tragen zu ihrer pers\u00f6nlichen und beruflichen Entwicklung bei, ganz gleich, ob sie sp\u00e4ter selbst Unternehmer werden oder von einem Unternehmen als Angestellte besch\u00e4ftigt werden\u201c, sagt St\u00e9phane Pallage, Rektor der Universit\u00e4t.<\/p><p><\/p><p>Programm-Manager Sivakumar Bactavatchalou f\u00fcgt hinzu: \u201eEs geht darum, Fertigkeiten zu vermitteln, wie etwa Ideen-Entwicklung, Pr\u00e4sentationsf\u00e4higkeit, Verhandlungsgeschick, Projektmanagement und F\u00fchrungsqualit\u00e4ten. Heute \u00e4ndern sich Jobanforderungen und Berufsbilder schneller als je zuvor.\u00a0 Doch diese sogenannten transversalen Kompetenzen werden Absolventen aller Fachrichtungen von Physik bis Philosophie ein Leben lang in allen Bereichen ihres Berufslebens brauchen \u2013 auch als Angestellte.\u201c Daher m\u00f6chte die Universit\u00e4t \u201eIntrapreneurs\u201c ausbilden. Sollten durch die Initiative tats\u00e4chlich Start-Up-Unternehmen entstehen, dann sei das ein sch\u00f6ner Nebeneffekt, stellt er klar.<\/p><p>Das Entrepreneurship Programme ist kein eigener Studiengang, sondern <strong>ein universit\u00e4tsweites Angebot<\/strong>, welches zun\u00e4chst f\u00fcr zwei Jahre l\u00e4uft und im Rahmen des Programms \u201eKITS \u2013 Knowledge and Innovation Transfer\u201c vom Fonds National de la Recherche Luxembourg (FNR) sowie der Fondation Veuve Emile Metz-Tesch finanziert wird. Es wird geleitet von Vize-Rektor Romain Martin, Vize-Rektorin Tonie Van Dam und Erica Monfardini, Gesch\u00e4ftsf\u00fchrende Verwaltungsdirektorin, mit Unterst\u00fctzung durch den Business Development- und Innovationsexperten Pranjul Shah. Hauptsitz und erste Anlaufstelle ist der Incubator im Student Lounge-Geb\u00e4ude, gegen\u00fcber dem Maison de l\u2018Innovation auf dem Belval-Campus.<\/p>\n<h2 class=\"has-text-align-left wp-block-unilux-blocks-heading\"        id=\"praxisorientierter-ansatz\"\n    >\nPraxisorientierter Ansatz<\/h2>\n<p>Hier gibt es <strong>Platz f\u00fcr Workshops, Infrastrukturen f\u00fcr potenzielle Start-Ups und Gr\u00fcnder erhalten individuelle Beratungsservices in allen Bereichen<\/strong>, von der Ideenbewertung bis hin zu vollst\u00e4ndigen Business-Pl\u00e4nen.<\/p><p>Diese Aktivit\u00e4ten werden durch die Er\u00f6ffnung der neuen \u201eCisco Networking Academy\u201c erg\u00e4nzt, die ebenfalls auf der Veranstaltung angek\u00fcndigt wurde. Die Akademie bietet E-Learning-Kurse f\u00fcr Universit\u00e4tsstudenten aus allen Bereichen, personalisierte Assessments sowie Labs, Netzwerk-Simulationssoftware, Wettbewerbe und Hackathons. W\u00e4hrend der Schwerpunkt des Curriculums auf Netzwerken und IT-Sicherheit liegt, bietet das Programm auch Kurse in den Bereichen Entrepreneurship, Internet der Dinge und Datenanalyse an. \u201eCisco ist stolz darauf, gemeinsam mit der Universit\u00e4t Luxemburg eine Cisco Networking Academy auf dem Campus zu er\u00f6ffnen, um die digitalen F\u00e4higkeiten bereitzustellen, die Menschen und Unternehmen zum Erfolg verhelfen\u201c, sagte Chuck Robbins, CEO von Cisco.<\/p><p>Romain Siebenaler, Country Manager Cisco Luxemburg f\u00fcgt hinzu: \u201eIn den n\u00e4chsten Monaten planen wir, die Zusammenarbeit zwischen der Universit\u00e4t Luxemburg und Cisco \u00fcber die Networking Academy hinaus auszubauen. Wir wollen zusammenarbeiten und Tools entwickeln, testen und st\u00e4ndig verbessern, um effiziente Lernumgebungen f\u00fcr die digitale Welt zu entwickeln.\u201c<\/p><p>&#8211; &#8211; &#8211;<\/p><p><strong>Die F\u00f6rderung unternehmerischer Initiative hat eine lange Geschichte an der Universit\u00e4t Luxemburg. Bereits im Jahr 2007 startete die Universit\u00e4t den<\/strong> \u201e<a href=\"https:\/\/wwwde.uni.lu\/formations\/fdef\/master_in_entrepreneurship_and_innovation\" target=\"_self\" title=\"Zusatzinformationen mei.uni.lu\" rel=\"noopener\">Master in Entrepreneurship and Innovation<\/a>\u201c in Zusammenarbeit mit der luxemburgischen Handelskammer in dem Bestreben, Forschung und Lehre in diesem Bereich zu st\u00e4rken und die n\u00e4chste Generation von Unternehmern und Innovatoren hervorzubringen.<\/p><p><strong>\u201eTwitter Moments\u201c:<\/strong><\/p><p><\/p>\n<h5 class=\"has-text-align-left wp-block-unilux-blocks-heading\"        id=\"foto-himadri-pathak-mit-einer-gitarre-die-ganz-aus-recyceltem-material-fuer-das-start-up-projekt-playcraft-gemacht-wurde-michel-brumat-universitaet-luxemburg\"\n    >\nFoto: Himadri Pathak mit einer Gitarre, die ganz aus recyceltem Material f\u00fcr das Start-Up Projekt PlayCraft gemacht wurde, \u00a9 Michel Brumat \/ Universit\u00e4t Luxemburg<\/h5>\n<\/div><\/section>","protected":false},"excerpt":{"rendered":"<p>Die Universit\u00e4t Luxemburg hat am Dienstag, den 6. M\u00e4rz 2018 in Anwesenheit von Premierminister Xavier Bettel offiziell ihren Incubator vorgestellt. Das Gr\u00fcnderzentrum wird interessierte Studierende und Forscher der Universit\u00e4t dabei unterst\u00fctzen, unternehmerische F\u00e4higkeiten und Kompetenzen zu entwickeln, ihre eigenen Gesch\u00e4ftsideen zu entwickeln und ihr eigenes Unternehmen in Luxemburg zu gr\u00fcnden. Bei der Er\u00f6ffnung war auch Chuck Robins, der CEO des globalen Technologieunternehmens Cisco anwesend. Cisco wird zum Erfolg der \u201eEntrepreneurship\u201c-Initiative beitragen, indem es eine \u201eCisco Networking Academy\u201c auf dem Campus er\u00f6ffnet.<\/p>\n","protected":false},"author":0,"featured_media":80,"template":"","format":"standard","meta":{"featured_image_focal_point":[],"show_featured_caption":false,"ulux_newsletter_groups":"","uluxPostTitle":"","uluxPrePostTitle":"","_trash_the_other_posts":false,"_price":"","_stock":"","_tribe_ticket_header":"","_tribe_default_ticket_provider":"","_tribe_ticket_capacity":"0","_ticket_start_date":"","_ticket_end_date":"","_tribe_ticket_show_description":"","_tribe_ticket_show_not_going":false,"_tribe_ticket_use_global_stock":"","_tribe_ticket_global_stock_level":"","_global_stock_mode":"","_global_stock_cap":"","_tribe_rsvp_for_event":"","_tribe_ticket_going_count":"","_tribe_ticket_not_going_count":"","_tribe_tickets_list":"[]","_tribe_ticket_has_attendee_info_fields":false},"news-category":[6,7,3],"news-topic":[],"organisation":[238,226],"authorship":[],"acf":[],"yoast_head":"<!-- This site is optimized with the Yoast SEO Premium plugin v22.3 (Yoast SEO v22.3) - https:\/\/yoast.com\/wordpress\/plugins\/seo\/ -->\n<title>Incubator der Universit\u00e4t f\u00f6rdert unternehmerische F\u00e4higkeiten - Universit\u00e4t Luxemburg<\/title>\n<meta name=\"description\" content=\"Die Universit\u00e4t Luxemburg hat am Dienstag, den 6. M\u00e4rz 2018 in Anwesenheit von Premierminister Xavier Bettel offiziell ihren Incubator vorgestellt. Das Gr\u00fcnderzentrum wird interessierte Studierende und Forscher der Universit\u00e4t dabei unterst\u00fctzen, unternehmerische F\u00e4higkeiten und Kompetenzen zu entwickeln, ihre eigenen Gesch\u00e4ftsideen zu entwickeln und ihr eigenes Unternehmen in Luxemburg zu gr\u00fcnden. Bei der Er\u00f6ffnung war auch Chuck Robins, der CEO des globalen Technologieunternehmens Cisco anwesend. Cisco wird zum Erfolg der \u201eEntrepreneurship\u201c-Initiative beitragen, indem es eine \u201eCisco Networking Academy\u201c auf dem Campus er\u00f6ffnet.\" \/>\n<meta name=\"robots\" content=\"index, follow, max-snippet:-1, max-image-preview:large, max-video-preview:-1\" \/>\n<link rel=\"canonical\" href=\"https:\/\/www.uni.lu\/de\/news\/incubator-der-universitaet-foerdert-unternehmerische-faehigkeiten\/\" \/>\n<meta property=\"og:locale\" content=\"de_DE\" \/>\n<meta property=\"og:type\" content=\"article\" \/>\n<meta property=\"og:title\" content=\"Incubator der Universit\u00e4t f\u00f6rdert unternehmerische F\u00e4higkeiten\" \/>\n<meta property=\"og:description\" content=\"Die Universit\u00e4t Luxemburg hat am Dienstag, den 6. M\u00e4rz 2018 in Anwesenheit von Premierminister Xavier Bettel offiziell ihren Incubator vorgestellt. Das Gr\u00fcnderzentrum wird interessierte Studierende und Forscher der Universit\u00e4t dabei unterst\u00fctzen, unternehmerische F\u00e4higkeiten und Kompetenzen zu entwickeln, ihre eigenen Gesch\u00e4ftsideen zu entwickeln und ihr eigenes Unternehmen in Luxemburg zu gr\u00fcnden. Bei der Er\u00f6ffnung war auch Chuck Robins, der CEO des globalen Technologieunternehmens Cisco anwesend. Cisco wird zum Erfolg der \u201eEntrepreneurship\u201c-Initiative beitragen, indem es eine \u201eCisco Networking Academy\u201c auf dem Campus er\u00f6ffnet.\" \/>\n<meta property=\"og:url\" content=\"https:\/\/www.uni.lu\/de\/news\/incubator-der-universitaet-foerdert-unternehmerische-faehigkeiten\/\" \/>\n<meta property=\"og:site_name\" content=\"UNI DE\" \/>\n<meta property=\"article:publisher\" content=\"https:\/\/www.facebook.com\/uni.lu\" \/>\n<meta property=\"og:image\" content=\"https:\/\/www.uni.lu\/wp-content\/uploads\/sites\/10\/2018\/03\/promouvoir_les_competences_entrepreneuriales_a_l_universite.jpg\" \/>\n\t<meta property=\"og:image:width\" content=\"800\" \/>\n\t<meta property=\"og:image:height\" content=\"600\" \/>\n\t<meta property=\"og:image:type\" content=\"image\/jpeg\" \/>\n<meta name=\"twitter:card\" content=\"summary_large_image\" \/>\n<meta name=\"twitter:label1\" content=\"Gesch\u00e4tzte Lesezeit\" \/>\n\t<meta name=\"twitter:data1\" content=\"4 Minuten\" \/>\n<script type=\"application\/ld+json\" class=\"yoast-schema-graph\">{\"@context\":\"https:\/\/schema.org\",\"@graph\":[{\"@type\":\"NewsArticle\",\"@id\":\"https:\/\/www.uni.lu\/de\/news\/incubator-der-universitaet-foerdert-unternehmerische-faehigkeiten\/#article\",\"isPartOf\":{\"@id\":\"https:\/\/www.uni.lu\/de\/news\/incubator-der-universitaet-foerdert-unternehmerische-faehigkeiten\/\"},\"author\":{\"name\":\"\",\"@id\":\"\"},\"headline\":\"Incubator der Universit\u00e4t f\u00f6rdert unternehmerische F\u00e4higkeiten\",\"datePublished\":\"2018-03-07T11:10:24+00:00\",\"dateModified\":\"2018-03-07T11:10:24+00:00\",\"mainEntityOfPage\":{\"@id\":\"https:\/\/www.uni.lu\/de\/news\/incubator-der-universitaet-foerdert-unternehmerische-faehigkeiten\/\"},\"wordCount\":793,\"publisher\":{\"@id\":\"https:\/\/www.uni.lu\/de\/#organization\"},\"image\":{\"@id\":\"https:\/\/www.uni.lu\/de\/news\/incubator-der-universitaet-foerdert-unternehmerische-faehigkeiten\/#primaryimage\"},\"thumbnailUrl\":\"https:\/\/www.uni.lu\/wp-content\/uploads\/sites\/10\/2018\/03\/promouvoir_les_competences_entrepreneuriales_a_l_universite.jpg\",\"inLanguage\":\"de-DE\"},{\"@type\":\"WebPage\",\"@id\":\"https:\/\/www.uni.lu\/de\/news\/incubator-der-universitaet-foerdert-unternehmerische-faehigkeiten\/\",\"url\":\"https:\/\/www.uni.lu\/de\/news\/incubator-der-universitaet-foerdert-unternehmerische-faehigkeiten\/\",\"name\":\"Incubator der Universit\u00e4t f\u00f6rdert unternehmerische F\u00e4higkeiten - Universit\u00e4t Luxemburg\",\"isPartOf\":{\"@id\":\"https:\/\/www.uni.lu\/de\/#website\"},\"primaryImageOfPage\":{\"@id\":\"https:\/\/www.uni.lu\/de\/news\/incubator-der-universitaet-foerdert-unternehmerische-faehigkeiten\/#primaryimage\"},\"image\":{\"@id\":\"https:\/\/www.uni.lu\/de\/news\/incubator-der-universitaet-foerdert-unternehmerische-faehigkeiten\/#primaryimage\"},\"thumbnailUrl\":\"https:\/\/www.uni.lu\/wp-content\/uploads\/sites\/10\/2018\/03\/promouvoir_les_competences_entrepreneuriales_a_l_universite.jpg\",\"datePublished\":\"2018-03-07T11:10:24+00:00\",\"dateModified\":\"2018-03-07T11:10:24+00:00\",\"description\":\"Die Universit\u00e4t Luxemburg hat am Dienstag, den 6. M\u00e4rz 2018 in Anwesenheit von Premierminister Xavier Bettel offiziell ihren Incubator vorgestellt. Das Gr\u00fcnderzentrum wird interessierte Studierende und Forscher der Universit\u00e4t dabei unterst\u00fctzen, unternehmerische F\u00e4higkeiten und Kompetenzen zu entwickeln, ihre eigenen Gesch\u00e4ftsideen zu entwickeln und ihr eigenes Unternehmen in Luxemburg zu gr\u00fcnden. Bei der Er\u00f6ffnung war auch Chuck Robins, der CEO des globalen Technologieunternehmens Cisco anwesend. Cisco wird zum Erfolg der \u201eEntrepreneurship\u201c-Initiative beitragen, indem es eine \u201eCisco Networking Academy\u201c auf dem Campus er\u00f6ffnet.\",\"breadcrumb\":{\"@id\":\"https:\/\/www.uni.lu\/de\/news\/incubator-der-universitaet-foerdert-unternehmerische-faehigkeiten\/#breadcrumb\"},\"inLanguage\":\"de-DE\",\"potentialAction\":[{\"@type\":\"ReadAction\",\"target\":[\"https:\/\/www.uni.lu\/de\/news\/incubator-der-universitaet-foerdert-unternehmerische-faehigkeiten\/\"]}]},{\"@type\":\"ImageObject\",\"inLanguage\":\"de-DE\",\"@id\":\"https:\/\/www.uni.lu\/de\/news\/incubator-der-universitaet-foerdert-unternehmerische-faehigkeiten\/#primaryimage\",\"url\":\"https:\/\/www.uni.lu\/wp-content\/uploads\/sites\/10\/2018\/03\/promouvoir_les_competences_entrepreneuriales_a_l_universite.jpg\",\"contentUrl\":\"https:\/\/www.uni.lu\/wp-content\/uploads\/sites\/10\/2018\/03\/promouvoir_les_competences_entrepreneuriales_a_l_universite.jpg\",\"width\":800,\"height\":600},{\"@type\":\"BreadcrumbList\",\"@id\":\"https:\/\/www.uni.lu\/de\/news\/incubator-der-universitaet-foerdert-unternehmerische-faehigkeiten\/#breadcrumb\",\"itemListElement\":[{\"@type\":\"ListItem\",\"position\":1,\"name\":\"Home\",\"item\":\"https:\/\/www.uni.lu\/de\/\"},{\"@type\":\"ListItem\",\"position\":2,\"name\":\"News\",\"item\":\"https:\/\/www.uni.lu\/de\/news\/\"},{\"@type\":\"ListItem\",\"position\":3,\"name\":\"Incubator der Universit\u00e4t f\u00f6rdert unternehmerische F\u00e4higkeiten\"}]},{\"@type\":\"WebSite\",\"@id\":\"https:\/\/www.uni.lu\/de\/#website\",\"url\":\"https:\/\/www.uni.lu\/de\/\",\"name\":\"Uni.lu\",\"description\":\"Universit\u00e4t Luxemburg\",\"publisher\":{\"@id\":\"https:\/\/www.uni.lu\/de\/#organization\"},\"alternateName\":\"Universit\u00e4t Luxemburg\",\"potentialAction\":[{\"@type\":\"SearchAction\",\"target\":{\"@type\":\"EntryPoint\",\"urlTemplate\":\"https:\/\/www.uni.lu\/de\/?s={search_term_string}\"},\"query-input\":\"required name=search_term_string\"}],\"inLanguage\":\"de-DE\"},{\"@type\":\"Organization\",\"@id\":\"https:\/\/www.uni.lu\/de\/#organization\",\"name\":\"Universit\u00e4t Luxemburg\",\"alternateName\":\"Uni.lu\",\"url\":\"https:\/\/www.uni.lu\/de\/\",\"logo\":{\"@type\":\"ImageObject\",\"inLanguage\":\"de-DE\",\"@id\":\"https:\/\/www.uni.lu\/de\/#\/schema\/logo\/image\/\",\"url\":\"https:\/\/www.uni.lu\/wp-content\/uploads\/sites\/10\/2026\/03\/03120000\/UNIV_SM-Profile_1600x1600px-scaled.jpg\",\"contentUrl\":\"https:\/\/www.uni.lu\/wp-content\/uploads\/sites\/10\/2026\/03\/03120000\/UNIV_SM-Profile_1600x1600px-scaled.jpg\",\"width\":2560,\"height\":2560,\"caption\":\"Universit\u00e4t Luxemburg\"},\"image\":\"https:\/\/www.uni.lu\/wp-content\/uploads\/sites\/10\/2026\/04\/24144329\/20200609-Belval-Campus_Henri-Goergen-23.jpg\",\"sameAs\":[\"https:\/\/www.facebook.com\/uni.lu\",\"https:\/\/www.linkedin.com\/school\/university-of-luxembourg\/\",\"https:\/\/www.instagram.com\/uni.lu\",\"https:\/\/www.youtube.com\/@uni_lu\",\"https:\/\/en.wikipedia.org\/wiki\/University_of_Luxembourg\"],\"email\":\"communication@uni.lu\",\"telephone\":\"+3524666441\",\"address\":{\"@type\":\"PostalAddress\",\"streetAddress\":\"2, place de l\u2019Universit\u00e9\",\"addressLocality\":\"Esch-sur-Alzette\",\"postalCode\":\"4365\",\"addressCountry\":\"LU\"},\"description\":\"Universit\u00e4t Luxemburg\"}]}<\/script>\n<!-- \/ Yoast SEO Premium plugin. -->","yoast_head_json":{"title":"Incubator der Universit\u00e4t f\u00f6rdert unternehmerische F\u00e4higkeiten - Universit\u00e4t Luxemburg","description":"Die Universit\u00e4t Luxemburg hat am Dienstag, den 6. M\u00e4rz 2018 in Anwesenheit von Premierminister Xavier Bettel offiziell ihren Incubator vorgestellt. Das Gr\u00fcnderzentrum wird interessierte Studierende und Forscher der Universit\u00e4t dabei unterst\u00fctzen, unternehmerische F\u00e4higkeiten und Kompetenzen zu entwickeln, ihre eigenen Gesch\u00e4ftsideen zu entwickeln und ihr eigenes Unternehmen in Luxemburg zu gr\u00fcnden. Bei der Er\u00f6ffnung war auch Chuck Robins, der CEO des globalen Technologieunternehmens Cisco anwesend. Cisco wird zum Erfolg der \u201eEntrepreneurship\u201c-Initiative beitragen, indem es eine \u201eCisco Networking Academy\u201c auf dem Campus er\u00f6ffnet.","robots":{"index":"index","follow":"follow","max-snippet":"max-snippet:-1","max-image-preview":"max-image-preview:large","max-video-preview":"max-video-preview:-1"},"canonical":"https:\/\/www.uni.lu\/de\/news\/incubator-der-universitaet-foerdert-unternehmerische-faehigkeiten\/","og_locale":"de_DE","og_type":"article","og_title":"Incubator der Universit\u00e4t f\u00f6rdert unternehmerische F\u00e4higkeiten","og_description":"Die Universit\u00e4t Luxemburg hat am Dienstag, den 6. M\u00e4rz 2018 in Anwesenheit von Premierminister Xavier Bettel offiziell ihren Incubator vorgestellt. Das Gr\u00fcnderzentrum wird interessierte Studierende und Forscher der Universit\u00e4t dabei unterst\u00fctzen, unternehmerische F\u00e4higkeiten und Kompetenzen zu entwickeln, ihre eigenen Gesch\u00e4ftsideen zu entwickeln und ihr eigenes Unternehmen in Luxemburg zu gr\u00fcnden. Bei der Er\u00f6ffnung war auch Chuck Robins, der CEO des globalen Technologieunternehmens Cisco anwesend. Cisco wird zum Erfolg der \u201eEntrepreneurship\u201c-Initiative beitragen, indem es eine \u201eCisco Networking Academy\u201c auf dem Campus er\u00f6ffnet.","og_url":"https:\/\/www.uni.lu\/de\/news\/incubator-der-universitaet-foerdert-unternehmerische-faehigkeiten\/","og_site_name":"UNI DE","article_publisher":"https:\/\/www.facebook.com\/uni.lu","og_image":[{"width":800,"height":600,"url":"https:\/\/www.uni.lu\/wp-content\/uploads\/sites\/10\/2018\/03\/promouvoir_les_competences_entrepreneuriales_a_l_universite.jpg","type":"image\/jpeg"}],"twitter_card":"summary_large_image","twitter_misc":{"Gesch\u00e4tzte Lesezeit":"4 Minuten"},"schema":{"@context":"https:\/\/schema.org","@graph":[{"@type":"NewsArticle","@id":"https:\/\/www.uni.lu\/de\/news\/incubator-der-universitaet-foerdert-unternehmerische-faehigkeiten\/#article","isPartOf":{"@id":"https:\/\/www.uni.lu\/de\/news\/incubator-der-universitaet-foerdert-unternehmerische-faehigkeiten\/"},"author":{"name":"","@id":""},"headline":"Incubator der Universit\u00e4t f\u00f6rdert unternehmerische F\u00e4higkeiten","datePublished":"2018-03-07T11:10:24+00:00","dateModified":"2018-03-07T11:10:24+00:00","mainEntityOfPage":{"@id":"https:\/\/www.uni.lu\/de\/news\/incubator-der-universitaet-foerdert-unternehmerische-faehigkeiten\/"},"wordCount":793,"publisher":{"@id":"https:\/\/www.uni.lu\/de\/#organization"},"image":{"@id":"https:\/\/www.uni.lu\/de\/news\/incubator-der-universitaet-foerdert-unternehmerische-faehigkeiten\/#primaryimage"},"thumbnailUrl":"https:\/\/www.uni.lu\/wp-content\/uploads\/sites\/10\/2018\/03\/promouvoir_les_competences_entrepreneuriales_a_l_universite.jpg","inLanguage":"de-DE"},{"@type":"WebPage","@id":"https:\/\/www.uni.lu\/de\/news\/incubator-der-universitaet-foerdert-unternehmerische-faehigkeiten\/","url":"https:\/\/www.uni.lu\/de\/news\/incubator-der-universitaet-foerdert-unternehmerische-faehigkeiten\/","name":"Incubator der Universit\u00e4t f\u00f6rdert unternehmerische F\u00e4higkeiten - Universit\u00e4t Luxemburg","isPartOf":{"@id":"https:\/\/www.uni.lu\/de\/#website"},"primaryImageOfPage":{"@id":"https:\/\/www.uni.lu\/de\/news\/incubator-der-universitaet-foerdert-unternehmerische-faehigkeiten\/#primaryimage"},"image":{"@id":"https:\/\/www.uni.lu\/de\/news\/incubator-der-universitaet-foerdert-unternehmerische-faehigkeiten\/#primaryimage"},"thumbnailUrl":"https:\/\/www.uni.lu\/wp-content\/uploads\/sites\/10\/2018\/03\/promouvoir_les_competences_entrepreneuriales_a_l_universite.jpg","datePublished":"2018-03-07T11:10:24+00:00","dateModified":"2018-03-07T11:10:24+00:00","description":"Die Universit\u00e4t Luxemburg hat am Dienstag, den 6. M\u00e4rz 2018 in Anwesenheit von Premierminister Xavier Bettel offiziell ihren Incubator vorgestellt. Das Gr\u00fcnderzentrum wird interessierte Studierende und Forscher der Universit\u00e4t dabei unterst\u00fctzen, unternehmerische F\u00e4higkeiten und Kompetenzen zu entwickeln, ihre eigenen Gesch\u00e4ftsideen zu entwickeln und ihr eigenes Unternehmen in Luxemburg zu gr\u00fcnden. Bei der Er\u00f6ffnung war auch Chuck Robins, der CEO des globalen Technologieunternehmens Cisco anwesend. Cisco wird zum Erfolg der \u201eEntrepreneurship\u201c-Initiative beitragen, indem es eine \u201eCisco Networking Academy\u201c auf dem Campus er\u00f6ffnet.","breadcrumb":{"@id":"https:\/\/www.uni.lu\/de\/news\/incubator-der-universitaet-foerdert-unternehmerische-faehigkeiten\/#breadcrumb"},"inLanguage":"de-DE","potentialAction":[{"@type":"ReadAction","target":["https:\/\/www.uni.lu\/de\/news\/incubator-der-universitaet-foerdert-unternehmerische-faehigkeiten\/"]}]},{"@type":"ImageObject","inLanguage":"de-DE","@id":"https:\/\/www.uni.lu\/de\/news\/incubator-der-universitaet-foerdert-unternehmerische-faehigkeiten\/#primaryimage","url":"https:\/\/www.uni.lu\/wp-content\/uploads\/sites\/10\/2018\/03\/promouvoir_les_competences_entrepreneuriales_a_l_universite.jpg","contentUrl":"https:\/\/www.uni.lu\/wp-content\/uploads\/sites\/10\/2018\/03\/promouvoir_les_competences_entrepreneuriales_a_l_universite.jpg","width":800,"height":600},{"@type":"BreadcrumbList","@id":"https:\/\/www.uni.lu\/de\/news\/incubator-der-universitaet-foerdert-unternehmerische-faehigkeiten\/#breadcrumb","itemListElement":[{"@type":"ListItem","position":1,"name":"Home","item":"https:\/\/www.uni.lu\/de\/"},{"@type":"ListItem","position":2,"name":"News","item":"https:\/\/www.uni.lu\/de\/news\/"},{"@type":"ListItem","position":3,"name":"Incubator der Universit\u00e4t f\u00f6rdert unternehmerische F\u00e4higkeiten"}]},{"@type":"WebSite","@id":"https:\/\/www.uni.lu\/de\/#website","url":"https:\/\/www.uni.lu\/de\/","name":"Uni.lu","description":"Universit\u00e4t Luxemburg","publisher":{"@id":"https:\/\/www.uni.lu\/de\/#organization"},"alternateName":"Universit\u00e4t Luxemburg","potentialAction":[{"@type":"SearchAction","target":{"@type":"EntryPoint","urlTemplate":"https:\/\/www.uni.lu\/de\/?s={search_term_string}"},"query-input":"required name=search_term_string"}],"inLanguage":"de-DE"},{"@type":"Organization","@id":"https:\/\/www.uni.lu\/de\/#organization","name":"Universit\u00e4t Luxemburg","alternateName":"Uni.lu","url":"https:\/\/www.uni.lu\/de\/","logo":{"@type":"ImageObject","inLanguage":"de-DE","@id":"https:\/\/www.uni.lu\/de\/#\/schema\/logo\/image\/","url":"https:\/\/www.uni.lu\/wp-content\/uploads\/sites\/10\/2026\/03\/03120000\/UNIV_SM-Profile_1600x1600px-scaled.jpg","contentUrl":"https:\/\/www.uni.lu\/wp-content\/uploads\/sites\/10\/2026\/03\/03120000\/UNIV_SM-Profile_1600x1600px-scaled.jpg","width":2560,"height":2560,"caption":"Universit\u00e4t Luxemburg"},"image":"https:\/\/www.uni.lu\/wp-content\/uploads\/sites\/10\/2026\/04\/24144329\/20200609-Belval-Campus_Henri-Goergen-23.jpg","sameAs":["https:\/\/www.facebook.com\/uni.lu","https:\/\/www.linkedin.com\/school\/university-of-luxembourg\/","https:\/\/www.instagram.com\/uni.lu","https:\/\/www.youtube.com\/@uni_lu","https:\/\/en.wikipedia.org\/wiki\/University_of_Luxembourg"],"email":"communication@uni.lu","telephone":"+3524666441","address":{"@type":"PostalAddress","streetAddress":"2, place de l\u2019Universit\u00e9","addressLocality":"Esch-sur-Alzette","postalCode":"4365","addressCountry":"LU"},"description":"Universit\u00e4t Luxemburg"}]}},"blog_id":10,"_links":{"self":[{"href":"https:\/\/www.uni.lu\/de\/wp-json\/wp\/v2\/news\/79"}],"collection":[{"href":"https:\/\/www.uni.lu\/de\/wp-json\/wp\/v2\/news"}],"about":[{"href":"https:\/\/www.uni.lu\/de\/wp-json\/wp\/v2\/types\/news"}],"version-history":[{"count":0,"href":"https:\/\/www.uni.lu\/de\/wp-json\/wp\/v2\/news\/79\/revisions"}],"wp:featuredmedia":[{"embeddable":true,"href":"https:\/\/www.uni.lu\/de\/wp-json\/wp\/v2\/media\/80"}],"wp:attachment":[{"href":"https:\/\/www.uni.lu\/de\/wp-json\/wp\/v2\/media?parent=79"}],"wp:term":[{"taxonomy":"news-category","embeddable":true,"href":"https:\/\/www.uni.lu\/de\/wp-json\/wp\/v2\/news-category?post=79"},{"taxonomy":"news-topic","embeddable":true,"href":"https:\/\/www.uni.lu\/de\/wp-json\/wp\/v2\/news-topic?post=79"},{"taxonomy":"organisation","embeddable":true,"href":"https:\/\/www.uni.lu\/de\/wp-json\/wp\/v2\/organisation?post=79"}],"curies":[{"name":"wp","href":"https:\/\/api.w.org\/{rel}","templated":true}]}}