{"id":7394,"date":"2025-09-09T16:12:12","date_gmt":"2025-09-09T14:12:12","guid":{"rendered":"https:\/\/www.uni.lu\/de\/?post_type=news&#038;p=7394"},"modified":"2025-09-12T17:52:10","modified_gmt":"2025-09-12T15:52:10","slug":"uni-lu-ist-bereit-studierende-fuer-das-neue-semester-zu-begruessen","status":"publish","type":"news","link":"https:\/\/www.uni.lu\/de\/news\/uni-lu-ist-bereit-studierende-fuer-das-neue-semester-zu-begruessen\/","title":{"rendered":"Uni.lu ist bereit, Studierende f\u00fcr das neue Semester zu begr\u00fc\u00dfen"},"content":{"rendered":"\n<section class=\"wp-block-unilux-blocks-free-section section\"><div class=\"container xl:max-w-screen-xl\">\n<p>Mehr als tausend neue Studierende werden ihren Semesterstart an der Universit\u00e4t Luxemburg beginnen. Der Beginn des Studentenlebens ist ein aufregender Moment. Um den besten Start zu erm\u00f6glichen, wird Uni.lu den Studierenden helfen, sich einzuleben und wie zu Hause zu f\u00fchlen.<\/p>\n\n\n<div class=\"wp-block-unilux-blocks-spacer is-spacer-size-sm\"><\/div>\n\n\n<div class=\"wp-block-columns are-vertically-aligned-center is-layout-flex wp-block-columns-is-layout-flex\">\n<div class=\"wp-block-column is-vertically-aligned-center is-layout-flow wp-block-column-is-layout-flow\">\n<h2 class=\"has-text-align-left wp-block-unilux-blocks-heading\"        id=\"der-welcome-day\"\n    >\nDer Welcome Day<\/h2>\n\n\n\n<p>Rund 1,500 neue Studierende werden ihren Semesterstart an der Universit\u00e4t Luxemburg beginnen. Der Beginn des Studentenlebens ist ein aufregender Moment. Um den besten Start zu erm\u00f6glichen, wird Uni.lu den Studierenden helfen, sich einzuleben und wie zu Hause zu f\u00fchlen..<\/p>\n<\/div>\n\n\n\n<div class=\"wp-block-column is-vertically-aligned-center is-layout-flow wp-block-column-is-layout-flow\">\n<section class=\"alignfull wp-block-unilux-blocks-gallery-carousel\">\n    <div class=\"swiper swiper-gallery\" aria-roledescription=\"carousel\" aria-label=\"A gallery of images\">\n        <!-- Swiper button Next & Prev -->\n        <div class=\"swiper-nav\">\n            <div class=\"swiper-nav__container\">\n                <div class=\"swiper-nav__grid\">\n                    <button type=\"button\" class=\"swiper-button-next\">\n                        <svg aria-hidden=\"true\" focusable=\"false\" class=\"icon icon-outline icon--arrow-right \"><use xlink:href=\"https:\/\/www.uni.lu\/wp-content\/themes\/unilux-theme\/assets\/images\/icons\/icons-outline.svg#icon--arrow-right\"><\/use><\/svg>                    <\/button>\n                    <button type=\"button\" class=\"swiper-button-prev\">\n                        <svg aria-hidden=\"true\" focusable=\"false\" class=\"icon icon-outline icon--arrow-left \"><use xlink:href=\"https:\/\/www.uni.lu\/wp-content\/themes\/unilux-theme\/assets\/images\/icons\/icons-outline.svg#icon--arrow-left\"><\/use><\/svg>                    <\/button>\n                <\/div>\n            <\/div>\n        <\/div>\n\n        <!-- swiper slides -->\n        <ul class=\"swiper-wrapper\">\n            \n<li class=\"swiper-slide\" aria-roledescription=\"slide\">\n    <figure class=\"wp-block-dev4-reusable-blocks-image swiper-slide__bg object-fit--cover\">\n    \n<img decoding=\"async\" class=\"wp-block-image unilux-custom-image-block\"\n                alt=\"\"\n            src=\"https:\/\/www.uni.lu\/wp-content\/uploads\/sites\/10\/2025\/09\/12173954\/WhatsApp-Image-2025-09-12-at-17.24.461.jpeg\"\n                srcset=\"https:\/\/www.uni.lu\/wp-content\/uploads\/sites\/10\/2025\/09\/12173954\/WhatsApp-Image-2025-09-12-at-17.24.461-225x300.jpeg 225w, https:\/\/www.uni.lu\/wp-content\/uploads\/sites\/10\/2025\/09\/12173954\/WhatsApp-Image-2025-09-12-at-17.24.461-768x1024.jpeg 768w, https:\/\/www.uni.lu\/wp-content\/uploads\/sites\/10\/2025\/09\/12173954\/WhatsApp-Image-2025-09-12-at-17.24.461-1152x1536.jpeg 1152w, https:\/\/www.uni.lu\/wp-content\/uploads\/sites\/10\/2025\/09\/12173954\/WhatsApp-Image-2025-09-12-at-17.24.461.jpeg 1200w\"\n                style=\"object-position: 66.00% 63.00%; font-family: &quot;object-fit: cover; object-position: 66.00% 63.00%;&quot;; aspect-ratio: 16\/9; object-fit: cover; width: 100%;\"\n        loading=\"lazy\"\n\/>    <\/figure><\/li>\n<li class=\"swiper-slide\" aria-roledescription=\"slide\">\n    <figure class=\"wp-block-dev4-reusable-blocks-image swiper-slide__bg object-fit--cover\">\n    \n<img decoding=\"async\" class=\"wp-block-image unilux-custom-image-block\"\n                alt=\"\"\n            src=\"https:\/\/www.uni.lu\/wp-content\/uploads\/sites\/10\/2025\/09\/12174037\/WhatsApp-Image-2025-09-12-at-17.24.462.jpeg\"\n                srcset=\"https:\/\/www.uni.lu\/wp-content\/uploads\/sites\/10\/2025\/09\/12174037\/WhatsApp-Image-2025-09-12-at-17.24.462-225x300.jpeg 225w, https:\/\/www.uni.lu\/wp-content\/uploads\/sites\/10\/2025\/09\/12174037\/WhatsApp-Image-2025-09-12-at-17.24.462-768x1024.jpeg 768w, https:\/\/www.uni.lu\/wp-content\/uploads\/sites\/10\/2025\/09\/12174037\/WhatsApp-Image-2025-09-12-at-17.24.462-1152x1536.jpeg 1152w, https:\/\/www.uni.lu\/wp-content\/uploads\/sites\/10\/2025\/09\/12174037\/WhatsApp-Image-2025-09-12-at-17.24.462.jpeg 1200w\"\n                style=\"object-position: 52.00% 68.00%; font-family: &quot;object-fit: cover; object-position: 52.00% 68.00%;&quot;; aspect-ratio: 16\/9; object-fit: cover; width: 100%;\"\n        loading=\"lazy\"\n\/>    <\/figure><\/li>\n<li class=\"swiper-slide\" aria-roledescription=\"slide\">\n    <figure class=\"wp-block-dev4-reusable-blocks-image swiper-slide__bg object-fit--cover\">\n    \n<img decoding=\"async\" class=\"wp-block-image unilux-custom-image-block\"\n                alt=\"\"\n            src=\"https:\/\/www.uni.lu\/wp-content\/uploads\/sites\/10\/2025\/09\/12174059\/WhatsApp-Image-2025-09-12-at-17.24.45.jpeg\"\n                srcset=\"https:\/\/www.uni.lu\/wp-content\/uploads\/sites\/10\/2025\/09\/12174059\/WhatsApp-Image-2025-09-12-at-17.24.45-225x300.jpeg 225w, https:\/\/www.uni.lu\/wp-content\/uploads\/sites\/10\/2025\/09\/12174059\/WhatsApp-Image-2025-09-12-at-17.24.45-768x1024.jpeg 768w, https:\/\/www.uni.lu\/wp-content\/uploads\/sites\/10\/2025\/09\/12174059\/WhatsApp-Image-2025-09-12-at-17.24.45-1152x1536.jpeg 1152w, https:\/\/www.uni.lu\/wp-content\/uploads\/sites\/10\/2025\/09\/12174059\/WhatsApp-Image-2025-09-12-at-17.24.45.jpeg 1200w\"\n                style=\"object-position: 54.00% 93.00%; font-family: &quot;object-fit: cover; object-position: 54.00% 93.00%;&quot;; aspect-ratio: 16\/9; object-fit: cover; width: 100%;\"\n        loading=\"lazy\"\n\/>    <\/figure><\/li>\n<li class=\"swiper-slide\" aria-roledescription=\"slide\">\n    <figure class=\"wp-block-dev4-reusable-blocks-image swiper-slide__bg object-fit--cover\">\n    \n<img decoding=\"async\" class=\"wp-block-image unilux-custom-image-block\"\n                alt=\"\"\n            src=\"https:\/\/www.uni.lu\/wp-content\/uploads\/sites\/10\/2025\/09\/12174202\/Header-or-gallery_image_Jens-Speech-scaled.jpg\"\n                srcset=\"https:\/\/www.uni.lu\/wp-content\/uploads\/sites\/10\/2025\/09\/12174202\/Header-or-gallery_image_Jens-Speech-300x169.jpg 300w, https:\/\/www.uni.lu\/wp-content\/uploads\/sites\/10\/2025\/09\/12174202\/Header-or-gallery_image_Jens-Speech-1024x576.jpg 1024w, https:\/\/www.uni.lu\/wp-content\/uploads\/sites\/10\/2025\/09\/12174202\/Header-or-gallery_image_Jens-Speech-768x432.jpg 768w, https:\/\/www.uni.lu\/wp-content\/uploads\/sites\/10\/2025\/09\/12174202\/Header-or-gallery_image_Jens-Speech-1536x864.jpg 1536w, https:\/\/www.uni.lu\/wp-content\/uploads\/sites\/10\/2025\/09\/12174202\/Header-or-gallery_image_Jens-Speech-2048x1152.jpg 2048w\"\n                style=\"object-position: 50.00% 50.00%; font-family: &quot;object-fit: cover; object-position: 50.00% 50.00%;&quot;; aspect-ratio: 16\/9; object-fit: cover; width: 100%;\"\n        loading=\"lazy\"\n\/>    <\/figure><\/li>        <\/ul>\n\n        <!-- Swiper pagination -->\n        <div class=\"swiper-pagination\">\n            <div class=\"swiper-pagination__bullets\"><\/div>\n        <\/div>\n    <\/div>\n<\/section><\/div>\n<\/div>\n\n\n<div class=\"wp-block-unilux-blocks-spacer is-spacer-size-sm\"><\/div>\n\n\n<ul class=\"wp-block-unilux-blocks-button-list-v2\">\n<li class=\"wp-block-unilux-blocks-button-list-item-v2\"><a class=\"quick-link\" href=\"https:\/\/www.uni.lu\/en\/news\/uni-lu-is-ready-to-welcome-students-for-the-new-semester\/\" target=\"\" role=\"link\" rel=\"noopener\" tabindex=\"0\"><span class=\"quick-link__container\">\n<div class=\"wp-block-unilux-blocks-block-inserter quick-link__img\">\n<div class=\"icon--primary icon--secondary-2 icon--lg wp-block-unilux-blocks-icon-picker\">\n    <svg aria-hidden=\"true\" focusable=\"false\" class=\"icon icon-outline icon--news \"><use xlink:href=\"https:\/\/www.uni.lu\/wp-content\/themes\/unilux-theme\/assets\/images\/icons\/icons-outline.svg#icon--news\"><\/use><\/svg><\/div><\/div>\n\n\n\n<span class=\"quick-link__name wp-block-unilux-blocks-plain-text\">Lesen Sie den Beitrag auf Englisch weiter<\/span>\n\n<svg aria-hidden=\"true\" focusable=\"false\" class=\"icon icon-outline icon--arrow-right \"><use xlink:href=\"https:\/\/www.uni.lu\/wp-content\/themes\/unilux-theme\/assets\/images\/icons\/icons-outline.svg#icon--arrow-right\"><\/use><\/svg><\/span><\/a><\/li>\n\n\n\n<li class=\"wp-block-unilux-blocks-button-list-item-v2\"><a class=\"quick-link\" href=\"https:\/\/www.uni.lu\/fr\/news\/uni-lu-est-pret-a-accueillir-les-etudiants-pour-le-nouveau-semestre\/\" target=\"\" role=\"link\" rel=\"noopener\" tabindex=\"0\"><span class=\"quick-link__container\">\n<div class=\"wp-block-unilux-blocks-block-inserter quick-link__img\">\n<div class=\"icon--secondary icon--primary-2 icon--lg wp-block-unilux-blocks-icon-picker\">\n    <svg aria-hidden=\"true\" focusable=\"false\" class=\"icon icon-outline icon--news \"><use xlink:href=\"https:\/\/www.uni.lu\/wp-content\/themes\/unilux-theme\/assets\/images\/icons\/icons-outline.svg#icon--news\"><\/use><\/svg><\/div><\/div>\n\n\n\n<span class=\"quick-link__name wp-block-unilux-blocks-plain-text\">Lesen Sie den Beitrag auf Franz\u00f6sich weiter<\/span>\n\n<svg aria-hidden=\"true\" focusable=\"false\" class=\"icon icon-outline icon--arrow-right \"><use xlink:href=\"https:\/\/www.uni.lu\/wp-content\/themes\/unilux-theme\/assets\/images\/icons\/icons-outline.svg#icon--arrow-right\"><\/use><\/svg><\/span><\/a><\/li>\n<\/ul>\n<\/div><\/section>\n\n\n<section class=\"section section wp-block-unilux-blocks-quick-link-discover-section\">\n    <div class=\"container xl:max-w-screen-xl\">\n        \n<h2 class=\"has-text-align-left wp-block-unilux-blocks-heading\"        id=\"mehr-infos\"\n    >\nMehr Infos<\/h2>\n\n<ul class=\"wp-block-unilux-blocks-quick-link-discover quick-link-list\">\n<li class=\"wp-block-unilux-blocks-quick-link-discover-item\">\n    <a\n                    href=\"https:\/\/www.uni.lu\/de\/fuer-studierende\/\"\n                    class=\"quick-link\"\n            target=\"\"\n    >\n            <span class=\"quick-link__container\">\n                <span class=\"quick-link__text\">\n                    Student.uni.lu                <\/span>\n                <svg aria-hidden=\"true\" focusable=\"false\" class=\"icon icon-outline icon--arrow-right \"><use xlink:href=\"https:\/\/www.uni.lu\/wp-content\/themes\/unilux-theme\/assets\/images\/icons\/icons-outline.svg#icon--arrow-right\"><\/use><\/svg>            <\/span>\n    <\/a>\n<\/li>\n\n\n\n<li class=\"wp-block-unilux-blocks-quick-link-discover-item\">\n    <a\n                    href=\"https:\/\/www.uni.lu\/life-en\/contacts\/\"\n                    class=\"quick-link\"\n            target=\"\"\n    >\n            <span class=\"quick-link__container\">\n                <span class=\"quick-link__text\">\n                    Student Department (EN)                <\/span>\n                <svg aria-hidden=\"true\" focusable=\"false\" class=\"icon icon-outline icon--arrow-right \"><use xlink:href=\"https:\/\/www.uni.lu\/wp-content\/themes\/unilux-theme\/assets\/images\/icons\/icons-outline.svg#icon--arrow-right\"><\/use><\/svg>            <\/span>\n    <\/a>\n<\/li>\n\n\n\n<li class=\"wp-block-unilux-blocks-quick-link-discover-item\">\n    <a\n                    href=\"https:\/\/www.uni.lu\/de\/news\/uni-lu-ist-startbereit-fur-den-semesterbeginn\/\"\n                    class=\"quick-link\"\n            target=\"\"\n    >\n            <span class=\"quick-link__container\">\n                <span class=\"quick-link__text\">\n                    Semesterstart\u202f2024                <\/span>\n                <svg aria-hidden=\"true\" focusable=\"false\" class=\"icon icon-outline icon--arrow-right \"><use xlink:href=\"https:\/\/www.uni.lu\/wp-content\/themes\/unilux-theme\/assets\/images\/icons\/icons-outline.svg#icon--arrow-right\"><\/use><\/svg>            <\/span>\n    <\/a>\n<\/li>\n<\/ul>\n    <\/div>\n<\/section>","protected":false},"excerpt":{"rendered":"","protected":false},"author":341,"featured_media":7414,"template":"","format":"standard","meta":{"featured_image_focal_point":{"x":0.42,"y":0.64},"show_featured_caption":false,"ulux_newsletter_groups":"","uluxPostTitle":"","uluxPrePostTitle":"","_trash_the_other_posts":false,"_price":"","_stock":"","_tribe_ticket_header":"","_tribe_default_ticket_provider":"","_tribe_ticket_capacity":"0","_ticket_start_date":"","_ticket_end_date":"","_tribe_ticket_show_description":"","_tribe_ticket_show_not_going":false,"_tribe_ticket_use_global_stock":"","_tribe_ticket_global_stock_level":"","_global_stock_mode":"","_global_stock_cap":"","_tribe_rsvp_for_event":"","_tribe_ticket_going_count":"","_tribe_ticket_not_going_count":"","_tribe_tickets_list":"[]","_tribe_ticket_has_attendee_info_fields":false},"news-category":[3],"news-topic":[],"organisation":[226],"authorship":[341],"acf":[],"yoast_head":"<!-- This site is optimized with the Yoast SEO Premium plugin v22.3 (Yoast SEO v22.3) - https:\/\/yoast.com\/wordpress\/plugins\/seo\/ -->\n<title>Uni.lu ist bereit, Studierende f\u00fcr das neue Semester zu begr\u00fc\u00dfen - Universit\u00e4t Luxemburg<\/title>\n<meta name=\"description\" content=\"Mehr als tausend neue Studierende werden ihren Semesterstart an der Universit\u00e4t Luxemburg beginnen. Der Beginn des Studentenlebens ist ein aufregender\" \/>\n<meta name=\"robots\" content=\"index, follow, max-snippet:-1, max-image-preview:large, max-video-preview:-1\" \/>\n<link rel=\"canonical\" href=\"https:\/\/www.uni.lu\/de\/news\/uni-lu-ist-bereit-studierende-fuer-das-neue-semester-zu-begruessen\/\" \/>\n<meta property=\"og:locale\" content=\"de_DE\" \/>\n<meta property=\"og:type\" content=\"article\" \/>\n<meta property=\"og:title\" content=\"Uni.lu ist bereit, Studierende f\u00fcr das neue Semester zu begr\u00fc\u00dfen\" \/>\n<meta property=\"og:description\" content=\"Mehr als tausend neue Studierende werden ihren Semesterstart an der Universit\u00e4t Luxemburg beginnen. Der Beginn des Studentenlebens ist ein aufregender\" \/>\n<meta property=\"og:url\" content=\"https:\/\/www.uni.lu\/de\/news\/uni-lu-ist-bereit-studierende-fuer-das-neue-semester-zu-begruessen\/\" \/>\n<meta property=\"og:site_name\" content=\"UNI DE\" \/>\n<meta property=\"article:publisher\" content=\"https:\/\/www.facebook.com\/uni.lu\" \/>\n<meta property=\"article:modified_time\" content=\"2025-09-12T15:52:10+00:00\" \/>\n<meta property=\"og:image\" content=\"https:\/\/www.uni.lu\/wp-content\/uploads\/sites\/10\/2025\/09\/12175148\/WhatsApp-Image-2025-09-12-at-17.24.46.jpeg\" \/>\n\t<meta property=\"og:image:width\" content=\"1200\" \/>\n\t<meta property=\"og:image:height\" content=\"1600\" \/>\n\t<meta property=\"og:image:type\" content=\"image\/jpeg\" \/>\n<meta name=\"twitter:card\" content=\"summary_large_image\" \/>\n<meta name=\"twitter:label1\" content=\"Gesch\u00e4tzte Lesezeit\" \/>\n\t<meta name=\"twitter:data1\" content=\"1 Minute\" \/>\n<script type=\"application\/ld+json\" class=\"yoast-schema-graph\">{\"@context\":\"https:\/\/schema.org\",\"@graph\":[{\"@type\":\"NewsArticle\",\"@id\":\"https:\/\/www.uni.lu\/de\/news\/uni-lu-ist-bereit-studierende-fuer-das-neue-semester-zu-begruessen\/#article\",\"isPartOf\":{\"@id\":\"https:\/\/www.uni.lu\/de\/news\/uni-lu-ist-bereit-studierende-fuer-das-neue-semester-zu-begruessen\/\"},\"author\":{\"name\":\"Catherine Clesse\",\"@id\":\"https:\/\/www.uni.lu\/de\/#\/schema\/person\/67d3defa53981502bf9cddb74a850c08\"},\"headline\":\"Uni.lu ist bereit, Studierende f\u00fcr das neue Semester zu begr\u00fc\u00dfen\",\"datePublished\":\"2025-09-09T14:12:12+00:00\",\"dateModified\":\"2025-09-12T15:52:10+00:00\",\"mainEntityOfPage\":{\"@id\":\"https:\/\/www.uni.lu\/de\/news\/uni-lu-ist-bereit-studierende-fuer-das-neue-semester-zu-begruessen\/\"},\"wordCount\":99,\"publisher\":{\"@id\":\"https:\/\/www.uni.lu\/de\/#organization\"},\"image\":{\"@id\":\"https:\/\/www.uni.lu\/de\/news\/uni-lu-ist-bereit-studierende-fuer-das-neue-semester-zu-begruessen\/#primaryimage\"},\"thumbnailUrl\":\"https:\/\/www.uni.lu\/wp-content\/uploads\/sites\/10\/2025\/09\/12175148\/WhatsApp-Image-2025-09-12-at-17.24.46.jpeg\",\"inLanguage\":\"de-DE\"},{\"@type\":\"WebPage\",\"@id\":\"https:\/\/www.uni.lu\/de\/news\/uni-lu-ist-bereit-studierende-fuer-das-neue-semester-zu-begruessen\/\",\"url\":\"https:\/\/www.uni.lu\/de\/news\/uni-lu-ist-bereit-studierende-fuer-das-neue-semester-zu-begruessen\/\",\"name\":\"Uni.lu ist bereit, Studierende f\u00fcr das neue Semester zu begr\u00fc\u00dfen - Universit\u00e4t Luxemburg\",\"isPartOf\":{\"@id\":\"https:\/\/www.uni.lu\/de\/#website\"},\"primaryImageOfPage\":{\"@id\":\"https:\/\/www.uni.lu\/de\/news\/uni-lu-ist-bereit-studierende-fuer-das-neue-semester-zu-begruessen\/#primaryimage\"},\"image\":{\"@id\":\"https:\/\/www.uni.lu\/de\/news\/uni-lu-ist-bereit-studierende-fuer-das-neue-semester-zu-begruessen\/#primaryimage\"},\"thumbnailUrl\":\"https:\/\/www.uni.lu\/wp-content\/uploads\/sites\/10\/2025\/09\/12175148\/WhatsApp-Image-2025-09-12-at-17.24.46.jpeg\",\"datePublished\":\"2025-09-09T14:12:12+00:00\",\"dateModified\":\"2025-09-12T15:52:10+00:00\",\"description\":\"Mehr als tausend neue Studierende werden ihren Semesterstart an der Universit\u00e4t Luxemburg beginnen. Der Beginn des Studentenlebens ist ein aufregender\",\"breadcrumb\":{\"@id\":\"https:\/\/www.uni.lu\/de\/news\/uni-lu-ist-bereit-studierende-fuer-das-neue-semester-zu-begruessen\/#breadcrumb\"},\"inLanguage\":\"de-DE\",\"potentialAction\":[{\"@type\":\"ReadAction\",\"target\":[\"https:\/\/www.uni.lu\/de\/news\/uni-lu-ist-bereit-studierende-fuer-das-neue-semester-zu-begruessen\/\"]}]},{\"@type\":\"ImageObject\",\"inLanguage\":\"de-DE\",\"@id\":\"https:\/\/www.uni.lu\/de\/news\/uni-lu-ist-bereit-studierende-fuer-das-neue-semester-zu-begruessen\/#primaryimage\",\"url\":\"https:\/\/www.uni.lu\/wp-content\/uploads\/sites\/10\/2025\/09\/12175148\/WhatsApp-Image-2025-09-12-at-17.24.46.jpeg\",\"contentUrl\":\"https:\/\/www.uni.lu\/wp-content\/uploads\/sites\/10\/2025\/09\/12175148\/WhatsApp-Image-2025-09-12-at-17.24.46.jpeg\",\"width\":1200,\"height\":1600},{\"@type\":\"BreadcrumbList\",\"@id\":\"https:\/\/www.uni.lu\/de\/news\/uni-lu-ist-bereit-studierende-fuer-das-neue-semester-zu-begruessen\/#breadcrumb\",\"itemListElement\":[{\"@type\":\"ListItem\",\"position\":1,\"name\":\"Home\",\"item\":\"https:\/\/www.uni.lu\/de\/\"},{\"@type\":\"ListItem\",\"position\":2,\"name\":\"News\",\"item\":\"https:\/\/www.uni.lu\/de\/news\/\"},{\"@type\":\"ListItem\",\"position\":3,\"name\":\"Uni.lu ist bereit, Studierende f\u00fcr das neue Semester zu begr\u00fc\u00dfen\"}]},{\"@type\":\"WebSite\",\"@id\":\"https:\/\/www.uni.lu\/de\/#website\",\"url\":\"https:\/\/www.uni.lu\/de\/\",\"name\":\"Uni.lu\",\"description\":\"Universit\u00e4t Luxemburg\",\"publisher\":{\"@id\":\"https:\/\/www.uni.lu\/de\/#organization\"},\"alternateName\":\"Universit\u00e4t Luxemburg\",\"potentialAction\":[{\"@type\":\"SearchAction\",\"target\":{\"@type\":\"EntryPoint\",\"urlTemplate\":\"https:\/\/www.uni.lu\/de\/?s={search_term_string}\"},\"query-input\":\"required name=search_term_string\"}],\"inLanguage\":\"de-DE\"},{\"@type\":\"Organization\",\"@id\":\"https:\/\/www.uni.lu\/de\/#organization\",\"name\":\"Universit\u00e4t Luxemburg\",\"alternateName\":\"Uni.lu\",\"url\":\"https:\/\/www.uni.lu\/de\/\",\"logo\":{\"@type\":\"ImageObject\",\"inLanguage\":\"de-DE\",\"@id\":\"https:\/\/www.uni.lu\/de\/#\/schema\/logo\/image\/\",\"url\":\"https:\/\/www.uni.lu\/wp-content\/uploads\/sites\/10\/2026\/03\/03120000\/UNIV_SM-Profile_1600x1600px-scaled.jpg\",\"contentUrl\":\"https:\/\/www.uni.lu\/wp-content\/uploads\/sites\/10\/2026\/03\/03120000\/UNIV_SM-Profile_1600x1600px-scaled.jpg\",\"width\":2560,\"height\":2560,\"caption\":\"Universit\u00e4t Luxemburg\"},\"image\":\"https:\/\/www.uni.lu\/wp-content\/uploads\/sites\/10\/2026\/04\/24144329\/20200609-Belval-Campus_Henri-Goergen-23.jpg\",\"sameAs\":[\"https:\/\/www.facebook.com\/uni.lu\",\"https:\/\/www.linkedin.com\/school\/university-of-luxembourg\/\",\"https:\/\/www.instagram.com\/uni.lu\",\"https:\/\/www.youtube.com\/@uni_lu\",\"https:\/\/en.wikipedia.org\/wiki\/University_of_Luxembourg\"],\"email\":\"communication@uni.lu\",\"telephone\":\"+3524666441\",\"address\":{\"@type\":\"PostalAddress\",\"streetAddress\":\"2, place de l\u2019Universit\u00e9\",\"addressLocality\":\"Esch-sur-Alzette\",\"postalCode\":\"4365\",\"addressCountry\":\"LU\"},\"description\":\"Universit\u00e4t Luxemburg\"},{\"@type\":\"Person\",\"@id\":\"https:\/\/www.uni.lu\/de\/#\/schema\/person\/67d3defa53981502bf9cddb74a850c08\",\"name\":\"Catherine Clesse\",\"image\":{\"@type\":\"ImageObject\",\"inLanguage\":\"de-DE\",\"@id\":\"https:\/\/www.uni.lu\/de\/#\/schema\/person\/image\/\",\"url\":\"https:\/\/secure.gravatar.com\/avatar\/6a2e15a24f9036a6aee8753304e46c2d?s=96&d=mm&r=g\",\"contentUrl\":\"https:\/\/secure.gravatar.com\/avatar\/6a2e15a24f9036a6aee8753304e46c2d?s=96&d=mm&r=g\",\"caption\":\"Catherine Clesse\"}}]}<\/script>\n<!-- \/ Yoast SEO Premium plugin. -->","yoast_head_json":{"title":"Uni.lu ist bereit, Studierende f\u00fcr das neue Semester zu begr\u00fc\u00dfen - Universit\u00e4t Luxemburg","description":"Mehr als tausend neue Studierende werden ihren Semesterstart an der Universit\u00e4t Luxemburg beginnen. Der Beginn des Studentenlebens ist ein aufregender","robots":{"index":"index","follow":"follow","max-snippet":"max-snippet:-1","max-image-preview":"max-image-preview:large","max-video-preview":"max-video-preview:-1"},"canonical":"https:\/\/www.uni.lu\/de\/news\/uni-lu-ist-bereit-studierende-fuer-das-neue-semester-zu-begruessen\/","og_locale":"de_DE","og_type":"article","og_title":"Uni.lu ist bereit, Studierende f\u00fcr das neue Semester zu begr\u00fc\u00dfen","og_description":"Mehr als tausend neue Studierende werden ihren Semesterstart an der Universit\u00e4t Luxemburg beginnen. Der Beginn des Studentenlebens ist ein aufregender","og_url":"https:\/\/www.uni.lu\/de\/news\/uni-lu-ist-bereit-studierende-fuer-das-neue-semester-zu-begruessen\/","og_site_name":"UNI DE","article_publisher":"https:\/\/www.facebook.com\/uni.lu","article_modified_time":"2025-09-12T15:52:10+00:00","og_image":[{"width":1200,"height":1600,"url":"https:\/\/www.uni.lu\/wp-content\/uploads\/sites\/10\/2025\/09\/12175148\/WhatsApp-Image-2025-09-12-at-17.24.46.jpeg","type":"image\/jpeg"}],"twitter_card":"summary_large_image","twitter_misc":{"Gesch\u00e4tzte Lesezeit":"1 Minute"},"schema":{"@context":"https:\/\/schema.org","@graph":[{"@type":"NewsArticle","@id":"https:\/\/www.uni.lu\/de\/news\/uni-lu-ist-bereit-studierende-fuer-das-neue-semester-zu-begruessen\/#article","isPartOf":{"@id":"https:\/\/www.uni.lu\/de\/news\/uni-lu-ist-bereit-studierende-fuer-das-neue-semester-zu-begruessen\/"},"author":{"name":"Catherine Clesse","@id":"https:\/\/www.uni.lu\/de\/#\/schema\/person\/67d3defa53981502bf9cddb74a850c08"},"headline":"Uni.lu ist bereit, Studierende f\u00fcr das neue Semester zu begr\u00fc\u00dfen","datePublished":"2025-09-09T14:12:12+00:00","dateModified":"2025-09-12T15:52:10+00:00","mainEntityOfPage":{"@id":"https:\/\/www.uni.lu\/de\/news\/uni-lu-ist-bereit-studierende-fuer-das-neue-semester-zu-begruessen\/"},"wordCount":99,"publisher":{"@id":"https:\/\/www.uni.lu\/de\/#organization"},"image":{"@id":"https:\/\/www.uni.lu\/de\/news\/uni-lu-ist-bereit-studierende-fuer-das-neue-semester-zu-begruessen\/#primaryimage"},"thumbnailUrl":"https:\/\/www.uni.lu\/wp-content\/uploads\/sites\/10\/2025\/09\/12175148\/WhatsApp-Image-2025-09-12-at-17.24.46.jpeg","inLanguage":"de-DE"},{"@type":"WebPage","@id":"https:\/\/www.uni.lu\/de\/news\/uni-lu-ist-bereit-studierende-fuer-das-neue-semester-zu-begruessen\/","url":"https:\/\/www.uni.lu\/de\/news\/uni-lu-ist-bereit-studierende-fuer-das-neue-semester-zu-begruessen\/","name":"Uni.lu ist bereit, Studierende f\u00fcr das neue Semester zu begr\u00fc\u00dfen - Universit\u00e4t Luxemburg","isPartOf":{"@id":"https:\/\/www.uni.lu\/de\/#website"},"primaryImageOfPage":{"@id":"https:\/\/www.uni.lu\/de\/news\/uni-lu-ist-bereit-studierende-fuer-das-neue-semester-zu-begruessen\/#primaryimage"},"image":{"@id":"https:\/\/www.uni.lu\/de\/news\/uni-lu-ist-bereit-studierende-fuer-das-neue-semester-zu-begruessen\/#primaryimage"},"thumbnailUrl":"https:\/\/www.uni.lu\/wp-content\/uploads\/sites\/10\/2025\/09\/12175148\/WhatsApp-Image-2025-09-12-at-17.24.46.jpeg","datePublished":"2025-09-09T14:12:12+00:00","dateModified":"2025-09-12T15:52:10+00:00","description":"Mehr als tausend neue Studierende werden ihren Semesterstart an der Universit\u00e4t Luxemburg beginnen. Der Beginn des Studentenlebens ist ein aufregender","breadcrumb":{"@id":"https:\/\/www.uni.lu\/de\/news\/uni-lu-ist-bereit-studierende-fuer-das-neue-semester-zu-begruessen\/#breadcrumb"},"inLanguage":"de-DE","potentialAction":[{"@type":"ReadAction","target":["https:\/\/www.uni.lu\/de\/news\/uni-lu-ist-bereit-studierende-fuer-das-neue-semester-zu-begruessen\/"]}]},{"@type":"ImageObject","inLanguage":"de-DE","@id":"https:\/\/www.uni.lu\/de\/news\/uni-lu-ist-bereit-studierende-fuer-das-neue-semester-zu-begruessen\/#primaryimage","url":"https:\/\/www.uni.lu\/wp-content\/uploads\/sites\/10\/2025\/09\/12175148\/WhatsApp-Image-2025-09-12-at-17.24.46.jpeg","contentUrl":"https:\/\/www.uni.lu\/wp-content\/uploads\/sites\/10\/2025\/09\/12175148\/WhatsApp-Image-2025-09-12-at-17.24.46.jpeg","width":1200,"height":1600},{"@type":"BreadcrumbList","@id":"https:\/\/www.uni.lu\/de\/news\/uni-lu-ist-bereit-studierende-fuer-das-neue-semester-zu-begruessen\/#breadcrumb","itemListElement":[{"@type":"ListItem","position":1,"name":"Home","item":"https:\/\/www.uni.lu\/de\/"},{"@type":"ListItem","position":2,"name":"News","item":"https:\/\/www.uni.lu\/de\/news\/"},{"@type":"ListItem","position":3,"name":"Uni.lu ist bereit, Studierende f\u00fcr das neue Semester zu begr\u00fc\u00dfen"}]},{"@type":"WebSite","@id":"https:\/\/www.uni.lu\/de\/#website","url":"https:\/\/www.uni.lu\/de\/","name":"Uni.lu","description":"Universit\u00e4t Luxemburg","publisher":{"@id":"https:\/\/www.uni.lu\/de\/#organization"},"alternateName":"Universit\u00e4t Luxemburg","potentialAction":[{"@type":"SearchAction","target":{"@type":"EntryPoint","urlTemplate":"https:\/\/www.uni.lu\/de\/?s={search_term_string}"},"query-input":"required name=search_term_string"}],"inLanguage":"de-DE"},{"@type":"Organization","@id":"https:\/\/www.uni.lu\/de\/#organization","name":"Universit\u00e4t Luxemburg","alternateName":"Uni.lu","url":"https:\/\/www.uni.lu\/de\/","logo":{"@type":"ImageObject","inLanguage":"de-DE","@id":"https:\/\/www.uni.lu\/de\/#\/schema\/logo\/image\/","url":"https:\/\/www.uni.lu\/wp-content\/uploads\/sites\/10\/2026\/03\/03120000\/UNIV_SM-Profile_1600x1600px-scaled.jpg","contentUrl":"https:\/\/www.uni.lu\/wp-content\/uploads\/sites\/10\/2026\/03\/03120000\/UNIV_SM-Profile_1600x1600px-scaled.jpg","width":2560,"height":2560,"caption":"Universit\u00e4t Luxemburg"},"image":"https:\/\/www.uni.lu\/wp-content\/uploads\/sites\/10\/2026\/04\/24144329\/20200609-Belval-Campus_Henri-Goergen-23.jpg","sameAs":["https:\/\/www.facebook.com\/uni.lu","https:\/\/www.linkedin.com\/school\/university-of-luxembourg\/","https:\/\/www.instagram.com\/uni.lu","https:\/\/www.youtube.com\/@uni_lu","https:\/\/en.wikipedia.org\/wiki\/University_of_Luxembourg"],"email":"communication@uni.lu","telephone":"+3524666441","address":{"@type":"PostalAddress","streetAddress":"2, place de l\u2019Universit\u00e9","addressLocality":"Esch-sur-Alzette","postalCode":"4365","addressCountry":"LU"},"description":"Universit\u00e4t Luxemburg"},{"@type":"Person","@id":"https:\/\/www.uni.lu\/de\/#\/schema\/person\/67d3defa53981502bf9cddb74a850c08","name":"Catherine Clesse","image":{"@type":"ImageObject","inLanguage":"de-DE","@id":"https:\/\/www.uni.lu\/de\/#\/schema\/person\/image\/","url":"https:\/\/secure.gravatar.com\/avatar\/6a2e15a24f9036a6aee8753304e46c2d?s=96&d=mm&r=g","contentUrl":"https:\/\/secure.gravatar.com\/avatar\/6a2e15a24f9036a6aee8753304e46c2d?s=96&d=mm&r=g","caption":"Catherine Clesse"}}]}},"blog_id":10,"_links":{"self":[{"href":"https:\/\/www.uni.lu\/de\/wp-json\/wp\/v2\/news\/7394"}],"collection":[{"href":"https:\/\/www.uni.lu\/de\/wp-json\/wp\/v2\/news"}],"about":[{"href":"https:\/\/www.uni.lu\/de\/wp-json\/wp\/v2\/types\/news"}],"author":[{"embeddable":true,"href":"https:\/\/www.uni.lu\/de\/wp-json\/wp\/v2\/users\/341"}],"version-history":[{"count":5,"href":"https:\/\/www.uni.lu\/de\/wp-json\/wp\/v2\/news\/7394\/revisions"}],"predecessor-version":[{"id":7418,"href":"https:\/\/www.uni.lu\/de\/wp-json\/wp\/v2\/news\/7394\/revisions\/7418"}],"wp:authorship":[{"embeddable":true,"href":"https:\/\/www.uni.lu\/de\/wp-json\/wp\/v2\/users\/341"}],"wp:featuredmedia":[{"embeddable":true,"href":"https:\/\/www.uni.lu\/de\/wp-json\/wp\/v2\/media\/7414"}],"wp:attachment":[{"href":"https:\/\/www.uni.lu\/de\/wp-json\/wp\/v2\/media?parent=7394"}],"wp:term":[{"taxonomy":"news-category","embeddable":true,"href":"https:\/\/www.uni.lu\/de\/wp-json\/wp\/v2\/news-category?post=7394"},{"taxonomy":"news-topic","embeddable":true,"href":"https:\/\/www.uni.lu\/de\/wp-json\/wp\/v2\/news-topic?post=7394"},{"taxonomy":"organisation","embeddable":true,"href":"https:\/\/www.uni.lu\/de\/wp-json\/wp\/v2\/organisation?post=7394"}],"curies":[{"name":"wp","href":"https:\/\/api.w.org\/{rel}","templated":true}]}}