{"id":7262,"date":"2025-08-25T15:48:27","date_gmt":"2025-08-25T13:48:27","guid":{"rendered":"https:\/\/www.uni.lu\/de\/?post_type=news&#038;p=7262"},"modified":"2025-08-25T15:50:42","modified_gmt":"2025-08-25T13:50:42","slug":"wie-studierende-mit-prizma-das-gemeinschaftsgefuehl-foerdert","status":"publish","type":"news","link":"https:\/\/www.uni.lu\/de\/news\/wie-studierende-mit-prizma-das-gemeinschaftsgefuehl-foerdert\/","title":{"rendered":"Wie Studierende mit PRIZMA das Gemeinschaftsgef\u00fchl f\u00f6rdert"},"content":{"rendered":"\n<section class=\"wp-block-unilux-blocks-free-section section\"><div class=\"container xl:max-w-screen-xl\">\n<p>Im Bestreben, einen integrativen Campus zu f\u00f6rdern, spielen studentische Initiativen eine wesentliche Rolle bei der Gestaltung der Gemeinschaftskultur. Um zu dieser Mission beizutragen, gr\u00fcndeten Studierende 2019 <a href=\"https:\/\/www.uni.lu\/life-en\/social-life\/student-associations-clubs\/lgbt\/\">PRIZMA, die LGBTQ+-Vereinigung von Uni.lu<\/a>. Obwohl die COVID-19-Pandemie es der jungen Gruppe schwer machte, Fu\u00df zu fassen, hat sie sich rasch von nur drei Mitgliedern auf eine etwa Gruppe von 100 Teilnehmers\u00a0weiterentwickelt. Und die Zahl w\u00e4chst jedes Jahr weiter.\u00a0 \u00a0<\/p>\n\n\n\n<h2 class=\"has-text-align-left wp-block-unilux-blocks-heading\"        id=\"aufbau-einer-gemeinschaft-und-praesenz-auf-dem-campus\"\n    >\nAufbau einer Gemeinschaft und Pr\u00e4senz auf dem Campus <\/h2>\n\n\n\n<p>PRIZMA wurde mit dem klaren Ziel gegr\u00fcndet, sicherzustellen, dass sich LGBTQIA+-Studierende an der Universit\u00e4t gesehen, unterst\u00fctzt und verbunden f\u00fchlen. F\u00fcr viele Studierende kann der Umzug nach Luxemburg zum Studium ein Gef\u00fchl der Unsicherheit mit sich bringen, insbesondere wenn sie weit weg von ihrer Familie oder vertrauten Gemeinschaften sind. Der Verein bietet einen einladenden Raum, in dem sich Studierende frei entfalten und Solidarit\u00e4t finden k\u00f6nnen.<\/p>\n\n\n\n<ul class=\"wp-block-unilux-blocks-button-list-v2\">\n<li class=\"wp-block-unilux-blocks-button-list-item-v2\"><a class=\"quick-link\" href=\"https:\/\/www.uni.lu\/en\/news\/student-led-and-proud-how-uni-lu-s-prizma-fosters-belonging\/\" target=\"\" role=\"link\" rel=\"noopener\" tabindex=\"0\"><span class=\"quick-link__container\">\n<div class=\"wp-block-unilux-blocks-block-inserter quick-link__img\">\n<div class=\"icon--primary icon--secondary-2 icon--lg wp-block-unilux-blocks-icon-picker\">\n    <svg aria-hidden=\"true\" focusable=\"false\" class=\"icon icon-outline icon--news \"><use xlink:href=\"https:\/\/www.uni.lu\/wp-content\/themes\/unilux-theme\/assets\/images\/icons\/icons-outline.svg#icon--news\"><\/use><\/svg><\/div><\/div>\n\n\n\n<span class=\"quick-link__name wp-block-unilux-blocks-plain-text\">Lesen Sie den Beitrag auf Englisch weiter<\/span>\n\n<svg aria-hidden=\"true\" focusable=\"false\" class=\"icon icon-outline icon--arrow-right \"><use xlink:href=\"https:\/\/www.uni.lu\/wp-content\/themes\/unilux-theme\/assets\/images\/icons\/icons-outline.svg#icon--arrow-right\"><\/use><\/svg><\/span><\/a><\/li>\n\n\n\n<li class=\"wp-block-unilux-blocks-button-list-item-v2\"><a class=\"quick-link\" href=\"https:\/\/www.uni.lu\/fr\/news\/association-prizma-favorise-l-appartenance-sur-le-campus\/\" target=\"\" role=\"link\" rel=\"noopener\" tabindex=\"0\"><span class=\"quick-link__container\">\n<div class=\"wp-block-unilux-blocks-block-inserter quick-link__img\">\n<div class=\"icon--secondary icon--primary-2 icon--lg wp-block-unilux-blocks-icon-picker\">\n    <svg aria-hidden=\"true\" focusable=\"false\" class=\"icon icon-outline icon--news \"><use xlink:href=\"https:\/\/www.uni.lu\/wp-content\/themes\/unilux-theme\/assets\/images\/icons\/icons-outline.svg#icon--news\"><\/use><\/svg><\/div><\/div>\n\n\n\n<span class=\"quick-link__name wp-block-unilux-blocks-plain-text\">Lesen Sie den Beitrag auf Franz\u00f6sich weiter<\/span>\n\n<svg aria-hidden=\"true\" focusable=\"false\" class=\"icon icon-outline icon--arrow-right \"><use xlink:href=\"https:\/\/www.uni.lu\/wp-content\/themes\/unilux-theme\/assets\/images\/icons\/icons-outline.svg#icon--arrow-right\"><\/use><\/svg><\/span><\/a><\/li>\n<\/ul>\n<\/div><\/section>\n\n\n<section class=\"section section wp-block-unilux-blocks-quick-link-discover-section py-0\">\n    <div class=\"container xl:max-w-screen-xl\">\n        \n<h2 class=\"has-text-align-left wp-block-unilux-blocks-heading\"        id=\"entdecken-sie-auch\"\n    >\nEntdecken Sie auch&#8230;<\/h2>\n\n<ul class=\"wp-block-unilux-blocks-quick-link-discover quick-link-list\">\n<li class=\"wp-block-unilux-blocks-quick-link-discover-item\">\n    <a\n                    href=\"https:\/\/www.uni.lu\/en\/about\/gender-equality\/lgbt\/\"\n                    class=\"quick-link\"\n            target=\"\"\n    >\n            <span class=\"quick-link__container\">\n                <span class=\"quick-link__text\">\n                    LGBTQ+ @Uni.lu (EN)                <\/span>\n                <svg aria-hidden=\"true\" focusable=\"false\" class=\"icon icon-outline icon--arrow-right \"><use xlink:href=\"https:\/\/www.uni.lu\/wp-content\/themes\/unilux-theme\/assets\/images\/icons\/icons-outline.svg#icon--arrow-right\"><\/use><\/svg>            <\/span>\n    <\/a>\n<\/li>\n<\/ul>\n    <\/div>\n<\/section>","protected":false},"excerpt":{"rendered":"","protected":false},"author":341,"featured_media":7263,"template":"","format":"standard","meta":{"featured_image_focal_point":[],"show_featured_caption":false,"ulux_newsletter_groups":"","uluxPostTitle":"","uluxPrePostTitle":"","_trash_the_other_posts":false,"_price":"","_stock":"","_tribe_ticket_header":"","_tribe_default_ticket_provider":"","_tribe_ticket_capacity":"0","_ticket_start_date":"","_ticket_end_date":"","_tribe_ticket_show_description":"","_tribe_ticket_show_not_going":false,"_tribe_ticket_use_global_stock":"","_tribe_ticket_global_stock_level":"","_global_stock_mode":"","_global_stock_cap":"","_tribe_rsvp_for_event":"","_tribe_ticket_going_count":"","_tribe_ticket_not_going_count":"","_tribe_tickets_list":"[]","_tribe_ticket_has_attendee_info_fields":false},"news-category":[6],"news-topic":[],"organisation":[],"authorship":[341],"acf":[],"yoast_head":"<!-- This site is optimized with the Yoast SEO Premium plugin v22.3 (Yoast SEO v22.3) - https:\/\/yoast.com\/wordpress\/plugins\/seo\/ -->\n<title>Wie Studierende mit PRIZMA das Gemeinschaftsgef\u00fchl f\u00f6rdert - Universit\u00e4t Luxemburg<\/title>\n<meta name=\"description\" content=\"Im Bestreben, einen integrativen Campus zu f\u00f6rdern, spielen studentische Initiativen eine wesentliche Rolle bei der Gestaltung der Gemeinschaftskultur. Um\" \/>\n<meta name=\"robots\" content=\"index, follow, max-snippet:-1, max-image-preview:large, max-video-preview:-1\" \/>\n<link rel=\"canonical\" href=\"https:\/\/www.uni.lu\/de\/news\/wie-studierende-mit-prizma-das-gemeinschaftsgefuehl-foerdert\/\" \/>\n<meta property=\"og:locale\" content=\"de_DE\" \/>\n<meta property=\"og:type\" content=\"article\" \/>\n<meta property=\"og:title\" content=\"Wie Studierende mit PRIZMA das Gemeinschaftsgef\u00fchl f\u00f6rdert\" \/>\n<meta property=\"og:description\" content=\"Im Bestreben, einen integrativen Campus zu f\u00f6rdern, spielen studentische Initiativen eine wesentliche Rolle bei der Gestaltung der Gemeinschaftskultur. Um\" \/>\n<meta property=\"og:url\" content=\"https:\/\/www.uni.lu\/de\/news\/wie-studierende-mit-prizma-das-gemeinschaftsgefuehl-foerdert\/\" \/>\n<meta property=\"og:site_name\" content=\"UNI DE\" \/>\n<meta property=\"article:publisher\" content=\"https:\/\/www.facebook.com\/uni.lu\" \/>\n<meta property=\"article:modified_time\" content=\"2025-08-25T13:50:42+00:00\" \/>\n<meta property=\"og:image\" content=\"https:\/\/www.uni.lu\/wp-content\/uploads\/sites\/10\/2025\/08\/25154750\/Header-image-scaled.jpg\" \/>\n\t<meta property=\"og:image:width\" content=\"2560\" \/>\n\t<meta property=\"og:image:height\" content=\"2560\" \/>\n\t<meta property=\"og:image:type\" content=\"image\/jpeg\" \/>\n<meta name=\"twitter:card\" content=\"summary_large_image\" \/>\n<meta name=\"twitter:label1\" content=\"Gesch\u00e4tzte Lesezeit\" \/>\n\t<meta name=\"twitter:data1\" content=\"1 Minute\" \/>\n<script type=\"application\/ld+json\" class=\"yoast-schema-graph\">{\"@context\":\"https:\/\/schema.org\",\"@graph\":[{\"@type\":\"NewsArticle\",\"@id\":\"https:\/\/www.uni.lu\/de\/news\/wie-studierende-mit-prizma-das-gemeinschaftsgefuehl-foerdert\/#article\",\"isPartOf\":{\"@id\":\"https:\/\/www.uni.lu\/de\/news\/wie-studierende-mit-prizma-das-gemeinschaftsgefuehl-foerdert\/\"},\"author\":{\"name\":\"Catherine Clesse\",\"@id\":\"https:\/\/www.uni.lu\/de\/#\/schema\/person\/67d3defa53981502bf9cddb74a850c08\"},\"headline\":\"Wie Studierende mit PRIZMA das Gemeinschaftsgef\u00fchl f\u00f6rdert\",\"datePublished\":\"2025-08-25T13:48:27+00:00\",\"dateModified\":\"2025-08-25T13:50:42+00:00\",\"mainEntityOfPage\":{\"@id\":\"https:\/\/www.uni.lu\/de\/news\/wie-studierende-mit-prizma-das-gemeinschaftsgefuehl-foerdert\/\"},\"wordCount\":152,\"publisher\":{\"@id\":\"https:\/\/www.uni.lu\/de\/#organization\"},\"image\":{\"@id\":\"https:\/\/www.uni.lu\/de\/news\/wie-studierende-mit-prizma-das-gemeinschaftsgefuehl-foerdert\/#primaryimage\"},\"thumbnailUrl\":\"https:\/\/www.uni.lu\/wp-content\/uploads\/sites\/10\/2025\/08\/25154750\/Header-image-scaled.jpg\",\"inLanguage\":\"de-DE\"},{\"@type\":\"WebPage\",\"@id\":\"https:\/\/www.uni.lu\/de\/news\/wie-studierende-mit-prizma-das-gemeinschaftsgefuehl-foerdert\/\",\"url\":\"https:\/\/www.uni.lu\/de\/news\/wie-studierende-mit-prizma-das-gemeinschaftsgefuehl-foerdert\/\",\"name\":\"Wie Studierende mit PRIZMA das Gemeinschaftsgef\u00fchl f\u00f6rdert - Universit\u00e4t Luxemburg\",\"isPartOf\":{\"@id\":\"https:\/\/www.uni.lu\/de\/#website\"},\"primaryImageOfPage\":{\"@id\":\"https:\/\/www.uni.lu\/de\/news\/wie-studierende-mit-prizma-das-gemeinschaftsgefuehl-foerdert\/#primaryimage\"},\"image\":{\"@id\":\"https:\/\/www.uni.lu\/de\/news\/wie-studierende-mit-prizma-das-gemeinschaftsgefuehl-foerdert\/#primaryimage\"},\"thumbnailUrl\":\"https:\/\/www.uni.lu\/wp-content\/uploads\/sites\/10\/2025\/08\/25154750\/Header-image-scaled.jpg\",\"datePublished\":\"2025-08-25T13:48:27+00:00\",\"dateModified\":\"2025-08-25T13:50:42+00:00\",\"description\":\"Im Bestreben, einen integrativen Campus zu f\u00f6rdern, spielen studentische Initiativen eine wesentliche Rolle bei der Gestaltung der Gemeinschaftskultur. Um\",\"breadcrumb\":{\"@id\":\"https:\/\/www.uni.lu\/de\/news\/wie-studierende-mit-prizma-das-gemeinschaftsgefuehl-foerdert\/#breadcrumb\"},\"inLanguage\":\"de-DE\",\"potentialAction\":[{\"@type\":\"ReadAction\",\"target\":[\"https:\/\/www.uni.lu\/de\/news\/wie-studierende-mit-prizma-das-gemeinschaftsgefuehl-foerdert\/\"]}]},{\"@type\":\"ImageObject\",\"inLanguage\":\"de-DE\",\"@id\":\"https:\/\/www.uni.lu\/de\/news\/wie-studierende-mit-prizma-das-gemeinschaftsgefuehl-foerdert\/#primaryimage\",\"url\":\"https:\/\/www.uni.lu\/wp-content\/uploads\/sites\/10\/2025\/08\/25154750\/Header-image-scaled.jpg\",\"contentUrl\":\"https:\/\/www.uni.lu\/wp-content\/uploads\/sites\/10\/2025\/08\/25154750\/Header-image-scaled.jpg\",\"width\":2560,\"height\":2560},{\"@type\":\"BreadcrumbList\",\"@id\":\"https:\/\/www.uni.lu\/de\/news\/wie-studierende-mit-prizma-das-gemeinschaftsgefuehl-foerdert\/#breadcrumb\",\"itemListElement\":[{\"@type\":\"ListItem\",\"position\":1,\"name\":\"Home\",\"item\":\"https:\/\/www.uni.lu\/de\/\"},{\"@type\":\"ListItem\",\"position\":2,\"name\":\"News\",\"item\":\"https:\/\/www.uni.lu\/de\/news\/\"},{\"@type\":\"ListItem\",\"position\":3,\"name\":\"Wie Studierende mit PRIZMA das Gemeinschaftsgef\u00fchl f\u00f6rdert\"}]},{\"@type\":\"WebSite\",\"@id\":\"https:\/\/www.uni.lu\/de\/#website\",\"url\":\"https:\/\/www.uni.lu\/de\/\",\"name\":\"Uni.lu\",\"description\":\"Universit\u00e4t Luxemburg\",\"publisher\":{\"@id\":\"https:\/\/www.uni.lu\/de\/#organization\"},\"alternateName\":\"Universit\u00e4t Luxemburg\",\"potentialAction\":[{\"@type\":\"SearchAction\",\"target\":{\"@type\":\"EntryPoint\",\"urlTemplate\":\"https:\/\/www.uni.lu\/de\/?s={search_term_string}\"},\"query-input\":\"required name=search_term_string\"}],\"inLanguage\":\"de-DE\"},{\"@type\":\"Organization\",\"@id\":\"https:\/\/www.uni.lu\/de\/#organization\",\"name\":\"Universit\u00e4t Luxemburg\",\"alternateName\":\"Uni.lu\",\"url\":\"https:\/\/www.uni.lu\/de\/\",\"logo\":{\"@type\":\"ImageObject\",\"inLanguage\":\"de-DE\",\"@id\":\"https:\/\/www.uni.lu\/de\/#\/schema\/logo\/image\/\",\"url\":\"https:\/\/www.uni.lu\/wp-content\/uploads\/sites\/10\/2026\/03\/03120000\/UNIV_SM-Profile_1600x1600px-scaled.jpg\",\"contentUrl\":\"https:\/\/www.uni.lu\/wp-content\/uploads\/sites\/10\/2026\/03\/03120000\/UNIV_SM-Profile_1600x1600px-scaled.jpg\",\"width\":2560,\"height\":2560,\"caption\":\"Universit\u00e4t Luxemburg\"},\"image\":\"https:\/\/www.uni.lu\/wp-content\/uploads\/sites\/10\/2026\/04\/24144329\/20200609-Belval-Campus_Henri-Goergen-23.jpg\",\"sameAs\":[\"https:\/\/www.facebook.com\/uni.lu\",\"https:\/\/www.linkedin.com\/school\/university-of-luxembourg\/\",\"https:\/\/www.instagram.com\/uni.lu\",\"https:\/\/www.youtube.com\/@uni_lu\",\"https:\/\/en.wikipedia.org\/wiki\/University_of_Luxembourg\"],\"email\":\"communication@uni.lu\",\"telephone\":\"+3524666441\",\"address\":{\"@type\":\"PostalAddress\",\"streetAddress\":\"2, place de l\u2019Universit\u00e9\",\"addressLocality\":\"Esch-sur-Alzette\",\"postalCode\":\"4365\",\"addressCountry\":\"LU\"},\"description\":\"Universit\u00e4t Luxemburg\"},{\"@type\":\"Person\",\"@id\":\"https:\/\/www.uni.lu\/de\/#\/schema\/person\/67d3defa53981502bf9cddb74a850c08\",\"name\":\"Catherine Clesse\",\"image\":{\"@type\":\"ImageObject\",\"inLanguage\":\"de-DE\",\"@id\":\"https:\/\/www.uni.lu\/de\/#\/schema\/person\/image\/\",\"url\":\"https:\/\/secure.gravatar.com\/avatar\/6a2e15a24f9036a6aee8753304e46c2d?s=96&d=mm&r=g\",\"contentUrl\":\"https:\/\/secure.gravatar.com\/avatar\/6a2e15a24f9036a6aee8753304e46c2d?s=96&d=mm&r=g\",\"caption\":\"Catherine Clesse\"}}]}<\/script>\n<!-- \/ Yoast SEO Premium plugin. -->","yoast_head_json":{"title":"Wie Studierende mit PRIZMA das Gemeinschaftsgef\u00fchl f\u00f6rdert - Universit\u00e4t Luxemburg","description":"Im Bestreben, einen integrativen Campus zu f\u00f6rdern, spielen studentische Initiativen eine wesentliche Rolle bei der Gestaltung der Gemeinschaftskultur. Um","robots":{"index":"index","follow":"follow","max-snippet":"max-snippet:-1","max-image-preview":"max-image-preview:large","max-video-preview":"max-video-preview:-1"},"canonical":"https:\/\/www.uni.lu\/de\/news\/wie-studierende-mit-prizma-das-gemeinschaftsgefuehl-foerdert\/","og_locale":"de_DE","og_type":"article","og_title":"Wie Studierende mit PRIZMA das Gemeinschaftsgef\u00fchl f\u00f6rdert","og_description":"Im Bestreben, einen integrativen Campus zu f\u00f6rdern, spielen studentische Initiativen eine wesentliche Rolle bei der Gestaltung der Gemeinschaftskultur. Um","og_url":"https:\/\/www.uni.lu\/de\/news\/wie-studierende-mit-prizma-das-gemeinschaftsgefuehl-foerdert\/","og_site_name":"UNI DE","article_publisher":"https:\/\/www.facebook.com\/uni.lu","article_modified_time":"2025-08-25T13:50:42+00:00","og_image":[{"width":2560,"height":2560,"url":"https:\/\/www.uni.lu\/wp-content\/uploads\/sites\/10\/2025\/08\/25154750\/Header-image-scaled.jpg","type":"image\/jpeg"}],"twitter_card":"summary_large_image","twitter_misc":{"Gesch\u00e4tzte Lesezeit":"1 Minute"},"schema":{"@context":"https:\/\/schema.org","@graph":[{"@type":"NewsArticle","@id":"https:\/\/www.uni.lu\/de\/news\/wie-studierende-mit-prizma-das-gemeinschaftsgefuehl-foerdert\/#article","isPartOf":{"@id":"https:\/\/www.uni.lu\/de\/news\/wie-studierende-mit-prizma-das-gemeinschaftsgefuehl-foerdert\/"},"author":{"name":"Catherine Clesse","@id":"https:\/\/www.uni.lu\/de\/#\/schema\/person\/67d3defa53981502bf9cddb74a850c08"},"headline":"Wie Studierende mit PRIZMA das Gemeinschaftsgef\u00fchl f\u00f6rdert","datePublished":"2025-08-25T13:48:27+00:00","dateModified":"2025-08-25T13:50:42+00:00","mainEntityOfPage":{"@id":"https:\/\/www.uni.lu\/de\/news\/wie-studierende-mit-prizma-das-gemeinschaftsgefuehl-foerdert\/"},"wordCount":152,"publisher":{"@id":"https:\/\/www.uni.lu\/de\/#organization"},"image":{"@id":"https:\/\/www.uni.lu\/de\/news\/wie-studierende-mit-prizma-das-gemeinschaftsgefuehl-foerdert\/#primaryimage"},"thumbnailUrl":"https:\/\/www.uni.lu\/wp-content\/uploads\/sites\/10\/2025\/08\/25154750\/Header-image-scaled.jpg","inLanguage":"de-DE"},{"@type":"WebPage","@id":"https:\/\/www.uni.lu\/de\/news\/wie-studierende-mit-prizma-das-gemeinschaftsgefuehl-foerdert\/","url":"https:\/\/www.uni.lu\/de\/news\/wie-studierende-mit-prizma-das-gemeinschaftsgefuehl-foerdert\/","name":"Wie Studierende mit PRIZMA das Gemeinschaftsgef\u00fchl f\u00f6rdert - Universit\u00e4t Luxemburg","isPartOf":{"@id":"https:\/\/www.uni.lu\/de\/#website"},"primaryImageOfPage":{"@id":"https:\/\/www.uni.lu\/de\/news\/wie-studierende-mit-prizma-das-gemeinschaftsgefuehl-foerdert\/#primaryimage"},"image":{"@id":"https:\/\/www.uni.lu\/de\/news\/wie-studierende-mit-prizma-das-gemeinschaftsgefuehl-foerdert\/#primaryimage"},"thumbnailUrl":"https:\/\/www.uni.lu\/wp-content\/uploads\/sites\/10\/2025\/08\/25154750\/Header-image-scaled.jpg","datePublished":"2025-08-25T13:48:27+00:00","dateModified":"2025-08-25T13:50:42+00:00","description":"Im Bestreben, einen integrativen Campus zu f\u00f6rdern, spielen studentische Initiativen eine wesentliche Rolle bei der Gestaltung der Gemeinschaftskultur. Um","breadcrumb":{"@id":"https:\/\/www.uni.lu\/de\/news\/wie-studierende-mit-prizma-das-gemeinschaftsgefuehl-foerdert\/#breadcrumb"},"inLanguage":"de-DE","potentialAction":[{"@type":"ReadAction","target":["https:\/\/www.uni.lu\/de\/news\/wie-studierende-mit-prizma-das-gemeinschaftsgefuehl-foerdert\/"]}]},{"@type":"ImageObject","inLanguage":"de-DE","@id":"https:\/\/www.uni.lu\/de\/news\/wie-studierende-mit-prizma-das-gemeinschaftsgefuehl-foerdert\/#primaryimage","url":"https:\/\/www.uni.lu\/wp-content\/uploads\/sites\/10\/2025\/08\/25154750\/Header-image-scaled.jpg","contentUrl":"https:\/\/www.uni.lu\/wp-content\/uploads\/sites\/10\/2025\/08\/25154750\/Header-image-scaled.jpg","width":2560,"height":2560},{"@type":"BreadcrumbList","@id":"https:\/\/www.uni.lu\/de\/news\/wie-studierende-mit-prizma-das-gemeinschaftsgefuehl-foerdert\/#breadcrumb","itemListElement":[{"@type":"ListItem","position":1,"name":"Home","item":"https:\/\/www.uni.lu\/de\/"},{"@type":"ListItem","position":2,"name":"News","item":"https:\/\/www.uni.lu\/de\/news\/"},{"@type":"ListItem","position":3,"name":"Wie Studierende mit PRIZMA das Gemeinschaftsgef\u00fchl f\u00f6rdert"}]},{"@type":"WebSite","@id":"https:\/\/www.uni.lu\/de\/#website","url":"https:\/\/www.uni.lu\/de\/","name":"Uni.lu","description":"Universit\u00e4t Luxemburg","publisher":{"@id":"https:\/\/www.uni.lu\/de\/#organization"},"alternateName":"Universit\u00e4t Luxemburg","potentialAction":[{"@type":"SearchAction","target":{"@type":"EntryPoint","urlTemplate":"https:\/\/www.uni.lu\/de\/?s={search_term_string}"},"query-input":"required name=search_term_string"}],"inLanguage":"de-DE"},{"@type":"Organization","@id":"https:\/\/www.uni.lu\/de\/#organization","name":"Universit\u00e4t Luxemburg","alternateName":"Uni.lu","url":"https:\/\/www.uni.lu\/de\/","logo":{"@type":"ImageObject","inLanguage":"de-DE","@id":"https:\/\/www.uni.lu\/de\/#\/schema\/logo\/image\/","url":"https:\/\/www.uni.lu\/wp-content\/uploads\/sites\/10\/2026\/03\/03120000\/UNIV_SM-Profile_1600x1600px-scaled.jpg","contentUrl":"https:\/\/www.uni.lu\/wp-content\/uploads\/sites\/10\/2026\/03\/03120000\/UNIV_SM-Profile_1600x1600px-scaled.jpg","width":2560,"height":2560,"caption":"Universit\u00e4t Luxemburg"},"image":"https:\/\/www.uni.lu\/wp-content\/uploads\/sites\/10\/2026\/04\/24144329\/20200609-Belval-Campus_Henri-Goergen-23.jpg","sameAs":["https:\/\/www.facebook.com\/uni.lu","https:\/\/www.linkedin.com\/school\/university-of-luxembourg\/","https:\/\/www.instagram.com\/uni.lu","https:\/\/www.youtube.com\/@uni_lu","https:\/\/en.wikipedia.org\/wiki\/University_of_Luxembourg"],"email":"communication@uni.lu","telephone":"+3524666441","address":{"@type":"PostalAddress","streetAddress":"2, place de l\u2019Universit\u00e9","addressLocality":"Esch-sur-Alzette","postalCode":"4365","addressCountry":"LU"},"description":"Universit\u00e4t Luxemburg"},{"@type":"Person","@id":"https:\/\/www.uni.lu\/de\/#\/schema\/person\/67d3defa53981502bf9cddb74a850c08","name":"Catherine Clesse","image":{"@type":"ImageObject","inLanguage":"de-DE","@id":"https:\/\/www.uni.lu\/de\/#\/schema\/person\/image\/","url":"https:\/\/secure.gravatar.com\/avatar\/6a2e15a24f9036a6aee8753304e46c2d?s=96&d=mm&r=g","contentUrl":"https:\/\/secure.gravatar.com\/avatar\/6a2e15a24f9036a6aee8753304e46c2d?s=96&d=mm&r=g","caption":"Catherine Clesse"}}]}},"blog_id":10,"_links":{"self":[{"href":"https:\/\/www.uni.lu\/de\/wp-json\/wp\/v2\/news\/7262"}],"collection":[{"href":"https:\/\/www.uni.lu\/de\/wp-json\/wp\/v2\/news"}],"about":[{"href":"https:\/\/www.uni.lu\/de\/wp-json\/wp\/v2\/types\/news"}],"author":[{"embeddable":true,"href":"https:\/\/www.uni.lu\/de\/wp-json\/wp\/v2\/users\/341"}],"version-history":[{"count":1,"href":"https:\/\/www.uni.lu\/de\/wp-json\/wp\/v2\/news\/7262\/revisions"}],"predecessor-version":[{"id":7264,"href":"https:\/\/www.uni.lu\/de\/wp-json\/wp\/v2\/news\/7262\/revisions\/7264"}],"wp:authorship":[{"embeddable":true,"href":"https:\/\/www.uni.lu\/de\/wp-json\/wp\/v2\/users\/341"}],"wp:featuredmedia":[{"embeddable":true,"href":"https:\/\/www.uni.lu\/de\/wp-json\/wp\/v2\/media\/7263"}],"wp:attachment":[{"href":"https:\/\/www.uni.lu\/de\/wp-json\/wp\/v2\/media?parent=7262"}],"wp:term":[{"taxonomy":"news-category","embeddable":true,"href":"https:\/\/www.uni.lu\/de\/wp-json\/wp\/v2\/news-category?post=7262"},{"taxonomy":"news-topic","embeddable":true,"href":"https:\/\/www.uni.lu\/de\/wp-json\/wp\/v2\/news-topic?post=7262"},{"taxonomy":"organisation","embeddable":true,"href":"https:\/\/www.uni.lu\/de\/wp-json\/wp\/v2\/organisation?post=7262"}],"curies":[{"name":"wp","href":"https:\/\/api.w.org\/{rel}","templated":true}]}}