{"id":7243,"date":"2025-08-22T15:42:07","date_gmt":"2025-08-22T13:42:07","guid":{"rendered":"https:\/\/www.uni.lu\/de\/?post_type=news&#038;p=7243"},"modified":"2025-08-22T17:03:34","modified_gmt":"2025-08-22T15:03:34","slug":"ein-jahrzehnt-bildungswissen-10-jahre-lucet","status":"publish","type":"news","link":"https:\/\/www.uni.lu\/de\/news\/ein-jahrzehnt-bildungswissen-10-jahre-lucet\/","title":{"rendered":"Ein Jahrzehnt Bildungswissen: 10 Jahre LUCET"},"content":{"rendered":"\n<section class=\"wp-block-unilux-blocks-free-section section\"><div class=\"container xl:max-w-screen-xl\">\n<p>Seit einem Jahrzehnt steht das Luxembourg Centre for Educational Testing (LUCET) an vorderster Front, wenn es um die Bewertung und Verbesserung des Schulsystems des Landes geht. Durch innovative Tests, umfassende Datenanalysen und die enge Zusammenarbeit mit Forschern und politischen Entscheidungstr\u00e4gern hat LUCET dazu beigetragen, eine transparentere, integrativere und effektivere Bildungslandschaft in Luxemburg zu gestalten.<\/p>\n\n\n\n<p>In Luxemburg ist das Schulsystem aufgrund der Mehrsprachigkeit des Landes und der N\u00e4he zu den Nachbarl\u00e4ndern sehr komplex. Wie ist die Qualit\u00e4t des Schulsystems und wie geht es mit Vielfalt und Inklusion um?\u00a0<\/p>\n\n\n\n<p>Seit zehn Jahren evaluiert und beobachtet das Luxembourg Centre for Educational Testing (LUCET) das Schulsystem in Luxemburg, um diese Fragen zu beantworten und zur kontinuierlichen Verbesserung der Bildung beizutragen, damit alle Sch\u00fcler unabh\u00e4ngig von ihren Ausgangspunkten ihr Potenzial voll aussch\u00f6pfen k\u00f6nnen.&nbsp;<\/p>\n\n\n\n<ul class=\"wp-block-unilux-blocks-button-list-v2\">\n<li class=\"wp-block-unilux-blocks-button-list-item-v2\"><a class=\"quick-link\" href=\"https:\/\/www.uni.lu\/en\/news\/a-decade-of-educational-insight-10-years-of-lucet-in-luxembourg\/\" target=\"\" role=\"link\" rel=\"noopener\" tabindex=\"0\"><span class=\"quick-link__container\">\n<div class=\"wp-block-unilux-blocks-block-inserter quick-link__img\">\n<div class=\"icon--primary icon--secondary-2 icon--lg wp-block-unilux-blocks-icon-picker\">\n    <svg aria-hidden=\"true\" focusable=\"false\" class=\"icon icon-outline icon--news \"><use xlink:href=\"https:\/\/www.uni.lu\/wp-content\/themes\/unilux-theme\/assets\/images\/icons\/icons-outline.svg#icon--news\"><\/use><\/svg><\/div><\/div>\n\n\n\n<span class=\"quick-link__name wp-block-unilux-blocks-plain-text\">Lesen Sie den Beitrag auf Englisch weiter<\/span>\n\n<svg aria-hidden=\"true\" focusable=\"false\" class=\"icon icon-outline icon--arrow-right \"><use xlink:href=\"https:\/\/www.uni.lu\/wp-content\/themes\/unilux-theme\/assets\/images\/icons\/icons-outline.svg#icon--arrow-right\"><\/use><\/svg><\/span><\/a><\/li>\n\n\n\n<li class=\"wp-block-unilux-blocks-button-list-item-v2\"><a class=\"quick-link\" href=\"https:\/\/www.uni.lu\/fr\/news\/dix-ans-de-lucet-au-luxembourg\/\" target=\"\" role=\"link\" rel=\"noopener\" tabindex=\"0\"><span class=\"quick-link__container\">\n<div class=\"wp-block-unilux-blocks-block-inserter quick-link__img\">\n<div class=\"icon--secondary icon--primary-2 icon--lg wp-block-unilux-blocks-icon-picker\">\n    <svg aria-hidden=\"true\" focusable=\"false\" class=\"icon icon-outline icon--news \"><use xlink:href=\"https:\/\/www.uni.lu\/wp-content\/themes\/unilux-theme\/assets\/images\/icons\/icons-outline.svg#icon--news\"><\/use><\/svg><\/div><\/div>\n\n\n\n<span class=\"quick-link__name wp-block-unilux-blocks-plain-text\">Lesen Sie den Beitrag auf Franz\u00f6sich weiter<\/span>\n\n<svg aria-hidden=\"true\" focusable=\"false\" class=\"icon icon-outline icon--arrow-right \"><use xlink:href=\"https:\/\/www.uni.lu\/wp-content\/themes\/unilux-theme\/assets\/images\/icons\/icons-outline.svg#icon--arrow-right\"><\/use><\/svg><\/span><\/a><\/li>\n<\/ul>\n<\/div><\/section>\n\n\n<section class=\"section section wp-block-unilux-blocks-quick-link-discover-section py-0\">\n    <div class=\"container xl:max-w-screen-xl\">\n        \n<h2 class=\"has-text-align-left wp-block-unilux-blocks-heading\"        id=\"entdecken-sie-auch\"\n    >\nEntdecken Sie auch<\/h2>\n\n<ul class=\"wp-block-unilux-blocks-quick-link-discover quick-link-list\">\n<li class=\"wp-block-unilux-blocks-quick-link-discover-item\">\n    <a\n                    href=\"https:\/\/www.uni.lu\/de\/news\/lernstoerungen-erkennen-in-luxemburg\/\"\n                    class=\"quick-link\"\n            target=\"\"\n    >\n            <span class=\"quick-link__container\">\n                <span class=\"quick-link__text\">\n                    Lernst\u00f6rungen erkennen: Tests sind an Luxemburger Realit\u00e4t angepasst                <\/span>\n                <svg aria-hidden=\"true\" focusable=\"false\" class=\"icon icon-outline icon--arrow-right \"><use xlink:href=\"https:\/\/www.uni.lu\/wp-content\/themes\/unilux-theme\/assets\/images\/icons\/icons-outline.svg#icon--arrow-right\"><\/use><\/svg>            <\/span>\n    <\/a>\n<\/li>\n\n\n\n<li class=\"wp-block-unilux-blocks-quick-link-discover-item\">\n    <a\n                    href=\"https:\/\/www.uni.lu\/fhse-de\/news\/bildungsbericht-die-inklusion-im-fokus\/\"\n                    class=\"quick-link\"\n            target=\"\"\n    >\n            <span class=\"quick-link__container\">\n                <span class=\"quick-link__text\">\n                    Bildungsbericht: Die Inklusion im Fokus                <\/span>\n                <svg aria-hidden=\"true\" focusable=\"false\" class=\"icon icon-outline icon--arrow-right \"><use xlink:href=\"https:\/\/www.uni.lu\/wp-content\/themes\/unilux-theme\/assets\/images\/icons\/icons-outline.svg#icon--arrow-right\"><\/use><\/svg>            <\/span>\n    <\/a>\n<\/li>\n<\/ul>\n    <\/div>\n<\/section>","protected":false},"excerpt":{"rendered":"","protected":false},"author":341,"featured_media":7244,"template":"","format":"standard","meta":{"featured_image_focal_point":[],"show_featured_caption":false,"ulux_newsletter_groups":"","uluxPostTitle":"","uluxPrePostTitle":"","_trash_the_other_posts":false,"_price":"","_stock":"","_tribe_ticket_header":"","_tribe_default_ticket_provider":"","_tribe_ticket_capacity":"0","_ticket_start_date":"","_ticket_end_date":"","_tribe_ticket_show_description":"","_tribe_ticket_show_not_going":false,"_tribe_ticket_use_global_stock":"","_tribe_ticket_global_stock_level":"","_global_stock_mode":"","_global_stock_cap":"","_tribe_rsvp_for_event":"","_tribe_ticket_going_count":"","_tribe_ticket_not_going_count":"","_tribe_tickets_list":"[]","_tribe_ticket_has_attendee_info_fields":false},"news-category":[5],"news-topic":[12],"organisation":[147,170],"authorship":[341],"acf":[],"yoast_head":"<!-- This site is optimized with the Yoast SEO Premium plugin v22.3 (Yoast SEO v22.3) - https:\/\/yoast.com\/wordpress\/plugins\/seo\/ -->\n<title>Ein Jahrzehnt Bildungswissen: 10 Jahre LUCET - Universit\u00e4t Luxemburg<\/title>\n<meta name=\"description\" content=\"Seit einem Jahrzehnt steht das Luxembourg Centre for Educational Testing (LUCET) an vorderster Front, wenn es um die Bewertung und Verbesserung des\" \/>\n<meta name=\"robots\" content=\"index, follow, max-snippet:-1, max-image-preview:large, max-video-preview:-1\" \/>\n<link rel=\"canonical\" href=\"https:\/\/www.uni.lu\/de\/news\/ein-jahrzehnt-bildungswissen-10-jahre-lucet\/\" \/>\n<meta property=\"og:locale\" content=\"de_DE\" \/>\n<meta property=\"og:type\" content=\"article\" \/>\n<meta property=\"og:title\" content=\"Ein Jahrzehnt Bildungswissen: 10 Jahre LUCET\" \/>\n<meta property=\"og:description\" content=\"Seit einem Jahrzehnt steht das Luxembourg Centre for Educational Testing (LUCET) an vorderster Front, wenn es um die Bewertung und Verbesserung des\" \/>\n<meta property=\"og:url\" content=\"https:\/\/www.uni.lu\/de\/news\/ein-jahrzehnt-bildungswissen-10-jahre-lucet\/\" \/>\n<meta property=\"og:site_name\" content=\"UNI DE\" \/>\n<meta property=\"article:publisher\" content=\"https:\/\/www.facebook.com\/uni.lu\" \/>\n<meta property=\"article:modified_time\" content=\"2025-08-22T15:03:34+00:00\" \/>\n<meta property=\"og:image\" content=\"https:\/\/www.uni.lu\/wp-content\/uploads\/sites\/10\/2025\/08\/22154052\/iStock-2152038865-scaled.jpg\" \/>\n\t<meta property=\"og:image:width\" content=\"2560\" \/>\n\t<meta property=\"og:image:height\" content=\"1488\" \/>\n\t<meta property=\"og:image:type\" content=\"image\/jpeg\" \/>\n<meta name=\"twitter:card\" content=\"summary_large_image\" \/>\n<meta name=\"twitter:label1\" content=\"Gesch\u00e4tzte Lesezeit\" \/>\n\t<meta name=\"twitter:data1\" content=\"1 Minute\" \/>\n<script type=\"application\/ld+json\" class=\"yoast-schema-graph\">{\"@context\":\"https:\/\/schema.org\",\"@graph\":[{\"@type\":\"NewsArticle\",\"@id\":\"https:\/\/www.uni.lu\/de\/news\/ein-jahrzehnt-bildungswissen-10-jahre-lucet\/#article\",\"isPartOf\":{\"@id\":\"https:\/\/www.uni.lu\/de\/news\/ein-jahrzehnt-bildungswissen-10-jahre-lucet\/\"},\"author\":{\"name\":\"Catherine Clesse\",\"@id\":\"https:\/\/www.uni.lu\/de\/#\/schema\/person\/67d3defa53981502bf9cddb74a850c08\"},\"headline\":\"Ein Jahrzehnt Bildungswissen: 10 Jahre LUCET\",\"datePublished\":\"2025-08-22T13:42:07+00:00\",\"dateModified\":\"2025-08-22T15:03:34+00:00\",\"mainEntityOfPage\":{\"@id\":\"https:\/\/www.uni.lu\/de\/news\/ein-jahrzehnt-bildungswissen-10-jahre-lucet\/\"},\"wordCount\":142,\"publisher\":{\"@id\":\"https:\/\/www.uni.lu\/de\/#organization\"},\"image\":{\"@id\":\"https:\/\/www.uni.lu\/de\/news\/ein-jahrzehnt-bildungswissen-10-jahre-lucet\/#primaryimage\"},\"thumbnailUrl\":\"https:\/\/www.uni.lu\/wp-content\/uploads\/sites\/10\/2025\/08\/22154052\/iStock-2152038865-scaled.jpg\",\"inLanguage\":\"de-DE\"},{\"@type\":\"WebPage\",\"@id\":\"https:\/\/www.uni.lu\/de\/news\/ein-jahrzehnt-bildungswissen-10-jahre-lucet\/\",\"url\":\"https:\/\/www.uni.lu\/de\/news\/ein-jahrzehnt-bildungswissen-10-jahre-lucet\/\",\"name\":\"Ein Jahrzehnt Bildungswissen: 10 Jahre LUCET - Universit\u00e4t Luxemburg\",\"isPartOf\":{\"@id\":\"https:\/\/www.uni.lu\/de\/#website\"},\"primaryImageOfPage\":{\"@id\":\"https:\/\/www.uni.lu\/de\/news\/ein-jahrzehnt-bildungswissen-10-jahre-lucet\/#primaryimage\"},\"image\":{\"@id\":\"https:\/\/www.uni.lu\/de\/news\/ein-jahrzehnt-bildungswissen-10-jahre-lucet\/#primaryimage\"},\"thumbnailUrl\":\"https:\/\/www.uni.lu\/wp-content\/uploads\/sites\/10\/2025\/08\/22154052\/iStock-2152038865-scaled.jpg\",\"datePublished\":\"2025-08-22T13:42:07+00:00\",\"dateModified\":\"2025-08-22T15:03:34+00:00\",\"description\":\"Seit einem Jahrzehnt steht das Luxembourg Centre for Educational Testing (LUCET) an vorderster Front, wenn es um die Bewertung und Verbesserung des\",\"breadcrumb\":{\"@id\":\"https:\/\/www.uni.lu\/de\/news\/ein-jahrzehnt-bildungswissen-10-jahre-lucet\/#breadcrumb\"},\"inLanguage\":\"de-DE\",\"potentialAction\":[{\"@type\":\"ReadAction\",\"target\":[\"https:\/\/www.uni.lu\/de\/news\/ein-jahrzehnt-bildungswissen-10-jahre-lucet\/\"]}]},{\"@type\":\"ImageObject\",\"inLanguage\":\"de-DE\",\"@id\":\"https:\/\/www.uni.lu\/de\/news\/ein-jahrzehnt-bildungswissen-10-jahre-lucet\/#primaryimage\",\"url\":\"https:\/\/www.uni.lu\/wp-content\/uploads\/sites\/10\/2025\/08\/22154052\/iStock-2152038865-scaled.jpg\",\"contentUrl\":\"https:\/\/www.uni.lu\/wp-content\/uploads\/sites\/10\/2025\/08\/22154052\/iStock-2152038865-scaled.jpg\",\"width\":2560,\"height\":1488,\"caption\":\"Students doing a creativity project with their teacher in a classroom. Group of primary school children learning how to draw and colour with the help of their educator.\"},{\"@type\":\"BreadcrumbList\",\"@id\":\"https:\/\/www.uni.lu\/de\/news\/ein-jahrzehnt-bildungswissen-10-jahre-lucet\/#breadcrumb\",\"itemListElement\":[{\"@type\":\"ListItem\",\"position\":1,\"name\":\"Home\",\"item\":\"https:\/\/www.uni.lu\/de\/\"},{\"@type\":\"ListItem\",\"position\":2,\"name\":\"News\",\"item\":\"https:\/\/www.uni.lu\/de\/news\/\"},{\"@type\":\"ListItem\",\"position\":3,\"name\":\"Ein Jahrzehnt Bildungswissen: 10 Jahre LUCET\"}]},{\"@type\":\"WebSite\",\"@id\":\"https:\/\/www.uni.lu\/de\/#website\",\"url\":\"https:\/\/www.uni.lu\/de\/\",\"name\":\"Uni.lu\",\"description\":\"Universit\u00e4t Luxemburg\",\"publisher\":{\"@id\":\"https:\/\/www.uni.lu\/de\/#organization\"},\"alternateName\":\"Universit\u00e4t Luxemburg\",\"potentialAction\":[{\"@type\":\"SearchAction\",\"target\":{\"@type\":\"EntryPoint\",\"urlTemplate\":\"https:\/\/www.uni.lu\/de\/?s={search_term_string}\"},\"query-input\":\"required name=search_term_string\"}],\"inLanguage\":\"de-DE\"},{\"@type\":\"Organization\",\"@id\":\"https:\/\/www.uni.lu\/de\/#organization\",\"name\":\"Universit\u00e4t Luxemburg\",\"alternateName\":\"Uni.lu\",\"url\":\"https:\/\/www.uni.lu\/de\/\",\"logo\":{\"@type\":\"ImageObject\",\"inLanguage\":\"de-DE\",\"@id\":\"https:\/\/www.uni.lu\/de\/#\/schema\/logo\/image\/\",\"url\":\"https:\/\/www.uni.lu\/wp-content\/uploads\/sites\/10\/2026\/03\/03120000\/UNIV_SM-Profile_1600x1600px-scaled.jpg\",\"contentUrl\":\"https:\/\/www.uni.lu\/wp-content\/uploads\/sites\/10\/2026\/03\/03120000\/UNIV_SM-Profile_1600x1600px-scaled.jpg\",\"width\":2560,\"height\":2560,\"caption\":\"Universit\u00e4t Luxemburg\"},\"image\":\"https:\/\/www.uni.lu\/wp-content\/uploads\/sites\/10\/2026\/04\/24144329\/20200609-Belval-Campus_Henri-Goergen-23.jpg\",\"sameAs\":[\"https:\/\/www.facebook.com\/uni.lu\",\"https:\/\/www.linkedin.com\/school\/university-of-luxembourg\/\",\"https:\/\/www.instagram.com\/uni.lu\",\"https:\/\/www.youtube.com\/@uni_lu\",\"https:\/\/en.wikipedia.org\/wiki\/University_of_Luxembourg\"],\"email\":\"communication@uni.lu\",\"telephone\":\"+3524666441\",\"address\":{\"@type\":\"PostalAddress\",\"streetAddress\":\"2, place de l\u2019Universit\u00e9\",\"addressLocality\":\"Esch-sur-Alzette\",\"postalCode\":\"4365\",\"addressCountry\":\"LU\"},\"description\":\"Universit\u00e4t Luxemburg\"},{\"@type\":\"Person\",\"@id\":\"https:\/\/www.uni.lu\/de\/#\/schema\/person\/67d3defa53981502bf9cddb74a850c08\",\"name\":\"Catherine Clesse\",\"image\":{\"@type\":\"ImageObject\",\"inLanguage\":\"de-DE\",\"@id\":\"https:\/\/www.uni.lu\/de\/#\/schema\/person\/image\/\",\"url\":\"https:\/\/secure.gravatar.com\/avatar\/6a2e15a24f9036a6aee8753304e46c2d?s=96&d=mm&r=g\",\"contentUrl\":\"https:\/\/secure.gravatar.com\/avatar\/6a2e15a24f9036a6aee8753304e46c2d?s=96&d=mm&r=g\",\"caption\":\"Catherine Clesse\"}}]}<\/script>\n<!-- \/ Yoast SEO Premium plugin. -->","yoast_head_json":{"title":"Ein Jahrzehnt Bildungswissen: 10 Jahre LUCET - Universit\u00e4t Luxemburg","description":"Seit einem Jahrzehnt steht das Luxembourg Centre for Educational Testing (LUCET) an vorderster Front, wenn es um die Bewertung und Verbesserung des","robots":{"index":"index","follow":"follow","max-snippet":"max-snippet:-1","max-image-preview":"max-image-preview:large","max-video-preview":"max-video-preview:-1"},"canonical":"https:\/\/www.uni.lu\/de\/news\/ein-jahrzehnt-bildungswissen-10-jahre-lucet\/","og_locale":"de_DE","og_type":"article","og_title":"Ein Jahrzehnt Bildungswissen: 10 Jahre LUCET","og_description":"Seit einem Jahrzehnt steht das Luxembourg Centre for Educational Testing (LUCET) an vorderster Front, wenn es um die Bewertung und Verbesserung des","og_url":"https:\/\/www.uni.lu\/de\/news\/ein-jahrzehnt-bildungswissen-10-jahre-lucet\/","og_site_name":"UNI DE","article_publisher":"https:\/\/www.facebook.com\/uni.lu","article_modified_time":"2025-08-22T15:03:34+00:00","og_image":[{"width":2560,"height":1488,"url":"https:\/\/www.uni.lu\/wp-content\/uploads\/sites\/10\/2025\/08\/22154052\/iStock-2152038865-scaled.jpg","type":"image\/jpeg"}],"twitter_card":"summary_large_image","twitter_misc":{"Gesch\u00e4tzte Lesezeit":"1 Minute"},"schema":{"@context":"https:\/\/schema.org","@graph":[{"@type":"NewsArticle","@id":"https:\/\/www.uni.lu\/de\/news\/ein-jahrzehnt-bildungswissen-10-jahre-lucet\/#article","isPartOf":{"@id":"https:\/\/www.uni.lu\/de\/news\/ein-jahrzehnt-bildungswissen-10-jahre-lucet\/"},"author":{"name":"Catherine Clesse","@id":"https:\/\/www.uni.lu\/de\/#\/schema\/person\/67d3defa53981502bf9cddb74a850c08"},"headline":"Ein Jahrzehnt Bildungswissen: 10 Jahre LUCET","datePublished":"2025-08-22T13:42:07+00:00","dateModified":"2025-08-22T15:03:34+00:00","mainEntityOfPage":{"@id":"https:\/\/www.uni.lu\/de\/news\/ein-jahrzehnt-bildungswissen-10-jahre-lucet\/"},"wordCount":142,"publisher":{"@id":"https:\/\/www.uni.lu\/de\/#organization"},"image":{"@id":"https:\/\/www.uni.lu\/de\/news\/ein-jahrzehnt-bildungswissen-10-jahre-lucet\/#primaryimage"},"thumbnailUrl":"https:\/\/www.uni.lu\/wp-content\/uploads\/sites\/10\/2025\/08\/22154052\/iStock-2152038865-scaled.jpg","inLanguage":"de-DE"},{"@type":"WebPage","@id":"https:\/\/www.uni.lu\/de\/news\/ein-jahrzehnt-bildungswissen-10-jahre-lucet\/","url":"https:\/\/www.uni.lu\/de\/news\/ein-jahrzehnt-bildungswissen-10-jahre-lucet\/","name":"Ein Jahrzehnt Bildungswissen: 10 Jahre LUCET - Universit\u00e4t Luxemburg","isPartOf":{"@id":"https:\/\/www.uni.lu\/de\/#website"},"primaryImageOfPage":{"@id":"https:\/\/www.uni.lu\/de\/news\/ein-jahrzehnt-bildungswissen-10-jahre-lucet\/#primaryimage"},"image":{"@id":"https:\/\/www.uni.lu\/de\/news\/ein-jahrzehnt-bildungswissen-10-jahre-lucet\/#primaryimage"},"thumbnailUrl":"https:\/\/www.uni.lu\/wp-content\/uploads\/sites\/10\/2025\/08\/22154052\/iStock-2152038865-scaled.jpg","datePublished":"2025-08-22T13:42:07+00:00","dateModified":"2025-08-22T15:03:34+00:00","description":"Seit einem Jahrzehnt steht das Luxembourg Centre for Educational Testing (LUCET) an vorderster Front, wenn es um die Bewertung und Verbesserung des","breadcrumb":{"@id":"https:\/\/www.uni.lu\/de\/news\/ein-jahrzehnt-bildungswissen-10-jahre-lucet\/#breadcrumb"},"inLanguage":"de-DE","potentialAction":[{"@type":"ReadAction","target":["https:\/\/www.uni.lu\/de\/news\/ein-jahrzehnt-bildungswissen-10-jahre-lucet\/"]}]},{"@type":"ImageObject","inLanguage":"de-DE","@id":"https:\/\/www.uni.lu\/de\/news\/ein-jahrzehnt-bildungswissen-10-jahre-lucet\/#primaryimage","url":"https:\/\/www.uni.lu\/wp-content\/uploads\/sites\/10\/2025\/08\/22154052\/iStock-2152038865-scaled.jpg","contentUrl":"https:\/\/www.uni.lu\/wp-content\/uploads\/sites\/10\/2025\/08\/22154052\/iStock-2152038865-scaled.jpg","width":2560,"height":1488,"caption":"Students doing a creativity project with their teacher in a classroom. Group of primary school children learning how to draw and colour with the help of their educator."},{"@type":"BreadcrumbList","@id":"https:\/\/www.uni.lu\/de\/news\/ein-jahrzehnt-bildungswissen-10-jahre-lucet\/#breadcrumb","itemListElement":[{"@type":"ListItem","position":1,"name":"Home","item":"https:\/\/www.uni.lu\/de\/"},{"@type":"ListItem","position":2,"name":"News","item":"https:\/\/www.uni.lu\/de\/news\/"},{"@type":"ListItem","position":3,"name":"Ein Jahrzehnt Bildungswissen: 10 Jahre LUCET"}]},{"@type":"WebSite","@id":"https:\/\/www.uni.lu\/de\/#website","url":"https:\/\/www.uni.lu\/de\/","name":"Uni.lu","description":"Universit\u00e4t Luxemburg","publisher":{"@id":"https:\/\/www.uni.lu\/de\/#organization"},"alternateName":"Universit\u00e4t Luxemburg","potentialAction":[{"@type":"SearchAction","target":{"@type":"EntryPoint","urlTemplate":"https:\/\/www.uni.lu\/de\/?s={search_term_string}"},"query-input":"required name=search_term_string"}],"inLanguage":"de-DE"},{"@type":"Organization","@id":"https:\/\/www.uni.lu\/de\/#organization","name":"Universit\u00e4t Luxemburg","alternateName":"Uni.lu","url":"https:\/\/www.uni.lu\/de\/","logo":{"@type":"ImageObject","inLanguage":"de-DE","@id":"https:\/\/www.uni.lu\/de\/#\/schema\/logo\/image\/","url":"https:\/\/www.uni.lu\/wp-content\/uploads\/sites\/10\/2026\/03\/03120000\/UNIV_SM-Profile_1600x1600px-scaled.jpg","contentUrl":"https:\/\/www.uni.lu\/wp-content\/uploads\/sites\/10\/2026\/03\/03120000\/UNIV_SM-Profile_1600x1600px-scaled.jpg","width":2560,"height":2560,"caption":"Universit\u00e4t Luxemburg"},"image":"https:\/\/www.uni.lu\/wp-content\/uploads\/sites\/10\/2026\/04\/24144329\/20200609-Belval-Campus_Henri-Goergen-23.jpg","sameAs":["https:\/\/www.facebook.com\/uni.lu","https:\/\/www.linkedin.com\/school\/university-of-luxembourg\/","https:\/\/www.instagram.com\/uni.lu","https:\/\/www.youtube.com\/@uni_lu","https:\/\/en.wikipedia.org\/wiki\/University_of_Luxembourg"],"email":"communication@uni.lu","telephone":"+3524666441","address":{"@type":"PostalAddress","streetAddress":"2, place de l\u2019Universit\u00e9","addressLocality":"Esch-sur-Alzette","postalCode":"4365","addressCountry":"LU"},"description":"Universit\u00e4t Luxemburg"},{"@type":"Person","@id":"https:\/\/www.uni.lu\/de\/#\/schema\/person\/67d3defa53981502bf9cddb74a850c08","name":"Catherine Clesse","image":{"@type":"ImageObject","inLanguage":"de-DE","@id":"https:\/\/www.uni.lu\/de\/#\/schema\/person\/image\/","url":"https:\/\/secure.gravatar.com\/avatar\/6a2e15a24f9036a6aee8753304e46c2d?s=96&d=mm&r=g","contentUrl":"https:\/\/secure.gravatar.com\/avatar\/6a2e15a24f9036a6aee8753304e46c2d?s=96&d=mm&r=g","caption":"Catherine Clesse"}}]}},"blog_id":10,"_links":{"self":[{"href":"https:\/\/www.uni.lu\/de\/wp-json\/wp\/v2\/news\/7243"}],"collection":[{"href":"https:\/\/www.uni.lu\/de\/wp-json\/wp\/v2\/news"}],"about":[{"href":"https:\/\/www.uni.lu\/de\/wp-json\/wp\/v2\/types\/news"}],"author":[{"embeddable":true,"href":"https:\/\/www.uni.lu\/de\/wp-json\/wp\/v2\/users\/341"}],"version-history":[{"count":2,"href":"https:\/\/www.uni.lu\/de\/wp-json\/wp\/v2\/news\/7243\/revisions"}],"predecessor-version":[{"id":7257,"href":"https:\/\/www.uni.lu\/de\/wp-json\/wp\/v2\/news\/7243\/revisions\/7257"}],"wp:authorship":[{"embeddable":true,"href":"https:\/\/www.uni.lu\/de\/wp-json\/wp\/v2\/users\/341"}],"wp:featuredmedia":[{"embeddable":true,"href":"https:\/\/www.uni.lu\/de\/wp-json\/wp\/v2\/media\/7244"}],"wp:attachment":[{"href":"https:\/\/www.uni.lu\/de\/wp-json\/wp\/v2\/media?parent=7243"}],"wp:term":[{"taxonomy":"news-category","embeddable":true,"href":"https:\/\/www.uni.lu\/de\/wp-json\/wp\/v2\/news-category?post=7243"},{"taxonomy":"news-topic","embeddable":true,"href":"https:\/\/www.uni.lu\/de\/wp-json\/wp\/v2\/news-topic?post=7243"},{"taxonomy":"organisation","embeddable":true,"href":"https:\/\/www.uni.lu\/de\/wp-json\/wp\/v2\/organisation?post=7243"}],"curies":[{"name":"wp","href":"https:\/\/api.w.org\/{rel}","templated":true}]}}