{"id":7162,"date":"2025-07-25T11:04:51","date_gmt":"2025-07-25T09:04:51","guid":{"rendered":"https:\/\/www.uni.lu\/de\/?post_type=news&#038;p=7162"},"modified":"2025-09-15T12:29:46","modified_gmt":"2025-09-15T10:29:46","slug":"luxemburg-startet-die-climate-nexus-framework-convention-zur-foerderung-der-klimabereitschaft-und-der-globalen-zusammenarbeit","status":"publish","type":"news","link":"https:\/\/www.uni.lu\/de\/news\/luxemburg-startet-die-climate-nexus-framework-convention-zur-foerderung-der-klimabereitschaft-und-der-globalen-zusammenarbeit\/","title":{"rendered":"Luxemburg startet die Climate Nexus Framework Convention zur F\u00f6rderung der Klimabereitschaft und der globalen Zusammenarbeit"},"content":{"rendered":"\n<section class=\"wp-block-unilux-blocks-free-section section\"><div class=\"container xl:max-w-screen-xl\">\n<p>Zum 10-j\u00e4hrigen Jubil\u00e4um des Pariser Abkommens haben das luxemburgische Ministerium f\u00fcr Umwelt, Klima und Biodiversit\u00e4t sowie die Universit\u00e4t Luxemburg die wegweisende <em>Climate Nexus Framework Convention<\/em> unterzeichnet. Die auf f\u00fcnf Jahre angelegte Initiative (2025\u20132030) zielt darauf ab, Luxemburg klimaf\u00e4hig zu machen. Forschung, Bildung, Politik und \u00f6ffentliches Engagement werden interdisziplin\u00e4r an globale Probleme wie den Klimawandel, den Verlust biologischer Vielfalt und sozio\u00f6konomische Herausforderungen angehen.\u00a0<\/p>\n\n\n\n<p>Der <strong>Climate Nexus<\/strong>-Ansatz betont die Verflechtung von Klima, Biodiversit\u00e4t, Wasser, Ern\u00e4hrung und sozialer Gerechtigkeit. und bekr\u00e4ftigt damit das Engagement Luxemburgs f\u00fcr die internationale Klimapolitik.&nbsp;<\/p>\n\n\n\n<p>Zur Umsetzung dieser Ziele wird die Konvention Akteure aus Wissenschaft, Bildung und Politik f\u00fcr Projekte in den Sozial-, Umwelt- und Ingenieurwissenschaften mobilisieren. Im Mittelpunkt stehen sechs Kernbereiche der \u201e<strong>Bereitschaft<\/strong>\u201c:<\/p>\n\n\n\n<ul class=\"wp-block-unilux-blocks-highlighted-list list-highlighted list-highlighted--history\"><li class=\"list-highlighted__item  wp-block-unilux-blocks-highlighted-list-item\">\n    <header class=\"list-highlighted__header wp-block-unilux-blocks-highlighted-list-item-header\">\n    \n<h4 class=\"title text-18 font-bold has-text-align-left wp-block-unilux-blocks-heading\"    >\n<\/h4>\n<div class=\"wp-block-unilux-blocks-bigtext\">\n    <span>\n        \n<sup><sub>Soziale Bereitschaft<\/sub><\/sup>    <\/span>\n<\/div><\/header><div class=\"list-highlighted__body wp-block-unilux-blocks-highlighted-list-item-body\">\n    <div class=\"wp-block-unilux-blocks-highlighted-list-item-free-content-area\">\n    \n<p class=\"has-text-align-left\">F\u00f6rderung von B\u00fcrgerwissenschaft, partizipativer Governance und gezieltem Engagement junger Menschen. Die Fortsetzung der Kollaboration mit dem Klima Biergerrot, Bildungsinitiativen f\u00fcr Jugendliche (\u00fcber das <a href=\"https:\/\/www.uni.lu\/life-en\/scienteens-lab\/\" target=\"_blank\" rel=\"noreferrer noopener\">Scienteens Lab &amp; Academy<\/a>) und ein neuer universit\u00e4ts\u00fcbergreifender Nachhaltigkeitskurs sind vorgesehen.<\/p>\n<\/div><\/div><\/li>\n\n<li class=\"list-highlighted__item  wp-block-unilux-blocks-highlighted-list-item\">\n    <header class=\"list-highlighted__header wp-block-unilux-blocks-highlighted-list-item-header\">\n    \n<h4 class=\"title text-18 font-bold has-text-align-left wp-block-unilux-blocks-heading\"    >\n<\/h4>\n<div class=\"wp-block-unilux-blocks-bigtext\">\n    <span>\n        \n<sup><sub>Institutionelle Bereitschaft<\/sub><\/sup>    <\/span>\n<\/div><\/header><div class=\"list-highlighted__body wp-block-unilux-blocks-highlighted-list-item-body\">\n    <div class=\"wp-block-unilux-blocks-highlighted-list-item-free-content-area\">\n    \n<p class=\"has-text-align-left\">Verbesserung der Klimadienstleistungen in Luxemburg durch die Nutzung sozio-\u00f6kologischer Daten und die \u00dcberwachung klimabezogener systemischer Risiken. Dazu z\u00e4hlt auch die Kartierung gesundheits- und umweltsch\u00e4dlicher Substanzen.<\/p>\n<\/div><\/div><\/li>\n\n<li class=\"list-highlighted__item  wp-block-unilux-blocks-highlighted-list-item\">\n    <header class=\"list-highlighted__header wp-block-unilux-blocks-highlighted-list-item-header\">\n    \n<h4 class=\"title text-18 font-bold has-text-align-left wp-block-unilux-blocks-heading\"    >\n<\/h4>\n<div class=\"wp-block-unilux-blocks-bigtext\">\n    <span>\n        \n<sub><sup>Technologische Bereitschaft<\/sup><\/sub>    <\/span>\n<\/div><\/header><div class=\"list-highlighted__body wp-block-unilux-blocks-highlighted-list-item-body\">\n    <div class=\"wp-block-unilux-blocks-highlighted-list-item-free-content-area\">\n    \n<p class=\"has-text-align-left\">Forschung und Pilotprojekte zur Kohlenstoffabscheidung, -nutzung und -speicherung (CCU\/S) sowie das Potenzial naturbasierter L\u00f6sungen zur Erreichung von Klimaneutralit\u00e4t bis sp\u00e4testens 2050.<\/p>\n<\/div><\/div><\/li>\n\n<li class=\"list-highlighted__item  wp-block-unilux-blocks-highlighted-list-item\">\n    <header class=\"list-highlighted__header wp-block-unilux-blocks-highlighted-list-item-header\">\n    \n<h4 class=\"title text-18 font-bold has-text-align-left wp-block-unilux-blocks-heading\"    >\n<\/h4>\n<div class=\"wp-block-unilux-blocks-bigtext\">\n    <span>\n        \n<sub><sup>Globale<\/sup><\/sub><br><sub><sup>Bereitschaft<\/sup><\/sub>    <\/span>\n<\/div><\/header><div class=\"list-highlighted__body wp-block-unilux-blocks-highlighted-list-item-body\">\n    <div class=\"wp-block-unilux-blocks-highlighted-list-item-free-content-area\">\n    \n<p>Die Konvention verbindet lokale Ma\u00dfnahmen mit globalen wissenschaftspolitischen Plattformen wie dem <a href=\"https:\/\/www.ipcc.ch\/\" target=\"_blank\" rel=\"noreferrer noopener\">IPCC<\/a> (Intergovernmental Panel on Climate Change) und <a href=\"https:\/\/www.ipbes.net\/\" target=\"_blank\" rel=\"noreferrer noopener\">IPBES<\/a> (Intergovernmental Science-Policy Platform on Biodiversity and Ecosystem Services). Luxembourg wird die IPCC im 7. Bewertungszyklus unterst\u00fctzen, durch die teilweise Aufnahme der technischen Einheit.&nbsp;<\/p>\n<\/div><\/div><\/li>\n\n<li class=\"list-highlighted__item  wp-block-unilux-blocks-highlighted-list-item\">\n    <header class=\"list-highlighted__header wp-block-unilux-blocks-highlighted-list-item-header\">\n    \n<h4 class=\"title text-18 font-bold has-text-align-left wp-block-unilux-blocks-heading\"    >\n<\/h4>\n<div class=\"wp-block-unilux-blocks-bigtext\">\n    <span>\n        \n<sub><sup>Akademische Bereitschaft<\/sup><\/sub>    <\/span>\n<\/div><\/header><div class=\"list-highlighted__body wp-block-unilux-blocks-highlighted-list-item-body\">\n    <div class=\"wp-block-unilux-blocks-highlighted-list-item-free-content-area\">\n    \n<p>F\u00f6rderung interdisziplin\u00e4rer Forschung und Integration von Nachhaltigkeit in alle Hochschulprogramme.<\/p>\n<\/div><\/div><\/li>\n\n<li class=\"list-highlighted__item  wp-block-unilux-blocks-highlighted-list-item\">\n    <header class=\"list-highlighted__header wp-block-unilux-blocks-highlighted-list-item-header\">\n    \n<h4 class=\"title text-18 font-bold has-text-align-left wp-block-unilux-blocks-heading\"    >\n<\/h4>\n<div class=\"wp-block-unilux-blocks-bigtext\">\n    <span>\n        \n<sup><sub>Klima-Nexus \u00fcber Disziplinen hinweg<\/sub><\/sup>    <\/span>\n<\/div><\/header><div class=\"list-highlighted__body wp-block-unilux-blocks-highlighted-list-item-body\">\n    <div class=\"wp-block-unilux-blocks-highlighted-list-item-free-content-area\">\n    \n<p>Bereitstellung eines flexiblen Rahmens zur Reaktion auf neue Krisen und zur Definition adaptiver Priorit\u00e4ten. In diesem Zusammenhang wurde das <a href=\"https:\/\/www.uni.lu\/lcses-en\/\" target=\"_blank\" rel=\"noreferrer noopener\">Luxembourg Centre for Socio-Environmental Systems<\/a> (LCSES), unter Leitung von Prof. <a href=\"https:\/\/www.uni.lu\/lcses-en\/people\/ralf-seppelt\/\" target=\"_blank\" rel=\"noreferrer noopener\">Ralf Seppelt<\/a> gegr\u00fcndet.<\/p>\n<\/div><\/div><\/li><\/ul>\n\n\n<div class=\"wp-block-unilux-blocks-spacer is-spacer-size-sm\"><\/div>\n\n\n<p>Das LCSES besteht untersucht, wie Gesellschaften durch nachhaltige und gerechte Entwicklung globale Umweltver\u00e4nderungen und Krisen bew\u00e4ltigen k\u00f6nnen. Seine interdisziplin\u00e4re Forschung interessiert sich an den komplexen Wechselwirkungen zwischen menschlichen Systemen und der Umwelt in den Bereichen Governance, Biodiversit\u00e4t, Ern\u00e4hrungssicherheit und Energiewende.<\/p>\n\n\n\n<p>Die Konvention bef\u00e4higt die Universit\u00e4t, klimabezogene Transformationen durch interdisziplin\u00e4re Forschung, datengest\u00fctzte Analysen und breite gesellschaftliche Beteiligung zu erforschen und weiterzuentwickeln.<\/p>\n\n\n<section class=\"section  wp-block-unilux-blocks-content-card-full-width py-0\">\n    <div class=\"container 2xl:max-w-screen-2xl\">\n        <div class=\"max-w-11\/12\">\n            <div class=\"content-card content-card--right content-card__overlay--hidden wp-block-unilux-blocks-content-card\">\n    \n<h2 class=\"content-card__heading has-text-align-left wp-block-unilux-blocks-heading\"    >\n<\/h2>\n<div class=\"content-card__visual wp-block-unilux-blocks-content-card-visual-area\">\n    \n<section class=\"wp-block-unilux-blocks-image-video-wrapper\">\n    <figure class=\"wp-block-dev4-reusable-blocks-image  object-fit--cover\">\n    \n<img decoding=\"async\" class=\"wp-block-image unilux-custom-image-block\"\n                alt=\"\"\n            src=\"https:\/\/www.uni.lu\/wp-content\/uploads\/sites\/9\/2025\/07\/25101722\/climate-convention-4-scaled.jpeg\"\n                    style=\"object-position: 57.00% 53.00%; font-family: &quot;object-fit: cover; object-position: 57.00% 53.00%;&quot;; aspect-ratio: 3\/2; object-fit: cover; width: 100%;\"\n        loading=\"lazy\"\n\/>    <\/figure><\/section>\n<div class=\"wp-block-unilux-blocks-wrapper content-card__overlay\">\n<a class=\"wp-block-unilux-blocks-button-highlight-rounded bottom-left\" \n    href=\"#\"\n    target=\"_self\"\n>\n    \n<span class=\"btn-highlight-rounded__name wp-block-unilux-blocks-plain-text\"><\/span>    <span class=\"icon-rounded\">\n        <svg aria-hidden=\"true\" focusable=\"false\" class=\"icon icon-outline icon--arrow-right icon--lg\"><use xlink:href=\"https:\/\/www.uni.lu\/wp-content\/themes\/unilux-theme\/assets\/images\/icons\/icons-outline.svg#icon--arrow-right\"><\/use><\/svg>    <\/span>\n<\/a><\/div>\n<\/div><div class=\"content-card__body  wp-block-unilux-blocks-content-card-free-area\">\n    \n<p><a href=\"https:\/\/www.uni.lu\/fstm-en\/people\/jens-kreisel\/\">Prof. Jens Kreisel<\/a>, Rektor der Universit\u00e4t, kommentierte die Unterzeichnung: \u201eNachhaltige und gesellschaftliche Entwicklung ist neben der digitalen Transformation sowie Medizin und Gesundheit eine der drei strategischen Priorit\u00e4ten der Universit\u00e4t. Mit der Gr\u00fcndung des Luxembourg Centre for Socio-Environmental Systems (LCSES) im Jahr 2025 hat dieser strategische Schwerpunkt einen entscheidenden Sprung nach vorn gemacht. Dank der prominenten Unterst\u00fctzung des MECB im Rahmen der neuen Vereinbarung werden nun interdisziplin\u00e4re Forschungs-, Lehr- und \u00d6ffentlichkeitsarbeit zu Nachhaltigkeit und Klima an der gesamten Universit\u00e4t zum Wohle des Landes und dar\u00fcber hinaus durchgef\u00fchrt.<\/p>\n<\/div><\/div>        <\/div>\n    <\/div>\n<\/section>\n\n\n<div class=\"wp-block-columns is-layout-flex wp-block-columns-is-layout-flex\">\n<div class=\"wp-block-column is-layout-flow wp-block-column-is-layout-flow\"><section class=\"section  wp-block-unilux-blocks-content-card-full-width \">\n    <div class=\"container 2xl:max-w-screen-2xl\">\n        <div class=\"max-w-11\/12\">\n            <div class=\"content-card content-card--right content-card__overlay--hidden wp-block-unilux-blocks-content-card\">\n    \n<h2 class=\"content-card__heading has-text-align-left wp-block-unilux-blocks-heading\"    >\n<\/h2>\n<div class=\"content-card__visual wp-block-unilux-blocks-content-card-visual-area\">\n    \n<section class=\"wp-block-unilux-blocks-image-video-wrapper\">\n    <figure class=\"wp-block-dev4-reusable-blocks-image  object-fit--cover\">\n    \n<img decoding=\"async\" class=\"wp-block-image unilux-custom-image-block\"\n                alt=\"\"\n            src=\"https:\/\/www.uni.lu\/wp-content\/uploads\/sites\/9\/2025\/07\/25101833\/climate-convention-2-scaled.jpeg\"\n                    style=\"object-position: 52.00% 0.00%; font-family: &quot;object-fit: cover; object-position: 52.00% 0.00%;&quot;; aspect-ratio: 3\/2; object-fit: cover; width: 100%;\"\n        loading=\"lazy\"\n\/>    <\/figure><\/section>\n<div class=\"wp-block-unilux-blocks-wrapper content-card__overlay\">\n<a class=\"wp-block-unilux-blocks-button-highlight-rounded bottom-left\" \n    href=\"#\"\n    target=\"_self\"\n>\n    \n<span class=\"btn-highlight-rounded__name wp-block-unilux-blocks-plain-text\"><\/span>    <span class=\"icon-rounded\">\n        <svg aria-hidden=\"true\" focusable=\"false\" class=\"icon icon-outline icon--arrow-right icon--lg\"><use xlink:href=\"https:\/\/www.uni.lu\/wp-content\/themes\/unilux-theme\/assets\/images\/icons\/icons-outline.svg#icon--arrow-right\"><\/use><\/svg>    <\/span>\n<\/a><\/div>\n<\/div><div class=\"content-card__body  wp-block-unilux-blocks-content-card-free-area\">\n    \n<p>Minister Serge Wilmes begr\u00fc\u00dfte die Initiative: \u201eMit der Climate Nexus Framework Convention vertieft Luxemburg sein Engagement f\u00fcr wissenschaftlich fundierte Klimaschutzma\u00dfnahmen und inklusive Nachhaltigkeit. Durch die Verkn\u00fcpfung von Forschung, internationaler Zusammenarbeit, Bildung und Politik legen wir den Grundstein f\u00fcr eine klimaresistente Zukunft, die unsere Jugend st\u00e4rkt, unsere Institutionen festigt und lokale Innovationen mit globalen L\u00f6sungen verbindet. Diese Initiative ist nicht nur ein nationaler Meilenstein, sondern auch ein Signal an die internationale Gemeinschaft, dass Luxemburg bereit ist, mit gutem Beispiel voranzugehen.\u201c<\/p>\n<\/div><\/div>        <\/div>\n    <\/div>\n<\/section><\/div>\n\n\n\n<div class=\"wp-block-column is-layout-flow wp-block-column-is-layout-flow\"><section class=\"section  wp-block-unilux-blocks-content-card-full-width \">\n    <div class=\"container 2xl:max-w-screen-2xl\">\n        <div class=\"max-w-11\/12\">\n            <div class=\"content-card content-card--right content-card__overlay--hidden wp-block-unilux-blocks-content-card\">\n    \n<h2 class=\"content-card__heading has-text-align-left wp-block-unilux-blocks-heading\"    >\n<\/h2>\n<div class=\"content-card__visual wp-block-unilux-blocks-content-card-visual-area\">\n    \n<section class=\"wp-block-unilux-blocks-image-video-wrapper\">\n    <figure class=\"wp-block-dev4-reusable-blocks-image  object-fit--cover\">\n    \n<img decoding=\"async\" class=\"wp-block-image unilux-custom-image-block\"\n                alt=\"\"\n            src=\"https:\/\/www.uni.lu\/wp-content\/uploads\/sites\/9\/2025\/07\/25102027\/obertin-scaled.jpeg\"\n                    style=\"object-position: 46.00% 100.00%; font-family: &quot;object-fit: cover; object-position: 46.00% 100.00%;&quot;; aspect-ratio: 3\/2; object-fit: cover; width: 100%;\"\n        loading=\"lazy\"\n\/>    <\/figure><\/section>\n<div class=\"wp-block-unilux-blocks-wrapper content-card__overlay\">\n<a class=\"wp-block-unilux-blocks-button-highlight-rounded bottom-left\" \n    href=\"#\"\n    target=\"_self\"\n>\n    \n<span class=\"btn-highlight-rounded__name wp-block-unilux-blocks-plain-text\"><\/span>    <span class=\"icon-rounded\">\n        <svg aria-hidden=\"true\" focusable=\"false\" class=\"icon icon-outline icon--arrow-right icon--lg\"><use xlink:href=\"https:\/\/www.uni.lu\/wp-content\/themes\/unilux-theme\/assets\/images\/icons\/icons-outline.svg#icon--arrow-right\"><\/use><\/svg>    <\/span>\n<\/a><\/div>\n<\/div><div class=\"content-card__body  wp-block-unilux-blocks-content-card-free-area\">\n    \n<p>St\u00e9phanie Obertin, Ministerin f\u00fcr Forschung und Hochschulbildung, betonte: \u201eDiese Konvention spiegelt die Entschlossenheit der Regierung wider, die Forschung in den Dienst der Gesellschaft zu stellen und klimatische, \u00f6kologische und gesellschaftliche Herausforderungen konkret anzugehen. Als zust\u00e4ndige Ministerin f\u00fcr die Universit\u00e4t Luxemburg und die \u00f6ffentlichen Forschungszentren begr\u00fc\u00dfe ich den entschlossen interdisziplin\u00e4ren Ansatz der Climate Nexus Framework Convention. Er zeigt, dass Wissenschaft, verl\u00e4ssliche Daten und kollektives Engagement unerl\u00e4sslich sind, um unser Land durch den \u00f6kologischen und digitalen Wandel zu steuern.\u201c&nbsp;<\/p>\n<\/div><\/div>        <\/div>\n    <\/div>\n<\/section><\/div>\n<\/div>\n\n\n\n<ul class=\"wp-block-unilux-blocks-button-list-v2\">\n<li class=\"wp-block-unilux-blocks-button-list-item-v2\"><a class=\"quick-link\" href=\"https:\/\/www.uni.lu\/wp-content\/uploads\/sites\/9\/2025\/07\/25103541\/Presentation_NexusClimateConvention.pdf\" target=\"_blank\" role=\"link\" rel=\"noopener\" tabindex=\"0\"><span class=\"quick-link__container\">\n<div class=\"wp-block-unilux-blocks-block-inserter quick-link__img\"><figure class=\"wp-block-dev4-reusable-blocks-image  object-fit--cover\">\n    \n<img decoding=\"async\" class=\"wp-block-image unilux-custom-image-block\"\n                alt=\"\"\n            src=\"https:\/\/www.uni.lu\/wp-content\/uploads\/sites\/9\/2025\/07\/25101935\/climate-convention-1-scaled.jpeg\"\n                    style=\"object-position: 48.00% 24.00%; font-family: &quot;object-fit: cover; object-position: 48.00% 24.00%;&quot;; aspect-ratio: 1\/1; object-fit: cover; width: 100%;\"\n        loading=\"lazy\"\n\/>    <\/figure><\/div>\n\n\n\n<span class=\"quick-link__name wp-block-unilux-blocks-plain-text\">Die ganze Pr\u00e4sentation runterladen<\/span>\n\n<svg aria-hidden=\"true\" focusable=\"false\" class=\"icon icon-outline icon--download \"><use xlink:href=\"https:\/\/www.uni.lu\/wp-content\/themes\/unilux-theme\/assets\/images\/icons\/icons-outline.svg#icon--download\"><\/use><\/svg><\/span><\/a><\/li>\n<\/ul>\n<\/div><\/section>\n\n\n<section class=\"section section wp-block-unilux-blocks-quick-link-discover-section py-0\">\n    <div class=\"container xl:max-w-screen-xl\">\n        \n<h2 class=\"has-text-align-left wp-block-unilux-blocks-heading\"        id=\"mehr-infos-ueber\"\n    >\nMehr Infos \u00fcber&#8230;<\/h2>\n\n<ul class=\"wp-block-unilux-blocks-quick-link-discover quick-link-list\">\n<li class=\"wp-block-unilux-blocks-quick-link-discover-item\">\n    <a\n                    href=\"https:\/\/www.uni.lu\/lcses-en\/\"\n                    class=\"quick-link\"\n            target=\"\"\n    >\n            <span class=\"quick-link__container\">\n                <span class=\"quick-link__text\">\n                    Luxembourg Centre for Socio-Environmental Systems (LCSES)                <\/span>\n                <svg aria-hidden=\"true\" focusable=\"false\" class=\"icon icon-outline icon--arrow-right \"><use xlink:href=\"https:\/\/www.uni.lu\/wp-content\/themes\/unilux-theme\/assets\/images\/icons\/icons-outline.svg#icon--arrow-right\"><\/use><\/svg>            <\/span>\n    <\/a>\n<\/li>\n<\/ul>\n    <\/div>\n<\/section>","protected":false},"excerpt":{"rendered":"","protected":false},"author":341,"featured_media":7164,"template":"","format":"standard","meta":{"featured_image_focal_point":[],"show_featured_caption":false,"ulux_newsletter_groups":"","uluxPostTitle":"","uluxPrePostTitle":"","_trash_the_other_posts":false,"_price":"","_stock":"","_tribe_ticket_header":"","_tribe_default_ticket_provider":"","_tribe_ticket_capacity":"0","_ticket_start_date":"","_ticket_end_date":"","_tribe_ticket_show_description":"","_tribe_ticket_show_not_going":false,"_tribe_ticket_use_global_stock":"","_tribe_ticket_global_stock_level":"","_global_stock_mode":"","_global_stock_cap":"","_tribe_rsvp_for_event":"","_tribe_ticket_going_count":"","_tribe_ticket_not_going_count":"","_tribe_tickets_list":"[]","_tribe_ticket_has_attendee_info_fields":false},"news-category":[3],"news-topic":[],"organisation":[413],"authorship":[341],"acf":[],"yoast_head":"<!-- This site is optimized with the Yoast SEO Premium plugin v22.3 (Yoast SEO v22.3) - https:\/\/yoast.com\/wordpress\/plugins\/seo\/ -->\n<title>Luxemburg startet die Climate Nexus Framework Convention zur F\u00f6rderung der Klimabereitschaft und der globalen Zusammenarbeit - Universit\u00e4t Luxemburg<\/title>\n<meta name=\"description\" content=\"Zum 10-j\u00e4hrigen Jubil\u00e4um des Pariser Abkommens haben das luxemburgische Ministerium f\u00fcr Umwelt, Klima und Biodiversit\u00e4t sowie die Universit\u00e4t Luxemburg\" \/>\n<meta name=\"robots\" content=\"index, follow, max-snippet:-1, max-image-preview:large, max-video-preview:-1\" \/>\n<link rel=\"canonical\" href=\"https:\/\/www.uni.lu\/de\/news\/luxemburg-startet-die-climate-nexus-framework-convention-zur-foerderung-der-klimabereitschaft-und-der-globalen-zusammenarbeit\/\" \/>\n<meta property=\"og:locale\" content=\"de_DE\" \/>\n<meta property=\"og:type\" content=\"article\" \/>\n<meta property=\"og:title\" content=\"Luxemburg startet die Climate Nexus Framework Convention zur F\u00f6rderung der Klimabereitschaft und der globalen Zusammenarbeit\" \/>\n<meta property=\"og:description\" content=\"Zum 10-j\u00e4hrigen Jubil\u00e4um des Pariser Abkommens haben das luxemburgische Ministerium f\u00fcr Umwelt, Klima und Biodiversit\u00e4t sowie die Universit\u00e4t Luxemburg\" \/>\n<meta property=\"og:url\" content=\"https:\/\/www.uni.lu\/de\/news\/luxemburg-startet-die-climate-nexus-framework-convention-zur-foerderung-der-klimabereitschaft-und-der-globalen-zusammenarbeit\/\" \/>\n<meta property=\"og:site_name\" content=\"UNI DE\" \/>\n<meta property=\"article:publisher\" content=\"https:\/\/www.facebook.com\/uni.lu\" \/>\n<meta property=\"article:modified_time\" content=\"2025-09-15T10:29:46+00:00\" \/>\n<meta property=\"og:image\" content=\"https:\/\/www.uni.lu\/wp-content\/uploads\/sites\/10\/2025\/07\/25110327\/climate-convention-3-scaled.jpeg\" \/>\n\t<meta property=\"og:image:width\" content=\"2560\" \/>\n\t<meta property=\"og:image:height\" content=\"1920\" \/>\n\t<meta property=\"og:image:type\" content=\"image\/jpeg\" \/>\n<meta name=\"twitter:card\" content=\"summary_large_image\" \/>\n<meta name=\"twitter:label1\" content=\"Gesch\u00e4tzte Lesezeit\" \/>\n\t<meta name=\"twitter:data1\" content=\"4 Minuten\" \/>\n<script type=\"application\/ld+json\" class=\"yoast-schema-graph\">{\"@context\":\"https:\/\/schema.org\",\"@graph\":[{\"@type\":\"NewsArticle\",\"@id\":\"https:\/\/www.uni.lu\/de\/news\/luxemburg-startet-die-climate-nexus-framework-convention-zur-foerderung-der-klimabereitschaft-und-der-globalen-zusammenarbeit\/#article\",\"isPartOf\":{\"@id\":\"https:\/\/www.uni.lu\/de\/news\/luxemburg-startet-die-climate-nexus-framework-convention-zur-foerderung-der-klimabereitschaft-und-der-globalen-zusammenarbeit\/\"},\"author\":{\"name\":\"Catherine Clesse\",\"@id\":\"https:\/\/www.uni.lu\/de\/#\/schema\/person\/67d3defa53981502bf9cddb74a850c08\"},\"headline\":\"Luxemburg startet die Climate Nexus Framework Convention zur F\u00f6rderung der Klimabereitschaft und der globalen Zusammenarbeit\",\"datePublished\":\"2025-07-25T09:04:51+00:00\",\"dateModified\":\"2025-09-15T10:29:46+00:00\",\"mainEntityOfPage\":{\"@id\":\"https:\/\/www.uni.lu\/de\/news\/luxemburg-startet-die-climate-nexus-framework-convention-zur-foerderung-der-klimabereitschaft-und-der-globalen-zusammenarbeit\/\"},\"wordCount\":663,\"publisher\":{\"@id\":\"https:\/\/www.uni.lu\/de\/#organization\"},\"image\":{\"@id\":\"https:\/\/www.uni.lu\/de\/news\/luxemburg-startet-die-climate-nexus-framework-convention-zur-foerderung-der-klimabereitschaft-und-der-globalen-zusammenarbeit\/#primaryimage\"},\"thumbnailUrl\":\"https:\/\/www.uni.lu\/wp-content\/uploads\/sites\/10\/2025\/07\/25110327\/climate-convention-3-scaled.jpeg\",\"inLanguage\":\"de-DE\"},{\"@type\":\"WebPage\",\"@id\":\"https:\/\/www.uni.lu\/de\/news\/luxemburg-startet-die-climate-nexus-framework-convention-zur-foerderung-der-klimabereitschaft-und-der-globalen-zusammenarbeit\/\",\"url\":\"https:\/\/www.uni.lu\/de\/news\/luxemburg-startet-die-climate-nexus-framework-convention-zur-foerderung-der-klimabereitschaft-und-der-globalen-zusammenarbeit\/\",\"name\":\"Luxemburg startet die Climate Nexus Framework Convention zur F\u00f6rderung der Klimabereitschaft und der globalen Zusammenarbeit - Universit\u00e4t Luxemburg\",\"isPartOf\":{\"@id\":\"https:\/\/www.uni.lu\/de\/#website\"},\"primaryImageOfPage\":{\"@id\":\"https:\/\/www.uni.lu\/de\/news\/luxemburg-startet-die-climate-nexus-framework-convention-zur-foerderung-der-klimabereitschaft-und-der-globalen-zusammenarbeit\/#primaryimage\"},\"image\":{\"@id\":\"https:\/\/www.uni.lu\/de\/news\/luxemburg-startet-die-climate-nexus-framework-convention-zur-foerderung-der-klimabereitschaft-und-der-globalen-zusammenarbeit\/#primaryimage\"},\"thumbnailUrl\":\"https:\/\/www.uni.lu\/wp-content\/uploads\/sites\/10\/2025\/07\/25110327\/climate-convention-3-scaled.jpeg\",\"datePublished\":\"2025-07-25T09:04:51+00:00\",\"dateModified\":\"2025-09-15T10:29:46+00:00\",\"description\":\"Zum 10-j\u00e4hrigen Jubil\u00e4um des Pariser Abkommens haben das luxemburgische Ministerium f\u00fcr Umwelt, Klima und Biodiversit\u00e4t sowie die Universit\u00e4t Luxemburg\",\"breadcrumb\":{\"@id\":\"https:\/\/www.uni.lu\/de\/news\/luxemburg-startet-die-climate-nexus-framework-convention-zur-foerderung-der-klimabereitschaft-und-der-globalen-zusammenarbeit\/#breadcrumb\"},\"inLanguage\":\"de-DE\",\"potentialAction\":[{\"@type\":\"ReadAction\",\"target\":[\"https:\/\/www.uni.lu\/de\/news\/luxemburg-startet-die-climate-nexus-framework-convention-zur-foerderung-der-klimabereitschaft-und-der-globalen-zusammenarbeit\/\"]}]},{\"@type\":\"ImageObject\",\"inLanguage\":\"de-DE\",\"@id\":\"https:\/\/www.uni.lu\/de\/news\/luxemburg-startet-die-climate-nexus-framework-convention-zur-foerderung-der-klimabereitschaft-und-der-globalen-zusammenarbeit\/#primaryimage\",\"url\":\"https:\/\/www.uni.lu\/wp-content\/uploads\/sites\/10\/2025\/07\/25110327\/climate-convention-3-scaled.jpeg\",\"contentUrl\":\"https:\/\/www.uni.lu\/wp-content\/uploads\/sites\/10\/2025\/07\/25110327\/climate-convention-3-scaled.jpeg\",\"width\":2560,\"height\":1920},{\"@type\":\"BreadcrumbList\",\"@id\":\"https:\/\/www.uni.lu\/de\/news\/luxemburg-startet-die-climate-nexus-framework-convention-zur-foerderung-der-klimabereitschaft-und-der-globalen-zusammenarbeit\/#breadcrumb\",\"itemListElement\":[{\"@type\":\"ListItem\",\"position\":1,\"name\":\"Home\",\"item\":\"https:\/\/www.uni.lu\/de\/\"},{\"@type\":\"ListItem\",\"position\":2,\"name\":\"News\",\"item\":\"https:\/\/www.uni.lu\/de\/news\/\"},{\"@type\":\"ListItem\",\"position\":3,\"name\":\"Luxemburg startet die Climate Nexus Framework Convention zur F\u00f6rderung der Klimabereitschaft und der globalen Zusammenarbeit\"}]},{\"@type\":\"WebSite\",\"@id\":\"https:\/\/www.uni.lu\/de\/#website\",\"url\":\"https:\/\/www.uni.lu\/de\/\",\"name\":\"Uni.lu\",\"description\":\"Universit\u00e4t Luxemburg\",\"publisher\":{\"@id\":\"https:\/\/www.uni.lu\/de\/#organization\"},\"alternateName\":\"Universit\u00e4t Luxemburg\",\"potentialAction\":[{\"@type\":\"SearchAction\",\"target\":{\"@type\":\"EntryPoint\",\"urlTemplate\":\"https:\/\/www.uni.lu\/de\/?s={search_term_string}\"},\"query-input\":\"required name=search_term_string\"}],\"inLanguage\":\"de-DE\"},{\"@type\":\"Organization\",\"@id\":\"https:\/\/www.uni.lu\/de\/#organization\",\"name\":\"Universit\u00e4t Luxemburg\",\"alternateName\":\"Uni.lu\",\"url\":\"https:\/\/www.uni.lu\/de\/\",\"logo\":{\"@type\":\"ImageObject\",\"inLanguage\":\"de-DE\",\"@id\":\"https:\/\/www.uni.lu\/de\/#\/schema\/logo\/image\/\",\"url\":\"https:\/\/www.uni.lu\/wp-content\/uploads\/sites\/10\/2026\/03\/03120000\/UNIV_SM-Profile_1600x1600px-scaled.jpg\",\"contentUrl\":\"https:\/\/www.uni.lu\/wp-content\/uploads\/sites\/10\/2026\/03\/03120000\/UNIV_SM-Profile_1600x1600px-scaled.jpg\",\"width\":2560,\"height\":2560,\"caption\":\"Universit\u00e4t Luxemburg\"},\"image\":\"https:\/\/www.uni.lu\/wp-content\/uploads\/sites\/10\/2026\/04\/24144329\/20200609-Belval-Campus_Henri-Goergen-23.jpg\",\"sameAs\":[\"https:\/\/www.facebook.com\/uni.lu\",\"https:\/\/www.linkedin.com\/school\/university-of-luxembourg\/\",\"https:\/\/www.instagram.com\/uni.lu\",\"https:\/\/www.youtube.com\/@uni_lu\",\"https:\/\/en.wikipedia.org\/wiki\/University_of_Luxembourg\"],\"email\":\"communication@uni.lu\",\"telephone\":\"+3524666441\",\"address\":{\"@type\":\"PostalAddress\",\"streetAddress\":\"2, place de l\u2019Universit\u00e9\",\"addressLocality\":\"Esch-sur-Alzette\",\"postalCode\":\"4365\",\"addressCountry\":\"LU\"},\"description\":\"Universit\u00e4t Luxemburg\"},{\"@type\":\"Person\",\"@id\":\"https:\/\/www.uni.lu\/de\/#\/schema\/person\/67d3defa53981502bf9cddb74a850c08\",\"name\":\"Catherine Clesse\",\"image\":{\"@type\":\"ImageObject\",\"inLanguage\":\"de-DE\",\"@id\":\"https:\/\/www.uni.lu\/de\/#\/schema\/person\/image\/\",\"url\":\"https:\/\/secure.gravatar.com\/avatar\/6a2e15a24f9036a6aee8753304e46c2d?s=96&d=mm&r=g\",\"contentUrl\":\"https:\/\/secure.gravatar.com\/avatar\/6a2e15a24f9036a6aee8753304e46c2d?s=96&d=mm&r=g\",\"caption\":\"Catherine Clesse\"}}]}<\/script>\n<!-- \/ Yoast SEO Premium plugin. -->","yoast_head_json":{"title":"Luxemburg startet die Climate Nexus Framework Convention zur F\u00f6rderung der Klimabereitschaft und der globalen Zusammenarbeit - Universit\u00e4t Luxemburg","description":"Zum 10-j\u00e4hrigen Jubil\u00e4um des Pariser Abkommens haben das luxemburgische Ministerium f\u00fcr Umwelt, Klima und Biodiversit\u00e4t sowie die Universit\u00e4t Luxemburg","robots":{"index":"index","follow":"follow","max-snippet":"max-snippet:-1","max-image-preview":"max-image-preview:large","max-video-preview":"max-video-preview:-1"},"canonical":"https:\/\/www.uni.lu\/de\/news\/luxemburg-startet-die-climate-nexus-framework-convention-zur-foerderung-der-klimabereitschaft-und-der-globalen-zusammenarbeit\/","og_locale":"de_DE","og_type":"article","og_title":"Luxemburg startet die Climate Nexus Framework Convention zur F\u00f6rderung der Klimabereitschaft und der globalen Zusammenarbeit","og_description":"Zum 10-j\u00e4hrigen Jubil\u00e4um des Pariser Abkommens haben das luxemburgische Ministerium f\u00fcr Umwelt, Klima und Biodiversit\u00e4t sowie die Universit\u00e4t Luxemburg","og_url":"https:\/\/www.uni.lu\/de\/news\/luxemburg-startet-die-climate-nexus-framework-convention-zur-foerderung-der-klimabereitschaft-und-der-globalen-zusammenarbeit\/","og_site_name":"UNI DE","article_publisher":"https:\/\/www.facebook.com\/uni.lu","article_modified_time":"2025-09-15T10:29:46+00:00","og_image":[{"width":2560,"height":1920,"url":"https:\/\/www.uni.lu\/wp-content\/uploads\/sites\/10\/2025\/07\/25110327\/climate-convention-3-scaled.jpeg","type":"image\/jpeg"}],"twitter_card":"summary_large_image","twitter_misc":{"Gesch\u00e4tzte Lesezeit":"4 Minuten"},"schema":{"@context":"https:\/\/schema.org","@graph":[{"@type":"NewsArticle","@id":"https:\/\/www.uni.lu\/de\/news\/luxemburg-startet-die-climate-nexus-framework-convention-zur-foerderung-der-klimabereitschaft-und-der-globalen-zusammenarbeit\/#article","isPartOf":{"@id":"https:\/\/www.uni.lu\/de\/news\/luxemburg-startet-die-climate-nexus-framework-convention-zur-foerderung-der-klimabereitschaft-und-der-globalen-zusammenarbeit\/"},"author":{"name":"Catherine Clesse","@id":"https:\/\/www.uni.lu\/de\/#\/schema\/person\/67d3defa53981502bf9cddb74a850c08"},"headline":"Luxemburg startet die Climate Nexus Framework Convention zur F\u00f6rderung der Klimabereitschaft und der globalen Zusammenarbeit","datePublished":"2025-07-25T09:04:51+00:00","dateModified":"2025-09-15T10:29:46+00:00","mainEntityOfPage":{"@id":"https:\/\/www.uni.lu\/de\/news\/luxemburg-startet-die-climate-nexus-framework-convention-zur-foerderung-der-klimabereitschaft-und-der-globalen-zusammenarbeit\/"},"wordCount":663,"publisher":{"@id":"https:\/\/www.uni.lu\/de\/#organization"},"image":{"@id":"https:\/\/www.uni.lu\/de\/news\/luxemburg-startet-die-climate-nexus-framework-convention-zur-foerderung-der-klimabereitschaft-und-der-globalen-zusammenarbeit\/#primaryimage"},"thumbnailUrl":"https:\/\/www.uni.lu\/wp-content\/uploads\/sites\/10\/2025\/07\/25110327\/climate-convention-3-scaled.jpeg","inLanguage":"de-DE"},{"@type":"WebPage","@id":"https:\/\/www.uni.lu\/de\/news\/luxemburg-startet-die-climate-nexus-framework-convention-zur-foerderung-der-klimabereitschaft-und-der-globalen-zusammenarbeit\/","url":"https:\/\/www.uni.lu\/de\/news\/luxemburg-startet-die-climate-nexus-framework-convention-zur-foerderung-der-klimabereitschaft-und-der-globalen-zusammenarbeit\/","name":"Luxemburg startet die Climate Nexus Framework Convention zur F\u00f6rderung der Klimabereitschaft und der globalen Zusammenarbeit - Universit\u00e4t Luxemburg","isPartOf":{"@id":"https:\/\/www.uni.lu\/de\/#website"},"primaryImageOfPage":{"@id":"https:\/\/www.uni.lu\/de\/news\/luxemburg-startet-die-climate-nexus-framework-convention-zur-foerderung-der-klimabereitschaft-und-der-globalen-zusammenarbeit\/#primaryimage"},"image":{"@id":"https:\/\/www.uni.lu\/de\/news\/luxemburg-startet-die-climate-nexus-framework-convention-zur-foerderung-der-klimabereitschaft-und-der-globalen-zusammenarbeit\/#primaryimage"},"thumbnailUrl":"https:\/\/www.uni.lu\/wp-content\/uploads\/sites\/10\/2025\/07\/25110327\/climate-convention-3-scaled.jpeg","datePublished":"2025-07-25T09:04:51+00:00","dateModified":"2025-09-15T10:29:46+00:00","description":"Zum 10-j\u00e4hrigen Jubil\u00e4um des Pariser Abkommens haben das luxemburgische Ministerium f\u00fcr Umwelt, Klima und Biodiversit\u00e4t sowie die Universit\u00e4t Luxemburg","breadcrumb":{"@id":"https:\/\/www.uni.lu\/de\/news\/luxemburg-startet-die-climate-nexus-framework-convention-zur-foerderung-der-klimabereitschaft-und-der-globalen-zusammenarbeit\/#breadcrumb"},"inLanguage":"de-DE","potentialAction":[{"@type":"ReadAction","target":["https:\/\/www.uni.lu\/de\/news\/luxemburg-startet-die-climate-nexus-framework-convention-zur-foerderung-der-klimabereitschaft-und-der-globalen-zusammenarbeit\/"]}]},{"@type":"ImageObject","inLanguage":"de-DE","@id":"https:\/\/www.uni.lu\/de\/news\/luxemburg-startet-die-climate-nexus-framework-convention-zur-foerderung-der-klimabereitschaft-und-der-globalen-zusammenarbeit\/#primaryimage","url":"https:\/\/www.uni.lu\/wp-content\/uploads\/sites\/10\/2025\/07\/25110327\/climate-convention-3-scaled.jpeg","contentUrl":"https:\/\/www.uni.lu\/wp-content\/uploads\/sites\/10\/2025\/07\/25110327\/climate-convention-3-scaled.jpeg","width":2560,"height":1920},{"@type":"BreadcrumbList","@id":"https:\/\/www.uni.lu\/de\/news\/luxemburg-startet-die-climate-nexus-framework-convention-zur-foerderung-der-klimabereitschaft-und-der-globalen-zusammenarbeit\/#breadcrumb","itemListElement":[{"@type":"ListItem","position":1,"name":"Home","item":"https:\/\/www.uni.lu\/de\/"},{"@type":"ListItem","position":2,"name":"News","item":"https:\/\/www.uni.lu\/de\/news\/"},{"@type":"ListItem","position":3,"name":"Luxemburg startet die Climate Nexus Framework Convention zur F\u00f6rderung der Klimabereitschaft und der globalen Zusammenarbeit"}]},{"@type":"WebSite","@id":"https:\/\/www.uni.lu\/de\/#website","url":"https:\/\/www.uni.lu\/de\/","name":"Uni.lu","description":"Universit\u00e4t Luxemburg","publisher":{"@id":"https:\/\/www.uni.lu\/de\/#organization"},"alternateName":"Universit\u00e4t Luxemburg","potentialAction":[{"@type":"SearchAction","target":{"@type":"EntryPoint","urlTemplate":"https:\/\/www.uni.lu\/de\/?s={search_term_string}"},"query-input":"required name=search_term_string"}],"inLanguage":"de-DE"},{"@type":"Organization","@id":"https:\/\/www.uni.lu\/de\/#organization","name":"Universit\u00e4t Luxemburg","alternateName":"Uni.lu","url":"https:\/\/www.uni.lu\/de\/","logo":{"@type":"ImageObject","inLanguage":"de-DE","@id":"https:\/\/www.uni.lu\/de\/#\/schema\/logo\/image\/","url":"https:\/\/www.uni.lu\/wp-content\/uploads\/sites\/10\/2026\/03\/03120000\/UNIV_SM-Profile_1600x1600px-scaled.jpg","contentUrl":"https:\/\/www.uni.lu\/wp-content\/uploads\/sites\/10\/2026\/03\/03120000\/UNIV_SM-Profile_1600x1600px-scaled.jpg","width":2560,"height":2560,"caption":"Universit\u00e4t Luxemburg"},"image":"https:\/\/www.uni.lu\/wp-content\/uploads\/sites\/10\/2026\/04\/24144329\/20200609-Belval-Campus_Henri-Goergen-23.jpg","sameAs":["https:\/\/www.facebook.com\/uni.lu","https:\/\/www.linkedin.com\/school\/university-of-luxembourg\/","https:\/\/www.instagram.com\/uni.lu","https:\/\/www.youtube.com\/@uni_lu","https:\/\/en.wikipedia.org\/wiki\/University_of_Luxembourg"],"email":"communication@uni.lu","telephone":"+3524666441","address":{"@type":"PostalAddress","streetAddress":"2, place de l\u2019Universit\u00e9","addressLocality":"Esch-sur-Alzette","postalCode":"4365","addressCountry":"LU"},"description":"Universit\u00e4t Luxemburg"},{"@type":"Person","@id":"https:\/\/www.uni.lu\/de\/#\/schema\/person\/67d3defa53981502bf9cddb74a850c08","name":"Catherine Clesse","image":{"@type":"ImageObject","inLanguage":"de-DE","@id":"https:\/\/www.uni.lu\/de\/#\/schema\/person\/image\/","url":"https:\/\/secure.gravatar.com\/avatar\/6a2e15a24f9036a6aee8753304e46c2d?s=96&d=mm&r=g","contentUrl":"https:\/\/secure.gravatar.com\/avatar\/6a2e15a24f9036a6aee8753304e46c2d?s=96&d=mm&r=g","caption":"Catherine Clesse"}}]}},"blog_id":10,"_links":{"self":[{"href":"https:\/\/www.uni.lu\/de\/wp-json\/wp\/v2\/news\/7162"}],"collection":[{"href":"https:\/\/www.uni.lu\/de\/wp-json\/wp\/v2\/news"}],"about":[{"href":"https:\/\/www.uni.lu\/de\/wp-json\/wp\/v2\/types\/news"}],"author":[{"embeddable":true,"href":"https:\/\/www.uni.lu\/de\/wp-json\/wp\/v2\/users\/341"}],"version-history":[{"count":4,"href":"https:\/\/www.uni.lu\/de\/wp-json\/wp\/v2\/news\/7162\/revisions"}],"predecessor-version":[{"id":7434,"href":"https:\/\/www.uni.lu\/de\/wp-json\/wp\/v2\/news\/7162\/revisions\/7434"}],"wp:authorship":[{"embeddable":true,"href":"https:\/\/www.uni.lu\/de\/wp-json\/wp\/v2\/users\/341"}],"wp:featuredmedia":[{"embeddable":true,"href":"https:\/\/www.uni.lu\/de\/wp-json\/wp\/v2\/media\/7164"}],"wp:attachment":[{"href":"https:\/\/www.uni.lu\/de\/wp-json\/wp\/v2\/media?parent=7162"}],"wp:term":[{"taxonomy":"news-category","embeddable":true,"href":"https:\/\/www.uni.lu\/de\/wp-json\/wp\/v2\/news-category?post=7162"},{"taxonomy":"news-topic","embeddable":true,"href":"https:\/\/www.uni.lu\/de\/wp-json\/wp\/v2\/news-topic?post=7162"},{"taxonomy":"organisation","embeddable":true,"href":"https:\/\/www.uni.lu\/de\/wp-json\/wp\/v2\/organisation?post=7162"}],"curies":[{"name":"wp","href":"https:\/\/api.w.org\/{rel}","templated":true}]}}