{"id":6966,"date":"2025-06-27T12:21:02","date_gmt":"2025-06-27T10:21:02","guid":{"rendered":"https:\/\/www.uni.lu\/de\/?post_type=news&#038;p=6966"},"modified":"2025-06-27T12:21:03","modified_gmt":"2025-06-27T10:21:03","slug":"neues-universitaetszertifikat-in-luxemburg-autismus-verstehen-fuer-eine-bessere-inklusion","status":"publish","type":"news","link":"https:\/\/www.uni.lu\/de\/news\/neues-universitaetszertifikat-in-luxemburg-autismus-verstehen-fuer-eine-bessere-inklusion\/","title":{"rendered":"Neues Universit\u00e4tszertifikat in Luxemburg \u2013 \u201eAutismus verstehen f\u00fcr eine bessere Inklusion"},"content":{"rendered":"\n<section class=\"wp-block-unilux-blocks-free-section section\"><div class=\"container xl:max-w-screen-xl\">\n<p>Die Universit\u00e4t Luxemburg bietet ein neues Universit\u00e4tszertifikat an, um die Herausforderungen zu verstehen, mit denen Menschen mit Autismus im Alltag konfrontiert sind. Ziel ist es, eine gerechtere und effektivere Inklusion in der Schule, im Beruf und in sozialen Bereichen zu f\u00f6rdern und diese Bev\u00f6lkerungsgruppe bestm\u00f6glich zu begleiten.<\/p>\n\n\n\n<p>Trotz Fortschritten in den Bereichen Diversit\u00e4t und Inklusion ist Autismus nach wie vor weitgehend unbekannt. Dies soll sich mit dem Zertifikat \u00e4ndern: Die Teilnehmenden lernen, die charakteristischen Anzeichen von Autismus zu erkennen, ihn von anderen \u00e4hnlichen St\u00f6rungen zu unterscheiden und Diagnosen richtig zu interpretieren, um die Betroffenen besser begleiten zu k\u00f6nnen.<\/p>\n\n\n\n<p>\u201e<em>Zu viele Menschen mit Autismus sto\u00dfen t\u00e4glich auf Hindernisse \u2013 sei es in der Schule, am Arbeitsplatz, beim Zugang zur Gesundheitsversorgung oder in ihrem sozialen Leben<\/em>\u201c, erkl\u00e4rt Andreia Costa, Programmdirektorin des Zertifikats. \u201e<em>Diese Schwierigkeiten sind kein Schicksal. Sie resultieren oft aus einem Mangel an Verst\u00e4ndnis. Genau hier spielt die Ausbildung eine Schl\u00fcsselrolle: Sie gibt Fachleuten die notwendigen Werkzeuge an die Hand, um eine echte Inklusion zu f\u00f6rdern.\u201c<\/em><\/p>\n\n\n\n<section class=\"wp-block-unilux-blocks-quote-people\">\n    <div class=\"quote-people\" role=\"group\">\n        <figure class=\"quote-people__body\">\n            <blockquote class=\"quote-people__blockquote\">\n    <span class=\"quote-people__quote\">\u201f<\/span>\n    Genau hier spielt die Ausbildung eine Schl\u00fcsselrolle: Sie gibt Fachleuten die notwendigen Werkzeuge an die Hand, um eine echte Inklusion zu f\u00f6rdern\u201d\n<\/blockquote><!-- People Item Automated: Quote People -->\n<div class=\"quote-people__visual\">\n    <figure class=\"wp-block-dev4-reusable-blocks-image object-fit--cover\">\n        <!-- Template Image Component: default -->\n<img decoding=\"async\" class=\"w-full\" width=\"\" height=\"\" rel=\"\" alt=\"Dr. Andreia COSTA\" src=\"https:\/\/www.uni.lu\/en\/person-image\/NTAwMDI4NjJfX0FuZHJlaWEgQ09TVEE=\" srcset=\"https:\/\/www.uni.lu\/en\/person-image\/NTAwMDI4NjJfX0FuZHJlaWEgQ09TVEE=--thumbnail 150w,https:\/\/www.uni.lu\/en\/person-image\/NTAwMDI4NjJfX0FuZHJlaWEgQ09TVEE=--medium 300w,https:\/\/www.uni.lu\/en\/person-image\/NTAwMDI4NjJfX0FuZHJlaWEgQ09TVEE=--medium_large 768w,https:\/\/www.uni.lu\/en\/person-image\/NTAwMDI4NjJfX0FuZHJlaWEgQ09TVEE=--large 1024w,https:\/\/www.uni.lu\/en\/person-image\/NTAwMDI4NjJfX0FuZHJlaWEgQ09TVEE=--1536x1536 1536w,https:\/\/www.uni.lu\/en\/person-image\/NTAwMDI4NjJfX0FuZHJlaWEgQ09TVEE=--2048x2048 2048w\" loading=\"lazy\" \/><!-- end Image Component -->\n    <\/figure>\n<\/div>\n<div class=\"quote-people__figcaption\">\n    <p class=\"quote-people__author\">Dr. Andreia COSTA<\/p>\n    <p class=\"quote-people__position\">Research scientist<\/p>\n    <div class=\"wp-block-unilux-blocks-simple-cta wp-block-unilux-blocks-people-item-automated\">\n    <a\n        href=\"https:\/\/www.uni.lu\/fhse-en\/people\/andreia-costa\/\"\n        title=\"Dr. Andreia COSTA\"\n        class=\"link-text link-text--icon quote-people__link\"\n        target=\"\"\n    >\n        <span class=\"link-text__body\">\n            <span class=\"link-text__name\">Profil anzeigen<\/span>\n        <\/span>\n        <svg aria-hidden=\"true\" focusable=\"false\" class=\"icon icon-outline icon--arrow-right \"><use xlink:href=\"https:\/\/www.uni.lu\/wp-content\/themes\/unilux-theme\/assets\/images\/icons\/icons-outline.svg#icon--arrow-right\"><\/use><\/svg>    <\/a>\n<\/div>\n<\/div>\n<!-- end People Item Automated -->        <\/figure>\n    <\/div>\n<\/section>\n\n<div class=\"wp-block-unilux-blocks-spacer is-spacer-size-sm\"><\/div>\n\n\n<p>Mit einem multidisziplin\u00e4ren und entschieden praxisorientierten Ansatz zielt dieses Zertifikat darauf ab, die Kluft zwischen Theorie und Praxis zu \u00fcberbr\u00fccken. In einer Zeit, in der sch\u00e4tzungsweise einer von 100 Menschen von Autismus betroffen ist \u2013 das sind etwa 6.000 Menschen in Luxemburg \u2013, erscheint die Ausbildung qualifizierter Fachkr\u00e4fte mehr denn je unerl\u00e4sslich.<\/p>\n\n\n\n<ul class=\"wp-block-unilux-blocks-quick-link-highlight quick-link-list\">\n<li class=\"wp-block-unilux-blocks-quick-link-highlight-item\">\n    <a\n                    href=\"https:\/\/www.uni.lu\/fhse-en\/study-programs\/certificate-understanding-autism-for-a-better-inclusion\/\"\n                    class=\"quick-link\"\n            target=\"\"\n    >\n            <span class=\"quick-link__container\">\n                <span class=\"quick-link__body\">\n                    <span class=\"quick-link__number\">\n                                            <\/span>\n                    <span class=\"quick-link__title\">\n                        Certificate: Understanding autism for a better inclusion                    <\/span>\n                    <span class=\"quick-link__action\">\n                                            <\/span>\n                <\/span>\n                <svg aria-hidden=\"true\" focusable=\"false\" class=\"icon icon-outline icon--arrow-right \"><use xlink:href=\"https:\/\/www.uni.lu\/wp-content\/themes\/unilux-theme\/assets\/images\/icons\/icons-outline.svg#icon--arrow-right\"><\/use><\/svg>            <\/span>\n    <\/a>\n<\/li>\n<\/ul>\n<\/div><\/section>\n","protected":false},"excerpt":{"rendered":"<p>Die Universit\u00e4t Luxemburg bietet ein neues Universit\u00e4tszertifikat an, um die Herausforderungen zu verstehen, mit denen Menschen mit Autismus im Alltag konfrontiert sind. Ziel ist es, eine gerechtere und effektivere Inklusion in der Schule, im Beruf und in sozialen Bereichen zu f\u00f6rdern und diese Bev\u00f6lkerungsgruppe bestm\u00f6glich zu begleiten.<\/p>\n","protected":false},"author":344,"featured_media":6967,"template":"","format":"standard","meta":{"featured_image_focal_point":[],"show_featured_caption":false,"ulux_newsletter_groups":"","uluxPostTitle":"","uluxPrePostTitle":"","_trash_the_other_posts":false,"_price":"","_stock":"","_tribe_ticket_header":"","_tribe_default_ticket_provider":"","_tribe_ticket_capacity":"0","_ticket_start_date":"","_ticket_end_date":"","_tribe_ticket_show_description":"","_tribe_ticket_show_not_going":false,"_tribe_ticket_use_global_stock":"","_tribe_ticket_global_stock_level":"","_global_stock_mode":"","_global_stock_cap":"","_tribe_rsvp_for_event":"","_tribe_ticket_going_count":"","_tribe_ticket_not_going_count":"","_tribe_tickets_list":"[]","_tribe_ticket_has_attendee_info_fields":false},"news-category":[5],"news-topic":[],"organisation":[],"authorship":[344],"acf":[],"yoast_head":"<!-- This site is optimized with the Yoast SEO Premium plugin v22.3 (Yoast SEO v22.3) - https:\/\/yoast.com\/wordpress\/plugins\/seo\/ -->\n<title>Neues Universit\u00e4tszertifikat in Luxemburg \u2013 \u201eAutismus verstehen f\u00fcr eine bessere Inklusion - Universit\u00e4t Luxemburg<\/title>\n<meta name=\"description\" content=\"Die Universit\u00e4t Luxemburg bietet ein neues Universit\u00e4tszertifikat an, um die Herausforderungen zu verstehen, mit denen Menschen mit Autismus im Alltag konfrontiert sind. Ziel ist es, eine gerechtere und effektivere Inklusion in der Schule, im Beruf und in sozialen Bereichen zu f\u00f6rdern und diese Bev\u00f6lkerungsgruppe bestm\u00f6glich zu begleiten.\" \/>\n<meta name=\"robots\" content=\"index, follow, max-snippet:-1, max-image-preview:large, max-video-preview:-1\" \/>\n<link rel=\"canonical\" href=\"https:\/\/www.uni.lu\/de\/news\/neues-universitaetszertifikat-in-luxemburg-autismus-verstehen-fuer-eine-bessere-inklusion\/\" \/>\n<meta property=\"og:locale\" content=\"de_DE\" \/>\n<meta property=\"og:type\" content=\"article\" \/>\n<meta property=\"og:title\" content=\"Neues Universit\u00e4tszertifikat in Luxemburg \u2013 \u201eAutismus verstehen f\u00fcr eine bessere Inklusion\" \/>\n<meta property=\"og:description\" content=\"Die Universit\u00e4t Luxemburg bietet ein neues Universit\u00e4tszertifikat an, um die Herausforderungen zu verstehen, mit denen Menschen mit Autismus im Alltag konfrontiert sind. Ziel ist es, eine gerechtere und effektivere Inklusion in der Schule, im Beruf und in sozialen Bereichen zu f\u00f6rdern und diese Bev\u00f6lkerungsgruppe bestm\u00f6glich zu begleiten.\" \/>\n<meta property=\"og:url\" content=\"https:\/\/www.uni.lu\/de\/news\/neues-universitaetszertifikat-in-luxemburg-autismus-verstehen-fuer-eine-bessere-inklusion\/\" \/>\n<meta property=\"og:site_name\" content=\"UNI DE\" \/>\n<meta property=\"article:publisher\" content=\"https:\/\/www.facebook.com\/uni.lu\" \/>\n<meta property=\"article:modified_time\" content=\"2025-06-27T10:21:03+00:00\" \/>\n<meta property=\"og:image\" content=\"https:\/\/www.uni.lu\/wp-content\/uploads\/sites\/10\/2025\/06\/27121926\/Haende-mit-buntem-Puzzle-Herz.jpg\" \/>\n\t<meta property=\"og:image:width\" content=\"922\" \/>\n\t<meta property=\"og:image:height\" content=\"615\" \/>\n\t<meta property=\"og:image:type\" content=\"image\/jpeg\" \/>\n<meta name=\"twitter:card\" content=\"summary_large_image\" \/>\n<meta name=\"twitter:label1\" content=\"Gesch\u00e4tzte Lesezeit\" \/>\n\t<meta name=\"twitter:data1\" content=\"2 Minuten\" \/>\n<script type=\"application\/ld+json\" class=\"yoast-schema-graph\">{\"@context\":\"https:\/\/schema.org\",\"@graph\":[{\"@type\":\"NewsArticle\",\"@id\":\"https:\/\/www.uni.lu\/de\/news\/neues-universitaetszertifikat-in-luxemburg-autismus-verstehen-fuer-eine-bessere-inklusion\/#article\",\"isPartOf\":{\"@id\":\"https:\/\/www.uni.lu\/de\/news\/neues-universitaetszertifikat-in-luxemburg-autismus-verstehen-fuer-eine-bessere-inklusion\/\"},\"author\":{\"name\":\"ameliedidion\",\"@id\":\"https:\/\/www.uni.lu\/de\/#\/schema\/person\/e4618d1d2432b60195bdf666a08b3c5b\"},\"headline\":\"Neues Universit\u00e4tszertifikat in Luxemburg \u2013 \u201eAutismus verstehen f\u00fcr eine bessere Inklusion\",\"datePublished\":\"2025-06-27T10:21:02+00:00\",\"dateModified\":\"2025-06-27T10:21:03+00:00\",\"mainEntityOfPage\":{\"@id\":\"https:\/\/www.uni.lu\/de\/news\/neues-universitaetszertifikat-in-luxemburg-autismus-verstehen-fuer-eine-bessere-inklusion\/\"},\"wordCount\":243,\"publisher\":{\"@id\":\"https:\/\/www.uni.lu\/de\/#organization\"},\"image\":{\"@id\":\"https:\/\/www.uni.lu\/de\/news\/neues-universitaetszertifikat-in-luxemburg-autismus-verstehen-fuer-eine-bessere-inklusion\/#primaryimage\"},\"thumbnailUrl\":\"https:\/\/www.uni.lu\/wp-content\/uploads\/sites\/10\/2025\/06\/27121926\/Haende-mit-buntem-Puzzle-Herz.jpg\",\"inLanguage\":\"de-DE\"},{\"@type\":\"WebPage\",\"@id\":\"https:\/\/www.uni.lu\/de\/news\/neues-universitaetszertifikat-in-luxemburg-autismus-verstehen-fuer-eine-bessere-inklusion\/\",\"url\":\"https:\/\/www.uni.lu\/de\/news\/neues-universitaetszertifikat-in-luxemburg-autismus-verstehen-fuer-eine-bessere-inklusion\/\",\"name\":\"Neues Universit\u00e4tszertifikat in Luxemburg \u2013 \u201eAutismus verstehen f\u00fcr eine bessere Inklusion - Universit\u00e4t Luxemburg\",\"isPartOf\":{\"@id\":\"https:\/\/www.uni.lu\/de\/#website\"},\"primaryImageOfPage\":{\"@id\":\"https:\/\/www.uni.lu\/de\/news\/neues-universitaetszertifikat-in-luxemburg-autismus-verstehen-fuer-eine-bessere-inklusion\/#primaryimage\"},\"image\":{\"@id\":\"https:\/\/www.uni.lu\/de\/news\/neues-universitaetszertifikat-in-luxemburg-autismus-verstehen-fuer-eine-bessere-inklusion\/#primaryimage\"},\"thumbnailUrl\":\"https:\/\/www.uni.lu\/wp-content\/uploads\/sites\/10\/2025\/06\/27121926\/Haende-mit-buntem-Puzzle-Herz.jpg\",\"datePublished\":\"2025-06-27T10:21:02+00:00\",\"dateModified\":\"2025-06-27T10:21:03+00:00\",\"description\":\"Die Universit\u00e4t Luxemburg bietet ein neues Universit\u00e4tszertifikat an, um die Herausforderungen zu verstehen, mit denen Menschen mit Autismus im Alltag konfrontiert sind. Ziel ist es, eine gerechtere und effektivere Inklusion in der Schule, im Beruf und in sozialen Bereichen zu f\u00f6rdern und diese Bev\u00f6lkerungsgruppe bestm\u00f6glich zu begleiten.\",\"breadcrumb\":{\"@id\":\"https:\/\/www.uni.lu\/de\/news\/neues-universitaetszertifikat-in-luxemburg-autismus-verstehen-fuer-eine-bessere-inklusion\/#breadcrumb\"},\"inLanguage\":\"de-DE\",\"potentialAction\":[{\"@type\":\"ReadAction\",\"target\":[\"https:\/\/www.uni.lu\/de\/news\/neues-universitaetszertifikat-in-luxemburg-autismus-verstehen-fuer-eine-bessere-inklusion\/\"]}]},{\"@type\":\"ImageObject\",\"inLanguage\":\"de-DE\",\"@id\":\"https:\/\/www.uni.lu\/de\/news\/neues-universitaetszertifikat-in-luxemburg-autismus-verstehen-fuer-eine-bessere-inklusion\/#primaryimage\",\"url\":\"https:\/\/www.uni.lu\/wp-content\/uploads\/sites\/10\/2025\/06\/27121926\/Haende-mit-buntem-Puzzle-Herz.jpg\",\"contentUrl\":\"https:\/\/www.uni.lu\/wp-content\/uploads\/sites\/10\/2025\/06\/27121926\/Haende-mit-buntem-Puzzle-Herz.jpg\",\"width\":922,\"height\":615,\"caption\":\"H\u00e4nde mit buntem Puzzle Herz\"},{\"@type\":\"BreadcrumbList\",\"@id\":\"https:\/\/www.uni.lu\/de\/news\/neues-universitaetszertifikat-in-luxemburg-autismus-verstehen-fuer-eine-bessere-inklusion\/#breadcrumb\",\"itemListElement\":[{\"@type\":\"ListItem\",\"position\":1,\"name\":\"Home\",\"item\":\"https:\/\/www.uni.lu\/de\/\"},{\"@type\":\"ListItem\",\"position\":2,\"name\":\"News\",\"item\":\"https:\/\/www.uni.lu\/de\/news\/\"},{\"@type\":\"ListItem\",\"position\":3,\"name\":\"Neues Universit\u00e4tszertifikat in Luxemburg \u2013 \u201eAutismus verstehen f\u00fcr eine bessere Inklusion\"}]},{\"@type\":\"WebSite\",\"@id\":\"https:\/\/www.uni.lu\/de\/#website\",\"url\":\"https:\/\/www.uni.lu\/de\/\",\"name\":\"Uni.lu\",\"description\":\"Universit\u00e4t Luxemburg\",\"publisher\":{\"@id\":\"https:\/\/www.uni.lu\/de\/#organization\"},\"alternateName\":\"Universit\u00e4t Luxemburg\",\"potentialAction\":[{\"@type\":\"SearchAction\",\"target\":{\"@type\":\"EntryPoint\",\"urlTemplate\":\"https:\/\/www.uni.lu\/de\/?s={search_term_string}\"},\"query-input\":\"required name=search_term_string\"}],\"inLanguage\":\"de-DE\"},{\"@type\":\"Organization\",\"@id\":\"https:\/\/www.uni.lu\/de\/#organization\",\"name\":\"Universit\u00e4t Luxemburg\",\"alternateName\":\"Uni.lu\",\"url\":\"https:\/\/www.uni.lu\/de\/\",\"logo\":{\"@type\":\"ImageObject\",\"inLanguage\":\"de-DE\",\"@id\":\"https:\/\/www.uni.lu\/de\/#\/schema\/logo\/image\/\",\"url\":\"https:\/\/www.uni.lu\/wp-content\/uploads\/sites\/10\/2026\/03\/03120000\/UNIV_SM-Profile_1600x1600px-scaled.jpg\",\"contentUrl\":\"https:\/\/www.uni.lu\/wp-content\/uploads\/sites\/10\/2026\/03\/03120000\/UNIV_SM-Profile_1600x1600px-scaled.jpg\",\"width\":2560,\"height\":2560,\"caption\":\"Universit\u00e4t Luxemburg\"},\"image\":\"https:\/\/www.uni.lu\/wp-content\/uploads\/sites\/10\/2026\/04\/24144329\/20200609-Belval-Campus_Henri-Goergen-23.jpg\",\"sameAs\":[\"https:\/\/www.facebook.com\/uni.lu\",\"https:\/\/www.linkedin.com\/school\/university-of-luxembourg\/\",\"https:\/\/www.instagram.com\/uni.lu\",\"https:\/\/www.youtube.com\/@uni_lu\",\"https:\/\/en.wikipedia.org\/wiki\/University_of_Luxembourg\"],\"email\":\"communication@uni.lu\",\"telephone\":\"+3524666441\",\"address\":{\"@type\":\"PostalAddress\",\"streetAddress\":\"2, place de l\u2019Universit\u00e9\",\"addressLocality\":\"Esch-sur-Alzette\",\"postalCode\":\"4365\",\"addressCountry\":\"LU\"},\"description\":\"Universit\u00e4t Luxemburg\"},{\"@type\":\"Person\",\"@id\":\"https:\/\/www.uni.lu\/de\/#\/schema\/person\/e4618d1d2432b60195bdf666a08b3c5b\",\"name\":\"ameliedidion\",\"image\":{\"@type\":\"ImageObject\",\"inLanguage\":\"de-DE\",\"@id\":\"https:\/\/www.uni.lu\/de\/#\/schema\/person\/image\/\",\"url\":\"https:\/\/secure.gravatar.com\/avatar\/7c82aa9e0fa6a82c016464b5f17bf5ee?s=96&d=mm&r=g\",\"contentUrl\":\"https:\/\/secure.gravatar.com\/avatar\/7c82aa9e0fa6a82c016464b5f17bf5ee?s=96&d=mm&r=g\",\"caption\":\"ameliedidion\"}}]}<\/script>\n<!-- \/ Yoast SEO Premium plugin. -->","yoast_head_json":{"title":"Neues Universit\u00e4tszertifikat in Luxemburg \u2013 \u201eAutismus verstehen f\u00fcr eine bessere Inklusion - Universit\u00e4t Luxemburg","description":"Die Universit\u00e4t Luxemburg bietet ein neues Universit\u00e4tszertifikat an, um die Herausforderungen zu verstehen, mit denen Menschen mit Autismus im Alltag konfrontiert sind. Ziel ist es, eine gerechtere und effektivere Inklusion in der Schule, im Beruf und in sozialen Bereichen zu f\u00f6rdern und diese Bev\u00f6lkerungsgruppe bestm\u00f6glich zu begleiten.","robots":{"index":"index","follow":"follow","max-snippet":"max-snippet:-1","max-image-preview":"max-image-preview:large","max-video-preview":"max-video-preview:-1"},"canonical":"https:\/\/www.uni.lu\/de\/news\/neues-universitaetszertifikat-in-luxemburg-autismus-verstehen-fuer-eine-bessere-inklusion\/","og_locale":"de_DE","og_type":"article","og_title":"Neues Universit\u00e4tszertifikat in Luxemburg \u2013 \u201eAutismus verstehen f\u00fcr eine bessere Inklusion","og_description":"Die Universit\u00e4t Luxemburg bietet ein neues Universit\u00e4tszertifikat an, um die Herausforderungen zu verstehen, mit denen Menschen mit Autismus im Alltag konfrontiert sind. Ziel ist es, eine gerechtere und effektivere Inklusion in der Schule, im Beruf und in sozialen Bereichen zu f\u00f6rdern und diese Bev\u00f6lkerungsgruppe bestm\u00f6glich zu begleiten.","og_url":"https:\/\/www.uni.lu\/de\/news\/neues-universitaetszertifikat-in-luxemburg-autismus-verstehen-fuer-eine-bessere-inklusion\/","og_site_name":"UNI DE","article_publisher":"https:\/\/www.facebook.com\/uni.lu","article_modified_time":"2025-06-27T10:21:03+00:00","og_image":[{"width":922,"height":615,"url":"https:\/\/www.uni.lu\/wp-content\/uploads\/sites\/10\/2025\/06\/27121926\/Haende-mit-buntem-Puzzle-Herz.jpg","type":"image\/jpeg"}],"twitter_card":"summary_large_image","twitter_misc":{"Gesch\u00e4tzte Lesezeit":"2 Minuten"},"schema":{"@context":"https:\/\/schema.org","@graph":[{"@type":"NewsArticle","@id":"https:\/\/www.uni.lu\/de\/news\/neues-universitaetszertifikat-in-luxemburg-autismus-verstehen-fuer-eine-bessere-inklusion\/#article","isPartOf":{"@id":"https:\/\/www.uni.lu\/de\/news\/neues-universitaetszertifikat-in-luxemburg-autismus-verstehen-fuer-eine-bessere-inklusion\/"},"author":{"name":"ameliedidion","@id":"https:\/\/www.uni.lu\/de\/#\/schema\/person\/e4618d1d2432b60195bdf666a08b3c5b"},"headline":"Neues Universit\u00e4tszertifikat in Luxemburg \u2013 \u201eAutismus verstehen f\u00fcr eine bessere Inklusion","datePublished":"2025-06-27T10:21:02+00:00","dateModified":"2025-06-27T10:21:03+00:00","mainEntityOfPage":{"@id":"https:\/\/www.uni.lu\/de\/news\/neues-universitaetszertifikat-in-luxemburg-autismus-verstehen-fuer-eine-bessere-inklusion\/"},"wordCount":243,"publisher":{"@id":"https:\/\/www.uni.lu\/de\/#organization"},"image":{"@id":"https:\/\/www.uni.lu\/de\/news\/neues-universitaetszertifikat-in-luxemburg-autismus-verstehen-fuer-eine-bessere-inklusion\/#primaryimage"},"thumbnailUrl":"https:\/\/www.uni.lu\/wp-content\/uploads\/sites\/10\/2025\/06\/27121926\/Haende-mit-buntem-Puzzle-Herz.jpg","inLanguage":"de-DE"},{"@type":"WebPage","@id":"https:\/\/www.uni.lu\/de\/news\/neues-universitaetszertifikat-in-luxemburg-autismus-verstehen-fuer-eine-bessere-inklusion\/","url":"https:\/\/www.uni.lu\/de\/news\/neues-universitaetszertifikat-in-luxemburg-autismus-verstehen-fuer-eine-bessere-inklusion\/","name":"Neues Universit\u00e4tszertifikat in Luxemburg \u2013 \u201eAutismus verstehen f\u00fcr eine bessere Inklusion - Universit\u00e4t Luxemburg","isPartOf":{"@id":"https:\/\/www.uni.lu\/de\/#website"},"primaryImageOfPage":{"@id":"https:\/\/www.uni.lu\/de\/news\/neues-universitaetszertifikat-in-luxemburg-autismus-verstehen-fuer-eine-bessere-inklusion\/#primaryimage"},"image":{"@id":"https:\/\/www.uni.lu\/de\/news\/neues-universitaetszertifikat-in-luxemburg-autismus-verstehen-fuer-eine-bessere-inklusion\/#primaryimage"},"thumbnailUrl":"https:\/\/www.uni.lu\/wp-content\/uploads\/sites\/10\/2025\/06\/27121926\/Haende-mit-buntem-Puzzle-Herz.jpg","datePublished":"2025-06-27T10:21:02+00:00","dateModified":"2025-06-27T10:21:03+00:00","description":"Die Universit\u00e4t Luxemburg bietet ein neues Universit\u00e4tszertifikat an, um die Herausforderungen zu verstehen, mit denen Menschen mit Autismus im Alltag konfrontiert sind. Ziel ist es, eine gerechtere und effektivere Inklusion in der Schule, im Beruf und in sozialen Bereichen zu f\u00f6rdern und diese Bev\u00f6lkerungsgruppe bestm\u00f6glich zu begleiten.","breadcrumb":{"@id":"https:\/\/www.uni.lu\/de\/news\/neues-universitaetszertifikat-in-luxemburg-autismus-verstehen-fuer-eine-bessere-inklusion\/#breadcrumb"},"inLanguage":"de-DE","potentialAction":[{"@type":"ReadAction","target":["https:\/\/www.uni.lu\/de\/news\/neues-universitaetszertifikat-in-luxemburg-autismus-verstehen-fuer-eine-bessere-inklusion\/"]}]},{"@type":"ImageObject","inLanguage":"de-DE","@id":"https:\/\/www.uni.lu\/de\/news\/neues-universitaetszertifikat-in-luxemburg-autismus-verstehen-fuer-eine-bessere-inklusion\/#primaryimage","url":"https:\/\/www.uni.lu\/wp-content\/uploads\/sites\/10\/2025\/06\/27121926\/Haende-mit-buntem-Puzzle-Herz.jpg","contentUrl":"https:\/\/www.uni.lu\/wp-content\/uploads\/sites\/10\/2025\/06\/27121926\/Haende-mit-buntem-Puzzle-Herz.jpg","width":922,"height":615,"caption":"H\u00e4nde mit buntem Puzzle Herz"},{"@type":"BreadcrumbList","@id":"https:\/\/www.uni.lu\/de\/news\/neues-universitaetszertifikat-in-luxemburg-autismus-verstehen-fuer-eine-bessere-inklusion\/#breadcrumb","itemListElement":[{"@type":"ListItem","position":1,"name":"Home","item":"https:\/\/www.uni.lu\/de\/"},{"@type":"ListItem","position":2,"name":"News","item":"https:\/\/www.uni.lu\/de\/news\/"},{"@type":"ListItem","position":3,"name":"Neues Universit\u00e4tszertifikat in Luxemburg \u2013 \u201eAutismus verstehen f\u00fcr eine bessere Inklusion"}]},{"@type":"WebSite","@id":"https:\/\/www.uni.lu\/de\/#website","url":"https:\/\/www.uni.lu\/de\/","name":"Uni.lu","description":"Universit\u00e4t Luxemburg","publisher":{"@id":"https:\/\/www.uni.lu\/de\/#organization"},"alternateName":"Universit\u00e4t Luxemburg","potentialAction":[{"@type":"SearchAction","target":{"@type":"EntryPoint","urlTemplate":"https:\/\/www.uni.lu\/de\/?s={search_term_string}"},"query-input":"required name=search_term_string"}],"inLanguage":"de-DE"},{"@type":"Organization","@id":"https:\/\/www.uni.lu\/de\/#organization","name":"Universit\u00e4t Luxemburg","alternateName":"Uni.lu","url":"https:\/\/www.uni.lu\/de\/","logo":{"@type":"ImageObject","inLanguage":"de-DE","@id":"https:\/\/www.uni.lu\/de\/#\/schema\/logo\/image\/","url":"https:\/\/www.uni.lu\/wp-content\/uploads\/sites\/10\/2026\/03\/03120000\/UNIV_SM-Profile_1600x1600px-scaled.jpg","contentUrl":"https:\/\/www.uni.lu\/wp-content\/uploads\/sites\/10\/2026\/03\/03120000\/UNIV_SM-Profile_1600x1600px-scaled.jpg","width":2560,"height":2560,"caption":"Universit\u00e4t Luxemburg"},"image":"https:\/\/www.uni.lu\/wp-content\/uploads\/sites\/10\/2026\/04\/24144329\/20200609-Belval-Campus_Henri-Goergen-23.jpg","sameAs":["https:\/\/www.facebook.com\/uni.lu","https:\/\/www.linkedin.com\/school\/university-of-luxembourg\/","https:\/\/www.instagram.com\/uni.lu","https:\/\/www.youtube.com\/@uni_lu","https:\/\/en.wikipedia.org\/wiki\/University_of_Luxembourg"],"email":"communication@uni.lu","telephone":"+3524666441","address":{"@type":"PostalAddress","streetAddress":"2, place de l\u2019Universit\u00e9","addressLocality":"Esch-sur-Alzette","postalCode":"4365","addressCountry":"LU"},"description":"Universit\u00e4t Luxemburg"},{"@type":"Person","@id":"https:\/\/www.uni.lu\/de\/#\/schema\/person\/e4618d1d2432b60195bdf666a08b3c5b","name":"ameliedidion","image":{"@type":"ImageObject","inLanguage":"de-DE","@id":"https:\/\/www.uni.lu\/de\/#\/schema\/person\/image\/","url":"https:\/\/secure.gravatar.com\/avatar\/7c82aa9e0fa6a82c016464b5f17bf5ee?s=96&d=mm&r=g","contentUrl":"https:\/\/secure.gravatar.com\/avatar\/7c82aa9e0fa6a82c016464b5f17bf5ee?s=96&d=mm&r=g","caption":"ameliedidion"}}]}},"blog_id":10,"_links":{"self":[{"href":"https:\/\/www.uni.lu\/de\/wp-json\/wp\/v2\/news\/6966"}],"collection":[{"href":"https:\/\/www.uni.lu\/de\/wp-json\/wp\/v2\/news"}],"about":[{"href":"https:\/\/www.uni.lu\/de\/wp-json\/wp\/v2\/types\/news"}],"author":[{"embeddable":true,"href":"https:\/\/www.uni.lu\/de\/wp-json\/wp\/v2\/users\/344"}],"version-history":[{"count":2,"href":"https:\/\/www.uni.lu\/de\/wp-json\/wp\/v2\/news\/6966\/revisions"}],"predecessor-version":[{"id":6969,"href":"https:\/\/www.uni.lu\/de\/wp-json\/wp\/v2\/news\/6966\/revisions\/6969"}],"wp:authorship":[{"embeddable":true,"href":"https:\/\/www.uni.lu\/de\/wp-json\/wp\/v2\/users\/344"}],"wp:featuredmedia":[{"embeddable":true,"href":"https:\/\/www.uni.lu\/de\/wp-json\/wp\/v2\/media\/6967"}],"wp:attachment":[{"href":"https:\/\/www.uni.lu\/de\/wp-json\/wp\/v2\/media?parent=6966"}],"wp:term":[{"taxonomy":"news-category","embeddable":true,"href":"https:\/\/www.uni.lu\/de\/wp-json\/wp\/v2\/news-category?post=6966"},{"taxonomy":"news-topic","embeddable":true,"href":"https:\/\/www.uni.lu\/de\/wp-json\/wp\/v2\/news-topic?post=6966"},{"taxonomy":"organisation","embeddable":true,"href":"https:\/\/www.uni.lu\/de\/wp-json\/wp\/v2\/organisation?post=6966"}],"curies":[{"name":"wp","href":"https:\/\/api.w.org\/{rel}","templated":true}]}}