{"id":6899,"date":"2025-06-13T15:09:54","date_gmt":"2025-06-13T13:09:54","guid":{"rendered":"https:\/\/www.uni.lu\/de\/?post_type=news&#038;p=6899"},"modified":"2025-06-13T15:11:31","modified_gmt":"2025-06-13T13:11:31","slug":"live-aus-den-haag-studierende-erlautern-geopolitische-herausforderungen","status":"publish","type":"news","link":"https:\/\/www.uni.lu\/de\/news\/live-aus-den-haag-studierende-erlautern-geopolitische-herausforderungen\/","title":{"rendered":"Live aus Den Haag: Studierende erl\u00e4utern geopolitische Herausforderungen"},"content":{"rendered":"\n<section class=\"wp-block-unilux-blocks-free-section section\"><div class=\"container xl:max-w-screen-xl\">\n<p>Die heutigen gro\u00dfen politischen und globalen Probleme \u2013 von der globalen Erw\u00e4rmung \u00fcber geopolitische Ver\u00e4nderungen bis hin zum digitalen Wandel \u2013 zu verstehen, ist eine komplexe Aufgabe. Studierende des Master in European Governance hat es sich zur Aufgabe gemacht, ihren Kommilitonen dieses Verst\u00e4ndnis zu vermitteln.<\/p>\n\n\n\n<p>Die Studenten Donada Rata und Charles Dufour, sowie die Doktorandin An\u0111ela Mi\u0107anovi\u0107 und der Postdoktorand Christophe Lesschaeve werden gemeinsam mit Josip Glaurdic, Professor f\u00fcr Politikwissenschaften, am 24. Juni am NATO Public Forum teilnehmen. Aus den Haag werden sie Live-Updates, Kommentare und Einblicke hinter die Kulissen auf den Social-Media-Kan\u00e4len des Diplomacy Lab streamen, ein Quasi-Thinktank der von Studierenden betrieben wird und sich der F\u00f6rderung des \u00f6ffentlichen Verst\u00e4ndnisses f\u00fcr europ\u00e4ische Angelegenheiten widmet.<\/p>\n\n\n<div class=\"py-48 first:pt-0 last:pb-0 wp-block-unilux-blocks-people-list\">\n    \n<h2 class=\"has-text-align-left wp-block-unilux-blocks-heading\"        id=\"das-team\"\n    >\nDas Team<\/h2>\n<ul class=\"flex flex-wrap -mx-16 wp-block-unilux-blocks-people-item-wrapper\">\n    <li class=\"w-full md:w-1\/2 p-16 wp-block-unilux-blocks-people-list-item\">\n    <div class=\"list-people bg-theme wp-block-unilux-blocks-people-item\">\n    \n<div class=\"wp-block-unilux-blocks-wrapper list-people__container\">\n<div class=\"wp-block-unilux-blocks-wrapper list-people__visual\"><figure class=\"wp-block-dev4-reusable-blocks-image w-full object-fit--cover\">\n    \n<img decoding=\"async\" class=\"wp-block-image unilux-custom-image-block\"\n                alt=\"\"\n            src=\"https:\/\/www.uni.lu\/wp-content\/uploads\/sites\/9\/2025\/06\/13113158\/donada-rata.jpg\"\n                    style=\"object-position: 50.00% 50.00%; font-family: &quot;object-fit: cover; object-position: 50.00% 50.00%;&quot;; aspect-ratio: 1\/1; object-fit: cover; width: 100%;\"\n        loading=\"lazy\"\n\/>    <\/figure><\/div>\n\n\n\n<div class=\"wp-block-unilux-blocks-wrapper list-people__body\">\n<h3 class=\"list-people__title has-text-align-left wp-block-unilux-blocks-heading\"        id=\"donada-rata\"\n    >\nDonada Rata<\/h3>\n\n\n\n<p class=\"list-people__description wp-block-unilux-blocks-plain-text\">Master student<\/p>\n\n<div class=\"wp-block-unilux-blocks-simple-cta\">\n    <a\n        href=\"https:\/\/www.linkedin.com\/in\/donada-rata-0b628a201\"\n        title=\"View profile\"\n        class=\"link-text link-text--icon list-people__link link-text link-absolute\"\n        target=\"_blank\"\n    >\n        <span class=\"link-text__body\">\n            <span class=\"link-text__name\">Profil anzeigen<\/span>\n        <\/span>\n        <svg aria-hidden=\"true\" focusable=\"false\" class=\"icon icon-outline icon--external-link \"><use xlink:href=\"https:\/\/www.uni.lu\/wp-content\/themes\/unilux-theme\/assets\/images\/icons\/icons-outline.svg#icon--external-link\"><\/use><\/svg>    <\/a>\n<\/div>\n<\/div>\n<\/div>\n<\/div>\n\n<\/li><li class=\"w-full md:w-1\/2 p-16 wp-block-unilux-blocks-people-list-item\">\n    <div class=\"list-people bg-theme wp-block-unilux-blocks-people-item\">\n    \n<div class=\"wp-block-unilux-blocks-wrapper list-people__container\">\n<div class=\"wp-block-unilux-blocks-wrapper list-people__visual\"><figure class=\"wp-block-dev4-reusable-blocks-image w-full object-fit--cover\">\n    \n<img decoding=\"async\" class=\"wp-block-image unilux-custom-image-block\"\n                alt=\"\"\n            src=\"https:\/\/www.uni.lu\/wp-content\/uploads\/sites\/9\/2025\/06\/13113414\/dufour.jpg\"\n                    style=\"object-position: 50.00% 50.00%; font-family: &quot;object-fit: cover; object-position: 50.00% 50.00%;&quot;; aspect-ratio: 1\/1; object-fit: cover; width: 100%;\"\n        loading=\"lazy\"\n\/>    <\/figure><\/div>\n\n\n\n<div class=\"wp-block-unilux-blocks-wrapper list-people__body\">\n<h3 class=\"list-people__title has-text-align-left wp-block-unilux-blocks-heading\"        id=\"charles-dufour\"\n    >\nCharles Dufour<\/h3>\n\n\n\n<p class=\"list-people__description wp-block-unilux-blocks-plain-text\">Master student<\/p>\n\n<div class=\"wp-block-unilux-blocks-simple-cta\">\n    <a\n        href=\"https:\/\/www.linkedin.com\/in\/charles-dufour-732242231\/\"\n        title=\"View profile\"\n        class=\"link-text link-text--icon list-people__link link-text link-absolute\"\n        target=\"_blank\"\n    >\n        <span class=\"link-text__body\">\n            <span class=\"link-text__name\">Profil anzeigen<\/span>\n        <\/span>\n        <svg aria-hidden=\"true\" focusable=\"false\" class=\"icon icon-outline icon--external-link \"><use xlink:href=\"https:\/\/www.uni.lu\/wp-content\/themes\/unilux-theme\/assets\/images\/icons\/icons-outline.svg#icon--external-link\"><\/use><\/svg>    <\/a>\n<\/div>\n<\/div>\n<\/div>\n<\/div>\n\n<\/li><li class=\"w-full md:w-1\/2 p-16 wp-block-unilux-blocks-people-item-automated\"><div class=\"ulux-card card-people bg-theme\"><div class=\"list-people bg-theme\">\n    <div class=\"list-people__container\">\n        <div class=\"list-people__visual\">\n            <figure class=\"wp-block-dev4-reusable-blocks-image\">\n                <!-- Template Image Component: default -->\n<img decoding=\"async\" class=\"w-full\" width=\"\" height=\"\" rel=\"\" alt=\"Dr. Christophe LESSCHAEVE\" src=\"https:\/\/www.uni.lu\/en\/person-image\/NTAwMjkxMDVfX0NocmlzdG9waGUgTEVTU0NIQUVWRQ==\" srcset=\"https:\/\/www.uni.lu\/en\/person-image\/NTAwMjkxMDVfX0NocmlzdG9waGUgTEVTU0NIQUVWRQ==--thumbnail 150w,https:\/\/www.uni.lu\/en\/person-image\/NTAwMjkxMDVfX0NocmlzdG9waGUgTEVTU0NIQUVWRQ==--medium 300w,https:\/\/www.uni.lu\/en\/person-image\/NTAwMjkxMDVfX0NocmlzdG9waGUgTEVTU0NIQUVWRQ==--medium_large 768w,https:\/\/www.uni.lu\/en\/person-image\/NTAwMjkxMDVfX0NocmlzdG9waGUgTEVTU0NIQUVWRQ==--large 1024w,https:\/\/www.uni.lu\/en\/person-image\/NTAwMjkxMDVfX0NocmlzdG9waGUgTEVTU0NIQUVWRQ==--1536x1536 1536w,https:\/\/www.uni.lu\/en\/person-image\/NTAwMjkxMDVfX0NocmlzdG9waGUgTEVTU0NIQUVWRQ==--2048x2048 2048w\" loading=\"lazy\" \/><!-- end Image Component -->\n            <\/figure>\n        <\/div>\n        <div class=\"list-people__body\">\n            <h3 class=\"list-people__title\">Dr. Christophe LESSCHAEVE<\/h3>\n            <p class=\"list-people__description\">Postdoctoral researcher<\/p>\n            <div class=\"wp-block-unilux-blocks-simple-cta wp-block-unilux-blocks-people-item-automated\">\n    <a\n        href=\"https:\/\/www.uni.lu\/fhse-en\/people\/christophe-lesschaeve\/\"\n        title=\"Dr. Christophe LESSCHAEVE\"\n        class=\"link-text link-text--icon list-people__link link-absolute\"\n        target=\"\"\n    >\n        <span class=\"link-text__body\">\n            <span class=\"link-text__name\">Profil anzeigen<\/span>\n        <\/span>\n        <svg aria-hidden=\"true\" focusable=\"false\" class=\"icon icon-outline icon--arrow-right \"><use xlink:href=\"https:\/\/www.uni.lu\/wp-content\/themes\/unilux-theme\/assets\/images\/icons\/icons-outline.svg#icon--arrow-right\"><\/use><\/svg>    <\/a>\n<\/div>\n        <\/div>\n    <\/div>\n<\/div>\n<\/div><\/li><li class=\"w-full md:w-1\/2 p-16 wp-block-unilux-blocks-people-item-automated\"><div class=\"ulux-card card-people bg-theme\"><div class=\"list-people bg-theme\">\n    <div class=\"list-people__container\">\n        <div class=\"list-people__visual\">\n            <figure class=\"wp-block-dev4-reusable-blocks-image\">\n                <!-- Template Image Component: default -->\n<img decoding=\"async\" class=\"w-full\" width=\"\" height=\"\" rel=\"\" alt=\"Prof Josip GLAURDIC\" src=\"https:\/\/www.uni.lu\/en\/person-image\/NTAwMjY4MDZfX0pvc2lwIEdMQVVSRElD\" srcset=\"https:\/\/www.uni.lu\/en\/person-image\/NTAwMjY4MDZfX0pvc2lwIEdMQVVSRElD--thumbnail 150w,https:\/\/www.uni.lu\/en\/person-image\/NTAwMjY4MDZfX0pvc2lwIEdMQVVSRElD--medium 300w,https:\/\/www.uni.lu\/en\/person-image\/NTAwMjY4MDZfX0pvc2lwIEdMQVVSRElD--medium_large 768w,https:\/\/www.uni.lu\/en\/person-image\/NTAwMjY4MDZfX0pvc2lwIEdMQVVSRElD--large 1024w,https:\/\/www.uni.lu\/en\/person-image\/NTAwMjY4MDZfX0pvc2lwIEdMQVVSRElD--1536x1536 1536w,https:\/\/www.uni.lu\/en\/person-image\/NTAwMjY4MDZfX0pvc2lwIEdMQVVSRElD--2048x2048 2048w\" loading=\"lazy\" \/><!-- end Image Component -->\n            <\/figure>\n        <\/div>\n        <div class=\"list-people__body\">\n            <h3 class=\"list-people__title\">Prof Josip GLAURDIC<\/h3>\n            <p class=\"list-people__description\">Full professor in Political Science<\/p>\n            <div class=\"wp-block-unilux-blocks-simple-cta wp-block-unilux-blocks-people-item-automated\">\n    <a\n        href=\"https:\/\/www.uni.lu\/fhse-en\/people\/josip-glaurdic\/\"\n        title=\"Prof Josip GLAURDIC\"\n        class=\"link-text link-text--icon list-people__link link-absolute\"\n        target=\"\"\n    >\n        <span class=\"link-text__body\">\n            <span class=\"link-text__name\">Profil anzeigen<\/span>\n        <\/span>\n        <svg aria-hidden=\"true\" focusable=\"false\" class=\"icon icon-outline icon--arrow-right \"><use xlink:href=\"https:\/\/www.uni.lu\/wp-content\/themes\/unilux-theme\/assets\/images\/icons\/icons-outline.svg#icon--arrow-right\"><\/use><\/svg>    <\/a>\n<\/div>\n        <\/div>\n    <\/div>\n<\/div>\n<\/div><\/li><\/ul>\n\n<\/div>\n\n\n\n<div class=\"wp-block-unilux-blocks-spacer is-spacer-size-sm\"><\/div>\n\n\n<ul class=\"wp-block-unilux-blocks-button-list-v2\">\n<li class=\"wp-block-unilux-blocks-button-list-item-v2\"><a class=\"quick-link\" href=\"https:\/\/www.uni.lu\/en\/news\/live-from-the-hague-students-engaging-with-todays-geopolitical-challenges\/\" target=\"_blank\" role=\"link\" rel=\"noopener\" tabindex=\"0\"><span class=\"quick-link__container\">\n<div class=\"wp-block-unilux-blocks-block-inserter quick-link__img\">\n<div class=\"icon--primary icon--secondary-2 icon--lg wp-block-unilux-blocks-icon-picker\">\n    <svg aria-hidden=\"true\" focusable=\"false\" class=\"icon icon-outline icon--news \"><use xlink:href=\"https:\/\/www.uni.lu\/wp-content\/themes\/unilux-theme\/assets\/images\/icons\/icons-outline.svg#icon--news\"><\/use><\/svg><\/div><\/div>\n\n\n\n<span class=\"quick-link__name wp-block-unilux-blocks-plain-text\">Lesen Sie den Bericht auf Englisch weiter<\/span>\n\n<svg aria-hidden=\"true\" focusable=\"false\" class=\"icon icon-outline icon--arrow-right \"><use xlink:href=\"https:\/\/www.uni.lu\/wp-content\/themes\/unilux-theme\/assets\/images\/icons\/icons-outline.svg#icon--arrow-right\"><\/use><\/svg><\/span><\/a><\/li>\n<\/ul>\n<\/div><\/section>\n\n\n<section class=\"section section wp-block-unilux-blocks-quick-link-discover-section py-0\">\n    <div class=\"container xl:max-w-screen-xl\">\n        \n<h2 class=\"has-text-align-left wp-block-unilux-blocks-heading\"        id=\"entdecken-sie-auch\"\n    >\nEntdecken Sie auch&#8230;<\/h2>\n\n<ul class=\"wp-block-unilux-blocks-quick-link-discover quick-link-list\">\n<li class=\"wp-block-unilux-blocks-quick-link-discover-item\">\n    <a\n                    href=\"https:\/\/www.natopublicforum.org\/\"\n                    class=\"quick-link\"\n            target=\"_blank\"\n    >\n            <span class=\"quick-link__container\">\n                <span class=\"quick-link__text\">\n                    NATO public forum                <\/span>\n                <svg aria-hidden=\"true\" focusable=\"false\" class=\"icon icon-outline icon--external-link \"><use xlink:href=\"https:\/\/www.uni.lu\/wp-content\/themes\/unilux-theme\/assets\/images\/icons\/icons-outline.svg#icon--external-link\"><\/use><\/svg>            <\/span>\n    <\/a>\n<\/li>\n\n\n\n<li class=\"wp-block-unilux-blocks-quick-link-discover-item\">\n    <a\n                    href=\"https:\/\/www.uni.lu\/fhse-en\/study-programs\/master-in-european-governance\/diplomacy-lab\/\"\n                    class=\"quick-link\"\n            target=\"\"\n    >\n            <span class=\"quick-link__container\">\n                <span class=\"quick-link__text\">\n                    Diplomacy Lab                 <\/span>\n                <svg aria-hidden=\"true\" focusable=\"false\" class=\"icon icon-outline icon--arrow-right \"><use xlink:href=\"https:\/\/www.uni.lu\/wp-content\/themes\/unilux-theme\/assets\/images\/icons\/icons-outline.svg#icon--arrow-right\"><\/use><\/svg>            <\/span>\n    <\/a>\n<\/li>\n\n\n\n<li class=\"wp-block-unilux-blocks-quick-link-discover-item\">\n    <a\n                    href=\"https:\/\/www.uni.lu\/fhse-en\/study-programs\/master-in-european-governance\/\"\n                    class=\"quick-link\"\n            target=\"\"\n    >\n            <span class=\"quick-link__container\">\n                <span class=\"quick-link__text\">\n                    Master in European Gouvernance                <\/span>\n                <svg aria-hidden=\"true\" focusable=\"false\" class=\"icon icon-outline icon--arrow-right \"><use xlink:href=\"https:\/\/www.uni.lu\/wp-content\/themes\/unilux-theme\/assets\/images\/icons\/icons-outline.svg#icon--arrow-right\"><\/use><\/svg>            <\/span>\n    <\/a>\n<\/li>\n<\/ul>\n    <\/div>\n<\/section>","protected":false},"excerpt":{"rendered":"","protected":false},"author":341,"featured_media":6900,"template":"","format":"standard","meta":{"featured_image_focal_point":[],"show_featured_caption":true,"ulux_newsletter_groups":"","uluxPostTitle":"","uluxPrePostTitle":"","_trash_the_other_posts":false,"_price":"","_stock":"","_tribe_ticket_header":"","_tribe_default_ticket_provider":"","_tribe_ticket_capacity":"0","_ticket_start_date":"","_ticket_end_date":"","_tribe_ticket_show_description":"","_tribe_ticket_show_not_going":false,"_tribe_ticket_use_global_stock":"","_tribe_ticket_global_stock_level":"","_global_stock_mode":"","_global_stock_cap":"","_tribe_rsvp_for_event":"","_tribe_ticket_going_count":"","_tribe_ticket_not_going_count":"","_tribe_tickets_list":"[]","_tribe_ticket_has_attendee_info_fields":false},"news-category":[7],"news-topic":[23],"organisation":[147],"authorship":[341],"acf":[],"yoast_head":"<!-- This site is optimized with the Yoast SEO Premium plugin v22.3 (Yoast SEO v22.3) - https:\/\/yoast.com\/wordpress\/plugins\/seo\/ -->\n<title>Live aus Den Haag: Studierende erl\u00e4utern geopolitische Herausforderungen - Universit\u00e4t Luxemburg<\/title>\n<meta name=\"description\" content=\"Die heutigen gro\u00dfen politischen und globalen Probleme \u2013 von der globalen Erw\u00e4rmung \u00fcber geopolitische Ver\u00e4nderungen bis hin zum digitalen Wandel \u2013 zu\" \/>\n<meta name=\"robots\" content=\"index, follow, max-snippet:-1, max-image-preview:large, max-video-preview:-1\" \/>\n<link rel=\"canonical\" href=\"https:\/\/www.uni.lu\/de\/news\/live-aus-den-haag-studierende-erlautern-geopolitische-herausforderungen\/\" \/>\n<meta property=\"og:locale\" content=\"de_DE\" \/>\n<meta property=\"og:type\" content=\"article\" \/>\n<meta property=\"og:title\" content=\"Live aus Den Haag: Studierende erl\u00e4utern geopolitische Herausforderungen\" \/>\n<meta property=\"og:description\" content=\"Die heutigen gro\u00dfen politischen und globalen Probleme \u2013 von der globalen Erw\u00e4rmung \u00fcber geopolitische Ver\u00e4nderungen bis hin zum digitalen Wandel \u2013 zu\" \/>\n<meta property=\"og:url\" content=\"https:\/\/www.uni.lu\/de\/news\/live-aus-den-haag-studierende-erlautern-geopolitische-herausforderungen\/\" \/>\n<meta property=\"og:site_name\" content=\"UNI DE\" \/>\n<meta property=\"article:publisher\" content=\"https:\/\/www.facebook.com\/uni.lu\" \/>\n<meta property=\"article:modified_time\" content=\"2025-06-13T13:11:31+00:00\" \/>\n<meta property=\"og:image\" content=\"https:\/\/www.uni.lu\/wp-content\/uploads\/sites\/10\/2025\/06\/13150905\/nqto-public-forum.jpg\" \/>\n\t<meta property=\"og:image:width\" content=\"2560\" \/>\n\t<meta property=\"og:image:height\" content=\"1884\" \/>\n\t<meta property=\"og:image:type\" content=\"image\/jpeg\" \/>\n<meta name=\"twitter:card\" content=\"summary_large_image\" \/>\n<meta name=\"twitter:label1\" content=\"Gesch\u00e4tzte Lesezeit\" \/>\n\t<meta name=\"twitter:data1\" content=\"1 Minute\" \/>\n<script type=\"application\/ld+json\" class=\"yoast-schema-graph\">{\"@context\":\"https:\/\/schema.org\",\"@graph\":[{\"@type\":\"NewsArticle\",\"@id\":\"https:\/\/www.uni.lu\/de\/news\/live-aus-den-haag-studierende-erlautern-geopolitische-herausforderungen\/#article\",\"isPartOf\":{\"@id\":\"https:\/\/www.uni.lu\/de\/news\/live-aus-den-haag-studierende-erlautern-geopolitische-herausforderungen\/\"},\"author\":{\"name\":\"Catherine Clesse\",\"@id\":\"https:\/\/www.uni.lu\/de\/#\/schema\/person\/67d3defa53981502bf9cddb74a850c08\"},\"headline\":\"Live aus Den Haag: Studierende erl\u00e4utern geopolitische Herausforderungen\",\"datePublished\":\"2025-06-13T13:09:54+00:00\",\"dateModified\":\"2025-06-13T13:11:31+00:00\",\"mainEntityOfPage\":{\"@id\":\"https:\/\/www.uni.lu\/de\/news\/live-aus-den-haag-studierende-erlautern-geopolitische-herausforderungen\/\"},\"wordCount\":133,\"publisher\":{\"@id\":\"https:\/\/www.uni.lu\/de\/#organization\"},\"image\":{\"@id\":\"https:\/\/www.uni.lu\/de\/news\/live-aus-den-haag-studierende-erlautern-geopolitische-herausforderungen\/#primaryimage\"},\"thumbnailUrl\":\"https:\/\/www.uni.lu\/wp-content\/uploads\/sites\/10\/2025\/06\/13150905\/nqto-public-forum.jpg\",\"inLanguage\":\"de-DE\"},{\"@type\":\"WebPage\",\"@id\":\"https:\/\/www.uni.lu\/de\/news\/live-aus-den-haag-studierende-erlautern-geopolitische-herausforderungen\/\",\"url\":\"https:\/\/www.uni.lu\/de\/news\/live-aus-den-haag-studierende-erlautern-geopolitische-herausforderungen\/\",\"name\":\"Live aus Den Haag: Studierende erl\u00e4utern geopolitische Herausforderungen - Universit\u00e4t Luxemburg\",\"isPartOf\":{\"@id\":\"https:\/\/www.uni.lu\/de\/#website\"},\"primaryImageOfPage\":{\"@id\":\"https:\/\/www.uni.lu\/de\/news\/live-aus-den-haag-studierende-erlautern-geopolitische-herausforderungen\/#primaryimage\"},\"image\":{\"@id\":\"https:\/\/www.uni.lu\/de\/news\/live-aus-den-haag-studierende-erlautern-geopolitische-herausforderungen\/#primaryimage\"},\"thumbnailUrl\":\"https:\/\/www.uni.lu\/wp-content\/uploads\/sites\/10\/2025\/06\/13150905\/nqto-public-forum.jpg\",\"datePublished\":\"2025-06-13T13:09:54+00:00\",\"dateModified\":\"2025-06-13T13:11:31+00:00\",\"description\":\"Die heutigen gro\u00dfen politischen und globalen Probleme \u2013 von der globalen Erw\u00e4rmung \u00fcber geopolitische Ver\u00e4nderungen bis hin zum digitalen Wandel \u2013 zu\",\"breadcrumb\":{\"@id\":\"https:\/\/www.uni.lu\/de\/news\/live-aus-den-haag-studierende-erlautern-geopolitische-herausforderungen\/#breadcrumb\"},\"inLanguage\":\"de-DE\",\"potentialAction\":[{\"@type\":\"ReadAction\",\"target\":[\"https:\/\/www.uni.lu\/de\/news\/live-aus-den-haag-studierende-erlautern-geopolitische-herausforderungen\/\"]}]},{\"@type\":\"ImageObject\",\"inLanguage\":\"de-DE\",\"@id\":\"https:\/\/www.uni.lu\/de\/news\/live-aus-den-haag-studierende-erlautern-geopolitische-herausforderungen\/#primaryimage\",\"url\":\"https:\/\/www.uni.lu\/wp-content\/uploads\/sites\/10\/2025\/06\/13150905\/nqto-public-forum.jpg\",\"contentUrl\":\"https:\/\/www.uni.lu\/wp-content\/uploads\/sites\/10\/2025\/06\/13150905\/nqto-public-forum.jpg\",\"width\":2560,\"height\":1884,\"caption\":\"Credit: NATO Public Forum\"},{\"@type\":\"BreadcrumbList\",\"@id\":\"https:\/\/www.uni.lu\/de\/news\/live-aus-den-haag-studierende-erlautern-geopolitische-herausforderungen\/#breadcrumb\",\"itemListElement\":[{\"@type\":\"ListItem\",\"position\":1,\"name\":\"Home\",\"item\":\"https:\/\/www.uni.lu\/de\/\"},{\"@type\":\"ListItem\",\"position\":2,\"name\":\"News\",\"item\":\"https:\/\/www.uni.lu\/de\/news\/\"},{\"@type\":\"ListItem\",\"position\":3,\"name\":\"Live aus Den Haag: Studierende erl\u00e4utern geopolitische Herausforderungen\"}]},{\"@type\":\"WebSite\",\"@id\":\"https:\/\/www.uni.lu\/de\/#website\",\"url\":\"https:\/\/www.uni.lu\/de\/\",\"name\":\"Uni.lu\",\"description\":\"Universit\u00e4t Luxemburg\",\"publisher\":{\"@id\":\"https:\/\/www.uni.lu\/de\/#organization\"},\"alternateName\":\"Universit\u00e4t Luxemburg\",\"potentialAction\":[{\"@type\":\"SearchAction\",\"target\":{\"@type\":\"EntryPoint\",\"urlTemplate\":\"https:\/\/www.uni.lu\/de\/?s={search_term_string}\"},\"query-input\":\"required name=search_term_string\"}],\"inLanguage\":\"de-DE\"},{\"@type\":\"Organization\",\"@id\":\"https:\/\/www.uni.lu\/de\/#organization\",\"name\":\"Universit\u00e4t Luxemburg\",\"alternateName\":\"Uni.lu\",\"url\":\"https:\/\/www.uni.lu\/de\/\",\"logo\":{\"@type\":\"ImageObject\",\"inLanguage\":\"de-DE\",\"@id\":\"https:\/\/www.uni.lu\/de\/#\/schema\/logo\/image\/\",\"url\":\"https:\/\/www.uni.lu\/wp-content\/uploads\/sites\/10\/2026\/03\/03120000\/UNIV_SM-Profile_1600x1600px-scaled.jpg\",\"contentUrl\":\"https:\/\/www.uni.lu\/wp-content\/uploads\/sites\/10\/2026\/03\/03120000\/UNIV_SM-Profile_1600x1600px-scaled.jpg\",\"width\":2560,\"height\":2560,\"caption\":\"Universit\u00e4t Luxemburg\"},\"image\":\"https:\/\/www.uni.lu\/wp-content\/uploads\/sites\/10\/2026\/04\/24144329\/20200609-Belval-Campus_Henri-Goergen-23.jpg\",\"sameAs\":[\"https:\/\/www.facebook.com\/uni.lu\",\"https:\/\/www.linkedin.com\/school\/university-of-luxembourg\/\",\"https:\/\/www.instagram.com\/uni.lu\",\"https:\/\/www.youtube.com\/@uni_lu\",\"https:\/\/en.wikipedia.org\/wiki\/University_of_Luxembourg\"],\"email\":\"communication@uni.lu\",\"telephone\":\"+3524666441\",\"address\":{\"@type\":\"PostalAddress\",\"streetAddress\":\"2, place de l\u2019Universit\u00e9\",\"addressLocality\":\"Esch-sur-Alzette\",\"postalCode\":\"4365\",\"addressCountry\":\"LU\"},\"description\":\"Universit\u00e4t Luxemburg\"},{\"@type\":\"Person\",\"@id\":\"https:\/\/www.uni.lu\/de\/#\/schema\/person\/67d3defa53981502bf9cddb74a850c08\",\"name\":\"Catherine Clesse\",\"image\":{\"@type\":\"ImageObject\",\"inLanguage\":\"de-DE\",\"@id\":\"https:\/\/www.uni.lu\/de\/#\/schema\/person\/image\/\",\"url\":\"https:\/\/secure.gravatar.com\/avatar\/6a2e15a24f9036a6aee8753304e46c2d?s=96&d=mm&r=g\",\"contentUrl\":\"https:\/\/secure.gravatar.com\/avatar\/6a2e15a24f9036a6aee8753304e46c2d?s=96&d=mm&r=g\",\"caption\":\"Catherine Clesse\"}}]}<\/script>\n<!-- \/ Yoast SEO Premium plugin. -->","yoast_head_json":{"title":"Live aus Den Haag: Studierende erl\u00e4utern geopolitische Herausforderungen - Universit\u00e4t Luxemburg","description":"Die heutigen gro\u00dfen politischen und globalen Probleme \u2013 von der globalen Erw\u00e4rmung \u00fcber geopolitische Ver\u00e4nderungen bis hin zum digitalen Wandel \u2013 zu","robots":{"index":"index","follow":"follow","max-snippet":"max-snippet:-1","max-image-preview":"max-image-preview:large","max-video-preview":"max-video-preview:-1"},"canonical":"https:\/\/www.uni.lu\/de\/news\/live-aus-den-haag-studierende-erlautern-geopolitische-herausforderungen\/","og_locale":"de_DE","og_type":"article","og_title":"Live aus Den Haag: Studierende erl\u00e4utern geopolitische Herausforderungen","og_description":"Die heutigen gro\u00dfen politischen und globalen Probleme \u2013 von der globalen Erw\u00e4rmung \u00fcber geopolitische Ver\u00e4nderungen bis hin zum digitalen Wandel \u2013 zu","og_url":"https:\/\/www.uni.lu\/de\/news\/live-aus-den-haag-studierende-erlautern-geopolitische-herausforderungen\/","og_site_name":"UNI DE","article_publisher":"https:\/\/www.facebook.com\/uni.lu","article_modified_time":"2025-06-13T13:11:31+00:00","og_image":[{"width":2560,"height":1884,"url":"https:\/\/www.uni.lu\/wp-content\/uploads\/sites\/10\/2025\/06\/13150905\/nqto-public-forum.jpg","type":"image\/jpeg"}],"twitter_card":"summary_large_image","twitter_misc":{"Gesch\u00e4tzte Lesezeit":"1 Minute"},"schema":{"@context":"https:\/\/schema.org","@graph":[{"@type":"NewsArticle","@id":"https:\/\/www.uni.lu\/de\/news\/live-aus-den-haag-studierende-erlautern-geopolitische-herausforderungen\/#article","isPartOf":{"@id":"https:\/\/www.uni.lu\/de\/news\/live-aus-den-haag-studierende-erlautern-geopolitische-herausforderungen\/"},"author":{"name":"Catherine Clesse","@id":"https:\/\/www.uni.lu\/de\/#\/schema\/person\/67d3defa53981502bf9cddb74a850c08"},"headline":"Live aus Den Haag: Studierende erl\u00e4utern geopolitische Herausforderungen","datePublished":"2025-06-13T13:09:54+00:00","dateModified":"2025-06-13T13:11:31+00:00","mainEntityOfPage":{"@id":"https:\/\/www.uni.lu\/de\/news\/live-aus-den-haag-studierende-erlautern-geopolitische-herausforderungen\/"},"wordCount":133,"publisher":{"@id":"https:\/\/www.uni.lu\/de\/#organization"},"image":{"@id":"https:\/\/www.uni.lu\/de\/news\/live-aus-den-haag-studierende-erlautern-geopolitische-herausforderungen\/#primaryimage"},"thumbnailUrl":"https:\/\/www.uni.lu\/wp-content\/uploads\/sites\/10\/2025\/06\/13150905\/nqto-public-forum.jpg","inLanguage":"de-DE"},{"@type":"WebPage","@id":"https:\/\/www.uni.lu\/de\/news\/live-aus-den-haag-studierende-erlautern-geopolitische-herausforderungen\/","url":"https:\/\/www.uni.lu\/de\/news\/live-aus-den-haag-studierende-erlautern-geopolitische-herausforderungen\/","name":"Live aus Den Haag: Studierende erl\u00e4utern geopolitische Herausforderungen - Universit\u00e4t Luxemburg","isPartOf":{"@id":"https:\/\/www.uni.lu\/de\/#website"},"primaryImageOfPage":{"@id":"https:\/\/www.uni.lu\/de\/news\/live-aus-den-haag-studierende-erlautern-geopolitische-herausforderungen\/#primaryimage"},"image":{"@id":"https:\/\/www.uni.lu\/de\/news\/live-aus-den-haag-studierende-erlautern-geopolitische-herausforderungen\/#primaryimage"},"thumbnailUrl":"https:\/\/www.uni.lu\/wp-content\/uploads\/sites\/10\/2025\/06\/13150905\/nqto-public-forum.jpg","datePublished":"2025-06-13T13:09:54+00:00","dateModified":"2025-06-13T13:11:31+00:00","description":"Die heutigen gro\u00dfen politischen und globalen Probleme \u2013 von der globalen Erw\u00e4rmung \u00fcber geopolitische Ver\u00e4nderungen bis hin zum digitalen Wandel \u2013 zu","breadcrumb":{"@id":"https:\/\/www.uni.lu\/de\/news\/live-aus-den-haag-studierende-erlautern-geopolitische-herausforderungen\/#breadcrumb"},"inLanguage":"de-DE","potentialAction":[{"@type":"ReadAction","target":["https:\/\/www.uni.lu\/de\/news\/live-aus-den-haag-studierende-erlautern-geopolitische-herausforderungen\/"]}]},{"@type":"ImageObject","inLanguage":"de-DE","@id":"https:\/\/www.uni.lu\/de\/news\/live-aus-den-haag-studierende-erlautern-geopolitische-herausforderungen\/#primaryimage","url":"https:\/\/www.uni.lu\/wp-content\/uploads\/sites\/10\/2025\/06\/13150905\/nqto-public-forum.jpg","contentUrl":"https:\/\/www.uni.lu\/wp-content\/uploads\/sites\/10\/2025\/06\/13150905\/nqto-public-forum.jpg","width":2560,"height":1884,"caption":"Credit: NATO Public Forum"},{"@type":"BreadcrumbList","@id":"https:\/\/www.uni.lu\/de\/news\/live-aus-den-haag-studierende-erlautern-geopolitische-herausforderungen\/#breadcrumb","itemListElement":[{"@type":"ListItem","position":1,"name":"Home","item":"https:\/\/www.uni.lu\/de\/"},{"@type":"ListItem","position":2,"name":"News","item":"https:\/\/www.uni.lu\/de\/news\/"},{"@type":"ListItem","position":3,"name":"Live aus Den Haag: Studierende erl\u00e4utern geopolitische Herausforderungen"}]},{"@type":"WebSite","@id":"https:\/\/www.uni.lu\/de\/#website","url":"https:\/\/www.uni.lu\/de\/","name":"Uni.lu","description":"Universit\u00e4t Luxemburg","publisher":{"@id":"https:\/\/www.uni.lu\/de\/#organization"},"alternateName":"Universit\u00e4t Luxemburg","potentialAction":[{"@type":"SearchAction","target":{"@type":"EntryPoint","urlTemplate":"https:\/\/www.uni.lu\/de\/?s={search_term_string}"},"query-input":"required name=search_term_string"}],"inLanguage":"de-DE"},{"@type":"Organization","@id":"https:\/\/www.uni.lu\/de\/#organization","name":"Universit\u00e4t Luxemburg","alternateName":"Uni.lu","url":"https:\/\/www.uni.lu\/de\/","logo":{"@type":"ImageObject","inLanguage":"de-DE","@id":"https:\/\/www.uni.lu\/de\/#\/schema\/logo\/image\/","url":"https:\/\/www.uni.lu\/wp-content\/uploads\/sites\/10\/2026\/03\/03120000\/UNIV_SM-Profile_1600x1600px-scaled.jpg","contentUrl":"https:\/\/www.uni.lu\/wp-content\/uploads\/sites\/10\/2026\/03\/03120000\/UNIV_SM-Profile_1600x1600px-scaled.jpg","width":2560,"height":2560,"caption":"Universit\u00e4t Luxemburg"},"image":"https:\/\/www.uni.lu\/wp-content\/uploads\/sites\/10\/2026\/04\/24144329\/20200609-Belval-Campus_Henri-Goergen-23.jpg","sameAs":["https:\/\/www.facebook.com\/uni.lu","https:\/\/www.linkedin.com\/school\/university-of-luxembourg\/","https:\/\/www.instagram.com\/uni.lu","https:\/\/www.youtube.com\/@uni_lu","https:\/\/en.wikipedia.org\/wiki\/University_of_Luxembourg"],"email":"communication@uni.lu","telephone":"+3524666441","address":{"@type":"PostalAddress","streetAddress":"2, place de l\u2019Universit\u00e9","addressLocality":"Esch-sur-Alzette","postalCode":"4365","addressCountry":"LU"},"description":"Universit\u00e4t Luxemburg"},{"@type":"Person","@id":"https:\/\/www.uni.lu\/de\/#\/schema\/person\/67d3defa53981502bf9cddb74a850c08","name":"Catherine Clesse","image":{"@type":"ImageObject","inLanguage":"de-DE","@id":"https:\/\/www.uni.lu\/de\/#\/schema\/person\/image\/","url":"https:\/\/secure.gravatar.com\/avatar\/6a2e15a24f9036a6aee8753304e46c2d?s=96&d=mm&r=g","contentUrl":"https:\/\/secure.gravatar.com\/avatar\/6a2e15a24f9036a6aee8753304e46c2d?s=96&d=mm&r=g","caption":"Catherine Clesse"}}]}},"blog_id":10,"_links":{"self":[{"href":"https:\/\/www.uni.lu\/de\/wp-json\/wp\/v2\/news\/6899"}],"collection":[{"href":"https:\/\/www.uni.lu\/de\/wp-json\/wp\/v2\/news"}],"about":[{"href":"https:\/\/www.uni.lu\/de\/wp-json\/wp\/v2\/types\/news"}],"author":[{"embeddable":true,"href":"https:\/\/www.uni.lu\/de\/wp-json\/wp\/v2\/users\/341"}],"version-history":[{"count":1,"href":"https:\/\/www.uni.lu\/de\/wp-json\/wp\/v2\/news\/6899\/revisions"}],"predecessor-version":[{"id":6901,"href":"https:\/\/www.uni.lu\/de\/wp-json\/wp\/v2\/news\/6899\/revisions\/6901"}],"wp:authorship":[{"embeddable":true,"href":"https:\/\/www.uni.lu\/de\/wp-json\/wp\/v2\/users\/341"}],"wp:featuredmedia":[{"embeddable":true,"href":"https:\/\/www.uni.lu\/de\/wp-json\/wp\/v2\/media\/6900"}],"wp:attachment":[{"href":"https:\/\/www.uni.lu\/de\/wp-json\/wp\/v2\/media?parent=6899"}],"wp:term":[{"taxonomy":"news-category","embeddable":true,"href":"https:\/\/www.uni.lu\/de\/wp-json\/wp\/v2\/news-category?post=6899"},{"taxonomy":"news-topic","embeddable":true,"href":"https:\/\/www.uni.lu\/de\/wp-json\/wp\/v2\/news-topic?post=6899"},{"taxonomy":"organisation","embeddable":true,"href":"https:\/\/www.uni.lu\/de\/wp-json\/wp\/v2\/organisation?post=6899"}],"curies":[{"name":"wp","href":"https:\/\/api.w.org\/{rel}","templated":true}]}}