{"id":6861,"date":"2025-06-10T16:23:43","date_gmt":"2025-06-10T14:23:43","guid":{"rendered":"https:\/\/www.uni.lu\/de\/?post_type=news&#038;p=6861"},"modified":"2025-06-10T16:23:44","modified_gmt":"2025-06-10T14:23:44","slug":"herzlichen-glueckwunsch-an-die-marie-speyer-preistraegerinnen-2025","status":"publish","type":"news","link":"https:\/\/www.uni.lu\/de\/news\/herzlichen-glueckwunsch-an-die-marie-speyer-preistraegerinnen-2025\/","title":{"rendered":"Herzlichen Gl\u00fcckwunsch an die Marie Speyer Preistr\u00e4gerinnen!"},"content":{"rendered":"\n<section class=\"wp-block-unilux-blocks-free-section section\"><div class=\"container xl:max-w-screen-xl\">\n<p>Dieses Jahr bewarben sich 61 Forscherinnen um ein Marie Speyer Stipendium \u2013 das Uni.lu Programm f\u00fcr Forscherinnen der Universit\u00e4t \u2013, fast doppelt so viele wie bei der ersten Ausgabe im letzten Jahr. Die sieben Finalistinnen spiegeln das vielf\u00e4ltige und interdisziplin\u00e4re Forschungsumfeld der Uni.lu wider, in dem Frauen au\u00dfergew\u00f6hnliche wissenschaftliche Leistungen erbringen.<\/p>\n\n\n\n<p>Die Stipendiatinnen erhalten jeweils 130,000 Euro Forschungsgeld f\u00fcr ihr Projekt, und drei Wissenschaftlerinnen wurden f\u00fcr ihre herausragende wissenschaftliche Qualit\u00e4t mit dem Seal of Excellence ausgezeichnet.<\/p>\n\n\n\n<section class=\"wp-block-unilux-blocks-quote-people\">\n    <div class=\"quote-people\" role=\"group\">\n        <figure class=\"quote-people__body\">\n            <blockquote class=\"quote-people__blockquote\">\n    <span class=\"quote-people__quote\">\u201f<\/span>\n    Ich bin sehr dankbar f\u00fcr die F\u00f6rderung meines Projekts DigiTRAD, das untersucht, wie reaktion\u00e4re Diskurse \u00fcber Sprache, Geschlecht und Nation in neuen Medien zirkulieren und f\u00fcr junge Menschen in Luxemburg attraktiv gemacht werden. Es ist gro\u00dfartig, dass Uni.lu kritische Medienforschung unterst\u00fctzt, und ich freue mich sehr, dass mein Projekt auch zwei Masterarbeiten \u2013 und hoffentlich zuk\u00fcnftige Doktorarbeiten \u2013 unterst\u00fctzen wird!\u201d\n<\/blockquote>\n<div class=\"wp-block-unilux-blocks-wrapper quote-people__figcaption\">\n<p class=\"quote-people__author wp-block-unilux-blocks-plain-text\">Catherine Tebaldi<\/p><\/div>\n        <\/figure>\n    <\/div>\n<\/section>\n\n<div class=\"wp-block-unilux-blocks-spacer is-spacer-size-md\"><\/div>\n\n\n<h2 class=\"has-text-align-left wp-block-unilux-blocks-heading\"        id=\"entdecken-sie-die-sieben-gewinnerinnen-auf-englisch\"\n    >\nEntdecken Sie die sieben Gewinnerinnen auf Englisch<\/h2>\n\n\n\n<ul class=\"wp-block-unilux-blocks-button-list-v2\">\n<li class=\"wp-block-unilux-blocks-button-list-item-v2 image-rounded\"><a class=\"quick-link\" href=\"https:\/\/www.uni.lu\/en\/news\/congratulations-to-recipients-of-the-marie-speyer-grants-2025\/\" target=\"\" role=\"link\" rel=\"noopener\" tabindex=\"0\"><span class=\"quick-link__container\">\n<div class=\"wp-block-unilux-blocks-block-inserter quick-link__img\"><figure class=\"wp-block-dev4-reusable-blocks-image  object-fit--cover\">\n    \n<img decoding=\"async\" class=\"wp-block-image unilux-custom-image-block\"\n                alt=\"\"\n            src=\"https:\/\/www.uni.lu\/wp-content\/uploads\/sites\/11\/2023\/11\/Placeholder_news.png\"\n                    style=\"object-position: 50.00% 50.00%; font-family: &quot;object-fit: cover; object-position: 50.00% 50.00%;&quot;; aspect-ratio: 1\/1; object-fit: cover; width: 100%;\"\n        loading=\"lazy\"\n\/>    <\/figure><\/div>\n\n\n\n<span class=\"quick-link__name wp-block-unilux-blocks-plain-text\">Congratulations to recipients of the Marie Speyer Grants!<\/span>\n\n<svg aria-hidden=\"true\" focusable=\"false\" class=\"icon icon-outline icon--arrow-right \"><use xlink:href=\"https:\/\/www.uni.lu\/wp-content\/themes\/unilux-theme\/assets\/images\/icons\/icons-outline.svg#icon--arrow-right\"><\/use><\/svg><\/span><\/a><\/li>\n<\/ul>\n<\/div><\/section>\n","protected":false},"excerpt":{"rendered":"<p>Dieses Jahr bewarben sich 61 Forscherinnen um ein Marie Speyer Stipendium \u2013 das Uni.lu Programm f\u00fcr Forscherinnen der Universit\u00e4t \u2013, fast doppelt so viele wie bei der ersten Ausgabe im letzten Jahr. Die sieben Finalistinnen spiegeln das vielf\u00e4ltige und interdisziplin\u00e4re Forschungsumfeld der Uni.lu wider, in dem Frauen au\u00dfergew\u00f6hnliche wissenschaftliche Leistungen erbringen.<\/p>\n","protected":false},"author":44,"featured_media":6862,"template":"","format":"standard","meta":{"featured_image_focal_point":[],"show_featured_caption":false,"ulux_newsletter_groups":"","uluxPostTitle":"","uluxPrePostTitle":"","_trash_the_other_posts":false,"_price":"","_stock":"","_tribe_ticket_header":"","_tribe_default_ticket_provider":"","_tribe_ticket_capacity":"0","_ticket_start_date":"","_ticket_end_date":"","_tribe_ticket_show_description":"","_tribe_ticket_show_not_going":false,"_tribe_ticket_use_global_stock":"","_tribe_ticket_global_stock_level":"","_global_stock_mode":"","_global_stock_cap":"","_tribe_rsvp_for_event":"","_tribe_ticket_going_count":"","_tribe_ticket_not_going_count":"","_tribe_tickets_list":"[]","_tribe_ticket_has_attendee_info_fields":false},"news-category":[4],"news-topic":[],"organisation":[412],"authorship":[44,91],"acf":[],"yoast_head":"<!-- This site is optimized with the Yoast SEO Premium plugin v22.3 (Yoast SEO v22.3) - https:\/\/yoast.com\/wordpress\/plugins\/seo\/ -->\n<title>Herzlichen Gl\u00fcckwunsch an die Marie Speyer Preistr\u00e4gerinnen! - Universit\u00e4t Luxemburg<\/title>\n<meta name=\"description\" content=\"Dieses Jahr bewarben sich 61 Forscherinnen um ein Marie Speyer Stipendium \u2013 das Uni.lu Programm f\u00fcr Forscherinnen der Universit\u00e4t \u2013, fast doppelt so viele wie bei der ersten Ausgabe im letzten Jahr. Die sieben Finalistinnen spiegeln das vielf\u00e4ltige und interdisziplin\u00e4re Forschungsumfeld der Uni.lu wider, in dem Frauen au\u00dfergew\u00f6hnliche wissenschaftliche Leistungen erbringen.\" \/>\n<meta name=\"robots\" content=\"index, follow, max-snippet:-1, max-image-preview:large, max-video-preview:-1\" \/>\n<link rel=\"canonical\" href=\"https:\/\/www.uni.lu\/de\/news\/herzlichen-glueckwunsch-an-die-marie-speyer-preistraegerinnen-2025\/\" \/>\n<meta property=\"og:locale\" content=\"de_DE\" \/>\n<meta property=\"og:type\" content=\"article\" \/>\n<meta property=\"og:title\" content=\"Herzlichen Gl\u00fcckwunsch an die Marie Speyer Preistr\u00e4gerinnen!\" \/>\n<meta property=\"og:description\" content=\"Dieses Jahr bewarben sich 61 Forscherinnen um ein Marie Speyer Stipendium \u2013 das Uni.lu Programm f\u00fcr Forscherinnen der Universit\u00e4t \u2013, fast doppelt so viele wie bei der ersten Ausgabe im letzten Jahr. Die sieben Finalistinnen spiegeln das vielf\u00e4ltige und interdisziplin\u00e4re Forschungsumfeld der Uni.lu wider, in dem Frauen au\u00dfergew\u00f6hnliche wissenschaftliche Leistungen erbringen.\" \/>\n<meta property=\"og:url\" content=\"https:\/\/www.uni.lu\/de\/news\/herzlichen-glueckwunsch-an-die-marie-speyer-preistraegerinnen-2025\/\" \/>\n<meta property=\"og:site_name\" content=\"UNI DE\" \/>\n<meta property=\"article:publisher\" content=\"https:\/\/www.facebook.com\/uni.lu\" \/>\n<meta property=\"article:modified_time\" content=\"2025-06-10T14:23:44+00:00\" \/>\n<meta property=\"og:image\" content=\"https:\/\/www.uni.lu\/wp-content\/uploads\/sites\/10\/2025\/06\/10162221\/Marie-Speyer-Grants_2025.jpg\" \/>\n\t<meta property=\"og:image:width\" content=\"1200\" \/>\n\t<meta property=\"og:image:height\" content=\"800\" \/>\n\t<meta property=\"og:image:type\" content=\"image\/jpeg\" \/>\n<meta name=\"twitter:card\" content=\"summary_large_image\" \/>\n<meta name=\"twitter:label1\" content=\"Gesch\u00e4tzte Lesezeit\" \/>\n\t<meta name=\"twitter:data1\" content=\"1 Minute\" \/>\n<script type=\"application\/ld+json\" class=\"yoast-schema-graph\">{\"@context\":\"https:\/\/schema.org\",\"@graph\":[{\"@type\":\"NewsArticle\",\"@id\":\"https:\/\/www.uni.lu\/de\/news\/herzlichen-glueckwunsch-an-die-marie-speyer-preistraegerinnen-2025\/#article\",\"isPartOf\":{\"@id\":\"https:\/\/www.uni.lu\/de\/news\/herzlichen-glueckwunsch-an-die-marie-speyer-preistraegerinnen-2025\/\"},\"author\":{\"name\":\"Eunice\",\"@id\":\"https:\/\/www.uni.lu\/de\/#\/schema\/person\/17dbc4a6ec9d969d266bcfb8d8e06279\"},\"headline\":\"Herzlichen Gl\u00fcckwunsch an die Marie Speyer Preistr\u00e4gerinnen!\",\"datePublished\":\"2025-06-10T14:23:43+00:00\",\"dateModified\":\"2025-06-10T14:23:44+00:00\",\"mainEntityOfPage\":{\"@id\":\"https:\/\/www.uni.lu\/de\/news\/herzlichen-glueckwunsch-an-die-marie-speyer-preistraegerinnen-2025\/\"},\"wordCount\":92,\"publisher\":{\"@id\":\"https:\/\/www.uni.lu\/de\/#organization\"},\"image\":{\"@id\":\"https:\/\/www.uni.lu\/de\/news\/herzlichen-glueckwunsch-an-die-marie-speyer-preistraegerinnen-2025\/#primaryimage\"},\"thumbnailUrl\":\"https:\/\/www.uni.lu\/wp-content\/uploads\/sites\/10\/2025\/06\/10162221\/Marie-Speyer-Grants_2025.jpg\",\"inLanguage\":\"de-DE\"},{\"@type\":\"WebPage\",\"@id\":\"https:\/\/www.uni.lu\/de\/news\/herzlichen-glueckwunsch-an-die-marie-speyer-preistraegerinnen-2025\/\",\"url\":\"https:\/\/www.uni.lu\/de\/news\/herzlichen-glueckwunsch-an-die-marie-speyer-preistraegerinnen-2025\/\",\"name\":\"Herzlichen Gl\u00fcckwunsch an die Marie Speyer Preistr\u00e4gerinnen! - Universit\u00e4t Luxemburg\",\"isPartOf\":{\"@id\":\"https:\/\/www.uni.lu\/de\/#website\"},\"primaryImageOfPage\":{\"@id\":\"https:\/\/www.uni.lu\/de\/news\/herzlichen-glueckwunsch-an-die-marie-speyer-preistraegerinnen-2025\/#primaryimage\"},\"image\":{\"@id\":\"https:\/\/www.uni.lu\/de\/news\/herzlichen-glueckwunsch-an-die-marie-speyer-preistraegerinnen-2025\/#primaryimage\"},\"thumbnailUrl\":\"https:\/\/www.uni.lu\/wp-content\/uploads\/sites\/10\/2025\/06\/10162221\/Marie-Speyer-Grants_2025.jpg\",\"datePublished\":\"2025-06-10T14:23:43+00:00\",\"dateModified\":\"2025-06-10T14:23:44+00:00\",\"description\":\"Dieses Jahr bewarben sich 61 Forscherinnen um ein Marie Speyer Stipendium \u2013 das Uni.lu Programm f\u00fcr Forscherinnen der Universit\u00e4t \u2013, fast doppelt so viele wie bei der ersten Ausgabe im letzten Jahr. Die sieben Finalistinnen spiegeln das vielf\u00e4ltige und interdisziplin\u00e4re Forschungsumfeld der Uni.lu wider, in dem Frauen au\u00dfergew\u00f6hnliche wissenschaftliche Leistungen erbringen.\",\"breadcrumb\":{\"@id\":\"https:\/\/www.uni.lu\/de\/news\/herzlichen-glueckwunsch-an-die-marie-speyer-preistraegerinnen-2025\/#breadcrumb\"},\"inLanguage\":\"de-DE\",\"potentialAction\":[{\"@type\":\"ReadAction\",\"target\":[\"https:\/\/www.uni.lu\/de\/news\/herzlichen-glueckwunsch-an-die-marie-speyer-preistraegerinnen-2025\/\"]}]},{\"@type\":\"ImageObject\",\"inLanguage\":\"de-DE\",\"@id\":\"https:\/\/www.uni.lu\/de\/news\/herzlichen-glueckwunsch-an-die-marie-speyer-preistraegerinnen-2025\/#primaryimage\",\"url\":\"https:\/\/www.uni.lu\/wp-content\/uploads\/sites\/10\/2025\/06\/10162221\/Marie-Speyer-Grants_2025.jpg\",\"contentUrl\":\"https:\/\/www.uni.lu\/wp-content\/uploads\/sites\/10\/2025\/06\/10162221\/Marie-Speyer-Grants_2025.jpg\",\"width\":1200,\"height\":800,\"caption\":\"Marie Speyer Stipendium\"},{\"@type\":\"BreadcrumbList\",\"@id\":\"https:\/\/www.uni.lu\/de\/news\/herzlichen-glueckwunsch-an-die-marie-speyer-preistraegerinnen-2025\/#breadcrumb\",\"itemListElement\":[{\"@type\":\"ListItem\",\"position\":1,\"name\":\"Home\",\"item\":\"https:\/\/www.uni.lu\/de\/\"},{\"@type\":\"ListItem\",\"position\":2,\"name\":\"News\",\"item\":\"https:\/\/www.uni.lu\/de\/news\/\"},{\"@type\":\"ListItem\",\"position\":3,\"name\":\"Herzlichen Gl\u00fcckwunsch an die Marie Speyer Preistr\u00e4gerinnen!\"}]},{\"@type\":\"WebSite\",\"@id\":\"https:\/\/www.uni.lu\/de\/#website\",\"url\":\"https:\/\/www.uni.lu\/de\/\",\"name\":\"Uni.lu\",\"description\":\"Universit\u00e4t Luxemburg\",\"publisher\":{\"@id\":\"https:\/\/www.uni.lu\/de\/#organization\"},\"alternateName\":\"Universit\u00e4t Luxemburg\",\"potentialAction\":[{\"@type\":\"SearchAction\",\"target\":{\"@type\":\"EntryPoint\",\"urlTemplate\":\"https:\/\/www.uni.lu\/de\/?s={search_term_string}\"},\"query-input\":\"required name=search_term_string\"}],\"inLanguage\":\"de-DE\"},{\"@type\":\"Organization\",\"@id\":\"https:\/\/www.uni.lu\/de\/#organization\",\"name\":\"Universit\u00e4t Luxemburg\",\"alternateName\":\"Uni.lu\",\"url\":\"https:\/\/www.uni.lu\/de\/\",\"logo\":{\"@type\":\"ImageObject\",\"inLanguage\":\"de-DE\",\"@id\":\"https:\/\/www.uni.lu\/de\/#\/schema\/logo\/image\/\",\"url\":\"https:\/\/www.uni.lu\/wp-content\/uploads\/sites\/10\/2026\/03\/03120000\/UNIV_SM-Profile_1600x1600px-scaled.jpg\",\"contentUrl\":\"https:\/\/www.uni.lu\/wp-content\/uploads\/sites\/10\/2026\/03\/03120000\/UNIV_SM-Profile_1600x1600px-scaled.jpg\",\"width\":2560,\"height\":2560,\"caption\":\"Universit\u00e4t Luxemburg\"},\"image\":\"https:\/\/www.uni.lu\/wp-content\/uploads\/sites\/10\/2026\/04\/24144329\/20200609-Belval-Campus_Henri-Goergen-23.jpg\",\"sameAs\":[\"https:\/\/www.facebook.com\/uni.lu\",\"https:\/\/www.linkedin.com\/school\/university-of-luxembourg\/\",\"https:\/\/www.instagram.com\/uni.lu\",\"https:\/\/www.youtube.com\/@uni_lu\",\"https:\/\/en.wikipedia.org\/wiki\/University_of_Luxembourg\"],\"email\":\"communication@uni.lu\",\"telephone\":\"+3524666441\",\"address\":{\"@type\":\"PostalAddress\",\"streetAddress\":\"2, place de l\u2019Universit\u00e9\",\"addressLocality\":\"Esch-sur-Alzette\",\"postalCode\":\"4365\",\"addressCountry\":\"LU\"},\"description\":\"Universit\u00e4t Luxemburg\"},{\"@type\":\"Person\",\"@id\":\"https:\/\/www.uni.lu\/de\/#\/schema\/person\/17dbc4a6ec9d969d266bcfb8d8e06279\",\"name\":\"Eunice\",\"image\":{\"@type\":\"ImageObject\",\"inLanguage\":\"de-DE\",\"@id\":\"https:\/\/www.uni.lu\/de\/#\/schema\/person\/image\/\",\"url\":\"https:\/\/secure.gravatar.com\/avatar\/dff9d86d63de4fa4c270ac204a61e8a8?s=96&d=mm&r=g\",\"contentUrl\":\"https:\/\/secure.gravatar.com\/avatar\/dff9d86d63de4fa4c270ac204a61e8a8?s=96&d=mm&r=g\",\"caption\":\"Eunice\"},\"birthDate\":\"1991-12-20\",\"gender\":\"female\",\"jobTitle\":\"Web editor\",\"worksFor\":\"University of Luxembourg\"}]}<\/script>\n<!-- \/ Yoast SEO Premium plugin. -->","yoast_head_json":{"title":"Herzlichen Gl\u00fcckwunsch an die Marie Speyer Preistr\u00e4gerinnen! - Universit\u00e4t Luxemburg","description":"Dieses Jahr bewarben sich 61 Forscherinnen um ein Marie Speyer Stipendium \u2013 das Uni.lu Programm f\u00fcr Forscherinnen der Universit\u00e4t \u2013, fast doppelt so viele wie bei der ersten Ausgabe im letzten Jahr. Die sieben Finalistinnen spiegeln das vielf\u00e4ltige und interdisziplin\u00e4re Forschungsumfeld der Uni.lu wider, in dem Frauen au\u00dfergew\u00f6hnliche wissenschaftliche Leistungen erbringen.","robots":{"index":"index","follow":"follow","max-snippet":"max-snippet:-1","max-image-preview":"max-image-preview:large","max-video-preview":"max-video-preview:-1"},"canonical":"https:\/\/www.uni.lu\/de\/news\/herzlichen-glueckwunsch-an-die-marie-speyer-preistraegerinnen-2025\/","og_locale":"de_DE","og_type":"article","og_title":"Herzlichen Gl\u00fcckwunsch an die Marie Speyer Preistr\u00e4gerinnen!","og_description":"Dieses Jahr bewarben sich 61 Forscherinnen um ein Marie Speyer Stipendium \u2013 das Uni.lu Programm f\u00fcr Forscherinnen der Universit\u00e4t \u2013, fast doppelt so viele wie bei der ersten Ausgabe im letzten Jahr. Die sieben Finalistinnen spiegeln das vielf\u00e4ltige und interdisziplin\u00e4re Forschungsumfeld der Uni.lu wider, in dem Frauen au\u00dfergew\u00f6hnliche wissenschaftliche Leistungen erbringen.","og_url":"https:\/\/www.uni.lu\/de\/news\/herzlichen-glueckwunsch-an-die-marie-speyer-preistraegerinnen-2025\/","og_site_name":"UNI DE","article_publisher":"https:\/\/www.facebook.com\/uni.lu","article_modified_time":"2025-06-10T14:23:44+00:00","og_image":[{"width":1200,"height":800,"url":"https:\/\/www.uni.lu\/wp-content\/uploads\/sites\/10\/2025\/06\/10162221\/Marie-Speyer-Grants_2025.jpg","type":"image\/jpeg"}],"twitter_card":"summary_large_image","twitter_misc":{"Gesch\u00e4tzte Lesezeit":"1 Minute"},"schema":{"@context":"https:\/\/schema.org","@graph":[{"@type":"NewsArticle","@id":"https:\/\/www.uni.lu\/de\/news\/herzlichen-glueckwunsch-an-die-marie-speyer-preistraegerinnen-2025\/#article","isPartOf":{"@id":"https:\/\/www.uni.lu\/de\/news\/herzlichen-glueckwunsch-an-die-marie-speyer-preistraegerinnen-2025\/"},"author":{"name":"Eunice","@id":"https:\/\/www.uni.lu\/de\/#\/schema\/person\/17dbc4a6ec9d969d266bcfb8d8e06279"},"headline":"Herzlichen Gl\u00fcckwunsch an die Marie Speyer Preistr\u00e4gerinnen!","datePublished":"2025-06-10T14:23:43+00:00","dateModified":"2025-06-10T14:23:44+00:00","mainEntityOfPage":{"@id":"https:\/\/www.uni.lu\/de\/news\/herzlichen-glueckwunsch-an-die-marie-speyer-preistraegerinnen-2025\/"},"wordCount":92,"publisher":{"@id":"https:\/\/www.uni.lu\/de\/#organization"},"image":{"@id":"https:\/\/www.uni.lu\/de\/news\/herzlichen-glueckwunsch-an-die-marie-speyer-preistraegerinnen-2025\/#primaryimage"},"thumbnailUrl":"https:\/\/www.uni.lu\/wp-content\/uploads\/sites\/10\/2025\/06\/10162221\/Marie-Speyer-Grants_2025.jpg","inLanguage":"de-DE"},{"@type":"WebPage","@id":"https:\/\/www.uni.lu\/de\/news\/herzlichen-glueckwunsch-an-die-marie-speyer-preistraegerinnen-2025\/","url":"https:\/\/www.uni.lu\/de\/news\/herzlichen-glueckwunsch-an-die-marie-speyer-preistraegerinnen-2025\/","name":"Herzlichen Gl\u00fcckwunsch an die Marie Speyer Preistr\u00e4gerinnen! - Universit\u00e4t Luxemburg","isPartOf":{"@id":"https:\/\/www.uni.lu\/de\/#website"},"primaryImageOfPage":{"@id":"https:\/\/www.uni.lu\/de\/news\/herzlichen-glueckwunsch-an-die-marie-speyer-preistraegerinnen-2025\/#primaryimage"},"image":{"@id":"https:\/\/www.uni.lu\/de\/news\/herzlichen-glueckwunsch-an-die-marie-speyer-preistraegerinnen-2025\/#primaryimage"},"thumbnailUrl":"https:\/\/www.uni.lu\/wp-content\/uploads\/sites\/10\/2025\/06\/10162221\/Marie-Speyer-Grants_2025.jpg","datePublished":"2025-06-10T14:23:43+00:00","dateModified":"2025-06-10T14:23:44+00:00","description":"Dieses Jahr bewarben sich 61 Forscherinnen um ein Marie Speyer Stipendium \u2013 das Uni.lu Programm f\u00fcr Forscherinnen der Universit\u00e4t \u2013, fast doppelt so viele wie bei der ersten Ausgabe im letzten Jahr. Die sieben Finalistinnen spiegeln das vielf\u00e4ltige und interdisziplin\u00e4re Forschungsumfeld der Uni.lu wider, in dem Frauen au\u00dfergew\u00f6hnliche wissenschaftliche Leistungen erbringen.","breadcrumb":{"@id":"https:\/\/www.uni.lu\/de\/news\/herzlichen-glueckwunsch-an-die-marie-speyer-preistraegerinnen-2025\/#breadcrumb"},"inLanguage":"de-DE","potentialAction":[{"@type":"ReadAction","target":["https:\/\/www.uni.lu\/de\/news\/herzlichen-glueckwunsch-an-die-marie-speyer-preistraegerinnen-2025\/"]}]},{"@type":"ImageObject","inLanguage":"de-DE","@id":"https:\/\/www.uni.lu\/de\/news\/herzlichen-glueckwunsch-an-die-marie-speyer-preistraegerinnen-2025\/#primaryimage","url":"https:\/\/www.uni.lu\/wp-content\/uploads\/sites\/10\/2025\/06\/10162221\/Marie-Speyer-Grants_2025.jpg","contentUrl":"https:\/\/www.uni.lu\/wp-content\/uploads\/sites\/10\/2025\/06\/10162221\/Marie-Speyer-Grants_2025.jpg","width":1200,"height":800,"caption":"Marie Speyer Stipendium"},{"@type":"BreadcrumbList","@id":"https:\/\/www.uni.lu\/de\/news\/herzlichen-glueckwunsch-an-die-marie-speyer-preistraegerinnen-2025\/#breadcrumb","itemListElement":[{"@type":"ListItem","position":1,"name":"Home","item":"https:\/\/www.uni.lu\/de\/"},{"@type":"ListItem","position":2,"name":"News","item":"https:\/\/www.uni.lu\/de\/news\/"},{"@type":"ListItem","position":3,"name":"Herzlichen Gl\u00fcckwunsch an die Marie Speyer Preistr\u00e4gerinnen!"}]},{"@type":"WebSite","@id":"https:\/\/www.uni.lu\/de\/#website","url":"https:\/\/www.uni.lu\/de\/","name":"Uni.lu","description":"Universit\u00e4t Luxemburg","publisher":{"@id":"https:\/\/www.uni.lu\/de\/#organization"},"alternateName":"Universit\u00e4t Luxemburg","potentialAction":[{"@type":"SearchAction","target":{"@type":"EntryPoint","urlTemplate":"https:\/\/www.uni.lu\/de\/?s={search_term_string}"},"query-input":"required name=search_term_string"}],"inLanguage":"de-DE"},{"@type":"Organization","@id":"https:\/\/www.uni.lu\/de\/#organization","name":"Universit\u00e4t Luxemburg","alternateName":"Uni.lu","url":"https:\/\/www.uni.lu\/de\/","logo":{"@type":"ImageObject","inLanguage":"de-DE","@id":"https:\/\/www.uni.lu\/de\/#\/schema\/logo\/image\/","url":"https:\/\/www.uni.lu\/wp-content\/uploads\/sites\/10\/2026\/03\/03120000\/UNIV_SM-Profile_1600x1600px-scaled.jpg","contentUrl":"https:\/\/www.uni.lu\/wp-content\/uploads\/sites\/10\/2026\/03\/03120000\/UNIV_SM-Profile_1600x1600px-scaled.jpg","width":2560,"height":2560,"caption":"Universit\u00e4t Luxemburg"},"image":"https:\/\/www.uni.lu\/wp-content\/uploads\/sites\/10\/2026\/04\/24144329\/20200609-Belval-Campus_Henri-Goergen-23.jpg","sameAs":["https:\/\/www.facebook.com\/uni.lu","https:\/\/www.linkedin.com\/school\/university-of-luxembourg\/","https:\/\/www.instagram.com\/uni.lu","https:\/\/www.youtube.com\/@uni_lu","https:\/\/en.wikipedia.org\/wiki\/University_of_Luxembourg"],"email":"communication@uni.lu","telephone":"+3524666441","address":{"@type":"PostalAddress","streetAddress":"2, place de l\u2019Universit\u00e9","addressLocality":"Esch-sur-Alzette","postalCode":"4365","addressCountry":"LU"},"description":"Universit\u00e4t Luxemburg"},{"@type":"Person","@id":"https:\/\/www.uni.lu\/de\/#\/schema\/person\/17dbc4a6ec9d969d266bcfb8d8e06279","name":"Eunice","image":{"@type":"ImageObject","inLanguage":"de-DE","@id":"https:\/\/www.uni.lu\/de\/#\/schema\/person\/image\/","url":"https:\/\/secure.gravatar.com\/avatar\/dff9d86d63de4fa4c270ac204a61e8a8?s=96&d=mm&r=g","contentUrl":"https:\/\/secure.gravatar.com\/avatar\/dff9d86d63de4fa4c270ac204a61e8a8?s=96&d=mm&r=g","caption":"Eunice"},"birthDate":"1991-12-20","gender":"female","jobTitle":"Web editor","worksFor":"University of Luxembourg"}]}},"blog_id":10,"_links":{"self":[{"href":"https:\/\/www.uni.lu\/de\/wp-json\/wp\/v2\/news\/6861"}],"collection":[{"href":"https:\/\/www.uni.lu\/de\/wp-json\/wp\/v2\/news"}],"about":[{"href":"https:\/\/www.uni.lu\/de\/wp-json\/wp\/v2\/types\/news"}],"author":[{"embeddable":true,"href":"https:\/\/www.uni.lu\/de\/wp-json\/wp\/v2\/users\/44"}],"version-history":[{"count":1,"href":"https:\/\/www.uni.lu\/de\/wp-json\/wp\/v2\/news\/6861\/revisions"}],"predecessor-version":[{"id":6863,"href":"https:\/\/www.uni.lu\/de\/wp-json\/wp\/v2\/news\/6861\/revisions\/6863"}],"wp:authorship":[{"embeddable":true,"href":"https:\/\/www.uni.lu\/de\/wp-json\/wp\/v2\/users\/44"},{"embeddable":true,"href":"https:\/\/www.uni.lu\/de\/wp-json\/wp\/v2\/users\/91"}],"wp:featuredmedia":[{"embeddable":true,"href":"https:\/\/www.uni.lu\/de\/wp-json\/wp\/v2\/media\/6862"}],"wp:attachment":[{"href":"https:\/\/www.uni.lu\/de\/wp-json\/wp\/v2\/media?parent=6861"}],"wp:term":[{"taxonomy":"news-category","embeddable":true,"href":"https:\/\/www.uni.lu\/de\/wp-json\/wp\/v2\/news-category?post=6861"},{"taxonomy":"news-topic","embeddable":true,"href":"https:\/\/www.uni.lu\/de\/wp-json\/wp\/v2\/news-topic?post=6861"},{"taxonomy":"organisation","embeddable":true,"href":"https:\/\/www.uni.lu\/de\/wp-json\/wp\/v2\/organisation?post=6861"}],"curies":[{"name":"wp","href":"https:\/\/api.w.org\/{rel}","templated":true}]}}