{"id":6757,"date":"2025-05-26T14:58:39","date_gmt":"2025-05-26T12:58:39","guid":{"rendered":"https:\/\/www.uni.lu\/de\/?post_type=news&#038;p=6757"},"modified":"2025-05-26T16:28:25","modified_gmt":"2025-05-26T14:28:25","slug":"die-universitaet-luxemburg-wird-mitglied-der-guild-of-european-research-intensive-universities","status":"publish","type":"news","link":"https:\/\/www.uni.lu\/de\/news\/die-universitaet-luxemburg-wird-mitglied-der-guild-of-european-research-intensive-universities\/","title":{"rendered":"Die Universit\u00e4t Luxemburg wird Mitglied der \u201cGuild of European Research-Intensive Universities\u201c"},"content":{"rendered":"\n<section class=\"wp-block-unilux-blocks-free-section section\"><div class=\"container xl:max-w-screen-xl\">\n<p>Die Universit\u00e4t Luxemburg ist stolz darauf, ihre Aufnahme in die \u201c<a href=\"https:\/\/www.the-guild.eu\/\">Guild of European Research-Intensive Universities<\/a>\u201d zu verk\u00fcnden, einem Netzwerk f\u00fchrender europ\u00e4ischer Forschungsuniversit\u00e4ten. Mit diesem Schritt unterstreicht die Universit\u00e4t ihr Engagement f\u00fcr akademische und wissenschaftliche Exzellenz, gesellschaftliche Relevanz und internationale Zusammenarbeit. &nbsp;<\/p>\n\n\n\n<div class=\"wp-block-columns is-layout-flex wp-block-columns-is-layout-flex\">\n<div class=\"wp-block-column is-layout-flow wp-block-column-is-layout-flow\" style=\"flex-basis:33.33%\"><figure class=\"wp-block-dev4-reusable-blocks-image  object-fit--cover\">\n    \n<img decoding=\"async\" class=\"wp-block-image unilux-custom-image-block\"\n                alt=\"\"\n            src=\"https:\/\/www.uni.lu\/wp-content\/uploads\/sites\/9\/2025\/05\/23173033\/logo-guild-purple-bg-CMYK-3000px.png\"\n                    style=\"object-position: 50.00% 50.00%; font-family: &quot;object-fit: cover; object-position: 50.00% 50.00%;&quot;; aspect-ratio: 16\/9; object-fit: cover; width: 100%;\"\n        loading=\"lazy\"\n\/>    <\/figure><\/div>\n\n\n\n<div class=\"wp-block-column is-vertically-aligned-center is-layout-flow wp-block-column-is-layout-flow\" style=\"flex-basis:66.66%\">\n<p>Die 2016 gegr\u00fcndete Vereinigung bringt 23 renommierte forschungsstarke Universit\u00e4ten in 17 L\u00e4ndern in ganz Europa zusammen, darunter das King\u2018s College London, die Universit\u00e4t Wien, Paris Sciences et Lettres (PSL), die Universit\u00e4ten aus Bologna, Gent, T\u00fcbingen und die Universit\u00e9 Catholique de Louvain.&nbsp;<\/p>\n<\/div>\n<\/div>\n\n\n\n<p>Die Universit\u00e4t Luxemburg forscht auf Spitzenniveau, in der sowohl durch Neugier getriebene Grundlagenforschung als auch angewandte Forschung gleicherma\u00dfen gesch\u00e4tzt werden. Ihre Forschung basiert auf starken Disziplinen und verkn\u00fcpft Beitr\u00e4ge aus den Sozial- und Geisteswissenschaften (SSH), mit Naturwissenschaften, Technik, Ingenieurwesen, Mathematik und Medizin (STEM). Interdisziplinarit\u00e4t ist ein Markenzeichen der Universit\u00e4t Luxemburg.&nbsp;&nbsp;<\/p>\n\n\n\n<p>In der Lehre setzt die Universit\u00e4t auf pers\u00f6nliche Betreuung, gelebte Mehrsprachigkeit und ihre Verpflichtung zur internationalen Mobilit\u00e4t der Bachelor-Studierenden. \u00dcber 60 % der Studierenden kommen aus dem Ausland \u2013 eine kulturelle Vielfalt, die ein einzigartiges akademisches Umfeld schafft.&nbsp;<\/p>\n\n\n\n<p>ls einzige \u00f6ffentliche Universit\u00e4t Luxemburgs versteht sich Uni.lu als Talentschmiede des Landes und sorgt daf\u00fcr, dass Wissen und Innovation direkt in die Gesellschaft flie\u00dfen.&nbsp;<\/p>\n\n\n\n<section class=\"wp-block-unilux-blocks-quote-people\">\n    <div class=\"quote-people\" role=\"group\">\n        <figure class=\"quote-people__body\">\n            <blockquote class=\"quote-people__blockquote\">\n    <span class=\"quote-people__quote\">\u201f<\/span>\n    Ich sehe <em>The Guild<\/em> als Kernst\u00fcck unserer internationalen Strategie. Die Vereinigung er\u00f6ffnet uns neue M\u00f6glichkeiten f\u00fcr Kooperationen und Innovation in der in Forschung mit den kl\u00fcgsten K\u00f6pfen Europas, und ein gro\u00dfes Potenzial f\u00fcr die Verbesserung der Mobilit\u00e4t und Erfahrung der Studierenden, sowie die St\u00e4rkung unserer Interessenvertretung auf europ\u00e4ischer Ebene und den Gewinn von Einblicken in andere Institutionen. <em>In vielen Teilen der Welt sind akademische Freiheit und wissenschaftliche Unabh\u00e4ngigkeit bedroht<\/em>.<em> Um eine demokratische, wissensbasierte Gesellschaft zu sch\u00fctzen, m\u00fcssen wir mit einer Stimme f\u00fcr wissenschaftsbasierte Bildung und Politik, mutige und innovative Forschung eintreten<\/em>.\u201d\n<\/blockquote><!-- People Item Automated: Quote People -->\n<div class=\"quote-people__visual\">\n    <figure class=\"wp-block-dev4-reusable-blocks-image object-fit--cover\">\n        <!-- Template Image Component: default -->\n<img decoding=\"async\" class=\"w-full\" width=\"\" height=\"\" rel=\"\" alt=\"Prof Jens KREISEL\" src=\"https:\/\/www.uni.lu\/en\/person-image\/NTAwMzE3MzBfX0plbnMgS1JFSVNFTA==\" srcset=\"https:\/\/www.uni.lu\/en\/person-image\/NTAwMzE3MzBfX0plbnMgS1JFSVNFTA==--thumbnail 150w,https:\/\/www.uni.lu\/en\/person-image\/NTAwMzE3MzBfX0plbnMgS1JFSVNFTA==--medium 300w,https:\/\/www.uni.lu\/en\/person-image\/NTAwMzE3MzBfX0plbnMgS1JFSVNFTA==--medium_large 768w,https:\/\/www.uni.lu\/en\/person-image\/NTAwMzE3MzBfX0plbnMgS1JFSVNFTA==--large 1024w,https:\/\/www.uni.lu\/en\/person-image\/NTAwMzE3MzBfX0plbnMgS1JFSVNFTA==--1536x1536 1536w,https:\/\/www.uni.lu\/en\/person-image\/NTAwMzE3MzBfX0plbnMgS1JFSVNFTA==--2048x2048 2048w\" loading=\"lazy\" \/><!-- end Image Component -->\n    <\/figure>\n<\/div>\n<div class=\"quote-people__figcaption\">\n    <p class=\"quote-people__author\">Prof Jens KREISEL<\/p>\n    <p class=\"quote-people__position\">Rector<\/p>\n    <div class=\"wp-block-unilux-blocks-simple-cta wp-block-unilux-blocks-people-item-automated\">\n    <a\n        href=\"https:\/\/www.uni.lu\/fstm-en\/people\/jens-kreisel\/\"\n        title=\"Prof Jens KREISEL\"\n        class=\"link-text link-text--icon quote-people__link\"\n        target=\"\"\n    >\n        <span class=\"link-text__body\">\n            <span class=\"link-text__name\">Profil anzeigen<\/span>\n        <\/span>\n        <svg aria-hidden=\"true\" focusable=\"false\" class=\"icon icon-outline icon--arrow-right \"><use xlink:href=\"https:\/\/www.uni.lu\/wp-content\/themes\/unilux-theme\/assets\/images\/icons\/icons-outline.svg#icon--arrow-right\"><\/use><\/svg>    <\/a>\n<\/div>\n<\/div>\n<!-- end People Item Automated -->        <\/figure>\n    <\/div>\n<\/section>\n\n<div class=\"wp-block-unilux-blocks-spacer is-spacer-size-md\"><\/div>\n\n\n<ul class=\"wp-block-unilux-blocks-button-list-v2\">\n<li class=\"wp-block-unilux-blocks-button-list-item-v2\"><a class=\"quick-link\" href=\"https:\/\/www.the-guild.eu\/news-and-blog\/news\/2025\/university-of-luxembourg-joins-the-guild-of-europe.html\" target=\"_blank\" role=\"link\" rel=\"noopener\" tabindex=\"0\"><span class=\"quick-link__container\">\n<div class=\"wp-block-unilux-blocks-block-inserter quick-link__img\">\n<div class=\"icon--primary icon--secondary-2 icon--lg wp-block-unilux-blocks-icon-picker\">\n    <svg aria-hidden=\"true\" focusable=\"false\" class=\"icon icon-outline icon--speaker \"><use xlink:href=\"https:\/\/www.uni.lu\/wp-content\/themes\/unilux-theme\/assets\/images\/icons\/icons-outline.svg#icon--speaker\"><\/use><\/svg><\/div><\/div>\n\n\n\n<span class=\"quick-link__name wp-block-unilux-blocks-plain-text\">Lesen Sie das Interview mit dem Rektor (auf Englisch)<\/span>\n\n<svg aria-hidden=\"true\" focusable=\"false\" class=\"icon icon-outline icon--arrow-right \"><use xlink:href=\"https:\/\/www.uni.lu\/wp-content\/themes\/unilux-theme\/assets\/images\/icons\/icons-outline.svg#icon--arrow-right\"><\/use><\/svg><\/span><\/a><\/li>\n<\/ul>\n\n\n<div class=\"wp-block-unilux-blocks-spacer is-spacer-size-lg\"><\/div>\n\n\n<section class=\"wp-block-unilux-blocks-quote-people\">\n    <div class=\"quote-people\" role=\"group\">\n        <figure class=\"quote-people__body\">\n            <blockquote class=\"quote-people__blockquote\">\n    <span class=\"quote-people__quote\">\u201f<\/span>\n    <em>Wir freuen uns sehr, dass eine so starke Universit\u00e4t zu uns st\u00f6\u00dft, mit Kollegen und Kolleginnen<\/em> <em>die unsere Werte teilen, die genauso brennen f\u00fcr erstklassige Forschung und Lehre und sich voll der internationalen Zusammenarbeit verschrieben haben. Die Mitgliedschaft baut auf den bereits bestehenden, sehr fruchtbaren Kooperationen in Forschung und Lehre auf. Und da die Universit\u00e4t praktisch vor der Haust\u00fcr einiger der wichtigsten EU-Institutionen liegt, wird uns ihre Aufnahme dabei helfen, noch enger mit der EU zusammenzuarbeiten und noch mehr zu ihrer Zukunft beizutragen. Bienvenue, herzlich willkommen, h\u00e4erzlech w\u00ebllkomm, welcome!<\/em>\u201d\n<\/blockquote>\n<div class=\"wp-block-unilux-blocks-wrapper quote-people__visual\"><figure class=\"wp-block-dev4-reusable-blocks-image  object-fit--cover\">\n    \n<img decoding=\"async\" class=\"wp-block-image unilux-custom-image-block\"\n                alt=\"\"\n            src=\"https:\/\/www.uni.lu\/wp-content\/uploads\/sites\/9\/2025\/05\/26111844\/jan-palmowski.jpg\"\n                    style=\"object-position: 50.00% 50.00%; font-family: &quot;object-fit: cover; object-position: 50.00% 50.00%;&quot;; aspect-ratio: 1\/1; object-fit: cover; width: 100%;\"\n        loading=\"lazy\"\n\/>    <\/figure><\/div>\n\n<div class=\"wp-block-unilux-blocks-wrapper quote-people__figcaption\">\n<p class=\"quote-people__author wp-block-unilux-blocks-plain-text\">Jan PALMOWSKI<\/p>\n\n\n<p class=\"quote-people__position wp-block-unilux-blocks-plain-text\">Generalsekret\u00e4r bei The Guild<\/p>\n\n<div class=\"wp-block-unilux-blocks-simple-cta\">\n    <a\n        href=\"https:\/\/www.the-guild.eu\/about\/office\/jan-palmowski.html\"\n        title=\"View Profile\"\n        class=\"link-text link-text--icon quote-people__link\"\n        target=\"\"\n    >\n        <span class=\"link-text__body\">\n            <span class=\"link-text__name\">Profil anzeigen<\/span>\n        <\/span>\n        <svg aria-hidden=\"true\" focusable=\"false\" class=\"icon icon-outline icon--arrow-right \"><use xlink:href=\"https:\/\/www.uni.lu\/wp-content\/themes\/unilux-theme\/assets\/images\/icons\/icons-outline.svg#icon--arrow-right\"><\/use><\/svg>    <\/a>\n<\/div>\n<\/div>\n        <\/figure>\n    <\/div>\n<\/section>\n\n<div class=\"wp-block-unilux-blocks-spacer is-spacer-size-sm\"><\/div>\n\n\n<section class=\"alignfull wp-block-unilux-blocks-gallery-carousel\">\n    <div class=\"swiper swiper-gallery\" aria-roledescription=\"carousel\" aria-label=\"A gallery of images\">\n        <!-- Swiper button Next & Prev -->\n        <div class=\"swiper-nav\">\n            <div class=\"swiper-nav__container\">\n                <div class=\"swiper-nav__grid\">\n                    <button type=\"button\" class=\"swiper-button-next\">\n                        <svg aria-hidden=\"true\" focusable=\"false\" class=\"icon icon-outline icon--arrow-right \"><use xlink:href=\"https:\/\/www.uni.lu\/wp-content\/themes\/unilux-theme\/assets\/images\/icons\/icons-outline.svg#icon--arrow-right\"><\/use><\/svg>                    <\/button>\n                    <button type=\"button\" class=\"swiper-button-prev\">\n                        <svg aria-hidden=\"true\" focusable=\"false\" class=\"icon icon-outline icon--arrow-left \"><use xlink:href=\"https:\/\/www.uni.lu\/wp-content\/themes\/unilux-theme\/assets\/images\/icons\/icons-outline.svg#icon--arrow-left\"><\/use><\/svg>                    <\/button>\n                <\/div>\n            <\/div>\n        <\/div>\n\n        <!-- swiper slides -->\n        <ul class=\"swiper-wrapper\">\n            \n<li class=\"swiper-slide\" aria-roledescription=\"slide\">\n    <figure class=\"wp-block-dev4-reusable-blocks-image swiper-slide__bg object-fit--cover\">\n    \n<img decoding=\"async\" class=\"wp-block-image unilux-custom-image-block\"\n                alt=\"\"\n            src=\"https:\/\/www.uni.lu\/wp-content\/uploads\/sites\/10\/2025\/05\/26150004\/UCLouvain-TheGuild-byBenjaminZwarts-220525-114601-scaled.jpg\"\n                srcset=\"https:\/\/www.uni.lu\/wp-content\/uploads\/sites\/10\/2025\/05\/26150004\/UCLouvain-TheGuild-byBenjaminZwarts-220525-114601-300x200.jpg 300w, https:\/\/www.uni.lu\/wp-content\/uploads\/sites\/10\/2025\/05\/26150004\/UCLouvain-TheGuild-byBenjaminZwarts-220525-114601-1024x683.jpg 1024w, https:\/\/www.uni.lu\/wp-content\/uploads\/sites\/10\/2025\/05\/26150004\/UCLouvain-TheGuild-byBenjaminZwarts-220525-114601-768x512.jpg 768w, https:\/\/www.uni.lu\/wp-content\/uploads\/sites\/10\/2025\/05\/26150004\/UCLouvain-TheGuild-byBenjaminZwarts-220525-114601-1536x1024.jpg 1536w, https:\/\/www.uni.lu\/wp-content\/uploads\/sites\/10\/2025\/05\/26150004\/UCLouvain-TheGuild-byBenjaminZwarts-220525-114601-2048x1366.jpg 2048w\"\n                style=\"object-position: 17.00% 48.00%; font-family: &quot;object-fit: cover; object-position: 17.00% 48.00%;&quot;; aspect-ratio: 16\/9; object-fit: cover; width: 100%;\"\n        loading=\"lazy\"\n\/>            <p class=\"wp-block-dev4-reusable-blocks-image-caption\">\n            Foto: Von links nach rechts: Jan Palmowski, Generalsekret\u00e4r von The Guild \u2013 Jens Kreisel, Rektor der Universit\u00e4t Luxemburg \u2013 Anders Hagfeldt, Vizerektor der Universit\u00e4t Uppsala \u2013 Marie-H\u00e9l\u00e8ne, Vizerektorin f\u00fcr Partnerschaften und internationale Beziehungen der Universit\u00e4t Luxemburg \u2013 Rachel Sandison, Deputy Vice Chancellor &#8211; External Engagement and Vice Principal &#8211; External Relations der Universit\u00e4t Glasgow \u2013 Virginia Richter, Rektorin der Universit\u00e4t Bern \u2013 Tooms Asser, Rektor der Universit\u00e4t Tartu\u00a0        <\/p>\n    <\/figure><\/li>\n<li class=\"swiper-slide\" aria-roledescription=\"slide\">\n    <figure class=\"wp-block-dev4-reusable-blocks-image swiper-slide__bg object-fit--cover\">\n    \n<img decoding=\"async\" class=\"wp-block-image unilux-custom-image-block\"\n                alt=\"\"\n            src=\"https:\/\/www.uni.lu\/wp-content\/uploads\/sites\/10\/2025\/05\/26144950\/UCLouvain-TheGuild-byBenjaminZwarts-220525-114353-scaled.jpg\"\n                srcset=\"https:\/\/www.uni.lu\/wp-content\/uploads\/sites\/10\/2025\/05\/26144950\/UCLouvain-TheGuild-byBenjaminZwarts-220525-114353-300x200.jpg 300w, https:\/\/www.uni.lu\/wp-content\/uploads\/sites\/10\/2025\/05\/26144950\/UCLouvain-TheGuild-byBenjaminZwarts-220525-114353-1024x683.jpg 1024w, https:\/\/www.uni.lu\/wp-content\/uploads\/sites\/10\/2025\/05\/26144950\/UCLouvain-TheGuild-byBenjaminZwarts-220525-114353-768x512.jpg 768w, https:\/\/www.uni.lu\/wp-content\/uploads\/sites\/10\/2025\/05\/26144950\/UCLouvain-TheGuild-byBenjaminZwarts-220525-114353-1536x1024.jpg 1536w, https:\/\/www.uni.lu\/wp-content\/uploads\/sites\/10\/2025\/05\/26144950\/UCLouvain-TheGuild-byBenjaminZwarts-220525-114353-2048x1366.jpg 2048w\"\n                style=\"object-position: 50.00% 50.00%; font-family: &quot;object-fit: cover; object-position: 50.00% 50.00%;&quot;; aspect-ratio: 16\/9; object-fit: cover; width: 100%;\"\n        loading=\"lazy\"\n\/>            <p class=\"wp-block-dev4-reusable-blocks-image-caption\">\n            Credit: Benjamin Zwarts        <\/p>\n    <\/figure><\/li>        <\/ul>\n\n        <!-- Swiper pagination -->\n        <div class=\"swiper-pagination\">\n            <div class=\"swiper-pagination__bullets\"><\/div>\n        <\/div>\n    <\/div>\n<\/section><\/div><\/section>\n","protected":false},"excerpt":{"rendered":"","protected":false},"author":341,"featured_media":6789,"template":"","format":"standard","meta":{"featured_image_focal_point":[],"show_featured_caption":false,"ulux_newsletter_groups":"","uluxPostTitle":"","uluxPrePostTitle":"","_trash_the_other_posts":false,"_price":"","_stock":"","_tribe_ticket_header":"","_tribe_default_ticket_provider":"","_tribe_ticket_capacity":"0","_ticket_start_date":"","_ticket_end_date":"","_tribe_ticket_show_description":"","_tribe_ticket_show_not_going":false,"_tribe_ticket_use_global_stock":"","_tribe_ticket_global_stock_level":"","_global_stock_mode":"","_global_stock_cap":"","_tribe_rsvp_for_event":"","_tribe_ticket_going_count":"","_tribe_ticket_not_going_count":"","_tribe_tickets_list":"[]","_tribe_ticket_has_attendee_info_fields":false},"news-category":[3],"news-topic":[],"organisation":[226],"authorship":[341],"acf":[],"yoast_head":"<!-- This site is optimized with the Yoast SEO Premium plugin v22.3 (Yoast SEO v22.3) - https:\/\/yoast.com\/wordpress\/plugins\/seo\/ -->\n<title>Die Universit\u00e4t Luxemburg wird Mitglied der \u201cGuild of European Research-Intensive Universities\u201c - Universit\u00e4t Luxemburg<\/title>\n<meta name=\"description\" content=\"Die Universit\u00e4t Luxemburg ist stolz darauf, ihre Aufnahme in die \u201cGuild of European Research-Intensive Universities\u201d zu verk\u00fcnden, einem Netzwerk\" \/>\n<meta name=\"robots\" content=\"index, follow, max-snippet:-1, max-image-preview:large, max-video-preview:-1\" \/>\n<link rel=\"canonical\" href=\"https:\/\/www.uni.lu\/de\/news\/die-universitaet-luxemburg-wird-mitglied-der-guild-of-european-research-intensive-universities\/\" \/>\n<meta property=\"og:locale\" content=\"de_DE\" \/>\n<meta property=\"og:type\" content=\"article\" \/>\n<meta property=\"og:title\" content=\"Die Universit\u00e4t Luxemburg wird Mitglied der \u201cGuild of European Research-Intensive Universities\u201c\" \/>\n<meta property=\"og:description\" content=\"Die Universit\u00e4t Luxemburg ist stolz darauf, ihre Aufnahme in die \u201cGuild of European Research-Intensive Universities\u201d zu verk\u00fcnden, einem Netzwerk\" \/>\n<meta property=\"og:url\" content=\"https:\/\/www.uni.lu\/de\/news\/die-universitaet-luxemburg-wird-mitglied-der-guild-of-european-research-intensive-universities\/\" \/>\n<meta property=\"og:site_name\" content=\"UNI DE\" \/>\n<meta property=\"article:publisher\" content=\"https:\/\/www.facebook.com\/uni.lu\" \/>\n<meta property=\"article:modified_time\" content=\"2025-05-26T14:28:25+00:00\" \/>\n<meta property=\"og:image\" content=\"https:\/\/www.uni.lu\/wp-content\/uploads\/sites\/10\/2025\/05\/26153736\/guild3-scaled.jpg\" \/>\n\t<meta property=\"og:image:width\" content=\"2560\" \/>\n\t<meta property=\"og:image:height\" content=\"1920\" \/>\n\t<meta property=\"og:image:type\" content=\"image\/jpeg\" \/>\n<meta name=\"twitter:card\" content=\"summary_large_image\" \/>\n<meta name=\"twitter:label1\" content=\"Gesch\u00e4tzte Lesezeit\" \/>\n\t<meta name=\"twitter:data1\" content=\"2 Minuten\" \/>\n<script type=\"application\/ld+json\" class=\"yoast-schema-graph\">{\"@context\":\"https:\/\/schema.org\",\"@graph\":[{\"@type\":\"NewsArticle\",\"@id\":\"https:\/\/www.uni.lu\/de\/news\/die-universitaet-luxemburg-wird-mitglied-der-guild-of-european-research-intensive-universities\/#article\",\"isPartOf\":{\"@id\":\"https:\/\/www.uni.lu\/de\/news\/die-universitaet-luxemburg-wird-mitglied-der-guild-of-european-research-intensive-universities\/\"},\"author\":{\"name\":\"Catherine Clesse\",\"@id\":\"https:\/\/www.uni.lu\/de\/#\/schema\/person\/67d3defa53981502bf9cddb74a850c08\"},\"headline\":\"Die Universit\u00e4t Luxemburg wird Mitglied der \u201cGuild of European Research-Intensive Universities\u201c\",\"datePublished\":\"2025-05-26T12:58:39+00:00\",\"dateModified\":\"2025-05-26T14:28:25+00:00\",\"mainEntityOfPage\":{\"@id\":\"https:\/\/www.uni.lu\/de\/news\/die-universitaet-luxemburg-wird-mitglied-der-guild-of-european-research-intensive-universities\/\"},\"wordCount\":233,\"publisher\":{\"@id\":\"https:\/\/www.uni.lu\/de\/#organization\"},\"image\":{\"@id\":\"https:\/\/www.uni.lu\/de\/news\/die-universitaet-luxemburg-wird-mitglied-der-guild-of-european-research-intensive-universities\/#primaryimage\"},\"thumbnailUrl\":\"https:\/\/www.uni.lu\/wp-content\/uploads\/sites\/10\/2025\/05\/26153736\/guild3-scaled.jpg\",\"inLanguage\":\"de-DE\"},{\"@type\":\"WebPage\",\"@id\":\"https:\/\/www.uni.lu\/de\/news\/die-universitaet-luxemburg-wird-mitglied-der-guild-of-european-research-intensive-universities\/\",\"url\":\"https:\/\/www.uni.lu\/de\/news\/die-universitaet-luxemburg-wird-mitglied-der-guild-of-european-research-intensive-universities\/\",\"name\":\"Die Universit\u00e4t Luxemburg wird Mitglied der \u201cGuild of European Research-Intensive Universities\u201c - Universit\u00e4t Luxemburg\",\"isPartOf\":{\"@id\":\"https:\/\/www.uni.lu\/de\/#website\"},\"primaryImageOfPage\":{\"@id\":\"https:\/\/www.uni.lu\/de\/news\/die-universitaet-luxemburg-wird-mitglied-der-guild-of-european-research-intensive-universities\/#primaryimage\"},\"image\":{\"@id\":\"https:\/\/www.uni.lu\/de\/news\/die-universitaet-luxemburg-wird-mitglied-der-guild-of-european-research-intensive-universities\/#primaryimage\"},\"thumbnailUrl\":\"https:\/\/www.uni.lu\/wp-content\/uploads\/sites\/10\/2025\/05\/26153736\/guild3-scaled.jpg\",\"datePublished\":\"2025-05-26T12:58:39+00:00\",\"dateModified\":\"2025-05-26T14:28:25+00:00\",\"description\":\"Die Universit\u00e4t Luxemburg ist stolz darauf, ihre Aufnahme in die \u201cGuild of European Research-Intensive Universities\u201d zu verk\u00fcnden, einem Netzwerk\",\"breadcrumb\":{\"@id\":\"https:\/\/www.uni.lu\/de\/news\/die-universitaet-luxemburg-wird-mitglied-der-guild-of-european-research-intensive-universities\/#breadcrumb\"},\"inLanguage\":\"de-DE\",\"potentialAction\":[{\"@type\":\"ReadAction\",\"target\":[\"https:\/\/www.uni.lu\/de\/news\/die-universitaet-luxemburg-wird-mitglied-der-guild-of-european-research-intensive-universities\/\"]}]},{\"@type\":\"ImageObject\",\"inLanguage\":\"de-DE\",\"@id\":\"https:\/\/www.uni.lu\/de\/news\/die-universitaet-luxemburg-wird-mitglied-der-guild-of-european-research-intensive-universities\/#primaryimage\",\"url\":\"https:\/\/www.uni.lu\/wp-content\/uploads\/sites\/10\/2025\/05\/26153736\/guild3-scaled.jpg\",\"contentUrl\":\"https:\/\/www.uni.lu\/wp-content\/uploads\/sites\/10\/2025\/05\/26153736\/guild3-scaled.jpg\",\"width\":2560,\"height\":1920},{\"@type\":\"BreadcrumbList\",\"@id\":\"https:\/\/www.uni.lu\/de\/news\/die-universitaet-luxemburg-wird-mitglied-der-guild-of-european-research-intensive-universities\/#breadcrumb\",\"itemListElement\":[{\"@type\":\"ListItem\",\"position\":1,\"name\":\"Home\",\"item\":\"https:\/\/www.uni.lu\/de\/\"},{\"@type\":\"ListItem\",\"position\":2,\"name\":\"News\",\"item\":\"https:\/\/www.uni.lu\/de\/news\/\"},{\"@type\":\"ListItem\",\"position\":3,\"name\":\"Die Universit\u00e4t Luxemburg wird Mitglied der \u201cGuild of European Research-Intensive Universities\u201c\"}]},{\"@type\":\"WebSite\",\"@id\":\"https:\/\/www.uni.lu\/de\/#website\",\"url\":\"https:\/\/www.uni.lu\/de\/\",\"name\":\"Uni.lu\",\"description\":\"Universit\u00e4t Luxemburg\",\"publisher\":{\"@id\":\"https:\/\/www.uni.lu\/de\/#organization\"},\"alternateName\":\"Universit\u00e4t Luxemburg\",\"potentialAction\":[{\"@type\":\"SearchAction\",\"target\":{\"@type\":\"EntryPoint\",\"urlTemplate\":\"https:\/\/www.uni.lu\/de\/?s={search_term_string}\"},\"query-input\":\"required name=search_term_string\"}],\"inLanguage\":\"de-DE\"},{\"@type\":\"Organization\",\"@id\":\"https:\/\/www.uni.lu\/de\/#organization\",\"name\":\"Universit\u00e4t Luxemburg\",\"alternateName\":\"Uni.lu\",\"url\":\"https:\/\/www.uni.lu\/de\/\",\"logo\":{\"@type\":\"ImageObject\",\"inLanguage\":\"de-DE\",\"@id\":\"https:\/\/www.uni.lu\/de\/#\/schema\/logo\/image\/\",\"url\":\"https:\/\/www.uni.lu\/wp-content\/uploads\/sites\/10\/2026\/03\/03120000\/UNIV_SM-Profile_1600x1600px-scaled.jpg\",\"contentUrl\":\"https:\/\/www.uni.lu\/wp-content\/uploads\/sites\/10\/2026\/03\/03120000\/UNIV_SM-Profile_1600x1600px-scaled.jpg\",\"width\":2560,\"height\":2560,\"caption\":\"Universit\u00e4t Luxemburg\"},\"image\":\"https:\/\/www.uni.lu\/wp-content\/uploads\/sites\/10\/2026\/04\/24144329\/20200609-Belval-Campus_Henri-Goergen-23.jpg\",\"sameAs\":[\"https:\/\/www.facebook.com\/uni.lu\",\"https:\/\/www.linkedin.com\/school\/university-of-luxembourg\/\",\"https:\/\/www.instagram.com\/uni.lu\",\"https:\/\/www.youtube.com\/@uni_lu\",\"https:\/\/en.wikipedia.org\/wiki\/University_of_Luxembourg\"],\"email\":\"communication@uni.lu\",\"telephone\":\"+3524666441\",\"address\":{\"@type\":\"PostalAddress\",\"streetAddress\":\"2, place de l\u2019Universit\u00e9\",\"addressLocality\":\"Esch-sur-Alzette\",\"postalCode\":\"4365\",\"addressCountry\":\"LU\"},\"description\":\"Universit\u00e4t Luxemburg\"},{\"@type\":\"Person\",\"@id\":\"https:\/\/www.uni.lu\/de\/#\/schema\/person\/67d3defa53981502bf9cddb74a850c08\",\"name\":\"Catherine Clesse\",\"image\":{\"@type\":\"ImageObject\",\"inLanguage\":\"de-DE\",\"@id\":\"https:\/\/www.uni.lu\/de\/#\/schema\/person\/image\/\",\"url\":\"https:\/\/secure.gravatar.com\/avatar\/6a2e15a24f9036a6aee8753304e46c2d?s=96&d=mm&r=g\",\"contentUrl\":\"https:\/\/secure.gravatar.com\/avatar\/6a2e15a24f9036a6aee8753304e46c2d?s=96&d=mm&r=g\",\"caption\":\"Catherine Clesse\"}}]}<\/script>\n<!-- \/ Yoast SEO Premium plugin. -->","yoast_head_json":{"title":"Die Universit\u00e4t Luxemburg wird Mitglied der \u201cGuild of European Research-Intensive Universities\u201c - Universit\u00e4t Luxemburg","description":"Die Universit\u00e4t Luxemburg ist stolz darauf, ihre Aufnahme in die \u201cGuild of European Research-Intensive Universities\u201d zu verk\u00fcnden, einem Netzwerk","robots":{"index":"index","follow":"follow","max-snippet":"max-snippet:-1","max-image-preview":"max-image-preview:large","max-video-preview":"max-video-preview:-1"},"canonical":"https:\/\/www.uni.lu\/de\/news\/die-universitaet-luxemburg-wird-mitglied-der-guild-of-european-research-intensive-universities\/","og_locale":"de_DE","og_type":"article","og_title":"Die Universit\u00e4t Luxemburg wird Mitglied der \u201cGuild of European Research-Intensive Universities\u201c","og_description":"Die Universit\u00e4t Luxemburg ist stolz darauf, ihre Aufnahme in die \u201cGuild of European Research-Intensive Universities\u201d zu verk\u00fcnden, einem Netzwerk","og_url":"https:\/\/www.uni.lu\/de\/news\/die-universitaet-luxemburg-wird-mitglied-der-guild-of-european-research-intensive-universities\/","og_site_name":"UNI DE","article_publisher":"https:\/\/www.facebook.com\/uni.lu","article_modified_time":"2025-05-26T14:28:25+00:00","og_image":[{"width":2560,"height":1920,"url":"https:\/\/www.uni.lu\/wp-content\/uploads\/sites\/10\/2025\/05\/26153736\/guild3-scaled.jpg","type":"image\/jpeg"}],"twitter_card":"summary_large_image","twitter_misc":{"Gesch\u00e4tzte Lesezeit":"2 Minuten"},"schema":{"@context":"https:\/\/schema.org","@graph":[{"@type":"NewsArticle","@id":"https:\/\/www.uni.lu\/de\/news\/die-universitaet-luxemburg-wird-mitglied-der-guild-of-european-research-intensive-universities\/#article","isPartOf":{"@id":"https:\/\/www.uni.lu\/de\/news\/die-universitaet-luxemburg-wird-mitglied-der-guild-of-european-research-intensive-universities\/"},"author":{"name":"Catherine Clesse","@id":"https:\/\/www.uni.lu\/de\/#\/schema\/person\/67d3defa53981502bf9cddb74a850c08"},"headline":"Die Universit\u00e4t Luxemburg wird Mitglied der \u201cGuild of European Research-Intensive Universities\u201c","datePublished":"2025-05-26T12:58:39+00:00","dateModified":"2025-05-26T14:28:25+00:00","mainEntityOfPage":{"@id":"https:\/\/www.uni.lu\/de\/news\/die-universitaet-luxemburg-wird-mitglied-der-guild-of-european-research-intensive-universities\/"},"wordCount":233,"publisher":{"@id":"https:\/\/www.uni.lu\/de\/#organization"},"image":{"@id":"https:\/\/www.uni.lu\/de\/news\/die-universitaet-luxemburg-wird-mitglied-der-guild-of-european-research-intensive-universities\/#primaryimage"},"thumbnailUrl":"https:\/\/www.uni.lu\/wp-content\/uploads\/sites\/10\/2025\/05\/26153736\/guild3-scaled.jpg","inLanguage":"de-DE"},{"@type":"WebPage","@id":"https:\/\/www.uni.lu\/de\/news\/die-universitaet-luxemburg-wird-mitglied-der-guild-of-european-research-intensive-universities\/","url":"https:\/\/www.uni.lu\/de\/news\/die-universitaet-luxemburg-wird-mitglied-der-guild-of-european-research-intensive-universities\/","name":"Die Universit\u00e4t Luxemburg wird Mitglied der \u201cGuild of European Research-Intensive Universities\u201c - Universit\u00e4t Luxemburg","isPartOf":{"@id":"https:\/\/www.uni.lu\/de\/#website"},"primaryImageOfPage":{"@id":"https:\/\/www.uni.lu\/de\/news\/die-universitaet-luxemburg-wird-mitglied-der-guild-of-european-research-intensive-universities\/#primaryimage"},"image":{"@id":"https:\/\/www.uni.lu\/de\/news\/die-universitaet-luxemburg-wird-mitglied-der-guild-of-european-research-intensive-universities\/#primaryimage"},"thumbnailUrl":"https:\/\/www.uni.lu\/wp-content\/uploads\/sites\/10\/2025\/05\/26153736\/guild3-scaled.jpg","datePublished":"2025-05-26T12:58:39+00:00","dateModified":"2025-05-26T14:28:25+00:00","description":"Die Universit\u00e4t Luxemburg ist stolz darauf, ihre Aufnahme in die \u201cGuild of European Research-Intensive Universities\u201d zu verk\u00fcnden, einem Netzwerk","breadcrumb":{"@id":"https:\/\/www.uni.lu\/de\/news\/die-universitaet-luxemburg-wird-mitglied-der-guild-of-european-research-intensive-universities\/#breadcrumb"},"inLanguage":"de-DE","potentialAction":[{"@type":"ReadAction","target":["https:\/\/www.uni.lu\/de\/news\/die-universitaet-luxemburg-wird-mitglied-der-guild-of-european-research-intensive-universities\/"]}]},{"@type":"ImageObject","inLanguage":"de-DE","@id":"https:\/\/www.uni.lu\/de\/news\/die-universitaet-luxemburg-wird-mitglied-der-guild-of-european-research-intensive-universities\/#primaryimage","url":"https:\/\/www.uni.lu\/wp-content\/uploads\/sites\/10\/2025\/05\/26153736\/guild3-scaled.jpg","contentUrl":"https:\/\/www.uni.lu\/wp-content\/uploads\/sites\/10\/2025\/05\/26153736\/guild3-scaled.jpg","width":2560,"height":1920},{"@type":"BreadcrumbList","@id":"https:\/\/www.uni.lu\/de\/news\/die-universitaet-luxemburg-wird-mitglied-der-guild-of-european-research-intensive-universities\/#breadcrumb","itemListElement":[{"@type":"ListItem","position":1,"name":"Home","item":"https:\/\/www.uni.lu\/de\/"},{"@type":"ListItem","position":2,"name":"News","item":"https:\/\/www.uni.lu\/de\/news\/"},{"@type":"ListItem","position":3,"name":"Die Universit\u00e4t Luxemburg wird Mitglied der \u201cGuild of European Research-Intensive Universities\u201c"}]},{"@type":"WebSite","@id":"https:\/\/www.uni.lu\/de\/#website","url":"https:\/\/www.uni.lu\/de\/","name":"Uni.lu","description":"Universit\u00e4t Luxemburg","publisher":{"@id":"https:\/\/www.uni.lu\/de\/#organization"},"alternateName":"Universit\u00e4t Luxemburg","potentialAction":[{"@type":"SearchAction","target":{"@type":"EntryPoint","urlTemplate":"https:\/\/www.uni.lu\/de\/?s={search_term_string}"},"query-input":"required name=search_term_string"}],"inLanguage":"de-DE"},{"@type":"Organization","@id":"https:\/\/www.uni.lu\/de\/#organization","name":"Universit\u00e4t Luxemburg","alternateName":"Uni.lu","url":"https:\/\/www.uni.lu\/de\/","logo":{"@type":"ImageObject","inLanguage":"de-DE","@id":"https:\/\/www.uni.lu\/de\/#\/schema\/logo\/image\/","url":"https:\/\/www.uni.lu\/wp-content\/uploads\/sites\/10\/2026\/03\/03120000\/UNIV_SM-Profile_1600x1600px-scaled.jpg","contentUrl":"https:\/\/www.uni.lu\/wp-content\/uploads\/sites\/10\/2026\/03\/03120000\/UNIV_SM-Profile_1600x1600px-scaled.jpg","width":2560,"height":2560,"caption":"Universit\u00e4t Luxemburg"},"image":"https:\/\/www.uni.lu\/wp-content\/uploads\/sites\/10\/2026\/04\/24144329\/20200609-Belval-Campus_Henri-Goergen-23.jpg","sameAs":["https:\/\/www.facebook.com\/uni.lu","https:\/\/www.linkedin.com\/school\/university-of-luxembourg\/","https:\/\/www.instagram.com\/uni.lu","https:\/\/www.youtube.com\/@uni_lu","https:\/\/en.wikipedia.org\/wiki\/University_of_Luxembourg"],"email":"communication@uni.lu","telephone":"+3524666441","address":{"@type":"PostalAddress","streetAddress":"2, place de l\u2019Universit\u00e9","addressLocality":"Esch-sur-Alzette","postalCode":"4365","addressCountry":"LU"},"description":"Universit\u00e4t Luxemburg"},{"@type":"Person","@id":"https:\/\/www.uni.lu\/de\/#\/schema\/person\/67d3defa53981502bf9cddb74a850c08","name":"Catherine Clesse","image":{"@type":"ImageObject","inLanguage":"de-DE","@id":"https:\/\/www.uni.lu\/de\/#\/schema\/person\/image\/","url":"https:\/\/secure.gravatar.com\/avatar\/6a2e15a24f9036a6aee8753304e46c2d?s=96&d=mm&r=g","contentUrl":"https:\/\/secure.gravatar.com\/avatar\/6a2e15a24f9036a6aee8753304e46c2d?s=96&d=mm&r=g","caption":"Catherine Clesse"}}]}},"blog_id":10,"_links":{"self":[{"href":"https:\/\/www.uni.lu\/de\/wp-json\/wp\/v2\/news\/6757"}],"collection":[{"href":"https:\/\/www.uni.lu\/de\/wp-json\/wp\/v2\/news"}],"about":[{"href":"https:\/\/www.uni.lu\/de\/wp-json\/wp\/v2\/types\/news"}],"author":[{"embeddable":true,"href":"https:\/\/www.uni.lu\/de\/wp-json\/wp\/v2\/users\/341"}],"version-history":[{"count":5,"href":"https:\/\/www.uni.lu\/de\/wp-json\/wp\/v2\/news\/6757\/revisions"}],"predecessor-version":[{"id":7566,"href":"https:\/\/www.uni.lu\/de\/wp-json\/wp\/v2\/news\/6757\/revisions\/7566"}],"wp:authorship":[{"embeddable":true,"href":"https:\/\/www.uni.lu\/de\/wp-json\/wp\/v2\/users\/341"}],"wp:featuredmedia":[{"embeddable":true,"href":"https:\/\/www.uni.lu\/de\/wp-json\/wp\/v2\/media\/6789"}],"wp:attachment":[{"href":"https:\/\/www.uni.lu\/de\/wp-json\/wp\/v2\/media?parent=6757"}],"wp:term":[{"taxonomy":"news-category","embeddable":true,"href":"https:\/\/www.uni.lu\/de\/wp-json\/wp\/v2\/news-category?post=6757"},{"taxonomy":"news-topic","embeddable":true,"href":"https:\/\/www.uni.lu\/de\/wp-json\/wp\/v2\/news-topic?post=6757"},{"taxonomy":"organisation","embeddable":true,"href":"https:\/\/www.uni.lu\/de\/wp-json\/wp\/v2\/organisation?post=6757"}],"curies":[{"name":"wp","href":"https:\/\/api.w.org\/{rel}","templated":true}]}}