{"id":6685,"date":"2025-05-13T14:48:03","date_gmt":"2025-05-13T12:48:03","guid":{"rendered":"https:\/\/www.uni.lu\/de\/?post_type=news&#038;p=6685"},"modified":"2025-05-13T14:48:27","modified_gmt":"2025-05-13T12:48:27","slug":"uni-lu-alumnus-elektrisiert-belval-campus-mit-loa-festival","status":"publish","type":"news","link":"https:\/\/www.uni.lu\/de\/news\/uni-lu-alumnus-elektrisiert-belval-campus-mit-loa-festival\/","title":{"rendered":"Uni.lu-Alumnus elektrisiert Belval Campus mit LOA-Festival"},"content":{"rendered":"\n<section class=\"wp-block-unilux-blocks-free-section section\"><div class=\"container xl:max-w-screen-xl\">\n<p>Auf dem Campus von Belval schwinden die letzten Spuren eines fiebrigen Wochenendes, und die Feierlaune der Saisoner\u00f6ffnung des Luxembourg Open Air (LOA) macht dem Summen des Alltags Platz. In einer kurzen Pause in seinem vollen Terminkalender sprachen wir mit unserem Alumnus, LOA-Mitbegr\u00fcnder und Gesch\u00e4ftsf\u00fchrer Sebastian Jacqu\u00e9, \u00fcber das Festival und was es f\u00fcr unsere Studentengemeinschaft bedeutet.<\/p>\n\n\n\n<p>Lesen Sie den vollen Beitrag:<\/p>\n\n\n\n<ul class=\"wp-block-unilux-blocks-custom-buttons btn-list\"><li class=\"wp-block-unilux-blocks-custom-button\"    aria-disabled=\"false\"\n    >\n    <a\n        role=\"link\"\n        aria-disabled=\"false\"\n                    href=\"#\"\n                target=\"_self\"\n        class=\"btn btn--primary\"\n            >auf Englisch<\/a>\n<\/li>\n\n\n<li class=\"wp-block-unilux-blocks-custom-button\"    aria-disabled=\"false\"\n    >\n    <a\n        role=\"link\"\n        aria-disabled=\"false\"\n                    href=\"https:\/\/www.uni.lu\/fr\/news\/un-alumni-fait-vibrer-le-campus-de-belval-avec-le-festival-loa\/\"\n                target=\"_self\"\n        class=\"btn btn--primary\"\n            >auf Franz\u00f6sisch<\/a>\n<\/li>\n<\/ul>\n<\/div><\/section>\n","protected":false},"excerpt":{"rendered":"","protected":false},"author":341,"featured_media":6688,"template":"","format":"standard","meta":{"featured_image_focal_point":[],"show_featured_caption":false,"ulux_newsletter_groups":"","uluxPostTitle":"","uluxPrePostTitle":"","_trash_the_other_posts":false,"_price":"","_stock":"","_tribe_ticket_header":"","_tribe_default_ticket_provider":"","_tribe_ticket_capacity":"0","_ticket_start_date":"","_ticket_end_date":"","_tribe_ticket_show_description":"","_tribe_ticket_show_not_going":false,"_tribe_ticket_use_global_stock":"","_tribe_ticket_global_stock_level":"","_global_stock_mode":"","_global_stock_cap":"","_tribe_rsvp_for_event":"","_tribe_ticket_going_count":"","_tribe_ticket_not_going_count":"","_tribe_tickets_list":"[]","_tribe_ticket_has_attendee_info_fields":false},"news-category":[6],"news-topic":[],"organisation":[299,147],"authorship":[341],"acf":[],"yoast_head":"<!-- This site is optimized with the Yoast SEO Premium plugin v22.3 (Yoast SEO v22.3) - https:\/\/yoast.com\/wordpress\/plugins\/seo\/ -->\n<title>Uni.lu-Alumnus elektrisiert Belval Campus mit LOA-Festival - Universit\u00e4t Luxemburg<\/title>\n<meta name=\"description\" content=\"Auf dem Campus von Belval schwinden die letzten Spuren eines fiebrigen Wochenendes, und die Feierlaune der Saisoner\u00f6ffnung des Luxembourg Open Air (LOA)\" \/>\n<meta name=\"robots\" content=\"index, follow, max-snippet:-1, max-image-preview:large, max-video-preview:-1\" \/>\n<link rel=\"canonical\" href=\"https:\/\/www.uni.lu\/de\/news\/uni-lu-alumnus-elektrisiert-belval-campus-mit-loa-festival\/\" \/>\n<meta property=\"og:locale\" content=\"de_DE\" \/>\n<meta property=\"og:type\" content=\"article\" \/>\n<meta property=\"og:title\" content=\"Uni.lu-Alumnus elektrisiert Belval Campus mit LOA-Festival\" \/>\n<meta property=\"og:description\" content=\"Auf dem Campus von Belval schwinden die letzten Spuren eines fiebrigen Wochenendes, und die Feierlaune der Saisoner\u00f6ffnung des Luxembourg Open Air (LOA)\" \/>\n<meta property=\"og:url\" content=\"https:\/\/www.uni.lu\/de\/news\/uni-lu-alumnus-elektrisiert-belval-campus-mit-loa-festival\/\" \/>\n<meta property=\"og:site_name\" content=\"UNI DE\" \/>\n<meta property=\"article:publisher\" content=\"https:\/\/www.facebook.com\/uni.lu\" \/>\n<meta property=\"article:modified_time\" content=\"2025-05-13T12:48:27+00:00\" \/>\n<meta property=\"og:image\" content=\"https:\/\/www.uni.lu\/wp-content\/uploads\/sites\/10\/2025\/05\/Header-photo.-Sebastien-Jacque.-Copyright-Private-scaled.jpg\" \/>\n\t<meta property=\"og:image:width\" content=\"2560\" \/>\n\t<meta property=\"og:image:height\" content=\"1920\" \/>\n\t<meta property=\"og:image:type\" content=\"image\/jpeg\" \/>\n<meta name=\"twitter:card\" content=\"summary_large_image\" \/>\n<meta name=\"twitter:label1\" content=\"Gesch\u00e4tzte Lesezeit\" \/>\n\t<meta name=\"twitter:data1\" content=\"1 Minute\" \/>\n<script type=\"application\/ld+json\" class=\"yoast-schema-graph\">{\"@context\":\"https:\/\/schema.org\",\"@graph\":[{\"@type\":\"NewsArticle\",\"@id\":\"https:\/\/www.uni.lu\/de\/news\/uni-lu-alumnus-elektrisiert-belval-campus-mit-loa-festival\/#article\",\"isPartOf\":{\"@id\":\"https:\/\/www.uni.lu\/de\/news\/uni-lu-alumnus-elektrisiert-belval-campus-mit-loa-festival\/\"},\"author\":{\"name\":\"Catherine Clesse\",\"@id\":\"https:\/\/www.uni.lu\/de\/#\/schema\/person\/67d3defa53981502bf9cddb74a850c08\"},\"headline\":\"Uni.lu-Alumnus elektrisiert Belval Campus mit LOA-Festival\",\"datePublished\":\"2025-05-13T12:48:03+00:00\",\"dateModified\":\"2025-05-13T12:48:27+00:00\",\"mainEntityOfPage\":{\"@id\":\"https:\/\/www.uni.lu\/de\/news\/uni-lu-alumnus-elektrisiert-belval-campus-mit-loa-festival\/\"},\"wordCount\":73,\"publisher\":{\"@id\":\"https:\/\/www.uni.lu\/de\/#organization\"},\"image\":{\"@id\":\"https:\/\/www.uni.lu\/de\/news\/uni-lu-alumnus-elektrisiert-belval-campus-mit-loa-festival\/#primaryimage\"},\"thumbnailUrl\":\"https:\/\/www.uni.lu\/wp-content\/uploads\/sites\/10\/2025\/05\/Header-photo.-Sebastien-Jacque.-Copyright-Private-scaled.jpg\",\"inLanguage\":\"de-DE\"},{\"@type\":\"WebPage\",\"@id\":\"https:\/\/www.uni.lu\/de\/news\/uni-lu-alumnus-elektrisiert-belval-campus-mit-loa-festival\/\",\"url\":\"https:\/\/www.uni.lu\/de\/news\/uni-lu-alumnus-elektrisiert-belval-campus-mit-loa-festival\/\",\"name\":\"Uni.lu-Alumnus elektrisiert Belval Campus mit LOA-Festival - Universit\u00e4t Luxemburg\",\"isPartOf\":{\"@id\":\"https:\/\/www.uni.lu\/de\/#website\"},\"primaryImageOfPage\":{\"@id\":\"https:\/\/www.uni.lu\/de\/news\/uni-lu-alumnus-elektrisiert-belval-campus-mit-loa-festival\/#primaryimage\"},\"image\":{\"@id\":\"https:\/\/www.uni.lu\/de\/news\/uni-lu-alumnus-elektrisiert-belval-campus-mit-loa-festival\/#primaryimage\"},\"thumbnailUrl\":\"https:\/\/www.uni.lu\/wp-content\/uploads\/sites\/10\/2025\/05\/Header-photo.-Sebastien-Jacque.-Copyright-Private-scaled.jpg\",\"datePublished\":\"2025-05-13T12:48:03+00:00\",\"dateModified\":\"2025-05-13T12:48:27+00:00\",\"description\":\"Auf dem Campus von Belval schwinden die letzten Spuren eines fiebrigen Wochenendes, und die Feierlaune der Saisoner\u00f6ffnung des Luxembourg Open Air (LOA)\",\"breadcrumb\":{\"@id\":\"https:\/\/www.uni.lu\/de\/news\/uni-lu-alumnus-elektrisiert-belval-campus-mit-loa-festival\/#breadcrumb\"},\"inLanguage\":\"de-DE\",\"potentialAction\":[{\"@type\":\"ReadAction\",\"target\":[\"https:\/\/www.uni.lu\/de\/news\/uni-lu-alumnus-elektrisiert-belval-campus-mit-loa-festival\/\"]}]},{\"@type\":\"ImageObject\",\"inLanguage\":\"de-DE\",\"@id\":\"https:\/\/www.uni.lu\/de\/news\/uni-lu-alumnus-elektrisiert-belval-campus-mit-loa-festival\/#primaryimage\",\"url\":\"https:\/\/www.uni.lu\/wp-content\/uploads\/sites\/10\/2025\/05\/Header-photo.-Sebastien-Jacque.-Copyright-Private-scaled.jpg\",\"contentUrl\":\"https:\/\/www.uni.lu\/wp-content\/uploads\/sites\/10\/2025\/05\/Header-photo.-Sebastien-Jacque.-Copyright-Private-scaled.jpg\",\"width\":2560,\"height\":1920},{\"@type\":\"BreadcrumbList\",\"@id\":\"https:\/\/www.uni.lu\/de\/news\/uni-lu-alumnus-elektrisiert-belval-campus-mit-loa-festival\/#breadcrumb\",\"itemListElement\":[{\"@type\":\"ListItem\",\"position\":1,\"name\":\"Home\",\"item\":\"https:\/\/www.uni.lu\/de\/\"},{\"@type\":\"ListItem\",\"position\":2,\"name\":\"News\",\"item\":\"https:\/\/www.uni.lu\/de\/news\/\"},{\"@type\":\"ListItem\",\"position\":3,\"name\":\"Uni.lu-Alumnus elektrisiert Belval Campus mit LOA-Festival\"}]},{\"@type\":\"WebSite\",\"@id\":\"https:\/\/www.uni.lu\/de\/#website\",\"url\":\"https:\/\/www.uni.lu\/de\/\",\"name\":\"Uni.lu\",\"description\":\"Universit\u00e4t Luxemburg\",\"publisher\":{\"@id\":\"https:\/\/www.uni.lu\/de\/#organization\"},\"alternateName\":\"Universit\u00e4t Luxemburg\",\"potentialAction\":[{\"@type\":\"SearchAction\",\"target\":{\"@type\":\"EntryPoint\",\"urlTemplate\":\"https:\/\/www.uni.lu\/de\/?s={search_term_string}\"},\"query-input\":\"required name=search_term_string\"}],\"inLanguage\":\"de-DE\"},{\"@type\":\"Organization\",\"@id\":\"https:\/\/www.uni.lu\/de\/#organization\",\"name\":\"Universit\u00e4t Luxemburg\",\"alternateName\":\"Uni.lu\",\"url\":\"https:\/\/www.uni.lu\/de\/\",\"logo\":{\"@type\":\"ImageObject\",\"inLanguage\":\"de-DE\",\"@id\":\"https:\/\/www.uni.lu\/de\/#\/schema\/logo\/image\/\",\"url\":\"https:\/\/www.uni.lu\/wp-content\/uploads\/sites\/10\/2026\/03\/03120000\/UNIV_SM-Profile_1600x1600px-scaled.jpg\",\"contentUrl\":\"https:\/\/www.uni.lu\/wp-content\/uploads\/sites\/10\/2026\/03\/03120000\/UNIV_SM-Profile_1600x1600px-scaled.jpg\",\"width\":2560,\"height\":2560,\"caption\":\"Universit\u00e4t Luxemburg\"},\"image\":\"https:\/\/www.uni.lu\/wp-content\/uploads\/sites\/10\/2026\/04\/24144329\/20200609-Belval-Campus_Henri-Goergen-23.jpg\",\"sameAs\":[\"https:\/\/www.facebook.com\/uni.lu\",\"https:\/\/www.linkedin.com\/school\/university-of-luxembourg\/\",\"https:\/\/www.instagram.com\/uni.lu\",\"https:\/\/www.youtube.com\/@uni_lu\",\"https:\/\/en.wikipedia.org\/wiki\/University_of_Luxembourg\"],\"email\":\"communication@uni.lu\",\"telephone\":\"+3524666441\",\"address\":{\"@type\":\"PostalAddress\",\"streetAddress\":\"2, place de l\u2019Universit\u00e9\",\"addressLocality\":\"Esch-sur-Alzette\",\"postalCode\":\"4365\",\"addressCountry\":\"LU\"},\"description\":\"Universit\u00e4t Luxemburg\"},{\"@type\":\"Person\",\"@id\":\"https:\/\/www.uni.lu\/de\/#\/schema\/person\/67d3defa53981502bf9cddb74a850c08\",\"name\":\"Catherine Clesse\",\"image\":{\"@type\":\"ImageObject\",\"inLanguage\":\"de-DE\",\"@id\":\"https:\/\/www.uni.lu\/de\/#\/schema\/person\/image\/\",\"url\":\"https:\/\/secure.gravatar.com\/avatar\/6a2e15a24f9036a6aee8753304e46c2d?s=96&d=mm&r=g\",\"contentUrl\":\"https:\/\/secure.gravatar.com\/avatar\/6a2e15a24f9036a6aee8753304e46c2d?s=96&d=mm&r=g\",\"caption\":\"Catherine Clesse\"}}]}<\/script>\n<!-- \/ Yoast SEO Premium plugin. -->","yoast_head_json":{"title":"Uni.lu-Alumnus elektrisiert Belval Campus mit LOA-Festival - Universit\u00e4t Luxemburg","description":"Auf dem Campus von Belval schwinden die letzten Spuren eines fiebrigen Wochenendes, und die Feierlaune der Saisoner\u00f6ffnung des Luxembourg Open Air (LOA)","robots":{"index":"index","follow":"follow","max-snippet":"max-snippet:-1","max-image-preview":"max-image-preview:large","max-video-preview":"max-video-preview:-1"},"canonical":"https:\/\/www.uni.lu\/de\/news\/uni-lu-alumnus-elektrisiert-belval-campus-mit-loa-festival\/","og_locale":"de_DE","og_type":"article","og_title":"Uni.lu-Alumnus elektrisiert Belval Campus mit LOA-Festival","og_description":"Auf dem Campus von Belval schwinden die letzten Spuren eines fiebrigen Wochenendes, und die Feierlaune der Saisoner\u00f6ffnung des Luxembourg Open Air (LOA)","og_url":"https:\/\/www.uni.lu\/de\/news\/uni-lu-alumnus-elektrisiert-belval-campus-mit-loa-festival\/","og_site_name":"UNI DE","article_publisher":"https:\/\/www.facebook.com\/uni.lu","article_modified_time":"2025-05-13T12:48:27+00:00","og_image":[{"width":2560,"height":1920,"url":"https:\/\/www.uni.lu\/wp-content\/uploads\/sites\/10\/2025\/05\/Header-photo.-Sebastien-Jacque.-Copyright-Private-scaled.jpg","type":"image\/jpeg"}],"twitter_card":"summary_large_image","twitter_misc":{"Gesch\u00e4tzte Lesezeit":"1 Minute"},"schema":{"@context":"https:\/\/schema.org","@graph":[{"@type":"NewsArticle","@id":"https:\/\/www.uni.lu\/de\/news\/uni-lu-alumnus-elektrisiert-belval-campus-mit-loa-festival\/#article","isPartOf":{"@id":"https:\/\/www.uni.lu\/de\/news\/uni-lu-alumnus-elektrisiert-belval-campus-mit-loa-festival\/"},"author":{"name":"Catherine Clesse","@id":"https:\/\/www.uni.lu\/de\/#\/schema\/person\/67d3defa53981502bf9cddb74a850c08"},"headline":"Uni.lu-Alumnus elektrisiert Belval Campus mit LOA-Festival","datePublished":"2025-05-13T12:48:03+00:00","dateModified":"2025-05-13T12:48:27+00:00","mainEntityOfPage":{"@id":"https:\/\/www.uni.lu\/de\/news\/uni-lu-alumnus-elektrisiert-belval-campus-mit-loa-festival\/"},"wordCount":73,"publisher":{"@id":"https:\/\/www.uni.lu\/de\/#organization"},"image":{"@id":"https:\/\/www.uni.lu\/de\/news\/uni-lu-alumnus-elektrisiert-belval-campus-mit-loa-festival\/#primaryimage"},"thumbnailUrl":"https:\/\/www.uni.lu\/wp-content\/uploads\/sites\/10\/2025\/05\/Header-photo.-Sebastien-Jacque.-Copyright-Private-scaled.jpg","inLanguage":"de-DE"},{"@type":"WebPage","@id":"https:\/\/www.uni.lu\/de\/news\/uni-lu-alumnus-elektrisiert-belval-campus-mit-loa-festival\/","url":"https:\/\/www.uni.lu\/de\/news\/uni-lu-alumnus-elektrisiert-belval-campus-mit-loa-festival\/","name":"Uni.lu-Alumnus elektrisiert Belval Campus mit LOA-Festival - Universit\u00e4t Luxemburg","isPartOf":{"@id":"https:\/\/www.uni.lu\/de\/#website"},"primaryImageOfPage":{"@id":"https:\/\/www.uni.lu\/de\/news\/uni-lu-alumnus-elektrisiert-belval-campus-mit-loa-festival\/#primaryimage"},"image":{"@id":"https:\/\/www.uni.lu\/de\/news\/uni-lu-alumnus-elektrisiert-belval-campus-mit-loa-festival\/#primaryimage"},"thumbnailUrl":"https:\/\/www.uni.lu\/wp-content\/uploads\/sites\/10\/2025\/05\/Header-photo.-Sebastien-Jacque.-Copyright-Private-scaled.jpg","datePublished":"2025-05-13T12:48:03+00:00","dateModified":"2025-05-13T12:48:27+00:00","description":"Auf dem Campus von Belval schwinden die letzten Spuren eines fiebrigen Wochenendes, und die Feierlaune der Saisoner\u00f6ffnung des Luxembourg Open Air (LOA)","breadcrumb":{"@id":"https:\/\/www.uni.lu\/de\/news\/uni-lu-alumnus-elektrisiert-belval-campus-mit-loa-festival\/#breadcrumb"},"inLanguage":"de-DE","potentialAction":[{"@type":"ReadAction","target":["https:\/\/www.uni.lu\/de\/news\/uni-lu-alumnus-elektrisiert-belval-campus-mit-loa-festival\/"]}]},{"@type":"ImageObject","inLanguage":"de-DE","@id":"https:\/\/www.uni.lu\/de\/news\/uni-lu-alumnus-elektrisiert-belval-campus-mit-loa-festival\/#primaryimage","url":"https:\/\/www.uni.lu\/wp-content\/uploads\/sites\/10\/2025\/05\/Header-photo.-Sebastien-Jacque.-Copyright-Private-scaled.jpg","contentUrl":"https:\/\/www.uni.lu\/wp-content\/uploads\/sites\/10\/2025\/05\/Header-photo.-Sebastien-Jacque.-Copyright-Private-scaled.jpg","width":2560,"height":1920},{"@type":"BreadcrumbList","@id":"https:\/\/www.uni.lu\/de\/news\/uni-lu-alumnus-elektrisiert-belval-campus-mit-loa-festival\/#breadcrumb","itemListElement":[{"@type":"ListItem","position":1,"name":"Home","item":"https:\/\/www.uni.lu\/de\/"},{"@type":"ListItem","position":2,"name":"News","item":"https:\/\/www.uni.lu\/de\/news\/"},{"@type":"ListItem","position":3,"name":"Uni.lu-Alumnus elektrisiert Belval Campus mit LOA-Festival"}]},{"@type":"WebSite","@id":"https:\/\/www.uni.lu\/de\/#website","url":"https:\/\/www.uni.lu\/de\/","name":"Uni.lu","description":"Universit\u00e4t Luxemburg","publisher":{"@id":"https:\/\/www.uni.lu\/de\/#organization"},"alternateName":"Universit\u00e4t Luxemburg","potentialAction":[{"@type":"SearchAction","target":{"@type":"EntryPoint","urlTemplate":"https:\/\/www.uni.lu\/de\/?s={search_term_string}"},"query-input":"required name=search_term_string"}],"inLanguage":"de-DE"},{"@type":"Organization","@id":"https:\/\/www.uni.lu\/de\/#organization","name":"Universit\u00e4t Luxemburg","alternateName":"Uni.lu","url":"https:\/\/www.uni.lu\/de\/","logo":{"@type":"ImageObject","inLanguage":"de-DE","@id":"https:\/\/www.uni.lu\/de\/#\/schema\/logo\/image\/","url":"https:\/\/www.uni.lu\/wp-content\/uploads\/sites\/10\/2026\/03\/03120000\/UNIV_SM-Profile_1600x1600px-scaled.jpg","contentUrl":"https:\/\/www.uni.lu\/wp-content\/uploads\/sites\/10\/2026\/03\/03120000\/UNIV_SM-Profile_1600x1600px-scaled.jpg","width":2560,"height":2560,"caption":"Universit\u00e4t Luxemburg"},"image":"https:\/\/www.uni.lu\/wp-content\/uploads\/sites\/10\/2026\/04\/24144329\/20200609-Belval-Campus_Henri-Goergen-23.jpg","sameAs":["https:\/\/www.facebook.com\/uni.lu","https:\/\/www.linkedin.com\/school\/university-of-luxembourg\/","https:\/\/www.instagram.com\/uni.lu","https:\/\/www.youtube.com\/@uni_lu","https:\/\/en.wikipedia.org\/wiki\/University_of_Luxembourg"],"email":"communication@uni.lu","telephone":"+3524666441","address":{"@type":"PostalAddress","streetAddress":"2, place de l\u2019Universit\u00e9","addressLocality":"Esch-sur-Alzette","postalCode":"4365","addressCountry":"LU"},"description":"Universit\u00e4t Luxemburg"},{"@type":"Person","@id":"https:\/\/www.uni.lu\/de\/#\/schema\/person\/67d3defa53981502bf9cddb74a850c08","name":"Catherine Clesse","image":{"@type":"ImageObject","inLanguage":"de-DE","@id":"https:\/\/www.uni.lu\/de\/#\/schema\/person\/image\/","url":"https:\/\/secure.gravatar.com\/avatar\/6a2e15a24f9036a6aee8753304e46c2d?s=96&d=mm&r=g","contentUrl":"https:\/\/secure.gravatar.com\/avatar\/6a2e15a24f9036a6aee8753304e46c2d?s=96&d=mm&r=g","caption":"Catherine Clesse"}}]}},"blog_id":10,"_links":{"self":[{"href":"https:\/\/www.uni.lu\/de\/wp-json\/wp\/v2\/news\/6685"}],"collection":[{"href":"https:\/\/www.uni.lu\/de\/wp-json\/wp\/v2\/news"}],"about":[{"href":"https:\/\/www.uni.lu\/de\/wp-json\/wp\/v2\/types\/news"}],"author":[{"embeddable":true,"href":"https:\/\/www.uni.lu\/de\/wp-json\/wp\/v2\/users\/341"}],"version-history":[{"count":4,"href":"https:\/\/www.uni.lu\/de\/wp-json\/wp\/v2\/news\/6685\/revisions"}],"predecessor-version":[{"id":6691,"href":"https:\/\/www.uni.lu\/de\/wp-json\/wp\/v2\/news\/6685\/revisions\/6691"}],"wp:authorship":[{"embeddable":true,"href":"https:\/\/www.uni.lu\/de\/wp-json\/wp\/v2\/users\/341"}],"wp:featuredmedia":[{"embeddable":true,"href":"https:\/\/www.uni.lu\/de\/wp-json\/wp\/v2\/media\/6688"}],"wp:attachment":[{"href":"https:\/\/www.uni.lu\/de\/wp-json\/wp\/v2\/media?parent=6685"}],"wp:term":[{"taxonomy":"news-category","embeddable":true,"href":"https:\/\/www.uni.lu\/de\/wp-json\/wp\/v2\/news-category?post=6685"},{"taxonomy":"news-topic","embeddable":true,"href":"https:\/\/www.uni.lu\/de\/wp-json\/wp\/v2\/news-topic?post=6685"},{"taxonomy":"organisation","embeddable":true,"href":"https:\/\/www.uni.lu\/de\/wp-json\/wp\/v2\/organisation?post=6685"}],"curies":[{"name":"wp","href":"https:\/\/api.w.org\/{rel}","templated":true}]}}