{"id":6583,"date":"2025-04-24T16:11:17","date_gmt":"2025-04-24T14:11:17","guid":{"rendered":"https:\/\/www.uni.lu\/de\/?post_type=news&#038;p=6583"},"modified":"2025-04-24T16:11:18","modified_gmt":"2025-04-24T14:11:18","slug":"gilbert-trausch-die-erinnerung-fur-kommende-generationen-bewahren","status":"publish","type":"news","link":"https:\/\/www.uni.lu\/de\/news\/gilbert-trausch-die-erinnerung-fur-kommende-generationen-bewahren\/","title":{"rendered":"Die Erinnerung f\u00fcr kommende Generationen bewahren"},"content":{"rendered":"\n<section class=\"wp-block-unilux-blocks-free-section section\"><div class=\"container xl:max-w-screen-xl\">\n<div class=\"wp-block-columns is-layout-flex wp-block-columns-is-layout-flex\">\n<div class=\"wp-block-column is-layout-flow wp-block-column-is-layout-flow\"><figure class=\"wp-block-dev4-reusable-blocks-image  object-fit--cover\">\n    \n<img decoding=\"async\" class=\"wp-block-image unilux-custom-image-block\"\n                alt=\"\"\n            src=\"https:\/\/www.uni.lu\/wp-content\/uploads\/sites\/9\/2025\/04\/Collage-Trausch.jpg\"\n                    style=\"object-position: 54.00% 49.00%; font-family: &quot;object-fit: cover; object-position: 54.00% 49.00%;&quot;; aspect-ratio: 1\/1; object-fit: cover; width: 100%;\"\n        loading=\"lazy\"\n\/>    <\/figure><\/div>\n\n\n\n<div class=\"wp-block-column is-layout-flow wp-block-column-is-layout-flow\">\n<p>Der Name Gilbert Trausch mag vielen nicht gel\u00e4ufig sein, doch der Einfluss seiner Arbeit ist im Leben der meisten Luxemburger sp\u00fcrbar. Gilbert Trausch (1931\u20132018) war der bedeutendste, und einflussreichste Historiker seiner Zeit. Er vereinte wissenschaftliche Expertise mit einer au\u00dfergew\u00f6hnlichen F\u00e4higkeit, historisches Wissen zu vermitteln und das \u00f6ffentliche Geschichtsbewusstsein zu pr\u00e4gen. Neben zahlreichen Ver\u00f6ffentlichungen, Medienauftritten und Reden war er auch als Professor t\u00e4tig, engagierte sich in diversen Forschungsnetzwerken und vertrat Luxemburg im Ausland.&nbsp;&nbsp;<\/p>\n\n\n\n<p>Gilbert Trausch hatte in seinem Zuhause eine umfangreiche private wissenschaftliche Bibliothek aufgebaut. Sie zeugt von einer historischen Arbeitsweise, die durch gro\u00dfe Methodik gepr\u00e4gt war. Nach drei Jahren interdisziplin\u00e4rer Arbeit sind nun eine Online-Ausstellung \u00fcber sein Leben und Werk, ein 3D-Modell seiner Bibliothek sowie seine Sammlung bereit, entdeckt zu werden.&nbsp;&nbsp;<\/p>\n<\/div>\n<\/div>\n\n\n\n<ul class=\"wp-block-unilux-blocks-custom-buttons btn-list\"><li class=\"wp-block-unilux-blocks-custom-button\"    aria-disabled=\"false\"\n    >\n    <a\n        role=\"link\"\n        aria-disabled=\"false\"\n                    href=\"https:\/\/www.uni.lu\/en\/news\/gilbert-trausch-keeping-the-legacy-alive\/\"\n                target=\"_self\"\n        class=\"btn btn--primary\"\n            >Lesen Sie den Beitrag auf Englisch weiter<\/a>\n<\/li>\n<\/ul>\n<\/div><\/section>\n","protected":false},"excerpt":{"rendered":"","protected":false},"author":341,"featured_media":6585,"template":"","format":"standard","meta":{"featured_image_focal_point":[],"show_featured_caption":false,"ulux_newsletter_groups":"","uluxPostTitle":"","uluxPrePostTitle":"","_trash_the_other_posts":false,"_price":"","_stock":"","_tribe_ticket_header":"","_tribe_default_ticket_provider":"","_tribe_ticket_capacity":"0","_ticket_start_date":"","_ticket_end_date":"","_tribe_ticket_show_description":"","_tribe_ticket_show_not_going":false,"_tribe_ticket_use_global_stock":"","_tribe_ticket_global_stock_level":"","_global_stock_mode":"","_global_stock_cap":"","_tribe_rsvp_for_event":"","_tribe_ticket_going_count":"","_tribe_ticket_not_going_count":"","_tribe_tickets_list":"[]","_tribe_ticket_has_attendee_info_fields":false},"news-category":[7],"news-topic":[17],"organisation":[221],"authorship":[341],"acf":[],"yoast_head":"<!-- This site is optimized with the Yoast SEO Premium plugin v22.3 (Yoast SEO v22.3) - https:\/\/yoast.com\/wordpress\/plugins\/seo\/ -->\n<title>Die Erinnerung f\u00fcr kommende Generationen bewahren - Universit\u00e4t Luxemburg<\/title>\n<meta name=\"description\" content=\"Der Name Gilbert Trausch mag vielen nicht gel\u00e4ufig sein, doch der Einfluss seiner Arbeit ist im Leben der meisten Luxemburger sp\u00fcrbar. Gilbert Trausch\" \/>\n<meta name=\"robots\" content=\"index, follow, max-snippet:-1, max-image-preview:large, max-video-preview:-1\" \/>\n<link rel=\"canonical\" href=\"https:\/\/www.uni.lu\/de\/news\/gilbert-trausch-die-erinnerung-fur-kommende-generationen-bewahren\/\" \/>\n<meta property=\"og:locale\" content=\"de_DE\" \/>\n<meta property=\"og:type\" content=\"article\" \/>\n<meta property=\"og:title\" content=\"Die Erinnerung f\u00fcr kommende Generationen bewahren\" \/>\n<meta property=\"og:description\" content=\"Der Name Gilbert Trausch mag vielen nicht gel\u00e4ufig sein, doch der Einfluss seiner Arbeit ist im Leben der meisten Luxemburger sp\u00fcrbar. Gilbert Trausch\" \/>\n<meta property=\"og:url\" content=\"https:\/\/www.uni.lu\/de\/news\/gilbert-trausch-die-erinnerung-fur-kommende-generationen-bewahren\/\" \/>\n<meta property=\"og:site_name\" content=\"UNI DE\" \/>\n<meta property=\"article:publisher\" content=\"https:\/\/www.facebook.com\/uni.lu\" \/>\n<meta property=\"article:modified_time\" content=\"2025-04-24T14:11:18+00:00\" \/>\n<meta property=\"og:image\" content=\"https:\/\/www.uni.lu\/wp-content\/uploads\/sites\/10\/2025\/04\/Hero-image.jpg\" \/>\n\t<meta property=\"og:image:width\" content=\"2000\" \/>\n\t<meta property=\"og:image:height\" content=\"1500\" \/>\n\t<meta property=\"og:image:type\" content=\"image\/jpeg\" \/>\n<meta name=\"twitter:card\" content=\"summary_large_image\" \/>\n<meta name=\"twitter:label1\" content=\"Gesch\u00e4tzte Lesezeit\" \/>\n\t<meta name=\"twitter:data1\" content=\"1 Minute\" \/>\n<script type=\"application\/ld+json\" class=\"yoast-schema-graph\">{\"@context\":\"https:\/\/schema.org\",\"@graph\":[{\"@type\":\"NewsArticle\",\"@id\":\"https:\/\/www.uni.lu\/de\/news\/gilbert-trausch-die-erinnerung-fur-kommende-generationen-bewahren\/#article\",\"isPartOf\":{\"@id\":\"https:\/\/www.uni.lu\/de\/news\/gilbert-trausch-die-erinnerung-fur-kommende-generationen-bewahren\/\"},\"author\":{\"name\":\"Catherine Clesse\",\"@id\":\"https:\/\/www.uni.lu\/de\/#\/schema\/person\/67d3defa53981502bf9cddb74a850c08\"},\"headline\":\"Die Erinnerung f\u00fcr kommende Generationen bewahren\",\"datePublished\":\"2025-04-24T14:11:17+00:00\",\"dateModified\":\"2025-04-24T14:11:18+00:00\",\"mainEntityOfPage\":{\"@id\":\"https:\/\/www.uni.lu\/de\/news\/gilbert-trausch-die-erinnerung-fur-kommende-generationen-bewahren\/\"},\"wordCount\":142,\"publisher\":{\"@id\":\"https:\/\/www.uni.lu\/de\/#organization\"},\"image\":{\"@id\":\"https:\/\/www.uni.lu\/de\/news\/gilbert-trausch-die-erinnerung-fur-kommende-generationen-bewahren\/#primaryimage\"},\"thumbnailUrl\":\"https:\/\/www.uni.lu\/wp-content\/uploads\/sites\/10\/2025\/04\/Hero-image.jpg\",\"inLanguage\":\"de-DE\"},{\"@type\":\"WebPage\",\"@id\":\"https:\/\/www.uni.lu\/de\/news\/gilbert-trausch-die-erinnerung-fur-kommende-generationen-bewahren\/\",\"url\":\"https:\/\/www.uni.lu\/de\/news\/gilbert-trausch-die-erinnerung-fur-kommende-generationen-bewahren\/\",\"name\":\"Die Erinnerung f\u00fcr kommende Generationen bewahren - Universit\u00e4t Luxemburg\",\"isPartOf\":{\"@id\":\"https:\/\/www.uni.lu\/de\/#website\"},\"primaryImageOfPage\":{\"@id\":\"https:\/\/www.uni.lu\/de\/news\/gilbert-trausch-die-erinnerung-fur-kommende-generationen-bewahren\/#primaryimage\"},\"image\":{\"@id\":\"https:\/\/www.uni.lu\/de\/news\/gilbert-trausch-die-erinnerung-fur-kommende-generationen-bewahren\/#primaryimage\"},\"thumbnailUrl\":\"https:\/\/www.uni.lu\/wp-content\/uploads\/sites\/10\/2025\/04\/Hero-image.jpg\",\"datePublished\":\"2025-04-24T14:11:17+00:00\",\"dateModified\":\"2025-04-24T14:11:18+00:00\",\"description\":\"Der Name Gilbert Trausch mag vielen nicht gel\u00e4ufig sein, doch der Einfluss seiner Arbeit ist im Leben der meisten Luxemburger sp\u00fcrbar. Gilbert Trausch\",\"breadcrumb\":{\"@id\":\"https:\/\/www.uni.lu\/de\/news\/gilbert-trausch-die-erinnerung-fur-kommende-generationen-bewahren\/#breadcrumb\"},\"inLanguage\":\"de-DE\",\"potentialAction\":[{\"@type\":\"ReadAction\",\"target\":[\"https:\/\/www.uni.lu\/de\/news\/gilbert-trausch-die-erinnerung-fur-kommende-generationen-bewahren\/\"]}]},{\"@type\":\"ImageObject\",\"inLanguage\":\"de-DE\",\"@id\":\"https:\/\/www.uni.lu\/de\/news\/gilbert-trausch-die-erinnerung-fur-kommende-generationen-bewahren\/#primaryimage\",\"url\":\"https:\/\/www.uni.lu\/wp-content\/uploads\/sites\/10\/2025\/04\/Hero-image.jpg\",\"contentUrl\":\"https:\/\/www.uni.lu\/wp-content\/uploads\/sites\/10\/2025\/04\/Hero-image.jpg\",\"width\":2000,\"height\":1500},{\"@type\":\"BreadcrumbList\",\"@id\":\"https:\/\/www.uni.lu\/de\/news\/gilbert-trausch-die-erinnerung-fur-kommende-generationen-bewahren\/#breadcrumb\",\"itemListElement\":[{\"@type\":\"ListItem\",\"position\":1,\"name\":\"Home\",\"item\":\"https:\/\/www.uni.lu\/de\/\"},{\"@type\":\"ListItem\",\"position\":2,\"name\":\"News\",\"item\":\"https:\/\/www.uni.lu\/de\/news\/\"},{\"@type\":\"ListItem\",\"position\":3,\"name\":\"Die Erinnerung f\u00fcr kommende Generationen bewahren\"}]},{\"@type\":\"WebSite\",\"@id\":\"https:\/\/www.uni.lu\/de\/#website\",\"url\":\"https:\/\/www.uni.lu\/de\/\",\"name\":\"Uni.lu\",\"description\":\"Universit\u00e4t Luxemburg\",\"publisher\":{\"@id\":\"https:\/\/www.uni.lu\/de\/#organization\"},\"alternateName\":\"Universit\u00e4t Luxemburg\",\"potentialAction\":[{\"@type\":\"SearchAction\",\"target\":{\"@type\":\"EntryPoint\",\"urlTemplate\":\"https:\/\/www.uni.lu\/de\/?s={search_term_string}\"},\"query-input\":\"required name=search_term_string\"}],\"inLanguage\":\"de-DE\"},{\"@type\":\"Organization\",\"@id\":\"https:\/\/www.uni.lu\/de\/#organization\",\"name\":\"Universit\u00e4t Luxemburg\",\"alternateName\":\"Uni.lu\",\"url\":\"https:\/\/www.uni.lu\/de\/\",\"logo\":{\"@type\":\"ImageObject\",\"inLanguage\":\"de-DE\",\"@id\":\"https:\/\/www.uni.lu\/de\/#\/schema\/logo\/image\/\",\"url\":\"https:\/\/www.uni.lu\/wp-content\/uploads\/sites\/10\/2026\/03\/03120000\/UNIV_SM-Profile_1600x1600px-scaled.jpg\",\"contentUrl\":\"https:\/\/www.uni.lu\/wp-content\/uploads\/sites\/10\/2026\/03\/03120000\/UNIV_SM-Profile_1600x1600px-scaled.jpg\",\"width\":2560,\"height\":2560,\"caption\":\"Universit\u00e4t Luxemburg\"},\"image\":\"https:\/\/www.uni.lu\/wp-content\/uploads\/sites\/10\/2026\/04\/24144329\/20200609-Belval-Campus_Henri-Goergen-23.jpg\",\"sameAs\":[\"https:\/\/www.facebook.com\/uni.lu\",\"https:\/\/www.linkedin.com\/school\/university-of-luxembourg\/\",\"https:\/\/www.instagram.com\/uni.lu\",\"https:\/\/www.youtube.com\/@uni_lu\",\"https:\/\/en.wikipedia.org\/wiki\/University_of_Luxembourg\"],\"email\":\"communication@uni.lu\",\"telephone\":\"+3524666441\",\"address\":{\"@type\":\"PostalAddress\",\"streetAddress\":\"2, place de l\u2019Universit\u00e9\",\"addressLocality\":\"Esch-sur-Alzette\",\"postalCode\":\"4365\",\"addressCountry\":\"LU\"},\"description\":\"Universit\u00e4t Luxemburg\"},{\"@type\":\"Person\",\"@id\":\"https:\/\/www.uni.lu\/de\/#\/schema\/person\/67d3defa53981502bf9cddb74a850c08\",\"name\":\"Catherine Clesse\",\"image\":{\"@type\":\"ImageObject\",\"inLanguage\":\"de-DE\",\"@id\":\"https:\/\/www.uni.lu\/de\/#\/schema\/person\/image\/\",\"url\":\"https:\/\/secure.gravatar.com\/avatar\/6a2e15a24f9036a6aee8753304e46c2d?s=96&d=mm&r=g\",\"contentUrl\":\"https:\/\/secure.gravatar.com\/avatar\/6a2e15a24f9036a6aee8753304e46c2d?s=96&d=mm&r=g\",\"caption\":\"Catherine Clesse\"}}]}<\/script>\n<!-- \/ Yoast SEO Premium plugin. -->","yoast_head_json":{"title":"Die Erinnerung f\u00fcr kommende Generationen bewahren - Universit\u00e4t Luxemburg","description":"Der Name Gilbert Trausch mag vielen nicht gel\u00e4ufig sein, doch der Einfluss seiner Arbeit ist im Leben der meisten Luxemburger sp\u00fcrbar. Gilbert Trausch","robots":{"index":"index","follow":"follow","max-snippet":"max-snippet:-1","max-image-preview":"max-image-preview:large","max-video-preview":"max-video-preview:-1"},"canonical":"https:\/\/www.uni.lu\/de\/news\/gilbert-trausch-die-erinnerung-fur-kommende-generationen-bewahren\/","og_locale":"de_DE","og_type":"article","og_title":"Die Erinnerung f\u00fcr kommende Generationen bewahren","og_description":"Der Name Gilbert Trausch mag vielen nicht gel\u00e4ufig sein, doch der Einfluss seiner Arbeit ist im Leben der meisten Luxemburger sp\u00fcrbar. Gilbert Trausch","og_url":"https:\/\/www.uni.lu\/de\/news\/gilbert-trausch-die-erinnerung-fur-kommende-generationen-bewahren\/","og_site_name":"UNI DE","article_publisher":"https:\/\/www.facebook.com\/uni.lu","article_modified_time":"2025-04-24T14:11:18+00:00","og_image":[{"width":2000,"height":1500,"url":"https:\/\/www.uni.lu\/wp-content\/uploads\/sites\/10\/2025\/04\/Hero-image.jpg","type":"image\/jpeg"}],"twitter_card":"summary_large_image","twitter_misc":{"Gesch\u00e4tzte Lesezeit":"1 Minute"},"schema":{"@context":"https:\/\/schema.org","@graph":[{"@type":"NewsArticle","@id":"https:\/\/www.uni.lu\/de\/news\/gilbert-trausch-die-erinnerung-fur-kommende-generationen-bewahren\/#article","isPartOf":{"@id":"https:\/\/www.uni.lu\/de\/news\/gilbert-trausch-die-erinnerung-fur-kommende-generationen-bewahren\/"},"author":{"name":"Catherine Clesse","@id":"https:\/\/www.uni.lu\/de\/#\/schema\/person\/67d3defa53981502bf9cddb74a850c08"},"headline":"Die Erinnerung f\u00fcr kommende Generationen bewahren","datePublished":"2025-04-24T14:11:17+00:00","dateModified":"2025-04-24T14:11:18+00:00","mainEntityOfPage":{"@id":"https:\/\/www.uni.lu\/de\/news\/gilbert-trausch-die-erinnerung-fur-kommende-generationen-bewahren\/"},"wordCount":142,"publisher":{"@id":"https:\/\/www.uni.lu\/de\/#organization"},"image":{"@id":"https:\/\/www.uni.lu\/de\/news\/gilbert-trausch-die-erinnerung-fur-kommende-generationen-bewahren\/#primaryimage"},"thumbnailUrl":"https:\/\/www.uni.lu\/wp-content\/uploads\/sites\/10\/2025\/04\/Hero-image.jpg","inLanguage":"de-DE"},{"@type":"WebPage","@id":"https:\/\/www.uni.lu\/de\/news\/gilbert-trausch-die-erinnerung-fur-kommende-generationen-bewahren\/","url":"https:\/\/www.uni.lu\/de\/news\/gilbert-trausch-die-erinnerung-fur-kommende-generationen-bewahren\/","name":"Die Erinnerung f\u00fcr kommende Generationen bewahren - Universit\u00e4t Luxemburg","isPartOf":{"@id":"https:\/\/www.uni.lu\/de\/#website"},"primaryImageOfPage":{"@id":"https:\/\/www.uni.lu\/de\/news\/gilbert-trausch-die-erinnerung-fur-kommende-generationen-bewahren\/#primaryimage"},"image":{"@id":"https:\/\/www.uni.lu\/de\/news\/gilbert-trausch-die-erinnerung-fur-kommende-generationen-bewahren\/#primaryimage"},"thumbnailUrl":"https:\/\/www.uni.lu\/wp-content\/uploads\/sites\/10\/2025\/04\/Hero-image.jpg","datePublished":"2025-04-24T14:11:17+00:00","dateModified":"2025-04-24T14:11:18+00:00","description":"Der Name Gilbert Trausch mag vielen nicht gel\u00e4ufig sein, doch der Einfluss seiner Arbeit ist im Leben der meisten Luxemburger sp\u00fcrbar. Gilbert Trausch","breadcrumb":{"@id":"https:\/\/www.uni.lu\/de\/news\/gilbert-trausch-die-erinnerung-fur-kommende-generationen-bewahren\/#breadcrumb"},"inLanguage":"de-DE","potentialAction":[{"@type":"ReadAction","target":["https:\/\/www.uni.lu\/de\/news\/gilbert-trausch-die-erinnerung-fur-kommende-generationen-bewahren\/"]}]},{"@type":"ImageObject","inLanguage":"de-DE","@id":"https:\/\/www.uni.lu\/de\/news\/gilbert-trausch-die-erinnerung-fur-kommende-generationen-bewahren\/#primaryimage","url":"https:\/\/www.uni.lu\/wp-content\/uploads\/sites\/10\/2025\/04\/Hero-image.jpg","contentUrl":"https:\/\/www.uni.lu\/wp-content\/uploads\/sites\/10\/2025\/04\/Hero-image.jpg","width":2000,"height":1500},{"@type":"BreadcrumbList","@id":"https:\/\/www.uni.lu\/de\/news\/gilbert-trausch-die-erinnerung-fur-kommende-generationen-bewahren\/#breadcrumb","itemListElement":[{"@type":"ListItem","position":1,"name":"Home","item":"https:\/\/www.uni.lu\/de\/"},{"@type":"ListItem","position":2,"name":"News","item":"https:\/\/www.uni.lu\/de\/news\/"},{"@type":"ListItem","position":3,"name":"Die Erinnerung f\u00fcr kommende Generationen bewahren"}]},{"@type":"WebSite","@id":"https:\/\/www.uni.lu\/de\/#website","url":"https:\/\/www.uni.lu\/de\/","name":"Uni.lu","description":"Universit\u00e4t Luxemburg","publisher":{"@id":"https:\/\/www.uni.lu\/de\/#organization"},"alternateName":"Universit\u00e4t Luxemburg","potentialAction":[{"@type":"SearchAction","target":{"@type":"EntryPoint","urlTemplate":"https:\/\/www.uni.lu\/de\/?s={search_term_string}"},"query-input":"required name=search_term_string"}],"inLanguage":"de-DE"},{"@type":"Organization","@id":"https:\/\/www.uni.lu\/de\/#organization","name":"Universit\u00e4t Luxemburg","alternateName":"Uni.lu","url":"https:\/\/www.uni.lu\/de\/","logo":{"@type":"ImageObject","inLanguage":"de-DE","@id":"https:\/\/www.uni.lu\/de\/#\/schema\/logo\/image\/","url":"https:\/\/www.uni.lu\/wp-content\/uploads\/sites\/10\/2026\/03\/03120000\/UNIV_SM-Profile_1600x1600px-scaled.jpg","contentUrl":"https:\/\/www.uni.lu\/wp-content\/uploads\/sites\/10\/2026\/03\/03120000\/UNIV_SM-Profile_1600x1600px-scaled.jpg","width":2560,"height":2560,"caption":"Universit\u00e4t Luxemburg"},"image":"https:\/\/www.uni.lu\/wp-content\/uploads\/sites\/10\/2026\/04\/24144329\/20200609-Belval-Campus_Henri-Goergen-23.jpg","sameAs":["https:\/\/www.facebook.com\/uni.lu","https:\/\/www.linkedin.com\/school\/university-of-luxembourg\/","https:\/\/www.instagram.com\/uni.lu","https:\/\/www.youtube.com\/@uni_lu","https:\/\/en.wikipedia.org\/wiki\/University_of_Luxembourg"],"email":"communication@uni.lu","telephone":"+3524666441","address":{"@type":"PostalAddress","streetAddress":"2, place de l\u2019Universit\u00e9","addressLocality":"Esch-sur-Alzette","postalCode":"4365","addressCountry":"LU"},"description":"Universit\u00e4t Luxemburg"},{"@type":"Person","@id":"https:\/\/www.uni.lu\/de\/#\/schema\/person\/67d3defa53981502bf9cddb74a850c08","name":"Catherine Clesse","image":{"@type":"ImageObject","inLanguage":"de-DE","@id":"https:\/\/www.uni.lu\/de\/#\/schema\/person\/image\/","url":"https:\/\/secure.gravatar.com\/avatar\/6a2e15a24f9036a6aee8753304e46c2d?s=96&d=mm&r=g","contentUrl":"https:\/\/secure.gravatar.com\/avatar\/6a2e15a24f9036a6aee8753304e46c2d?s=96&d=mm&r=g","caption":"Catherine Clesse"}}]}},"blog_id":10,"_links":{"self":[{"href":"https:\/\/www.uni.lu\/de\/wp-json\/wp\/v2\/news\/6583"}],"collection":[{"href":"https:\/\/www.uni.lu\/de\/wp-json\/wp\/v2\/news"}],"about":[{"href":"https:\/\/www.uni.lu\/de\/wp-json\/wp\/v2\/types\/news"}],"author":[{"embeddable":true,"href":"https:\/\/www.uni.lu\/de\/wp-json\/wp\/v2\/users\/341"}],"version-history":[{"count":2,"href":"https:\/\/www.uni.lu\/de\/wp-json\/wp\/v2\/news\/6583\/revisions"}],"predecessor-version":[{"id":6586,"href":"https:\/\/www.uni.lu\/de\/wp-json\/wp\/v2\/news\/6583\/revisions\/6586"}],"wp:authorship":[{"embeddable":true,"href":"https:\/\/www.uni.lu\/de\/wp-json\/wp\/v2\/users\/341"}],"wp:featuredmedia":[{"embeddable":true,"href":"https:\/\/www.uni.lu\/de\/wp-json\/wp\/v2\/media\/6585"}],"wp:attachment":[{"href":"https:\/\/www.uni.lu\/de\/wp-json\/wp\/v2\/media?parent=6583"}],"wp:term":[{"taxonomy":"news-category","embeddable":true,"href":"https:\/\/www.uni.lu\/de\/wp-json\/wp\/v2\/news-category?post=6583"},{"taxonomy":"news-topic","embeddable":true,"href":"https:\/\/www.uni.lu\/de\/wp-json\/wp\/v2\/news-topic?post=6583"},{"taxonomy":"organisation","embeddable":true,"href":"https:\/\/www.uni.lu\/de\/wp-json\/wp\/v2\/organisation?post=6583"}],"curies":[{"name":"wp","href":"https:\/\/api.w.org\/{rel}","templated":true}]}}