{"id":6553,"date":"2025-04-18T11:22:51","date_gmt":"2025-04-18T09:22:51","guid":{"rendered":"https:\/\/www.uni.lu\/de\/?post_type=news&#038;p=6553"},"modified":"2025-04-18T11:26:59","modified_gmt":"2025-04-18T09:26:59","slug":"quantitativer-ansatz-zur-dynamik-sozialer-medien","status":"publish","type":"news","link":"https:\/\/www.uni.lu\/de\/news\/quantitativer-ansatz-zur-dynamik-sozialer-medien\/","title":{"rendered":"Jenseits der Kluft: Ein quantitativer Ansatz zur Dynamik sozialer Medien"},"content":{"rendered":"\n<section class=\"wp-block-unilux-blocks-free-section section\"><div class=\"container xl:max-w-screen-xl\">\n<p>Soziale Netzwerke haben sich als fruchtbarer Boden f\u00fcr den Aufstieg des Populismus erwiesen und bieten einen weitgehend ungehinderten Raum f\u00fcr polarisierende Diskurse und die Verbreitung von falschen Informationen. Weltweit hat der Aufstieg des Populismus die politische Widerstandsf\u00e4higkeit und Stabilit\u00e4t zunehmend erschwert.&nbsp;<\/p>\n\n\n\n<p>Hilfe k\u00f6nnte von einem unerwarteten Partner kommen: Zum ersten Mal verwenden Forscher aus den Bereichen Finanzen und Wirtschaft eine Kombination aus Modellen und Theorien aus den Bereichen Finanzen, Robotik, Wirtschaft und Naturwissenschaften, um die Daten im Zusammenhang mit der Zunahme und Verbreitung des Populismus in den sozialen Medien quantitativ zu untersuchen.&nbsp;&nbsp;<\/p>\n\n\n\n<section class=\"wp-block-unilux-blocks-quote-people\">\n    <div class=\"quote-people\" role=\"group\">\n        <figure class=\"quote-people__body\">\n            <blockquote class=\"quote-people__blockquote\">\n    <span class=\"quote-people__quote\">\u201f<\/span>\n    Hauptziel unseres Projekts POPULISM ist es, praktische quantitative Methoden zu entwickeln, die wir f\u00fcr mehrere Untersuchungen benutzen k\u00f6nnen, zum einen wie sich soziopolitische Werte der Menschen auf die Art und Weise auswirken, wie sie sich in sozialen Medien vernetzen, zum anderen wie sich die Entwicklung ihrer Beziehungen auf die Entwicklung ihrer soziopolitischen Werte auswirken wird.\u201d\n<\/blockquote><!-- People Item Automated: Quote People -->\n<div class=\"quote-people__visual\">\n    <figure class=\"wp-block-dev4-reusable-blocks-image object-fit--cover\">\n        <!-- Template Image Component: default -->\n<img decoding=\"async\" class=\"w-full\" width=\"\" height=\"\" rel=\"\" alt=\"Prof Christos KOULOVATIANOS\" src=\"https:\/\/www.uni.lu\/en\/person-image\/NTAwMDIxMjdfX0NocmlzdG9zIEtPVUxPVkFUSUFOT1M=\" srcset=\"https:\/\/www.uni.lu\/en\/person-image\/NTAwMDIxMjdfX0NocmlzdG9zIEtPVUxPVkFUSUFOT1M=--thumbnail 150w,https:\/\/www.uni.lu\/en\/person-image\/NTAwMDIxMjdfX0NocmlzdG9zIEtPVUxPVkFUSUFOT1M=--medium 300w,https:\/\/www.uni.lu\/en\/person-image\/NTAwMDIxMjdfX0NocmlzdG9zIEtPVUxPVkFUSUFOT1M=--medium_large 768w,https:\/\/www.uni.lu\/en\/person-image\/NTAwMDIxMjdfX0NocmlzdG9zIEtPVUxPVkFUSUFOT1M=--large 1024w,https:\/\/www.uni.lu\/en\/person-image\/NTAwMDIxMjdfX0NocmlzdG9zIEtPVUxPVkFUSUFOT1M=--1536x1536 1536w,https:\/\/www.uni.lu\/en\/person-image\/NTAwMDIxMjdfX0NocmlzdG9zIEtPVUxPVkFUSUFOT1M=--2048x2048 2048w\" loading=\"lazy\" \/><!-- end Image Component -->\n    <\/figure>\n<\/div>\n<div class=\"quote-people__figcaption\">\n    <p class=\"quote-people__author\">Prof Christos KOULOVATIANOS<\/p>\n    <p class=\"quote-people__position\">Head of DF, Full professor<\/p>\n    <div class=\"wp-block-unilux-blocks-simple-cta wp-block-unilux-blocks-people-item-automated\">\n    <a\n        href=\"https:\/\/www.uni.lu\/fdef-en\/people\/christos-koulovatianos\/\"\n        title=\"Prof Christos KOULOVATIANOS\"\n        class=\"link-text link-text--icon quote-people__link\"\n        target=\"\"\n    >\n        <span class=\"link-text__body\">\n            <span class=\"link-text__name\">Profil anzeigen<\/span>\n        <\/span>\n        <svg aria-hidden=\"true\" focusable=\"false\" class=\"icon icon-outline icon--arrow-right \"><use xlink:href=\"https:\/\/www.uni.lu\/wp-content\/themes\/unilux-theme\/assets\/images\/icons\/icons-outline.svg#icon--arrow-right\"><\/use><\/svg>    <\/a>\n<\/div>\n<\/div>\n<!-- end People Item Automated -->        <\/figure>\n    <\/div>\n<\/section>\n\n<div class=\"wp-block-unilux-blocks-spacer is-spacer-size-sm\"><\/div>\n\n\n<p>Das gewonnene Wissen k\u00f6nnte durchaus dazu f\u00fchren, dass resiliente Strategien gegen Fehlinformationen, Voreingenommenheit und Polarisierung entwickelt werden.<\/p>\n\n\n\n<ul class=\"wp-block-unilux-blocks-custom-buttons btn-list\"><li class=\"wp-block-unilux-blocks-custom-button\"    aria-disabled=\"false\"\n    >\n    <a\n        role=\"link\"\n        aria-disabled=\"false\"\n                    href=\"https:\/\/www.uni.lu\/en\/news\/beyond-the-divide-a-quantitative-approach-to-social-media-dynamics\/\"\n                target=\"_self\"\n        class=\"btn btn--primary\"\n            >Lesen Sie den Beitrag auf Englisch weiter<\/a>\n<\/li>\n<\/ul>\n<\/div><\/section>\n\n\n<section class=\"section section wp-block-unilux-blocks-quick-link-discover-section py-0\">\n    <div class=\"container xl:max-w-screen-xl\">\n        \n<h2 class=\"has-text-align-left wp-block-unilux-blocks-heading\"        id=\"endtecken-sie-auch\"\n    >\nEndtecken Sie auch&#8230;<\/h2>\n\n<ul class=\"wp-block-unilux-blocks-quick-link-discover quick-link-list\">\n<li class=\"wp-block-unilux-blocks-quick-link-discover-item\">\n    <a\n                    href=\"https:\/\/www.uni.lu\/fdef-de\/news\/uni-lu-in-den-medien-sind-lugen-geschutzt\/\"\n                    class=\"quick-link\"\n            target=\"\"\n    >\n            <span class=\"quick-link__container\">\n                <span class=\"quick-link__text\">\n                    Uni.lu in den Medien: \u2013 \u00abSind Lu\u0308gen geschu\u0308tzt?\u00bb                 <\/span>\n                <svg aria-hidden=\"true\" focusable=\"false\" class=\"icon icon-outline icon--arrow-right \"><use xlink:href=\"https:\/\/www.uni.lu\/wp-content\/themes\/unilux-theme\/assets\/images\/icons\/icons-outline.svg#icon--arrow-right\"><\/use><\/svg>            <\/span>\n    <\/a>\n<\/li>\n\n\n\n<li class=\"wp-block-unilux-blocks-quick-link-discover-item\">\n    <a\n                    href=\"https:\/\/www.uni.lu\/en\/news\/where-are-the-limits-for-facebook-google-and-co\/\"\n                    class=\"quick-link\"\n            target=\"\"\n    >\n            <span class=\"quick-link__container\">\n                <span class=\"quick-link__text\">\n                    Where are the limits for Facebook, Google and co.? (EN)                <\/span>\n                <svg aria-hidden=\"true\" focusable=\"false\" class=\"icon icon-outline icon--arrow-right \"><use xlink:href=\"https:\/\/www.uni.lu\/wp-content\/themes\/unilux-theme\/assets\/images\/icons\/icons-outline.svg#icon--arrow-right\"><\/use><\/svg>            <\/span>\n    <\/a>\n<\/li>\n<\/ul>\n    <\/div>\n<\/section>","protected":false},"excerpt":{"rendered":"","protected":false},"author":341,"featured_media":6554,"template":"","format":"standard","meta":{"featured_image_focal_point":[],"show_featured_caption":false,"ulux_newsletter_groups":"","uluxPostTitle":"","uluxPrePostTitle":"","_trash_the_other_posts":false,"_price":"","_stock":"","_tribe_ticket_header":"","_tribe_default_ticket_provider":"","_tribe_ticket_capacity":"0","_ticket_start_date":"","_ticket_end_date":"","_tribe_ticket_show_description":"","_tribe_ticket_show_not_going":false,"_tribe_ticket_use_global_stock":"","_tribe_ticket_global_stock_level":"","_global_stock_mode":"","_global_stock_cap":"","_tribe_rsvp_for_event":"","_tribe_ticket_going_count":"","_tribe_ticket_not_going_count":"","_tribe_tickets_list":"[]","_tribe_ticket_has_attendee_info_fields":false},"news-category":[4],"news-topic":[14],"organisation":[101],"authorship":[341],"acf":[],"yoast_head":"<!-- This site is optimized with the Yoast SEO Premium plugin v22.3 (Yoast SEO v22.3) - https:\/\/yoast.com\/wordpress\/plugins\/seo\/ -->\n<title>Jenseits der Kluft: Ein quantitativer Ansatz zur Dynamik sozialer Medien - Universit\u00e4t Luxemburg<\/title>\n<meta name=\"description\" content=\"Soziale Netzwerke haben sich als fruchtbarer Boden f\u00fcr den Aufstieg des Populismus erwiesen und bieten einen weitgehend ungehinderten Raum f\u00fcr\" \/>\n<meta name=\"robots\" content=\"index, follow, max-snippet:-1, max-image-preview:large, max-video-preview:-1\" \/>\n<link rel=\"canonical\" href=\"https:\/\/www.uni.lu\/de\/news\/quantitativer-ansatz-zur-dynamik-sozialer-medien\/\" \/>\n<meta property=\"og:locale\" content=\"de_DE\" \/>\n<meta property=\"og:type\" content=\"article\" \/>\n<meta property=\"og:title\" content=\"Jenseits der Kluft: Ein quantitativer Ansatz zur Dynamik sozialer Medien\" \/>\n<meta property=\"og:description\" content=\"Soziale Netzwerke haben sich als fruchtbarer Boden f\u00fcr den Aufstieg des Populismus erwiesen und bieten einen weitgehend ungehinderten Raum f\u00fcr\" \/>\n<meta property=\"og:url\" content=\"https:\/\/www.uni.lu\/de\/news\/quantitativer-ansatz-zur-dynamik-sozialer-medien\/\" \/>\n<meta property=\"og:site_name\" content=\"UNI DE\" \/>\n<meta property=\"article:publisher\" content=\"https:\/\/www.facebook.com\/uni.lu\" \/>\n<meta property=\"article:modified_time\" content=\"2025-04-18T09:26:59+00:00\" \/>\n<meta property=\"og:image\" content=\"https:\/\/www.uni.lu\/wp-content\/uploads\/sites\/10\/2025\/04\/AdobeStock_1017250380-scaled.jpeg\" \/>\n\t<meta property=\"og:image:width\" content=\"2560\" \/>\n\t<meta property=\"og:image:height\" content=\"1607\" \/>\n\t<meta property=\"og:image:type\" content=\"image\/jpeg\" \/>\n<meta name=\"twitter:card\" content=\"summary_large_image\" \/>\n<meta name=\"twitter:label1\" content=\"Gesch\u00e4tzte Lesezeit\" \/>\n\t<meta name=\"twitter:data1\" content=\"1 Minute\" \/>\n<script type=\"application\/ld+json\" class=\"yoast-schema-graph\">{\"@context\":\"https:\/\/schema.org\",\"@graph\":[{\"@type\":\"NewsArticle\",\"@id\":\"https:\/\/www.uni.lu\/de\/news\/quantitativer-ansatz-zur-dynamik-sozialer-medien\/#article\",\"isPartOf\":{\"@id\":\"https:\/\/www.uni.lu\/de\/news\/quantitativer-ansatz-zur-dynamik-sozialer-medien\/\"},\"author\":{\"name\":\"Catherine Clesse\",\"@id\":\"https:\/\/www.uni.lu\/de\/#\/schema\/person\/67d3defa53981502bf9cddb74a850c08\"},\"headline\":\"Jenseits der Kluft: Ein quantitativer Ansatz zur Dynamik sozialer Medien\",\"datePublished\":\"2025-04-18T09:22:51+00:00\",\"dateModified\":\"2025-04-18T09:26:59+00:00\",\"mainEntityOfPage\":{\"@id\":\"https:\/\/www.uni.lu\/de\/news\/quantitativer-ansatz-zur-dynamik-sozialer-medien\/\"},\"wordCount\":129,\"publisher\":{\"@id\":\"https:\/\/www.uni.lu\/de\/#organization\"},\"image\":{\"@id\":\"https:\/\/www.uni.lu\/de\/news\/quantitativer-ansatz-zur-dynamik-sozialer-medien\/#primaryimage\"},\"thumbnailUrl\":\"https:\/\/www.uni.lu\/wp-content\/uploads\/sites\/10\/2025\/04\/AdobeStock_1017250380-scaled.jpeg\",\"inLanguage\":\"de-DE\"},{\"@type\":\"WebPage\",\"@id\":\"https:\/\/www.uni.lu\/de\/news\/quantitativer-ansatz-zur-dynamik-sozialer-medien\/\",\"url\":\"https:\/\/www.uni.lu\/de\/news\/quantitativer-ansatz-zur-dynamik-sozialer-medien\/\",\"name\":\"Jenseits der Kluft: Ein quantitativer Ansatz zur Dynamik sozialer Medien - Universit\u00e4t Luxemburg\",\"isPartOf\":{\"@id\":\"https:\/\/www.uni.lu\/de\/#website\"},\"primaryImageOfPage\":{\"@id\":\"https:\/\/www.uni.lu\/de\/news\/quantitativer-ansatz-zur-dynamik-sozialer-medien\/#primaryimage\"},\"image\":{\"@id\":\"https:\/\/www.uni.lu\/de\/news\/quantitativer-ansatz-zur-dynamik-sozialer-medien\/#primaryimage\"},\"thumbnailUrl\":\"https:\/\/www.uni.lu\/wp-content\/uploads\/sites\/10\/2025\/04\/AdobeStock_1017250380-scaled.jpeg\",\"datePublished\":\"2025-04-18T09:22:51+00:00\",\"dateModified\":\"2025-04-18T09:26:59+00:00\",\"description\":\"Soziale Netzwerke haben sich als fruchtbarer Boden f\u00fcr den Aufstieg des Populismus erwiesen und bieten einen weitgehend ungehinderten Raum f\u00fcr\",\"breadcrumb\":{\"@id\":\"https:\/\/www.uni.lu\/de\/news\/quantitativer-ansatz-zur-dynamik-sozialer-medien\/#breadcrumb\"},\"inLanguage\":\"de-DE\",\"potentialAction\":[{\"@type\":\"ReadAction\",\"target\":[\"https:\/\/www.uni.lu\/de\/news\/quantitativer-ansatz-zur-dynamik-sozialer-medien\/\"]}]},{\"@type\":\"ImageObject\",\"inLanguage\":\"de-DE\",\"@id\":\"https:\/\/www.uni.lu\/de\/news\/quantitativer-ansatz-zur-dynamik-sozialer-medien\/#primaryimage\",\"url\":\"https:\/\/www.uni.lu\/wp-content\/uploads\/sites\/10\/2025\/04\/AdobeStock_1017250380-scaled.jpeg\",\"contentUrl\":\"https:\/\/www.uni.lu\/wp-content\/uploads\/sites\/10\/2025\/04\/AdobeStock_1017250380-scaled.jpeg\",\"width\":2560,\"height\":1607},{\"@type\":\"BreadcrumbList\",\"@id\":\"https:\/\/www.uni.lu\/de\/news\/quantitativer-ansatz-zur-dynamik-sozialer-medien\/#breadcrumb\",\"itemListElement\":[{\"@type\":\"ListItem\",\"position\":1,\"name\":\"Home\",\"item\":\"https:\/\/www.uni.lu\/de\/\"},{\"@type\":\"ListItem\",\"position\":2,\"name\":\"News\",\"item\":\"https:\/\/www.uni.lu\/de\/news\/\"},{\"@type\":\"ListItem\",\"position\":3,\"name\":\"Jenseits der Kluft: Ein quantitativer Ansatz zur Dynamik sozialer Medien\"}]},{\"@type\":\"WebSite\",\"@id\":\"https:\/\/www.uni.lu\/de\/#website\",\"url\":\"https:\/\/www.uni.lu\/de\/\",\"name\":\"Uni.lu\",\"description\":\"Universit\u00e4t Luxemburg\",\"publisher\":{\"@id\":\"https:\/\/www.uni.lu\/de\/#organization\"},\"alternateName\":\"Universit\u00e4t Luxemburg\",\"potentialAction\":[{\"@type\":\"SearchAction\",\"target\":{\"@type\":\"EntryPoint\",\"urlTemplate\":\"https:\/\/www.uni.lu\/de\/?s={search_term_string}\"},\"query-input\":\"required name=search_term_string\"}],\"inLanguage\":\"de-DE\"},{\"@type\":\"Organization\",\"@id\":\"https:\/\/www.uni.lu\/de\/#organization\",\"name\":\"Universit\u00e4t Luxemburg\",\"alternateName\":\"Uni.lu\",\"url\":\"https:\/\/www.uni.lu\/de\/\",\"logo\":{\"@type\":\"ImageObject\",\"inLanguage\":\"de-DE\",\"@id\":\"https:\/\/www.uni.lu\/de\/#\/schema\/logo\/image\/\",\"url\":\"https:\/\/www.uni.lu\/wp-content\/uploads\/sites\/10\/2026\/03\/03120000\/UNIV_SM-Profile_1600x1600px-scaled.jpg\",\"contentUrl\":\"https:\/\/www.uni.lu\/wp-content\/uploads\/sites\/10\/2026\/03\/03120000\/UNIV_SM-Profile_1600x1600px-scaled.jpg\",\"width\":2560,\"height\":2560,\"caption\":\"Universit\u00e4t Luxemburg\"},\"image\":\"https:\/\/www.uni.lu\/wp-content\/uploads\/sites\/10\/2026\/04\/24144329\/20200609-Belval-Campus_Henri-Goergen-23.jpg\",\"sameAs\":[\"https:\/\/www.facebook.com\/uni.lu\",\"https:\/\/www.linkedin.com\/school\/university-of-luxembourg\/\",\"https:\/\/www.instagram.com\/uni.lu\",\"https:\/\/www.youtube.com\/@uni_lu\",\"https:\/\/en.wikipedia.org\/wiki\/University_of_Luxembourg\"],\"email\":\"communication@uni.lu\",\"telephone\":\"+3524666441\",\"address\":{\"@type\":\"PostalAddress\",\"streetAddress\":\"2, place de l\u2019Universit\u00e9\",\"addressLocality\":\"Esch-sur-Alzette\",\"postalCode\":\"4365\",\"addressCountry\":\"LU\"},\"description\":\"Universit\u00e4t Luxemburg\"},{\"@type\":\"Person\",\"@id\":\"https:\/\/www.uni.lu\/de\/#\/schema\/person\/67d3defa53981502bf9cddb74a850c08\",\"name\":\"Catherine Clesse\",\"image\":{\"@type\":\"ImageObject\",\"inLanguage\":\"de-DE\",\"@id\":\"https:\/\/www.uni.lu\/de\/#\/schema\/person\/image\/\",\"url\":\"https:\/\/secure.gravatar.com\/avatar\/6a2e15a24f9036a6aee8753304e46c2d?s=96&d=mm&r=g\",\"contentUrl\":\"https:\/\/secure.gravatar.com\/avatar\/6a2e15a24f9036a6aee8753304e46c2d?s=96&d=mm&r=g\",\"caption\":\"Catherine Clesse\"}}]}<\/script>\n<!-- \/ Yoast SEO Premium plugin. -->","yoast_head_json":{"title":"Jenseits der Kluft: Ein quantitativer Ansatz zur Dynamik sozialer Medien - Universit\u00e4t Luxemburg","description":"Soziale Netzwerke haben sich als fruchtbarer Boden f\u00fcr den Aufstieg des Populismus erwiesen und bieten einen weitgehend ungehinderten Raum f\u00fcr","robots":{"index":"index","follow":"follow","max-snippet":"max-snippet:-1","max-image-preview":"max-image-preview:large","max-video-preview":"max-video-preview:-1"},"canonical":"https:\/\/www.uni.lu\/de\/news\/quantitativer-ansatz-zur-dynamik-sozialer-medien\/","og_locale":"de_DE","og_type":"article","og_title":"Jenseits der Kluft: Ein quantitativer Ansatz zur Dynamik sozialer Medien","og_description":"Soziale Netzwerke haben sich als fruchtbarer Boden f\u00fcr den Aufstieg des Populismus erwiesen und bieten einen weitgehend ungehinderten Raum f\u00fcr","og_url":"https:\/\/www.uni.lu\/de\/news\/quantitativer-ansatz-zur-dynamik-sozialer-medien\/","og_site_name":"UNI DE","article_publisher":"https:\/\/www.facebook.com\/uni.lu","article_modified_time":"2025-04-18T09:26:59+00:00","og_image":[{"width":2560,"height":1607,"url":"https:\/\/www.uni.lu\/wp-content\/uploads\/sites\/10\/2025\/04\/AdobeStock_1017250380-scaled.jpeg","type":"image\/jpeg"}],"twitter_card":"summary_large_image","twitter_misc":{"Gesch\u00e4tzte Lesezeit":"1 Minute"},"schema":{"@context":"https:\/\/schema.org","@graph":[{"@type":"NewsArticle","@id":"https:\/\/www.uni.lu\/de\/news\/quantitativer-ansatz-zur-dynamik-sozialer-medien\/#article","isPartOf":{"@id":"https:\/\/www.uni.lu\/de\/news\/quantitativer-ansatz-zur-dynamik-sozialer-medien\/"},"author":{"name":"Catherine Clesse","@id":"https:\/\/www.uni.lu\/de\/#\/schema\/person\/67d3defa53981502bf9cddb74a850c08"},"headline":"Jenseits der Kluft: Ein quantitativer Ansatz zur Dynamik sozialer Medien","datePublished":"2025-04-18T09:22:51+00:00","dateModified":"2025-04-18T09:26:59+00:00","mainEntityOfPage":{"@id":"https:\/\/www.uni.lu\/de\/news\/quantitativer-ansatz-zur-dynamik-sozialer-medien\/"},"wordCount":129,"publisher":{"@id":"https:\/\/www.uni.lu\/de\/#organization"},"image":{"@id":"https:\/\/www.uni.lu\/de\/news\/quantitativer-ansatz-zur-dynamik-sozialer-medien\/#primaryimage"},"thumbnailUrl":"https:\/\/www.uni.lu\/wp-content\/uploads\/sites\/10\/2025\/04\/AdobeStock_1017250380-scaled.jpeg","inLanguage":"de-DE"},{"@type":"WebPage","@id":"https:\/\/www.uni.lu\/de\/news\/quantitativer-ansatz-zur-dynamik-sozialer-medien\/","url":"https:\/\/www.uni.lu\/de\/news\/quantitativer-ansatz-zur-dynamik-sozialer-medien\/","name":"Jenseits der Kluft: Ein quantitativer Ansatz zur Dynamik sozialer Medien - Universit\u00e4t Luxemburg","isPartOf":{"@id":"https:\/\/www.uni.lu\/de\/#website"},"primaryImageOfPage":{"@id":"https:\/\/www.uni.lu\/de\/news\/quantitativer-ansatz-zur-dynamik-sozialer-medien\/#primaryimage"},"image":{"@id":"https:\/\/www.uni.lu\/de\/news\/quantitativer-ansatz-zur-dynamik-sozialer-medien\/#primaryimage"},"thumbnailUrl":"https:\/\/www.uni.lu\/wp-content\/uploads\/sites\/10\/2025\/04\/AdobeStock_1017250380-scaled.jpeg","datePublished":"2025-04-18T09:22:51+00:00","dateModified":"2025-04-18T09:26:59+00:00","description":"Soziale Netzwerke haben sich als fruchtbarer Boden f\u00fcr den Aufstieg des Populismus erwiesen und bieten einen weitgehend ungehinderten Raum f\u00fcr","breadcrumb":{"@id":"https:\/\/www.uni.lu\/de\/news\/quantitativer-ansatz-zur-dynamik-sozialer-medien\/#breadcrumb"},"inLanguage":"de-DE","potentialAction":[{"@type":"ReadAction","target":["https:\/\/www.uni.lu\/de\/news\/quantitativer-ansatz-zur-dynamik-sozialer-medien\/"]}]},{"@type":"ImageObject","inLanguage":"de-DE","@id":"https:\/\/www.uni.lu\/de\/news\/quantitativer-ansatz-zur-dynamik-sozialer-medien\/#primaryimage","url":"https:\/\/www.uni.lu\/wp-content\/uploads\/sites\/10\/2025\/04\/AdobeStock_1017250380-scaled.jpeg","contentUrl":"https:\/\/www.uni.lu\/wp-content\/uploads\/sites\/10\/2025\/04\/AdobeStock_1017250380-scaled.jpeg","width":2560,"height":1607},{"@type":"BreadcrumbList","@id":"https:\/\/www.uni.lu\/de\/news\/quantitativer-ansatz-zur-dynamik-sozialer-medien\/#breadcrumb","itemListElement":[{"@type":"ListItem","position":1,"name":"Home","item":"https:\/\/www.uni.lu\/de\/"},{"@type":"ListItem","position":2,"name":"News","item":"https:\/\/www.uni.lu\/de\/news\/"},{"@type":"ListItem","position":3,"name":"Jenseits der Kluft: Ein quantitativer Ansatz zur Dynamik sozialer Medien"}]},{"@type":"WebSite","@id":"https:\/\/www.uni.lu\/de\/#website","url":"https:\/\/www.uni.lu\/de\/","name":"Uni.lu","description":"Universit\u00e4t Luxemburg","publisher":{"@id":"https:\/\/www.uni.lu\/de\/#organization"},"alternateName":"Universit\u00e4t Luxemburg","potentialAction":[{"@type":"SearchAction","target":{"@type":"EntryPoint","urlTemplate":"https:\/\/www.uni.lu\/de\/?s={search_term_string}"},"query-input":"required name=search_term_string"}],"inLanguage":"de-DE"},{"@type":"Organization","@id":"https:\/\/www.uni.lu\/de\/#organization","name":"Universit\u00e4t Luxemburg","alternateName":"Uni.lu","url":"https:\/\/www.uni.lu\/de\/","logo":{"@type":"ImageObject","inLanguage":"de-DE","@id":"https:\/\/www.uni.lu\/de\/#\/schema\/logo\/image\/","url":"https:\/\/www.uni.lu\/wp-content\/uploads\/sites\/10\/2026\/03\/03120000\/UNIV_SM-Profile_1600x1600px-scaled.jpg","contentUrl":"https:\/\/www.uni.lu\/wp-content\/uploads\/sites\/10\/2026\/03\/03120000\/UNIV_SM-Profile_1600x1600px-scaled.jpg","width":2560,"height":2560,"caption":"Universit\u00e4t Luxemburg"},"image":"https:\/\/www.uni.lu\/wp-content\/uploads\/sites\/10\/2026\/04\/24144329\/20200609-Belval-Campus_Henri-Goergen-23.jpg","sameAs":["https:\/\/www.facebook.com\/uni.lu","https:\/\/www.linkedin.com\/school\/university-of-luxembourg\/","https:\/\/www.instagram.com\/uni.lu","https:\/\/www.youtube.com\/@uni_lu","https:\/\/en.wikipedia.org\/wiki\/University_of_Luxembourg"],"email":"communication@uni.lu","telephone":"+3524666441","address":{"@type":"PostalAddress","streetAddress":"2, place de l\u2019Universit\u00e9","addressLocality":"Esch-sur-Alzette","postalCode":"4365","addressCountry":"LU"},"description":"Universit\u00e4t Luxemburg"},{"@type":"Person","@id":"https:\/\/www.uni.lu\/de\/#\/schema\/person\/67d3defa53981502bf9cddb74a850c08","name":"Catherine Clesse","image":{"@type":"ImageObject","inLanguage":"de-DE","@id":"https:\/\/www.uni.lu\/de\/#\/schema\/person\/image\/","url":"https:\/\/secure.gravatar.com\/avatar\/6a2e15a24f9036a6aee8753304e46c2d?s=96&d=mm&r=g","contentUrl":"https:\/\/secure.gravatar.com\/avatar\/6a2e15a24f9036a6aee8753304e46c2d?s=96&d=mm&r=g","caption":"Catherine Clesse"}}]}},"blog_id":10,"_links":{"self":[{"href":"https:\/\/www.uni.lu\/de\/wp-json\/wp\/v2\/news\/6553"}],"collection":[{"href":"https:\/\/www.uni.lu\/de\/wp-json\/wp\/v2\/news"}],"about":[{"href":"https:\/\/www.uni.lu\/de\/wp-json\/wp\/v2\/types\/news"}],"author":[{"embeddable":true,"href":"https:\/\/www.uni.lu\/de\/wp-json\/wp\/v2\/users\/341"}],"version-history":[{"count":2,"href":"https:\/\/www.uni.lu\/de\/wp-json\/wp\/v2\/news\/6553\/revisions"}],"predecessor-version":[{"id":6570,"href":"https:\/\/www.uni.lu\/de\/wp-json\/wp\/v2\/news\/6553\/revisions\/6570"}],"wp:authorship":[{"embeddable":true,"href":"https:\/\/www.uni.lu\/de\/wp-json\/wp\/v2\/users\/341"}],"wp:featuredmedia":[{"embeddable":true,"href":"https:\/\/www.uni.lu\/de\/wp-json\/wp\/v2\/media\/6554"}],"wp:attachment":[{"href":"https:\/\/www.uni.lu\/de\/wp-json\/wp\/v2\/media?parent=6553"}],"wp:term":[{"taxonomy":"news-category","embeddable":true,"href":"https:\/\/www.uni.lu\/de\/wp-json\/wp\/v2\/news-category?post=6553"},{"taxonomy":"news-topic","embeddable":true,"href":"https:\/\/www.uni.lu\/de\/wp-json\/wp\/v2\/news-topic?post=6553"},{"taxonomy":"organisation","embeddable":true,"href":"https:\/\/www.uni.lu\/de\/wp-json\/wp\/v2\/organisation?post=6553"}],"curies":[{"name":"wp","href":"https:\/\/api.w.org\/{rel}","templated":true}]}}