{"id":6399,"date":"2025-03-25T16:08:09","date_gmt":"2025-03-25T15:08:09","guid":{"rendered":"https:\/\/www.uni.lu\/de\/?post_type=news&#038;p=6399"},"modified":"2025-03-25T16:21:53","modified_gmt":"2025-03-25T15:21:53","slug":"erbgrossherzogliches-paar-trifft-studenten-und-forscher-der-universitaet","status":"publish","type":"news","link":"https:\/\/www.uni.lu\/de\/news\/erbgrossherzogliches-paar-trifft-studenten-und-forscher-der-universitaet\/","title":{"rendered":"Erbgro\u00dfherzogliches Paar trifft Studenten und Forscher der Universit\u00e4t"},"content":{"rendered":"\n<section class=\"wp-block-unilux-blocks-free-section section\"><div class=\"container xl:max-w-screen-xl\">\n<p><strong>Ihre K\u00f6niglichen Hoheiten der Erbgro\u00dfherzog und die Erbgro\u00dfherzogin besuchten in Begleitung von St\u00e9phanie Obertin, Ministerin f\u00fcr Forschung und Hochschulwesen, den Universit\u00e4tscampus.<\/strong><\/p>\n\n\n\n<p>Den Besuch er\u00f6ffnete eine F\u00fchrung durch das Media Centre, das Medienzentrum der Universit\u00e4t, wobei Desinformation und k\u00fcnstliche Intelligenz thematisch im Vordergrund standen. Als besonderes Highlight wurde in dem erst k\u00fcrzlich eingeweihten Studio ein Avatar des Erbgro\u00dfherzogs erstellt.<\/p>\n\n\n\n<p>Im Anschluss an die Vorstellung der Universit\u00e4t Luxemburg und ihrer Zukunftsvisionen durch Rektor Prof. Jens Kreisel folgte ein lebhafter Gedankenaustausch mit Studierenden der Politik- und Sozialwissenschaften \u00fcber die Herausforderung moderner Monarchie und \u201eLieutenance\u201c (deutsch: Statthalterschaft).<\/p>\n\n\n\n<p>Den n\u00e4chsten Programmpunkt bildete die Besichtigung der beeindruckenden Bibliothek Luxembourg Learning Centre, welches gekonnt den Spagat zwischen zeitgen\u00f6ssischer Architektur und industriellem Erbe meistert. Zum Abschluss gew\u00e4hrte Prof. Michael Heneka Einblicke in sein Forschungslabor am Luxembourg Centre for Systems Biomedicine (LCSB), wo wegweisende Arbeit im Kampf gegen neurodegenerative Erkrankungen geleistet wird.<\/p>\n\n\n\n<section class=\"wp-block-unilux-blocks-quote-people\">\n    <div class=\"quote-people\" role=\"group\">\n        <figure class=\"quote-people__body\">\n            <blockquote class=\"quote-people__blockquote\">\n    <span class=\"quote-people__quote\">\u201f<\/span>\n    Ihre K\u00f6niglichen Hoheiten danken dem Personal und den Studierenden der Universit\u00e4t f\u00fcr ihren herzlichen Empfang und diesen bereichernden Besuch, der aufs Neue die herausragende Bedeutung der Universit\u00e4t als Forschungs- und Bildungszentrum Luxemburgs unterstreicht\u201c, hie\u00df es in der Mitteilung des gro\u00dfherzoglichen Hofes nach dem Besuch.\u201d\n<\/blockquote>\n<div class=\"wp-block-unilux-blocks-wrapper quote-people__figcaption\">\n<p class=\"quote-people__author wp-block-unilux-blocks-plain-text\"><\/p><\/div>\n        <\/figure>\n    <\/div>\n<\/section>\n\n<div class=\"wp-block-unilux-blocks-spacer is-spacer-size-md\"><\/div>\n\n\n<section class=\"alignfull wp-block-unilux-blocks-gallery-carousel\">\n    <div class=\"swiper swiper-gallery\" aria-roledescription=\"carousel\" aria-label=\"A gallery of images\">\n        <!-- Swiper button Next & Prev -->\n        <div class=\"swiper-nav\">\n            <div class=\"swiper-nav__container\">\n                <div class=\"swiper-nav__grid\">\n                    <button type=\"button\" class=\"swiper-button-next\">\n                        <svg aria-hidden=\"true\" focusable=\"false\" class=\"icon icon-outline icon--arrow-right \"><use xlink:href=\"https:\/\/www.uni.lu\/wp-content\/themes\/unilux-theme\/assets\/images\/icons\/icons-outline.svg#icon--arrow-right\"><\/use><\/svg>                    <\/button>\n                    <button type=\"button\" class=\"swiper-button-prev\">\n                        <svg aria-hidden=\"true\" focusable=\"false\" class=\"icon icon-outline icon--arrow-left \"><use xlink:href=\"https:\/\/www.uni.lu\/wp-content\/themes\/unilux-theme\/assets\/images\/icons\/icons-outline.svg#icon--arrow-left\"><\/use><\/svg>                    <\/button>\n                <\/div>\n            <\/div>\n        <\/div>\n\n        <!-- swiper slides -->\n        <ul class=\"swiper-wrapper\">\n            \n<li class=\"swiper-slide\" aria-roledescription=\"slide\">\n    <figure class=\"wp-block-dev4-reusable-blocks-image swiper-slide__bg object-fit--cover\">\n    \n<img decoding=\"async\" class=\"wp-block-image unilux-custom-image-block\"\n                alt=\"\"\n            src=\"https:\/\/www.uni.lu\/wp-content\/uploads\/sites\/9\/2025\/03\/Uni.lu_The-Hereditary-Couple-students-and-researchers-group-picture-scaled.jpg\"\n                    style=\"object-position: 46.00% 23.00%; font-family: &quot;object-fit: cover; object-position: 46.00% 23.00%;&quot;; aspect-ratio: 16\/9; object-fit: cover; width: 100%;\"\n        loading=\"lazy\"\n\/>            <p class=\"wp-block-dev4-reusable-blocks-image-caption\">\n            \u00a9 University of Luxembourg        <\/p>\n    <\/figure><\/li>\n<li class=\"swiper-slide\" aria-roledescription=\"slide\">\n    <figure class=\"wp-block-dev4-reusable-blocks-image swiper-slide__bg object-fit--cover\">\n    \n<img decoding=\"async\" class=\"wp-block-image unilux-custom-image-block\"\n                alt=\"The Hereditary Couple and the university&#039;s rector, Jens Kreisel at the Library (LLC).\"\n            src=\"https:\/\/www.uni.lu\/wp-content\/uploads\/sites\/9\/2025\/03\/Uni.lu_The-Hereditary-Couple_LLC_welcome.png\"\n                    style=\"object-position: 48.00% 41.00%; font-family: &quot;object-fit: cover; object-position: 48.00% 41.00%;&quot;; aspect-ratio: 16\/9; object-fit: cover; width: 100%;\"\n        loading=\"lazy\"\n\/>            <p class=\"wp-block-dev4-reusable-blocks-image-caption\">\n            \u00a9 University of Luxembourg        <\/p>\n    <\/figure><\/li>\n<li class=\"swiper-slide\" aria-roledescription=\"slide\">\n    <figure class=\"wp-block-dev4-reusable-blocks-image swiper-slide__bg object-fit--cover\">\n    \n<img decoding=\"async\" class=\"wp-block-image unilux-custom-image-block\"\n                alt=\"\"\n            src=\"https:\/\/www.uni.lu\/wp-content\/uploads\/sites\/9\/2025\/03\/Visite_UniversiteduLuxembourg-08_merged_line-break.png\"\n                    style=\"object-position: 50.00% 50.00%; font-family: &quot;object-fit: cover; object-position: 50.00% 50.00%;&quot;; aspect-ratio: 16\/9; object-fit: cover; width: 100%;\"\n        loading=\"lazy\"\n\/>            <p class=\"wp-block-dev4-reusable-blocks-image-caption\">\n            \u00a9 Maison du Grand-Duc        <\/p>\n    <\/figure><\/li>\n<li class=\"swiper-slide\" aria-roledescription=\"slide\">\n    <figure class=\"wp-block-dev4-reusable-blocks-image swiper-slide__bg object-fit--cover\">\n    \n<img decoding=\"async\" class=\"wp-block-image unilux-custom-image-block\"\n                alt=\"\"\n            src=\"https:\/\/www.uni.lu\/wp-content\/uploads\/sites\/9\/2025\/03\/Uni.lu_The-Hereditary-Couple-with-uni.lu-students-scaled.jpg\"\n                    style=\"object-position: 50.00% 50.00%; font-family: &quot;object-fit: cover; object-position: 50.00% 50.00%;&quot;; aspect-ratio: 16\/9; object-fit: cover; width: 100%;\"\n        loading=\"lazy\"\n\/>            <p class=\"wp-block-dev4-reusable-blocks-image-caption\">\n            \u00a9 University of Luxembourg        <\/p>\n    <\/figure><\/li>        <\/ul>\n\n        <!-- Swiper pagination -->\n        <div class=\"swiper-pagination\">\n            <div class=\"swiper-pagination__bullets\"><\/div>\n        <\/div>\n    <\/div>\n<\/section>\n\n\n<h2 class=\"has-text-align-left wp-block-unilux-blocks-heading\"        id=\"in-den-medien\"\n    >\nIn den Medien<\/h2>\n\n\n\n<div class=\"wp-block-unilux-blocks-guidebook-list-wrapper guidebook\">\n<header class=\"wp-block-unilux-blocks-wrapper guidebook__header\">\n<h3 class=\"guidebook__title has-text-align-left wp-block-unilux-blocks-heading\"        id=\"auf-luxemburgish\"\n    >\nAuf Luxemburgish<\/h3>\n\n\n\n<p><\/p>\n<\/header>\n\n\n<ul class=\"guidebook__listing  wp-block-unilux-blocks-guidebook-list\">\n    <li class=\"guidebook__item  wp-block-unilux-blocks-guidebook-list-item\">\n        <a\n        href=\"https:\/\/www.rtl.lu\/lifestyle\/news\/a\/2288163.html\"\n        class=\"quick-link\"\n        target=\"_blank\"\n    >\n            \n<div class=\"wp-block-unilux-blocks-wrapper guidebook__visual\"><figure class=\"wp-block-dev4-reusable-blocks-image w-full object-fit--cover\">\n        <\/figure><\/div>\n\n<div class=\"wp-block-unilux-blocks-wrapper guidebook__body\">\n<h4 class=\"guidebook__name has-text-align-left wp-block-unilux-blocks-heading\"        id=\"besuch-vun-der-ierfgroussherzoglecher-koppel-op-der-uni-lu\"\n    >\nBesuch vun der ierfgroussherzoglecher Koppel op der Uni.lu<\/h4>\n\n\n\n<cite class=\"wp-block-unilux-blocks-plain-text\">RTL.lu<\/cite><\/div>\n        <\/a>\n    <\/li><\/ul><\/div>\n\n\n\n<div class=\"wp-block-unilux-blocks-guidebook-list-wrapper guidebook\">\n<header class=\"wp-block-unilux-blocks-wrapper guidebook__header\">\n<h3 class=\"guidebook__title has-text-align-left wp-block-unilux-blocks-heading\"        id=\"auf-franzoesisch\"\n    >\nAuf Franz\u00f6sisch<\/h3>\n\n\n\n<p><\/p>\n<\/header>\n\n\n<ul class=\"guidebook__listing  wp-block-unilux-blocks-guidebook-list\">\n    <li class=\"guidebook__item  wp-block-unilux-blocks-guidebook-list-item\">\n        <a\n        href=\"https:\/\/monarchie.lu\/fr\/actualites\/visite-de-luniversite-du-luxembourg\"\n        class=\"quick-link\"\n        target=\"_blank\"\n    >\n            \n<div class=\"wp-block-unilux-blocks-wrapper guidebook__visual\"><figure class=\"wp-block-dev4-reusable-blocks-image w-full object-fit--cover\">\n        <\/figure><\/div>\n\n<div class=\"wp-block-unilux-blocks-wrapper guidebook__body\">\n<h4 class=\"guidebook__name has-text-align-left wp-block-unilux-blocks-heading\"        id=\"visite-de-luniversite-du-luxembourg\"\n    >\nVisite de l&#8217;Universit\u00e9 du Luxembourg<\/h4>\n\n\n\n<cite class=\"wp-block-unilux-blocks-plain-text\">Monarchie.lu<\/cite><\/div>\n        <\/a>\n    <\/li><li class=\"guidebook__item  wp-block-unilux-blocks-guidebook-list-item\">\n        <a\n        href=\"https:\/\/www.virgule.lu\/luxembourg\/le-couple-heritier-face-aux-technologies-de-demain-et-aux-etudiants-de-l-uni\/51189809.html\"\n        class=\"quick-link\"\n        target=\"_blank\"\n    >\n            \n<div class=\"wp-block-unilux-blocks-wrapper guidebook__visual\"><figure class=\"wp-block-dev4-reusable-blocks-image w-full object-fit--cover\">\n        <\/figure><\/div>\n\n<div class=\"wp-block-unilux-blocks-wrapper guidebook__body\">\n<h4 class=\"guidebook__name has-text-align-left wp-block-unilux-blocks-heading\"        id=\"le-couple-heritier-face-aux-technologies-de-demain-et-aux-etudiants-de-luni\"\n    >\nLe couple h\u00e9ritier face aux technologies de demain et aux \u00e9tudiants de l\u2019Uni<\/h4>\n\n\n\n<cite class=\"wp-block-unilux-blocks-plain-text\">Virgule.lu<\/cite><\/div>\n        <\/a>\n    <\/li><li class=\"guidebook__item  wp-block-unilux-blocks-guidebook-list-item\">\n        <a\n        href=\"https:\/\/www.pointdevue.fr\/noblesse-et-royautes\/guillaume-et-stephanie-de-luxembourg-au-campus-de-belval\"\n        class=\"quick-link\"\n        target=\"_blank\"\n    >\n            \n<div class=\"wp-block-unilux-blocks-wrapper guidebook__visual\"><figure class=\"wp-block-dev4-reusable-blocks-image w-full object-fit--cover\">\n        <\/figure><\/div>\n\n<div class=\"wp-block-unilux-blocks-wrapper guidebook__body\">\n<h4 class=\"guidebook__name has-text-align-left wp-block-unilux-blocks-heading\"        id=\"guillaume-et-stephanie-de-luxembourg-au-campus-de-belval\"\n    >\nGuillaume et St\u00e9phanie de Luxembourg au campus de Belval<\/h4>\n\n\n\n<cite class=\"wp-block-unilux-blocks-plain-text\">Pointdevue.fr<\/cite><\/div>\n        <\/a>\n    <\/li><\/ul><\/div>\n<\/div><\/section>\n","protected":false},"excerpt":{"rendered":"<p>Ihre K\u00f6niglichen Hoheiten der Erbgro\u00dfherzog und die Erbgro\u00dfherzogin besuchten in Begleitung von St\u00e9phanie Obertin, Ministerin f\u00fcr Forschung und Hochschulwesen, den Universit\u00e4tscampus.<\/p>\n","protected":false},"author":44,"featured_media":6400,"template":"","format":"standard","meta":{"featured_image_focal_point":[],"show_featured_caption":false,"ulux_newsletter_groups":"","uluxPostTitle":"","uluxPrePostTitle":"","_trash_the_other_posts":false,"_price":"","_stock":"","_tribe_ticket_header":"","_tribe_default_ticket_provider":"","_tribe_ticket_capacity":"0","_ticket_start_date":"","_ticket_end_date":"","_tribe_ticket_show_description":"","_tribe_ticket_show_not_going":false,"_tribe_ticket_use_global_stock":"","_tribe_ticket_global_stock_level":"","_global_stock_mode":"","_global_stock_cap":"","_tribe_rsvp_for_event":"","_tribe_ticket_going_count":"","_tribe_ticket_not_going_count":"","_tribe_tickets_list":"[]","_tribe_ticket_has_attendee_info_fields":false},"news-category":[9,3],"news-topic":[],"organisation":[147,202,240,226],"authorship":[44,311],"acf":[],"yoast_head":"<!-- This site is optimized with the Yoast SEO Premium plugin v22.3 (Yoast SEO v22.3) - https:\/\/yoast.com\/wordpress\/plugins\/seo\/ -->\n<title>Erbgro\u00dfherzogliches Paar trifft Studenten und Forscher der Universit\u00e4t - Universit\u00e4t Luxemburg<\/title>\n<meta name=\"description\" content=\"Ihre K\u00f6niglichen Hoheiten der Erbgro\u00dfherzog und die Erbgro\u00dfherzogin besuchten in Begleitung von St\u00e9phanie Obertin, Ministerin f\u00fcr Forschung und Hochschulwesen, den Universit\u00e4tscampus.\" \/>\n<meta name=\"robots\" content=\"index, follow, max-snippet:-1, max-image-preview:large, max-video-preview:-1\" \/>\n<link rel=\"canonical\" href=\"https:\/\/www.uni.lu\/de\/news\/erbgrossherzogliches-paar-trifft-studenten-und-forscher-der-universitaet\/\" \/>\n<meta property=\"og:locale\" content=\"de_DE\" \/>\n<meta property=\"og:type\" content=\"article\" \/>\n<meta property=\"og:title\" content=\"Erbgro\u00dfherzogliches Paar trifft Studenten und Forscher der Universit\u00e4t\" \/>\n<meta property=\"og:description\" content=\"Ihre K\u00f6niglichen Hoheiten der Erbgro\u00dfherzog und die Erbgro\u00dfherzogin besuchten in Begleitung von St\u00e9phanie Obertin, Ministerin f\u00fcr Forschung und Hochschulwesen, den Universit\u00e4tscampus.\" \/>\n<meta property=\"og:url\" content=\"https:\/\/www.uni.lu\/de\/news\/erbgrossherzogliches-paar-trifft-studenten-und-forscher-der-universitaet\/\" \/>\n<meta property=\"og:site_name\" content=\"UNI DE\" \/>\n<meta property=\"article:publisher\" content=\"https:\/\/www.facebook.com\/uni.lu\" \/>\n<meta property=\"article:modified_time\" content=\"2025-03-25T15:21:53+00:00\" \/>\n<meta property=\"og:image\" content=\"https:\/\/www.uni.lu\/wp-content\/uploads\/sites\/10\/2025\/03\/Visite_UniversiteduLuxembourg-12_Cour-Grand-Ducale.jpg\" \/>\n\t<meta property=\"og:image:width\" content=\"1280\" \/>\n\t<meta property=\"og:image:height\" content=\"854\" \/>\n\t<meta property=\"og:image:type\" content=\"image\/jpeg\" \/>\n<meta name=\"twitter:card\" content=\"summary_large_image\" \/>\n<meta name=\"twitter:label1\" content=\"Gesch\u00e4tzte Lesezeit\" \/>\n\t<meta name=\"twitter:data1\" content=\"1 Minute\" \/>\n<script type=\"application\/ld+json\" class=\"yoast-schema-graph\">{\"@context\":\"https:\/\/schema.org\",\"@graph\":[{\"@type\":\"NewsArticle\",\"@id\":\"https:\/\/www.uni.lu\/de\/news\/erbgrossherzogliches-paar-trifft-studenten-und-forscher-der-universitaet\/#article\",\"isPartOf\":{\"@id\":\"https:\/\/www.uni.lu\/de\/news\/erbgrossherzogliches-paar-trifft-studenten-und-forscher-der-universitaet\/\"},\"author\":{\"name\":\"Eunice\",\"@id\":\"https:\/\/www.uni.lu\/de\/#\/schema\/person\/17dbc4a6ec9d969d266bcfb8d8e06279\"},\"headline\":\"Erbgro\u00dfherzogliches Paar trifft Studenten und Forscher der Universit\u00e4t\",\"datePublished\":\"2025-03-25T15:08:09+00:00\",\"dateModified\":\"2025-03-25T15:21:53+00:00\",\"mainEntityOfPage\":{\"@id\":\"https:\/\/www.uni.lu\/de\/news\/erbgrossherzogliches-paar-trifft-studenten-und-forscher-der-universitaet\/\"},\"wordCount\":169,\"publisher\":{\"@id\":\"https:\/\/www.uni.lu\/de\/#organization\"},\"image\":{\"@id\":\"https:\/\/www.uni.lu\/de\/news\/erbgrossherzogliches-paar-trifft-studenten-und-forscher-der-universitaet\/#primaryimage\"},\"thumbnailUrl\":\"https:\/\/www.uni.lu\/wp-content\/uploads\/sites\/10\/2025\/03\/Visite_UniversiteduLuxembourg-12_Cour-Grand-Ducale.jpg\",\"inLanguage\":\"de-DE\"},{\"@type\":\"WebPage\",\"@id\":\"https:\/\/www.uni.lu\/de\/news\/erbgrossherzogliches-paar-trifft-studenten-und-forscher-der-universitaet\/\",\"url\":\"https:\/\/www.uni.lu\/de\/news\/erbgrossherzogliches-paar-trifft-studenten-und-forscher-der-universitaet\/\",\"name\":\"Erbgro\u00dfherzogliches Paar trifft Studenten und Forscher der Universit\u00e4t - Universit\u00e4t Luxemburg\",\"isPartOf\":{\"@id\":\"https:\/\/www.uni.lu\/de\/#website\"},\"primaryImageOfPage\":{\"@id\":\"https:\/\/www.uni.lu\/de\/news\/erbgrossherzogliches-paar-trifft-studenten-und-forscher-der-universitaet\/#primaryimage\"},\"image\":{\"@id\":\"https:\/\/www.uni.lu\/de\/news\/erbgrossherzogliches-paar-trifft-studenten-und-forscher-der-universitaet\/#primaryimage\"},\"thumbnailUrl\":\"https:\/\/www.uni.lu\/wp-content\/uploads\/sites\/10\/2025\/03\/Visite_UniversiteduLuxembourg-12_Cour-Grand-Ducale.jpg\",\"datePublished\":\"2025-03-25T15:08:09+00:00\",\"dateModified\":\"2025-03-25T15:21:53+00:00\",\"description\":\"Ihre K\u00f6niglichen Hoheiten der Erbgro\u00dfherzog und die Erbgro\u00dfherzogin besuchten in Begleitung von St\u00e9phanie Obertin, Ministerin f\u00fcr Forschung und Hochschulwesen, den Universit\u00e4tscampus.\",\"breadcrumb\":{\"@id\":\"https:\/\/www.uni.lu\/de\/news\/erbgrossherzogliches-paar-trifft-studenten-und-forscher-der-universitaet\/#breadcrumb\"},\"inLanguage\":\"de-DE\",\"potentialAction\":[{\"@type\":\"ReadAction\",\"target\":[\"https:\/\/www.uni.lu\/de\/news\/erbgrossherzogliches-paar-trifft-studenten-und-forscher-der-universitaet\/\"]}]},{\"@type\":\"ImageObject\",\"inLanguage\":\"de-DE\",\"@id\":\"https:\/\/www.uni.lu\/de\/news\/erbgrossherzogliches-paar-trifft-studenten-und-forscher-der-universitaet\/#primaryimage\",\"url\":\"https:\/\/www.uni.lu\/wp-content\/uploads\/sites\/10\/2025\/03\/Visite_UniversiteduLuxembourg-12_Cour-Grand-Ducale.jpg\",\"contentUrl\":\"https:\/\/www.uni.lu\/wp-content\/uploads\/sites\/10\/2025\/03\/Visite_UniversiteduLuxembourg-12_Cour-Grand-Ducale.jpg\",\"width\":1280,\"height\":854,\"caption\":\"Visite de l'Universit\u00e9 du Luxembourg\"},{\"@type\":\"BreadcrumbList\",\"@id\":\"https:\/\/www.uni.lu\/de\/news\/erbgrossherzogliches-paar-trifft-studenten-und-forscher-der-universitaet\/#breadcrumb\",\"itemListElement\":[{\"@type\":\"ListItem\",\"position\":1,\"name\":\"Home\",\"item\":\"https:\/\/www.uni.lu\/de\/\"},{\"@type\":\"ListItem\",\"position\":2,\"name\":\"News\",\"item\":\"https:\/\/www.uni.lu\/de\/news\/\"},{\"@type\":\"ListItem\",\"position\":3,\"name\":\"Erbgro\u00dfherzogliches Paar trifft Studenten und Forscher der Universit\u00e4t\"}]},{\"@type\":\"WebSite\",\"@id\":\"https:\/\/www.uni.lu\/de\/#website\",\"url\":\"https:\/\/www.uni.lu\/de\/\",\"name\":\"Uni.lu\",\"description\":\"Universit\u00e4t Luxemburg\",\"publisher\":{\"@id\":\"https:\/\/www.uni.lu\/de\/#organization\"},\"alternateName\":\"Universit\u00e4t Luxemburg\",\"potentialAction\":[{\"@type\":\"SearchAction\",\"target\":{\"@type\":\"EntryPoint\",\"urlTemplate\":\"https:\/\/www.uni.lu\/de\/?s={search_term_string}\"},\"query-input\":\"required name=search_term_string\"}],\"inLanguage\":\"de-DE\"},{\"@type\":\"Organization\",\"@id\":\"https:\/\/www.uni.lu\/de\/#organization\",\"name\":\"Universit\u00e4t Luxemburg\",\"alternateName\":\"Uni.lu\",\"url\":\"https:\/\/www.uni.lu\/de\/\",\"logo\":{\"@type\":\"ImageObject\",\"inLanguage\":\"de-DE\",\"@id\":\"https:\/\/www.uni.lu\/de\/#\/schema\/logo\/image\/\",\"url\":\"https:\/\/www.uni.lu\/wp-content\/uploads\/sites\/10\/2026\/03\/03120000\/UNIV_SM-Profile_1600x1600px-scaled.jpg\",\"contentUrl\":\"https:\/\/www.uni.lu\/wp-content\/uploads\/sites\/10\/2026\/03\/03120000\/UNIV_SM-Profile_1600x1600px-scaled.jpg\",\"width\":2560,\"height\":2560,\"caption\":\"Universit\u00e4t Luxemburg\"},\"image\":\"https:\/\/www.uni.lu\/wp-content\/uploads\/sites\/10\/2026\/04\/24144329\/20200609-Belval-Campus_Henri-Goergen-23.jpg\",\"sameAs\":[\"https:\/\/www.facebook.com\/uni.lu\",\"https:\/\/www.linkedin.com\/school\/university-of-luxembourg\/\",\"https:\/\/www.instagram.com\/uni.lu\",\"https:\/\/www.youtube.com\/@uni_lu\",\"https:\/\/en.wikipedia.org\/wiki\/University_of_Luxembourg\"],\"email\":\"communication@uni.lu\",\"telephone\":\"+3524666441\",\"address\":{\"@type\":\"PostalAddress\",\"streetAddress\":\"2, place de l\u2019Universit\u00e9\",\"addressLocality\":\"Esch-sur-Alzette\",\"postalCode\":\"4365\",\"addressCountry\":\"LU\"},\"description\":\"Universit\u00e4t Luxemburg\"},{\"@type\":\"Person\",\"@id\":\"https:\/\/www.uni.lu\/de\/#\/schema\/person\/17dbc4a6ec9d969d266bcfb8d8e06279\",\"name\":\"Eunice\",\"image\":{\"@type\":\"ImageObject\",\"inLanguage\":\"de-DE\",\"@id\":\"https:\/\/www.uni.lu\/de\/#\/schema\/person\/image\/\",\"url\":\"https:\/\/secure.gravatar.com\/avatar\/dff9d86d63de4fa4c270ac204a61e8a8?s=96&d=mm&r=g\",\"contentUrl\":\"https:\/\/secure.gravatar.com\/avatar\/dff9d86d63de4fa4c270ac204a61e8a8?s=96&d=mm&r=g\",\"caption\":\"Eunice\"},\"birthDate\":\"1991-12-20\",\"gender\":\"female\",\"jobTitle\":\"Web editor\",\"worksFor\":\"University of Luxembourg\"}]}<\/script>\n<!-- \/ Yoast SEO Premium plugin. -->","yoast_head_json":{"title":"Erbgro\u00dfherzogliches Paar trifft Studenten und Forscher der Universit\u00e4t - Universit\u00e4t Luxemburg","description":"Ihre K\u00f6niglichen Hoheiten der Erbgro\u00dfherzog und die Erbgro\u00dfherzogin besuchten in Begleitung von St\u00e9phanie Obertin, Ministerin f\u00fcr Forschung und Hochschulwesen, den Universit\u00e4tscampus.","robots":{"index":"index","follow":"follow","max-snippet":"max-snippet:-1","max-image-preview":"max-image-preview:large","max-video-preview":"max-video-preview:-1"},"canonical":"https:\/\/www.uni.lu\/de\/news\/erbgrossherzogliches-paar-trifft-studenten-und-forscher-der-universitaet\/","og_locale":"de_DE","og_type":"article","og_title":"Erbgro\u00dfherzogliches Paar trifft Studenten und Forscher der Universit\u00e4t","og_description":"Ihre K\u00f6niglichen Hoheiten der Erbgro\u00dfherzog und die Erbgro\u00dfherzogin besuchten in Begleitung von St\u00e9phanie Obertin, Ministerin f\u00fcr Forschung und Hochschulwesen, den Universit\u00e4tscampus.","og_url":"https:\/\/www.uni.lu\/de\/news\/erbgrossherzogliches-paar-trifft-studenten-und-forscher-der-universitaet\/","og_site_name":"UNI DE","article_publisher":"https:\/\/www.facebook.com\/uni.lu","article_modified_time":"2025-03-25T15:21:53+00:00","og_image":[{"width":1280,"height":854,"url":"https:\/\/www.uni.lu\/wp-content\/uploads\/sites\/10\/2025\/03\/Visite_UniversiteduLuxembourg-12_Cour-Grand-Ducale.jpg","type":"image\/jpeg"}],"twitter_card":"summary_large_image","twitter_misc":{"Gesch\u00e4tzte Lesezeit":"1 Minute"},"schema":{"@context":"https:\/\/schema.org","@graph":[{"@type":"NewsArticle","@id":"https:\/\/www.uni.lu\/de\/news\/erbgrossherzogliches-paar-trifft-studenten-und-forscher-der-universitaet\/#article","isPartOf":{"@id":"https:\/\/www.uni.lu\/de\/news\/erbgrossherzogliches-paar-trifft-studenten-und-forscher-der-universitaet\/"},"author":{"name":"Eunice","@id":"https:\/\/www.uni.lu\/de\/#\/schema\/person\/17dbc4a6ec9d969d266bcfb8d8e06279"},"headline":"Erbgro\u00dfherzogliches Paar trifft Studenten und Forscher der Universit\u00e4t","datePublished":"2025-03-25T15:08:09+00:00","dateModified":"2025-03-25T15:21:53+00:00","mainEntityOfPage":{"@id":"https:\/\/www.uni.lu\/de\/news\/erbgrossherzogliches-paar-trifft-studenten-und-forscher-der-universitaet\/"},"wordCount":169,"publisher":{"@id":"https:\/\/www.uni.lu\/de\/#organization"},"image":{"@id":"https:\/\/www.uni.lu\/de\/news\/erbgrossherzogliches-paar-trifft-studenten-und-forscher-der-universitaet\/#primaryimage"},"thumbnailUrl":"https:\/\/www.uni.lu\/wp-content\/uploads\/sites\/10\/2025\/03\/Visite_UniversiteduLuxembourg-12_Cour-Grand-Ducale.jpg","inLanguage":"de-DE"},{"@type":"WebPage","@id":"https:\/\/www.uni.lu\/de\/news\/erbgrossherzogliches-paar-trifft-studenten-und-forscher-der-universitaet\/","url":"https:\/\/www.uni.lu\/de\/news\/erbgrossherzogliches-paar-trifft-studenten-und-forscher-der-universitaet\/","name":"Erbgro\u00dfherzogliches Paar trifft Studenten und Forscher der Universit\u00e4t - Universit\u00e4t Luxemburg","isPartOf":{"@id":"https:\/\/www.uni.lu\/de\/#website"},"primaryImageOfPage":{"@id":"https:\/\/www.uni.lu\/de\/news\/erbgrossherzogliches-paar-trifft-studenten-und-forscher-der-universitaet\/#primaryimage"},"image":{"@id":"https:\/\/www.uni.lu\/de\/news\/erbgrossherzogliches-paar-trifft-studenten-und-forscher-der-universitaet\/#primaryimage"},"thumbnailUrl":"https:\/\/www.uni.lu\/wp-content\/uploads\/sites\/10\/2025\/03\/Visite_UniversiteduLuxembourg-12_Cour-Grand-Ducale.jpg","datePublished":"2025-03-25T15:08:09+00:00","dateModified":"2025-03-25T15:21:53+00:00","description":"Ihre K\u00f6niglichen Hoheiten der Erbgro\u00dfherzog und die Erbgro\u00dfherzogin besuchten in Begleitung von St\u00e9phanie Obertin, Ministerin f\u00fcr Forschung und Hochschulwesen, den Universit\u00e4tscampus.","breadcrumb":{"@id":"https:\/\/www.uni.lu\/de\/news\/erbgrossherzogliches-paar-trifft-studenten-und-forscher-der-universitaet\/#breadcrumb"},"inLanguage":"de-DE","potentialAction":[{"@type":"ReadAction","target":["https:\/\/www.uni.lu\/de\/news\/erbgrossherzogliches-paar-trifft-studenten-und-forscher-der-universitaet\/"]}]},{"@type":"ImageObject","inLanguage":"de-DE","@id":"https:\/\/www.uni.lu\/de\/news\/erbgrossherzogliches-paar-trifft-studenten-und-forscher-der-universitaet\/#primaryimage","url":"https:\/\/www.uni.lu\/wp-content\/uploads\/sites\/10\/2025\/03\/Visite_UniversiteduLuxembourg-12_Cour-Grand-Ducale.jpg","contentUrl":"https:\/\/www.uni.lu\/wp-content\/uploads\/sites\/10\/2025\/03\/Visite_UniversiteduLuxembourg-12_Cour-Grand-Ducale.jpg","width":1280,"height":854,"caption":"Visite de l'Universit\u00e9 du Luxembourg"},{"@type":"BreadcrumbList","@id":"https:\/\/www.uni.lu\/de\/news\/erbgrossherzogliches-paar-trifft-studenten-und-forscher-der-universitaet\/#breadcrumb","itemListElement":[{"@type":"ListItem","position":1,"name":"Home","item":"https:\/\/www.uni.lu\/de\/"},{"@type":"ListItem","position":2,"name":"News","item":"https:\/\/www.uni.lu\/de\/news\/"},{"@type":"ListItem","position":3,"name":"Erbgro\u00dfherzogliches Paar trifft Studenten und Forscher der Universit\u00e4t"}]},{"@type":"WebSite","@id":"https:\/\/www.uni.lu\/de\/#website","url":"https:\/\/www.uni.lu\/de\/","name":"Uni.lu","description":"Universit\u00e4t Luxemburg","publisher":{"@id":"https:\/\/www.uni.lu\/de\/#organization"},"alternateName":"Universit\u00e4t Luxemburg","potentialAction":[{"@type":"SearchAction","target":{"@type":"EntryPoint","urlTemplate":"https:\/\/www.uni.lu\/de\/?s={search_term_string}"},"query-input":"required name=search_term_string"}],"inLanguage":"de-DE"},{"@type":"Organization","@id":"https:\/\/www.uni.lu\/de\/#organization","name":"Universit\u00e4t Luxemburg","alternateName":"Uni.lu","url":"https:\/\/www.uni.lu\/de\/","logo":{"@type":"ImageObject","inLanguage":"de-DE","@id":"https:\/\/www.uni.lu\/de\/#\/schema\/logo\/image\/","url":"https:\/\/www.uni.lu\/wp-content\/uploads\/sites\/10\/2026\/03\/03120000\/UNIV_SM-Profile_1600x1600px-scaled.jpg","contentUrl":"https:\/\/www.uni.lu\/wp-content\/uploads\/sites\/10\/2026\/03\/03120000\/UNIV_SM-Profile_1600x1600px-scaled.jpg","width":2560,"height":2560,"caption":"Universit\u00e4t Luxemburg"},"image":"https:\/\/www.uni.lu\/wp-content\/uploads\/sites\/10\/2026\/04\/24144329\/20200609-Belval-Campus_Henri-Goergen-23.jpg","sameAs":["https:\/\/www.facebook.com\/uni.lu","https:\/\/www.linkedin.com\/school\/university-of-luxembourg\/","https:\/\/www.instagram.com\/uni.lu","https:\/\/www.youtube.com\/@uni_lu","https:\/\/en.wikipedia.org\/wiki\/University_of_Luxembourg"],"email":"communication@uni.lu","telephone":"+3524666441","address":{"@type":"PostalAddress","streetAddress":"2, place de l\u2019Universit\u00e9","addressLocality":"Esch-sur-Alzette","postalCode":"4365","addressCountry":"LU"},"description":"Universit\u00e4t Luxemburg"},{"@type":"Person","@id":"https:\/\/www.uni.lu\/de\/#\/schema\/person\/17dbc4a6ec9d969d266bcfb8d8e06279","name":"Eunice","image":{"@type":"ImageObject","inLanguage":"de-DE","@id":"https:\/\/www.uni.lu\/de\/#\/schema\/person\/image\/","url":"https:\/\/secure.gravatar.com\/avatar\/dff9d86d63de4fa4c270ac204a61e8a8?s=96&d=mm&r=g","contentUrl":"https:\/\/secure.gravatar.com\/avatar\/dff9d86d63de4fa4c270ac204a61e8a8?s=96&d=mm&r=g","caption":"Eunice"},"birthDate":"1991-12-20","gender":"female","jobTitle":"Web editor","worksFor":"University of Luxembourg"}]}},"blog_id":10,"_links":{"self":[{"href":"https:\/\/www.uni.lu\/de\/wp-json\/wp\/v2\/news\/6399"}],"collection":[{"href":"https:\/\/www.uni.lu\/de\/wp-json\/wp\/v2\/news"}],"about":[{"href":"https:\/\/www.uni.lu\/de\/wp-json\/wp\/v2\/types\/news"}],"author":[{"embeddable":true,"href":"https:\/\/www.uni.lu\/de\/wp-json\/wp\/v2\/users\/44"}],"version-history":[{"count":3,"href":"https:\/\/www.uni.lu\/de\/wp-json\/wp\/v2\/news\/6399\/revisions"}],"predecessor-version":[{"id":6411,"href":"https:\/\/www.uni.lu\/de\/wp-json\/wp\/v2\/news\/6399\/revisions\/6411"}],"wp:authorship":[{"embeddable":true,"href":"https:\/\/www.uni.lu\/de\/wp-json\/wp\/v2\/users\/44"},{"embeddable":true,"href":"https:\/\/www.uni.lu\/de\/wp-json\/wp\/v2\/users\/311"}],"wp:featuredmedia":[{"embeddable":true,"href":"https:\/\/www.uni.lu\/de\/wp-json\/wp\/v2\/media\/6400"}],"wp:attachment":[{"href":"https:\/\/www.uni.lu\/de\/wp-json\/wp\/v2\/media?parent=6399"}],"wp:term":[{"taxonomy":"news-category","embeddable":true,"href":"https:\/\/www.uni.lu\/de\/wp-json\/wp\/v2\/news-category?post=6399"},{"taxonomy":"news-topic","embeddable":true,"href":"https:\/\/www.uni.lu\/de\/wp-json\/wp\/v2\/news-topic?post=6399"},{"taxonomy":"organisation","embeddable":true,"href":"https:\/\/www.uni.lu\/de\/wp-json\/wp\/v2\/organisation?post=6399"}],"curies":[{"name":"wp","href":"https:\/\/api.w.org\/{rel}","templated":true}]}}