{"id":6238,"date":"2025-03-12T08:27:57","date_gmt":"2025-03-12T07:27:57","guid":{"rendered":"https:\/\/www.uni.lu\/de\/?post_type=news&#038;p=6238"},"modified":"2025-03-12T08:27:57","modified_gmt":"2025-03-12T07:27:57","slug":"democracy-and-youth-in-the-digital-age-wissenschaftliche-konferenz","status":"publish","type":"news","link":"https:\/\/www.uni.lu\/de\/news\/democracy-and-youth-in-the-digital-age-wissenschaftliche-konferenz\/","title":{"rendered":"\u201eDemocracy and Youth in the Digital Age\u201c, die wissenschaftliche Konferenz f\u00fcr alle"},"content":{"rendered":"\n<section class=\"wp-block-unilux-blocks-free-section section\"><div class=\"container xl:max-w-screen-xl\">\n<p>In einer Zeit, in der Online-Spheren und k\u00fcnstliche Intelligenz den politischen Diskurs und das politische Engagement zunehmend pr\u00e4gen, ist es wichtig zu verstehen, wie moderne Technologien das politische Bewusstsein, den Aktivismus und die Bildung der politischen Identit\u00e4t junger Menschen beeinflussen.&nbsp;<\/p>\n\n\n\n<p>Um die Kluft zwischen Forschung und realem Alltag zu \u00fcberbr\u00fccken, bringt die Konferenz <a href=\"https:\/\/www.uni.lu\/en\/conferences\/democracy-and-youth-in-the-digital-age\/\" target=\"_blank\" rel=\"noreferrer noopener\">\u201eDemocracy and Youth in the Digital Age\u201c<\/a> Forscher, politische Entscheidungstr\u00e4ger, Aktivisten und P\u00e4dagogen zusammen. Experten aus verschiedenen Bereichen werden sich jeweils mit einem kritischen Aspekt der Demokratie und des Engagements der Jugend im digitalen Zeitalter befassen:&nbsp;<\/p>\n\n\n\n<ul class=\"ulux-list\">\n<li class=\"ulux-list-item\">Fragmentation versus participation: The public sphere in digital age, geleitet von Prof. Robin Samuel<\/li>\n\n\n\n<li class=\"ulux-list-item\">Parliamentary democracy versus activism: Techniques of engagement, geleitet von Prof. Stefan Braum&nbsp;<\/li>\n\n\n\n<li class=\"ulux-list-item\">Truth versus trust: Affective politics after the end of argument, geleitet von Prof. Anna-Lena H\u00f6genauer<\/li>\n\n\n\n<li class=\"ulux-list-item\">Memory versus history: Imagined identities and ethical claims, geleitet von Prof. Andrea Binsfeld&nbsp;<\/li>\n\n\n\n<li class=\"ulux-list-item\">Gaming versus explaining? The future of political education, geleitet von Prof. Pedro Cardoso-Leite<\/li>\n\n\n\n<li class=\"ulux-list-item\">Cultures of democracy: Political narratives and forms of representation, geleitet von Matja Gruden, Direktor f\u00fcr Democratie am Europarat<\/li>\n<\/ul>\n\n\n\n<ul class=\"wp-block-unilux-blocks-button-list-v2\">\n<li class=\"wp-block-unilux-blocks-button-list-item-v2\"><a class=\"quick-link\" href=\"https:\/\/www.uni.lu\/en\/conferences\/democracy-and-youth-in-the-digital-age\/\" target=\"\" role=\"link\" rel=\"noopener\" tabindex=\"0\"><span class=\"quick-link__container\">\n<div class=\"wp-block-unilux-blocks-block-inserter quick-link__img\">\n<div class=\"icon--secondary icon--secondary-2 icon--lg wp-block-unilux-blocks-icon-picker\">\n    <svg aria-hidden=\"true\" focusable=\"false\" class=\"icon icon-solid icon--info \"><use xlink:href=\"https:\/\/www.uni.lu\/wp-content\/themes\/unilux-theme\/assets\/images\/icons\/icons-solid.svg#icon--info\"><\/use><\/svg><\/div><\/div>\n\n\n\n<span class=\"quick-link__name wp-block-unilux-blocks-plain-text\">Weitere Informationen \u00fcber die Konferenz (EN)<\/span>\n\n<svg aria-hidden=\"true\" focusable=\"false\" class=\"icon icon-outline icon--arrow-right \"><use xlink:href=\"https:\/\/www.uni.lu\/wp-content\/themes\/unilux-theme\/assets\/images\/icons\/icons-outline.svg#icon--arrow-right\"><\/use><\/svg><\/span><\/a><\/li>\n<\/ul>\n\n\n<div class=\"wp-block-unilux-blocks-spacer is-spacer-size-sm\"><\/div>\n\n\n<h2 class=\"has-text-align-left wp-block-unilux-blocks-heading\"        id=\"sie-koennen-nicht-an-den-drei-tagen-teilnehmen\"\n    >\n<strong>Sie k\u00f6nnen nicht an den drei Tagen teilnehmen?<\/strong>\u00a0<\/h2>\n\n\n\n<p>Die Keynoterede von Prof. Alain Berset, Generalsekret\u00e4r des Europarats, sowie der letzte Teil mit der Zusammenfassung jedes Panelvorsitzenden und des Rundtisches werden auf der Youtube-Seite der Universit\u00e4t \u00fcbertragen.<\/p>\n\n\n\n<div class=\"wp-block-columns is-layout-flex wp-block-columns-is-layout-flex\">\n<div class=\"wp-block-column is-layout-flow wp-block-column-is-layout-flow\">\n<ul class=\"wp-block-unilux-blocks-custom-buttons btn-list\"><li class=\"wp-block-unilux-blocks-custom-button\"    aria-disabled=\"false\"\n    >\n    <a\n        role=\"link\"\n        aria-disabled=\"false\"\n                    href=\"https:\/\/www.youtube.com\/live\/ltbSHT-TQH0\"\n                target=\"_self\"\n        class=\"btn btn--primary\"\n            > Sehen Sie sich die Er\u00f6ffnungssitzung am 19. M\u00e4rz auf Youtube an<\/a>\n<\/li>\n<\/ul>\n<\/div>\n\n\n\n<div class=\"wp-block-column is-layout-flow wp-block-column-is-layout-flow\">\n<ul class=\"wp-block-unilux-blocks-custom-buttons btn-list\"><li class=\"wp-block-unilux-blocks-custom-button\"    aria-disabled=\"false\"\n    >\n    <a\n        role=\"link\"\n        aria-disabled=\"false\"\n                    href=\"https:\/\/www.youtube.com\/live\/hqw1nfGaG1c\"\n                target=\"_self\"\n        class=\"btn btn--primary\"\n            >Sehen Sie sich die letzte Sitzung am 21. M\u00e4rz auf Youtube an<\/a>\n<\/li>\n<\/ul>\n<\/div>\n<\/div>\n\n\n\n<h2 class=\"has-text-align-left wp-block-unilux-blocks-heading\"        id=\"technologische-entwicklungen-und-politische-partizipation\"\n    >\nT<strong>echnologische Entwicklungen und politische Partizipation<\/strong><\/h2>\n\n\n\n<p>Die Konferenz wird im Rahmen des luxemburgischen Vorsitzes im Ministerkomitee des Europarats organisiert und zielt darauf ab, konkrete L\u00f6sungen f\u00fcr die Herausforderungen und Chancen der politischen Partizipation von Jugendlichen im digitalen Zeitalter zu entwickeln.<\/p>\n<\/div><\/section>\n","protected":false},"excerpt":{"rendered":"","protected":false},"author":341,"featured_media":6239,"template":"","format":"standard","meta":{"featured_image_focal_point":[],"show_featured_caption":false,"ulux_newsletter_groups":"","uluxPostTitle":"","uluxPrePostTitle":"","_trash_the_other_posts":false,"_price":"","_stock":"","_tribe_ticket_header":"","_tribe_default_ticket_provider":"","_tribe_ticket_capacity":"0","_ticket_start_date":"","_ticket_end_date":"","_tribe_ticket_show_description":"","_tribe_ticket_show_not_going":false,"_tribe_ticket_use_global_stock":"","_tribe_ticket_global_stock_level":"","_global_stock_mode":"","_global_stock_cap":"","_tribe_rsvp_for_event":"","_tribe_ticket_going_count":"","_tribe_ticket_not_going_count":"","_tribe_tickets_list":"[]","_tribe_ticket_has_attendee_info_fields":false},"news-category":[7],"news-topic":[12,17],"organisation":[],"authorship":[341],"acf":[],"yoast_head":"<!-- This site is optimized with the Yoast SEO Premium plugin v22.3 (Yoast SEO v22.3) - https:\/\/yoast.com\/wordpress\/plugins\/seo\/ -->\n<title>\u201eDemocracy and Youth in the Digital Age\u201c, die wissenschaftliche Konferenz f\u00fcr alle - Universit\u00e4t Luxemburg<\/title>\n<meta name=\"description\" content=\"In einer Zeit, in der Online-Spheren und k\u00fcnstliche Intelligenz den politischen Diskurs und das politische Engagement zunehmend pr\u00e4gen, ist es wichtig zu\" \/>\n<meta name=\"robots\" content=\"index, follow, max-snippet:-1, max-image-preview:large, max-video-preview:-1\" \/>\n<link rel=\"canonical\" href=\"https:\/\/www.uni.lu\/de\/news\/democracy-and-youth-in-the-digital-age-wissenschaftliche-konferenz\/\" \/>\n<meta property=\"og:locale\" content=\"de_DE\" \/>\n<meta property=\"og:type\" content=\"article\" \/>\n<meta property=\"og:title\" content=\"\u201eDemocracy and Youth in the Digital Age\u201c, die wissenschaftliche Konferenz f\u00fcr alle\" \/>\n<meta property=\"og:description\" content=\"In einer Zeit, in der Online-Spheren und k\u00fcnstliche Intelligenz den politischen Diskurs und das politische Engagement zunehmend pr\u00e4gen, ist es wichtig zu\" \/>\n<meta property=\"og:url\" content=\"https:\/\/www.uni.lu\/de\/news\/democracy-and-youth-in-the-digital-age-wissenschaftliche-konferenz\/\" \/>\n<meta property=\"og:site_name\" content=\"UNI DE\" \/>\n<meta property=\"article:publisher\" content=\"https:\/\/www.facebook.com\/uni.lu\" \/>\n<meta property=\"og:image\" content=\"https:\/\/www.uni.lu\/wp-content\/uploads\/sites\/10\/2025\/03\/Democracy-and-Youth-in-the-Digital-Age-Hero-image_Sep2024.jpg\" \/>\n\t<meta property=\"og:image:width\" content=\"2000\" \/>\n\t<meta property=\"og:image:height\" content=\"1000\" \/>\n\t<meta property=\"og:image:type\" content=\"image\/jpeg\" \/>\n<meta name=\"twitter:card\" content=\"summary_large_image\" \/>\n<meta name=\"twitter:label1\" content=\"Gesch\u00e4tzte Lesezeit\" \/>\n\t<meta name=\"twitter:data1\" content=\"2 Minuten\" \/>\n<script type=\"application\/ld+json\" class=\"yoast-schema-graph\">{\"@context\":\"https:\/\/schema.org\",\"@graph\":[{\"@type\":\"NewsArticle\",\"@id\":\"https:\/\/www.uni.lu\/de\/news\/democracy-and-youth-in-the-digital-age-wissenschaftliche-konferenz\/#article\",\"isPartOf\":{\"@id\":\"https:\/\/www.uni.lu\/de\/news\/democracy-and-youth-in-the-digital-age-wissenschaftliche-konferenz\/\"},\"author\":{\"name\":\"Catherine Clesse\",\"@id\":\"https:\/\/www.uni.lu\/de\/#\/schema\/person\/67d3defa53981502bf9cddb74a850c08\"},\"headline\":\"\u201eDemocracy and Youth in the Digital Age\u201c, die wissenschaftliche Konferenz f\u00fcr alle\",\"datePublished\":\"2025-03-12T07:27:57+00:00\",\"dateModified\":\"2025-03-12T07:27:57+00:00\",\"mainEntityOfPage\":{\"@id\":\"https:\/\/www.uni.lu\/de\/news\/democracy-and-youth-in-the-digital-age-wissenschaftliche-konferenz\/\"},\"wordCount\":265,\"publisher\":{\"@id\":\"https:\/\/www.uni.lu\/de\/#organization\"},\"image\":{\"@id\":\"https:\/\/www.uni.lu\/de\/news\/democracy-and-youth-in-the-digital-age-wissenschaftliche-konferenz\/#primaryimage\"},\"thumbnailUrl\":\"https:\/\/www.uni.lu\/wp-content\/uploads\/sites\/10\/2025\/03\/Democracy-and-Youth-in-the-Digital-Age-Hero-image_Sep2024.jpg\",\"inLanguage\":\"de-DE\"},{\"@type\":\"WebPage\",\"@id\":\"https:\/\/www.uni.lu\/de\/news\/democracy-and-youth-in-the-digital-age-wissenschaftliche-konferenz\/\",\"url\":\"https:\/\/www.uni.lu\/de\/news\/democracy-and-youth-in-the-digital-age-wissenschaftliche-konferenz\/\",\"name\":\"\u201eDemocracy and Youth in the Digital Age\u201c, die wissenschaftliche Konferenz f\u00fcr alle - Universit\u00e4t Luxemburg\",\"isPartOf\":{\"@id\":\"https:\/\/www.uni.lu\/de\/#website\"},\"primaryImageOfPage\":{\"@id\":\"https:\/\/www.uni.lu\/de\/news\/democracy-and-youth-in-the-digital-age-wissenschaftliche-konferenz\/#primaryimage\"},\"image\":{\"@id\":\"https:\/\/www.uni.lu\/de\/news\/democracy-and-youth-in-the-digital-age-wissenschaftliche-konferenz\/#primaryimage\"},\"thumbnailUrl\":\"https:\/\/www.uni.lu\/wp-content\/uploads\/sites\/10\/2025\/03\/Democracy-and-Youth-in-the-Digital-Age-Hero-image_Sep2024.jpg\",\"datePublished\":\"2025-03-12T07:27:57+00:00\",\"dateModified\":\"2025-03-12T07:27:57+00:00\",\"description\":\"In einer Zeit, in der Online-Spheren und k\u00fcnstliche Intelligenz den politischen Diskurs und das politische Engagement zunehmend pr\u00e4gen, ist es wichtig zu\",\"breadcrumb\":{\"@id\":\"https:\/\/www.uni.lu\/de\/news\/democracy-and-youth-in-the-digital-age-wissenschaftliche-konferenz\/#breadcrumb\"},\"inLanguage\":\"de-DE\",\"potentialAction\":[{\"@type\":\"ReadAction\",\"target\":[\"https:\/\/www.uni.lu\/de\/news\/democracy-and-youth-in-the-digital-age-wissenschaftliche-konferenz\/\"]}]},{\"@type\":\"ImageObject\",\"inLanguage\":\"de-DE\",\"@id\":\"https:\/\/www.uni.lu\/de\/news\/democracy-and-youth-in-the-digital-age-wissenschaftliche-konferenz\/#primaryimage\",\"url\":\"https:\/\/www.uni.lu\/wp-content\/uploads\/sites\/10\/2025\/03\/Democracy-and-Youth-in-the-Digital-Age-Hero-image_Sep2024.jpg\",\"contentUrl\":\"https:\/\/www.uni.lu\/wp-content\/uploads\/sites\/10\/2025\/03\/Democracy-and-Youth-in-the-Digital-Age-Hero-image_Sep2024.jpg\",\"width\":2000,\"height\":1000,\"caption\":\"Democracy and Youth in the Digital Age\"},{\"@type\":\"BreadcrumbList\",\"@id\":\"https:\/\/www.uni.lu\/de\/news\/democracy-and-youth-in-the-digital-age-wissenschaftliche-konferenz\/#breadcrumb\",\"itemListElement\":[{\"@type\":\"ListItem\",\"position\":1,\"name\":\"Home\",\"item\":\"https:\/\/www.uni.lu\/de\/\"},{\"@type\":\"ListItem\",\"position\":2,\"name\":\"News\",\"item\":\"https:\/\/www.uni.lu\/de\/news\/\"},{\"@type\":\"ListItem\",\"position\":3,\"name\":\"\u201eDemocracy and Youth in the Digital Age\u201c, die wissenschaftliche Konferenz f\u00fcr alle\"}]},{\"@type\":\"WebSite\",\"@id\":\"https:\/\/www.uni.lu\/de\/#website\",\"url\":\"https:\/\/www.uni.lu\/de\/\",\"name\":\"Uni.lu\",\"description\":\"Universit\u00e4t Luxemburg\",\"publisher\":{\"@id\":\"https:\/\/www.uni.lu\/de\/#organization\"},\"alternateName\":\"Universit\u00e4t Luxemburg\",\"potentialAction\":[{\"@type\":\"SearchAction\",\"target\":{\"@type\":\"EntryPoint\",\"urlTemplate\":\"https:\/\/www.uni.lu\/de\/?s={search_term_string}\"},\"query-input\":\"required name=search_term_string\"}],\"inLanguage\":\"de-DE\"},{\"@type\":\"Organization\",\"@id\":\"https:\/\/www.uni.lu\/de\/#organization\",\"name\":\"Universit\u00e4t Luxemburg\",\"alternateName\":\"Uni.lu\",\"url\":\"https:\/\/www.uni.lu\/de\/\",\"logo\":{\"@type\":\"ImageObject\",\"inLanguage\":\"de-DE\",\"@id\":\"https:\/\/www.uni.lu\/de\/#\/schema\/logo\/image\/\",\"url\":\"https:\/\/www.uni.lu\/wp-content\/uploads\/sites\/10\/2026\/03\/03120000\/UNIV_SM-Profile_1600x1600px-scaled.jpg\",\"contentUrl\":\"https:\/\/www.uni.lu\/wp-content\/uploads\/sites\/10\/2026\/03\/03120000\/UNIV_SM-Profile_1600x1600px-scaled.jpg\",\"width\":2560,\"height\":2560,\"caption\":\"Universit\u00e4t Luxemburg\"},\"image\":\"https:\/\/www.uni.lu\/wp-content\/uploads\/sites\/10\/2026\/04\/24144329\/20200609-Belval-Campus_Henri-Goergen-23.jpg\",\"sameAs\":[\"https:\/\/www.facebook.com\/uni.lu\",\"https:\/\/www.linkedin.com\/school\/university-of-luxembourg\/\",\"https:\/\/www.instagram.com\/uni.lu\",\"https:\/\/www.youtube.com\/@uni_lu\",\"https:\/\/en.wikipedia.org\/wiki\/University_of_Luxembourg\"],\"email\":\"communication@uni.lu\",\"telephone\":\"+3524666441\",\"address\":{\"@type\":\"PostalAddress\",\"streetAddress\":\"2, place de l\u2019Universit\u00e9\",\"addressLocality\":\"Esch-sur-Alzette\",\"postalCode\":\"4365\",\"addressCountry\":\"LU\"},\"description\":\"Universit\u00e4t Luxemburg\"},{\"@type\":\"Person\",\"@id\":\"https:\/\/www.uni.lu\/de\/#\/schema\/person\/67d3defa53981502bf9cddb74a850c08\",\"name\":\"Catherine Clesse\",\"image\":{\"@type\":\"ImageObject\",\"inLanguage\":\"de-DE\",\"@id\":\"https:\/\/www.uni.lu\/de\/#\/schema\/person\/image\/\",\"url\":\"https:\/\/secure.gravatar.com\/avatar\/6a2e15a24f9036a6aee8753304e46c2d?s=96&d=mm&r=g\",\"contentUrl\":\"https:\/\/secure.gravatar.com\/avatar\/6a2e15a24f9036a6aee8753304e46c2d?s=96&d=mm&r=g\",\"caption\":\"Catherine Clesse\"}}]}<\/script>\n<!-- \/ Yoast SEO Premium plugin. -->","yoast_head_json":{"title":"\u201eDemocracy and Youth in the Digital Age\u201c, die wissenschaftliche Konferenz f\u00fcr alle - Universit\u00e4t Luxemburg","description":"In einer Zeit, in der Online-Spheren und k\u00fcnstliche Intelligenz den politischen Diskurs und das politische Engagement zunehmend pr\u00e4gen, ist es wichtig zu","robots":{"index":"index","follow":"follow","max-snippet":"max-snippet:-1","max-image-preview":"max-image-preview:large","max-video-preview":"max-video-preview:-1"},"canonical":"https:\/\/www.uni.lu\/de\/news\/democracy-and-youth-in-the-digital-age-wissenschaftliche-konferenz\/","og_locale":"de_DE","og_type":"article","og_title":"\u201eDemocracy and Youth in the Digital Age\u201c, die wissenschaftliche Konferenz f\u00fcr alle","og_description":"In einer Zeit, in der Online-Spheren und k\u00fcnstliche Intelligenz den politischen Diskurs und das politische Engagement zunehmend pr\u00e4gen, ist es wichtig zu","og_url":"https:\/\/www.uni.lu\/de\/news\/democracy-and-youth-in-the-digital-age-wissenschaftliche-konferenz\/","og_site_name":"UNI DE","article_publisher":"https:\/\/www.facebook.com\/uni.lu","og_image":[{"width":2000,"height":1000,"url":"https:\/\/www.uni.lu\/wp-content\/uploads\/sites\/10\/2025\/03\/Democracy-and-Youth-in-the-Digital-Age-Hero-image_Sep2024.jpg","type":"image\/jpeg"}],"twitter_card":"summary_large_image","twitter_misc":{"Gesch\u00e4tzte Lesezeit":"2 Minuten"},"schema":{"@context":"https:\/\/schema.org","@graph":[{"@type":"NewsArticle","@id":"https:\/\/www.uni.lu\/de\/news\/democracy-and-youth-in-the-digital-age-wissenschaftliche-konferenz\/#article","isPartOf":{"@id":"https:\/\/www.uni.lu\/de\/news\/democracy-and-youth-in-the-digital-age-wissenschaftliche-konferenz\/"},"author":{"name":"Catherine Clesse","@id":"https:\/\/www.uni.lu\/de\/#\/schema\/person\/67d3defa53981502bf9cddb74a850c08"},"headline":"\u201eDemocracy and Youth in the Digital Age\u201c, die wissenschaftliche Konferenz f\u00fcr alle","datePublished":"2025-03-12T07:27:57+00:00","dateModified":"2025-03-12T07:27:57+00:00","mainEntityOfPage":{"@id":"https:\/\/www.uni.lu\/de\/news\/democracy-and-youth-in-the-digital-age-wissenschaftliche-konferenz\/"},"wordCount":265,"publisher":{"@id":"https:\/\/www.uni.lu\/de\/#organization"},"image":{"@id":"https:\/\/www.uni.lu\/de\/news\/democracy-and-youth-in-the-digital-age-wissenschaftliche-konferenz\/#primaryimage"},"thumbnailUrl":"https:\/\/www.uni.lu\/wp-content\/uploads\/sites\/10\/2025\/03\/Democracy-and-Youth-in-the-Digital-Age-Hero-image_Sep2024.jpg","inLanguage":"de-DE"},{"@type":"WebPage","@id":"https:\/\/www.uni.lu\/de\/news\/democracy-and-youth-in-the-digital-age-wissenschaftliche-konferenz\/","url":"https:\/\/www.uni.lu\/de\/news\/democracy-and-youth-in-the-digital-age-wissenschaftliche-konferenz\/","name":"\u201eDemocracy and Youth in the Digital Age\u201c, die wissenschaftliche Konferenz f\u00fcr alle - Universit\u00e4t Luxemburg","isPartOf":{"@id":"https:\/\/www.uni.lu\/de\/#website"},"primaryImageOfPage":{"@id":"https:\/\/www.uni.lu\/de\/news\/democracy-and-youth-in-the-digital-age-wissenschaftliche-konferenz\/#primaryimage"},"image":{"@id":"https:\/\/www.uni.lu\/de\/news\/democracy-and-youth-in-the-digital-age-wissenschaftliche-konferenz\/#primaryimage"},"thumbnailUrl":"https:\/\/www.uni.lu\/wp-content\/uploads\/sites\/10\/2025\/03\/Democracy-and-Youth-in-the-Digital-Age-Hero-image_Sep2024.jpg","datePublished":"2025-03-12T07:27:57+00:00","dateModified":"2025-03-12T07:27:57+00:00","description":"In einer Zeit, in der Online-Spheren und k\u00fcnstliche Intelligenz den politischen Diskurs und das politische Engagement zunehmend pr\u00e4gen, ist es wichtig zu","breadcrumb":{"@id":"https:\/\/www.uni.lu\/de\/news\/democracy-and-youth-in-the-digital-age-wissenschaftliche-konferenz\/#breadcrumb"},"inLanguage":"de-DE","potentialAction":[{"@type":"ReadAction","target":["https:\/\/www.uni.lu\/de\/news\/democracy-and-youth-in-the-digital-age-wissenschaftliche-konferenz\/"]}]},{"@type":"ImageObject","inLanguage":"de-DE","@id":"https:\/\/www.uni.lu\/de\/news\/democracy-and-youth-in-the-digital-age-wissenschaftliche-konferenz\/#primaryimage","url":"https:\/\/www.uni.lu\/wp-content\/uploads\/sites\/10\/2025\/03\/Democracy-and-Youth-in-the-Digital-Age-Hero-image_Sep2024.jpg","contentUrl":"https:\/\/www.uni.lu\/wp-content\/uploads\/sites\/10\/2025\/03\/Democracy-and-Youth-in-the-Digital-Age-Hero-image_Sep2024.jpg","width":2000,"height":1000,"caption":"Democracy and Youth in the Digital Age"},{"@type":"BreadcrumbList","@id":"https:\/\/www.uni.lu\/de\/news\/democracy-and-youth-in-the-digital-age-wissenschaftliche-konferenz\/#breadcrumb","itemListElement":[{"@type":"ListItem","position":1,"name":"Home","item":"https:\/\/www.uni.lu\/de\/"},{"@type":"ListItem","position":2,"name":"News","item":"https:\/\/www.uni.lu\/de\/news\/"},{"@type":"ListItem","position":3,"name":"\u201eDemocracy and Youth in the Digital Age\u201c, die wissenschaftliche Konferenz f\u00fcr alle"}]},{"@type":"WebSite","@id":"https:\/\/www.uni.lu\/de\/#website","url":"https:\/\/www.uni.lu\/de\/","name":"Uni.lu","description":"Universit\u00e4t Luxemburg","publisher":{"@id":"https:\/\/www.uni.lu\/de\/#organization"},"alternateName":"Universit\u00e4t Luxemburg","potentialAction":[{"@type":"SearchAction","target":{"@type":"EntryPoint","urlTemplate":"https:\/\/www.uni.lu\/de\/?s={search_term_string}"},"query-input":"required name=search_term_string"}],"inLanguage":"de-DE"},{"@type":"Organization","@id":"https:\/\/www.uni.lu\/de\/#organization","name":"Universit\u00e4t Luxemburg","alternateName":"Uni.lu","url":"https:\/\/www.uni.lu\/de\/","logo":{"@type":"ImageObject","inLanguage":"de-DE","@id":"https:\/\/www.uni.lu\/de\/#\/schema\/logo\/image\/","url":"https:\/\/www.uni.lu\/wp-content\/uploads\/sites\/10\/2026\/03\/03120000\/UNIV_SM-Profile_1600x1600px-scaled.jpg","contentUrl":"https:\/\/www.uni.lu\/wp-content\/uploads\/sites\/10\/2026\/03\/03120000\/UNIV_SM-Profile_1600x1600px-scaled.jpg","width":2560,"height":2560,"caption":"Universit\u00e4t Luxemburg"},"image":"https:\/\/www.uni.lu\/wp-content\/uploads\/sites\/10\/2026\/04\/24144329\/20200609-Belval-Campus_Henri-Goergen-23.jpg","sameAs":["https:\/\/www.facebook.com\/uni.lu","https:\/\/www.linkedin.com\/school\/university-of-luxembourg\/","https:\/\/www.instagram.com\/uni.lu","https:\/\/www.youtube.com\/@uni_lu","https:\/\/en.wikipedia.org\/wiki\/University_of_Luxembourg"],"email":"communication@uni.lu","telephone":"+3524666441","address":{"@type":"PostalAddress","streetAddress":"2, place de l\u2019Universit\u00e9","addressLocality":"Esch-sur-Alzette","postalCode":"4365","addressCountry":"LU"},"description":"Universit\u00e4t Luxemburg"},{"@type":"Person","@id":"https:\/\/www.uni.lu\/de\/#\/schema\/person\/67d3defa53981502bf9cddb74a850c08","name":"Catherine Clesse","image":{"@type":"ImageObject","inLanguage":"de-DE","@id":"https:\/\/www.uni.lu\/de\/#\/schema\/person\/image\/","url":"https:\/\/secure.gravatar.com\/avatar\/6a2e15a24f9036a6aee8753304e46c2d?s=96&d=mm&r=g","contentUrl":"https:\/\/secure.gravatar.com\/avatar\/6a2e15a24f9036a6aee8753304e46c2d?s=96&d=mm&r=g","caption":"Catherine Clesse"}}]}},"blog_id":10,"_links":{"self":[{"href":"https:\/\/www.uni.lu\/de\/wp-json\/wp\/v2\/news\/6238"}],"collection":[{"href":"https:\/\/www.uni.lu\/de\/wp-json\/wp\/v2\/news"}],"about":[{"href":"https:\/\/www.uni.lu\/de\/wp-json\/wp\/v2\/types\/news"}],"author":[{"embeddable":true,"href":"https:\/\/www.uni.lu\/de\/wp-json\/wp\/v2\/users\/341"}],"version-history":[{"count":2,"href":"https:\/\/www.uni.lu\/de\/wp-json\/wp\/v2\/news\/6238\/revisions"}],"predecessor-version":[{"id":6253,"href":"https:\/\/www.uni.lu\/de\/wp-json\/wp\/v2\/news\/6238\/revisions\/6253"}],"wp:authorship":[{"embeddable":true,"href":"https:\/\/www.uni.lu\/de\/wp-json\/wp\/v2\/users\/341"}],"wp:featuredmedia":[{"embeddable":true,"href":"https:\/\/www.uni.lu\/de\/wp-json\/wp\/v2\/media\/6239"}],"wp:attachment":[{"href":"https:\/\/www.uni.lu\/de\/wp-json\/wp\/v2\/media?parent=6238"}],"wp:term":[{"taxonomy":"news-category","embeddable":true,"href":"https:\/\/www.uni.lu\/de\/wp-json\/wp\/v2\/news-category?post=6238"},{"taxonomy":"news-topic","embeddable":true,"href":"https:\/\/www.uni.lu\/de\/wp-json\/wp\/v2\/news-topic?post=6238"},{"taxonomy":"organisation","embeddable":true,"href":"https:\/\/www.uni.lu\/de\/wp-json\/wp\/v2\/organisation?post=6238"}],"curies":[{"name":"wp","href":"https:\/\/api.w.org\/{rel}","templated":true}]}}